{"id":479092,"date":"2014-01-26T22:03:13","date_gmt":"2014-01-26T23:03:13","guid":{"rendered":"http:\/\/www.eldigitaldeasturias.com\/noticias\/?p=479092"},"modified":"2014-01-26T22:03:13","modified_gmt":"2014-01-26T23:03:13","slug":"el-real-madrid-toma-el-mando","status":"publish","type":"post","link":"https:\/\/www.eldigitaldeasturias.com\/noticias\/el-real-madrid-toma-el-mando\/","title":{"rendered":"El Real Madrid toma el mando"},"content":{"rendered":"<p><img loading=\"lazy\" decoding=\"async\" class=\"alignleft size-medium wp-image-479093\" alt=\"5876915w\" src=\"https:\/\/www.eldigitaldeasturias.com\/noticias\/wp-content\/uploads\/2014\/01\/5876915w-360x239.jpg\" width=\"360\" height=\"239\" \/>Madrid, 25 ene (EFE).- El Real Madrid tom\u00f3 el mando de la Liga despu\u00e9s de sacar adelante la visita del Granada (2-0) aunque de forma provisional, a expensas del futuro del Barcelona y el Atl\u00e9tico de Madrid, que el domingo se enfrentan al M\u00e1laga y Rayo Vallecano, en la vig\u00e9sima primera sesi\u00f3n del campeonato.<\/p>\n<p>La eventual ubicaci\u00f3n en la cima del conjunto de Carlo Ancelotti advierte una mejor\u00eda de aspecto del combinado blanco, pendiente de asentar el progreso en jornadas como la pr\u00f3xima. En San Mam\u00e9s, ante el Athletic.<\/p>\n<p>A falta de que el domingo reordene la clasificaci\u00f3n, el Valladolid tom\u00f3 aire a costa del desplome del Villarreal en el Nuevo Zorrilla mientras el argentino Juan Antonio Pizzi a\u00fan no es capaz de reconducir la din\u00e1mica del Valencia, que tropez\u00f3 contra el Espanyol en Mestalla (2-2). El Sevilla perdi\u00f3 en el S\u00e1nchez Pizju\u00e1n ante el Levante, en pleno impulso hacia las alturas (2-3).<\/p>\n<p>El Real Madrid se situ\u00f3 en la cima de la clasificaci\u00f3n a pesar de ofrecer una gris versi\u00f3n ante la visita del Granada. La solidez defensiva del cuadro de Ancelotti, que a\u00fan no ha encajado gol en lo que va de 2014, ha cambiado el talante blanco, que sac\u00f3 los tres puntos gracias a una acci\u00f3n individual de Cristiano Ronaldo y a una jugada del brasile\u00f1o Marcelo que finaliz\u00f3 el franc\u00e9s Karim Benzema.<\/p>\n<p>El conjunto madridista est\u00e1 en plena pelea por el liderato que ahora contempla y que divisa desde la lejan\u00eda el Valencia, incapaz de sobreponerse a su situaci\u00f3n.<\/p>\n<p>Venci\u00f3 al Levante en el debut de Pizzi pero suma ya tres jornadas sin ganar. Dos puntos de nueve posibles. En el ecuador de la tabla pero a seis de los lugares de descenso.<\/p>\n<p>Se sobrepuso el Valencia al gol inicial del colombiano Jhon Cordoba con el acierto de Paco Alc\u00e1cer y el brasile\u00f1o Jonas, pero un penalti cometido por el franc\u00e9s J\u00e9r\u00e9my Mathieu permiti\u00f3 que Sergio Garcia equilibrara el partido, evitara el triunfo local y regalara un punto al Espanyol de Javier Aguirre.<\/p>\n<p>El Villarreal dio un paso atr\u00e1s en Valladolid, donde perdi\u00f3 por 1-0. En plena carrera por la cuarta plaza y el sue\u00f1o de la Liga de Campeones, el conjunto de Marcelino ofreci\u00f3 su peor versi\u00f3n ante un adversario que se reanima con estos tres puntos.<\/p>\n<p>El gol de Jesus Rueda sac\u00f3 al Valladolid de los puestos de descenso. El cuadro de Jos\u00e9 Ignacio Mart\u00ednez cort\u00f3 una din\u00e1mica peligrosa. Su primer triunfo en el 2014 enterr\u00f3 una racha de cuatro partidos sin ganar y un punto de los doce \u00faltimos en juego.<\/p>\n<p>El Sevilla es otro de los pretendientes al cuarto lugar y que se estrell\u00f3 en la jornada. Tercer partido sin ganar del combinado de Unai Emery, que no perd\u00eda desde el pasado 2 de noviembre. Sostenido por el meta costarricense Keylor Navas, el Levante respondi\u00f3 con firmeza cada vez que el Sevilla tomaba ventaja en el marcador. David Barral, de penalti, igual\u00f3 el tanto de Coke. El checo Loukas Vyntra empat\u00f3 al anotado por el croata Ivan Rakitic, que minutos antes fall\u00f3 un penalti. El mozambique\u00f1o Simao dio el triunfo a Joaqu\u00edn Caparr\u00f3s, que volvi\u00f3 al Pizju\u00e1n.<\/p>\n<p>La jornada arranc\u00f3 el viernes con un nuevo descalabro del Betis, que sali\u00f3 sonrojado de Bala\u00eddos, ante el Celta (4-2). El Betis se aproxima cada vez m\u00e1s a la Segunda Divisi\u00f3n despu\u00e9s de perder ante el Celta de Vigo (4-2) en el debut como t\u00e9cnico verdiblanco del argentino Gabriel Calder\u00f3n, a quien le queda mucho trabajo por delante para obrar el milagro de evitar el descenso del conjunto sevillano.<\/p>\n<p>Se hunden los verdiblancos en el pozo y toma ox\u00edgeno el Celta, que se hace fuerte en Bala\u00eddos, donde no pierde desde el pasado nueve de noviembre, cuando el Rayo Vallecano destroz\u00f3 al equipo de Luis Enrique.<\/p>\n","protected":false},"excerpt":{"rendered":"<p>Madrid, 25 ene (EFE).- El Real Madrid tom\u00f3 el mando de la Liga despu\u00e9s de sacar adelante la visita del Granada (2-0) aunque de forma provisional, a expensas del futuro del Barcelona y el Atl\u00e9tico de Madrid, que el domingo se enfrentan al M\u00e1laga y Rayo Vallecano, en la vig\u00e9sima primera sesi\u00f3n del campeonato. La [&hellip;]<\/p>\n","protected":false},"author":1,"featured_media":1132184,"comment_status":"closed","ping_status":"open","sticky":false,"template":"","format":"standard","meta":{"footnotes":""},"categories":[1],"tags":[],"class_list":["post-479092","post","type-post","status-publish","format-standard","has-post-thumbnail","hentry","category-actualidad"],"aioseo_notices":[],"aioseo_head":"\n\t\t<!-- All in One SEO Pro 5.0.1 - aioseo.com -->\n\t<meta name=\"description\" content=\"Madrid, 25 ene (EFE).- El Real Madrid tom\u00f3 el mando de la Liga despu\u00e9s de sacar adelante la visita del Granada (2-0) aunque de forma provisional, a expensas del futuro del Barcelona y el Atl\u00e9tico de Madrid, que el domingo se enfrentan al M\u00e1laga y Rayo Vallecano, en la vig\u00e9sima primera sesi\u00f3n del campeonato. La\" \/>\n\t<meta name=\"robots\" content=\"max-image-preview:large\" \/>\n\t<meta name=\"author\" content=\"El Digital de Asturias\"\/>\n\t<meta name=\"google-site-verification\" content=\"UA-38556648-1\" \/>\n\t<meta name=\"msvalidate.01\" content=\"7dfe9f3f1b24437ab69f4f2559babe99\" \/>\n\t<meta name=\"keywords\" content=\"actualidad\" \/>\n\t<link rel=\"canonical\" href=\"https:\/\/www.eldigitaldeasturias.com\/noticias\/el-real-madrid-toma-el-mando\/\" \/>\n\t<meta name=\"generator\" content=\"All in One SEO Pro (AIOSEO) 5.0.1\" \/>\n\t\t<meta property=\"og:locale\" content=\"es_ES\" \/>\n\t\t<meta property=\"og:site_name\" content=\"El Digital de Asturias\" \/>\n\t\t<meta property=\"og:type\" content=\"article\" \/>\n\t\t<meta property=\"og:title\" content=\"El Real Madrid toma el mando - El Digital de Asturias\" \/>\n\t\t<meta property=\"og:description\" content=\"Madrid, 25 ene (EFE).- El Real Madrid tom\u00f3 el mando de la Liga despu\u00e9s de sacar adelante la visita del Granada (2-0) aunque de forma provisional, a expensas del futuro del Barcelona y el Atl\u00e9tico de Madrid, que el domingo se enfrentan al M\u00e1laga y Rayo Vallecano, en la vig\u00e9sima primera sesi\u00f3n del campeonato. La\" \/>\n\t\t<meta property=\"og:url\" content=\"https:\/\/www.eldigitaldeasturias.com\/noticias\/el-real-madrid-toma-el-mando\/\" \/>\n\t\t<meta property=\"og:image\" content=\"https:\/\/www.eldigitaldeasturias.com\/noticias\/wp-content\/uploads\/2026\/06\/Contenidos.jpg\" \/>\n\t\t<meta property=\"og:image:secure_url\" content=\"https:\/\/www.eldigitaldeasturias.com\/noticias\/wp-content\/uploads\/2026\/06\/Contenidos.jpg\" \/>\n\t\t<meta property=\"og:image:width\" content=\"1265\" \/>\n\t\t<meta property=\"og:image:height\" content=\"697\" \/>\n\t\t<meta property=\"article:tag\" content=\"actualidad\" \/>\n\t\t<meta property=\"article:published_time\" content=\"2014-01-26T23:03:13+00:00\" \/>\n\t\t<meta property=\"article:modified_time\" content=\"2014-01-26T23:03:13+00:00\" \/>\n\t\t<meta property=\"article:publisher\" content=\"https:\/\/facebook.com\/eldigitaldeasturias\" \/>\n\t\t<meta name=\"twitter:card\" content=\"summary_large_image\" \/>\n\t\t<meta name=\"twitter:title\" content=\"El Real Madrid toma el mando - El Digital de Asturias\" \/>\n\t\t<meta name=\"twitter:description\" content=\"Madrid, 25 ene (EFE).- El Real Madrid tom\u00f3 el mando de la Liga despu\u00e9s de sacar adelante la visita del Granada (2-0) aunque de forma provisional, a expensas del futuro del Barcelona y el Atl\u00e9tico de Madrid, que el domingo se enfrentan al M\u00e1laga y Rayo Vallecano, en la vig\u00e9sima primera sesi\u00f3n del campeonato. La\" \/>\n\t\t<meta name=\"twitter:image\" content=\"https:\/\/www.eldigitaldeasturias.com\/noticias\/wp-content\/uploads\/2026\/06\/Contenidos.jpg\" \/>\n\t\t<meta name=\"twitter:label1\" content=\"Escrito por\" \/>\n\t\t<meta name=\"twitter:data1\" content=\"El Digital de Asturias\" \/>\n\t\t<meta name=\"twitter:label2\" content=\"Tiempo de lectura estimado\" \/>\n\t\t<meta name=\"twitter:data2\" content=\"3 minutos\" \/>\n\t\t<script type=\"application\/ld+json\" class=\"aioseo-schema\">\n\t\t\t{\"@context\":\"https:\\\/\\\/schema.org\",\"@graph\":[{\"@type\":\"BlogPosting\",\"@id\":\"https:\\\/\\\/www.eldigitaldeasturias.com\\\/noticias\\\/el-real-madrid-toma-el-mando\\\/#blogposting\",\"name\":\"El Real Madrid toma el mando - El Digital de Asturias\",\"headline\":\"El Real Madrid toma el mando\",\"author\":{\"@id\":\"https:\\\/\\\/www.eldigitaldeasturias.com\\\/noticias\\\/author\\\/admin\\\/#author\"},\"publisher\":{\"@id\":\"https:\\\/\\\/www.eldigitaldeasturias.com\\\/noticias\\\/#organization\"},\"image\":{\"@type\":\"ImageObject\",\"url\":\"https:\\\/\\\/www.eldigitaldeasturias.com\\\/noticias\\\/wp-content\\\/uploads\\\/2026\\\/06\\\/Contenidos.jpg\",\"width\":1265,\"height\":697,\"caption\":\"Contenidos\"},\"datePublished\":\"2014-01-26T22:03:13+01:00\",\"dateModified\":\"2014-01-26T22:03:13+01:00\",\"inLanguage\":\"es-ES\",\"mainEntityOfPage\":{\"@id\":\"https:\\\/\\\/www.eldigitaldeasturias.com\\\/noticias\\\/el-real-madrid-toma-el-mando\\\/#webpage\"},\"isPartOf\":{\"@id\":\"https:\\\/\\\/www.eldigitaldeasturias.com\\\/noticias\\\/el-real-madrid-toma-el-mando\\\/#webpage\"},\"articleSection\":\"Actualidad\"},{\"@type\":\"BreadcrumbList\",\"@id\":\"https:\\\/\\\/www.eldigitaldeasturias.com\\\/noticias\\\/el-real-madrid-toma-el-mando\\\/#breadcrumblist\",\"itemListElement\":[{\"@type\":\"ListItem\",\"@id\":\"https:\\\/\\\/www.eldigitaldeasturias.com\\\/noticias#listItem\",\"position\":1,\"name\":\"Home\",\"item\":\"https:\\\/\\\/www.eldigitaldeasturias.com\\\/noticias\",\"nextItem\":{\"@type\":\"ListItem\",\"@id\":\"https:\\\/\\\/www.eldigitaldeasturias.com\\\/noticias\\\/category\\\/actualidad\\\/#listItem\",\"name\":\"Actualidad\"}},{\"@type\":\"ListItem\",\"@id\":\"https:\\\/\\\/www.eldigitaldeasturias.com\\\/noticias\\\/category\\\/actualidad\\\/#listItem\",\"position\":2,\"name\":\"Actualidad\",\"item\":\"https:\\\/\\\/www.eldigitaldeasturias.com\\\/noticias\\\/category\\\/actualidad\\\/\",\"nextItem\":{\"@type\":\"ListItem\",\"@id\":\"https:\\\/\\\/www.eldigitaldeasturias.com\\\/noticias\\\/el-real-madrid-toma-el-mando\\\/#listItem\",\"name\":\"El Real Madrid toma el mando\"},\"previousItem\":{\"@type\":\"ListItem\",\"@id\":\"https:\\\/\\\/www.eldigitaldeasturias.com\\\/noticias#listItem\",\"name\":\"Home\"}},{\"@type\":\"ListItem\",\"@id\":\"https:\\\/\\\/www.eldigitaldeasturias.com\\\/noticias\\\/el-real-madrid-toma-el-mando\\\/#listItem\",\"position\":3,\"name\":\"El Real Madrid toma el mando\",\"previousItem\":{\"@type\":\"ListItem\",\"@id\":\"https:\\\/\\\/www.eldigitaldeasturias.com\\\/noticias\\\/category\\\/actualidad\\\/#listItem\",\"name\":\"Actualidad\"}}]},{\"@type\":\"Organization\",\"@id\":\"https:\\\/\\\/www.eldigitaldeasturias.com\\\/noticias\\\/#organization\",\"name\":\"El Digital de Asturias\",\"description\":\"Hemeroteca\",\"url\":\"https:\\\/\\\/www.eldigitaldeasturias.com\\\/noticias\\\/\",\"email\":\"info@eldigitaldeasturias.com\",\"telephone\":\"+34652131393\",\"logo\":{\"@type\":\"ImageObject\",\"url\":\"https:\\\/\\\/www.eldigitaldeasturias.com\\\/noticias\\\/wp-content\\\/uploads\\\/2020\\\/12\\\/EDA.jpg\",\"@id\":\"https:\\\/\\\/www.eldigitaldeasturias.com\\\/noticias\\\/el-real-madrid-toma-el-mando\\\/#organizationLogo\"},\"image\":{\"@id\":\"https:\\\/\\\/www.eldigitaldeasturias.com\\\/noticias\\\/el-real-madrid-toma-el-mando\\\/#organizationLogo\"},\"sameAs\":[\"https:\\\/\\\/facebook.com\\\/eldigitaldeasturias\",\"https:\\\/\\\/www.youtube.com\\\/channel\\\/UCZP-2wLEB9Rv6erhFmqVnvg\"],\"address\":{\"@id\":\"https:\\\/\\\/www.eldigitaldeasturias.com\\\/noticias\\\/#postaladdress\",\"@type\":\"PostalAddress\",\"streetAddress\":\"san antonio 4\",\"postalCode\":\"33430\",\"addressLocality\":\"Cand\\u00e1s\",\"addressRegion\":\"Asturias\",\"addressCountry\":\"ES\"}},{\"@type\":\"Person\",\"@id\":\"https:\\\/\\\/www.eldigitaldeasturias.com\\\/noticias\\\/author\\\/admin\\\/#author\",\"url\":\"https:\\\/\\\/www.eldigitaldeasturias.com\\\/noticias\\\/author\\\/admin\\\/\",\"name\":\"El Digital de Asturias\",\"image\":{\"@type\":\"ImageObject\",\"@id\":\"https:\\\/\\\/www.eldigitaldeasturias.com\\\/noticias\\\/el-real-madrid-toma-el-mando\\\/#authorImage\",\"url\":\"https:\\\/\\\/secure.gravatar.com\\\/avatar\\\/df2aeffc32bcd13f8d26072ef8a91b623d677766deac7f97ca815868cd41bf5e?s=96&d=mm&r=g\",\"width\":96,\"height\":96,\"caption\":\"El Digital de Asturias\"}},{\"@type\":\"WebPage\",\"@id\":\"https:\\\/\\\/www.eldigitaldeasturias.com\\\/noticias\\\/el-real-madrid-toma-el-mando\\\/#webpage\",\"url\":\"https:\\\/\\\/www.eldigitaldeasturias.com\\\/noticias\\\/el-real-madrid-toma-el-mando\\\/\",\"name\":\"El Real Madrid toma el mando - El Digital de Asturias\",\"description\":\"Madrid, 25 ene (EFE).- El Real Madrid tom\\u00f3 el mando de la Liga despu\\u00e9s de sacar adelante la visita del Granada (2-0) aunque de forma provisional, a expensas del futuro del Barcelona y el Atl\\u00e9tico de Madrid, que el domingo se enfrentan al M\\u00e1laga y Rayo Vallecano, en la vig\\u00e9sima primera sesi\\u00f3n del campeonato. La\",\"inLanguage\":\"es-ES\",\"isPartOf\":{\"@id\":\"https:\\\/\\\/www.eldigitaldeasturias.com\\\/noticias\\\/#website\"},\"breadcrumb\":{\"@id\":\"https:\\\/\\\/www.eldigitaldeasturias.com\\\/noticias\\\/el-real-madrid-toma-el-mando\\\/#breadcrumblist\"},\"author\":{\"@id\":\"https:\\\/\\\/www.eldigitaldeasturias.com\\\/noticias\\\/author\\\/admin\\\/#author\"},\"creator\":{\"@id\":\"https:\\\/\\\/www.eldigitaldeasturias.com\\\/noticias\\\/author\\\/admin\\\/#author\"},\"image\":{\"@type\":\"ImageObject\",\"url\":\"https:\\\/\\\/www.eldigitaldeasturias.com\\\/noticias\\\/wp-content\\\/uploads\\\/2026\\\/06\\\/Contenidos.jpg\",\"@id\":\"https:\\\/\\\/www.eldigitaldeasturias.com\\\/noticias\\\/el-real-madrid-toma-el-mando\\\/#mainImage\",\"width\":1265,\"height\":697,\"caption\":\"Contenidos\"},\"primaryImageOfPage\":{\"@id\":\"https:\\\/\\\/www.eldigitaldeasturias.com\\\/noticias\\\/el-real-madrid-toma-el-mando\\\/#mainImage\"},\"datePublished\":\"2014-01-26T22:03:13+01:00\",\"dateModified\":\"2014-01-26T22:03:13+01:00\"},{\"@type\":\"WebSite\",\"@id\":\"https:\\\/\\\/www.eldigitaldeasturias.com\\\/noticias\\\/#website\",\"url\":\"https:\\\/\\\/www.eldigitaldeasturias.com\\\/noticias\\\/\",\"name\":\"El Digital de Asturias - Diario de actualidad y noticias\",\"alternateName\":\"El Digital de Asturias - Diario de actualidad y noticias\",\"description\":\"Hemeroteca\",\"inLanguage\":\"es-ES\",\"publisher\":{\"@id\":\"https:\\\/\\\/www.eldigitaldeasturias.com\\\/noticias\\\/#organization\"}}]}\n\t\t<\/script>\n\t\t<!-- All in One SEO Pro -->\r\n\t\t<title>El Real Madrid toma el mando - El Digital de Asturias<\/title>\n\n","aioseo_head_json":{"title":"El Real Madrid toma el mando - El Digital de Asturias","description":"Madrid, 25 ene (EFE).- El Real Madrid tom\u00f3 el mando de la Liga despu\u00e9s de sacar adelante la visita del Granada (2-0) aunque de forma provisional, a expensas del futuro del Barcelona y el Atl\u00e9tico de Madrid, que el domingo se enfrentan al M\u00e1laga y Rayo Vallecano, en la vig\u00e9sima primera sesi\u00f3n del campeonato. La","canonical_url":"https:\/\/www.eldigitaldeasturias.com\/noticias\/el-real-madrid-toma-el-mando\/","robots":"max-image-preview:large","keywords":"actualidad","webmasterTools":{"google-site-verification":"UA-38556648-1","msvalidate.01":"7dfe9f3f1b24437ab69f4f2559babe99","miscellaneous":""},"schema":{"@context":"https:\/\/schema.org","@graph":[{"@type":"BlogPosting","@id":"https:\/\/www.eldigitaldeasturias.com\/noticias\/el-real-madrid-toma-el-mando\/#blogposting","name":"El Real Madrid toma el mando - El Digital de Asturias","headline":"El Real Madrid toma el mando","author":{"@id":"https:\/\/www.eldigitaldeasturias.com\/noticias\/author\/admin\/#author"},"publisher":{"@id":"https:\/\/www.eldigitaldeasturias.com\/noticias\/#organization"},"image":{"@type":"ImageObject","url":"https:\/\/www.eldigitaldeasturias.com\/noticias\/wp-content\/uploads\/2026\/06\/Contenidos.jpg","width":1265,"height":697,"caption":"Contenidos"},"datePublished":"2014-01-26T22:03:13+01:00","dateModified":"2014-01-26T22:03:13+01:00","inLanguage":"es-ES","mainEntityOfPage":{"@id":"https:\/\/www.eldigitaldeasturias.com\/noticias\/el-real-madrid-toma-el-mando\/#webpage"},"isPartOf":{"@id":"https:\/\/www.eldigitaldeasturias.com\/noticias\/el-real-madrid-toma-el-mando\/#webpage"},"articleSection":"Actualidad"},{"@type":"BreadcrumbList","@id":"https:\/\/www.eldigitaldeasturias.com\/noticias\/el-real-madrid-toma-el-mando\/#breadcrumblist","itemListElement":[{"@type":"ListItem","@id":"https:\/\/www.eldigitaldeasturias.com\/noticias#listItem","position":1,"name":"Home","item":"https:\/\/www.eldigitaldeasturias.com\/noticias","nextItem":{"@type":"ListItem","@id":"https:\/\/www.eldigitaldeasturias.com\/noticias\/category\/actualidad\/#listItem","name":"Actualidad"}},{"@type":"ListItem","@id":"https:\/\/www.eldigitaldeasturias.com\/noticias\/category\/actualidad\/#listItem","position":2,"name":"Actualidad","item":"https:\/\/www.eldigitaldeasturias.com\/noticias\/category\/actualidad\/","nextItem":{"@type":"ListItem","@id":"https:\/\/www.eldigitaldeasturias.com\/noticias\/el-real-madrid-toma-el-mando\/#listItem","name":"El Real Madrid toma el mando"},"previousItem":{"@type":"ListItem","@id":"https:\/\/www.eldigitaldeasturias.com\/noticias#listItem","name":"Home"}},{"@type":"ListItem","@id":"https:\/\/www.eldigitaldeasturias.com\/noticias\/el-real-madrid-toma-el-mando\/#listItem","position":3,"name":"El Real Madrid toma el mando","previousItem":{"@type":"ListItem","@id":"https:\/\/www.eldigitaldeasturias.com\/noticias\/category\/actualidad\/#listItem","name":"Actualidad"}}]},{"@type":"Organization","@id":"https:\/\/www.eldigitaldeasturias.com\/noticias\/#organization","name":"El Digital de Asturias","description":"Hemeroteca","url":"https:\/\/www.eldigitaldeasturias.com\/noticias\/","email":"info@eldigitaldeasturias.com","telephone":"+34652131393","logo":{"@type":"ImageObject","url":"https:\/\/www.eldigitaldeasturias.com\/noticias\/wp-content\/uploads\/2020\/12\/EDA.jpg","@id":"https:\/\/www.eldigitaldeasturias.com\/noticias\/el-real-madrid-toma-el-mando\/#organizationLogo"},"image":{"@id":"https:\/\/www.eldigitaldeasturias.com\/noticias\/el-real-madrid-toma-el-mando\/#organizationLogo"},"sameAs":["https:\/\/facebook.com\/eldigitaldeasturias","https:\/\/www.youtube.com\/channel\/UCZP-2wLEB9Rv6erhFmqVnvg"],"address":{"@id":"https:\/\/www.eldigitaldeasturias.com\/noticias\/#postaladdress","@type":"PostalAddress","streetAddress":"san antonio 4","postalCode":"33430","addressLocality":"Cand\u00e1s","addressRegion":"Asturias","addressCountry":"ES"}},{"@type":"Person","@id":"https:\/\/www.eldigitaldeasturias.com\/noticias\/author\/admin\/#author","url":"https:\/\/www.eldigitaldeasturias.com\/noticias\/author\/admin\/","name":"El Digital de Asturias","image":{"@type":"ImageObject","@id":"https:\/\/www.eldigitaldeasturias.com\/noticias\/el-real-madrid-toma-el-mando\/#authorImage","url":"https:\/\/secure.gravatar.com\/avatar\/df2aeffc32bcd13f8d26072ef8a91b623d677766deac7f97ca815868cd41bf5e?s=96&d=mm&r=g","width":96,"height":96,"caption":"El Digital de Asturias"}},{"@type":"WebPage","@id":"https:\/\/www.eldigitaldeasturias.com\/noticias\/el-real-madrid-toma-el-mando\/#webpage","url":"https:\/\/www.eldigitaldeasturias.com\/noticias\/el-real-madrid-toma-el-mando\/","name":"El Real Madrid toma el mando - El Digital de Asturias","description":"Madrid, 25 ene (EFE).- El Real Madrid tom\u00f3 el mando de la Liga despu\u00e9s de sacar adelante la visita del Granada (2-0) aunque de forma provisional, a expensas del futuro del Barcelona y el Atl\u00e9tico de Madrid, que el domingo se enfrentan al M\u00e1laga y Rayo Vallecano, en la vig\u00e9sima primera sesi\u00f3n del campeonato. La","inLanguage":"es-ES","isPartOf":{"@id":"https:\/\/www.eldigitaldeasturias.com\/noticias\/#website"},"breadcrumb":{"@id":"https:\/\/www.eldigitaldeasturias.com\/noticias\/el-real-madrid-toma-el-mando\/#breadcrumblist"},"author":{"@id":"https:\/\/www.eldigitaldeasturias.com\/noticias\/author\/admin\/#author"},"creator":{"@id":"https:\/\/www.eldigitaldeasturias.com\/noticias\/author\/admin\/#author"},"image":{"@type":"ImageObject","url":"https:\/\/www.eldigitaldeasturias.com\/noticias\/wp-content\/uploads\/2026\/06\/Contenidos.jpg","@id":"https:\/\/www.eldigitaldeasturias.com\/noticias\/el-real-madrid-toma-el-mando\/#mainImage","width":1265,"height":697,"caption":"Contenidos"},"primaryImageOfPage":{"@id":"https:\/\/www.eldigitaldeasturias.com\/noticias\/el-real-madrid-toma-el-mando\/#mainImage"},"datePublished":"2014-01-26T22:03:13+01:00","dateModified":"2014-01-26T22:03:13+01:00"},{"@type":"WebSite","@id":"https:\/\/www.eldigitaldeasturias.com\/noticias\/#website","url":"https:\/\/www.eldigitaldeasturias.com\/noticias\/","name":"El Digital de Asturias - Diario de actualidad y noticias","alternateName":"El Digital de Asturias - Diario de actualidad y noticias","description":"Hemeroteca","inLanguage":"es-ES","publisher":{"@id":"https:\/\/www.eldigitaldeasturias.com\/noticias\/#organization"}}]},"og:locale":"es_ES","og:site_name":"El Digital de Asturias","og:type":"article","og:title":"El Real Madrid toma el mando - El Digital de Asturias","og:description":"Madrid, 25 ene (EFE).- El Real Madrid tom\u00f3 el mando de la Liga despu\u00e9s de sacar adelante la visita del Granada (2-0) aunque de forma provisional, a expensas del futuro del Barcelona y el Atl\u00e9tico de Madrid, que el domingo se enfrentan al M\u00e1laga y Rayo Vallecano, en la vig\u00e9sima primera sesi\u00f3n del campeonato. La","og:url":"https:\/\/www.eldigitaldeasturias.com\/noticias\/el-real-madrid-toma-el-mando\/","og:image":"https:\/\/www.eldigitaldeasturias.com\/noticias\/wp-content\/uploads\/2026\/06\/Contenidos.jpg","og:image:secure_url":"https:\/\/www.eldigitaldeasturias.com\/noticias\/wp-content\/uploads\/2026\/06\/Contenidos.jpg","og:image:width":1265,"og:image:height":697,"article:tag":["actualidad"],"article:published_time":"2014-01-26T23:03:13+00:00","article:modified_time":"2014-01-26T23:03:13+00:00","article:publisher":"https:\/\/facebook.com\/eldigitaldeasturias","twitter:card":"summary_large_image","twitter:title":"El Real Madrid toma el mando - El Digital de Asturias","twitter:description":"Madrid, 25 ene (EFE).- El Real Madrid tom\u00f3 el mando de la Liga despu\u00e9s de sacar adelante la visita del Granada (2-0) aunque de forma provisional, a expensas del futuro del Barcelona y el Atl\u00e9tico de Madrid, que el domingo se enfrentan al M\u00e1laga y Rayo Vallecano, en la vig\u00e9sima primera sesi\u00f3n del campeonato. La","twitter:image":"https:\/\/www.eldigitaldeasturias.com\/noticias\/wp-content\/uploads\/2026\/06\/Contenidos.jpg","twitter:label1":"Escrito por","twitter:data1":"El Digital de Asturias","twitter:label2":"Tiempo de lectura estimado","twitter:data2":"3 minutos"},"aioseo_meta_data":{"post_id":"479092","title":null,"description":null,"keywords":null,"keyphrases":null,"primary_term":null,"canonical_url":null,"og_title":null,"og_description":null,"og_object_type":"default","og_image_type":"default","og_image_url":null,"og_image_width":null,"og_image_height":null,"og_image_custom_url":null,"og_image_custom_fields":null,"og_video":null,"og_custom_url":null,"og_article_section":null,"og_article_tags":null,"twitter_use_og":true,"twitter_card":"default","twitter_image_type":"default","twitter_image_url":null,"twitter_image_custom_url":null,"twitter_image_custom_fields":null,"twitter_title":null,"twitter_description":null,"schema":{"blockGraphs":[],"customGraphs":[],"default":{"data":{"Article":[],"Course":[],"Dataset":[],"FAQPage":[],"Movie":[],"Person":[],"Product":[],"ProductReview":[],"Car":[],"Recipe":[],"Service":[],"SoftwareApplication":[],"WebPage":[]},"graphName":"","isEnabled":true},"graphs":[],"defaultGraph":"","defaultPostTypeGraph":""},"schema_type":null,"schema_type_options":null,"pillar_content":false,"robots_default":true,"robots_noindex":false,"robots_noarchive":false,"robots_nosnippet":false,"robots_nofollow":false,"robots_noimageindex":false,"robots_noodp":false,"robots_notranslate":false,"robots_max_snippet":null,"robots_max_videopreview":null,"robots_max_imagepreview":"none","priority":null,"frequency":null,"local_seo":null,"seo_analyzer_scan_date":"2026-06-01 23:29:48","breadcrumb_settings":null,"limit_modified_date":false,"open_ai":null,"ai":null,"created":"2020-11-14 22:54:00","updated":"2026-06-01 23:29:48","focus_keyword":null,"additional_keywords":null,"truseo_locale":null},"aioseo_breadcrumb":"<div class=\"aioseo-breadcrumbs\"><span class=\"aioseo-breadcrumb\">\n\t<a href=\"https:\/\/www.eldigitaldeasturias.com\/noticias\" title=\"Home\">Home<\/a>\n<\/span><span class=\"aioseo-breadcrumb-separator\">\u2013<\/span><span class=\"aioseo-breadcrumb\">\n\t<a href=\"https:\/\/www.eldigitaldeasturias.com\/noticias\/category\/actualidad\/\" title=\"Actualidad\">Actualidad<\/a>\n<\/span><span class=\"aioseo-breadcrumb-separator\">\u2013<\/span><span class=\"aioseo-breadcrumb\">\n\t<a href=\"https:\/\/www.eldigitaldeasturias.com\/noticias\/el-real-madrid-toma-el-mando\/\" title=\"El Real Madrid toma el mando\">El Real Madrid toma el mando<\/a>\n<\/span><\/div>","aioseo_breadcrumb_json":[{"label":"Home","link":"https:\/\/www.eldigitaldeasturias.com\/noticias"},{"label":"Actualidad","link":"https:\/\/www.eldigitaldeasturias.com\/noticias\/category\/actualidad\/"},{"label":"El Real Madrid toma el mando","link":"https:\/\/www.eldigitaldeasturias.com\/noticias\/el-real-madrid-toma-el-mando\/"}],"_links":{"self":[{"href":"https:\/\/www.eldigitaldeasturias.com\/noticias\/wp-json\/wp\/v2\/posts\/479092","targetHints":{"allow":["GET"]}}],"collection":[{"href":"https:\/\/www.eldigitaldeasturias.com\/noticias\/wp-json\/wp\/v2\/posts"}],"about":[{"href":"https:\/\/www.eldigitaldeasturias.com\/noticias\/wp-json\/wp\/v2\/types\/post"}],"author":[{"embeddable":true,"href":"https:\/\/www.eldigitaldeasturias.com\/noticias\/wp-json\/wp\/v2\/users\/1"}],"replies":[{"embeddable":true,"href":"https:\/\/www.eldigitaldeasturias.com\/noticias\/wp-json\/wp\/v2\/comments?post=479092"}],"version-history":[{"count":0,"href":"https:\/\/www.eldigitaldeasturias.com\/noticias\/wp-json\/wp\/v2\/posts\/479092\/revisions"}],"wp:featuredmedia":[{"embeddable":true,"href":"https:\/\/www.eldigitaldeasturias.com\/noticias\/wp-json\/wp\/v2\/media\/1132184"}],"wp:attachment":[{"href":"https:\/\/www.eldigitaldeasturias.com\/noticias\/wp-json\/wp\/v2\/media?parent=479092"}],"wp:term":[{"taxonomy":"category","embeddable":true,"href":"https:\/\/www.eldigitaldeasturias.com\/noticias\/wp-json\/wp\/v2\/categories?post=479092"},{"taxonomy":"post_tag","embeddable":true,"href":"https:\/\/www.eldigitaldeasturias.com\/noticias\/wp-json\/wp\/v2\/tags?post=479092"}],"curies":[{"name":"wp","href":"https:\/\/api.w.org\/{rel}","templated":true}]}}