{"id":479086,"date":"2014-01-26T22:00:23","date_gmt":"2014-01-26T23:00:23","guid":{"rendered":"http:\/\/www.eldigitaldeasturias.com\/noticias\/?p=479086"},"modified":"2014-01-26T22:00:23","modified_gmt":"2014-01-26T23:00:23","slug":"comienza-la-campana-electoral-a-la-presidencia-de-colombia","status":"publish","type":"post","link":"https:\/\/www.eldigitaldeasturias.com\/noticias\/comienza-la-campana-electoral-a-la-presidencia-de-colombia\/","title":{"rendered":"Comienza la campa\u00f1a electoral a la Presidencia de Colombia"},"content":{"rendered":"<p><img loading=\"lazy\" decoding=\"async\" class=\"alignleft size-medium wp-image-479087\" alt=\"5876575w\" src=\"https:\/\/www.eldigitaldeasturias.com\/noticias\/wp-content\/uploads\/2014\/01\/5876575w-360x233.jpg\" width=\"360\" height=\"233\" \/>Bogot\u00e1, 25 ene (EFE).- La campa\u00f1a electoral a la Presidencia de Colombia comienza hoy con la apertura de las inscripciones de los aspirantes, un periodo en el que el presidente-candidato, Juan Manuel Santos, tendr\u00e1 que ajustarse a las normas de la Ley de Garant\u00edas por su doble condici\u00f3n.<\/p>\n<p>La Registradur\u00eda General, el ente encargado de la log\u00edstica electoral en Colombia, abri\u00f3 hoy el plazo para la inscripci\u00f3n de los candidatos a la Presidencia, un tr\u00e1mite que podr\u00e1n hacer los ciudadanos colombianos mayores de 30 a\u00f1os hasta el pr\u00f3ximo 7 de marzo.<\/p>\n<p>Una vez inscritos con su f\u00f3rmula para la Vicepresidencia, todos podr\u00e1n iniciar oficialmente su campa\u00f1a y convocar a los electores en las plazas, colocar vallas y usar a partir del 25 de febrero los espacios gratuitos y pagados de propaganda en la televisi\u00f3n y la radio.<\/p>\n<p>Todos, a excepci\u00f3n de Santos, quien tendr\u00e1 que diferenciar su faceta de candidato de la de presidente y hacer un uso restringido de los medios de comunicaci\u00f3n oficiales adscritos a la Presidencia.<\/p>\n<p>Es decir, desde el momento en que el mandatario inscriba su candidatura, lo que se presume suceder\u00e1 a principios de marzo, Santos debe cumplir a cabalidad la Ley de Garant\u00edas Electorales, que establece restricciones para limitar el poder de un aspirante a la reelecci\u00f3n y garantizar as\u00ed una contienda equilibrada.<\/p>\n<p>Seg\u00fan la presidenta de la organizaci\u00f3n civil Movimiento de Observaci\u00f3n Electoral (MOE), Alejandra Barrios, Santos deber\u00e1 dejar claro en su discurso \u00abcuando est\u00e1 actuando como presidente y cuando est\u00e1 actuando como candidato, por lo que no puede utilizar los s\u00edmbolos patrios cuando est\u00e9 actuando en calidad de candidato\u00bb.<\/p>\n<p>Adem\u00e1s, seg\u00fan indic\u00f3 Barrios a Caracol Radio, tampoco podr\u00e1 utilizar a su favor ni entregar bienes p\u00fablicos, hacer contratos interadministrativos, as\u00ed como tendr\u00e1 prohibido referirse a sus contendientes como presidente.<\/p>\n<p>Por el momento, las candidaturas est\u00e1n todav\u00eda algo desdibujadas y no se ha conformado a\u00fan el plantel de aspirantes a ganar la Presidencia de Colombia en las elecciones del 25 de mayo.<\/p>\n<p>El presidente-candidato Santos revel\u00f3 oficialmente en noviembre pasado su intenci\u00f3n de reelegirse, mientras que el exministro \u00d3scar Iv\u00e1n Zuluaga, ya fue elegido por su colectividad, el movimiento del expresidente \u00c1lvaro Uribe, Centro Democr\u00e1tico (derecha).<\/p>\n<p>La exalcaldesa temporal de Bogot\u00e1 Clara L\u00f3pez, del Polo Democr\u00e1tico Alternativo, y A\u00edda Avella, una superviviente de la matanza pol\u00edtica sufrida en los ochenta por la Uni\u00f3n Patri\u00f3tica, encarnan las opciones de la izquierda, aunque a\u00fan se espera conocer al candidato de la \u00abtercera v\u00eda\u00bb representada en la Alianza Verde.<\/p>\n<p>Ese partido, que resulta de la fusi\u00f3n del Partido Verde y el Movimiento Progresistas que lidera el alcalde de Bogot\u00e1, Gustavo Petro, celebrar\u00e1 unas elecciones primarias el 9 de marzo, en coincidencia con los comicios parlamentarios convocados para esa fecha.<\/p>\n<p>Ante esta situaci\u00f3n especial, la Alianza Verde tendr\u00e1 como plazo para inscribir a su candidato el 14 de marzo.<\/p>\n<p>Pero a\u00fan se baraja la posibilidad de que alguno de los candidatos de ese partido selle una alianza con otros aspirantes como Avella o el independiente y exgobernador del departamento del Atl\u00e1ntico (norte), Eduardo Verano de la Rosa.<\/p>\n<p>Por su parte, formaciones afines al Gobierno, como Cambio Radical, el Partido Liberal y el oficialista Partido de la U, respaldar\u00e1n la reelecci\u00f3n de Santos, mientras que el Partido Conservador decidir\u00e1 ma\u00f1ana en la convenci\u00f3n de Cartagena si se decanta por el \u00absantismo\u00bb, por el \u00aburibismo\u00bb o por un candidato propio.<\/p>\n<p>Si no hay mayor\u00edas en las elecciones del 25 de mayo, se podr\u00e1 celebrar una segunda vuelta que tendr\u00eda como fecha el 15 de junio.<\/p>\n<p>De acuerdo con el sondeo divulgado ayer por la firma Cifras &amp; Conceptos, la opci\u00f3n de la reelecci\u00f3n de Santos logr\u00f3 el 63 % de apoyos, tres puntos menos que en diciembre y once menos que en octubre de 2013, cuando su aspiraci\u00f3n a la reelecci\u00f3n ten\u00eda el apoyo del 74 %.<\/p>\n<p>Si las elecciones fueran ma\u00f1ana, Santos obtendr\u00eda el 26 % de los votos, apenas un punto m\u00e1s que en diciembre \u00faltimo, seguido por Enrique Pe\u00f1alosa, de la Alianza Verde, y por \u00d3scar Iv\u00e1n Zuluaga, del Centro Democr\u00e1tico, ambos con un distante 8 % de la intenci\u00f3n de voto.<\/p>\n","protected":false},"excerpt":{"rendered":"<p>Bogot\u00e1, 25 ene (EFE).- La campa\u00f1a electoral a la Presidencia de Colombia comienza hoy con la apertura de las inscripciones de los aspirantes, un periodo en el que el presidente-candidato, Juan Manuel Santos, tendr\u00e1 que ajustarse a las normas de la Ley de Garant\u00edas por su doble condici\u00f3n. La Registradur\u00eda General, el ente encargado de [&hellip;]<\/p>\n","protected":false},"author":1,"featured_media":1132184,"comment_status":"closed","ping_status":"open","sticky":false,"template":"","format":"standard","meta":{"footnotes":""},"categories":[1],"tags":[],"class_list":["post-479086","post","type-post","status-publish","format-standard","has-post-thumbnail","hentry","category-actualidad"],"aioseo_notices":[],"aioseo_head":"\n\t\t<!-- All in One SEO Pro 5.0.1 - aioseo.com -->\n\t<meta name=\"description\" content=\"Bogot\u00e1, 25 ene (EFE).- La campa\u00f1a electoral a la Presidencia de Colombia comienza hoy con la apertura de las inscripciones de los aspirantes, un periodo en el que el presidente-candidato, Juan Manuel Santos, tendr\u00e1 que ajustarse a las normas de la Ley de Garant\u00edas por su doble condici\u00f3n. La Registradur\u00eda General, el ente encargado de\" \/>\n\t<meta name=\"robots\" content=\"max-image-preview:large\" \/>\n\t<meta name=\"author\" content=\"El Digital de Asturias\"\/>\n\t<meta name=\"google-site-verification\" content=\"UA-38556648-1\" \/>\n\t<meta name=\"msvalidate.01\" content=\"7dfe9f3f1b24437ab69f4f2559babe99\" \/>\n\t<meta name=\"keywords\" content=\"actualidad\" \/>\n\t<link rel=\"canonical\" href=\"https:\/\/www.eldigitaldeasturias.com\/noticias\/comienza-la-campana-electoral-a-la-presidencia-de-colombia\/\" \/>\n\t<meta name=\"generator\" content=\"All in One SEO Pro (AIOSEO) 5.0.1\" \/>\n\t\t<meta property=\"og:locale\" content=\"es_ES\" \/>\n\t\t<meta property=\"og:site_name\" content=\"El Digital de Asturias\" \/>\n\t\t<meta property=\"og:type\" content=\"article\" \/>\n\t\t<meta property=\"og:title\" content=\"Comienza la campa\u00f1a electoral a la Presidencia de Colombia - El Digital de Asturias\" \/>\n\t\t<meta property=\"og:description\" content=\"Bogot\u00e1, 25 ene (EFE).- La campa\u00f1a electoral a la Presidencia de Colombia comienza hoy con la apertura de las inscripciones de los aspirantes, un periodo en el que el presidente-candidato, Juan Manuel Santos, tendr\u00e1 que ajustarse a las normas de la Ley de Garant\u00edas por su doble condici\u00f3n. La Registradur\u00eda General, el ente encargado de\" \/>\n\t\t<meta property=\"og:url\" content=\"https:\/\/www.eldigitaldeasturias.com\/noticias\/comienza-la-campana-electoral-a-la-presidencia-de-colombia\/\" \/>\n\t\t<meta property=\"og:image\" content=\"https:\/\/www.eldigitaldeasturias.com\/noticias\/wp-content\/uploads\/2026\/06\/Contenidos.jpg\" \/>\n\t\t<meta property=\"og:image:secure_url\" content=\"https:\/\/www.eldigitaldeasturias.com\/noticias\/wp-content\/uploads\/2026\/06\/Contenidos.jpg\" \/>\n\t\t<meta property=\"og:image:width\" content=\"1265\" \/>\n\t\t<meta property=\"og:image:height\" content=\"697\" \/>\n\t\t<meta property=\"article:tag\" content=\"actualidad\" \/>\n\t\t<meta property=\"article:published_time\" content=\"2014-01-26T23:00:23+00:00\" \/>\n\t\t<meta property=\"article:modified_time\" content=\"2014-01-26T23:00:23+00:00\" \/>\n\t\t<meta property=\"article:publisher\" content=\"https:\/\/facebook.com\/eldigitaldeasturias\" \/>\n\t\t<meta name=\"twitter:card\" content=\"summary_large_image\" \/>\n\t\t<meta name=\"twitter:title\" content=\"Comienza la campa\u00f1a electoral a la Presidencia de Colombia - El Digital de Asturias\" \/>\n\t\t<meta name=\"twitter:description\" content=\"Bogot\u00e1, 25 ene (EFE).- La campa\u00f1a electoral a la Presidencia de Colombia comienza hoy con la apertura de las inscripciones de los aspirantes, un periodo en el que el presidente-candidato, Juan Manuel Santos, tendr\u00e1 que ajustarse a las normas de la Ley de Garant\u00edas por su doble condici\u00f3n. La Registradur\u00eda General, el ente encargado de\" \/>\n\t\t<meta name=\"twitter:image\" content=\"https:\/\/www.eldigitaldeasturias.com\/noticias\/wp-content\/uploads\/2026\/06\/Contenidos.jpg\" \/>\n\t\t<meta name=\"twitter:label1\" content=\"Escrito por\" \/>\n\t\t<meta name=\"twitter:data1\" content=\"El Digital de Asturias\" \/>\n\t\t<meta name=\"twitter:label2\" content=\"Tiempo de lectura estimado\" \/>\n\t\t<meta name=\"twitter:data2\" content=\"4 minutos\" \/>\n\t\t<script type=\"application\/ld+json\" class=\"aioseo-schema\">\n\t\t\t{\"@context\":\"https:\\\/\\\/schema.org\",\"@graph\":[{\"@type\":\"BlogPosting\",\"@id\":\"https:\\\/\\\/www.eldigitaldeasturias.com\\\/noticias\\\/comienza-la-campana-electoral-a-la-presidencia-de-colombia\\\/#blogposting\",\"name\":\"Comienza la campa\\u00f1a electoral a la Presidencia de Colombia - El Digital de Asturias\",\"headline\":\"Comienza la campa\\u00f1a electoral a la Presidencia de Colombia\",\"author\":{\"@id\":\"https:\\\/\\\/www.eldigitaldeasturias.com\\\/noticias\\\/author\\\/admin\\\/#author\"},\"publisher\":{\"@id\":\"https:\\\/\\\/www.eldigitaldeasturias.com\\\/noticias\\\/#organization\"},\"image\":{\"@type\":\"ImageObject\",\"url\":\"https:\\\/\\\/www.eldigitaldeasturias.com\\\/noticias\\\/wp-content\\\/uploads\\\/2026\\\/06\\\/Contenidos.jpg\",\"width\":1265,\"height\":697,\"caption\":\"Contenidos\"},\"datePublished\":\"2014-01-26T22:00:23+01:00\",\"dateModified\":\"2014-01-26T22:00:23+01:00\",\"inLanguage\":\"es-ES\",\"mainEntityOfPage\":{\"@id\":\"https:\\\/\\\/www.eldigitaldeasturias.com\\\/noticias\\\/comienza-la-campana-electoral-a-la-presidencia-de-colombia\\\/#webpage\"},\"isPartOf\":{\"@id\":\"https:\\\/\\\/www.eldigitaldeasturias.com\\\/noticias\\\/comienza-la-campana-electoral-a-la-presidencia-de-colombia\\\/#webpage\"},\"articleSection\":\"Actualidad\"},{\"@type\":\"BreadcrumbList\",\"@id\":\"https:\\\/\\\/www.eldigitaldeasturias.com\\\/noticias\\\/comienza-la-campana-electoral-a-la-presidencia-de-colombia\\\/#breadcrumblist\",\"itemListElement\":[{\"@type\":\"ListItem\",\"@id\":\"https:\\\/\\\/www.eldigitaldeasturias.com\\\/noticias#listItem\",\"position\":1,\"name\":\"Home\",\"item\":\"https:\\\/\\\/www.eldigitaldeasturias.com\\\/noticias\",\"nextItem\":{\"@type\":\"ListItem\",\"@id\":\"https:\\\/\\\/www.eldigitaldeasturias.com\\\/noticias\\\/category\\\/actualidad\\\/#listItem\",\"name\":\"Actualidad\"}},{\"@type\":\"ListItem\",\"@id\":\"https:\\\/\\\/www.eldigitaldeasturias.com\\\/noticias\\\/category\\\/actualidad\\\/#listItem\",\"position\":2,\"name\":\"Actualidad\",\"item\":\"https:\\\/\\\/www.eldigitaldeasturias.com\\\/noticias\\\/category\\\/actualidad\\\/\",\"nextItem\":{\"@type\":\"ListItem\",\"@id\":\"https:\\\/\\\/www.eldigitaldeasturias.com\\\/noticias\\\/comienza-la-campana-electoral-a-la-presidencia-de-colombia\\\/#listItem\",\"name\":\"Comienza la campa\\u00f1a electoral a la Presidencia de Colombia\"},\"previousItem\":{\"@type\":\"ListItem\",\"@id\":\"https:\\\/\\\/www.eldigitaldeasturias.com\\\/noticias#listItem\",\"name\":\"Home\"}},{\"@type\":\"ListItem\",\"@id\":\"https:\\\/\\\/www.eldigitaldeasturias.com\\\/noticias\\\/comienza-la-campana-electoral-a-la-presidencia-de-colombia\\\/#listItem\",\"position\":3,\"name\":\"Comienza la campa\\u00f1a electoral a la Presidencia de Colombia\",\"previousItem\":{\"@type\":\"ListItem\",\"@id\":\"https:\\\/\\\/www.eldigitaldeasturias.com\\\/noticias\\\/category\\\/actualidad\\\/#listItem\",\"name\":\"Actualidad\"}}]},{\"@type\":\"Organization\",\"@id\":\"https:\\\/\\\/www.eldigitaldeasturias.com\\\/noticias\\\/#organization\",\"name\":\"El Digital de Asturias\",\"description\":\"Hemeroteca\",\"url\":\"https:\\\/\\\/www.eldigitaldeasturias.com\\\/noticias\\\/\",\"email\":\"info@eldigitaldeasturias.com\",\"telephone\":\"+34652131393\",\"logo\":{\"@type\":\"ImageObject\",\"url\":\"https:\\\/\\\/www.eldigitaldeasturias.com\\\/noticias\\\/wp-content\\\/uploads\\\/2020\\\/12\\\/EDA.jpg\",\"@id\":\"https:\\\/\\\/www.eldigitaldeasturias.com\\\/noticias\\\/comienza-la-campana-electoral-a-la-presidencia-de-colombia\\\/#organizationLogo\"},\"image\":{\"@id\":\"https:\\\/\\\/www.eldigitaldeasturias.com\\\/noticias\\\/comienza-la-campana-electoral-a-la-presidencia-de-colombia\\\/#organizationLogo\"},\"sameAs\":[\"https:\\\/\\\/facebook.com\\\/eldigitaldeasturias\",\"https:\\\/\\\/www.youtube.com\\\/channel\\\/UCZP-2wLEB9Rv6erhFmqVnvg\"],\"address\":{\"@id\":\"https:\\\/\\\/www.eldigitaldeasturias.com\\\/noticias\\\/#postaladdress\",\"@type\":\"PostalAddress\",\"streetAddress\":\"san antonio 4\",\"postalCode\":\"33430\",\"addressLocality\":\"Cand\\u00e1s\",\"addressRegion\":\"Asturias\",\"addressCountry\":\"ES\"}},{\"@type\":\"Person\",\"@id\":\"https:\\\/\\\/www.eldigitaldeasturias.com\\\/noticias\\\/author\\\/admin\\\/#author\",\"url\":\"https:\\\/\\\/www.eldigitaldeasturias.com\\\/noticias\\\/author\\\/admin\\\/\",\"name\":\"El Digital de Asturias\",\"image\":{\"@type\":\"ImageObject\",\"@id\":\"https:\\\/\\\/www.eldigitaldeasturias.com\\\/noticias\\\/comienza-la-campana-electoral-a-la-presidencia-de-colombia\\\/#authorImage\",\"url\":\"https:\\\/\\\/secure.gravatar.com\\\/avatar\\\/df2aeffc32bcd13f8d26072ef8a91b623d677766deac7f97ca815868cd41bf5e?s=96&d=mm&r=g\",\"width\":96,\"height\":96,\"caption\":\"El Digital de Asturias\"}},{\"@type\":\"WebPage\",\"@id\":\"https:\\\/\\\/www.eldigitaldeasturias.com\\\/noticias\\\/comienza-la-campana-electoral-a-la-presidencia-de-colombia\\\/#webpage\",\"url\":\"https:\\\/\\\/www.eldigitaldeasturias.com\\\/noticias\\\/comienza-la-campana-electoral-a-la-presidencia-de-colombia\\\/\",\"name\":\"Comienza la campa\\u00f1a electoral a la Presidencia de Colombia - El Digital de Asturias\",\"description\":\"Bogot\\u00e1, 25 ene (EFE).- La campa\\u00f1a electoral a la Presidencia de Colombia comienza hoy con la apertura de las inscripciones de los aspirantes, un periodo en el que el presidente-candidato, Juan Manuel Santos, tendr\\u00e1 que ajustarse a las normas de la Ley de Garant\\u00edas por su doble condici\\u00f3n. La Registradur\\u00eda General, el ente encargado de\",\"inLanguage\":\"es-ES\",\"isPartOf\":{\"@id\":\"https:\\\/\\\/www.eldigitaldeasturias.com\\\/noticias\\\/#website\"},\"breadcrumb\":{\"@id\":\"https:\\\/\\\/www.eldigitaldeasturias.com\\\/noticias\\\/comienza-la-campana-electoral-a-la-presidencia-de-colombia\\\/#breadcrumblist\"},\"author\":{\"@id\":\"https:\\\/\\\/www.eldigitaldeasturias.com\\\/noticias\\\/author\\\/admin\\\/#author\"},\"creator\":{\"@id\":\"https:\\\/\\\/www.eldigitaldeasturias.com\\\/noticias\\\/author\\\/admin\\\/#author\"},\"image\":{\"@type\":\"ImageObject\",\"url\":\"https:\\\/\\\/www.eldigitaldeasturias.com\\\/noticias\\\/wp-content\\\/uploads\\\/2026\\\/06\\\/Contenidos.jpg\",\"@id\":\"https:\\\/\\\/www.eldigitaldeasturias.com\\\/noticias\\\/comienza-la-campana-electoral-a-la-presidencia-de-colombia\\\/#mainImage\",\"width\":1265,\"height\":697,\"caption\":\"Contenidos\"},\"primaryImageOfPage\":{\"@id\":\"https:\\\/\\\/www.eldigitaldeasturias.com\\\/noticias\\\/comienza-la-campana-electoral-a-la-presidencia-de-colombia\\\/#mainImage\"},\"datePublished\":\"2014-01-26T22:00:23+01:00\",\"dateModified\":\"2014-01-26T22:00:23+01:00\"},{\"@type\":\"WebSite\",\"@id\":\"https:\\\/\\\/www.eldigitaldeasturias.com\\\/noticias\\\/#website\",\"url\":\"https:\\\/\\\/www.eldigitaldeasturias.com\\\/noticias\\\/\",\"name\":\"El Digital de Asturias - Diario de actualidad y noticias\",\"alternateName\":\"El Digital de Asturias - Diario de actualidad y noticias\",\"description\":\"Hemeroteca\",\"inLanguage\":\"es-ES\",\"publisher\":{\"@id\":\"https:\\\/\\\/www.eldigitaldeasturias.com\\\/noticias\\\/#organization\"}}]}\n\t\t<\/script>\n\t\t<!-- All in One SEO Pro -->\r\n\t\t<title>Comienza la campa\u00f1a electoral a la Presidencia de Colombia - El Digital de Asturias<\/title>\n\n","aioseo_head_json":{"title":"Comienza la campa\u00f1a electoral a la Presidencia de Colombia - El Digital de Asturias","description":"Bogot\u00e1, 25 ene (EFE).- La campa\u00f1a electoral a la Presidencia de Colombia comienza hoy con la apertura de las inscripciones de los aspirantes, un periodo en el que el presidente-candidato, Juan Manuel Santos, tendr\u00e1 que ajustarse a las normas de la Ley de Garant\u00edas por su doble condici\u00f3n. La Registradur\u00eda General, el ente encargado de","canonical_url":"https:\/\/www.eldigitaldeasturias.com\/noticias\/comienza-la-campana-electoral-a-la-presidencia-de-colombia\/","robots":"max-image-preview:large","keywords":"actualidad","webmasterTools":{"google-site-verification":"UA-38556648-1","msvalidate.01":"7dfe9f3f1b24437ab69f4f2559babe99","miscellaneous":""},"schema":{"@context":"https:\/\/schema.org","@graph":[{"@type":"BlogPosting","@id":"https:\/\/www.eldigitaldeasturias.com\/noticias\/comienza-la-campana-electoral-a-la-presidencia-de-colombia\/#blogposting","name":"Comienza la campa\u00f1a electoral a la Presidencia de Colombia - El Digital de Asturias","headline":"Comienza la campa\u00f1a electoral a la Presidencia de Colombia","author":{"@id":"https:\/\/www.eldigitaldeasturias.com\/noticias\/author\/admin\/#author"},"publisher":{"@id":"https:\/\/www.eldigitaldeasturias.com\/noticias\/#organization"},"image":{"@type":"ImageObject","url":"https:\/\/www.eldigitaldeasturias.com\/noticias\/wp-content\/uploads\/2026\/06\/Contenidos.jpg","width":1265,"height":697,"caption":"Contenidos"},"datePublished":"2014-01-26T22:00:23+01:00","dateModified":"2014-01-26T22:00:23+01:00","inLanguage":"es-ES","mainEntityOfPage":{"@id":"https:\/\/www.eldigitaldeasturias.com\/noticias\/comienza-la-campana-electoral-a-la-presidencia-de-colombia\/#webpage"},"isPartOf":{"@id":"https:\/\/www.eldigitaldeasturias.com\/noticias\/comienza-la-campana-electoral-a-la-presidencia-de-colombia\/#webpage"},"articleSection":"Actualidad"},{"@type":"BreadcrumbList","@id":"https:\/\/www.eldigitaldeasturias.com\/noticias\/comienza-la-campana-electoral-a-la-presidencia-de-colombia\/#breadcrumblist","itemListElement":[{"@type":"ListItem","@id":"https:\/\/www.eldigitaldeasturias.com\/noticias#listItem","position":1,"name":"Home","item":"https:\/\/www.eldigitaldeasturias.com\/noticias","nextItem":{"@type":"ListItem","@id":"https:\/\/www.eldigitaldeasturias.com\/noticias\/category\/actualidad\/#listItem","name":"Actualidad"}},{"@type":"ListItem","@id":"https:\/\/www.eldigitaldeasturias.com\/noticias\/category\/actualidad\/#listItem","position":2,"name":"Actualidad","item":"https:\/\/www.eldigitaldeasturias.com\/noticias\/category\/actualidad\/","nextItem":{"@type":"ListItem","@id":"https:\/\/www.eldigitaldeasturias.com\/noticias\/comienza-la-campana-electoral-a-la-presidencia-de-colombia\/#listItem","name":"Comienza la campa\u00f1a electoral a la Presidencia de Colombia"},"previousItem":{"@type":"ListItem","@id":"https:\/\/www.eldigitaldeasturias.com\/noticias#listItem","name":"Home"}},{"@type":"ListItem","@id":"https:\/\/www.eldigitaldeasturias.com\/noticias\/comienza-la-campana-electoral-a-la-presidencia-de-colombia\/#listItem","position":3,"name":"Comienza la campa\u00f1a electoral a la Presidencia de Colombia","previousItem":{"@type":"ListItem","@id":"https:\/\/www.eldigitaldeasturias.com\/noticias\/category\/actualidad\/#listItem","name":"Actualidad"}}]},{"@type":"Organization","@id":"https:\/\/www.eldigitaldeasturias.com\/noticias\/#organization","name":"El Digital de Asturias","description":"Hemeroteca","url":"https:\/\/www.eldigitaldeasturias.com\/noticias\/","email":"info@eldigitaldeasturias.com","telephone":"+34652131393","logo":{"@type":"ImageObject","url":"https:\/\/www.eldigitaldeasturias.com\/noticias\/wp-content\/uploads\/2020\/12\/EDA.jpg","@id":"https:\/\/www.eldigitaldeasturias.com\/noticias\/comienza-la-campana-electoral-a-la-presidencia-de-colombia\/#organizationLogo"},"image":{"@id":"https:\/\/www.eldigitaldeasturias.com\/noticias\/comienza-la-campana-electoral-a-la-presidencia-de-colombia\/#organizationLogo"},"sameAs":["https:\/\/facebook.com\/eldigitaldeasturias","https:\/\/www.youtube.com\/channel\/UCZP-2wLEB9Rv6erhFmqVnvg"],"address":{"@id":"https:\/\/www.eldigitaldeasturias.com\/noticias\/#postaladdress","@type":"PostalAddress","streetAddress":"san antonio 4","postalCode":"33430","addressLocality":"Cand\u00e1s","addressRegion":"Asturias","addressCountry":"ES"}},{"@type":"Person","@id":"https:\/\/www.eldigitaldeasturias.com\/noticias\/author\/admin\/#author","url":"https:\/\/www.eldigitaldeasturias.com\/noticias\/author\/admin\/","name":"El Digital de Asturias","image":{"@type":"ImageObject","@id":"https:\/\/www.eldigitaldeasturias.com\/noticias\/comienza-la-campana-electoral-a-la-presidencia-de-colombia\/#authorImage","url":"https:\/\/secure.gravatar.com\/avatar\/df2aeffc32bcd13f8d26072ef8a91b623d677766deac7f97ca815868cd41bf5e?s=96&d=mm&r=g","width":96,"height":96,"caption":"El Digital de Asturias"}},{"@type":"WebPage","@id":"https:\/\/www.eldigitaldeasturias.com\/noticias\/comienza-la-campana-electoral-a-la-presidencia-de-colombia\/#webpage","url":"https:\/\/www.eldigitaldeasturias.com\/noticias\/comienza-la-campana-electoral-a-la-presidencia-de-colombia\/","name":"Comienza la campa\u00f1a electoral a la Presidencia de Colombia - El Digital de Asturias","description":"Bogot\u00e1, 25 ene (EFE).- La campa\u00f1a electoral a la Presidencia de Colombia comienza hoy con la apertura de las inscripciones de los aspirantes, un periodo en el que el presidente-candidato, Juan Manuel Santos, tendr\u00e1 que ajustarse a las normas de la Ley de Garant\u00edas por su doble condici\u00f3n. La Registradur\u00eda General, el ente encargado de","inLanguage":"es-ES","isPartOf":{"@id":"https:\/\/www.eldigitaldeasturias.com\/noticias\/#website"},"breadcrumb":{"@id":"https:\/\/www.eldigitaldeasturias.com\/noticias\/comienza-la-campana-electoral-a-la-presidencia-de-colombia\/#breadcrumblist"},"author":{"@id":"https:\/\/www.eldigitaldeasturias.com\/noticias\/author\/admin\/#author"},"creator":{"@id":"https:\/\/www.eldigitaldeasturias.com\/noticias\/author\/admin\/#author"},"image":{"@type":"ImageObject","url":"https:\/\/www.eldigitaldeasturias.com\/noticias\/wp-content\/uploads\/2026\/06\/Contenidos.jpg","@id":"https:\/\/www.eldigitaldeasturias.com\/noticias\/comienza-la-campana-electoral-a-la-presidencia-de-colombia\/#mainImage","width":1265,"height":697,"caption":"Contenidos"},"primaryImageOfPage":{"@id":"https:\/\/www.eldigitaldeasturias.com\/noticias\/comienza-la-campana-electoral-a-la-presidencia-de-colombia\/#mainImage"},"datePublished":"2014-01-26T22:00:23+01:00","dateModified":"2014-01-26T22:00:23+01:00"},{"@type":"WebSite","@id":"https:\/\/www.eldigitaldeasturias.com\/noticias\/#website","url":"https:\/\/www.eldigitaldeasturias.com\/noticias\/","name":"El Digital de Asturias - Diario de actualidad y noticias","alternateName":"El Digital de Asturias - Diario de actualidad y noticias","description":"Hemeroteca","inLanguage":"es-ES","publisher":{"@id":"https:\/\/www.eldigitaldeasturias.com\/noticias\/#organization"}}]},"og:locale":"es_ES","og:site_name":"El Digital de Asturias","og:type":"article","og:title":"Comienza la campa\u00f1a electoral a la Presidencia de Colombia - El Digital de Asturias","og:description":"Bogot\u00e1, 25 ene (EFE).- La campa\u00f1a electoral a la Presidencia de Colombia comienza hoy con la apertura de las inscripciones de los aspirantes, un periodo en el que el presidente-candidato, Juan Manuel Santos, tendr\u00e1 que ajustarse a las normas de la Ley de Garant\u00edas por su doble condici\u00f3n. La Registradur\u00eda General, el ente encargado de","og:url":"https:\/\/www.eldigitaldeasturias.com\/noticias\/comienza-la-campana-electoral-a-la-presidencia-de-colombia\/","og:image":"https:\/\/www.eldigitaldeasturias.com\/noticias\/wp-content\/uploads\/2026\/06\/Contenidos.jpg","og:image:secure_url":"https:\/\/www.eldigitaldeasturias.com\/noticias\/wp-content\/uploads\/2026\/06\/Contenidos.jpg","og:image:width":1265,"og:image:height":697,"article:tag":["actualidad"],"article:published_time":"2014-01-26T23:00:23+00:00","article:modified_time":"2014-01-26T23:00:23+00:00","article:publisher":"https:\/\/facebook.com\/eldigitaldeasturias","twitter:card":"summary_large_image","twitter:title":"Comienza la campa\u00f1a electoral a la Presidencia de Colombia - El Digital de Asturias","twitter:description":"Bogot\u00e1, 25 ene (EFE).- La campa\u00f1a electoral a la Presidencia de Colombia comienza hoy con la apertura de las inscripciones de los aspirantes, un periodo en el que el presidente-candidato, Juan Manuel Santos, tendr\u00e1 que ajustarse a las normas de la Ley de Garant\u00edas por su doble condici\u00f3n. La Registradur\u00eda General, el ente encargado de","twitter:image":"https:\/\/www.eldigitaldeasturias.com\/noticias\/wp-content\/uploads\/2026\/06\/Contenidos.jpg","twitter:label1":"Escrito por","twitter:data1":"El Digital de Asturias","twitter:label2":"Tiempo de lectura estimado","twitter:data2":"4 minutos"},"aioseo_meta_data":{"post_id":"479086","title":null,"description":null,"keywords":null,"keyphrases":null,"primary_term":null,"canonical_url":null,"og_title":null,"og_description":null,"og_object_type":"default","og_image_type":"default","og_image_url":null,"og_image_width":null,"og_image_height":null,"og_image_custom_url":null,"og_image_custom_fields":null,"og_video":null,"og_custom_url":null,"og_article_section":null,"og_article_tags":null,"twitter_use_og":true,"twitter_card":"default","twitter_image_type":"default","twitter_image_url":null,"twitter_image_custom_url":null,"twitter_image_custom_fields":null,"twitter_title":null,"twitter_description":null,"schema":{"blockGraphs":[],"customGraphs":[],"default":{"data":{"Article":[],"Course":[],"Dataset":[],"FAQPage":[],"Movie":[],"Person":[],"Product":[],"ProductReview":[],"Car":[],"Recipe":[],"Service":[],"SoftwareApplication":[],"WebPage":[]},"graphName":"","isEnabled":true},"graphs":[],"defaultGraph":"","defaultPostTypeGraph":""},"schema_type":null,"schema_type_options":null,"pillar_content":false,"robots_default":true,"robots_noindex":false,"robots_noarchive":false,"robots_nosnippet":false,"robots_nofollow":false,"robots_noimageindex":false,"robots_noodp":false,"robots_notranslate":false,"robots_max_snippet":null,"robots_max_videopreview":null,"robots_max_imagepreview":"none","priority":null,"frequency":null,"local_seo":null,"seo_analyzer_scan_date":"2026-06-01 23:29:47","breadcrumb_settings":null,"limit_modified_date":false,"open_ai":null,"ai":null,"created":"2020-11-14 22:54:00","updated":"2026-06-01 23:29:47","focus_keyword":null,"additional_keywords":null,"truseo_locale":null},"aioseo_breadcrumb":"<div class=\"aioseo-breadcrumbs\"><span class=\"aioseo-breadcrumb\">\n\t<a href=\"https:\/\/www.eldigitaldeasturias.com\/noticias\" title=\"Home\">Home<\/a>\n<\/span><span class=\"aioseo-breadcrumb-separator\">\u2013<\/span><span class=\"aioseo-breadcrumb\">\n\t<a href=\"https:\/\/www.eldigitaldeasturias.com\/noticias\/category\/actualidad\/\" title=\"Actualidad\">Actualidad<\/a>\n<\/span><span class=\"aioseo-breadcrumb-separator\">\u2013<\/span><span class=\"aioseo-breadcrumb\">\n\t<a href=\"https:\/\/www.eldigitaldeasturias.com\/noticias\/comienza-la-campana-electoral-a-la-presidencia-de-colombia\/\" title=\"Comienza la campa\u00f1a electoral a la Presidencia de Colombia\">Comienza la campa\u00f1a electoral a la Presidencia de Colombia<\/a>\n<\/span><\/div>","aioseo_breadcrumb_json":[{"label":"Home","link":"https:\/\/www.eldigitaldeasturias.com\/noticias"},{"label":"Actualidad","link":"https:\/\/www.eldigitaldeasturias.com\/noticias\/category\/actualidad\/"},{"label":"Comienza la campa\u00f1a electoral a la Presidencia de Colombia","link":"https:\/\/www.eldigitaldeasturias.com\/noticias\/comienza-la-campana-electoral-a-la-presidencia-de-colombia\/"}],"_links":{"self":[{"href":"https:\/\/www.eldigitaldeasturias.com\/noticias\/wp-json\/wp\/v2\/posts\/479086","targetHints":{"allow":["GET"]}}],"collection":[{"href":"https:\/\/www.eldigitaldeasturias.com\/noticias\/wp-json\/wp\/v2\/posts"}],"about":[{"href":"https:\/\/www.eldigitaldeasturias.com\/noticias\/wp-json\/wp\/v2\/types\/post"}],"author":[{"embeddable":true,"href":"https:\/\/www.eldigitaldeasturias.com\/noticias\/wp-json\/wp\/v2\/users\/1"}],"replies":[{"embeddable":true,"href":"https:\/\/www.eldigitaldeasturias.com\/noticias\/wp-json\/wp\/v2\/comments?post=479086"}],"version-history":[{"count":0,"href":"https:\/\/www.eldigitaldeasturias.com\/noticias\/wp-json\/wp\/v2\/posts\/479086\/revisions"}],"wp:featuredmedia":[{"embeddable":true,"href":"https:\/\/www.eldigitaldeasturias.com\/noticias\/wp-json\/wp\/v2\/media\/1132184"}],"wp:attachment":[{"href":"https:\/\/www.eldigitaldeasturias.com\/noticias\/wp-json\/wp\/v2\/media?parent=479086"}],"wp:term":[{"taxonomy":"category","embeddable":true,"href":"https:\/\/www.eldigitaldeasturias.com\/noticias\/wp-json\/wp\/v2\/categories?post=479086"},{"taxonomy":"post_tag","embeddable":true,"href":"https:\/\/www.eldigitaldeasturias.com\/noticias\/wp-json\/wp\/v2\/tags?post=479086"}],"curies":[{"name":"wp","href":"https:\/\/api.w.org\/{rel}","templated":true}]}}