{"id":479083,"date":"2014-01-26T21:59:17","date_gmt":"2014-01-26T22:59:17","guid":{"rendered":"http:\/\/www.eldigitaldeasturias.com\/noticias\/?p=479083"},"modified":"2014-01-26T21:59:17","modified_gmt":"2014-01-26T22:59:17","slug":"zelaya-de-nuevo-en-el-poder-esta-vez-desde-el-parlamento-tras-el-golpe-de-2009","status":"publish","type":"post","link":"https:\/\/www.eldigitaldeasturias.com\/noticias\/zelaya-de-nuevo-en-el-poder-esta-vez-desde-el-parlamento-tras-el-golpe-de-2009\/","title":{"rendered":"Zelaya de nuevo en el poder, esta vez desde el Parlamento, tras el golpe de 2009"},"content":{"rendered":"<p><img loading=\"lazy\" decoding=\"async\" class=\"alignleft size-medium wp-image-479084\" alt=\"5876848w\" src=\"https:\/\/www.eldigitaldeasturias.com\/noticias\/wp-content\/uploads\/2014\/01\/5876848w-360x239.jpg\" width=\"360\" height=\"239\" \/>Tegucigalpa, 25 ene (EFE).- El expresidente Manuel Zelaya, derrocado en junio de 2009, regres\u00f3 hoy al poder, esta vez como diputado y jefe de la bancada de su nuevo partido, el izquierdista Libertad y Refundaci\u00f3n (Libre), segunda fuerza parlamentaria y primera de oposici\u00f3n.<\/p>\n<p>La nueva legislatura para el per\u00edodo 2014-2018 fue inaugurada este s\u00e1bado en una ceremonia marcada por un ambiente ordenado y un riguroso operativo de seguridad.<\/p>\n<p>Zelaya regres\u00f3 al Legislativo, donde ya hab\u00eda sido diputado por el conservador Partido Liberal en 1985, 1994 y 1998, anunciando en una entrevista con Efe que la bancada de Libre no asistir\u00e1 a la toma de posesi\u00f3n del nuevo presidente de Honduras, Juan Orlando Hern\u00e1ndez, del gobernante Partido Nacional (PN-conservador), en \u00abprotesta\u00bb porque les \u00abha insultado\u00bb.<\/p>\n<p>\u00abNo vamos asistir a la toma de posesi\u00f3n porque Juan Orlando nos ha insultado y lanzado ataques desde antes de tomar posesi\u00f3n a los que somos oposici\u00f3n\u00bb, indic\u00f3 Zelaya, tras participar en la instalaci\u00f3n del per\u00edodo de sesiones 2014-2018.<\/p>\n<p>Hern\u00e1ndez dijo el pasado d\u00eda 11 en el Parlamento que \u00abalgunos dirigentes\u00bb de Libre, que no identific\u00f3, apoyan a extorsionadores, pandilleros y el crimen organizado.<\/p>\n<p>El nuevo Legislativo integrado por 128 diputados de siete partidos, dos de ellos surgidos despu\u00e9s del golpe de Estado de 2009 contra Zelaya, lo preside Mauricio Oliva, del PN, en sustituci\u00f3n de Hern\u00e1ndez, quien desde ese poder busc\u00f3 la presidencia del pa\u00eds.<\/p>\n<p>En su discurso, Oliva pidi\u00f3 que los diputados permitan, en alusi\u00f3n t\u00e1cita a la bancada de Libre, \u00abque en el devenir se disipen los rencores del pasado reciente\u00bb, a trav\u00e9s de \u00abun di\u00e1logo m\u00e1s humano, m\u00e1s abierto, para edificar un futuro mejor\u00bb.<\/p>\n<p>Oliva llam\u00f3 a los diputados a hacer \u00abun nuevo pacto, un nuevo compromiso con respeto a los consensos y con todos los sectores sociales\u00bb y asegur\u00f3 que aceptar\u00e1 las cr\u00edticas \u00abaunque a veces no sean ni objetivas ni justas\u00bb.<\/p>\n<p>Sobre ese mensaje, Zelaya indic\u00f3 que Libre espera \u00abque sea cierto\u00bb que se buscar\u00e1 el consenso, que \u00abla cr\u00edtica es buena si no hay ofensas\u00bb, y recalc\u00f3 que el martes y jueves pasados se les \u00abneg\u00f3\u00bb el derecho presentar una propuesta para elegir a las juntas directivas provisional y plena del Parlamento.<\/p>\n<p>Lo que deseaba Zelaya era regresar al Parlamento como diputado y con su esposa, Xiomara Castro, como presidenta del pa\u00eds, lo que no se pudo dar en las elecciones generales del 24 de noviembre pasado en las que los votos favorecieron a Hern\u00e1ndez.<\/p>\n<p>Zelaya ha vuelto al Legislativo como un caudillo que reconoce a medias a Hern\u00e1ndez como presidente, alegando que en las elecciones a su esposa \u00able robaron el triunfo\u00bb, aunque observadores nacionales e internacionales reiteraron en diciembre pasado que los comicios fueron transparentes.<\/p>\n<p>En el Parlamento \u00abharemos una oposici\u00f3n constructiva en todo, nosotros somos oposici\u00f3n y como oposici\u00f3n queremos lo mejor para el pa\u00eds, pero ellos (los oficialistas), nos tratan como enemigos\u00bb, recalc\u00f3 este s\u00e1bado Zelaya.<\/p>\n<p>Zelaya lleg\u00f3 al Gobierno en el 2006 de la mano del Partido Liberal, cuyos actuales l\u00edderes lo acusan de haber dividido a ese colectivo.<\/p>\n<p>Los liberales cuentan ahora con 27 diputados, menos que los 45 que ten\u00edan en la pasada legislatura, y han sido relegados a segunda fuerza de oposici\u00f3n por Libre, que sac\u00f3 en los comicios de noviembre pasado 37 esca\u00f1os con votos de muchos liberales disidentes.<\/p>\n<p>Esta misma semana Libre expuls\u00f3 a Eduardo Cotto de la bancada y del partido porque apoy\u00f3 la elecci\u00f3n de los oficialistas en la junta directiva del Parlamento, con lo que cuenta con 36 esca\u00f1os.<\/p>\n<p>Algunos diputados oficialistas consideran que el expresidente pretende la ingobernabilidad en perjuicio de la nueva Administraci\u00f3n que asumir\u00e1 el pr\u00f3ximo lunes.<\/p>\n<p>Un dirigente del organismo Monitor Electoral (privado), Ad\u00e1n Palacios, dijo a Efe que el Parlamento hondure\u00f1o \u00abtiene grandes retos que va requerir de mucha inteligencia y sabidur\u00eda\u00bb, entre ellos lograr la gobernabilidad dentro de la propia C\u00e1mara.<\/p>\n<p>En opini\u00f3n de Palacios, el primer paso para que haya esa gobernabilidad dentro del Legislativo debe darlo el partido en el poder.<\/p>\n","protected":false},"excerpt":{"rendered":"<p>Tegucigalpa, 25 ene (EFE).- El expresidente Manuel Zelaya, derrocado en junio de 2009, regres\u00f3 hoy al poder, esta vez como diputado y jefe de la bancada de su nuevo partido, el izquierdista Libertad y Refundaci\u00f3n (Libre), segunda fuerza parlamentaria y primera de oposici\u00f3n. La nueva legislatura para el per\u00edodo 2014-2018 fue inaugurada este s\u00e1bado en [&hellip;]<\/p>\n","protected":false},"author":1,"featured_media":1132184,"comment_status":"closed","ping_status":"open","sticky":false,"template":"","format":"standard","meta":{"footnotes":""},"categories":[1],"tags":[],"class_list":["post-479083","post","type-post","status-publish","format-standard","has-post-thumbnail","hentry","category-actualidad"],"aioseo_notices":[],"aioseo_head":"\n\t\t<!-- All in One SEO Pro 5.0.1 - aioseo.com -->\n\t<meta name=\"description\" content=\"Tegucigalpa, 25 ene (EFE).- El expresidente Manuel Zelaya, derrocado en junio de 2009, regres\u00f3 hoy al poder, esta vez como diputado y jefe de la bancada de su nuevo partido, el izquierdista Libertad y Refundaci\u00f3n (Libre), segunda fuerza parlamentaria y primera de oposici\u00f3n. La nueva legislatura para el per\u00edodo 2014-2018 fue inaugurada este s\u00e1bado en\" \/>\n\t<meta name=\"robots\" content=\"max-image-preview:large\" \/>\n\t<meta name=\"author\" content=\"El Digital de Asturias\"\/>\n\t<meta name=\"google-site-verification\" content=\"UA-38556648-1\" \/>\n\t<meta name=\"msvalidate.01\" content=\"7dfe9f3f1b24437ab69f4f2559babe99\" \/>\n\t<meta name=\"keywords\" content=\"actualidad\" \/>\n\t<link rel=\"canonical\" href=\"https:\/\/www.eldigitaldeasturias.com\/noticias\/zelaya-de-nuevo-en-el-poder-esta-vez-desde-el-parlamento-tras-el-golpe-de-2009\/\" \/>\n\t<meta name=\"generator\" content=\"All in One SEO Pro (AIOSEO) 5.0.1\" \/>\n\t\t<meta property=\"og:locale\" content=\"es_ES\" \/>\n\t\t<meta property=\"og:site_name\" content=\"El Digital de Asturias\" \/>\n\t\t<meta property=\"og:type\" content=\"article\" \/>\n\t\t<meta property=\"og:title\" content=\"Zelaya de nuevo en el poder, esta vez desde el Parlamento, tras el golpe de 2009 - El Digital de Asturias\" \/>\n\t\t<meta property=\"og:description\" content=\"Tegucigalpa, 25 ene (EFE).- El expresidente Manuel Zelaya, derrocado en junio de 2009, regres\u00f3 hoy al poder, esta vez como diputado y jefe de la bancada de su nuevo partido, el izquierdista Libertad y Refundaci\u00f3n (Libre), segunda fuerza parlamentaria y primera de oposici\u00f3n. La nueva legislatura para el per\u00edodo 2014-2018 fue inaugurada este s\u00e1bado en\" \/>\n\t\t<meta property=\"og:url\" content=\"https:\/\/www.eldigitaldeasturias.com\/noticias\/zelaya-de-nuevo-en-el-poder-esta-vez-desde-el-parlamento-tras-el-golpe-de-2009\/\" \/>\n\t\t<meta property=\"og:image\" content=\"https:\/\/www.eldigitaldeasturias.com\/noticias\/wp-content\/uploads\/2026\/06\/Contenidos.jpg\" \/>\n\t\t<meta property=\"og:image:secure_url\" content=\"https:\/\/www.eldigitaldeasturias.com\/noticias\/wp-content\/uploads\/2026\/06\/Contenidos.jpg\" \/>\n\t\t<meta property=\"og:image:width\" content=\"1265\" \/>\n\t\t<meta property=\"og:image:height\" content=\"697\" \/>\n\t\t<meta property=\"article:tag\" content=\"actualidad\" \/>\n\t\t<meta property=\"article:published_time\" content=\"2014-01-26T22:59:17+00:00\" \/>\n\t\t<meta property=\"article:modified_time\" content=\"2014-01-26T22:59:17+00:00\" \/>\n\t\t<meta property=\"article:publisher\" content=\"https:\/\/facebook.com\/eldigitaldeasturias\" \/>\n\t\t<meta name=\"twitter:card\" content=\"summary_large_image\" \/>\n\t\t<meta name=\"twitter:title\" content=\"Zelaya de nuevo en el poder, esta vez desde el Parlamento, tras el golpe de 2009 - El Digital de Asturias\" \/>\n\t\t<meta name=\"twitter:description\" content=\"Tegucigalpa, 25 ene (EFE).- El expresidente Manuel Zelaya, derrocado en junio de 2009, regres\u00f3 hoy al poder, esta vez como diputado y jefe de la bancada de su nuevo partido, el izquierdista Libertad y Refundaci\u00f3n (Libre), segunda fuerza parlamentaria y primera de oposici\u00f3n. La nueva legislatura para el per\u00edodo 2014-2018 fue inaugurada este s\u00e1bado en\" \/>\n\t\t<meta name=\"twitter:image\" content=\"https:\/\/www.eldigitaldeasturias.com\/noticias\/wp-content\/uploads\/2026\/06\/Contenidos.jpg\" \/>\n\t\t<meta name=\"twitter:label1\" content=\"Escrito por\" \/>\n\t\t<meta name=\"twitter:data1\" content=\"El Digital de Asturias\" \/>\n\t\t<meta name=\"twitter:label2\" content=\"Tiempo de lectura estimado\" \/>\n\t\t<meta name=\"twitter:data2\" content=\"3 minutos\" \/>\n\t\t<script type=\"application\/ld+json\" class=\"aioseo-schema\">\n\t\t\t{\"@context\":\"https:\\\/\\\/schema.org\",\"@graph\":[{\"@type\":\"BlogPosting\",\"@id\":\"https:\\\/\\\/www.eldigitaldeasturias.com\\\/noticias\\\/zelaya-de-nuevo-en-el-poder-esta-vez-desde-el-parlamento-tras-el-golpe-de-2009\\\/#blogposting\",\"name\":\"Zelaya de nuevo en el poder, esta vez desde el Parlamento, tras el golpe de 2009 - El Digital de Asturias\",\"headline\":\"Zelaya de nuevo en el poder, esta vez desde el Parlamento, tras el golpe de 2009\",\"author\":{\"@id\":\"https:\\\/\\\/www.eldigitaldeasturias.com\\\/noticias\\\/author\\\/admin\\\/#author\"},\"publisher\":{\"@id\":\"https:\\\/\\\/www.eldigitaldeasturias.com\\\/noticias\\\/#organization\"},\"image\":{\"@type\":\"ImageObject\",\"url\":\"https:\\\/\\\/www.eldigitaldeasturias.com\\\/noticias\\\/wp-content\\\/uploads\\\/2026\\\/06\\\/Contenidos.jpg\",\"width\":1265,\"height\":697,\"caption\":\"Contenidos\"},\"datePublished\":\"2014-01-26T21:59:17+01:00\",\"dateModified\":\"2014-01-26T21:59:17+01:00\",\"inLanguage\":\"es-ES\",\"mainEntityOfPage\":{\"@id\":\"https:\\\/\\\/www.eldigitaldeasturias.com\\\/noticias\\\/zelaya-de-nuevo-en-el-poder-esta-vez-desde-el-parlamento-tras-el-golpe-de-2009\\\/#webpage\"},\"isPartOf\":{\"@id\":\"https:\\\/\\\/www.eldigitaldeasturias.com\\\/noticias\\\/zelaya-de-nuevo-en-el-poder-esta-vez-desde-el-parlamento-tras-el-golpe-de-2009\\\/#webpage\"},\"articleSection\":\"Actualidad\"},{\"@type\":\"BreadcrumbList\",\"@id\":\"https:\\\/\\\/www.eldigitaldeasturias.com\\\/noticias\\\/zelaya-de-nuevo-en-el-poder-esta-vez-desde-el-parlamento-tras-el-golpe-de-2009\\\/#breadcrumblist\",\"itemListElement\":[{\"@type\":\"ListItem\",\"@id\":\"https:\\\/\\\/www.eldigitaldeasturias.com\\\/noticias#listItem\",\"position\":1,\"name\":\"Home\",\"item\":\"https:\\\/\\\/www.eldigitaldeasturias.com\\\/noticias\",\"nextItem\":{\"@type\":\"ListItem\",\"@id\":\"https:\\\/\\\/www.eldigitaldeasturias.com\\\/noticias\\\/category\\\/actualidad\\\/#listItem\",\"name\":\"Actualidad\"}},{\"@type\":\"ListItem\",\"@id\":\"https:\\\/\\\/www.eldigitaldeasturias.com\\\/noticias\\\/category\\\/actualidad\\\/#listItem\",\"position\":2,\"name\":\"Actualidad\",\"item\":\"https:\\\/\\\/www.eldigitaldeasturias.com\\\/noticias\\\/category\\\/actualidad\\\/\",\"nextItem\":{\"@type\":\"ListItem\",\"@id\":\"https:\\\/\\\/www.eldigitaldeasturias.com\\\/noticias\\\/zelaya-de-nuevo-en-el-poder-esta-vez-desde-el-parlamento-tras-el-golpe-de-2009\\\/#listItem\",\"name\":\"Zelaya de nuevo en el poder, esta vez desde el Parlamento, tras el golpe de 2009\"},\"previousItem\":{\"@type\":\"ListItem\",\"@id\":\"https:\\\/\\\/www.eldigitaldeasturias.com\\\/noticias#listItem\",\"name\":\"Home\"}},{\"@type\":\"ListItem\",\"@id\":\"https:\\\/\\\/www.eldigitaldeasturias.com\\\/noticias\\\/zelaya-de-nuevo-en-el-poder-esta-vez-desde-el-parlamento-tras-el-golpe-de-2009\\\/#listItem\",\"position\":3,\"name\":\"Zelaya de nuevo en el poder, esta vez desde el Parlamento, tras el golpe de 2009\",\"previousItem\":{\"@type\":\"ListItem\",\"@id\":\"https:\\\/\\\/www.eldigitaldeasturias.com\\\/noticias\\\/category\\\/actualidad\\\/#listItem\",\"name\":\"Actualidad\"}}]},{\"@type\":\"Organization\",\"@id\":\"https:\\\/\\\/www.eldigitaldeasturias.com\\\/noticias\\\/#organization\",\"name\":\"El Digital de Asturias\",\"description\":\"Hemeroteca\",\"url\":\"https:\\\/\\\/www.eldigitaldeasturias.com\\\/noticias\\\/\",\"email\":\"info@eldigitaldeasturias.com\",\"telephone\":\"+34652131393\",\"logo\":{\"@type\":\"ImageObject\",\"url\":\"https:\\\/\\\/www.eldigitaldeasturias.com\\\/noticias\\\/wp-content\\\/uploads\\\/2020\\\/12\\\/EDA.jpg\",\"@id\":\"https:\\\/\\\/www.eldigitaldeasturias.com\\\/noticias\\\/zelaya-de-nuevo-en-el-poder-esta-vez-desde-el-parlamento-tras-el-golpe-de-2009\\\/#organizationLogo\"},\"image\":{\"@id\":\"https:\\\/\\\/www.eldigitaldeasturias.com\\\/noticias\\\/zelaya-de-nuevo-en-el-poder-esta-vez-desde-el-parlamento-tras-el-golpe-de-2009\\\/#organizationLogo\"},\"sameAs\":[\"https:\\\/\\\/facebook.com\\\/eldigitaldeasturias\",\"https:\\\/\\\/www.youtube.com\\\/channel\\\/UCZP-2wLEB9Rv6erhFmqVnvg\"],\"address\":{\"@id\":\"https:\\\/\\\/www.eldigitaldeasturias.com\\\/noticias\\\/#postaladdress\",\"@type\":\"PostalAddress\",\"streetAddress\":\"san antonio 4\",\"postalCode\":\"33430\",\"addressLocality\":\"Cand\\u00e1s\",\"addressRegion\":\"Asturias\",\"addressCountry\":\"ES\"}},{\"@type\":\"Person\",\"@id\":\"https:\\\/\\\/www.eldigitaldeasturias.com\\\/noticias\\\/author\\\/admin\\\/#author\",\"url\":\"https:\\\/\\\/www.eldigitaldeasturias.com\\\/noticias\\\/author\\\/admin\\\/\",\"name\":\"El Digital de Asturias\",\"image\":{\"@type\":\"ImageObject\",\"@id\":\"https:\\\/\\\/www.eldigitaldeasturias.com\\\/noticias\\\/zelaya-de-nuevo-en-el-poder-esta-vez-desde-el-parlamento-tras-el-golpe-de-2009\\\/#authorImage\",\"url\":\"https:\\\/\\\/secure.gravatar.com\\\/avatar\\\/df2aeffc32bcd13f8d26072ef8a91b623d677766deac7f97ca815868cd41bf5e?s=96&d=mm&r=g\",\"width\":96,\"height\":96,\"caption\":\"El Digital de Asturias\"}},{\"@type\":\"WebPage\",\"@id\":\"https:\\\/\\\/www.eldigitaldeasturias.com\\\/noticias\\\/zelaya-de-nuevo-en-el-poder-esta-vez-desde-el-parlamento-tras-el-golpe-de-2009\\\/#webpage\",\"url\":\"https:\\\/\\\/www.eldigitaldeasturias.com\\\/noticias\\\/zelaya-de-nuevo-en-el-poder-esta-vez-desde-el-parlamento-tras-el-golpe-de-2009\\\/\",\"name\":\"Zelaya de nuevo en el poder, esta vez desde el Parlamento, tras el golpe de 2009 - El Digital de Asturias\",\"description\":\"Tegucigalpa, 25 ene (EFE).- El expresidente Manuel Zelaya, derrocado en junio de 2009, regres\\u00f3 hoy al poder, esta vez como diputado y jefe de la bancada de su nuevo partido, el izquierdista Libertad y Refundaci\\u00f3n (Libre), segunda fuerza parlamentaria y primera de oposici\\u00f3n. La nueva legislatura para el per\\u00edodo 2014-2018 fue inaugurada este s\\u00e1bado en\",\"inLanguage\":\"es-ES\",\"isPartOf\":{\"@id\":\"https:\\\/\\\/www.eldigitaldeasturias.com\\\/noticias\\\/#website\"},\"breadcrumb\":{\"@id\":\"https:\\\/\\\/www.eldigitaldeasturias.com\\\/noticias\\\/zelaya-de-nuevo-en-el-poder-esta-vez-desde-el-parlamento-tras-el-golpe-de-2009\\\/#breadcrumblist\"},\"author\":{\"@id\":\"https:\\\/\\\/www.eldigitaldeasturias.com\\\/noticias\\\/author\\\/admin\\\/#author\"},\"creator\":{\"@id\":\"https:\\\/\\\/www.eldigitaldeasturias.com\\\/noticias\\\/author\\\/admin\\\/#author\"},\"image\":{\"@type\":\"ImageObject\",\"url\":\"https:\\\/\\\/www.eldigitaldeasturias.com\\\/noticias\\\/wp-content\\\/uploads\\\/2026\\\/06\\\/Contenidos.jpg\",\"@id\":\"https:\\\/\\\/www.eldigitaldeasturias.com\\\/noticias\\\/zelaya-de-nuevo-en-el-poder-esta-vez-desde-el-parlamento-tras-el-golpe-de-2009\\\/#mainImage\",\"width\":1265,\"height\":697,\"caption\":\"Contenidos\"},\"primaryImageOfPage\":{\"@id\":\"https:\\\/\\\/www.eldigitaldeasturias.com\\\/noticias\\\/zelaya-de-nuevo-en-el-poder-esta-vez-desde-el-parlamento-tras-el-golpe-de-2009\\\/#mainImage\"},\"datePublished\":\"2014-01-26T21:59:17+01:00\",\"dateModified\":\"2014-01-26T21:59:17+01:00\"},{\"@type\":\"WebSite\",\"@id\":\"https:\\\/\\\/www.eldigitaldeasturias.com\\\/noticias\\\/#website\",\"url\":\"https:\\\/\\\/www.eldigitaldeasturias.com\\\/noticias\\\/\",\"name\":\"El Digital de Asturias - Diario de actualidad y noticias\",\"alternateName\":\"El Digital de Asturias - Diario de actualidad y noticias\",\"description\":\"Hemeroteca\",\"inLanguage\":\"es-ES\",\"publisher\":{\"@id\":\"https:\\\/\\\/www.eldigitaldeasturias.com\\\/noticias\\\/#organization\"}}]}\n\t\t<\/script>\n\t\t<!-- All in One SEO Pro -->\r\n\t\t<title>Zelaya de nuevo en el poder, esta vez desde el Parlamento, tras el golpe de 2009 - El Digital de Asturias<\/title>\n\n","aioseo_head_json":{"title":"Zelaya de nuevo en el poder, esta vez desde el Parlamento, tras el golpe de 2009 - El Digital de Asturias","description":"Tegucigalpa, 25 ene (EFE).- El expresidente Manuel Zelaya, derrocado en junio de 2009, regres\u00f3 hoy al poder, esta vez como diputado y jefe de la bancada de su nuevo partido, el izquierdista Libertad y Refundaci\u00f3n (Libre), segunda fuerza parlamentaria y primera de oposici\u00f3n. La nueva legislatura para el per\u00edodo 2014-2018 fue inaugurada este s\u00e1bado en","canonical_url":"https:\/\/www.eldigitaldeasturias.com\/noticias\/zelaya-de-nuevo-en-el-poder-esta-vez-desde-el-parlamento-tras-el-golpe-de-2009\/","robots":"max-image-preview:large","keywords":"actualidad","webmasterTools":{"google-site-verification":"UA-38556648-1","msvalidate.01":"7dfe9f3f1b24437ab69f4f2559babe99","miscellaneous":""},"schema":{"@context":"https:\/\/schema.org","@graph":[{"@type":"BlogPosting","@id":"https:\/\/www.eldigitaldeasturias.com\/noticias\/zelaya-de-nuevo-en-el-poder-esta-vez-desde-el-parlamento-tras-el-golpe-de-2009\/#blogposting","name":"Zelaya de nuevo en el poder, esta vez desde el Parlamento, tras el golpe de 2009 - El Digital de Asturias","headline":"Zelaya de nuevo en el poder, esta vez desde el Parlamento, tras el golpe de 2009","author":{"@id":"https:\/\/www.eldigitaldeasturias.com\/noticias\/author\/admin\/#author"},"publisher":{"@id":"https:\/\/www.eldigitaldeasturias.com\/noticias\/#organization"},"image":{"@type":"ImageObject","url":"https:\/\/www.eldigitaldeasturias.com\/noticias\/wp-content\/uploads\/2026\/06\/Contenidos.jpg","width":1265,"height":697,"caption":"Contenidos"},"datePublished":"2014-01-26T21:59:17+01:00","dateModified":"2014-01-26T21:59:17+01:00","inLanguage":"es-ES","mainEntityOfPage":{"@id":"https:\/\/www.eldigitaldeasturias.com\/noticias\/zelaya-de-nuevo-en-el-poder-esta-vez-desde-el-parlamento-tras-el-golpe-de-2009\/#webpage"},"isPartOf":{"@id":"https:\/\/www.eldigitaldeasturias.com\/noticias\/zelaya-de-nuevo-en-el-poder-esta-vez-desde-el-parlamento-tras-el-golpe-de-2009\/#webpage"},"articleSection":"Actualidad"},{"@type":"BreadcrumbList","@id":"https:\/\/www.eldigitaldeasturias.com\/noticias\/zelaya-de-nuevo-en-el-poder-esta-vez-desde-el-parlamento-tras-el-golpe-de-2009\/#breadcrumblist","itemListElement":[{"@type":"ListItem","@id":"https:\/\/www.eldigitaldeasturias.com\/noticias#listItem","position":1,"name":"Home","item":"https:\/\/www.eldigitaldeasturias.com\/noticias","nextItem":{"@type":"ListItem","@id":"https:\/\/www.eldigitaldeasturias.com\/noticias\/category\/actualidad\/#listItem","name":"Actualidad"}},{"@type":"ListItem","@id":"https:\/\/www.eldigitaldeasturias.com\/noticias\/category\/actualidad\/#listItem","position":2,"name":"Actualidad","item":"https:\/\/www.eldigitaldeasturias.com\/noticias\/category\/actualidad\/","nextItem":{"@type":"ListItem","@id":"https:\/\/www.eldigitaldeasturias.com\/noticias\/zelaya-de-nuevo-en-el-poder-esta-vez-desde-el-parlamento-tras-el-golpe-de-2009\/#listItem","name":"Zelaya de nuevo en el poder, esta vez desde el Parlamento, tras el golpe de 2009"},"previousItem":{"@type":"ListItem","@id":"https:\/\/www.eldigitaldeasturias.com\/noticias#listItem","name":"Home"}},{"@type":"ListItem","@id":"https:\/\/www.eldigitaldeasturias.com\/noticias\/zelaya-de-nuevo-en-el-poder-esta-vez-desde-el-parlamento-tras-el-golpe-de-2009\/#listItem","position":3,"name":"Zelaya de nuevo en el poder, esta vez desde el Parlamento, tras el golpe de 2009","previousItem":{"@type":"ListItem","@id":"https:\/\/www.eldigitaldeasturias.com\/noticias\/category\/actualidad\/#listItem","name":"Actualidad"}}]},{"@type":"Organization","@id":"https:\/\/www.eldigitaldeasturias.com\/noticias\/#organization","name":"El Digital de Asturias","description":"Hemeroteca","url":"https:\/\/www.eldigitaldeasturias.com\/noticias\/","email":"info@eldigitaldeasturias.com","telephone":"+34652131393","logo":{"@type":"ImageObject","url":"https:\/\/www.eldigitaldeasturias.com\/noticias\/wp-content\/uploads\/2020\/12\/EDA.jpg","@id":"https:\/\/www.eldigitaldeasturias.com\/noticias\/zelaya-de-nuevo-en-el-poder-esta-vez-desde-el-parlamento-tras-el-golpe-de-2009\/#organizationLogo"},"image":{"@id":"https:\/\/www.eldigitaldeasturias.com\/noticias\/zelaya-de-nuevo-en-el-poder-esta-vez-desde-el-parlamento-tras-el-golpe-de-2009\/#organizationLogo"},"sameAs":["https:\/\/facebook.com\/eldigitaldeasturias","https:\/\/www.youtube.com\/channel\/UCZP-2wLEB9Rv6erhFmqVnvg"],"address":{"@id":"https:\/\/www.eldigitaldeasturias.com\/noticias\/#postaladdress","@type":"PostalAddress","streetAddress":"san antonio 4","postalCode":"33430","addressLocality":"Cand\u00e1s","addressRegion":"Asturias","addressCountry":"ES"}},{"@type":"Person","@id":"https:\/\/www.eldigitaldeasturias.com\/noticias\/author\/admin\/#author","url":"https:\/\/www.eldigitaldeasturias.com\/noticias\/author\/admin\/","name":"El Digital de Asturias","image":{"@type":"ImageObject","@id":"https:\/\/www.eldigitaldeasturias.com\/noticias\/zelaya-de-nuevo-en-el-poder-esta-vez-desde-el-parlamento-tras-el-golpe-de-2009\/#authorImage","url":"https:\/\/secure.gravatar.com\/avatar\/df2aeffc32bcd13f8d26072ef8a91b623d677766deac7f97ca815868cd41bf5e?s=96&d=mm&r=g","width":96,"height":96,"caption":"El Digital de Asturias"}},{"@type":"WebPage","@id":"https:\/\/www.eldigitaldeasturias.com\/noticias\/zelaya-de-nuevo-en-el-poder-esta-vez-desde-el-parlamento-tras-el-golpe-de-2009\/#webpage","url":"https:\/\/www.eldigitaldeasturias.com\/noticias\/zelaya-de-nuevo-en-el-poder-esta-vez-desde-el-parlamento-tras-el-golpe-de-2009\/","name":"Zelaya de nuevo en el poder, esta vez desde el Parlamento, tras el golpe de 2009 - El Digital de Asturias","description":"Tegucigalpa, 25 ene (EFE).- El expresidente Manuel Zelaya, derrocado en junio de 2009, regres\u00f3 hoy al poder, esta vez como diputado y jefe de la bancada de su nuevo partido, el izquierdista Libertad y Refundaci\u00f3n (Libre), segunda fuerza parlamentaria y primera de oposici\u00f3n. La nueva legislatura para el per\u00edodo 2014-2018 fue inaugurada este s\u00e1bado en","inLanguage":"es-ES","isPartOf":{"@id":"https:\/\/www.eldigitaldeasturias.com\/noticias\/#website"},"breadcrumb":{"@id":"https:\/\/www.eldigitaldeasturias.com\/noticias\/zelaya-de-nuevo-en-el-poder-esta-vez-desde-el-parlamento-tras-el-golpe-de-2009\/#breadcrumblist"},"author":{"@id":"https:\/\/www.eldigitaldeasturias.com\/noticias\/author\/admin\/#author"},"creator":{"@id":"https:\/\/www.eldigitaldeasturias.com\/noticias\/author\/admin\/#author"},"image":{"@type":"ImageObject","url":"https:\/\/www.eldigitaldeasturias.com\/noticias\/wp-content\/uploads\/2026\/06\/Contenidos.jpg","@id":"https:\/\/www.eldigitaldeasturias.com\/noticias\/zelaya-de-nuevo-en-el-poder-esta-vez-desde-el-parlamento-tras-el-golpe-de-2009\/#mainImage","width":1265,"height":697,"caption":"Contenidos"},"primaryImageOfPage":{"@id":"https:\/\/www.eldigitaldeasturias.com\/noticias\/zelaya-de-nuevo-en-el-poder-esta-vez-desde-el-parlamento-tras-el-golpe-de-2009\/#mainImage"},"datePublished":"2014-01-26T21:59:17+01:00","dateModified":"2014-01-26T21:59:17+01:00"},{"@type":"WebSite","@id":"https:\/\/www.eldigitaldeasturias.com\/noticias\/#website","url":"https:\/\/www.eldigitaldeasturias.com\/noticias\/","name":"El Digital de Asturias - Diario de actualidad y noticias","alternateName":"El Digital de Asturias - Diario de actualidad y noticias","description":"Hemeroteca","inLanguage":"es-ES","publisher":{"@id":"https:\/\/www.eldigitaldeasturias.com\/noticias\/#organization"}}]},"og:locale":"es_ES","og:site_name":"El Digital de Asturias","og:type":"article","og:title":"Zelaya de nuevo en el poder, esta vez desde el Parlamento, tras el golpe de 2009 - El Digital de Asturias","og:description":"Tegucigalpa, 25 ene (EFE).- El expresidente Manuel Zelaya, derrocado en junio de 2009, regres\u00f3 hoy al poder, esta vez como diputado y jefe de la bancada de su nuevo partido, el izquierdista Libertad y Refundaci\u00f3n (Libre), segunda fuerza parlamentaria y primera de oposici\u00f3n. La nueva legislatura para el per\u00edodo 2014-2018 fue inaugurada este s\u00e1bado en","og:url":"https:\/\/www.eldigitaldeasturias.com\/noticias\/zelaya-de-nuevo-en-el-poder-esta-vez-desde-el-parlamento-tras-el-golpe-de-2009\/","og:image":"https:\/\/www.eldigitaldeasturias.com\/noticias\/wp-content\/uploads\/2026\/06\/Contenidos.jpg","og:image:secure_url":"https:\/\/www.eldigitaldeasturias.com\/noticias\/wp-content\/uploads\/2026\/06\/Contenidos.jpg","og:image:width":1265,"og:image:height":697,"article:tag":["actualidad"],"article:published_time":"2014-01-26T22:59:17+00:00","article:modified_time":"2014-01-26T22:59:17+00:00","article:publisher":"https:\/\/facebook.com\/eldigitaldeasturias","twitter:card":"summary_large_image","twitter:title":"Zelaya de nuevo en el poder, esta vez desde el Parlamento, tras el golpe de 2009 - El Digital de Asturias","twitter:description":"Tegucigalpa, 25 ene (EFE).- El expresidente Manuel Zelaya, derrocado en junio de 2009, regres\u00f3 hoy al poder, esta vez como diputado y jefe de la bancada de su nuevo partido, el izquierdista Libertad y Refundaci\u00f3n (Libre), segunda fuerza parlamentaria y primera de oposici\u00f3n. La nueva legislatura para el per\u00edodo 2014-2018 fue inaugurada este s\u00e1bado en","twitter:image":"https:\/\/www.eldigitaldeasturias.com\/noticias\/wp-content\/uploads\/2026\/06\/Contenidos.jpg","twitter:label1":"Escrito por","twitter:data1":"El Digital de Asturias","twitter:label2":"Tiempo de lectura estimado","twitter:data2":"3 minutos"},"aioseo_meta_data":{"post_id":"479083","title":null,"description":null,"keywords":null,"keyphrases":null,"primary_term":null,"canonical_url":null,"og_title":null,"og_description":null,"og_object_type":"default","og_image_type":"default","og_image_url":null,"og_image_width":null,"og_image_height":null,"og_image_custom_url":null,"og_image_custom_fields":null,"og_video":null,"og_custom_url":null,"og_article_section":null,"og_article_tags":null,"twitter_use_og":true,"twitter_card":"default","twitter_image_type":"default","twitter_image_url":null,"twitter_image_custom_url":null,"twitter_image_custom_fields":null,"twitter_title":null,"twitter_description":null,"schema":{"blockGraphs":[],"customGraphs":[],"default":{"data":{"Article":[],"Course":[],"Dataset":[],"FAQPage":[],"Movie":[],"Person":[],"Product":[],"ProductReview":[],"Car":[],"Recipe":[],"Service":[],"SoftwareApplication":[],"WebPage":[]},"graphName":"","isEnabled":true},"graphs":[],"defaultGraph":"","defaultPostTypeGraph":""},"schema_type":null,"schema_type_options":null,"pillar_content":false,"robots_default":true,"robots_noindex":false,"robots_noarchive":false,"robots_nosnippet":false,"robots_nofollow":false,"robots_noimageindex":false,"robots_noodp":false,"robots_notranslate":false,"robots_max_snippet":null,"robots_max_videopreview":null,"robots_max_imagepreview":"none","priority":null,"frequency":null,"local_seo":null,"seo_analyzer_scan_date":"2026-06-01 23:29:46","breadcrumb_settings":null,"limit_modified_date":false,"open_ai":null,"ai":null,"created":"2020-11-14 22:54:00","updated":"2026-06-01 23:29:46","focus_keyword":null,"additional_keywords":null,"truseo_locale":null},"aioseo_breadcrumb":"<div class=\"aioseo-breadcrumbs\"><span class=\"aioseo-breadcrumb\">\n\t<a href=\"https:\/\/www.eldigitaldeasturias.com\/noticias\" title=\"Home\">Home<\/a>\n<\/span><span class=\"aioseo-breadcrumb-separator\">\u2013<\/span><span class=\"aioseo-breadcrumb\">\n\t<a href=\"https:\/\/www.eldigitaldeasturias.com\/noticias\/category\/actualidad\/\" title=\"Actualidad\">Actualidad<\/a>\n<\/span><span class=\"aioseo-breadcrumb-separator\">\u2013<\/span><span class=\"aioseo-breadcrumb\">\n\t<a href=\"https:\/\/www.eldigitaldeasturias.com\/noticias\/zelaya-de-nuevo-en-el-poder-esta-vez-desde-el-parlamento-tras-el-golpe-de-2009\/\" title=\"Zelaya de nuevo en el poder, esta vez desde el Parlamento, tras el golpe de 2009\">Zelaya de nuevo en el poder, esta vez desde el Parlamento, tras el golpe de 2009<\/a>\n<\/span><\/div>","aioseo_breadcrumb_json":[{"label":"Home","link":"https:\/\/www.eldigitaldeasturias.com\/noticias"},{"label":"Actualidad","link":"https:\/\/www.eldigitaldeasturias.com\/noticias\/category\/actualidad\/"},{"label":"Zelaya de nuevo en el poder, esta vez desde el Parlamento, tras el golpe de 2009","link":"https:\/\/www.eldigitaldeasturias.com\/noticias\/zelaya-de-nuevo-en-el-poder-esta-vez-desde-el-parlamento-tras-el-golpe-de-2009\/"}],"_links":{"self":[{"href":"https:\/\/www.eldigitaldeasturias.com\/noticias\/wp-json\/wp\/v2\/posts\/479083","targetHints":{"allow":["GET"]}}],"collection":[{"href":"https:\/\/www.eldigitaldeasturias.com\/noticias\/wp-json\/wp\/v2\/posts"}],"about":[{"href":"https:\/\/www.eldigitaldeasturias.com\/noticias\/wp-json\/wp\/v2\/types\/post"}],"author":[{"embeddable":true,"href":"https:\/\/www.eldigitaldeasturias.com\/noticias\/wp-json\/wp\/v2\/users\/1"}],"replies":[{"embeddable":true,"href":"https:\/\/www.eldigitaldeasturias.com\/noticias\/wp-json\/wp\/v2\/comments?post=479083"}],"version-history":[{"count":0,"href":"https:\/\/www.eldigitaldeasturias.com\/noticias\/wp-json\/wp\/v2\/posts\/479083\/revisions"}],"wp:featuredmedia":[{"embeddable":true,"href":"https:\/\/www.eldigitaldeasturias.com\/noticias\/wp-json\/wp\/v2\/media\/1132184"}],"wp:attachment":[{"href":"https:\/\/www.eldigitaldeasturias.com\/noticias\/wp-json\/wp\/v2\/media?parent=479083"}],"wp:term":[{"taxonomy":"category","embeddable":true,"href":"https:\/\/www.eldigitaldeasturias.com\/noticias\/wp-json\/wp\/v2\/categories?post=479083"},{"taxonomy":"post_tag","embeddable":true,"href":"https:\/\/www.eldigitaldeasturias.com\/noticias\/wp-json\/wp\/v2\/tags?post=479083"}],"curies":[{"name":"wp","href":"https:\/\/api.w.org\/{rel}","templated":true}]}}