{"id":479023,"date":"2014-01-25T23:00:01","date_gmt":"2014-01-26T00:00:01","guid":{"rendered":"http:\/\/www.eldigitaldeasturias.com\/noticias\/?p=479023"},"modified":"2014-01-25T23:00:01","modified_gmt":"2014-01-26T00:00:01","slug":"represion-y-violencia-tinen-de-sangre-el-aniversario-de-la-revolucion-egipcia","status":"publish","type":"post","link":"https:\/\/www.eldigitaldeasturias.com\/noticias\/represion-y-violencia-tinen-de-sangre-el-aniversario-de-la-revolucion-egipcia\/","title":{"rendered":"Represi\u00f3n y violencia ti\u00f1en de sangre el aniversario de la revoluci\u00f3n egipcia"},"content":{"rendered":"<p><img loading=\"lazy\" decoding=\"async\" class=\"alignleft size-medium wp-image-479024\" alt=\"5876645w\" src=\"https:\/\/www.eldigitaldeasturias.com\/noticias\/wp-content\/uploads\/2014\/01\/5876645w-360x239.jpg\" width=\"360\" height=\"239\" \/>El Cairo, 25 ene (EFE).- La represi\u00f3n de las protestas y una serie de actos de violencia se cobraron hoy la vida de una treintena de personas en Egipto, empa\u00f1ando la celebraci\u00f3n del tercer aniversario de la revoluci\u00f3n que desbanc\u00f3 a Hosni Mubarak.<\/p>\n<p>Seg\u00fan el Ministerio egipcio de Sanidad, al menos 29 personas murieron y otras 167 resultaron heridas en los choques que estallaron entre los manifestantes opositores, los favorables al Gobierno y polic\u00edas en distintas partes del pa\u00eds.<\/p>\n<p>Los fallecimientos se registraron en las provincias de El Cairo, Guiza (vecina a la capital), Alejandr\u00eda (norte) y Minia (sur).<\/p>\n<p>En la capital, agentes antidisturbios dispersaron por la fuerza a los seguidores del expresidente Mohamed Mursi, depuesto en julio pasado por el Ej\u00e9rcito, y les impidieron manifestarse en los barrios de Ciudad Naser y Mohandisin, entre otros.<\/p>\n<p>En los \u00faltimos meses, las autoridades han perseguido a los l\u00edderes y miembros de los Hermanos Musulmanes, declarados \u00abgrupo terrorista\u00bb en diciembre pasado y acusados de incitar a la violencia.<\/p>\n<p>La polic\u00eda tambi\u00e9n lanz\u00f3 gases lacrim\u00f3genos contra los activistas que intentaron acercarse a la c\u00e9ntrica plaza Tahrir y que hab\u00edan sido convocados por el llamado Frente de la V\u00eda de la Revoluci\u00f3n.<\/p>\n<p>Este frente est\u00e1 integrado por grupos revolucionarios como el 6 de Abril, instigador de la revuelta contra Mubarak y que tiene a sus principales l\u00edderes encarcelados y acusados de protestar ilegalmente y crear disturbios.<\/p>\n<p>Otras organizaciones, como el salafista Al Nur o el Partido de la Constituci\u00f3n, se hab\u00edan desmarcado de las movilizaciones para evitar el derramamiento de sangre.<\/p>\n<p>Mientras, al menos 250 personas fueron detenidas, sobre todo en El Cairo y Alejandr\u00eda, dijeron a Efe fuentes de seguridad, que agregaron que la polic\u00eda se incaut\u00f3 de cien explosivos de fabricaci\u00f3n casera.<\/p>\n<p>Frente a las protestas de los islamistas y los activistas revolucionarios, contrarios a la deriva que ha tomado Egipto bajo el mando del Ej\u00e9rcito, miles de simpatizantes de los militares tomaron Tahrir.<\/p>\n<p>En el emblem\u00e1tico centro de la revoluci\u00f3n del 25 de enero, que en 2011 derroc\u00f3 a Mubarak en 18 d\u00edas, los manifestantes ondearon banderas nacionales y bailaron al son de canciones patri\u00f3ticas y actuaciones durante toda la jornada.<\/p>\n<p>Tambi\u00e9n celebraron el reinstaurado D\u00eda de la Polic\u00eda, que precisamente aprovecharon los revolucionarios hace tres a\u00f1os para denunciar los abusos del r\u00e9gimen y entonar el conocido lema de \u00abpan, libertad y justicia social\u00bb.<\/p>\n<p>F\u00e9rreos controles se establecieron hoy en los accesos a la plaza, blindada por tanques del Ej\u00e9rcito y alambradas, y llena de retratos del ministro de Defensa y actual \u00abhombre fuerte\u00bb del pa\u00eds, el general Abdel Fatah al Sisi.<\/p>\n<p>El primer ministro, Hazem al Beblaui, se acerc\u00f3 entre fuertes medidas de seguridad a Tahrir, despu\u00e9s de que las autoridades llamasen a los egipcios a celebrar en masa el aniversario.<\/p>\n<p>Adem\u00e1s de las muertes en los enfrentamientos, la jornada estuvo marcada por otros actos violentos, que se unen a los cuatro atentados que ayer sacudieron la capital y causaron seis muertos.<\/p>\n<p>Cinco efectivos del Ej\u00e9rcito egipcio murieron hoy tras caer el helic\u00f3ptero militar en el que viajaban en la zona de Al Jaruba, cerca de la franja palestina de Gaza, en el norte de la pen\u00ednsula del Sina\u00ed.<\/p>\n<p>Por el momento se desconocen las causas del accidente, registrado en el convulso Sina\u00ed, donde se han incrementado las acciones contra las fuerzas del orden desde el derrocamiento de Mursi.<\/p>\n<p>Adem\u00e1s, un coche bomba explot\u00f3 en un campamento de la Seguridad Central en la provincia egipcia de Suez (noreste), causando nueve heridos, y posteriormente hubo un intercambio de disparos entre un grupo de hombres armados y efectivos de la Polic\u00eda y el Ej\u00e9rcito.<\/p>\n<p>El grupo extremista Ansar Beit al Maqdis (Seguidores de la casa de Jerusal\u00e9n), que se atribuy\u00f3 los ataques de ayer en la capital, hab\u00eda amenazado horas antes en un comunicado con atentar contra el Ministerio de Interior.<\/p>\n<p>En otro suceso, un peque\u00f1o artefacto explot\u00f3 frente a la Academia de la Polic\u00eda en El Cairo, sin causar v\u00edctimas ni importantes da\u00f1os materiales.<\/p>\n","protected":false},"excerpt":{"rendered":"<p>El Cairo, 25 ene (EFE).- La represi\u00f3n de las protestas y una serie de actos de violencia se cobraron hoy la vida de una treintena de personas en Egipto, empa\u00f1ando la celebraci\u00f3n del tercer aniversario de la revoluci\u00f3n que desbanc\u00f3 a Hosni Mubarak. Seg\u00fan el Ministerio egipcio de Sanidad, al menos 29 personas murieron y [&hellip;]<\/p>\n","protected":false},"author":1,"featured_media":1132184,"comment_status":"closed","ping_status":"open","sticky":false,"template":"","format":"standard","meta":{"footnotes":""},"categories":[1],"tags":[],"class_list":["post-479023","post","type-post","status-publish","format-standard","has-post-thumbnail","hentry","category-actualidad"],"aioseo_notices":[],"aioseo_head":"\n\t\t<!-- All in One SEO Pro 5.0.1 - aioseo.com -->\n\t<meta name=\"description\" content=\"El Cairo, 25 ene (EFE).- La represi\u00f3n de las protestas y una serie de actos de violencia se cobraron hoy la vida de una treintena de personas en Egipto, empa\u00f1ando la celebraci\u00f3n del tercer aniversario de la revoluci\u00f3n que desbanc\u00f3 a Hosni Mubarak. Seg\u00fan el Ministerio egipcio de Sanidad, al menos 29 personas murieron y\" \/>\n\t<meta name=\"robots\" content=\"max-image-preview:large\" \/>\n\t<meta name=\"author\" content=\"El Digital de Asturias\"\/>\n\t<meta name=\"google-site-verification\" content=\"UA-38556648-1\" \/>\n\t<meta name=\"msvalidate.01\" content=\"7dfe9f3f1b24437ab69f4f2559babe99\" \/>\n\t<meta name=\"keywords\" content=\"actualidad\" \/>\n\t<link rel=\"canonical\" href=\"https:\/\/www.eldigitaldeasturias.com\/noticias\/represion-y-violencia-tinen-de-sangre-el-aniversario-de-la-revolucion-egipcia\/\" \/>\n\t<meta name=\"generator\" content=\"All in One SEO Pro (AIOSEO) 5.0.1\" \/>\n\t\t<meta property=\"og:locale\" content=\"es_ES\" \/>\n\t\t<meta property=\"og:site_name\" content=\"El Digital de Asturias\" \/>\n\t\t<meta property=\"og:type\" content=\"article\" \/>\n\t\t<meta property=\"og:title\" content=\"Represi\u00f3n y violencia ti\u00f1en de sangre el aniversario de la revoluci\u00f3n egipcia - El Digital de Asturias\" \/>\n\t\t<meta property=\"og:description\" content=\"El Cairo, 25 ene (EFE).- La represi\u00f3n de las protestas y una serie de actos de violencia se cobraron hoy la vida de una treintena de personas en Egipto, empa\u00f1ando la celebraci\u00f3n del tercer aniversario de la revoluci\u00f3n que desbanc\u00f3 a Hosni Mubarak. Seg\u00fan el Ministerio egipcio de Sanidad, al menos 29 personas murieron y\" \/>\n\t\t<meta property=\"og:url\" content=\"https:\/\/www.eldigitaldeasturias.com\/noticias\/represion-y-violencia-tinen-de-sangre-el-aniversario-de-la-revolucion-egipcia\/\" \/>\n\t\t<meta property=\"og:image\" content=\"https:\/\/www.eldigitaldeasturias.com\/noticias\/wp-content\/uploads\/2026\/06\/Contenidos.jpg\" \/>\n\t\t<meta property=\"og:image:secure_url\" content=\"https:\/\/www.eldigitaldeasturias.com\/noticias\/wp-content\/uploads\/2026\/06\/Contenidos.jpg\" \/>\n\t\t<meta property=\"og:image:width\" content=\"1265\" \/>\n\t\t<meta property=\"og:image:height\" content=\"697\" \/>\n\t\t<meta property=\"article:tag\" content=\"actualidad\" \/>\n\t\t<meta property=\"article:published_time\" content=\"2014-01-26T00:00:01+00:00\" \/>\n\t\t<meta property=\"article:modified_time\" content=\"2014-01-26T00:00:01+00:00\" \/>\n\t\t<meta property=\"article:publisher\" content=\"https:\/\/facebook.com\/eldigitaldeasturias\" \/>\n\t\t<meta name=\"twitter:card\" content=\"summary_large_image\" \/>\n\t\t<meta name=\"twitter:title\" content=\"Represi\u00f3n y violencia ti\u00f1en de sangre el aniversario de la revoluci\u00f3n egipcia - El Digital de Asturias\" \/>\n\t\t<meta name=\"twitter:description\" content=\"El Cairo, 25 ene (EFE).- La represi\u00f3n de las protestas y una serie de actos de violencia se cobraron hoy la vida de una treintena de personas en Egipto, empa\u00f1ando la celebraci\u00f3n del tercer aniversario de la revoluci\u00f3n que desbanc\u00f3 a Hosni Mubarak. Seg\u00fan el Ministerio egipcio de Sanidad, al menos 29 personas murieron y\" \/>\n\t\t<meta name=\"twitter:image\" content=\"https:\/\/www.eldigitaldeasturias.com\/noticias\/wp-content\/uploads\/2026\/06\/Contenidos.jpg\" \/>\n\t\t<meta name=\"twitter:label1\" content=\"Escrito por\" \/>\n\t\t<meta name=\"twitter:data1\" content=\"El Digital de Asturias\" \/>\n\t\t<meta name=\"twitter:label2\" content=\"Tiempo de lectura estimado\" \/>\n\t\t<meta name=\"twitter:data2\" content=\"4 minutos\" \/>\n\t\t<script type=\"application\/ld+json\" class=\"aioseo-schema\">\n\t\t\t{\"@context\":\"https:\\\/\\\/schema.org\",\"@graph\":[{\"@type\":\"BlogPosting\",\"@id\":\"https:\\\/\\\/www.eldigitaldeasturias.com\\\/noticias\\\/represion-y-violencia-tinen-de-sangre-el-aniversario-de-la-revolucion-egipcia\\\/#blogposting\",\"name\":\"Represi\\u00f3n y violencia ti\\u00f1en de sangre el aniversario de la revoluci\\u00f3n egipcia - El Digital de Asturias\",\"headline\":\"Represi\\u00f3n y violencia ti\\u00f1en de sangre el aniversario de la revoluci\\u00f3n egipcia\",\"author\":{\"@id\":\"https:\\\/\\\/www.eldigitaldeasturias.com\\\/noticias\\\/author\\\/admin\\\/#author\"},\"publisher\":{\"@id\":\"https:\\\/\\\/www.eldigitaldeasturias.com\\\/noticias\\\/#organization\"},\"image\":{\"@type\":\"ImageObject\",\"url\":\"https:\\\/\\\/www.eldigitaldeasturias.com\\\/noticias\\\/wp-content\\\/uploads\\\/2026\\\/06\\\/Contenidos.jpg\",\"width\":1265,\"height\":697,\"caption\":\"Contenidos\"},\"datePublished\":\"2014-01-25T23:00:01+01:00\",\"dateModified\":\"2014-01-25T23:00:01+01:00\",\"inLanguage\":\"es-ES\",\"mainEntityOfPage\":{\"@id\":\"https:\\\/\\\/www.eldigitaldeasturias.com\\\/noticias\\\/represion-y-violencia-tinen-de-sangre-el-aniversario-de-la-revolucion-egipcia\\\/#webpage\"},\"isPartOf\":{\"@id\":\"https:\\\/\\\/www.eldigitaldeasturias.com\\\/noticias\\\/represion-y-violencia-tinen-de-sangre-el-aniversario-de-la-revolucion-egipcia\\\/#webpage\"},\"articleSection\":\"Actualidad\"},{\"@type\":\"BreadcrumbList\",\"@id\":\"https:\\\/\\\/www.eldigitaldeasturias.com\\\/noticias\\\/represion-y-violencia-tinen-de-sangre-el-aniversario-de-la-revolucion-egipcia\\\/#breadcrumblist\",\"itemListElement\":[{\"@type\":\"ListItem\",\"@id\":\"https:\\\/\\\/www.eldigitaldeasturias.com\\\/noticias#listItem\",\"position\":1,\"name\":\"Home\",\"item\":\"https:\\\/\\\/www.eldigitaldeasturias.com\\\/noticias\",\"nextItem\":{\"@type\":\"ListItem\",\"@id\":\"https:\\\/\\\/www.eldigitaldeasturias.com\\\/noticias\\\/category\\\/actualidad\\\/#listItem\",\"name\":\"Actualidad\"}},{\"@type\":\"ListItem\",\"@id\":\"https:\\\/\\\/www.eldigitaldeasturias.com\\\/noticias\\\/category\\\/actualidad\\\/#listItem\",\"position\":2,\"name\":\"Actualidad\",\"item\":\"https:\\\/\\\/www.eldigitaldeasturias.com\\\/noticias\\\/category\\\/actualidad\\\/\",\"nextItem\":{\"@type\":\"ListItem\",\"@id\":\"https:\\\/\\\/www.eldigitaldeasturias.com\\\/noticias\\\/represion-y-violencia-tinen-de-sangre-el-aniversario-de-la-revolucion-egipcia\\\/#listItem\",\"name\":\"Represi\\u00f3n y violencia ti\\u00f1en de sangre el aniversario de la revoluci\\u00f3n egipcia\"},\"previousItem\":{\"@type\":\"ListItem\",\"@id\":\"https:\\\/\\\/www.eldigitaldeasturias.com\\\/noticias#listItem\",\"name\":\"Home\"}},{\"@type\":\"ListItem\",\"@id\":\"https:\\\/\\\/www.eldigitaldeasturias.com\\\/noticias\\\/represion-y-violencia-tinen-de-sangre-el-aniversario-de-la-revolucion-egipcia\\\/#listItem\",\"position\":3,\"name\":\"Represi\\u00f3n y violencia ti\\u00f1en de sangre el aniversario de la revoluci\\u00f3n egipcia\",\"previousItem\":{\"@type\":\"ListItem\",\"@id\":\"https:\\\/\\\/www.eldigitaldeasturias.com\\\/noticias\\\/category\\\/actualidad\\\/#listItem\",\"name\":\"Actualidad\"}}]},{\"@type\":\"Organization\",\"@id\":\"https:\\\/\\\/www.eldigitaldeasturias.com\\\/noticias\\\/#organization\",\"name\":\"El Digital de Asturias\",\"description\":\"Hemeroteca\",\"url\":\"https:\\\/\\\/www.eldigitaldeasturias.com\\\/noticias\\\/\",\"email\":\"info@eldigitaldeasturias.com\",\"telephone\":\"+34652131393\",\"logo\":{\"@type\":\"ImageObject\",\"url\":\"https:\\\/\\\/www.eldigitaldeasturias.com\\\/noticias\\\/wp-content\\\/uploads\\\/2020\\\/12\\\/EDA.jpg\",\"@id\":\"https:\\\/\\\/www.eldigitaldeasturias.com\\\/noticias\\\/represion-y-violencia-tinen-de-sangre-el-aniversario-de-la-revolucion-egipcia\\\/#organizationLogo\"},\"image\":{\"@id\":\"https:\\\/\\\/www.eldigitaldeasturias.com\\\/noticias\\\/represion-y-violencia-tinen-de-sangre-el-aniversario-de-la-revolucion-egipcia\\\/#organizationLogo\"},\"sameAs\":[\"https:\\\/\\\/facebook.com\\\/eldigitaldeasturias\",\"https:\\\/\\\/www.youtube.com\\\/channel\\\/UCZP-2wLEB9Rv6erhFmqVnvg\"],\"address\":{\"@id\":\"https:\\\/\\\/www.eldigitaldeasturias.com\\\/noticias\\\/#postaladdress\",\"@type\":\"PostalAddress\",\"streetAddress\":\"san antonio 4\",\"postalCode\":\"33430\",\"addressLocality\":\"Cand\\u00e1s\",\"addressRegion\":\"Asturias\",\"addressCountry\":\"ES\"}},{\"@type\":\"Person\",\"@id\":\"https:\\\/\\\/www.eldigitaldeasturias.com\\\/noticias\\\/author\\\/admin\\\/#author\",\"url\":\"https:\\\/\\\/www.eldigitaldeasturias.com\\\/noticias\\\/author\\\/admin\\\/\",\"name\":\"El Digital de Asturias\",\"image\":{\"@type\":\"ImageObject\",\"@id\":\"https:\\\/\\\/www.eldigitaldeasturias.com\\\/noticias\\\/represion-y-violencia-tinen-de-sangre-el-aniversario-de-la-revolucion-egipcia\\\/#authorImage\",\"url\":\"https:\\\/\\\/secure.gravatar.com\\\/avatar\\\/df2aeffc32bcd13f8d26072ef8a91b623d677766deac7f97ca815868cd41bf5e?s=96&d=mm&r=g\",\"width\":96,\"height\":96,\"caption\":\"El Digital de Asturias\"}},{\"@type\":\"WebPage\",\"@id\":\"https:\\\/\\\/www.eldigitaldeasturias.com\\\/noticias\\\/represion-y-violencia-tinen-de-sangre-el-aniversario-de-la-revolucion-egipcia\\\/#webpage\",\"url\":\"https:\\\/\\\/www.eldigitaldeasturias.com\\\/noticias\\\/represion-y-violencia-tinen-de-sangre-el-aniversario-de-la-revolucion-egipcia\\\/\",\"name\":\"Represi\\u00f3n y violencia ti\\u00f1en de sangre el aniversario de la revoluci\\u00f3n egipcia - El Digital de Asturias\",\"description\":\"El Cairo, 25 ene (EFE).- La represi\\u00f3n de las protestas y una serie de actos de violencia se cobraron hoy la vida de una treintena de personas en Egipto, empa\\u00f1ando la celebraci\\u00f3n del tercer aniversario de la revoluci\\u00f3n que desbanc\\u00f3 a Hosni Mubarak. Seg\\u00fan el Ministerio egipcio de Sanidad, al menos 29 personas murieron y\",\"inLanguage\":\"es-ES\",\"isPartOf\":{\"@id\":\"https:\\\/\\\/www.eldigitaldeasturias.com\\\/noticias\\\/#website\"},\"breadcrumb\":{\"@id\":\"https:\\\/\\\/www.eldigitaldeasturias.com\\\/noticias\\\/represion-y-violencia-tinen-de-sangre-el-aniversario-de-la-revolucion-egipcia\\\/#breadcrumblist\"},\"author\":{\"@id\":\"https:\\\/\\\/www.eldigitaldeasturias.com\\\/noticias\\\/author\\\/admin\\\/#author\"},\"creator\":{\"@id\":\"https:\\\/\\\/www.eldigitaldeasturias.com\\\/noticias\\\/author\\\/admin\\\/#author\"},\"image\":{\"@type\":\"ImageObject\",\"url\":\"https:\\\/\\\/www.eldigitaldeasturias.com\\\/noticias\\\/wp-content\\\/uploads\\\/2026\\\/06\\\/Contenidos.jpg\",\"@id\":\"https:\\\/\\\/www.eldigitaldeasturias.com\\\/noticias\\\/represion-y-violencia-tinen-de-sangre-el-aniversario-de-la-revolucion-egipcia\\\/#mainImage\",\"width\":1265,\"height\":697,\"caption\":\"Contenidos\"},\"primaryImageOfPage\":{\"@id\":\"https:\\\/\\\/www.eldigitaldeasturias.com\\\/noticias\\\/represion-y-violencia-tinen-de-sangre-el-aniversario-de-la-revolucion-egipcia\\\/#mainImage\"},\"datePublished\":\"2014-01-25T23:00:01+01:00\",\"dateModified\":\"2014-01-25T23:00:01+01:00\"},{\"@type\":\"WebSite\",\"@id\":\"https:\\\/\\\/www.eldigitaldeasturias.com\\\/noticias\\\/#website\",\"url\":\"https:\\\/\\\/www.eldigitaldeasturias.com\\\/noticias\\\/\",\"name\":\"El Digital de Asturias - Diario de actualidad y noticias\",\"alternateName\":\"El Digital de Asturias - Diario de actualidad y noticias\",\"description\":\"Hemeroteca\",\"inLanguage\":\"es-ES\",\"publisher\":{\"@id\":\"https:\\\/\\\/www.eldigitaldeasturias.com\\\/noticias\\\/#organization\"}}]}\n\t\t<\/script>\n\t\t<!-- All in One SEO Pro -->\r\n\t\t<title>Represi\u00f3n y violencia ti\u00f1en de sangre el aniversario de la revoluci\u00f3n egipcia - El Digital de Asturias<\/title>\n\n","aioseo_head_json":{"title":"Represi\u00f3n y violencia ti\u00f1en de sangre el aniversario de la revoluci\u00f3n egipcia - El Digital de Asturias","description":"El Cairo, 25 ene (EFE).- La represi\u00f3n de las protestas y una serie de actos de violencia se cobraron hoy la vida de una treintena de personas en Egipto, empa\u00f1ando la celebraci\u00f3n del tercer aniversario de la revoluci\u00f3n que desbanc\u00f3 a Hosni Mubarak. Seg\u00fan el Ministerio egipcio de Sanidad, al menos 29 personas murieron y","canonical_url":"https:\/\/www.eldigitaldeasturias.com\/noticias\/represion-y-violencia-tinen-de-sangre-el-aniversario-de-la-revolucion-egipcia\/","robots":"max-image-preview:large","keywords":"actualidad","webmasterTools":{"google-site-verification":"UA-38556648-1","msvalidate.01":"7dfe9f3f1b24437ab69f4f2559babe99","miscellaneous":""},"schema":{"@context":"https:\/\/schema.org","@graph":[{"@type":"BlogPosting","@id":"https:\/\/www.eldigitaldeasturias.com\/noticias\/represion-y-violencia-tinen-de-sangre-el-aniversario-de-la-revolucion-egipcia\/#blogposting","name":"Represi\u00f3n y violencia ti\u00f1en de sangre el aniversario de la revoluci\u00f3n egipcia - El Digital de Asturias","headline":"Represi\u00f3n y violencia ti\u00f1en de sangre el aniversario de la revoluci\u00f3n egipcia","author":{"@id":"https:\/\/www.eldigitaldeasturias.com\/noticias\/author\/admin\/#author"},"publisher":{"@id":"https:\/\/www.eldigitaldeasturias.com\/noticias\/#organization"},"image":{"@type":"ImageObject","url":"https:\/\/www.eldigitaldeasturias.com\/noticias\/wp-content\/uploads\/2026\/06\/Contenidos.jpg","width":1265,"height":697,"caption":"Contenidos"},"datePublished":"2014-01-25T23:00:01+01:00","dateModified":"2014-01-25T23:00:01+01:00","inLanguage":"es-ES","mainEntityOfPage":{"@id":"https:\/\/www.eldigitaldeasturias.com\/noticias\/represion-y-violencia-tinen-de-sangre-el-aniversario-de-la-revolucion-egipcia\/#webpage"},"isPartOf":{"@id":"https:\/\/www.eldigitaldeasturias.com\/noticias\/represion-y-violencia-tinen-de-sangre-el-aniversario-de-la-revolucion-egipcia\/#webpage"},"articleSection":"Actualidad"},{"@type":"BreadcrumbList","@id":"https:\/\/www.eldigitaldeasturias.com\/noticias\/represion-y-violencia-tinen-de-sangre-el-aniversario-de-la-revolucion-egipcia\/#breadcrumblist","itemListElement":[{"@type":"ListItem","@id":"https:\/\/www.eldigitaldeasturias.com\/noticias#listItem","position":1,"name":"Home","item":"https:\/\/www.eldigitaldeasturias.com\/noticias","nextItem":{"@type":"ListItem","@id":"https:\/\/www.eldigitaldeasturias.com\/noticias\/category\/actualidad\/#listItem","name":"Actualidad"}},{"@type":"ListItem","@id":"https:\/\/www.eldigitaldeasturias.com\/noticias\/category\/actualidad\/#listItem","position":2,"name":"Actualidad","item":"https:\/\/www.eldigitaldeasturias.com\/noticias\/category\/actualidad\/","nextItem":{"@type":"ListItem","@id":"https:\/\/www.eldigitaldeasturias.com\/noticias\/represion-y-violencia-tinen-de-sangre-el-aniversario-de-la-revolucion-egipcia\/#listItem","name":"Represi\u00f3n y violencia ti\u00f1en de sangre el aniversario de la revoluci\u00f3n egipcia"},"previousItem":{"@type":"ListItem","@id":"https:\/\/www.eldigitaldeasturias.com\/noticias#listItem","name":"Home"}},{"@type":"ListItem","@id":"https:\/\/www.eldigitaldeasturias.com\/noticias\/represion-y-violencia-tinen-de-sangre-el-aniversario-de-la-revolucion-egipcia\/#listItem","position":3,"name":"Represi\u00f3n y violencia ti\u00f1en de sangre el aniversario de la revoluci\u00f3n egipcia","previousItem":{"@type":"ListItem","@id":"https:\/\/www.eldigitaldeasturias.com\/noticias\/category\/actualidad\/#listItem","name":"Actualidad"}}]},{"@type":"Organization","@id":"https:\/\/www.eldigitaldeasturias.com\/noticias\/#organization","name":"El Digital de Asturias","description":"Hemeroteca","url":"https:\/\/www.eldigitaldeasturias.com\/noticias\/","email":"info@eldigitaldeasturias.com","telephone":"+34652131393","logo":{"@type":"ImageObject","url":"https:\/\/www.eldigitaldeasturias.com\/noticias\/wp-content\/uploads\/2020\/12\/EDA.jpg","@id":"https:\/\/www.eldigitaldeasturias.com\/noticias\/represion-y-violencia-tinen-de-sangre-el-aniversario-de-la-revolucion-egipcia\/#organizationLogo"},"image":{"@id":"https:\/\/www.eldigitaldeasturias.com\/noticias\/represion-y-violencia-tinen-de-sangre-el-aniversario-de-la-revolucion-egipcia\/#organizationLogo"},"sameAs":["https:\/\/facebook.com\/eldigitaldeasturias","https:\/\/www.youtube.com\/channel\/UCZP-2wLEB9Rv6erhFmqVnvg"],"address":{"@id":"https:\/\/www.eldigitaldeasturias.com\/noticias\/#postaladdress","@type":"PostalAddress","streetAddress":"san antonio 4","postalCode":"33430","addressLocality":"Cand\u00e1s","addressRegion":"Asturias","addressCountry":"ES"}},{"@type":"Person","@id":"https:\/\/www.eldigitaldeasturias.com\/noticias\/author\/admin\/#author","url":"https:\/\/www.eldigitaldeasturias.com\/noticias\/author\/admin\/","name":"El Digital de Asturias","image":{"@type":"ImageObject","@id":"https:\/\/www.eldigitaldeasturias.com\/noticias\/represion-y-violencia-tinen-de-sangre-el-aniversario-de-la-revolucion-egipcia\/#authorImage","url":"https:\/\/secure.gravatar.com\/avatar\/df2aeffc32bcd13f8d26072ef8a91b623d677766deac7f97ca815868cd41bf5e?s=96&d=mm&r=g","width":96,"height":96,"caption":"El Digital de Asturias"}},{"@type":"WebPage","@id":"https:\/\/www.eldigitaldeasturias.com\/noticias\/represion-y-violencia-tinen-de-sangre-el-aniversario-de-la-revolucion-egipcia\/#webpage","url":"https:\/\/www.eldigitaldeasturias.com\/noticias\/represion-y-violencia-tinen-de-sangre-el-aniversario-de-la-revolucion-egipcia\/","name":"Represi\u00f3n y violencia ti\u00f1en de sangre el aniversario de la revoluci\u00f3n egipcia - El Digital de Asturias","description":"El Cairo, 25 ene (EFE).- La represi\u00f3n de las protestas y una serie de actos de violencia se cobraron hoy la vida de una treintena de personas en Egipto, empa\u00f1ando la celebraci\u00f3n del tercer aniversario de la revoluci\u00f3n que desbanc\u00f3 a Hosni Mubarak. Seg\u00fan el Ministerio egipcio de Sanidad, al menos 29 personas murieron y","inLanguage":"es-ES","isPartOf":{"@id":"https:\/\/www.eldigitaldeasturias.com\/noticias\/#website"},"breadcrumb":{"@id":"https:\/\/www.eldigitaldeasturias.com\/noticias\/represion-y-violencia-tinen-de-sangre-el-aniversario-de-la-revolucion-egipcia\/#breadcrumblist"},"author":{"@id":"https:\/\/www.eldigitaldeasturias.com\/noticias\/author\/admin\/#author"},"creator":{"@id":"https:\/\/www.eldigitaldeasturias.com\/noticias\/author\/admin\/#author"},"image":{"@type":"ImageObject","url":"https:\/\/www.eldigitaldeasturias.com\/noticias\/wp-content\/uploads\/2026\/06\/Contenidos.jpg","@id":"https:\/\/www.eldigitaldeasturias.com\/noticias\/represion-y-violencia-tinen-de-sangre-el-aniversario-de-la-revolucion-egipcia\/#mainImage","width":1265,"height":697,"caption":"Contenidos"},"primaryImageOfPage":{"@id":"https:\/\/www.eldigitaldeasturias.com\/noticias\/represion-y-violencia-tinen-de-sangre-el-aniversario-de-la-revolucion-egipcia\/#mainImage"},"datePublished":"2014-01-25T23:00:01+01:00","dateModified":"2014-01-25T23:00:01+01:00"},{"@type":"WebSite","@id":"https:\/\/www.eldigitaldeasturias.com\/noticias\/#website","url":"https:\/\/www.eldigitaldeasturias.com\/noticias\/","name":"El Digital de Asturias - Diario de actualidad y noticias","alternateName":"El Digital de Asturias - Diario de actualidad y noticias","description":"Hemeroteca","inLanguage":"es-ES","publisher":{"@id":"https:\/\/www.eldigitaldeasturias.com\/noticias\/#organization"}}]},"og:locale":"es_ES","og:site_name":"El Digital de Asturias","og:type":"article","og:title":"Represi\u00f3n y violencia ti\u00f1en de sangre el aniversario de la revoluci\u00f3n egipcia - El Digital de Asturias","og:description":"El Cairo, 25 ene (EFE).- La represi\u00f3n de las protestas y una serie de actos de violencia se cobraron hoy la vida de una treintena de personas en Egipto, empa\u00f1ando la celebraci\u00f3n del tercer aniversario de la revoluci\u00f3n que desbanc\u00f3 a Hosni Mubarak. Seg\u00fan el Ministerio egipcio de Sanidad, al menos 29 personas murieron y","og:url":"https:\/\/www.eldigitaldeasturias.com\/noticias\/represion-y-violencia-tinen-de-sangre-el-aniversario-de-la-revolucion-egipcia\/","og:image":"https:\/\/www.eldigitaldeasturias.com\/noticias\/wp-content\/uploads\/2026\/06\/Contenidos.jpg","og:image:secure_url":"https:\/\/www.eldigitaldeasturias.com\/noticias\/wp-content\/uploads\/2026\/06\/Contenidos.jpg","og:image:width":1265,"og:image:height":697,"article:tag":["actualidad"],"article:published_time":"2014-01-26T00:00:01+00:00","article:modified_time":"2014-01-26T00:00:01+00:00","article:publisher":"https:\/\/facebook.com\/eldigitaldeasturias","twitter:card":"summary_large_image","twitter:title":"Represi\u00f3n y violencia ti\u00f1en de sangre el aniversario de la revoluci\u00f3n egipcia - El Digital de Asturias","twitter:description":"El Cairo, 25 ene (EFE).- La represi\u00f3n de las protestas y una serie de actos de violencia se cobraron hoy la vida de una treintena de personas en Egipto, empa\u00f1ando la celebraci\u00f3n del tercer aniversario de la revoluci\u00f3n que desbanc\u00f3 a Hosni Mubarak. Seg\u00fan el Ministerio egipcio de Sanidad, al menos 29 personas murieron y","twitter:image":"https:\/\/www.eldigitaldeasturias.com\/noticias\/wp-content\/uploads\/2026\/06\/Contenidos.jpg","twitter:label1":"Escrito por","twitter:data1":"El Digital de Asturias","twitter:label2":"Tiempo de lectura estimado","twitter:data2":"4 minutos"},"aioseo_meta_data":{"post_id":"479023","title":null,"description":null,"keywords":null,"keyphrases":null,"primary_term":null,"canonical_url":null,"og_title":null,"og_description":null,"og_object_type":"default","og_image_type":"default","og_image_url":null,"og_image_width":null,"og_image_height":null,"og_image_custom_url":null,"og_image_custom_fields":null,"og_video":null,"og_custom_url":null,"og_article_section":null,"og_article_tags":null,"twitter_use_og":true,"twitter_card":"default","twitter_image_type":"default","twitter_image_url":null,"twitter_image_custom_url":null,"twitter_image_custom_fields":null,"twitter_title":null,"twitter_description":null,"schema":{"blockGraphs":[],"customGraphs":[],"default":{"data":{"Article":[],"Course":[],"Dataset":[],"FAQPage":[],"Movie":[],"Person":[],"Product":[],"ProductReview":[],"Car":[],"Recipe":[],"Service":[],"SoftwareApplication":[],"WebPage":[]},"graphName":"","isEnabled":true},"graphs":[],"defaultGraph":"","defaultPostTypeGraph":""},"schema_type":null,"schema_type_options":null,"pillar_content":false,"robots_default":true,"robots_noindex":false,"robots_noarchive":false,"robots_nosnippet":false,"robots_nofollow":false,"robots_noimageindex":false,"robots_noodp":false,"robots_notranslate":false,"robots_max_snippet":null,"robots_max_videopreview":null,"robots_max_imagepreview":"none","priority":null,"frequency":null,"local_seo":null,"seo_analyzer_scan_date":"2026-06-01 23:15:45","breadcrumb_settings":null,"limit_modified_date":false,"open_ai":null,"ai":null,"created":"2020-11-14 22:54:00","updated":"2026-06-01 23:15:45","focus_keyword":null,"additional_keywords":null,"truseo_locale":null},"aioseo_breadcrumb":"<div class=\"aioseo-breadcrumbs\"><span class=\"aioseo-breadcrumb\">\n\t<a href=\"https:\/\/www.eldigitaldeasturias.com\/noticias\" title=\"Home\">Home<\/a>\n<\/span><span class=\"aioseo-breadcrumb-separator\">\u2013<\/span><span class=\"aioseo-breadcrumb\">\n\t<a href=\"https:\/\/www.eldigitaldeasturias.com\/noticias\/category\/actualidad\/\" title=\"Actualidad\">Actualidad<\/a>\n<\/span><span class=\"aioseo-breadcrumb-separator\">\u2013<\/span><span class=\"aioseo-breadcrumb\">\n\t<a href=\"https:\/\/www.eldigitaldeasturias.com\/noticias\/represion-y-violencia-tinen-de-sangre-el-aniversario-de-la-revolucion-egipcia\/\" title=\"Represi\u00f3n y violencia ti\u00f1en de sangre el aniversario de la revoluci\u00f3n egipcia\">Represi\u00f3n y violencia ti\u00f1en de sangre el aniversario de la revoluci\u00f3n egipcia<\/a>\n<\/span><\/div>","aioseo_breadcrumb_json":[{"label":"Home","link":"https:\/\/www.eldigitaldeasturias.com\/noticias"},{"label":"Actualidad","link":"https:\/\/www.eldigitaldeasturias.com\/noticias\/category\/actualidad\/"},{"label":"Represi\u00f3n y violencia ti\u00f1en de sangre el aniversario de la revoluci\u00f3n egipcia","link":"https:\/\/www.eldigitaldeasturias.com\/noticias\/represion-y-violencia-tinen-de-sangre-el-aniversario-de-la-revolucion-egipcia\/"}],"_links":{"self":[{"href":"https:\/\/www.eldigitaldeasturias.com\/noticias\/wp-json\/wp\/v2\/posts\/479023","targetHints":{"allow":["GET"]}}],"collection":[{"href":"https:\/\/www.eldigitaldeasturias.com\/noticias\/wp-json\/wp\/v2\/posts"}],"about":[{"href":"https:\/\/www.eldigitaldeasturias.com\/noticias\/wp-json\/wp\/v2\/types\/post"}],"author":[{"embeddable":true,"href":"https:\/\/www.eldigitaldeasturias.com\/noticias\/wp-json\/wp\/v2\/users\/1"}],"replies":[{"embeddable":true,"href":"https:\/\/www.eldigitaldeasturias.com\/noticias\/wp-json\/wp\/v2\/comments?post=479023"}],"version-history":[{"count":0,"href":"https:\/\/www.eldigitaldeasturias.com\/noticias\/wp-json\/wp\/v2\/posts\/479023\/revisions"}],"wp:featuredmedia":[{"embeddable":true,"href":"https:\/\/www.eldigitaldeasturias.com\/noticias\/wp-json\/wp\/v2\/media\/1132184"}],"wp:attachment":[{"href":"https:\/\/www.eldigitaldeasturias.com\/noticias\/wp-json\/wp\/v2\/media?parent=479023"}],"wp:term":[{"taxonomy":"category","embeddable":true,"href":"https:\/\/www.eldigitaldeasturias.com\/noticias\/wp-json\/wp\/v2\/categories?post=479023"},{"taxonomy":"post_tag","embeddable":true,"href":"https:\/\/www.eldigitaldeasturias.com\/noticias\/wp-json\/wp\/v2\/tags?post=479023"}],"curies":[{"name":"wp","href":"https:\/\/api.w.org\/{rel}","templated":true}]}}