{"id":479017,"date":"2014-01-25T22:57:17","date_gmt":"2014-01-25T23:57:17","guid":{"rendered":"http:\/\/www.eldigitaldeasturias.com\/noticias\/?p=479017"},"modified":"2014-01-25T22:57:17","modified_gmt":"2014-01-25T23:57:17","slug":"alemania-calienta-motores-ante-las-elecciones-europeas-del-proximo-mayo","status":"publish","type":"post","link":"https:\/\/www.eldigitaldeasturias.com\/noticias\/alemania-calienta-motores-ante-las-elecciones-europeas-del-proximo-mayo\/","title":{"rendered":"Alemania calienta motores ante las elecciones europeas del pr\u00f3ximo mayo"},"content":{"rendered":"<p><img loading=\"lazy\" decoding=\"async\" class=\"alignleft size-medium wp-image-479018\" alt=\"5876744w\" src=\"https:\/\/www.eldigitaldeasturias.com\/noticias\/wp-content\/uploads\/2014\/01\/5876744w-360x260.jpg\" width=\"360\" height=\"260\" \/>Berl\u00edn, 25 ene (EFE).- Los partidos alemanes calientan motores ante las elecciones al Parlamento Europeo (PE) que se celebran el pr\u00f3ximo 25 de mayo y tres de las principales formaciones germanas han aprovechado este fin de semana para presentar oficialmente a los cabezas de lista que concurrir\u00e1n a estos comicios.<\/p>\n<p>Los socios de gobierno de la Uni\u00f3n Cristianodem\u00f3crata (CDU) de Angela Merkel, la b\u00e1vara Uni\u00f3n Socialdem\u00f3crata (CSU) y el Partido Socialdem\u00f3crata (SPD), junto a los euroesc\u00e9pticos de Alternativa por Alemania (AfD) eligen este fin de semana los candidatos n\u00fameros uno de sus respectivas formaciones para el PE.<\/p>\n<p>El actual presidente del Parlamento Europeo, Martin Schulz, ser\u00e1 proclamado este domingo en el congreso que el SPD celebra en la capital alemana como n\u00famero uno de la lista que la formaci\u00f3n socialdem\u00f3crata planea presentar a la elecciones europeas.<\/p>\n<p>Schulz ser\u00e1 adem\u00e1s el candidato de la socialdemocracia europea para dirigir la Comisi\u00f3n Europea durante la pr\u00f3xima legislatura despu\u00e9s de la decisi\u00f3n del Partido Socialista Europeo anunciada el pasado mes de noviembre.<\/p>\n<p>En una entrevista publicada hoy por el rotativo alem\u00e1n \u00abBild\u00bb, Schulz expuso que, de conseguir dicho nombramiento como presidente de la Comisi\u00f3n pretende potenciar el cambio de modelo energ\u00e9tico a imagen del impulsado por el gobierno de Berl\u00edn a ra\u00edz de la cat\u00e1strofe nuclear de Fukushima en 2011.<\/p>\n<p>\u00abEuropa debe ocuparse de las grandes cuestiones\u00bb afirm\u00f3 Schulz quien calific\u00f3 la transformaci\u00f3n de patr\u00f3n energ\u00e9tico como \u00abuna de las tareas del siglo\u00bb<\/p>\n<p>Por su parte, la CSU de Baviera (sur), la otra formaci\u00f3n que gobierna junto a Merkel en Berl\u00edn, escogi\u00f3 hoy a Markus Ferber con el 98,3 por ciento de los votos positivos de los 236 delegados que se reunieron hoy en el congreso de este partido en M\u00fanich (sur).<\/p>\n<p>Bruselas no es ninguna desconocida para Ferber que es miembro del PE desde 1994 y desde hace 15 a\u00f1os desempe\u00f1a la labor de presidente de la facci\u00f3n del partido conservador en la c\u00e1mara comunitaria.<\/p>\n<p>La CSU se ha visto envuelta en los \u00faltimos tiempos en una fuerte pol\u00e9mica con las autoridades europeas, ya que algunos dirigentes de la formaci\u00f3n b\u00e1vara acusaron a aquellas de fomentar la llegada de inmigrantes parados a Alemania, especialmente rumanos y b\u00falgaros.<\/p>\n<p>Sin embargo, el l\u00edder de la CSU y jefe de Gobierno de Baviera , Horst Seehofer defendi\u00f3 que no pretenden realizar una campa\u00f1a antieuropea sino mejorar el funcionamiento de Europa.<\/p>\n<p>\u00abNosotros queremos a Europa, estamos con Europa, apoyamos a Europa\u00bb apunt\u00f3 Seehofer<\/p>\n<p>Por su parte, el partido euroesc\u00e9ptico Alternativa por Alemania (AfD), que defiende el abandono voluntario de la zona euro de los pa\u00edses del sur afectados por la crisis, proclam\u00f3 hoy a su presidente, Bernd Lucke, como cabeza de lista para las elecciones al Parlamento Europeo que tendr\u00e1n lugar el pr\u00f3ximo mayo.<\/p>\n<p>Lucke recibi\u00f3 hoy el apoyo mayoritario de sus correligionarios al obtener 261 votos de los 297 posibles en el congreso que la formaci\u00f3n alemana celebra este fin de semana en la localidad b\u00e1vara de Aschaffenburg (sur de Alemania).<\/p>\n<p>\u00abM\u00e1s Europa no es la respuesta para los problemas de Europa\u00bb defendi\u00f3 en su alocuci\u00f3n Lucke, profesor de econom\u00eda de la universidad de Hamburgo, que censur\u00f3 los programas de rescate de la zona euro y las pol\u00edticas del Banco Central Europeo (BCE).<\/p>\n<p>Junto a Lucke, se presentar\u00e1 como n\u00famero dos en las listas de AfD el antiguo jefe de IBM y expresidente de la Asociaci\u00f3n de la Industria Alemana (BDI), Hans-Olaf Henkel, quien en los \u00faltimos a\u00f1os se ha convertido en uno de los cr\u00edticos m\u00e1s vehementes de la uni\u00f3n monetaria.<\/p>\n<p>Los partidos teutones necesitan obtener un resultado superior al 3 por ciento de los votos para conseguir representaci\u00f3n en el parlamento europeo, despu\u00e9s de que el pasado octubre el presidente alem\u00e1n, Joachim Gauck, ratificase la rebaja del umbral m\u00ednimo que se situaba anteriormente en el 5 por ciento.<\/p>\n","protected":false},"excerpt":{"rendered":"<p>Berl\u00edn, 25 ene (EFE).- Los partidos alemanes calientan motores ante las elecciones al Parlamento Europeo (PE) que se celebran el pr\u00f3ximo 25 de mayo y tres de las principales formaciones germanas han aprovechado este fin de semana para presentar oficialmente a los cabezas de lista que concurrir\u00e1n a estos comicios. Los socios de gobierno de [&hellip;]<\/p>\n","protected":false},"author":1,"featured_media":1132184,"comment_status":"closed","ping_status":"open","sticky":false,"template":"","format":"standard","meta":{"footnotes":""},"categories":[1],"tags":[],"class_list":["post-479017","post","type-post","status-publish","format-standard","has-post-thumbnail","hentry","category-actualidad"],"aioseo_notices":[],"aioseo_head":"\n\t\t<!-- All in One SEO Pro 5.0.1 - aioseo.com -->\n\t<meta name=\"description\" content=\"Berl\u00edn, 25 ene (EFE).- Los partidos alemanes calientan motores ante las elecciones al Parlamento Europeo (PE) que se celebran el pr\u00f3ximo 25 de mayo y tres de las principales formaciones germanas han aprovechado este fin de semana para presentar oficialmente a los cabezas de lista que concurrir\u00e1n a estos comicios. Los socios de gobierno de\" \/>\n\t<meta name=\"robots\" content=\"max-image-preview:large\" \/>\n\t<meta name=\"author\" content=\"El Digital de Asturias\"\/>\n\t<meta name=\"google-site-verification\" content=\"UA-38556648-1\" \/>\n\t<meta name=\"msvalidate.01\" content=\"7dfe9f3f1b24437ab69f4f2559babe99\" \/>\n\t<meta name=\"keywords\" content=\"actualidad\" \/>\n\t<link rel=\"canonical\" href=\"https:\/\/www.eldigitaldeasturias.com\/noticias\/alemania-calienta-motores-ante-las-elecciones-europeas-del-proximo-mayo\/\" \/>\n\t<meta name=\"generator\" content=\"All in One SEO Pro (AIOSEO) 5.0.1\" \/>\n\t\t<meta property=\"og:locale\" content=\"es_ES\" \/>\n\t\t<meta property=\"og:site_name\" content=\"El Digital de Asturias\" \/>\n\t\t<meta property=\"og:type\" content=\"article\" \/>\n\t\t<meta property=\"og:title\" content=\"Alemania calienta motores ante las elecciones europeas del pr\u00f3ximo mayo - El Digital de Asturias\" \/>\n\t\t<meta property=\"og:description\" content=\"Berl\u00edn, 25 ene (EFE).- Los partidos alemanes calientan motores ante las elecciones al Parlamento Europeo (PE) que se celebran el pr\u00f3ximo 25 de mayo y tres de las principales formaciones germanas han aprovechado este fin de semana para presentar oficialmente a los cabezas de lista que concurrir\u00e1n a estos comicios. Los socios de gobierno de\" \/>\n\t\t<meta property=\"og:url\" content=\"https:\/\/www.eldigitaldeasturias.com\/noticias\/alemania-calienta-motores-ante-las-elecciones-europeas-del-proximo-mayo\/\" \/>\n\t\t<meta property=\"og:image\" content=\"https:\/\/www.eldigitaldeasturias.com\/noticias\/wp-content\/uploads\/2026\/06\/Contenidos.jpg\" \/>\n\t\t<meta property=\"og:image:secure_url\" content=\"https:\/\/www.eldigitaldeasturias.com\/noticias\/wp-content\/uploads\/2026\/06\/Contenidos.jpg\" \/>\n\t\t<meta property=\"og:image:width\" content=\"1265\" \/>\n\t\t<meta property=\"og:image:height\" content=\"697\" \/>\n\t\t<meta property=\"article:tag\" content=\"actualidad\" \/>\n\t\t<meta property=\"article:published_time\" content=\"2014-01-25T23:57:17+00:00\" \/>\n\t\t<meta property=\"article:modified_time\" content=\"2014-01-25T23:57:17+00:00\" \/>\n\t\t<meta property=\"article:publisher\" content=\"https:\/\/facebook.com\/eldigitaldeasturias\" \/>\n\t\t<meta name=\"twitter:card\" content=\"summary_large_image\" \/>\n\t\t<meta name=\"twitter:title\" content=\"Alemania calienta motores ante las elecciones europeas del pr\u00f3ximo mayo - El Digital de Asturias\" \/>\n\t\t<meta name=\"twitter:description\" content=\"Berl\u00edn, 25 ene (EFE).- Los partidos alemanes calientan motores ante las elecciones al Parlamento Europeo (PE) que se celebran el pr\u00f3ximo 25 de mayo y tres de las principales formaciones germanas han aprovechado este fin de semana para presentar oficialmente a los cabezas de lista que concurrir\u00e1n a estos comicios. Los socios de gobierno de\" \/>\n\t\t<meta name=\"twitter:image\" content=\"https:\/\/www.eldigitaldeasturias.com\/noticias\/wp-content\/uploads\/2026\/06\/Contenidos.jpg\" \/>\n\t\t<meta name=\"twitter:label1\" content=\"Escrito por\" \/>\n\t\t<meta name=\"twitter:data1\" content=\"El Digital de Asturias\" \/>\n\t\t<meta name=\"twitter:label2\" content=\"Tiempo de lectura estimado\" \/>\n\t\t<meta name=\"twitter:data2\" content=\"3 minutos\" \/>\n\t\t<script type=\"application\/ld+json\" class=\"aioseo-schema\">\n\t\t\t{\"@context\":\"https:\\\/\\\/schema.org\",\"@graph\":[{\"@type\":\"BlogPosting\",\"@id\":\"https:\\\/\\\/www.eldigitaldeasturias.com\\\/noticias\\\/alemania-calienta-motores-ante-las-elecciones-europeas-del-proximo-mayo\\\/#blogposting\",\"name\":\"Alemania calienta motores ante las elecciones europeas del pr\\u00f3ximo mayo - El Digital de Asturias\",\"headline\":\"Alemania calienta motores ante las elecciones europeas del pr\\u00f3ximo mayo\",\"author\":{\"@id\":\"https:\\\/\\\/www.eldigitaldeasturias.com\\\/noticias\\\/author\\\/admin\\\/#author\"},\"publisher\":{\"@id\":\"https:\\\/\\\/www.eldigitaldeasturias.com\\\/noticias\\\/#organization\"},\"image\":{\"@type\":\"ImageObject\",\"url\":\"https:\\\/\\\/www.eldigitaldeasturias.com\\\/noticias\\\/wp-content\\\/uploads\\\/2026\\\/06\\\/Contenidos.jpg\",\"width\":1265,\"height\":697,\"caption\":\"Contenidos\"},\"datePublished\":\"2014-01-25T22:57:17+01:00\",\"dateModified\":\"2014-01-25T22:57:17+01:00\",\"inLanguage\":\"es-ES\",\"mainEntityOfPage\":{\"@id\":\"https:\\\/\\\/www.eldigitaldeasturias.com\\\/noticias\\\/alemania-calienta-motores-ante-las-elecciones-europeas-del-proximo-mayo\\\/#webpage\"},\"isPartOf\":{\"@id\":\"https:\\\/\\\/www.eldigitaldeasturias.com\\\/noticias\\\/alemania-calienta-motores-ante-las-elecciones-europeas-del-proximo-mayo\\\/#webpage\"},\"articleSection\":\"Actualidad\"},{\"@type\":\"BreadcrumbList\",\"@id\":\"https:\\\/\\\/www.eldigitaldeasturias.com\\\/noticias\\\/alemania-calienta-motores-ante-las-elecciones-europeas-del-proximo-mayo\\\/#breadcrumblist\",\"itemListElement\":[{\"@type\":\"ListItem\",\"@id\":\"https:\\\/\\\/www.eldigitaldeasturias.com\\\/noticias#listItem\",\"position\":1,\"name\":\"Home\",\"item\":\"https:\\\/\\\/www.eldigitaldeasturias.com\\\/noticias\",\"nextItem\":{\"@type\":\"ListItem\",\"@id\":\"https:\\\/\\\/www.eldigitaldeasturias.com\\\/noticias\\\/category\\\/actualidad\\\/#listItem\",\"name\":\"Actualidad\"}},{\"@type\":\"ListItem\",\"@id\":\"https:\\\/\\\/www.eldigitaldeasturias.com\\\/noticias\\\/category\\\/actualidad\\\/#listItem\",\"position\":2,\"name\":\"Actualidad\",\"item\":\"https:\\\/\\\/www.eldigitaldeasturias.com\\\/noticias\\\/category\\\/actualidad\\\/\",\"nextItem\":{\"@type\":\"ListItem\",\"@id\":\"https:\\\/\\\/www.eldigitaldeasturias.com\\\/noticias\\\/alemania-calienta-motores-ante-las-elecciones-europeas-del-proximo-mayo\\\/#listItem\",\"name\":\"Alemania calienta motores ante las elecciones europeas del pr\\u00f3ximo mayo\"},\"previousItem\":{\"@type\":\"ListItem\",\"@id\":\"https:\\\/\\\/www.eldigitaldeasturias.com\\\/noticias#listItem\",\"name\":\"Home\"}},{\"@type\":\"ListItem\",\"@id\":\"https:\\\/\\\/www.eldigitaldeasturias.com\\\/noticias\\\/alemania-calienta-motores-ante-las-elecciones-europeas-del-proximo-mayo\\\/#listItem\",\"position\":3,\"name\":\"Alemania calienta motores ante las elecciones europeas del pr\\u00f3ximo mayo\",\"previousItem\":{\"@type\":\"ListItem\",\"@id\":\"https:\\\/\\\/www.eldigitaldeasturias.com\\\/noticias\\\/category\\\/actualidad\\\/#listItem\",\"name\":\"Actualidad\"}}]},{\"@type\":\"Organization\",\"@id\":\"https:\\\/\\\/www.eldigitaldeasturias.com\\\/noticias\\\/#organization\",\"name\":\"El Digital de Asturias\",\"description\":\"Hemeroteca\",\"url\":\"https:\\\/\\\/www.eldigitaldeasturias.com\\\/noticias\\\/\",\"email\":\"info@eldigitaldeasturias.com\",\"telephone\":\"+34652131393\",\"logo\":{\"@type\":\"ImageObject\",\"url\":\"https:\\\/\\\/www.eldigitaldeasturias.com\\\/noticias\\\/wp-content\\\/uploads\\\/2020\\\/12\\\/EDA.jpg\",\"@id\":\"https:\\\/\\\/www.eldigitaldeasturias.com\\\/noticias\\\/alemania-calienta-motores-ante-las-elecciones-europeas-del-proximo-mayo\\\/#organizationLogo\"},\"image\":{\"@id\":\"https:\\\/\\\/www.eldigitaldeasturias.com\\\/noticias\\\/alemania-calienta-motores-ante-las-elecciones-europeas-del-proximo-mayo\\\/#organizationLogo\"},\"sameAs\":[\"https:\\\/\\\/facebook.com\\\/eldigitaldeasturias\",\"https:\\\/\\\/www.youtube.com\\\/channel\\\/UCZP-2wLEB9Rv6erhFmqVnvg\"],\"address\":{\"@id\":\"https:\\\/\\\/www.eldigitaldeasturias.com\\\/noticias\\\/#postaladdress\",\"@type\":\"PostalAddress\",\"streetAddress\":\"san antonio 4\",\"postalCode\":\"33430\",\"addressLocality\":\"Cand\\u00e1s\",\"addressRegion\":\"Asturias\",\"addressCountry\":\"ES\"}},{\"@type\":\"Person\",\"@id\":\"https:\\\/\\\/www.eldigitaldeasturias.com\\\/noticias\\\/author\\\/admin\\\/#author\",\"url\":\"https:\\\/\\\/www.eldigitaldeasturias.com\\\/noticias\\\/author\\\/admin\\\/\",\"name\":\"El Digital de Asturias\",\"image\":{\"@type\":\"ImageObject\",\"@id\":\"https:\\\/\\\/www.eldigitaldeasturias.com\\\/noticias\\\/alemania-calienta-motores-ante-las-elecciones-europeas-del-proximo-mayo\\\/#authorImage\",\"url\":\"https:\\\/\\\/secure.gravatar.com\\\/avatar\\\/df2aeffc32bcd13f8d26072ef8a91b623d677766deac7f97ca815868cd41bf5e?s=96&d=mm&r=g\",\"width\":96,\"height\":96,\"caption\":\"El Digital de Asturias\"}},{\"@type\":\"WebPage\",\"@id\":\"https:\\\/\\\/www.eldigitaldeasturias.com\\\/noticias\\\/alemania-calienta-motores-ante-las-elecciones-europeas-del-proximo-mayo\\\/#webpage\",\"url\":\"https:\\\/\\\/www.eldigitaldeasturias.com\\\/noticias\\\/alemania-calienta-motores-ante-las-elecciones-europeas-del-proximo-mayo\\\/\",\"name\":\"Alemania calienta motores ante las elecciones europeas del pr\\u00f3ximo mayo - El Digital de Asturias\",\"description\":\"Berl\\u00edn, 25 ene (EFE).- Los partidos alemanes calientan motores ante las elecciones al Parlamento Europeo (PE) que se celebran el pr\\u00f3ximo 25 de mayo y tres de las principales formaciones germanas han aprovechado este fin de semana para presentar oficialmente a los cabezas de lista que concurrir\\u00e1n a estos comicios. Los socios de gobierno de\",\"inLanguage\":\"es-ES\",\"isPartOf\":{\"@id\":\"https:\\\/\\\/www.eldigitaldeasturias.com\\\/noticias\\\/#website\"},\"breadcrumb\":{\"@id\":\"https:\\\/\\\/www.eldigitaldeasturias.com\\\/noticias\\\/alemania-calienta-motores-ante-las-elecciones-europeas-del-proximo-mayo\\\/#breadcrumblist\"},\"author\":{\"@id\":\"https:\\\/\\\/www.eldigitaldeasturias.com\\\/noticias\\\/author\\\/admin\\\/#author\"},\"creator\":{\"@id\":\"https:\\\/\\\/www.eldigitaldeasturias.com\\\/noticias\\\/author\\\/admin\\\/#author\"},\"image\":{\"@type\":\"ImageObject\",\"url\":\"https:\\\/\\\/www.eldigitaldeasturias.com\\\/noticias\\\/wp-content\\\/uploads\\\/2026\\\/06\\\/Contenidos.jpg\",\"@id\":\"https:\\\/\\\/www.eldigitaldeasturias.com\\\/noticias\\\/alemania-calienta-motores-ante-las-elecciones-europeas-del-proximo-mayo\\\/#mainImage\",\"width\":1265,\"height\":697,\"caption\":\"Contenidos\"},\"primaryImageOfPage\":{\"@id\":\"https:\\\/\\\/www.eldigitaldeasturias.com\\\/noticias\\\/alemania-calienta-motores-ante-las-elecciones-europeas-del-proximo-mayo\\\/#mainImage\"},\"datePublished\":\"2014-01-25T22:57:17+01:00\",\"dateModified\":\"2014-01-25T22:57:17+01:00\"},{\"@type\":\"WebSite\",\"@id\":\"https:\\\/\\\/www.eldigitaldeasturias.com\\\/noticias\\\/#website\",\"url\":\"https:\\\/\\\/www.eldigitaldeasturias.com\\\/noticias\\\/\",\"name\":\"El Digital de Asturias - Diario de actualidad y noticias\",\"alternateName\":\"El Digital de Asturias - Diario de actualidad y noticias\",\"description\":\"Hemeroteca\",\"inLanguage\":\"es-ES\",\"publisher\":{\"@id\":\"https:\\\/\\\/www.eldigitaldeasturias.com\\\/noticias\\\/#organization\"}}]}\n\t\t<\/script>\n\t\t<!-- All in One SEO Pro -->\r\n\t\t<title>Alemania calienta motores ante las elecciones europeas del pr\u00f3ximo mayo - El Digital de Asturias<\/title>\n\n","aioseo_head_json":{"title":"Alemania calienta motores ante las elecciones europeas del pr\u00f3ximo mayo - El Digital de Asturias","description":"Berl\u00edn, 25 ene (EFE).- Los partidos alemanes calientan motores ante las elecciones al Parlamento Europeo (PE) que se celebran el pr\u00f3ximo 25 de mayo y tres de las principales formaciones germanas han aprovechado este fin de semana para presentar oficialmente a los cabezas de lista que concurrir\u00e1n a estos comicios. Los socios de gobierno de","canonical_url":"https:\/\/www.eldigitaldeasturias.com\/noticias\/alemania-calienta-motores-ante-las-elecciones-europeas-del-proximo-mayo\/","robots":"max-image-preview:large","keywords":"actualidad","webmasterTools":{"google-site-verification":"UA-38556648-1","msvalidate.01":"7dfe9f3f1b24437ab69f4f2559babe99","miscellaneous":""},"schema":{"@context":"https:\/\/schema.org","@graph":[{"@type":"BlogPosting","@id":"https:\/\/www.eldigitaldeasturias.com\/noticias\/alemania-calienta-motores-ante-las-elecciones-europeas-del-proximo-mayo\/#blogposting","name":"Alemania calienta motores ante las elecciones europeas del pr\u00f3ximo mayo - El Digital de Asturias","headline":"Alemania calienta motores ante las elecciones europeas del pr\u00f3ximo mayo","author":{"@id":"https:\/\/www.eldigitaldeasturias.com\/noticias\/author\/admin\/#author"},"publisher":{"@id":"https:\/\/www.eldigitaldeasturias.com\/noticias\/#organization"},"image":{"@type":"ImageObject","url":"https:\/\/www.eldigitaldeasturias.com\/noticias\/wp-content\/uploads\/2026\/06\/Contenidos.jpg","width":1265,"height":697,"caption":"Contenidos"},"datePublished":"2014-01-25T22:57:17+01:00","dateModified":"2014-01-25T22:57:17+01:00","inLanguage":"es-ES","mainEntityOfPage":{"@id":"https:\/\/www.eldigitaldeasturias.com\/noticias\/alemania-calienta-motores-ante-las-elecciones-europeas-del-proximo-mayo\/#webpage"},"isPartOf":{"@id":"https:\/\/www.eldigitaldeasturias.com\/noticias\/alemania-calienta-motores-ante-las-elecciones-europeas-del-proximo-mayo\/#webpage"},"articleSection":"Actualidad"},{"@type":"BreadcrumbList","@id":"https:\/\/www.eldigitaldeasturias.com\/noticias\/alemania-calienta-motores-ante-las-elecciones-europeas-del-proximo-mayo\/#breadcrumblist","itemListElement":[{"@type":"ListItem","@id":"https:\/\/www.eldigitaldeasturias.com\/noticias#listItem","position":1,"name":"Home","item":"https:\/\/www.eldigitaldeasturias.com\/noticias","nextItem":{"@type":"ListItem","@id":"https:\/\/www.eldigitaldeasturias.com\/noticias\/category\/actualidad\/#listItem","name":"Actualidad"}},{"@type":"ListItem","@id":"https:\/\/www.eldigitaldeasturias.com\/noticias\/category\/actualidad\/#listItem","position":2,"name":"Actualidad","item":"https:\/\/www.eldigitaldeasturias.com\/noticias\/category\/actualidad\/","nextItem":{"@type":"ListItem","@id":"https:\/\/www.eldigitaldeasturias.com\/noticias\/alemania-calienta-motores-ante-las-elecciones-europeas-del-proximo-mayo\/#listItem","name":"Alemania calienta motores ante las elecciones europeas del pr\u00f3ximo mayo"},"previousItem":{"@type":"ListItem","@id":"https:\/\/www.eldigitaldeasturias.com\/noticias#listItem","name":"Home"}},{"@type":"ListItem","@id":"https:\/\/www.eldigitaldeasturias.com\/noticias\/alemania-calienta-motores-ante-las-elecciones-europeas-del-proximo-mayo\/#listItem","position":3,"name":"Alemania calienta motores ante las elecciones europeas del pr\u00f3ximo mayo","previousItem":{"@type":"ListItem","@id":"https:\/\/www.eldigitaldeasturias.com\/noticias\/category\/actualidad\/#listItem","name":"Actualidad"}}]},{"@type":"Organization","@id":"https:\/\/www.eldigitaldeasturias.com\/noticias\/#organization","name":"El Digital de Asturias","description":"Hemeroteca","url":"https:\/\/www.eldigitaldeasturias.com\/noticias\/","email":"info@eldigitaldeasturias.com","telephone":"+34652131393","logo":{"@type":"ImageObject","url":"https:\/\/www.eldigitaldeasturias.com\/noticias\/wp-content\/uploads\/2020\/12\/EDA.jpg","@id":"https:\/\/www.eldigitaldeasturias.com\/noticias\/alemania-calienta-motores-ante-las-elecciones-europeas-del-proximo-mayo\/#organizationLogo"},"image":{"@id":"https:\/\/www.eldigitaldeasturias.com\/noticias\/alemania-calienta-motores-ante-las-elecciones-europeas-del-proximo-mayo\/#organizationLogo"},"sameAs":["https:\/\/facebook.com\/eldigitaldeasturias","https:\/\/www.youtube.com\/channel\/UCZP-2wLEB9Rv6erhFmqVnvg"],"address":{"@id":"https:\/\/www.eldigitaldeasturias.com\/noticias\/#postaladdress","@type":"PostalAddress","streetAddress":"san antonio 4","postalCode":"33430","addressLocality":"Cand\u00e1s","addressRegion":"Asturias","addressCountry":"ES"}},{"@type":"Person","@id":"https:\/\/www.eldigitaldeasturias.com\/noticias\/author\/admin\/#author","url":"https:\/\/www.eldigitaldeasturias.com\/noticias\/author\/admin\/","name":"El Digital de Asturias","image":{"@type":"ImageObject","@id":"https:\/\/www.eldigitaldeasturias.com\/noticias\/alemania-calienta-motores-ante-las-elecciones-europeas-del-proximo-mayo\/#authorImage","url":"https:\/\/secure.gravatar.com\/avatar\/df2aeffc32bcd13f8d26072ef8a91b623d677766deac7f97ca815868cd41bf5e?s=96&d=mm&r=g","width":96,"height":96,"caption":"El Digital de Asturias"}},{"@type":"WebPage","@id":"https:\/\/www.eldigitaldeasturias.com\/noticias\/alemania-calienta-motores-ante-las-elecciones-europeas-del-proximo-mayo\/#webpage","url":"https:\/\/www.eldigitaldeasturias.com\/noticias\/alemania-calienta-motores-ante-las-elecciones-europeas-del-proximo-mayo\/","name":"Alemania calienta motores ante las elecciones europeas del pr\u00f3ximo mayo - El Digital de Asturias","description":"Berl\u00edn, 25 ene (EFE).- Los partidos alemanes calientan motores ante las elecciones al Parlamento Europeo (PE) que se celebran el pr\u00f3ximo 25 de mayo y tres de las principales formaciones germanas han aprovechado este fin de semana para presentar oficialmente a los cabezas de lista que concurrir\u00e1n a estos comicios. Los socios de gobierno de","inLanguage":"es-ES","isPartOf":{"@id":"https:\/\/www.eldigitaldeasturias.com\/noticias\/#website"},"breadcrumb":{"@id":"https:\/\/www.eldigitaldeasturias.com\/noticias\/alemania-calienta-motores-ante-las-elecciones-europeas-del-proximo-mayo\/#breadcrumblist"},"author":{"@id":"https:\/\/www.eldigitaldeasturias.com\/noticias\/author\/admin\/#author"},"creator":{"@id":"https:\/\/www.eldigitaldeasturias.com\/noticias\/author\/admin\/#author"},"image":{"@type":"ImageObject","url":"https:\/\/www.eldigitaldeasturias.com\/noticias\/wp-content\/uploads\/2026\/06\/Contenidos.jpg","@id":"https:\/\/www.eldigitaldeasturias.com\/noticias\/alemania-calienta-motores-ante-las-elecciones-europeas-del-proximo-mayo\/#mainImage","width":1265,"height":697,"caption":"Contenidos"},"primaryImageOfPage":{"@id":"https:\/\/www.eldigitaldeasturias.com\/noticias\/alemania-calienta-motores-ante-las-elecciones-europeas-del-proximo-mayo\/#mainImage"},"datePublished":"2014-01-25T22:57:17+01:00","dateModified":"2014-01-25T22:57:17+01:00"},{"@type":"WebSite","@id":"https:\/\/www.eldigitaldeasturias.com\/noticias\/#website","url":"https:\/\/www.eldigitaldeasturias.com\/noticias\/","name":"El Digital de Asturias - Diario de actualidad y noticias","alternateName":"El Digital de Asturias - Diario de actualidad y noticias","description":"Hemeroteca","inLanguage":"es-ES","publisher":{"@id":"https:\/\/www.eldigitaldeasturias.com\/noticias\/#organization"}}]},"og:locale":"es_ES","og:site_name":"El Digital de Asturias","og:type":"article","og:title":"Alemania calienta motores ante las elecciones europeas del pr\u00f3ximo mayo - El Digital de Asturias","og:description":"Berl\u00edn, 25 ene (EFE).- Los partidos alemanes calientan motores ante las elecciones al Parlamento Europeo (PE) que se celebran el pr\u00f3ximo 25 de mayo y tres de las principales formaciones germanas han aprovechado este fin de semana para presentar oficialmente a los cabezas de lista que concurrir\u00e1n a estos comicios. Los socios de gobierno de","og:url":"https:\/\/www.eldigitaldeasturias.com\/noticias\/alemania-calienta-motores-ante-las-elecciones-europeas-del-proximo-mayo\/","og:image":"https:\/\/www.eldigitaldeasturias.com\/noticias\/wp-content\/uploads\/2026\/06\/Contenidos.jpg","og:image:secure_url":"https:\/\/www.eldigitaldeasturias.com\/noticias\/wp-content\/uploads\/2026\/06\/Contenidos.jpg","og:image:width":1265,"og:image:height":697,"article:tag":["actualidad"],"article:published_time":"2014-01-25T23:57:17+00:00","article:modified_time":"2014-01-25T23:57:17+00:00","article:publisher":"https:\/\/facebook.com\/eldigitaldeasturias","twitter:card":"summary_large_image","twitter:title":"Alemania calienta motores ante las elecciones europeas del pr\u00f3ximo mayo - El Digital de Asturias","twitter:description":"Berl\u00edn, 25 ene (EFE).- Los partidos alemanes calientan motores ante las elecciones al Parlamento Europeo (PE) que se celebran el pr\u00f3ximo 25 de mayo y tres de las principales formaciones germanas han aprovechado este fin de semana para presentar oficialmente a los cabezas de lista que concurrir\u00e1n a estos comicios. Los socios de gobierno de","twitter:image":"https:\/\/www.eldigitaldeasturias.com\/noticias\/wp-content\/uploads\/2026\/06\/Contenidos.jpg","twitter:label1":"Escrito por","twitter:data1":"El Digital de Asturias","twitter:label2":"Tiempo de lectura estimado","twitter:data2":"3 minutos"},"aioseo_meta_data":{"post_id":"479017","title":null,"description":null,"keywords":null,"keyphrases":null,"primary_term":null,"canonical_url":null,"og_title":null,"og_description":null,"og_object_type":"default","og_image_type":"default","og_image_url":null,"og_image_width":null,"og_image_height":null,"og_image_custom_url":null,"og_image_custom_fields":null,"og_video":null,"og_custom_url":null,"og_article_section":null,"og_article_tags":null,"twitter_use_og":true,"twitter_card":"default","twitter_image_type":"default","twitter_image_url":null,"twitter_image_custom_url":null,"twitter_image_custom_fields":null,"twitter_title":null,"twitter_description":null,"schema":{"blockGraphs":[],"customGraphs":[],"default":{"data":{"Article":[],"Course":[],"Dataset":[],"FAQPage":[],"Movie":[],"Person":[],"Product":[],"ProductReview":[],"Car":[],"Recipe":[],"Service":[],"SoftwareApplication":[],"WebPage":[]},"graphName":"","isEnabled":true},"graphs":[],"defaultGraph":"","defaultPostTypeGraph":""},"schema_type":null,"schema_type_options":null,"pillar_content":false,"robots_default":true,"robots_noindex":false,"robots_noarchive":false,"robots_nosnippet":false,"robots_nofollow":false,"robots_noimageindex":false,"robots_noodp":false,"robots_notranslate":false,"robots_max_snippet":null,"robots_max_videopreview":null,"robots_max_imagepreview":"none","priority":null,"frequency":null,"local_seo":null,"seo_analyzer_scan_date":"2026-06-01 23:13:33","breadcrumb_settings":null,"limit_modified_date":false,"open_ai":null,"ai":null,"created":"2020-11-14 22:53:59","updated":"2026-06-01 23:13:33","focus_keyword":null,"additional_keywords":null,"truseo_locale":null},"aioseo_breadcrumb":"<div class=\"aioseo-breadcrumbs\"><span class=\"aioseo-breadcrumb\">\n\t<a href=\"https:\/\/www.eldigitaldeasturias.com\/noticias\" title=\"Home\">Home<\/a>\n<\/span><span class=\"aioseo-breadcrumb-separator\">\u2013<\/span><span class=\"aioseo-breadcrumb\">\n\t<a href=\"https:\/\/www.eldigitaldeasturias.com\/noticias\/category\/actualidad\/\" title=\"Actualidad\">Actualidad<\/a>\n<\/span><span class=\"aioseo-breadcrumb-separator\">\u2013<\/span><span class=\"aioseo-breadcrumb\">\n\t<a href=\"https:\/\/www.eldigitaldeasturias.com\/noticias\/alemania-calienta-motores-ante-las-elecciones-europeas-del-proximo-mayo\/\" title=\"Alemania calienta motores ante las elecciones europeas del pr\u00f3ximo mayo\">Alemania calienta motores ante las elecciones europeas del pr\u00f3ximo mayo<\/a>\n<\/span><\/div>","aioseo_breadcrumb_json":[{"label":"Home","link":"https:\/\/www.eldigitaldeasturias.com\/noticias"},{"label":"Actualidad","link":"https:\/\/www.eldigitaldeasturias.com\/noticias\/category\/actualidad\/"},{"label":"Alemania calienta motores ante las elecciones europeas del pr\u00f3ximo mayo","link":"https:\/\/www.eldigitaldeasturias.com\/noticias\/alemania-calienta-motores-ante-las-elecciones-europeas-del-proximo-mayo\/"}],"_links":{"self":[{"href":"https:\/\/www.eldigitaldeasturias.com\/noticias\/wp-json\/wp\/v2\/posts\/479017","targetHints":{"allow":["GET"]}}],"collection":[{"href":"https:\/\/www.eldigitaldeasturias.com\/noticias\/wp-json\/wp\/v2\/posts"}],"about":[{"href":"https:\/\/www.eldigitaldeasturias.com\/noticias\/wp-json\/wp\/v2\/types\/post"}],"author":[{"embeddable":true,"href":"https:\/\/www.eldigitaldeasturias.com\/noticias\/wp-json\/wp\/v2\/users\/1"}],"replies":[{"embeddable":true,"href":"https:\/\/www.eldigitaldeasturias.com\/noticias\/wp-json\/wp\/v2\/comments?post=479017"}],"version-history":[{"count":0,"href":"https:\/\/www.eldigitaldeasturias.com\/noticias\/wp-json\/wp\/v2\/posts\/479017\/revisions"}],"wp:featuredmedia":[{"embeddable":true,"href":"https:\/\/www.eldigitaldeasturias.com\/noticias\/wp-json\/wp\/v2\/media\/1132184"}],"wp:attachment":[{"href":"https:\/\/www.eldigitaldeasturias.com\/noticias\/wp-json\/wp\/v2\/media?parent=479017"}],"wp:term":[{"taxonomy":"category","embeddable":true,"href":"https:\/\/www.eldigitaldeasturias.com\/noticias\/wp-json\/wp\/v2\/categories?post=479017"},{"taxonomy":"post_tag","embeddable":true,"href":"https:\/\/www.eldigitaldeasturias.com\/noticias\/wp-json\/wp\/v2\/tags?post=479017"}],"curies":[{"name":"wp","href":"https:\/\/api.w.org\/{rel}","templated":true}]}}