{"id":479008,"date":"2014-01-25T22:50:19","date_gmt":"2014-01-25T23:50:19","guid":{"rendered":"http:\/\/www.eldigitaldeasturias.com\/noticias\/?p=479008"},"modified":"2014-01-25T22:50:19","modified_gmt":"2014-01-25T23:50:19","slug":"mata-pasa-el-reconocimiento-medico-y-el-domingo-se-entrenara-con-el-united","status":"publish","type":"post","link":"https:\/\/www.eldigitaldeasturias.com\/noticias\/mata-pasa-el-reconocimiento-medico-y-el-domingo-se-entrenara-con-el-united\/","title":{"rendered":"Mata pasa el reconocimiento m\u00e9dico y el domingo se entrenar\u00e1 con el United"},"content":{"rendered":"<p><img loading=\"lazy\" decoding=\"async\" class=\"alignleft size-medium wp-image-479009\" alt=\"5876590w\" src=\"https:\/\/www.eldigitaldeasturias.com\/noticias\/wp-content\/uploads\/2014\/01\/5876590w-360x226.jpg\" width=\"360\" height=\"226\" \/>Redacci\u00f3n deportes, 25 ene (EFE).- El centrocampista espa\u00f1ol Juan Mata pas\u00f3 el reconocimiento m\u00e9dico con el Manchester United para ponerse a disposici\u00f3n David Moyes, responsable de la plantilla &#8216;red&#8217;, con la que se entrenar\u00e1 ya a partir de ma\u00f1ana, domingo.<\/p>\n<p>Mata, que lleg\u00f3 a Manchester esta ma\u00f1ana en helic\u00f3ptero procedente de Londres y fue recibido por el propio Moyes, s\u00f3lo est\u00e1 pendiente de disponer de toda la documentaci\u00f3n, firma incluida, para presentarla a la Premier League y, poder ser considerado como futbolista del United a todos los efectos.<\/p>\n<p>El internacional espa\u00f1ol se enfundar\u00e1 la camiseta con el n\u00famero siete, un dorsal que han llevado en la espalda m\u00edticos futbolistas de la entidad como David Beckham, el portugu\u00e9s Cristiano Ronaldo, el franc\u00e9s Eric Cantona, Bryan Johnson o George Best, entre otros.<\/p>\n<p>El United y el Chelsea cerraron el viernes el acuerdo para traspasar al centrocampista espa\u00f1ol, que a\u00fan debe definir y plasmar sus condiciones contractuales con la entidad.<\/p>\n<p>Mata, tercer mejor futbolista de la Premier League la pasada temporada y el mejor del Chelsea, ha buscado acomodo en Old Trafford, donde se reencontrar\u00e1 con el portero David de Gea, a quien conoce bien de su etapa en la selecci\u00f3n espa\u00f1ola Sub-21.<\/p>\n<p>El Manchester United pagar\u00e1 al Chelsea cerca de 45 millones de euros, la operaci\u00f3n m\u00e1s cuantiosa en la historia del club red. Mata se comprometer\u00e1 por lo que resta de temporada y las cuatro siguientes.<\/p>\n<p>La operaci\u00f3n por Mata, por el que el Chelsea pag\u00f3 veinte millones al Valencia, supera otros grandes desembolsos realizados por el Manchester United. La contrataci\u00f3n del espa\u00f1ol es superior al coste del b\u00falgaro Dimitar Berbatov (35 millones al Tottenham), el belga Marouane Fellaini, por el que pagaron 33 millones al Everton, o por la de Wayne Rooney, por el que, tambi\u00e9n procedente del Everton, pag\u00f3 30 millones. El holand\u00e9s Robin Van Persie supuso al Manchester United un montante de 28 millones.<\/p>\n","protected":false},"excerpt":{"rendered":"<p>Redacci\u00f3n deportes, 25 ene (EFE).- El centrocampista espa\u00f1ol Juan Mata pas\u00f3 el reconocimiento m\u00e9dico con el Manchester United para ponerse a disposici\u00f3n David Moyes, responsable de la plantilla &#8216;red&#8217;, con la que se entrenar\u00e1 ya a partir de ma\u00f1ana, domingo. Mata, que lleg\u00f3 a Manchester esta ma\u00f1ana en helic\u00f3ptero procedente de Londres y fue recibido [&hellip;]<\/p>\n","protected":false},"author":1,"featured_media":1132184,"comment_status":"closed","ping_status":"open","sticky":false,"template":"","format":"standard","meta":{"footnotes":""},"categories":[1],"tags":[],"class_list":["post-479008","post","type-post","status-publish","format-standard","has-post-thumbnail","hentry","category-actualidad"],"aioseo_notices":[],"aioseo_head":"\n\t\t<!-- All in One SEO Pro 5.0.1 - aioseo.com -->\n\t<meta name=\"description\" content=\"Redacci\u00f3n deportes, 25 ene (EFE).- El centrocampista espa\u00f1ol Juan Mata pas\u00f3 el reconocimiento m\u00e9dico con el Manchester United para ponerse a disposici\u00f3n David Moyes, responsable de la plantilla &#039;red&#039;, con la que se entrenar\u00e1 ya a partir de ma\u00f1ana, domingo. Mata, que lleg\u00f3 a Manchester esta ma\u00f1ana en helic\u00f3ptero procedente de Londres y fue recibido\" \/>\n\t<meta name=\"robots\" content=\"max-image-preview:large\" \/>\n\t<meta name=\"author\" content=\"El Digital de Asturias\"\/>\n\t<meta name=\"google-site-verification\" content=\"UA-38556648-1\" \/>\n\t<meta name=\"msvalidate.01\" content=\"7dfe9f3f1b24437ab69f4f2559babe99\" \/>\n\t<meta name=\"keywords\" content=\"actualidad\" \/>\n\t<link rel=\"canonical\" href=\"https:\/\/www.eldigitaldeasturias.com\/noticias\/mata-pasa-el-reconocimiento-medico-y-el-domingo-se-entrenara-con-el-united\/\" \/>\n\t<meta name=\"generator\" content=\"All in One SEO Pro (AIOSEO) 5.0.1\" \/>\n\t\t<meta property=\"og:locale\" content=\"es_ES\" \/>\n\t\t<meta property=\"og:site_name\" content=\"El Digital de Asturias\" \/>\n\t\t<meta property=\"og:type\" content=\"article\" \/>\n\t\t<meta property=\"og:title\" content=\"Mata pasa el reconocimiento m\u00e9dico y el domingo se entrenar\u00e1 con el United - El Digital de Asturias\" \/>\n\t\t<meta property=\"og:description\" content=\"Redacci\u00f3n deportes, 25 ene (EFE).- El centrocampista espa\u00f1ol Juan Mata pas\u00f3 el reconocimiento m\u00e9dico con el Manchester United para ponerse a disposici\u00f3n David Moyes, responsable de la plantilla &#039;red&#039;, con la que se entrenar\u00e1 ya a partir de ma\u00f1ana, domingo. Mata, que lleg\u00f3 a Manchester esta ma\u00f1ana en helic\u00f3ptero procedente de Londres y fue recibido\" \/>\n\t\t<meta property=\"og:url\" content=\"https:\/\/www.eldigitaldeasturias.com\/noticias\/mata-pasa-el-reconocimiento-medico-y-el-domingo-se-entrenara-con-el-united\/\" \/>\n\t\t<meta property=\"og:image\" content=\"https:\/\/www.eldigitaldeasturias.com\/noticias\/wp-content\/uploads\/2026\/06\/Contenidos.jpg\" \/>\n\t\t<meta property=\"og:image:secure_url\" content=\"https:\/\/www.eldigitaldeasturias.com\/noticias\/wp-content\/uploads\/2026\/06\/Contenidos.jpg\" \/>\n\t\t<meta property=\"og:image:width\" content=\"1265\" \/>\n\t\t<meta property=\"og:image:height\" content=\"697\" \/>\n\t\t<meta property=\"article:tag\" content=\"actualidad\" \/>\n\t\t<meta property=\"article:published_time\" content=\"2014-01-25T23:50:19+00:00\" \/>\n\t\t<meta property=\"article:modified_time\" content=\"2014-01-25T23:50:19+00:00\" \/>\n\t\t<meta property=\"article:publisher\" content=\"https:\/\/facebook.com\/eldigitaldeasturias\" \/>\n\t\t<meta name=\"twitter:card\" content=\"summary_large_image\" \/>\n\t\t<meta name=\"twitter:title\" content=\"Mata pasa el reconocimiento m\u00e9dico y el domingo se entrenar\u00e1 con el United - El Digital de Asturias\" \/>\n\t\t<meta name=\"twitter:description\" content=\"Redacci\u00f3n deportes, 25 ene (EFE).- El centrocampista espa\u00f1ol Juan Mata pas\u00f3 el reconocimiento m\u00e9dico con el Manchester United para ponerse a disposici\u00f3n David Moyes, responsable de la plantilla &#039;red&#039;, con la que se entrenar\u00e1 ya a partir de ma\u00f1ana, domingo. Mata, que lleg\u00f3 a Manchester esta ma\u00f1ana en helic\u00f3ptero procedente de Londres y fue recibido\" \/>\n\t\t<meta name=\"twitter:image\" content=\"https:\/\/www.eldigitaldeasturias.com\/noticias\/wp-content\/uploads\/2026\/06\/Contenidos.jpg\" \/>\n\t\t<meta name=\"twitter:label1\" content=\"Escrito por\" \/>\n\t\t<meta name=\"twitter:data1\" content=\"El Digital de Asturias\" \/>\n\t\t<meta name=\"twitter:label2\" content=\"Tiempo de lectura estimado\" \/>\n\t\t<meta name=\"twitter:data2\" content=\"2 minutos\" \/>\n\t\t<script type=\"application\/ld+json\" class=\"aioseo-schema\">\n\t\t\t{\"@context\":\"https:\\\/\\\/schema.org\",\"@graph\":[{\"@type\":\"BlogPosting\",\"@id\":\"https:\\\/\\\/www.eldigitaldeasturias.com\\\/noticias\\\/mata-pasa-el-reconocimiento-medico-y-el-domingo-se-entrenara-con-el-united\\\/#blogposting\",\"name\":\"Mata pasa el reconocimiento m\\u00e9dico y el domingo se entrenar\\u00e1 con el United - El Digital de Asturias\",\"headline\":\"Mata pasa el reconocimiento m\\u00e9dico y el domingo se entrenar\\u00e1 con el United\",\"author\":{\"@id\":\"https:\\\/\\\/www.eldigitaldeasturias.com\\\/noticias\\\/author\\\/admin\\\/#author\"},\"publisher\":{\"@id\":\"https:\\\/\\\/www.eldigitaldeasturias.com\\\/noticias\\\/#organization\"},\"image\":{\"@type\":\"ImageObject\",\"url\":\"https:\\\/\\\/www.eldigitaldeasturias.com\\\/noticias\\\/wp-content\\\/uploads\\\/2026\\\/06\\\/Contenidos.jpg\",\"width\":1265,\"height\":697,\"caption\":\"Contenidos\"},\"datePublished\":\"2014-01-25T22:50:19+01:00\",\"dateModified\":\"2014-01-25T22:50:19+01:00\",\"inLanguage\":\"es-ES\",\"mainEntityOfPage\":{\"@id\":\"https:\\\/\\\/www.eldigitaldeasturias.com\\\/noticias\\\/mata-pasa-el-reconocimiento-medico-y-el-domingo-se-entrenara-con-el-united\\\/#webpage\"},\"isPartOf\":{\"@id\":\"https:\\\/\\\/www.eldigitaldeasturias.com\\\/noticias\\\/mata-pasa-el-reconocimiento-medico-y-el-domingo-se-entrenara-con-el-united\\\/#webpage\"},\"articleSection\":\"Actualidad\"},{\"@type\":\"BreadcrumbList\",\"@id\":\"https:\\\/\\\/www.eldigitaldeasturias.com\\\/noticias\\\/mata-pasa-el-reconocimiento-medico-y-el-domingo-se-entrenara-con-el-united\\\/#breadcrumblist\",\"itemListElement\":[{\"@type\":\"ListItem\",\"@id\":\"https:\\\/\\\/www.eldigitaldeasturias.com\\\/noticias#listItem\",\"position\":1,\"name\":\"Home\",\"item\":\"https:\\\/\\\/www.eldigitaldeasturias.com\\\/noticias\",\"nextItem\":{\"@type\":\"ListItem\",\"@id\":\"https:\\\/\\\/www.eldigitaldeasturias.com\\\/noticias\\\/category\\\/actualidad\\\/#listItem\",\"name\":\"Actualidad\"}},{\"@type\":\"ListItem\",\"@id\":\"https:\\\/\\\/www.eldigitaldeasturias.com\\\/noticias\\\/category\\\/actualidad\\\/#listItem\",\"position\":2,\"name\":\"Actualidad\",\"item\":\"https:\\\/\\\/www.eldigitaldeasturias.com\\\/noticias\\\/category\\\/actualidad\\\/\",\"nextItem\":{\"@type\":\"ListItem\",\"@id\":\"https:\\\/\\\/www.eldigitaldeasturias.com\\\/noticias\\\/mata-pasa-el-reconocimiento-medico-y-el-domingo-se-entrenara-con-el-united\\\/#listItem\",\"name\":\"Mata pasa el reconocimiento m\\u00e9dico y el domingo se entrenar\\u00e1 con el United\"},\"previousItem\":{\"@type\":\"ListItem\",\"@id\":\"https:\\\/\\\/www.eldigitaldeasturias.com\\\/noticias#listItem\",\"name\":\"Home\"}},{\"@type\":\"ListItem\",\"@id\":\"https:\\\/\\\/www.eldigitaldeasturias.com\\\/noticias\\\/mata-pasa-el-reconocimiento-medico-y-el-domingo-se-entrenara-con-el-united\\\/#listItem\",\"position\":3,\"name\":\"Mata pasa el reconocimiento m\\u00e9dico y el domingo se entrenar\\u00e1 con el United\",\"previousItem\":{\"@type\":\"ListItem\",\"@id\":\"https:\\\/\\\/www.eldigitaldeasturias.com\\\/noticias\\\/category\\\/actualidad\\\/#listItem\",\"name\":\"Actualidad\"}}]},{\"@type\":\"Organization\",\"@id\":\"https:\\\/\\\/www.eldigitaldeasturias.com\\\/noticias\\\/#organization\",\"name\":\"El Digital de Asturias\",\"description\":\"Hemeroteca\",\"url\":\"https:\\\/\\\/www.eldigitaldeasturias.com\\\/noticias\\\/\",\"email\":\"info@eldigitaldeasturias.com\",\"telephone\":\"+34652131393\",\"logo\":{\"@type\":\"ImageObject\",\"url\":\"https:\\\/\\\/www.eldigitaldeasturias.com\\\/noticias\\\/wp-content\\\/uploads\\\/2020\\\/12\\\/EDA.jpg\",\"@id\":\"https:\\\/\\\/www.eldigitaldeasturias.com\\\/noticias\\\/mata-pasa-el-reconocimiento-medico-y-el-domingo-se-entrenara-con-el-united\\\/#organizationLogo\"},\"image\":{\"@id\":\"https:\\\/\\\/www.eldigitaldeasturias.com\\\/noticias\\\/mata-pasa-el-reconocimiento-medico-y-el-domingo-se-entrenara-con-el-united\\\/#organizationLogo\"},\"sameAs\":[\"https:\\\/\\\/facebook.com\\\/eldigitaldeasturias\",\"https:\\\/\\\/www.youtube.com\\\/channel\\\/UCZP-2wLEB9Rv6erhFmqVnvg\"],\"address\":{\"@id\":\"https:\\\/\\\/www.eldigitaldeasturias.com\\\/noticias\\\/#postaladdress\",\"@type\":\"PostalAddress\",\"streetAddress\":\"san antonio 4\",\"postalCode\":\"33430\",\"addressLocality\":\"Cand\\u00e1s\",\"addressRegion\":\"Asturias\",\"addressCountry\":\"ES\"}},{\"@type\":\"Person\",\"@id\":\"https:\\\/\\\/www.eldigitaldeasturias.com\\\/noticias\\\/author\\\/admin\\\/#author\",\"url\":\"https:\\\/\\\/www.eldigitaldeasturias.com\\\/noticias\\\/author\\\/admin\\\/\",\"name\":\"El Digital de Asturias\",\"image\":{\"@type\":\"ImageObject\",\"@id\":\"https:\\\/\\\/www.eldigitaldeasturias.com\\\/noticias\\\/mata-pasa-el-reconocimiento-medico-y-el-domingo-se-entrenara-con-el-united\\\/#authorImage\",\"url\":\"https:\\\/\\\/secure.gravatar.com\\\/avatar\\\/df2aeffc32bcd13f8d26072ef8a91b623d677766deac7f97ca815868cd41bf5e?s=96&d=mm&r=g\",\"width\":96,\"height\":96,\"caption\":\"El Digital de Asturias\"}},{\"@type\":\"WebPage\",\"@id\":\"https:\\\/\\\/www.eldigitaldeasturias.com\\\/noticias\\\/mata-pasa-el-reconocimiento-medico-y-el-domingo-se-entrenara-con-el-united\\\/#webpage\",\"url\":\"https:\\\/\\\/www.eldigitaldeasturias.com\\\/noticias\\\/mata-pasa-el-reconocimiento-medico-y-el-domingo-se-entrenara-con-el-united\\\/\",\"name\":\"Mata pasa el reconocimiento m\\u00e9dico y el domingo se entrenar\\u00e1 con el United - El Digital de Asturias\",\"description\":\"Redacci\\u00f3n deportes, 25 ene (EFE).- El centrocampista espa\\u00f1ol Juan Mata pas\\u00f3 el reconocimiento m\\u00e9dico con el Manchester United para ponerse a disposici\\u00f3n David Moyes, responsable de la plantilla 'red', con la que se entrenar\\u00e1 ya a partir de ma\\u00f1ana, domingo. Mata, que lleg\\u00f3 a Manchester esta ma\\u00f1ana en helic\\u00f3ptero procedente de Londres y fue recibido\",\"inLanguage\":\"es-ES\",\"isPartOf\":{\"@id\":\"https:\\\/\\\/www.eldigitaldeasturias.com\\\/noticias\\\/#website\"},\"breadcrumb\":{\"@id\":\"https:\\\/\\\/www.eldigitaldeasturias.com\\\/noticias\\\/mata-pasa-el-reconocimiento-medico-y-el-domingo-se-entrenara-con-el-united\\\/#breadcrumblist\"},\"author\":{\"@id\":\"https:\\\/\\\/www.eldigitaldeasturias.com\\\/noticias\\\/author\\\/admin\\\/#author\"},\"creator\":{\"@id\":\"https:\\\/\\\/www.eldigitaldeasturias.com\\\/noticias\\\/author\\\/admin\\\/#author\"},\"image\":{\"@type\":\"ImageObject\",\"url\":\"https:\\\/\\\/www.eldigitaldeasturias.com\\\/noticias\\\/wp-content\\\/uploads\\\/2026\\\/06\\\/Contenidos.jpg\",\"@id\":\"https:\\\/\\\/www.eldigitaldeasturias.com\\\/noticias\\\/mata-pasa-el-reconocimiento-medico-y-el-domingo-se-entrenara-con-el-united\\\/#mainImage\",\"width\":1265,\"height\":697,\"caption\":\"Contenidos\"},\"primaryImageOfPage\":{\"@id\":\"https:\\\/\\\/www.eldigitaldeasturias.com\\\/noticias\\\/mata-pasa-el-reconocimiento-medico-y-el-domingo-se-entrenara-con-el-united\\\/#mainImage\"},\"datePublished\":\"2014-01-25T22:50:19+01:00\",\"dateModified\":\"2014-01-25T22:50:19+01:00\"},{\"@type\":\"WebSite\",\"@id\":\"https:\\\/\\\/www.eldigitaldeasturias.com\\\/noticias\\\/#website\",\"url\":\"https:\\\/\\\/www.eldigitaldeasturias.com\\\/noticias\\\/\",\"name\":\"El Digital de Asturias - Diario de actualidad y noticias\",\"alternateName\":\"El Digital de Asturias - Diario de actualidad y noticias\",\"description\":\"Hemeroteca\",\"inLanguage\":\"es-ES\",\"publisher\":{\"@id\":\"https:\\\/\\\/www.eldigitaldeasturias.com\\\/noticias\\\/#organization\"}}]}\n\t\t<\/script>\n\t\t<!-- All in One SEO Pro -->\r\n\t\t<title>Mata pasa el reconocimiento m\u00e9dico y el domingo se entrenar\u00e1 con el United - El Digital de Asturias<\/title>\n\n","aioseo_head_json":{"title":"Mata pasa el reconocimiento m\u00e9dico y el domingo se entrenar\u00e1 con el United - El Digital de Asturias","description":"Redacci\u00f3n deportes, 25 ene (EFE).- El centrocampista espa\u00f1ol Juan Mata pas\u00f3 el reconocimiento m\u00e9dico con el Manchester United para ponerse a disposici\u00f3n David Moyes, responsable de la plantilla 'red', con la que se entrenar\u00e1 ya a partir de ma\u00f1ana, domingo. Mata, que lleg\u00f3 a Manchester esta ma\u00f1ana en helic\u00f3ptero procedente de Londres y fue recibido","canonical_url":"https:\/\/www.eldigitaldeasturias.com\/noticias\/mata-pasa-el-reconocimiento-medico-y-el-domingo-se-entrenara-con-el-united\/","robots":"max-image-preview:large","keywords":"actualidad","webmasterTools":{"google-site-verification":"UA-38556648-1","msvalidate.01":"7dfe9f3f1b24437ab69f4f2559babe99","miscellaneous":""},"schema":{"@context":"https:\/\/schema.org","@graph":[{"@type":"BlogPosting","@id":"https:\/\/www.eldigitaldeasturias.com\/noticias\/mata-pasa-el-reconocimiento-medico-y-el-domingo-se-entrenara-con-el-united\/#blogposting","name":"Mata pasa el reconocimiento m\u00e9dico y el domingo se entrenar\u00e1 con el United - El Digital de Asturias","headline":"Mata pasa el reconocimiento m\u00e9dico y el domingo se entrenar\u00e1 con el United","author":{"@id":"https:\/\/www.eldigitaldeasturias.com\/noticias\/author\/admin\/#author"},"publisher":{"@id":"https:\/\/www.eldigitaldeasturias.com\/noticias\/#organization"},"image":{"@type":"ImageObject","url":"https:\/\/www.eldigitaldeasturias.com\/noticias\/wp-content\/uploads\/2026\/06\/Contenidos.jpg","width":1265,"height":697,"caption":"Contenidos"},"datePublished":"2014-01-25T22:50:19+01:00","dateModified":"2014-01-25T22:50:19+01:00","inLanguage":"es-ES","mainEntityOfPage":{"@id":"https:\/\/www.eldigitaldeasturias.com\/noticias\/mata-pasa-el-reconocimiento-medico-y-el-domingo-se-entrenara-con-el-united\/#webpage"},"isPartOf":{"@id":"https:\/\/www.eldigitaldeasturias.com\/noticias\/mata-pasa-el-reconocimiento-medico-y-el-domingo-se-entrenara-con-el-united\/#webpage"},"articleSection":"Actualidad"},{"@type":"BreadcrumbList","@id":"https:\/\/www.eldigitaldeasturias.com\/noticias\/mata-pasa-el-reconocimiento-medico-y-el-domingo-se-entrenara-con-el-united\/#breadcrumblist","itemListElement":[{"@type":"ListItem","@id":"https:\/\/www.eldigitaldeasturias.com\/noticias#listItem","position":1,"name":"Home","item":"https:\/\/www.eldigitaldeasturias.com\/noticias","nextItem":{"@type":"ListItem","@id":"https:\/\/www.eldigitaldeasturias.com\/noticias\/category\/actualidad\/#listItem","name":"Actualidad"}},{"@type":"ListItem","@id":"https:\/\/www.eldigitaldeasturias.com\/noticias\/category\/actualidad\/#listItem","position":2,"name":"Actualidad","item":"https:\/\/www.eldigitaldeasturias.com\/noticias\/category\/actualidad\/","nextItem":{"@type":"ListItem","@id":"https:\/\/www.eldigitaldeasturias.com\/noticias\/mata-pasa-el-reconocimiento-medico-y-el-domingo-se-entrenara-con-el-united\/#listItem","name":"Mata pasa el reconocimiento m\u00e9dico y el domingo se entrenar\u00e1 con el United"},"previousItem":{"@type":"ListItem","@id":"https:\/\/www.eldigitaldeasturias.com\/noticias#listItem","name":"Home"}},{"@type":"ListItem","@id":"https:\/\/www.eldigitaldeasturias.com\/noticias\/mata-pasa-el-reconocimiento-medico-y-el-domingo-se-entrenara-con-el-united\/#listItem","position":3,"name":"Mata pasa el reconocimiento m\u00e9dico y el domingo se entrenar\u00e1 con el United","previousItem":{"@type":"ListItem","@id":"https:\/\/www.eldigitaldeasturias.com\/noticias\/category\/actualidad\/#listItem","name":"Actualidad"}}]},{"@type":"Organization","@id":"https:\/\/www.eldigitaldeasturias.com\/noticias\/#organization","name":"El Digital de Asturias","description":"Hemeroteca","url":"https:\/\/www.eldigitaldeasturias.com\/noticias\/","email":"info@eldigitaldeasturias.com","telephone":"+34652131393","logo":{"@type":"ImageObject","url":"https:\/\/www.eldigitaldeasturias.com\/noticias\/wp-content\/uploads\/2020\/12\/EDA.jpg","@id":"https:\/\/www.eldigitaldeasturias.com\/noticias\/mata-pasa-el-reconocimiento-medico-y-el-domingo-se-entrenara-con-el-united\/#organizationLogo"},"image":{"@id":"https:\/\/www.eldigitaldeasturias.com\/noticias\/mata-pasa-el-reconocimiento-medico-y-el-domingo-se-entrenara-con-el-united\/#organizationLogo"},"sameAs":["https:\/\/facebook.com\/eldigitaldeasturias","https:\/\/www.youtube.com\/channel\/UCZP-2wLEB9Rv6erhFmqVnvg"],"address":{"@id":"https:\/\/www.eldigitaldeasturias.com\/noticias\/#postaladdress","@type":"PostalAddress","streetAddress":"san antonio 4","postalCode":"33430","addressLocality":"Cand\u00e1s","addressRegion":"Asturias","addressCountry":"ES"}},{"@type":"Person","@id":"https:\/\/www.eldigitaldeasturias.com\/noticias\/author\/admin\/#author","url":"https:\/\/www.eldigitaldeasturias.com\/noticias\/author\/admin\/","name":"El Digital de Asturias","image":{"@type":"ImageObject","@id":"https:\/\/www.eldigitaldeasturias.com\/noticias\/mata-pasa-el-reconocimiento-medico-y-el-domingo-se-entrenara-con-el-united\/#authorImage","url":"https:\/\/secure.gravatar.com\/avatar\/df2aeffc32bcd13f8d26072ef8a91b623d677766deac7f97ca815868cd41bf5e?s=96&d=mm&r=g","width":96,"height":96,"caption":"El Digital de Asturias"}},{"@type":"WebPage","@id":"https:\/\/www.eldigitaldeasturias.com\/noticias\/mata-pasa-el-reconocimiento-medico-y-el-domingo-se-entrenara-con-el-united\/#webpage","url":"https:\/\/www.eldigitaldeasturias.com\/noticias\/mata-pasa-el-reconocimiento-medico-y-el-domingo-se-entrenara-con-el-united\/","name":"Mata pasa el reconocimiento m\u00e9dico y el domingo se entrenar\u00e1 con el United - El Digital de Asturias","description":"Redacci\u00f3n deportes, 25 ene (EFE).- El centrocampista espa\u00f1ol Juan Mata pas\u00f3 el reconocimiento m\u00e9dico con el Manchester United para ponerse a disposici\u00f3n David Moyes, responsable de la plantilla 'red', con la que se entrenar\u00e1 ya a partir de ma\u00f1ana, domingo. Mata, que lleg\u00f3 a Manchester esta ma\u00f1ana en helic\u00f3ptero procedente de Londres y fue recibido","inLanguage":"es-ES","isPartOf":{"@id":"https:\/\/www.eldigitaldeasturias.com\/noticias\/#website"},"breadcrumb":{"@id":"https:\/\/www.eldigitaldeasturias.com\/noticias\/mata-pasa-el-reconocimiento-medico-y-el-domingo-se-entrenara-con-el-united\/#breadcrumblist"},"author":{"@id":"https:\/\/www.eldigitaldeasturias.com\/noticias\/author\/admin\/#author"},"creator":{"@id":"https:\/\/www.eldigitaldeasturias.com\/noticias\/author\/admin\/#author"},"image":{"@type":"ImageObject","url":"https:\/\/www.eldigitaldeasturias.com\/noticias\/wp-content\/uploads\/2026\/06\/Contenidos.jpg","@id":"https:\/\/www.eldigitaldeasturias.com\/noticias\/mata-pasa-el-reconocimiento-medico-y-el-domingo-se-entrenara-con-el-united\/#mainImage","width":1265,"height":697,"caption":"Contenidos"},"primaryImageOfPage":{"@id":"https:\/\/www.eldigitaldeasturias.com\/noticias\/mata-pasa-el-reconocimiento-medico-y-el-domingo-se-entrenara-con-el-united\/#mainImage"},"datePublished":"2014-01-25T22:50:19+01:00","dateModified":"2014-01-25T22:50:19+01:00"},{"@type":"WebSite","@id":"https:\/\/www.eldigitaldeasturias.com\/noticias\/#website","url":"https:\/\/www.eldigitaldeasturias.com\/noticias\/","name":"El Digital de Asturias - Diario de actualidad y noticias","alternateName":"El Digital de Asturias - Diario de actualidad y noticias","description":"Hemeroteca","inLanguage":"es-ES","publisher":{"@id":"https:\/\/www.eldigitaldeasturias.com\/noticias\/#organization"}}]},"og:locale":"es_ES","og:site_name":"El Digital de Asturias","og:type":"article","og:title":"Mata pasa el reconocimiento m\u00e9dico y el domingo se entrenar\u00e1 con el United - El Digital de Asturias","og:description":"Redacci\u00f3n deportes, 25 ene (EFE).- El centrocampista espa\u00f1ol Juan Mata pas\u00f3 el reconocimiento m\u00e9dico con el Manchester United para ponerse a disposici\u00f3n David Moyes, responsable de la plantilla 'red', con la que se entrenar\u00e1 ya a partir de ma\u00f1ana, domingo. Mata, que lleg\u00f3 a Manchester esta ma\u00f1ana en helic\u00f3ptero procedente de Londres y fue recibido","og:url":"https:\/\/www.eldigitaldeasturias.com\/noticias\/mata-pasa-el-reconocimiento-medico-y-el-domingo-se-entrenara-con-el-united\/","og:image":"https:\/\/www.eldigitaldeasturias.com\/noticias\/wp-content\/uploads\/2026\/06\/Contenidos.jpg","og:image:secure_url":"https:\/\/www.eldigitaldeasturias.com\/noticias\/wp-content\/uploads\/2026\/06\/Contenidos.jpg","og:image:width":1265,"og:image:height":697,"article:tag":["actualidad"],"article:published_time":"2014-01-25T23:50:19+00:00","article:modified_time":"2014-01-25T23:50:19+00:00","article:publisher":"https:\/\/facebook.com\/eldigitaldeasturias","twitter:card":"summary_large_image","twitter:title":"Mata pasa el reconocimiento m\u00e9dico y el domingo se entrenar\u00e1 con el United - El Digital de Asturias","twitter:description":"Redacci\u00f3n deportes, 25 ene (EFE).- El centrocampista espa\u00f1ol Juan Mata pas\u00f3 el reconocimiento m\u00e9dico con el Manchester United para ponerse a disposici\u00f3n David Moyes, responsable de la plantilla 'red', con la que se entrenar\u00e1 ya a partir de ma\u00f1ana, domingo. Mata, que lleg\u00f3 a Manchester esta ma\u00f1ana en helic\u00f3ptero procedente de Londres y fue recibido","twitter:image":"https:\/\/www.eldigitaldeasturias.com\/noticias\/wp-content\/uploads\/2026\/06\/Contenidos.jpg","twitter:label1":"Escrito por","twitter:data1":"El Digital de Asturias","twitter:label2":"Tiempo de lectura estimado","twitter:data2":"2 minutos"},"aioseo_meta_data":{"post_id":"479008","title":null,"description":null,"keywords":null,"keyphrases":null,"primary_term":null,"canonical_url":null,"og_title":null,"og_description":null,"og_object_type":"default","og_image_type":"default","og_image_url":null,"og_image_width":null,"og_image_height":null,"og_image_custom_url":null,"og_image_custom_fields":null,"og_video":null,"og_custom_url":null,"og_article_section":null,"og_article_tags":null,"twitter_use_og":true,"twitter_card":"default","twitter_image_type":"default","twitter_image_url":null,"twitter_image_custom_url":null,"twitter_image_custom_fields":null,"twitter_title":null,"twitter_description":null,"schema":{"blockGraphs":[],"customGraphs":[],"default":{"data":{"Article":[],"Course":[],"Dataset":[],"FAQPage":[],"Movie":[],"Person":[],"Product":[],"ProductReview":[],"Car":[],"Recipe":[],"Service":[],"SoftwareApplication":[],"WebPage":[]},"graphName":"","isEnabled":true},"graphs":[],"defaultGraph":"","defaultPostTypeGraph":""},"schema_type":null,"schema_type_options":null,"pillar_content":false,"robots_default":true,"robots_noindex":false,"robots_noarchive":false,"robots_nosnippet":false,"robots_nofollow":false,"robots_noimageindex":false,"robots_noodp":false,"robots_notranslate":false,"robots_max_snippet":null,"robots_max_videopreview":null,"robots_max_imagepreview":"none","priority":null,"frequency":null,"local_seo":null,"seo_analyzer_scan_date":"2026-06-01 23:11:02","breadcrumb_settings":null,"limit_modified_date":false,"open_ai":null,"ai":null,"created":"2020-11-14 22:53:58","updated":"2026-06-01 23:11:02","focus_keyword":null,"additional_keywords":null,"truseo_locale":null},"aioseo_breadcrumb":"<div class=\"aioseo-breadcrumbs\"><span class=\"aioseo-breadcrumb\">\n\t<a href=\"https:\/\/www.eldigitaldeasturias.com\/noticias\" title=\"Home\">Home<\/a>\n<\/span><span class=\"aioseo-breadcrumb-separator\">\u2013<\/span><span class=\"aioseo-breadcrumb\">\n\t<a href=\"https:\/\/www.eldigitaldeasturias.com\/noticias\/category\/actualidad\/\" title=\"Actualidad\">Actualidad<\/a>\n<\/span><span class=\"aioseo-breadcrumb-separator\">\u2013<\/span><span class=\"aioseo-breadcrumb\">\n\t<a href=\"https:\/\/www.eldigitaldeasturias.com\/noticias\/mata-pasa-el-reconocimiento-medico-y-el-domingo-se-entrenara-con-el-united\/\" title=\"Mata pasa el reconocimiento m\u00e9dico y el domingo se entrenar\u00e1 con el United\">Mata pasa el reconocimiento m\u00e9dico y el domingo se entrenar\u00e1 con el United<\/a>\n<\/span><\/div>","aioseo_breadcrumb_json":[{"label":"Home","link":"https:\/\/www.eldigitaldeasturias.com\/noticias"},{"label":"Actualidad","link":"https:\/\/www.eldigitaldeasturias.com\/noticias\/category\/actualidad\/"},{"label":"Mata pasa el reconocimiento m\u00e9dico y el domingo se entrenar\u00e1 con el United","link":"https:\/\/www.eldigitaldeasturias.com\/noticias\/mata-pasa-el-reconocimiento-medico-y-el-domingo-se-entrenara-con-el-united\/"}],"_links":{"self":[{"href":"https:\/\/www.eldigitaldeasturias.com\/noticias\/wp-json\/wp\/v2\/posts\/479008","targetHints":{"allow":["GET"]}}],"collection":[{"href":"https:\/\/www.eldigitaldeasturias.com\/noticias\/wp-json\/wp\/v2\/posts"}],"about":[{"href":"https:\/\/www.eldigitaldeasturias.com\/noticias\/wp-json\/wp\/v2\/types\/post"}],"author":[{"embeddable":true,"href":"https:\/\/www.eldigitaldeasturias.com\/noticias\/wp-json\/wp\/v2\/users\/1"}],"replies":[{"embeddable":true,"href":"https:\/\/www.eldigitaldeasturias.com\/noticias\/wp-json\/wp\/v2\/comments?post=479008"}],"version-history":[{"count":0,"href":"https:\/\/www.eldigitaldeasturias.com\/noticias\/wp-json\/wp\/v2\/posts\/479008\/revisions"}],"wp:featuredmedia":[{"embeddable":true,"href":"https:\/\/www.eldigitaldeasturias.com\/noticias\/wp-json\/wp\/v2\/media\/1132184"}],"wp:attachment":[{"href":"https:\/\/www.eldigitaldeasturias.com\/noticias\/wp-json\/wp\/v2\/media?parent=479008"}],"wp:term":[{"taxonomy":"category","embeddable":true,"href":"https:\/\/www.eldigitaldeasturias.com\/noticias\/wp-json\/wp\/v2\/categories?post=479008"},{"taxonomy":"post_tag","embeddable":true,"href":"https:\/\/www.eldigitaldeasturias.com\/noticias\/wp-json\/wp\/v2\/tags?post=479008"}],"curies":[{"name":"wp","href":"https:\/\/api.w.org\/{rel}","templated":true}]}}