{"id":479004,"date":"2014-01-25T22:46:45","date_gmt":"2014-01-25T23:46:45","guid":{"rendered":"http:\/\/www.eldigitaldeasturias.com\/noticias\/?p=479004"},"modified":"2014-01-25T22:46:45","modified_gmt":"2014-01-25T23:46:45","slug":"laporta-pide-que-bartomeu-convoque-elecciones-a-final-de-temporada","status":"publish","type":"post","link":"https:\/\/www.eldigitaldeasturias.com\/noticias\/laporta-pide-que-bartomeu-convoque-elecciones-a-final-de-temporada\/","title":{"rendered":"Laporta pide que Bartomeu convoque elecciones a final de temporada"},"content":{"rendered":"<p><img loading=\"lazy\" decoding=\"async\" class=\"alignleft size-medium wp-image-479005\" alt=\"5876580w\" src=\"https:\/\/www.eldigitaldeasturias.com\/noticias\/wp-content\/uploads\/2014\/01\/5876580w-360x248.jpg\" width=\"360\" height=\"248\" \/>Barcelona, 25 ene (EFE).- El expresidente del FC Barcelona Joan Laporta cree que el nuevo presidente de la entidad azulgrana, Josep Maria Bartomeu, \u00abdeber\u00eda convocar elecciones a final de temporada, dado que no ha sido elegido por los socios en las urnas\u00bb.<\/p>\n<p>A trav\u00e9s de su cuenta oficial de Twitter (@JoanLaportadCat), el actual concejal del Ayuntamiento de Barcelona y diputado del Parlamento de Catalu\u00f1a considera que a Bartomeu, que ha tomado las riendas del club tras al dimisi\u00f3n de Sandro Rosell \u00able falta legitimidad\u00bb para agotar el mandato hasta la primavera de 2016 como es su prop\u00f3sito.<\/p>\n<p>Por otro lado, Laporta se ha mostrado conciliador con Rosell, de quien ha dicho que espera \u00abque resuelva ante el juez los problemas que le afectan sin consecuencias, ni en su \u00e1mbito personal ni familiar\u00bb. La Audiencia Nacional ha admitido a tr\u00e1mite la querella presentada contra \u00e9l por presunta apropiaci\u00f3n indebida en modalidad de distracci\u00f3n en el fichaje de Neymar da Silva.<\/p>\n<p>Joan Laporta, que no ha desvelado si se presentar\u00e1 como candidato a la presidencia en las pr\u00f3ximas elecciones, ha invitado al barcelonismo a pasar p\u00e1gina.<\/p>\n<p>\u00abHagamos todos juntos bien el trabajo y miremos adelante sin rencor y con ilusiones renovadas. \u00a1Visca el Bar\u00e7a y Visca Catalu\u00f1a!\u00bb, ha finalizado Laporta.<\/p>\n","protected":false},"excerpt":{"rendered":"<p>Barcelona, 25 ene (EFE).- El expresidente del FC Barcelona Joan Laporta cree que el nuevo presidente de la entidad azulgrana, Josep Maria Bartomeu, \u00abdeber\u00eda convocar elecciones a final de temporada, dado que no ha sido elegido por los socios en las urnas\u00bb. A trav\u00e9s de su cuenta oficial de Twitter (@JoanLaportadCat), el actual concejal del [&hellip;]<\/p>\n","protected":false},"author":1,"featured_media":1132184,"comment_status":"closed","ping_status":"open","sticky":false,"template":"","format":"standard","meta":{"footnotes":""},"categories":[1],"tags":[],"class_list":["post-479004","post","type-post","status-publish","format-standard","has-post-thumbnail","hentry","category-actualidad"],"aioseo_notices":[],"aioseo_head":"\n\t\t<!-- All in One SEO Pro 5.0.1 - aioseo.com -->\n\t<meta name=\"description\" content=\"Barcelona, 25 ene (EFE).- El expresidente del FC Barcelona Joan Laporta cree que el nuevo presidente de la entidad azulgrana, Josep Maria Bartomeu, &quot;deber\u00eda convocar elecciones a final de temporada, dado que no ha sido elegido por los socios en las urnas&quot;. A trav\u00e9s de su cuenta oficial de Twitter (@JoanLaportadCat), el actual concejal del\" \/>\n\t<meta name=\"robots\" content=\"max-image-preview:large\" \/>\n\t<meta name=\"author\" content=\"El Digital de Asturias\"\/>\n\t<meta name=\"google-site-verification\" content=\"UA-38556648-1\" \/>\n\t<meta name=\"msvalidate.01\" content=\"7dfe9f3f1b24437ab69f4f2559babe99\" \/>\n\t<meta name=\"keywords\" content=\"actualidad\" \/>\n\t<link rel=\"canonical\" href=\"https:\/\/www.eldigitaldeasturias.com\/noticias\/laporta-pide-que-bartomeu-convoque-elecciones-a-final-de-temporada\/\" \/>\n\t<meta name=\"generator\" content=\"All in One SEO Pro (AIOSEO) 5.0.1\" \/>\n\t\t<meta property=\"og:locale\" content=\"es_ES\" \/>\n\t\t<meta property=\"og:site_name\" content=\"El Digital de Asturias\" \/>\n\t\t<meta property=\"og:type\" content=\"article\" \/>\n\t\t<meta property=\"og:title\" content=\"Laporta pide que Bartomeu convoque elecciones a final de temporada - El Digital de Asturias\" \/>\n\t\t<meta property=\"og:description\" content=\"Barcelona, 25 ene (EFE).- El expresidente del FC Barcelona Joan Laporta cree que el nuevo presidente de la entidad azulgrana, Josep Maria Bartomeu, &quot;deber\u00eda convocar elecciones a final de temporada, dado que no ha sido elegido por los socios en las urnas&quot;. A trav\u00e9s de su cuenta oficial de Twitter (@JoanLaportadCat), el actual concejal del\" \/>\n\t\t<meta property=\"og:url\" content=\"https:\/\/www.eldigitaldeasturias.com\/noticias\/laporta-pide-que-bartomeu-convoque-elecciones-a-final-de-temporada\/\" \/>\n\t\t<meta property=\"og:image\" content=\"https:\/\/www.eldigitaldeasturias.com\/noticias\/wp-content\/uploads\/2026\/06\/Contenidos.jpg\" \/>\n\t\t<meta property=\"og:image:secure_url\" content=\"https:\/\/www.eldigitaldeasturias.com\/noticias\/wp-content\/uploads\/2026\/06\/Contenidos.jpg\" \/>\n\t\t<meta property=\"og:image:width\" content=\"1265\" \/>\n\t\t<meta property=\"og:image:height\" content=\"697\" \/>\n\t\t<meta property=\"article:tag\" content=\"actualidad\" \/>\n\t\t<meta property=\"article:published_time\" content=\"2014-01-25T23:46:45+00:00\" \/>\n\t\t<meta property=\"article:modified_time\" content=\"2014-01-25T23:46:45+00:00\" \/>\n\t\t<meta property=\"article:publisher\" content=\"https:\/\/facebook.com\/eldigitaldeasturias\" \/>\n\t\t<meta name=\"twitter:card\" content=\"summary_large_image\" \/>\n\t\t<meta name=\"twitter:title\" content=\"Laporta pide que Bartomeu convoque elecciones a final de temporada - El Digital de Asturias\" \/>\n\t\t<meta name=\"twitter:description\" content=\"Barcelona, 25 ene (EFE).- El expresidente del FC Barcelona Joan Laporta cree que el nuevo presidente de la entidad azulgrana, Josep Maria Bartomeu, &quot;deber\u00eda convocar elecciones a final de temporada, dado que no ha sido elegido por los socios en las urnas&quot;. A trav\u00e9s de su cuenta oficial de Twitter (@JoanLaportadCat), el actual concejal del\" \/>\n\t\t<meta name=\"twitter:image\" content=\"https:\/\/www.eldigitaldeasturias.com\/noticias\/wp-content\/uploads\/2026\/06\/Contenidos.jpg\" \/>\n\t\t<meta name=\"twitter:label1\" content=\"Escrito por\" \/>\n\t\t<meta name=\"twitter:data1\" content=\"El Digital de Asturias\" \/>\n\t\t<meta name=\"twitter:label2\" content=\"Tiempo de lectura estimado\" \/>\n\t\t<meta name=\"twitter:data2\" content=\"1 minuto\" \/>\n\t\t<script type=\"application\/ld+json\" class=\"aioseo-schema\">\n\t\t\t{\"@context\":\"https:\\\/\\\/schema.org\",\"@graph\":[{\"@type\":\"BlogPosting\",\"@id\":\"https:\\\/\\\/www.eldigitaldeasturias.com\\\/noticias\\\/laporta-pide-que-bartomeu-convoque-elecciones-a-final-de-temporada\\\/#blogposting\",\"name\":\"Laporta pide que Bartomeu convoque elecciones a final de temporada - El Digital de Asturias\",\"headline\":\"Laporta pide que Bartomeu convoque elecciones a final de temporada\",\"author\":{\"@id\":\"https:\\\/\\\/www.eldigitaldeasturias.com\\\/noticias\\\/author\\\/admin\\\/#author\"},\"publisher\":{\"@id\":\"https:\\\/\\\/www.eldigitaldeasturias.com\\\/noticias\\\/#organization\"},\"image\":{\"@type\":\"ImageObject\",\"url\":\"https:\\\/\\\/www.eldigitaldeasturias.com\\\/noticias\\\/wp-content\\\/uploads\\\/2026\\\/06\\\/Contenidos.jpg\",\"width\":1265,\"height\":697,\"caption\":\"Contenidos\"},\"datePublished\":\"2014-01-25T22:46:45+01:00\",\"dateModified\":\"2014-01-25T22:46:45+01:00\",\"inLanguage\":\"es-ES\",\"mainEntityOfPage\":{\"@id\":\"https:\\\/\\\/www.eldigitaldeasturias.com\\\/noticias\\\/laporta-pide-que-bartomeu-convoque-elecciones-a-final-de-temporada\\\/#webpage\"},\"isPartOf\":{\"@id\":\"https:\\\/\\\/www.eldigitaldeasturias.com\\\/noticias\\\/laporta-pide-que-bartomeu-convoque-elecciones-a-final-de-temporada\\\/#webpage\"},\"articleSection\":\"Actualidad\"},{\"@type\":\"BreadcrumbList\",\"@id\":\"https:\\\/\\\/www.eldigitaldeasturias.com\\\/noticias\\\/laporta-pide-que-bartomeu-convoque-elecciones-a-final-de-temporada\\\/#breadcrumblist\",\"itemListElement\":[{\"@type\":\"ListItem\",\"@id\":\"https:\\\/\\\/www.eldigitaldeasturias.com\\\/noticias#listItem\",\"position\":1,\"name\":\"Home\",\"item\":\"https:\\\/\\\/www.eldigitaldeasturias.com\\\/noticias\",\"nextItem\":{\"@type\":\"ListItem\",\"@id\":\"https:\\\/\\\/www.eldigitaldeasturias.com\\\/noticias\\\/category\\\/actualidad\\\/#listItem\",\"name\":\"Actualidad\"}},{\"@type\":\"ListItem\",\"@id\":\"https:\\\/\\\/www.eldigitaldeasturias.com\\\/noticias\\\/category\\\/actualidad\\\/#listItem\",\"position\":2,\"name\":\"Actualidad\",\"item\":\"https:\\\/\\\/www.eldigitaldeasturias.com\\\/noticias\\\/category\\\/actualidad\\\/\",\"nextItem\":{\"@type\":\"ListItem\",\"@id\":\"https:\\\/\\\/www.eldigitaldeasturias.com\\\/noticias\\\/laporta-pide-que-bartomeu-convoque-elecciones-a-final-de-temporada\\\/#listItem\",\"name\":\"Laporta pide que Bartomeu convoque elecciones a final de temporada\"},\"previousItem\":{\"@type\":\"ListItem\",\"@id\":\"https:\\\/\\\/www.eldigitaldeasturias.com\\\/noticias#listItem\",\"name\":\"Home\"}},{\"@type\":\"ListItem\",\"@id\":\"https:\\\/\\\/www.eldigitaldeasturias.com\\\/noticias\\\/laporta-pide-que-bartomeu-convoque-elecciones-a-final-de-temporada\\\/#listItem\",\"position\":3,\"name\":\"Laporta pide que Bartomeu convoque elecciones a final de temporada\",\"previousItem\":{\"@type\":\"ListItem\",\"@id\":\"https:\\\/\\\/www.eldigitaldeasturias.com\\\/noticias\\\/category\\\/actualidad\\\/#listItem\",\"name\":\"Actualidad\"}}]},{\"@type\":\"Organization\",\"@id\":\"https:\\\/\\\/www.eldigitaldeasturias.com\\\/noticias\\\/#organization\",\"name\":\"El Digital de Asturias\",\"description\":\"Hemeroteca\",\"url\":\"https:\\\/\\\/www.eldigitaldeasturias.com\\\/noticias\\\/\",\"email\":\"info@eldigitaldeasturias.com\",\"telephone\":\"+34652131393\",\"logo\":{\"@type\":\"ImageObject\",\"url\":\"https:\\\/\\\/www.eldigitaldeasturias.com\\\/noticias\\\/wp-content\\\/uploads\\\/2020\\\/12\\\/EDA.jpg\",\"@id\":\"https:\\\/\\\/www.eldigitaldeasturias.com\\\/noticias\\\/laporta-pide-que-bartomeu-convoque-elecciones-a-final-de-temporada\\\/#organizationLogo\"},\"image\":{\"@id\":\"https:\\\/\\\/www.eldigitaldeasturias.com\\\/noticias\\\/laporta-pide-que-bartomeu-convoque-elecciones-a-final-de-temporada\\\/#organizationLogo\"},\"sameAs\":[\"https:\\\/\\\/facebook.com\\\/eldigitaldeasturias\",\"https:\\\/\\\/www.youtube.com\\\/channel\\\/UCZP-2wLEB9Rv6erhFmqVnvg\"],\"address\":{\"@id\":\"https:\\\/\\\/www.eldigitaldeasturias.com\\\/noticias\\\/#postaladdress\",\"@type\":\"PostalAddress\",\"streetAddress\":\"san antonio 4\",\"postalCode\":\"33430\",\"addressLocality\":\"Cand\\u00e1s\",\"addressRegion\":\"Asturias\",\"addressCountry\":\"ES\"}},{\"@type\":\"Person\",\"@id\":\"https:\\\/\\\/www.eldigitaldeasturias.com\\\/noticias\\\/author\\\/admin\\\/#author\",\"url\":\"https:\\\/\\\/www.eldigitaldeasturias.com\\\/noticias\\\/author\\\/admin\\\/\",\"name\":\"El Digital de Asturias\",\"image\":{\"@type\":\"ImageObject\",\"@id\":\"https:\\\/\\\/www.eldigitaldeasturias.com\\\/noticias\\\/laporta-pide-que-bartomeu-convoque-elecciones-a-final-de-temporada\\\/#authorImage\",\"url\":\"https:\\\/\\\/secure.gravatar.com\\\/avatar\\\/df2aeffc32bcd13f8d26072ef8a91b623d677766deac7f97ca815868cd41bf5e?s=96&d=mm&r=g\",\"width\":96,\"height\":96,\"caption\":\"El Digital de Asturias\"}},{\"@type\":\"WebPage\",\"@id\":\"https:\\\/\\\/www.eldigitaldeasturias.com\\\/noticias\\\/laporta-pide-que-bartomeu-convoque-elecciones-a-final-de-temporada\\\/#webpage\",\"url\":\"https:\\\/\\\/www.eldigitaldeasturias.com\\\/noticias\\\/laporta-pide-que-bartomeu-convoque-elecciones-a-final-de-temporada\\\/\",\"name\":\"Laporta pide que Bartomeu convoque elecciones a final de temporada - El Digital de Asturias\",\"description\":\"Barcelona, 25 ene (EFE).- El expresidente del FC Barcelona Joan Laporta cree que el nuevo presidente de la entidad azulgrana, Josep Maria Bartomeu, \\\"deber\\u00eda convocar elecciones a final de temporada, dado que no ha sido elegido por los socios en las urnas\\\". A trav\\u00e9s de su cuenta oficial de Twitter (@JoanLaportadCat), el actual concejal del\",\"inLanguage\":\"es-ES\",\"isPartOf\":{\"@id\":\"https:\\\/\\\/www.eldigitaldeasturias.com\\\/noticias\\\/#website\"},\"breadcrumb\":{\"@id\":\"https:\\\/\\\/www.eldigitaldeasturias.com\\\/noticias\\\/laporta-pide-que-bartomeu-convoque-elecciones-a-final-de-temporada\\\/#breadcrumblist\"},\"author\":{\"@id\":\"https:\\\/\\\/www.eldigitaldeasturias.com\\\/noticias\\\/author\\\/admin\\\/#author\"},\"creator\":{\"@id\":\"https:\\\/\\\/www.eldigitaldeasturias.com\\\/noticias\\\/author\\\/admin\\\/#author\"},\"image\":{\"@type\":\"ImageObject\",\"url\":\"https:\\\/\\\/www.eldigitaldeasturias.com\\\/noticias\\\/wp-content\\\/uploads\\\/2026\\\/06\\\/Contenidos.jpg\",\"@id\":\"https:\\\/\\\/www.eldigitaldeasturias.com\\\/noticias\\\/laporta-pide-que-bartomeu-convoque-elecciones-a-final-de-temporada\\\/#mainImage\",\"width\":1265,\"height\":697,\"caption\":\"Contenidos\"},\"primaryImageOfPage\":{\"@id\":\"https:\\\/\\\/www.eldigitaldeasturias.com\\\/noticias\\\/laporta-pide-que-bartomeu-convoque-elecciones-a-final-de-temporada\\\/#mainImage\"},\"datePublished\":\"2014-01-25T22:46:45+01:00\",\"dateModified\":\"2014-01-25T22:46:45+01:00\"},{\"@type\":\"WebSite\",\"@id\":\"https:\\\/\\\/www.eldigitaldeasturias.com\\\/noticias\\\/#website\",\"url\":\"https:\\\/\\\/www.eldigitaldeasturias.com\\\/noticias\\\/\",\"name\":\"El Digital de Asturias - Diario de actualidad y noticias\",\"alternateName\":\"El Digital de Asturias - Diario de actualidad y noticias\",\"description\":\"Hemeroteca\",\"inLanguage\":\"es-ES\",\"publisher\":{\"@id\":\"https:\\\/\\\/www.eldigitaldeasturias.com\\\/noticias\\\/#organization\"}}]}\n\t\t<\/script>\n\t\t<!-- All in One SEO Pro -->\r\n\t\t<title>Laporta pide que Bartomeu convoque elecciones a final de temporada - El Digital de Asturias<\/title>\n\n","aioseo_head_json":{"title":"Laporta pide que Bartomeu convoque elecciones a final de temporada - El Digital de Asturias","description":"Barcelona, 25 ene (EFE).- El expresidente del FC Barcelona Joan Laporta cree que el nuevo presidente de la entidad azulgrana, Josep Maria Bartomeu, \"deber\u00eda convocar elecciones a final de temporada, dado que no ha sido elegido por los socios en las urnas\". A trav\u00e9s de su cuenta oficial de Twitter (@JoanLaportadCat), el actual concejal del","canonical_url":"https:\/\/www.eldigitaldeasturias.com\/noticias\/laporta-pide-que-bartomeu-convoque-elecciones-a-final-de-temporada\/","robots":"max-image-preview:large","keywords":"actualidad","webmasterTools":{"google-site-verification":"UA-38556648-1","msvalidate.01":"7dfe9f3f1b24437ab69f4f2559babe99","miscellaneous":""},"schema":{"@context":"https:\/\/schema.org","@graph":[{"@type":"BlogPosting","@id":"https:\/\/www.eldigitaldeasturias.com\/noticias\/laporta-pide-que-bartomeu-convoque-elecciones-a-final-de-temporada\/#blogposting","name":"Laporta pide que Bartomeu convoque elecciones a final de temporada - El Digital de Asturias","headline":"Laporta pide que Bartomeu convoque elecciones a final de temporada","author":{"@id":"https:\/\/www.eldigitaldeasturias.com\/noticias\/author\/admin\/#author"},"publisher":{"@id":"https:\/\/www.eldigitaldeasturias.com\/noticias\/#organization"},"image":{"@type":"ImageObject","url":"https:\/\/www.eldigitaldeasturias.com\/noticias\/wp-content\/uploads\/2026\/06\/Contenidos.jpg","width":1265,"height":697,"caption":"Contenidos"},"datePublished":"2014-01-25T22:46:45+01:00","dateModified":"2014-01-25T22:46:45+01:00","inLanguage":"es-ES","mainEntityOfPage":{"@id":"https:\/\/www.eldigitaldeasturias.com\/noticias\/laporta-pide-que-bartomeu-convoque-elecciones-a-final-de-temporada\/#webpage"},"isPartOf":{"@id":"https:\/\/www.eldigitaldeasturias.com\/noticias\/laporta-pide-que-bartomeu-convoque-elecciones-a-final-de-temporada\/#webpage"},"articleSection":"Actualidad"},{"@type":"BreadcrumbList","@id":"https:\/\/www.eldigitaldeasturias.com\/noticias\/laporta-pide-que-bartomeu-convoque-elecciones-a-final-de-temporada\/#breadcrumblist","itemListElement":[{"@type":"ListItem","@id":"https:\/\/www.eldigitaldeasturias.com\/noticias#listItem","position":1,"name":"Home","item":"https:\/\/www.eldigitaldeasturias.com\/noticias","nextItem":{"@type":"ListItem","@id":"https:\/\/www.eldigitaldeasturias.com\/noticias\/category\/actualidad\/#listItem","name":"Actualidad"}},{"@type":"ListItem","@id":"https:\/\/www.eldigitaldeasturias.com\/noticias\/category\/actualidad\/#listItem","position":2,"name":"Actualidad","item":"https:\/\/www.eldigitaldeasturias.com\/noticias\/category\/actualidad\/","nextItem":{"@type":"ListItem","@id":"https:\/\/www.eldigitaldeasturias.com\/noticias\/laporta-pide-que-bartomeu-convoque-elecciones-a-final-de-temporada\/#listItem","name":"Laporta pide que Bartomeu convoque elecciones a final de temporada"},"previousItem":{"@type":"ListItem","@id":"https:\/\/www.eldigitaldeasturias.com\/noticias#listItem","name":"Home"}},{"@type":"ListItem","@id":"https:\/\/www.eldigitaldeasturias.com\/noticias\/laporta-pide-que-bartomeu-convoque-elecciones-a-final-de-temporada\/#listItem","position":3,"name":"Laporta pide que Bartomeu convoque elecciones a final de temporada","previousItem":{"@type":"ListItem","@id":"https:\/\/www.eldigitaldeasturias.com\/noticias\/category\/actualidad\/#listItem","name":"Actualidad"}}]},{"@type":"Organization","@id":"https:\/\/www.eldigitaldeasturias.com\/noticias\/#organization","name":"El Digital de Asturias","description":"Hemeroteca","url":"https:\/\/www.eldigitaldeasturias.com\/noticias\/","email":"info@eldigitaldeasturias.com","telephone":"+34652131393","logo":{"@type":"ImageObject","url":"https:\/\/www.eldigitaldeasturias.com\/noticias\/wp-content\/uploads\/2020\/12\/EDA.jpg","@id":"https:\/\/www.eldigitaldeasturias.com\/noticias\/laporta-pide-que-bartomeu-convoque-elecciones-a-final-de-temporada\/#organizationLogo"},"image":{"@id":"https:\/\/www.eldigitaldeasturias.com\/noticias\/laporta-pide-que-bartomeu-convoque-elecciones-a-final-de-temporada\/#organizationLogo"},"sameAs":["https:\/\/facebook.com\/eldigitaldeasturias","https:\/\/www.youtube.com\/channel\/UCZP-2wLEB9Rv6erhFmqVnvg"],"address":{"@id":"https:\/\/www.eldigitaldeasturias.com\/noticias\/#postaladdress","@type":"PostalAddress","streetAddress":"san antonio 4","postalCode":"33430","addressLocality":"Cand\u00e1s","addressRegion":"Asturias","addressCountry":"ES"}},{"@type":"Person","@id":"https:\/\/www.eldigitaldeasturias.com\/noticias\/author\/admin\/#author","url":"https:\/\/www.eldigitaldeasturias.com\/noticias\/author\/admin\/","name":"El Digital de Asturias","image":{"@type":"ImageObject","@id":"https:\/\/www.eldigitaldeasturias.com\/noticias\/laporta-pide-que-bartomeu-convoque-elecciones-a-final-de-temporada\/#authorImage","url":"https:\/\/secure.gravatar.com\/avatar\/df2aeffc32bcd13f8d26072ef8a91b623d677766deac7f97ca815868cd41bf5e?s=96&d=mm&r=g","width":96,"height":96,"caption":"El Digital de Asturias"}},{"@type":"WebPage","@id":"https:\/\/www.eldigitaldeasturias.com\/noticias\/laporta-pide-que-bartomeu-convoque-elecciones-a-final-de-temporada\/#webpage","url":"https:\/\/www.eldigitaldeasturias.com\/noticias\/laporta-pide-que-bartomeu-convoque-elecciones-a-final-de-temporada\/","name":"Laporta pide que Bartomeu convoque elecciones a final de temporada - El Digital de Asturias","description":"Barcelona, 25 ene (EFE).- El expresidente del FC Barcelona Joan Laporta cree que el nuevo presidente de la entidad azulgrana, Josep Maria Bartomeu, \"deber\u00eda convocar elecciones a final de temporada, dado que no ha sido elegido por los socios en las urnas\". A trav\u00e9s de su cuenta oficial de Twitter (@JoanLaportadCat), el actual concejal del","inLanguage":"es-ES","isPartOf":{"@id":"https:\/\/www.eldigitaldeasturias.com\/noticias\/#website"},"breadcrumb":{"@id":"https:\/\/www.eldigitaldeasturias.com\/noticias\/laporta-pide-que-bartomeu-convoque-elecciones-a-final-de-temporada\/#breadcrumblist"},"author":{"@id":"https:\/\/www.eldigitaldeasturias.com\/noticias\/author\/admin\/#author"},"creator":{"@id":"https:\/\/www.eldigitaldeasturias.com\/noticias\/author\/admin\/#author"},"image":{"@type":"ImageObject","url":"https:\/\/www.eldigitaldeasturias.com\/noticias\/wp-content\/uploads\/2026\/06\/Contenidos.jpg","@id":"https:\/\/www.eldigitaldeasturias.com\/noticias\/laporta-pide-que-bartomeu-convoque-elecciones-a-final-de-temporada\/#mainImage","width":1265,"height":697,"caption":"Contenidos"},"primaryImageOfPage":{"@id":"https:\/\/www.eldigitaldeasturias.com\/noticias\/laporta-pide-que-bartomeu-convoque-elecciones-a-final-de-temporada\/#mainImage"},"datePublished":"2014-01-25T22:46:45+01:00","dateModified":"2014-01-25T22:46:45+01:00"},{"@type":"WebSite","@id":"https:\/\/www.eldigitaldeasturias.com\/noticias\/#website","url":"https:\/\/www.eldigitaldeasturias.com\/noticias\/","name":"El Digital de Asturias - Diario de actualidad y noticias","alternateName":"El Digital de Asturias - Diario de actualidad y noticias","description":"Hemeroteca","inLanguage":"es-ES","publisher":{"@id":"https:\/\/www.eldigitaldeasturias.com\/noticias\/#organization"}}]},"og:locale":"es_ES","og:site_name":"El Digital de Asturias","og:type":"article","og:title":"Laporta pide que Bartomeu convoque elecciones a final de temporada - El Digital de Asturias","og:description":"Barcelona, 25 ene (EFE).- El expresidente del FC Barcelona Joan Laporta cree que el nuevo presidente de la entidad azulgrana, Josep Maria Bartomeu, &quot;deber\u00eda convocar elecciones a final de temporada, dado que no ha sido elegido por los socios en las urnas&quot;. A trav\u00e9s de su cuenta oficial de Twitter (@JoanLaportadCat), el actual concejal del","og:url":"https:\/\/www.eldigitaldeasturias.com\/noticias\/laporta-pide-que-bartomeu-convoque-elecciones-a-final-de-temporada\/","og:image":"https:\/\/www.eldigitaldeasturias.com\/noticias\/wp-content\/uploads\/2026\/06\/Contenidos.jpg","og:image:secure_url":"https:\/\/www.eldigitaldeasturias.com\/noticias\/wp-content\/uploads\/2026\/06\/Contenidos.jpg","og:image:width":1265,"og:image:height":697,"article:tag":["actualidad"],"article:published_time":"2014-01-25T23:46:45+00:00","article:modified_time":"2014-01-25T23:46:45+00:00","article:publisher":"https:\/\/facebook.com\/eldigitaldeasturias","twitter:card":"summary_large_image","twitter:title":"Laporta pide que Bartomeu convoque elecciones a final de temporada - El Digital de Asturias","twitter:description":"Barcelona, 25 ene (EFE).- El expresidente del FC Barcelona Joan Laporta cree que el nuevo presidente de la entidad azulgrana, Josep Maria Bartomeu, &quot;deber\u00eda convocar elecciones a final de temporada, dado que no ha sido elegido por los socios en las urnas&quot;. A trav\u00e9s de su cuenta oficial de Twitter (@JoanLaportadCat), el actual concejal del","twitter:image":"https:\/\/www.eldigitaldeasturias.com\/noticias\/wp-content\/uploads\/2026\/06\/Contenidos.jpg","twitter:label1":"Escrito por","twitter:data1":"El Digital de Asturias","twitter:label2":"Tiempo de lectura estimado","twitter:data2":"1 minuto"},"aioseo_meta_data":{"post_id":"479004","title":null,"description":null,"keywords":null,"keyphrases":null,"primary_term":null,"canonical_url":null,"og_title":null,"og_description":null,"og_object_type":"default","og_image_type":"default","og_image_url":null,"og_image_width":null,"og_image_height":null,"og_image_custom_url":null,"og_image_custom_fields":null,"og_video":null,"og_custom_url":null,"og_article_section":null,"og_article_tags":null,"twitter_use_og":true,"twitter_card":"default","twitter_image_type":"default","twitter_image_url":null,"twitter_image_custom_url":null,"twitter_image_custom_fields":null,"twitter_title":null,"twitter_description":null,"schema":{"blockGraphs":[],"customGraphs":[],"default":{"data":{"Article":[],"Course":[],"Dataset":[],"FAQPage":[],"Movie":[],"Person":[],"Product":[],"ProductReview":[],"Car":[],"Recipe":[],"Service":[],"SoftwareApplication":[],"WebPage":[]},"graphName":"","isEnabled":true},"graphs":[],"defaultGraph":"","defaultPostTypeGraph":""},"schema_type":null,"schema_type_options":null,"pillar_content":false,"robots_default":true,"robots_noindex":false,"robots_noarchive":false,"robots_nosnippet":false,"robots_nofollow":false,"robots_noimageindex":false,"robots_noodp":false,"robots_notranslate":false,"robots_max_snippet":null,"robots_max_videopreview":null,"robots_max_imagepreview":"none","priority":null,"frequency":null,"local_seo":null,"seo_analyzer_scan_date":"2026-06-01 23:13:29","breadcrumb_settings":null,"limit_modified_date":false,"open_ai":null,"ai":null,"created":"2020-11-14 22:53:58","updated":"2026-06-01 23:13:29","focus_keyword":null,"additional_keywords":null,"truseo_locale":null},"aioseo_breadcrumb":"<div class=\"aioseo-breadcrumbs\"><span class=\"aioseo-breadcrumb\">\n\t<a href=\"https:\/\/www.eldigitaldeasturias.com\/noticias\" title=\"Home\">Home<\/a>\n<\/span><span class=\"aioseo-breadcrumb-separator\">\u2013<\/span><span class=\"aioseo-breadcrumb\">\n\t<a href=\"https:\/\/www.eldigitaldeasturias.com\/noticias\/category\/actualidad\/\" title=\"Actualidad\">Actualidad<\/a>\n<\/span><span class=\"aioseo-breadcrumb-separator\">\u2013<\/span><span class=\"aioseo-breadcrumb\">\n\t<a href=\"https:\/\/www.eldigitaldeasturias.com\/noticias\/laporta-pide-que-bartomeu-convoque-elecciones-a-final-de-temporada\/\" title=\"Laporta pide que Bartomeu convoque elecciones a final de temporada\">Laporta pide que Bartomeu convoque elecciones a final de temporada<\/a>\n<\/span><\/div>","aioseo_breadcrumb_json":[{"label":"Home","link":"https:\/\/www.eldigitaldeasturias.com\/noticias"},{"label":"Actualidad","link":"https:\/\/www.eldigitaldeasturias.com\/noticias\/category\/actualidad\/"},{"label":"Laporta pide que Bartomeu convoque elecciones a final de temporada","link":"https:\/\/www.eldigitaldeasturias.com\/noticias\/laporta-pide-que-bartomeu-convoque-elecciones-a-final-de-temporada\/"}],"_links":{"self":[{"href":"https:\/\/www.eldigitaldeasturias.com\/noticias\/wp-json\/wp\/v2\/posts\/479004","targetHints":{"allow":["GET"]}}],"collection":[{"href":"https:\/\/www.eldigitaldeasturias.com\/noticias\/wp-json\/wp\/v2\/posts"}],"about":[{"href":"https:\/\/www.eldigitaldeasturias.com\/noticias\/wp-json\/wp\/v2\/types\/post"}],"author":[{"embeddable":true,"href":"https:\/\/www.eldigitaldeasturias.com\/noticias\/wp-json\/wp\/v2\/users\/1"}],"replies":[{"embeddable":true,"href":"https:\/\/www.eldigitaldeasturias.com\/noticias\/wp-json\/wp\/v2\/comments?post=479004"}],"version-history":[{"count":0,"href":"https:\/\/www.eldigitaldeasturias.com\/noticias\/wp-json\/wp\/v2\/posts\/479004\/revisions"}],"wp:featuredmedia":[{"embeddable":true,"href":"https:\/\/www.eldigitaldeasturias.com\/noticias\/wp-json\/wp\/v2\/media\/1132184"}],"wp:attachment":[{"href":"https:\/\/www.eldigitaldeasturias.com\/noticias\/wp-json\/wp\/v2\/media?parent=479004"}],"wp:term":[{"taxonomy":"category","embeddable":true,"href":"https:\/\/www.eldigitaldeasturias.com\/noticias\/wp-json\/wp\/v2\/categories?post=479004"},{"taxonomy":"post_tag","embeddable":true,"href":"https:\/\/www.eldigitaldeasturias.com\/noticias\/wp-json\/wp\/v2\/tags?post=479004"}],"curies":[{"name":"wp","href":"https:\/\/api.w.org\/{rel}","templated":true}]}}