{"id":479001,"date":"2014-01-25T22:44:49","date_gmt":"2014-01-25T23:44:49","guid":{"rendered":"http:\/\/www.eldigitaldeasturias.com\/noticias\/?p=479001"},"modified":"2014-01-25T22:48:54","modified_gmt":"2014-01-25T23:48:54","slug":"el-real-madrid-se-acuesta-lider-en-el-dia-de-ronaldo-y-el-balon-de-oro","status":"publish","type":"post","link":"https:\/\/www.eldigitaldeasturias.com\/noticias\/el-real-madrid-se-acuesta-lider-en-el-dia-de-ronaldo-y-el-balon-de-oro\/","title":{"rendered":"El Real Madrid se acuesta l\u00edder en el d\u00eda de Ronaldo y el Bal\u00f3n de Oro."},"content":{"rendered":"<p><img loading=\"lazy\" decoding=\"async\" class=\"alignleft size-medium wp-image-479002\" alt=\"5876434w\" src=\"https:\/\/www.eldigitaldeasturias.com\/noticias\/wp-content\/uploads\/2014\/01\/5876434w-360x239.jpg\" width=\"360\" height=\"239\" \/>Madrid, 25 ene (EFE).- El Real Madrid alcanz\u00f3 el liderato de la Liga BBVA por primera vez en la temporada, culminando su remontada al ritmo que marc\u00f3 Luka Modric para derrotar al Granada, que cedi\u00f3 tras un grave error y sali\u00f3 derrotado del Santiago Bernab\u00e9u por los goles de Cristiano Ronaldo y Karim Benzema (2-0).<\/p>\n<p>El momento tan esperado, la posible culminaci\u00f3n de una remontada fruto de una clara mejor\u00eda defensiva y del juego, no fue como se esperaba. El Real Madrid estuvo gris. Sin chispa en el primer acto. Con un grado de motivaci\u00f3n m\u00e1s bajo del necesario en un mes cargado de partidos en el que Carlo Ancelotti ha realizado menos rotaciones de las que anunci\u00f3. Y acab\u00f3 ganando cuando retoc\u00f3 su actitud.<\/p>\n<p>El futbolista es profesional pero no una m\u00e1quina. Disputando tres partidos a la semana llega un d\u00eda en el que por la diferencia entre equipos, levanta el pie del acelerador y su motivaci\u00f3n se aleja del punto deseado. Le ocurri\u00f3 a los madridistas en una primera mitad tremendamente aburrida en la que Luka Modric puso la poca dosis de f\u00fatbol y Cristiano la ambici\u00f3n.<\/p>\n<p>Se hab\u00eda dado el ba\u00f1o de masas so\u00f1ado Cristiano Ronaldo con el madridismo. Rendido al portugu\u00e9s, que orgulloso hizo extensible su \u00e9xito por el &#8216;Bal\u00f3n de Oro&#8217; y tuvo un gesto emotivo con Agust\u00edn Herrer\u00edn, delegado del Real Madrid los \u00faltimos 17 a\u00f1os. El ambiente festivo no lo respald\u00f3 el equipo con buen juego.<\/p>\n<p>Falt\u00f3 velocidad, movimiento e ideas ante un planteamiento defensivo firme de Lucas Alcaraz, y con buen gusto cuando el bal\u00f3n pasaba por los pies de Fatau, Piti o Brahimi. El centro del campo poblado incomod\u00f3 a Xabi Alonso y Di Mar\u00eda, que cay\u00f3 a banda izquierda y se solap\u00f3 por momentos con Marcelo.<\/p>\n<p>En el otro lateral Carvajal sufr\u00eda para frenar la calidad de Brahimi. Otro arma ofensiva anulada en la primera parte. Provoc\u00f3 que el peligro se redujese a acciones individuales de Cristiano. Su punto de mira desviado en sus remates a los minutos 6 y 26, en un Bernab\u00e9u que a\u00f1os despu\u00e9s ve\u00eda como una acci\u00f3n de estrategia casi da sus frutos.<\/p>\n<p>Di Mar\u00eda enga\u00f1\u00f3 a bal\u00f3n parado, la puso al costado donde sorprendi\u00f3 Carvajal y el centro lo despej\u00f3 Iturra al travesa\u00f1o. Con poco tambi\u00e9n le sirve al Real Madrid para acercarse al gol. Ramos lo roz\u00f3 con un testarazo y Cristiano sac\u00f3 una chilena perfecta con una potencia descomunal ante la que se luci\u00f3 Roberto.<\/p>\n<p>El Granada bastante ten\u00eda con mantener el orden defensivo. Diego L\u00f3pez fue un espectador m\u00e1s. Un disparo blando a las manos de Recio a los 26 minutos fue su \u00fanica aparici\u00f3n. El protagonismo reca\u00eda sobre Modric. El croata en un despliegue f\u00edsico tremendo apareci\u00f3 por todo el campo. Un recorte. Un amago con el cuerpo. Un robo prolongado con un pase con calidad. Y remate. En la segunda parte irrumpi\u00f3 por el centro de la defensa con velocidad pero el punto de mira desviado. Solo le falt\u00f3 el gol.<\/p>\n<p>El Real Madrid cambi\u00f3 de actitud en la reanudaci\u00f3n. Mantuvo su fuerza defensiva para enlazar siete partidos con su puerta a cero y comenz\u00f3 a arrinconar a su rival. El gol era cuesti\u00f3n de tiempo. Jes\u00e9 por Bale para aumentar las ganas. Un poco de presi\u00f3n en la salida de juego del Granada y Roberto pas\u00f3 a ser el jugador del partido.<\/p>\n<p>Sus paradas mantuvieron en pie a su equipo hasta que fue v\u00edctima de un grave error propio. Una falta de Xabi Alonso dej\u00f3 tendido en el c\u00e9sped a Fatau con claros gestos de dolor. Iturra lo ignor\u00f3, puso el bal\u00f3n en juego mal y el Real Madrid concluy\u00f3 su recuperaci\u00f3n con un disparo a la red de Cristiano.<\/p>\n<p>Sin carburar a tope, el equipo de Ancelotti ya estaba por delante y cumpl\u00eda su objetivo. Di Mar\u00eda se sac\u00f3 una gran segunda parte que fren\u00f3 Roberto y la madera. Tambi\u00e9n el larguero repeli\u00f3 un ca\u00f1onazo de falta de Cristiano antes de que Marcelo regalase a Benzema el broche de una tarde gris que quedar\u00e1 en el olvido cuando el madridista mire la clasificaci\u00f3n y se vea l\u00edder.<\/p>\n<p>&nbsp;<\/p>\n<p>Ficha t\u00e9cnica:<\/p>\n<p>2 &#8211; Real Madrid: Diego L\u00f3pez; Carvajal, Pepe, Sergio Ramos, Marcelo; Xabi Alonso, Modric, Di Mar\u00eda (Illarramendi, m.84); Bale (Jes\u00e9, m.46), Cristiano Ronaldo y Benzema (Isco, m.78).<\/p>\n<p>0 &#8211; Granada CF: Roberto; Nyom, Mainz, Murillo (Coeff, m.81), Brayan Angulo; Recio (Pereira, m.70), Iturra, Fatau, Brahimi, Piti (Buonanotte, m.81); y El Arabi.<\/p>\n<p>Goles: 1-0, m.56: Cristiano Ronaldo. 2-0, m.74: Benzema.<\/p>\n<p>\u00c1rbitro: Gil Manzano (colegio extreme\u00f1o). Amonest\u00f3 a Ramos (16), Benzema (53), Modric (61) y Di Mar\u00eda (65) por el Real Madrid; y a Murillo (9) e Iturra (62) por el Granada.<\/p>\n<p>Incidencias: encuentro correspondiente a la vig\u00e9simo primera jornada de la Liga BBVA, disputado en el estadio Santiago Bernab\u00e9u ante la presencia de 76.000 espectadores. En los proleg\u00f3menos del partido Cristiano Ronaldo fue homenajeado por la afici\u00f3n madridista y dedic\u00f3 el &#8216;Bal\u00f3n de Oro&#8217; al Bernab\u00e9u.<\/p>\n<p>Roberto Morales<\/p>\n","protected":false},"excerpt":{"rendered":"<p>Madrid, 25 ene (EFE).- El Real Madrid alcanz\u00f3 el liderato de la Liga BBVA por primera vez en la temporada, culminando su remontada al ritmo que marc\u00f3 Luka Modric para derrotar al Granada, que cedi\u00f3 tras un grave error y sali\u00f3 derrotado del Santiago Bernab\u00e9u por los goles de Cristiano Ronaldo y Karim Benzema (2-0). [&hellip;]<\/p>\n","protected":false},"author":1,"featured_media":1132184,"comment_status":"closed","ping_status":"open","sticky":false,"template":"","format":"standard","meta":{"footnotes":""},"categories":[1],"tags":[],"class_list":["post-479001","post","type-post","status-publish","format-standard","has-post-thumbnail","hentry","category-actualidad"],"aioseo_notices":[],"aioseo_head":"\n\t\t<!-- All in One SEO Pro 5.0.1 - aioseo.com -->\n\t<meta name=\"description\" content=\"Madrid, 25 ene (EFE).- El Real Madrid alcanz\u00f3 el liderato de la Liga BBVA por primera vez en la temporada, culminando su remontada al ritmo que marc\u00f3 Luka Modric para derrotar al Granada, que cedi\u00f3 tras un grave error y sali\u00f3 derrotado del Santiago Bernab\u00e9u por los goles de Cristiano Ronaldo y Karim Benzema (2-0).\" \/>\n\t<meta name=\"robots\" content=\"max-image-preview:large\" \/>\n\t<meta name=\"author\" content=\"El Digital de Asturias\"\/>\n\t<meta name=\"google-site-verification\" content=\"UA-38556648-1\" \/>\n\t<meta name=\"msvalidate.01\" content=\"7dfe9f3f1b24437ab69f4f2559babe99\" \/>\n\t<meta name=\"keywords\" content=\"actualidad\" \/>\n\t<link rel=\"canonical\" href=\"https:\/\/www.eldigitaldeasturias.com\/noticias\/el-real-madrid-se-acuesta-lider-en-el-dia-de-ronaldo-y-el-balon-de-oro\/\" \/>\n\t<meta name=\"generator\" content=\"All in One SEO Pro (AIOSEO) 5.0.1\" \/>\n\t\t<meta property=\"og:locale\" content=\"es_ES\" \/>\n\t\t<meta property=\"og:site_name\" content=\"El Digital de Asturias\" \/>\n\t\t<meta property=\"og:type\" content=\"article\" \/>\n\t\t<meta property=\"og:title\" content=\"El Real Madrid se acuesta l\u00edder en el d\u00eda de Ronaldo y el Bal\u00f3n de Oro. - El Digital de Asturias\" \/>\n\t\t<meta property=\"og:description\" content=\"Madrid, 25 ene (EFE).- El Real Madrid alcanz\u00f3 el liderato de la Liga BBVA por primera vez en la temporada, culminando su remontada al ritmo que marc\u00f3 Luka Modric para derrotar al Granada, que cedi\u00f3 tras un grave error y sali\u00f3 derrotado del Santiago Bernab\u00e9u por los goles de Cristiano Ronaldo y Karim Benzema (2-0).\" \/>\n\t\t<meta property=\"og:url\" content=\"https:\/\/www.eldigitaldeasturias.com\/noticias\/el-real-madrid-se-acuesta-lider-en-el-dia-de-ronaldo-y-el-balon-de-oro\/\" \/>\n\t\t<meta property=\"og:image\" content=\"https:\/\/www.eldigitaldeasturias.com\/noticias\/wp-content\/uploads\/2026\/06\/Contenidos.jpg\" \/>\n\t\t<meta property=\"og:image:secure_url\" content=\"https:\/\/www.eldigitaldeasturias.com\/noticias\/wp-content\/uploads\/2026\/06\/Contenidos.jpg\" \/>\n\t\t<meta property=\"og:image:width\" content=\"1265\" \/>\n\t\t<meta property=\"og:image:height\" content=\"697\" \/>\n\t\t<meta property=\"article:tag\" content=\"actualidad\" \/>\n\t\t<meta property=\"article:published_time\" content=\"2014-01-25T23:44:49+00:00\" \/>\n\t\t<meta property=\"article:modified_time\" content=\"2014-01-25T23:48:54+00:00\" \/>\n\t\t<meta property=\"article:publisher\" content=\"https:\/\/facebook.com\/eldigitaldeasturias\" \/>\n\t\t<meta name=\"twitter:card\" content=\"summary_large_image\" \/>\n\t\t<meta name=\"twitter:title\" content=\"El Real Madrid se acuesta l\u00edder en el d\u00eda de Ronaldo y el Bal\u00f3n de Oro. - El Digital de Asturias\" \/>\n\t\t<meta name=\"twitter:description\" content=\"Madrid, 25 ene (EFE).- El Real Madrid alcanz\u00f3 el liderato de la Liga BBVA por primera vez en la temporada, culminando su remontada al ritmo que marc\u00f3 Luka Modric para derrotar al Granada, que cedi\u00f3 tras un grave error y sali\u00f3 derrotado del Santiago Bernab\u00e9u por los goles de Cristiano Ronaldo y Karim Benzema (2-0).\" \/>\n\t\t<meta name=\"twitter:image\" content=\"https:\/\/www.eldigitaldeasturias.com\/noticias\/wp-content\/uploads\/2026\/06\/Contenidos.jpg\" \/>\n\t\t<meta name=\"twitter:label1\" content=\"Escrito por\" \/>\n\t\t<meta name=\"twitter:data1\" content=\"El Digital de Asturias\" \/>\n\t\t<meta name=\"twitter:label2\" content=\"Tiempo de lectura estimado\" \/>\n\t\t<meta name=\"twitter:data2\" content=\"4 minutos\" \/>\n\t\t<script type=\"application\/ld+json\" class=\"aioseo-schema\">\n\t\t\t{\"@context\":\"https:\\\/\\\/schema.org\",\"@graph\":[{\"@type\":\"BlogPosting\",\"@id\":\"https:\\\/\\\/www.eldigitaldeasturias.com\\\/noticias\\\/el-real-madrid-se-acuesta-lider-en-el-dia-de-ronaldo-y-el-balon-de-oro\\\/#blogposting\",\"name\":\"El Real Madrid se acuesta l\\u00edder en el d\\u00eda de Ronaldo y el Bal\\u00f3n de Oro. - El Digital de Asturias\",\"headline\":\"El Real Madrid se acuesta l\\u00edder en el d\\u00eda de Ronaldo y el Bal\\u00f3n de Oro.\",\"author\":{\"@id\":\"https:\\\/\\\/www.eldigitaldeasturias.com\\\/noticias\\\/author\\\/admin\\\/#author\"},\"publisher\":{\"@id\":\"https:\\\/\\\/www.eldigitaldeasturias.com\\\/noticias\\\/#organization\"},\"image\":{\"@type\":\"ImageObject\",\"url\":\"https:\\\/\\\/www.eldigitaldeasturias.com\\\/noticias\\\/wp-content\\\/uploads\\\/2026\\\/06\\\/Contenidos.jpg\",\"width\":1265,\"height\":697,\"caption\":\"Contenidos\"},\"datePublished\":\"2014-01-25T22:44:49+01:00\",\"dateModified\":\"2014-01-25T22:48:54+01:00\",\"inLanguage\":\"es-ES\",\"mainEntityOfPage\":{\"@id\":\"https:\\\/\\\/www.eldigitaldeasturias.com\\\/noticias\\\/el-real-madrid-se-acuesta-lider-en-el-dia-de-ronaldo-y-el-balon-de-oro\\\/#webpage\"},\"isPartOf\":{\"@id\":\"https:\\\/\\\/www.eldigitaldeasturias.com\\\/noticias\\\/el-real-madrid-se-acuesta-lider-en-el-dia-de-ronaldo-y-el-balon-de-oro\\\/#webpage\"},\"articleSection\":\"Actualidad\"},{\"@type\":\"BreadcrumbList\",\"@id\":\"https:\\\/\\\/www.eldigitaldeasturias.com\\\/noticias\\\/el-real-madrid-se-acuesta-lider-en-el-dia-de-ronaldo-y-el-balon-de-oro\\\/#breadcrumblist\",\"itemListElement\":[{\"@type\":\"ListItem\",\"@id\":\"https:\\\/\\\/www.eldigitaldeasturias.com\\\/noticias#listItem\",\"position\":1,\"name\":\"Home\",\"item\":\"https:\\\/\\\/www.eldigitaldeasturias.com\\\/noticias\",\"nextItem\":{\"@type\":\"ListItem\",\"@id\":\"https:\\\/\\\/www.eldigitaldeasturias.com\\\/noticias\\\/category\\\/actualidad\\\/#listItem\",\"name\":\"Actualidad\"}},{\"@type\":\"ListItem\",\"@id\":\"https:\\\/\\\/www.eldigitaldeasturias.com\\\/noticias\\\/category\\\/actualidad\\\/#listItem\",\"position\":2,\"name\":\"Actualidad\",\"item\":\"https:\\\/\\\/www.eldigitaldeasturias.com\\\/noticias\\\/category\\\/actualidad\\\/\",\"nextItem\":{\"@type\":\"ListItem\",\"@id\":\"https:\\\/\\\/www.eldigitaldeasturias.com\\\/noticias\\\/el-real-madrid-se-acuesta-lider-en-el-dia-de-ronaldo-y-el-balon-de-oro\\\/#listItem\",\"name\":\"El Real Madrid se acuesta l\\u00edder en el d\\u00eda de Ronaldo y el Bal\\u00f3n de Oro.\"},\"previousItem\":{\"@type\":\"ListItem\",\"@id\":\"https:\\\/\\\/www.eldigitaldeasturias.com\\\/noticias#listItem\",\"name\":\"Home\"}},{\"@type\":\"ListItem\",\"@id\":\"https:\\\/\\\/www.eldigitaldeasturias.com\\\/noticias\\\/el-real-madrid-se-acuesta-lider-en-el-dia-de-ronaldo-y-el-balon-de-oro\\\/#listItem\",\"position\":3,\"name\":\"El Real Madrid se acuesta l\\u00edder en el d\\u00eda de Ronaldo y el Bal\\u00f3n de Oro.\",\"previousItem\":{\"@type\":\"ListItem\",\"@id\":\"https:\\\/\\\/www.eldigitaldeasturias.com\\\/noticias\\\/category\\\/actualidad\\\/#listItem\",\"name\":\"Actualidad\"}}]},{\"@type\":\"Organization\",\"@id\":\"https:\\\/\\\/www.eldigitaldeasturias.com\\\/noticias\\\/#organization\",\"name\":\"El Digital de Asturias\",\"description\":\"Hemeroteca\",\"url\":\"https:\\\/\\\/www.eldigitaldeasturias.com\\\/noticias\\\/\",\"email\":\"info@eldigitaldeasturias.com\",\"telephone\":\"+34652131393\",\"logo\":{\"@type\":\"ImageObject\",\"url\":\"https:\\\/\\\/www.eldigitaldeasturias.com\\\/noticias\\\/wp-content\\\/uploads\\\/2020\\\/12\\\/EDA.jpg\",\"@id\":\"https:\\\/\\\/www.eldigitaldeasturias.com\\\/noticias\\\/el-real-madrid-se-acuesta-lider-en-el-dia-de-ronaldo-y-el-balon-de-oro\\\/#organizationLogo\"},\"image\":{\"@id\":\"https:\\\/\\\/www.eldigitaldeasturias.com\\\/noticias\\\/el-real-madrid-se-acuesta-lider-en-el-dia-de-ronaldo-y-el-balon-de-oro\\\/#organizationLogo\"},\"sameAs\":[\"https:\\\/\\\/facebook.com\\\/eldigitaldeasturias\",\"https:\\\/\\\/www.youtube.com\\\/channel\\\/UCZP-2wLEB9Rv6erhFmqVnvg\"],\"address\":{\"@id\":\"https:\\\/\\\/www.eldigitaldeasturias.com\\\/noticias\\\/#postaladdress\",\"@type\":\"PostalAddress\",\"streetAddress\":\"san antonio 4\",\"postalCode\":\"33430\",\"addressLocality\":\"Cand\\u00e1s\",\"addressRegion\":\"Asturias\",\"addressCountry\":\"ES\"}},{\"@type\":\"Person\",\"@id\":\"https:\\\/\\\/www.eldigitaldeasturias.com\\\/noticias\\\/author\\\/admin\\\/#author\",\"url\":\"https:\\\/\\\/www.eldigitaldeasturias.com\\\/noticias\\\/author\\\/admin\\\/\",\"name\":\"El Digital de Asturias\",\"image\":{\"@type\":\"ImageObject\",\"@id\":\"https:\\\/\\\/www.eldigitaldeasturias.com\\\/noticias\\\/el-real-madrid-se-acuesta-lider-en-el-dia-de-ronaldo-y-el-balon-de-oro\\\/#authorImage\",\"url\":\"https:\\\/\\\/secure.gravatar.com\\\/avatar\\\/df2aeffc32bcd13f8d26072ef8a91b623d677766deac7f97ca815868cd41bf5e?s=96&d=mm&r=g\",\"width\":96,\"height\":96,\"caption\":\"El Digital de Asturias\"}},{\"@type\":\"WebPage\",\"@id\":\"https:\\\/\\\/www.eldigitaldeasturias.com\\\/noticias\\\/el-real-madrid-se-acuesta-lider-en-el-dia-de-ronaldo-y-el-balon-de-oro\\\/#webpage\",\"url\":\"https:\\\/\\\/www.eldigitaldeasturias.com\\\/noticias\\\/el-real-madrid-se-acuesta-lider-en-el-dia-de-ronaldo-y-el-balon-de-oro\\\/\",\"name\":\"El Real Madrid se acuesta l\\u00edder en el d\\u00eda de Ronaldo y el Bal\\u00f3n de Oro. - El Digital de Asturias\",\"description\":\"Madrid, 25 ene (EFE).- El Real Madrid alcanz\\u00f3 el liderato de la Liga BBVA por primera vez en la temporada, culminando su remontada al ritmo que marc\\u00f3 Luka Modric para derrotar al Granada, que cedi\\u00f3 tras un grave error y sali\\u00f3 derrotado del Santiago Bernab\\u00e9u por los goles de Cristiano Ronaldo y Karim Benzema (2-0).\",\"inLanguage\":\"es-ES\",\"isPartOf\":{\"@id\":\"https:\\\/\\\/www.eldigitaldeasturias.com\\\/noticias\\\/#website\"},\"breadcrumb\":{\"@id\":\"https:\\\/\\\/www.eldigitaldeasturias.com\\\/noticias\\\/el-real-madrid-se-acuesta-lider-en-el-dia-de-ronaldo-y-el-balon-de-oro\\\/#breadcrumblist\"},\"author\":{\"@id\":\"https:\\\/\\\/www.eldigitaldeasturias.com\\\/noticias\\\/author\\\/admin\\\/#author\"},\"creator\":{\"@id\":\"https:\\\/\\\/www.eldigitaldeasturias.com\\\/noticias\\\/author\\\/admin\\\/#author\"},\"image\":{\"@type\":\"ImageObject\",\"url\":\"https:\\\/\\\/www.eldigitaldeasturias.com\\\/noticias\\\/wp-content\\\/uploads\\\/2026\\\/06\\\/Contenidos.jpg\",\"@id\":\"https:\\\/\\\/www.eldigitaldeasturias.com\\\/noticias\\\/el-real-madrid-se-acuesta-lider-en-el-dia-de-ronaldo-y-el-balon-de-oro\\\/#mainImage\",\"width\":1265,\"height\":697,\"caption\":\"Contenidos\"},\"primaryImageOfPage\":{\"@id\":\"https:\\\/\\\/www.eldigitaldeasturias.com\\\/noticias\\\/el-real-madrid-se-acuesta-lider-en-el-dia-de-ronaldo-y-el-balon-de-oro\\\/#mainImage\"},\"datePublished\":\"2014-01-25T22:44:49+01:00\",\"dateModified\":\"2014-01-25T22:48:54+01:00\"},{\"@type\":\"WebSite\",\"@id\":\"https:\\\/\\\/www.eldigitaldeasturias.com\\\/noticias\\\/#website\",\"url\":\"https:\\\/\\\/www.eldigitaldeasturias.com\\\/noticias\\\/\",\"name\":\"El Digital de Asturias - Diario de actualidad y noticias\",\"alternateName\":\"El Digital de Asturias - Diario de actualidad y noticias\",\"description\":\"Hemeroteca\",\"inLanguage\":\"es-ES\",\"publisher\":{\"@id\":\"https:\\\/\\\/www.eldigitaldeasturias.com\\\/noticias\\\/#organization\"}}]}\n\t\t<\/script>\n\t\t<!-- All in One SEO Pro -->\r\n\t\t<title>El Real Madrid se acuesta l\u00edder en el d\u00eda de Ronaldo y el Bal\u00f3n de Oro. - El Digital de Asturias<\/title>\n\n","aioseo_head_json":{"title":"El Real Madrid se acuesta l\u00edder en el d\u00eda de Ronaldo y el Bal\u00f3n de Oro. - El Digital de Asturias","description":"Madrid, 25 ene (EFE).- El Real Madrid alcanz\u00f3 el liderato de la Liga BBVA por primera vez en la temporada, culminando su remontada al ritmo que marc\u00f3 Luka Modric para derrotar al Granada, que cedi\u00f3 tras un grave error y sali\u00f3 derrotado del Santiago Bernab\u00e9u por los goles de Cristiano Ronaldo y Karim Benzema (2-0).","canonical_url":"https:\/\/www.eldigitaldeasturias.com\/noticias\/el-real-madrid-se-acuesta-lider-en-el-dia-de-ronaldo-y-el-balon-de-oro\/","robots":"max-image-preview:large","keywords":"actualidad","webmasterTools":{"google-site-verification":"UA-38556648-1","msvalidate.01":"7dfe9f3f1b24437ab69f4f2559babe99","miscellaneous":""},"schema":{"@context":"https:\/\/schema.org","@graph":[{"@type":"BlogPosting","@id":"https:\/\/www.eldigitaldeasturias.com\/noticias\/el-real-madrid-se-acuesta-lider-en-el-dia-de-ronaldo-y-el-balon-de-oro\/#blogposting","name":"El Real Madrid se acuesta l\u00edder en el d\u00eda de Ronaldo y el Bal\u00f3n de Oro. - El Digital de Asturias","headline":"El Real Madrid se acuesta l\u00edder en el d\u00eda de Ronaldo y el Bal\u00f3n de Oro.","author":{"@id":"https:\/\/www.eldigitaldeasturias.com\/noticias\/author\/admin\/#author"},"publisher":{"@id":"https:\/\/www.eldigitaldeasturias.com\/noticias\/#organization"},"image":{"@type":"ImageObject","url":"https:\/\/www.eldigitaldeasturias.com\/noticias\/wp-content\/uploads\/2026\/06\/Contenidos.jpg","width":1265,"height":697,"caption":"Contenidos"},"datePublished":"2014-01-25T22:44:49+01:00","dateModified":"2014-01-25T22:48:54+01:00","inLanguage":"es-ES","mainEntityOfPage":{"@id":"https:\/\/www.eldigitaldeasturias.com\/noticias\/el-real-madrid-se-acuesta-lider-en-el-dia-de-ronaldo-y-el-balon-de-oro\/#webpage"},"isPartOf":{"@id":"https:\/\/www.eldigitaldeasturias.com\/noticias\/el-real-madrid-se-acuesta-lider-en-el-dia-de-ronaldo-y-el-balon-de-oro\/#webpage"},"articleSection":"Actualidad"},{"@type":"BreadcrumbList","@id":"https:\/\/www.eldigitaldeasturias.com\/noticias\/el-real-madrid-se-acuesta-lider-en-el-dia-de-ronaldo-y-el-balon-de-oro\/#breadcrumblist","itemListElement":[{"@type":"ListItem","@id":"https:\/\/www.eldigitaldeasturias.com\/noticias#listItem","position":1,"name":"Home","item":"https:\/\/www.eldigitaldeasturias.com\/noticias","nextItem":{"@type":"ListItem","@id":"https:\/\/www.eldigitaldeasturias.com\/noticias\/category\/actualidad\/#listItem","name":"Actualidad"}},{"@type":"ListItem","@id":"https:\/\/www.eldigitaldeasturias.com\/noticias\/category\/actualidad\/#listItem","position":2,"name":"Actualidad","item":"https:\/\/www.eldigitaldeasturias.com\/noticias\/category\/actualidad\/","nextItem":{"@type":"ListItem","@id":"https:\/\/www.eldigitaldeasturias.com\/noticias\/el-real-madrid-se-acuesta-lider-en-el-dia-de-ronaldo-y-el-balon-de-oro\/#listItem","name":"El Real Madrid se acuesta l\u00edder en el d\u00eda de Ronaldo y el Bal\u00f3n de Oro."},"previousItem":{"@type":"ListItem","@id":"https:\/\/www.eldigitaldeasturias.com\/noticias#listItem","name":"Home"}},{"@type":"ListItem","@id":"https:\/\/www.eldigitaldeasturias.com\/noticias\/el-real-madrid-se-acuesta-lider-en-el-dia-de-ronaldo-y-el-balon-de-oro\/#listItem","position":3,"name":"El Real Madrid se acuesta l\u00edder en el d\u00eda de Ronaldo y el Bal\u00f3n de Oro.","previousItem":{"@type":"ListItem","@id":"https:\/\/www.eldigitaldeasturias.com\/noticias\/category\/actualidad\/#listItem","name":"Actualidad"}}]},{"@type":"Organization","@id":"https:\/\/www.eldigitaldeasturias.com\/noticias\/#organization","name":"El Digital de Asturias","description":"Hemeroteca","url":"https:\/\/www.eldigitaldeasturias.com\/noticias\/","email":"info@eldigitaldeasturias.com","telephone":"+34652131393","logo":{"@type":"ImageObject","url":"https:\/\/www.eldigitaldeasturias.com\/noticias\/wp-content\/uploads\/2020\/12\/EDA.jpg","@id":"https:\/\/www.eldigitaldeasturias.com\/noticias\/el-real-madrid-se-acuesta-lider-en-el-dia-de-ronaldo-y-el-balon-de-oro\/#organizationLogo"},"image":{"@id":"https:\/\/www.eldigitaldeasturias.com\/noticias\/el-real-madrid-se-acuesta-lider-en-el-dia-de-ronaldo-y-el-balon-de-oro\/#organizationLogo"},"sameAs":["https:\/\/facebook.com\/eldigitaldeasturias","https:\/\/www.youtube.com\/channel\/UCZP-2wLEB9Rv6erhFmqVnvg"],"address":{"@id":"https:\/\/www.eldigitaldeasturias.com\/noticias\/#postaladdress","@type":"PostalAddress","streetAddress":"san antonio 4","postalCode":"33430","addressLocality":"Cand\u00e1s","addressRegion":"Asturias","addressCountry":"ES"}},{"@type":"Person","@id":"https:\/\/www.eldigitaldeasturias.com\/noticias\/author\/admin\/#author","url":"https:\/\/www.eldigitaldeasturias.com\/noticias\/author\/admin\/","name":"El Digital de Asturias","image":{"@type":"ImageObject","@id":"https:\/\/www.eldigitaldeasturias.com\/noticias\/el-real-madrid-se-acuesta-lider-en-el-dia-de-ronaldo-y-el-balon-de-oro\/#authorImage","url":"https:\/\/secure.gravatar.com\/avatar\/df2aeffc32bcd13f8d26072ef8a91b623d677766deac7f97ca815868cd41bf5e?s=96&d=mm&r=g","width":96,"height":96,"caption":"El Digital de Asturias"}},{"@type":"WebPage","@id":"https:\/\/www.eldigitaldeasturias.com\/noticias\/el-real-madrid-se-acuesta-lider-en-el-dia-de-ronaldo-y-el-balon-de-oro\/#webpage","url":"https:\/\/www.eldigitaldeasturias.com\/noticias\/el-real-madrid-se-acuesta-lider-en-el-dia-de-ronaldo-y-el-balon-de-oro\/","name":"El Real Madrid se acuesta l\u00edder en el d\u00eda de Ronaldo y el Bal\u00f3n de Oro. - El Digital de Asturias","description":"Madrid, 25 ene (EFE).- El Real Madrid alcanz\u00f3 el liderato de la Liga BBVA por primera vez en la temporada, culminando su remontada al ritmo que marc\u00f3 Luka Modric para derrotar al Granada, que cedi\u00f3 tras un grave error y sali\u00f3 derrotado del Santiago Bernab\u00e9u por los goles de Cristiano Ronaldo y Karim Benzema (2-0).","inLanguage":"es-ES","isPartOf":{"@id":"https:\/\/www.eldigitaldeasturias.com\/noticias\/#website"},"breadcrumb":{"@id":"https:\/\/www.eldigitaldeasturias.com\/noticias\/el-real-madrid-se-acuesta-lider-en-el-dia-de-ronaldo-y-el-balon-de-oro\/#breadcrumblist"},"author":{"@id":"https:\/\/www.eldigitaldeasturias.com\/noticias\/author\/admin\/#author"},"creator":{"@id":"https:\/\/www.eldigitaldeasturias.com\/noticias\/author\/admin\/#author"},"image":{"@type":"ImageObject","url":"https:\/\/www.eldigitaldeasturias.com\/noticias\/wp-content\/uploads\/2026\/06\/Contenidos.jpg","@id":"https:\/\/www.eldigitaldeasturias.com\/noticias\/el-real-madrid-se-acuesta-lider-en-el-dia-de-ronaldo-y-el-balon-de-oro\/#mainImage","width":1265,"height":697,"caption":"Contenidos"},"primaryImageOfPage":{"@id":"https:\/\/www.eldigitaldeasturias.com\/noticias\/el-real-madrid-se-acuesta-lider-en-el-dia-de-ronaldo-y-el-balon-de-oro\/#mainImage"},"datePublished":"2014-01-25T22:44:49+01:00","dateModified":"2014-01-25T22:48:54+01:00"},{"@type":"WebSite","@id":"https:\/\/www.eldigitaldeasturias.com\/noticias\/#website","url":"https:\/\/www.eldigitaldeasturias.com\/noticias\/","name":"El Digital de Asturias - Diario de actualidad y noticias","alternateName":"El Digital de Asturias - Diario de actualidad y noticias","description":"Hemeroteca","inLanguage":"es-ES","publisher":{"@id":"https:\/\/www.eldigitaldeasturias.com\/noticias\/#organization"}}]},"og:locale":"es_ES","og:site_name":"El Digital de Asturias","og:type":"article","og:title":"El Real Madrid se acuesta l\u00edder en el d\u00eda de Ronaldo y el Bal\u00f3n de Oro. - El Digital de Asturias","og:description":"Madrid, 25 ene (EFE).- El Real Madrid alcanz\u00f3 el liderato de la Liga BBVA por primera vez en la temporada, culminando su remontada al ritmo que marc\u00f3 Luka Modric para derrotar al Granada, que cedi\u00f3 tras un grave error y sali\u00f3 derrotado del Santiago Bernab\u00e9u por los goles de Cristiano Ronaldo y Karim Benzema (2-0).","og:url":"https:\/\/www.eldigitaldeasturias.com\/noticias\/el-real-madrid-se-acuesta-lider-en-el-dia-de-ronaldo-y-el-balon-de-oro\/","og:image":"https:\/\/www.eldigitaldeasturias.com\/noticias\/wp-content\/uploads\/2026\/06\/Contenidos.jpg","og:image:secure_url":"https:\/\/www.eldigitaldeasturias.com\/noticias\/wp-content\/uploads\/2026\/06\/Contenidos.jpg","og:image:width":1265,"og:image:height":697,"article:tag":["actualidad"],"article:published_time":"2014-01-25T23:44:49+00:00","article:modified_time":"2014-01-25T23:48:54+00:00","article:publisher":"https:\/\/facebook.com\/eldigitaldeasturias","twitter:card":"summary_large_image","twitter:title":"El Real Madrid se acuesta l\u00edder en el d\u00eda de Ronaldo y el Bal\u00f3n de Oro. - El Digital de Asturias","twitter:description":"Madrid, 25 ene (EFE).- El Real Madrid alcanz\u00f3 el liderato de la Liga BBVA por primera vez en la temporada, culminando su remontada al ritmo que marc\u00f3 Luka Modric para derrotar al Granada, que cedi\u00f3 tras un grave error y sali\u00f3 derrotado del Santiago Bernab\u00e9u por los goles de Cristiano Ronaldo y Karim Benzema (2-0).","twitter:image":"https:\/\/www.eldigitaldeasturias.com\/noticias\/wp-content\/uploads\/2026\/06\/Contenidos.jpg","twitter:label1":"Escrito por","twitter:data1":"El Digital de Asturias","twitter:label2":"Tiempo de lectura estimado","twitter:data2":"4 minutos"},"aioseo_meta_data":{"post_id":"479001","title":null,"description":null,"keywords":null,"keyphrases":null,"primary_term":null,"canonical_url":null,"og_title":null,"og_description":null,"og_object_type":"default","og_image_type":"default","og_image_url":null,"og_image_width":null,"og_image_height":null,"og_image_custom_url":null,"og_image_custom_fields":null,"og_video":null,"og_custom_url":null,"og_article_section":null,"og_article_tags":null,"twitter_use_og":true,"twitter_card":"default","twitter_image_type":"default","twitter_image_url":null,"twitter_image_custom_url":null,"twitter_image_custom_fields":null,"twitter_title":null,"twitter_description":null,"schema":{"blockGraphs":[],"customGraphs":[],"default":{"data":{"Article":[],"Course":[],"Dataset":[],"FAQPage":[],"Movie":[],"Person":[],"Product":[],"ProductReview":[],"Car":[],"Recipe":[],"Service":[],"SoftwareApplication":[],"WebPage":[]},"graphName":"","isEnabled":true},"graphs":[],"defaultGraph":"","defaultPostTypeGraph":""},"schema_type":null,"schema_type_options":null,"pillar_content":false,"robots_default":true,"robots_noindex":false,"robots_noarchive":false,"robots_nosnippet":false,"robots_nofollow":false,"robots_noimageindex":false,"robots_noodp":false,"robots_notranslate":false,"robots_max_snippet":null,"robots_max_videopreview":null,"robots_max_imagepreview":"none","priority":null,"frequency":null,"local_seo":null,"seo_analyzer_scan_date":"2026-06-01 23:11:01","breadcrumb_settings":null,"limit_modified_date":false,"open_ai":null,"ai":null,"created":"2020-11-14 22:53:58","updated":"2026-06-01 23:11:01","focus_keyword":null,"additional_keywords":null,"truseo_locale":null},"aioseo_breadcrumb":"<div class=\"aioseo-breadcrumbs\"><span class=\"aioseo-breadcrumb\">\n\t<a href=\"https:\/\/www.eldigitaldeasturias.com\/noticias\" title=\"Home\">Home<\/a>\n<\/span><span class=\"aioseo-breadcrumb-separator\">\u2013<\/span><span class=\"aioseo-breadcrumb\">\n\t<a href=\"https:\/\/www.eldigitaldeasturias.com\/noticias\/category\/actualidad\/\" title=\"Actualidad\">Actualidad<\/a>\n<\/span><span class=\"aioseo-breadcrumb-separator\">\u2013<\/span><span class=\"aioseo-breadcrumb\">\n\t<a href=\"https:\/\/www.eldigitaldeasturias.com\/noticias\/el-real-madrid-se-acuesta-lider-en-el-dia-de-ronaldo-y-el-balon-de-oro\/\" title=\"El Real Madrid se acuesta l\u00edder en el d\u00eda de Ronaldo y el Bal\u00f3n de Oro.\">El Real Madrid se acuesta l\u00edder en el d\u00eda de Ronaldo y el Bal\u00f3n de Oro.<\/a>\n<\/span><\/div>","aioseo_breadcrumb_json":[{"label":"Home","link":"https:\/\/www.eldigitaldeasturias.com\/noticias"},{"label":"Actualidad","link":"https:\/\/www.eldigitaldeasturias.com\/noticias\/category\/actualidad\/"},{"label":"El Real Madrid se acuesta l\u00edder en el d\u00eda de Ronaldo y el Bal\u00f3n de Oro.","link":"https:\/\/www.eldigitaldeasturias.com\/noticias\/el-real-madrid-se-acuesta-lider-en-el-dia-de-ronaldo-y-el-balon-de-oro\/"}],"_links":{"self":[{"href":"https:\/\/www.eldigitaldeasturias.com\/noticias\/wp-json\/wp\/v2\/posts\/479001","targetHints":{"allow":["GET"]}}],"collection":[{"href":"https:\/\/www.eldigitaldeasturias.com\/noticias\/wp-json\/wp\/v2\/posts"}],"about":[{"href":"https:\/\/www.eldigitaldeasturias.com\/noticias\/wp-json\/wp\/v2\/types\/post"}],"author":[{"embeddable":true,"href":"https:\/\/www.eldigitaldeasturias.com\/noticias\/wp-json\/wp\/v2\/users\/1"}],"replies":[{"embeddable":true,"href":"https:\/\/www.eldigitaldeasturias.com\/noticias\/wp-json\/wp\/v2\/comments?post=479001"}],"version-history":[{"count":0,"href":"https:\/\/www.eldigitaldeasturias.com\/noticias\/wp-json\/wp\/v2\/posts\/479001\/revisions"}],"wp:featuredmedia":[{"embeddable":true,"href":"https:\/\/www.eldigitaldeasturias.com\/noticias\/wp-json\/wp\/v2\/media\/1132184"}],"wp:attachment":[{"href":"https:\/\/www.eldigitaldeasturias.com\/noticias\/wp-json\/wp\/v2\/media?parent=479001"}],"wp:term":[{"taxonomy":"category","embeddable":true,"href":"https:\/\/www.eldigitaldeasturias.com\/noticias\/wp-json\/wp\/v2\/categories?post=479001"},{"taxonomy":"post_tag","embeddable":true,"href":"https:\/\/www.eldigitaldeasturias.com\/noticias\/wp-json\/wp\/v2\/tags?post=479001"}],"curies":[{"name":"wp","href":"https:\/\/api.w.org\/{rel}","templated":true}]}}