{"id":478993,"date":"2014-01-25T22:08:27","date_gmt":"2014-01-25T23:08:27","guid":{"rendered":"http:\/\/www.eldigitaldeasturias.com\/noticias\/?p=478993"},"modified":"2014-01-25T22:08:27","modified_gmt":"2014-01-25T23:08:27","slug":"bolivia-invierte-un-millon-de-dolares-en-vehiculos-para-evo-morales","status":"publish","type":"post","link":"https:\/\/www.eldigitaldeasturias.com\/noticias\/bolivia-invierte-un-millon-de-dolares-en-vehiculos-para-evo-morales\/","title":{"rendered":"Bolivia invierte un mill\u00f3n de d\u00f3lares en veh\u00edculos para Evo Morales"},"content":{"rendered":"<p><img loading=\"lazy\" decoding=\"async\" class=\"alignleft size-medium wp-image-468928\" alt=\"morales\" src=\"https:\/\/www.eldigitaldeasturias.com\/noticias\/wp-content\/uploads\/2014\/01\/morales-360x266.jpg\" width=\"360\" height=\"266\" \/>La Paz, 25 ene (dpa)- El gobierno boliviano invirti\u00f3 cerca de un mill\u00f3n de d\u00f3lares en la compra de cinco veh\u00edculos para el presidente Evo Morales, tres de ellos blindados, inform\u00f3 hoy el ministro de la Presidencia, Juan Ram\u00f3n Quintana, en una entrevista con la radio oficial Patria Nueva.<\/p>\n<p>La nueva flotilla presidencial boliviana est\u00e1 compuesta por cuatro vagonetas todoterreno Toyota -dos con blindaje- y un sed\u00e1n tambi\u00e9n blindado Lexus, explic\u00f3 la autoridad, quien defini\u00f3 la medida como \u201cuna renovaci\u00f3n\u201d de estos activos.<\/p>\n<p>Seg\u00fan public\u00f3 hoy el diario \u00abLa Raz\u00f3n\u00bb, Evo Morales se movilizaba en veh\u00edculos \u201cdonados por la cooperaci\u00f3n internacional\u201d y desde que lleg\u00f3 al poder, en 2006, no hab\u00eda adquirido ni un solo autom\u00f3vil para la Presidencia de su pa\u00eds.<\/p>\n<p>Bolivia compr\u00f3 veh\u00edculos blindados para sus presidentes desde 1985. Ese a\u00f1o se adquiri\u00f3 un Ford Falcon para V\u00edctor Paz, en la d\u00e9cada de los 90 el mandatario Jaime Paz compr\u00f3 dos sedanes BMW que se usaron hasta el mandato de Morales.<\/p>\n<p>En 2007, el fallecido presidente venezolano Hugo Ch\u00e1vez don\u00f3 a Bolivia diez vagonetas para apoyar la gesti\u00f3n Morales.<\/p>\n<p>La oposici\u00f3n pol\u00edtica boliviana critic\u00f3 \u00abel gasto presidencial\u00bb. El l\u00edder de Movimiento Sin Miedo (MSM) y candidato a la Presidencia, Juan del Granado, lament\u00f3 que la compra se haya hecho en momentos en los que 20.000 familias del pa\u00eds (seg\u00fan cifras oficiales) requieren asistencia estatal para enfrentar las p\u00e9rdidas por las intensas lluvias de esta temporada.<\/p>\n","protected":false},"excerpt":{"rendered":"<p>La Paz, 25 ene (dpa)- El gobierno boliviano invirti\u00f3 cerca de un mill\u00f3n de d\u00f3lares en la compra de cinco veh\u00edculos para el presidente Evo Morales, tres de ellos blindados, inform\u00f3 hoy el ministro de la Presidencia, Juan Ram\u00f3n Quintana, en una entrevista con la radio oficial Patria Nueva. La nueva flotilla presidencial boliviana est\u00e1 [&hellip;]<\/p>\n","protected":false},"author":1,"featured_media":468928,"comment_status":"closed","ping_status":"open","sticky":false,"template":"","format":"standard","meta":{"footnotes":""},"categories":[1],"tags":[],"class_list":["post-478993","post","type-post","status-publish","format-standard","has-post-thumbnail","hentry","category-actualidad"],"aioseo_notices":[],"aioseo_head":"\n\t\t<!-- All in One SEO Pro 5.0.1 - aioseo.com -->\n\t<meta name=\"description\" content=\"La Paz, 25 ene (dpa)- El gobierno boliviano invirti\u00f3 cerca de un mill\u00f3n de d\u00f3lares en la compra de cinco veh\u00edculos para el presidente Evo Morales, tres de ellos blindados, inform\u00f3 hoy el ministro de la Presidencia, Juan Ram\u00f3n Quintana, en una entrevista con la radio oficial Patria Nueva. La nueva flotilla presidencial boliviana est\u00e1\" \/>\n\t<meta name=\"robots\" content=\"max-image-preview:large\" \/>\n\t<meta name=\"author\" content=\"El Digital de Asturias\"\/>\n\t<meta name=\"google-site-verification\" content=\"UA-38556648-1\" \/>\n\t<meta name=\"msvalidate.01\" content=\"7dfe9f3f1b24437ab69f4f2559babe99\" \/>\n\t<meta name=\"keywords\" content=\"actualidad\" \/>\n\t<link rel=\"canonical\" href=\"https:\/\/www.eldigitaldeasturias.com\/noticias\/bolivia-invierte-un-millon-de-dolares-en-vehiculos-para-evo-morales\/\" \/>\n\t<meta name=\"generator\" content=\"All in One SEO Pro (AIOSEO) 5.0.1\" \/>\n\t\t<meta property=\"og:locale\" content=\"es_ES\" \/>\n\t\t<meta property=\"og:site_name\" content=\"El Digital de Asturias\" \/>\n\t\t<meta property=\"og:type\" content=\"article\" \/>\n\t\t<meta property=\"og:title\" content=\"Bolivia invierte un mill\u00f3n de d\u00f3lares en veh\u00edculos para Evo Morales - El Digital de Asturias\" \/>\n\t\t<meta property=\"og:description\" content=\"La Paz, 25 ene (dpa)- El gobierno boliviano invirti\u00f3 cerca de un mill\u00f3n de d\u00f3lares en la compra de cinco veh\u00edculos para el presidente Evo Morales, tres de ellos blindados, inform\u00f3 hoy el ministro de la Presidencia, Juan Ram\u00f3n Quintana, en una entrevista con la radio oficial Patria Nueva. La nueva flotilla presidencial boliviana est\u00e1\" \/>\n\t\t<meta property=\"og:url\" content=\"https:\/\/www.eldigitaldeasturias.com\/noticias\/bolivia-invierte-un-millon-de-dolares-en-vehiculos-para-evo-morales\/\" \/>\n\t\t<meta property=\"article:tag\" content=\"actualidad\" \/>\n\t\t<meta property=\"article:published_time\" content=\"2014-01-25T23:08:27+00:00\" \/>\n\t\t<meta property=\"article:modified_time\" content=\"2014-01-25T23:08:27+00:00\" \/>\n\t\t<meta property=\"article:publisher\" content=\"https:\/\/facebook.com\/eldigitaldeasturias\" \/>\n\t\t<meta name=\"twitter:card\" content=\"summary_large_image\" \/>\n\t\t<meta name=\"twitter:title\" content=\"Bolivia invierte un mill\u00f3n de d\u00f3lares en veh\u00edculos para Evo Morales - El Digital de Asturias\" \/>\n\t\t<meta name=\"twitter:description\" content=\"La Paz, 25 ene (dpa)- El gobierno boliviano invirti\u00f3 cerca de un mill\u00f3n de d\u00f3lares en la compra de cinco veh\u00edculos para el presidente Evo Morales, tres de ellos blindados, inform\u00f3 hoy el ministro de la Presidencia, Juan Ram\u00f3n Quintana, en una entrevista con la radio oficial Patria Nueva. La nueva flotilla presidencial boliviana est\u00e1\" \/>\n\t\t<meta name=\"twitter:label1\" content=\"Escrito por\" \/>\n\t\t<meta name=\"twitter:data1\" content=\"El Digital de Asturias\" \/>\n\t\t<meta name=\"twitter:label2\" content=\"Tiempo de lectura estimado\" \/>\n\t\t<meta name=\"twitter:data2\" content=\"1 minuto\" \/>\n\t\t<script type=\"application\/ld+json\" class=\"aioseo-schema\">\n\t\t\t{\"@context\":\"https:\\\/\\\/schema.org\",\"@graph\":[{\"@type\":\"BlogPosting\",\"@id\":\"https:\\\/\\\/www.eldigitaldeasturias.com\\\/noticias\\\/bolivia-invierte-un-millon-de-dolares-en-vehiculos-para-evo-morales\\\/#blogposting\",\"name\":\"Bolivia invierte un mill\\u00f3n de d\\u00f3lares en veh\\u00edculos para Evo Morales - El Digital de Asturias\",\"headline\":\"Bolivia invierte un mill\\u00f3n de d\\u00f3lares en veh\\u00edculos para Evo Morales\",\"author\":{\"@id\":\"https:\\\/\\\/www.eldigitaldeasturias.com\\\/noticias\\\/author\\\/admin\\\/#author\"},\"publisher\":{\"@id\":\"https:\\\/\\\/www.eldigitaldeasturias.com\\\/noticias\\\/#organization\"},\"image\":{\"@type\":\"ImageObject\",\"url\":468928},\"datePublished\":\"2014-01-25T22:08:27+01:00\",\"dateModified\":\"2014-01-25T22:08:27+01:00\",\"inLanguage\":\"es-ES\",\"mainEntityOfPage\":{\"@id\":\"https:\\\/\\\/www.eldigitaldeasturias.com\\\/noticias\\\/bolivia-invierte-un-millon-de-dolares-en-vehiculos-para-evo-morales\\\/#webpage\"},\"isPartOf\":{\"@id\":\"https:\\\/\\\/www.eldigitaldeasturias.com\\\/noticias\\\/bolivia-invierte-un-millon-de-dolares-en-vehiculos-para-evo-morales\\\/#webpage\"},\"articleSection\":\"Actualidad\"},{\"@type\":\"BreadcrumbList\",\"@id\":\"https:\\\/\\\/www.eldigitaldeasturias.com\\\/noticias\\\/bolivia-invierte-un-millon-de-dolares-en-vehiculos-para-evo-morales\\\/#breadcrumblist\",\"itemListElement\":[{\"@type\":\"ListItem\",\"@id\":\"https:\\\/\\\/www.eldigitaldeasturias.com\\\/noticias#listItem\",\"position\":1,\"name\":\"Home\",\"item\":\"https:\\\/\\\/www.eldigitaldeasturias.com\\\/noticias\",\"nextItem\":{\"@type\":\"ListItem\",\"@id\":\"https:\\\/\\\/www.eldigitaldeasturias.com\\\/noticias\\\/category\\\/actualidad\\\/#listItem\",\"name\":\"Actualidad\"}},{\"@type\":\"ListItem\",\"@id\":\"https:\\\/\\\/www.eldigitaldeasturias.com\\\/noticias\\\/category\\\/actualidad\\\/#listItem\",\"position\":2,\"name\":\"Actualidad\",\"item\":\"https:\\\/\\\/www.eldigitaldeasturias.com\\\/noticias\\\/category\\\/actualidad\\\/\",\"nextItem\":{\"@type\":\"ListItem\",\"@id\":\"https:\\\/\\\/www.eldigitaldeasturias.com\\\/noticias\\\/bolivia-invierte-un-millon-de-dolares-en-vehiculos-para-evo-morales\\\/#listItem\",\"name\":\"Bolivia invierte un mill\\u00f3n de d\\u00f3lares en veh\\u00edculos para Evo Morales\"},\"previousItem\":{\"@type\":\"ListItem\",\"@id\":\"https:\\\/\\\/www.eldigitaldeasturias.com\\\/noticias#listItem\",\"name\":\"Home\"}},{\"@type\":\"ListItem\",\"@id\":\"https:\\\/\\\/www.eldigitaldeasturias.com\\\/noticias\\\/bolivia-invierte-un-millon-de-dolares-en-vehiculos-para-evo-morales\\\/#listItem\",\"position\":3,\"name\":\"Bolivia invierte un mill\\u00f3n de d\\u00f3lares en veh\\u00edculos para Evo Morales\",\"previousItem\":{\"@type\":\"ListItem\",\"@id\":\"https:\\\/\\\/www.eldigitaldeasturias.com\\\/noticias\\\/category\\\/actualidad\\\/#listItem\",\"name\":\"Actualidad\"}}]},{\"@type\":\"Organization\",\"@id\":\"https:\\\/\\\/www.eldigitaldeasturias.com\\\/noticias\\\/#organization\",\"name\":\"El Digital de Asturias\",\"description\":\"Hemeroteca\",\"url\":\"https:\\\/\\\/www.eldigitaldeasturias.com\\\/noticias\\\/\",\"email\":\"info@eldigitaldeasturias.com\",\"telephone\":\"+34652131393\",\"logo\":{\"@type\":\"ImageObject\",\"url\":\"https:\\\/\\\/www.eldigitaldeasturias.com\\\/noticias\\\/wp-content\\\/uploads\\\/2020\\\/12\\\/EDA.jpg\",\"@id\":\"https:\\\/\\\/www.eldigitaldeasturias.com\\\/noticias\\\/bolivia-invierte-un-millon-de-dolares-en-vehiculos-para-evo-morales\\\/#organizationLogo\"},\"image\":{\"@id\":\"https:\\\/\\\/www.eldigitaldeasturias.com\\\/noticias\\\/bolivia-invierte-un-millon-de-dolares-en-vehiculos-para-evo-morales\\\/#organizationLogo\"},\"sameAs\":[\"https:\\\/\\\/facebook.com\\\/eldigitaldeasturias\",\"https:\\\/\\\/www.youtube.com\\\/channel\\\/UCZP-2wLEB9Rv6erhFmqVnvg\"],\"address\":{\"@id\":\"https:\\\/\\\/www.eldigitaldeasturias.com\\\/noticias\\\/#postaladdress\",\"@type\":\"PostalAddress\",\"streetAddress\":\"san antonio 4\",\"postalCode\":\"33430\",\"addressLocality\":\"Cand\\u00e1s\",\"addressRegion\":\"Asturias\",\"addressCountry\":\"ES\"}},{\"@type\":\"Person\",\"@id\":\"https:\\\/\\\/www.eldigitaldeasturias.com\\\/noticias\\\/author\\\/admin\\\/#author\",\"url\":\"https:\\\/\\\/www.eldigitaldeasturias.com\\\/noticias\\\/author\\\/admin\\\/\",\"name\":\"El Digital de Asturias\",\"image\":{\"@type\":\"ImageObject\",\"@id\":\"https:\\\/\\\/www.eldigitaldeasturias.com\\\/noticias\\\/bolivia-invierte-un-millon-de-dolares-en-vehiculos-para-evo-morales\\\/#authorImage\",\"url\":\"https:\\\/\\\/secure.gravatar.com\\\/avatar\\\/df2aeffc32bcd13f8d26072ef8a91b623d677766deac7f97ca815868cd41bf5e?s=96&d=mm&r=g\",\"width\":96,\"height\":96,\"caption\":\"El Digital de Asturias\"}},{\"@type\":\"WebPage\",\"@id\":\"https:\\\/\\\/www.eldigitaldeasturias.com\\\/noticias\\\/bolivia-invierte-un-millon-de-dolares-en-vehiculos-para-evo-morales\\\/#webpage\",\"url\":\"https:\\\/\\\/www.eldigitaldeasturias.com\\\/noticias\\\/bolivia-invierte-un-millon-de-dolares-en-vehiculos-para-evo-morales\\\/\",\"name\":\"Bolivia invierte un mill\\u00f3n de d\\u00f3lares en veh\\u00edculos para Evo Morales - El Digital de Asturias\",\"description\":\"La Paz, 25 ene (dpa)- El gobierno boliviano invirti\\u00f3 cerca de un mill\\u00f3n de d\\u00f3lares en la compra de cinco veh\\u00edculos para el presidente Evo Morales, tres de ellos blindados, inform\\u00f3 hoy el ministro de la Presidencia, Juan Ram\\u00f3n Quintana, en una entrevista con la radio oficial Patria Nueva. La nueva flotilla presidencial boliviana est\\u00e1\",\"inLanguage\":\"es-ES\",\"isPartOf\":{\"@id\":\"https:\\\/\\\/www.eldigitaldeasturias.com\\\/noticias\\\/#website\"},\"breadcrumb\":{\"@id\":\"https:\\\/\\\/www.eldigitaldeasturias.com\\\/noticias\\\/bolivia-invierte-un-millon-de-dolares-en-vehiculos-para-evo-morales\\\/#breadcrumblist\"},\"author\":{\"@id\":\"https:\\\/\\\/www.eldigitaldeasturias.com\\\/noticias\\\/author\\\/admin\\\/#author\"},\"creator\":{\"@id\":\"https:\\\/\\\/www.eldigitaldeasturias.com\\\/noticias\\\/author\\\/admin\\\/#author\"},\"image\":{\"@type\":\"ImageObject\",\"url\":468928,\"@id\":\"https:\\\/\\\/www.eldigitaldeasturias.com\\\/noticias\\\/bolivia-invierte-un-millon-de-dolares-en-vehiculos-para-evo-morales\\\/#mainImage\"},\"primaryImageOfPage\":{\"@id\":\"https:\\\/\\\/www.eldigitaldeasturias.com\\\/noticias\\\/bolivia-invierte-un-millon-de-dolares-en-vehiculos-para-evo-morales\\\/#mainImage\"},\"datePublished\":\"2014-01-25T22:08:27+01:00\",\"dateModified\":\"2014-01-25T22:08:27+01:00\"},{\"@type\":\"WebSite\",\"@id\":\"https:\\\/\\\/www.eldigitaldeasturias.com\\\/noticias\\\/#website\",\"url\":\"https:\\\/\\\/www.eldigitaldeasturias.com\\\/noticias\\\/\",\"name\":\"El Digital de Asturias - Diario de actualidad y noticias\",\"alternateName\":\"El Digital de Asturias - Diario de actualidad y noticias\",\"description\":\"Hemeroteca\",\"inLanguage\":\"es-ES\",\"publisher\":{\"@id\":\"https:\\\/\\\/www.eldigitaldeasturias.com\\\/noticias\\\/#organization\"}}]}\n\t\t<\/script>\n\t\t<!-- All in One SEO Pro -->\r\n\t\t<title>Bolivia invierte un mill\u00f3n de d\u00f3lares en veh\u00edculos para Evo Morales - El Digital de Asturias<\/title>\n\n","aioseo_head_json":{"title":"Bolivia invierte un mill\u00f3n de d\u00f3lares en veh\u00edculos para Evo Morales - El Digital de Asturias","description":"La Paz, 25 ene (dpa)- El gobierno boliviano invirti\u00f3 cerca de un mill\u00f3n de d\u00f3lares en la compra de cinco veh\u00edculos para el presidente Evo Morales, tres de ellos blindados, inform\u00f3 hoy el ministro de la Presidencia, Juan Ram\u00f3n Quintana, en una entrevista con la radio oficial Patria Nueva. La nueva flotilla presidencial boliviana est\u00e1","canonical_url":"https:\/\/www.eldigitaldeasturias.com\/noticias\/bolivia-invierte-un-millon-de-dolares-en-vehiculos-para-evo-morales\/","robots":"max-image-preview:large","keywords":"actualidad","webmasterTools":{"google-site-verification":"UA-38556648-1","msvalidate.01":"7dfe9f3f1b24437ab69f4f2559babe99","miscellaneous":""},"schema":{"@context":"https:\/\/schema.org","@graph":[{"@type":"BlogPosting","@id":"https:\/\/www.eldigitaldeasturias.com\/noticias\/bolivia-invierte-un-millon-de-dolares-en-vehiculos-para-evo-morales\/#blogposting","name":"Bolivia invierte un mill\u00f3n de d\u00f3lares en veh\u00edculos para Evo Morales - El Digital de Asturias","headline":"Bolivia invierte un mill\u00f3n de d\u00f3lares en veh\u00edculos para Evo Morales","author":{"@id":"https:\/\/www.eldigitaldeasturias.com\/noticias\/author\/admin\/#author"},"publisher":{"@id":"https:\/\/www.eldigitaldeasturias.com\/noticias\/#organization"},"image":{"@type":"ImageObject","url":468928},"datePublished":"2014-01-25T22:08:27+01:00","dateModified":"2014-01-25T22:08:27+01:00","inLanguage":"es-ES","mainEntityOfPage":{"@id":"https:\/\/www.eldigitaldeasturias.com\/noticias\/bolivia-invierte-un-millon-de-dolares-en-vehiculos-para-evo-morales\/#webpage"},"isPartOf":{"@id":"https:\/\/www.eldigitaldeasturias.com\/noticias\/bolivia-invierte-un-millon-de-dolares-en-vehiculos-para-evo-morales\/#webpage"},"articleSection":"Actualidad"},{"@type":"BreadcrumbList","@id":"https:\/\/www.eldigitaldeasturias.com\/noticias\/bolivia-invierte-un-millon-de-dolares-en-vehiculos-para-evo-morales\/#breadcrumblist","itemListElement":[{"@type":"ListItem","@id":"https:\/\/www.eldigitaldeasturias.com\/noticias#listItem","position":1,"name":"Home","item":"https:\/\/www.eldigitaldeasturias.com\/noticias","nextItem":{"@type":"ListItem","@id":"https:\/\/www.eldigitaldeasturias.com\/noticias\/category\/actualidad\/#listItem","name":"Actualidad"}},{"@type":"ListItem","@id":"https:\/\/www.eldigitaldeasturias.com\/noticias\/category\/actualidad\/#listItem","position":2,"name":"Actualidad","item":"https:\/\/www.eldigitaldeasturias.com\/noticias\/category\/actualidad\/","nextItem":{"@type":"ListItem","@id":"https:\/\/www.eldigitaldeasturias.com\/noticias\/bolivia-invierte-un-millon-de-dolares-en-vehiculos-para-evo-morales\/#listItem","name":"Bolivia invierte un mill\u00f3n de d\u00f3lares en veh\u00edculos para Evo Morales"},"previousItem":{"@type":"ListItem","@id":"https:\/\/www.eldigitaldeasturias.com\/noticias#listItem","name":"Home"}},{"@type":"ListItem","@id":"https:\/\/www.eldigitaldeasturias.com\/noticias\/bolivia-invierte-un-millon-de-dolares-en-vehiculos-para-evo-morales\/#listItem","position":3,"name":"Bolivia invierte un mill\u00f3n de d\u00f3lares en veh\u00edculos para Evo Morales","previousItem":{"@type":"ListItem","@id":"https:\/\/www.eldigitaldeasturias.com\/noticias\/category\/actualidad\/#listItem","name":"Actualidad"}}]},{"@type":"Organization","@id":"https:\/\/www.eldigitaldeasturias.com\/noticias\/#organization","name":"El Digital de Asturias","description":"Hemeroteca","url":"https:\/\/www.eldigitaldeasturias.com\/noticias\/","email":"info@eldigitaldeasturias.com","telephone":"+34652131393","logo":{"@type":"ImageObject","url":"https:\/\/www.eldigitaldeasturias.com\/noticias\/wp-content\/uploads\/2020\/12\/EDA.jpg","@id":"https:\/\/www.eldigitaldeasturias.com\/noticias\/bolivia-invierte-un-millon-de-dolares-en-vehiculos-para-evo-morales\/#organizationLogo"},"image":{"@id":"https:\/\/www.eldigitaldeasturias.com\/noticias\/bolivia-invierte-un-millon-de-dolares-en-vehiculos-para-evo-morales\/#organizationLogo"},"sameAs":["https:\/\/facebook.com\/eldigitaldeasturias","https:\/\/www.youtube.com\/channel\/UCZP-2wLEB9Rv6erhFmqVnvg"],"address":{"@id":"https:\/\/www.eldigitaldeasturias.com\/noticias\/#postaladdress","@type":"PostalAddress","streetAddress":"san antonio 4","postalCode":"33430","addressLocality":"Cand\u00e1s","addressRegion":"Asturias","addressCountry":"ES"}},{"@type":"Person","@id":"https:\/\/www.eldigitaldeasturias.com\/noticias\/author\/admin\/#author","url":"https:\/\/www.eldigitaldeasturias.com\/noticias\/author\/admin\/","name":"El Digital de Asturias","image":{"@type":"ImageObject","@id":"https:\/\/www.eldigitaldeasturias.com\/noticias\/bolivia-invierte-un-millon-de-dolares-en-vehiculos-para-evo-morales\/#authorImage","url":"https:\/\/secure.gravatar.com\/avatar\/df2aeffc32bcd13f8d26072ef8a91b623d677766deac7f97ca815868cd41bf5e?s=96&d=mm&r=g","width":96,"height":96,"caption":"El Digital de Asturias"}},{"@type":"WebPage","@id":"https:\/\/www.eldigitaldeasturias.com\/noticias\/bolivia-invierte-un-millon-de-dolares-en-vehiculos-para-evo-morales\/#webpage","url":"https:\/\/www.eldigitaldeasturias.com\/noticias\/bolivia-invierte-un-millon-de-dolares-en-vehiculos-para-evo-morales\/","name":"Bolivia invierte un mill\u00f3n de d\u00f3lares en veh\u00edculos para Evo Morales - El Digital de Asturias","description":"La Paz, 25 ene (dpa)- El gobierno boliviano invirti\u00f3 cerca de un mill\u00f3n de d\u00f3lares en la compra de cinco veh\u00edculos para el presidente Evo Morales, tres de ellos blindados, inform\u00f3 hoy el ministro de la Presidencia, Juan Ram\u00f3n Quintana, en una entrevista con la radio oficial Patria Nueva. La nueva flotilla presidencial boliviana est\u00e1","inLanguage":"es-ES","isPartOf":{"@id":"https:\/\/www.eldigitaldeasturias.com\/noticias\/#website"},"breadcrumb":{"@id":"https:\/\/www.eldigitaldeasturias.com\/noticias\/bolivia-invierte-un-millon-de-dolares-en-vehiculos-para-evo-morales\/#breadcrumblist"},"author":{"@id":"https:\/\/www.eldigitaldeasturias.com\/noticias\/author\/admin\/#author"},"creator":{"@id":"https:\/\/www.eldigitaldeasturias.com\/noticias\/author\/admin\/#author"},"image":{"@type":"ImageObject","url":468928,"@id":"https:\/\/www.eldigitaldeasturias.com\/noticias\/bolivia-invierte-un-millon-de-dolares-en-vehiculos-para-evo-morales\/#mainImage"},"primaryImageOfPage":{"@id":"https:\/\/www.eldigitaldeasturias.com\/noticias\/bolivia-invierte-un-millon-de-dolares-en-vehiculos-para-evo-morales\/#mainImage"},"datePublished":"2014-01-25T22:08:27+01:00","dateModified":"2014-01-25T22:08:27+01:00"},{"@type":"WebSite","@id":"https:\/\/www.eldigitaldeasturias.com\/noticias\/#website","url":"https:\/\/www.eldigitaldeasturias.com\/noticias\/","name":"El Digital de Asturias - Diario de actualidad y noticias","alternateName":"El Digital de Asturias - Diario de actualidad y noticias","description":"Hemeroteca","inLanguage":"es-ES","publisher":{"@id":"https:\/\/www.eldigitaldeasturias.com\/noticias\/#organization"}}]},"og:locale":"es_ES","og:site_name":"El Digital de Asturias","og:type":"article","og:title":"Bolivia invierte un mill\u00f3n de d\u00f3lares en veh\u00edculos para Evo Morales - El Digital de Asturias","og:description":"La Paz, 25 ene (dpa)- El gobierno boliviano invirti\u00f3 cerca de un mill\u00f3n de d\u00f3lares en la compra de cinco veh\u00edculos para el presidente Evo Morales, tres de ellos blindados, inform\u00f3 hoy el ministro de la Presidencia, Juan Ram\u00f3n Quintana, en una entrevista con la radio oficial Patria Nueva. La nueva flotilla presidencial boliviana est\u00e1","og:url":"https:\/\/www.eldigitaldeasturias.com\/noticias\/bolivia-invierte-un-millon-de-dolares-en-vehiculos-para-evo-morales\/","article:tag":["actualidad"],"article:published_time":"2014-01-25T23:08:27+00:00","article:modified_time":"2014-01-25T23:08:27+00:00","article:publisher":"https:\/\/facebook.com\/eldigitaldeasturias","twitter:card":"summary_large_image","twitter:title":"Bolivia invierte un mill\u00f3n de d\u00f3lares en veh\u00edculos para Evo Morales - El Digital de Asturias","twitter:description":"La Paz, 25 ene (dpa)- El gobierno boliviano invirti\u00f3 cerca de un mill\u00f3n de d\u00f3lares en la compra de cinco veh\u00edculos para el presidente Evo Morales, tres de ellos blindados, inform\u00f3 hoy el ministro de la Presidencia, Juan Ram\u00f3n Quintana, en una entrevista con la radio oficial Patria Nueva. La nueva flotilla presidencial boliviana est\u00e1","twitter:label1":"Escrito por","twitter:data1":"El Digital de Asturias","twitter:label2":"Tiempo de lectura estimado","twitter:data2":"1 minuto"},"aioseo_meta_data":{"post_id":"478993","title":null,"description":null,"keywords":null,"keyphrases":null,"primary_term":null,"canonical_url":null,"og_title":null,"og_description":null,"og_object_type":"default","og_image_type":"default","og_image_url":null,"og_image_width":null,"og_image_height":null,"og_image_custom_url":null,"og_image_custom_fields":null,"og_video":null,"og_custom_url":null,"og_article_section":null,"og_article_tags":null,"twitter_use_og":true,"twitter_card":"default","twitter_image_type":"default","twitter_image_url":null,"twitter_image_custom_url":null,"twitter_image_custom_fields":null,"twitter_title":null,"twitter_description":null,"schema":{"blockGraphs":[],"customGraphs":[],"default":{"data":{"Article":[],"Course":[],"Dataset":[],"FAQPage":[],"Movie":[],"Person":[],"Product":[],"ProductReview":[],"Car":[],"Recipe":[],"Service":[],"SoftwareApplication":[],"WebPage":[]},"graphName":"","isEnabled":true},"graphs":[],"defaultGraph":"","defaultPostTypeGraph":""},"schema_type":null,"schema_type_options":null,"pillar_content":false,"robots_default":true,"robots_noindex":false,"robots_noarchive":false,"robots_nosnippet":false,"robots_nofollow":false,"robots_noimageindex":false,"robots_noodp":false,"robots_notranslate":false,"robots_max_snippet":null,"robots_max_videopreview":null,"robots_max_imagepreview":"none","priority":null,"frequency":null,"local_seo":null,"seo_analyzer_scan_date":"2026-06-01 23:09:02","breadcrumb_settings":null,"limit_modified_date":false,"open_ai":null,"ai":null,"created":"2020-11-14 22:53:58","updated":"2026-06-01 23:09:02","focus_keyword":null,"additional_keywords":null,"truseo_locale":null},"aioseo_breadcrumb":"<div class=\"aioseo-breadcrumbs\"><span class=\"aioseo-breadcrumb\">\n\t<a href=\"https:\/\/www.eldigitaldeasturias.com\/noticias\" title=\"Home\">Home<\/a>\n<\/span><span class=\"aioseo-breadcrumb-separator\">\u2013<\/span><span class=\"aioseo-breadcrumb\">\n\t<a href=\"https:\/\/www.eldigitaldeasturias.com\/noticias\/category\/actualidad\/\" title=\"Actualidad\">Actualidad<\/a>\n<\/span><span class=\"aioseo-breadcrumb-separator\">\u2013<\/span><span class=\"aioseo-breadcrumb\">\n\t<a href=\"https:\/\/www.eldigitaldeasturias.com\/noticias\/bolivia-invierte-un-millon-de-dolares-en-vehiculos-para-evo-morales\/\" title=\"Bolivia invierte un mill\u00f3n de d\u00f3lares en veh\u00edculos para Evo Morales\">Bolivia invierte un mill\u00f3n de d\u00f3lares en veh\u00edculos para Evo Morales<\/a>\n<\/span><\/div>","aioseo_breadcrumb_json":[{"label":"Home","link":"https:\/\/www.eldigitaldeasturias.com\/noticias"},{"label":"Actualidad","link":"https:\/\/www.eldigitaldeasturias.com\/noticias\/category\/actualidad\/"},{"label":"Bolivia invierte un mill\u00f3n de d\u00f3lares en veh\u00edculos para Evo Morales","link":"https:\/\/www.eldigitaldeasturias.com\/noticias\/bolivia-invierte-un-millon-de-dolares-en-vehiculos-para-evo-morales\/"}],"_links":{"self":[{"href":"https:\/\/www.eldigitaldeasturias.com\/noticias\/wp-json\/wp\/v2\/posts\/478993","targetHints":{"allow":["GET"]}}],"collection":[{"href":"https:\/\/www.eldigitaldeasturias.com\/noticias\/wp-json\/wp\/v2\/posts"}],"about":[{"href":"https:\/\/www.eldigitaldeasturias.com\/noticias\/wp-json\/wp\/v2\/types\/post"}],"author":[{"embeddable":true,"href":"https:\/\/www.eldigitaldeasturias.com\/noticias\/wp-json\/wp\/v2\/users\/1"}],"replies":[{"embeddable":true,"href":"https:\/\/www.eldigitaldeasturias.com\/noticias\/wp-json\/wp\/v2\/comments?post=478993"}],"version-history":[{"count":0,"href":"https:\/\/www.eldigitaldeasturias.com\/noticias\/wp-json\/wp\/v2\/posts\/478993\/revisions"}],"wp:attachment":[{"href":"https:\/\/www.eldigitaldeasturias.com\/noticias\/wp-json\/wp\/v2\/media?parent=478993"}],"wp:term":[{"taxonomy":"category","embeddable":true,"href":"https:\/\/www.eldigitaldeasturias.com\/noticias\/wp-json\/wp\/v2\/categories?post=478993"},{"taxonomy":"post_tag","embeddable":true,"href":"https:\/\/www.eldigitaldeasturias.com\/noticias\/wp-json\/wp\/v2\/tags?post=478993"}],"curies":[{"name":"wp","href":"https:\/\/api.w.org\/{rel}","templated":true}]}}