{"id":478991,"date":"2014-01-25T21:57:22","date_gmt":"2014-01-25T22:57:22","guid":{"rendered":"http:\/\/www.eldigitaldeasturias.com\/noticias\/?p=478991"},"modified":"2014-01-25T21:57:22","modified_gmt":"2014-01-25T22:57:22","slug":"quien-es-quien-en-las-delegaciones-negociadoras-sirias-en-ginebra","status":"publish","type":"post","link":"https:\/\/www.eldigitaldeasturias.com\/noticias\/quien-es-quien-en-las-delegaciones-negociadoras-sirias-en-ginebra\/","title":{"rendered":"Qui\u00e9n es qui\u00e9n en las delegaciones negociadoras sirias en Ginebra"},"content":{"rendered":"<p><img loading=\"lazy\" decoding=\"async\" class=\"alignleft size-medium wp-image-453154\" alt=\"5749312wsiria\" src=\"https:\/\/www.eldigitaldeasturias.com\/noticias\/wp-content\/uploads\/2013\/11\/5749312w-360x239.jpg\" width=\"360\" height=\"239\" \/>Ginebra, 25 ene (dpa) &#8211; En las conversaciones de paz en Ginebra est\u00e1n presentes delegaciones negociadoras diferentes. Mientras la del gobierno sirio est\u00e1 integrada principalmente por funcionarios del Ministerio de Exteriores y asesores medi\u00e1ticos, la de la oposici\u00f3n incluye a pol\u00edticos de todas las ideololog\u00edas.<\/p>\n<p>De forma diferente a lo que ocurri\u00f3 durante el arranque de las conversaciones en Montreux, la delegaci\u00f3n de Ginebra ya no est\u00e1 encabezada por el presidente de la Alianza Nacional Siria, AHMED AL YARBA.<\/p>\n<p>A continuaci\u00f3n, un panorama de los integrantes m\u00e1s iportantes de las delegaciones negociadoras en Ginebra:<\/p>\n<p>&#8211; HADI AL BAHRI, ingeniero de 55 a\u00f1os y que habla ingl\u00e9s, es el hombre que dirige la delegaci\u00f3n opositora en Ginebra. Durante mucho tiempo trabaj\u00f3 en Arabia Saud\u00ed y tiene experiencia como gestor. Con sus conservadoras lentes y su dura mirada tiene aire de bur\u00f3crata. Su nombramiento al frente de la delegaci\u00f3n opositora sorprendi\u00f3 a muchos analistas.<\/p>\n<p>&#8211; ANAS AL ABDE est\u00e1 entre los principales miembros de la delegaci\u00f3n opositora. El hombre de algo m\u00e1s de 40 a\u00f1os es considerado islamista, pero no pertenece a los Hermanos Musulmanes, perseguidos brutalmente durante los a\u00f1os 80 por el entonces presidente Hafiz al Assad, padre del actual mandatario. Seg\u00fan otros opositores, Al Abde pas\u00f3 a la oposici\u00f3n activa tras asentarse en Londres. En 2006 fund\u00f3 el Movimiento para la Justicia y la Reconstrucci\u00f3n y desde agosto de 2013 pertenece al gremio directivo de la Coaliaci\u00f3n Nacional Siria.<\/p>\n<p>&#8211; El ministro de Exteriores sirio WALID AL MUALLEM dirige formalmente la delegaci\u00f3n que representa al gobierno sirio. Sin embargo, seg\u00fan los analistas, un papel igual de importante lo asume BASHAR AL YAFARI, embajador sirio ante la ONU desde 2006. El diplom\u00e1tico de 57 a\u00f1os es un buen orador con buena formaci\u00f3n que siempre intenta presentar al r\u00e9gimen de Al Assad como baluarte de civilizaci\u00f3n contra los islamista retr\u00f3grados.<\/p>\n<p>&#8211; BUTHAINA SHAABAN, de 60 a\u00f1os, oriunda de la ciudad de Homs, es una mujer estrechamente vinculada desde hace d\u00e9cadas a la familia Al Assad. Tras una breve carrera acad\u00e9mica, esta docente de literatura inglesa fue int\u00e9rprete personal del padre del actual presidente, Hafiz al Assad. Despu\u00e9s dirigi\u00f3 el Ministerio de Emigraci\u00f3n siria y oficialmente hoy es asesora de Bashar al Assad de temas pol\u00edticos y medios de comunicaci\u00f3n. En 2012 public\u00f3 un libro sobre la pol\u00edtica exterior siria y sus experiencias como acompa\u00f1ante de Al Assad padre.<\/p>\n","protected":false},"excerpt":{"rendered":"<p>Ginebra, 25 ene (dpa) &#8211; En las conversaciones de paz en Ginebra est\u00e1n presentes delegaciones negociadoras diferentes. Mientras la del gobierno sirio est\u00e1 integrada principalmente por funcionarios del Ministerio de Exteriores y asesores medi\u00e1ticos, la de la oposici\u00f3n incluye a pol\u00edticos de todas las ideololog\u00edas. De forma diferente a lo que ocurri\u00f3 durante el arranque [&hellip;]<\/p>\n","protected":false},"author":1,"featured_media":453154,"comment_status":"closed","ping_status":"open","sticky":false,"template":"","format":"standard","meta":{"footnotes":""},"categories":[1],"tags":[],"class_list":["post-478991","post","type-post","status-publish","format-standard","has-post-thumbnail","hentry","category-actualidad"],"aioseo_notices":[],"aioseo_head":"\n\t\t<!-- All in One SEO Pro 5.0.1 - aioseo.com -->\n\t<meta name=\"description\" content=\"Ginebra, 25 ene (dpa) - En las conversaciones de paz en Ginebra est\u00e1n presentes delegaciones negociadoras diferentes. Mientras la del gobierno sirio est\u00e1 integrada principalmente por funcionarios del Ministerio de Exteriores y asesores medi\u00e1ticos, la de la oposici\u00f3n incluye a pol\u00edticos de todas las ideololog\u00edas. De forma diferente a lo que ocurri\u00f3 durante el arranque\" \/>\n\t<meta name=\"robots\" content=\"max-image-preview:large\" \/>\n\t<meta name=\"author\" content=\"El Digital de Asturias\"\/>\n\t<meta name=\"google-site-verification\" content=\"UA-38556648-1\" \/>\n\t<meta name=\"msvalidate.01\" content=\"7dfe9f3f1b24437ab69f4f2559babe99\" \/>\n\t<meta name=\"keywords\" content=\"actualidad\" \/>\n\t<link rel=\"canonical\" href=\"https:\/\/www.eldigitaldeasturias.com\/noticias\/quien-es-quien-en-las-delegaciones-negociadoras-sirias-en-ginebra\/\" \/>\n\t<meta name=\"generator\" content=\"All in One SEO Pro (AIOSEO) 5.0.1\" \/>\n\t\t<meta property=\"og:locale\" content=\"es_ES\" \/>\n\t\t<meta property=\"og:site_name\" content=\"El Digital de Asturias\" \/>\n\t\t<meta property=\"og:type\" content=\"article\" \/>\n\t\t<meta property=\"og:title\" content=\"Qui\u00e9n es qui\u00e9n en las delegaciones negociadoras sirias en Ginebra - El Digital de Asturias\" \/>\n\t\t<meta property=\"og:description\" content=\"Ginebra, 25 ene (dpa) - En las conversaciones de paz en Ginebra est\u00e1n presentes delegaciones negociadoras diferentes. Mientras la del gobierno sirio est\u00e1 integrada principalmente por funcionarios del Ministerio de Exteriores y asesores medi\u00e1ticos, la de la oposici\u00f3n incluye a pol\u00edticos de todas las ideololog\u00edas. De forma diferente a lo que ocurri\u00f3 durante el arranque\" \/>\n\t\t<meta property=\"og:url\" content=\"https:\/\/www.eldigitaldeasturias.com\/noticias\/quien-es-quien-en-las-delegaciones-negociadoras-sirias-en-ginebra\/\" \/>\n\t\t<meta property=\"article:tag\" content=\"actualidad\" \/>\n\t\t<meta property=\"article:published_time\" content=\"2014-01-25T22:57:22+00:00\" \/>\n\t\t<meta property=\"article:modified_time\" content=\"2014-01-25T22:57:22+00:00\" \/>\n\t\t<meta property=\"article:publisher\" content=\"https:\/\/facebook.com\/eldigitaldeasturias\" \/>\n\t\t<meta name=\"twitter:card\" content=\"summary_large_image\" \/>\n\t\t<meta name=\"twitter:title\" content=\"Qui\u00e9n es qui\u00e9n en las delegaciones negociadoras sirias en Ginebra - El Digital de Asturias\" \/>\n\t\t<meta name=\"twitter:description\" content=\"Ginebra, 25 ene (dpa) - En las conversaciones de paz en Ginebra est\u00e1n presentes delegaciones negociadoras diferentes. Mientras la del gobierno sirio est\u00e1 integrada principalmente por funcionarios del Ministerio de Exteriores y asesores medi\u00e1ticos, la de la oposici\u00f3n incluye a pol\u00edticos de todas las ideololog\u00edas. De forma diferente a lo que ocurri\u00f3 durante el arranque\" \/>\n\t\t<meta name=\"twitter:label1\" content=\"Escrito por\" \/>\n\t\t<meta name=\"twitter:data1\" content=\"El Digital de Asturias\" \/>\n\t\t<meta name=\"twitter:label2\" content=\"Tiempo de lectura estimado\" \/>\n\t\t<meta name=\"twitter:data2\" content=\"2 minutos\" \/>\n\t\t<script type=\"application\/ld+json\" class=\"aioseo-schema\">\n\t\t\t{\"@context\":\"https:\\\/\\\/schema.org\",\"@graph\":[{\"@type\":\"BlogPosting\",\"@id\":\"https:\\\/\\\/www.eldigitaldeasturias.com\\\/noticias\\\/quien-es-quien-en-las-delegaciones-negociadoras-sirias-en-ginebra\\\/#blogposting\",\"name\":\"Qui\\u00e9n es qui\\u00e9n en las delegaciones negociadoras sirias en Ginebra - El Digital de Asturias\",\"headline\":\"Qui\\u00e9n es qui\\u00e9n en las delegaciones negociadoras sirias en Ginebra\",\"author\":{\"@id\":\"https:\\\/\\\/www.eldigitaldeasturias.com\\\/noticias\\\/author\\\/admin\\\/#author\"},\"publisher\":{\"@id\":\"https:\\\/\\\/www.eldigitaldeasturias.com\\\/noticias\\\/#organization\"},\"image\":{\"@type\":\"ImageObject\",\"url\":453154},\"datePublished\":\"2014-01-25T21:57:22+01:00\",\"dateModified\":\"2014-01-25T21:57:22+01:00\",\"inLanguage\":\"es-ES\",\"mainEntityOfPage\":{\"@id\":\"https:\\\/\\\/www.eldigitaldeasturias.com\\\/noticias\\\/quien-es-quien-en-las-delegaciones-negociadoras-sirias-en-ginebra\\\/#webpage\"},\"isPartOf\":{\"@id\":\"https:\\\/\\\/www.eldigitaldeasturias.com\\\/noticias\\\/quien-es-quien-en-las-delegaciones-negociadoras-sirias-en-ginebra\\\/#webpage\"},\"articleSection\":\"Actualidad\"},{\"@type\":\"BreadcrumbList\",\"@id\":\"https:\\\/\\\/www.eldigitaldeasturias.com\\\/noticias\\\/quien-es-quien-en-las-delegaciones-negociadoras-sirias-en-ginebra\\\/#breadcrumblist\",\"itemListElement\":[{\"@type\":\"ListItem\",\"@id\":\"https:\\\/\\\/www.eldigitaldeasturias.com\\\/noticias#listItem\",\"position\":1,\"name\":\"Home\",\"item\":\"https:\\\/\\\/www.eldigitaldeasturias.com\\\/noticias\",\"nextItem\":{\"@type\":\"ListItem\",\"@id\":\"https:\\\/\\\/www.eldigitaldeasturias.com\\\/noticias\\\/category\\\/actualidad\\\/#listItem\",\"name\":\"Actualidad\"}},{\"@type\":\"ListItem\",\"@id\":\"https:\\\/\\\/www.eldigitaldeasturias.com\\\/noticias\\\/category\\\/actualidad\\\/#listItem\",\"position\":2,\"name\":\"Actualidad\",\"item\":\"https:\\\/\\\/www.eldigitaldeasturias.com\\\/noticias\\\/category\\\/actualidad\\\/\",\"nextItem\":{\"@type\":\"ListItem\",\"@id\":\"https:\\\/\\\/www.eldigitaldeasturias.com\\\/noticias\\\/quien-es-quien-en-las-delegaciones-negociadoras-sirias-en-ginebra\\\/#listItem\",\"name\":\"Qui\\u00e9n es qui\\u00e9n en las delegaciones negociadoras sirias en Ginebra\"},\"previousItem\":{\"@type\":\"ListItem\",\"@id\":\"https:\\\/\\\/www.eldigitaldeasturias.com\\\/noticias#listItem\",\"name\":\"Home\"}},{\"@type\":\"ListItem\",\"@id\":\"https:\\\/\\\/www.eldigitaldeasturias.com\\\/noticias\\\/quien-es-quien-en-las-delegaciones-negociadoras-sirias-en-ginebra\\\/#listItem\",\"position\":3,\"name\":\"Qui\\u00e9n es qui\\u00e9n en las delegaciones negociadoras sirias en Ginebra\",\"previousItem\":{\"@type\":\"ListItem\",\"@id\":\"https:\\\/\\\/www.eldigitaldeasturias.com\\\/noticias\\\/category\\\/actualidad\\\/#listItem\",\"name\":\"Actualidad\"}}]},{\"@type\":\"Organization\",\"@id\":\"https:\\\/\\\/www.eldigitaldeasturias.com\\\/noticias\\\/#organization\",\"name\":\"El Digital de Asturias\",\"description\":\"Hemeroteca\",\"url\":\"https:\\\/\\\/www.eldigitaldeasturias.com\\\/noticias\\\/\",\"email\":\"info@eldigitaldeasturias.com\",\"telephone\":\"+34652131393\",\"logo\":{\"@type\":\"ImageObject\",\"url\":\"https:\\\/\\\/www.eldigitaldeasturias.com\\\/noticias\\\/wp-content\\\/uploads\\\/2020\\\/12\\\/EDA.jpg\",\"@id\":\"https:\\\/\\\/www.eldigitaldeasturias.com\\\/noticias\\\/quien-es-quien-en-las-delegaciones-negociadoras-sirias-en-ginebra\\\/#organizationLogo\"},\"image\":{\"@id\":\"https:\\\/\\\/www.eldigitaldeasturias.com\\\/noticias\\\/quien-es-quien-en-las-delegaciones-negociadoras-sirias-en-ginebra\\\/#organizationLogo\"},\"sameAs\":[\"https:\\\/\\\/facebook.com\\\/eldigitaldeasturias\",\"https:\\\/\\\/www.youtube.com\\\/channel\\\/UCZP-2wLEB9Rv6erhFmqVnvg\"],\"address\":{\"@id\":\"https:\\\/\\\/www.eldigitaldeasturias.com\\\/noticias\\\/#postaladdress\",\"@type\":\"PostalAddress\",\"streetAddress\":\"san antonio 4\",\"postalCode\":\"33430\",\"addressLocality\":\"Cand\\u00e1s\",\"addressRegion\":\"Asturias\",\"addressCountry\":\"ES\"}},{\"@type\":\"Person\",\"@id\":\"https:\\\/\\\/www.eldigitaldeasturias.com\\\/noticias\\\/author\\\/admin\\\/#author\",\"url\":\"https:\\\/\\\/www.eldigitaldeasturias.com\\\/noticias\\\/author\\\/admin\\\/\",\"name\":\"El Digital de Asturias\",\"image\":{\"@type\":\"ImageObject\",\"@id\":\"https:\\\/\\\/www.eldigitaldeasturias.com\\\/noticias\\\/quien-es-quien-en-las-delegaciones-negociadoras-sirias-en-ginebra\\\/#authorImage\",\"url\":\"https:\\\/\\\/secure.gravatar.com\\\/avatar\\\/df2aeffc32bcd13f8d26072ef8a91b623d677766deac7f97ca815868cd41bf5e?s=96&d=mm&r=g\",\"width\":96,\"height\":96,\"caption\":\"El Digital de Asturias\"}},{\"@type\":\"WebPage\",\"@id\":\"https:\\\/\\\/www.eldigitaldeasturias.com\\\/noticias\\\/quien-es-quien-en-las-delegaciones-negociadoras-sirias-en-ginebra\\\/#webpage\",\"url\":\"https:\\\/\\\/www.eldigitaldeasturias.com\\\/noticias\\\/quien-es-quien-en-las-delegaciones-negociadoras-sirias-en-ginebra\\\/\",\"name\":\"Qui\\u00e9n es qui\\u00e9n en las delegaciones negociadoras sirias en Ginebra - El Digital de Asturias\",\"description\":\"Ginebra, 25 ene (dpa) - En las conversaciones de paz en Ginebra est\\u00e1n presentes delegaciones negociadoras diferentes. Mientras la del gobierno sirio est\\u00e1 integrada principalmente por funcionarios del Ministerio de Exteriores y asesores medi\\u00e1ticos, la de la oposici\\u00f3n incluye a pol\\u00edticos de todas las ideololog\\u00edas. De forma diferente a lo que ocurri\\u00f3 durante el arranque\",\"inLanguage\":\"es-ES\",\"isPartOf\":{\"@id\":\"https:\\\/\\\/www.eldigitaldeasturias.com\\\/noticias\\\/#website\"},\"breadcrumb\":{\"@id\":\"https:\\\/\\\/www.eldigitaldeasturias.com\\\/noticias\\\/quien-es-quien-en-las-delegaciones-negociadoras-sirias-en-ginebra\\\/#breadcrumblist\"},\"author\":{\"@id\":\"https:\\\/\\\/www.eldigitaldeasturias.com\\\/noticias\\\/author\\\/admin\\\/#author\"},\"creator\":{\"@id\":\"https:\\\/\\\/www.eldigitaldeasturias.com\\\/noticias\\\/author\\\/admin\\\/#author\"},\"image\":{\"@type\":\"ImageObject\",\"url\":453154,\"@id\":\"https:\\\/\\\/www.eldigitaldeasturias.com\\\/noticias\\\/quien-es-quien-en-las-delegaciones-negociadoras-sirias-en-ginebra\\\/#mainImage\"},\"primaryImageOfPage\":{\"@id\":\"https:\\\/\\\/www.eldigitaldeasturias.com\\\/noticias\\\/quien-es-quien-en-las-delegaciones-negociadoras-sirias-en-ginebra\\\/#mainImage\"},\"datePublished\":\"2014-01-25T21:57:22+01:00\",\"dateModified\":\"2014-01-25T21:57:22+01:00\"},{\"@type\":\"WebSite\",\"@id\":\"https:\\\/\\\/www.eldigitaldeasturias.com\\\/noticias\\\/#website\",\"url\":\"https:\\\/\\\/www.eldigitaldeasturias.com\\\/noticias\\\/\",\"name\":\"El Digital de Asturias - Diario de actualidad y noticias\",\"alternateName\":\"El Digital de Asturias - Diario de actualidad y noticias\",\"description\":\"Hemeroteca\",\"inLanguage\":\"es-ES\",\"publisher\":{\"@id\":\"https:\\\/\\\/www.eldigitaldeasturias.com\\\/noticias\\\/#organization\"}}]}\n\t\t<\/script>\n\t\t<!-- All in One SEO Pro -->\r\n\t\t<title>Qui\u00e9n es qui\u00e9n en las delegaciones negociadoras sirias en Ginebra - El Digital de Asturias<\/title>\n\n","aioseo_head_json":{"title":"Qui\u00e9n es qui\u00e9n en las delegaciones negociadoras sirias en Ginebra - El Digital de Asturias","description":"Ginebra, 25 ene (dpa) - En las conversaciones de paz en Ginebra est\u00e1n presentes delegaciones negociadoras diferentes. Mientras la del gobierno sirio est\u00e1 integrada principalmente por funcionarios del Ministerio de Exteriores y asesores medi\u00e1ticos, la de la oposici\u00f3n incluye a pol\u00edticos de todas las ideololog\u00edas. De forma diferente a lo que ocurri\u00f3 durante el arranque","canonical_url":"https:\/\/www.eldigitaldeasturias.com\/noticias\/quien-es-quien-en-las-delegaciones-negociadoras-sirias-en-ginebra\/","robots":"max-image-preview:large","keywords":"actualidad","webmasterTools":{"google-site-verification":"UA-38556648-1","msvalidate.01":"7dfe9f3f1b24437ab69f4f2559babe99","miscellaneous":""},"schema":{"@context":"https:\/\/schema.org","@graph":[{"@type":"BlogPosting","@id":"https:\/\/www.eldigitaldeasturias.com\/noticias\/quien-es-quien-en-las-delegaciones-negociadoras-sirias-en-ginebra\/#blogposting","name":"Qui\u00e9n es qui\u00e9n en las delegaciones negociadoras sirias en Ginebra - El Digital de Asturias","headline":"Qui\u00e9n es qui\u00e9n en las delegaciones negociadoras sirias en Ginebra","author":{"@id":"https:\/\/www.eldigitaldeasturias.com\/noticias\/author\/admin\/#author"},"publisher":{"@id":"https:\/\/www.eldigitaldeasturias.com\/noticias\/#organization"},"image":{"@type":"ImageObject","url":453154},"datePublished":"2014-01-25T21:57:22+01:00","dateModified":"2014-01-25T21:57:22+01:00","inLanguage":"es-ES","mainEntityOfPage":{"@id":"https:\/\/www.eldigitaldeasturias.com\/noticias\/quien-es-quien-en-las-delegaciones-negociadoras-sirias-en-ginebra\/#webpage"},"isPartOf":{"@id":"https:\/\/www.eldigitaldeasturias.com\/noticias\/quien-es-quien-en-las-delegaciones-negociadoras-sirias-en-ginebra\/#webpage"},"articleSection":"Actualidad"},{"@type":"BreadcrumbList","@id":"https:\/\/www.eldigitaldeasturias.com\/noticias\/quien-es-quien-en-las-delegaciones-negociadoras-sirias-en-ginebra\/#breadcrumblist","itemListElement":[{"@type":"ListItem","@id":"https:\/\/www.eldigitaldeasturias.com\/noticias#listItem","position":1,"name":"Home","item":"https:\/\/www.eldigitaldeasturias.com\/noticias","nextItem":{"@type":"ListItem","@id":"https:\/\/www.eldigitaldeasturias.com\/noticias\/category\/actualidad\/#listItem","name":"Actualidad"}},{"@type":"ListItem","@id":"https:\/\/www.eldigitaldeasturias.com\/noticias\/category\/actualidad\/#listItem","position":2,"name":"Actualidad","item":"https:\/\/www.eldigitaldeasturias.com\/noticias\/category\/actualidad\/","nextItem":{"@type":"ListItem","@id":"https:\/\/www.eldigitaldeasturias.com\/noticias\/quien-es-quien-en-las-delegaciones-negociadoras-sirias-en-ginebra\/#listItem","name":"Qui\u00e9n es qui\u00e9n en las delegaciones negociadoras sirias en Ginebra"},"previousItem":{"@type":"ListItem","@id":"https:\/\/www.eldigitaldeasturias.com\/noticias#listItem","name":"Home"}},{"@type":"ListItem","@id":"https:\/\/www.eldigitaldeasturias.com\/noticias\/quien-es-quien-en-las-delegaciones-negociadoras-sirias-en-ginebra\/#listItem","position":3,"name":"Qui\u00e9n es qui\u00e9n en las delegaciones negociadoras sirias en Ginebra","previousItem":{"@type":"ListItem","@id":"https:\/\/www.eldigitaldeasturias.com\/noticias\/category\/actualidad\/#listItem","name":"Actualidad"}}]},{"@type":"Organization","@id":"https:\/\/www.eldigitaldeasturias.com\/noticias\/#organization","name":"El Digital de Asturias","description":"Hemeroteca","url":"https:\/\/www.eldigitaldeasturias.com\/noticias\/","email":"info@eldigitaldeasturias.com","telephone":"+34652131393","logo":{"@type":"ImageObject","url":"https:\/\/www.eldigitaldeasturias.com\/noticias\/wp-content\/uploads\/2020\/12\/EDA.jpg","@id":"https:\/\/www.eldigitaldeasturias.com\/noticias\/quien-es-quien-en-las-delegaciones-negociadoras-sirias-en-ginebra\/#organizationLogo"},"image":{"@id":"https:\/\/www.eldigitaldeasturias.com\/noticias\/quien-es-quien-en-las-delegaciones-negociadoras-sirias-en-ginebra\/#organizationLogo"},"sameAs":["https:\/\/facebook.com\/eldigitaldeasturias","https:\/\/www.youtube.com\/channel\/UCZP-2wLEB9Rv6erhFmqVnvg"],"address":{"@id":"https:\/\/www.eldigitaldeasturias.com\/noticias\/#postaladdress","@type":"PostalAddress","streetAddress":"san antonio 4","postalCode":"33430","addressLocality":"Cand\u00e1s","addressRegion":"Asturias","addressCountry":"ES"}},{"@type":"Person","@id":"https:\/\/www.eldigitaldeasturias.com\/noticias\/author\/admin\/#author","url":"https:\/\/www.eldigitaldeasturias.com\/noticias\/author\/admin\/","name":"El Digital de Asturias","image":{"@type":"ImageObject","@id":"https:\/\/www.eldigitaldeasturias.com\/noticias\/quien-es-quien-en-las-delegaciones-negociadoras-sirias-en-ginebra\/#authorImage","url":"https:\/\/secure.gravatar.com\/avatar\/df2aeffc32bcd13f8d26072ef8a91b623d677766deac7f97ca815868cd41bf5e?s=96&d=mm&r=g","width":96,"height":96,"caption":"El Digital de Asturias"}},{"@type":"WebPage","@id":"https:\/\/www.eldigitaldeasturias.com\/noticias\/quien-es-quien-en-las-delegaciones-negociadoras-sirias-en-ginebra\/#webpage","url":"https:\/\/www.eldigitaldeasturias.com\/noticias\/quien-es-quien-en-las-delegaciones-negociadoras-sirias-en-ginebra\/","name":"Qui\u00e9n es qui\u00e9n en las delegaciones negociadoras sirias en Ginebra - El Digital de Asturias","description":"Ginebra, 25 ene (dpa) - En las conversaciones de paz en Ginebra est\u00e1n presentes delegaciones negociadoras diferentes. Mientras la del gobierno sirio est\u00e1 integrada principalmente por funcionarios del Ministerio de Exteriores y asesores medi\u00e1ticos, la de la oposici\u00f3n incluye a pol\u00edticos de todas las ideololog\u00edas. De forma diferente a lo que ocurri\u00f3 durante el arranque","inLanguage":"es-ES","isPartOf":{"@id":"https:\/\/www.eldigitaldeasturias.com\/noticias\/#website"},"breadcrumb":{"@id":"https:\/\/www.eldigitaldeasturias.com\/noticias\/quien-es-quien-en-las-delegaciones-negociadoras-sirias-en-ginebra\/#breadcrumblist"},"author":{"@id":"https:\/\/www.eldigitaldeasturias.com\/noticias\/author\/admin\/#author"},"creator":{"@id":"https:\/\/www.eldigitaldeasturias.com\/noticias\/author\/admin\/#author"},"image":{"@type":"ImageObject","url":453154,"@id":"https:\/\/www.eldigitaldeasturias.com\/noticias\/quien-es-quien-en-las-delegaciones-negociadoras-sirias-en-ginebra\/#mainImage"},"primaryImageOfPage":{"@id":"https:\/\/www.eldigitaldeasturias.com\/noticias\/quien-es-quien-en-las-delegaciones-negociadoras-sirias-en-ginebra\/#mainImage"},"datePublished":"2014-01-25T21:57:22+01:00","dateModified":"2014-01-25T21:57:22+01:00"},{"@type":"WebSite","@id":"https:\/\/www.eldigitaldeasturias.com\/noticias\/#website","url":"https:\/\/www.eldigitaldeasturias.com\/noticias\/","name":"El Digital de Asturias - Diario de actualidad y noticias","alternateName":"El Digital de Asturias - Diario de actualidad y noticias","description":"Hemeroteca","inLanguage":"es-ES","publisher":{"@id":"https:\/\/www.eldigitaldeasturias.com\/noticias\/#organization"}}]},"og:locale":"es_ES","og:site_name":"El Digital de Asturias","og:type":"article","og:title":"Qui\u00e9n es qui\u00e9n en las delegaciones negociadoras sirias en Ginebra - El Digital de Asturias","og:description":"Ginebra, 25 ene (dpa) - En las conversaciones de paz en Ginebra est\u00e1n presentes delegaciones negociadoras diferentes. Mientras la del gobierno sirio est\u00e1 integrada principalmente por funcionarios del Ministerio de Exteriores y asesores medi\u00e1ticos, la de la oposici\u00f3n incluye a pol\u00edticos de todas las ideololog\u00edas. De forma diferente a lo que ocurri\u00f3 durante el arranque","og:url":"https:\/\/www.eldigitaldeasturias.com\/noticias\/quien-es-quien-en-las-delegaciones-negociadoras-sirias-en-ginebra\/","article:tag":["actualidad"],"article:published_time":"2014-01-25T22:57:22+00:00","article:modified_time":"2014-01-25T22:57:22+00:00","article:publisher":"https:\/\/facebook.com\/eldigitaldeasturias","twitter:card":"summary_large_image","twitter:title":"Qui\u00e9n es qui\u00e9n en las delegaciones negociadoras sirias en Ginebra - El Digital de Asturias","twitter:description":"Ginebra, 25 ene (dpa) - En las conversaciones de paz en Ginebra est\u00e1n presentes delegaciones negociadoras diferentes. Mientras la del gobierno sirio est\u00e1 integrada principalmente por funcionarios del Ministerio de Exteriores y asesores medi\u00e1ticos, la de la oposici\u00f3n incluye a pol\u00edticos de todas las ideololog\u00edas. De forma diferente a lo que ocurri\u00f3 durante el arranque","twitter:label1":"Escrito por","twitter:data1":"El Digital de Asturias","twitter:label2":"Tiempo de lectura estimado","twitter:data2":"2 minutos"},"aioseo_meta_data":{"post_id":"478991","title":null,"description":null,"keywords":null,"keyphrases":null,"primary_term":null,"canonical_url":null,"og_title":null,"og_description":null,"og_object_type":"default","og_image_type":"default","og_image_url":null,"og_image_width":null,"og_image_height":null,"og_image_custom_url":null,"og_image_custom_fields":null,"og_video":null,"og_custom_url":null,"og_article_section":null,"og_article_tags":null,"twitter_use_og":true,"twitter_card":"default","twitter_image_type":"default","twitter_image_url":null,"twitter_image_custom_url":null,"twitter_image_custom_fields":null,"twitter_title":null,"twitter_description":null,"schema":{"blockGraphs":[],"customGraphs":[],"default":{"data":{"Article":[],"Course":[],"Dataset":[],"FAQPage":[],"Movie":[],"Person":[],"Product":[],"ProductReview":[],"Car":[],"Recipe":[],"Service":[],"SoftwareApplication":[],"WebPage":[]},"graphName":"","isEnabled":true},"graphs":[],"defaultGraph":"","defaultPostTypeGraph":""},"schema_type":null,"schema_type_options":null,"pillar_content":false,"robots_default":true,"robots_noindex":false,"robots_noarchive":false,"robots_nosnippet":false,"robots_nofollow":false,"robots_noimageindex":false,"robots_noodp":false,"robots_notranslate":false,"robots_max_snippet":null,"robots_max_videopreview":null,"robots_max_imagepreview":"none","priority":null,"frequency":null,"local_seo":null,"seo_analyzer_scan_date":"2026-06-01 23:09:01","breadcrumb_settings":null,"limit_modified_date":false,"open_ai":null,"ai":null,"created":"2020-11-14 22:53:58","updated":"2026-06-01 23:09:01","focus_keyword":null,"additional_keywords":null,"truseo_locale":null},"aioseo_breadcrumb":"<div class=\"aioseo-breadcrumbs\"><span class=\"aioseo-breadcrumb\">\n\t<a href=\"https:\/\/www.eldigitaldeasturias.com\/noticias\" title=\"Home\">Home<\/a>\n<\/span><span class=\"aioseo-breadcrumb-separator\">\u2013<\/span><span class=\"aioseo-breadcrumb\">\n\t<a href=\"https:\/\/www.eldigitaldeasturias.com\/noticias\/category\/actualidad\/\" title=\"Actualidad\">Actualidad<\/a>\n<\/span><span class=\"aioseo-breadcrumb-separator\">\u2013<\/span><span class=\"aioseo-breadcrumb\">\n\t<a href=\"https:\/\/www.eldigitaldeasturias.com\/noticias\/quien-es-quien-en-las-delegaciones-negociadoras-sirias-en-ginebra\/\" title=\"Qui\u00e9n es qui\u00e9n en las delegaciones negociadoras sirias en Ginebra\">Qui\u00e9n es qui\u00e9n en las delegaciones negociadoras sirias en Ginebra<\/a>\n<\/span><\/div>","aioseo_breadcrumb_json":[{"label":"Home","link":"https:\/\/www.eldigitaldeasturias.com\/noticias"},{"label":"Actualidad","link":"https:\/\/www.eldigitaldeasturias.com\/noticias\/category\/actualidad\/"},{"label":"Qui\u00e9n es qui\u00e9n en las delegaciones negociadoras sirias en Ginebra","link":"https:\/\/www.eldigitaldeasturias.com\/noticias\/quien-es-quien-en-las-delegaciones-negociadoras-sirias-en-ginebra\/"}],"_links":{"self":[{"href":"https:\/\/www.eldigitaldeasturias.com\/noticias\/wp-json\/wp\/v2\/posts\/478991","targetHints":{"allow":["GET"]}}],"collection":[{"href":"https:\/\/www.eldigitaldeasturias.com\/noticias\/wp-json\/wp\/v2\/posts"}],"about":[{"href":"https:\/\/www.eldigitaldeasturias.com\/noticias\/wp-json\/wp\/v2\/types\/post"}],"author":[{"embeddable":true,"href":"https:\/\/www.eldigitaldeasturias.com\/noticias\/wp-json\/wp\/v2\/users\/1"}],"replies":[{"embeddable":true,"href":"https:\/\/www.eldigitaldeasturias.com\/noticias\/wp-json\/wp\/v2\/comments?post=478991"}],"version-history":[{"count":0,"href":"https:\/\/www.eldigitaldeasturias.com\/noticias\/wp-json\/wp\/v2\/posts\/478991\/revisions"}],"wp:attachment":[{"href":"https:\/\/www.eldigitaldeasturias.com\/noticias\/wp-json\/wp\/v2\/media?parent=478991"}],"wp:term":[{"taxonomy":"category","embeddable":true,"href":"https:\/\/www.eldigitaldeasturias.com\/noticias\/wp-json\/wp\/v2\/categories?post=478991"},{"taxonomy":"post_tag","embeddable":true,"href":"https:\/\/www.eldigitaldeasturias.com\/noticias\/wp-json\/wp\/v2\/tags?post=478991"}],"curies":[{"name":"wp","href":"https:\/\/api.w.org\/{rel}","templated":true}]}}