{"id":478987,"date":"2014-01-25T21:49:04","date_gmt":"2014-01-25T22:49:04","guid":{"rendered":"http:\/\/www.eldigitaldeasturias.com\/noticias\/?p=478987"},"modified":"2014-01-25T21:49:04","modified_gmt":"2014-01-25T22:49:04","slug":"la-oea-quiere-a-cuba-pero-que-quiere-cuba-de-la-oea","status":"publish","type":"post","link":"https:\/\/www.eldigitaldeasturias.com\/noticias\/la-oea-quiere-a-cuba-pero-que-quiere-cuba-de-la-oea\/","title":{"rendered":"La OEA quiere a Cuba pero&#8230; \u00bfqu\u00e9 quiere Cuba de la OEA?"},"content":{"rendered":"<p><img loading=\"lazy\" decoding=\"async\" class=\"alignleft size-medium wp-image-464706\" alt=\"5809712w\" src=\"https:\/\/www.eldigitaldeasturias.com\/noticias\/wp-content\/uploads\/2013\/12\/5809712w-360x257.jpg\" width=\"360\" height=\"257\" \/>Washington, 25 ene (dpa) &#8211; La visita del secretario general de la OEA, Jos\u00e9 Miguel Insulza, a La Habana para asistir a la cumbre de la CELAC ser\u00e1 hist\u00f3rica. Al fin y al cabo, hace m\u00e1s de medio siglo, desde la revoluci\u00f3n que llev\u00f3 a los hermanos Castro al poder, que ning\u00fan jefe de la Organizaci\u00f3n de Estados Americanos (OEA) pon\u00eda pie en la isla.<\/p>\n<p>Pero tras la fuerza de esa imagen, surge la duda sobre el verdadero impacto del gesto.<\/p>\n<p>\u00bfQu\u00e9 implicaciones tiene la visita? \u00bfSignifica que Cuba podr\u00eda volver a la OEA? \u00bfEs una muestra de apertura del gobierno de Ra\u00fal Castro en medio de sus reformas o no es m\u00e1s que un gesto de cortes\u00eda protocolaria tras el que no hay que buscar segundas intenciones?<\/p>\n<p>Hace ya casi cuatro a\u00f1os que la OEA volvi\u00f3 a abrir las puertas a Cuba, tras eliminar en junio de 2009 la suspensi\u00f3n impuesta en 1962, a instancias de Estados Unidos, por su adhesi\u00f3n al \u00abmarxismo-leninismo\u00bb. Desde entonces, sin embargo, La Habana ha dejado claro su total falta de inter\u00e9s, al menos p\u00fablico, en regresar a un organismo que considera superado, sobre todo desde que cuenta con el contrapeso de la Comunidad de Estados Latinoamericanos y Caribe\u00f1os (CELAC) que ahora se apresta a albergar.<\/p>\n<p>As\u00ed lo reiter\u00f3 una vez m\u00e1s el canciller, Bruno Rodr\u00edguez, en v\u00edsperas de la cumbre regional. \u00abLa posici\u00f3n nacional de Cuba con relaci\u00f3n a la OEA permanece invariable, no volveremos a ella\u00bb, zanj\u00f3 y calific\u00f3 la invitaci\u00f3n a Insulza como un acto de cortes\u00eda diplom\u00e1tica.<\/p>\n<p>\u00abLo gordo habr\u00eda sido no invitarlo\u00bb, coinciden en Washington c\u00edrculos diplom\u00e1ticos de la OEA, que tambi\u00e9n recuerdan que no es una invitaci\u00f3n oficial a visitar el pa\u00eds.<\/p>\n<p>Algo que sin embargo no acalla las expectativas de la visita.<\/p>\n<p>En los pasillos de la OEA, se considera de hecho que una de las metas podr\u00eda ser no menos ambiciosa -y desde luego m\u00e1s apremiante- que el regreso de Cuba al organismo: el problema de qu\u00e9 hacer con la isla de cara a la Cumbre de las Am\u00e9ricas de Panam\u00e1 en 2015.<\/p>\n<p>Y es que ya en la edici\u00f3n anterior, en Cartagena de Indias en 2012, la mayor parte de los pa\u00edses de la regi\u00f3n dejaron claro que esa deb\u00eda ser la \u00faltima cita continental en la que se exclu\u00eda a Cuba.<\/p>\n<p>En Colombia hubo una \u00abdiscusi\u00f3n tremenda sobre Cuba\u00bb, recuerdan las fuentes. \u00abHay necesidad de resolver ese tema\u00bb e Insulza, a quien le queda un a\u00f1o al frente de la OEA, es \u00abconsciente de que puede jugar un papel\u00bb en esta materia, sobre todo porque una de sus grandes apuestas fue, precisamente, buscar el acercamiento a la isla, dicen.<\/p>\n<p>\u00abNo es un secreto que desde que asumi\u00f3 la OEA, Insulza ha estado tratando de buscar una forma de reintegrar a Cuba en las relaciones regionales\u00bb, coincide el presidente del Di\u00e1logo Interamericano, Michael Shifter, para quien la visita de Insulza a Cuba es importante aunque sea de forma \u00absimb\u00f3lica\u00bb m\u00e1s que en t\u00e9rminos reales.<\/p>\n<p>Del lado cubano, la visita de Insulza puede aportar numerosas ventajas, sobre todo en momentos en que la Uni\u00f3n Europea estudia abandonar la \u00abposici\u00f3n \u00fanica\u00bb y que en Washington hay un presidente como Barack Obama que, aunque t\u00edmidamente, ha expresado su voluntad de acercamiento, acota el profesor Eusebio Mujal-Le\u00f3n.<\/p>\n<p>\u00abEl principal objetivo de Ra\u00fal (Castro) es normalizar las relaciones con Estados Unidos. Un acercamiento a la OEA y a la UE forman parte de ese exquisito baile, marcado por la falta de resultados con las reformas econ\u00f3micas y por el tiempo que apremia\u00bb, considera este experto en Cuba de la Universidad de Georgetown.<\/p>\n<p>Precisamente por esas eventuales ventajas para la isla, el viaje de Insulza ha sentado muy mal en los c\u00edrculos anticastristas de Estados Unidos, que no carecen de influencia pol\u00edtica en el pa\u00eds.<\/p>\n<p>\u00abRepugnante\u00bb, calific\u00f3 de inmediato la noticia del viaje la congresista republicana de origen cubano Ileana Ros-Lehtinen. No ser\u00e1 m\u00e1s que una \u00abgran victoria de propaganda para el r\u00e9gimen\u00bb de La Habana porque \u00abotorga la bendici\u00f3n de la OEA sobre las atrocidades cometidas en la isla\u00bb, insisti\u00f3 la reconocida anticastrista.<\/p>\n<p>Para Shifter, sin embargo, Insulza no ten\u00eda m\u00e1s opci\u00f3n que aceptar la invitaci\u00f3n, independientemente de que lo haga con alegr\u00eda o no.<\/p>\n<p>\u00abRechazar una invitaci\u00f3n como esa ir\u00eda en contra de su propia visi\u00f3n y compromiso (&#8230;) Insulza quiere mostrar buena voluntad y ser un actor en un tema clave en los asuntos hemisf\u00e9ricos\u00bb, razon\u00f3.<\/p>\n<p>En tono pragm\u00e1tico, el director para las Am\u00e9ricas de Human Rights Watch (HRW), Jos\u00e9 Miguel Vivanco, dijo que, ya que va, espera que Insulza \u00abcomo representante de un \u00f3rgano cuya tarea es la promoci\u00f3n no s\u00f3lo de los derechos humanos sino tambi\u00e9n de la democracia, aproveche la visita para colocar estos temas en la agenda de Cuba\u00bb.<\/p>\n<p>Por si acaso, los grupos de oposici\u00f3n en la isla anunciaron que ya le han pedido una cita.<\/p>\n<p>Por Silvia Ayuso<\/p>\n","protected":false},"excerpt":{"rendered":"<p>Washington, 25 ene (dpa) &#8211; La visita del secretario general de la OEA, Jos\u00e9 Miguel Insulza, a La Habana para asistir a la cumbre de la CELAC ser\u00e1 hist\u00f3rica. Al fin y al cabo, hace m\u00e1s de medio siglo, desde la revoluci\u00f3n que llev\u00f3 a los hermanos Castro al poder, que ning\u00fan jefe de la [&hellip;]<\/p>\n","protected":false},"author":1,"featured_media":464706,"comment_status":"closed","ping_status":"open","sticky":false,"template":"","format":"standard","meta":{"footnotes":""},"categories":[1],"tags":[],"class_list":["post-478987","post","type-post","status-publish","format-standard","has-post-thumbnail","hentry","category-actualidad"],"aioseo_notices":[],"aioseo_head":"\n\t\t<!-- All in One SEO Pro 5.0.1 - aioseo.com -->\n\t<meta name=\"description\" content=\"Washington, 25 ene (dpa) - La visita del secretario general de la OEA, Jos\u00e9 Miguel Insulza, a La Habana para asistir a la cumbre de la CELAC ser\u00e1 hist\u00f3rica. Al fin y al cabo, hace m\u00e1s de medio siglo, desde la revoluci\u00f3n que llev\u00f3 a los hermanos Castro al poder, que ning\u00fan jefe de la\" \/>\n\t<meta name=\"robots\" content=\"max-image-preview:large\" \/>\n\t<meta name=\"author\" content=\"El Digital de Asturias\"\/>\n\t<meta name=\"google-site-verification\" content=\"UA-38556648-1\" \/>\n\t<meta name=\"msvalidate.01\" content=\"7dfe9f3f1b24437ab69f4f2559babe99\" \/>\n\t<meta name=\"keywords\" content=\"actualidad\" \/>\n\t<link rel=\"canonical\" href=\"https:\/\/www.eldigitaldeasturias.com\/noticias\/la-oea-quiere-a-cuba-pero-que-quiere-cuba-de-la-oea\/\" \/>\n\t<meta name=\"generator\" content=\"All in One SEO Pro (AIOSEO) 5.0.1\" \/>\n\t\t<meta property=\"og:locale\" content=\"es_ES\" \/>\n\t\t<meta property=\"og:site_name\" content=\"El Digital de Asturias\" \/>\n\t\t<meta property=\"og:type\" content=\"article\" \/>\n\t\t<meta property=\"og:title\" content=\"La OEA quiere a Cuba pero\u2026 \u00bfqu\u00e9 quiere Cuba de la OEA? - El Digital de Asturias\" \/>\n\t\t<meta property=\"og:description\" content=\"Washington, 25 ene (dpa) - La visita del secretario general de la OEA, Jos\u00e9 Miguel Insulza, a La Habana para asistir a la cumbre de la CELAC ser\u00e1 hist\u00f3rica. Al fin y al cabo, hace m\u00e1s de medio siglo, desde la revoluci\u00f3n que llev\u00f3 a los hermanos Castro al poder, que ning\u00fan jefe de la\" \/>\n\t\t<meta property=\"og:url\" content=\"https:\/\/www.eldigitaldeasturias.com\/noticias\/la-oea-quiere-a-cuba-pero-que-quiere-cuba-de-la-oea\/\" \/>\n\t\t<meta property=\"article:tag\" content=\"actualidad\" \/>\n\t\t<meta property=\"article:published_time\" content=\"2014-01-25T22:49:04+00:00\" \/>\n\t\t<meta property=\"article:modified_time\" content=\"2014-01-25T22:49:04+00:00\" \/>\n\t\t<meta property=\"article:publisher\" content=\"https:\/\/facebook.com\/eldigitaldeasturias\" \/>\n\t\t<meta name=\"twitter:card\" content=\"summary_large_image\" \/>\n\t\t<meta name=\"twitter:title\" content=\"La OEA quiere a Cuba pero\u2026 \u00bfqu\u00e9 quiere Cuba de la OEA? - El Digital de Asturias\" \/>\n\t\t<meta name=\"twitter:description\" content=\"Washington, 25 ene (dpa) - La visita del secretario general de la OEA, Jos\u00e9 Miguel Insulza, a La Habana para asistir a la cumbre de la CELAC ser\u00e1 hist\u00f3rica. Al fin y al cabo, hace m\u00e1s de medio siglo, desde la revoluci\u00f3n que llev\u00f3 a los hermanos Castro al poder, que ning\u00fan jefe de la\" \/>\n\t\t<meta name=\"twitter:label1\" content=\"Escrito por\" \/>\n\t\t<meta name=\"twitter:data1\" content=\"El Digital de Asturias\" \/>\n\t\t<meta name=\"twitter:label2\" content=\"Tiempo de lectura estimado\" \/>\n\t\t<meta name=\"twitter:data2\" content=\"4 minutos\" \/>\n\t\t<script type=\"application\/ld+json\" class=\"aioseo-schema\">\n\t\t\t{\"@context\":\"https:\\\/\\\/schema.org\",\"@graph\":[{\"@type\":\"BlogPosting\",\"@id\":\"https:\\\/\\\/www.eldigitaldeasturias.com\\\/noticias\\\/la-oea-quiere-a-cuba-pero-que-quiere-cuba-de-la-oea\\\/#blogposting\",\"name\":\"La OEA quiere a Cuba pero\\u2026 \\u00bfqu\\u00e9 quiere Cuba de la OEA? - El Digital de Asturias\",\"headline\":\"La OEA quiere a Cuba pero&#8230; \\u00bfqu\\u00e9 quiere Cuba de la OEA?\",\"author\":{\"@id\":\"https:\\\/\\\/www.eldigitaldeasturias.com\\\/noticias\\\/author\\\/admin\\\/#author\"},\"publisher\":{\"@id\":\"https:\\\/\\\/www.eldigitaldeasturias.com\\\/noticias\\\/#organization\"},\"image\":{\"@type\":\"ImageObject\",\"url\":464706},\"datePublished\":\"2014-01-25T21:49:04+01:00\",\"dateModified\":\"2014-01-25T21:49:04+01:00\",\"inLanguage\":\"es-ES\",\"mainEntityOfPage\":{\"@id\":\"https:\\\/\\\/www.eldigitaldeasturias.com\\\/noticias\\\/la-oea-quiere-a-cuba-pero-que-quiere-cuba-de-la-oea\\\/#webpage\"},\"isPartOf\":{\"@id\":\"https:\\\/\\\/www.eldigitaldeasturias.com\\\/noticias\\\/la-oea-quiere-a-cuba-pero-que-quiere-cuba-de-la-oea\\\/#webpage\"},\"articleSection\":\"Actualidad\"},{\"@type\":\"BreadcrumbList\",\"@id\":\"https:\\\/\\\/www.eldigitaldeasturias.com\\\/noticias\\\/la-oea-quiere-a-cuba-pero-que-quiere-cuba-de-la-oea\\\/#breadcrumblist\",\"itemListElement\":[{\"@type\":\"ListItem\",\"@id\":\"https:\\\/\\\/www.eldigitaldeasturias.com\\\/noticias#listItem\",\"position\":1,\"name\":\"Home\",\"item\":\"https:\\\/\\\/www.eldigitaldeasturias.com\\\/noticias\",\"nextItem\":{\"@type\":\"ListItem\",\"@id\":\"https:\\\/\\\/www.eldigitaldeasturias.com\\\/noticias\\\/category\\\/actualidad\\\/#listItem\",\"name\":\"Actualidad\"}},{\"@type\":\"ListItem\",\"@id\":\"https:\\\/\\\/www.eldigitaldeasturias.com\\\/noticias\\\/category\\\/actualidad\\\/#listItem\",\"position\":2,\"name\":\"Actualidad\",\"item\":\"https:\\\/\\\/www.eldigitaldeasturias.com\\\/noticias\\\/category\\\/actualidad\\\/\",\"nextItem\":{\"@type\":\"ListItem\",\"@id\":\"https:\\\/\\\/www.eldigitaldeasturias.com\\\/noticias\\\/la-oea-quiere-a-cuba-pero-que-quiere-cuba-de-la-oea\\\/#listItem\",\"name\":\"La OEA quiere a Cuba pero&#8230; \\u00bfqu\\u00e9 quiere Cuba de la OEA?\"},\"previousItem\":{\"@type\":\"ListItem\",\"@id\":\"https:\\\/\\\/www.eldigitaldeasturias.com\\\/noticias#listItem\",\"name\":\"Home\"}},{\"@type\":\"ListItem\",\"@id\":\"https:\\\/\\\/www.eldigitaldeasturias.com\\\/noticias\\\/la-oea-quiere-a-cuba-pero-que-quiere-cuba-de-la-oea\\\/#listItem\",\"position\":3,\"name\":\"La OEA quiere a Cuba pero&#8230; \\u00bfqu\\u00e9 quiere Cuba de la OEA?\",\"previousItem\":{\"@type\":\"ListItem\",\"@id\":\"https:\\\/\\\/www.eldigitaldeasturias.com\\\/noticias\\\/category\\\/actualidad\\\/#listItem\",\"name\":\"Actualidad\"}}]},{\"@type\":\"Organization\",\"@id\":\"https:\\\/\\\/www.eldigitaldeasturias.com\\\/noticias\\\/#organization\",\"name\":\"El Digital de Asturias\",\"description\":\"Hemeroteca\",\"url\":\"https:\\\/\\\/www.eldigitaldeasturias.com\\\/noticias\\\/\",\"email\":\"info@eldigitaldeasturias.com\",\"telephone\":\"+34652131393\",\"logo\":{\"@type\":\"ImageObject\",\"url\":\"https:\\\/\\\/www.eldigitaldeasturias.com\\\/noticias\\\/wp-content\\\/uploads\\\/2020\\\/12\\\/EDA.jpg\",\"@id\":\"https:\\\/\\\/www.eldigitaldeasturias.com\\\/noticias\\\/la-oea-quiere-a-cuba-pero-que-quiere-cuba-de-la-oea\\\/#organizationLogo\"},\"image\":{\"@id\":\"https:\\\/\\\/www.eldigitaldeasturias.com\\\/noticias\\\/la-oea-quiere-a-cuba-pero-que-quiere-cuba-de-la-oea\\\/#organizationLogo\"},\"sameAs\":[\"https:\\\/\\\/facebook.com\\\/eldigitaldeasturias\",\"https:\\\/\\\/www.youtube.com\\\/channel\\\/UCZP-2wLEB9Rv6erhFmqVnvg\"],\"address\":{\"@id\":\"https:\\\/\\\/www.eldigitaldeasturias.com\\\/noticias\\\/#postaladdress\",\"@type\":\"PostalAddress\",\"streetAddress\":\"san antonio 4\",\"postalCode\":\"33430\",\"addressLocality\":\"Cand\\u00e1s\",\"addressRegion\":\"Asturias\",\"addressCountry\":\"ES\"}},{\"@type\":\"Person\",\"@id\":\"https:\\\/\\\/www.eldigitaldeasturias.com\\\/noticias\\\/author\\\/admin\\\/#author\",\"url\":\"https:\\\/\\\/www.eldigitaldeasturias.com\\\/noticias\\\/author\\\/admin\\\/\",\"name\":\"El Digital de Asturias\",\"image\":{\"@type\":\"ImageObject\",\"@id\":\"https:\\\/\\\/www.eldigitaldeasturias.com\\\/noticias\\\/la-oea-quiere-a-cuba-pero-que-quiere-cuba-de-la-oea\\\/#authorImage\",\"url\":\"https:\\\/\\\/secure.gravatar.com\\\/avatar\\\/df2aeffc32bcd13f8d26072ef8a91b623d677766deac7f97ca815868cd41bf5e?s=96&d=mm&r=g\",\"width\":96,\"height\":96,\"caption\":\"El Digital de Asturias\"}},{\"@type\":\"WebPage\",\"@id\":\"https:\\\/\\\/www.eldigitaldeasturias.com\\\/noticias\\\/la-oea-quiere-a-cuba-pero-que-quiere-cuba-de-la-oea\\\/#webpage\",\"url\":\"https:\\\/\\\/www.eldigitaldeasturias.com\\\/noticias\\\/la-oea-quiere-a-cuba-pero-que-quiere-cuba-de-la-oea\\\/\",\"name\":\"La OEA quiere a Cuba pero\\u2026 \\u00bfqu\\u00e9 quiere Cuba de la OEA? - El Digital de Asturias\",\"description\":\"Washington, 25 ene (dpa) - La visita del secretario general de la OEA, Jos\\u00e9 Miguel Insulza, a La Habana para asistir a la cumbre de la CELAC ser\\u00e1 hist\\u00f3rica. Al fin y al cabo, hace m\\u00e1s de medio siglo, desde la revoluci\\u00f3n que llev\\u00f3 a los hermanos Castro al poder, que ning\\u00fan jefe de la\",\"inLanguage\":\"es-ES\",\"isPartOf\":{\"@id\":\"https:\\\/\\\/www.eldigitaldeasturias.com\\\/noticias\\\/#website\"},\"breadcrumb\":{\"@id\":\"https:\\\/\\\/www.eldigitaldeasturias.com\\\/noticias\\\/la-oea-quiere-a-cuba-pero-que-quiere-cuba-de-la-oea\\\/#breadcrumblist\"},\"author\":{\"@id\":\"https:\\\/\\\/www.eldigitaldeasturias.com\\\/noticias\\\/author\\\/admin\\\/#author\"},\"creator\":{\"@id\":\"https:\\\/\\\/www.eldigitaldeasturias.com\\\/noticias\\\/author\\\/admin\\\/#author\"},\"image\":{\"@type\":\"ImageObject\",\"url\":464706,\"@id\":\"https:\\\/\\\/www.eldigitaldeasturias.com\\\/noticias\\\/la-oea-quiere-a-cuba-pero-que-quiere-cuba-de-la-oea\\\/#mainImage\"},\"primaryImageOfPage\":{\"@id\":\"https:\\\/\\\/www.eldigitaldeasturias.com\\\/noticias\\\/la-oea-quiere-a-cuba-pero-que-quiere-cuba-de-la-oea\\\/#mainImage\"},\"datePublished\":\"2014-01-25T21:49:04+01:00\",\"dateModified\":\"2014-01-25T21:49:04+01:00\"},{\"@type\":\"WebSite\",\"@id\":\"https:\\\/\\\/www.eldigitaldeasturias.com\\\/noticias\\\/#website\",\"url\":\"https:\\\/\\\/www.eldigitaldeasturias.com\\\/noticias\\\/\",\"name\":\"El Digital de Asturias - Diario de actualidad y noticias\",\"alternateName\":\"El Digital de Asturias - Diario de actualidad y noticias\",\"description\":\"Hemeroteca\",\"inLanguage\":\"es-ES\",\"publisher\":{\"@id\":\"https:\\\/\\\/www.eldigitaldeasturias.com\\\/noticias\\\/#organization\"}}]}\n\t\t<\/script>\n\t\t<!-- All in One SEO Pro -->\r\n\t\t<title>La OEA quiere a Cuba pero\u2026 \u00bfqu\u00e9 quiere Cuba de la OEA? - El Digital de Asturias<\/title>\n\n","aioseo_head_json":{"title":"La OEA quiere a Cuba pero\u2026 \u00bfqu\u00e9 quiere Cuba de la OEA? - El Digital de Asturias","description":"Washington, 25 ene (dpa) - La visita del secretario general de la OEA, Jos\u00e9 Miguel Insulza, a La Habana para asistir a la cumbre de la CELAC ser\u00e1 hist\u00f3rica. Al fin y al cabo, hace m\u00e1s de medio siglo, desde la revoluci\u00f3n que llev\u00f3 a los hermanos Castro al poder, que ning\u00fan jefe de la","canonical_url":"https:\/\/www.eldigitaldeasturias.com\/noticias\/la-oea-quiere-a-cuba-pero-que-quiere-cuba-de-la-oea\/","robots":"max-image-preview:large","keywords":"actualidad","webmasterTools":{"google-site-verification":"UA-38556648-1","msvalidate.01":"7dfe9f3f1b24437ab69f4f2559babe99","miscellaneous":""},"schema":{"@context":"https:\/\/schema.org","@graph":[{"@type":"BlogPosting","@id":"https:\/\/www.eldigitaldeasturias.com\/noticias\/la-oea-quiere-a-cuba-pero-que-quiere-cuba-de-la-oea\/#blogposting","name":"La OEA quiere a Cuba pero\u2026 \u00bfqu\u00e9 quiere Cuba de la OEA? - El Digital de Asturias","headline":"La OEA quiere a Cuba pero&#8230; \u00bfqu\u00e9 quiere Cuba de la OEA?","author":{"@id":"https:\/\/www.eldigitaldeasturias.com\/noticias\/author\/admin\/#author"},"publisher":{"@id":"https:\/\/www.eldigitaldeasturias.com\/noticias\/#organization"},"image":{"@type":"ImageObject","url":464706},"datePublished":"2014-01-25T21:49:04+01:00","dateModified":"2014-01-25T21:49:04+01:00","inLanguage":"es-ES","mainEntityOfPage":{"@id":"https:\/\/www.eldigitaldeasturias.com\/noticias\/la-oea-quiere-a-cuba-pero-que-quiere-cuba-de-la-oea\/#webpage"},"isPartOf":{"@id":"https:\/\/www.eldigitaldeasturias.com\/noticias\/la-oea-quiere-a-cuba-pero-que-quiere-cuba-de-la-oea\/#webpage"},"articleSection":"Actualidad"},{"@type":"BreadcrumbList","@id":"https:\/\/www.eldigitaldeasturias.com\/noticias\/la-oea-quiere-a-cuba-pero-que-quiere-cuba-de-la-oea\/#breadcrumblist","itemListElement":[{"@type":"ListItem","@id":"https:\/\/www.eldigitaldeasturias.com\/noticias#listItem","position":1,"name":"Home","item":"https:\/\/www.eldigitaldeasturias.com\/noticias","nextItem":{"@type":"ListItem","@id":"https:\/\/www.eldigitaldeasturias.com\/noticias\/category\/actualidad\/#listItem","name":"Actualidad"}},{"@type":"ListItem","@id":"https:\/\/www.eldigitaldeasturias.com\/noticias\/category\/actualidad\/#listItem","position":2,"name":"Actualidad","item":"https:\/\/www.eldigitaldeasturias.com\/noticias\/category\/actualidad\/","nextItem":{"@type":"ListItem","@id":"https:\/\/www.eldigitaldeasturias.com\/noticias\/la-oea-quiere-a-cuba-pero-que-quiere-cuba-de-la-oea\/#listItem","name":"La OEA quiere a Cuba pero&#8230; \u00bfqu\u00e9 quiere Cuba de la OEA?"},"previousItem":{"@type":"ListItem","@id":"https:\/\/www.eldigitaldeasturias.com\/noticias#listItem","name":"Home"}},{"@type":"ListItem","@id":"https:\/\/www.eldigitaldeasturias.com\/noticias\/la-oea-quiere-a-cuba-pero-que-quiere-cuba-de-la-oea\/#listItem","position":3,"name":"La OEA quiere a Cuba pero&#8230; \u00bfqu\u00e9 quiere Cuba de la OEA?","previousItem":{"@type":"ListItem","@id":"https:\/\/www.eldigitaldeasturias.com\/noticias\/category\/actualidad\/#listItem","name":"Actualidad"}}]},{"@type":"Organization","@id":"https:\/\/www.eldigitaldeasturias.com\/noticias\/#organization","name":"El Digital de Asturias","description":"Hemeroteca","url":"https:\/\/www.eldigitaldeasturias.com\/noticias\/","email":"info@eldigitaldeasturias.com","telephone":"+34652131393","logo":{"@type":"ImageObject","url":"https:\/\/www.eldigitaldeasturias.com\/noticias\/wp-content\/uploads\/2020\/12\/EDA.jpg","@id":"https:\/\/www.eldigitaldeasturias.com\/noticias\/la-oea-quiere-a-cuba-pero-que-quiere-cuba-de-la-oea\/#organizationLogo"},"image":{"@id":"https:\/\/www.eldigitaldeasturias.com\/noticias\/la-oea-quiere-a-cuba-pero-que-quiere-cuba-de-la-oea\/#organizationLogo"},"sameAs":["https:\/\/facebook.com\/eldigitaldeasturias","https:\/\/www.youtube.com\/channel\/UCZP-2wLEB9Rv6erhFmqVnvg"],"address":{"@id":"https:\/\/www.eldigitaldeasturias.com\/noticias\/#postaladdress","@type":"PostalAddress","streetAddress":"san antonio 4","postalCode":"33430","addressLocality":"Cand\u00e1s","addressRegion":"Asturias","addressCountry":"ES"}},{"@type":"Person","@id":"https:\/\/www.eldigitaldeasturias.com\/noticias\/author\/admin\/#author","url":"https:\/\/www.eldigitaldeasturias.com\/noticias\/author\/admin\/","name":"El Digital de Asturias","image":{"@type":"ImageObject","@id":"https:\/\/www.eldigitaldeasturias.com\/noticias\/la-oea-quiere-a-cuba-pero-que-quiere-cuba-de-la-oea\/#authorImage","url":"https:\/\/secure.gravatar.com\/avatar\/df2aeffc32bcd13f8d26072ef8a91b623d677766deac7f97ca815868cd41bf5e?s=96&d=mm&r=g","width":96,"height":96,"caption":"El Digital de Asturias"}},{"@type":"WebPage","@id":"https:\/\/www.eldigitaldeasturias.com\/noticias\/la-oea-quiere-a-cuba-pero-que-quiere-cuba-de-la-oea\/#webpage","url":"https:\/\/www.eldigitaldeasturias.com\/noticias\/la-oea-quiere-a-cuba-pero-que-quiere-cuba-de-la-oea\/","name":"La OEA quiere a Cuba pero\u2026 \u00bfqu\u00e9 quiere Cuba de la OEA? - El Digital de Asturias","description":"Washington, 25 ene (dpa) - La visita del secretario general de la OEA, Jos\u00e9 Miguel Insulza, a La Habana para asistir a la cumbre de la CELAC ser\u00e1 hist\u00f3rica. Al fin y al cabo, hace m\u00e1s de medio siglo, desde la revoluci\u00f3n que llev\u00f3 a los hermanos Castro al poder, que ning\u00fan jefe de la","inLanguage":"es-ES","isPartOf":{"@id":"https:\/\/www.eldigitaldeasturias.com\/noticias\/#website"},"breadcrumb":{"@id":"https:\/\/www.eldigitaldeasturias.com\/noticias\/la-oea-quiere-a-cuba-pero-que-quiere-cuba-de-la-oea\/#breadcrumblist"},"author":{"@id":"https:\/\/www.eldigitaldeasturias.com\/noticias\/author\/admin\/#author"},"creator":{"@id":"https:\/\/www.eldigitaldeasturias.com\/noticias\/author\/admin\/#author"},"image":{"@type":"ImageObject","url":464706,"@id":"https:\/\/www.eldigitaldeasturias.com\/noticias\/la-oea-quiere-a-cuba-pero-que-quiere-cuba-de-la-oea\/#mainImage"},"primaryImageOfPage":{"@id":"https:\/\/www.eldigitaldeasturias.com\/noticias\/la-oea-quiere-a-cuba-pero-que-quiere-cuba-de-la-oea\/#mainImage"},"datePublished":"2014-01-25T21:49:04+01:00","dateModified":"2014-01-25T21:49:04+01:00"},{"@type":"WebSite","@id":"https:\/\/www.eldigitaldeasturias.com\/noticias\/#website","url":"https:\/\/www.eldigitaldeasturias.com\/noticias\/","name":"El Digital de Asturias - Diario de actualidad y noticias","alternateName":"El Digital de Asturias - Diario de actualidad y noticias","description":"Hemeroteca","inLanguage":"es-ES","publisher":{"@id":"https:\/\/www.eldigitaldeasturias.com\/noticias\/#organization"}}]},"og:locale":"es_ES","og:site_name":"El Digital de Asturias","og:type":"article","og:title":"La OEA quiere a Cuba pero\u2026 \u00bfqu\u00e9 quiere Cuba de la OEA? - El Digital de Asturias","og:description":"Washington, 25 ene (dpa) - La visita del secretario general de la OEA, Jos\u00e9 Miguel Insulza, a La Habana para asistir a la cumbre de la CELAC ser\u00e1 hist\u00f3rica. Al fin y al cabo, hace m\u00e1s de medio siglo, desde la revoluci\u00f3n que llev\u00f3 a los hermanos Castro al poder, que ning\u00fan jefe de la","og:url":"https:\/\/www.eldigitaldeasturias.com\/noticias\/la-oea-quiere-a-cuba-pero-que-quiere-cuba-de-la-oea\/","article:tag":["actualidad"],"article:published_time":"2014-01-25T22:49:04+00:00","article:modified_time":"2014-01-25T22:49:04+00:00","article:publisher":"https:\/\/facebook.com\/eldigitaldeasturias","twitter:card":"summary_large_image","twitter:title":"La OEA quiere a Cuba pero\u2026 \u00bfqu\u00e9 quiere Cuba de la OEA? - El Digital de Asturias","twitter:description":"Washington, 25 ene (dpa) - La visita del secretario general de la OEA, Jos\u00e9 Miguel Insulza, a La Habana para asistir a la cumbre de la CELAC ser\u00e1 hist\u00f3rica. Al fin y al cabo, hace m\u00e1s de medio siglo, desde la revoluci\u00f3n que llev\u00f3 a los hermanos Castro al poder, que ning\u00fan jefe de la","twitter:label1":"Escrito por","twitter:data1":"El Digital de Asturias","twitter:label2":"Tiempo de lectura estimado","twitter:data2":"4 minutos"},"aioseo_meta_data":{"post_id":"478987","title":null,"description":null,"keywords":null,"keyphrases":null,"primary_term":null,"canonical_url":null,"og_title":null,"og_description":null,"og_object_type":"default","og_image_type":"default","og_image_url":null,"og_image_width":null,"og_image_height":null,"og_image_custom_url":null,"og_image_custom_fields":null,"og_video":null,"og_custom_url":null,"og_article_section":null,"og_article_tags":null,"twitter_use_og":true,"twitter_card":"default","twitter_image_type":"default","twitter_image_url":null,"twitter_image_custom_url":null,"twitter_image_custom_fields":null,"twitter_title":null,"twitter_description":null,"schema":{"blockGraphs":[],"customGraphs":[],"default":{"data":{"Article":[],"Course":[],"Dataset":[],"FAQPage":[],"Movie":[],"Person":[],"Product":[],"ProductReview":[],"Car":[],"Recipe":[],"Service":[],"SoftwareApplication":[],"WebPage":[]},"graphName":"","isEnabled":true},"graphs":[],"defaultGraph":"","defaultPostTypeGraph":""},"schema_type":null,"schema_type_options":null,"pillar_content":false,"robots_default":true,"robots_noindex":false,"robots_noarchive":false,"robots_nosnippet":false,"robots_nofollow":false,"robots_noimageindex":false,"robots_noodp":false,"robots_notranslate":false,"robots_max_snippet":null,"robots_max_videopreview":null,"robots_max_imagepreview":"none","priority":null,"frequency":null,"local_seo":null,"seo_analyzer_scan_date":"2026-06-01 23:09:00","breadcrumb_settings":null,"limit_modified_date":false,"open_ai":null,"ai":null,"created":"2020-11-14 22:53:58","updated":"2026-06-01 23:09:00","focus_keyword":null,"additional_keywords":null,"truseo_locale":null},"aioseo_breadcrumb":"<div class=\"aioseo-breadcrumbs\"><span class=\"aioseo-breadcrumb\">\n\t<a href=\"https:\/\/www.eldigitaldeasturias.com\/noticias\" title=\"Home\">Home<\/a>\n<\/span><span class=\"aioseo-breadcrumb-separator\">\u2013<\/span><span class=\"aioseo-breadcrumb\">\n\t<a href=\"https:\/\/www.eldigitaldeasturias.com\/noticias\/category\/actualidad\/\" title=\"Actualidad\">Actualidad<\/a>\n<\/span><span class=\"aioseo-breadcrumb-separator\">\u2013<\/span><span class=\"aioseo-breadcrumb\">\n\t<a href=\"https:\/\/www.eldigitaldeasturias.com\/noticias\/la-oea-quiere-a-cuba-pero-que-quiere-cuba-de-la-oea\/\" title=\"La OEA quiere a Cuba pero\u2026 \u00bfqu\u00e9 quiere Cuba de la OEA?\">La OEA quiere a Cuba pero\u2026 \u00bfqu\u00e9 quiere Cuba de la OEA?<\/a>\n<\/span><\/div>","aioseo_breadcrumb_json":[{"label":"Home","link":"https:\/\/www.eldigitaldeasturias.com\/noticias"},{"label":"Actualidad","link":"https:\/\/www.eldigitaldeasturias.com\/noticias\/category\/actualidad\/"},{"label":"La OEA quiere a Cuba pero&#8230; \u00bfqu\u00e9 quiere Cuba de la OEA?","link":"https:\/\/www.eldigitaldeasturias.com\/noticias\/la-oea-quiere-a-cuba-pero-que-quiere-cuba-de-la-oea\/"}],"_links":{"self":[{"href":"https:\/\/www.eldigitaldeasturias.com\/noticias\/wp-json\/wp\/v2\/posts\/478987","targetHints":{"allow":["GET"]}}],"collection":[{"href":"https:\/\/www.eldigitaldeasturias.com\/noticias\/wp-json\/wp\/v2\/posts"}],"about":[{"href":"https:\/\/www.eldigitaldeasturias.com\/noticias\/wp-json\/wp\/v2\/types\/post"}],"author":[{"embeddable":true,"href":"https:\/\/www.eldigitaldeasturias.com\/noticias\/wp-json\/wp\/v2\/users\/1"}],"replies":[{"embeddable":true,"href":"https:\/\/www.eldigitaldeasturias.com\/noticias\/wp-json\/wp\/v2\/comments?post=478987"}],"version-history":[{"count":0,"href":"https:\/\/www.eldigitaldeasturias.com\/noticias\/wp-json\/wp\/v2\/posts\/478987\/revisions"}],"wp:attachment":[{"href":"https:\/\/www.eldigitaldeasturias.com\/noticias\/wp-json\/wp\/v2\/media?parent=478987"}],"wp:term":[{"taxonomy":"category","embeddable":true,"href":"https:\/\/www.eldigitaldeasturias.com\/noticias\/wp-json\/wp\/v2\/categories?post=478987"},{"taxonomy":"post_tag","embeddable":true,"href":"https:\/\/www.eldigitaldeasturias.com\/noticias\/wp-json\/wp\/v2\/tags?post=478987"}],"curies":[{"name":"wp","href":"https:\/\/api.w.org\/{rel}","templated":true}]}}