{"id":478985,"date":"2014-01-25T21:45:34","date_gmt":"2014-01-25T22:45:34","guid":{"rendered":"http:\/\/www.eldigitaldeasturias.com\/noticias\/?p=478985"},"modified":"2014-01-25T21:45:34","modified_gmt":"2014-01-25T22:45:34","slug":"cuba-celebra-su-reinsercion-regional-pese-al-embargo-de-eeuu","status":"publish","type":"post","link":"https:\/\/www.eldigitaldeasturias.com\/noticias\/cuba-celebra-su-reinsercion-regional-pese-al-embargo-de-eeuu\/","title":{"rendered":"Cuba celebra su reinserci\u00f3n regional pese al embargo de EEUU"},"content":{"rendered":"<p><img loading=\"lazy\" decoding=\"async\" class=\"alignleft size-medium wp-image-439351\" alt=\"LaHabanar\" src=\"https:\/\/www.eldigitaldeasturias.com\/noticias\/wp-content\/uploads\/2013\/10\/LaHabanar-360x223.jpg\" width=\"360\" height=\"223\" \/>La Habana, 25 ene (dpa) &#8211; La foto de familia de los mandatarios que asistan la pr\u00f3xima semana a la cumbre de la CELAC en La Habana ser\u00e1 previsiblemente un triunfo diplom\u00e1tico para los anfitriones: los l\u00edderes de 33 pa\u00edses americanos reunidos de forma simb\u00f3lica en torno a Cuba. S\u00f3lo Canad\u00e1 y Estados Unidos, el gran rival ideol\u00f3gico del castrismo, estar\u00e1n ausentes.<\/p>\n<p>La imagen demostrar\u00e1 c\u00f3mo ha cambiado la posici\u00f3n regional de Cuba, pese a las numerosas cr\u00edticas que se le hacen a la isla por la situaci\u00f3n de los derechos humanos y de la oposici\u00f3n interna.<\/p>\n<p>La cumbre mostrar\u00e1 tambi\u00e9n que las sanciones de Washington frente a Cuba han fracasado. Pese a m\u00e1s de 50 a\u00f1os de embargo econ\u00f3mico, el castrismo ha conseguido reinsentarse con \u00e9xito en la regi\u00f3n. En la d\u00e9cada de los 60 todos los pa\u00edses latinoamericanos, excepto M\u00e9xico, hab\u00edan roto v\u00ednculos con la isla.<\/p>\n<p>Para la II Cumbre de la Comunidad de Estados Latinoamericanos y Caribe\u00f1os (CELAC) los pr\u00f3ximos martes y mi\u00e9rcoles La Habana espera a numerosos jefes de Estado y de gobierno, entre ellos la brasile\u00f1a Dilma Rousseff, el mexicano Enrique Pe\u00f1a Nieto y el venezolano Nicol\u00e1s Maduro.<\/p>\n<p>Tambi\u00e9n llegar\u00e1n altos representantes de organismos internacionales como el secretario general de la ONU, Ban Ki-moon, y el de la Organizaci\u00f3n de Estados Americanos (OEA), Jos\u00e9 Miguel Insulza. La visita de Insulza tiene adem\u00e1s un componente hist\u00f3rico: ser\u00e1 la primera visita de un jefe de la OEA a Cuba tras el triunfo de la revoluci\u00f3n de Fidel Castro en 1959.<\/p>\n<p>La organizaci\u00f3n con sede en Washington suspendi\u00f3 a instancias de Estados Unidos en 1962 a la isla por su giro hacia el socialismo sovi\u00e9tico, y es vista hasta hoy por gobiernos de izquierda de la regi\u00f3n como \u00abinstrumento de dominaci\u00f3n\u00bb del poderoso vecino del norte.<\/p>\n<p>La OEA \u00abtiene una carga hist\u00f3rica negativa como instrumento de dominaci\u00f3n de los Estados Unidos que no puede resolverse mediante ninguna reforma\u00bb, dijo el canciller cubano, Bruno Rodr\u00edguez, el viernes para reiterar que La Habana no piensa volver al bloque hemisf\u00e9rico.<\/p>\n<p>\u00abLa CELAC ha seguido la pr\u00e1ctica de cortes\u00eda diplom\u00e1tica de invitar al secretario general (Insulza) a la segunda cumbre de La Habana, tal como ocurri\u00f3 en las cumbres anteriores\u00bb, explic\u00f3 Rodr\u00edguez la asistencia de Insulza.<\/p>\n<p>La cumbre refleja la reinserci\u00f3n de Cuba en el continente. El castrismo mantiene buenas relaciones con todos los pa\u00edses de la regi\u00f3n, incluso con gobiernos de derecha como los de Colombia o Chile.<\/p>\n<p>Tambi\u00e9n el proceso de paz colombiano con la guerrilla de las FARC es visto como un \u00e9xito diplom\u00e1tico para Cuba como sede permanente de las negociaciones. A nivel internacional, la cumbre de la CELAC es el primer gran evento de ese calibre en La Habana desde la cumbre del Movimiento de los No Alineados en 2006.<\/p>\n<p>Centrado en temas como la lucha contra la pobreza y el hambre, es poco probable que el encuentro de la CELAC cierre con acuerdos concretos importantes, dadas las distintas posiciones pol\u00edticas e intereses de una regi\u00f3n de m\u00e1s de 20.000 millones de kil\u00f3metros cuadrados.<\/p>\n<p>Las cr\u00edticas al bloque por la cumbre de La Habana, por otro lado, han empezado a o\u00edrse con m\u00e1s fuerza a pocos d\u00edas del evento.<\/p>\n<p>La llegada de numerosos presidentes a la isla ser\u00e1 \u00abun d\u00eda muy triste en la historia de la democracia latinoamericana\u00bb, se\u00f1alaba recientemente un editorial del diario \u00abEl Nuevo Herald\u00bb de Miami, donde vive la principal comunidad del exilio anticastrista cubano.<\/p>\n<p>Se estima que ninguno de los l\u00edderes extranjeros considera reunirse en La Habana con representantes de la proscrita disidencia cubana, para no molestar a los anfitriones. Algunos opositores han se\u00f1alado que intentar\u00e1 ver a las delegaciones extranjeras.<\/p>\n<p>La ilegal pero tolerada Comisi\u00f3n Cubana de Derechos Humanos y Reconciliaci\u00f3n Nacional (CCDHRN), liderada por el disidente Elizardo S\u00e1nchez, inform\u00f3 que envi\u00f3 una carta entre otras a las embajadas de M\u00e9xico, Colombia y Chile, pidiendo una reuni\u00f3n para \u00absubrayar la necesidad de reforzar la cooperaci\u00f3n en materia de derechos humanos\u00bb.<\/p>\n<p>Otros opositores, en tanto, empezaron a reportar detenciones de activistas, como ha ocurrido en otras ocasiones, por ejemplo durante la visita del papa Benedicto XVI en 2012.<\/p>\n<p>La proscrita Uni\u00f3n Patri\u00f3tica de Cuba sostuvo que su l\u00edder, el ex prisionero de conciencia Jos\u00e9 Daniel Ferrer, fue arrestado el viernes despu\u00e9s de reunirse con diplom\u00e1ticos extranjeros en La Habana.<\/p>\n<p>Por Isaac Risco<\/p>\n<p>&nbsp;<\/p>\n","protected":false},"excerpt":{"rendered":"<p>La Habana, 25 ene (dpa) &#8211; La foto de familia de los mandatarios que asistan la pr\u00f3xima semana a la cumbre de la CELAC en La Habana ser\u00e1 previsiblemente un triunfo diplom\u00e1tico para los anfitriones: los l\u00edderes de 33 pa\u00edses americanos reunidos de forma simb\u00f3lica en torno a Cuba. S\u00f3lo Canad\u00e1 y Estados Unidos, el [&hellip;]<\/p>\n","protected":false},"author":1,"featured_media":439351,"comment_status":"closed","ping_status":"open","sticky":false,"template":"","format":"standard","meta":{"footnotes":""},"categories":[1],"tags":[],"class_list":["post-478985","post","type-post","status-publish","format-standard","has-post-thumbnail","hentry","category-actualidad"],"aioseo_notices":[],"aioseo_head":"\n\t\t<!-- All in One SEO Pro 5.0.1 - aioseo.com -->\n\t<meta name=\"description\" content=\"La Habana, 25 ene (dpa) - La foto de familia de los mandatarios que asistan la pr\u00f3xima semana a la cumbre de la CELAC en La Habana ser\u00e1 previsiblemente un triunfo diplom\u00e1tico para los anfitriones: los l\u00edderes de 33 pa\u00edses americanos reunidos de forma simb\u00f3lica en torno a Cuba. S\u00f3lo Canad\u00e1 y Estados Unidos, el\" \/>\n\t<meta name=\"robots\" content=\"max-image-preview:large\" \/>\n\t<meta name=\"author\" content=\"El Digital de Asturias\"\/>\n\t<meta name=\"google-site-verification\" content=\"UA-38556648-1\" \/>\n\t<meta name=\"msvalidate.01\" content=\"7dfe9f3f1b24437ab69f4f2559babe99\" \/>\n\t<meta name=\"keywords\" content=\"actualidad\" \/>\n\t<link rel=\"canonical\" href=\"https:\/\/www.eldigitaldeasturias.com\/noticias\/cuba-celebra-su-reinsercion-regional-pese-al-embargo-de-eeuu\/\" \/>\n\t<meta name=\"generator\" content=\"All in One SEO Pro (AIOSEO) 5.0.1\" \/>\n\t\t<meta property=\"og:locale\" content=\"es_ES\" \/>\n\t\t<meta property=\"og:site_name\" content=\"El Digital de Asturias\" \/>\n\t\t<meta property=\"og:type\" content=\"article\" \/>\n\t\t<meta property=\"og:title\" content=\"Cuba celebra su reinserci\u00f3n regional pese al embargo de EEUU - El Digital de Asturias\" \/>\n\t\t<meta property=\"og:description\" content=\"La Habana, 25 ene (dpa) - La foto de familia de los mandatarios que asistan la pr\u00f3xima semana a la cumbre de la CELAC en La Habana ser\u00e1 previsiblemente un triunfo diplom\u00e1tico para los anfitriones: los l\u00edderes de 33 pa\u00edses americanos reunidos de forma simb\u00f3lica en torno a Cuba. S\u00f3lo Canad\u00e1 y Estados Unidos, el\" \/>\n\t\t<meta property=\"og:url\" content=\"https:\/\/www.eldigitaldeasturias.com\/noticias\/cuba-celebra-su-reinsercion-regional-pese-al-embargo-de-eeuu\/\" \/>\n\t\t<meta property=\"article:tag\" content=\"actualidad\" \/>\n\t\t<meta property=\"article:published_time\" content=\"2014-01-25T22:45:34+00:00\" \/>\n\t\t<meta property=\"article:modified_time\" content=\"2014-01-25T22:45:34+00:00\" \/>\n\t\t<meta property=\"article:publisher\" content=\"https:\/\/facebook.com\/eldigitaldeasturias\" \/>\n\t\t<meta name=\"twitter:card\" content=\"summary_large_image\" \/>\n\t\t<meta name=\"twitter:title\" content=\"Cuba celebra su reinserci\u00f3n regional pese al embargo de EEUU - El Digital de Asturias\" \/>\n\t\t<meta name=\"twitter:description\" content=\"La Habana, 25 ene (dpa) - La foto de familia de los mandatarios que asistan la pr\u00f3xima semana a la cumbre de la CELAC en La Habana ser\u00e1 previsiblemente un triunfo diplom\u00e1tico para los anfitriones: los l\u00edderes de 33 pa\u00edses americanos reunidos de forma simb\u00f3lica en torno a Cuba. S\u00f3lo Canad\u00e1 y Estados Unidos, el\" \/>\n\t\t<meta name=\"twitter:label1\" content=\"Escrito por\" \/>\n\t\t<meta name=\"twitter:data1\" content=\"El Digital de Asturias\" \/>\n\t\t<meta name=\"twitter:label2\" content=\"Tiempo de lectura estimado\" \/>\n\t\t<meta name=\"twitter:data2\" content=\"4 minutos\" \/>\n\t\t<script type=\"application\/ld+json\" class=\"aioseo-schema\">\n\t\t\t{\"@context\":\"https:\\\/\\\/schema.org\",\"@graph\":[{\"@type\":\"BlogPosting\",\"@id\":\"https:\\\/\\\/www.eldigitaldeasturias.com\\\/noticias\\\/cuba-celebra-su-reinsercion-regional-pese-al-embargo-de-eeuu\\\/#blogposting\",\"name\":\"Cuba celebra su reinserci\\u00f3n regional pese al embargo de EEUU - El Digital de Asturias\",\"headline\":\"Cuba celebra su reinserci\\u00f3n regional pese al embargo de EEUU\",\"author\":{\"@id\":\"https:\\\/\\\/www.eldigitaldeasturias.com\\\/noticias\\\/author\\\/admin\\\/#author\"},\"publisher\":{\"@id\":\"https:\\\/\\\/www.eldigitaldeasturias.com\\\/noticias\\\/#organization\"},\"image\":{\"@type\":\"ImageObject\",\"url\":439351},\"datePublished\":\"2014-01-25T21:45:34+01:00\",\"dateModified\":\"2014-01-25T21:45:34+01:00\",\"inLanguage\":\"es-ES\",\"mainEntityOfPage\":{\"@id\":\"https:\\\/\\\/www.eldigitaldeasturias.com\\\/noticias\\\/cuba-celebra-su-reinsercion-regional-pese-al-embargo-de-eeuu\\\/#webpage\"},\"isPartOf\":{\"@id\":\"https:\\\/\\\/www.eldigitaldeasturias.com\\\/noticias\\\/cuba-celebra-su-reinsercion-regional-pese-al-embargo-de-eeuu\\\/#webpage\"},\"articleSection\":\"Actualidad\"},{\"@type\":\"BreadcrumbList\",\"@id\":\"https:\\\/\\\/www.eldigitaldeasturias.com\\\/noticias\\\/cuba-celebra-su-reinsercion-regional-pese-al-embargo-de-eeuu\\\/#breadcrumblist\",\"itemListElement\":[{\"@type\":\"ListItem\",\"@id\":\"https:\\\/\\\/www.eldigitaldeasturias.com\\\/noticias#listItem\",\"position\":1,\"name\":\"Home\",\"item\":\"https:\\\/\\\/www.eldigitaldeasturias.com\\\/noticias\",\"nextItem\":{\"@type\":\"ListItem\",\"@id\":\"https:\\\/\\\/www.eldigitaldeasturias.com\\\/noticias\\\/category\\\/actualidad\\\/#listItem\",\"name\":\"Actualidad\"}},{\"@type\":\"ListItem\",\"@id\":\"https:\\\/\\\/www.eldigitaldeasturias.com\\\/noticias\\\/category\\\/actualidad\\\/#listItem\",\"position\":2,\"name\":\"Actualidad\",\"item\":\"https:\\\/\\\/www.eldigitaldeasturias.com\\\/noticias\\\/category\\\/actualidad\\\/\",\"nextItem\":{\"@type\":\"ListItem\",\"@id\":\"https:\\\/\\\/www.eldigitaldeasturias.com\\\/noticias\\\/cuba-celebra-su-reinsercion-regional-pese-al-embargo-de-eeuu\\\/#listItem\",\"name\":\"Cuba celebra su reinserci\\u00f3n regional pese al embargo de EEUU\"},\"previousItem\":{\"@type\":\"ListItem\",\"@id\":\"https:\\\/\\\/www.eldigitaldeasturias.com\\\/noticias#listItem\",\"name\":\"Home\"}},{\"@type\":\"ListItem\",\"@id\":\"https:\\\/\\\/www.eldigitaldeasturias.com\\\/noticias\\\/cuba-celebra-su-reinsercion-regional-pese-al-embargo-de-eeuu\\\/#listItem\",\"position\":3,\"name\":\"Cuba celebra su reinserci\\u00f3n regional pese al embargo de EEUU\",\"previousItem\":{\"@type\":\"ListItem\",\"@id\":\"https:\\\/\\\/www.eldigitaldeasturias.com\\\/noticias\\\/category\\\/actualidad\\\/#listItem\",\"name\":\"Actualidad\"}}]},{\"@type\":\"Organization\",\"@id\":\"https:\\\/\\\/www.eldigitaldeasturias.com\\\/noticias\\\/#organization\",\"name\":\"El Digital de Asturias\",\"description\":\"Hemeroteca\",\"url\":\"https:\\\/\\\/www.eldigitaldeasturias.com\\\/noticias\\\/\",\"email\":\"info@eldigitaldeasturias.com\",\"telephone\":\"+34652131393\",\"logo\":{\"@type\":\"ImageObject\",\"url\":\"https:\\\/\\\/www.eldigitaldeasturias.com\\\/noticias\\\/wp-content\\\/uploads\\\/2020\\\/12\\\/EDA.jpg\",\"@id\":\"https:\\\/\\\/www.eldigitaldeasturias.com\\\/noticias\\\/cuba-celebra-su-reinsercion-regional-pese-al-embargo-de-eeuu\\\/#organizationLogo\"},\"image\":{\"@id\":\"https:\\\/\\\/www.eldigitaldeasturias.com\\\/noticias\\\/cuba-celebra-su-reinsercion-regional-pese-al-embargo-de-eeuu\\\/#organizationLogo\"},\"sameAs\":[\"https:\\\/\\\/facebook.com\\\/eldigitaldeasturias\",\"https:\\\/\\\/www.youtube.com\\\/channel\\\/UCZP-2wLEB9Rv6erhFmqVnvg\"],\"address\":{\"@id\":\"https:\\\/\\\/www.eldigitaldeasturias.com\\\/noticias\\\/#postaladdress\",\"@type\":\"PostalAddress\",\"streetAddress\":\"san antonio 4\",\"postalCode\":\"33430\",\"addressLocality\":\"Cand\\u00e1s\",\"addressRegion\":\"Asturias\",\"addressCountry\":\"ES\"}},{\"@type\":\"Person\",\"@id\":\"https:\\\/\\\/www.eldigitaldeasturias.com\\\/noticias\\\/author\\\/admin\\\/#author\",\"url\":\"https:\\\/\\\/www.eldigitaldeasturias.com\\\/noticias\\\/author\\\/admin\\\/\",\"name\":\"El Digital de Asturias\",\"image\":{\"@type\":\"ImageObject\",\"@id\":\"https:\\\/\\\/www.eldigitaldeasturias.com\\\/noticias\\\/cuba-celebra-su-reinsercion-regional-pese-al-embargo-de-eeuu\\\/#authorImage\",\"url\":\"https:\\\/\\\/secure.gravatar.com\\\/avatar\\\/df2aeffc32bcd13f8d26072ef8a91b623d677766deac7f97ca815868cd41bf5e?s=96&d=mm&r=g\",\"width\":96,\"height\":96,\"caption\":\"El Digital de Asturias\"}},{\"@type\":\"WebPage\",\"@id\":\"https:\\\/\\\/www.eldigitaldeasturias.com\\\/noticias\\\/cuba-celebra-su-reinsercion-regional-pese-al-embargo-de-eeuu\\\/#webpage\",\"url\":\"https:\\\/\\\/www.eldigitaldeasturias.com\\\/noticias\\\/cuba-celebra-su-reinsercion-regional-pese-al-embargo-de-eeuu\\\/\",\"name\":\"Cuba celebra su reinserci\\u00f3n regional pese al embargo de EEUU - El Digital de Asturias\",\"description\":\"La Habana, 25 ene (dpa) - La foto de familia de los mandatarios que asistan la pr\\u00f3xima semana a la cumbre de la CELAC en La Habana ser\\u00e1 previsiblemente un triunfo diplom\\u00e1tico para los anfitriones: los l\\u00edderes de 33 pa\\u00edses americanos reunidos de forma simb\\u00f3lica en torno a Cuba. S\\u00f3lo Canad\\u00e1 y Estados Unidos, el\",\"inLanguage\":\"es-ES\",\"isPartOf\":{\"@id\":\"https:\\\/\\\/www.eldigitaldeasturias.com\\\/noticias\\\/#website\"},\"breadcrumb\":{\"@id\":\"https:\\\/\\\/www.eldigitaldeasturias.com\\\/noticias\\\/cuba-celebra-su-reinsercion-regional-pese-al-embargo-de-eeuu\\\/#breadcrumblist\"},\"author\":{\"@id\":\"https:\\\/\\\/www.eldigitaldeasturias.com\\\/noticias\\\/author\\\/admin\\\/#author\"},\"creator\":{\"@id\":\"https:\\\/\\\/www.eldigitaldeasturias.com\\\/noticias\\\/author\\\/admin\\\/#author\"},\"image\":{\"@type\":\"ImageObject\",\"url\":439351,\"@id\":\"https:\\\/\\\/www.eldigitaldeasturias.com\\\/noticias\\\/cuba-celebra-su-reinsercion-regional-pese-al-embargo-de-eeuu\\\/#mainImage\"},\"primaryImageOfPage\":{\"@id\":\"https:\\\/\\\/www.eldigitaldeasturias.com\\\/noticias\\\/cuba-celebra-su-reinsercion-regional-pese-al-embargo-de-eeuu\\\/#mainImage\"},\"datePublished\":\"2014-01-25T21:45:34+01:00\",\"dateModified\":\"2014-01-25T21:45:34+01:00\"},{\"@type\":\"WebSite\",\"@id\":\"https:\\\/\\\/www.eldigitaldeasturias.com\\\/noticias\\\/#website\",\"url\":\"https:\\\/\\\/www.eldigitaldeasturias.com\\\/noticias\\\/\",\"name\":\"El Digital de Asturias - Diario de actualidad y noticias\",\"alternateName\":\"El Digital de Asturias - Diario de actualidad y noticias\",\"description\":\"Hemeroteca\",\"inLanguage\":\"es-ES\",\"publisher\":{\"@id\":\"https:\\\/\\\/www.eldigitaldeasturias.com\\\/noticias\\\/#organization\"}}]}\n\t\t<\/script>\n\t\t<!-- All in One SEO Pro -->\r\n\t\t<title>Cuba celebra su reinserci\u00f3n regional pese al embargo de EEUU - El Digital de Asturias<\/title>\n\n","aioseo_head_json":{"title":"Cuba celebra su reinserci\u00f3n regional pese al embargo de EEUU - El Digital de Asturias","description":"La Habana, 25 ene (dpa) - La foto de familia de los mandatarios que asistan la pr\u00f3xima semana a la cumbre de la CELAC en La Habana ser\u00e1 previsiblemente un triunfo diplom\u00e1tico para los anfitriones: los l\u00edderes de 33 pa\u00edses americanos reunidos de forma simb\u00f3lica en torno a Cuba. S\u00f3lo Canad\u00e1 y Estados Unidos, el","canonical_url":"https:\/\/www.eldigitaldeasturias.com\/noticias\/cuba-celebra-su-reinsercion-regional-pese-al-embargo-de-eeuu\/","robots":"max-image-preview:large","keywords":"actualidad","webmasterTools":{"google-site-verification":"UA-38556648-1","msvalidate.01":"7dfe9f3f1b24437ab69f4f2559babe99","miscellaneous":""},"schema":{"@context":"https:\/\/schema.org","@graph":[{"@type":"BlogPosting","@id":"https:\/\/www.eldigitaldeasturias.com\/noticias\/cuba-celebra-su-reinsercion-regional-pese-al-embargo-de-eeuu\/#blogposting","name":"Cuba celebra su reinserci\u00f3n regional pese al embargo de EEUU - El Digital de Asturias","headline":"Cuba celebra su reinserci\u00f3n regional pese al embargo de EEUU","author":{"@id":"https:\/\/www.eldigitaldeasturias.com\/noticias\/author\/admin\/#author"},"publisher":{"@id":"https:\/\/www.eldigitaldeasturias.com\/noticias\/#organization"},"image":{"@type":"ImageObject","url":439351},"datePublished":"2014-01-25T21:45:34+01:00","dateModified":"2014-01-25T21:45:34+01:00","inLanguage":"es-ES","mainEntityOfPage":{"@id":"https:\/\/www.eldigitaldeasturias.com\/noticias\/cuba-celebra-su-reinsercion-regional-pese-al-embargo-de-eeuu\/#webpage"},"isPartOf":{"@id":"https:\/\/www.eldigitaldeasturias.com\/noticias\/cuba-celebra-su-reinsercion-regional-pese-al-embargo-de-eeuu\/#webpage"},"articleSection":"Actualidad"},{"@type":"BreadcrumbList","@id":"https:\/\/www.eldigitaldeasturias.com\/noticias\/cuba-celebra-su-reinsercion-regional-pese-al-embargo-de-eeuu\/#breadcrumblist","itemListElement":[{"@type":"ListItem","@id":"https:\/\/www.eldigitaldeasturias.com\/noticias#listItem","position":1,"name":"Home","item":"https:\/\/www.eldigitaldeasturias.com\/noticias","nextItem":{"@type":"ListItem","@id":"https:\/\/www.eldigitaldeasturias.com\/noticias\/category\/actualidad\/#listItem","name":"Actualidad"}},{"@type":"ListItem","@id":"https:\/\/www.eldigitaldeasturias.com\/noticias\/category\/actualidad\/#listItem","position":2,"name":"Actualidad","item":"https:\/\/www.eldigitaldeasturias.com\/noticias\/category\/actualidad\/","nextItem":{"@type":"ListItem","@id":"https:\/\/www.eldigitaldeasturias.com\/noticias\/cuba-celebra-su-reinsercion-regional-pese-al-embargo-de-eeuu\/#listItem","name":"Cuba celebra su reinserci\u00f3n regional pese al embargo de EEUU"},"previousItem":{"@type":"ListItem","@id":"https:\/\/www.eldigitaldeasturias.com\/noticias#listItem","name":"Home"}},{"@type":"ListItem","@id":"https:\/\/www.eldigitaldeasturias.com\/noticias\/cuba-celebra-su-reinsercion-regional-pese-al-embargo-de-eeuu\/#listItem","position":3,"name":"Cuba celebra su reinserci\u00f3n regional pese al embargo de EEUU","previousItem":{"@type":"ListItem","@id":"https:\/\/www.eldigitaldeasturias.com\/noticias\/category\/actualidad\/#listItem","name":"Actualidad"}}]},{"@type":"Organization","@id":"https:\/\/www.eldigitaldeasturias.com\/noticias\/#organization","name":"El Digital de Asturias","description":"Hemeroteca","url":"https:\/\/www.eldigitaldeasturias.com\/noticias\/","email":"info@eldigitaldeasturias.com","telephone":"+34652131393","logo":{"@type":"ImageObject","url":"https:\/\/www.eldigitaldeasturias.com\/noticias\/wp-content\/uploads\/2020\/12\/EDA.jpg","@id":"https:\/\/www.eldigitaldeasturias.com\/noticias\/cuba-celebra-su-reinsercion-regional-pese-al-embargo-de-eeuu\/#organizationLogo"},"image":{"@id":"https:\/\/www.eldigitaldeasturias.com\/noticias\/cuba-celebra-su-reinsercion-regional-pese-al-embargo-de-eeuu\/#organizationLogo"},"sameAs":["https:\/\/facebook.com\/eldigitaldeasturias","https:\/\/www.youtube.com\/channel\/UCZP-2wLEB9Rv6erhFmqVnvg"],"address":{"@id":"https:\/\/www.eldigitaldeasturias.com\/noticias\/#postaladdress","@type":"PostalAddress","streetAddress":"san antonio 4","postalCode":"33430","addressLocality":"Cand\u00e1s","addressRegion":"Asturias","addressCountry":"ES"}},{"@type":"Person","@id":"https:\/\/www.eldigitaldeasturias.com\/noticias\/author\/admin\/#author","url":"https:\/\/www.eldigitaldeasturias.com\/noticias\/author\/admin\/","name":"El Digital de Asturias","image":{"@type":"ImageObject","@id":"https:\/\/www.eldigitaldeasturias.com\/noticias\/cuba-celebra-su-reinsercion-regional-pese-al-embargo-de-eeuu\/#authorImage","url":"https:\/\/secure.gravatar.com\/avatar\/df2aeffc32bcd13f8d26072ef8a91b623d677766deac7f97ca815868cd41bf5e?s=96&d=mm&r=g","width":96,"height":96,"caption":"El Digital de Asturias"}},{"@type":"WebPage","@id":"https:\/\/www.eldigitaldeasturias.com\/noticias\/cuba-celebra-su-reinsercion-regional-pese-al-embargo-de-eeuu\/#webpage","url":"https:\/\/www.eldigitaldeasturias.com\/noticias\/cuba-celebra-su-reinsercion-regional-pese-al-embargo-de-eeuu\/","name":"Cuba celebra su reinserci\u00f3n regional pese al embargo de EEUU - El Digital de Asturias","description":"La Habana, 25 ene (dpa) - La foto de familia de los mandatarios que asistan la pr\u00f3xima semana a la cumbre de la CELAC en La Habana ser\u00e1 previsiblemente un triunfo diplom\u00e1tico para los anfitriones: los l\u00edderes de 33 pa\u00edses americanos reunidos de forma simb\u00f3lica en torno a Cuba. S\u00f3lo Canad\u00e1 y Estados Unidos, el","inLanguage":"es-ES","isPartOf":{"@id":"https:\/\/www.eldigitaldeasturias.com\/noticias\/#website"},"breadcrumb":{"@id":"https:\/\/www.eldigitaldeasturias.com\/noticias\/cuba-celebra-su-reinsercion-regional-pese-al-embargo-de-eeuu\/#breadcrumblist"},"author":{"@id":"https:\/\/www.eldigitaldeasturias.com\/noticias\/author\/admin\/#author"},"creator":{"@id":"https:\/\/www.eldigitaldeasturias.com\/noticias\/author\/admin\/#author"},"image":{"@type":"ImageObject","url":439351,"@id":"https:\/\/www.eldigitaldeasturias.com\/noticias\/cuba-celebra-su-reinsercion-regional-pese-al-embargo-de-eeuu\/#mainImage"},"primaryImageOfPage":{"@id":"https:\/\/www.eldigitaldeasturias.com\/noticias\/cuba-celebra-su-reinsercion-regional-pese-al-embargo-de-eeuu\/#mainImage"},"datePublished":"2014-01-25T21:45:34+01:00","dateModified":"2014-01-25T21:45:34+01:00"},{"@type":"WebSite","@id":"https:\/\/www.eldigitaldeasturias.com\/noticias\/#website","url":"https:\/\/www.eldigitaldeasturias.com\/noticias\/","name":"El Digital de Asturias - Diario de actualidad y noticias","alternateName":"El Digital de Asturias - Diario de actualidad y noticias","description":"Hemeroteca","inLanguage":"es-ES","publisher":{"@id":"https:\/\/www.eldigitaldeasturias.com\/noticias\/#organization"}}]},"og:locale":"es_ES","og:site_name":"El Digital de Asturias","og:type":"article","og:title":"Cuba celebra su reinserci\u00f3n regional pese al embargo de EEUU - El Digital de Asturias","og:description":"La Habana, 25 ene (dpa) - La foto de familia de los mandatarios que asistan la pr\u00f3xima semana a la cumbre de la CELAC en La Habana ser\u00e1 previsiblemente un triunfo diplom\u00e1tico para los anfitriones: los l\u00edderes de 33 pa\u00edses americanos reunidos de forma simb\u00f3lica en torno a Cuba. S\u00f3lo Canad\u00e1 y Estados Unidos, el","og:url":"https:\/\/www.eldigitaldeasturias.com\/noticias\/cuba-celebra-su-reinsercion-regional-pese-al-embargo-de-eeuu\/","article:tag":["actualidad"],"article:published_time":"2014-01-25T22:45:34+00:00","article:modified_time":"2014-01-25T22:45:34+00:00","article:publisher":"https:\/\/facebook.com\/eldigitaldeasturias","twitter:card":"summary_large_image","twitter:title":"Cuba celebra su reinserci\u00f3n regional pese al embargo de EEUU - El Digital de Asturias","twitter:description":"La Habana, 25 ene (dpa) - La foto de familia de los mandatarios que asistan la pr\u00f3xima semana a la cumbre de la CELAC en La Habana ser\u00e1 previsiblemente un triunfo diplom\u00e1tico para los anfitriones: los l\u00edderes de 33 pa\u00edses americanos reunidos de forma simb\u00f3lica en torno a Cuba. S\u00f3lo Canad\u00e1 y Estados Unidos, el","twitter:label1":"Escrito por","twitter:data1":"El Digital de Asturias","twitter:label2":"Tiempo de lectura estimado","twitter:data2":"4 minutos"},"aioseo_meta_data":{"post_id":"478985","title":null,"description":null,"keywords":null,"keyphrases":null,"primary_term":null,"canonical_url":null,"og_title":null,"og_description":null,"og_object_type":"default","og_image_type":"default","og_image_url":null,"og_image_width":null,"og_image_height":null,"og_image_custom_url":null,"og_image_custom_fields":null,"og_video":null,"og_custom_url":null,"og_article_section":null,"og_article_tags":null,"twitter_use_og":true,"twitter_card":"default","twitter_image_type":"default","twitter_image_url":null,"twitter_image_custom_url":null,"twitter_image_custom_fields":null,"twitter_title":null,"twitter_description":null,"schema":{"blockGraphs":[],"customGraphs":[],"default":{"data":{"Article":[],"Course":[],"Dataset":[],"FAQPage":[],"Movie":[],"Person":[],"Product":[],"ProductReview":[],"Car":[],"Recipe":[],"Service":[],"SoftwareApplication":[],"WebPage":[]},"graphName":"","isEnabled":true},"graphs":[],"defaultGraph":"","defaultPostTypeGraph":""},"schema_type":null,"schema_type_options":null,"pillar_content":false,"robots_default":true,"robots_noindex":false,"robots_noarchive":false,"robots_nosnippet":false,"robots_nofollow":false,"robots_noimageindex":false,"robots_noodp":false,"robots_notranslate":false,"robots_max_snippet":null,"robots_max_videopreview":null,"robots_max_imagepreview":"none","priority":null,"frequency":null,"local_seo":null,"seo_analyzer_scan_date":"2026-06-01 23:06:51","breadcrumb_settings":null,"limit_modified_date":false,"open_ai":null,"ai":null,"created":"2020-11-14 22:53:58","updated":"2026-06-01 23:06:51","focus_keyword":null,"additional_keywords":null,"truseo_locale":null},"aioseo_breadcrumb":"<div class=\"aioseo-breadcrumbs\"><span class=\"aioseo-breadcrumb\">\n\t<a href=\"https:\/\/www.eldigitaldeasturias.com\/noticias\" title=\"Home\">Home<\/a>\n<\/span><span class=\"aioseo-breadcrumb-separator\">\u2013<\/span><span class=\"aioseo-breadcrumb\">\n\t<a href=\"https:\/\/www.eldigitaldeasturias.com\/noticias\/category\/actualidad\/\" title=\"Actualidad\">Actualidad<\/a>\n<\/span><span class=\"aioseo-breadcrumb-separator\">\u2013<\/span><span class=\"aioseo-breadcrumb\">\n\t<a href=\"https:\/\/www.eldigitaldeasturias.com\/noticias\/cuba-celebra-su-reinsercion-regional-pese-al-embargo-de-eeuu\/\" title=\"Cuba celebra su reinserci\u00f3n regional pese al embargo de EEUU\">Cuba celebra su reinserci\u00f3n regional pese al embargo de EEUU<\/a>\n<\/span><\/div>","aioseo_breadcrumb_json":[{"label":"Home","link":"https:\/\/www.eldigitaldeasturias.com\/noticias"},{"label":"Actualidad","link":"https:\/\/www.eldigitaldeasturias.com\/noticias\/category\/actualidad\/"},{"label":"Cuba celebra su reinserci\u00f3n regional pese al embargo de EEUU","link":"https:\/\/www.eldigitaldeasturias.com\/noticias\/cuba-celebra-su-reinsercion-regional-pese-al-embargo-de-eeuu\/"}],"_links":{"self":[{"href":"https:\/\/www.eldigitaldeasturias.com\/noticias\/wp-json\/wp\/v2\/posts\/478985","targetHints":{"allow":["GET"]}}],"collection":[{"href":"https:\/\/www.eldigitaldeasturias.com\/noticias\/wp-json\/wp\/v2\/posts"}],"about":[{"href":"https:\/\/www.eldigitaldeasturias.com\/noticias\/wp-json\/wp\/v2\/types\/post"}],"author":[{"embeddable":true,"href":"https:\/\/www.eldigitaldeasturias.com\/noticias\/wp-json\/wp\/v2\/users\/1"}],"replies":[{"embeddable":true,"href":"https:\/\/www.eldigitaldeasturias.com\/noticias\/wp-json\/wp\/v2\/comments?post=478985"}],"version-history":[{"count":0,"href":"https:\/\/www.eldigitaldeasturias.com\/noticias\/wp-json\/wp\/v2\/posts\/478985\/revisions"}],"wp:attachment":[{"href":"https:\/\/www.eldigitaldeasturias.com\/noticias\/wp-json\/wp\/v2\/media?parent=478985"}],"wp:term":[{"taxonomy":"category","embeddable":true,"href":"https:\/\/www.eldigitaldeasturias.com\/noticias\/wp-json\/wp\/v2\/categories?post=478985"},{"taxonomy":"post_tag","embeddable":true,"href":"https:\/\/www.eldigitaldeasturias.com\/noticias\/wp-json\/wp\/v2\/tags?post=478985"}],"curies":[{"name":"wp","href":"https:\/\/api.w.org\/{rel}","templated":true}]}}