{"id":478977,"date":"2014-01-25T21:33:49","date_gmt":"2014-01-25T22:33:49","guid":{"rendered":"http:\/\/www.eldigitaldeasturias.com\/noticias\/?p=478977"},"modified":"2014-01-25T21:33:49","modified_gmt":"2014-01-25T22:33:49","slug":"falcao-operado-con-exito-en-oporto-de-la-rodilla-izquierda","status":"publish","type":"post","link":"https:\/\/www.eldigitaldeasturias.com\/noticias\/falcao-operado-con-exito-en-oporto-de-la-rodilla-izquierda\/","title":{"rendered":"Falcao, operado con \u00ab\u00e9xito\u00bb en Oporto de la rodilla izquierda"},"content":{"rendered":"<p><img loading=\"lazy\" decoding=\"async\" class=\"alignleft size-medium wp-image-478978\" alt=\"5876420w\" src=\"https:\/\/www.eldigitaldeasturias.com\/noticias\/wp-content\/uploads\/2014\/01\/5876420w-360x238.jpg\" width=\"360\" height=\"238\" \/>Lisboa, 25 ene (EFE).- El delantero colombiano del M\u00f3naco Radamel Falcao fue hoy operado con \u00ab\u00e9xito\u00bb en Oporto (Portugal) de una lesi\u00f3n en el ligamento anterior cruzado de la pierna izquierda, inform\u00f3 su cirujano, el portugu\u00e9s Jos\u00e9 Carlos Noronha.<\/p>\n<p>La operaci\u00f3n \u00abfue bien\u00bb, seg\u00fan dijo el m\u00e9dico, que expres\u00f3 una limitada esperanza sobre una recuperaci\u00f3n de la estrella de la selecci\u00f3n colombiana a tiempo para el Mundial de Brasil<\/p>\n<p>\u00abMantengo la fe en que est\u00e9 en el Mundial, a pesar de ser una fe con letra min\u00fascula&#8230; Vamos a ir viendo porque va a depender de varias cosas\u00bb, afirm\u00f3 en declaraciones a los periodistas desde el Hospital da Trindade, donde se realiz\u00f3 la intervenci\u00f3n.<\/p>\n<p>El jugador, de 27 a\u00f1os, recibir\u00e1 el alta el lunes y tiene previsto empezar su recuperaci\u00f3n en Portugal bajo la supervisi\u00f3n de Noronha y al cabo de unas semanas seguir\u00e1 el programa de rehabilitaci\u00f3n en M\u00f3naco.<\/p>\n<p>La prolongaci\u00f3n de esta fase ser\u00e1 clave para averiguar si Falcao podr\u00e1 participar en el Mundial de Brasil de 2014, que empieza el 12 de junio.<\/p>\n<p>\u00abVoy a exagerar un poco, pero creo que tendr\u00e1 el 50 % de posibilidades de ir a Brasil. Tenemos que ir paso a paso y de aqu\u00ed a tres meses y medio ya podremos decir algo m\u00e1s seguro\u00bb, afirm\u00f3 el m\u00e9dico, una eminencia en mundial en este tipo de lesiones.<\/p>\n<p>El tiempo aproximado de recuperaci\u00f3n de una lesi\u00f3n grave como la de Falcao es de seis meses y solo faltan cerca de cinco para el inicio del campeonato mundial.<\/p>\n<p>Noronha, que ya hab\u00eda comentado que el factor psicol\u00f3gico puede influir en la recuperaci\u00f3n, insisti\u00f3 en que \u00abla luz al final del t\u00fanel no es as\u00ed tan peque\u00f1a\u00bb.<\/p>\n<p>Antes de la operaci\u00f3n, el jugador public\u00f3 una fotograf\u00eda en las redes sociales en la que aparec\u00eda sonriente, vestido con la bata y junto al equipo m\u00e9dico en la sala de operaciones.<\/p>\n<p>Durante la operaci\u00f3n, el jugador estuvo rodeado de cargo de representantes de su club y de la selecci\u00f3n colombiana, as\u00ed como por su representante, el portugu\u00e9s Jorge Mendes.<\/p>\n<p>El presidente del Oporto, Nuno Pinto da Costa, tambi\u00e9n visit\u00f3 al jugador, que fue estrella del club de la ciudad portuguesa entre 2009 y 2012.<\/p>\n<p>Falcao sufri\u00f3 la lesi\u00f3n el pasado mi\u00e9rcoles durante un partido de Copa de Francia con su equipo y al d\u00eda siguiente se desplaz\u00f3 en avi\u00f3n hasta Oporto<\/p>\n<p>El delantero ha recibido una oleada de apoyos por todo el mundo y sobre todo en su pa\u00eds, donde es considerado la principal estrella de su selecci\u00f3n.<\/p>\n<p>El cirujano, una referencia en las operaciones de rodilla, ha tratado a otras figuras del f\u00fatbol internacional como Pepe, Arjen Robben, Ashley Cole, Lucho Gonz\u00e1lez o Ricardo Carvalho, entre otros.<\/p>\n","protected":false},"excerpt":{"rendered":"<p>Lisboa, 25 ene (EFE).- El delantero colombiano del M\u00f3naco Radamel Falcao fue hoy operado con \u00ab\u00e9xito\u00bb en Oporto (Portugal) de una lesi\u00f3n en el ligamento anterior cruzado de la pierna izquierda, inform\u00f3 su cirujano, el portugu\u00e9s Jos\u00e9 Carlos Noronha. La operaci\u00f3n \u00abfue bien\u00bb, seg\u00fan dijo el m\u00e9dico, que expres\u00f3 una limitada esperanza sobre una recuperaci\u00f3n [&hellip;]<\/p>\n","protected":false},"author":1,"featured_media":1132184,"comment_status":"closed","ping_status":"open","sticky":false,"template":"","format":"standard","meta":{"footnotes":""},"categories":[1],"tags":[],"class_list":["post-478977","post","type-post","status-publish","format-standard","has-post-thumbnail","hentry","category-actualidad"],"aioseo_notices":[],"aioseo_head":"\n\t\t<!-- All in One SEO Pro 5.0.1 - aioseo.com -->\n\t<meta name=\"description\" content=\"Lisboa, 25 ene (EFE).- El delantero colombiano del M\u00f3naco Radamel Falcao fue hoy operado con &quot;\u00e9xito&quot; en Oporto (Portugal) de una lesi\u00f3n en el ligamento anterior cruzado de la pierna izquierda, inform\u00f3 su cirujano, el portugu\u00e9s Jos\u00e9 Carlos Noronha. La operaci\u00f3n &quot;fue bien&quot;, seg\u00fan dijo el m\u00e9dico, que expres\u00f3 una limitada esperanza sobre una recuperaci\u00f3n\" \/>\n\t<meta name=\"robots\" content=\"max-image-preview:large\" \/>\n\t<meta name=\"author\" content=\"El Digital de Asturias\"\/>\n\t<meta name=\"google-site-verification\" content=\"UA-38556648-1\" \/>\n\t<meta name=\"msvalidate.01\" content=\"7dfe9f3f1b24437ab69f4f2559babe99\" \/>\n\t<meta name=\"keywords\" content=\"actualidad\" \/>\n\t<link rel=\"canonical\" href=\"https:\/\/www.eldigitaldeasturias.com\/noticias\/falcao-operado-con-exito-en-oporto-de-la-rodilla-izquierda\/\" \/>\n\t<meta name=\"generator\" content=\"All in One SEO Pro (AIOSEO) 5.0.1\" \/>\n\t\t<meta property=\"og:locale\" content=\"es_ES\" \/>\n\t\t<meta property=\"og:site_name\" content=\"El Digital de Asturias\" \/>\n\t\t<meta property=\"og:type\" content=\"article\" \/>\n\t\t<meta property=\"og:title\" content=\"Falcao, operado con \u00ab\u00e9xito\u00bb en Oporto de la rodilla izquierda - El Digital de Asturias\" \/>\n\t\t<meta property=\"og:description\" content=\"Lisboa, 25 ene (EFE).- El delantero colombiano del M\u00f3naco Radamel Falcao fue hoy operado con &quot;\u00e9xito&quot; en Oporto (Portugal) de una lesi\u00f3n en el ligamento anterior cruzado de la pierna izquierda, inform\u00f3 su cirujano, el portugu\u00e9s Jos\u00e9 Carlos Noronha. La operaci\u00f3n &quot;fue bien&quot;, seg\u00fan dijo el m\u00e9dico, que expres\u00f3 una limitada esperanza sobre una recuperaci\u00f3n\" \/>\n\t\t<meta property=\"og:url\" content=\"https:\/\/www.eldigitaldeasturias.com\/noticias\/falcao-operado-con-exito-en-oporto-de-la-rodilla-izquierda\/\" \/>\n\t\t<meta property=\"og:image\" content=\"https:\/\/www.eldigitaldeasturias.com\/noticias\/wp-content\/uploads\/2026\/06\/Contenidos.jpg\" \/>\n\t\t<meta property=\"og:image:secure_url\" content=\"https:\/\/www.eldigitaldeasturias.com\/noticias\/wp-content\/uploads\/2026\/06\/Contenidos.jpg\" \/>\n\t\t<meta property=\"og:image:width\" content=\"1265\" \/>\n\t\t<meta property=\"og:image:height\" content=\"697\" \/>\n\t\t<meta property=\"article:tag\" content=\"actualidad\" \/>\n\t\t<meta property=\"article:published_time\" content=\"2014-01-25T22:33:49+00:00\" \/>\n\t\t<meta property=\"article:modified_time\" content=\"2014-01-25T22:33:49+00:00\" \/>\n\t\t<meta property=\"article:publisher\" content=\"https:\/\/facebook.com\/eldigitaldeasturias\" \/>\n\t\t<meta name=\"twitter:card\" content=\"summary_large_image\" \/>\n\t\t<meta name=\"twitter:title\" content=\"Falcao, operado con \u00ab\u00e9xito\u00bb en Oporto de la rodilla izquierda - El Digital de Asturias\" \/>\n\t\t<meta name=\"twitter:description\" content=\"Lisboa, 25 ene (EFE).- El delantero colombiano del M\u00f3naco Radamel Falcao fue hoy operado con &quot;\u00e9xito&quot; en Oporto (Portugal) de una lesi\u00f3n en el ligamento anterior cruzado de la pierna izquierda, inform\u00f3 su cirujano, el portugu\u00e9s Jos\u00e9 Carlos Noronha. La operaci\u00f3n &quot;fue bien&quot;, seg\u00fan dijo el m\u00e9dico, que expres\u00f3 una limitada esperanza sobre una recuperaci\u00f3n\" \/>\n\t\t<meta name=\"twitter:image\" content=\"https:\/\/www.eldigitaldeasturias.com\/noticias\/wp-content\/uploads\/2026\/06\/Contenidos.jpg\" \/>\n\t\t<meta name=\"twitter:label1\" content=\"Escrito por\" \/>\n\t\t<meta name=\"twitter:data1\" content=\"El Digital de Asturias\" \/>\n\t\t<meta name=\"twitter:label2\" content=\"Tiempo de lectura estimado\" \/>\n\t\t<meta name=\"twitter:data2\" content=\"2 minutos\" \/>\n\t\t<script type=\"application\/ld+json\" class=\"aioseo-schema\">\n\t\t\t{\"@context\":\"https:\\\/\\\/schema.org\",\"@graph\":[{\"@type\":\"BlogPosting\",\"@id\":\"https:\\\/\\\/www.eldigitaldeasturias.com\\\/noticias\\\/falcao-operado-con-exito-en-oporto-de-la-rodilla-izquierda\\\/#blogposting\",\"name\":\"Falcao, operado con \\u00ab\\u00e9xito\\u00bb en Oporto de la rodilla izquierda - El Digital de Asturias\",\"headline\":\"Falcao, operado con \\u00ab\\u00e9xito\\u00bb en Oporto de la rodilla izquierda\",\"author\":{\"@id\":\"https:\\\/\\\/www.eldigitaldeasturias.com\\\/noticias\\\/author\\\/admin\\\/#author\"},\"publisher\":{\"@id\":\"https:\\\/\\\/www.eldigitaldeasturias.com\\\/noticias\\\/#organization\"},\"image\":{\"@type\":\"ImageObject\",\"url\":\"https:\\\/\\\/www.eldigitaldeasturias.com\\\/noticias\\\/wp-content\\\/uploads\\\/2026\\\/06\\\/Contenidos.jpg\",\"width\":1265,\"height\":697,\"caption\":\"Contenidos\"},\"datePublished\":\"2014-01-25T21:33:49+01:00\",\"dateModified\":\"2014-01-25T21:33:49+01:00\",\"inLanguage\":\"es-ES\",\"mainEntityOfPage\":{\"@id\":\"https:\\\/\\\/www.eldigitaldeasturias.com\\\/noticias\\\/falcao-operado-con-exito-en-oporto-de-la-rodilla-izquierda\\\/#webpage\"},\"isPartOf\":{\"@id\":\"https:\\\/\\\/www.eldigitaldeasturias.com\\\/noticias\\\/falcao-operado-con-exito-en-oporto-de-la-rodilla-izquierda\\\/#webpage\"},\"articleSection\":\"Actualidad\"},{\"@type\":\"BreadcrumbList\",\"@id\":\"https:\\\/\\\/www.eldigitaldeasturias.com\\\/noticias\\\/falcao-operado-con-exito-en-oporto-de-la-rodilla-izquierda\\\/#breadcrumblist\",\"itemListElement\":[{\"@type\":\"ListItem\",\"@id\":\"https:\\\/\\\/www.eldigitaldeasturias.com\\\/noticias#listItem\",\"position\":1,\"name\":\"Home\",\"item\":\"https:\\\/\\\/www.eldigitaldeasturias.com\\\/noticias\",\"nextItem\":{\"@type\":\"ListItem\",\"@id\":\"https:\\\/\\\/www.eldigitaldeasturias.com\\\/noticias\\\/category\\\/actualidad\\\/#listItem\",\"name\":\"Actualidad\"}},{\"@type\":\"ListItem\",\"@id\":\"https:\\\/\\\/www.eldigitaldeasturias.com\\\/noticias\\\/category\\\/actualidad\\\/#listItem\",\"position\":2,\"name\":\"Actualidad\",\"item\":\"https:\\\/\\\/www.eldigitaldeasturias.com\\\/noticias\\\/category\\\/actualidad\\\/\",\"nextItem\":{\"@type\":\"ListItem\",\"@id\":\"https:\\\/\\\/www.eldigitaldeasturias.com\\\/noticias\\\/falcao-operado-con-exito-en-oporto-de-la-rodilla-izquierda\\\/#listItem\",\"name\":\"Falcao, operado con \\u00ab\\u00e9xito\\u00bb en Oporto de la rodilla izquierda\"},\"previousItem\":{\"@type\":\"ListItem\",\"@id\":\"https:\\\/\\\/www.eldigitaldeasturias.com\\\/noticias#listItem\",\"name\":\"Home\"}},{\"@type\":\"ListItem\",\"@id\":\"https:\\\/\\\/www.eldigitaldeasturias.com\\\/noticias\\\/falcao-operado-con-exito-en-oporto-de-la-rodilla-izquierda\\\/#listItem\",\"position\":3,\"name\":\"Falcao, operado con \\u00ab\\u00e9xito\\u00bb en Oporto de la rodilla izquierda\",\"previousItem\":{\"@type\":\"ListItem\",\"@id\":\"https:\\\/\\\/www.eldigitaldeasturias.com\\\/noticias\\\/category\\\/actualidad\\\/#listItem\",\"name\":\"Actualidad\"}}]},{\"@type\":\"Organization\",\"@id\":\"https:\\\/\\\/www.eldigitaldeasturias.com\\\/noticias\\\/#organization\",\"name\":\"El Digital de Asturias\",\"description\":\"Hemeroteca\",\"url\":\"https:\\\/\\\/www.eldigitaldeasturias.com\\\/noticias\\\/\",\"email\":\"info@eldigitaldeasturias.com\",\"telephone\":\"+34652131393\",\"logo\":{\"@type\":\"ImageObject\",\"url\":\"https:\\\/\\\/www.eldigitaldeasturias.com\\\/noticias\\\/wp-content\\\/uploads\\\/2020\\\/12\\\/EDA.jpg\",\"@id\":\"https:\\\/\\\/www.eldigitaldeasturias.com\\\/noticias\\\/falcao-operado-con-exito-en-oporto-de-la-rodilla-izquierda\\\/#organizationLogo\"},\"image\":{\"@id\":\"https:\\\/\\\/www.eldigitaldeasturias.com\\\/noticias\\\/falcao-operado-con-exito-en-oporto-de-la-rodilla-izquierda\\\/#organizationLogo\"},\"sameAs\":[\"https:\\\/\\\/facebook.com\\\/eldigitaldeasturias\",\"https:\\\/\\\/www.youtube.com\\\/channel\\\/UCZP-2wLEB9Rv6erhFmqVnvg\"],\"address\":{\"@id\":\"https:\\\/\\\/www.eldigitaldeasturias.com\\\/noticias\\\/#postaladdress\",\"@type\":\"PostalAddress\",\"streetAddress\":\"san antonio 4\",\"postalCode\":\"33430\",\"addressLocality\":\"Cand\\u00e1s\",\"addressRegion\":\"Asturias\",\"addressCountry\":\"ES\"}},{\"@type\":\"Person\",\"@id\":\"https:\\\/\\\/www.eldigitaldeasturias.com\\\/noticias\\\/author\\\/admin\\\/#author\",\"url\":\"https:\\\/\\\/www.eldigitaldeasturias.com\\\/noticias\\\/author\\\/admin\\\/\",\"name\":\"El Digital de Asturias\",\"image\":{\"@type\":\"ImageObject\",\"@id\":\"https:\\\/\\\/www.eldigitaldeasturias.com\\\/noticias\\\/falcao-operado-con-exito-en-oporto-de-la-rodilla-izquierda\\\/#authorImage\",\"url\":\"https:\\\/\\\/secure.gravatar.com\\\/avatar\\\/df2aeffc32bcd13f8d26072ef8a91b623d677766deac7f97ca815868cd41bf5e?s=96&d=mm&r=g\",\"width\":96,\"height\":96,\"caption\":\"El Digital de Asturias\"}},{\"@type\":\"WebPage\",\"@id\":\"https:\\\/\\\/www.eldigitaldeasturias.com\\\/noticias\\\/falcao-operado-con-exito-en-oporto-de-la-rodilla-izquierda\\\/#webpage\",\"url\":\"https:\\\/\\\/www.eldigitaldeasturias.com\\\/noticias\\\/falcao-operado-con-exito-en-oporto-de-la-rodilla-izquierda\\\/\",\"name\":\"Falcao, operado con \\u00ab\\u00e9xito\\u00bb en Oporto de la rodilla izquierda - El Digital de Asturias\",\"description\":\"Lisboa, 25 ene (EFE).- El delantero colombiano del M\\u00f3naco Radamel Falcao fue hoy operado con \\\"\\u00e9xito\\\" en Oporto (Portugal) de una lesi\\u00f3n en el ligamento anterior cruzado de la pierna izquierda, inform\\u00f3 su cirujano, el portugu\\u00e9s Jos\\u00e9 Carlos Noronha. La operaci\\u00f3n \\\"fue bien\\\", seg\\u00fan dijo el m\\u00e9dico, que expres\\u00f3 una limitada esperanza sobre una recuperaci\\u00f3n\",\"inLanguage\":\"es-ES\",\"isPartOf\":{\"@id\":\"https:\\\/\\\/www.eldigitaldeasturias.com\\\/noticias\\\/#website\"},\"breadcrumb\":{\"@id\":\"https:\\\/\\\/www.eldigitaldeasturias.com\\\/noticias\\\/falcao-operado-con-exito-en-oporto-de-la-rodilla-izquierda\\\/#breadcrumblist\"},\"author\":{\"@id\":\"https:\\\/\\\/www.eldigitaldeasturias.com\\\/noticias\\\/author\\\/admin\\\/#author\"},\"creator\":{\"@id\":\"https:\\\/\\\/www.eldigitaldeasturias.com\\\/noticias\\\/author\\\/admin\\\/#author\"},\"image\":{\"@type\":\"ImageObject\",\"url\":\"https:\\\/\\\/www.eldigitaldeasturias.com\\\/noticias\\\/wp-content\\\/uploads\\\/2026\\\/06\\\/Contenidos.jpg\",\"@id\":\"https:\\\/\\\/www.eldigitaldeasturias.com\\\/noticias\\\/falcao-operado-con-exito-en-oporto-de-la-rodilla-izquierda\\\/#mainImage\",\"width\":1265,\"height\":697,\"caption\":\"Contenidos\"},\"primaryImageOfPage\":{\"@id\":\"https:\\\/\\\/www.eldigitaldeasturias.com\\\/noticias\\\/falcao-operado-con-exito-en-oporto-de-la-rodilla-izquierda\\\/#mainImage\"},\"datePublished\":\"2014-01-25T21:33:49+01:00\",\"dateModified\":\"2014-01-25T21:33:49+01:00\"},{\"@type\":\"WebSite\",\"@id\":\"https:\\\/\\\/www.eldigitaldeasturias.com\\\/noticias\\\/#website\",\"url\":\"https:\\\/\\\/www.eldigitaldeasturias.com\\\/noticias\\\/\",\"name\":\"El Digital de Asturias - Diario de actualidad y noticias\",\"alternateName\":\"El Digital de Asturias - Diario de actualidad y noticias\",\"description\":\"Hemeroteca\",\"inLanguage\":\"es-ES\",\"publisher\":{\"@id\":\"https:\\\/\\\/www.eldigitaldeasturias.com\\\/noticias\\\/#organization\"}}]}\n\t\t<\/script>\n\t\t<!-- All in One SEO Pro -->\r\n\t\t<title>Falcao, operado con \u00ab\u00e9xito\u00bb en Oporto de la rodilla izquierda - El Digital de Asturias<\/title>\n\n","aioseo_head_json":{"title":"Falcao, operado con \u00ab\u00e9xito\u00bb en Oporto de la rodilla izquierda - El Digital de Asturias","description":"Lisboa, 25 ene (EFE).- El delantero colombiano del M\u00f3naco Radamel Falcao fue hoy operado con \"\u00e9xito\" en Oporto (Portugal) de una lesi\u00f3n en el ligamento anterior cruzado de la pierna izquierda, inform\u00f3 su cirujano, el portugu\u00e9s Jos\u00e9 Carlos Noronha. La operaci\u00f3n \"fue bien\", seg\u00fan dijo el m\u00e9dico, que expres\u00f3 una limitada esperanza sobre una recuperaci\u00f3n","canonical_url":"https:\/\/www.eldigitaldeasturias.com\/noticias\/falcao-operado-con-exito-en-oporto-de-la-rodilla-izquierda\/","robots":"max-image-preview:large","keywords":"actualidad","webmasterTools":{"google-site-verification":"UA-38556648-1","msvalidate.01":"7dfe9f3f1b24437ab69f4f2559babe99","miscellaneous":""},"schema":{"@context":"https:\/\/schema.org","@graph":[{"@type":"BlogPosting","@id":"https:\/\/www.eldigitaldeasturias.com\/noticias\/falcao-operado-con-exito-en-oporto-de-la-rodilla-izquierda\/#blogposting","name":"Falcao, operado con \u00ab\u00e9xito\u00bb en Oporto de la rodilla izquierda - El Digital de Asturias","headline":"Falcao, operado con \u00ab\u00e9xito\u00bb en Oporto de la rodilla izquierda","author":{"@id":"https:\/\/www.eldigitaldeasturias.com\/noticias\/author\/admin\/#author"},"publisher":{"@id":"https:\/\/www.eldigitaldeasturias.com\/noticias\/#organization"},"image":{"@type":"ImageObject","url":"https:\/\/www.eldigitaldeasturias.com\/noticias\/wp-content\/uploads\/2026\/06\/Contenidos.jpg","width":1265,"height":697,"caption":"Contenidos"},"datePublished":"2014-01-25T21:33:49+01:00","dateModified":"2014-01-25T21:33:49+01:00","inLanguage":"es-ES","mainEntityOfPage":{"@id":"https:\/\/www.eldigitaldeasturias.com\/noticias\/falcao-operado-con-exito-en-oporto-de-la-rodilla-izquierda\/#webpage"},"isPartOf":{"@id":"https:\/\/www.eldigitaldeasturias.com\/noticias\/falcao-operado-con-exito-en-oporto-de-la-rodilla-izquierda\/#webpage"},"articleSection":"Actualidad"},{"@type":"BreadcrumbList","@id":"https:\/\/www.eldigitaldeasturias.com\/noticias\/falcao-operado-con-exito-en-oporto-de-la-rodilla-izquierda\/#breadcrumblist","itemListElement":[{"@type":"ListItem","@id":"https:\/\/www.eldigitaldeasturias.com\/noticias#listItem","position":1,"name":"Home","item":"https:\/\/www.eldigitaldeasturias.com\/noticias","nextItem":{"@type":"ListItem","@id":"https:\/\/www.eldigitaldeasturias.com\/noticias\/category\/actualidad\/#listItem","name":"Actualidad"}},{"@type":"ListItem","@id":"https:\/\/www.eldigitaldeasturias.com\/noticias\/category\/actualidad\/#listItem","position":2,"name":"Actualidad","item":"https:\/\/www.eldigitaldeasturias.com\/noticias\/category\/actualidad\/","nextItem":{"@type":"ListItem","@id":"https:\/\/www.eldigitaldeasturias.com\/noticias\/falcao-operado-con-exito-en-oporto-de-la-rodilla-izquierda\/#listItem","name":"Falcao, operado con \u00ab\u00e9xito\u00bb en Oporto de la rodilla izquierda"},"previousItem":{"@type":"ListItem","@id":"https:\/\/www.eldigitaldeasturias.com\/noticias#listItem","name":"Home"}},{"@type":"ListItem","@id":"https:\/\/www.eldigitaldeasturias.com\/noticias\/falcao-operado-con-exito-en-oporto-de-la-rodilla-izquierda\/#listItem","position":3,"name":"Falcao, operado con \u00ab\u00e9xito\u00bb en Oporto de la rodilla izquierda","previousItem":{"@type":"ListItem","@id":"https:\/\/www.eldigitaldeasturias.com\/noticias\/category\/actualidad\/#listItem","name":"Actualidad"}}]},{"@type":"Organization","@id":"https:\/\/www.eldigitaldeasturias.com\/noticias\/#organization","name":"El Digital de Asturias","description":"Hemeroteca","url":"https:\/\/www.eldigitaldeasturias.com\/noticias\/","email":"info@eldigitaldeasturias.com","telephone":"+34652131393","logo":{"@type":"ImageObject","url":"https:\/\/www.eldigitaldeasturias.com\/noticias\/wp-content\/uploads\/2020\/12\/EDA.jpg","@id":"https:\/\/www.eldigitaldeasturias.com\/noticias\/falcao-operado-con-exito-en-oporto-de-la-rodilla-izquierda\/#organizationLogo"},"image":{"@id":"https:\/\/www.eldigitaldeasturias.com\/noticias\/falcao-operado-con-exito-en-oporto-de-la-rodilla-izquierda\/#organizationLogo"},"sameAs":["https:\/\/facebook.com\/eldigitaldeasturias","https:\/\/www.youtube.com\/channel\/UCZP-2wLEB9Rv6erhFmqVnvg"],"address":{"@id":"https:\/\/www.eldigitaldeasturias.com\/noticias\/#postaladdress","@type":"PostalAddress","streetAddress":"san antonio 4","postalCode":"33430","addressLocality":"Cand\u00e1s","addressRegion":"Asturias","addressCountry":"ES"}},{"@type":"Person","@id":"https:\/\/www.eldigitaldeasturias.com\/noticias\/author\/admin\/#author","url":"https:\/\/www.eldigitaldeasturias.com\/noticias\/author\/admin\/","name":"El Digital de Asturias","image":{"@type":"ImageObject","@id":"https:\/\/www.eldigitaldeasturias.com\/noticias\/falcao-operado-con-exito-en-oporto-de-la-rodilla-izquierda\/#authorImage","url":"https:\/\/secure.gravatar.com\/avatar\/df2aeffc32bcd13f8d26072ef8a91b623d677766deac7f97ca815868cd41bf5e?s=96&d=mm&r=g","width":96,"height":96,"caption":"El Digital de Asturias"}},{"@type":"WebPage","@id":"https:\/\/www.eldigitaldeasturias.com\/noticias\/falcao-operado-con-exito-en-oporto-de-la-rodilla-izquierda\/#webpage","url":"https:\/\/www.eldigitaldeasturias.com\/noticias\/falcao-operado-con-exito-en-oporto-de-la-rodilla-izquierda\/","name":"Falcao, operado con \u00ab\u00e9xito\u00bb en Oporto de la rodilla izquierda - El Digital de Asturias","description":"Lisboa, 25 ene (EFE).- El delantero colombiano del M\u00f3naco Radamel Falcao fue hoy operado con \"\u00e9xito\" en Oporto (Portugal) de una lesi\u00f3n en el ligamento anterior cruzado de la pierna izquierda, inform\u00f3 su cirujano, el portugu\u00e9s Jos\u00e9 Carlos Noronha. La operaci\u00f3n \"fue bien\", seg\u00fan dijo el m\u00e9dico, que expres\u00f3 una limitada esperanza sobre una recuperaci\u00f3n","inLanguage":"es-ES","isPartOf":{"@id":"https:\/\/www.eldigitaldeasturias.com\/noticias\/#website"},"breadcrumb":{"@id":"https:\/\/www.eldigitaldeasturias.com\/noticias\/falcao-operado-con-exito-en-oporto-de-la-rodilla-izquierda\/#breadcrumblist"},"author":{"@id":"https:\/\/www.eldigitaldeasturias.com\/noticias\/author\/admin\/#author"},"creator":{"@id":"https:\/\/www.eldigitaldeasturias.com\/noticias\/author\/admin\/#author"},"image":{"@type":"ImageObject","url":"https:\/\/www.eldigitaldeasturias.com\/noticias\/wp-content\/uploads\/2026\/06\/Contenidos.jpg","@id":"https:\/\/www.eldigitaldeasturias.com\/noticias\/falcao-operado-con-exito-en-oporto-de-la-rodilla-izquierda\/#mainImage","width":1265,"height":697,"caption":"Contenidos"},"primaryImageOfPage":{"@id":"https:\/\/www.eldigitaldeasturias.com\/noticias\/falcao-operado-con-exito-en-oporto-de-la-rodilla-izquierda\/#mainImage"},"datePublished":"2014-01-25T21:33:49+01:00","dateModified":"2014-01-25T21:33:49+01:00"},{"@type":"WebSite","@id":"https:\/\/www.eldigitaldeasturias.com\/noticias\/#website","url":"https:\/\/www.eldigitaldeasturias.com\/noticias\/","name":"El Digital de Asturias - Diario de actualidad y noticias","alternateName":"El Digital de Asturias - Diario de actualidad y noticias","description":"Hemeroteca","inLanguage":"es-ES","publisher":{"@id":"https:\/\/www.eldigitaldeasturias.com\/noticias\/#organization"}}]},"og:locale":"es_ES","og:site_name":"El Digital de Asturias","og:type":"article","og:title":"Falcao, operado con \u00ab\u00e9xito\u00bb en Oporto de la rodilla izquierda - El Digital de Asturias","og:description":"Lisboa, 25 ene (EFE).- El delantero colombiano del M\u00f3naco Radamel Falcao fue hoy operado con &quot;\u00e9xito&quot; en Oporto (Portugal) de una lesi\u00f3n en el ligamento anterior cruzado de la pierna izquierda, inform\u00f3 su cirujano, el portugu\u00e9s Jos\u00e9 Carlos Noronha. La operaci\u00f3n &quot;fue bien&quot;, seg\u00fan dijo el m\u00e9dico, que expres\u00f3 una limitada esperanza sobre una recuperaci\u00f3n","og:url":"https:\/\/www.eldigitaldeasturias.com\/noticias\/falcao-operado-con-exito-en-oporto-de-la-rodilla-izquierda\/","og:image":"https:\/\/www.eldigitaldeasturias.com\/noticias\/wp-content\/uploads\/2026\/06\/Contenidos.jpg","og:image:secure_url":"https:\/\/www.eldigitaldeasturias.com\/noticias\/wp-content\/uploads\/2026\/06\/Contenidos.jpg","og:image:width":1265,"og:image:height":697,"article:tag":["actualidad"],"article:published_time":"2014-01-25T22:33:49+00:00","article:modified_time":"2014-01-25T22:33:49+00:00","article:publisher":"https:\/\/facebook.com\/eldigitaldeasturias","twitter:card":"summary_large_image","twitter:title":"Falcao, operado con \u00ab\u00e9xito\u00bb en Oporto de la rodilla izquierda - El Digital de Asturias","twitter:description":"Lisboa, 25 ene (EFE).- El delantero colombiano del M\u00f3naco Radamel Falcao fue hoy operado con &quot;\u00e9xito&quot; en Oporto (Portugal) de una lesi\u00f3n en el ligamento anterior cruzado de la pierna izquierda, inform\u00f3 su cirujano, el portugu\u00e9s Jos\u00e9 Carlos Noronha. La operaci\u00f3n &quot;fue bien&quot;, seg\u00fan dijo el m\u00e9dico, que expres\u00f3 una limitada esperanza sobre una recuperaci\u00f3n","twitter:image":"https:\/\/www.eldigitaldeasturias.com\/noticias\/wp-content\/uploads\/2026\/06\/Contenidos.jpg","twitter:label1":"Escrito por","twitter:data1":"El Digital de Asturias","twitter:label2":"Tiempo de lectura estimado","twitter:data2":"2 minutos"},"aioseo_meta_data":{"post_id":"478977","title":null,"description":null,"keywords":null,"keyphrases":null,"primary_term":null,"canonical_url":null,"og_title":null,"og_description":null,"og_object_type":"default","og_image_type":"default","og_image_url":null,"og_image_width":null,"og_image_height":null,"og_image_custom_url":null,"og_image_custom_fields":null,"og_video":null,"og_custom_url":null,"og_article_section":null,"og_article_tags":null,"twitter_use_og":true,"twitter_card":"default","twitter_image_type":"default","twitter_image_url":null,"twitter_image_custom_url":null,"twitter_image_custom_fields":null,"twitter_title":null,"twitter_description":null,"schema":{"blockGraphs":[],"customGraphs":[],"default":{"data":{"Article":[],"Course":[],"Dataset":[],"FAQPage":[],"Movie":[],"Person":[],"Product":[],"ProductReview":[],"Car":[],"Recipe":[],"Service":[],"SoftwareApplication":[],"WebPage":[]},"graphName":"","isEnabled":true},"graphs":[],"defaultGraph":"","defaultPostTypeGraph":""},"schema_type":null,"schema_type_options":null,"pillar_content":false,"robots_default":true,"robots_noindex":false,"robots_noarchive":false,"robots_nosnippet":false,"robots_nofollow":false,"robots_noimageindex":false,"robots_noodp":false,"robots_notranslate":false,"robots_max_snippet":null,"robots_max_videopreview":null,"robots_max_imagepreview":"none","priority":null,"frequency":null,"local_seo":null,"seo_analyzer_scan_date":"2026-06-01 23:06:50","breadcrumb_settings":null,"limit_modified_date":false,"open_ai":null,"ai":null,"created":"2020-11-14 22:53:58","updated":"2026-06-01 23:06:50","focus_keyword":null,"additional_keywords":null,"truseo_locale":null},"aioseo_breadcrumb":"<div class=\"aioseo-breadcrumbs\"><span class=\"aioseo-breadcrumb\">\n\t<a href=\"https:\/\/www.eldigitaldeasturias.com\/noticias\" title=\"Home\">Home<\/a>\n<\/span><span class=\"aioseo-breadcrumb-separator\">\u2013<\/span><span class=\"aioseo-breadcrumb\">\n\t<a href=\"https:\/\/www.eldigitaldeasturias.com\/noticias\/category\/actualidad\/\" title=\"Actualidad\">Actualidad<\/a>\n<\/span><span class=\"aioseo-breadcrumb-separator\">\u2013<\/span><span class=\"aioseo-breadcrumb\">\n\t<a href=\"https:\/\/www.eldigitaldeasturias.com\/noticias\/falcao-operado-con-exito-en-oporto-de-la-rodilla-izquierda\/\" title=\"Falcao, operado con \u00ab\u00e9xito\u00bb en Oporto de la rodilla izquierda\">Falcao, operado con \u00ab\u00e9xito\u00bb en Oporto de la rodilla izquierda<\/a>\n<\/span><\/div>","aioseo_breadcrumb_json":[{"label":"Home","link":"https:\/\/www.eldigitaldeasturias.com\/noticias"},{"label":"Actualidad","link":"https:\/\/www.eldigitaldeasturias.com\/noticias\/category\/actualidad\/"},{"label":"Falcao, operado con \u00ab\u00e9xito\u00bb en Oporto de la rodilla izquierda","link":"https:\/\/www.eldigitaldeasturias.com\/noticias\/falcao-operado-con-exito-en-oporto-de-la-rodilla-izquierda\/"}],"_links":{"self":[{"href":"https:\/\/www.eldigitaldeasturias.com\/noticias\/wp-json\/wp\/v2\/posts\/478977","targetHints":{"allow":["GET"]}}],"collection":[{"href":"https:\/\/www.eldigitaldeasturias.com\/noticias\/wp-json\/wp\/v2\/posts"}],"about":[{"href":"https:\/\/www.eldigitaldeasturias.com\/noticias\/wp-json\/wp\/v2\/types\/post"}],"author":[{"embeddable":true,"href":"https:\/\/www.eldigitaldeasturias.com\/noticias\/wp-json\/wp\/v2\/users\/1"}],"replies":[{"embeddable":true,"href":"https:\/\/www.eldigitaldeasturias.com\/noticias\/wp-json\/wp\/v2\/comments?post=478977"}],"version-history":[{"count":0,"href":"https:\/\/www.eldigitaldeasturias.com\/noticias\/wp-json\/wp\/v2\/posts\/478977\/revisions"}],"wp:featuredmedia":[{"embeddable":true,"href":"https:\/\/www.eldigitaldeasturias.com\/noticias\/wp-json\/wp\/v2\/media\/1132184"}],"wp:attachment":[{"href":"https:\/\/www.eldigitaldeasturias.com\/noticias\/wp-json\/wp\/v2\/media?parent=478977"}],"wp:term":[{"taxonomy":"category","embeddable":true,"href":"https:\/\/www.eldigitaldeasturias.com\/noticias\/wp-json\/wp\/v2\/categories?post=478977"},{"taxonomy":"post_tag","embeddable":true,"href":"https:\/\/www.eldigitaldeasturias.com\/noticias\/wp-json\/wp\/v2\/tags?post=478977"}],"curies":[{"name":"wp","href":"https:\/\/api.w.org\/{rel}","templated":true}]}}