{"id":478968,"date":"2014-01-25T21:30:19","date_gmt":"2014-01-25T22:30:19","guid":{"rendered":"http:\/\/www.eldigitaldeasturias.com\/noticias\/?p=478968"},"modified":"2014-01-25T21:30:19","modified_gmt":"2014-01-25T22:30:19","slug":"ferrari-presenta-el-f14-t-que-pilotaran-alonso-y-raikkonen","status":"publish","type":"post","link":"https:\/\/www.eldigitaldeasturias.com\/noticias\/ferrari-presenta-el-f14-t-que-pilotaran-alonso-y-raikkonen\/","title":{"rendered":"Ferrari presenta el F14 T que pilotar\u00e1n Alonso y Raikkonen"},"content":{"rendered":"<p><img loading=\"lazy\" decoding=\"async\" class=\"alignleft size-medium wp-image-478969\" alt=\"5876214w\" src=\"https:\/\/www.eldigitaldeasturias.com\/noticias\/wp-content\/uploads\/2014\/01\/5876214w-360x208.jpg\" width=\"360\" height=\"208\" \/>Redacci\u00f3n deportes, 25 ene (EFE).- El F14 T, el sexag\u00e9simo coche fabricado por Ferrari espec\u00edficamente para participar en el Campeonato del Mundo de F\u00f3rmula Uno, fue presentado hoy a trav\u00e9s de la p\u00e1gina web de la escuder\u00eda.<\/p>\n<p>El nombre se debe a una combinaci\u00f3n del a\u00f1o actual y la introducci\u00f3n del turbocompresor en la unidad de potencia. Aunque el tradicional periodo de gestaci\u00f3n para un dise\u00f1o nuevo de F\u00f3rmula Uno es de poco m\u00e1s de doce meses, este proyecto, identificado con el c\u00f3digo interno de 665, comenz\u00f3 hace m\u00e1s de dos a\u00f1os.<\/p>\n<p>La temporada 2014 ser\u00e1 excepcional en la historia de este deporte, caracterizada por una de las m\u00e1s importantes revoluciones t\u00e9cnicas en la historia de la F\u00f3rmula Uno, y los numerosos cambios en el reglamento han obligado a un inicio precoz que permita una revisi\u00f3n a fondo de todos los aspectos del dise\u00f1o del coche.<\/p>\n<p>Los aficionados de la &#8216;Scuderia&#8217; podr\u00e1n ver alguna herencia de dise\u00f1os previos de Ferrari en el F14 T, como la suspensi\u00f3n delantera y trasera tipo pull-rod.<\/p>\n<p>Sin embargo, m\u00e1s all\u00e1 de esta similitud superficial, el coche de 2014 tiene poco que ver con sus antecesores. Externamente, el coche es muy distinto: los cambios de reglamento que obligan a bajar el chasis y el morro para aumentar la seguridad de los pilotos, dan un aspecto muy distinto al F14 T con respecto al F138.<\/p>\n<p>Uno de los verdaderos retos a los que tuvieron que hacer frente los dise\u00f1adores en este proyecto fue el de reposicionar la suspensi\u00f3n delantera en un habit\u00e1culo mucho m\u00e1s bajo que el anterior. El conjunto de alerones traseros de 2014 no tiene nada que ver con el del a\u00f1o pasado, debido a tres cambios de reglamento que requieren un DRS de mayor potencia, una profundidad general mucho m\u00e1s peque\u00f1a del aler\u00f3n trasero y la extracci\u00f3n del aler\u00f3n beam, por lo que la secci\u00f3n central de los alerones se sustenta sobre unos pilares.<\/p>\n<p>El aler\u00f3n delantero tiene que ser 75mm m\u00e1s estrecho por lado para que sea menos vulnerable en las colisiones con otros coches y con las barreras. Este cambio, que es quiz\u00e1s una de las diferencias visuales menos notables con respecto a los coches de 2013, tiene un efecto profundo sobre la aerodin\u00e1mica del veh\u00edculo.<\/p>\n<p>Los alerones delanteros utilizados a partir de 2009 han contado siempre con medidas elaboradas, ideadas para estimular que la estela de los extremos de los alerones frontales pase por fuera de los neum\u00e1ticos delanteros para maximizar la carga aerodin\u00e1mica del coche. Un cambio inocente de tan solo 75mm en la posici\u00f3n de la punta del aler\u00f3n, ha obligado a los ingenieros a reinventar completamente la aerodin\u00e1mica del aler\u00f3n delantero para 2014.<\/p>\n<p>Aunque las diferencias externas sean llamativas, las mayores diferencias se encuentran bajo la piel del coche. El coche nuevo tiene necesidades completamente distintas de refrigeraci\u00f3n con respecto a cualquiera de sus antecesores.<\/p>\n<p>Los radiadores de aceite del motor y de agua han disminuido en tama\u00f1o, porque la parte de combusti\u00f3n interna del V6 en la unidad de potencia tambi\u00e9n es considerablemente m\u00e1s peque\u00f1a. Sin embargo, se ha tenido que encontrar un hogar nuevo para acomodar un intercooler al sistema turbocompresor y para gestionar el rechazo t\u00e9rmico de los componentes del ERS, el cual es mucho mayor que sus antecesores KERS.<\/p>\n<p>Dado que una mayor refrigeraci\u00f3n permite una mayor potencia, pero que a su vez una mayor refrigeraci\u00f3n tambi\u00e9n da\u00f1a la generaci\u00f3n de carga aerodin\u00e1mica, fue necesario decidir con mucha cautela cu\u00e1les eran los niveles correctos de refrigeraci\u00f3n total para que el coche pueda conseguir el mejor compromiso entre caballos de potencia y carga aerodin\u00e1mica.<\/p>\n<p>El sistema de frenada ha sido redise\u00f1ado por completo para adaptar el coche al cambio de reglamento: esto ha supuesto tener que asegurar una mayor capacidad en el eje frontal, trabajando junto a Brembo para reducir el tama\u00f1o del calibrador hidr\u00e1ulico en la zona trasera, para compensar el mayor esfuerzo de frenada que provee el motor ERS.<\/p>\n<p>Adem\u00e1s, como permite el reglamento, el F14 T tendr\u00e1 un sistema de frenada por cable para permitir optimizar la consistencia del pedal y el control del equilibrio de frenada, ya que la contribuci\u00f3n en frenada del ERS cambia durante la maniobra de la frenada.<\/p>\n<p>Aparte de la infinidad de cambios respecto al hardware, el reglamento de 2014 requiere un refuerzo notable de la sofisticaci\u00f3n del software, para asegurar que se le pueda extraer la m\u00e1xima eficiencia de la cantidad limitada de combustible permitida por el reglamento.<\/p>\n<p>Las unidades de potencia de 2014 producen unos picos de potencia m\u00e1s altos que las de 2013 y lo hacen a menos RPM con mayor torsi\u00f3n. Adem\u00e1s, el reglamento obliga a fijar una elecci\u00f3n de tan solo 8 ratios para la temporada. Esto hace que la transmisi\u00f3n tenga requisitos muy distintos a los de cualquier generaci\u00f3n anterior de coches de F\u00f3rmula Uno.<\/p>\n<p>La complejidad del reglamento de 2014 produce una disposici\u00f3n que es significativamente m\u00e1s dif\u00edcil de producir por debajo del l\u00edmite de peso (691 kg) que en a\u00f1os anteriores. El control del peso ha sido una parte importante del proyecto desde el inicio, para poder producir un coche con una cantidad de balasto trabajable que permitir\u00e1 operar y desarrollar el coche a lo largo de la temporada.<\/p>\n<p>Igualmente importante ser\u00e1 la integraci\u00f3n del coche con los nuevos neum\u00e1ticos que Pirelli introducir\u00e1 este a\u00f1o. La capacidad del F14 T de sacar el m\u00e1ximo provecho a sus caracter\u00edsticas ser\u00e1 una de las claves para saber si los esfuerzos dar\u00e1n los frutos esperados.<\/p>\n","protected":false},"excerpt":{"rendered":"<p>Redacci\u00f3n deportes, 25 ene (EFE).- El F14 T, el sexag\u00e9simo coche fabricado por Ferrari espec\u00edficamente para participar en el Campeonato del Mundo de F\u00f3rmula Uno, fue presentado hoy a trav\u00e9s de la p\u00e1gina web de la escuder\u00eda. El nombre se debe a una combinaci\u00f3n del a\u00f1o actual y la introducci\u00f3n del turbocompresor en la unidad [&hellip;]<\/p>\n","protected":false},"author":1,"featured_media":1132184,"comment_status":"closed","ping_status":"open","sticky":false,"template":"","format":"standard","meta":{"footnotes":""},"categories":[1],"tags":[],"class_list":["post-478968","post","type-post","status-publish","format-standard","has-post-thumbnail","hentry","category-actualidad"],"aioseo_notices":[],"aioseo_head":"\n\t\t<!-- All in One SEO Pro 5.0.1 - aioseo.com -->\n\t<meta name=\"description\" content=\"Redacci\u00f3n deportes, 25 ene (EFE).- El F14 T, el sexag\u00e9simo coche fabricado por Ferrari espec\u00edficamente para participar en el Campeonato del Mundo de F\u00f3rmula Uno, fue presentado hoy a trav\u00e9s de la p\u00e1gina web de la escuder\u00eda. El nombre se debe a una combinaci\u00f3n del a\u00f1o actual y la introducci\u00f3n del turbocompresor en la unidad\" \/>\n\t<meta name=\"robots\" content=\"max-image-preview:large\" \/>\n\t<meta name=\"author\" content=\"El Digital de Asturias\"\/>\n\t<meta name=\"google-site-verification\" content=\"UA-38556648-1\" \/>\n\t<meta name=\"msvalidate.01\" content=\"7dfe9f3f1b24437ab69f4f2559babe99\" \/>\n\t<meta name=\"keywords\" content=\"actualidad\" \/>\n\t<link rel=\"canonical\" href=\"https:\/\/www.eldigitaldeasturias.com\/noticias\/ferrari-presenta-el-f14-t-que-pilotaran-alonso-y-raikkonen\/\" \/>\n\t<meta name=\"generator\" content=\"All in One SEO Pro (AIOSEO) 5.0.1\" \/>\n\t\t<meta property=\"og:locale\" content=\"es_ES\" \/>\n\t\t<meta property=\"og:site_name\" content=\"El Digital de Asturias\" \/>\n\t\t<meta property=\"og:type\" content=\"article\" \/>\n\t\t<meta property=\"og:title\" content=\"Ferrari presenta el F14 T que pilotar\u00e1n Alonso y Raikkonen - El Digital de Asturias\" \/>\n\t\t<meta property=\"og:description\" content=\"Redacci\u00f3n deportes, 25 ene (EFE).- El F14 T, el sexag\u00e9simo coche fabricado por Ferrari espec\u00edficamente para participar en el Campeonato del Mundo de F\u00f3rmula Uno, fue presentado hoy a trav\u00e9s de la p\u00e1gina web de la escuder\u00eda. El nombre se debe a una combinaci\u00f3n del a\u00f1o actual y la introducci\u00f3n del turbocompresor en la unidad\" \/>\n\t\t<meta property=\"og:url\" content=\"https:\/\/www.eldigitaldeasturias.com\/noticias\/ferrari-presenta-el-f14-t-que-pilotaran-alonso-y-raikkonen\/\" \/>\n\t\t<meta property=\"og:image\" content=\"https:\/\/www.eldigitaldeasturias.com\/noticias\/wp-content\/uploads\/2026\/06\/Contenidos.jpg\" \/>\n\t\t<meta property=\"og:image:secure_url\" content=\"https:\/\/www.eldigitaldeasturias.com\/noticias\/wp-content\/uploads\/2026\/06\/Contenidos.jpg\" \/>\n\t\t<meta property=\"og:image:width\" content=\"1265\" \/>\n\t\t<meta property=\"og:image:height\" content=\"697\" \/>\n\t\t<meta property=\"article:tag\" content=\"actualidad\" \/>\n\t\t<meta property=\"article:published_time\" content=\"2014-01-25T22:30:19+00:00\" \/>\n\t\t<meta property=\"article:modified_time\" content=\"2014-01-25T22:30:19+00:00\" \/>\n\t\t<meta property=\"article:publisher\" content=\"https:\/\/facebook.com\/eldigitaldeasturias\" \/>\n\t\t<meta name=\"twitter:card\" content=\"summary_large_image\" \/>\n\t\t<meta name=\"twitter:title\" content=\"Ferrari presenta el F14 T que pilotar\u00e1n Alonso y Raikkonen - El Digital de Asturias\" \/>\n\t\t<meta name=\"twitter:description\" content=\"Redacci\u00f3n deportes, 25 ene (EFE).- El F14 T, el sexag\u00e9simo coche fabricado por Ferrari espec\u00edficamente para participar en el Campeonato del Mundo de F\u00f3rmula Uno, fue presentado hoy a trav\u00e9s de la p\u00e1gina web de la escuder\u00eda. El nombre se debe a una combinaci\u00f3n del a\u00f1o actual y la introducci\u00f3n del turbocompresor en la unidad\" \/>\n\t\t<meta name=\"twitter:image\" content=\"https:\/\/www.eldigitaldeasturias.com\/noticias\/wp-content\/uploads\/2026\/06\/Contenidos.jpg\" \/>\n\t\t<meta name=\"twitter:label1\" content=\"Escrito por\" \/>\n\t\t<meta name=\"twitter:data1\" content=\"El Digital de Asturias\" \/>\n\t\t<meta name=\"twitter:label2\" content=\"Tiempo de lectura estimado\" \/>\n\t\t<meta name=\"twitter:data2\" content=\"5 minutos\" \/>\n\t\t<script type=\"application\/ld+json\" class=\"aioseo-schema\">\n\t\t\t{\"@context\":\"https:\\\/\\\/schema.org\",\"@graph\":[{\"@type\":\"BlogPosting\",\"@id\":\"https:\\\/\\\/www.eldigitaldeasturias.com\\\/noticias\\\/ferrari-presenta-el-f14-t-que-pilotaran-alonso-y-raikkonen\\\/#blogposting\",\"name\":\"Ferrari presenta el F14 T que pilotar\\u00e1n Alonso y Raikkonen - El Digital de Asturias\",\"headline\":\"Ferrari presenta el F14 T que pilotar\\u00e1n Alonso y Raikkonen\",\"author\":{\"@id\":\"https:\\\/\\\/www.eldigitaldeasturias.com\\\/noticias\\\/author\\\/admin\\\/#author\"},\"publisher\":{\"@id\":\"https:\\\/\\\/www.eldigitaldeasturias.com\\\/noticias\\\/#organization\"},\"image\":{\"@type\":\"ImageObject\",\"url\":\"https:\\\/\\\/www.eldigitaldeasturias.com\\\/noticias\\\/wp-content\\\/uploads\\\/2026\\\/06\\\/Contenidos.jpg\",\"width\":1265,\"height\":697,\"caption\":\"Contenidos\"},\"datePublished\":\"2014-01-25T21:30:19+01:00\",\"dateModified\":\"2014-01-25T21:30:19+01:00\",\"inLanguage\":\"es-ES\",\"mainEntityOfPage\":{\"@id\":\"https:\\\/\\\/www.eldigitaldeasturias.com\\\/noticias\\\/ferrari-presenta-el-f14-t-que-pilotaran-alonso-y-raikkonen\\\/#webpage\"},\"isPartOf\":{\"@id\":\"https:\\\/\\\/www.eldigitaldeasturias.com\\\/noticias\\\/ferrari-presenta-el-f14-t-que-pilotaran-alonso-y-raikkonen\\\/#webpage\"},\"articleSection\":\"Actualidad\"},{\"@type\":\"BreadcrumbList\",\"@id\":\"https:\\\/\\\/www.eldigitaldeasturias.com\\\/noticias\\\/ferrari-presenta-el-f14-t-que-pilotaran-alonso-y-raikkonen\\\/#breadcrumblist\",\"itemListElement\":[{\"@type\":\"ListItem\",\"@id\":\"https:\\\/\\\/www.eldigitaldeasturias.com\\\/noticias#listItem\",\"position\":1,\"name\":\"Home\",\"item\":\"https:\\\/\\\/www.eldigitaldeasturias.com\\\/noticias\",\"nextItem\":{\"@type\":\"ListItem\",\"@id\":\"https:\\\/\\\/www.eldigitaldeasturias.com\\\/noticias\\\/category\\\/actualidad\\\/#listItem\",\"name\":\"Actualidad\"}},{\"@type\":\"ListItem\",\"@id\":\"https:\\\/\\\/www.eldigitaldeasturias.com\\\/noticias\\\/category\\\/actualidad\\\/#listItem\",\"position\":2,\"name\":\"Actualidad\",\"item\":\"https:\\\/\\\/www.eldigitaldeasturias.com\\\/noticias\\\/category\\\/actualidad\\\/\",\"nextItem\":{\"@type\":\"ListItem\",\"@id\":\"https:\\\/\\\/www.eldigitaldeasturias.com\\\/noticias\\\/ferrari-presenta-el-f14-t-que-pilotaran-alonso-y-raikkonen\\\/#listItem\",\"name\":\"Ferrari presenta el F14 T que pilotar\\u00e1n Alonso y Raikkonen\"},\"previousItem\":{\"@type\":\"ListItem\",\"@id\":\"https:\\\/\\\/www.eldigitaldeasturias.com\\\/noticias#listItem\",\"name\":\"Home\"}},{\"@type\":\"ListItem\",\"@id\":\"https:\\\/\\\/www.eldigitaldeasturias.com\\\/noticias\\\/ferrari-presenta-el-f14-t-que-pilotaran-alonso-y-raikkonen\\\/#listItem\",\"position\":3,\"name\":\"Ferrari presenta el F14 T que pilotar\\u00e1n Alonso y Raikkonen\",\"previousItem\":{\"@type\":\"ListItem\",\"@id\":\"https:\\\/\\\/www.eldigitaldeasturias.com\\\/noticias\\\/category\\\/actualidad\\\/#listItem\",\"name\":\"Actualidad\"}}]},{\"@type\":\"Organization\",\"@id\":\"https:\\\/\\\/www.eldigitaldeasturias.com\\\/noticias\\\/#organization\",\"name\":\"El Digital de Asturias\",\"description\":\"Hemeroteca\",\"url\":\"https:\\\/\\\/www.eldigitaldeasturias.com\\\/noticias\\\/\",\"email\":\"info@eldigitaldeasturias.com\",\"telephone\":\"+34652131393\",\"logo\":{\"@type\":\"ImageObject\",\"url\":\"https:\\\/\\\/www.eldigitaldeasturias.com\\\/noticias\\\/wp-content\\\/uploads\\\/2020\\\/12\\\/EDA.jpg\",\"@id\":\"https:\\\/\\\/www.eldigitaldeasturias.com\\\/noticias\\\/ferrari-presenta-el-f14-t-que-pilotaran-alonso-y-raikkonen\\\/#organizationLogo\"},\"image\":{\"@id\":\"https:\\\/\\\/www.eldigitaldeasturias.com\\\/noticias\\\/ferrari-presenta-el-f14-t-que-pilotaran-alonso-y-raikkonen\\\/#organizationLogo\"},\"sameAs\":[\"https:\\\/\\\/facebook.com\\\/eldigitaldeasturias\",\"https:\\\/\\\/www.youtube.com\\\/channel\\\/UCZP-2wLEB9Rv6erhFmqVnvg\"],\"address\":{\"@id\":\"https:\\\/\\\/www.eldigitaldeasturias.com\\\/noticias\\\/#postaladdress\",\"@type\":\"PostalAddress\",\"streetAddress\":\"san antonio 4\",\"postalCode\":\"33430\",\"addressLocality\":\"Cand\\u00e1s\",\"addressRegion\":\"Asturias\",\"addressCountry\":\"ES\"}},{\"@type\":\"Person\",\"@id\":\"https:\\\/\\\/www.eldigitaldeasturias.com\\\/noticias\\\/author\\\/admin\\\/#author\",\"url\":\"https:\\\/\\\/www.eldigitaldeasturias.com\\\/noticias\\\/author\\\/admin\\\/\",\"name\":\"El Digital de Asturias\",\"image\":{\"@type\":\"ImageObject\",\"@id\":\"https:\\\/\\\/www.eldigitaldeasturias.com\\\/noticias\\\/ferrari-presenta-el-f14-t-que-pilotaran-alonso-y-raikkonen\\\/#authorImage\",\"url\":\"https:\\\/\\\/secure.gravatar.com\\\/avatar\\\/df2aeffc32bcd13f8d26072ef8a91b623d677766deac7f97ca815868cd41bf5e?s=96&d=mm&r=g\",\"width\":96,\"height\":96,\"caption\":\"El Digital de Asturias\"}},{\"@type\":\"WebPage\",\"@id\":\"https:\\\/\\\/www.eldigitaldeasturias.com\\\/noticias\\\/ferrari-presenta-el-f14-t-que-pilotaran-alonso-y-raikkonen\\\/#webpage\",\"url\":\"https:\\\/\\\/www.eldigitaldeasturias.com\\\/noticias\\\/ferrari-presenta-el-f14-t-que-pilotaran-alonso-y-raikkonen\\\/\",\"name\":\"Ferrari presenta el F14 T que pilotar\\u00e1n Alonso y Raikkonen - El Digital de Asturias\",\"description\":\"Redacci\\u00f3n deportes, 25 ene (EFE).- El F14 T, el sexag\\u00e9simo coche fabricado por Ferrari espec\\u00edficamente para participar en el Campeonato del Mundo de F\\u00f3rmula Uno, fue presentado hoy a trav\\u00e9s de la p\\u00e1gina web de la escuder\\u00eda. El nombre se debe a una combinaci\\u00f3n del a\\u00f1o actual y la introducci\\u00f3n del turbocompresor en la unidad\",\"inLanguage\":\"es-ES\",\"isPartOf\":{\"@id\":\"https:\\\/\\\/www.eldigitaldeasturias.com\\\/noticias\\\/#website\"},\"breadcrumb\":{\"@id\":\"https:\\\/\\\/www.eldigitaldeasturias.com\\\/noticias\\\/ferrari-presenta-el-f14-t-que-pilotaran-alonso-y-raikkonen\\\/#breadcrumblist\"},\"author\":{\"@id\":\"https:\\\/\\\/www.eldigitaldeasturias.com\\\/noticias\\\/author\\\/admin\\\/#author\"},\"creator\":{\"@id\":\"https:\\\/\\\/www.eldigitaldeasturias.com\\\/noticias\\\/author\\\/admin\\\/#author\"},\"image\":{\"@type\":\"ImageObject\",\"url\":\"https:\\\/\\\/www.eldigitaldeasturias.com\\\/noticias\\\/wp-content\\\/uploads\\\/2026\\\/06\\\/Contenidos.jpg\",\"@id\":\"https:\\\/\\\/www.eldigitaldeasturias.com\\\/noticias\\\/ferrari-presenta-el-f14-t-que-pilotaran-alonso-y-raikkonen\\\/#mainImage\",\"width\":1265,\"height\":697,\"caption\":\"Contenidos\"},\"primaryImageOfPage\":{\"@id\":\"https:\\\/\\\/www.eldigitaldeasturias.com\\\/noticias\\\/ferrari-presenta-el-f14-t-que-pilotaran-alonso-y-raikkonen\\\/#mainImage\"},\"datePublished\":\"2014-01-25T21:30:19+01:00\",\"dateModified\":\"2014-01-25T21:30:19+01:00\"},{\"@type\":\"WebSite\",\"@id\":\"https:\\\/\\\/www.eldigitaldeasturias.com\\\/noticias\\\/#website\",\"url\":\"https:\\\/\\\/www.eldigitaldeasturias.com\\\/noticias\\\/\",\"name\":\"El Digital de Asturias - Diario de actualidad y noticias\",\"alternateName\":\"El Digital de Asturias - Diario de actualidad y noticias\",\"description\":\"Hemeroteca\",\"inLanguage\":\"es-ES\",\"publisher\":{\"@id\":\"https:\\\/\\\/www.eldigitaldeasturias.com\\\/noticias\\\/#organization\"}}]}\n\t\t<\/script>\n\t\t<!-- All in One SEO Pro -->\r\n\t\t<title>Ferrari presenta el F14 T que pilotar\u00e1n Alonso y Raikkonen - El Digital de Asturias<\/title>\n\n","aioseo_head_json":{"title":"Ferrari presenta el F14 T que pilotar\u00e1n Alonso y Raikkonen - El Digital de Asturias","description":"Redacci\u00f3n deportes, 25 ene (EFE).- El F14 T, el sexag\u00e9simo coche fabricado por Ferrari espec\u00edficamente para participar en el Campeonato del Mundo de F\u00f3rmula Uno, fue presentado hoy a trav\u00e9s de la p\u00e1gina web de la escuder\u00eda. El nombre se debe a una combinaci\u00f3n del a\u00f1o actual y la introducci\u00f3n del turbocompresor en la unidad","canonical_url":"https:\/\/www.eldigitaldeasturias.com\/noticias\/ferrari-presenta-el-f14-t-que-pilotaran-alonso-y-raikkonen\/","robots":"max-image-preview:large","keywords":"actualidad","webmasterTools":{"google-site-verification":"UA-38556648-1","msvalidate.01":"7dfe9f3f1b24437ab69f4f2559babe99","miscellaneous":""},"schema":{"@context":"https:\/\/schema.org","@graph":[{"@type":"BlogPosting","@id":"https:\/\/www.eldigitaldeasturias.com\/noticias\/ferrari-presenta-el-f14-t-que-pilotaran-alonso-y-raikkonen\/#blogposting","name":"Ferrari presenta el F14 T que pilotar\u00e1n Alonso y Raikkonen - El Digital de Asturias","headline":"Ferrari presenta el F14 T que pilotar\u00e1n Alonso y Raikkonen","author":{"@id":"https:\/\/www.eldigitaldeasturias.com\/noticias\/author\/admin\/#author"},"publisher":{"@id":"https:\/\/www.eldigitaldeasturias.com\/noticias\/#organization"},"image":{"@type":"ImageObject","url":"https:\/\/www.eldigitaldeasturias.com\/noticias\/wp-content\/uploads\/2026\/06\/Contenidos.jpg","width":1265,"height":697,"caption":"Contenidos"},"datePublished":"2014-01-25T21:30:19+01:00","dateModified":"2014-01-25T21:30:19+01:00","inLanguage":"es-ES","mainEntityOfPage":{"@id":"https:\/\/www.eldigitaldeasturias.com\/noticias\/ferrari-presenta-el-f14-t-que-pilotaran-alonso-y-raikkonen\/#webpage"},"isPartOf":{"@id":"https:\/\/www.eldigitaldeasturias.com\/noticias\/ferrari-presenta-el-f14-t-que-pilotaran-alonso-y-raikkonen\/#webpage"},"articleSection":"Actualidad"},{"@type":"BreadcrumbList","@id":"https:\/\/www.eldigitaldeasturias.com\/noticias\/ferrari-presenta-el-f14-t-que-pilotaran-alonso-y-raikkonen\/#breadcrumblist","itemListElement":[{"@type":"ListItem","@id":"https:\/\/www.eldigitaldeasturias.com\/noticias#listItem","position":1,"name":"Home","item":"https:\/\/www.eldigitaldeasturias.com\/noticias","nextItem":{"@type":"ListItem","@id":"https:\/\/www.eldigitaldeasturias.com\/noticias\/category\/actualidad\/#listItem","name":"Actualidad"}},{"@type":"ListItem","@id":"https:\/\/www.eldigitaldeasturias.com\/noticias\/category\/actualidad\/#listItem","position":2,"name":"Actualidad","item":"https:\/\/www.eldigitaldeasturias.com\/noticias\/category\/actualidad\/","nextItem":{"@type":"ListItem","@id":"https:\/\/www.eldigitaldeasturias.com\/noticias\/ferrari-presenta-el-f14-t-que-pilotaran-alonso-y-raikkonen\/#listItem","name":"Ferrari presenta el F14 T que pilotar\u00e1n Alonso y Raikkonen"},"previousItem":{"@type":"ListItem","@id":"https:\/\/www.eldigitaldeasturias.com\/noticias#listItem","name":"Home"}},{"@type":"ListItem","@id":"https:\/\/www.eldigitaldeasturias.com\/noticias\/ferrari-presenta-el-f14-t-que-pilotaran-alonso-y-raikkonen\/#listItem","position":3,"name":"Ferrari presenta el F14 T que pilotar\u00e1n Alonso y Raikkonen","previousItem":{"@type":"ListItem","@id":"https:\/\/www.eldigitaldeasturias.com\/noticias\/category\/actualidad\/#listItem","name":"Actualidad"}}]},{"@type":"Organization","@id":"https:\/\/www.eldigitaldeasturias.com\/noticias\/#organization","name":"El Digital de Asturias","description":"Hemeroteca","url":"https:\/\/www.eldigitaldeasturias.com\/noticias\/","email":"info@eldigitaldeasturias.com","telephone":"+34652131393","logo":{"@type":"ImageObject","url":"https:\/\/www.eldigitaldeasturias.com\/noticias\/wp-content\/uploads\/2020\/12\/EDA.jpg","@id":"https:\/\/www.eldigitaldeasturias.com\/noticias\/ferrari-presenta-el-f14-t-que-pilotaran-alonso-y-raikkonen\/#organizationLogo"},"image":{"@id":"https:\/\/www.eldigitaldeasturias.com\/noticias\/ferrari-presenta-el-f14-t-que-pilotaran-alonso-y-raikkonen\/#organizationLogo"},"sameAs":["https:\/\/facebook.com\/eldigitaldeasturias","https:\/\/www.youtube.com\/channel\/UCZP-2wLEB9Rv6erhFmqVnvg"],"address":{"@id":"https:\/\/www.eldigitaldeasturias.com\/noticias\/#postaladdress","@type":"PostalAddress","streetAddress":"san antonio 4","postalCode":"33430","addressLocality":"Cand\u00e1s","addressRegion":"Asturias","addressCountry":"ES"}},{"@type":"Person","@id":"https:\/\/www.eldigitaldeasturias.com\/noticias\/author\/admin\/#author","url":"https:\/\/www.eldigitaldeasturias.com\/noticias\/author\/admin\/","name":"El Digital de Asturias","image":{"@type":"ImageObject","@id":"https:\/\/www.eldigitaldeasturias.com\/noticias\/ferrari-presenta-el-f14-t-que-pilotaran-alonso-y-raikkonen\/#authorImage","url":"https:\/\/secure.gravatar.com\/avatar\/df2aeffc32bcd13f8d26072ef8a91b623d677766deac7f97ca815868cd41bf5e?s=96&d=mm&r=g","width":96,"height":96,"caption":"El Digital de Asturias"}},{"@type":"WebPage","@id":"https:\/\/www.eldigitaldeasturias.com\/noticias\/ferrari-presenta-el-f14-t-que-pilotaran-alonso-y-raikkonen\/#webpage","url":"https:\/\/www.eldigitaldeasturias.com\/noticias\/ferrari-presenta-el-f14-t-que-pilotaran-alonso-y-raikkonen\/","name":"Ferrari presenta el F14 T que pilotar\u00e1n Alonso y Raikkonen - El Digital de Asturias","description":"Redacci\u00f3n deportes, 25 ene (EFE).- El F14 T, el sexag\u00e9simo coche fabricado por Ferrari espec\u00edficamente para participar en el Campeonato del Mundo de F\u00f3rmula Uno, fue presentado hoy a trav\u00e9s de la p\u00e1gina web de la escuder\u00eda. El nombre se debe a una combinaci\u00f3n del a\u00f1o actual y la introducci\u00f3n del turbocompresor en la unidad","inLanguage":"es-ES","isPartOf":{"@id":"https:\/\/www.eldigitaldeasturias.com\/noticias\/#website"},"breadcrumb":{"@id":"https:\/\/www.eldigitaldeasturias.com\/noticias\/ferrari-presenta-el-f14-t-que-pilotaran-alonso-y-raikkonen\/#breadcrumblist"},"author":{"@id":"https:\/\/www.eldigitaldeasturias.com\/noticias\/author\/admin\/#author"},"creator":{"@id":"https:\/\/www.eldigitaldeasturias.com\/noticias\/author\/admin\/#author"},"image":{"@type":"ImageObject","url":"https:\/\/www.eldigitaldeasturias.com\/noticias\/wp-content\/uploads\/2026\/06\/Contenidos.jpg","@id":"https:\/\/www.eldigitaldeasturias.com\/noticias\/ferrari-presenta-el-f14-t-que-pilotaran-alonso-y-raikkonen\/#mainImage","width":1265,"height":697,"caption":"Contenidos"},"primaryImageOfPage":{"@id":"https:\/\/www.eldigitaldeasturias.com\/noticias\/ferrari-presenta-el-f14-t-que-pilotaran-alonso-y-raikkonen\/#mainImage"},"datePublished":"2014-01-25T21:30:19+01:00","dateModified":"2014-01-25T21:30:19+01:00"},{"@type":"WebSite","@id":"https:\/\/www.eldigitaldeasturias.com\/noticias\/#website","url":"https:\/\/www.eldigitaldeasturias.com\/noticias\/","name":"El Digital de Asturias - Diario de actualidad y noticias","alternateName":"El Digital de Asturias - Diario de actualidad y noticias","description":"Hemeroteca","inLanguage":"es-ES","publisher":{"@id":"https:\/\/www.eldigitaldeasturias.com\/noticias\/#organization"}}]},"og:locale":"es_ES","og:site_name":"El Digital de Asturias","og:type":"article","og:title":"Ferrari presenta el F14 T que pilotar\u00e1n Alonso y Raikkonen - El Digital de Asturias","og:description":"Redacci\u00f3n deportes, 25 ene (EFE).- El F14 T, el sexag\u00e9simo coche fabricado por Ferrari espec\u00edficamente para participar en el Campeonato del Mundo de F\u00f3rmula Uno, fue presentado hoy a trav\u00e9s de la p\u00e1gina web de la escuder\u00eda. El nombre se debe a una combinaci\u00f3n del a\u00f1o actual y la introducci\u00f3n del turbocompresor en la unidad","og:url":"https:\/\/www.eldigitaldeasturias.com\/noticias\/ferrari-presenta-el-f14-t-que-pilotaran-alonso-y-raikkonen\/","og:image":"https:\/\/www.eldigitaldeasturias.com\/noticias\/wp-content\/uploads\/2026\/06\/Contenidos.jpg","og:image:secure_url":"https:\/\/www.eldigitaldeasturias.com\/noticias\/wp-content\/uploads\/2026\/06\/Contenidos.jpg","og:image:width":1265,"og:image:height":697,"article:tag":["actualidad"],"article:published_time":"2014-01-25T22:30:19+00:00","article:modified_time":"2014-01-25T22:30:19+00:00","article:publisher":"https:\/\/facebook.com\/eldigitaldeasturias","twitter:card":"summary_large_image","twitter:title":"Ferrari presenta el F14 T que pilotar\u00e1n Alonso y Raikkonen - El Digital de Asturias","twitter:description":"Redacci\u00f3n deportes, 25 ene (EFE).- El F14 T, el sexag\u00e9simo coche fabricado por Ferrari espec\u00edficamente para participar en el Campeonato del Mundo de F\u00f3rmula Uno, fue presentado hoy a trav\u00e9s de la p\u00e1gina web de la escuder\u00eda. El nombre se debe a una combinaci\u00f3n del a\u00f1o actual y la introducci\u00f3n del turbocompresor en la unidad","twitter:image":"https:\/\/www.eldigitaldeasturias.com\/noticias\/wp-content\/uploads\/2026\/06\/Contenidos.jpg","twitter:label1":"Escrito por","twitter:data1":"El Digital de Asturias","twitter:label2":"Tiempo de lectura estimado","twitter:data2":"5 minutos"},"aioseo_meta_data":{"post_id":"478968","title":null,"description":null,"keywords":null,"keyphrases":null,"primary_term":null,"canonical_url":null,"og_title":null,"og_description":null,"og_object_type":"default","og_image_type":"default","og_image_url":null,"og_image_width":null,"og_image_height":null,"og_image_custom_url":null,"og_image_custom_fields":null,"og_video":null,"og_custom_url":null,"og_article_section":null,"og_article_tags":null,"twitter_use_og":true,"twitter_card":"default","twitter_image_type":"default","twitter_image_url":null,"twitter_image_custom_url":null,"twitter_image_custom_fields":null,"twitter_title":null,"twitter_description":null,"schema":{"blockGraphs":[],"customGraphs":[],"default":{"data":{"Article":[],"Course":[],"Dataset":[],"FAQPage":[],"Movie":[],"Person":[],"Product":[],"ProductReview":[],"Car":[],"Recipe":[],"Service":[],"SoftwareApplication":[],"WebPage":[]},"graphName":"","isEnabled":true},"graphs":[],"defaultGraph":"","defaultPostTypeGraph":""},"schema_type":null,"schema_type_options":null,"pillar_content":false,"robots_default":true,"robots_noindex":false,"robots_noarchive":false,"robots_nosnippet":false,"robots_nofollow":false,"robots_noimageindex":false,"robots_noodp":false,"robots_notranslate":false,"robots_max_snippet":null,"robots_max_videopreview":null,"robots_max_imagepreview":"none","priority":null,"frequency":null,"local_seo":null,"seo_analyzer_scan_date":"2026-06-01 23:05:14","breadcrumb_settings":null,"limit_modified_date":false,"open_ai":null,"ai":null,"created":"2020-11-14 22:53:58","updated":"2026-06-01 23:05:14","focus_keyword":null,"additional_keywords":null,"truseo_locale":null},"aioseo_breadcrumb":"<div class=\"aioseo-breadcrumbs\"><span class=\"aioseo-breadcrumb\">\n\t<a href=\"https:\/\/www.eldigitaldeasturias.com\/noticias\" title=\"Home\">Home<\/a>\n<\/span><span class=\"aioseo-breadcrumb-separator\">\u2013<\/span><span class=\"aioseo-breadcrumb\">\n\t<a href=\"https:\/\/www.eldigitaldeasturias.com\/noticias\/category\/actualidad\/\" title=\"Actualidad\">Actualidad<\/a>\n<\/span><span class=\"aioseo-breadcrumb-separator\">\u2013<\/span><span class=\"aioseo-breadcrumb\">\n\t<a href=\"https:\/\/www.eldigitaldeasturias.com\/noticias\/ferrari-presenta-el-f14-t-que-pilotaran-alonso-y-raikkonen\/\" title=\"Ferrari presenta el F14 T que pilotar\u00e1n Alonso y Raikkonen\">Ferrari presenta el F14 T que pilotar\u00e1n Alonso y Raikkonen<\/a>\n<\/span><\/div>","aioseo_breadcrumb_json":[{"label":"Home","link":"https:\/\/www.eldigitaldeasturias.com\/noticias"},{"label":"Actualidad","link":"https:\/\/www.eldigitaldeasturias.com\/noticias\/category\/actualidad\/"},{"label":"Ferrari presenta el F14 T que pilotar\u00e1n Alonso y Raikkonen","link":"https:\/\/www.eldigitaldeasturias.com\/noticias\/ferrari-presenta-el-f14-t-que-pilotaran-alonso-y-raikkonen\/"}],"_links":{"self":[{"href":"https:\/\/www.eldigitaldeasturias.com\/noticias\/wp-json\/wp\/v2\/posts\/478968","targetHints":{"allow":["GET"]}}],"collection":[{"href":"https:\/\/www.eldigitaldeasturias.com\/noticias\/wp-json\/wp\/v2\/posts"}],"about":[{"href":"https:\/\/www.eldigitaldeasturias.com\/noticias\/wp-json\/wp\/v2\/types\/post"}],"author":[{"embeddable":true,"href":"https:\/\/www.eldigitaldeasturias.com\/noticias\/wp-json\/wp\/v2\/users\/1"}],"replies":[{"embeddable":true,"href":"https:\/\/www.eldigitaldeasturias.com\/noticias\/wp-json\/wp\/v2\/comments?post=478968"}],"version-history":[{"count":0,"href":"https:\/\/www.eldigitaldeasturias.com\/noticias\/wp-json\/wp\/v2\/posts\/478968\/revisions"}],"wp:featuredmedia":[{"embeddable":true,"href":"https:\/\/www.eldigitaldeasturias.com\/noticias\/wp-json\/wp\/v2\/media\/1132184"}],"wp:attachment":[{"href":"https:\/\/www.eldigitaldeasturias.com\/noticias\/wp-json\/wp\/v2\/media?parent=478968"}],"wp:term":[{"taxonomy":"category","embeddable":true,"href":"https:\/\/www.eldigitaldeasturias.com\/noticias\/wp-json\/wp\/v2\/categories?post=478968"},{"taxonomy":"post_tag","embeddable":true,"href":"https:\/\/www.eldigitaldeasturias.com\/noticias\/wp-json\/wp\/v2\/tags?post=478968"}],"curies":[{"name":"wp","href":"https:\/\/api.w.org\/{rel}","templated":true}]}}