{"id":478947,"date":"2014-01-25T21:20:12","date_gmt":"2014-01-25T22:20:12","guid":{"rendered":"http:\/\/www.eldigitaldeasturias.com\/noticias\/?p=478947"},"modified":"2014-01-25T21:20:12","modified_gmt":"2014-01-25T22:20:12","slug":"rajoy-promete-que-no-habra-consulta-ni-se-cortara-el-grifo-a-cataluna","status":"publish","type":"post","link":"https:\/\/www.eldigitaldeasturias.com\/noticias\/rajoy-promete-que-no-habra-consulta-ni-se-cortara-el-grifo-a-cataluna\/","title":{"rendered":"Rajoy promete que no habr\u00e1 consulta ni se cortar\u00e1 el grifo a Catalu\u00f1a"},"content":{"rendered":"<p><img loading=\"lazy\" decoding=\"async\" class=\"alignleft size-medium wp-image-478948\" alt=\"5876008w\" src=\"https:\/\/www.eldigitaldeasturias.com\/noticias\/wp-content\/uploads\/2014\/01\/5876008w-360x239.jpg\" width=\"360\" height=\"239\" \/>Barcelona, 25 ene (EFE).- El presidente del Gobierno, Mariano Rajoy, ha vuelto hoy a ser tajante en su promesa de que no habr\u00e1 consulta soberanista en Catalu\u00f1a ni se \u00abfragmentar\u00e1\u00bb Espa\u00f1a mientras \u00e9l est\u00e9 al frente del Ejecutivo, y ha subrayado otro compromiso: no cortar\u00e1 \u00abel grifo\u00bb de las ayudas econ\u00f3micas a la Generalitat.<\/p>\n<p>En Barcelona, Rajoy ha clausurado la convenci\u00f3n del Partido Popular de Catalu\u00f1a (PPC) con un discurso dedicado \u00edntegramente al debate soberanista, una intervenci\u00f3n cargada de contundencia contra quienes tienen esta \u00abtentaci\u00f3n de fractura\u00bb que, ha dicho, no piensa admitir.<\/p>\n<p>Ante unos 1.500 asistentes, entre ellos cuatro de sus ministros y la presidenta del PPC, Alicia S\u00e1nchez-Camacho, Rajoy ha dicho, nada m\u00e1s empezar su intervenci\u00f3n, que mientras \u00e9l sea presidente del Gobierno \u00abni se celebrar\u00e1 ese refer\u00e9ndum que algunos pretenden, ni se fragmentar\u00e1 Espa\u00f1a\u00bb.<\/p>\n<p>\u00abQue quede claro\u00bb, ha apostillado el jefe del Ejecutivo tras hacer esa promesa, para despu\u00e9s insistir en que, \u00absencillamente\u00bb, la ley no permite la consulta, y en que la soberan\u00eda es de todos los espa\u00f1oles y no de una sola parte.<\/p>\n<p>La autonom\u00eda, ha a\u00f1adido, \u00abno supone transferencia de la soberan\u00eda\u00bb ni otorga la \u00abpropiedad\u00bb de un territorio, sino la \u00abresponsabilidad de gobernarlo de acuerdo con la ley\u00bb.<\/p>\n<p>Recibido al grito de \u00abviva Espa\u00f1a\u00bb, Rajoy ha apelado en todo momento a la Constituci\u00f3n, y aunque ha admitido que \u00abclaro que es posible\u00bb reformarla, ha advertido de que quien quiera hacerlo debe promoverlo en el marco de la propia ley.<\/p>\n<p>El presidente del Gobierno ha criticado duramente el discurso que utilizan los independentistas de que Espa\u00f1a \u00abroba\u00bb a Catalu\u00f1a, y ha recordado que el modelo democr\u00e1tico y auton\u00f3mico se basa en la \u00absolidaridad de ida y vuelta\u00bb.<\/p>\n<p>De este modo, ha dicho, los catalanes \u00abhan aportado mucho, much\u00edsimo, al conjunto de Espa\u00f1a\u00bb, pero el resto de los espa\u00f1oles \u00abtambi\u00e9n aportan mucho a quienes viven en Catalu\u00f1a\u00bb, y ha puesto ejemplos, como que la Seguridad Social catalana sea deficitaria pero los pensionistas \u00abno lo sufren\u00bb, o los ahorradores de otros territorios ayuden al \u00abcr\u00e9dito que se concede\u00bb a esta comunidad.<\/p>\n<p>En cualquier caso ha hecho otra promesa que tambi\u00e9n ha provocado la ovaci\u00f3n de los populares catalanes: ha asegurado que no piensa escuchar las voces de quienes piden que \u00abse corte el grifo\u00bb de las ayudas del Estado a la Generalitat, porque las consecuencias las pagar\u00edan \u00abquienes menos culpa tienen\u00bb, los ciudadanos.<\/p>\n<p>En ning\u00fan momento ha mencionado Rajoy al presidente de la Generalitat, Artur Mas, aunque s\u00ed le ha dirigido, tanto a \u00e9l como a los partidos soberanistas, varios mensajes.<\/p>\n<p>As\u00ed, ha asegurado que no pide a ning\u00fan partido que renuncie a sus ideas pero s\u00ed que \u00abrespete las reglas de convivencia\u00bb; ha advertido de que Catalu\u00f1a no puede \u00abequivocarse de camino\u00bb porque sus ciudadanos \u00abno tienen la culpa de la p\u00e9rdida de visi\u00f3n de algunos dirigentes\u00bb y ha asegurado que est\u00e1 dispuesto al di\u00e1logo pero, eso s\u00ed, para hablar de \u00abproblemas reales\u00bb y \u00abdesde el respeto a la ley\u00bb.<\/p>\n<p>Y ha lamentado que haya quienes han decidido ya \u00abtodo unilateralmente\u00bb, desde la consulta, a la fecha pasando por las preguntas. \u00abY si me apuran hasta la respuesta\u00bb.<\/p>\n<p>Tambi\u00e9n ha pedido Rajoy a quienes reclaman el di\u00e1logo que empiecen por \u00abdar ejemplo\u00bb y lo practiquen con los ciudadanos, en un discurso en el que por otra parte ha lamentado que el debate soberanista \u00ablesione\u00bb la convivencia en Catalu\u00f1a y \u00abmonopolice\u00bb la atenci\u00f3n, cuando las energ\u00edas deber\u00edan centrarse en otras cuestiones como la salida de la crisis.<\/p>\n<p>Rajoy ha cerrado su intervenci\u00f3n apostando por una Catalu\u00f1a que, ha asegurado, \u00abvolver\u00e1 a descubrir que en ning\u00fan otro sitio se puede estar mejor que donde ha estado siempre; es decir, en Espa\u00f1a\u00bb.<\/p>\n<p>El presidente del Gobierno ha clausurado este c\u00f3nclave de dos d\u00edas junto a Alicia S\u00e1nchez-Camacho, quien le ha dicho a Rajoy que Catalu\u00f1a le \u00abnecesita\u00bb.<\/p>\n<p>\u00abHoy m\u00e1s que nunca (Catalu\u00f1a) te necesita para que nos saques de la crisis definitivamente y para evitar que algunos nos saquen de Espa\u00f1a y Europa. Nuestra Constituci\u00f3n est\u00e1 escrita desde la libertad y responsabilidad, y no hay mejor garant\u00eda de su cumplimiento que Mariano Rajoy Brey\u00bb, ha sentenciado la l\u00edder del PPC.<\/p>\n<p>S\u00e1nchez-Camacho ha asegurado tambi\u00e9n que el PP es el \u00ab\u00fanico partido\u00bb que sacar\u00e1 a Catalu\u00f1a de la \u00abcrisis econ\u00f3mica y del conflicto (soberanista) en el que nos han metido\u00bb, y ha lamentado que a Artur Mas le \u00abfalte el esp\u00edritu\u00bb de Josep Tarradellas, el primer presidente de la Generalitat de la democracia.<\/p>\n<p>Con Tarradellas, ha a\u00f1adido, no se habr\u00eda producido el \u00abdisparate\u00bb del desaf\u00edo soberanista.<\/p>\n<p>Todo en una cita a la que han acudido, acompa\u00f1ando a Rajoy y a S\u00e1nchez-Camacho, la vicepresidenta del Gobierno, Soraya S\u00e1enz de Santamar\u00eda; el ministro de Hacienda, Crist\u00f3bal Montoro; y los titulares de Interior, Jorge Fern\u00e1ndez D\u00edaz; e Industria, Jos\u00e9 Manuel Soria.<\/p>\n","protected":false},"excerpt":{"rendered":"<p>Barcelona, 25 ene (EFE).- El presidente del Gobierno, Mariano Rajoy, ha vuelto hoy a ser tajante en su promesa de que no habr\u00e1 consulta soberanista en Catalu\u00f1a ni se \u00abfragmentar\u00e1\u00bb Espa\u00f1a mientras \u00e9l est\u00e9 al frente del Ejecutivo, y ha subrayado otro compromiso: no cortar\u00e1 \u00abel grifo\u00bb de las ayudas econ\u00f3micas a la Generalitat. En [&hellip;]<\/p>\n","protected":false},"author":1,"featured_media":1132184,"comment_status":"closed","ping_status":"open","sticky":false,"template":"","format":"standard","meta":{"footnotes":""},"categories":[1],"tags":[],"class_list":["post-478947","post","type-post","status-publish","format-standard","has-post-thumbnail","hentry","category-actualidad"],"aioseo_notices":[],"aioseo_head":"\n\t\t<!-- All in One SEO Pro 5.0.1 - aioseo.com -->\n\t<meta name=\"description\" content=\"Barcelona, 25 ene (EFE).- El presidente del Gobierno, Mariano Rajoy, ha vuelto hoy a ser tajante en su promesa de que no habr\u00e1 consulta soberanista en Catalu\u00f1a ni se &quot;fragmentar\u00e1&quot; Espa\u00f1a mientras \u00e9l est\u00e9 al frente del Ejecutivo, y ha subrayado otro compromiso: no cortar\u00e1 &quot;el grifo&quot; de las ayudas econ\u00f3micas a la Generalitat. En\" \/>\n\t<meta name=\"robots\" content=\"max-image-preview:large\" \/>\n\t<meta name=\"author\" content=\"El Digital de Asturias\"\/>\n\t<meta name=\"google-site-verification\" content=\"UA-38556648-1\" \/>\n\t<meta name=\"msvalidate.01\" content=\"7dfe9f3f1b24437ab69f4f2559babe99\" \/>\n\t<meta name=\"keywords\" content=\"actualidad\" \/>\n\t<link rel=\"canonical\" href=\"https:\/\/www.eldigitaldeasturias.com\/noticias\/rajoy-promete-que-no-habra-consulta-ni-se-cortara-el-grifo-a-cataluna\/\" \/>\n\t<meta name=\"generator\" content=\"All in One SEO Pro (AIOSEO) 5.0.1\" \/>\n\t\t<meta property=\"og:locale\" content=\"es_ES\" \/>\n\t\t<meta property=\"og:site_name\" content=\"El Digital de Asturias\" \/>\n\t\t<meta property=\"og:type\" content=\"article\" \/>\n\t\t<meta property=\"og:title\" content=\"Rajoy promete que no habr\u00e1 consulta ni se cortar\u00e1 el grifo a Catalu\u00f1a - El Digital de Asturias\" \/>\n\t\t<meta property=\"og:description\" content=\"Barcelona, 25 ene (EFE).- El presidente del Gobierno, Mariano Rajoy, ha vuelto hoy a ser tajante en su promesa de que no habr\u00e1 consulta soberanista en Catalu\u00f1a ni se &quot;fragmentar\u00e1&quot; Espa\u00f1a mientras \u00e9l est\u00e9 al frente del Ejecutivo, y ha subrayado otro compromiso: no cortar\u00e1 &quot;el grifo&quot; de las ayudas econ\u00f3micas a la Generalitat. En\" \/>\n\t\t<meta property=\"og:url\" content=\"https:\/\/www.eldigitaldeasturias.com\/noticias\/rajoy-promete-que-no-habra-consulta-ni-se-cortara-el-grifo-a-cataluna\/\" \/>\n\t\t<meta property=\"og:image\" content=\"https:\/\/www.eldigitaldeasturias.com\/noticias\/wp-content\/uploads\/2026\/06\/Contenidos.jpg\" \/>\n\t\t<meta property=\"og:image:secure_url\" content=\"https:\/\/www.eldigitaldeasturias.com\/noticias\/wp-content\/uploads\/2026\/06\/Contenidos.jpg\" \/>\n\t\t<meta property=\"og:image:width\" content=\"1265\" \/>\n\t\t<meta property=\"og:image:height\" content=\"697\" \/>\n\t\t<meta property=\"article:tag\" content=\"actualidad\" \/>\n\t\t<meta property=\"article:published_time\" content=\"2014-01-25T22:20:12+00:00\" \/>\n\t\t<meta property=\"article:modified_time\" content=\"2014-01-25T22:20:12+00:00\" \/>\n\t\t<meta property=\"article:publisher\" content=\"https:\/\/facebook.com\/eldigitaldeasturias\" \/>\n\t\t<meta name=\"twitter:card\" content=\"summary_large_image\" \/>\n\t\t<meta name=\"twitter:title\" content=\"Rajoy promete que no habr\u00e1 consulta ni se cortar\u00e1 el grifo a Catalu\u00f1a - El Digital de Asturias\" \/>\n\t\t<meta name=\"twitter:description\" content=\"Barcelona, 25 ene (EFE).- El presidente del Gobierno, Mariano Rajoy, ha vuelto hoy a ser tajante en su promesa de que no habr\u00e1 consulta soberanista en Catalu\u00f1a ni se &quot;fragmentar\u00e1&quot; Espa\u00f1a mientras \u00e9l est\u00e9 al frente del Ejecutivo, y ha subrayado otro compromiso: no cortar\u00e1 &quot;el grifo&quot; de las ayudas econ\u00f3micas a la Generalitat. En\" \/>\n\t\t<meta name=\"twitter:image\" content=\"https:\/\/www.eldigitaldeasturias.com\/noticias\/wp-content\/uploads\/2026\/06\/Contenidos.jpg\" \/>\n\t\t<meta name=\"twitter:label1\" content=\"Escrito por\" \/>\n\t\t<meta name=\"twitter:data1\" content=\"El Digital de Asturias\" \/>\n\t\t<meta name=\"twitter:label2\" content=\"Tiempo de lectura estimado\" \/>\n\t\t<meta name=\"twitter:data2\" content=\"4 minutos\" \/>\n\t\t<script type=\"application\/ld+json\" class=\"aioseo-schema\">\n\t\t\t{\"@context\":\"https:\\\/\\\/schema.org\",\"@graph\":[{\"@type\":\"BlogPosting\",\"@id\":\"https:\\\/\\\/www.eldigitaldeasturias.com\\\/noticias\\\/rajoy-promete-que-no-habra-consulta-ni-se-cortara-el-grifo-a-cataluna\\\/#blogposting\",\"name\":\"Rajoy promete que no habr\\u00e1 consulta ni se cortar\\u00e1 el grifo a Catalu\\u00f1a - El Digital de Asturias\",\"headline\":\"Rajoy promete que no habr\\u00e1 consulta ni se cortar\\u00e1 el grifo a Catalu\\u00f1a\",\"author\":{\"@id\":\"https:\\\/\\\/www.eldigitaldeasturias.com\\\/noticias\\\/author\\\/admin\\\/#author\"},\"publisher\":{\"@id\":\"https:\\\/\\\/www.eldigitaldeasturias.com\\\/noticias\\\/#organization\"},\"image\":{\"@type\":\"ImageObject\",\"url\":\"https:\\\/\\\/www.eldigitaldeasturias.com\\\/noticias\\\/wp-content\\\/uploads\\\/2026\\\/06\\\/Contenidos.jpg\",\"width\":1265,\"height\":697,\"caption\":\"Contenidos\"},\"datePublished\":\"2014-01-25T21:20:12+01:00\",\"dateModified\":\"2014-01-25T21:20:12+01:00\",\"inLanguage\":\"es-ES\",\"mainEntityOfPage\":{\"@id\":\"https:\\\/\\\/www.eldigitaldeasturias.com\\\/noticias\\\/rajoy-promete-que-no-habra-consulta-ni-se-cortara-el-grifo-a-cataluna\\\/#webpage\"},\"isPartOf\":{\"@id\":\"https:\\\/\\\/www.eldigitaldeasturias.com\\\/noticias\\\/rajoy-promete-que-no-habra-consulta-ni-se-cortara-el-grifo-a-cataluna\\\/#webpage\"},\"articleSection\":\"Actualidad\"},{\"@type\":\"BreadcrumbList\",\"@id\":\"https:\\\/\\\/www.eldigitaldeasturias.com\\\/noticias\\\/rajoy-promete-que-no-habra-consulta-ni-se-cortara-el-grifo-a-cataluna\\\/#breadcrumblist\",\"itemListElement\":[{\"@type\":\"ListItem\",\"@id\":\"https:\\\/\\\/www.eldigitaldeasturias.com\\\/noticias#listItem\",\"position\":1,\"name\":\"Home\",\"item\":\"https:\\\/\\\/www.eldigitaldeasturias.com\\\/noticias\",\"nextItem\":{\"@type\":\"ListItem\",\"@id\":\"https:\\\/\\\/www.eldigitaldeasturias.com\\\/noticias\\\/category\\\/actualidad\\\/#listItem\",\"name\":\"Actualidad\"}},{\"@type\":\"ListItem\",\"@id\":\"https:\\\/\\\/www.eldigitaldeasturias.com\\\/noticias\\\/category\\\/actualidad\\\/#listItem\",\"position\":2,\"name\":\"Actualidad\",\"item\":\"https:\\\/\\\/www.eldigitaldeasturias.com\\\/noticias\\\/category\\\/actualidad\\\/\",\"nextItem\":{\"@type\":\"ListItem\",\"@id\":\"https:\\\/\\\/www.eldigitaldeasturias.com\\\/noticias\\\/rajoy-promete-que-no-habra-consulta-ni-se-cortara-el-grifo-a-cataluna\\\/#listItem\",\"name\":\"Rajoy promete que no habr\\u00e1 consulta ni se cortar\\u00e1 el grifo a Catalu\\u00f1a\"},\"previousItem\":{\"@type\":\"ListItem\",\"@id\":\"https:\\\/\\\/www.eldigitaldeasturias.com\\\/noticias#listItem\",\"name\":\"Home\"}},{\"@type\":\"ListItem\",\"@id\":\"https:\\\/\\\/www.eldigitaldeasturias.com\\\/noticias\\\/rajoy-promete-que-no-habra-consulta-ni-se-cortara-el-grifo-a-cataluna\\\/#listItem\",\"position\":3,\"name\":\"Rajoy promete que no habr\\u00e1 consulta ni se cortar\\u00e1 el grifo a Catalu\\u00f1a\",\"previousItem\":{\"@type\":\"ListItem\",\"@id\":\"https:\\\/\\\/www.eldigitaldeasturias.com\\\/noticias\\\/category\\\/actualidad\\\/#listItem\",\"name\":\"Actualidad\"}}]},{\"@type\":\"Organization\",\"@id\":\"https:\\\/\\\/www.eldigitaldeasturias.com\\\/noticias\\\/#organization\",\"name\":\"El Digital de Asturias\",\"description\":\"Hemeroteca\",\"url\":\"https:\\\/\\\/www.eldigitaldeasturias.com\\\/noticias\\\/\",\"email\":\"info@eldigitaldeasturias.com\",\"telephone\":\"+34652131393\",\"logo\":{\"@type\":\"ImageObject\",\"url\":\"https:\\\/\\\/www.eldigitaldeasturias.com\\\/noticias\\\/wp-content\\\/uploads\\\/2020\\\/12\\\/EDA.jpg\",\"@id\":\"https:\\\/\\\/www.eldigitaldeasturias.com\\\/noticias\\\/rajoy-promete-que-no-habra-consulta-ni-se-cortara-el-grifo-a-cataluna\\\/#organizationLogo\"},\"image\":{\"@id\":\"https:\\\/\\\/www.eldigitaldeasturias.com\\\/noticias\\\/rajoy-promete-que-no-habra-consulta-ni-se-cortara-el-grifo-a-cataluna\\\/#organizationLogo\"},\"sameAs\":[\"https:\\\/\\\/facebook.com\\\/eldigitaldeasturias\",\"https:\\\/\\\/www.youtube.com\\\/channel\\\/UCZP-2wLEB9Rv6erhFmqVnvg\"],\"address\":{\"@id\":\"https:\\\/\\\/www.eldigitaldeasturias.com\\\/noticias\\\/#postaladdress\",\"@type\":\"PostalAddress\",\"streetAddress\":\"san antonio 4\",\"postalCode\":\"33430\",\"addressLocality\":\"Cand\\u00e1s\",\"addressRegion\":\"Asturias\",\"addressCountry\":\"ES\"}},{\"@type\":\"Person\",\"@id\":\"https:\\\/\\\/www.eldigitaldeasturias.com\\\/noticias\\\/author\\\/admin\\\/#author\",\"url\":\"https:\\\/\\\/www.eldigitaldeasturias.com\\\/noticias\\\/author\\\/admin\\\/\",\"name\":\"El Digital de Asturias\",\"image\":{\"@type\":\"ImageObject\",\"@id\":\"https:\\\/\\\/www.eldigitaldeasturias.com\\\/noticias\\\/rajoy-promete-que-no-habra-consulta-ni-se-cortara-el-grifo-a-cataluna\\\/#authorImage\",\"url\":\"https:\\\/\\\/secure.gravatar.com\\\/avatar\\\/df2aeffc32bcd13f8d26072ef8a91b623d677766deac7f97ca815868cd41bf5e?s=96&d=mm&r=g\",\"width\":96,\"height\":96,\"caption\":\"El Digital de Asturias\"}},{\"@type\":\"WebPage\",\"@id\":\"https:\\\/\\\/www.eldigitaldeasturias.com\\\/noticias\\\/rajoy-promete-que-no-habra-consulta-ni-se-cortara-el-grifo-a-cataluna\\\/#webpage\",\"url\":\"https:\\\/\\\/www.eldigitaldeasturias.com\\\/noticias\\\/rajoy-promete-que-no-habra-consulta-ni-se-cortara-el-grifo-a-cataluna\\\/\",\"name\":\"Rajoy promete que no habr\\u00e1 consulta ni se cortar\\u00e1 el grifo a Catalu\\u00f1a - El Digital de Asturias\",\"description\":\"Barcelona, 25 ene (EFE).- El presidente del Gobierno, Mariano Rajoy, ha vuelto hoy a ser tajante en su promesa de que no habr\\u00e1 consulta soberanista en Catalu\\u00f1a ni se \\\"fragmentar\\u00e1\\\" Espa\\u00f1a mientras \\u00e9l est\\u00e9 al frente del Ejecutivo, y ha subrayado otro compromiso: no cortar\\u00e1 \\\"el grifo\\\" de las ayudas econ\\u00f3micas a la Generalitat. En\",\"inLanguage\":\"es-ES\",\"isPartOf\":{\"@id\":\"https:\\\/\\\/www.eldigitaldeasturias.com\\\/noticias\\\/#website\"},\"breadcrumb\":{\"@id\":\"https:\\\/\\\/www.eldigitaldeasturias.com\\\/noticias\\\/rajoy-promete-que-no-habra-consulta-ni-se-cortara-el-grifo-a-cataluna\\\/#breadcrumblist\"},\"author\":{\"@id\":\"https:\\\/\\\/www.eldigitaldeasturias.com\\\/noticias\\\/author\\\/admin\\\/#author\"},\"creator\":{\"@id\":\"https:\\\/\\\/www.eldigitaldeasturias.com\\\/noticias\\\/author\\\/admin\\\/#author\"},\"image\":{\"@type\":\"ImageObject\",\"url\":\"https:\\\/\\\/www.eldigitaldeasturias.com\\\/noticias\\\/wp-content\\\/uploads\\\/2026\\\/06\\\/Contenidos.jpg\",\"@id\":\"https:\\\/\\\/www.eldigitaldeasturias.com\\\/noticias\\\/rajoy-promete-que-no-habra-consulta-ni-se-cortara-el-grifo-a-cataluna\\\/#mainImage\",\"width\":1265,\"height\":697,\"caption\":\"Contenidos\"},\"primaryImageOfPage\":{\"@id\":\"https:\\\/\\\/www.eldigitaldeasturias.com\\\/noticias\\\/rajoy-promete-que-no-habra-consulta-ni-se-cortara-el-grifo-a-cataluna\\\/#mainImage\"},\"datePublished\":\"2014-01-25T21:20:12+01:00\",\"dateModified\":\"2014-01-25T21:20:12+01:00\"},{\"@type\":\"WebSite\",\"@id\":\"https:\\\/\\\/www.eldigitaldeasturias.com\\\/noticias\\\/#website\",\"url\":\"https:\\\/\\\/www.eldigitaldeasturias.com\\\/noticias\\\/\",\"name\":\"El Digital de Asturias - Diario de actualidad y noticias\",\"alternateName\":\"El Digital de Asturias - Diario de actualidad y noticias\",\"description\":\"Hemeroteca\",\"inLanguage\":\"es-ES\",\"publisher\":{\"@id\":\"https:\\\/\\\/www.eldigitaldeasturias.com\\\/noticias\\\/#organization\"}}]}\n\t\t<\/script>\n\t\t<!-- All in One SEO Pro -->\r\n\t\t<title>Rajoy promete que no habr\u00e1 consulta ni se cortar\u00e1 el grifo a Catalu\u00f1a - El Digital de Asturias<\/title>\n\n","aioseo_head_json":{"title":"Rajoy promete que no habr\u00e1 consulta ni se cortar\u00e1 el grifo a Catalu\u00f1a - El Digital de Asturias","description":"Barcelona, 25 ene (EFE).- El presidente del Gobierno, Mariano Rajoy, ha vuelto hoy a ser tajante en su promesa de que no habr\u00e1 consulta soberanista en Catalu\u00f1a ni se \"fragmentar\u00e1\" Espa\u00f1a mientras \u00e9l est\u00e9 al frente del Ejecutivo, y ha subrayado otro compromiso: no cortar\u00e1 \"el grifo\" de las ayudas econ\u00f3micas a la Generalitat. En","canonical_url":"https:\/\/www.eldigitaldeasturias.com\/noticias\/rajoy-promete-que-no-habra-consulta-ni-se-cortara-el-grifo-a-cataluna\/","robots":"max-image-preview:large","keywords":"actualidad","webmasterTools":{"google-site-verification":"UA-38556648-1","msvalidate.01":"7dfe9f3f1b24437ab69f4f2559babe99","miscellaneous":""},"schema":{"@context":"https:\/\/schema.org","@graph":[{"@type":"BlogPosting","@id":"https:\/\/www.eldigitaldeasturias.com\/noticias\/rajoy-promete-que-no-habra-consulta-ni-se-cortara-el-grifo-a-cataluna\/#blogposting","name":"Rajoy promete que no habr\u00e1 consulta ni se cortar\u00e1 el grifo a Catalu\u00f1a - El Digital de Asturias","headline":"Rajoy promete que no habr\u00e1 consulta ni se cortar\u00e1 el grifo a Catalu\u00f1a","author":{"@id":"https:\/\/www.eldigitaldeasturias.com\/noticias\/author\/admin\/#author"},"publisher":{"@id":"https:\/\/www.eldigitaldeasturias.com\/noticias\/#organization"},"image":{"@type":"ImageObject","url":"https:\/\/www.eldigitaldeasturias.com\/noticias\/wp-content\/uploads\/2026\/06\/Contenidos.jpg","width":1265,"height":697,"caption":"Contenidos"},"datePublished":"2014-01-25T21:20:12+01:00","dateModified":"2014-01-25T21:20:12+01:00","inLanguage":"es-ES","mainEntityOfPage":{"@id":"https:\/\/www.eldigitaldeasturias.com\/noticias\/rajoy-promete-que-no-habra-consulta-ni-se-cortara-el-grifo-a-cataluna\/#webpage"},"isPartOf":{"@id":"https:\/\/www.eldigitaldeasturias.com\/noticias\/rajoy-promete-que-no-habra-consulta-ni-se-cortara-el-grifo-a-cataluna\/#webpage"},"articleSection":"Actualidad"},{"@type":"BreadcrumbList","@id":"https:\/\/www.eldigitaldeasturias.com\/noticias\/rajoy-promete-que-no-habra-consulta-ni-se-cortara-el-grifo-a-cataluna\/#breadcrumblist","itemListElement":[{"@type":"ListItem","@id":"https:\/\/www.eldigitaldeasturias.com\/noticias#listItem","position":1,"name":"Home","item":"https:\/\/www.eldigitaldeasturias.com\/noticias","nextItem":{"@type":"ListItem","@id":"https:\/\/www.eldigitaldeasturias.com\/noticias\/category\/actualidad\/#listItem","name":"Actualidad"}},{"@type":"ListItem","@id":"https:\/\/www.eldigitaldeasturias.com\/noticias\/category\/actualidad\/#listItem","position":2,"name":"Actualidad","item":"https:\/\/www.eldigitaldeasturias.com\/noticias\/category\/actualidad\/","nextItem":{"@type":"ListItem","@id":"https:\/\/www.eldigitaldeasturias.com\/noticias\/rajoy-promete-que-no-habra-consulta-ni-se-cortara-el-grifo-a-cataluna\/#listItem","name":"Rajoy promete que no habr\u00e1 consulta ni se cortar\u00e1 el grifo a Catalu\u00f1a"},"previousItem":{"@type":"ListItem","@id":"https:\/\/www.eldigitaldeasturias.com\/noticias#listItem","name":"Home"}},{"@type":"ListItem","@id":"https:\/\/www.eldigitaldeasturias.com\/noticias\/rajoy-promete-que-no-habra-consulta-ni-se-cortara-el-grifo-a-cataluna\/#listItem","position":3,"name":"Rajoy promete que no habr\u00e1 consulta ni se cortar\u00e1 el grifo a Catalu\u00f1a","previousItem":{"@type":"ListItem","@id":"https:\/\/www.eldigitaldeasturias.com\/noticias\/category\/actualidad\/#listItem","name":"Actualidad"}}]},{"@type":"Organization","@id":"https:\/\/www.eldigitaldeasturias.com\/noticias\/#organization","name":"El Digital de Asturias","description":"Hemeroteca","url":"https:\/\/www.eldigitaldeasturias.com\/noticias\/","email":"info@eldigitaldeasturias.com","telephone":"+34652131393","logo":{"@type":"ImageObject","url":"https:\/\/www.eldigitaldeasturias.com\/noticias\/wp-content\/uploads\/2020\/12\/EDA.jpg","@id":"https:\/\/www.eldigitaldeasturias.com\/noticias\/rajoy-promete-que-no-habra-consulta-ni-se-cortara-el-grifo-a-cataluna\/#organizationLogo"},"image":{"@id":"https:\/\/www.eldigitaldeasturias.com\/noticias\/rajoy-promete-que-no-habra-consulta-ni-se-cortara-el-grifo-a-cataluna\/#organizationLogo"},"sameAs":["https:\/\/facebook.com\/eldigitaldeasturias","https:\/\/www.youtube.com\/channel\/UCZP-2wLEB9Rv6erhFmqVnvg"],"address":{"@id":"https:\/\/www.eldigitaldeasturias.com\/noticias\/#postaladdress","@type":"PostalAddress","streetAddress":"san antonio 4","postalCode":"33430","addressLocality":"Cand\u00e1s","addressRegion":"Asturias","addressCountry":"ES"}},{"@type":"Person","@id":"https:\/\/www.eldigitaldeasturias.com\/noticias\/author\/admin\/#author","url":"https:\/\/www.eldigitaldeasturias.com\/noticias\/author\/admin\/","name":"El Digital de Asturias","image":{"@type":"ImageObject","@id":"https:\/\/www.eldigitaldeasturias.com\/noticias\/rajoy-promete-que-no-habra-consulta-ni-se-cortara-el-grifo-a-cataluna\/#authorImage","url":"https:\/\/secure.gravatar.com\/avatar\/df2aeffc32bcd13f8d26072ef8a91b623d677766deac7f97ca815868cd41bf5e?s=96&d=mm&r=g","width":96,"height":96,"caption":"El Digital de Asturias"}},{"@type":"WebPage","@id":"https:\/\/www.eldigitaldeasturias.com\/noticias\/rajoy-promete-que-no-habra-consulta-ni-se-cortara-el-grifo-a-cataluna\/#webpage","url":"https:\/\/www.eldigitaldeasturias.com\/noticias\/rajoy-promete-que-no-habra-consulta-ni-se-cortara-el-grifo-a-cataluna\/","name":"Rajoy promete que no habr\u00e1 consulta ni se cortar\u00e1 el grifo a Catalu\u00f1a - El Digital de Asturias","description":"Barcelona, 25 ene (EFE).- El presidente del Gobierno, Mariano Rajoy, ha vuelto hoy a ser tajante en su promesa de que no habr\u00e1 consulta soberanista en Catalu\u00f1a ni se \"fragmentar\u00e1\" Espa\u00f1a mientras \u00e9l est\u00e9 al frente del Ejecutivo, y ha subrayado otro compromiso: no cortar\u00e1 \"el grifo\" de las ayudas econ\u00f3micas a la Generalitat. En","inLanguage":"es-ES","isPartOf":{"@id":"https:\/\/www.eldigitaldeasturias.com\/noticias\/#website"},"breadcrumb":{"@id":"https:\/\/www.eldigitaldeasturias.com\/noticias\/rajoy-promete-que-no-habra-consulta-ni-se-cortara-el-grifo-a-cataluna\/#breadcrumblist"},"author":{"@id":"https:\/\/www.eldigitaldeasturias.com\/noticias\/author\/admin\/#author"},"creator":{"@id":"https:\/\/www.eldigitaldeasturias.com\/noticias\/author\/admin\/#author"},"image":{"@type":"ImageObject","url":"https:\/\/www.eldigitaldeasturias.com\/noticias\/wp-content\/uploads\/2026\/06\/Contenidos.jpg","@id":"https:\/\/www.eldigitaldeasturias.com\/noticias\/rajoy-promete-que-no-habra-consulta-ni-se-cortara-el-grifo-a-cataluna\/#mainImage","width":1265,"height":697,"caption":"Contenidos"},"primaryImageOfPage":{"@id":"https:\/\/www.eldigitaldeasturias.com\/noticias\/rajoy-promete-que-no-habra-consulta-ni-se-cortara-el-grifo-a-cataluna\/#mainImage"},"datePublished":"2014-01-25T21:20:12+01:00","dateModified":"2014-01-25T21:20:12+01:00"},{"@type":"WebSite","@id":"https:\/\/www.eldigitaldeasturias.com\/noticias\/#website","url":"https:\/\/www.eldigitaldeasturias.com\/noticias\/","name":"El Digital de Asturias - Diario de actualidad y noticias","alternateName":"El Digital de Asturias - Diario de actualidad y noticias","description":"Hemeroteca","inLanguage":"es-ES","publisher":{"@id":"https:\/\/www.eldigitaldeasturias.com\/noticias\/#organization"}}]},"og:locale":"es_ES","og:site_name":"El Digital de Asturias","og:type":"article","og:title":"Rajoy promete que no habr\u00e1 consulta ni se cortar\u00e1 el grifo a Catalu\u00f1a - El Digital de Asturias","og:description":"Barcelona, 25 ene (EFE).- El presidente del Gobierno, Mariano Rajoy, ha vuelto hoy a ser tajante en su promesa de que no habr\u00e1 consulta soberanista en Catalu\u00f1a ni se &quot;fragmentar\u00e1&quot; Espa\u00f1a mientras \u00e9l est\u00e9 al frente del Ejecutivo, y ha subrayado otro compromiso: no cortar\u00e1 &quot;el grifo&quot; de las ayudas econ\u00f3micas a la Generalitat. En","og:url":"https:\/\/www.eldigitaldeasturias.com\/noticias\/rajoy-promete-que-no-habra-consulta-ni-se-cortara-el-grifo-a-cataluna\/","og:image":"https:\/\/www.eldigitaldeasturias.com\/noticias\/wp-content\/uploads\/2026\/06\/Contenidos.jpg","og:image:secure_url":"https:\/\/www.eldigitaldeasturias.com\/noticias\/wp-content\/uploads\/2026\/06\/Contenidos.jpg","og:image:width":1265,"og:image:height":697,"article:tag":["actualidad"],"article:published_time":"2014-01-25T22:20:12+00:00","article:modified_time":"2014-01-25T22:20:12+00:00","article:publisher":"https:\/\/facebook.com\/eldigitaldeasturias","twitter:card":"summary_large_image","twitter:title":"Rajoy promete que no habr\u00e1 consulta ni se cortar\u00e1 el grifo a Catalu\u00f1a - El Digital de Asturias","twitter:description":"Barcelona, 25 ene (EFE).- El presidente del Gobierno, Mariano Rajoy, ha vuelto hoy a ser tajante en su promesa de que no habr\u00e1 consulta soberanista en Catalu\u00f1a ni se &quot;fragmentar\u00e1&quot; Espa\u00f1a mientras \u00e9l est\u00e9 al frente del Ejecutivo, y ha subrayado otro compromiso: no cortar\u00e1 &quot;el grifo&quot; de las ayudas econ\u00f3micas a la Generalitat. En","twitter:image":"https:\/\/www.eldigitaldeasturias.com\/noticias\/wp-content\/uploads\/2026\/06\/Contenidos.jpg","twitter:label1":"Escrito por","twitter:data1":"El Digital de Asturias","twitter:label2":"Tiempo de lectura estimado","twitter:data2":"4 minutos"},"aioseo_meta_data":{"post_id":"478947","title":null,"description":null,"keywords":null,"keyphrases":null,"primary_term":null,"canonical_url":null,"og_title":null,"og_description":null,"og_object_type":"default","og_image_type":"default","og_image_url":null,"og_image_width":null,"og_image_height":null,"og_image_custom_url":null,"og_image_custom_fields":null,"og_video":null,"og_custom_url":null,"og_article_section":null,"og_article_tags":null,"twitter_use_og":true,"twitter_card":"default","twitter_image_type":"default","twitter_image_url":null,"twitter_image_custom_url":null,"twitter_image_custom_fields":null,"twitter_title":null,"twitter_description":null,"schema":{"blockGraphs":[],"customGraphs":[],"default":{"data":{"Article":[],"Course":[],"Dataset":[],"FAQPage":[],"Movie":[],"Person":[],"Product":[],"ProductReview":[],"Car":[],"Recipe":[],"Service":[],"SoftwareApplication":[],"WebPage":[]},"graphName":"","isEnabled":true},"graphs":[],"defaultGraph":"","defaultPostTypeGraph":""},"schema_type":null,"schema_type_options":null,"pillar_content":false,"robots_default":true,"robots_noindex":false,"robots_noarchive":false,"robots_nosnippet":false,"robots_nofollow":false,"robots_noimageindex":false,"robots_noodp":false,"robots_notranslate":false,"robots_max_snippet":null,"robots_max_videopreview":null,"robots_max_imagepreview":"none","priority":null,"frequency":null,"local_seo":null,"seo_analyzer_scan_date":"2026-06-01 23:00:57","breadcrumb_settings":null,"limit_modified_date":false,"open_ai":null,"ai":null,"created":"2020-11-14 22:53:58","updated":"2026-06-01 23:00:57","focus_keyword":null,"additional_keywords":null,"truseo_locale":null},"aioseo_breadcrumb":"<div class=\"aioseo-breadcrumbs\"><span class=\"aioseo-breadcrumb\">\n\t<a href=\"https:\/\/www.eldigitaldeasturias.com\/noticias\" title=\"Home\">Home<\/a>\n<\/span><span class=\"aioseo-breadcrumb-separator\">\u2013<\/span><span class=\"aioseo-breadcrumb\">\n\t<a href=\"https:\/\/www.eldigitaldeasturias.com\/noticias\/category\/actualidad\/\" title=\"Actualidad\">Actualidad<\/a>\n<\/span><span class=\"aioseo-breadcrumb-separator\">\u2013<\/span><span class=\"aioseo-breadcrumb\">\n\t<a href=\"https:\/\/www.eldigitaldeasturias.com\/noticias\/rajoy-promete-que-no-habra-consulta-ni-se-cortara-el-grifo-a-cataluna\/\" title=\"Rajoy promete que no habr\u00e1 consulta ni se cortar\u00e1 el grifo a Catalu\u00f1a\">Rajoy promete que no habr\u00e1 consulta ni se cortar\u00e1 el grifo a Catalu\u00f1a<\/a>\n<\/span><\/div>","aioseo_breadcrumb_json":[{"label":"Home","link":"https:\/\/www.eldigitaldeasturias.com\/noticias"},{"label":"Actualidad","link":"https:\/\/www.eldigitaldeasturias.com\/noticias\/category\/actualidad\/"},{"label":"Rajoy promete que no habr\u00e1 consulta ni se cortar\u00e1 el grifo a Catalu\u00f1a","link":"https:\/\/www.eldigitaldeasturias.com\/noticias\/rajoy-promete-que-no-habra-consulta-ni-se-cortara-el-grifo-a-cataluna\/"}],"_links":{"self":[{"href":"https:\/\/www.eldigitaldeasturias.com\/noticias\/wp-json\/wp\/v2\/posts\/478947","targetHints":{"allow":["GET"]}}],"collection":[{"href":"https:\/\/www.eldigitaldeasturias.com\/noticias\/wp-json\/wp\/v2\/posts"}],"about":[{"href":"https:\/\/www.eldigitaldeasturias.com\/noticias\/wp-json\/wp\/v2\/types\/post"}],"author":[{"embeddable":true,"href":"https:\/\/www.eldigitaldeasturias.com\/noticias\/wp-json\/wp\/v2\/users\/1"}],"replies":[{"embeddable":true,"href":"https:\/\/www.eldigitaldeasturias.com\/noticias\/wp-json\/wp\/v2\/comments?post=478947"}],"version-history":[{"count":0,"href":"https:\/\/www.eldigitaldeasturias.com\/noticias\/wp-json\/wp\/v2\/posts\/478947\/revisions"}],"wp:featuredmedia":[{"embeddable":true,"href":"https:\/\/www.eldigitaldeasturias.com\/noticias\/wp-json\/wp\/v2\/media\/1132184"}],"wp:attachment":[{"href":"https:\/\/www.eldigitaldeasturias.com\/noticias\/wp-json\/wp\/v2\/media?parent=478947"}],"wp:term":[{"taxonomy":"category","embeddable":true,"href":"https:\/\/www.eldigitaldeasturias.com\/noticias\/wp-json\/wp\/v2\/categories?post=478947"},{"taxonomy":"post_tag","embeddable":true,"href":"https:\/\/www.eldigitaldeasturias.com\/noticias\/wp-json\/wp\/v2\/tags?post=478947"}],"curies":[{"name":"wp","href":"https:\/\/api.w.org\/{rel}","templated":true}]}}