{"id":478941,"date":"2014-01-25T21:16:28","date_gmt":"2014-01-25T22:16:28","guid":{"rendered":"http:\/\/www.eldigitaldeasturias.com\/noticias\/?p=478941"},"modified":"2014-01-25T21:16:28","modified_gmt":"2014-01-25T22:16:28","slug":"una-protesta-contra-la-ultraderecha-deja-15-detenidos-y-20-heridos-en-viena","status":"publish","type":"post","link":"https:\/\/www.eldigitaldeasturias.com\/noticias\/una-protesta-contra-la-ultraderecha-deja-15-detenidos-y-20-heridos-en-viena\/","title":{"rendered":"Una protesta contra la ultraderecha deja 15 detenidos y 20 heridos en Viena"},"content":{"rendered":"<p><img loading=\"lazy\" decoding=\"async\" class=\"alignleft size-medium wp-image-478942\" alt=\"5876292w\" src=\"https:\/\/www.eldigitaldeasturias.com\/noticias\/wp-content\/uploads\/2014\/01\/5876292w-360x234.jpg\" width=\"360\" height=\"234\" \/>Viena, 25 ene (EFE).- Veinte heridos, quince detenidos y da\u00f1os materiales por valor de un mill\u00f3n de euros, es el balance de los incidentes registrados el viernes por la noche en Viena durante la protesta contra un acto de la ultraderecha, inform\u00f3 hoy la Polic\u00eda.<\/p>\n<p>La manifestaci\u00f3n, convocada contra un baile organizado por el ultranacionalista Partido Liberal Austr\u00edaco (FP\u00d6), reuni\u00f3 a entre 6.000 y 8.000 personas en el centro de la capital y transcurri\u00f3 en l\u00edneas generales de forma pac\u00edfica.<\/p>\n<p>Sin embargo, algunos grupos de manifestantes encapuchados atacaron veh\u00edculos policiales, destrozando once de ellos, una comisar\u00eda y comercios, se\u00f1al\u00f3 hoy la radiotelevisi\u00f3n p\u00fablica ORF, citando fuentes policiales.<\/p>\n<p>La ministra del Interior, Johanna Mikl-Leitner, lament\u00f3 que un grupo de violentos desacreditara a una mayor\u00eda de manifestantes pac\u00edficos.<\/p>\n<p>La Polic\u00eda ha sido objeto de cr\u00edticas por haber desplegado agentes frente a la Academia de Bellas Artes, donde se celebraba una jornada nocturna de puertas abiertas, para controlar a quienes salieran del edificio, ante la sospecha de que manifestantes violentos se hab\u00edan escondido all\u00ed.<\/p>\n<p>Previamente, varios medios de comunicaci\u00f3n, sindicatos y la ONG Reporteros sin Fronteras hab\u00edan denunciado la decisi\u00f3n de cerrar todos los accesos, incluido a los periodistas, a la zona del Hofburg, donde se celebraba el \u00abAkademiker Ball\u00bb del FP\u00d6, conocido por su discurso xen\u00f3fobo y ultranacionalista.<\/p>\n<p>La \u00faltima edici\u00f3n del baile se celebr\u00f3 en 2012 con la participaci\u00f3n de cofrad\u00edas estudiantiles conocidas por sus simpat\u00edas nazis, as\u00ed como de l\u00edderes \u00abultras\u00bb europeos como la del Frente Nacional franc\u00e9s, Marine Le Pen.<\/p>\n<p>El baile de 2012 desat\u00f3 la pol\u00e9mica porque se celebr\u00f3 el 27 de enero, coincidiendo con el D\u00eda Internacional de Conmemoraci\u00f3n del Holocausto.<\/p>\n","protected":false},"excerpt":{"rendered":"<p>Viena, 25 ene (EFE).- Veinte heridos, quince detenidos y da\u00f1os materiales por valor de un mill\u00f3n de euros, es el balance de los incidentes registrados el viernes por la noche en Viena durante la protesta contra un acto de la ultraderecha, inform\u00f3 hoy la Polic\u00eda. La manifestaci\u00f3n, convocada contra un baile organizado por el ultranacionalista [&hellip;]<\/p>\n","protected":false},"author":1,"featured_media":1132184,"comment_status":"closed","ping_status":"open","sticky":false,"template":"","format":"standard","meta":{"footnotes":""},"categories":[1],"tags":[],"class_list":["post-478941","post","type-post","status-publish","format-standard","has-post-thumbnail","hentry","category-actualidad"],"aioseo_notices":[],"aioseo_head":"\n\t\t<!-- All in One SEO Pro 5.0.1 - aioseo.com -->\n\t<meta name=\"description\" content=\"Viena, 25 ene (EFE).- Veinte heridos, quince detenidos y da\u00f1os materiales por valor de un mill\u00f3n de euros, es el balance de los incidentes registrados el viernes por la noche en Viena durante la protesta contra un acto de la ultraderecha, inform\u00f3 hoy la Polic\u00eda. La manifestaci\u00f3n, convocada contra un baile organizado por el ultranacionalista\" \/>\n\t<meta name=\"robots\" content=\"max-image-preview:large\" \/>\n\t<meta name=\"author\" content=\"El Digital de Asturias\"\/>\n\t<meta name=\"google-site-verification\" content=\"UA-38556648-1\" \/>\n\t<meta name=\"msvalidate.01\" content=\"7dfe9f3f1b24437ab69f4f2559babe99\" \/>\n\t<meta name=\"keywords\" content=\"actualidad\" \/>\n\t<link rel=\"canonical\" href=\"https:\/\/www.eldigitaldeasturias.com\/noticias\/una-protesta-contra-la-ultraderecha-deja-15-detenidos-y-20-heridos-en-viena\/\" \/>\n\t<meta name=\"generator\" content=\"All in One SEO Pro (AIOSEO) 5.0.1\" \/>\n\t\t<meta property=\"og:locale\" content=\"es_ES\" \/>\n\t\t<meta property=\"og:site_name\" content=\"El Digital de Asturias\" \/>\n\t\t<meta property=\"og:type\" content=\"article\" \/>\n\t\t<meta property=\"og:title\" content=\"Una protesta contra la ultraderecha deja 15 detenidos y 20 heridos en Viena - El Digital de Asturias\" \/>\n\t\t<meta property=\"og:description\" content=\"Viena, 25 ene (EFE).- Veinte heridos, quince detenidos y da\u00f1os materiales por valor de un mill\u00f3n de euros, es el balance de los incidentes registrados el viernes por la noche en Viena durante la protesta contra un acto de la ultraderecha, inform\u00f3 hoy la Polic\u00eda. La manifestaci\u00f3n, convocada contra un baile organizado por el ultranacionalista\" \/>\n\t\t<meta property=\"og:url\" content=\"https:\/\/www.eldigitaldeasturias.com\/noticias\/una-protesta-contra-la-ultraderecha-deja-15-detenidos-y-20-heridos-en-viena\/\" \/>\n\t\t<meta property=\"og:image\" content=\"https:\/\/www.eldigitaldeasturias.com\/noticias\/wp-content\/uploads\/2026\/06\/Contenidos.jpg\" \/>\n\t\t<meta property=\"og:image:secure_url\" content=\"https:\/\/www.eldigitaldeasturias.com\/noticias\/wp-content\/uploads\/2026\/06\/Contenidos.jpg\" \/>\n\t\t<meta property=\"og:image:width\" content=\"1265\" \/>\n\t\t<meta property=\"og:image:height\" content=\"697\" \/>\n\t\t<meta property=\"article:tag\" content=\"actualidad\" \/>\n\t\t<meta property=\"article:published_time\" content=\"2014-01-25T22:16:28+00:00\" \/>\n\t\t<meta property=\"article:modified_time\" content=\"2014-01-25T22:16:28+00:00\" \/>\n\t\t<meta property=\"article:publisher\" content=\"https:\/\/facebook.com\/eldigitaldeasturias\" \/>\n\t\t<meta name=\"twitter:card\" content=\"summary_large_image\" \/>\n\t\t<meta name=\"twitter:title\" content=\"Una protesta contra la ultraderecha deja 15 detenidos y 20 heridos en Viena - El Digital de Asturias\" \/>\n\t\t<meta name=\"twitter:description\" content=\"Viena, 25 ene (EFE).- Veinte heridos, quince detenidos y da\u00f1os materiales por valor de un mill\u00f3n de euros, es el balance de los incidentes registrados el viernes por la noche en Viena durante la protesta contra un acto de la ultraderecha, inform\u00f3 hoy la Polic\u00eda. La manifestaci\u00f3n, convocada contra un baile organizado por el ultranacionalista\" \/>\n\t\t<meta name=\"twitter:image\" content=\"https:\/\/www.eldigitaldeasturias.com\/noticias\/wp-content\/uploads\/2026\/06\/Contenidos.jpg\" \/>\n\t\t<meta name=\"twitter:label1\" content=\"Escrito por\" \/>\n\t\t<meta name=\"twitter:data1\" content=\"El Digital de Asturias\" \/>\n\t\t<meta name=\"twitter:label2\" content=\"Tiempo de lectura estimado\" \/>\n\t\t<meta name=\"twitter:data2\" content=\"1 minuto\" \/>\n\t\t<script type=\"application\/ld+json\" class=\"aioseo-schema\">\n\t\t\t{\"@context\":\"https:\\\/\\\/schema.org\",\"@graph\":[{\"@type\":\"BlogPosting\",\"@id\":\"https:\\\/\\\/www.eldigitaldeasturias.com\\\/noticias\\\/una-protesta-contra-la-ultraderecha-deja-15-detenidos-y-20-heridos-en-viena\\\/#blogposting\",\"name\":\"Una protesta contra la ultraderecha deja 15 detenidos y 20 heridos en Viena - El Digital de Asturias\",\"headline\":\"Una protesta contra la ultraderecha deja 15 detenidos y 20 heridos en Viena\",\"author\":{\"@id\":\"https:\\\/\\\/www.eldigitaldeasturias.com\\\/noticias\\\/author\\\/admin\\\/#author\"},\"publisher\":{\"@id\":\"https:\\\/\\\/www.eldigitaldeasturias.com\\\/noticias\\\/#organization\"},\"image\":{\"@type\":\"ImageObject\",\"url\":\"https:\\\/\\\/www.eldigitaldeasturias.com\\\/noticias\\\/wp-content\\\/uploads\\\/2026\\\/06\\\/Contenidos.jpg\",\"width\":1265,\"height\":697,\"caption\":\"Contenidos\"},\"datePublished\":\"2014-01-25T21:16:28+01:00\",\"dateModified\":\"2014-01-25T21:16:28+01:00\",\"inLanguage\":\"es-ES\",\"mainEntityOfPage\":{\"@id\":\"https:\\\/\\\/www.eldigitaldeasturias.com\\\/noticias\\\/una-protesta-contra-la-ultraderecha-deja-15-detenidos-y-20-heridos-en-viena\\\/#webpage\"},\"isPartOf\":{\"@id\":\"https:\\\/\\\/www.eldigitaldeasturias.com\\\/noticias\\\/una-protesta-contra-la-ultraderecha-deja-15-detenidos-y-20-heridos-en-viena\\\/#webpage\"},\"articleSection\":\"Actualidad\"},{\"@type\":\"BreadcrumbList\",\"@id\":\"https:\\\/\\\/www.eldigitaldeasturias.com\\\/noticias\\\/una-protesta-contra-la-ultraderecha-deja-15-detenidos-y-20-heridos-en-viena\\\/#breadcrumblist\",\"itemListElement\":[{\"@type\":\"ListItem\",\"@id\":\"https:\\\/\\\/www.eldigitaldeasturias.com\\\/noticias#listItem\",\"position\":1,\"name\":\"Home\",\"item\":\"https:\\\/\\\/www.eldigitaldeasturias.com\\\/noticias\",\"nextItem\":{\"@type\":\"ListItem\",\"@id\":\"https:\\\/\\\/www.eldigitaldeasturias.com\\\/noticias\\\/category\\\/actualidad\\\/#listItem\",\"name\":\"Actualidad\"}},{\"@type\":\"ListItem\",\"@id\":\"https:\\\/\\\/www.eldigitaldeasturias.com\\\/noticias\\\/category\\\/actualidad\\\/#listItem\",\"position\":2,\"name\":\"Actualidad\",\"item\":\"https:\\\/\\\/www.eldigitaldeasturias.com\\\/noticias\\\/category\\\/actualidad\\\/\",\"nextItem\":{\"@type\":\"ListItem\",\"@id\":\"https:\\\/\\\/www.eldigitaldeasturias.com\\\/noticias\\\/una-protesta-contra-la-ultraderecha-deja-15-detenidos-y-20-heridos-en-viena\\\/#listItem\",\"name\":\"Una protesta contra la ultraderecha deja 15 detenidos y 20 heridos en Viena\"},\"previousItem\":{\"@type\":\"ListItem\",\"@id\":\"https:\\\/\\\/www.eldigitaldeasturias.com\\\/noticias#listItem\",\"name\":\"Home\"}},{\"@type\":\"ListItem\",\"@id\":\"https:\\\/\\\/www.eldigitaldeasturias.com\\\/noticias\\\/una-protesta-contra-la-ultraderecha-deja-15-detenidos-y-20-heridos-en-viena\\\/#listItem\",\"position\":3,\"name\":\"Una protesta contra la ultraderecha deja 15 detenidos y 20 heridos en Viena\",\"previousItem\":{\"@type\":\"ListItem\",\"@id\":\"https:\\\/\\\/www.eldigitaldeasturias.com\\\/noticias\\\/category\\\/actualidad\\\/#listItem\",\"name\":\"Actualidad\"}}]},{\"@type\":\"Organization\",\"@id\":\"https:\\\/\\\/www.eldigitaldeasturias.com\\\/noticias\\\/#organization\",\"name\":\"El Digital de Asturias\",\"description\":\"Hemeroteca\",\"url\":\"https:\\\/\\\/www.eldigitaldeasturias.com\\\/noticias\\\/\",\"email\":\"info@eldigitaldeasturias.com\",\"telephone\":\"+34652131393\",\"logo\":{\"@type\":\"ImageObject\",\"url\":\"https:\\\/\\\/www.eldigitaldeasturias.com\\\/noticias\\\/wp-content\\\/uploads\\\/2020\\\/12\\\/EDA.jpg\",\"@id\":\"https:\\\/\\\/www.eldigitaldeasturias.com\\\/noticias\\\/una-protesta-contra-la-ultraderecha-deja-15-detenidos-y-20-heridos-en-viena\\\/#organizationLogo\"},\"image\":{\"@id\":\"https:\\\/\\\/www.eldigitaldeasturias.com\\\/noticias\\\/una-protesta-contra-la-ultraderecha-deja-15-detenidos-y-20-heridos-en-viena\\\/#organizationLogo\"},\"sameAs\":[\"https:\\\/\\\/facebook.com\\\/eldigitaldeasturias\",\"https:\\\/\\\/www.youtube.com\\\/channel\\\/UCZP-2wLEB9Rv6erhFmqVnvg\"],\"address\":{\"@id\":\"https:\\\/\\\/www.eldigitaldeasturias.com\\\/noticias\\\/#postaladdress\",\"@type\":\"PostalAddress\",\"streetAddress\":\"san antonio 4\",\"postalCode\":\"33430\",\"addressLocality\":\"Cand\\u00e1s\",\"addressRegion\":\"Asturias\",\"addressCountry\":\"ES\"}},{\"@type\":\"Person\",\"@id\":\"https:\\\/\\\/www.eldigitaldeasturias.com\\\/noticias\\\/author\\\/admin\\\/#author\",\"url\":\"https:\\\/\\\/www.eldigitaldeasturias.com\\\/noticias\\\/author\\\/admin\\\/\",\"name\":\"El Digital de Asturias\",\"image\":{\"@type\":\"ImageObject\",\"@id\":\"https:\\\/\\\/www.eldigitaldeasturias.com\\\/noticias\\\/una-protesta-contra-la-ultraderecha-deja-15-detenidos-y-20-heridos-en-viena\\\/#authorImage\",\"url\":\"https:\\\/\\\/secure.gravatar.com\\\/avatar\\\/df2aeffc32bcd13f8d26072ef8a91b623d677766deac7f97ca815868cd41bf5e?s=96&d=mm&r=g\",\"width\":96,\"height\":96,\"caption\":\"El Digital de Asturias\"}},{\"@type\":\"WebPage\",\"@id\":\"https:\\\/\\\/www.eldigitaldeasturias.com\\\/noticias\\\/una-protesta-contra-la-ultraderecha-deja-15-detenidos-y-20-heridos-en-viena\\\/#webpage\",\"url\":\"https:\\\/\\\/www.eldigitaldeasturias.com\\\/noticias\\\/una-protesta-contra-la-ultraderecha-deja-15-detenidos-y-20-heridos-en-viena\\\/\",\"name\":\"Una protesta contra la ultraderecha deja 15 detenidos y 20 heridos en Viena - El Digital de Asturias\",\"description\":\"Viena, 25 ene (EFE).- Veinte heridos, quince detenidos y da\\u00f1os materiales por valor de un mill\\u00f3n de euros, es el balance de los incidentes registrados el viernes por la noche en Viena durante la protesta contra un acto de la ultraderecha, inform\\u00f3 hoy la Polic\\u00eda. La manifestaci\\u00f3n, convocada contra un baile organizado por el ultranacionalista\",\"inLanguage\":\"es-ES\",\"isPartOf\":{\"@id\":\"https:\\\/\\\/www.eldigitaldeasturias.com\\\/noticias\\\/#website\"},\"breadcrumb\":{\"@id\":\"https:\\\/\\\/www.eldigitaldeasturias.com\\\/noticias\\\/una-protesta-contra-la-ultraderecha-deja-15-detenidos-y-20-heridos-en-viena\\\/#breadcrumblist\"},\"author\":{\"@id\":\"https:\\\/\\\/www.eldigitaldeasturias.com\\\/noticias\\\/author\\\/admin\\\/#author\"},\"creator\":{\"@id\":\"https:\\\/\\\/www.eldigitaldeasturias.com\\\/noticias\\\/author\\\/admin\\\/#author\"},\"image\":{\"@type\":\"ImageObject\",\"url\":\"https:\\\/\\\/www.eldigitaldeasturias.com\\\/noticias\\\/wp-content\\\/uploads\\\/2026\\\/06\\\/Contenidos.jpg\",\"@id\":\"https:\\\/\\\/www.eldigitaldeasturias.com\\\/noticias\\\/una-protesta-contra-la-ultraderecha-deja-15-detenidos-y-20-heridos-en-viena\\\/#mainImage\",\"width\":1265,\"height\":697,\"caption\":\"Contenidos\"},\"primaryImageOfPage\":{\"@id\":\"https:\\\/\\\/www.eldigitaldeasturias.com\\\/noticias\\\/una-protesta-contra-la-ultraderecha-deja-15-detenidos-y-20-heridos-en-viena\\\/#mainImage\"},\"datePublished\":\"2014-01-25T21:16:28+01:00\",\"dateModified\":\"2014-01-25T21:16:28+01:00\"},{\"@type\":\"WebSite\",\"@id\":\"https:\\\/\\\/www.eldigitaldeasturias.com\\\/noticias\\\/#website\",\"url\":\"https:\\\/\\\/www.eldigitaldeasturias.com\\\/noticias\\\/\",\"name\":\"El Digital de Asturias - Diario de actualidad y noticias\",\"alternateName\":\"El Digital de Asturias - Diario de actualidad y noticias\",\"description\":\"Hemeroteca\",\"inLanguage\":\"es-ES\",\"publisher\":{\"@id\":\"https:\\\/\\\/www.eldigitaldeasturias.com\\\/noticias\\\/#organization\"}}]}\n\t\t<\/script>\n\t\t<!-- All in One SEO Pro -->\r\n\t\t<title>Una protesta contra la ultraderecha deja 15 detenidos y 20 heridos en Viena - El Digital de Asturias<\/title>\n\n","aioseo_head_json":{"title":"Una protesta contra la ultraderecha deja 15 detenidos y 20 heridos en Viena - El Digital de Asturias","description":"Viena, 25 ene (EFE).- Veinte heridos, quince detenidos y da\u00f1os materiales por valor de un mill\u00f3n de euros, es el balance de los incidentes registrados el viernes por la noche en Viena durante la protesta contra un acto de la ultraderecha, inform\u00f3 hoy la Polic\u00eda. La manifestaci\u00f3n, convocada contra un baile organizado por el ultranacionalista","canonical_url":"https:\/\/www.eldigitaldeasturias.com\/noticias\/una-protesta-contra-la-ultraderecha-deja-15-detenidos-y-20-heridos-en-viena\/","robots":"max-image-preview:large","keywords":"actualidad","webmasterTools":{"google-site-verification":"UA-38556648-1","msvalidate.01":"7dfe9f3f1b24437ab69f4f2559babe99","miscellaneous":""},"schema":{"@context":"https:\/\/schema.org","@graph":[{"@type":"BlogPosting","@id":"https:\/\/www.eldigitaldeasturias.com\/noticias\/una-protesta-contra-la-ultraderecha-deja-15-detenidos-y-20-heridos-en-viena\/#blogposting","name":"Una protesta contra la ultraderecha deja 15 detenidos y 20 heridos en Viena - El Digital de Asturias","headline":"Una protesta contra la ultraderecha deja 15 detenidos y 20 heridos en Viena","author":{"@id":"https:\/\/www.eldigitaldeasturias.com\/noticias\/author\/admin\/#author"},"publisher":{"@id":"https:\/\/www.eldigitaldeasturias.com\/noticias\/#organization"},"image":{"@type":"ImageObject","url":"https:\/\/www.eldigitaldeasturias.com\/noticias\/wp-content\/uploads\/2026\/06\/Contenidos.jpg","width":1265,"height":697,"caption":"Contenidos"},"datePublished":"2014-01-25T21:16:28+01:00","dateModified":"2014-01-25T21:16:28+01:00","inLanguage":"es-ES","mainEntityOfPage":{"@id":"https:\/\/www.eldigitaldeasturias.com\/noticias\/una-protesta-contra-la-ultraderecha-deja-15-detenidos-y-20-heridos-en-viena\/#webpage"},"isPartOf":{"@id":"https:\/\/www.eldigitaldeasturias.com\/noticias\/una-protesta-contra-la-ultraderecha-deja-15-detenidos-y-20-heridos-en-viena\/#webpage"},"articleSection":"Actualidad"},{"@type":"BreadcrumbList","@id":"https:\/\/www.eldigitaldeasturias.com\/noticias\/una-protesta-contra-la-ultraderecha-deja-15-detenidos-y-20-heridos-en-viena\/#breadcrumblist","itemListElement":[{"@type":"ListItem","@id":"https:\/\/www.eldigitaldeasturias.com\/noticias#listItem","position":1,"name":"Home","item":"https:\/\/www.eldigitaldeasturias.com\/noticias","nextItem":{"@type":"ListItem","@id":"https:\/\/www.eldigitaldeasturias.com\/noticias\/category\/actualidad\/#listItem","name":"Actualidad"}},{"@type":"ListItem","@id":"https:\/\/www.eldigitaldeasturias.com\/noticias\/category\/actualidad\/#listItem","position":2,"name":"Actualidad","item":"https:\/\/www.eldigitaldeasturias.com\/noticias\/category\/actualidad\/","nextItem":{"@type":"ListItem","@id":"https:\/\/www.eldigitaldeasturias.com\/noticias\/una-protesta-contra-la-ultraderecha-deja-15-detenidos-y-20-heridos-en-viena\/#listItem","name":"Una protesta contra la ultraderecha deja 15 detenidos y 20 heridos en Viena"},"previousItem":{"@type":"ListItem","@id":"https:\/\/www.eldigitaldeasturias.com\/noticias#listItem","name":"Home"}},{"@type":"ListItem","@id":"https:\/\/www.eldigitaldeasturias.com\/noticias\/una-protesta-contra-la-ultraderecha-deja-15-detenidos-y-20-heridos-en-viena\/#listItem","position":3,"name":"Una protesta contra la ultraderecha deja 15 detenidos y 20 heridos en Viena","previousItem":{"@type":"ListItem","@id":"https:\/\/www.eldigitaldeasturias.com\/noticias\/category\/actualidad\/#listItem","name":"Actualidad"}}]},{"@type":"Organization","@id":"https:\/\/www.eldigitaldeasturias.com\/noticias\/#organization","name":"El Digital de Asturias","description":"Hemeroteca","url":"https:\/\/www.eldigitaldeasturias.com\/noticias\/","email":"info@eldigitaldeasturias.com","telephone":"+34652131393","logo":{"@type":"ImageObject","url":"https:\/\/www.eldigitaldeasturias.com\/noticias\/wp-content\/uploads\/2020\/12\/EDA.jpg","@id":"https:\/\/www.eldigitaldeasturias.com\/noticias\/una-protesta-contra-la-ultraderecha-deja-15-detenidos-y-20-heridos-en-viena\/#organizationLogo"},"image":{"@id":"https:\/\/www.eldigitaldeasturias.com\/noticias\/una-protesta-contra-la-ultraderecha-deja-15-detenidos-y-20-heridos-en-viena\/#organizationLogo"},"sameAs":["https:\/\/facebook.com\/eldigitaldeasturias","https:\/\/www.youtube.com\/channel\/UCZP-2wLEB9Rv6erhFmqVnvg"],"address":{"@id":"https:\/\/www.eldigitaldeasturias.com\/noticias\/#postaladdress","@type":"PostalAddress","streetAddress":"san antonio 4","postalCode":"33430","addressLocality":"Cand\u00e1s","addressRegion":"Asturias","addressCountry":"ES"}},{"@type":"Person","@id":"https:\/\/www.eldigitaldeasturias.com\/noticias\/author\/admin\/#author","url":"https:\/\/www.eldigitaldeasturias.com\/noticias\/author\/admin\/","name":"El Digital de Asturias","image":{"@type":"ImageObject","@id":"https:\/\/www.eldigitaldeasturias.com\/noticias\/una-protesta-contra-la-ultraderecha-deja-15-detenidos-y-20-heridos-en-viena\/#authorImage","url":"https:\/\/secure.gravatar.com\/avatar\/df2aeffc32bcd13f8d26072ef8a91b623d677766deac7f97ca815868cd41bf5e?s=96&d=mm&r=g","width":96,"height":96,"caption":"El Digital de Asturias"}},{"@type":"WebPage","@id":"https:\/\/www.eldigitaldeasturias.com\/noticias\/una-protesta-contra-la-ultraderecha-deja-15-detenidos-y-20-heridos-en-viena\/#webpage","url":"https:\/\/www.eldigitaldeasturias.com\/noticias\/una-protesta-contra-la-ultraderecha-deja-15-detenidos-y-20-heridos-en-viena\/","name":"Una protesta contra la ultraderecha deja 15 detenidos y 20 heridos en Viena - El Digital de Asturias","description":"Viena, 25 ene (EFE).- Veinte heridos, quince detenidos y da\u00f1os materiales por valor de un mill\u00f3n de euros, es el balance de los incidentes registrados el viernes por la noche en Viena durante la protesta contra un acto de la ultraderecha, inform\u00f3 hoy la Polic\u00eda. La manifestaci\u00f3n, convocada contra un baile organizado por el ultranacionalista","inLanguage":"es-ES","isPartOf":{"@id":"https:\/\/www.eldigitaldeasturias.com\/noticias\/#website"},"breadcrumb":{"@id":"https:\/\/www.eldigitaldeasturias.com\/noticias\/una-protesta-contra-la-ultraderecha-deja-15-detenidos-y-20-heridos-en-viena\/#breadcrumblist"},"author":{"@id":"https:\/\/www.eldigitaldeasturias.com\/noticias\/author\/admin\/#author"},"creator":{"@id":"https:\/\/www.eldigitaldeasturias.com\/noticias\/author\/admin\/#author"},"image":{"@type":"ImageObject","url":"https:\/\/www.eldigitaldeasturias.com\/noticias\/wp-content\/uploads\/2026\/06\/Contenidos.jpg","@id":"https:\/\/www.eldigitaldeasturias.com\/noticias\/una-protesta-contra-la-ultraderecha-deja-15-detenidos-y-20-heridos-en-viena\/#mainImage","width":1265,"height":697,"caption":"Contenidos"},"primaryImageOfPage":{"@id":"https:\/\/www.eldigitaldeasturias.com\/noticias\/una-protesta-contra-la-ultraderecha-deja-15-detenidos-y-20-heridos-en-viena\/#mainImage"},"datePublished":"2014-01-25T21:16:28+01:00","dateModified":"2014-01-25T21:16:28+01:00"},{"@type":"WebSite","@id":"https:\/\/www.eldigitaldeasturias.com\/noticias\/#website","url":"https:\/\/www.eldigitaldeasturias.com\/noticias\/","name":"El Digital de Asturias - Diario de actualidad y noticias","alternateName":"El Digital de Asturias - Diario de actualidad y noticias","description":"Hemeroteca","inLanguage":"es-ES","publisher":{"@id":"https:\/\/www.eldigitaldeasturias.com\/noticias\/#organization"}}]},"og:locale":"es_ES","og:site_name":"El Digital de Asturias","og:type":"article","og:title":"Una protesta contra la ultraderecha deja 15 detenidos y 20 heridos en Viena - El Digital de Asturias","og:description":"Viena, 25 ene (EFE).- Veinte heridos, quince detenidos y da\u00f1os materiales por valor de un mill\u00f3n de euros, es el balance de los incidentes registrados el viernes por la noche en Viena durante la protesta contra un acto de la ultraderecha, inform\u00f3 hoy la Polic\u00eda. La manifestaci\u00f3n, convocada contra un baile organizado por el ultranacionalista","og:url":"https:\/\/www.eldigitaldeasturias.com\/noticias\/una-protesta-contra-la-ultraderecha-deja-15-detenidos-y-20-heridos-en-viena\/","og:image":"https:\/\/www.eldigitaldeasturias.com\/noticias\/wp-content\/uploads\/2026\/06\/Contenidos.jpg","og:image:secure_url":"https:\/\/www.eldigitaldeasturias.com\/noticias\/wp-content\/uploads\/2026\/06\/Contenidos.jpg","og:image:width":1265,"og:image:height":697,"article:tag":["actualidad"],"article:published_time":"2014-01-25T22:16:28+00:00","article:modified_time":"2014-01-25T22:16:28+00:00","article:publisher":"https:\/\/facebook.com\/eldigitaldeasturias","twitter:card":"summary_large_image","twitter:title":"Una protesta contra la ultraderecha deja 15 detenidos y 20 heridos en Viena - El Digital de Asturias","twitter:description":"Viena, 25 ene (EFE).- Veinte heridos, quince detenidos y da\u00f1os materiales por valor de un mill\u00f3n de euros, es el balance de los incidentes registrados el viernes por la noche en Viena durante la protesta contra un acto de la ultraderecha, inform\u00f3 hoy la Polic\u00eda. La manifestaci\u00f3n, convocada contra un baile organizado por el ultranacionalista","twitter:image":"https:\/\/www.eldigitaldeasturias.com\/noticias\/wp-content\/uploads\/2026\/06\/Contenidos.jpg","twitter:label1":"Escrito por","twitter:data1":"El Digital de Asturias","twitter:label2":"Tiempo de lectura estimado","twitter:data2":"1 minuto"},"aioseo_meta_data":{"post_id":"478941","title":null,"description":null,"keywords":null,"keyphrases":null,"primary_term":null,"canonical_url":null,"og_title":null,"og_description":null,"og_object_type":"default","og_image_type":"default","og_image_url":null,"og_image_width":null,"og_image_height":null,"og_image_custom_url":null,"og_image_custom_fields":null,"og_video":null,"og_custom_url":null,"og_article_section":null,"og_article_tags":null,"twitter_use_og":true,"twitter_card":"default","twitter_image_type":"default","twitter_image_url":null,"twitter_image_custom_url":null,"twitter_image_custom_fields":null,"twitter_title":null,"twitter_description":null,"schema":{"blockGraphs":[],"customGraphs":[],"default":{"data":{"Article":[],"Course":[],"Dataset":[],"FAQPage":[],"Movie":[],"Person":[],"Product":[],"ProductReview":[],"Car":[],"Recipe":[],"Service":[],"SoftwareApplication":[],"WebPage":[]},"graphName":"","isEnabled":true},"graphs":[],"defaultGraph":"","defaultPostTypeGraph":""},"schema_type":null,"schema_type_options":null,"pillar_content":false,"robots_default":true,"robots_noindex":false,"robots_noarchive":false,"robots_nosnippet":false,"robots_nofollow":false,"robots_noimageindex":false,"robots_noodp":false,"robots_notranslate":false,"robots_max_snippet":null,"robots_max_videopreview":null,"robots_max_imagepreview":"none","priority":null,"frequency":null,"local_seo":null,"seo_analyzer_scan_date":"2026-06-01 22:58:57","breadcrumb_settings":null,"limit_modified_date":false,"open_ai":null,"ai":null,"created":"2020-11-14 22:53:58","updated":"2026-06-01 22:58:57","focus_keyword":null,"additional_keywords":null,"truseo_locale":null},"aioseo_breadcrumb":"<div class=\"aioseo-breadcrumbs\"><span class=\"aioseo-breadcrumb\">\n\t<a href=\"https:\/\/www.eldigitaldeasturias.com\/noticias\" title=\"Home\">Home<\/a>\n<\/span><span class=\"aioseo-breadcrumb-separator\">\u2013<\/span><span class=\"aioseo-breadcrumb\">\n\t<a href=\"https:\/\/www.eldigitaldeasturias.com\/noticias\/category\/actualidad\/\" title=\"Actualidad\">Actualidad<\/a>\n<\/span><span class=\"aioseo-breadcrumb-separator\">\u2013<\/span><span class=\"aioseo-breadcrumb\">\n\t<a href=\"https:\/\/www.eldigitaldeasturias.com\/noticias\/una-protesta-contra-la-ultraderecha-deja-15-detenidos-y-20-heridos-en-viena\/\" title=\"Una protesta contra la ultraderecha deja 15 detenidos y 20 heridos en Viena\">Una protesta contra la ultraderecha deja 15 detenidos y 20 heridos en Viena<\/a>\n<\/span><\/div>","aioseo_breadcrumb_json":[{"label":"Home","link":"https:\/\/www.eldigitaldeasturias.com\/noticias"},{"label":"Actualidad","link":"https:\/\/www.eldigitaldeasturias.com\/noticias\/category\/actualidad\/"},{"label":"Una protesta contra la ultraderecha deja 15 detenidos y 20 heridos en Viena","link":"https:\/\/www.eldigitaldeasturias.com\/noticias\/una-protesta-contra-la-ultraderecha-deja-15-detenidos-y-20-heridos-en-viena\/"}],"_links":{"self":[{"href":"https:\/\/www.eldigitaldeasturias.com\/noticias\/wp-json\/wp\/v2\/posts\/478941","targetHints":{"allow":["GET"]}}],"collection":[{"href":"https:\/\/www.eldigitaldeasturias.com\/noticias\/wp-json\/wp\/v2\/posts"}],"about":[{"href":"https:\/\/www.eldigitaldeasturias.com\/noticias\/wp-json\/wp\/v2\/types\/post"}],"author":[{"embeddable":true,"href":"https:\/\/www.eldigitaldeasturias.com\/noticias\/wp-json\/wp\/v2\/users\/1"}],"replies":[{"embeddable":true,"href":"https:\/\/www.eldigitaldeasturias.com\/noticias\/wp-json\/wp\/v2\/comments?post=478941"}],"version-history":[{"count":0,"href":"https:\/\/www.eldigitaldeasturias.com\/noticias\/wp-json\/wp\/v2\/posts\/478941\/revisions"}],"wp:featuredmedia":[{"embeddable":true,"href":"https:\/\/www.eldigitaldeasturias.com\/noticias\/wp-json\/wp\/v2\/media\/1132184"}],"wp:attachment":[{"href":"https:\/\/www.eldigitaldeasturias.com\/noticias\/wp-json\/wp\/v2\/media?parent=478941"}],"wp:term":[{"taxonomy":"category","embeddable":true,"href":"https:\/\/www.eldigitaldeasturias.com\/noticias\/wp-json\/wp\/v2\/categories?post=478941"},{"taxonomy":"post_tag","embeddable":true,"href":"https:\/\/www.eldigitaldeasturias.com\/noticias\/wp-json\/wp\/v2\/tags?post=478941"}],"curies":[{"name":"wp","href":"https:\/\/api.w.org\/{rel}","templated":true}]}}