{"id":478938,"date":"2014-01-25T21:15:00","date_gmt":"2014-01-25T22:15:00","guid":{"rendered":"http:\/\/www.eldigitaldeasturias.com\/noticias\/?p=478938"},"modified":"2014-01-25T21:15:00","modified_gmt":"2014-01-25T22:15:00","slug":"el-psc-cree-que-rajoy-demuestra-su-incapacidad-para-ofrecer-una-solucion","status":"publish","type":"post","link":"https:\/\/www.eldigitaldeasturias.com\/noticias\/el-psc-cree-que-rajoy-demuestra-su-incapacidad-para-ofrecer-una-solucion\/","title":{"rendered":"El PSC cree que Rajoy demuestra su \u00abincapacidad\u00bb para ofrecer una soluci\u00f3n"},"content":{"rendered":"<p><img loading=\"lazy\" decoding=\"async\" class=\"alignleft size-medium wp-image-478939\" alt=\"5876300w\" src=\"https:\/\/www.eldigitaldeasturias.com\/noticias\/wp-content\/uploads\/2014\/01\/5876300w-360x239.jpg\" width=\"360\" height=\"239\" \/>Barcelona, 25 ene (EFE).- El portavoz del PSC en el Parlament, Maurici Lucena, ha asegurado hoy que los socialistas catalanes est\u00e1n \u00absorprendidos muy negativamente\u00bb por el discurso en Barcelona del presidente del Gobierno, Mariano Rajoy, ya que creen que \u00abest\u00e1 demostrando incapacidad de ofrecer alguna soluci\u00f3n\u00bb.<\/p>\n<p>\u00abLa pregunta que uno se hace es si Rajoy fue m\u00e1s irresponsable como l\u00edder de la oposici\u00f3n, con su actuaci\u00f3n contra el Estatut, o lo est\u00e1 siendo a\u00fan m\u00e1s ahora como presidente del Gobierno espa\u00f1ol\u00bb, ha declarado Lucena a los periodistas.<\/p>\n<p>Lucena ha comentado as\u00ed el discurso de Rajoy en la Convenci\u00f3n del PPC, en donde el presidente del Gobierno ha sido tajante en su promesa de que no habr\u00e1 consulta soberanista en Catalu\u00f1a ni se \u00abfragmentar\u00e1\u00bb Espa\u00f1a mientras \u00e9l est\u00e9 al frente del Ejecutivo y se ha comprometido a que no cortar\u00e1 \u00abel grifo\u00bb de las ayudas econ\u00f3micas a la Generalitat.<\/p>\n<p>El socialista Lucena ha denunciado que \u00abRajoy se est\u00e1 demostrando incapaz de ofrecer ninguna soluci\u00f3n o propuesta para solucionar el problema que \u00e9l mismo contribuy\u00f3 a crear\u00bb en Catalu\u00f1a.<\/p>\n<p>\u00abNos preguntamos si el presidente Rajoy ha buscado una excusa para venir a pasar el fin de semana a Barcelona -ha a\u00f1adido- porque de propuestas en positivo todav\u00eda no hemos escuchado ninguna y cada semana que pasa la situaci\u00f3n empeora\u00bb .<\/p>\n<p>El dirigente socialista tambi\u00e9n ha tenido duras cr\u00edticas para CiU y el presidente de la Generalitat, ya que ha asegurado que \u00abcuando ves la actuaci\u00f3n del president Artur Mas y la respuesta a\u00fan m\u00e1s decepcionante del presidente Rajoy, te preguntas qui\u00e9n de los dos ganar\u00eda un concurso para ver qui\u00e9n lo hace peor\u00bb.<\/p>\n","protected":false},"excerpt":{"rendered":"<p>Barcelona, 25 ene (EFE).- El portavoz del PSC en el Parlament, Maurici Lucena, ha asegurado hoy que los socialistas catalanes est\u00e1n \u00absorprendidos muy negativamente\u00bb por el discurso en Barcelona del presidente del Gobierno, Mariano Rajoy, ya que creen que \u00abest\u00e1 demostrando incapacidad de ofrecer alguna soluci\u00f3n\u00bb. \u00abLa pregunta que uno se hace es si Rajoy [&hellip;]<\/p>\n","protected":false},"author":1,"featured_media":1132184,"comment_status":"closed","ping_status":"open","sticky":false,"template":"","format":"standard","meta":{"footnotes":""},"categories":[1],"tags":[],"class_list":["post-478938","post","type-post","status-publish","format-standard","has-post-thumbnail","hentry","category-actualidad"],"aioseo_notices":[],"aioseo_head":"\n\t\t<!-- All in One SEO Pro 5.0.1 - aioseo.com -->\n\t<meta name=\"description\" content=\"Barcelona, 25 ene (EFE).- El portavoz del PSC en el Parlament, Maurici Lucena, ha asegurado hoy que los socialistas catalanes est\u00e1n &quot;sorprendidos muy negativamente&quot; por el discurso en Barcelona del presidente del Gobierno, Mariano Rajoy, ya que creen que &quot;est\u00e1 demostrando incapacidad de ofrecer alguna soluci\u00f3n&quot;. &quot;La pregunta que uno se hace es si Rajoy\" \/>\n\t<meta name=\"robots\" content=\"max-image-preview:large\" \/>\n\t<meta name=\"author\" content=\"El Digital de Asturias\"\/>\n\t<meta name=\"google-site-verification\" content=\"UA-38556648-1\" \/>\n\t<meta name=\"msvalidate.01\" content=\"7dfe9f3f1b24437ab69f4f2559babe99\" \/>\n\t<meta name=\"keywords\" content=\"actualidad\" \/>\n\t<link rel=\"canonical\" href=\"https:\/\/www.eldigitaldeasturias.com\/noticias\/el-psc-cree-que-rajoy-demuestra-su-incapacidad-para-ofrecer-una-solucion\/\" \/>\n\t<meta name=\"generator\" content=\"All in One SEO Pro (AIOSEO) 5.0.1\" \/>\n\t\t<meta property=\"og:locale\" content=\"es_ES\" \/>\n\t\t<meta property=\"og:site_name\" content=\"El Digital de Asturias\" \/>\n\t\t<meta property=\"og:type\" content=\"article\" \/>\n\t\t<meta property=\"og:title\" content=\"El PSC cree que Rajoy demuestra su \u00abincapacidad\u00bb para ofrecer una soluci\u00f3n - El Digital de Asturias\" \/>\n\t\t<meta property=\"og:description\" content=\"Barcelona, 25 ene (EFE).- El portavoz del PSC en el Parlament, Maurici Lucena, ha asegurado hoy que los socialistas catalanes est\u00e1n &quot;sorprendidos muy negativamente&quot; por el discurso en Barcelona del presidente del Gobierno, Mariano Rajoy, ya que creen que &quot;est\u00e1 demostrando incapacidad de ofrecer alguna soluci\u00f3n&quot;. &quot;La pregunta que uno se hace es si Rajoy\" \/>\n\t\t<meta property=\"og:url\" content=\"https:\/\/www.eldigitaldeasturias.com\/noticias\/el-psc-cree-que-rajoy-demuestra-su-incapacidad-para-ofrecer-una-solucion\/\" \/>\n\t\t<meta property=\"og:image\" content=\"https:\/\/www.eldigitaldeasturias.com\/noticias\/wp-content\/uploads\/2026\/06\/Contenidos.jpg\" \/>\n\t\t<meta property=\"og:image:secure_url\" content=\"https:\/\/www.eldigitaldeasturias.com\/noticias\/wp-content\/uploads\/2026\/06\/Contenidos.jpg\" \/>\n\t\t<meta property=\"og:image:width\" content=\"1265\" \/>\n\t\t<meta property=\"og:image:height\" content=\"697\" \/>\n\t\t<meta property=\"article:tag\" content=\"actualidad\" \/>\n\t\t<meta property=\"article:published_time\" content=\"2014-01-25T22:15:00+00:00\" \/>\n\t\t<meta property=\"article:modified_time\" content=\"2014-01-25T22:15:00+00:00\" \/>\n\t\t<meta property=\"article:publisher\" content=\"https:\/\/facebook.com\/eldigitaldeasturias\" \/>\n\t\t<meta name=\"twitter:card\" content=\"summary_large_image\" \/>\n\t\t<meta name=\"twitter:title\" content=\"El PSC cree que Rajoy demuestra su \u00abincapacidad\u00bb para ofrecer una soluci\u00f3n - El Digital de Asturias\" \/>\n\t\t<meta name=\"twitter:description\" content=\"Barcelona, 25 ene (EFE).- El portavoz del PSC en el Parlament, Maurici Lucena, ha asegurado hoy que los socialistas catalanes est\u00e1n &quot;sorprendidos muy negativamente&quot; por el discurso en Barcelona del presidente del Gobierno, Mariano Rajoy, ya que creen que &quot;est\u00e1 demostrando incapacidad de ofrecer alguna soluci\u00f3n&quot;. &quot;La pregunta que uno se hace es si Rajoy\" \/>\n\t\t<meta name=\"twitter:image\" content=\"https:\/\/www.eldigitaldeasturias.com\/noticias\/wp-content\/uploads\/2026\/06\/Contenidos.jpg\" \/>\n\t\t<meta name=\"twitter:label1\" content=\"Escrito por\" \/>\n\t\t<meta name=\"twitter:data1\" content=\"El Digital de Asturias\" \/>\n\t\t<meta name=\"twitter:label2\" content=\"Tiempo de lectura estimado\" \/>\n\t\t<meta name=\"twitter:data2\" content=\"1 minuto\" \/>\n\t\t<script type=\"application\/ld+json\" class=\"aioseo-schema\">\n\t\t\t{\"@context\":\"https:\\\/\\\/schema.org\",\"@graph\":[{\"@type\":\"BlogPosting\",\"@id\":\"https:\\\/\\\/www.eldigitaldeasturias.com\\\/noticias\\\/el-psc-cree-que-rajoy-demuestra-su-incapacidad-para-ofrecer-una-solucion\\\/#blogposting\",\"name\":\"El PSC cree que Rajoy demuestra su \\u00abincapacidad\\u00bb para ofrecer una soluci\\u00f3n - El Digital de Asturias\",\"headline\":\"El PSC cree que Rajoy demuestra su \\u00abincapacidad\\u00bb para ofrecer una soluci\\u00f3n\",\"author\":{\"@id\":\"https:\\\/\\\/www.eldigitaldeasturias.com\\\/noticias\\\/author\\\/admin\\\/#author\"},\"publisher\":{\"@id\":\"https:\\\/\\\/www.eldigitaldeasturias.com\\\/noticias\\\/#organization\"},\"image\":{\"@type\":\"ImageObject\",\"url\":\"https:\\\/\\\/www.eldigitaldeasturias.com\\\/noticias\\\/wp-content\\\/uploads\\\/2026\\\/06\\\/Contenidos.jpg\",\"width\":1265,\"height\":697,\"caption\":\"Contenidos\"},\"datePublished\":\"2014-01-25T21:15:00+01:00\",\"dateModified\":\"2014-01-25T21:15:00+01:00\",\"inLanguage\":\"es-ES\",\"mainEntityOfPage\":{\"@id\":\"https:\\\/\\\/www.eldigitaldeasturias.com\\\/noticias\\\/el-psc-cree-que-rajoy-demuestra-su-incapacidad-para-ofrecer-una-solucion\\\/#webpage\"},\"isPartOf\":{\"@id\":\"https:\\\/\\\/www.eldigitaldeasturias.com\\\/noticias\\\/el-psc-cree-que-rajoy-demuestra-su-incapacidad-para-ofrecer-una-solucion\\\/#webpage\"},\"articleSection\":\"Actualidad\"},{\"@type\":\"BreadcrumbList\",\"@id\":\"https:\\\/\\\/www.eldigitaldeasturias.com\\\/noticias\\\/el-psc-cree-que-rajoy-demuestra-su-incapacidad-para-ofrecer-una-solucion\\\/#breadcrumblist\",\"itemListElement\":[{\"@type\":\"ListItem\",\"@id\":\"https:\\\/\\\/www.eldigitaldeasturias.com\\\/noticias#listItem\",\"position\":1,\"name\":\"Home\",\"item\":\"https:\\\/\\\/www.eldigitaldeasturias.com\\\/noticias\",\"nextItem\":{\"@type\":\"ListItem\",\"@id\":\"https:\\\/\\\/www.eldigitaldeasturias.com\\\/noticias\\\/category\\\/actualidad\\\/#listItem\",\"name\":\"Actualidad\"}},{\"@type\":\"ListItem\",\"@id\":\"https:\\\/\\\/www.eldigitaldeasturias.com\\\/noticias\\\/category\\\/actualidad\\\/#listItem\",\"position\":2,\"name\":\"Actualidad\",\"item\":\"https:\\\/\\\/www.eldigitaldeasturias.com\\\/noticias\\\/category\\\/actualidad\\\/\",\"nextItem\":{\"@type\":\"ListItem\",\"@id\":\"https:\\\/\\\/www.eldigitaldeasturias.com\\\/noticias\\\/el-psc-cree-que-rajoy-demuestra-su-incapacidad-para-ofrecer-una-solucion\\\/#listItem\",\"name\":\"El PSC cree que Rajoy demuestra su \\u00abincapacidad\\u00bb para ofrecer una soluci\\u00f3n\"},\"previousItem\":{\"@type\":\"ListItem\",\"@id\":\"https:\\\/\\\/www.eldigitaldeasturias.com\\\/noticias#listItem\",\"name\":\"Home\"}},{\"@type\":\"ListItem\",\"@id\":\"https:\\\/\\\/www.eldigitaldeasturias.com\\\/noticias\\\/el-psc-cree-que-rajoy-demuestra-su-incapacidad-para-ofrecer-una-solucion\\\/#listItem\",\"position\":3,\"name\":\"El PSC cree que Rajoy demuestra su \\u00abincapacidad\\u00bb para ofrecer una soluci\\u00f3n\",\"previousItem\":{\"@type\":\"ListItem\",\"@id\":\"https:\\\/\\\/www.eldigitaldeasturias.com\\\/noticias\\\/category\\\/actualidad\\\/#listItem\",\"name\":\"Actualidad\"}}]},{\"@type\":\"Organization\",\"@id\":\"https:\\\/\\\/www.eldigitaldeasturias.com\\\/noticias\\\/#organization\",\"name\":\"El Digital de Asturias\",\"description\":\"Hemeroteca\",\"url\":\"https:\\\/\\\/www.eldigitaldeasturias.com\\\/noticias\\\/\",\"email\":\"info@eldigitaldeasturias.com\",\"telephone\":\"+34652131393\",\"logo\":{\"@type\":\"ImageObject\",\"url\":\"https:\\\/\\\/www.eldigitaldeasturias.com\\\/noticias\\\/wp-content\\\/uploads\\\/2020\\\/12\\\/EDA.jpg\",\"@id\":\"https:\\\/\\\/www.eldigitaldeasturias.com\\\/noticias\\\/el-psc-cree-que-rajoy-demuestra-su-incapacidad-para-ofrecer-una-solucion\\\/#organizationLogo\"},\"image\":{\"@id\":\"https:\\\/\\\/www.eldigitaldeasturias.com\\\/noticias\\\/el-psc-cree-que-rajoy-demuestra-su-incapacidad-para-ofrecer-una-solucion\\\/#organizationLogo\"},\"sameAs\":[\"https:\\\/\\\/facebook.com\\\/eldigitaldeasturias\",\"https:\\\/\\\/www.youtube.com\\\/channel\\\/UCZP-2wLEB9Rv6erhFmqVnvg\"],\"address\":{\"@id\":\"https:\\\/\\\/www.eldigitaldeasturias.com\\\/noticias\\\/#postaladdress\",\"@type\":\"PostalAddress\",\"streetAddress\":\"san antonio 4\",\"postalCode\":\"33430\",\"addressLocality\":\"Cand\\u00e1s\",\"addressRegion\":\"Asturias\",\"addressCountry\":\"ES\"}},{\"@type\":\"Person\",\"@id\":\"https:\\\/\\\/www.eldigitaldeasturias.com\\\/noticias\\\/author\\\/admin\\\/#author\",\"url\":\"https:\\\/\\\/www.eldigitaldeasturias.com\\\/noticias\\\/author\\\/admin\\\/\",\"name\":\"El Digital de Asturias\",\"image\":{\"@type\":\"ImageObject\",\"@id\":\"https:\\\/\\\/www.eldigitaldeasturias.com\\\/noticias\\\/el-psc-cree-que-rajoy-demuestra-su-incapacidad-para-ofrecer-una-solucion\\\/#authorImage\",\"url\":\"https:\\\/\\\/secure.gravatar.com\\\/avatar\\\/df2aeffc32bcd13f8d26072ef8a91b623d677766deac7f97ca815868cd41bf5e?s=96&d=mm&r=g\",\"width\":96,\"height\":96,\"caption\":\"El Digital de Asturias\"}},{\"@type\":\"WebPage\",\"@id\":\"https:\\\/\\\/www.eldigitaldeasturias.com\\\/noticias\\\/el-psc-cree-que-rajoy-demuestra-su-incapacidad-para-ofrecer-una-solucion\\\/#webpage\",\"url\":\"https:\\\/\\\/www.eldigitaldeasturias.com\\\/noticias\\\/el-psc-cree-que-rajoy-demuestra-su-incapacidad-para-ofrecer-una-solucion\\\/\",\"name\":\"El PSC cree que Rajoy demuestra su \\u00abincapacidad\\u00bb para ofrecer una soluci\\u00f3n - El Digital de Asturias\",\"description\":\"Barcelona, 25 ene (EFE).- El portavoz del PSC en el Parlament, Maurici Lucena, ha asegurado hoy que los socialistas catalanes est\\u00e1n \\\"sorprendidos muy negativamente\\\" por el discurso en Barcelona del presidente del Gobierno, Mariano Rajoy, ya que creen que \\\"est\\u00e1 demostrando incapacidad de ofrecer alguna soluci\\u00f3n\\\". \\\"La pregunta que uno se hace es si Rajoy\",\"inLanguage\":\"es-ES\",\"isPartOf\":{\"@id\":\"https:\\\/\\\/www.eldigitaldeasturias.com\\\/noticias\\\/#website\"},\"breadcrumb\":{\"@id\":\"https:\\\/\\\/www.eldigitaldeasturias.com\\\/noticias\\\/el-psc-cree-que-rajoy-demuestra-su-incapacidad-para-ofrecer-una-solucion\\\/#breadcrumblist\"},\"author\":{\"@id\":\"https:\\\/\\\/www.eldigitaldeasturias.com\\\/noticias\\\/author\\\/admin\\\/#author\"},\"creator\":{\"@id\":\"https:\\\/\\\/www.eldigitaldeasturias.com\\\/noticias\\\/author\\\/admin\\\/#author\"},\"image\":{\"@type\":\"ImageObject\",\"url\":\"https:\\\/\\\/www.eldigitaldeasturias.com\\\/noticias\\\/wp-content\\\/uploads\\\/2026\\\/06\\\/Contenidos.jpg\",\"@id\":\"https:\\\/\\\/www.eldigitaldeasturias.com\\\/noticias\\\/el-psc-cree-que-rajoy-demuestra-su-incapacidad-para-ofrecer-una-solucion\\\/#mainImage\",\"width\":1265,\"height\":697,\"caption\":\"Contenidos\"},\"primaryImageOfPage\":{\"@id\":\"https:\\\/\\\/www.eldigitaldeasturias.com\\\/noticias\\\/el-psc-cree-que-rajoy-demuestra-su-incapacidad-para-ofrecer-una-solucion\\\/#mainImage\"},\"datePublished\":\"2014-01-25T21:15:00+01:00\",\"dateModified\":\"2014-01-25T21:15:00+01:00\"},{\"@type\":\"WebSite\",\"@id\":\"https:\\\/\\\/www.eldigitaldeasturias.com\\\/noticias\\\/#website\",\"url\":\"https:\\\/\\\/www.eldigitaldeasturias.com\\\/noticias\\\/\",\"name\":\"El Digital de Asturias - Diario de actualidad y noticias\",\"alternateName\":\"El Digital de Asturias - Diario de actualidad y noticias\",\"description\":\"Hemeroteca\",\"inLanguage\":\"es-ES\",\"publisher\":{\"@id\":\"https:\\\/\\\/www.eldigitaldeasturias.com\\\/noticias\\\/#organization\"}}]}\n\t\t<\/script>\n\t\t<!-- All in One SEO Pro -->\r\n\t\t<title>El PSC cree que Rajoy demuestra su \u00abincapacidad\u00bb para ofrecer una soluci\u00f3n - El Digital de Asturias<\/title>\n\n","aioseo_head_json":{"title":"El PSC cree que Rajoy demuestra su \u00abincapacidad\u00bb para ofrecer una soluci\u00f3n - El Digital de Asturias","description":"Barcelona, 25 ene (EFE).- El portavoz del PSC en el Parlament, Maurici Lucena, ha asegurado hoy que los socialistas catalanes est\u00e1n \"sorprendidos muy negativamente\" por el discurso en Barcelona del presidente del Gobierno, Mariano Rajoy, ya que creen que \"est\u00e1 demostrando incapacidad de ofrecer alguna soluci\u00f3n\". \"La pregunta que uno se hace es si Rajoy","canonical_url":"https:\/\/www.eldigitaldeasturias.com\/noticias\/el-psc-cree-que-rajoy-demuestra-su-incapacidad-para-ofrecer-una-solucion\/","robots":"max-image-preview:large","keywords":"actualidad","webmasterTools":{"google-site-verification":"UA-38556648-1","msvalidate.01":"7dfe9f3f1b24437ab69f4f2559babe99","miscellaneous":""},"schema":{"@context":"https:\/\/schema.org","@graph":[{"@type":"BlogPosting","@id":"https:\/\/www.eldigitaldeasturias.com\/noticias\/el-psc-cree-que-rajoy-demuestra-su-incapacidad-para-ofrecer-una-solucion\/#blogposting","name":"El PSC cree que Rajoy demuestra su \u00abincapacidad\u00bb para ofrecer una soluci\u00f3n - El Digital de Asturias","headline":"El PSC cree que Rajoy demuestra su \u00abincapacidad\u00bb para ofrecer una soluci\u00f3n","author":{"@id":"https:\/\/www.eldigitaldeasturias.com\/noticias\/author\/admin\/#author"},"publisher":{"@id":"https:\/\/www.eldigitaldeasturias.com\/noticias\/#organization"},"image":{"@type":"ImageObject","url":"https:\/\/www.eldigitaldeasturias.com\/noticias\/wp-content\/uploads\/2026\/06\/Contenidos.jpg","width":1265,"height":697,"caption":"Contenidos"},"datePublished":"2014-01-25T21:15:00+01:00","dateModified":"2014-01-25T21:15:00+01:00","inLanguage":"es-ES","mainEntityOfPage":{"@id":"https:\/\/www.eldigitaldeasturias.com\/noticias\/el-psc-cree-que-rajoy-demuestra-su-incapacidad-para-ofrecer-una-solucion\/#webpage"},"isPartOf":{"@id":"https:\/\/www.eldigitaldeasturias.com\/noticias\/el-psc-cree-que-rajoy-demuestra-su-incapacidad-para-ofrecer-una-solucion\/#webpage"},"articleSection":"Actualidad"},{"@type":"BreadcrumbList","@id":"https:\/\/www.eldigitaldeasturias.com\/noticias\/el-psc-cree-que-rajoy-demuestra-su-incapacidad-para-ofrecer-una-solucion\/#breadcrumblist","itemListElement":[{"@type":"ListItem","@id":"https:\/\/www.eldigitaldeasturias.com\/noticias#listItem","position":1,"name":"Home","item":"https:\/\/www.eldigitaldeasturias.com\/noticias","nextItem":{"@type":"ListItem","@id":"https:\/\/www.eldigitaldeasturias.com\/noticias\/category\/actualidad\/#listItem","name":"Actualidad"}},{"@type":"ListItem","@id":"https:\/\/www.eldigitaldeasturias.com\/noticias\/category\/actualidad\/#listItem","position":2,"name":"Actualidad","item":"https:\/\/www.eldigitaldeasturias.com\/noticias\/category\/actualidad\/","nextItem":{"@type":"ListItem","@id":"https:\/\/www.eldigitaldeasturias.com\/noticias\/el-psc-cree-que-rajoy-demuestra-su-incapacidad-para-ofrecer-una-solucion\/#listItem","name":"El PSC cree que Rajoy demuestra su \u00abincapacidad\u00bb para ofrecer una soluci\u00f3n"},"previousItem":{"@type":"ListItem","@id":"https:\/\/www.eldigitaldeasturias.com\/noticias#listItem","name":"Home"}},{"@type":"ListItem","@id":"https:\/\/www.eldigitaldeasturias.com\/noticias\/el-psc-cree-que-rajoy-demuestra-su-incapacidad-para-ofrecer-una-solucion\/#listItem","position":3,"name":"El PSC cree que Rajoy demuestra su \u00abincapacidad\u00bb para ofrecer una soluci\u00f3n","previousItem":{"@type":"ListItem","@id":"https:\/\/www.eldigitaldeasturias.com\/noticias\/category\/actualidad\/#listItem","name":"Actualidad"}}]},{"@type":"Organization","@id":"https:\/\/www.eldigitaldeasturias.com\/noticias\/#organization","name":"El Digital de Asturias","description":"Hemeroteca","url":"https:\/\/www.eldigitaldeasturias.com\/noticias\/","email":"info@eldigitaldeasturias.com","telephone":"+34652131393","logo":{"@type":"ImageObject","url":"https:\/\/www.eldigitaldeasturias.com\/noticias\/wp-content\/uploads\/2020\/12\/EDA.jpg","@id":"https:\/\/www.eldigitaldeasturias.com\/noticias\/el-psc-cree-que-rajoy-demuestra-su-incapacidad-para-ofrecer-una-solucion\/#organizationLogo"},"image":{"@id":"https:\/\/www.eldigitaldeasturias.com\/noticias\/el-psc-cree-que-rajoy-demuestra-su-incapacidad-para-ofrecer-una-solucion\/#organizationLogo"},"sameAs":["https:\/\/facebook.com\/eldigitaldeasturias","https:\/\/www.youtube.com\/channel\/UCZP-2wLEB9Rv6erhFmqVnvg"],"address":{"@id":"https:\/\/www.eldigitaldeasturias.com\/noticias\/#postaladdress","@type":"PostalAddress","streetAddress":"san antonio 4","postalCode":"33430","addressLocality":"Cand\u00e1s","addressRegion":"Asturias","addressCountry":"ES"}},{"@type":"Person","@id":"https:\/\/www.eldigitaldeasturias.com\/noticias\/author\/admin\/#author","url":"https:\/\/www.eldigitaldeasturias.com\/noticias\/author\/admin\/","name":"El Digital de Asturias","image":{"@type":"ImageObject","@id":"https:\/\/www.eldigitaldeasturias.com\/noticias\/el-psc-cree-que-rajoy-demuestra-su-incapacidad-para-ofrecer-una-solucion\/#authorImage","url":"https:\/\/secure.gravatar.com\/avatar\/df2aeffc32bcd13f8d26072ef8a91b623d677766deac7f97ca815868cd41bf5e?s=96&d=mm&r=g","width":96,"height":96,"caption":"El Digital de Asturias"}},{"@type":"WebPage","@id":"https:\/\/www.eldigitaldeasturias.com\/noticias\/el-psc-cree-que-rajoy-demuestra-su-incapacidad-para-ofrecer-una-solucion\/#webpage","url":"https:\/\/www.eldigitaldeasturias.com\/noticias\/el-psc-cree-que-rajoy-demuestra-su-incapacidad-para-ofrecer-una-solucion\/","name":"El PSC cree que Rajoy demuestra su \u00abincapacidad\u00bb para ofrecer una soluci\u00f3n - El Digital de Asturias","description":"Barcelona, 25 ene (EFE).- El portavoz del PSC en el Parlament, Maurici Lucena, ha asegurado hoy que los socialistas catalanes est\u00e1n \"sorprendidos muy negativamente\" por el discurso en Barcelona del presidente del Gobierno, Mariano Rajoy, ya que creen que \"est\u00e1 demostrando incapacidad de ofrecer alguna soluci\u00f3n\". \"La pregunta que uno se hace es si Rajoy","inLanguage":"es-ES","isPartOf":{"@id":"https:\/\/www.eldigitaldeasturias.com\/noticias\/#website"},"breadcrumb":{"@id":"https:\/\/www.eldigitaldeasturias.com\/noticias\/el-psc-cree-que-rajoy-demuestra-su-incapacidad-para-ofrecer-una-solucion\/#breadcrumblist"},"author":{"@id":"https:\/\/www.eldigitaldeasturias.com\/noticias\/author\/admin\/#author"},"creator":{"@id":"https:\/\/www.eldigitaldeasturias.com\/noticias\/author\/admin\/#author"},"image":{"@type":"ImageObject","url":"https:\/\/www.eldigitaldeasturias.com\/noticias\/wp-content\/uploads\/2026\/06\/Contenidos.jpg","@id":"https:\/\/www.eldigitaldeasturias.com\/noticias\/el-psc-cree-que-rajoy-demuestra-su-incapacidad-para-ofrecer-una-solucion\/#mainImage","width":1265,"height":697,"caption":"Contenidos"},"primaryImageOfPage":{"@id":"https:\/\/www.eldigitaldeasturias.com\/noticias\/el-psc-cree-que-rajoy-demuestra-su-incapacidad-para-ofrecer-una-solucion\/#mainImage"},"datePublished":"2014-01-25T21:15:00+01:00","dateModified":"2014-01-25T21:15:00+01:00"},{"@type":"WebSite","@id":"https:\/\/www.eldigitaldeasturias.com\/noticias\/#website","url":"https:\/\/www.eldigitaldeasturias.com\/noticias\/","name":"El Digital de Asturias - Diario de actualidad y noticias","alternateName":"El Digital de Asturias - Diario de actualidad y noticias","description":"Hemeroteca","inLanguage":"es-ES","publisher":{"@id":"https:\/\/www.eldigitaldeasturias.com\/noticias\/#organization"}}]},"og:locale":"es_ES","og:site_name":"El Digital de Asturias","og:type":"article","og:title":"El PSC cree que Rajoy demuestra su \u00abincapacidad\u00bb para ofrecer una soluci\u00f3n - El Digital de Asturias","og:description":"Barcelona, 25 ene (EFE).- El portavoz del PSC en el Parlament, Maurici Lucena, ha asegurado hoy que los socialistas catalanes est\u00e1n &quot;sorprendidos muy negativamente&quot; por el discurso en Barcelona del presidente del Gobierno, Mariano Rajoy, ya que creen que &quot;est\u00e1 demostrando incapacidad de ofrecer alguna soluci\u00f3n&quot;. &quot;La pregunta que uno se hace es si Rajoy","og:url":"https:\/\/www.eldigitaldeasturias.com\/noticias\/el-psc-cree-que-rajoy-demuestra-su-incapacidad-para-ofrecer-una-solucion\/","og:image":"https:\/\/www.eldigitaldeasturias.com\/noticias\/wp-content\/uploads\/2026\/06\/Contenidos.jpg","og:image:secure_url":"https:\/\/www.eldigitaldeasturias.com\/noticias\/wp-content\/uploads\/2026\/06\/Contenidos.jpg","og:image:width":1265,"og:image:height":697,"article:tag":["actualidad"],"article:published_time":"2014-01-25T22:15:00+00:00","article:modified_time":"2014-01-25T22:15:00+00:00","article:publisher":"https:\/\/facebook.com\/eldigitaldeasturias","twitter:card":"summary_large_image","twitter:title":"El PSC cree que Rajoy demuestra su \u00abincapacidad\u00bb para ofrecer una soluci\u00f3n - El Digital de Asturias","twitter:description":"Barcelona, 25 ene (EFE).- El portavoz del PSC en el Parlament, Maurici Lucena, ha asegurado hoy que los socialistas catalanes est\u00e1n &quot;sorprendidos muy negativamente&quot; por el discurso en Barcelona del presidente del Gobierno, Mariano Rajoy, ya que creen que &quot;est\u00e1 demostrando incapacidad de ofrecer alguna soluci\u00f3n&quot;. &quot;La pregunta que uno se hace es si Rajoy","twitter:image":"https:\/\/www.eldigitaldeasturias.com\/noticias\/wp-content\/uploads\/2026\/06\/Contenidos.jpg","twitter:label1":"Escrito por","twitter:data1":"El Digital de Asturias","twitter:label2":"Tiempo de lectura estimado","twitter:data2":"1 minuto"},"aioseo_meta_data":{"post_id":"478938","title":null,"description":null,"keywords":null,"keyphrases":null,"primary_term":null,"canonical_url":null,"og_title":null,"og_description":null,"og_object_type":"default","og_image_type":"default","og_image_url":null,"og_image_width":null,"og_image_height":null,"og_image_custom_url":null,"og_image_custom_fields":null,"og_video":null,"og_custom_url":null,"og_article_section":null,"og_article_tags":null,"twitter_use_og":true,"twitter_card":"default","twitter_image_type":"default","twitter_image_url":null,"twitter_image_custom_url":null,"twitter_image_custom_fields":null,"twitter_title":null,"twitter_description":null,"schema":{"blockGraphs":[],"customGraphs":[],"default":{"data":{"Article":[],"Course":[],"Dataset":[],"FAQPage":[],"Movie":[],"Person":[],"Product":[],"ProductReview":[],"Car":[],"Recipe":[],"Service":[],"SoftwareApplication":[],"WebPage":[]},"graphName":"","isEnabled":true},"graphs":[],"defaultGraph":"","defaultPostTypeGraph":""},"schema_type":null,"schema_type_options":null,"pillar_content":false,"robots_default":true,"robots_noindex":false,"robots_noarchive":false,"robots_nosnippet":false,"robots_nofollow":false,"robots_noimageindex":false,"robots_noodp":false,"robots_notranslate":false,"robots_max_snippet":null,"robots_max_videopreview":null,"robots_max_imagepreview":"none","priority":null,"frequency":null,"local_seo":null,"seo_analyzer_scan_date":"2026-06-01 23:00:56","breadcrumb_settings":null,"limit_modified_date":false,"open_ai":null,"ai":null,"created":"2020-11-14 22:53:58","updated":"2026-06-01 23:00:56","focus_keyword":null,"additional_keywords":null,"truseo_locale":null},"aioseo_breadcrumb":"<div class=\"aioseo-breadcrumbs\"><span class=\"aioseo-breadcrumb\">\n\t<a href=\"https:\/\/www.eldigitaldeasturias.com\/noticias\" title=\"Home\">Home<\/a>\n<\/span><span class=\"aioseo-breadcrumb-separator\">\u2013<\/span><span class=\"aioseo-breadcrumb\">\n\t<a href=\"https:\/\/www.eldigitaldeasturias.com\/noticias\/category\/actualidad\/\" title=\"Actualidad\">Actualidad<\/a>\n<\/span><span class=\"aioseo-breadcrumb-separator\">\u2013<\/span><span class=\"aioseo-breadcrumb\">\n\t<a href=\"https:\/\/www.eldigitaldeasturias.com\/noticias\/el-psc-cree-que-rajoy-demuestra-su-incapacidad-para-ofrecer-una-solucion\/\" title=\"El PSC cree que Rajoy demuestra su \u00abincapacidad\u00bb para ofrecer una soluci\u00f3n\">El PSC cree que Rajoy demuestra su \u00abincapacidad\u00bb para ofrecer una soluci\u00f3n<\/a>\n<\/span><\/div>","aioseo_breadcrumb_json":[{"label":"Home","link":"https:\/\/www.eldigitaldeasturias.com\/noticias"},{"label":"Actualidad","link":"https:\/\/www.eldigitaldeasturias.com\/noticias\/category\/actualidad\/"},{"label":"El PSC cree que Rajoy demuestra su \u00abincapacidad\u00bb para ofrecer una soluci\u00f3n","link":"https:\/\/www.eldigitaldeasturias.com\/noticias\/el-psc-cree-que-rajoy-demuestra-su-incapacidad-para-ofrecer-una-solucion\/"}],"_links":{"self":[{"href":"https:\/\/www.eldigitaldeasturias.com\/noticias\/wp-json\/wp\/v2\/posts\/478938","targetHints":{"allow":["GET"]}}],"collection":[{"href":"https:\/\/www.eldigitaldeasturias.com\/noticias\/wp-json\/wp\/v2\/posts"}],"about":[{"href":"https:\/\/www.eldigitaldeasturias.com\/noticias\/wp-json\/wp\/v2\/types\/post"}],"author":[{"embeddable":true,"href":"https:\/\/www.eldigitaldeasturias.com\/noticias\/wp-json\/wp\/v2\/users\/1"}],"replies":[{"embeddable":true,"href":"https:\/\/www.eldigitaldeasturias.com\/noticias\/wp-json\/wp\/v2\/comments?post=478938"}],"version-history":[{"count":0,"href":"https:\/\/www.eldigitaldeasturias.com\/noticias\/wp-json\/wp\/v2\/posts\/478938\/revisions"}],"wp:featuredmedia":[{"embeddable":true,"href":"https:\/\/www.eldigitaldeasturias.com\/noticias\/wp-json\/wp\/v2\/media\/1132184"}],"wp:attachment":[{"href":"https:\/\/www.eldigitaldeasturias.com\/noticias\/wp-json\/wp\/v2\/media?parent=478938"}],"wp:term":[{"taxonomy":"category","embeddable":true,"href":"https:\/\/www.eldigitaldeasturias.com\/noticias\/wp-json\/wp\/v2\/categories?post=478938"},{"taxonomy":"post_tag","embeddable":true,"href":"https:\/\/www.eldigitaldeasturias.com\/noticias\/wp-json\/wp\/v2\/tags?post=478938"}],"curies":[{"name":"wp","href":"https:\/\/api.w.org\/{rel}","templated":true}]}}