{"id":478935,"date":"2014-01-25T21:12:45","date_gmt":"2014-01-25T22:12:45","guid":{"rendered":"http:\/\/www.eldigitaldeasturias.com\/noticias\/?p=478935"},"modified":"2014-01-25T21:12:45","modified_gmt":"2014-01-25T22:12:45","slug":"cristiano-ofrece-el-balon-de-oro-al-bernabeu","status":"publish","type":"post","link":"https:\/\/www.eldigitaldeasturias.com\/noticias\/cristiano-ofrece-el-balon-de-oro-al-bernabeu\/","title":{"rendered":"Cristiano ofrece el Bal\u00f3n de Oro al Bernab\u00e9u"},"content":{"rendered":"<p><img loading=\"lazy\" decoding=\"async\" class=\"alignleft size-medium wp-image-478936\" alt=\"5876298w\" src=\"https:\/\/www.eldigitaldeasturias.com\/noticias\/wp-content\/uploads\/2014\/01\/5876298w-360x239.jpg\" width=\"360\" height=\"239\" \/>Madrid, 25 ene (EFE).- Cristiano Ronaldo, delantero del Real Madrid, ofreci\u00f3 el Bal\u00f3n de Oro al p\u00fablico del estadio Santiago Bernab\u00e9u, que ovacion\u00f3 y homenaje\u00f3 a su futbolista antes del inicio del partido que disputa el conjunto blanco con el Granada.<\/p>\n<p>Con los aficionados todav\u00eda ocupando sus asientos, a diez minutos de que comenzara el partido, por megafon\u00eda se anunci\u00f3 un homenaje audiovisual para el jugador portugu\u00e9s: \u00ab\u00a1Esta es una tarde muy especial y aqu\u00ed ten\u00e9is im\u00e1genes del mejor jugador del mundo!\u00bb, se escuch\u00f3 a un volumen atronador.<\/p>\n<p>A continuaci\u00f3n, al comp\u00e1s de la \u00abMarcha Radetzky\u00bb de Johann Strauss padre, se sucedieron en los v\u00eddeo marcadores del estadio blanco im\u00e1genes de la ceremonia de la entrega del Bal\u00f3n de Oro 2013 que gan\u00f3 por delante de Lionel Messi y Franck Ribery. \u00c9stas, alternaban con sus mejores jugadas y goles.<\/p>\n<p>Despu\u00e9s, una mosaico color oro con el nombre de CR7 adorn\u00f3 el estadio mientras el portugu\u00e9s sal\u00eda al campo. Tras el sorteo de campos, abraz\u00f3 al capit\u00e1n Sergio Ramos y levant\u00f3 el Bal\u00f3n de Oro, ubicado en la banda de los banquillos, y lo levant\u00f3 entre el aplauso de todo el estadio madridista.<\/p>\n<p>El gesto de la tarde lo tuvo con el delegado de campo, el veterano Agust\u00edn Herrer\u00edn, a quien llam\u00f3 insistentemente mientras se hac\u00eda la foto con el resto de sus compa\u00f1eros junto al trofeo que tanto dese\u00f3. Herrer\u00edn pos\u00f3 junto a sus jugadores y el Bal\u00f3n de Oro y a los dos minutos comenz\u00f3 el encuentro.<\/p>\n<p>Han pasado 55 a\u00f1os desde que un futbolista del Real Madrid ofreci\u00f3 un Bal\u00f3n de Oro jugando todo el a\u00f1o natural vestido de blanco. Un a\u00f1o antes, el mismo que gan\u00f3 aquel t\u00edtulo, Alfredo Di St\u00e9fano, en unas fechas similares, el 20 de enero de 1958, tambi\u00e9n celebr\u00f3 con su p\u00fablico la consecuci\u00f3n del trofeo.<\/p>\n","protected":false},"excerpt":{"rendered":"<p>Madrid, 25 ene (EFE).- Cristiano Ronaldo, delantero del Real Madrid, ofreci\u00f3 el Bal\u00f3n de Oro al p\u00fablico del estadio Santiago Bernab\u00e9u, que ovacion\u00f3 y homenaje\u00f3 a su futbolista antes del inicio del partido que disputa el conjunto blanco con el Granada. Con los aficionados todav\u00eda ocupando sus asientos, a diez minutos de que comenzara el [&hellip;]<\/p>\n","protected":false},"author":1,"featured_media":1132184,"comment_status":"closed","ping_status":"open","sticky":false,"template":"","format":"standard","meta":{"footnotes":""},"categories":[1],"tags":[],"class_list":["post-478935","post","type-post","status-publish","format-standard","has-post-thumbnail","hentry","category-actualidad"],"aioseo_notices":[],"aioseo_head":"\n\t\t<!-- All in One SEO Pro 5.0.1 - aioseo.com -->\n\t<meta name=\"description\" content=\"Madrid, 25 ene (EFE).- Cristiano Ronaldo, delantero del Real Madrid, ofreci\u00f3 el Bal\u00f3n de Oro al p\u00fablico del estadio Santiago Bernab\u00e9u, que ovacion\u00f3 y homenaje\u00f3 a su futbolista antes del inicio del partido que disputa el conjunto blanco con el Granada. Con los aficionados todav\u00eda ocupando sus asientos, a diez minutos de que comenzara el\" \/>\n\t<meta name=\"robots\" content=\"max-image-preview:large\" \/>\n\t<meta name=\"author\" content=\"El Digital de Asturias\"\/>\n\t<meta name=\"google-site-verification\" content=\"UA-38556648-1\" \/>\n\t<meta name=\"msvalidate.01\" content=\"7dfe9f3f1b24437ab69f4f2559babe99\" \/>\n\t<meta name=\"keywords\" content=\"actualidad\" \/>\n\t<link rel=\"canonical\" href=\"https:\/\/www.eldigitaldeasturias.com\/noticias\/cristiano-ofrece-el-balon-de-oro-al-bernabeu\/\" \/>\n\t<meta name=\"generator\" content=\"All in One SEO Pro (AIOSEO) 5.0.1\" \/>\n\t\t<meta property=\"og:locale\" content=\"es_ES\" \/>\n\t\t<meta property=\"og:site_name\" content=\"El Digital de Asturias\" \/>\n\t\t<meta property=\"og:type\" content=\"article\" \/>\n\t\t<meta property=\"og:title\" content=\"Cristiano ofrece el Bal\u00f3n de Oro al Bernab\u00e9u - El Digital de Asturias\" \/>\n\t\t<meta property=\"og:description\" content=\"Madrid, 25 ene (EFE).- Cristiano Ronaldo, delantero del Real Madrid, ofreci\u00f3 el Bal\u00f3n de Oro al p\u00fablico del estadio Santiago Bernab\u00e9u, que ovacion\u00f3 y homenaje\u00f3 a su futbolista antes del inicio del partido que disputa el conjunto blanco con el Granada. Con los aficionados todav\u00eda ocupando sus asientos, a diez minutos de que comenzara el\" \/>\n\t\t<meta property=\"og:url\" content=\"https:\/\/www.eldigitaldeasturias.com\/noticias\/cristiano-ofrece-el-balon-de-oro-al-bernabeu\/\" \/>\n\t\t<meta property=\"og:image\" content=\"https:\/\/www.eldigitaldeasturias.com\/noticias\/wp-content\/uploads\/2026\/06\/Contenidos.jpg\" \/>\n\t\t<meta property=\"og:image:secure_url\" content=\"https:\/\/www.eldigitaldeasturias.com\/noticias\/wp-content\/uploads\/2026\/06\/Contenidos.jpg\" \/>\n\t\t<meta property=\"og:image:width\" content=\"1265\" \/>\n\t\t<meta property=\"og:image:height\" content=\"697\" \/>\n\t\t<meta property=\"article:tag\" content=\"actualidad\" \/>\n\t\t<meta property=\"article:published_time\" content=\"2014-01-25T22:12:45+00:00\" \/>\n\t\t<meta property=\"article:modified_time\" content=\"2014-01-25T22:12:45+00:00\" \/>\n\t\t<meta property=\"article:publisher\" content=\"https:\/\/facebook.com\/eldigitaldeasturias\" \/>\n\t\t<meta name=\"twitter:card\" content=\"summary_large_image\" \/>\n\t\t<meta name=\"twitter:title\" content=\"Cristiano ofrece el Bal\u00f3n de Oro al Bernab\u00e9u - El Digital de Asturias\" \/>\n\t\t<meta name=\"twitter:description\" content=\"Madrid, 25 ene (EFE).- Cristiano Ronaldo, delantero del Real Madrid, ofreci\u00f3 el Bal\u00f3n de Oro al p\u00fablico del estadio Santiago Bernab\u00e9u, que ovacion\u00f3 y homenaje\u00f3 a su futbolista antes del inicio del partido que disputa el conjunto blanco con el Granada. Con los aficionados todav\u00eda ocupando sus asientos, a diez minutos de que comenzara el\" \/>\n\t\t<meta name=\"twitter:image\" content=\"https:\/\/www.eldigitaldeasturias.com\/noticias\/wp-content\/uploads\/2026\/06\/Contenidos.jpg\" \/>\n\t\t<meta name=\"twitter:label1\" content=\"Escrito por\" \/>\n\t\t<meta name=\"twitter:data1\" content=\"El Digital de Asturias\" \/>\n\t\t<meta name=\"twitter:label2\" content=\"Tiempo de lectura estimado\" \/>\n\t\t<meta name=\"twitter:data2\" content=\"2 minutos\" \/>\n\t\t<script type=\"application\/ld+json\" class=\"aioseo-schema\">\n\t\t\t{\"@context\":\"https:\\\/\\\/schema.org\",\"@graph\":[{\"@type\":\"BlogPosting\",\"@id\":\"https:\\\/\\\/www.eldigitaldeasturias.com\\\/noticias\\\/cristiano-ofrece-el-balon-de-oro-al-bernabeu\\\/#blogposting\",\"name\":\"Cristiano ofrece el Bal\\u00f3n de Oro al Bernab\\u00e9u - El Digital de Asturias\",\"headline\":\"Cristiano ofrece el Bal\\u00f3n de Oro al Bernab\\u00e9u\",\"author\":{\"@id\":\"https:\\\/\\\/www.eldigitaldeasturias.com\\\/noticias\\\/author\\\/admin\\\/#author\"},\"publisher\":{\"@id\":\"https:\\\/\\\/www.eldigitaldeasturias.com\\\/noticias\\\/#organization\"},\"image\":{\"@type\":\"ImageObject\",\"url\":\"https:\\\/\\\/www.eldigitaldeasturias.com\\\/noticias\\\/wp-content\\\/uploads\\\/2026\\\/06\\\/Contenidos.jpg\",\"width\":1265,\"height\":697,\"caption\":\"Contenidos\"},\"datePublished\":\"2014-01-25T21:12:45+01:00\",\"dateModified\":\"2014-01-25T21:12:45+01:00\",\"inLanguage\":\"es-ES\",\"mainEntityOfPage\":{\"@id\":\"https:\\\/\\\/www.eldigitaldeasturias.com\\\/noticias\\\/cristiano-ofrece-el-balon-de-oro-al-bernabeu\\\/#webpage\"},\"isPartOf\":{\"@id\":\"https:\\\/\\\/www.eldigitaldeasturias.com\\\/noticias\\\/cristiano-ofrece-el-balon-de-oro-al-bernabeu\\\/#webpage\"},\"articleSection\":\"Actualidad\"},{\"@type\":\"BreadcrumbList\",\"@id\":\"https:\\\/\\\/www.eldigitaldeasturias.com\\\/noticias\\\/cristiano-ofrece-el-balon-de-oro-al-bernabeu\\\/#breadcrumblist\",\"itemListElement\":[{\"@type\":\"ListItem\",\"@id\":\"https:\\\/\\\/www.eldigitaldeasturias.com\\\/noticias#listItem\",\"position\":1,\"name\":\"Home\",\"item\":\"https:\\\/\\\/www.eldigitaldeasturias.com\\\/noticias\",\"nextItem\":{\"@type\":\"ListItem\",\"@id\":\"https:\\\/\\\/www.eldigitaldeasturias.com\\\/noticias\\\/category\\\/actualidad\\\/#listItem\",\"name\":\"Actualidad\"}},{\"@type\":\"ListItem\",\"@id\":\"https:\\\/\\\/www.eldigitaldeasturias.com\\\/noticias\\\/category\\\/actualidad\\\/#listItem\",\"position\":2,\"name\":\"Actualidad\",\"item\":\"https:\\\/\\\/www.eldigitaldeasturias.com\\\/noticias\\\/category\\\/actualidad\\\/\",\"nextItem\":{\"@type\":\"ListItem\",\"@id\":\"https:\\\/\\\/www.eldigitaldeasturias.com\\\/noticias\\\/cristiano-ofrece-el-balon-de-oro-al-bernabeu\\\/#listItem\",\"name\":\"Cristiano ofrece el Bal\\u00f3n de Oro al Bernab\\u00e9u\"},\"previousItem\":{\"@type\":\"ListItem\",\"@id\":\"https:\\\/\\\/www.eldigitaldeasturias.com\\\/noticias#listItem\",\"name\":\"Home\"}},{\"@type\":\"ListItem\",\"@id\":\"https:\\\/\\\/www.eldigitaldeasturias.com\\\/noticias\\\/cristiano-ofrece-el-balon-de-oro-al-bernabeu\\\/#listItem\",\"position\":3,\"name\":\"Cristiano ofrece el Bal\\u00f3n de Oro al Bernab\\u00e9u\",\"previousItem\":{\"@type\":\"ListItem\",\"@id\":\"https:\\\/\\\/www.eldigitaldeasturias.com\\\/noticias\\\/category\\\/actualidad\\\/#listItem\",\"name\":\"Actualidad\"}}]},{\"@type\":\"Organization\",\"@id\":\"https:\\\/\\\/www.eldigitaldeasturias.com\\\/noticias\\\/#organization\",\"name\":\"El Digital de Asturias\",\"description\":\"Hemeroteca\",\"url\":\"https:\\\/\\\/www.eldigitaldeasturias.com\\\/noticias\\\/\",\"email\":\"info@eldigitaldeasturias.com\",\"telephone\":\"+34652131393\",\"logo\":{\"@type\":\"ImageObject\",\"url\":\"https:\\\/\\\/www.eldigitaldeasturias.com\\\/noticias\\\/wp-content\\\/uploads\\\/2020\\\/12\\\/EDA.jpg\",\"@id\":\"https:\\\/\\\/www.eldigitaldeasturias.com\\\/noticias\\\/cristiano-ofrece-el-balon-de-oro-al-bernabeu\\\/#organizationLogo\"},\"image\":{\"@id\":\"https:\\\/\\\/www.eldigitaldeasturias.com\\\/noticias\\\/cristiano-ofrece-el-balon-de-oro-al-bernabeu\\\/#organizationLogo\"},\"sameAs\":[\"https:\\\/\\\/facebook.com\\\/eldigitaldeasturias\",\"https:\\\/\\\/www.youtube.com\\\/channel\\\/UCZP-2wLEB9Rv6erhFmqVnvg\"],\"address\":{\"@id\":\"https:\\\/\\\/www.eldigitaldeasturias.com\\\/noticias\\\/#postaladdress\",\"@type\":\"PostalAddress\",\"streetAddress\":\"san antonio 4\",\"postalCode\":\"33430\",\"addressLocality\":\"Cand\\u00e1s\",\"addressRegion\":\"Asturias\",\"addressCountry\":\"ES\"}},{\"@type\":\"Person\",\"@id\":\"https:\\\/\\\/www.eldigitaldeasturias.com\\\/noticias\\\/author\\\/admin\\\/#author\",\"url\":\"https:\\\/\\\/www.eldigitaldeasturias.com\\\/noticias\\\/author\\\/admin\\\/\",\"name\":\"El Digital de Asturias\",\"image\":{\"@type\":\"ImageObject\",\"@id\":\"https:\\\/\\\/www.eldigitaldeasturias.com\\\/noticias\\\/cristiano-ofrece-el-balon-de-oro-al-bernabeu\\\/#authorImage\",\"url\":\"https:\\\/\\\/secure.gravatar.com\\\/avatar\\\/df2aeffc32bcd13f8d26072ef8a91b623d677766deac7f97ca815868cd41bf5e?s=96&d=mm&r=g\",\"width\":96,\"height\":96,\"caption\":\"El Digital de Asturias\"}},{\"@type\":\"WebPage\",\"@id\":\"https:\\\/\\\/www.eldigitaldeasturias.com\\\/noticias\\\/cristiano-ofrece-el-balon-de-oro-al-bernabeu\\\/#webpage\",\"url\":\"https:\\\/\\\/www.eldigitaldeasturias.com\\\/noticias\\\/cristiano-ofrece-el-balon-de-oro-al-bernabeu\\\/\",\"name\":\"Cristiano ofrece el Bal\\u00f3n de Oro al Bernab\\u00e9u - El Digital de Asturias\",\"description\":\"Madrid, 25 ene (EFE).- Cristiano Ronaldo, delantero del Real Madrid, ofreci\\u00f3 el Bal\\u00f3n de Oro al p\\u00fablico del estadio Santiago Bernab\\u00e9u, que ovacion\\u00f3 y homenaje\\u00f3 a su futbolista antes del inicio del partido que disputa el conjunto blanco con el Granada. Con los aficionados todav\\u00eda ocupando sus asientos, a diez minutos de que comenzara el\",\"inLanguage\":\"es-ES\",\"isPartOf\":{\"@id\":\"https:\\\/\\\/www.eldigitaldeasturias.com\\\/noticias\\\/#website\"},\"breadcrumb\":{\"@id\":\"https:\\\/\\\/www.eldigitaldeasturias.com\\\/noticias\\\/cristiano-ofrece-el-balon-de-oro-al-bernabeu\\\/#breadcrumblist\"},\"author\":{\"@id\":\"https:\\\/\\\/www.eldigitaldeasturias.com\\\/noticias\\\/author\\\/admin\\\/#author\"},\"creator\":{\"@id\":\"https:\\\/\\\/www.eldigitaldeasturias.com\\\/noticias\\\/author\\\/admin\\\/#author\"},\"image\":{\"@type\":\"ImageObject\",\"url\":\"https:\\\/\\\/www.eldigitaldeasturias.com\\\/noticias\\\/wp-content\\\/uploads\\\/2026\\\/06\\\/Contenidos.jpg\",\"@id\":\"https:\\\/\\\/www.eldigitaldeasturias.com\\\/noticias\\\/cristiano-ofrece-el-balon-de-oro-al-bernabeu\\\/#mainImage\",\"width\":1265,\"height\":697,\"caption\":\"Contenidos\"},\"primaryImageOfPage\":{\"@id\":\"https:\\\/\\\/www.eldigitaldeasturias.com\\\/noticias\\\/cristiano-ofrece-el-balon-de-oro-al-bernabeu\\\/#mainImage\"},\"datePublished\":\"2014-01-25T21:12:45+01:00\",\"dateModified\":\"2014-01-25T21:12:45+01:00\"},{\"@type\":\"WebSite\",\"@id\":\"https:\\\/\\\/www.eldigitaldeasturias.com\\\/noticias\\\/#website\",\"url\":\"https:\\\/\\\/www.eldigitaldeasturias.com\\\/noticias\\\/\",\"name\":\"El Digital de Asturias - Diario de actualidad y noticias\",\"alternateName\":\"El Digital de Asturias - Diario de actualidad y noticias\",\"description\":\"Hemeroteca\",\"inLanguage\":\"es-ES\",\"publisher\":{\"@id\":\"https:\\\/\\\/www.eldigitaldeasturias.com\\\/noticias\\\/#organization\"}}]}\n\t\t<\/script>\n\t\t<!-- All in One SEO Pro -->\r\n\t\t<title>Cristiano ofrece el Bal\u00f3n de Oro al Bernab\u00e9u - El Digital de Asturias<\/title>\n\n","aioseo_head_json":{"title":"Cristiano ofrece el Bal\u00f3n de Oro al Bernab\u00e9u - El Digital de Asturias","description":"Madrid, 25 ene (EFE).- Cristiano Ronaldo, delantero del Real Madrid, ofreci\u00f3 el Bal\u00f3n de Oro al p\u00fablico del estadio Santiago Bernab\u00e9u, que ovacion\u00f3 y homenaje\u00f3 a su futbolista antes del inicio del partido que disputa el conjunto blanco con el Granada. Con los aficionados todav\u00eda ocupando sus asientos, a diez minutos de que comenzara el","canonical_url":"https:\/\/www.eldigitaldeasturias.com\/noticias\/cristiano-ofrece-el-balon-de-oro-al-bernabeu\/","robots":"max-image-preview:large","keywords":"actualidad","webmasterTools":{"google-site-verification":"UA-38556648-1","msvalidate.01":"7dfe9f3f1b24437ab69f4f2559babe99","miscellaneous":""},"schema":{"@context":"https:\/\/schema.org","@graph":[{"@type":"BlogPosting","@id":"https:\/\/www.eldigitaldeasturias.com\/noticias\/cristiano-ofrece-el-balon-de-oro-al-bernabeu\/#blogposting","name":"Cristiano ofrece el Bal\u00f3n de Oro al Bernab\u00e9u - El Digital de Asturias","headline":"Cristiano ofrece el Bal\u00f3n de Oro al Bernab\u00e9u","author":{"@id":"https:\/\/www.eldigitaldeasturias.com\/noticias\/author\/admin\/#author"},"publisher":{"@id":"https:\/\/www.eldigitaldeasturias.com\/noticias\/#organization"},"image":{"@type":"ImageObject","url":"https:\/\/www.eldigitaldeasturias.com\/noticias\/wp-content\/uploads\/2026\/06\/Contenidos.jpg","width":1265,"height":697,"caption":"Contenidos"},"datePublished":"2014-01-25T21:12:45+01:00","dateModified":"2014-01-25T21:12:45+01:00","inLanguage":"es-ES","mainEntityOfPage":{"@id":"https:\/\/www.eldigitaldeasturias.com\/noticias\/cristiano-ofrece-el-balon-de-oro-al-bernabeu\/#webpage"},"isPartOf":{"@id":"https:\/\/www.eldigitaldeasturias.com\/noticias\/cristiano-ofrece-el-balon-de-oro-al-bernabeu\/#webpage"},"articleSection":"Actualidad"},{"@type":"BreadcrumbList","@id":"https:\/\/www.eldigitaldeasturias.com\/noticias\/cristiano-ofrece-el-balon-de-oro-al-bernabeu\/#breadcrumblist","itemListElement":[{"@type":"ListItem","@id":"https:\/\/www.eldigitaldeasturias.com\/noticias#listItem","position":1,"name":"Home","item":"https:\/\/www.eldigitaldeasturias.com\/noticias","nextItem":{"@type":"ListItem","@id":"https:\/\/www.eldigitaldeasturias.com\/noticias\/category\/actualidad\/#listItem","name":"Actualidad"}},{"@type":"ListItem","@id":"https:\/\/www.eldigitaldeasturias.com\/noticias\/category\/actualidad\/#listItem","position":2,"name":"Actualidad","item":"https:\/\/www.eldigitaldeasturias.com\/noticias\/category\/actualidad\/","nextItem":{"@type":"ListItem","@id":"https:\/\/www.eldigitaldeasturias.com\/noticias\/cristiano-ofrece-el-balon-de-oro-al-bernabeu\/#listItem","name":"Cristiano ofrece el Bal\u00f3n de Oro al Bernab\u00e9u"},"previousItem":{"@type":"ListItem","@id":"https:\/\/www.eldigitaldeasturias.com\/noticias#listItem","name":"Home"}},{"@type":"ListItem","@id":"https:\/\/www.eldigitaldeasturias.com\/noticias\/cristiano-ofrece-el-balon-de-oro-al-bernabeu\/#listItem","position":3,"name":"Cristiano ofrece el Bal\u00f3n de Oro al Bernab\u00e9u","previousItem":{"@type":"ListItem","@id":"https:\/\/www.eldigitaldeasturias.com\/noticias\/category\/actualidad\/#listItem","name":"Actualidad"}}]},{"@type":"Organization","@id":"https:\/\/www.eldigitaldeasturias.com\/noticias\/#organization","name":"El Digital de Asturias","description":"Hemeroteca","url":"https:\/\/www.eldigitaldeasturias.com\/noticias\/","email":"info@eldigitaldeasturias.com","telephone":"+34652131393","logo":{"@type":"ImageObject","url":"https:\/\/www.eldigitaldeasturias.com\/noticias\/wp-content\/uploads\/2020\/12\/EDA.jpg","@id":"https:\/\/www.eldigitaldeasturias.com\/noticias\/cristiano-ofrece-el-balon-de-oro-al-bernabeu\/#organizationLogo"},"image":{"@id":"https:\/\/www.eldigitaldeasturias.com\/noticias\/cristiano-ofrece-el-balon-de-oro-al-bernabeu\/#organizationLogo"},"sameAs":["https:\/\/facebook.com\/eldigitaldeasturias","https:\/\/www.youtube.com\/channel\/UCZP-2wLEB9Rv6erhFmqVnvg"],"address":{"@id":"https:\/\/www.eldigitaldeasturias.com\/noticias\/#postaladdress","@type":"PostalAddress","streetAddress":"san antonio 4","postalCode":"33430","addressLocality":"Cand\u00e1s","addressRegion":"Asturias","addressCountry":"ES"}},{"@type":"Person","@id":"https:\/\/www.eldigitaldeasturias.com\/noticias\/author\/admin\/#author","url":"https:\/\/www.eldigitaldeasturias.com\/noticias\/author\/admin\/","name":"El Digital de Asturias","image":{"@type":"ImageObject","@id":"https:\/\/www.eldigitaldeasturias.com\/noticias\/cristiano-ofrece-el-balon-de-oro-al-bernabeu\/#authorImage","url":"https:\/\/secure.gravatar.com\/avatar\/df2aeffc32bcd13f8d26072ef8a91b623d677766deac7f97ca815868cd41bf5e?s=96&d=mm&r=g","width":96,"height":96,"caption":"El Digital de Asturias"}},{"@type":"WebPage","@id":"https:\/\/www.eldigitaldeasturias.com\/noticias\/cristiano-ofrece-el-balon-de-oro-al-bernabeu\/#webpage","url":"https:\/\/www.eldigitaldeasturias.com\/noticias\/cristiano-ofrece-el-balon-de-oro-al-bernabeu\/","name":"Cristiano ofrece el Bal\u00f3n de Oro al Bernab\u00e9u - El Digital de Asturias","description":"Madrid, 25 ene (EFE).- Cristiano Ronaldo, delantero del Real Madrid, ofreci\u00f3 el Bal\u00f3n de Oro al p\u00fablico del estadio Santiago Bernab\u00e9u, que ovacion\u00f3 y homenaje\u00f3 a su futbolista antes del inicio del partido que disputa el conjunto blanco con el Granada. Con los aficionados todav\u00eda ocupando sus asientos, a diez minutos de que comenzara el","inLanguage":"es-ES","isPartOf":{"@id":"https:\/\/www.eldigitaldeasturias.com\/noticias\/#website"},"breadcrumb":{"@id":"https:\/\/www.eldigitaldeasturias.com\/noticias\/cristiano-ofrece-el-balon-de-oro-al-bernabeu\/#breadcrumblist"},"author":{"@id":"https:\/\/www.eldigitaldeasturias.com\/noticias\/author\/admin\/#author"},"creator":{"@id":"https:\/\/www.eldigitaldeasturias.com\/noticias\/author\/admin\/#author"},"image":{"@type":"ImageObject","url":"https:\/\/www.eldigitaldeasturias.com\/noticias\/wp-content\/uploads\/2026\/06\/Contenidos.jpg","@id":"https:\/\/www.eldigitaldeasturias.com\/noticias\/cristiano-ofrece-el-balon-de-oro-al-bernabeu\/#mainImage","width":1265,"height":697,"caption":"Contenidos"},"primaryImageOfPage":{"@id":"https:\/\/www.eldigitaldeasturias.com\/noticias\/cristiano-ofrece-el-balon-de-oro-al-bernabeu\/#mainImage"},"datePublished":"2014-01-25T21:12:45+01:00","dateModified":"2014-01-25T21:12:45+01:00"},{"@type":"WebSite","@id":"https:\/\/www.eldigitaldeasturias.com\/noticias\/#website","url":"https:\/\/www.eldigitaldeasturias.com\/noticias\/","name":"El Digital de Asturias - Diario de actualidad y noticias","alternateName":"El Digital de Asturias - Diario de actualidad y noticias","description":"Hemeroteca","inLanguage":"es-ES","publisher":{"@id":"https:\/\/www.eldigitaldeasturias.com\/noticias\/#organization"}}]},"og:locale":"es_ES","og:site_name":"El Digital de Asturias","og:type":"article","og:title":"Cristiano ofrece el Bal\u00f3n de Oro al Bernab\u00e9u - El Digital de Asturias","og:description":"Madrid, 25 ene (EFE).- Cristiano Ronaldo, delantero del Real Madrid, ofreci\u00f3 el Bal\u00f3n de Oro al p\u00fablico del estadio Santiago Bernab\u00e9u, que ovacion\u00f3 y homenaje\u00f3 a su futbolista antes del inicio del partido que disputa el conjunto blanco con el Granada. Con los aficionados todav\u00eda ocupando sus asientos, a diez minutos de que comenzara el","og:url":"https:\/\/www.eldigitaldeasturias.com\/noticias\/cristiano-ofrece-el-balon-de-oro-al-bernabeu\/","og:image":"https:\/\/www.eldigitaldeasturias.com\/noticias\/wp-content\/uploads\/2026\/06\/Contenidos.jpg","og:image:secure_url":"https:\/\/www.eldigitaldeasturias.com\/noticias\/wp-content\/uploads\/2026\/06\/Contenidos.jpg","og:image:width":1265,"og:image:height":697,"article:tag":["actualidad"],"article:published_time":"2014-01-25T22:12:45+00:00","article:modified_time":"2014-01-25T22:12:45+00:00","article:publisher":"https:\/\/facebook.com\/eldigitaldeasturias","twitter:card":"summary_large_image","twitter:title":"Cristiano ofrece el Bal\u00f3n de Oro al Bernab\u00e9u - El Digital de Asturias","twitter:description":"Madrid, 25 ene (EFE).- Cristiano Ronaldo, delantero del Real Madrid, ofreci\u00f3 el Bal\u00f3n de Oro al p\u00fablico del estadio Santiago Bernab\u00e9u, que ovacion\u00f3 y homenaje\u00f3 a su futbolista antes del inicio del partido que disputa el conjunto blanco con el Granada. Con los aficionados todav\u00eda ocupando sus asientos, a diez minutos de que comenzara el","twitter:image":"https:\/\/www.eldigitaldeasturias.com\/noticias\/wp-content\/uploads\/2026\/06\/Contenidos.jpg","twitter:label1":"Escrito por","twitter:data1":"El Digital de Asturias","twitter:label2":"Tiempo de lectura estimado","twitter:data2":"2 minutos"},"aioseo_meta_data":{"post_id":"478935","title":null,"description":null,"keywords":null,"keyphrases":null,"primary_term":null,"canonical_url":null,"og_title":null,"og_description":null,"og_object_type":"default","og_image_type":"default","og_image_url":null,"og_image_width":null,"og_image_height":null,"og_image_custom_url":null,"og_image_custom_fields":null,"og_video":null,"og_custom_url":null,"og_article_section":null,"og_article_tags":null,"twitter_use_og":true,"twitter_card":"default","twitter_image_type":"default","twitter_image_url":null,"twitter_image_custom_url":null,"twitter_image_custom_fields":null,"twitter_title":null,"twitter_description":null,"schema":{"blockGraphs":[],"customGraphs":[],"default":{"data":{"Article":[],"Course":[],"Dataset":[],"FAQPage":[],"Movie":[],"Person":[],"Product":[],"ProductReview":[],"Car":[],"Recipe":[],"Service":[],"SoftwareApplication":[],"WebPage":[]},"graphName":"","isEnabled":true},"graphs":[],"defaultGraph":"","defaultPostTypeGraph":""},"schema_type":null,"schema_type_options":null,"pillar_content":false,"robots_default":true,"robots_noindex":false,"robots_noarchive":false,"robots_nosnippet":false,"robots_nofollow":false,"robots_noimageindex":false,"robots_noodp":false,"robots_notranslate":false,"robots_max_snippet":null,"robots_max_videopreview":null,"robots_max_imagepreview":"none","priority":null,"frequency":null,"local_seo":null,"seo_analyzer_scan_date":"2026-06-01 22:58:57","breadcrumb_settings":null,"limit_modified_date":false,"open_ai":null,"ai":null,"created":"2020-11-14 22:53:58","updated":"2026-06-01 22:58:57","focus_keyword":null,"additional_keywords":null,"truseo_locale":null},"aioseo_breadcrumb":"<div class=\"aioseo-breadcrumbs\"><span class=\"aioseo-breadcrumb\">\n\t<a href=\"https:\/\/www.eldigitaldeasturias.com\/noticias\" title=\"Home\">Home<\/a>\n<\/span><span class=\"aioseo-breadcrumb-separator\">\u2013<\/span><span class=\"aioseo-breadcrumb\">\n\t<a href=\"https:\/\/www.eldigitaldeasturias.com\/noticias\/category\/actualidad\/\" title=\"Actualidad\">Actualidad<\/a>\n<\/span><span class=\"aioseo-breadcrumb-separator\">\u2013<\/span><span class=\"aioseo-breadcrumb\">\n\t<a href=\"https:\/\/www.eldigitaldeasturias.com\/noticias\/cristiano-ofrece-el-balon-de-oro-al-bernabeu\/\" title=\"Cristiano ofrece el Bal\u00f3n de Oro al Bernab\u00e9u\">Cristiano ofrece el Bal\u00f3n de Oro al Bernab\u00e9u<\/a>\n<\/span><\/div>","aioseo_breadcrumb_json":[{"label":"Home","link":"https:\/\/www.eldigitaldeasturias.com\/noticias"},{"label":"Actualidad","link":"https:\/\/www.eldigitaldeasturias.com\/noticias\/category\/actualidad\/"},{"label":"Cristiano ofrece el Bal\u00f3n de Oro al Bernab\u00e9u","link":"https:\/\/www.eldigitaldeasturias.com\/noticias\/cristiano-ofrece-el-balon-de-oro-al-bernabeu\/"}],"_links":{"self":[{"href":"https:\/\/www.eldigitaldeasturias.com\/noticias\/wp-json\/wp\/v2\/posts\/478935","targetHints":{"allow":["GET"]}}],"collection":[{"href":"https:\/\/www.eldigitaldeasturias.com\/noticias\/wp-json\/wp\/v2\/posts"}],"about":[{"href":"https:\/\/www.eldigitaldeasturias.com\/noticias\/wp-json\/wp\/v2\/types\/post"}],"author":[{"embeddable":true,"href":"https:\/\/www.eldigitaldeasturias.com\/noticias\/wp-json\/wp\/v2\/users\/1"}],"replies":[{"embeddable":true,"href":"https:\/\/www.eldigitaldeasturias.com\/noticias\/wp-json\/wp\/v2\/comments?post=478935"}],"version-history":[{"count":0,"href":"https:\/\/www.eldigitaldeasturias.com\/noticias\/wp-json\/wp\/v2\/posts\/478935\/revisions"}],"wp:featuredmedia":[{"embeddable":true,"href":"https:\/\/www.eldigitaldeasturias.com\/noticias\/wp-json\/wp\/v2\/media\/1132184"}],"wp:attachment":[{"href":"https:\/\/www.eldigitaldeasturias.com\/noticias\/wp-json\/wp\/v2\/media?parent=478935"}],"wp:term":[{"taxonomy":"category","embeddable":true,"href":"https:\/\/www.eldigitaldeasturias.com\/noticias\/wp-json\/wp\/v2\/categories?post=478935"},{"taxonomy":"post_tag","embeddable":true,"href":"https:\/\/www.eldigitaldeasturias.com\/noticias\/wp-json\/wp\/v2\/tags?post=478935"}],"curies":[{"name":"wp","href":"https:\/\/api.w.org\/{rel}","templated":true}]}}