{"id":478932,"date":"2014-01-25T21:11:28","date_gmt":"2014-01-25T22:11:28","guid":{"rendered":"http:\/\/www.eldigitaldeasturias.com\/noticias\/?p=478932"},"modified":"2014-01-25T21:11:28","modified_gmt":"2014-01-25T22:11:28","slug":"cdc-acusa-a-rajoy-de-debil-por-no-dejar-votar-en-una-consulta-catalana","status":"publish","type":"post","link":"https:\/\/www.eldigitaldeasturias.com\/noticias\/cdc-acusa-a-rajoy-de-debil-por-no-dejar-votar-en-una-consulta-catalana\/","title":{"rendered":"CDC acusa a Rajoy de \u00abd\u00e9bil\u00bb por no dejar votar en una consulta catalana"},"content":{"rendered":"<p><img loading=\"lazy\" decoding=\"async\" class=\"alignleft size-medium wp-image-478933\" alt=\"5876297w\" src=\"https:\/\/www.eldigitaldeasturias.com\/noticias\/wp-content\/uploads\/2014\/01\/5876297w-360x217.jpg\" width=\"360\" height=\"217\" \/>Calella (Barcelona), 25 ene (EFE).- El secretario de Organizaci\u00f3n de CDC, Josep Rull, ha calificado hoy al PP y Mariano Rajoy de \u00abd\u00e9biles\u00bb por no saber manejar la situaci\u00f3n que plantean Catalu\u00f1a con la celebraci\u00f3n de la consulta, frente a un David Cameron que demuestra \u00abfortaleza\u00bb cuando acepta el reto de Escocia.<\/p>\n<p>\u00abRajoy dice que no dejar\u00e1 votar a los catalanes, que no permitir\u00e1 que se vulnere la Constituci\u00f3n. Ya hemos dicho que hay v\u00edas legales para hacerlo. Quien no quiere dejar votar son los que se sienten d\u00e9biles porque los que se sienten convencidos de su proyecto no tienen miedo de la democracia. Londres es fuerte, Madrid es d\u00e9bil. Cameron es fuerte, Rajoy es d\u00e9bil y s\u00f3lo le queda imponer porque no sabe gestionar una situaci\u00f3n compleja\u00bb, ha abundado Rull.<\/p>\n<p>En la convenci\u00f3n municipal que CDC celebra en Calella (Barcelona), Rull ha pedido al PP \u00abque sean honestos y que digan que esta Catalu\u00f1a tendr\u00e1 dificultades porque ellos har\u00e1n lo posible para que sea as\u00ed\u00bb.<\/p>\n<p>Rull tambi\u00e9n ha a\u00f1adido que \u00abcon las herramientas de esta autonom\u00eda no podemos servir a la gente. En los \u00faltimos 300 a\u00f1os hemos conocido dos v\u00edas: el catalanismo mayoritario para transformar Espa\u00f1a y los partidarios de la escisi\u00f3n de Espa\u00f1a, pero ahora el soberanismo nos dice que cada uno sea quien quiera ser sin transformar al otro\u00bb.<\/p>\n<p>\u00abEste fin de semana han venido los que nos quieren redimir con el discurso del miedo (&#8230;) La independencia es un anhelo, un deseo, la destrucci\u00f3n del autogobierno ya est\u00e1 avanzando y tiene rostros que hoy est\u00e1n en Barcelona\u00bb, ha asegurado en alusi\u00f3n a los dirigente del PP y al Gobierno central.<\/p>\n<p>Por su parte, el vicesecretario de coordinaci\u00f3n institucional de CDC, Llu\u00eds Corominas, ha remarcado que \u00abla pol\u00edtica no puede ser de la manera que la ejercen PP, PSOE y PSC. Si fu\u00e9ramos as\u00ed no estar\u00edamos donde estamos. La pol\u00edtica son contenidos, estrategia, marca y persona\u00bb.<\/p>\n<p>\u00abSi no tenemos una marca fuerte y cohesionada y personas que sean ejemplo en el d\u00eda a d\u00eda, por muy buena que sea la estrategia y los contenidos no tendr\u00edan sentido. Queremos reivindicar una manera diferente de hacer pol\u00edtica de estos partidos\u00bb, ha explicado Corominas, que ve \u00abmuy agresivo\u00bb al PP.<\/p>\n<p>Rull y Corominas han hecho estas declaraciones en Calella (Barcelona) durante la clausura de la convenci\u00f3n municipalista de CDC.<\/p>\n","protected":false},"excerpt":{"rendered":"<p>Calella (Barcelona), 25 ene (EFE).- El secretario de Organizaci\u00f3n de CDC, Josep Rull, ha calificado hoy al PP y Mariano Rajoy de \u00abd\u00e9biles\u00bb por no saber manejar la situaci\u00f3n que plantean Catalu\u00f1a con la celebraci\u00f3n de la consulta, frente a un David Cameron que demuestra \u00abfortaleza\u00bb cuando acepta el reto de Escocia. \u00abRajoy dice que [&hellip;]<\/p>\n","protected":false},"author":1,"featured_media":1132184,"comment_status":"closed","ping_status":"open","sticky":false,"template":"","format":"standard","meta":{"footnotes":""},"categories":[1],"tags":[],"class_list":["post-478932","post","type-post","status-publish","format-standard","has-post-thumbnail","hentry","category-actualidad"],"aioseo_notices":[],"aioseo_head":"\n\t\t<!-- All in One SEO Pro 5.0.1 - aioseo.com -->\n\t<meta name=\"description\" content=\"Calella (Barcelona), 25 ene (EFE).- El secretario de Organizaci\u00f3n de CDC, Josep Rull, ha calificado hoy al PP y Mariano Rajoy de &quot;d\u00e9biles&quot; por no saber manejar la situaci\u00f3n que plantean Catalu\u00f1a con la celebraci\u00f3n de la consulta, frente a un David Cameron que demuestra &quot;fortaleza&quot; cuando acepta el reto de Escocia. &quot;Rajoy dice que\" \/>\n\t<meta name=\"robots\" content=\"max-image-preview:large\" \/>\n\t<meta name=\"author\" content=\"El Digital de Asturias\"\/>\n\t<meta name=\"google-site-verification\" content=\"UA-38556648-1\" \/>\n\t<meta name=\"msvalidate.01\" content=\"7dfe9f3f1b24437ab69f4f2559babe99\" \/>\n\t<meta name=\"keywords\" content=\"actualidad\" \/>\n\t<link rel=\"canonical\" href=\"https:\/\/www.eldigitaldeasturias.com\/noticias\/cdc-acusa-a-rajoy-de-debil-por-no-dejar-votar-en-una-consulta-catalana\/\" \/>\n\t<meta name=\"generator\" content=\"All in One SEO Pro (AIOSEO) 5.0.1\" \/>\n\t\t<meta property=\"og:locale\" content=\"es_ES\" \/>\n\t\t<meta property=\"og:site_name\" content=\"El Digital de Asturias\" \/>\n\t\t<meta property=\"og:type\" content=\"article\" \/>\n\t\t<meta property=\"og:title\" content=\"CDC acusa a Rajoy de \u00abd\u00e9bil\u00bb por no dejar votar en una consulta catalana - El Digital de Asturias\" \/>\n\t\t<meta property=\"og:description\" content=\"Calella (Barcelona), 25 ene (EFE).- El secretario de Organizaci\u00f3n de CDC, Josep Rull, ha calificado hoy al PP y Mariano Rajoy de &quot;d\u00e9biles&quot; por no saber manejar la situaci\u00f3n que plantean Catalu\u00f1a con la celebraci\u00f3n de la consulta, frente a un David Cameron que demuestra &quot;fortaleza&quot; cuando acepta el reto de Escocia. &quot;Rajoy dice que\" \/>\n\t\t<meta property=\"og:url\" content=\"https:\/\/www.eldigitaldeasturias.com\/noticias\/cdc-acusa-a-rajoy-de-debil-por-no-dejar-votar-en-una-consulta-catalana\/\" \/>\n\t\t<meta property=\"og:image\" content=\"https:\/\/www.eldigitaldeasturias.com\/noticias\/wp-content\/uploads\/2026\/06\/Contenidos.jpg\" \/>\n\t\t<meta property=\"og:image:secure_url\" content=\"https:\/\/www.eldigitaldeasturias.com\/noticias\/wp-content\/uploads\/2026\/06\/Contenidos.jpg\" \/>\n\t\t<meta property=\"og:image:width\" content=\"1265\" \/>\n\t\t<meta property=\"og:image:height\" content=\"697\" \/>\n\t\t<meta property=\"article:tag\" content=\"actualidad\" \/>\n\t\t<meta property=\"article:published_time\" content=\"2014-01-25T22:11:28+00:00\" \/>\n\t\t<meta property=\"article:modified_time\" content=\"2014-01-25T22:11:28+00:00\" \/>\n\t\t<meta property=\"article:publisher\" content=\"https:\/\/facebook.com\/eldigitaldeasturias\" \/>\n\t\t<meta name=\"twitter:card\" content=\"summary_large_image\" \/>\n\t\t<meta name=\"twitter:title\" content=\"CDC acusa a Rajoy de \u00abd\u00e9bil\u00bb por no dejar votar en una consulta catalana - El Digital de Asturias\" \/>\n\t\t<meta name=\"twitter:description\" content=\"Calella (Barcelona), 25 ene (EFE).- El secretario de Organizaci\u00f3n de CDC, Josep Rull, ha calificado hoy al PP y Mariano Rajoy de &quot;d\u00e9biles&quot; por no saber manejar la situaci\u00f3n que plantean Catalu\u00f1a con la celebraci\u00f3n de la consulta, frente a un David Cameron que demuestra &quot;fortaleza&quot; cuando acepta el reto de Escocia. &quot;Rajoy dice que\" \/>\n\t\t<meta name=\"twitter:image\" content=\"https:\/\/www.eldigitaldeasturias.com\/noticias\/wp-content\/uploads\/2026\/06\/Contenidos.jpg\" \/>\n\t\t<meta name=\"twitter:label1\" content=\"Escrito por\" \/>\n\t\t<meta name=\"twitter:data1\" content=\"El Digital de Asturias\" \/>\n\t\t<meta name=\"twitter:label2\" content=\"Tiempo de lectura estimado\" \/>\n\t\t<meta name=\"twitter:data2\" content=\"2 minutos\" \/>\n\t\t<script type=\"application\/ld+json\" class=\"aioseo-schema\">\n\t\t\t{\"@context\":\"https:\\\/\\\/schema.org\",\"@graph\":[{\"@type\":\"BlogPosting\",\"@id\":\"https:\\\/\\\/www.eldigitaldeasturias.com\\\/noticias\\\/cdc-acusa-a-rajoy-de-debil-por-no-dejar-votar-en-una-consulta-catalana\\\/#blogposting\",\"name\":\"CDC acusa a Rajoy de \\u00abd\\u00e9bil\\u00bb por no dejar votar en una consulta catalana - El Digital de Asturias\",\"headline\":\"CDC acusa a Rajoy de \\u00abd\\u00e9bil\\u00bb por no dejar votar en una consulta catalana\",\"author\":{\"@id\":\"https:\\\/\\\/www.eldigitaldeasturias.com\\\/noticias\\\/author\\\/admin\\\/#author\"},\"publisher\":{\"@id\":\"https:\\\/\\\/www.eldigitaldeasturias.com\\\/noticias\\\/#organization\"},\"image\":{\"@type\":\"ImageObject\",\"url\":\"https:\\\/\\\/www.eldigitaldeasturias.com\\\/noticias\\\/wp-content\\\/uploads\\\/2026\\\/06\\\/Contenidos.jpg\",\"width\":1265,\"height\":697,\"caption\":\"Contenidos\"},\"datePublished\":\"2014-01-25T21:11:28+01:00\",\"dateModified\":\"2014-01-25T21:11:28+01:00\",\"inLanguage\":\"es-ES\",\"mainEntityOfPage\":{\"@id\":\"https:\\\/\\\/www.eldigitaldeasturias.com\\\/noticias\\\/cdc-acusa-a-rajoy-de-debil-por-no-dejar-votar-en-una-consulta-catalana\\\/#webpage\"},\"isPartOf\":{\"@id\":\"https:\\\/\\\/www.eldigitaldeasturias.com\\\/noticias\\\/cdc-acusa-a-rajoy-de-debil-por-no-dejar-votar-en-una-consulta-catalana\\\/#webpage\"},\"articleSection\":\"Actualidad\"},{\"@type\":\"BreadcrumbList\",\"@id\":\"https:\\\/\\\/www.eldigitaldeasturias.com\\\/noticias\\\/cdc-acusa-a-rajoy-de-debil-por-no-dejar-votar-en-una-consulta-catalana\\\/#breadcrumblist\",\"itemListElement\":[{\"@type\":\"ListItem\",\"@id\":\"https:\\\/\\\/www.eldigitaldeasturias.com\\\/noticias#listItem\",\"position\":1,\"name\":\"Home\",\"item\":\"https:\\\/\\\/www.eldigitaldeasturias.com\\\/noticias\",\"nextItem\":{\"@type\":\"ListItem\",\"@id\":\"https:\\\/\\\/www.eldigitaldeasturias.com\\\/noticias\\\/category\\\/actualidad\\\/#listItem\",\"name\":\"Actualidad\"}},{\"@type\":\"ListItem\",\"@id\":\"https:\\\/\\\/www.eldigitaldeasturias.com\\\/noticias\\\/category\\\/actualidad\\\/#listItem\",\"position\":2,\"name\":\"Actualidad\",\"item\":\"https:\\\/\\\/www.eldigitaldeasturias.com\\\/noticias\\\/category\\\/actualidad\\\/\",\"nextItem\":{\"@type\":\"ListItem\",\"@id\":\"https:\\\/\\\/www.eldigitaldeasturias.com\\\/noticias\\\/cdc-acusa-a-rajoy-de-debil-por-no-dejar-votar-en-una-consulta-catalana\\\/#listItem\",\"name\":\"CDC acusa a Rajoy de \\u00abd\\u00e9bil\\u00bb por no dejar votar en una consulta catalana\"},\"previousItem\":{\"@type\":\"ListItem\",\"@id\":\"https:\\\/\\\/www.eldigitaldeasturias.com\\\/noticias#listItem\",\"name\":\"Home\"}},{\"@type\":\"ListItem\",\"@id\":\"https:\\\/\\\/www.eldigitaldeasturias.com\\\/noticias\\\/cdc-acusa-a-rajoy-de-debil-por-no-dejar-votar-en-una-consulta-catalana\\\/#listItem\",\"position\":3,\"name\":\"CDC acusa a Rajoy de \\u00abd\\u00e9bil\\u00bb por no dejar votar en una consulta catalana\",\"previousItem\":{\"@type\":\"ListItem\",\"@id\":\"https:\\\/\\\/www.eldigitaldeasturias.com\\\/noticias\\\/category\\\/actualidad\\\/#listItem\",\"name\":\"Actualidad\"}}]},{\"@type\":\"Organization\",\"@id\":\"https:\\\/\\\/www.eldigitaldeasturias.com\\\/noticias\\\/#organization\",\"name\":\"El Digital de Asturias\",\"description\":\"Hemeroteca\",\"url\":\"https:\\\/\\\/www.eldigitaldeasturias.com\\\/noticias\\\/\",\"email\":\"info@eldigitaldeasturias.com\",\"telephone\":\"+34652131393\",\"logo\":{\"@type\":\"ImageObject\",\"url\":\"https:\\\/\\\/www.eldigitaldeasturias.com\\\/noticias\\\/wp-content\\\/uploads\\\/2020\\\/12\\\/EDA.jpg\",\"@id\":\"https:\\\/\\\/www.eldigitaldeasturias.com\\\/noticias\\\/cdc-acusa-a-rajoy-de-debil-por-no-dejar-votar-en-una-consulta-catalana\\\/#organizationLogo\"},\"image\":{\"@id\":\"https:\\\/\\\/www.eldigitaldeasturias.com\\\/noticias\\\/cdc-acusa-a-rajoy-de-debil-por-no-dejar-votar-en-una-consulta-catalana\\\/#organizationLogo\"},\"sameAs\":[\"https:\\\/\\\/facebook.com\\\/eldigitaldeasturias\",\"https:\\\/\\\/www.youtube.com\\\/channel\\\/UCZP-2wLEB9Rv6erhFmqVnvg\"],\"address\":{\"@id\":\"https:\\\/\\\/www.eldigitaldeasturias.com\\\/noticias\\\/#postaladdress\",\"@type\":\"PostalAddress\",\"streetAddress\":\"san antonio 4\",\"postalCode\":\"33430\",\"addressLocality\":\"Cand\\u00e1s\",\"addressRegion\":\"Asturias\",\"addressCountry\":\"ES\"}},{\"@type\":\"Person\",\"@id\":\"https:\\\/\\\/www.eldigitaldeasturias.com\\\/noticias\\\/author\\\/admin\\\/#author\",\"url\":\"https:\\\/\\\/www.eldigitaldeasturias.com\\\/noticias\\\/author\\\/admin\\\/\",\"name\":\"El Digital de Asturias\",\"image\":{\"@type\":\"ImageObject\",\"@id\":\"https:\\\/\\\/www.eldigitaldeasturias.com\\\/noticias\\\/cdc-acusa-a-rajoy-de-debil-por-no-dejar-votar-en-una-consulta-catalana\\\/#authorImage\",\"url\":\"https:\\\/\\\/secure.gravatar.com\\\/avatar\\\/df2aeffc32bcd13f8d26072ef8a91b623d677766deac7f97ca815868cd41bf5e?s=96&d=mm&r=g\",\"width\":96,\"height\":96,\"caption\":\"El Digital de Asturias\"}},{\"@type\":\"WebPage\",\"@id\":\"https:\\\/\\\/www.eldigitaldeasturias.com\\\/noticias\\\/cdc-acusa-a-rajoy-de-debil-por-no-dejar-votar-en-una-consulta-catalana\\\/#webpage\",\"url\":\"https:\\\/\\\/www.eldigitaldeasturias.com\\\/noticias\\\/cdc-acusa-a-rajoy-de-debil-por-no-dejar-votar-en-una-consulta-catalana\\\/\",\"name\":\"CDC acusa a Rajoy de \\u00abd\\u00e9bil\\u00bb por no dejar votar en una consulta catalana - El Digital de Asturias\",\"description\":\"Calella (Barcelona), 25 ene (EFE).- El secretario de Organizaci\\u00f3n de CDC, Josep Rull, ha calificado hoy al PP y Mariano Rajoy de \\\"d\\u00e9biles\\\" por no saber manejar la situaci\\u00f3n que plantean Catalu\\u00f1a con la celebraci\\u00f3n de la consulta, frente a un David Cameron que demuestra \\\"fortaleza\\\" cuando acepta el reto de Escocia. \\\"Rajoy dice que\",\"inLanguage\":\"es-ES\",\"isPartOf\":{\"@id\":\"https:\\\/\\\/www.eldigitaldeasturias.com\\\/noticias\\\/#website\"},\"breadcrumb\":{\"@id\":\"https:\\\/\\\/www.eldigitaldeasturias.com\\\/noticias\\\/cdc-acusa-a-rajoy-de-debil-por-no-dejar-votar-en-una-consulta-catalana\\\/#breadcrumblist\"},\"author\":{\"@id\":\"https:\\\/\\\/www.eldigitaldeasturias.com\\\/noticias\\\/author\\\/admin\\\/#author\"},\"creator\":{\"@id\":\"https:\\\/\\\/www.eldigitaldeasturias.com\\\/noticias\\\/author\\\/admin\\\/#author\"},\"image\":{\"@type\":\"ImageObject\",\"url\":\"https:\\\/\\\/www.eldigitaldeasturias.com\\\/noticias\\\/wp-content\\\/uploads\\\/2026\\\/06\\\/Contenidos.jpg\",\"@id\":\"https:\\\/\\\/www.eldigitaldeasturias.com\\\/noticias\\\/cdc-acusa-a-rajoy-de-debil-por-no-dejar-votar-en-una-consulta-catalana\\\/#mainImage\",\"width\":1265,\"height\":697,\"caption\":\"Contenidos\"},\"primaryImageOfPage\":{\"@id\":\"https:\\\/\\\/www.eldigitaldeasturias.com\\\/noticias\\\/cdc-acusa-a-rajoy-de-debil-por-no-dejar-votar-en-una-consulta-catalana\\\/#mainImage\"},\"datePublished\":\"2014-01-25T21:11:28+01:00\",\"dateModified\":\"2014-01-25T21:11:28+01:00\"},{\"@type\":\"WebSite\",\"@id\":\"https:\\\/\\\/www.eldigitaldeasturias.com\\\/noticias\\\/#website\",\"url\":\"https:\\\/\\\/www.eldigitaldeasturias.com\\\/noticias\\\/\",\"name\":\"El Digital de Asturias - Diario de actualidad y noticias\",\"alternateName\":\"El Digital de Asturias - Diario de actualidad y noticias\",\"description\":\"Hemeroteca\",\"inLanguage\":\"es-ES\",\"publisher\":{\"@id\":\"https:\\\/\\\/www.eldigitaldeasturias.com\\\/noticias\\\/#organization\"}}]}\n\t\t<\/script>\n\t\t<!-- All in One SEO Pro -->\r\n\t\t<title>CDC acusa a Rajoy de \u00abd\u00e9bil\u00bb por no dejar votar en una consulta catalana - El Digital de Asturias<\/title>\n\n","aioseo_head_json":{"title":"CDC acusa a Rajoy de \u00abd\u00e9bil\u00bb por no dejar votar en una consulta catalana - El Digital de Asturias","description":"Calella (Barcelona), 25 ene (EFE).- El secretario de Organizaci\u00f3n de CDC, Josep Rull, ha calificado hoy al PP y Mariano Rajoy de \"d\u00e9biles\" por no saber manejar la situaci\u00f3n que plantean Catalu\u00f1a con la celebraci\u00f3n de la consulta, frente a un David Cameron que demuestra \"fortaleza\" cuando acepta el reto de Escocia. \"Rajoy dice que","canonical_url":"https:\/\/www.eldigitaldeasturias.com\/noticias\/cdc-acusa-a-rajoy-de-debil-por-no-dejar-votar-en-una-consulta-catalana\/","robots":"max-image-preview:large","keywords":"actualidad","webmasterTools":{"google-site-verification":"UA-38556648-1","msvalidate.01":"7dfe9f3f1b24437ab69f4f2559babe99","miscellaneous":""},"schema":{"@context":"https:\/\/schema.org","@graph":[{"@type":"BlogPosting","@id":"https:\/\/www.eldigitaldeasturias.com\/noticias\/cdc-acusa-a-rajoy-de-debil-por-no-dejar-votar-en-una-consulta-catalana\/#blogposting","name":"CDC acusa a Rajoy de \u00abd\u00e9bil\u00bb por no dejar votar en una consulta catalana - El Digital de Asturias","headline":"CDC acusa a Rajoy de \u00abd\u00e9bil\u00bb por no dejar votar en una consulta catalana","author":{"@id":"https:\/\/www.eldigitaldeasturias.com\/noticias\/author\/admin\/#author"},"publisher":{"@id":"https:\/\/www.eldigitaldeasturias.com\/noticias\/#organization"},"image":{"@type":"ImageObject","url":"https:\/\/www.eldigitaldeasturias.com\/noticias\/wp-content\/uploads\/2026\/06\/Contenidos.jpg","width":1265,"height":697,"caption":"Contenidos"},"datePublished":"2014-01-25T21:11:28+01:00","dateModified":"2014-01-25T21:11:28+01:00","inLanguage":"es-ES","mainEntityOfPage":{"@id":"https:\/\/www.eldigitaldeasturias.com\/noticias\/cdc-acusa-a-rajoy-de-debil-por-no-dejar-votar-en-una-consulta-catalana\/#webpage"},"isPartOf":{"@id":"https:\/\/www.eldigitaldeasturias.com\/noticias\/cdc-acusa-a-rajoy-de-debil-por-no-dejar-votar-en-una-consulta-catalana\/#webpage"},"articleSection":"Actualidad"},{"@type":"BreadcrumbList","@id":"https:\/\/www.eldigitaldeasturias.com\/noticias\/cdc-acusa-a-rajoy-de-debil-por-no-dejar-votar-en-una-consulta-catalana\/#breadcrumblist","itemListElement":[{"@type":"ListItem","@id":"https:\/\/www.eldigitaldeasturias.com\/noticias#listItem","position":1,"name":"Home","item":"https:\/\/www.eldigitaldeasturias.com\/noticias","nextItem":{"@type":"ListItem","@id":"https:\/\/www.eldigitaldeasturias.com\/noticias\/category\/actualidad\/#listItem","name":"Actualidad"}},{"@type":"ListItem","@id":"https:\/\/www.eldigitaldeasturias.com\/noticias\/category\/actualidad\/#listItem","position":2,"name":"Actualidad","item":"https:\/\/www.eldigitaldeasturias.com\/noticias\/category\/actualidad\/","nextItem":{"@type":"ListItem","@id":"https:\/\/www.eldigitaldeasturias.com\/noticias\/cdc-acusa-a-rajoy-de-debil-por-no-dejar-votar-en-una-consulta-catalana\/#listItem","name":"CDC acusa a Rajoy de \u00abd\u00e9bil\u00bb por no dejar votar en una consulta catalana"},"previousItem":{"@type":"ListItem","@id":"https:\/\/www.eldigitaldeasturias.com\/noticias#listItem","name":"Home"}},{"@type":"ListItem","@id":"https:\/\/www.eldigitaldeasturias.com\/noticias\/cdc-acusa-a-rajoy-de-debil-por-no-dejar-votar-en-una-consulta-catalana\/#listItem","position":3,"name":"CDC acusa a Rajoy de \u00abd\u00e9bil\u00bb por no dejar votar en una consulta catalana","previousItem":{"@type":"ListItem","@id":"https:\/\/www.eldigitaldeasturias.com\/noticias\/category\/actualidad\/#listItem","name":"Actualidad"}}]},{"@type":"Organization","@id":"https:\/\/www.eldigitaldeasturias.com\/noticias\/#organization","name":"El Digital de Asturias","description":"Hemeroteca","url":"https:\/\/www.eldigitaldeasturias.com\/noticias\/","email":"info@eldigitaldeasturias.com","telephone":"+34652131393","logo":{"@type":"ImageObject","url":"https:\/\/www.eldigitaldeasturias.com\/noticias\/wp-content\/uploads\/2020\/12\/EDA.jpg","@id":"https:\/\/www.eldigitaldeasturias.com\/noticias\/cdc-acusa-a-rajoy-de-debil-por-no-dejar-votar-en-una-consulta-catalana\/#organizationLogo"},"image":{"@id":"https:\/\/www.eldigitaldeasturias.com\/noticias\/cdc-acusa-a-rajoy-de-debil-por-no-dejar-votar-en-una-consulta-catalana\/#organizationLogo"},"sameAs":["https:\/\/facebook.com\/eldigitaldeasturias","https:\/\/www.youtube.com\/channel\/UCZP-2wLEB9Rv6erhFmqVnvg"],"address":{"@id":"https:\/\/www.eldigitaldeasturias.com\/noticias\/#postaladdress","@type":"PostalAddress","streetAddress":"san antonio 4","postalCode":"33430","addressLocality":"Cand\u00e1s","addressRegion":"Asturias","addressCountry":"ES"}},{"@type":"Person","@id":"https:\/\/www.eldigitaldeasturias.com\/noticias\/author\/admin\/#author","url":"https:\/\/www.eldigitaldeasturias.com\/noticias\/author\/admin\/","name":"El Digital de Asturias","image":{"@type":"ImageObject","@id":"https:\/\/www.eldigitaldeasturias.com\/noticias\/cdc-acusa-a-rajoy-de-debil-por-no-dejar-votar-en-una-consulta-catalana\/#authorImage","url":"https:\/\/secure.gravatar.com\/avatar\/df2aeffc32bcd13f8d26072ef8a91b623d677766deac7f97ca815868cd41bf5e?s=96&d=mm&r=g","width":96,"height":96,"caption":"El Digital de Asturias"}},{"@type":"WebPage","@id":"https:\/\/www.eldigitaldeasturias.com\/noticias\/cdc-acusa-a-rajoy-de-debil-por-no-dejar-votar-en-una-consulta-catalana\/#webpage","url":"https:\/\/www.eldigitaldeasturias.com\/noticias\/cdc-acusa-a-rajoy-de-debil-por-no-dejar-votar-en-una-consulta-catalana\/","name":"CDC acusa a Rajoy de \u00abd\u00e9bil\u00bb por no dejar votar en una consulta catalana - El Digital de Asturias","description":"Calella (Barcelona), 25 ene (EFE).- El secretario de Organizaci\u00f3n de CDC, Josep Rull, ha calificado hoy al PP y Mariano Rajoy de \"d\u00e9biles\" por no saber manejar la situaci\u00f3n que plantean Catalu\u00f1a con la celebraci\u00f3n de la consulta, frente a un David Cameron que demuestra \"fortaleza\" cuando acepta el reto de Escocia. \"Rajoy dice que","inLanguage":"es-ES","isPartOf":{"@id":"https:\/\/www.eldigitaldeasturias.com\/noticias\/#website"},"breadcrumb":{"@id":"https:\/\/www.eldigitaldeasturias.com\/noticias\/cdc-acusa-a-rajoy-de-debil-por-no-dejar-votar-en-una-consulta-catalana\/#breadcrumblist"},"author":{"@id":"https:\/\/www.eldigitaldeasturias.com\/noticias\/author\/admin\/#author"},"creator":{"@id":"https:\/\/www.eldigitaldeasturias.com\/noticias\/author\/admin\/#author"},"image":{"@type":"ImageObject","url":"https:\/\/www.eldigitaldeasturias.com\/noticias\/wp-content\/uploads\/2026\/06\/Contenidos.jpg","@id":"https:\/\/www.eldigitaldeasturias.com\/noticias\/cdc-acusa-a-rajoy-de-debil-por-no-dejar-votar-en-una-consulta-catalana\/#mainImage","width":1265,"height":697,"caption":"Contenidos"},"primaryImageOfPage":{"@id":"https:\/\/www.eldigitaldeasturias.com\/noticias\/cdc-acusa-a-rajoy-de-debil-por-no-dejar-votar-en-una-consulta-catalana\/#mainImage"},"datePublished":"2014-01-25T21:11:28+01:00","dateModified":"2014-01-25T21:11:28+01:00"},{"@type":"WebSite","@id":"https:\/\/www.eldigitaldeasturias.com\/noticias\/#website","url":"https:\/\/www.eldigitaldeasturias.com\/noticias\/","name":"El Digital de Asturias - Diario de actualidad y noticias","alternateName":"El Digital de Asturias - Diario de actualidad y noticias","description":"Hemeroteca","inLanguage":"es-ES","publisher":{"@id":"https:\/\/www.eldigitaldeasturias.com\/noticias\/#organization"}}]},"og:locale":"es_ES","og:site_name":"El Digital de Asturias","og:type":"article","og:title":"CDC acusa a Rajoy de \u00abd\u00e9bil\u00bb por no dejar votar en una consulta catalana - El Digital de Asturias","og:description":"Calella (Barcelona), 25 ene (EFE).- El secretario de Organizaci\u00f3n de CDC, Josep Rull, ha calificado hoy al PP y Mariano Rajoy de &quot;d\u00e9biles&quot; por no saber manejar la situaci\u00f3n que plantean Catalu\u00f1a con la celebraci\u00f3n de la consulta, frente a un David Cameron que demuestra &quot;fortaleza&quot; cuando acepta el reto de Escocia. &quot;Rajoy dice que","og:url":"https:\/\/www.eldigitaldeasturias.com\/noticias\/cdc-acusa-a-rajoy-de-debil-por-no-dejar-votar-en-una-consulta-catalana\/","og:image":"https:\/\/www.eldigitaldeasturias.com\/noticias\/wp-content\/uploads\/2026\/06\/Contenidos.jpg","og:image:secure_url":"https:\/\/www.eldigitaldeasturias.com\/noticias\/wp-content\/uploads\/2026\/06\/Contenidos.jpg","og:image:width":1265,"og:image:height":697,"article:tag":["actualidad"],"article:published_time":"2014-01-25T22:11:28+00:00","article:modified_time":"2014-01-25T22:11:28+00:00","article:publisher":"https:\/\/facebook.com\/eldigitaldeasturias","twitter:card":"summary_large_image","twitter:title":"CDC acusa a Rajoy de \u00abd\u00e9bil\u00bb por no dejar votar en una consulta catalana - El Digital de Asturias","twitter:description":"Calella (Barcelona), 25 ene (EFE).- El secretario de Organizaci\u00f3n de CDC, Josep Rull, ha calificado hoy al PP y Mariano Rajoy de &quot;d\u00e9biles&quot; por no saber manejar la situaci\u00f3n que plantean Catalu\u00f1a con la celebraci\u00f3n de la consulta, frente a un David Cameron que demuestra &quot;fortaleza&quot; cuando acepta el reto de Escocia. &quot;Rajoy dice que","twitter:image":"https:\/\/www.eldigitaldeasturias.com\/noticias\/wp-content\/uploads\/2026\/06\/Contenidos.jpg","twitter:label1":"Escrito por","twitter:data1":"El Digital de Asturias","twitter:label2":"Tiempo de lectura estimado","twitter:data2":"2 minutos"},"aioseo_meta_data":{"post_id":"478932","title":null,"description":null,"keywords":null,"keyphrases":null,"primary_term":null,"canonical_url":null,"og_title":null,"og_description":null,"og_object_type":"default","og_image_type":"default","og_image_url":null,"og_image_width":null,"og_image_height":null,"og_image_custom_url":null,"og_image_custom_fields":null,"og_video":null,"og_custom_url":null,"og_article_section":null,"og_article_tags":null,"twitter_use_og":true,"twitter_card":"default","twitter_image_type":"default","twitter_image_url":null,"twitter_image_custom_url":null,"twitter_image_custom_fields":null,"twitter_title":null,"twitter_description":null,"schema":{"blockGraphs":[],"customGraphs":[],"default":{"data":{"Article":[],"Course":[],"Dataset":[],"FAQPage":[],"Movie":[],"Person":[],"Product":[],"ProductReview":[],"Car":[],"Recipe":[],"Service":[],"SoftwareApplication":[],"WebPage":[]},"graphName":"","isEnabled":true},"graphs":[],"defaultGraph":"","defaultPostTypeGraph":""},"schema_type":null,"schema_type_options":null,"pillar_content":false,"robots_default":true,"robots_noindex":false,"robots_noarchive":false,"robots_nosnippet":false,"robots_nofollow":false,"robots_noimageindex":false,"robots_noodp":false,"robots_notranslate":false,"robots_max_snippet":null,"robots_max_videopreview":null,"robots_max_imagepreview":"none","priority":null,"frequency":null,"local_seo":null,"seo_analyzer_scan_date":"2026-06-01 22:58:56","breadcrumb_settings":null,"limit_modified_date":false,"open_ai":null,"ai":null,"created":"2020-11-14 22:53:58","updated":"2026-06-01 22:58:56","focus_keyword":null,"additional_keywords":null,"truseo_locale":null},"aioseo_breadcrumb":"<div class=\"aioseo-breadcrumbs\"><span class=\"aioseo-breadcrumb\">\n\t<a href=\"https:\/\/www.eldigitaldeasturias.com\/noticias\" title=\"Home\">Home<\/a>\n<\/span><span class=\"aioseo-breadcrumb-separator\">\u2013<\/span><span class=\"aioseo-breadcrumb\">\n\t<a href=\"https:\/\/www.eldigitaldeasturias.com\/noticias\/category\/actualidad\/\" title=\"Actualidad\">Actualidad<\/a>\n<\/span><span class=\"aioseo-breadcrumb-separator\">\u2013<\/span><span class=\"aioseo-breadcrumb\">\n\t<a href=\"https:\/\/www.eldigitaldeasturias.com\/noticias\/cdc-acusa-a-rajoy-de-debil-por-no-dejar-votar-en-una-consulta-catalana\/\" title=\"CDC acusa a Rajoy de \u00abd\u00e9bil\u00bb por no dejar votar en una consulta catalana\">CDC acusa a Rajoy de \u00abd\u00e9bil\u00bb por no dejar votar en una consulta catalana<\/a>\n<\/span><\/div>","aioseo_breadcrumb_json":[{"label":"Home","link":"https:\/\/www.eldigitaldeasturias.com\/noticias"},{"label":"Actualidad","link":"https:\/\/www.eldigitaldeasturias.com\/noticias\/category\/actualidad\/"},{"label":"CDC acusa a Rajoy de \u00abd\u00e9bil\u00bb por no dejar votar en una consulta catalana","link":"https:\/\/www.eldigitaldeasturias.com\/noticias\/cdc-acusa-a-rajoy-de-debil-por-no-dejar-votar-en-una-consulta-catalana\/"}],"_links":{"self":[{"href":"https:\/\/www.eldigitaldeasturias.com\/noticias\/wp-json\/wp\/v2\/posts\/478932","targetHints":{"allow":["GET"]}}],"collection":[{"href":"https:\/\/www.eldigitaldeasturias.com\/noticias\/wp-json\/wp\/v2\/posts"}],"about":[{"href":"https:\/\/www.eldigitaldeasturias.com\/noticias\/wp-json\/wp\/v2\/types\/post"}],"author":[{"embeddable":true,"href":"https:\/\/www.eldigitaldeasturias.com\/noticias\/wp-json\/wp\/v2\/users\/1"}],"replies":[{"embeddable":true,"href":"https:\/\/www.eldigitaldeasturias.com\/noticias\/wp-json\/wp\/v2\/comments?post=478932"}],"version-history":[{"count":0,"href":"https:\/\/www.eldigitaldeasturias.com\/noticias\/wp-json\/wp\/v2\/posts\/478932\/revisions"}],"wp:featuredmedia":[{"embeddable":true,"href":"https:\/\/www.eldigitaldeasturias.com\/noticias\/wp-json\/wp\/v2\/media\/1132184"}],"wp:attachment":[{"href":"https:\/\/www.eldigitaldeasturias.com\/noticias\/wp-json\/wp\/v2\/media?parent=478932"}],"wp:term":[{"taxonomy":"category","embeddable":true,"href":"https:\/\/www.eldigitaldeasturias.com\/noticias\/wp-json\/wp\/v2\/categories?post=478932"},{"taxonomy":"post_tag","embeddable":true,"href":"https:\/\/www.eldigitaldeasturias.com\/noticias\/wp-json\/wp\/v2\/tags?post=478932"}],"curies":[{"name":"wp","href":"https:\/\/api.w.org\/{rel}","templated":true}]}}