{"id":478926,"date":"2014-01-25T21:07:22","date_gmt":"2014-01-25T22:07:22","guid":{"rendered":"http:\/\/www.eldigitaldeasturias.com\/noticias\/?p=478926"},"modified":"2014-01-25T21:07:22","modified_gmt":"2014-01-25T22:07:22","slug":"rubalcaba-asegura-que-lo-peor-de-la-crisis-esta-por-llegar","status":"publish","type":"post","link":"https:\/\/www.eldigitaldeasturias.com\/noticias\/rubalcaba-asegura-que-lo-peor-de-la-crisis-esta-por-llegar\/","title":{"rendered":"Rubalcaba asegura que \u00ablo peor\u00bb de la crisis est\u00e1 por llegar"},"content":{"rendered":"<p><img loading=\"lazy\" decoding=\"async\" class=\"alignleft size-medium wp-image-478927\" alt=\"5876281w\" src=\"https:\/\/www.eldigitaldeasturias.com\/noticias\/wp-content\/uploads\/2014\/01\/5876281w-360x239.jpg\" width=\"360\" height=\"239\" \/>Murcia, 25 ene (EFE).- El secretario general del PSOE, Alfredo P\u00e9rez Rubalcaba, ha advertido hoy de la \u00abaut\u00e9ntica trompeter\u00eda\u00bb del Gobierno hablando de recuperaci\u00f3n y ha considerado que \u00ablo peor\u00bb de la crisis est\u00e1 por llegar para muchos colectivos, aunque si los datos son buenos, \u00abmejor, y no le vamos a escatimar a nadie nada\u00bb, ha dicho.<\/p>\n<p>En un acto en Murcia en el que no ha hecho menci\u00f3n a Catalu\u00f1a, ha criticado la que ha llamado como \u00abf\u00f3rmula Rajoy\u00bb para luchar contra el desempleo, que consiste, seg\u00fan ha explicado, en empobrecer a las clases medias, quitar derechos a los trabajadores y, \u00abpara que le cuadren las cifras\u00bb, mandar a los j\u00f3venes a buscar trabajo fuera de Espa\u00f1a.<\/p>\n<p>El l\u00edder socialista ha considerado incompatible que el Gobierno de Mariano Rajoy hable de recuperaci\u00f3n el mismo d\u00eda que congela el salario m\u00ednimo interprofesional, que pone en marcha reforma de pensiones, que recorta becas y rebaja a la mitad las becas Erasmus.<\/p>\n<p>Para el dirigente socialista, la palabra recuperar debe conjugarse en el sentido de devolver los derechos y libertades que se han perdido en estos a\u00f1os, as\u00ed como los 40.000 millones de euros prestados a la banca para que reviertan en la ciudadan\u00eda.<\/p>\n<p>Seg\u00fan Rubalcaba, en la etapa de gobierno de Rajoy se han perdido un mill\u00f3n de puestos de trabajo, ha habido dr\u00e1sticas reducciones de los salarios de los trabajadores y se ha aprobado una reforma laboral que, seg\u00fan ha dicho, ser\u00e1 lo primero que abolir\u00e1 si llega al Gobierno, as\u00ed como la Lomce.<\/p>\n<p>Respecto a esta \u00faltima, ha afirmado que poco tiene que ver la calidad de la educaci\u00f3n que pretende conseguirse con esta ley con subvencionar a colegios que separan a ni\u00f1os de ni\u00f1as, que sea la nota de religi\u00f3n la que decida si un estudiante entra en medicina o no, o autorizar a los ayuntamientos dar gratis solares preparados para ense\u00f1anza p\u00fablica a colegios concertados.<\/p>\n<p>P\u00e9rez Rubalcaba ha criticado que el Gobierno no haya actualizado en 2013 el precio de los medicamentos, lo que, seg\u00fan sus c\u00e1lculos, supondr\u00eda un ahorro de 400 millones de euros para las arcas p\u00fablicas, m\u00e1s dinero del que recaud\u00f3 por el copago farmac\u00e9utico, por lo que propuso a Rajoy que actualice el precio en 2014 y deje a un lado el cobro a jubilados de parte de sus f\u00e1rmacos.<\/p>\n<p>\u00abPrefiero que un pensionista abuse de la farmacia a que un pensionista que necesite un f\u00e1rmaco no se lo puede comprar\u00bb, ha agregado, al tiempo que ha remarcado que con ello no quiere decir que no est\u00e9n contra el abuso de los medicamentos, pero \u00e9l ya ha o\u00eddo a madres decir que \u00abcon los 6 euros que me cobran por esta medicina mejor compro dos pollos a mis nietos\u00bb.<\/p>\n<p>Ha augurado adem\u00e1s que el copago hospitalario no lo pondr\u00e1n finalmente en pr\u00e1ctica en ninguna autonom\u00eda, ya que ha advertido que no hay nada m\u00e1s cruel que cobrar a los enfermos cr\u00f3nicos unas medicinas que necesitan para vivir \u00aby si dejan de tomarlas se mueren\u00bb. La pregunta es, seg\u00fan Rubalcaba, \u00absi alguien lo va a aplicar\u00bb.<\/p>\n<p>De la ley de seguridad ciudadana, ha dicho que en realidad esconde una \u00abley de orden p\u00fablico para restringir la libertad de expresi\u00f3n y el derecho de manifestaci\u00f3n\u00bb, y la ley de seguridad privada \u00abconsiste en darle a miembros de seguridad privada competencias de guardias civiles\u00bb.<\/p>\n<p>Rubalcaba ha acabado su intervenci\u00f3n mencionando una carta al diario El Pa\u00eds de varias pol\u00edticas y activistas francesas para criticar la reforma de la ley del aborto, y ha dicho que entre ellas hay mujeres que ocuparon ministerios con la derecha francesa que le vienen a decir a Rajoy que con esta norma \u00abse ha ido a la extrema derecha\u00bb.<\/p>\n<p>\u00abNosotros estamos a favor de que las mujeres decidan libremente sobre su embarazo, ni psiquiatras, ni m\u00e9dicos ni curas\u00bb, ha a\u00f1adido Rubalcaba, que ha incidido en que el Gobierno se ha quedado solo en Europa en su reforma junto a \u00abLe Pen padre\u00bb, que \u00abdebe ser de armas tomar\u00bb.<\/p>\n<p>En cuanto a las elecciones europeas de mayo, ha manifestado que \u00e9stas son \u00abimportant\u00edsimas\u00bb y que \u00absi alguien piensa que Espa\u00f1a va a salir de la crisis, que todav\u00eda vive, sin que Europa no le eche una mano, est\u00e1 equivocado\u00bb, al tiempo que tampoco Europa sobrevivir\u00e1 sin que esto se resuelva.<\/p>\n<p>\u00abSe est\u00e1 dirimiendo si se cambia a una pol\u00edtica que favorezca el crecimiento, o si seguimos con la obsesi\u00f3n de los ajustes, que s\u00f3lo conducen a m\u00e1s recesi\u00f3n y falta de cohesi\u00f3n y desigualdad\u00bb, ha aseverado.<\/p>\n<p>El l\u00edder socialista ha viajado a Murcia adem\u00e1s para mantener un encuentro en un c\u00e9ntrico hotel de la ciudad de Murcia con los rectores de las universidades p\u00fablicas, y con los empresarios de la energ\u00eda fotovoltaica, tras lo que ha participado en un mitin con unos doscientos dirigentes y militantes del PSRM-PSOE, entre ellos su secretario general, Rafael Gonz\u00e1lez Tovar.<\/p>\n","protected":false},"excerpt":{"rendered":"<p>Murcia, 25 ene (EFE).- El secretario general del PSOE, Alfredo P\u00e9rez Rubalcaba, ha advertido hoy de la \u00abaut\u00e9ntica trompeter\u00eda\u00bb del Gobierno hablando de recuperaci\u00f3n y ha considerado que \u00ablo peor\u00bb de la crisis est\u00e1 por llegar para muchos colectivos, aunque si los datos son buenos, \u00abmejor, y no le vamos a escatimar a nadie nada\u00bb, [&hellip;]<\/p>\n","protected":false},"author":1,"featured_media":1132184,"comment_status":"closed","ping_status":"open","sticky":false,"template":"","format":"standard","meta":{"footnotes":""},"categories":[1],"tags":[],"class_list":["post-478926","post","type-post","status-publish","format-standard","has-post-thumbnail","hentry","category-actualidad"],"aioseo_notices":[],"aioseo_head":"\n\t\t<!-- All in One SEO Pro 5.0.1 - aioseo.com -->\n\t<meta name=\"description\" content=\"Murcia, 25 ene (EFE).- El secretario general del PSOE, Alfredo P\u00e9rez Rubalcaba, ha advertido hoy de la &quot;aut\u00e9ntica trompeter\u00eda&quot; del Gobierno hablando de recuperaci\u00f3n y ha considerado que &quot;lo peor&quot; de la crisis est\u00e1 por llegar para muchos colectivos, aunque si los datos son buenos, &quot;mejor, y no le vamos a escatimar a nadie nada&quot;,\" \/>\n\t<meta name=\"robots\" content=\"max-image-preview:large\" \/>\n\t<meta name=\"author\" content=\"El Digital de Asturias\"\/>\n\t<meta name=\"google-site-verification\" content=\"UA-38556648-1\" \/>\n\t<meta name=\"msvalidate.01\" content=\"7dfe9f3f1b24437ab69f4f2559babe99\" \/>\n\t<meta name=\"keywords\" content=\"actualidad\" \/>\n\t<link rel=\"canonical\" href=\"https:\/\/www.eldigitaldeasturias.com\/noticias\/rubalcaba-asegura-que-lo-peor-de-la-crisis-esta-por-llegar\/\" \/>\n\t<meta name=\"generator\" content=\"All in One SEO Pro (AIOSEO) 5.0.1\" \/>\n\t\t<meta property=\"og:locale\" content=\"es_ES\" \/>\n\t\t<meta property=\"og:site_name\" content=\"El Digital de Asturias\" \/>\n\t\t<meta property=\"og:type\" content=\"article\" \/>\n\t\t<meta property=\"og:title\" content=\"Rubalcaba asegura que \u00ablo peor\u00bb de la crisis est\u00e1 por llegar - El Digital de Asturias\" \/>\n\t\t<meta property=\"og:description\" content=\"Murcia, 25 ene (EFE).- El secretario general del PSOE, Alfredo P\u00e9rez Rubalcaba, ha advertido hoy de la &quot;aut\u00e9ntica trompeter\u00eda&quot; del Gobierno hablando de recuperaci\u00f3n y ha considerado que &quot;lo peor&quot; de la crisis est\u00e1 por llegar para muchos colectivos, aunque si los datos son buenos, &quot;mejor, y no le vamos a escatimar a nadie nada&quot;,\" \/>\n\t\t<meta property=\"og:url\" content=\"https:\/\/www.eldigitaldeasturias.com\/noticias\/rubalcaba-asegura-que-lo-peor-de-la-crisis-esta-por-llegar\/\" \/>\n\t\t<meta property=\"og:image\" content=\"https:\/\/www.eldigitaldeasturias.com\/noticias\/wp-content\/uploads\/2026\/06\/Contenidos.jpg\" \/>\n\t\t<meta property=\"og:image:secure_url\" content=\"https:\/\/www.eldigitaldeasturias.com\/noticias\/wp-content\/uploads\/2026\/06\/Contenidos.jpg\" \/>\n\t\t<meta property=\"og:image:width\" content=\"1265\" \/>\n\t\t<meta property=\"og:image:height\" content=\"697\" \/>\n\t\t<meta property=\"article:tag\" content=\"actualidad\" \/>\n\t\t<meta property=\"article:published_time\" content=\"2014-01-25T22:07:22+00:00\" \/>\n\t\t<meta property=\"article:modified_time\" content=\"2014-01-25T22:07:22+00:00\" \/>\n\t\t<meta property=\"article:publisher\" content=\"https:\/\/facebook.com\/eldigitaldeasturias\" \/>\n\t\t<meta name=\"twitter:card\" content=\"summary_large_image\" \/>\n\t\t<meta name=\"twitter:title\" content=\"Rubalcaba asegura que \u00ablo peor\u00bb de la crisis est\u00e1 por llegar - El Digital de Asturias\" \/>\n\t\t<meta name=\"twitter:description\" content=\"Murcia, 25 ene (EFE).- El secretario general del PSOE, Alfredo P\u00e9rez Rubalcaba, ha advertido hoy de la &quot;aut\u00e9ntica trompeter\u00eda&quot; del Gobierno hablando de recuperaci\u00f3n y ha considerado que &quot;lo peor&quot; de la crisis est\u00e1 por llegar para muchos colectivos, aunque si los datos son buenos, &quot;mejor, y no le vamos a escatimar a nadie nada&quot;,\" \/>\n\t\t<meta name=\"twitter:image\" content=\"https:\/\/www.eldigitaldeasturias.com\/noticias\/wp-content\/uploads\/2026\/06\/Contenidos.jpg\" \/>\n\t\t<meta name=\"twitter:label1\" content=\"Escrito por\" \/>\n\t\t<meta name=\"twitter:data1\" content=\"El Digital de Asturias\" \/>\n\t\t<meta name=\"twitter:label2\" content=\"Tiempo de lectura estimado\" \/>\n\t\t<meta name=\"twitter:data2\" content=\"4 minutos\" \/>\n\t\t<script type=\"application\/ld+json\" class=\"aioseo-schema\">\n\t\t\t{\"@context\":\"https:\\\/\\\/schema.org\",\"@graph\":[{\"@type\":\"BlogPosting\",\"@id\":\"https:\\\/\\\/www.eldigitaldeasturias.com\\\/noticias\\\/rubalcaba-asegura-que-lo-peor-de-la-crisis-esta-por-llegar\\\/#blogposting\",\"name\":\"Rubalcaba asegura que \\u00ablo peor\\u00bb de la crisis est\\u00e1 por llegar - El Digital de Asturias\",\"headline\":\"Rubalcaba asegura que \\u00ablo peor\\u00bb de la crisis est\\u00e1 por llegar\",\"author\":{\"@id\":\"https:\\\/\\\/www.eldigitaldeasturias.com\\\/noticias\\\/author\\\/admin\\\/#author\"},\"publisher\":{\"@id\":\"https:\\\/\\\/www.eldigitaldeasturias.com\\\/noticias\\\/#organization\"},\"image\":{\"@type\":\"ImageObject\",\"url\":\"https:\\\/\\\/www.eldigitaldeasturias.com\\\/noticias\\\/wp-content\\\/uploads\\\/2026\\\/06\\\/Contenidos.jpg\",\"width\":1265,\"height\":697,\"caption\":\"Contenidos\"},\"datePublished\":\"2014-01-25T21:07:22+01:00\",\"dateModified\":\"2014-01-25T21:07:22+01:00\",\"inLanguage\":\"es-ES\",\"mainEntityOfPage\":{\"@id\":\"https:\\\/\\\/www.eldigitaldeasturias.com\\\/noticias\\\/rubalcaba-asegura-que-lo-peor-de-la-crisis-esta-por-llegar\\\/#webpage\"},\"isPartOf\":{\"@id\":\"https:\\\/\\\/www.eldigitaldeasturias.com\\\/noticias\\\/rubalcaba-asegura-que-lo-peor-de-la-crisis-esta-por-llegar\\\/#webpage\"},\"articleSection\":\"Actualidad\"},{\"@type\":\"BreadcrumbList\",\"@id\":\"https:\\\/\\\/www.eldigitaldeasturias.com\\\/noticias\\\/rubalcaba-asegura-que-lo-peor-de-la-crisis-esta-por-llegar\\\/#breadcrumblist\",\"itemListElement\":[{\"@type\":\"ListItem\",\"@id\":\"https:\\\/\\\/www.eldigitaldeasturias.com\\\/noticias#listItem\",\"position\":1,\"name\":\"Home\",\"item\":\"https:\\\/\\\/www.eldigitaldeasturias.com\\\/noticias\",\"nextItem\":{\"@type\":\"ListItem\",\"@id\":\"https:\\\/\\\/www.eldigitaldeasturias.com\\\/noticias\\\/category\\\/actualidad\\\/#listItem\",\"name\":\"Actualidad\"}},{\"@type\":\"ListItem\",\"@id\":\"https:\\\/\\\/www.eldigitaldeasturias.com\\\/noticias\\\/category\\\/actualidad\\\/#listItem\",\"position\":2,\"name\":\"Actualidad\",\"item\":\"https:\\\/\\\/www.eldigitaldeasturias.com\\\/noticias\\\/category\\\/actualidad\\\/\",\"nextItem\":{\"@type\":\"ListItem\",\"@id\":\"https:\\\/\\\/www.eldigitaldeasturias.com\\\/noticias\\\/rubalcaba-asegura-que-lo-peor-de-la-crisis-esta-por-llegar\\\/#listItem\",\"name\":\"Rubalcaba asegura que \\u00ablo peor\\u00bb de la crisis est\\u00e1 por llegar\"},\"previousItem\":{\"@type\":\"ListItem\",\"@id\":\"https:\\\/\\\/www.eldigitaldeasturias.com\\\/noticias#listItem\",\"name\":\"Home\"}},{\"@type\":\"ListItem\",\"@id\":\"https:\\\/\\\/www.eldigitaldeasturias.com\\\/noticias\\\/rubalcaba-asegura-que-lo-peor-de-la-crisis-esta-por-llegar\\\/#listItem\",\"position\":3,\"name\":\"Rubalcaba asegura que \\u00ablo peor\\u00bb de la crisis est\\u00e1 por llegar\",\"previousItem\":{\"@type\":\"ListItem\",\"@id\":\"https:\\\/\\\/www.eldigitaldeasturias.com\\\/noticias\\\/category\\\/actualidad\\\/#listItem\",\"name\":\"Actualidad\"}}]},{\"@type\":\"Organization\",\"@id\":\"https:\\\/\\\/www.eldigitaldeasturias.com\\\/noticias\\\/#organization\",\"name\":\"El Digital de Asturias\",\"description\":\"Hemeroteca\",\"url\":\"https:\\\/\\\/www.eldigitaldeasturias.com\\\/noticias\\\/\",\"email\":\"info@eldigitaldeasturias.com\",\"telephone\":\"+34652131393\",\"logo\":{\"@type\":\"ImageObject\",\"url\":\"https:\\\/\\\/www.eldigitaldeasturias.com\\\/noticias\\\/wp-content\\\/uploads\\\/2020\\\/12\\\/EDA.jpg\",\"@id\":\"https:\\\/\\\/www.eldigitaldeasturias.com\\\/noticias\\\/rubalcaba-asegura-que-lo-peor-de-la-crisis-esta-por-llegar\\\/#organizationLogo\"},\"image\":{\"@id\":\"https:\\\/\\\/www.eldigitaldeasturias.com\\\/noticias\\\/rubalcaba-asegura-que-lo-peor-de-la-crisis-esta-por-llegar\\\/#organizationLogo\"},\"sameAs\":[\"https:\\\/\\\/facebook.com\\\/eldigitaldeasturias\",\"https:\\\/\\\/www.youtube.com\\\/channel\\\/UCZP-2wLEB9Rv6erhFmqVnvg\"],\"address\":{\"@id\":\"https:\\\/\\\/www.eldigitaldeasturias.com\\\/noticias\\\/#postaladdress\",\"@type\":\"PostalAddress\",\"streetAddress\":\"san antonio 4\",\"postalCode\":\"33430\",\"addressLocality\":\"Cand\\u00e1s\",\"addressRegion\":\"Asturias\",\"addressCountry\":\"ES\"}},{\"@type\":\"Person\",\"@id\":\"https:\\\/\\\/www.eldigitaldeasturias.com\\\/noticias\\\/author\\\/admin\\\/#author\",\"url\":\"https:\\\/\\\/www.eldigitaldeasturias.com\\\/noticias\\\/author\\\/admin\\\/\",\"name\":\"El Digital de Asturias\",\"image\":{\"@type\":\"ImageObject\",\"@id\":\"https:\\\/\\\/www.eldigitaldeasturias.com\\\/noticias\\\/rubalcaba-asegura-que-lo-peor-de-la-crisis-esta-por-llegar\\\/#authorImage\",\"url\":\"https:\\\/\\\/secure.gravatar.com\\\/avatar\\\/df2aeffc32bcd13f8d26072ef8a91b623d677766deac7f97ca815868cd41bf5e?s=96&d=mm&r=g\",\"width\":96,\"height\":96,\"caption\":\"El Digital de Asturias\"}},{\"@type\":\"WebPage\",\"@id\":\"https:\\\/\\\/www.eldigitaldeasturias.com\\\/noticias\\\/rubalcaba-asegura-que-lo-peor-de-la-crisis-esta-por-llegar\\\/#webpage\",\"url\":\"https:\\\/\\\/www.eldigitaldeasturias.com\\\/noticias\\\/rubalcaba-asegura-que-lo-peor-de-la-crisis-esta-por-llegar\\\/\",\"name\":\"Rubalcaba asegura que \\u00ablo peor\\u00bb de la crisis est\\u00e1 por llegar - El Digital de Asturias\",\"description\":\"Murcia, 25 ene (EFE).- El secretario general del PSOE, Alfredo P\\u00e9rez Rubalcaba, ha advertido hoy de la \\\"aut\\u00e9ntica trompeter\\u00eda\\\" del Gobierno hablando de recuperaci\\u00f3n y ha considerado que \\\"lo peor\\\" de la crisis est\\u00e1 por llegar para muchos colectivos, aunque si los datos son buenos, \\\"mejor, y no le vamos a escatimar a nadie nada\\\",\",\"inLanguage\":\"es-ES\",\"isPartOf\":{\"@id\":\"https:\\\/\\\/www.eldigitaldeasturias.com\\\/noticias\\\/#website\"},\"breadcrumb\":{\"@id\":\"https:\\\/\\\/www.eldigitaldeasturias.com\\\/noticias\\\/rubalcaba-asegura-que-lo-peor-de-la-crisis-esta-por-llegar\\\/#breadcrumblist\"},\"author\":{\"@id\":\"https:\\\/\\\/www.eldigitaldeasturias.com\\\/noticias\\\/author\\\/admin\\\/#author\"},\"creator\":{\"@id\":\"https:\\\/\\\/www.eldigitaldeasturias.com\\\/noticias\\\/author\\\/admin\\\/#author\"},\"image\":{\"@type\":\"ImageObject\",\"url\":\"https:\\\/\\\/www.eldigitaldeasturias.com\\\/noticias\\\/wp-content\\\/uploads\\\/2026\\\/06\\\/Contenidos.jpg\",\"@id\":\"https:\\\/\\\/www.eldigitaldeasturias.com\\\/noticias\\\/rubalcaba-asegura-que-lo-peor-de-la-crisis-esta-por-llegar\\\/#mainImage\",\"width\":1265,\"height\":697,\"caption\":\"Contenidos\"},\"primaryImageOfPage\":{\"@id\":\"https:\\\/\\\/www.eldigitaldeasturias.com\\\/noticias\\\/rubalcaba-asegura-que-lo-peor-de-la-crisis-esta-por-llegar\\\/#mainImage\"},\"datePublished\":\"2014-01-25T21:07:22+01:00\",\"dateModified\":\"2014-01-25T21:07:22+01:00\"},{\"@type\":\"WebSite\",\"@id\":\"https:\\\/\\\/www.eldigitaldeasturias.com\\\/noticias\\\/#website\",\"url\":\"https:\\\/\\\/www.eldigitaldeasturias.com\\\/noticias\\\/\",\"name\":\"El Digital de Asturias - Diario de actualidad y noticias\",\"alternateName\":\"El Digital de Asturias - Diario de actualidad y noticias\",\"description\":\"Hemeroteca\",\"inLanguage\":\"es-ES\",\"publisher\":{\"@id\":\"https:\\\/\\\/www.eldigitaldeasturias.com\\\/noticias\\\/#organization\"}}]}\n\t\t<\/script>\n\t\t<!-- All in One SEO Pro -->\r\n\t\t<title>Rubalcaba asegura que \u00ablo peor\u00bb de la crisis est\u00e1 por llegar - El Digital de Asturias<\/title>\n\n","aioseo_head_json":{"title":"Rubalcaba asegura que \u00ablo peor\u00bb de la crisis est\u00e1 por llegar - El Digital de Asturias","description":"Murcia, 25 ene (EFE).- El secretario general del PSOE, Alfredo P\u00e9rez Rubalcaba, ha advertido hoy de la \"aut\u00e9ntica trompeter\u00eda\" del Gobierno hablando de recuperaci\u00f3n y ha considerado que \"lo peor\" de la crisis est\u00e1 por llegar para muchos colectivos, aunque si los datos son buenos, \"mejor, y no le vamos a escatimar a nadie nada\",","canonical_url":"https:\/\/www.eldigitaldeasturias.com\/noticias\/rubalcaba-asegura-que-lo-peor-de-la-crisis-esta-por-llegar\/","robots":"max-image-preview:large","keywords":"actualidad","webmasterTools":{"google-site-verification":"UA-38556648-1","msvalidate.01":"7dfe9f3f1b24437ab69f4f2559babe99","miscellaneous":""},"schema":{"@context":"https:\/\/schema.org","@graph":[{"@type":"BlogPosting","@id":"https:\/\/www.eldigitaldeasturias.com\/noticias\/rubalcaba-asegura-que-lo-peor-de-la-crisis-esta-por-llegar\/#blogposting","name":"Rubalcaba asegura que \u00ablo peor\u00bb de la crisis est\u00e1 por llegar - El Digital de Asturias","headline":"Rubalcaba asegura que \u00ablo peor\u00bb de la crisis est\u00e1 por llegar","author":{"@id":"https:\/\/www.eldigitaldeasturias.com\/noticias\/author\/admin\/#author"},"publisher":{"@id":"https:\/\/www.eldigitaldeasturias.com\/noticias\/#organization"},"image":{"@type":"ImageObject","url":"https:\/\/www.eldigitaldeasturias.com\/noticias\/wp-content\/uploads\/2026\/06\/Contenidos.jpg","width":1265,"height":697,"caption":"Contenidos"},"datePublished":"2014-01-25T21:07:22+01:00","dateModified":"2014-01-25T21:07:22+01:00","inLanguage":"es-ES","mainEntityOfPage":{"@id":"https:\/\/www.eldigitaldeasturias.com\/noticias\/rubalcaba-asegura-que-lo-peor-de-la-crisis-esta-por-llegar\/#webpage"},"isPartOf":{"@id":"https:\/\/www.eldigitaldeasturias.com\/noticias\/rubalcaba-asegura-que-lo-peor-de-la-crisis-esta-por-llegar\/#webpage"},"articleSection":"Actualidad"},{"@type":"BreadcrumbList","@id":"https:\/\/www.eldigitaldeasturias.com\/noticias\/rubalcaba-asegura-que-lo-peor-de-la-crisis-esta-por-llegar\/#breadcrumblist","itemListElement":[{"@type":"ListItem","@id":"https:\/\/www.eldigitaldeasturias.com\/noticias#listItem","position":1,"name":"Home","item":"https:\/\/www.eldigitaldeasturias.com\/noticias","nextItem":{"@type":"ListItem","@id":"https:\/\/www.eldigitaldeasturias.com\/noticias\/category\/actualidad\/#listItem","name":"Actualidad"}},{"@type":"ListItem","@id":"https:\/\/www.eldigitaldeasturias.com\/noticias\/category\/actualidad\/#listItem","position":2,"name":"Actualidad","item":"https:\/\/www.eldigitaldeasturias.com\/noticias\/category\/actualidad\/","nextItem":{"@type":"ListItem","@id":"https:\/\/www.eldigitaldeasturias.com\/noticias\/rubalcaba-asegura-que-lo-peor-de-la-crisis-esta-por-llegar\/#listItem","name":"Rubalcaba asegura que \u00ablo peor\u00bb de la crisis est\u00e1 por llegar"},"previousItem":{"@type":"ListItem","@id":"https:\/\/www.eldigitaldeasturias.com\/noticias#listItem","name":"Home"}},{"@type":"ListItem","@id":"https:\/\/www.eldigitaldeasturias.com\/noticias\/rubalcaba-asegura-que-lo-peor-de-la-crisis-esta-por-llegar\/#listItem","position":3,"name":"Rubalcaba asegura que \u00ablo peor\u00bb de la crisis est\u00e1 por llegar","previousItem":{"@type":"ListItem","@id":"https:\/\/www.eldigitaldeasturias.com\/noticias\/category\/actualidad\/#listItem","name":"Actualidad"}}]},{"@type":"Organization","@id":"https:\/\/www.eldigitaldeasturias.com\/noticias\/#organization","name":"El Digital de Asturias","description":"Hemeroteca","url":"https:\/\/www.eldigitaldeasturias.com\/noticias\/","email":"info@eldigitaldeasturias.com","telephone":"+34652131393","logo":{"@type":"ImageObject","url":"https:\/\/www.eldigitaldeasturias.com\/noticias\/wp-content\/uploads\/2020\/12\/EDA.jpg","@id":"https:\/\/www.eldigitaldeasturias.com\/noticias\/rubalcaba-asegura-que-lo-peor-de-la-crisis-esta-por-llegar\/#organizationLogo"},"image":{"@id":"https:\/\/www.eldigitaldeasturias.com\/noticias\/rubalcaba-asegura-que-lo-peor-de-la-crisis-esta-por-llegar\/#organizationLogo"},"sameAs":["https:\/\/facebook.com\/eldigitaldeasturias","https:\/\/www.youtube.com\/channel\/UCZP-2wLEB9Rv6erhFmqVnvg"],"address":{"@id":"https:\/\/www.eldigitaldeasturias.com\/noticias\/#postaladdress","@type":"PostalAddress","streetAddress":"san antonio 4","postalCode":"33430","addressLocality":"Cand\u00e1s","addressRegion":"Asturias","addressCountry":"ES"}},{"@type":"Person","@id":"https:\/\/www.eldigitaldeasturias.com\/noticias\/author\/admin\/#author","url":"https:\/\/www.eldigitaldeasturias.com\/noticias\/author\/admin\/","name":"El Digital de Asturias","image":{"@type":"ImageObject","@id":"https:\/\/www.eldigitaldeasturias.com\/noticias\/rubalcaba-asegura-que-lo-peor-de-la-crisis-esta-por-llegar\/#authorImage","url":"https:\/\/secure.gravatar.com\/avatar\/df2aeffc32bcd13f8d26072ef8a91b623d677766deac7f97ca815868cd41bf5e?s=96&d=mm&r=g","width":96,"height":96,"caption":"El Digital de Asturias"}},{"@type":"WebPage","@id":"https:\/\/www.eldigitaldeasturias.com\/noticias\/rubalcaba-asegura-que-lo-peor-de-la-crisis-esta-por-llegar\/#webpage","url":"https:\/\/www.eldigitaldeasturias.com\/noticias\/rubalcaba-asegura-que-lo-peor-de-la-crisis-esta-por-llegar\/","name":"Rubalcaba asegura que \u00ablo peor\u00bb de la crisis est\u00e1 por llegar - El Digital de Asturias","description":"Murcia, 25 ene (EFE).- El secretario general del PSOE, Alfredo P\u00e9rez Rubalcaba, ha advertido hoy de la \"aut\u00e9ntica trompeter\u00eda\" del Gobierno hablando de recuperaci\u00f3n y ha considerado que \"lo peor\" de la crisis est\u00e1 por llegar para muchos colectivos, aunque si los datos son buenos, \"mejor, y no le vamos a escatimar a nadie nada\",","inLanguage":"es-ES","isPartOf":{"@id":"https:\/\/www.eldigitaldeasturias.com\/noticias\/#website"},"breadcrumb":{"@id":"https:\/\/www.eldigitaldeasturias.com\/noticias\/rubalcaba-asegura-que-lo-peor-de-la-crisis-esta-por-llegar\/#breadcrumblist"},"author":{"@id":"https:\/\/www.eldigitaldeasturias.com\/noticias\/author\/admin\/#author"},"creator":{"@id":"https:\/\/www.eldigitaldeasturias.com\/noticias\/author\/admin\/#author"},"image":{"@type":"ImageObject","url":"https:\/\/www.eldigitaldeasturias.com\/noticias\/wp-content\/uploads\/2026\/06\/Contenidos.jpg","@id":"https:\/\/www.eldigitaldeasturias.com\/noticias\/rubalcaba-asegura-que-lo-peor-de-la-crisis-esta-por-llegar\/#mainImage","width":1265,"height":697,"caption":"Contenidos"},"primaryImageOfPage":{"@id":"https:\/\/www.eldigitaldeasturias.com\/noticias\/rubalcaba-asegura-que-lo-peor-de-la-crisis-esta-por-llegar\/#mainImage"},"datePublished":"2014-01-25T21:07:22+01:00","dateModified":"2014-01-25T21:07:22+01:00"},{"@type":"WebSite","@id":"https:\/\/www.eldigitaldeasturias.com\/noticias\/#website","url":"https:\/\/www.eldigitaldeasturias.com\/noticias\/","name":"El Digital de Asturias - Diario de actualidad y noticias","alternateName":"El Digital de Asturias - Diario de actualidad y noticias","description":"Hemeroteca","inLanguage":"es-ES","publisher":{"@id":"https:\/\/www.eldigitaldeasturias.com\/noticias\/#organization"}}]},"og:locale":"es_ES","og:site_name":"El Digital de Asturias","og:type":"article","og:title":"Rubalcaba asegura que \u00ablo peor\u00bb de la crisis est\u00e1 por llegar - El Digital de Asturias","og:description":"Murcia, 25 ene (EFE).- El secretario general del PSOE, Alfredo P\u00e9rez Rubalcaba, ha advertido hoy de la &quot;aut\u00e9ntica trompeter\u00eda&quot; del Gobierno hablando de recuperaci\u00f3n y ha considerado que &quot;lo peor&quot; de la crisis est\u00e1 por llegar para muchos colectivos, aunque si los datos son buenos, &quot;mejor, y no le vamos a escatimar a nadie nada&quot;,","og:url":"https:\/\/www.eldigitaldeasturias.com\/noticias\/rubalcaba-asegura-que-lo-peor-de-la-crisis-esta-por-llegar\/","og:image":"https:\/\/www.eldigitaldeasturias.com\/noticias\/wp-content\/uploads\/2026\/06\/Contenidos.jpg","og:image:secure_url":"https:\/\/www.eldigitaldeasturias.com\/noticias\/wp-content\/uploads\/2026\/06\/Contenidos.jpg","og:image:width":1265,"og:image:height":697,"article:tag":["actualidad"],"article:published_time":"2014-01-25T22:07:22+00:00","article:modified_time":"2014-01-25T22:07:22+00:00","article:publisher":"https:\/\/facebook.com\/eldigitaldeasturias","twitter:card":"summary_large_image","twitter:title":"Rubalcaba asegura que \u00ablo peor\u00bb de la crisis est\u00e1 por llegar - El Digital de Asturias","twitter:description":"Murcia, 25 ene (EFE).- El secretario general del PSOE, Alfredo P\u00e9rez Rubalcaba, ha advertido hoy de la &quot;aut\u00e9ntica trompeter\u00eda&quot; del Gobierno hablando de recuperaci\u00f3n y ha considerado que &quot;lo peor&quot; de la crisis est\u00e1 por llegar para muchos colectivos, aunque si los datos son buenos, &quot;mejor, y no le vamos a escatimar a nadie nada&quot;,","twitter:image":"https:\/\/www.eldigitaldeasturias.com\/noticias\/wp-content\/uploads\/2026\/06\/Contenidos.jpg","twitter:label1":"Escrito por","twitter:data1":"El Digital de Asturias","twitter:label2":"Tiempo de lectura estimado","twitter:data2":"4 minutos"},"aioseo_meta_data":{"post_id":"478926","title":null,"description":null,"keywords":null,"keyphrases":null,"primary_term":null,"canonical_url":null,"og_title":null,"og_description":null,"og_object_type":"default","og_image_type":"default","og_image_url":null,"og_image_width":null,"og_image_height":null,"og_image_custom_url":null,"og_image_custom_fields":null,"og_video":null,"og_custom_url":null,"og_article_section":null,"og_article_tags":null,"twitter_use_og":true,"twitter_card":"default","twitter_image_type":"default","twitter_image_url":null,"twitter_image_custom_url":null,"twitter_image_custom_fields":null,"twitter_title":null,"twitter_description":null,"schema":{"blockGraphs":[],"customGraphs":[],"default":{"data":{"Article":[],"Course":[],"Dataset":[],"FAQPage":[],"Movie":[],"Person":[],"Product":[],"ProductReview":[],"Car":[],"Recipe":[],"Service":[],"SoftwareApplication":[],"WebPage":[]},"graphName":"","isEnabled":true},"graphs":[],"defaultGraph":"","defaultPostTypeGraph":""},"schema_type":null,"schema_type_options":null,"pillar_content":false,"robots_default":true,"robots_noindex":false,"robots_noarchive":false,"robots_nosnippet":false,"robots_nofollow":false,"robots_noimageindex":false,"robots_noodp":false,"robots_notranslate":false,"robots_max_snippet":null,"robots_max_videopreview":null,"robots_max_imagepreview":"none","priority":null,"frequency":null,"local_seo":null,"seo_analyzer_scan_date":"2026-06-01 22:56:48","breadcrumb_settings":null,"limit_modified_date":false,"open_ai":null,"ai":null,"created":"2020-11-14 22:53:58","updated":"2026-06-01 22:56:48","focus_keyword":null,"additional_keywords":null,"truseo_locale":null},"aioseo_breadcrumb":"<div class=\"aioseo-breadcrumbs\"><span class=\"aioseo-breadcrumb\">\n\t<a href=\"https:\/\/www.eldigitaldeasturias.com\/noticias\" title=\"Home\">Home<\/a>\n<\/span><span class=\"aioseo-breadcrumb-separator\">\u2013<\/span><span class=\"aioseo-breadcrumb\">\n\t<a href=\"https:\/\/www.eldigitaldeasturias.com\/noticias\/category\/actualidad\/\" title=\"Actualidad\">Actualidad<\/a>\n<\/span><span class=\"aioseo-breadcrumb-separator\">\u2013<\/span><span class=\"aioseo-breadcrumb\">\n\t<a href=\"https:\/\/www.eldigitaldeasturias.com\/noticias\/rubalcaba-asegura-que-lo-peor-de-la-crisis-esta-por-llegar\/\" title=\"Rubalcaba asegura que \u00ablo peor\u00bb de la crisis est\u00e1 por llegar\">Rubalcaba asegura que \u00ablo peor\u00bb de la crisis est\u00e1 por llegar<\/a>\n<\/span><\/div>","aioseo_breadcrumb_json":[{"label":"Home","link":"https:\/\/www.eldigitaldeasturias.com\/noticias"},{"label":"Actualidad","link":"https:\/\/www.eldigitaldeasturias.com\/noticias\/category\/actualidad\/"},{"label":"Rubalcaba asegura que \u00ablo peor\u00bb de la crisis est\u00e1 por llegar","link":"https:\/\/www.eldigitaldeasturias.com\/noticias\/rubalcaba-asegura-que-lo-peor-de-la-crisis-esta-por-llegar\/"}],"_links":{"self":[{"href":"https:\/\/www.eldigitaldeasturias.com\/noticias\/wp-json\/wp\/v2\/posts\/478926","targetHints":{"allow":["GET"]}}],"collection":[{"href":"https:\/\/www.eldigitaldeasturias.com\/noticias\/wp-json\/wp\/v2\/posts"}],"about":[{"href":"https:\/\/www.eldigitaldeasturias.com\/noticias\/wp-json\/wp\/v2\/types\/post"}],"author":[{"embeddable":true,"href":"https:\/\/www.eldigitaldeasturias.com\/noticias\/wp-json\/wp\/v2\/users\/1"}],"replies":[{"embeddable":true,"href":"https:\/\/www.eldigitaldeasturias.com\/noticias\/wp-json\/wp\/v2\/comments?post=478926"}],"version-history":[{"count":0,"href":"https:\/\/www.eldigitaldeasturias.com\/noticias\/wp-json\/wp\/v2\/posts\/478926\/revisions"}],"wp:featuredmedia":[{"embeddable":true,"href":"https:\/\/www.eldigitaldeasturias.com\/noticias\/wp-json\/wp\/v2\/media\/1132184"}],"wp:attachment":[{"href":"https:\/\/www.eldigitaldeasturias.com\/noticias\/wp-json\/wp\/v2\/media?parent=478926"}],"wp:term":[{"taxonomy":"category","embeddable":true,"href":"https:\/\/www.eldigitaldeasturias.com\/noticias\/wp-json\/wp\/v2\/categories?post=478926"},{"taxonomy":"post_tag","embeddable":true,"href":"https:\/\/www.eldigitaldeasturias.com\/noticias\/wp-json\/wp\/v2\/tags?post=478926"}],"curies":[{"name":"wp","href":"https:\/\/api.w.org\/{rel}","templated":true}]}}