{"id":478914,"date":"2014-01-25T20:56:31","date_gmt":"2014-01-25T21:56:31","guid":{"rendered":"http:\/\/www.eldigitaldeasturias.com\/noticias\/?p=478914"},"modified":"2014-01-25T20:56:31","modified_gmt":"2014-01-25T21:56:31","slug":"lara-cree-que-el-problema-de-cataluna-no-es-de-bandera-sino-de-politicas-neoliberales","status":"publish","type":"post","link":"https:\/\/www.eldigitaldeasturias.com\/noticias\/lara-cree-que-el-problema-de-cataluna-no-es-de-bandera-sino-de-politicas-neoliberales\/","title":{"rendered":"Lara cree que el problema de Catalu\u00f1a no es de bandera sino de pol\u00edticas neoliberales"},"content":{"rendered":"<p><img loading=\"lazy\" decoding=\"async\" class=\"alignleft size-medium wp-image-478915\" alt=\"5876239w\" src=\"https:\/\/www.eldigitaldeasturias.com\/noticias\/wp-content\/uploads\/2014\/01\/5876239w-360x225.jpg\" width=\"360\" height=\"225\" \/>Las Palmas de Gran Canaria, 25 ene (EFE).- El coordinador general de Izquierda Unida, Cayo Lara, ha afirmado hoy que el problema de Catalu\u00f1a y de Espa\u00f1a \u00abno es un problema de bandera porque las banderas nunca trajeron pan\u00bb sino de una pol\u00edtica neoliberal emprendida por gobiernos del PP y del PSOE y apoyadas por CiU.<\/p>\n<p>Cayo Lara, que participa en la capital grancanaria en la asamblea general de su partido en las islas, ha dicho que CiU muestra pancartas de \u00abEspa\u00f1a nos roba\u00bb cuando apoy\u00f3 la desfiscalizaci\u00f3n de la hacienda p\u00fablica emprendida por los gobiernos de Jos\u00e9 Mar\u00eda Aznar y de Jos\u00e9 Luis Rodr\u00edguez Zapatero.<\/p>\n<p>Esta pol\u00edtica ha llevado a una falta de financiaci\u00f3n de la comunidades aut\u00f3nomas, ha agregado el dirigente de IU, quien ha reiterado que la responsabilidad era del PP y del PSOE con el apoyo de los nacionalistas catalanes.<\/p>\n<p>En su opini\u00f3n, el lema \u00abEspa\u00f1a nos roba\u00bb les viene bien a Artur Mar y a CIiU en su pretensi\u00f3n soberanista pero tambi\u00e9n al gobierno del PP.<\/p>\n<p>\u00abLo que est\u00e1n escondiendo son los problemas del neoliberalismo que son los que han hecho da\u00f1o a la clase trabajadora, a la mayor\u00eda social y es lo que tiene en este desastre econ\u00f3mico a nuestro pa\u00eds\u00bb, ha dicho Lara.<\/p>\n<p>Como ejemplo, ha citado la reforma laboral \u00abque m\u00e1s empleo ha destruido en Espa\u00f1a\u00bb y cuya aprobaci\u00f3n cont\u00f3 con el apoyo de CiU, que incluso la endureci\u00f3 durante su tramitaci\u00f3n por el Senado.<\/p>\n","protected":false},"excerpt":{"rendered":"<p>Las Palmas de Gran Canaria, 25 ene (EFE).- El coordinador general de Izquierda Unida, Cayo Lara, ha afirmado hoy que el problema de Catalu\u00f1a y de Espa\u00f1a \u00abno es un problema de bandera porque las banderas nunca trajeron pan\u00bb sino de una pol\u00edtica neoliberal emprendida por gobiernos del PP y del PSOE y apoyadas por [&hellip;]<\/p>\n","protected":false},"author":1,"featured_media":1132184,"comment_status":"closed","ping_status":"open","sticky":false,"template":"","format":"standard","meta":{"footnotes":""},"categories":[1],"tags":[],"class_list":["post-478914","post","type-post","status-publish","format-standard","has-post-thumbnail","hentry","category-actualidad"],"aioseo_notices":[],"aioseo_head":"\n\t\t<!-- All in One SEO Pro 5.0.1 - aioseo.com -->\n\t<meta name=\"description\" content=\"Las Palmas de Gran Canaria, 25 ene (EFE).- El coordinador general de Izquierda Unida, Cayo Lara, ha afirmado hoy que el problema de Catalu\u00f1a y de Espa\u00f1a &quot;no es un problema de bandera porque las banderas nunca trajeron pan&quot; sino de una pol\u00edtica neoliberal emprendida por gobiernos del PP y del PSOE y apoyadas por\" \/>\n\t<meta name=\"robots\" content=\"max-image-preview:large\" \/>\n\t<meta name=\"author\" content=\"El Digital de Asturias\"\/>\n\t<meta name=\"google-site-verification\" content=\"UA-38556648-1\" \/>\n\t<meta name=\"msvalidate.01\" content=\"7dfe9f3f1b24437ab69f4f2559babe99\" \/>\n\t<meta name=\"keywords\" content=\"actualidad\" \/>\n\t<link rel=\"canonical\" href=\"https:\/\/www.eldigitaldeasturias.com\/noticias\/lara-cree-que-el-problema-de-cataluna-no-es-de-bandera-sino-de-politicas-neoliberales\/\" \/>\n\t<meta name=\"generator\" content=\"All in One SEO Pro (AIOSEO) 5.0.1\" \/>\n\t\t<meta property=\"og:locale\" content=\"es_ES\" \/>\n\t\t<meta property=\"og:site_name\" content=\"El Digital de Asturias\" \/>\n\t\t<meta property=\"og:type\" content=\"article\" \/>\n\t\t<meta property=\"og:title\" content=\"Lara cree que el problema de Catalu\u00f1a no es de bandera sino de pol\u00edticas neoliberales - El Digital de Asturias\" \/>\n\t\t<meta property=\"og:description\" content=\"Las Palmas de Gran Canaria, 25 ene (EFE).- El coordinador general de Izquierda Unida, Cayo Lara, ha afirmado hoy que el problema de Catalu\u00f1a y de Espa\u00f1a &quot;no es un problema de bandera porque las banderas nunca trajeron pan&quot; sino de una pol\u00edtica neoliberal emprendida por gobiernos del PP y del PSOE y apoyadas por\" \/>\n\t\t<meta property=\"og:url\" content=\"https:\/\/www.eldigitaldeasturias.com\/noticias\/lara-cree-que-el-problema-de-cataluna-no-es-de-bandera-sino-de-politicas-neoliberales\/\" \/>\n\t\t<meta property=\"og:image\" content=\"https:\/\/www.eldigitaldeasturias.com\/noticias\/wp-content\/uploads\/2026\/06\/Contenidos.jpg\" \/>\n\t\t<meta property=\"og:image:secure_url\" content=\"https:\/\/www.eldigitaldeasturias.com\/noticias\/wp-content\/uploads\/2026\/06\/Contenidos.jpg\" \/>\n\t\t<meta property=\"og:image:width\" content=\"1265\" \/>\n\t\t<meta property=\"og:image:height\" content=\"697\" \/>\n\t\t<meta property=\"article:tag\" content=\"actualidad\" \/>\n\t\t<meta property=\"article:published_time\" content=\"2014-01-25T21:56:31+00:00\" \/>\n\t\t<meta property=\"article:modified_time\" content=\"2014-01-25T21:56:31+00:00\" \/>\n\t\t<meta property=\"article:publisher\" content=\"https:\/\/facebook.com\/eldigitaldeasturias\" \/>\n\t\t<meta name=\"twitter:card\" content=\"summary_large_image\" \/>\n\t\t<meta name=\"twitter:title\" content=\"Lara cree que el problema de Catalu\u00f1a no es de bandera sino de pol\u00edticas neoliberales - El Digital de Asturias\" \/>\n\t\t<meta name=\"twitter:description\" content=\"Las Palmas de Gran Canaria, 25 ene (EFE).- El coordinador general de Izquierda Unida, Cayo Lara, ha afirmado hoy que el problema de Catalu\u00f1a y de Espa\u00f1a &quot;no es un problema de bandera porque las banderas nunca trajeron pan&quot; sino de una pol\u00edtica neoliberal emprendida por gobiernos del PP y del PSOE y apoyadas por\" \/>\n\t\t<meta name=\"twitter:image\" content=\"https:\/\/www.eldigitaldeasturias.com\/noticias\/wp-content\/uploads\/2026\/06\/Contenidos.jpg\" \/>\n\t\t<meta name=\"twitter:label1\" content=\"Escrito por\" \/>\n\t\t<meta name=\"twitter:data1\" content=\"El Digital de Asturias\" \/>\n\t\t<meta name=\"twitter:label2\" content=\"Tiempo de lectura estimado\" \/>\n\t\t<meta name=\"twitter:data2\" content=\"1 minuto\" \/>\n\t\t<script type=\"application\/ld+json\" class=\"aioseo-schema\">\n\t\t\t{\"@context\":\"https:\\\/\\\/schema.org\",\"@graph\":[{\"@type\":\"BlogPosting\",\"@id\":\"https:\\\/\\\/www.eldigitaldeasturias.com\\\/noticias\\\/lara-cree-que-el-problema-de-cataluna-no-es-de-bandera-sino-de-politicas-neoliberales\\\/#blogposting\",\"name\":\"Lara cree que el problema de Catalu\\u00f1a no es de bandera sino de pol\\u00edticas neoliberales - El Digital de Asturias\",\"headline\":\"Lara cree que el problema de Catalu\\u00f1a no es de bandera sino de pol\\u00edticas neoliberales\",\"author\":{\"@id\":\"https:\\\/\\\/www.eldigitaldeasturias.com\\\/noticias\\\/author\\\/admin\\\/#author\"},\"publisher\":{\"@id\":\"https:\\\/\\\/www.eldigitaldeasturias.com\\\/noticias\\\/#organization\"},\"image\":{\"@type\":\"ImageObject\",\"url\":\"https:\\\/\\\/www.eldigitaldeasturias.com\\\/noticias\\\/wp-content\\\/uploads\\\/2026\\\/06\\\/Contenidos.jpg\",\"width\":1265,\"height\":697,\"caption\":\"Contenidos\"},\"datePublished\":\"2014-01-25T20:56:31+01:00\",\"dateModified\":\"2014-01-25T20:56:31+01:00\",\"inLanguage\":\"es-ES\",\"mainEntityOfPage\":{\"@id\":\"https:\\\/\\\/www.eldigitaldeasturias.com\\\/noticias\\\/lara-cree-que-el-problema-de-cataluna-no-es-de-bandera-sino-de-politicas-neoliberales\\\/#webpage\"},\"isPartOf\":{\"@id\":\"https:\\\/\\\/www.eldigitaldeasturias.com\\\/noticias\\\/lara-cree-que-el-problema-de-cataluna-no-es-de-bandera-sino-de-politicas-neoliberales\\\/#webpage\"},\"articleSection\":\"Actualidad\"},{\"@type\":\"BreadcrumbList\",\"@id\":\"https:\\\/\\\/www.eldigitaldeasturias.com\\\/noticias\\\/lara-cree-que-el-problema-de-cataluna-no-es-de-bandera-sino-de-politicas-neoliberales\\\/#breadcrumblist\",\"itemListElement\":[{\"@type\":\"ListItem\",\"@id\":\"https:\\\/\\\/www.eldigitaldeasturias.com\\\/noticias#listItem\",\"position\":1,\"name\":\"Home\",\"item\":\"https:\\\/\\\/www.eldigitaldeasturias.com\\\/noticias\",\"nextItem\":{\"@type\":\"ListItem\",\"@id\":\"https:\\\/\\\/www.eldigitaldeasturias.com\\\/noticias\\\/category\\\/actualidad\\\/#listItem\",\"name\":\"Actualidad\"}},{\"@type\":\"ListItem\",\"@id\":\"https:\\\/\\\/www.eldigitaldeasturias.com\\\/noticias\\\/category\\\/actualidad\\\/#listItem\",\"position\":2,\"name\":\"Actualidad\",\"item\":\"https:\\\/\\\/www.eldigitaldeasturias.com\\\/noticias\\\/category\\\/actualidad\\\/\",\"nextItem\":{\"@type\":\"ListItem\",\"@id\":\"https:\\\/\\\/www.eldigitaldeasturias.com\\\/noticias\\\/lara-cree-que-el-problema-de-cataluna-no-es-de-bandera-sino-de-politicas-neoliberales\\\/#listItem\",\"name\":\"Lara cree que el problema de Catalu\\u00f1a no es de bandera sino de pol\\u00edticas neoliberales\"},\"previousItem\":{\"@type\":\"ListItem\",\"@id\":\"https:\\\/\\\/www.eldigitaldeasturias.com\\\/noticias#listItem\",\"name\":\"Home\"}},{\"@type\":\"ListItem\",\"@id\":\"https:\\\/\\\/www.eldigitaldeasturias.com\\\/noticias\\\/lara-cree-que-el-problema-de-cataluna-no-es-de-bandera-sino-de-politicas-neoliberales\\\/#listItem\",\"position\":3,\"name\":\"Lara cree que el problema de Catalu\\u00f1a no es de bandera sino de pol\\u00edticas neoliberales\",\"previousItem\":{\"@type\":\"ListItem\",\"@id\":\"https:\\\/\\\/www.eldigitaldeasturias.com\\\/noticias\\\/category\\\/actualidad\\\/#listItem\",\"name\":\"Actualidad\"}}]},{\"@type\":\"Organization\",\"@id\":\"https:\\\/\\\/www.eldigitaldeasturias.com\\\/noticias\\\/#organization\",\"name\":\"El Digital de Asturias\",\"description\":\"Hemeroteca\",\"url\":\"https:\\\/\\\/www.eldigitaldeasturias.com\\\/noticias\\\/\",\"email\":\"info@eldigitaldeasturias.com\",\"telephone\":\"+34652131393\",\"logo\":{\"@type\":\"ImageObject\",\"url\":\"https:\\\/\\\/www.eldigitaldeasturias.com\\\/noticias\\\/wp-content\\\/uploads\\\/2020\\\/12\\\/EDA.jpg\",\"@id\":\"https:\\\/\\\/www.eldigitaldeasturias.com\\\/noticias\\\/lara-cree-que-el-problema-de-cataluna-no-es-de-bandera-sino-de-politicas-neoliberales\\\/#organizationLogo\"},\"image\":{\"@id\":\"https:\\\/\\\/www.eldigitaldeasturias.com\\\/noticias\\\/lara-cree-que-el-problema-de-cataluna-no-es-de-bandera-sino-de-politicas-neoliberales\\\/#organizationLogo\"},\"sameAs\":[\"https:\\\/\\\/facebook.com\\\/eldigitaldeasturias\",\"https:\\\/\\\/www.youtube.com\\\/channel\\\/UCZP-2wLEB9Rv6erhFmqVnvg\"],\"address\":{\"@id\":\"https:\\\/\\\/www.eldigitaldeasturias.com\\\/noticias\\\/#postaladdress\",\"@type\":\"PostalAddress\",\"streetAddress\":\"san antonio 4\",\"postalCode\":\"33430\",\"addressLocality\":\"Cand\\u00e1s\",\"addressRegion\":\"Asturias\",\"addressCountry\":\"ES\"}},{\"@type\":\"Person\",\"@id\":\"https:\\\/\\\/www.eldigitaldeasturias.com\\\/noticias\\\/author\\\/admin\\\/#author\",\"url\":\"https:\\\/\\\/www.eldigitaldeasturias.com\\\/noticias\\\/author\\\/admin\\\/\",\"name\":\"El Digital de Asturias\",\"image\":{\"@type\":\"ImageObject\",\"@id\":\"https:\\\/\\\/www.eldigitaldeasturias.com\\\/noticias\\\/lara-cree-que-el-problema-de-cataluna-no-es-de-bandera-sino-de-politicas-neoliberales\\\/#authorImage\",\"url\":\"https:\\\/\\\/secure.gravatar.com\\\/avatar\\\/df2aeffc32bcd13f8d26072ef8a91b623d677766deac7f97ca815868cd41bf5e?s=96&d=mm&r=g\",\"width\":96,\"height\":96,\"caption\":\"El Digital de Asturias\"}},{\"@type\":\"WebPage\",\"@id\":\"https:\\\/\\\/www.eldigitaldeasturias.com\\\/noticias\\\/lara-cree-que-el-problema-de-cataluna-no-es-de-bandera-sino-de-politicas-neoliberales\\\/#webpage\",\"url\":\"https:\\\/\\\/www.eldigitaldeasturias.com\\\/noticias\\\/lara-cree-que-el-problema-de-cataluna-no-es-de-bandera-sino-de-politicas-neoliberales\\\/\",\"name\":\"Lara cree que el problema de Catalu\\u00f1a no es de bandera sino de pol\\u00edticas neoliberales - El Digital de Asturias\",\"description\":\"Las Palmas de Gran Canaria, 25 ene (EFE).- El coordinador general de Izquierda Unida, Cayo Lara, ha afirmado hoy que el problema de Catalu\\u00f1a y de Espa\\u00f1a \\\"no es un problema de bandera porque las banderas nunca trajeron pan\\\" sino de una pol\\u00edtica neoliberal emprendida por gobiernos del PP y del PSOE y apoyadas por\",\"inLanguage\":\"es-ES\",\"isPartOf\":{\"@id\":\"https:\\\/\\\/www.eldigitaldeasturias.com\\\/noticias\\\/#website\"},\"breadcrumb\":{\"@id\":\"https:\\\/\\\/www.eldigitaldeasturias.com\\\/noticias\\\/lara-cree-que-el-problema-de-cataluna-no-es-de-bandera-sino-de-politicas-neoliberales\\\/#breadcrumblist\"},\"author\":{\"@id\":\"https:\\\/\\\/www.eldigitaldeasturias.com\\\/noticias\\\/author\\\/admin\\\/#author\"},\"creator\":{\"@id\":\"https:\\\/\\\/www.eldigitaldeasturias.com\\\/noticias\\\/author\\\/admin\\\/#author\"},\"image\":{\"@type\":\"ImageObject\",\"url\":\"https:\\\/\\\/www.eldigitaldeasturias.com\\\/noticias\\\/wp-content\\\/uploads\\\/2026\\\/06\\\/Contenidos.jpg\",\"@id\":\"https:\\\/\\\/www.eldigitaldeasturias.com\\\/noticias\\\/lara-cree-que-el-problema-de-cataluna-no-es-de-bandera-sino-de-politicas-neoliberales\\\/#mainImage\",\"width\":1265,\"height\":697,\"caption\":\"Contenidos\"},\"primaryImageOfPage\":{\"@id\":\"https:\\\/\\\/www.eldigitaldeasturias.com\\\/noticias\\\/lara-cree-que-el-problema-de-cataluna-no-es-de-bandera-sino-de-politicas-neoliberales\\\/#mainImage\"},\"datePublished\":\"2014-01-25T20:56:31+01:00\",\"dateModified\":\"2014-01-25T20:56:31+01:00\"},{\"@type\":\"WebSite\",\"@id\":\"https:\\\/\\\/www.eldigitaldeasturias.com\\\/noticias\\\/#website\",\"url\":\"https:\\\/\\\/www.eldigitaldeasturias.com\\\/noticias\\\/\",\"name\":\"El Digital de Asturias - Diario de actualidad y noticias\",\"alternateName\":\"El Digital de Asturias - Diario de actualidad y noticias\",\"description\":\"Hemeroteca\",\"inLanguage\":\"es-ES\",\"publisher\":{\"@id\":\"https:\\\/\\\/www.eldigitaldeasturias.com\\\/noticias\\\/#organization\"}}]}\n\t\t<\/script>\n\t\t<!-- All in One SEO Pro -->\r\n\t\t<title>Lara cree que el problema de Catalu\u00f1a no es de bandera sino de pol\u00edticas neoliberales - El Digital de Asturias<\/title>\n\n","aioseo_head_json":{"title":"Lara cree que el problema de Catalu\u00f1a no es de bandera sino de pol\u00edticas neoliberales - El Digital de Asturias","description":"Las Palmas de Gran Canaria, 25 ene (EFE).- El coordinador general de Izquierda Unida, Cayo Lara, ha afirmado hoy que el problema de Catalu\u00f1a y de Espa\u00f1a \"no es un problema de bandera porque las banderas nunca trajeron pan\" sino de una pol\u00edtica neoliberal emprendida por gobiernos del PP y del PSOE y apoyadas por","canonical_url":"https:\/\/www.eldigitaldeasturias.com\/noticias\/lara-cree-que-el-problema-de-cataluna-no-es-de-bandera-sino-de-politicas-neoliberales\/","robots":"max-image-preview:large","keywords":"actualidad","webmasterTools":{"google-site-verification":"UA-38556648-1","msvalidate.01":"7dfe9f3f1b24437ab69f4f2559babe99","miscellaneous":""},"schema":{"@context":"https:\/\/schema.org","@graph":[{"@type":"BlogPosting","@id":"https:\/\/www.eldigitaldeasturias.com\/noticias\/lara-cree-que-el-problema-de-cataluna-no-es-de-bandera-sino-de-politicas-neoliberales\/#blogposting","name":"Lara cree que el problema de Catalu\u00f1a no es de bandera sino de pol\u00edticas neoliberales - El Digital de Asturias","headline":"Lara cree que el problema de Catalu\u00f1a no es de bandera sino de pol\u00edticas neoliberales","author":{"@id":"https:\/\/www.eldigitaldeasturias.com\/noticias\/author\/admin\/#author"},"publisher":{"@id":"https:\/\/www.eldigitaldeasturias.com\/noticias\/#organization"},"image":{"@type":"ImageObject","url":"https:\/\/www.eldigitaldeasturias.com\/noticias\/wp-content\/uploads\/2026\/06\/Contenidos.jpg","width":1265,"height":697,"caption":"Contenidos"},"datePublished":"2014-01-25T20:56:31+01:00","dateModified":"2014-01-25T20:56:31+01:00","inLanguage":"es-ES","mainEntityOfPage":{"@id":"https:\/\/www.eldigitaldeasturias.com\/noticias\/lara-cree-que-el-problema-de-cataluna-no-es-de-bandera-sino-de-politicas-neoliberales\/#webpage"},"isPartOf":{"@id":"https:\/\/www.eldigitaldeasturias.com\/noticias\/lara-cree-que-el-problema-de-cataluna-no-es-de-bandera-sino-de-politicas-neoliberales\/#webpage"},"articleSection":"Actualidad"},{"@type":"BreadcrumbList","@id":"https:\/\/www.eldigitaldeasturias.com\/noticias\/lara-cree-que-el-problema-de-cataluna-no-es-de-bandera-sino-de-politicas-neoliberales\/#breadcrumblist","itemListElement":[{"@type":"ListItem","@id":"https:\/\/www.eldigitaldeasturias.com\/noticias#listItem","position":1,"name":"Home","item":"https:\/\/www.eldigitaldeasturias.com\/noticias","nextItem":{"@type":"ListItem","@id":"https:\/\/www.eldigitaldeasturias.com\/noticias\/category\/actualidad\/#listItem","name":"Actualidad"}},{"@type":"ListItem","@id":"https:\/\/www.eldigitaldeasturias.com\/noticias\/category\/actualidad\/#listItem","position":2,"name":"Actualidad","item":"https:\/\/www.eldigitaldeasturias.com\/noticias\/category\/actualidad\/","nextItem":{"@type":"ListItem","@id":"https:\/\/www.eldigitaldeasturias.com\/noticias\/lara-cree-que-el-problema-de-cataluna-no-es-de-bandera-sino-de-politicas-neoliberales\/#listItem","name":"Lara cree que el problema de Catalu\u00f1a no es de bandera sino de pol\u00edticas neoliberales"},"previousItem":{"@type":"ListItem","@id":"https:\/\/www.eldigitaldeasturias.com\/noticias#listItem","name":"Home"}},{"@type":"ListItem","@id":"https:\/\/www.eldigitaldeasturias.com\/noticias\/lara-cree-que-el-problema-de-cataluna-no-es-de-bandera-sino-de-politicas-neoliberales\/#listItem","position":3,"name":"Lara cree que el problema de Catalu\u00f1a no es de bandera sino de pol\u00edticas neoliberales","previousItem":{"@type":"ListItem","@id":"https:\/\/www.eldigitaldeasturias.com\/noticias\/category\/actualidad\/#listItem","name":"Actualidad"}}]},{"@type":"Organization","@id":"https:\/\/www.eldigitaldeasturias.com\/noticias\/#organization","name":"El Digital de Asturias","description":"Hemeroteca","url":"https:\/\/www.eldigitaldeasturias.com\/noticias\/","email":"info@eldigitaldeasturias.com","telephone":"+34652131393","logo":{"@type":"ImageObject","url":"https:\/\/www.eldigitaldeasturias.com\/noticias\/wp-content\/uploads\/2020\/12\/EDA.jpg","@id":"https:\/\/www.eldigitaldeasturias.com\/noticias\/lara-cree-que-el-problema-de-cataluna-no-es-de-bandera-sino-de-politicas-neoliberales\/#organizationLogo"},"image":{"@id":"https:\/\/www.eldigitaldeasturias.com\/noticias\/lara-cree-que-el-problema-de-cataluna-no-es-de-bandera-sino-de-politicas-neoliberales\/#organizationLogo"},"sameAs":["https:\/\/facebook.com\/eldigitaldeasturias","https:\/\/www.youtube.com\/channel\/UCZP-2wLEB9Rv6erhFmqVnvg"],"address":{"@id":"https:\/\/www.eldigitaldeasturias.com\/noticias\/#postaladdress","@type":"PostalAddress","streetAddress":"san antonio 4","postalCode":"33430","addressLocality":"Cand\u00e1s","addressRegion":"Asturias","addressCountry":"ES"}},{"@type":"Person","@id":"https:\/\/www.eldigitaldeasturias.com\/noticias\/author\/admin\/#author","url":"https:\/\/www.eldigitaldeasturias.com\/noticias\/author\/admin\/","name":"El Digital de Asturias","image":{"@type":"ImageObject","@id":"https:\/\/www.eldigitaldeasturias.com\/noticias\/lara-cree-que-el-problema-de-cataluna-no-es-de-bandera-sino-de-politicas-neoliberales\/#authorImage","url":"https:\/\/secure.gravatar.com\/avatar\/df2aeffc32bcd13f8d26072ef8a91b623d677766deac7f97ca815868cd41bf5e?s=96&d=mm&r=g","width":96,"height":96,"caption":"El Digital de Asturias"}},{"@type":"WebPage","@id":"https:\/\/www.eldigitaldeasturias.com\/noticias\/lara-cree-que-el-problema-de-cataluna-no-es-de-bandera-sino-de-politicas-neoliberales\/#webpage","url":"https:\/\/www.eldigitaldeasturias.com\/noticias\/lara-cree-que-el-problema-de-cataluna-no-es-de-bandera-sino-de-politicas-neoliberales\/","name":"Lara cree que el problema de Catalu\u00f1a no es de bandera sino de pol\u00edticas neoliberales - El Digital de Asturias","description":"Las Palmas de Gran Canaria, 25 ene (EFE).- El coordinador general de Izquierda Unida, Cayo Lara, ha afirmado hoy que el problema de Catalu\u00f1a y de Espa\u00f1a \"no es un problema de bandera porque las banderas nunca trajeron pan\" sino de una pol\u00edtica neoliberal emprendida por gobiernos del PP y del PSOE y apoyadas por","inLanguage":"es-ES","isPartOf":{"@id":"https:\/\/www.eldigitaldeasturias.com\/noticias\/#website"},"breadcrumb":{"@id":"https:\/\/www.eldigitaldeasturias.com\/noticias\/lara-cree-que-el-problema-de-cataluna-no-es-de-bandera-sino-de-politicas-neoliberales\/#breadcrumblist"},"author":{"@id":"https:\/\/www.eldigitaldeasturias.com\/noticias\/author\/admin\/#author"},"creator":{"@id":"https:\/\/www.eldigitaldeasturias.com\/noticias\/author\/admin\/#author"},"image":{"@type":"ImageObject","url":"https:\/\/www.eldigitaldeasturias.com\/noticias\/wp-content\/uploads\/2026\/06\/Contenidos.jpg","@id":"https:\/\/www.eldigitaldeasturias.com\/noticias\/lara-cree-que-el-problema-de-cataluna-no-es-de-bandera-sino-de-politicas-neoliberales\/#mainImage","width":1265,"height":697,"caption":"Contenidos"},"primaryImageOfPage":{"@id":"https:\/\/www.eldigitaldeasturias.com\/noticias\/lara-cree-que-el-problema-de-cataluna-no-es-de-bandera-sino-de-politicas-neoliberales\/#mainImage"},"datePublished":"2014-01-25T20:56:31+01:00","dateModified":"2014-01-25T20:56:31+01:00"},{"@type":"WebSite","@id":"https:\/\/www.eldigitaldeasturias.com\/noticias\/#website","url":"https:\/\/www.eldigitaldeasturias.com\/noticias\/","name":"El Digital de Asturias - Diario de actualidad y noticias","alternateName":"El Digital de Asturias - Diario de actualidad y noticias","description":"Hemeroteca","inLanguage":"es-ES","publisher":{"@id":"https:\/\/www.eldigitaldeasturias.com\/noticias\/#organization"}}]},"og:locale":"es_ES","og:site_name":"El Digital de Asturias","og:type":"article","og:title":"Lara cree que el problema de Catalu\u00f1a no es de bandera sino de pol\u00edticas neoliberales - El Digital de Asturias","og:description":"Las Palmas de Gran Canaria, 25 ene (EFE).- El coordinador general de Izquierda Unida, Cayo Lara, ha afirmado hoy que el problema de Catalu\u00f1a y de Espa\u00f1a &quot;no es un problema de bandera porque las banderas nunca trajeron pan&quot; sino de una pol\u00edtica neoliberal emprendida por gobiernos del PP y del PSOE y apoyadas por","og:url":"https:\/\/www.eldigitaldeasturias.com\/noticias\/lara-cree-que-el-problema-de-cataluna-no-es-de-bandera-sino-de-politicas-neoliberales\/","og:image":"https:\/\/www.eldigitaldeasturias.com\/noticias\/wp-content\/uploads\/2026\/06\/Contenidos.jpg","og:image:secure_url":"https:\/\/www.eldigitaldeasturias.com\/noticias\/wp-content\/uploads\/2026\/06\/Contenidos.jpg","og:image:width":1265,"og:image:height":697,"article:tag":["actualidad"],"article:published_time":"2014-01-25T21:56:31+00:00","article:modified_time":"2014-01-25T21:56:31+00:00","article:publisher":"https:\/\/facebook.com\/eldigitaldeasturias","twitter:card":"summary_large_image","twitter:title":"Lara cree que el problema de Catalu\u00f1a no es de bandera sino de pol\u00edticas neoliberales - El Digital de Asturias","twitter:description":"Las Palmas de Gran Canaria, 25 ene (EFE).- El coordinador general de Izquierda Unida, Cayo Lara, ha afirmado hoy que el problema de Catalu\u00f1a y de Espa\u00f1a &quot;no es un problema de bandera porque las banderas nunca trajeron pan&quot; sino de una pol\u00edtica neoliberal emprendida por gobiernos del PP y del PSOE y apoyadas por","twitter:image":"https:\/\/www.eldigitaldeasturias.com\/noticias\/wp-content\/uploads\/2026\/06\/Contenidos.jpg","twitter:label1":"Escrito por","twitter:data1":"El Digital de Asturias","twitter:label2":"Tiempo de lectura estimado","twitter:data2":"1 minuto"},"aioseo_meta_data":{"post_id":"478914","title":null,"description":null,"keywords":null,"keyphrases":null,"primary_term":null,"canonical_url":null,"og_title":null,"og_description":null,"og_object_type":"default","og_image_type":"default","og_image_url":null,"og_image_width":null,"og_image_height":null,"og_image_custom_url":null,"og_image_custom_fields":null,"og_video":null,"og_custom_url":null,"og_article_section":null,"og_article_tags":null,"twitter_use_og":true,"twitter_card":"default","twitter_image_type":"default","twitter_image_url":null,"twitter_image_custom_url":null,"twitter_image_custom_fields":null,"twitter_title":null,"twitter_description":null,"schema":{"blockGraphs":[],"customGraphs":[],"default":{"data":{"Article":[],"Course":[],"Dataset":[],"FAQPage":[],"Movie":[],"Person":[],"Product":[],"ProductReview":[],"Car":[],"Recipe":[],"Service":[],"SoftwareApplication":[],"WebPage":[]},"graphName":"","isEnabled":true},"graphs":[],"defaultGraph":"","defaultPostTypeGraph":""},"schema_type":null,"schema_type_options":null,"pillar_content":false,"robots_default":true,"robots_noindex":false,"robots_noarchive":false,"robots_nosnippet":false,"robots_nofollow":false,"robots_noimageindex":false,"robots_noodp":false,"robots_notranslate":false,"robots_max_snippet":null,"robots_max_videopreview":null,"robots_max_imagepreview":"none","priority":null,"frequency":null,"local_seo":null,"seo_analyzer_scan_date":"2026-06-01 22:55:17","breadcrumb_settings":null,"limit_modified_date":false,"open_ai":null,"ai":null,"created":"2020-11-14 22:53:58","updated":"2026-06-01 22:55:17","focus_keyword":null,"additional_keywords":null,"truseo_locale":null},"aioseo_breadcrumb":"<div class=\"aioseo-breadcrumbs\"><span class=\"aioseo-breadcrumb\">\n\t<a href=\"https:\/\/www.eldigitaldeasturias.com\/noticias\" title=\"Home\">Home<\/a>\n<\/span><span class=\"aioseo-breadcrumb-separator\">\u2013<\/span><span class=\"aioseo-breadcrumb\">\n\t<a href=\"https:\/\/www.eldigitaldeasturias.com\/noticias\/category\/actualidad\/\" title=\"Actualidad\">Actualidad<\/a>\n<\/span><span class=\"aioseo-breadcrumb-separator\">\u2013<\/span><span class=\"aioseo-breadcrumb\">\n\t<a href=\"https:\/\/www.eldigitaldeasturias.com\/noticias\/lara-cree-que-el-problema-de-cataluna-no-es-de-bandera-sino-de-politicas-neoliberales\/\" title=\"Lara cree que el problema de Catalu\u00f1a no es de bandera sino de pol\u00edticas neoliberales\">Lara cree que el problema de Catalu\u00f1a no es de bandera sino de pol\u00edticas neoliberales<\/a>\n<\/span><\/div>","aioseo_breadcrumb_json":[{"label":"Home","link":"https:\/\/www.eldigitaldeasturias.com\/noticias"},{"label":"Actualidad","link":"https:\/\/www.eldigitaldeasturias.com\/noticias\/category\/actualidad\/"},{"label":"Lara cree que el problema de Catalu\u00f1a no es de bandera sino de pol\u00edticas neoliberales","link":"https:\/\/www.eldigitaldeasturias.com\/noticias\/lara-cree-que-el-problema-de-cataluna-no-es-de-bandera-sino-de-politicas-neoliberales\/"}],"_links":{"self":[{"href":"https:\/\/www.eldigitaldeasturias.com\/noticias\/wp-json\/wp\/v2\/posts\/478914","targetHints":{"allow":["GET"]}}],"collection":[{"href":"https:\/\/www.eldigitaldeasturias.com\/noticias\/wp-json\/wp\/v2\/posts"}],"about":[{"href":"https:\/\/www.eldigitaldeasturias.com\/noticias\/wp-json\/wp\/v2\/types\/post"}],"author":[{"embeddable":true,"href":"https:\/\/www.eldigitaldeasturias.com\/noticias\/wp-json\/wp\/v2\/users\/1"}],"replies":[{"embeddable":true,"href":"https:\/\/www.eldigitaldeasturias.com\/noticias\/wp-json\/wp\/v2\/comments?post=478914"}],"version-history":[{"count":0,"href":"https:\/\/www.eldigitaldeasturias.com\/noticias\/wp-json\/wp\/v2\/posts\/478914\/revisions"}],"wp:featuredmedia":[{"embeddable":true,"href":"https:\/\/www.eldigitaldeasturias.com\/noticias\/wp-json\/wp\/v2\/media\/1132184"}],"wp:attachment":[{"href":"https:\/\/www.eldigitaldeasturias.com\/noticias\/wp-json\/wp\/v2\/media?parent=478914"}],"wp:term":[{"taxonomy":"category","embeddable":true,"href":"https:\/\/www.eldigitaldeasturias.com\/noticias\/wp-json\/wp\/v2\/categories?post=478914"},{"taxonomy":"post_tag","embeddable":true,"href":"https:\/\/www.eldigitaldeasturias.com\/noticias\/wp-json\/wp\/v2\/tags?post=478914"}],"curies":[{"name":"wp","href":"https:\/\/api.w.org\/{rel}","templated":true}]}}