{"id":478884,"date":"2014-01-25T20:33:01","date_gmt":"2014-01-25T21:33:01","guid":{"rendered":"http:\/\/www.eldigitaldeasturias.com\/noticias\/?p=478884"},"modified":"2014-01-25T20:33:01","modified_gmt":"2014-01-25T21:33:01","slug":"martino-asegura-no-sentirse-mas-debil-tras-la-dimision-de-rosell","status":"publish","type":"post","link":"https:\/\/www.eldigitaldeasturias.com\/noticias\/martino-asegura-no-sentirse-mas-debil-tras-la-dimision-de-rosell\/","title":{"rendered":"Martino asegura no sentirse m\u00e1s d\u00e9bil tras la dimisi\u00f3n de Rosell"},"content":{"rendered":"<p><img loading=\"lazy\" decoding=\"async\" class=\"alignleft size-medium wp-image-478885\" alt=\"5876173w\" src=\"https:\/\/www.eldigitaldeasturias.com\/noticias\/wp-content\/uploads\/2014\/01\/5876173w-360x247.jpg\" width=\"360\" height=\"247\" \/>Sant Joan Desp\u00ed (Barcelona), 25 ene (EFE).- El entrenador del Barcelona, Gerardo &#8216;Tata&#8217; Martino, ha asegurado hoy no sentirse m\u00e1s d\u00e9bil tras la dimisi\u00f3n de Sandro Rosell, el hombre que lo fich\u00f3, como presidente del club catal\u00e1n.<\/p>\n<p>\u00abEn absoluto\u00bb, ha respondido tajante cuando se le ha preguntado a Martino si su posici\u00f3n como entrenador se ver\u00eda debilitada ahora que Rosell ya no est\u00e1.<\/p>\n<p>El preparador del conjunto catal\u00e1n ha reconocido, en cualquier caso, que \u00abno es una linda noticia\u00bb la renuncia de Rosell a seguir dirigiendo al Bar\u00e7a: \u00abMe he sentido y me siento muy apoyado por Sandro, lo conozco de hace mucho tiempo y me hubiera gustado que acab\u00e1ramos esto todos juntos\u00bb.<\/p>\n<p>Para Martino, al equipo le toca ahora \u00abcolaborar en lo deportivo\u00bb para hacer olvidar la crisis institucional haciendo un buen partido y ganando ma\u00f1ana al M\u00e1laga.<\/p>\n<p>\u00abEs importante que el equipo siga bien de \u00e1nimo, que no decaiga y yo lo he seguido viendo muy bien toda la semana\u00bb, ha a\u00f1adido el t\u00e9cnico argentino, quien se ha mostrado convencido de que a Neymar, \u00abno le afectar\u00e1\u00bb que se hayan filtrado las cifras de su fichaje, el mismo que ha acabado con la dimisi\u00f3n del presidente por una querella por apropiaci\u00f3n indebida en modalidad de distracci\u00f3 nante la Audiencia Nacional.<\/p>\n<p>Pese a que el nuevo presidente del club, Josep Maria Bartomeu, reiter\u00f3 su confianza en Martino y su deseo de ampliar su contrato hasta 2016, el entrenador del Barcelona ha vuelto a ser poco contundente a la hora de vincular su futuro al conjunto azulgrana.<\/p>\n<p>\u00abEvidentemente, si uno llega a una instituci\u00f3n de esta naturaleza, en condiciones normales, lo que quiere es seguir adelante, pero no lo puedo asegurar porque en el f\u00fatbol no se puede asegurar nada\u00bb, ha manifestado.<\/p>\n<p>Martino ni siquiera ha empezado a planificar la pr\u00f3ximo temporada, seg\u00fan \u00e9l, porque no est\u00e1s acostumbrado a hacerlo con tanta antelaci\u00f3n: \u00abYo vengo de un lugar donde todo se resuelve cinco minutos antes de empezar la temporada y aqu\u00ed se planifica cinco meses antes. No digo que est\u00e9 bien, pero me cuesta plante\u00e1rmelo con tanta antelaci\u00f3n\u00bb.<\/p>\n<p>Respecto al encuentro de ma\u00f1ana ante el M\u00e1laga, el Tata espera de nuevo un partido en el que toda la iniciativa recaiga en su equipo: \u00abProbablemente nosotros tengamos mucho protagonismo y el M\u00e1laga nos espere con mucha gente detr\u00e1s y apueste por salir a la contra\u00bb.<\/p>\n<p>Y, para tener un encuentro m\u00e1s c\u00f3modo, considera clave marcar pronto: \u00abDebemos centrarnos en aprovechar esas primeras ocasiones de gol del partido que a veces nos hace que juguemos de una manera totalmente distinta\u00bb.<\/p>\n<p>Una partido m\u00e1s, Martino no podr\u00e1 contar con Andr\u00e9s Iniesta, que sigue recuper\u00e1ndose de la contusi\u00f3n que sufri\u00f3 en la rodilla izquierda ante el Atl\u00e9tico hace dos semanas.<\/p>\n<p>\u00abHemos dejado unos d\u00edas m\u00e1s para ver a partir del lunes c\u00f3mo evoluciona y entonces tendremos una certeza sobre cu\u00e1ndo podemos contar con \u00e9l, pero no es algo preocupante, porque no ser\u00e1 cuesti\u00f3n de muchos d\u00edas\u00bb, ha comentado sobre la lesi\u00f3n del centrocampista manchego.<\/p>\n<p>Por \u00faltimo, el t\u00e9cnico del Bar\u00e7a se ha felicitado por la vuelta del centrocampista Ibrahim Afellay, que ha recibido el alta cinco meses despu\u00e9s de pasar por el quir\u00f3fano para solucionar una lesi\u00f3n cr\u00f3nica en el b\u00edceps femoral de la pierna izquierda y ha entrado en la convocatoria.<\/p>\n<p>Martino ha asegurado que cuenta con el internacional holand\u00e9s, pero no se ha atrevido a descartar que deje el equipo en el mercado de invierno: \u00abHace muchas semanas que Ibi entrena con normalidad y ha tomado ritmo futbol\u00edstico. La idea es contar con \u00e9l pero los vaivenes del mercado no permiten asegurar que seguir\u00e1 con nosotros, aunque la idea es que comparta el trabajo con nosotros hasta mediados de a\u00f1o\u00bb.<\/p>\n","protected":false},"excerpt":{"rendered":"<p>Sant Joan Desp\u00ed (Barcelona), 25 ene (EFE).- El entrenador del Barcelona, Gerardo &#8216;Tata&#8217; Martino, ha asegurado hoy no sentirse m\u00e1s d\u00e9bil tras la dimisi\u00f3n de Sandro Rosell, el hombre que lo fich\u00f3, como presidente del club catal\u00e1n. \u00abEn absoluto\u00bb, ha respondido tajante cuando se le ha preguntado a Martino si su posici\u00f3n como entrenador se [&hellip;]<\/p>\n","protected":false},"author":1,"featured_media":1132184,"comment_status":"closed","ping_status":"open","sticky":false,"template":"","format":"standard","meta":{"footnotes":""},"categories":[1],"tags":[],"class_list":["post-478884","post","type-post","status-publish","format-standard","has-post-thumbnail","hentry","category-actualidad"],"aioseo_notices":[],"aioseo_head":"\n\t\t<!-- All in One SEO Pro 5.0.1 - aioseo.com -->\n\t<meta name=\"description\" content=\"Sant Joan Desp\u00ed (Barcelona), 25 ene (EFE).- El entrenador del Barcelona, Gerardo &#039;Tata&#039; Martino, ha asegurado hoy no sentirse m\u00e1s d\u00e9bil tras la dimisi\u00f3n de Sandro Rosell, el hombre que lo fich\u00f3, como presidente del club catal\u00e1n. &quot;En absoluto&quot;, ha respondido tajante cuando se le ha preguntado a Martino si su posici\u00f3n como entrenador se\" \/>\n\t<meta name=\"robots\" content=\"max-image-preview:large\" \/>\n\t<meta name=\"author\" content=\"El Digital de Asturias\"\/>\n\t<meta name=\"google-site-verification\" content=\"UA-38556648-1\" \/>\n\t<meta name=\"msvalidate.01\" content=\"7dfe9f3f1b24437ab69f4f2559babe99\" \/>\n\t<meta name=\"keywords\" content=\"actualidad\" \/>\n\t<link rel=\"canonical\" href=\"https:\/\/www.eldigitaldeasturias.com\/noticias\/martino-asegura-no-sentirse-mas-debil-tras-la-dimision-de-rosell\/\" \/>\n\t<meta name=\"generator\" content=\"All in One SEO Pro (AIOSEO) 5.0.1\" \/>\n\t\t<meta property=\"og:locale\" content=\"es_ES\" \/>\n\t\t<meta property=\"og:site_name\" content=\"El Digital de Asturias\" \/>\n\t\t<meta property=\"og:type\" content=\"article\" \/>\n\t\t<meta property=\"og:title\" content=\"Martino asegura no sentirse m\u00e1s d\u00e9bil tras la dimisi\u00f3n de Rosell - El Digital de Asturias\" \/>\n\t\t<meta property=\"og:description\" content=\"Sant Joan Desp\u00ed (Barcelona), 25 ene (EFE).- El entrenador del Barcelona, Gerardo &#039;Tata&#039; Martino, ha asegurado hoy no sentirse m\u00e1s d\u00e9bil tras la dimisi\u00f3n de Sandro Rosell, el hombre que lo fich\u00f3, como presidente del club catal\u00e1n. &quot;En absoluto&quot;, ha respondido tajante cuando se le ha preguntado a Martino si su posici\u00f3n como entrenador se\" \/>\n\t\t<meta property=\"og:url\" content=\"https:\/\/www.eldigitaldeasturias.com\/noticias\/martino-asegura-no-sentirse-mas-debil-tras-la-dimision-de-rosell\/\" \/>\n\t\t<meta property=\"og:image\" content=\"https:\/\/www.eldigitaldeasturias.com\/noticias\/wp-content\/uploads\/2026\/06\/Contenidos.jpg\" \/>\n\t\t<meta property=\"og:image:secure_url\" content=\"https:\/\/www.eldigitaldeasturias.com\/noticias\/wp-content\/uploads\/2026\/06\/Contenidos.jpg\" \/>\n\t\t<meta property=\"og:image:width\" content=\"1265\" \/>\n\t\t<meta property=\"og:image:height\" content=\"697\" \/>\n\t\t<meta property=\"article:tag\" content=\"actualidad\" \/>\n\t\t<meta property=\"article:published_time\" content=\"2014-01-25T21:33:01+00:00\" \/>\n\t\t<meta property=\"article:modified_time\" content=\"2014-01-25T21:33:01+00:00\" \/>\n\t\t<meta property=\"article:publisher\" content=\"https:\/\/facebook.com\/eldigitaldeasturias\" \/>\n\t\t<meta name=\"twitter:card\" content=\"summary_large_image\" \/>\n\t\t<meta name=\"twitter:title\" content=\"Martino asegura no sentirse m\u00e1s d\u00e9bil tras la dimisi\u00f3n de Rosell - El Digital de Asturias\" \/>\n\t\t<meta name=\"twitter:description\" content=\"Sant Joan Desp\u00ed (Barcelona), 25 ene (EFE).- El entrenador del Barcelona, Gerardo &#039;Tata&#039; Martino, ha asegurado hoy no sentirse m\u00e1s d\u00e9bil tras la dimisi\u00f3n de Sandro Rosell, el hombre que lo fich\u00f3, como presidente del club catal\u00e1n. &quot;En absoluto&quot;, ha respondido tajante cuando se le ha preguntado a Martino si su posici\u00f3n como entrenador se\" \/>\n\t\t<meta name=\"twitter:image\" content=\"https:\/\/www.eldigitaldeasturias.com\/noticias\/wp-content\/uploads\/2026\/06\/Contenidos.jpg\" \/>\n\t\t<meta name=\"twitter:label1\" content=\"Escrito por\" \/>\n\t\t<meta name=\"twitter:data1\" content=\"El Digital de Asturias\" \/>\n\t\t<meta name=\"twitter:label2\" content=\"Tiempo de lectura estimado\" \/>\n\t\t<meta name=\"twitter:data2\" content=\"3 minutos\" \/>\n\t\t<script type=\"application\/ld+json\" class=\"aioseo-schema\">\n\t\t\t{\"@context\":\"https:\\\/\\\/schema.org\",\"@graph\":[{\"@type\":\"BlogPosting\",\"@id\":\"https:\\\/\\\/www.eldigitaldeasturias.com\\\/noticias\\\/martino-asegura-no-sentirse-mas-debil-tras-la-dimision-de-rosell\\\/#blogposting\",\"name\":\"Martino asegura no sentirse m\\u00e1s d\\u00e9bil tras la dimisi\\u00f3n de Rosell - El Digital de Asturias\",\"headline\":\"Martino asegura no sentirse m\\u00e1s d\\u00e9bil tras la dimisi\\u00f3n de Rosell\",\"author\":{\"@id\":\"https:\\\/\\\/www.eldigitaldeasturias.com\\\/noticias\\\/author\\\/admin\\\/#author\"},\"publisher\":{\"@id\":\"https:\\\/\\\/www.eldigitaldeasturias.com\\\/noticias\\\/#organization\"},\"image\":{\"@type\":\"ImageObject\",\"url\":\"https:\\\/\\\/www.eldigitaldeasturias.com\\\/noticias\\\/wp-content\\\/uploads\\\/2026\\\/06\\\/Contenidos.jpg\",\"width\":1265,\"height\":697,\"caption\":\"Contenidos\"},\"datePublished\":\"2014-01-25T20:33:01+01:00\",\"dateModified\":\"2014-01-25T20:33:01+01:00\",\"inLanguage\":\"es-ES\",\"mainEntityOfPage\":{\"@id\":\"https:\\\/\\\/www.eldigitaldeasturias.com\\\/noticias\\\/martino-asegura-no-sentirse-mas-debil-tras-la-dimision-de-rosell\\\/#webpage\"},\"isPartOf\":{\"@id\":\"https:\\\/\\\/www.eldigitaldeasturias.com\\\/noticias\\\/martino-asegura-no-sentirse-mas-debil-tras-la-dimision-de-rosell\\\/#webpage\"},\"articleSection\":\"Actualidad\"},{\"@type\":\"BreadcrumbList\",\"@id\":\"https:\\\/\\\/www.eldigitaldeasturias.com\\\/noticias\\\/martino-asegura-no-sentirse-mas-debil-tras-la-dimision-de-rosell\\\/#breadcrumblist\",\"itemListElement\":[{\"@type\":\"ListItem\",\"@id\":\"https:\\\/\\\/www.eldigitaldeasturias.com\\\/noticias#listItem\",\"position\":1,\"name\":\"Home\",\"item\":\"https:\\\/\\\/www.eldigitaldeasturias.com\\\/noticias\",\"nextItem\":{\"@type\":\"ListItem\",\"@id\":\"https:\\\/\\\/www.eldigitaldeasturias.com\\\/noticias\\\/category\\\/actualidad\\\/#listItem\",\"name\":\"Actualidad\"}},{\"@type\":\"ListItem\",\"@id\":\"https:\\\/\\\/www.eldigitaldeasturias.com\\\/noticias\\\/category\\\/actualidad\\\/#listItem\",\"position\":2,\"name\":\"Actualidad\",\"item\":\"https:\\\/\\\/www.eldigitaldeasturias.com\\\/noticias\\\/category\\\/actualidad\\\/\",\"nextItem\":{\"@type\":\"ListItem\",\"@id\":\"https:\\\/\\\/www.eldigitaldeasturias.com\\\/noticias\\\/martino-asegura-no-sentirse-mas-debil-tras-la-dimision-de-rosell\\\/#listItem\",\"name\":\"Martino asegura no sentirse m\\u00e1s d\\u00e9bil tras la dimisi\\u00f3n de Rosell\"},\"previousItem\":{\"@type\":\"ListItem\",\"@id\":\"https:\\\/\\\/www.eldigitaldeasturias.com\\\/noticias#listItem\",\"name\":\"Home\"}},{\"@type\":\"ListItem\",\"@id\":\"https:\\\/\\\/www.eldigitaldeasturias.com\\\/noticias\\\/martino-asegura-no-sentirse-mas-debil-tras-la-dimision-de-rosell\\\/#listItem\",\"position\":3,\"name\":\"Martino asegura no sentirse m\\u00e1s d\\u00e9bil tras la dimisi\\u00f3n de Rosell\",\"previousItem\":{\"@type\":\"ListItem\",\"@id\":\"https:\\\/\\\/www.eldigitaldeasturias.com\\\/noticias\\\/category\\\/actualidad\\\/#listItem\",\"name\":\"Actualidad\"}}]},{\"@type\":\"Organization\",\"@id\":\"https:\\\/\\\/www.eldigitaldeasturias.com\\\/noticias\\\/#organization\",\"name\":\"El Digital de Asturias\",\"description\":\"Hemeroteca\",\"url\":\"https:\\\/\\\/www.eldigitaldeasturias.com\\\/noticias\\\/\",\"email\":\"info@eldigitaldeasturias.com\",\"telephone\":\"+34652131393\",\"logo\":{\"@type\":\"ImageObject\",\"url\":\"https:\\\/\\\/www.eldigitaldeasturias.com\\\/noticias\\\/wp-content\\\/uploads\\\/2020\\\/12\\\/EDA.jpg\",\"@id\":\"https:\\\/\\\/www.eldigitaldeasturias.com\\\/noticias\\\/martino-asegura-no-sentirse-mas-debil-tras-la-dimision-de-rosell\\\/#organizationLogo\"},\"image\":{\"@id\":\"https:\\\/\\\/www.eldigitaldeasturias.com\\\/noticias\\\/martino-asegura-no-sentirse-mas-debil-tras-la-dimision-de-rosell\\\/#organizationLogo\"},\"sameAs\":[\"https:\\\/\\\/facebook.com\\\/eldigitaldeasturias\",\"https:\\\/\\\/www.youtube.com\\\/channel\\\/UCZP-2wLEB9Rv6erhFmqVnvg\"],\"address\":{\"@id\":\"https:\\\/\\\/www.eldigitaldeasturias.com\\\/noticias\\\/#postaladdress\",\"@type\":\"PostalAddress\",\"streetAddress\":\"san antonio 4\",\"postalCode\":\"33430\",\"addressLocality\":\"Cand\\u00e1s\",\"addressRegion\":\"Asturias\",\"addressCountry\":\"ES\"}},{\"@type\":\"Person\",\"@id\":\"https:\\\/\\\/www.eldigitaldeasturias.com\\\/noticias\\\/author\\\/admin\\\/#author\",\"url\":\"https:\\\/\\\/www.eldigitaldeasturias.com\\\/noticias\\\/author\\\/admin\\\/\",\"name\":\"El Digital de Asturias\",\"image\":{\"@type\":\"ImageObject\",\"@id\":\"https:\\\/\\\/www.eldigitaldeasturias.com\\\/noticias\\\/martino-asegura-no-sentirse-mas-debil-tras-la-dimision-de-rosell\\\/#authorImage\",\"url\":\"https:\\\/\\\/secure.gravatar.com\\\/avatar\\\/df2aeffc32bcd13f8d26072ef8a91b623d677766deac7f97ca815868cd41bf5e?s=96&d=mm&r=g\",\"width\":96,\"height\":96,\"caption\":\"El Digital de Asturias\"}},{\"@type\":\"WebPage\",\"@id\":\"https:\\\/\\\/www.eldigitaldeasturias.com\\\/noticias\\\/martino-asegura-no-sentirse-mas-debil-tras-la-dimision-de-rosell\\\/#webpage\",\"url\":\"https:\\\/\\\/www.eldigitaldeasturias.com\\\/noticias\\\/martino-asegura-no-sentirse-mas-debil-tras-la-dimision-de-rosell\\\/\",\"name\":\"Martino asegura no sentirse m\\u00e1s d\\u00e9bil tras la dimisi\\u00f3n de Rosell - El Digital de Asturias\",\"description\":\"Sant Joan Desp\\u00ed (Barcelona), 25 ene (EFE).- El entrenador del Barcelona, Gerardo 'Tata' Martino, ha asegurado hoy no sentirse m\\u00e1s d\\u00e9bil tras la dimisi\\u00f3n de Sandro Rosell, el hombre que lo fich\\u00f3, como presidente del club catal\\u00e1n. \\\"En absoluto\\\", ha respondido tajante cuando se le ha preguntado a Martino si su posici\\u00f3n como entrenador se\",\"inLanguage\":\"es-ES\",\"isPartOf\":{\"@id\":\"https:\\\/\\\/www.eldigitaldeasturias.com\\\/noticias\\\/#website\"},\"breadcrumb\":{\"@id\":\"https:\\\/\\\/www.eldigitaldeasturias.com\\\/noticias\\\/martino-asegura-no-sentirse-mas-debil-tras-la-dimision-de-rosell\\\/#breadcrumblist\"},\"author\":{\"@id\":\"https:\\\/\\\/www.eldigitaldeasturias.com\\\/noticias\\\/author\\\/admin\\\/#author\"},\"creator\":{\"@id\":\"https:\\\/\\\/www.eldigitaldeasturias.com\\\/noticias\\\/author\\\/admin\\\/#author\"},\"image\":{\"@type\":\"ImageObject\",\"url\":\"https:\\\/\\\/www.eldigitaldeasturias.com\\\/noticias\\\/wp-content\\\/uploads\\\/2026\\\/06\\\/Contenidos.jpg\",\"@id\":\"https:\\\/\\\/www.eldigitaldeasturias.com\\\/noticias\\\/martino-asegura-no-sentirse-mas-debil-tras-la-dimision-de-rosell\\\/#mainImage\",\"width\":1265,\"height\":697,\"caption\":\"Contenidos\"},\"primaryImageOfPage\":{\"@id\":\"https:\\\/\\\/www.eldigitaldeasturias.com\\\/noticias\\\/martino-asegura-no-sentirse-mas-debil-tras-la-dimision-de-rosell\\\/#mainImage\"},\"datePublished\":\"2014-01-25T20:33:01+01:00\",\"dateModified\":\"2014-01-25T20:33:01+01:00\"},{\"@type\":\"WebSite\",\"@id\":\"https:\\\/\\\/www.eldigitaldeasturias.com\\\/noticias\\\/#website\",\"url\":\"https:\\\/\\\/www.eldigitaldeasturias.com\\\/noticias\\\/\",\"name\":\"El Digital de Asturias - Diario de actualidad y noticias\",\"alternateName\":\"El Digital de Asturias - Diario de actualidad y noticias\",\"description\":\"Hemeroteca\",\"inLanguage\":\"es-ES\",\"publisher\":{\"@id\":\"https:\\\/\\\/www.eldigitaldeasturias.com\\\/noticias\\\/#organization\"}}]}\n\t\t<\/script>\n\t\t<!-- All in One SEO Pro -->\r\n\t\t<title>Martino asegura no sentirse m\u00e1s d\u00e9bil tras la dimisi\u00f3n de Rosell - El Digital de Asturias<\/title>\n\n","aioseo_head_json":{"title":"Martino asegura no sentirse m\u00e1s d\u00e9bil tras la dimisi\u00f3n de Rosell - El Digital de Asturias","description":"Sant Joan Desp\u00ed (Barcelona), 25 ene (EFE).- El entrenador del Barcelona, Gerardo 'Tata' Martino, ha asegurado hoy no sentirse m\u00e1s d\u00e9bil tras la dimisi\u00f3n de Sandro Rosell, el hombre que lo fich\u00f3, como presidente del club catal\u00e1n. \"En absoluto\", ha respondido tajante cuando se le ha preguntado a Martino si su posici\u00f3n como entrenador se","canonical_url":"https:\/\/www.eldigitaldeasturias.com\/noticias\/martino-asegura-no-sentirse-mas-debil-tras-la-dimision-de-rosell\/","robots":"max-image-preview:large","keywords":"actualidad","webmasterTools":{"google-site-verification":"UA-38556648-1","msvalidate.01":"7dfe9f3f1b24437ab69f4f2559babe99","miscellaneous":""},"schema":{"@context":"https:\/\/schema.org","@graph":[{"@type":"BlogPosting","@id":"https:\/\/www.eldigitaldeasturias.com\/noticias\/martino-asegura-no-sentirse-mas-debil-tras-la-dimision-de-rosell\/#blogposting","name":"Martino asegura no sentirse m\u00e1s d\u00e9bil tras la dimisi\u00f3n de Rosell - El Digital de Asturias","headline":"Martino asegura no sentirse m\u00e1s d\u00e9bil tras la dimisi\u00f3n de Rosell","author":{"@id":"https:\/\/www.eldigitaldeasturias.com\/noticias\/author\/admin\/#author"},"publisher":{"@id":"https:\/\/www.eldigitaldeasturias.com\/noticias\/#organization"},"image":{"@type":"ImageObject","url":"https:\/\/www.eldigitaldeasturias.com\/noticias\/wp-content\/uploads\/2026\/06\/Contenidos.jpg","width":1265,"height":697,"caption":"Contenidos"},"datePublished":"2014-01-25T20:33:01+01:00","dateModified":"2014-01-25T20:33:01+01:00","inLanguage":"es-ES","mainEntityOfPage":{"@id":"https:\/\/www.eldigitaldeasturias.com\/noticias\/martino-asegura-no-sentirse-mas-debil-tras-la-dimision-de-rosell\/#webpage"},"isPartOf":{"@id":"https:\/\/www.eldigitaldeasturias.com\/noticias\/martino-asegura-no-sentirse-mas-debil-tras-la-dimision-de-rosell\/#webpage"},"articleSection":"Actualidad"},{"@type":"BreadcrumbList","@id":"https:\/\/www.eldigitaldeasturias.com\/noticias\/martino-asegura-no-sentirse-mas-debil-tras-la-dimision-de-rosell\/#breadcrumblist","itemListElement":[{"@type":"ListItem","@id":"https:\/\/www.eldigitaldeasturias.com\/noticias#listItem","position":1,"name":"Home","item":"https:\/\/www.eldigitaldeasturias.com\/noticias","nextItem":{"@type":"ListItem","@id":"https:\/\/www.eldigitaldeasturias.com\/noticias\/category\/actualidad\/#listItem","name":"Actualidad"}},{"@type":"ListItem","@id":"https:\/\/www.eldigitaldeasturias.com\/noticias\/category\/actualidad\/#listItem","position":2,"name":"Actualidad","item":"https:\/\/www.eldigitaldeasturias.com\/noticias\/category\/actualidad\/","nextItem":{"@type":"ListItem","@id":"https:\/\/www.eldigitaldeasturias.com\/noticias\/martino-asegura-no-sentirse-mas-debil-tras-la-dimision-de-rosell\/#listItem","name":"Martino asegura no sentirse m\u00e1s d\u00e9bil tras la dimisi\u00f3n de Rosell"},"previousItem":{"@type":"ListItem","@id":"https:\/\/www.eldigitaldeasturias.com\/noticias#listItem","name":"Home"}},{"@type":"ListItem","@id":"https:\/\/www.eldigitaldeasturias.com\/noticias\/martino-asegura-no-sentirse-mas-debil-tras-la-dimision-de-rosell\/#listItem","position":3,"name":"Martino asegura no sentirse m\u00e1s d\u00e9bil tras la dimisi\u00f3n de Rosell","previousItem":{"@type":"ListItem","@id":"https:\/\/www.eldigitaldeasturias.com\/noticias\/category\/actualidad\/#listItem","name":"Actualidad"}}]},{"@type":"Organization","@id":"https:\/\/www.eldigitaldeasturias.com\/noticias\/#organization","name":"El Digital de Asturias","description":"Hemeroteca","url":"https:\/\/www.eldigitaldeasturias.com\/noticias\/","email":"info@eldigitaldeasturias.com","telephone":"+34652131393","logo":{"@type":"ImageObject","url":"https:\/\/www.eldigitaldeasturias.com\/noticias\/wp-content\/uploads\/2020\/12\/EDA.jpg","@id":"https:\/\/www.eldigitaldeasturias.com\/noticias\/martino-asegura-no-sentirse-mas-debil-tras-la-dimision-de-rosell\/#organizationLogo"},"image":{"@id":"https:\/\/www.eldigitaldeasturias.com\/noticias\/martino-asegura-no-sentirse-mas-debil-tras-la-dimision-de-rosell\/#organizationLogo"},"sameAs":["https:\/\/facebook.com\/eldigitaldeasturias","https:\/\/www.youtube.com\/channel\/UCZP-2wLEB9Rv6erhFmqVnvg"],"address":{"@id":"https:\/\/www.eldigitaldeasturias.com\/noticias\/#postaladdress","@type":"PostalAddress","streetAddress":"san antonio 4","postalCode":"33430","addressLocality":"Cand\u00e1s","addressRegion":"Asturias","addressCountry":"ES"}},{"@type":"Person","@id":"https:\/\/www.eldigitaldeasturias.com\/noticias\/author\/admin\/#author","url":"https:\/\/www.eldigitaldeasturias.com\/noticias\/author\/admin\/","name":"El Digital de Asturias","image":{"@type":"ImageObject","@id":"https:\/\/www.eldigitaldeasturias.com\/noticias\/martino-asegura-no-sentirse-mas-debil-tras-la-dimision-de-rosell\/#authorImage","url":"https:\/\/secure.gravatar.com\/avatar\/df2aeffc32bcd13f8d26072ef8a91b623d677766deac7f97ca815868cd41bf5e?s=96&d=mm&r=g","width":96,"height":96,"caption":"El Digital de Asturias"}},{"@type":"WebPage","@id":"https:\/\/www.eldigitaldeasturias.com\/noticias\/martino-asegura-no-sentirse-mas-debil-tras-la-dimision-de-rosell\/#webpage","url":"https:\/\/www.eldigitaldeasturias.com\/noticias\/martino-asegura-no-sentirse-mas-debil-tras-la-dimision-de-rosell\/","name":"Martino asegura no sentirse m\u00e1s d\u00e9bil tras la dimisi\u00f3n de Rosell - El Digital de Asturias","description":"Sant Joan Desp\u00ed (Barcelona), 25 ene (EFE).- El entrenador del Barcelona, Gerardo 'Tata' Martino, ha asegurado hoy no sentirse m\u00e1s d\u00e9bil tras la dimisi\u00f3n de Sandro Rosell, el hombre que lo fich\u00f3, como presidente del club catal\u00e1n. \"En absoluto\", ha respondido tajante cuando se le ha preguntado a Martino si su posici\u00f3n como entrenador se","inLanguage":"es-ES","isPartOf":{"@id":"https:\/\/www.eldigitaldeasturias.com\/noticias\/#website"},"breadcrumb":{"@id":"https:\/\/www.eldigitaldeasturias.com\/noticias\/martino-asegura-no-sentirse-mas-debil-tras-la-dimision-de-rosell\/#breadcrumblist"},"author":{"@id":"https:\/\/www.eldigitaldeasturias.com\/noticias\/author\/admin\/#author"},"creator":{"@id":"https:\/\/www.eldigitaldeasturias.com\/noticias\/author\/admin\/#author"},"image":{"@type":"ImageObject","url":"https:\/\/www.eldigitaldeasturias.com\/noticias\/wp-content\/uploads\/2026\/06\/Contenidos.jpg","@id":"https:\/\/www.eldigitaldeasturias.com\/noticias\/martino-asegura-no-sentirse-mas-debil-tras-la-dimision-de-rosell\/#mainImage","width":1265,"height":697,"caption":"Contenidos"},"primaryImageOfPage":{"@id":"https:\/\/www.eldigitaldeasturias.com\/noticias\/martino-asegura-no-sentirse-mas-debil-tras-la-dimision-de-rosell\/#mainImage"},"datePublished":"2014-01-25T20:33:01+01:00","dateModified":"2014-01-25T20:33:01+01:00"},{"@type":"WebSite","@id":"https:\/\/www.eldigitaldeasturias.com\/noticias\/#website","url":"https:\/\/www.eldigitaldeasturias.com\/noticias\/","name":"El Digital de Asturias - Diario de actualidad y noticias","alternateName":"El Digital de Asturias - Diario de actualidad y noticias","description":"Hemeroteca","inLanguage":"es-ES","publisher":{"@id":"https:\/\/www.eldigitaldeasturias.com\/noticias\/#organization"}}]},"og:locale":"es_ES","og:site_name":"El Digital de Asturias","og:type":"article","og:title":"Martino asegura no sentirse m\u00e1s d\u00e9bil tras la dimisi\u00f3n de Rosell - El Digital de Asturias","og:description":"Sant Joan Desp\u00ed (Barcelona), 25 ene (EFE).- El entrenador del Barcelona, Gerardo 'Tata' Martino, ha asegurado hoy no sentirse m\u00e1s d\u00e9bil tras la dimisi\u00f3n de Sandro Rosell, el hombre que lo fich\u00f3, como presidente del club catal\u00e1n. &quot;En absoluto&quot;, ha respondido tajante cuando se le ha preguntado a Martino si su posici\u00f3n como entrenador se","og:url":"https:\/\/www.eldigitaldeasturias.com\/noticias\/martino-asegura-no-sentirse-mas-debil-tras-la-dimision-de-rosell\/","og:image":"https:\/\/www.eldigitaldeasturias.com\/noticias\/wp-content\/uploads\/2026\/06\/Contenidos.jpg","og:image:secure_url":"https:\/\/www.eldigitaldeasturias.com\/noticias\/wp-content\/uploads\/2026\/06\/Contenidos.jpg","og:image:width":1265,"og:image:height":697,"article:tag":["actualidad"],"article:published_time":"2014-01-25T21:33:01+00:00","article:modified_time":"2014-01-25T21:33:01+00:00","article:publisher":"https:\/\/facebook.com\/eldigitaldeasturias","twitter:card":"summary_large_image","twitter:title":"Martino asegura no sentirse m\u00e1s d\u00e9bil tras la dimisi\u00f3n de Rosell - El Digital de Asturias","twitter:description":"Sant Joan Desp\u00ed (Barcelona), 25 ene (EFE).- El entrenador del Barcelona, Gerardo 'Tata' Martino, ha asegurado hoy no sentirse m\u00e1s d\u00e9bil tras la dimisi\u00f3n de Sandro Rosell, el hombre que lo fich\u00f3, como presidente del club catal\u00e1n. &quot;En absoluto&quot;, ha respondido tajante cuando se le ha preguntado a Martino si su posici\u00f3n como entrenador se","twitter:image":"https:\/\/www.eldigitaldeasturias.com\/noticias\/wp-content\/uploads\/2026\/06\/Contenidos.jpg","twitter:label1":"Escrito por","twitter:data1":"El Digital de Asturias","twitter:label2":"Tiempo de lectura estimado","twitter:data2":"3 minutos"},"aioseo_meta_data":{"post_id":"478884","title":null,"description":null,"keywords":null,"keyphrases":null,"primary_term":null,"canonical_url":null,"og_title":null,"og_description":null,"og_object_type":"default","og_image_type":"default","og_image_url":null,"og_image_width":null,"og_image_height":null,"og_image_custom_url":null,"og_image_custom_fields":null,"og_video":null,"og_custom_url":null,"og_article_section":null,"og_article_tags":null,"twitter_use_og":true,"twitter_card":"default","twitter_image_type":"default","twitter_image_url":null,"twitter_image_custom_url":null,"twitter_image_custom_fields":null,"twitter_title":null,"twitter_description":null,"schema":{"blockGraphs":[],"customGraphs":[],"default":{"data":{"Article":[],"Course":[],"Dataset":[],"FAQPage":[],"Movie":[],"Person":[],"Product":[],"ProductReview":[],"Car":[],"Recipe":[],"Service":[],"SoftwareApplication":[],"WebPage":[]},"graphName":"","isEnabled":true},"graphs":[],"defaultGraph":"","defaultPostTypeGraph":""},"schema_type":null,"schema_type_options":null,"pillar_content":false,"robots_default":true,"robots_noindex":false,"robots_noarchive":false,"robots_nosnippet":false,"robots_nofollow":false,"robots_noimageindex":false,"robots_noodp":false,"robots_notranslate":false,"robots_max_snippet":null,"robots_max_videopreview":null,"robots_max_imagepreview":"none","priority":null,"frequency":null,"local_seo":null,"seo_analyzer_scan_date":"2026-06-01 22:50:59","breadcrumb_settings":null,"limit_modified_date":false,"open_ai":null,"ai":null,"created":"2020-11-14 22:53:58","updated":"2026-06-01 22:50:59","focus_keyword":null,"additional_keywords":null,"truseo_locale":null},"aioseo_breadcrumb":"<div class=\"aioseo-breadcrumbs\"><span class=\"aioseo-breadcrumb\">\n\t<a href=\"https:\/\/www.eldigitaldeasturias.com\/noticias\" title=\"Home\">Home<\/a>\n<\/span><span class=\"aioseo-breadcrumb-separator\">\u2013<\/span><span class=\"aioseo-breadcrumb\">\n\t<a href=\"https:\/\/www.eldigitaldeasturias.com\/noticias\/category\/actualidad\/\" title=\"Actualidad\">Actualidad<\/a>\n<\/span><span class=\"aioseo-breadcrumb-separator\">\u2013<\/span><span class=\"aioseo-breadcrumb\">\n\t<a href=\"https:\/\/www.eldigitaldeasturias.com\/noticias\/martino-asegura-no-sentirse-mas-debil-tras-la-dimision-de-rosell\/\" title=\"Martino asegura no sentirse m\u00e1s d\u00e9bil tras la dimisi\u00f3n de Rosell\">Martino asegura no sentirse m\u00e1s d\u00e9bil tras la dimisi\u00f3n de Rosell<\/a>\n<\/span><\/div>","aioseo_breadcrumb_json":[{"label":"Home","link":"https:\/\/www.eldigitaldeasturias.com\/noticias"},{"label":"Actualidad","link":"https:\/\/www.eldigitaldeasturias.com\/noticias\/category\/actualidad\/"},{"label":"Martino asegura no sentirse m\u00e1s d\u00e9bil tras la dimisi\u00f3n de Rosell","link":"https:\/\/www.eldigitaldeasturias.com\/noticias\/martino-asegura-no-sentirse-mas-debil-tras-la-dimision-de-rosell\/"}],"_links":{"self":[{"href":"https:\/\/www.eldigitaldeasturias.com\/noticias\/wp-json\/wp\/v2\/posts\/478884","targetHints":{"allow":["GET"]}}],"collection":[{"href":"https:\/\/www.eldigitaldeasturias.com\/noticias\/wp-json\/wp\/v2\/posts"}],"about":[{"href":"https:\/\/www.eldigitaldeasturias.com\/noticias\/wp-json\/wp\/v2\/types\/post"}],"author":[{"embeddable":true,"href":"https:\/\/www.eldigitaldeasturias.com\/noticias\/wp-json\/wp\/v2\/users\/1"}],"replies":[{"embeddable":true,"href":"https:\/\/www.eldigitaldeasturias.com\/noticias\/wp-json\/wp\/v2\/comments?post=478884"}],"version-history":[{"count":0,"href":"https:\/\/www.eldigitaldeasturias.com\/noticias\/wp-json\/wp\/v2\/posts\/478884\/revisions"}],"wp:featuredmedia":[{"embeddable":true,"href":"https:\/\/www.eldigitaldeasturias.com\/noticias\/wp-json\/wp\/v2\/media\/1132184"}],"wp:attachment":[{"href":"https:\/\/www.eldigitaldeasturias.com\/noticias\/wp-json\/wp\/v2\/media?parent=478884"}],"wp:term":[{"taxonomy":"category","embeddable":true,"href":"https:\/\/www.eldigitaldeasturias.com\/noticias\/wp-json\/wp\/v2\/categories?post=478884"},{"taxonomy":"post_tag","embeddable":true,"href":"https:\/\/www.eldigitaldeasturias.com\/noticias\/wp-json\/wp\/v2\/tags?post=478884"}],"curies":[{"name":"wp","href":"https:\/\/api.w.org\/{rel}","templated":true}]}}