{"id":478872,"date":"2014-01-25T20:23:54","date_gmt":"2014-01-25T21:23:54","guid":{"rendered":"http:\/\/www.eldigitaldeasturias.com\/noticias\/?p=478872"},"modified":"2014-01-25T20:23:54","modified_gmt":"2014-01-25T21:23:54","slug":"alicante-retira-la-basura-acumulada-en-la-huelga-por-problemas-de-salubridad","status":"publish","type":"post","link":"https:\/\/www.eldigitaldeasturias.com\/noticias\/alicante-retira-la-basura-acumulada-en-la-huelga-por-problemas-de-salubridad\/","title":{"rendered":"Alicante retira la basura acumulada en la huelga por problemas de salubridad"},"content":{"rendered":"<p><img loading=\"lazy\" decoding=\"async\" class=\"alignleft size-medium wp-image-478873\" alt=\"5876154w\" src=\"https:\/\/www.eldigitaldeasturias.com\/noticias\/wp-content\/uploads\/2014\/01\/5876154w-360x250.jpg\" width=\"360\" height=\"250\" \/>Alicante, 25 ene (EFE).- Trabajadores de una empresa ajena a la concesionaria de la recogida de basuras de Alicante han retirado hoy residuos acumulados en varios puntos de la ciudad y que, a juicio del consistorio, generaban \u00abproblemas de seguridad, salubridad y movilidad\u00bb como consecuencia de la huelga de limpieza.<\/p>\n<p>Esta medida extraordinaria ha sido adoptada por el Gobierno local despu\u00e9s de que inspectores y t\u00e9cnicos municipales determinaran ayer que quince puntos urbanos requer\u00edan \u00abuna actuaci\u00f3n inmediata\u00bb de saneamiento dada \u00abla situaci\u00f3n de gravedad\u00bb que presentaban.<\/p>\n<p>Ante \u00abestos problemas de salubridad, seguridad y movilidad\u00bb, el Gobierno local ha decidido activar \u00abun servicio extraordinario\u00bb y para ello, y dada la huelga de basuras que desde hace seis d\u00edas afecta al servicio, ha requerido los servicios de una empresa ajena a la concesionaria.<\/p>\n<p>Fuentes municipales han explicado a Efe que los trabajos de urgencia llevados a cabo esta ma\u00f1ana -entre las 08.00 y las 11.00 horas- han consistido en retirar de los quince enclaves marcados por los inspectores aquellos residuos que supon\u00edan un riesgo.<\/p>\n<p>En estos puntos de la ciudad, como la calle Manero Moll\u00e1 y la calle Diagonal, se han retirado alimentos en proceso de putrefacci\u00f3n que hab\u00edan quedado esparcidos por la acera, residuos que estaban generando una presencia masiva de insectos y basuras que obligaban a los viandantes a andar por la calzada, cruzar por zonas con mucho tr\u00e1fico rodado o caminar por carriles bicis.<\/p>\n<p>Estos residuos han sido trasladados a otras zonas urbanas con contenedores donde existe una menor situaci\u00f3n de riesgo, algunas de ellas localizadas en solares, seg\u00fan han a\u00f1adido las mismas fuentes.<\/p>\n<p>Aunque esta actuaci\u00f3n se ha circunscrito a quince puntos, los t\u00e9cnicos e inspectores de las \u00c1reas de Municipal de Seguridad y Sanidad tienen detectadas otros 55.<\/p>\n","protected":false},"excerpt":{"rendered":"<p>Alicante, 25 ene (EFE).- Trabajadores de una empresa ajena a la concesionaria de la recogida de basuras de Alicante han retirado hoy residuos acumulados en varios puntos de la ciudad y que, a juicio del consistorio, generaban \u00abproblemas de seguridad, salubridad y movilidad\u00bb como consecuencia de la huelga de limpieza. Esta medida extraordinaria ha sido [&hellip;]<\/p>\n","protected":false},"author":1,"featured_media":1132184,"comment_status":"closed","ping_status":"open","sticky":false,"template":"","format":"standard","meta":{"footnotes":""},"categories":[1],"tags":[],"class_list":["post-478872","post","type-post","status-publish","format-standard","has-post-thumbnail","hentry","category-actualidad"],"aioseo_notices":[],"aioseo_head":"\n\t\t<!-- All in One SEO Pro 5.0.1 - aioseo.com -->\n\t<meta name=\"description\" content=\"Alicante, 25 ene (EFE).- Trabajadores de una empresa ajena a la concesionaria de la recogida de basuras de Alicante han retirado hoy residuos acumulados en varios puntos de la ciudad y que, a juicio del consistorio, generaban &quot;problemas de seguridad, salubridad y movilidad&quot; como consecuencia de la huelga de limpieza. Esta medida extraordinaria ha sido\" \/>\n\t<meta name=\"robots\" content=\"max-image-preview:large\" \/>\n\t<meta name=\"author\" content=\"El Digital de Asturias\"\/>\n\t<meta name=\"google-site-verification\" content=\"UA-38556648-1\" \/>\n\t<meta name=\"msvalidate.01\" content=\"7dfe9f3f1b24437ab69f4f2559babe99\" \/>\n\t<meta name=\"keywords\" content=\"actualidad\" \/>\n\t<link rel=\"canonical\" href=\"https:\/\/www.eldigitaldeasturias.com\/noticias\/alicante-retira-la-basura-acumulada-en-la-huelga-por-problemas-de-salubridad\/\" \/>\n\t<meta name=\"generator\" content=\"All in One SEO Pro (AIOSEO) 5.0.1\" \/>\n\t\t<meta property=\"og:locale\" content=\"es_ES\" \/>\n\t\t<meta property=\"og:site_name\" content=\"El Digital de Asturias\" \/>\n\t\t<meta property=\"og:type\" content=\"article\" \/>\n\t\t<meta property=\"og:title\" content=\"Alicante retira la basura acumulada en la huelga por problemas de salubridad - El Digital de Asturias\" \/>\n\t\t<meta property=\"og:description\" content=\"Alicante, 25 ene (EFE).- Trabajadores de una empresa ajena a la concesionaria de la recogida de basuras de Alicante han retirado hoy residuos acumulados en varios puntos de la ciudad y que, a juicio del consistorio, generaban &quot;problemas de seguridad, salubridad y movilidad&quot; como consecuencia de la huelga de limpieza. Esta medida extraordinaria ha sido\" \/>\n\t\t<meta property=\"og:url\" content=\"https:\/\/www.eldigitaldeasturias.com\/noticias\/alicante-retira-la-basura-acumulada-en-la-huelga-por-problemas-de-salubridad\/\" \/>\n\t\t<meta property=\"og:image\" content=\"https:\/\/www.eldigitaldeasturias.com\/noticias\/wp-content\/uploads\/2026\/06\/Contenidos.jpg\" \/>\n\t\t<meta property=\"og:image:secure_url\" content=\"https:\/\/www.eldigitaldeasturias.com\/noticias\/wp-content\/uploads\/2026\/06\/Contenidos.jpg\" \/>\n\t\t<meta property=\"og:image:width\" content=\"1265\" \/>\n\t\t<meta property=\"og:image:height\" content=\"697\" \/>\n\t\t<meta property=\"article:tag\" content=\"actualidad\" \/>\n\t\t<meta property=\"article:published_time\" content=\"2014-01-25T21:23:54+00:00\" \/>\n\t\t<meta property=\"article:modified_time\" content=\"2014-01-25T21:23:54+00:00\" \/>\n\t\t<meta property=\"article:publisher\" content=\"https:\/\/facebook.com\/eldigitaldeasturias\" \/>\n\t\t<meta name=\"twitter:card\" content=\"summary_large_image\" \/>\n\t\t<meta name=\"twitter:title\" content=\"Alicante retira la basura acumulada en la huelga por problemas de salubridad - El Digital de Asturias\" \/>\n\t\t<meta name=\"twitter:description\" content=\"Alicante, 25 ene (EFE).- Trabajadores de una empresa ajena a la concesionaria de la recogida de basuras de Alicante han retirado hoy residuos acumulados en varios puntos de la ciudad y que, a juicio del consistorio, generaban &quot;problemas de seguridad, salubridad y movilidad&quot; como consecuencia de la huelga de limpieza. Esta medida extraordinaria ha sido\" \/>\n\t\t<meta name=\"twitter:image\" content=\"https:\/\/www.eldigitaldeasturias.com\/noticias\/wp-content\/uploads\/2026\/06\/Contenidos.jpg\" \/>\n\t\t<meta name=\"twitter:label1\" content=\"Escrito por\" \/>\n\t\t<meta name=\"twitter:data1\" content=\"El Digital de Asturias\" \/>\n\t\t<meta name=\"twitter:label2\" content=\"Tiempo de lectura estimado\" \/>\n\t\t<meta name=\"twitter:data2\" content=\"2 minutos\" \/>\n\t\t<script type=\"application\/ld+json\" class=\"aioseo-schema\">\n\t\t\t{\"@context\":\"https:\\\/\\\/schema.org\",\"@graph\":[{\"@type\":\"BlogPosting\",\"@id\":\"https:\\\/\\\/www.eldigitaldeasturias.com\\\/noticias\\\/alicante-retira-la-basura-acumulada-en-la-huelga-por-problemas-de-salubridad\\\/#blogposting\",\"name\":\"Alicante retira la basura acumulada en la huelga por problemas de salubridad - El Digital de Asturias\",\"headline\":\"Alicante retira la basura acumulada en la huelga por problemas de salubridad\",\"author\":{\"@id\":\"https:\\\/\\\/www.eldigitaldeasturias.com\\\/noticias\\\/author\\\/admin\\\/#author\"},\"publisher\":{\"@id\":\"https:\\\/\\\/www.eldigitaldeasturias.com\\\/noticias\\\/#organization\"},\"image\":{\"@type\":\"ImageObject\",\"url\":\"https:\\\/\\\/www.eldigitaldeasturias.com\\\/noticias\\\/wp-content\\\/uploads\\\/2026\\\/06\\\/Contenidos.jpg\",\"width\":1265,\"height\":697,\"caption\":\"Contenidos\"},\"datePublished\":\"2014-01-25T20:23:54+01:00\",\"dateModified\":\"2014-01-25T20:23:54+01:00\",\"inLanguage\":\"es-ES\",\"mainEntityOfPage\":{\"@id\":\"https:\\\/\\\/www.eldigitaldeasturias.com\\\/noticias\\\/alicante-retira-la-basura-acumulada-en-la-huelga-por-problemas-de-salubridad\\\/#webpage\"},\"isPartOf\":{\"@id\":\"https:\\\/\\\/www.eldigitaldeasturias.com\\\/noticias\\\/alicante-retira-la-basura-acumulada-en-la-huelga-por-problemas-de-salubridad\\\/#webpage\"},\"articleSection\":\"Actualidad\"},{\"@type\":\"BreadcrumbList\",\"@id\":\"https:\\\/\\\/www.eldigitaldeasturias.com\\\/noticias\\\/alicante-retira-la-basura-acumulada-en-la-huelga-por-problemas-de-salubridad\\\/#breadcrumblist\",\"itemListElement\":[{\"@type\":\"ListItem\",\"@id\":\"https:\\\/\\\/www.eldigitaldeasturias.com\\\/noticias#listItem\",\"position\":1,\"name\":\"Home\",\"item\":\"https:\\\/\\\/www.eldigitaldeasturias.com\\\/noticias\",\"nextItem\":{\"@type\":\"ListItem\",\"@id\":\"https:\\\/\\\/www.eldigitaldeasturias.com\\\/noticias\\\/category\\\/actualidad\\\/#listItem\",\"name\":\"Actualidad\"}},{\"@type\":\"ListItem\",\"@id\":\"https:\\\/\\\/www.eldigitaldeasturias.com\\\/noticias\\\/category\\\/actualidad\\\/#listItem\",\"position\":2,\"name\":\"Actualidad\",\"item\":\"https:\\\/\\\/www.eldigitaldeasturias.com\\\/noticias\\\/category\\\/actualidad\\\/\",\"nextItem\":{\"@type\":\"ListItem\",\"@id\":\"https:\\\/\\\/www.eldigitaldeasturias.com\\\/noticias\\\/alicante-retira-la-basura-acumulada-en-la-huelga-por-problemas-de-salubridad\\\/#listItem\",\"name\":\"Alicante retira la basura acumulada en la huelga por problemas de salubridad\"},\"previousItem\":{\"@type\":\"ListItem\",\"@id\":\"https:\\\/\\\/www.eldigitaldeasturias.com\\\/noticias#listItem\",\"name\":\"Home\"}},{\"@type\":\"ListItem\",\"@id\":\"https:\\\/\\\/www.eldigitaldeasturias.com\\\/noticias\\\/alicante-retira-la-basura-acumulada-en-la-huelga-por-problemas-de-salubridad\\\/#listItem\",\"position\":3,\"name\":\"Alicante retira la basura acumulada en la huelga por problemas de salubridad\",\"previousItem\":{\"@type\":\"ListItem\",\"@id\":\"https:\\\/\\\/www.eldigitaldeasturias.com\\\/noticias\\\/category\\\/actualidad\\\/#listItem\",\"name\":\"Actualidad\"}}]},{\"@type\":\"Organization\",\"@id\":\"https:\\\/\\\/www.eldigitaldeasturias.com\\\/noticias\\\/#organization\",\"name\":\"El Digital de Asturias\",\"description\":\"Hemeroteca\",\"url\":\"https:\\\/\\\/www.eldigitaldeasturias.com\\\/noticias\\\/\",\"email\":\"info@eldigitaldeasturias.com\",\"telephone\":\"+34652131393\",\"logo\":{\"@type\":\"ImageObject\",\"url\":\"https:\\\/\\\/www.eldigitaldeasturias.com\\\/noticias\\\/wp-content\\\/uploads\\\/2020\\\/12\\\/EDA.jpg\",\"@id\":\"https:\\\/\\\/www.eldigitaldeasturias.com\\\/noticias\\\/alicante-retira-la-basura-acumulada-en-la-huelga-por-problemas-de-salubridad\\\/#organizationLogo\"},\"image\":{\"@id\":\"https:\\\/\\\/www.eldigitaldeasturias.com\\\/noticias\\\/alicante-retira-la-basura-acumulada-en-la-huelga-por-problemas-de-salubridad\\\/#organizationLogo\"},\"sameAs\":[\"https:\\\/\\\/facebook.com\\\/eldigitaldeasturias\",\"https:\\\/\\\/www.youtube.com\\\/channel\\\/UCZP-2wLEB9Rv6erhFmqVnvg\"],\"address\":{\"@id\":\"https:\\\/\\\/www.eldigitaldeasturias.com\\\/noticias\\\/#postaladdress\",\"@type\":\"PostalAddress\",\"streetAddress\":\"san antonio 4\",\"postalCode\":\"33430\",\"addressLocality\":\"Cand\\u00e1s\",\"addressRegion\":\"Asturias\",\"addressCountry\":\"ES\"}},{\"@type\":\"Person\",\"@id\":\"https:\\\/\\\/www.eldigitaldeasturias.com\\\/noticias\\\/author\\\/admin\\\/#author\",\"url\":\"https:\\\/\\\/www.eldigitaldeasturias.com\\\/noticias\\\/author\\\/admin\\\/\",\"name\":\"El Digital de Asturias\",\"image\":{\"@type\":\"ImageObject\",\"@id\":\"https:\\\/\\\/www.eldigitaldeasturias.com\\\/noticias\\\/alicante-retira-la-basura-acumulada-en-la-huelga-por-problemas-de-salubridad\\\/#authorImage\",\"url\":\"https:\\\/\\\/secure.gravatar.com\\\/avatar\\\/df2aeffc32bcd13f8d26072ef8a91b623d677766deac7f97ca815868cd41bf5e?s=96&d=mm&r=g\",\"width\":96,\"height\":96,\"caption\":\"El Digital de Asturias\"}},{\"@type\":\"WebPage\",\"@id\":\"https:\\\/\\\/www.eldigitaldeasturias.com\\\/noticias\\\/alicante-retira-la-basura-acumulada-en-la-huelga-por-problemas-de-salubridad\\\/#webpage\",\"url\":\"https:\\\/\\\/www.eldigitaldeasturias.com\\\/noticias\\\/alicante-retira-la-basura-acumulada-en-la-huelga-por-problemas-de-salubridad\\\/\",\"name\":\"Alicante retira la basura acumulada en la huelga por problemas de salubridad - El Digital de Asturias\",\"description\":\"Alicante, 25 ene (EFE).- Trabajadores de una empresa ajena a la concesionaria de la recogida de basuras de Alicante han retirado hoy residuos acumulados en varios puntos de la ciudad y que, a juicio del consistorio, generaban \\\"problemas de seguridad, salubridad y movilidad\\\" como consecuencia de la huelga de limpieza. Esta medida extraordinaria ha sido\",\"inLanguage\":\"es-ES\",\"isPartOf\":{\"@id\":\"https:\\\/\\\/www.eldigitaldeasturias.com\\\/noticias\\\/#website\"},\"breadcrumb\":{\"@id\":\"https:\\\/\\\/www.eldigitaldeasturias.com\\\/noticias\\\/alicante-retira-la-basura-acumulada-en-la-huelga-por-problemas-de-salubridad\\\/#breadcrumblist\"},\"author\":{\"@id\":\"https:\\\/\\\/www.eldigitaldeasturias.com\\\/noticias\\\/author\\\/admin\\\/#author\"},\"creator\":{\"@id\":\"https:\\\/\\\/www.eldigitaldeasturias.com\\\/noticias\\\/author\\\/admin\\\/#author\"},\"image\":{\"@type\":\"ImageObject\",\"url\":\"https:\\\/\\\/www.eldigitaldeasturias.com\\\/noticias\\\/wp-content\\\/uploads\\\/2026\\\/06\\\/Contenidos.jpg\",\"@id\":\"https:\\\/\\\/www.eldigitaldeasturias.com\\\/noticias\\\/alicante-retira-la-basura-acumulada-en-la-huelga-por-problemas-de-salubridad\\\/#mainImage\",\"width\":1265,\"height\":697,\"caption\":\"Contenidos\"},\"primaryImageOfPage\":{\"@id\":\"https:\\\/\\\/www.eldigitaldeasturias.com\\\/noticias\\\/alicante-retira-la-basura-acumulada-en-la-huelga-por-problemas-de-salubridad\\\/#mainImage\"},\"datePublished\":\"2014-01-25T20:23:54+01:00\",\"dateModified\":\"2014-01-25T20:23:54+01:00\"},{\"@type\":\"WebSite\",\"@id\":\"https:\\\/\\\/www.eldigitaldeasturias.com\\\/noticias\\\/#website\",\"url\":\"https:\\\/\\\/www.eldigitaldeasturias.com\\\/noticias\\\/\",\"name\":\"El Digital de Asturias - Diario de actualidad y noticias\",\"alternateName\":\"El Digital de Asturias - Diario de actualidad y noticias\",\"description\":\"Hemeroteca\",\"inLanguage\":\"es-ES\",\"publisher\":{\"@id\":\"https:\\\/\\\/www.eldigitaldeasturias.com\\\/noticias\\\/#organization\"}}]}\n\t\t<\/script>\n\t\t<!-- All in One SEO Pro -->\r\n\t\t<title>Alicante retira la basura acumulada en la huelga por problemas de salubridad - El Digital de Asturias<\/title>\n\n","aioseo_head_json":{"title":"Alicante retira la basura acumulada en la huelga por problemas de salubridad - El Digital de Asturias","description":"Alicante, 25 ene (EFE).- Trabajadores de una empresa ajena a la concesionaria de la recogida de basuras de Alicante han retirado hoy residuos acumulados en varios puntos de la ciudad y que, a juicio del consistorio, generaban \"problemas de seguridad, salubridad y movilidad\" como consecuencia de la huelga de limpieza. Esta medida extraordinaria ha sido","canonical_url":"https:\/\/www.eldigitaldeasturias.com\/noticias\/alicante-retira-la-basura-acumulada-en-la-huelga-por-problemas-de-salubridad\/","robots":"max-image-preview:large","keywords":"actualidad","webmasterTools":{"google-site-verification":"UA-38556648-1","msvalidate.01":"7dfe9f3f1b24437ab69f4f2559babe99","miscellaneous":""},"schema":{"@context":"https:\/\/schema.org","@graph":[{"@type":"BlogPosting","@id":"https:\/\/www.eldigitaldeasturias.com\/noticias\/alicante-retira-la-basura-acumulada-en-la-huelga-por-problemas-de-salubridad\/#blogposting","name":"Alicante retira la basura acumulada en la huelga por problemas de salubridad - El Digital de Asturias","headline":"Alicante retira la basura acumulada en la huelga por problemas de salubridad","author":{"@id":"https:\/\/www.eldigitaldeasturias.com\/noticias\/author\/admin\/#author"},"publisher":{"@id":"https:\/\/www.eldigitaldeasturias.com\/noticias\/#organization"},"image":{"@type":"ImageObject","url":"https:\/\/www.eldigitaldeasturias.com\/noticias\/wp-content\/uploads\/2026\/06\/Contenidos.jpg","width":1265,"height":697,"caption":"Contenidos"},"datePublished":"2014-01-25T20:23:54+01:00","dateModified":"2014-01-25T20:23:54+01:00","inLanguage":"es-ES","mainEntityOfPage":{"@id":"https:\/\/www.eldigitaldeasturias.com\/noticias\/alicante-retira-la-basura-acumulada-en-la-huelga-por-problemas-de-salubridad\/#webpage"},"isPartOf":{"@id":"https:\/\/www.eldigitaldeasturias.com\/noticias\/alicante-retira-la-basura-acumulada-en-la-huelga-por-problemas-de-salubridad\/#webpage"},"articleSection":"Actualidad"},{"@type":"BreadcrumbList","@id":"https:\/\/www.eldigitaldeasturias.com\/noticias\/alicante-retira-la-basura-acumulada-en-la-huelga-por-problemas-de-salubridad\/#breadcrumblist","itemListElement":[{"@type":"ListItem","@id":"https:\/\/www.eldigitaldeasturias.com\/noticias#listItem","position":1,"name":"Home","item":"https:\/\/www.eldigitaldeasturias.com\/noticias","nextItem":{"@type":"ListItem","@id":"https:\/\/www.eldigitaldeasturias.com\/noticias\/category\/actualidad\/#listItem","name":"Actualidad"}},{"@type":"ListItem","@id":"https:\/\/www.eldigitaldeasturias.com\/noticias\/category\/actualidad\/#listItem","position":2,"name":"Actualidad","item":"https:\/\/www.eldigitaldeasturias.com\/noticias\/category\/actualidad\/","nextItem":{"@type":"ListItem","@id":"https:\/\/www.eldigitaldeasturias.com\/noticias\/alicante-retira-la-basura-acumulada-en-la-huelga-por-problemas-de-salubridad\/#listItem","name":"Alicante retira la basura acumulada en la huelga por problemas de salubridad"},"previousItem":{"@type":"ListItem","@id":"https:\/\/www.eldigitaldeasturias.com\/noticias#listItem","name":"Home"}},{"@type":"ListItem","@id":"https:\/\/www.eldigitaldeasturias.com\/noticias\/alicante-retira-la-basura-acumulada-en-la-huelga-por-problemas-de-salubridad\/#listItem","position":3,"name":"Alicante retira la basura acumulada en la huelga por problemas de salubridad","previousItem":{"@type":"ListItem","@id":"https:\/\/www.eldigitaldeasturias.com\/noticias\/category\/actualidad\/#listItem","name":"Actualidad"}}]},{"@type":"Organization","@id":"https:\/\/www.eldigitaldeasturias.com\/noticias\/#organization","name":"El Digital de Asturias","description":"Hemeroteca","url":"https:\/\/www.eldigitaldeasturias.com\/noticias\/","email":"info@eldigitaldeasturias.com","telephone":"+34652131393","logo":{"@type":"ImageObject","url":"https:\/\/www.eldigitaldeasturias.com\/noticias\/wp-content\/uploads\/2020\/12\/EDA.jpg","@id":"https:\/\/www.eldigitaldeasturias.com\/noticias\/alicante-retira-la-basura-acumulada-en-la-huelga-por-problemas-de-salubridad\/#organizationLogo"},"image":{"@id":"https:\/\/www.eldigitaldeasturias.com\/noticias\/alicante-retira-la-basura-acumulada-en-la-huelga-por-problemas-de-salubridad\/#organizationLogo"},"sameAs":["https:\/\/facebook.com\/eldigitaldeasturias","https:\/\/www.youtube.com\/channel\/UCZP-2wLEB9Rv6erhFmqVnvg"],"address":{"@id":"https:\/\/www.eldigitaldeasturias.com\/noticias\/#postaladdress","@type":"PostalAddress","streetAddress":"san antonio 4","postalCode":"33430","addressLocality":"Cand\u00e1s","addressRegion":"Asturias","addressCountry":"ES"}},{"@type":"Person","@id":"https:\/\/www.eldigitaldeasturias.com\/noticias\/author\/admin\/#author","url":"https:\/\/www.eldigitaldeasturias.com\/noticias\/author\/admin\/","name":"El Digital de Asturias","image":{"@type":"ImageObject","@id":"https:\/\/www.eldigitaldeasturias.com\/noticias\/alicante-retira-la-basura-acumulada-en-la-huelga-por-problemas-de-salubridad\/#authorImage","url":"https:\/\/secure.gravatar.com\/avatar\/df2aeffc32bcd13f8d26072ef8a91b623d677766deac7f97ca815868cd41bf5e?s=96&d=mm&r=g","width":96,"height":96,"caption":"El Digital de Asturias"}},{"@type":"WebPage","@id":"https:\/\/www.eldigitaldeasturias.com\/noticias\/alicante-retira-la-basura-acumulada-en-la-huelga-por-problemas-de-salubridad\/#webpage","url":"https:\/\/www.eldigitaldeasturias.com\/noticias\/alicante-retira-la-basura-acumulada-en-la-huelga-por-problemas-de-salubridad\/","name":"Alicante retira la basura acumulada en la huelga por problemas de salubridad - El Digital de Asturias","description":"Alicante, 25 ene (EFE).- Trabajadores de una empresa ajena a la concesionaria de la recogida de basuras de Alicante han retirado hoy residuos acumulados en varios puntos de la ciudad y que, a juicio del consistorio, generaban \"problemas de seguridad, salubridad y movilidad\" como consecuencia de la huelga de limpieza. Esta medida extraordinaria ha sido","inLanguage":"es-ES","isPartOf":{"@id":"https:\/\/www.eldigitaldeasturias.com\/noticias\/#website"},"breadcrumb":{"@id":"https:\/\/www.eldigitaldeasturias.com\/noticias\/alicante-retira-la-basura-acumulada-en-la-huelga-por-problemas-de-salubridad\/#breadcrumblist"},"author":{"@id":"https:\/\/www.eldigitaldeasturias.com\/noticias\/author\/admin\/#author"},"creator":{"@id":"https:\/\/www.eldigitaldeasturias.com\/noticias\/author\/admin\/#author"},"image":{"@type":"ImageObject","url":"https:\/\/www.eldigitaldeasturias.com\/noticias\/wp-content\/uploads\/2026\/06\/Contenidos.jpg","@id":"https:\/\/www.eldigitaldeasturias.com\/noticias\/alicante-retira-la-basura-acumulada-en-la-huelga-por-problemas-de-salubridad\/#mainImage","width":1265,"height":697,"caption":"Contenidos"},"primaryImageOfPage":{"@id":"https:\/\/www.eldigitaldeasturias.com\/noticias\/alicante-retira-la-basura-acumulada-en-la-huelga-por-problemas-de-salubridad\/#mainImage"},"datePublished":"2014-01-25T20:23:54+01:00","dateModified":"2014-01-25T20:23:54+01:00"},{"@type":"WebSite","@id":"https:\/\/www.eldigitaldeasturias.com\/noticias\/#website","url":"https:\/\/www.eldigitaldeasturias.com\/noticias\/","name":"El Digital de Asturias - Diario de actualidad y noticias","alternateName":"El Digital de Asturias - Diario de actualidad y noticias","description":"Hemeroteca","inLanguage":"es-ES","publisher":{"@id":"https:\/\/www.eldigitaldeasturias.com\/noticias\/#organization"}}]},"og:locale":"es_ES","og:site_name":"El Digital de Asturias","og:type":"article","og:title":"Alicante retira la basura acumulada en la huelga por problemas de salubridad - El Digital de Asturias","og:description":"Alicante, 25 ene (EFE).- Trabajadores de una empresa ajena a la concesionaria de la recogida de basuras de Alicante han retirado hoy residuos acumulados en varios puntos de la ciudad y que, a juicio del consistorio, generaban &quot;problemas de seguridad, salubridad y movilidad&quot; como consecuencia de la huelga de limpieza. Esta medida extraordinaria ha sido","og:url":"https:\/\/www.eldigitaldeasturias.com\/noticias\/alicante-retira-la-basura-acumulada-en-la-huelga-por-problemas-de-salubridad\/","og:image":"https:\/\/www.eldigitaldeasturias.com\/noticias\/wp-content\/uploads\/2026\/06\/Contenidos.jpg","og:image:secure_url":"https:\/\/www.eldigitaldeasturias.com\/noticias\/wp-content\/uploads\/2026\/06\/Contenidos.jpg","og:image:width":1265,"og:image:height":697,"article:tag":["actualidad"],"article:published_time":"2014-01-25T21:23:54+00:00","article:modified_time":"2014-01-25T21:23:54+00:00","article:publisher":"https:\/\/facebook.com\/eldigitaldeasturias","twitter:card":"summary_large_image","twitter:title":"Alicante retira la basura acumulada en la huelga por problemas de salubridad - El Digital de Asturias","twitter:description":"Alicante, 25 ene (EFE).- Trabajadores de una empresa ajena a la concesionaria de la recogida de basuras de Alicante han retirado hoy residuos acumulados en varios puntos de la ciudad y que, a juicio del consistorio, generaban &quot;problemas de seguridad, salubridad y movilidad&quot; como consecuencia de la huelga de limpieza. Esta medida extraordinaria ha sido","twitter:image":"https:\/\/www.eldigitaldeasturias.com\/noticias\/wp-content\/uploads\/2026\/06\/Contenidos.jpg","twitter:label1":"Escrito por","twitter:data1":"El Digital de Asturias","twitter:label2":"Tiempo de lectura estimado","twitter:data2":"2 minutos"},"aioseo_meta_data":{"post_id":"478872","title":null,"description":null,"keywords":null,"keyphrases":null,"primary_term":null,"canonical_url":null,"og_title":null,"og_description":null,"og_object_type":"default","og_image_type":"default","og_image_url":null,"og_image_width":null,"og_image_height":null,"og_image_custom_url":null,"og_image_custom_fields":null,"og_video":null,"og_custom_url":null,"og_article_section":null,"og_article_tags":null,"twitter_use_og":true,"twitter_card":"default","twitter_image_type":"default","twitter_image_url":null,"twitter_image_custom_url":null,"twitter_image_custom_fields":null,"twitter_title":null,"twitter_description":null,"schema":{"blockGraphs":[],"customGraphs":[],"default":{"data":{"Article":[],"Course":[],"Dataset":[],"FAQPage":[],"Movie":[],"Person":[],"Product":[],"ProductReview":[],"Car":[],"Recipe":[],"Service":[],"SoftwareApplication":[],"WebPage":[]},"graphName":"","isEnabled":true},"graphs":[],"defaultGraph":"","defaultPostTypeGraph":""},"schema_type":null,"schema_type_options":null,"pillar_content":false,"robots_default":true,"robots_noindex":false,"robots_noarchive":false,"robots_nosnippet":false,"robots_nofollow":false,"robots_noimageindex":false,"robots_noodp":false,"robots_notranslate":false,"robots_max_snippet":null,"robots_max_videopreview":null,"robots_max_imagepreview":"none","priority":null,"frequency":null,"local_seo":null,"seo_analyzer_scan_date":"2026-06-01 22:49:00","breadcrumb_settings":null,"limit_modified_date":false,"open_ai":null,"ai":null,"created":"2020-11-14 22:53:58","updated":"2026-06-01 22:49:00","focus_keyword":null,"additional_keywords":null,"truseo_locale":null},"aioseo_breadcrumb":"<div class=\"aioseo-breadcrumbs\"><span class=\"aioseo-breadcrumb\">\n\t<a href=\"https:\/\/www.eldigitaldeasturias.com\/noticias\" title=\"Home\">Home<\/a>\n<\/span><span class=\"aioseo-breadcrumb-separator\">\u2013<\/span><span class=\"aioseo-breadcrumb\">\n\t<a href=\"https:\/\/www.eldigitaldeasturias.com\/noticias\/category\/actualidad\/\" title=\"Actualidad\">Actualidad<\/a>\n<\/span><span class=\"aioseo-breadcrumb-separator\">\u2013<\/span><span class=\"aioseo-breadcrumb\">\n\t<a href=\"https:\/\/www.eldigitaldeasturias.com\/noticias\/alicante-retira-la-basura-acumulada-en-la-huelga-por-problemas-de-salubridad\/\" title=\"Alicante retira la basura acumulada en la huelga por problemas de salubridad\">Alicante retira la basura acumulada en la huelga por problemas de salubridad<\/a>\n<\/span><\/div>","aioseo_breadcrumb_json":[{"label":"Home","link":"https:\/\/www.eldigitaldeasturias.com\/noticias"},{"label":"Actualidad","link":"https:\/\/www.eldigitaldeasturias.com\/noticias\/category\/actualidad\/"},{"label":"Alicante retira la basura acumulada en la huelga por problemas de salubridad","link":"https:\/\/www.eldigitaldeasturias.com\/noticias\/alicante-retira-la-basura-acumulada-en-la-huelga-por-problemas-de-salubridad\/"}],"_links":{"self":[{"href":"https:\/\/www.eldigitaldeasturias.com\/noticias\/wp-json\/wp\/v2\/posts\/478872","targetHints":{"allow":["GET"]}}],"collection":[{"href":"https:\/\/www.eldigitaldeasturias.com\/noticias\/wp-json\/wp\/v2\/posts"}],"about":[{"href":"https:\/\/www.eldigitaldeasturias.com\/noticias\/wp-json\/wp\/v2\/types\/post"}],"author":[{"embeddable":true,"href":"https:\/\/www.eldigitaldeasturias.com\/noticias\/wp-json\/wp\/v2\/users\/1"}],"replies":[{"embeddable":true,"href":"https:\/\/www.eldigitaldeasturias.com\/noticias\/wp-json\/wp\/v2\/comments?post=478872"}],"version-history":[{"count":0,"href":"https:\/\/www.eldigitaldeasturias.com\/noticias\/wp-json\/wp\/v2\/posts\/478872\/revisions"}],"wp:featuredmedia":[{"embeddable":true,"href":"https:\/\/www.eldigitaldeasturias.com\/noticias\/wp-json\/wp\/v2\/media\/1132184"}],"wp:attachment":[{"href":"https:\/\/www.eldigitaldeasturias.com\/noticias\/wp-json\/wp\/v2\/media?parent=478872"}],"wp:term":[{"taxonomy":"category","embeddable":true,"href":"https:\/\/www.eldigitaldeasturias.com\/noticias\/wp-json\/wp\/v2\/categories?post=478872"},{"taxonomy":"post_tag","embeddable":true,"href":"https:\/\/www.eldigitaldeasturias.com\/noticias\/wp-json\/wp\/v2\/tags?post=478872"}],"curies":[{"name":"wp","href":"https:\/\/api.w.org\/{rel}","templated":true}]}}