{"id":478869,"date":"2014-01-25T20:22:17","date_gmt":"2014-01-25T21:22:17","guid":{"rendered":"http:\/\/www.eldigitaldeasturias.com\/noticias\/?p=478869"},"modified":"2014-01-25T20:22:17","modified_gmt":"2014-01-25T21:22:17","slug":"el-transporte-confia-en-el-viajero-internacional-para-crecer-este-ano","status":"publish","type":"post","link":"https:\/\/www.eldigitaldeasturias.com\/noticias\/el-transporte-confia-en-el-viajero-internacional-para-crecer-este-ano\/","title":{"rendered":"El transporte conf\u00eda en el viajero internacional para crecer este a\u00f1o"},"content":{"rendered":"<p><img loading=\"lazy\" decoding=\"async\" class=\"alignleft size-medium wp-image-478870\" alt=\"5876141w\" src=\"https:\/\/www.eldigitaldeasturias.com\/noticias\/wp-content\/uploads\/2014\/01\/5876141w-360x229.jpg\" width=\"360\" height=\"229\" \/>Madrid, 25 ene (EFE).- El sector del transporte seguir\u00e1 confiando en el viajero internacional para crecer este a\u00f1o, en el que espera que el Gobierno desarrolle las pol\u00edticas de est\u00edmulo en el \u00e1mbito fiscal y las inversiones necesarias para mantener el turismo.<\/p>\n<p>Este es el sentir general de empresarios del transporte a\u00e9reo despu\u00e9s de vivir un 2013 en un \u00abcontexto contra\u00eddo y de ligero estancamiento\u00bb, que los representantes del sector ferroviario han conseguido sortear al cerrar el a\u00f1o con incrementos.<\/p>\n<p>Seg\u00fan el director Comercial y de Marketing de Renfe, Francisco Ca\u00f1amero, la empresa ha evitado la crisis gracias al \u00abefecto llamada\u00bb de las rebaja de las tarifas, especialmente en el Ave, tanto en el mercado profesional, como en el de turismo y ocio.<\/p>\n<p>Aunque los datos de 2013 a\u00fan no son definitivos, muestran un crecimiento del tr\u00e1fico de larga distancia del 15%, unos 3,3 millones m\u00e1s de desplazamientos, que en el caso del Ave se eleva al 22%.<\/p>\n<p>Ca\u00f1amero asegura que, aunque Renfe no ha notado en 2013 el descenso de la movilidad por el turismo interior, espera que la interconexi\u00f3n de alta velocidad con Francia, inaugurada el diciembre pasado, abra nuevas posibilidades para la llegada de viajeros internacionales y permita al tren \u00abcoger protagonismo\u00bb y \u00abcanalizar turismo europeo\u00bb.<\/p>\n<p>Las buenas cifras de Renfe causan temor en la patronal de aerol\u00edneas Ala, que califica de \u00abcomplicada\u00bb la recuperaci\u00f3n de la actividad en el aeropuerto de Barajas en 2014.<\/p>\n<p>\u00abLa alta velocidad se lleva una parte importante de los pasajeros, lo que se une a la pobre demanda interna\u00bb, seg\u00fan el responsable de Ala Juan Luis Burgu\u00e9, quien asegura que \u00ablos n\u00fameros se van a sostener por el tr\u00e1fico a\u00e9reo internacional\u00bb.<\/p>\n<p>Por ello, pide a los gestores p\u00fablicos que \u00abhagan atractivos los destinos nacionales y que los vendan en el mundo exterior\u00bb, mientras Vueling y Air Nostrum piden una nueva rebaja de las tasas aeroportuarias, que, al menos durante 2014, no subir\u00e1n m\u00e1s de un 0,9% a partir de marzo.<\/p>\n<p>Esta subida se enmarca en un acuerdo alcanzado entre las aerol\u00edneas y Aena, que el Director General de la empresa p\u00fablica, Javier Mar\u00edn, califica de \u00abmuy favorable\u00bb para las aerol\u00edneas.<\/p>\n<p>\u00abAena entendi\u00f3 que en estos momentos no pod\u00eda subir las tarifas todo lo que la Ley permit\u00eda para recuperar los costes de la inversi\u00f3n realizada en los \u00faltimos a\u00f1os (m\u00e1s de 18.000 millones de euros)\u00bb, explic\u00f3 Mar\u00edn, por lo que se ha pactado un calendario de subidas m\u00e1ximas hasta 2018.<\/p>\n<p>Los aeropuertos espa\u00f1oles, especialmente los tur\u00edsticos, consiguieron \u00absalvar\u00bb el a\u00f1o con los pasajeros internacionales, que alcanzaron la cifra r\u00e9cord de m\u00e1s de 129 millones de viajeros y un incremento del 2,1%.<\/p>\n<p>Aena espera que esta tendencia se mantenga en 2014 y que crezcan \u00absensiblemente\u00bb las cifras generales de tr\u00e1fico\u00bb, as\u00ed como en que Barajas recupera su actividad con el nuevo hub de Air Europa y sus socios de Skyteam en las terminales 1, 2 y 3, y la nueva base que Norwegian abrir\u00e1 en la T4.<\/p>\n<p>Durante 2014, la empresa p\u00fablica, que est\u00e1 presente en 15 aeropuertos fuera de Espa\u00f1a, seguir\u00e1 estudiando oportunidades en el exterior, sin olvidar la actividad comercial, que report\u00f3 a Aena unos 695 millones de ingresos en 2013 y que se espera alcance 788 millones en 2014.<\/p>\n<p>Sin duda, la compa\u00f1\u00eda Emirates Airways ser\u00e1 un gran est\u00edmulo para los aeropuertos espa\u00f1oles, al habilitar el Airbus 380, \u00abel mayor avi\u00f3n y el m\u00e1s avanzado del sector, que aportar\u00e1 un 40% m\u00e1s de asientos diarios\u00bb para su ruta diaria Barcelona-Dub\u00e1i.<\/p>\n<p>En 2013, Emirates ha continuado con \u00absu trayectoria de expansi\u00f3n y con una muy buena ocupaci\u00f3n media del 80% por el buen comportamiento del mercado a Asia\u00bb.<\/p>\n<p>Seg\u00fan el representante de la compa\u00f1\u00eda, Fernando Su\u00e1rez de G\u00f3ngora, en el mercado espa\u00f1ol \u00abse han cumplido todas nuestras expectativas\u00bb, por lo que avanz\u00f3 que Madrid tendr\u00e1 \u00absu Airbus 380 en un plazo m\u00e1s medio que largo\u00bb para operar uno de los dos vuelos diarios programados con Dub\u00e1i en Barajas.<\/p>\n","protected":false},"excerpt":{"rendered":"<p>Madrid, 25 ene (EFE).- El sector del transporte seguir\u00e1 confiando en el viajero internacional para crecer este a\u00f1o, en el que espera que el Gobierno desarrolle las pol\u00edticas de est\u00edmulo en el \u00e1mbito fiscal y las inversiones necesarias para mantener el turismo. Este es el sentir general de empresarios del transporte a\u00e9reo despu\u00e9s de vivir [&hellip;]<\/p>\n","protected":false},"author":1,"featured_media":1132184,"comment_status":"closed","ping_status":"open","sticky":false,"template":"","format":"standard","meta":{"footnotes":""},"categories":[1],"tags":[],"class_list":["post-478869","post","type-post","status-publish","format-standard","has-post-thumbnail","hentry","category-actualidad"],"aioseo_notices":[],"aioseo_head":"\n\t\t<!-- All in One SEO Pro 5.0.1 - aioseo.com -->\n\t<meta name=\"description\" content=\"Madrid, 25 ene (EFE).- El sector del transporte seguir\u00e1 confiando en el viajero internacional para crecer este a\u00f1o, en el que espera que el Gobierno desarrolle las pol\u00edticas de est\u00edmulo en el \u00e1mbito fiscal y las inversiones necesarias para mantener el turismo. Este es el sentir general de empresarios del transporte a\u00e9reo despu\u00e9s de vivir\" \/>\n\t<meta name=\"robots\" content=\"max-image-preview:large\" \/>\n\t<meta name=\"author\" content=\"El Digital de Asturias\"\/>\n\t<meta name=\"google-site-verification\" content=\"UA-38556648-1\" \/>\n\t<meta name=\"msvalidate.01\" content=\"7dfe9f3f1b24437ab69f4f2559babe99\" \/>\n\t<meta name=\"keywords\" content=\"actualidad\" \/>\n\t<link rel=\"canonical\" href=\"https:\/\/www.eldigitaldeasturias.com\/noticias\/el-transporte-confia-en-el-viajero-internacional-para-crecer-este-ano\/\" \/>\n\t<meta name=\"generator\" content=\"All in One SEO Pro (AIOSEO) 5.0.1\" \/>\n\t\t<meta property=\"og:locale\" content=\"es_ES\" \/>\n\t\t<meta property=\"og:site_name\" content=\"El Digital de Asturias\" \/>\n\t\t<meta property=\"og:type\" content=\"article\" \/>\n\t\t<meta property=\"og:title\" content=\"El transporte conf\u00eda en el viajero internacional para crecer este a\u00f1o - El Digital de Asturias\" \/>\n\t\t<meta property=\"og:description\" content=\"Madrid, 25 ene (EFE).- El sector del transporte seguir\u00e1 confiando en el viajero internacional para crecer este a\u00f1o, en el que espera que el Gobierno desarrolle las pol\u00edticas de est\u00edmulo en el \u00e1mbito fiscal y las inversiones necesarias para mantener el turismo. Este es el sentir general de empresarios del transporte a\u00e9reo despu\u00e9s de vivir\" \/>\n\t\t<meta property=\"og:url\" content=\"https:\/\/www.eldigitaldeasturias.com\/noticias\/el-transporte-confia-en-el-viajero-internacional-para-crecer-este-ano\/\" \/>\n\t\t<meta property=\"og:image\" content=\"https:\/\/www.eldigitaldeasturias.com\/noticias\/wp-content\/uploads\/2026\/06\/Contenidos.jpg\" \/>\n\t\t<meta property=\"og:image:secure_url\" content=\"https:\/\/www.eldigitaldeasturias.com\/noticias\/wp-content\/uploads\/2026\/06\/Contenidos.jpg\" \/>\n\t\t<meta property=\"og:image:width\" content=\"1265\" \/>\n\t\t<meta property=\"og:image:height\" content=\"697\" \/>\n\t\t<meta property=\"article:tag\" content=\"actualidad\" \/>\n\t\t<meta property=\"article:published_time\" content=\"2014-01-25T21:22:17+00:00\" \/>\n\t\t<meta property=\"article:modified_time\" content=\"2014-01-25T21:22:17+00:00\" \/>\n\t\t<meta property=\"article:publisher\" content=\"https:\/\/facebook.com\/eldigitaldeasturias\" \/>\n\t\t<meta name=\"twitter:card\" content=\"summary_large_image\" \/>\n\t\t<meta name=\"twitter:title\" content=\"El transporte conf\u00eda en el viajero internacional para crecer este a\u00f1o - El Digital de Asturias\" \/>\n\t\t<meta name=\"twitter:description\" content=\"Madrid, 25 ene (EFE).- El sector del transporte seguir\u00e1 confiando en el viajero internacional para crecer este a\u00f1o, en el que espera que el Gobierno desarrolle las pol\u00edticas de est\u00edmulo en el \u00e1mbito fiscal y las inversiones necesarias para mantener el turismo. Este es el sentir general de empresarios del transporte a\u00e9reo despu\u00e9s de vivir\" \/>\n\t\t<meta name=\"twitter:image\" content=\"https:\/\/www.eldigitaldeasturias.com\/noticias\/wp-content\/uploads\/2026\/06\/Contenidos.jpg\" \/>\n\t\t<meta name=\"twitter:label1\" content=\"Escrito por\" \/>\n\t\t<meta name=\"twitter:data1\" content=\"El Digital de Asturias\" \/>\n\t\t<meta name=\"twitter:label2\" content=\"Tiempo de lectura estimado\" \/>\n\t\t<meta name=\"twitter:data2\" content=\"3 minutos\" \/>\n\t\t<script type=\"application\/ld+json\" class=\"aioseo-schema\">\n\t\t\t{\"@context\":\"https:\\\/\\\/schema.org\",\"@graph\":[{\"@type\":\"BlogPosting\",\"@id\":\"https:\\\/\\\/www.eldigitaldeasturias.com\\\/noticias\\\/el-transporte-confia-en-el-viajero-internacional-para-crecer-este-ano\\\/#blogposting\",\"name\":\"El transporte conf\\u00eda en el viajero internacional para crecer este a\\u00f1o - El Digital de Asturias\",\"headline\":\"El transporte conf\\u00eda en el viajero internacional para crecer este a\\u00f1o\",\"author\":{\"@id\":\"https:\\\/\\\/www.eldigitaldeasturias.com\\\/noticias\\\/author\\\/admin\\\/#author\"},\"publisher\":{\"@id\":\"https:\\\/\\\/www.eldigitaldeasturias.com\\\/noticias\\\/#organization\"},\"image\":{\"@type\":\"ImageObject\",\"url\":\"https:\\\/\\\/www.eldigitaldeasturias.com\\\/noticias\\\/wp-content\\\/uploads\\\/2026\\\/06\\\/Contenidos.jpg\",\"width\":1265,\"height\":697,\"caption\":\"Contenidos\"},\"datePublished\":\"2014-01-25T20:22:17+01:00\",\"dateModified\":\"2014-01-25T20:22:17+01:00\",\"inLanguage\":\"es-ES\",\"mainEntityOfPage\":{\"@id\":\"https:\\\/\\\/www.eldigitaldeasturias.com\\\/noticias\\\/el-transporte-confia-en-el-viajero-internacional-para-crecer-este-ano\\\/#webpage\"},\"isPartOf\":{\"@id\":\"https:\\\/\\\/www.eldigitaldeasturias.com\\\/noticias\\\/el-transporte-confia-en-el-viajero-internacional-para-crecer-este-ano\\\/#webpage\"},\"articleSection\":\"Actualidad\"},{\"@type\":\"BreadcrumbList\",\"@id\":\"https:\\\/\\\/www.eldigitaldeasturias.com\\\/noticias\\\/el-transporte-confia-en-el-viajero-internacional-para-crecer-este-ano\\\/#breadcrumblist\",\"itemListElement\":[{\"@type\":\"ListItem\",\"@id\":\"https:\\\/\\\/www.eldigitaldeasturias.com\\\/noticias#listItem\",\"position\":1,\"name\":\"Home\",\"item\":\"https:\\\/\\\/www.eldigitaldeasturias.com\\\/noticias\",\"nextItem\":{\"@type\":\"ListItem\",\"@id\":\"https:\\\/\\\/www.eldigitaldeasturias.com\\\/noticias\\\/category\\\/actualidad\\\/#listItem\",\"name\":\"Actualidad\"}},{\"@type\":\"ListItem\",\"@id\":\"https:\\\/\\\/www.eldigitaldeasturias.com\\\/noticias\\\/category\\\/actualidad\\\/#listItem\",\"position\":2,\"name\":\"Actualidad\",\"item\":\"https:\\\/\\\/www.eldigitaldeasturias.com\\\/noticias\\\/category\\\/actualidad\\\/\",\"nextItem\":{\"@type\":\"ListItem\",\"@id\":\"https:\\\/\\\/www.eldigitaldeasturias.com\\\/noticias\\\/el-transporte-confia-en-el-viajero-internacional-para-crecer-este-ano\\\/#listItem\",\"name\":\"El transporte conf\\u00eda en el viajero internacional para crecer este a\\u00f1o\"},\"previousItem\":{\"@type\":\"ListItem\",\"@id\":\"https:\\\/\\\/www.eldigitaldeasturias.com\\\/noticias#listItem\",\"name\":\"Home\"}},{\"@type\":\"ListItem\",\"@id\":\"https:\\\/\\\/www.eldigitaldeasturias.com\\\/noticias\\\/el-transporte-confia-en-el-viajero-internacional-para-crecer-este-ano\\\/#listItem\",\"position\":3,\"name\":\"El transporte conf\\u00eda en el viajero internacional para crecer este a\\u00f1o\",\"previousItem\":{\"@type\":\"ListItem\",\"@id\":\"https:\\\/\\\/www.eldigitaldeasturias.com\\\/noticias\\\/category\\\/actualidad\\\/#listItem\",\"name\":\"Actualidad\"}}]},{\"@type\":\"Organization\",\"@id\":\"https:\\\/\\\/www.eldigitaldeasturias.com\\\/noticias\\\/#organization\",\"name\":\"El Digital de Asturias\",\"description\":\"Hemeroteca\",\"url\":\"https:\\\/\\\/www.eldigitaldeasturias.com\\\/noticias\\\/\",\"email\":\"info@eldigitaldeasturias.com\",\"telephone\":\"+34652131393\",\"logo\":{\"@type\":\"ImageObject\",\"url\":\"https:\\\/\\\/www.eldigitaldeasturias.com\\\/noticias\\\/wp-content\\\/uploads\\\/2020\\\/12\\\/EDA.jpg\",\"@id\":\"https:\\\/\\\/www.eldigitaldeasturias.com\\\/noticias\\\/el-transporte-confia-en-el-viajero-internacional-para-crecer-este-ano\\\/#organizationLogo\"},\"image\":{\"@id\":\"https:\\\/\\\/www.eldigitaldeasturias.com\\\/noticias\\\/el-transporte-confia-en-el-viajero-internacional-para-crecer-este-ano\\\/#organizationLogo\"},\"sameAs\":[\"https:\\\/\\\/facebook.com\\\/eldigitaldeasturias\",\"https:\\\/\\\/www.youtube.com\\\/channel\\\/UCZP-2wLEB9Rv6erhFmqVnvg\"],\"address\":{\"@id\":\"https:\\\/\\\/www.eldigitaldeasturias.com\\\/noticias\\\/#postaladdress\",\"@type\":\"PostalAddress\",\"streetAddress\":\"san antonio 4\",\"postalCode\":\"33430\",\"addressLocality\":\"Cand\\u00e1s\",\"addressRegion\":\"Asturias\",\"addressCountry\":\"ES\"}},{\"@type\":\"Person\",\"@id\":\"https:\\\/\\\/www.eldigitaldeasturias.com\\\/noticias\\\/author\\\/admin\\\/#author\",\"url\":\"https:\\\/\\\/www.eldigitaldeasturias.com\\\/noticias\\\/author\\\/admin\\\/\",\"name\":\"El Digital de Asturias\",\"image\":{\"@type\":\"ImageObject\",\"@id\":\"https:\\\/\\\/www.eldigitaldeasturias.com\\\/noticias\\\/el-transporte-confia-en-el-viajero-internacional-para-crecer-este-ano\\\/#authorImage\",\"url\":\"https:\\\/\\\/secure.gravatar.com\\\/avatar\\\/df2aeffc32bcd13f8d26072ef8a91b623d677766deac7f97ca815868cd41bf5e?s=96&d=mm&r=g\",\"width\":96,\"height\":96,\"caption\":\"El Digital de Asturias\"}},{\"@type\":\"WebPage\",\"@id\":\"https:\\\/\\\/www.eldigitaldeasturias.com\\\/noticias\\\/el-transporte-confia-en-el-viajero-internacional-para-crecer-este-ano\\\/#webpage\",\"url\":\"https:\\\/\\\/www.eldigitaldeasturias.com\\\/noticias\\\/el-transporte-confia-en-el-viajero-internacional-para-crecer-este-ano\\\/\",\"name\":\"El transporte conf\\u00eda en el viajero internacional para crecer este a\\u00f1o - El Digital de Asturias\",\"description\":\"Madrid, 25 ene (EFE).- El sector del transporte seguir\\u00e1 confiando en el viajero internacional para crecer este a\\u00f1o, en el que espera que el Gobierno desarrolle las pol\\u00edticas de est\\u00edmulo en el \\u00e1mbito fiscal y las inversiones necesarias para mantener el turismo. Este es el sentir general de empresarios del transporte a\\u00e9reo despu\\u00e9s de vivir\",\"inLanguage\":\"es-ES\",\"isPartOf\":{\"@id\":\"https:\\\/\\\/www.eldigitaldeasturias.com\\\/noticias\\\/#website\"},\"breadcrumb\":{\"@id\":\"https:\\\/\\\/www.eldigitaldeasturias.com\\\/noticias\\\/el-transporte-confia-en-el-viajero-internacional-para-crecer-este-ano\\\/#breadcrumblist\"},\"author\":{\"@id\":\"https:\\\/\\\/www.eldigitaldeasturias.com\\\/noticias\\\/author\\\/admin\\\/#author\"},\"creator\":{\"@id\":\"https:\\\/\\\/www.eldigitaldeasturias.com\\\/noticias\\\/author\\\/admin\\\/#author\"},\"image\":{\"@type\":\"ImageObject\",\"url\":\"https:\\\/\\\/www.eldigitaldeasturias.com\\\/noticias\\\/wp-content\\\/uploads\\\/2026\\\/06\\\/Contenidos.jpg\",\"@id\":\"https:\\\/\\\/www.eldigitaldeasturias.com\\\/noticias\\\/el-transporte-confia-en-el-viajero-internacional-para-crecer-este-ano\\\/#mainImage\",\"width\":1265,\"height\":697,\"caption\":\"Contenidos\"},\"primaryImageOfPage\":{\"@id\":\"https:\\\/\\\/www.eldigitaldeasturias.com\\\/noticias\\\/el-transporte-confia-en-el-viajero-internacional-para-crecer-este-ano\\\/#mainImage\"},\"datePublished\":\"2014-01-25T20:22:17+01:00\",\"dateModified\":\"2014-01-25T20:22:17+01:00\"},{\"@type\":\"WebSite\",\"@id\":\"https:\\\/\\\/www.eldigitaldeasturias.com\\\/noticias\\\/#website\",\"url\":\"https:\\\/\\\/www.eldigitaldeasturias.com\\\/noticias\\\/\",\"name\":\"El Digital de Asturias - Diario de actualidad y noticias\",\"alternateName\":\"El Digital de Asturias - Diario de actualidad y noticias\",\"description\":\"Hemeroteca\",\"inLanguage\":\"es-ES\",\"publisher\":{\"@id\":\"https:\\\/\\\/www.eldigitaldeasturias.com\\\/noticias\\\/#organization\"}}]}\n\t\t<\/script>\n\t\t<!-- All in One SEO Pro -->\r\n\t\t<title>El transporte conf\u00eda en el viajero internacional para crecer este a\u00f1o - El Digital de Asturias<\/title>\n\n","aioseo_head_json":{"title":"El transporte conf\u00eda en el viajero internacional para crecer este a\u00f1o - El Digital de Asturias","description":"Madrid, 25 ene (EFE).- El sector del transporte seguir\u00e1 confiando en el viajero internacional para crecer este a\u00f1o, en el que espera que el Gobierno desarrolle las pol\u00edticas de est\u00edmulo en el \u00e1mbito fiscal y las inversiones necesarias para mantener el turismo. Este es el sentir general de empresarios del transporte a\u00e9reo despu\u00e9s de vivir","canonical_url":"https:\/\/www.eldigitaldeasturias.com\/noticias\/el-transporte-confia-en-el-viajero-internacional-para-crecer-este-ano\/","robots":"max-image-preview:large","keywords":"actualidad","webmasterTools":{"google-site-verification":"UA-38556648-1","msvalidate.01":"7dfe9f3f1b24437ab69f4f2559babe99","miscellaneous":""},"schema":{"@context":"https:\/\/schema.org","@graph":[{"@type":"BlogPosting","@id":"https:\/\/www.eldigitaldeasturias.com\/noticias\/el-transporte-confia-en-el-viajero-internacional-para-crecer-este-ano\/#blogposting","name":"El transporte conf\u00eda en el viajero internacional para crecer este a\u00f1o - El Digital de Asturias","headline":"El transporte conf\u00eda en el viajero internacional para crecer este a\u00f1o","author":{"@id":"https:\/\/www.eldigitaldeasturias.com\/noticias\/author\/admin\/#author"},"publisher":{"@id":"https:\/\/www.eldigitaldeasturias.com\/noticias\/#organization"},"image":{"@type":"ImageObject","url":"https:\/\/www.eldigitaldeasturias.com\/noticias\/wp-content\/uploads\/2026\/06\/Contenidos.jpg","width":1265,"height":697,"caption":"Contenidos"},"datePublished":"2014-01-25T20:22:17+01:00","dateModified":"2014-01-25T20:22:17+01:00","inLanguage":"es-ES","mainEntityOfPage":{"@id":"https:\/\/www.eldigitaldeasturias.com\/noticias\/el-transporte-confia-en-el-viajero-internacional-para-crecer-este-ano\/#webpage"},"isPartOf":{"@id":"https:\/\/www.eldigitaldeasturias.com\/noticias\/el-transporte-confia-en-el-viajero-internacional-para-crecer-este-ano\/#webpage"},"articleSection":"Actualidad"},{"@type":"BreadcrumbList","@id":"https:\/\/www.eldigitaldeasturias.com\/noticias\/el-transporte-confia-en-el-viajero-internacional-para-crecer-este-ano\/#breadcrumblist","itemListElement":[{"@type":"ListItem","@id":"https:\/\/www.eldigitaldeasturias.com\/noticias#listItem","position":1,"name":"Home","item":"https:\/\/www.eldigitaldeasturias.com\/noticias","nextItem":{"@type":"ListItem","@id":"https:\/\/www.eldigitaldeasturias.com\/noticias\/category\/actualidad\/#listItem","name":"Actualidad"}},{"@type":"ListItem","@id":"https:\/\/www.eldigitaldeasturias.com\/noticias\/category\/actualidad\/#listItem","position":2,"name":"Actualidad","item":"https:\/\/www.eldigitaldeasturias.com\/noticias\/category\/actualidad\/","nextItem":{"@type":"ListItem","@id":"https:\/\/www.eldigitaldeasturias.com\/noticias\/el-transporte-confia-en-el-viajero-internacional-para-crecer-este-ano\/#listItem","name":"El transporte conf\u00eda en el viajero internacional para crecer este a\u00f1o"},"previousItem":{"@type":"ListItem","@id":"https:\/\/www.eldigitaldeasturias.com\/noticias#listItem","name":"Home"}},{"@type":"ListItem","@id":"https:\/\/www.eldigitaldeasturias.com\/noticias\/el-transporte-confia-en-el-viajero-internacional-para-crecer-este-ano\/#listItem","position":3,"name":"El transporte conf\u00eda en el viajero internacional para crecer este a\u00f1o","previousItem":{"@type":"ListItem","@id":"https:\/\/www.eldigitaldeasturias.com\/noticias\/category\/actualidad\/#listItem","name":"Actualidad"}}]},{"@type":"Organization","@id":"https:\/\/www.eldigitaldeasturias.com\/noticias\/#organization","name":"El Digital de Asturias","description":"Hemeroteca","url":"https:\/\/www.eldigitaldeasturias.com\/noticias\/","email":"info@eldigitaldeasturias.com","telephone":"+34652131393","logo":{"@type":"ImageObject","url":"https:\/\/www.eldigitaldeasturias.com\/noticias\/wp-content\/uploads\/2020\/12\/EDA.jpg","@id":"https:\/\/www.eldigitaldeasturias.com\/noticias\/el-transporte-confia-en-el-viajero-internacional-para-crecer-este-ano\/#organizationLogo"},"image":{"@id":"https:\/\/www.eldigitaldeasturias.com\/noticias\/el-transporte-confia-en-el-viajero-internacional-para-crecer-este-ano\/#organizationLogo"},"sameAs":["https:\/\/facebook.com\/eldigitaldeasturias","https:\/\/www.youtube.com\/channel\/UCZP-2wLEB9Rv6erhFmqVnvg"],"address":{"@id":"https:\/\/www.eldigitaldeasturias.com\/noticias\/#postaladdress","@type":"PostalAddress","streetAddress":"san antonio 4","postalCode":"33430","addressLocality":"Cand\u00e1s","addressRegion":"Asturias","addressCountry":"ES"}},{"@type":"Person","@id":"https:\/\/www.eldigitaldeasturias.com\/noticias\/author\/admin\/#author","url":"https:\/\/www.eldigitaldeasturias.com\/noticias\/author\/admin\/","name":"El Digital de Asturias","image":{"@type":"ImageObject","@id":"https:\/\/www.eldigitaldeasturias.com\/noticias\/el-transporte-confia-en-el-viajero-internacional-para-crecer-este-ano\/#authorImage","url":"https:\/\/secure.gravatar.com\/avatar\/df2aeffc32bcd13f8d26072ef8a91b623d677766deac7f97ca815868cd41bf5e?s=96&d=mm&r=g","width":96,"height":96,"caption":"El Digital de Asturias"}},{"@type":"WebPage","@id":"https:\/\/www.eldigitaldeasturias.com\/noticias\/el-transporte-confia-en-el-viajero-internacional-para-crecer-este-ano\/#webpage","url":"https:\/\/www.eldigitaldeasturias.com\/noticias\/el-transporte-confia-en-el-viajero-internacional-para-crecer-este-ano\/","name":"El transporte conf\u00eda en el viajero internacional para crecer este a\u00f1o - El Digital de Asturias","description":"Madrid, 25 ene (EFE).- El sector del transporte seguir\u00e1 confiando en el viajero internacional para crecer este a\u00f1o, en el que espera que el Gobierno desarrolle las pol\u00edticas de est\u00edmulo en el \u00e1mbito fiscal y las inversiones necesarias para mantener el turismo. Este es el sentir general de empresarios del transporte a\u00e9reo despu\u00e9s de vivir","inLanguage":"es-ES","isPartOf":{"@id":"https:\/\/www.eldigitaldeasturias.com\/noticias\/#website"},"breadcrumb":{"@id":"https:\/\/www.eldigitaldeasturias.com\/noticias\/el-transporte-confia-en-el-viajero-internacional-para-crecer-este-ano\/#breadcrumblist"},"author":{"@id":"https:\/\/www.eldigitaldeasturias.com\/noticias\/author\/admin\/#author"},"creator":{"@id":"https:\/\/www.eldigitaldeasturias.com\/noticias\/author\/admin\/#author"},"image":{"@type":"ImageObject","url":"https:\/\/www.eldigitaldeasturias.com\/noticias\/wp-content\/uploads\/2026\/06\/Contenidos.jpg","@id":"https:\/\/www.eldigitaldeasturias.com\/noticias\/el-transporte-confia-en-el-viajero-internacional-para-crecer-este-ano\/#mainImage","width":1265,"height":697,"caption":"Contenidos"},"primaryImageOfPage":{"@id":"https:\/\/www.eldigitaldeasturias.com\/noticias\/el-transporte-confia-en-el-viajero-internacional-para-crecer-este-ano\/#mainImage"},"datePublished":"2014-01-25T20:22:17+01:00","dateModified":"2014-01-25T20:22:17+01:00"},{"@type":"WebSite","@id":"https:\/\/www.eldigitaldeasturias.com\/noticias\/#website","url":"https:\/\/www.eldigitaldeasturias.com\/noticias\/","name":"El Digital de Asturias - Diario de actualidad y noticias","alternateName":"El Digital de Asturias - Diario de actualidad y noticias","description":"Hemeroteca","inLanguage":"es-ES","publisher":{"@id":"https:\/\/www.eldigitaldeasturias.com\/noticias\/#organization"}}]},"og:locale":"es_ES","og:site_name":"El Digital de Asturias","og:type":"article","og:title":"El transporte conf\u00eda en el viajero internacional para crecer este a\u00f1o - El Digital de Asturias","og:description":"Madrid, 25 ene (EFE).- El sector del transporte seguir\u00e1 confiando en el viajero internacional para crecer este a\u00f1o, en el que espera que el Gobierno desarrolle las pol\u00edticas de est\u00edmulo en el \u00e1mbito fiscal y las inversiones necesarias para mantener el turismo. Este es el sentir general de empresarios del transporte a\u00e9reo despu\u00e9s de vivir","og:url":"https:\/\/www.eldigitaldeasturias.com\/noticias\/el-transporte-confia-en-el-viajero-internacional-para-crecer-este-ano\/","og:image":"https:\/\/www.eldigitaldeasturias.com\/noticias\/wp-content\/uploads\/2026\/06\/Contenidos.jpg","og:image:secure_url":"https:\/\/www.eldigitaldeasturias.com\/noticias\/wp-content\/uploads\/2026\/06\/Contenidos.jpg","og:image:width":1265,"og:image:height":697,"article:tag":["actualidad"],"article:published_time":"2014-01-25T21:22:17+00:00","article:modified_time":"2014-01-25T21:22:17+00:00","article:publisher":"https:\/\/facebook.com\/eldigitaldeasturias","twitter:card":"summary_large_image","twitter:title":"El transporte conf\u00eda en el viajero internacional para crecer este a\u00f1o - El Digital de Asturias","twitter:description":"Madrid, 25 ene (EFE).- El sector del transporte seguir\u00e1 confiando en el viajero internacional para crecer este a\u00f1o, en el que espera que el Gobierno desarrolle las pol\u00edticas de est\u00edmulo en el \u00e1mbito fiscal y las inversiones necesarias para mantener el turismo. Este es el sentir general de empresarios del transporte a\u00e9reo despu\u00e9s de vivir","twitter:image":"https:\/\/www.eldigitaldeasturias.com\/noticias\/wp-content\/uploads\/2026\/06\/Contenidos.jpg","twitter:label1":"Escrito por","twitter:data1":"El Digital de Asturias","twitter:label2":"Tiempo de lectura estimado","twitter:data2":"3 minutos"},"aioseo_meta_data":{"post_id":"478869","title":null,"description":null,"keywords":null,"keyphrases":null,"primary_term":null,"canonical_url":null,"og_title":null,"og_description":null,"og_object_type":"default","og_image_type":"default","og_image_url":null,"og_image_width":null,"og_image_height":null,"og_image_custom_url":null,"og_image_custom_fields":null,"og_video":null,"og_custom_url":null,"og_article_section":null,"og_article_tags":null,"twitter_use_og":true,"twitter_card":"default","twitter_image_type":"default","twitter_image_url":null,"twitter_image_custom_url":null,"twitter_image_custom_fields":null,"twitter_title":null,"twitter_description":null,"schema":{"blockGraphs":[],"customGraphs":[],"default":{"data":{"Article":[],"Course":[],"Dataset":[],"FAQPage":[],"Movie":[],"Person":[],"Product":[],"ProductReview":[],"Car":[],"Recipe":[],"Service":[],"SoftwareApplication":[],"WebPage":[]},"graphName":"","isEnabled":true},"graphs":[]},"schema_type":null,"schema_type_options":null,"pillar_content":false,"robots_default":true,"robots_noindex":false,"robots_noarchive":false,"robots_nosnippet":false,"robots_nofollow":false,"robots_noimageindex":false,"robots_noodp":false,"robots_notranslate":false,"robots_max_snippet":null,"robots_max_videopreview":null,"robots_max_imagepreview":"none","priority":null,"frequency":null,"local_seo":null,"seo_analyzer_scan_date":"2026-06-01 22:48:57","breadcrumb_settings":null,"limit_modified_date":false,"open_ai":null,"ai":null,"created":"2020-11-14 22:53:58","updated":"2026-06-01 22:48:57","focus_keyword":null,"additional_keywords":null,"truseo_locale":null},"aioseo_breadcrumb":"<div class=\"aioseo-breadcrumbs\"><span class=\"aioseo-breadcrumb\">\n\t<a href=\"https:\/\/www.eldigitaldeasturias.com\/noticias\" title=\"Home\">Home<\/a>\n<\/span><span class=\"aioseo-breadcrumb-separator\">\u2013<\/span><span class=\"aioseo-breadcrumb\">\n\t<a href=\"https:\/\/www.eldigitaldeasturias.com\/noticias\/category\/actualidad\/\" title=\"Actualidad\">Actualidad<\/a>\n<\/span><span class=\"aioseo-breadcrumb-separator\">\u2013<\/span><span class=\"aioseo-breadcrumb\">\n\t<a href=\"https:\/\/www.eldigitaldeasturias.com\/noticias\/el-transporte-confia-en-el-viajero-internacional-para-crecer-este-ano\/\" title=\"El transporte conf\u00eda en el viajero internacional para crecer este a\u00f1o\">El transporte conf\u00eda en el viajero internacional para crecer este a\u00f1o<\/a>\n<\/span><\/div>","aioseo_breadcrumb_json":[{"label":"Home","link":"https:\/\/www.eldigitaldeasturias.com\/noticias"},{"label":"Actualidad","link":"https:\/\/www.eldigitaldeasturias.com\/noticias\/category\/actualidad\/"},{"label":"El transporte conf\u00eda en el viajero internacional para crecer este a\u00f1o","link":"https:\/\/www.eldigitaldeasturias.com\/noticias\/el-transporte-confia-en-el-viajero-internacional-para-crecer-este-ano\/"}],"_links":{"self":[{"href":"https:\/\/www.eldigitaldeasturias.com\/noticias\/wp-json\/wp\/v2\/posts\/478869","targetHints":{"allow":["GET"]}}],"collection":[{"href":"https:\/\/www.eldigitaldeasturias.com\/noticias\/wp-json\/wp\/v2\/posts"}],"about":[{"href":"https:\/\/www.eldigitaldeasturias.com\/noticias\/wp-json\/wp\/v2\/types\/post"}],"author":[{"embeddable":true,"href":"https:\/\/www.eldigitaldeasturias.com\/noticias\/wp-json\/wp\/v2\/users\/1"}],"replies":[{"embeddable":true,"href":"https:\/\/www.eldigitaldeasturias.com\/noticias\/wp-json\/wp\/v2\/comments?post=478869"}],"version-history":[{"count":0,"href":"https:\/\/www.eldigitaldeasturias.com\/noticias\/wp-json\/wp\/v2\/posts\/478869\/revisions"}],"wp:featuredmedia":[{"embeddable":true,"href":"https:\/\/www.eldigitaldeasturias.com\/noticias\/wp-json\/wp\/v2\/media\/1132184"}],"wp:attachment":[{"href":"https:\/\/www.eldigitaldeasturias.com\/noticias\/wp-json\/wp\/v2\/media?parent=478869"}],"wp:term":[{"taxonomy":"category","embeddable":true,"href":"https:\/\/www.eldigitaldeasturias.com\/noticias\/wp-json\/wp\/v2\/categories?post=478869"},{"taxonomy":"post_tag","embeddable":true,"href":"https:\/\/www.eldigitaldeasturias.com\/noticias\/wp-json\/wp\/v2\/tags?post=478869"}],"curies":[{"name":"wp","href":"https:\/\/api.w.org\/{rel}","templated":true}]}}