{"id":478847,"date":"2014-01-25T20:11:46","date_gmt":"2014-01-25T21:11:46","guid":{"rendered":"http:\/\/www.eldigitaldeasturias.com\/noticias\/?p=478847"},"modified":"2014-01-25T20:11:46","modified_gmt":"2014-01-25T21:11:46","slug":"sanchez-camacho-considera-que-a-mas-le-falta-el-espiritu-de-tarradellas","status":"publish","type":"post","link":"https:\/\/www.eldigitaldeasturias.com\/noticias\/sanchez-camacho-considera-que-a-mas-le-falta-el-espiritu-de-tarradellas\/","title":{"rendered":"S\u00e1nchez-Camacho considera que \u00aba Mas le falta el esp\u00edritu de Tarradellas\u00bb"},"content":{"rendered":"<p><img loading=\"lazy\" decoding=\"async\" class=\"alignleft size-medium wp-image-478848\" alt=\"5875923w\" src=\"https:\/\/www.eldigitaldeasturias.com\/noticias\/wp-content\/uploads\/2014\/01\/5875923w-360x194.jpg\" width=\"360\" height=\"194\" \/>Barcelona, 25 ene (EFE).- La presidenta del PPC, Alicia S\u00e1nchez-Camacho, ha lamentado hoy que al president Artur Mas le \u00abfalte el esp\u00edritu\u00bb de Josep Tarradellas, con el que, a su juicio, no se habr\u00eda producido el \u00abdisparate\u00bb del desaf\u00edo soberanista.<\/p>\n<p>En su intervenci\u00f3n en la clausura de la convenci\u00f3n del PPC, S\u00e1nchez-Camacho cargado contra Mas por haber asegurado ayer que el c\u00f3nclave popular que ha cerrado hoy el presidente del Gobierno, Mariano Rajoy, era \u00abun festival de amenazas\u00bb.<\/p>\n<p>\u00abVi nerviosismo en sus palabras. Qu\u00e9 lamentable que hable as\u00ed. Pero no le contestar\u00e9, le pedir\u00e9 que escuche las ideas, propuestas, gesti\u00f3n del Gobierno y soluciones del PP para seguir trabajando para que Catalu\u00f1a salga de la crisis, mejore su autogobierno, su prosperidad y sus servicios p\u00fablicos\u00bb, ha se\u00f1alado S\u00e1nchez-Camacho.<\/p>\n<p>As\u00ed, le ha exigido que \u00abno insulte\u00bb, porque en la Convenci\u00f3n del PPC \u00abno hay amenazas, hay propuestas y explicaci\u00f3n de la verdad. Quiz\u00e1s a alguien le molesta que los catalanes la sepan\u00bb.<\/p>\n<p>El \u00fanico camino que buscan CiU y ERC, ha denunciado, es el de la separaci\u00f3n de Espa\u00f1a y Europa, \u00abaunque Catalu\u00f1a se hunda con ello\u00bb: \u00abMas est\u00e1 traicionando el sentimiento europeo del catalanismo pol\u00edtico, y no hay nada m\u00e1s antieuropeo que dividir\u00bb.<\/p>\n<p>Asimismo, ha tildado de \u00abdesvar\u00edo, rid\u00edculo y falta de sentido com\u00fan\u00bb que el l\u00edder de ERC, Oriol Junqueras, \u00abvaya pidiendo por Europa la independencia de Gibraltar\u00bb, en contraste con un PP que \u00abno mira hacia atr\u00e1s, no habla el lenguaje antiguo de los derechos hist\u00f3ricos, las guerras y las bayonetas. \u00bfHay algo m\u00e1s anticuado -ha dicho- que declarar la independencia en el siglo XXI?\u00bb.<\/p>\n<p>En contraste con la \u00absinraz\u00f3n\u00bb que a su juicio mantienen Mas y ERC, S\u00e1nchez-Camacho ha puesto en valor la figura del primer presidente de la Generalitat tras el franquismo como alguien que bas\u00f3 siempre su actuaci\u00f3n en el \u00abdi\u00e1logo, el pacto, el &#8216;seny&#8217; y el realismo audaz\u00bb, y que cuando fue investido cerr\u00f3 su discurso con un \u00abVisca Catalunya, Viva Espa\u00f1a\u00bb.<\/p>\n<p>Y dirigi\u00e9ndose directamente al presidente del Gobierno, Mariano Rajoy, sentado en primera fila a pocos metros junto a la c\u00fapula del Gobierno, S\u00e1nchez Camacho ha dicho: \u00abCon pol\u00edticos de altura como Tarradellas no habr\u00edamos llegado a este disparate, y habr\u00edas tenido una interlocuci\u00f3n responsable, eficaz y real\u00bb con Catalu\u00f1a.<\/p>\n<p>La l\u00edder popular, que nunca imagin\u00f3 que se llevar\u00eda el \u00abchantaje soberanista tan lejos\u00bb, ha reivindicado el catalanismo \u00abc\u00edvico\u00bb de Tarradellas, pero tambi\u00e9n la figura del pintor Salvador Dal\u00ed, al que ha parafraseado: \u00abCatalu\u00f1a seguir\u00e1 construyendo el pueblo espa\u00f1ol y pintando el cielo del Empord\u00e0, de Catalu\u00f1a y de Espa\u00f1a\u00bb.<\/p>\n<p>S\u00e1nchez-Camacho ha dedicado elogios a la vicepresidenta Soraya Sa\u00e9nz de Santamar\u00eda, los ministros Crist\u00f3bal Montoro, Jos\u00e9 Manuel Soria y Jorge Fern\u00e1ndez D\u00edaz, al vicesecretario de Organizaci\u00f3n del PP, Carlos Floriano, y a la \u00abmano derecha\u00bb de la vicepresidenta, Jos\u00e9 Luis Ayll\u00f3n, por su apoyo al PPC ante el actual desaf\u00edo.<\/p>\n<p>Ha asegurado por ello que los populares son el \u00ab\u00fanico partido\u00bb que sacar\u00e1 a Catalu\u00f1a de la \u00abcrisis econ\u00f3mica y del conflicto (soberanista) en el que nos han metido\u00bb, y ha explicado adem\u00e1s que el Gobierno est\u00e1 trabajando para que haya \u00abun modelo de financiaci\u00f3n auton\u00f3mica para todos y entre todos\u00bb, basado en la regionalizaci\u00f3n territorial de las cuentas que \u00abresolver\u00e1 los desequilibrios\u00bb.<\/p>\n<p>\u00abCatalu\u00f1a te necesita a ti\u00bb, ha dicho a Rajoy. \u00abHoy m\u00e1s que nunca te necesita para que nos saques de la crisis definitivamente y para evitar que algunos nos saquen de Espa\u00f1a y Europa. Nuestra Constituci\u00f3n est\u00e1 escrita desde la libertad y responsabilidad, y no hay mejor garant\u00eda de su cumplimiento que Mariano Rajoy Brey\u00bb.<\/p>\n","protected":false},"excerpt":{"rendered":"<p>Barcelona, 25 ene (EFE).- La presidenta del PPC, Alicia S\u00e1nchez-Camacho, ha lamentado hoy que al president Artur Mas le \u00abfalte el esp\u00edritu\u00bb de Josep Tarradellas, con el que, a su juicio, no se habr\u00eda producido el \u00abdisparate\u00bb del desaf\u00edo soberanista. En su intervenci\u00f3n en la clausura de la convenci\u00f3n del PPC, S\u00e1nchez-Camacho cargado contra Mas [&hellip;]<\/p>\n","protected":false},"author":1,"featured_media":1132184,"comment_status":"closed","ping_status":"open","sticky":false,"template":"","format":"standard","meta":{"footnotes":""},"categories":[1],"tags":[],"class_list":["post-478847","post","type-post","status-publish","format-standard","has-post-thumbnail","hentry","category-actualidad"],"aioseo_notices":[],"aioseo_head":"\n\t\t<!-- All in One SEO Pro 5.0.1 - aioseo.com -->\n\t<meta name=\"description\" content=\"Barcelona, 25 ene (EFE).- La presidenta del PPC, Alicia S\u00e1nchez-Camacho, ha lamentado hoy que al president Artur Mas le &quot;falte el esp\u00edritu&quot; de Josep Tarradellas, con el que, a su juicio, no se habr\u00eda producido el &quot;disparate&quot; del desaf\u00edo soberanista. En su intervenci\u00f3n en la clausura de la convenci\u00f3n del PPC, S\u00e1nchez-Camacho cargado contra Mas\" \/>\n\t<meta name=\"robots\" content=\"max-image-preview:large\" \/>\n\t<meta name=\"author\" content=\"El Digital de Asturias\"\/>\n\t<meta name=\"google-site-verification\" content=\"UA-38556648-1\" \/>\n\t<meta name=\"msvalidate.01\" content=\"7dfe9f3f1b24437ab69f4f2559babe99\" \/>\n\t<meta name=\"keywords\" content=\"actualidad\" \/>\n\t<link rel=\"canonical\" href=\"https:\/\/www.eldigitaldeasturias.com\/noticias\/sanchez-camacho-considera-que-a-mas-le-falta-el-espiritu-de-tarradellas\/\" \/>\n\t<meta name=\"generator\" content=\"All in One SEO Pro (AIOSEO) 5.0.1\" \/>\n\t\t<meta property=\"og:locale\" content=\"es_ES\" \/>\n\t\t<meta property=\"og:site_name\" content=\"El Digital de Asturias\" \/>\n\t\t<meta property=\"og:type\" content=\"article\" \/>\n\t\t<meta property=\"og:title\" content=\"S\u00e1nchez-Camacho considera que \u00aba Mas le falta el esp\u00edritu de Tarradellas\u00bb - El Digital de Asturias\" \/>\n\t\t<meta property=\"og:description\" content=\"Barcelona, 25 ene (EFE).- La presidenta del PPC, Alicia S\u00e1nchez-Camacho, ha lamentado hoy que al president Artur Mas le &quot;falte el esp\u00edritu&quot; de Josep Tarradellas, con el que, a su juicio, no se habr\u00eda producido el &quot;disparate&quot; del desaf\u00edo soberanista. En su intervenci\u00f3n en la clausura de la convenci\u00f3n del PPC, S\u00e1nchez-Camacho cargado contra Mas\" \/>\n\t\t<meta property=\"og:url\" content=\"https:\/\/www.eldigitaldeasturias.com\/noticias\/sanchez-camacho-considera-que-a-mas-le-falta-el-espiritu-de-tarradellas\/\" \/>\n\t\t<meta property=\"og:image\" content=\"https:\/\/www.eldigitaldeasturias.com\/noticias\/wp-content\/uploads\/2026\/06\/Contenidos.jpg\" \/>\n\t\t<meta property=\"og:image:secure_url\" content=\"https:\/\/www.eldigitaldeasturias.com\/noticias\/wp-content\/uploads\/2026\/06\/Contenidos.jpg\" \/>\n\t\t<meta property=\"og:image:width\" content=\"1265\" \/>\n\t\t<meta property=\"og:image:height\" content=\"697\" \/>\n\t\t<meta property=\"article:tag\" content=\"actualidad\" \/>\n\t\t<meta property=\"article:published_time\" content=\"2014-01-25T21:11:46+00:00\" \/>\n\t\t<meta property=\"article:modified_time\" content=\"2014-01-25T21:11:46+00:00\" \/>\n\t\t<meta property=\"article:publisher\" content=\"https:\/\/facebook.com\/eldigitaldeasturias\" \/>\n\t\t<meta name=\"twitter:card\" content=\"summary_large_image\" \/>\n\t\t<meta name=\"twitter:title\" content=\"S\u00e1nchez-Camacho considera que \u00aba Mas le falta el esp\u00edritu de Tarradellas\u00bb - El Digital de Asturias\" \/>\n\t\t<meta name=\"twitter:description\" content=\"Barcelona, 25 ene (EFE).- La presidenta del PPC, Alicia S\u00e1nchez-Camacho, ha lamentado hoy que al president Artur Mas le &quot;falte el esp\u00edritu&quot; de Josep Tarradellas, con el que, a su juicio, no se habr\u00eda producido el &quot;disparate&quot; del desaf\u00edo soberanista. En su intervenci\u00f3n en la clausura de la convenci\u00f3n del PPC, S\u00e1nchez-Camacho cargado contra Mas\" \/>\n\t\t<meta name=\"twitter:image\" content=\"https:\/\/www.eldigitaldeasturias.com\/noticias\/wp-content\/uploads\/2026\/06\/Contenidos.jpg\" \/>\n\t\t<meta name=\"twitter:label1\" content=\"Escrito por\" \/>\n\t\t<meta name=\"twitter:data1\" content=\"El Digital de Asturias\" \/>\n\t\t<meta name=\"twitter:label2\" content=\"Tiempo de lectura estimado\" \/>\n\t\t<meta name=\"twitter:data2\" content=\"3 minutos\" \/>\n\t\t<script type=\"application\/ld+json\" class=\"aioseo-schema\">\n\t\t\t{\"@context\":\"https:\\\/\\\/schema.org\",\"@graph\":[{\"@type\":\"BlogPosting\",\"@id\":\"https:\\\/\\\/www.eldigitaldeasturias.com\\\/noticias\\\/sanchez-camacho-considera-que-a-mas-le-falta-el-espiritu-de-tarradellas\\\/#blogposting\",\"name\":\"S\\u00e1nchez-Camacho considera que \\u00aba Mas le falta el esp\\u00edritu de Tarradellas\\u00bb - El Digital de Asturias\",\"headline\":\"S\\u00e1nchez-Camacho considera que \\u00aba Mas le falta el esp\\u00edritu de Tarradellas\\u00bb\",\"author\":{\"@id\":\"https:\\\/\\\/www.eldigitaldeasturias.com\\\/noticias\\\/author\\\/admin\\\/#author\"},\"publisher\":{\"@id\":\"https:\\\/\\\/www.eldigitaldeasturias.com\\\/noticias\\\/#organization\"},\"image\":{\"@type\":\"ImageObject\",\"url\":\"https:\\\/\\\/www.eldigitaldeasturias.com\\\/noticias\\\/wp-content\\\/uploads\\\/2026\\\/06\\\/Contenidos.jpg\",\"width\":1265,\"height\":697,\"caption\":\"Contenidos\"},\"datePublished\":\"2014-01-25T20:11:46+01:00\",\"dateModified\":\"2014-01-25T20:11:46+01:00\",\"inLanguage\":\"es-ES\",\"mainEntityOfPage\":{\"@id\":\"https:\\\/\\\/www.eldigitaldeasturias.com\\\/noticias\\\/sanchez-camacho-considera-que-a-mas-le-falta-el-espiritu-de-tarradellas\\\/#webpage\"},\"isPartOf\":{\"@id\":\"https:\\\/\\\/www.eldigitaldeasturias.com\\\/noticias\\\/sanchez-camacho-considera-que-a-mas-le-falta-el-espiritu-de-tarradellas\\\/#webpage\"},\"articleSection\":\"Actualidad\"},{\"@type\":\"BreadcrumbList\",\"@id\":\"https:\\\/\\\/www.eldigitaldeasturias.com\\\/noticias\\\/sanchez-camacho-considera-que-a-mas-le-falta-el-espiritu-de-tarradellas\\\/#breadcrumblist\",\"itemListElement\":[{\"@type\":\"ListItem\",\"@id\":\"https:\\\/\\\/www.eldigitaldeasturias.com\\\/noticias#listItem\",\"position\":1,\"name\":\"Home\",\"item\":\"https:\\\/\\\/www.eldigitaldeasturias.com\\\/noticias\",\"nextItem\":{\"@type\":\"ListItem\",\"@id\":\"https:\\\/\\\/www.eldigitaldeasturias.com\\\/noticias\\\/category\\\/actualidad\\\/#listItem\",\"name\":\"Actualidad\"}},{\"@type\":\"ListItem\",\"@id\":\"https:\\\/\\\/www.eldigitaldeasturias.com\\\/noticias\\\/category\\\/actualidad\\\/#listItem\",\"position\":2,\"name\":\"Actualidad\",\"item\":\"https:\\\/\\\/www.eldigitaldeasturias.com\\\/noticias\\\/category\\\/actualidad\\\/\",\"nextItem\":{\"@type\":\"ListItem\",\"@id\":\"https:\\\/\\\/www.eldigitaldeasturias.com\\\/noticias\\\/sanchez-camacho-considera-que-a-mas-le-falta-el-espiritu-de-tarradellas\\\/#listItem\",\"name\":\"S\\u00e1nchez-Camacho considera que \\u00aba Mas le falta el esp\\u00edritu de Tarradellas\\u00bb\"},\"previousItem\":{\"@type\":\"ListItem\",\"@id\":\"https:\\\/\\\/www.eldigitaldeasturias.com\\\/noticias#listItem\",\"name\":\"Home\"}},{\"@type\":\"ListItem\",\"@id\":\"https:\\\/\\\/www.eldigitaldeasturias.com\\\/noticias\\\/sanchez-camacho-considera-que-a-mas-le-falta-el-espiritu-de-tarradellas\\\/#listItem\",\"position\":3,\"name\":\"S\\u00e1nchez-Camacho considera que \\u00aba Mas le falta el esp\\u00edritu de Tarradellas\\u00bb\",\"previousItem\":{\"@type\":\"ListItem\",\"@id\":\"https:\\\/\\\/www.eldigitaldeasturias.com\\\/noticias\\\/category\\\/actualidad\\\/#listItem\",\"name\":\"Actualidad\"}}]},{\"@type\":\"Organization\",\"@id\":\"https:\\\/\\\/www.eldigitaldeasturias.com\\\/noticias\\\/#organization\",\"name\":\"El Digital de Asturias\",\"description\":\"Hemeroteca\",\"url\":\"https:\\\/\\\/www.eldigitaldeasturias.com\\\/noticias\\\/\",\"email\":\"info@eldigitaldeasturias.com\",\"telephone\":\"+34652131393\",\"logo\":{\"@type\":\"ImageObject\",\"url\":\"https:\\\/\\\/www.eldigitaldeasturias.com\\\/noticias\\\/wp-content\\\/uploads\\\/2020\\\/12\\\/EDA.jpg\",\"@id\":\"https:\\\/\\\/www.eldigitaldeasturias.com\\\/noticias\\\/sanchez-camacho-considera-que-a-mas-le-falta-el-espiritu-de-tarradellas\\\/#organizationLogo\"},\"image\":{\"@id\":\"https:\\\/\\\/www.eldigitaldeasturias.com\\\/noticias\\\/sanchez-camacho-considera-que-a-mas-le-falta-el-espiritu-de-tarradellas\\\/#organizationLogo\"},\"sameAs\":[\"https:\\\/\\\/facebook.com\\\/eldigitaldeasturias\",\"https:\\\/\\\/www.youtube.com\\\/channel\\\/UCZP-2wLEB9Rv6erhFmqVnvg\"],\"address\":{\"@id\":\"https:\\\/\\\/www.eldigitaldeasturias.com\\\/noticias\\\/#postaladdress\",\"@type\":\"PostalAddress\",\"streetAddress\":\"san antonio 4\",\"postalCode\":\"33430\",\"addressLocality\":\"Cand\\u00e1s\",\"addressRegion\":\"Asturias\",\"addressCountry\":\"ES\"}},{\"@type\":\"Person\",\"@id\":\"https:\\\/\\\/www.eldigitaldeasturias.com\\\/noticias\\\/author\\\/admin\\\/#author\",\"url\":\"https:\\\/\\\/www.eldigitaldeasturias.com\\\/noticias\\\/author\\\/admin\\\/\",\"name\":\"El Digital de Asturias\",\"image\":{\"@type\":\"ImageObject\",\"@id\":\"https:\\\/\\\/www.eldigitaldeasturias.com\\\/noticias\\\/sanchez-camacho-considera-que-a-mas-le-falta-el-espiritu-de-tarradellas\\\/#authorImage\",\"url\":\"https:\\\/\\\/secure.gravatar.com\\\/avatar\\\/df2aeffc32bcd13f8d26072ef8a91b623d677766deac7f97ca815868cd41bf5e?s=96&d=mm&r=g\",\"width\":96,\"height\":96,\"caption\":\"El Digital de Asturias\"}},{\"@type\":\"WebPage\",\"@id\":\"https:\\\/\\\/www.eldigitaldeasturias.com\\\/noticias\\\/sanchez-camacho-considera-que-a-mas-le-falta-el-espiritu-de-tarradellas\\\/#webpage\",\"url\":\"https:\\\/\\\/www.eldigitaldeasturias.com\\\/noticias\\\/sanchez-camacho-considera-que-a-mas-le-falta-el-espiritu-de-tarradellas\\\/\",\"name\":\"S\\u00e1nchez-Camacho considera que \\u00aba Mas le falta el esp\\u00edritu de Tarradellas\\u00bb - El Digital de Asturias\",\"description\":\"Barcelona, 25 ene (EFE).- La presidenta del PPC, Alicia S\\u00e1nchez-Camacho, ha lamentado hoy que al president Artur Mas le \\\"falte el esp\\u00edritu\\\" de Josep Tarradellas, con el que, a su juicio, no se habr\\u00eda producido el \\\"disparate\\\" del desaf\\u00edo soberanista. En su intervenci\\u00f3n en la clausura de la convenci\\u00f3n del PPC, S\\u00e1nchez-Camacho cargado contra Mas\",\"inLanguage\":\"es-ES\",\"isPartOf\":{\"@id\":\"https:\\\/\\\/www.eldigitaldeasturias.com\\\/noticias\\\/#website\"},\"breadcrumb\":{\"@id\":\"https:\\\/\\\/www.eldigitaldeasturias.com\\\/noticias\\\/sanchez-camacho-considera-que-a-mas-le-falta-el-espiritu-de-tarradellas\\\/#breadcrumblist\"},\"author\":{\"@id\":\"https:\\\/\\\/www.eldigitaldeasturias.com\\\/noticias\\\/author\\\/admin\\\/#author\"},\"creator\":{\"@id\":\"https:\\\/\\\/www.eldigitaldeasturias.com\\\/noticias\\\/author\\\/admin\\\/#author\"},\"image\":{\"@type\":\"ImageObject\",\"url\":\"https:\\\/\\\/www.eldigitaldeasturias.com\\\/noticias\\\/wp-content\\\/uploads\\\/2026\\\/06\\\/Contenidos.jpg\",\"@id\":\"https:\\\/\\\/www.eldigitaldeasturias.com\\\/noticias\\\/sanchez-camacho-considera-que-a-mas-le-falta-el-espiritu-de-tarradellas\\\/#mainImage\",\"width\":1265,\"height\":697,\"caption\":\"Contenidos\"},\"primaryImageOfPage\":{\"@id\":\"https:\\\/\\\/www.eldigitaldeasturias.com\\\/noticias\\\/sanchez-camacho-considera-que-a-mas-le-falta-el-espiritu-de-tarradellas\\\/#mainImage\"},\"datePublished\":\"2014-01-25T20:11:46+01:00\",\"dateModified\":\"2014-01-25T20:11:46+01:00\"},{\"@type\":\"WebSite\",\"@id\":\"https:\\\/\\\/www.eldigitaldeasturias.com\\\/noticias\\\/#website\",\"url\":\"https:\\\/\\\/www.eldigitaldeasturias.com\\\/noticias\\\/\",\"name\":\"El Digital de Asturias - Diario de actualidad y noticias\",\"alternateName\":\"El Digital de Asturias - Diario de actualidad y noticias\",\"description\":\"Hemeroteca\",\"inLanguage\":\"es-ES\",\"publisher\":{\"@id\":\"https:\\\/\\\/www.eldigitaldeasturias.com\\\/noticias\\\/#organization\"}}]}\n\t\t<\/script>\n\t\t<!-- All in One SEO Pro -->\r\n\t\t<title>S\u00e1nchez-Camacho considera que \u00aba Mas le falta el esp\u00edritu de Tarradellas\u00bb - El Digital de Asturias<\/title>\n\n","aioseo_head_json":{"title":"S\u00e1nchez-Camacho considera que \u00aba Mas le falta el esp\u00edritu de Tarradellas\u00bb - El Digital de Asturias","description":"Barcelona, 25 ene (EFE).- La presidenta del PPC, Alicia S\u00e1nchez-Camacho, ha lamentado hoy que al president Artur Mas le \"falte el esp\u00edritu\" de Josep Tarradellas, con el que, a su juicio, no se habr\u00eda producido el \"disparate\" del desaf\u00edo soberanista. En su intervenci\u00f3n en la clausura de la convenci\u00f3n del PPC, S\u00e1nchez-Camacho cargado contra Mas","canonical_url":"https:\/\/www.eldigitaldeasturias.com\/noticias\/sanchez-camacho-considera-que-a-mas-le-falta-el-espiritu-de-tarradellas\/","robots":"max-image-preview:large","keywords":"actualidad","webmasterTools":{"google-site-verification":"UA-38556648-1","msvalidate.01":"7dfe9f3f1b24437ab69f4f2559babe99","miscellaneous":""},"schema":{"@context":"https:\/\/schema.org","@graph":[{"@type":"BlogPosting","@id":"https:\/\/www.eldigitaldeasturias.com\/noticias\/sanchez-camacho-considera-que-a-mas-le-falta-el-espiritu-de-tarradellas\/#blogposting","name":"S\u00e1nchez-Camacho considera que \u00aba Mas le falta el esp\u00edritu de Tarradellas\u00bb - El Digital de Asturias","headline":"S\u00e1nchez-Camacho considera que \u00aba Mas le falta el esp\u00edritu de Tarradellas\u00bb","author":{"@id":"https:\/\/www.eldigitaldeasturias.com\/noticias\/author\/admin\/#author"},"publisher":{"@id":"https:\/\/www.eldigitaldeasturias.com\/noticias\/#organization"},"image":{"@type":"ImageObject","url":"https:\/\/www.eldigitaldeasturias.com\/noticias\/wp-content\/uploads\/2026\/06\/Contenidos.jpg","width":1265,"height":697,"caption":"Contenidos"},"datePublished":"2014-01-25T20:11:46+01:00","dateModified":"2014-01-25T20:11:46+01:00","inLanguage":"es-ES","mainEntityOfPage":{"@id":"https:\/\/www.eldigitaldeasturias.com\/noticias\/sanchez-camacho-considera-que-a-mas-le-falta-el-espiritu-de-tarradellas\/#webpage"},"isPartOf":{"@id":"https:\/\/www.eldigitaldeasturias.com\/noticias\/sanchez-camacho-considera-que-a-mas-le-falta-el-espiritu-de-tarradellas\/#webpage"},"articleSection":"Actualidad"},{"@type":"BreadcrumbList","@id":"https:\/\/www.eldigitaldeasturias.com\/noticias\/sanchez-camacho-considera-que-a-mas-le-falta-el-espiritu-de-tarradellas\/#breadcrumblist","itemListElement":[{"@type":"ListItem","@id":"https:\/\/www.eldigitaldeasturias.com\/noticias#listItem","position":1,"name":"Home","item":"https:\/\/www.eldigitaldeasturias.com\/noticias","nextItem":{"@type":"ListItem","@id":"https:\/\/www.eldigitaldeasturias.com\/noticias\/category\/actualidad\/#listItem","name":"Actualidad"}},{"@type":"ListItem","@id":"https:\/\/www.eldigitaldeasturias.com\/noticias\/category\/actualidad\/#listItem","position":2,"name":"Actualidad","item":"https:\/\/www.eldigitaldeasturias.com\/noticias\/category\/actualidad\/","nextItem":{"@type":"ListItem","@id":"https:\/\/www.eldigitaldeasturias.com\/noticias\/sanchez-camacho-considera-que-a-mas-le-falta-el-espiritu-de-tarradellas\/#listItem","name":"S\u00e1nchez-Camacho considera que \u00aba Mas le falta el esp\u00edritu de Tarradellas\u00bb"},"previousItem":{"@type":"ListItem","@id":"https:\/\/www.eldigitaldeasturias.com\/noticias#listItem","name":"Home"}},{"@type":"ListItem","@id":"https:\/\/www.eldigitaldeasturias.com\/noticias\/sanchez-camacho-considera-que-a-mas-le-falta-el-espiritu-de-tarradellas\/#listItem","position":3,"name":"S\u00e1nchez-Camacho considera que \u00aba Mas le falta el esp\u00edritu de Tarradellas\u00bb","previousItem":{"@type":"ListItem","@id":"https:\/\/www.eldigitaldeasturias.com\/noticias\/category\/actualidad\/#listItem","name":"Actualidad"}}]},{"@type":"Organization","@id":"https:\/\/www.eldigitaldeasturias.com\/noticias\/#organization","name":"El Digital de Asturias","description":"Hemeroteca","url":"https:\/\/www.eldigitaldeasturias.com\/noticias\/","email":"info@eldigitaldeasturias.com","telephone":"+34652131393","logo":{"@type":"ImageObject","url":"https:\/\/www.eldigitaldeasturias.com\/noticias\/wp-content\/uploads\/2020\/12\/EDA.jpg","@id":"https:\/\/www.eldigitaldeasturias.com\/noticias\/sanchez-camacho-considera-que-a-mas-le-falta-el-espiritu-de-tarradellas\/#organizationLogo"},"image":{"@id":"https:\/\/www.eldigitaldeasturias.com\/noticias\/sanchez-camacho-considera-que-a-mas-le-falta-el-espiritu-de-tarradellas\/#organizationLogo"},"sameAs":["https:\/\/facebook.com\/eldigitaldeasturias","https:\/\/www.youtube.com\/channel\/UCZP-2wLEB9Rv6erhFmqVnvg"],"address":{"@id":"https:\/\/www.eldigitaldeasturias.com\/noticias\/#postaladdress","@type":"PostalAddress","streetAddress":"san antonio 4","postalCode":"33430","addressLocality":"Cand\u00e1s","addressRegion":"Asturias","addressCountry":"ES"}},{"@type":"Person","@id":"https:\/\/www.eldigitaldeasturias.com\/noticias\/author\/admin\/#author","url":"https:\/\/www.eldigitaldeasturias.com\/noticias\/author\/admin\/","name":"El Digital de Asturias","image":{"@type":"ImageObject","@id":"https:\/\/www.eldigitaldeasturias.com\/noticias\/sanchez-camacho-considera-que-a-mas-le-falta-el-espiritu-de-tarradellas\/#authorImage","url":"https:\/\/secure.gravatar.com\/avatar\/df2aeffc32bcd13f8d26072ef8a91b623d677766deac7f97ca815868cd41bf5e?s=96&d=mm&r=g","width":96,"height":96,"caption":"El Digital de Asturias"}},{"@type":"WebPage","@id":"https:\/\/www.eldigitaldeasturias.com\/noticias\/sanchez-camacho-considera-que-a-mas-le-falta-el-espiritu-de-tarradellas\/#webpage","url":"https:\/\/www.eldigitaldeasturias.com\/noticias\/sanchez-camacho-considera-que-a-mas-le-falta-el-espiritu-de-tarradellas\/","name":"S\u00e1nchez-Camacho considera que \u00aba Mas le falta el esp\u00edritu de Tarradellas\u00bb - El Digital de Asturias","description":"Barcelona, 25 ene (EFE).- La presidenta del PPC, Alicia S\u00e1nchez-Camacho, ha lamentado hoy que al president Artur Mas le \"falte el esp\u00edritu\" de Josep Tarradellas, con el que, a su juicio, no se habr\u00eda producido el \"disparate\" del desaf\u00edo soberanista. En su intervenci\u00f3n en la clausura de la convenci\u00f3n del PPC, S\u00e1nchez-Camacho cargado contra Mas","inLanguage":"es-ES","isPartOf":{"@id":"https:\/\/www.eldigitaldeasturias.com\/noticias\/#website"},"breadcrumb":{"@id":"https:\/\/www.eldigitaldeasturias.com\/noticias\/sanchez-camacho-considera-que-a-mas-le-falta-el-espiritu-de-tarradellas\/#breadcrumblist"},"author":{"@id":"https:\/\/www.eldigitaldeasturias.com\/noticias\/author\/admin\/#author"},"creator":{"@id":"https:\/\/www.eldigitaldeasturias.com\/noticias\/author\/admin\/#author"},"image":{"@type":"ImageObject","url":"https:\/\/www.eldigitaldeasturias.com\/noticias\/wp-content\/uploads\/2026\/06\/Contenidos.jpg","@id":"https:\/\/www.eldigitaldeasturias.com\/noticias\/sanchez-camacho-considera-que-a-mas-le-falta-el-espiritu-de-tarradellas\/#mainImage","width":1265,"height":697,"caption":"Contenidos"},"primaryImageOfPage":{"@id":"https:\/\/www.eldigitaldeasturias.com\/noticias\/sanchez-camacho-considera-que-a-mas-le-falta-el-espiritu-de-tarradellas\/#mainImage"},"datePublished":"2014-01-25T20:11:46+01:00","dateModified":"2014-01-25T20:11:46+01:00"},{"@type":"WebSite","@id":"https:\/\/www.eldigitaldeasturias.com\/noticias\/#website","url":"https:\/\/www.eldigitaldeasturias.com\/noticias\/","name":"El Digital de Asturias - Diario de actualidad y noticias","alternateName":"El Digital de Asturias - Diario de actualidad y noticias","description":"Hemeroteca","inLanguage":"es-ES","publisher":{"@id":"https:\/\/www.eldigitaldeasturias.com\/noticias\/#organization"}}]},"og:locale":"es_ES","og:site_name":"El Digital de Asturias","og:type":"article","og:title":"S\u00e1nchez-Camacho considera que \u00aba Mas le falta el esp\u00edritu de Tarradellas\u00bb - El Digital de Asturias","og:description":"Barcelona, 25 ene (EFE).- La presidenta del PPC, Alicia S\u00e1nchez-Camacho, ha lamentado hoy que al president Artur Mas le &quot;falte el esp\u00edritu&quot; de Josep Tarradellas, con el que, a su juicio, no se habr\u00eda producido el &quot;disparate&quot; del desaf\u00edo soberanista. En su intervenci\u00f3n en la clausura de la convenci\u00f3n del PPC, S\u00e1nchez-Camacho cargado contra Mas","og:url":"https:\/\/www.eldigitaldeasturias.com\/noticias\/sanchez-camacho-considera-que-a-mas-le-falta-el-espiritu-de-tarradellas\/","og:image":"https:\/\/www.eldigitaldeasturias.com\/noticias\/wp-content\/uploads\/2026\/06\/Contenidos.jpg","og:image:secure_url":"https:\/\/www.eldigitaldeasturias.com\/noticias\/wp-content\/uploads\/2026\/06\/Contenidos.jpg","og:image:width":1265,"og:image:height":697,"article:tag":["actualidad"],"article:published_time":"2014-01-25T21:11:46+00:00","article:modified_time":"2014-01-25T21:11:46+00:00","article:publisher":"https:\/\/facebook.com\/eldigitaldeasturias","twitter:card":"summary_large_image","twitter:title":"S\u00e1nchez-Camacho considera que \u00aba Mas le falta el esp\u00edritu de Tarradellas\u00bb - El Digital de Asturias","twitter:description":"Barcelona, 25 ene (EFE).- La presidenta del PPC, Alicia S\u00e1nchez-Camacho, ha lamentado hoy que al president Artur Mas le &quot;falte el esp\u00edritu&quot; de Josep Tarradellas, con el que, a su juicio, no se habr\u00eda producido el &quot;disparate&quot; del desaf\u00edo soberanista. En su intervenci\u00f3n en la clausura de la convenci\u00f3n del PPC, S\u00e1nchez-Camacho cargado contra Mas","twitter:image":"https:\/\/www.eldigitaldeasturias.com\/noticias\/wp-content\/uploads\/2026\/06\/Contenidos.jpg","twitter:label1":"Escrito por","twitter:data1":"El Digital de Asturias","twitter:label2":"Tiempo de lectura estimado","twitter:data2":"3 minutos"},"aioseo_meta_data":{"post_id":"478847","title":null,"description":null,"keywords":null,"keyphrases":null,"primary_term":null,"canonical_url":null,"og_title":null,"og_description":null,"og_object_type":"default","og_image_type":"default","og_image_url":null,"og_image_width":null,"og_image_height":null,"og_image_custom_url":null,"og_image_custom_fields":null,"og_video":null,"og_custom_url":null,"og_article_section":null,"og_article_tags":null,"twitter_use_og":true,"twitter_card":"default","twitter_image_type":"default","twitter_image_url":null,"twitter_image_custom_url":null,"twitter_image_custom_fields":null,"twitter_title":null,"twitter_description":null,"schema":{"blockGraphs":[],"customGraphs":[],"default":{"data":{"Article":[],"Course":[],"Dataset":[],"FAQPage":[],"Movie":[],"Person":[],"Product":[],"ProductReview":[],"Car":[],"Recipe":[],"Service":[],"SoftwareApplication":[],"WebPage":[]},"graphName":"","isEnabled":true},"graphs":[],"defaultGraph":"","defaultPostTypeGraph":""},"schema_type":null,"schema_type_options":null,"pillar_content":false,"robots_default":true,"robots_noindex":false,"robots_noarchive":false,"robots_nosnippet":false,"robots_nofollow":false,"robots_noimageindex":false,"robots_noodp":false,"robots_notranslate":false,"robots_max_snippet":null,"robots_max_videopreview":null,"robots_max_imagepreview":"none","priority":null,"frequency":null,"local_seo":null,"seo_analyzer_scan_date":"2026-06-01 22:44:50","breadcrumb_settings":null,"limit_modified_date":false,"open_ai":null,"ai":null,"created":"2020-11-14 22:53:58","updated":"2026-06-01 22:44:50","focus_keyword":null,"additional_keywords":null,"truseo_locale":null},"aioseo_breadcrumb":"<div class=\"aioseo-breadcrumbs\"><span class=\"aioseo-breadcrumb\">\n\t<a href=\"https:\/\/www.eldigitaldeasturias.com\/noticias\" title=\"Home\">Home<\/a>\n<\/span><span class=\"aioseo-breadcrumb-separator\">\u2013<\/span><span class=\"aioseo-breadcrumb\">\n\t<a href=\"https:\/\/www.eldigitaldeasturias.com\/noticias\/category\/actualidad\/\" title=\"Actualidad\">Actualidad<\/a>\n<\/span><span class=\"aioseo-breadcrumb-separator\">\u2013<\/span><span class=\"aioseo-breadcrumb\">\n\t<a href=\"https:\/\/www.eldigitaldeasturias.com\/noticias\/sanchez-camacho-considera-que-a-mas-le-falta-el-espiritu-de-tarradellas\/\" title=\"S\u00e1nchez-Camacho considera que \u00aba Mas le falta el esp\u00edritu de Tarradellas\u00bb\">S\u00e1nchez-Camacho considera que \u00aba Mas le falta el esp\u00edritu de Tarradellas\u00bb<\/a>\n<\/span><\/div>","aioseo_breadcrumb_json":[{"label":"Home","link":"https:\/\/www.eldigitaldeasturias.com\/noticias"},{"label":"Actualidad","link":"https:\/\/www.eldigitaldeasturias.com\/noticias\/category\/actualidad\/"},{"label":"S\u00e1nchez-Camacho considera que \u00aba Mas le falta el esp\u00edritu de Tarradellas\u00bb","link":"https:\/\/www.eldigitaldeasturias.com\/noticias\/sanchez-camacho-considera-que-a-mas-le-falta-el-espiritu-de-tarradellas\/"}],"_links":{"self":[{"href":"https:\/\/www.eldigitaldeasturias.com\/noticias\/wp-json\/wp\/v2\/posts\/478847","targetHints":{"allow":["GET"]}}],"collection":[{"href":"https:\/\/www.eldigitaldeasturias.com\/noticias\/wp-json\/wp\/v2\/posts"}],"about":[{"href":"https:\/\/www.eldigitaldeasturias.com\/noticias\/wp-json\/wp\/v2\/types\/post"}],"author":[{"embeddable":true,"href":"https:\/\/www.eldigitaldeasturias.com\/noticias\/wp-json\/wp\/v2\/users\/1"}],"replies":[{"embeddable":true,"href":"https:\/\/www.eldigitaldeasturias.com\/noticias\/wp-json\/wp\/v2\/comments?post=478847"}],"version-history":[{"count":0,"href":"https:\/\/www.eldigitaldeasturias.com\/noticias\/wp-json\/wp\/v2\/posts\/478847\/revisions"}],"wp:featuredmedia":[{"embeddable":true,"href":"https:\/\/www.eldigitaldeasturias.com\/noticias\/wp-json\/wp\/v2\/media\/1132184"}],"wp:attachment":[{"href":"https:\/\/www.eldigitaldeasturias.com\/noticias\/wp-json\/wp\/v2\/media?parent=478847"}],"wp:term":[{"taxonomy":"category","embeddable":true,"href":"https:\/\/www.eldigitaldeasturias.com\/noticias\/wp-json\/wp\/v2\/categories?post=478847"},{"taxonomy":"post_tag","embeddable":true,"href":"https:\/\/www.eldigitaldeasturias.com\/noticias\/wp-json\/wp\/v2\/tags?post=478847"}],"curies":[{"name":"wp","href":"https:\/\/api.w.org\/{rel}","templated":true}]}}