{"id":478844,"date":"2014-01-25T20:10:26","date_gmt":"2014-01-25T21:10:26","guid":{"rendered":"http:\/\/www.eldigitaldeasturias.com\/noticias\/?p=478844"},"modified":"2014-01-25T20:10:26","modified_gmt":"2014-01-25T21:10:26","slug":"susana-diaz-acusa-a-rajoy-de-no-liderar-espana-ante-el-conflicto-de-cataluna","status":"publish","type":"post","link":"https:\/\/www.eldigitaldeasturias.com\/noticias\/susana-diaz-acusa-a-rajoy-de-no-liderar-espana-ante-el-conflicto-de-cataluna\/","title":{"rendered":"Susana D\u00edaz acusa a Rajoy de no liderar Espa\u00f1a ante el conflicto de Catalu\u00f1a"},"content":{"rendered":"<p><img loading=\"lazy\" decoding=\"async\" class=\"alignleft size-medium wp-image-478845\" alt=\"5876085w\" src=\"https:\/\/www.eldigitaldeasturias.com\/noticias\/wp-content\/uploads\/2014\/01\/5876085w-360x267.jpg\" width=\"360\" height=\"267\" \/>San Sebasti\u00e1n, 25 ene (EFE).- La presidenta de la Junta de Andaluc\u00eda, Susana D\u00edaz, ha acusado hoy al presidente del Gobierno, Mariano Rajoy, de \u00abno liderar el proyecto com\u00fan\u00bb de Espa\u00f1a ante el \u00abgrav\u00edsimo\u00bb conflicto de Catalu\u00f1a y ha apelado al \u00abdi\u00e1logo\u00bb ante el \u00abchoque de trenes\u00bb entre el PP y el independentismo.<\/p>\n<p>D\u00edaz ha protagonizado la tercera jornada del ciclo \u00abReflexiones de futuro\u00bb organizado por la Fundaci\u00f3n Ram\u00f3n Rubial, donde ha impartido una conferencia que ha sido presentada por el secretario general de los socialistas vascos, Patxi L\u00f3pez, quien ha asegurado que la presidenta andaluza y secretaria general del PSOE en esa Comunidad es un \u00abespejo en el que deben mirarse los socialistas\u00bb.<\/p>\n<p>D\u00edaz ha incidido en la necesidad de contar con un PSOE \u00abmoderno\u00bb, \u00abimplacable con la corrupci\u00f3n\u00bb y que \u00abconecte con la ciudadan\u00eda\u00bb, un empe\u00f1o en el que las primarias \u00abson importantes\u00bb, ha reconocido, pero no constituyen \u00abla panacea\u00bb.<\/p>\n<p>En este sentido, en declaraciones a los periodistas minutos antes de su intervenci\u00f3n ante un abarrotado auditorio del Kursaal, D\u00edaz ha reiterado, al se preguntada por la posibilidad de presentarse a las primarias del PSOE que tendr\u00e1n lugar en noviembre, que su \u00abcompromiso es con Andaluc\u00eda\u00bb.<\/p>\n<p>Ha se\u00f1alado que Patxi L\u00f3pez \u00abser\u00e1 lo que \u00e9l quiera ser\u00bb, porque es un compa\u00f1ero con \u00abcapacidad de entrega\u00bb y \u00abempuje\u00bb, y ha concretado que el primer compromiso \u00abes con las elecciones europeas\u00bb, a las que se \u00abvan a entregar con toda fuerza\u00bb para contribuir a la mayor\u00eda de izquierdas que \u00abnecesita el Parlamento Europeo\u00bb.<\/p>\n<p>En el mismo sentido se ha mostrado L\u00f3pez, quien ha asegurado que no va a desviar \u00abni un mil\u00edmetro\u00bb la atenci\u00f3n de la agenda que tiene en Euskadi, hacia la que dirige su \u00abprioridad absoluta\u00bb.<\/p>\n<p>Tras destacar el \u00abcoraje\u00bb de los socialistas vascos, D\u00edaz ha valorado la importancia del momento que vive el PSOE tras la conferencia pol\u00edtica \u00aben la que hizo autocr\u00edtica\u00bb y que ahora debe \u00abmarcar el futuro\u00bb con un socialismo \u00abmoderno\u00bb, que tenga un proyecto de izquierdas \u00abpara una sociedad que lo necesita.<\/p>\n<p>A su juicio, el pa\u00eds vive una \u00abgrave\u00bb crisis econ\u00f3mica, institucional y territorial\u00bb.<\/p>\n<p>En este \u00faltimo campo ha considerado que el conflicto en Catalu\u00f1a es \u00abgrav\u00edsimo\u00bb porque \u00abestamos atrapados entre dos trenes dispuestos a chocar\u00bb, ha dicho.<\/p>\n<p>El Gobierno, ha argumentado, \u00abtiene un plan que no cuenta a nadie\u00bb y el presidente de la Generalitat, Artur Mas, \u00absabe que no podr\u00e1 hacer un refer\u00e9ndum y persiste en el choque de trenes\u00bb.<\/p>\n<p>Ante esta situaci\u00f3n, los socialistas consideran que solo existe el \u00abcamino\u00bb del di\u00e1logo para \u00abver qu\u00e9 es lo que nos une\u00bb, aunque ha admitido que \u00absi es el momento de redefinir las autonom\u00edas y desbloquear competencias\u00bb debe acometerse desde el entendimiento.<\/p>\n<p>\u00abNo podemos permitir que Rajoy no lidere el proyecto com\u00fan que es Espa\u00f1a\u00bb, ha sentenciado.<\/p>\n<p>En contraposici\u00f3n, ha se\u00f1alado D\u00edaz, \u00abes ahora cuando tienen m\u00e1s sentido el proyecto socialista\u00bb que defiende los valores de igualdad, libertad y solidaridad y a los que hay que a\u00f1adir \u00abel derecho al trabajo, la laicidad y la sostenibilidad\u00bb.<\/p>\n<p>D\u00edaz ha apostado por \u00ababrir\u00bb el PSOE para \u00abconectar con la ciudadan\u00eda\u00bb y para ello \u00abno valen recetas del siglo XIX\u00bb, ha asegurado, al tiempo que ha reconocido que los partidos tienen que \u00abcambiar mucho\u00bb.<\/p>\n<p>En este sentido ha incidido en ser \u00abimplacables con la corrupci\u00f3n\u00bb para que \u00abnadie pueda aprovecharse de lo p\u00fablico\u00bb.<\/p>\n<p>Ha indicado tambi\u00e9n en que la recuperaci\u00f3n econ\u00f3mica no se expresa en \u00abunas d\u00e9cimas\u00bb sino cuando lo sientan las personas afectadas por la crisis.<\/p>\n<p>En este \u00e1mbito, ha situado como prioridad \u00abel trabajo\u00bb para lo cual se requiere de una \u00abrepresentaci\u00f3n sindical fuerte y un empresariado con conciencia y responsabilidad social\u00bb, ha concluido.<\/p>\n","protected":false},"excerpt":{"rendered":"<p>San Sebasti\u00e1n, 25 ene (EFE).- La presidenta de la Junta de Andaluc\u00eda, Susana D\u00edaz, ha acusado hoy al presidente del Gobierno, Mariano Rajoy, de \u00abno liderar el proyecto com\u00fan\u00bb de Espa\u00f1a ante el \u00abgrav\u00edsimo\u00bb conflicto de Catalu\u00f1a y ha apelado al \u00abdi\u00e1logo\u00bb ante el \u00abchoque de trenes\u00bb entre el PP y el independentismo. D\u00edaz ha [&hellip;]<\/p>\n","protected":false},"author":1,"featured_media":1132184,"comment_status":"closed","ping_status":"open","sticky":false,"template":"","format":"standard","meta":{"footnotes":""},"categories":[1],"tags":[],"class_list":["post-478844","post","type-post","status-publish","format-standard","has-post-thumbnail","hentry","category-actualidad"],"aioseo_notices":[],"aioseo_head":"\n\t\t<!-- All in One SEO Pro 5.0.1 - aioseo.com -->\n\t<meta name=\"description\" content=\"San Sebasti\u00e1n, 25 ene (EFE).- La presidenta de la Junta de Andaluc\u00eda, Susana D\u00edaz, ha acusado hoy al presidente del Gobierno, Mariano Rajoy, de &quot;no liderar el proyecto com\u00fan&quot; de Espa\u00f1a ante el &quot;grav\u00edsimo&quot; conflicto de Catalu\u00f1a y ha apelado al &quot;di\u00e1logo&quot; ante el &quot;choque de trenes&quot; entre el PP y el independentismo. D\u00edaz ha\" \/>\n\t<meta name=\"robots\" content=\"max-image-preview:large\" \/>\n\t<meta name=\"author\" content=\"El Digital de Asturias\"\/>\n\t<meta name=\"google-site-verification\" content=\"UA-38556648-1\" \/>\n\t<meta name=\"msvalidate.01\" content=\"7dfe9f3f1b24437ab69f4f2559babe99\" \/>\n\t<meta name=\"keywords\" content=\"actualidad\" \/>\n\t<link rel=\"canonical\" href=\"https:\/\/www.eldigitaldeasturias.com\/noticias\/susana-diaz-acusa-a-rajoy-de-no-liderar-espana-ante-el-conflicto-de-cataluna\/\" \/>\n\t<meta name=\"generator\" content=\"All in One SEO Pro (AIOSEO) 5.0.1\" \/>\n\t\t<meta property=\"og:locale\" content=\"es_ES\" \/>\n\t\t<meta property=\"og:site_name\" content=\"El Digital de Asturias\" \/>\n\t\t<meta property=\"og:type\" content=\"article\" \/>\n\t\t<meta property=\"og:title\" content=\"Susana D\u00edaz acusa a Rajoy de no liderar Espa\u00f1a ante el conflicto de Catalu\u00f1a - El Digital de Asturias\" \/>\n\t\t<meta property=\"og:description\" content=\"San Sebasti\u00e1n, 25 ene (EFE).- La presidenta de la Junta de Andaluc\u00eda, Susana D\u00edaz, ha acusado hoy al presidente del Gobierno, Mariano Rajoy, de &quot;no liderar el proyecto com\u00fan&quot; de Espa\u00f1a ante el &quot;grav\u00edsimo&quot; conflicto de Catalu\u00f1a y ha apelado al &quot;di\u00e1logo&quot; ante el &quot;choque de trenes&quot; entre el PP y el independentismo. D\u00edaz ha\" \/>\n\t\t<meta property=\"og:url\" content=\"https:\/\/www.eldigitaldeasturias.com\/noticias\/susana-diaz-acusa-a-rajoy-de-no-liderar-espana-ante-el-conflicto-de-cataluna\/\" \/>\n\t\t<meta property=\"og:image\" content=\"https:\/\/www.eldigitaldeasturias.com\/noticias\/wp-content\/uploads\/2026\/06\/Contenidos.jpg\" \/>\n\t\t<meta property=\"og:image:secure_url\" content=\"https:\/\/www.eldigitaldeasturias.com\/noticias\/wp-content\/uploads\/2026\/06\/Contenidos.jpg\" \/>\n\t\t<meta property=\"og:image:width\" content=\"1265\" \/>\n\t\t<meta property=\"og:image:height\" content=\"697\" \/>\n\t\t<meta property=\"article:tag\" content=\"actualidad\" \/>\n\t\t<meta property=\"article:published_time\" content=\"2014-01-25T21:10:26+00:00\" \/>\n\t\t<meta property=\"article:modified_time\" content=\"2014-01-25T21:10:26+00:00\" \/>\n\t\t<meta property=\"article:publisher\" content=\"https:\/\/facebook.com\/eldigitaldeasturias\" \/>\n\t\t<meta name=\"twitter:card\" content=\"summary_large_image\" \/>\n\t\t<meta name=\"twitter:title\" content=\"Susana D\u00edaz acusa a Rajoy de no liderar Espa\u00f1a ante el conflicto de Catalu\u00f1a - El Digital de Asturias\" \/>\n\t\t<meta name=\"twitter:description\" content=\"San Sebasti\u00e1n, 25 ene (EFE).- La presidenta de la Junta de Andaluc\u00eda, Susana D\u00edaz, ha acusado hoy al presidente del Gobierno, Mariano Rajoy, de &quot;no liderar el proyecto com\u00fan&quot; de Espa\u00f1a ante el &quot;grav\u00edsimo&quot; conflicto de Catalu\u00f1a y ha apelado al &quot;di\u00e1logo&quot; ante el &quot;choque de trenes&quot; entre el PP y el independentismo. D\u00edaz ha\" \/>\n\t\t<meta name=\"twitter:image\" content=\"https:\/\/www.eldigitaldeasturias.com\/noticias\/wp-content\/uploads\/2026\/06\/Contenidos.jpg\" \/>\n\t\t<meta name=\"twitter:label1\" content=\"Escrito por\" \/>\n\t\t<meta name=\"twitter:data1\" content=\"El Digital de Asturias\" \/>\n\t\t<meta name=\"twitter:label2\" content=\"Tiempo de lectura estimado\" \/>\n\t\t<meta name=\"twitter:data2\" content=\"3 minutos\" \/>\n\t\t<script type=\"application\/ld+json\" class=\"aioseo-schema\">\n\t\t\t{\"@context\":\"https:\\\/\\\/schema.org\",\"@graph\":[{\"@type\":\"BlogPosting\",\"@id\":\"https:\\\/\\\/www.eldigitaldeasturias.com\\\/noticias\\\/susana-diaz-acusa-a-rajoy-de-no-liderar-espana-ante-el-conflicto-de-cataluna\\\/#blogposting\",\"name\":\"Susana D\\u00edaz acusa a Rajoy de no liderar Espa\\u00f1a ante el conflicto de Catalu\\u00f1a - El Digital de Asturias\",\"headline\":\"Susana D\\u00edaz acusa a Rajoy de no liderar Espa\\u00f1a ante el conflicto de Catalu\\u00f1a\",\"author\":{\"@id\":\"https:\\\/\\\/www.eldigitaldeasturias.com\\\/noticias\\\/author\\\/admin\\\/#author\"},\"publisher\":{\"@id\":\"https:\\\/\\\/www.eldigitaldeasturias.com\\\/noticias\\\/#organization\"},\"image\":{\"@type\":\"ImageObject\",\"url\":\"https:\\\/\\\/www.eldigitaldeasturias.com\\\/noticias\\\/wp-content\\\/uploads\\\/2026\\\/06\\\/Contenidos.jpg\",\"width\":1265,\"height\":697,\"caption\":\"Contenidos\"},\"datePublished\":\"2014-01-25T20:10:26+01:00\",\"dateModified\":\"2014-01-25T20:10:26+01:00\",\"inLanguage\":\"es-ES\",\"mainEntityOfPage\":{\"@id\":\"https:\\\/\\\/www.eldigitaldeasturias.com\\\/noticias\\\/susana-diaz-acusa-a-rajoy-de-no-liderar-espana-ante-el-conflicto-de-cataluna\\\/#webpage\"},\"isPartOf\":{\"@id\":\"https:\\\/\\\/www.eldigitaldeasturias.com\\\/noticias\\\/susana-diaz-acusa-a-rajoy-de-no-liderar-espana-ante-el-conflicto-de-cataluna\\\/#webpage\"},\"articleSection\":\"Actualidad\"},{\"@type\":\"BreadcrumbList\",\"@id\":\"https:\\\/\\\/www.eldigitaldeasturias.com\\\/noticias\\\/susana-diaz-acusa-a-rajoy-de-no-liderar-espana-ante-el-conflicto-de-cataluna\\\/#breadcrumblist\",\"itemListElement\":[{\"@type\":\"ListItem\",\"@id\":\"https:\\\/\\\/www.eldigitaldeasturias.com\\\/noticias#listItem\",\"position\":1,\"name\":\"Home\",\"item\":\"https:\\\/\\\/www.eldigitaldeasturias.com\\\/noticias\",\"nextItem\":{\"@type\":\"ListItem\",\"@id\":\"https:\\\/\\\/www.eldigitaldeasturias.com\\\/noticias\\\/category\\\/actualidad\\\/#listItem\",\"name\":\"Actualidad\"}},{\"@type\":\"ListItem\",\"@id\":\"https:\\\/\\\/www.eldigitaldeasturias.com\\\/noticias\\\/category\\\/actualidad\\\/#listItem\",\"position\":2,\"name\":\"Actualidad\",\"item\":\"https:\\\/\\\/www.eldigitaldeasturias.com\\\/noticias\\\/category\\\/actualidad\\\/\",\"nextItem\":{\"@type\":\"ListItem\",\"@id\":\"https:\\\/\\\/www.eldigitaldeasturias.com\\\/noticias\\\/susana-diaz-acusa-a-rajoy-de-no-liderar-espana-ante-el-conflicto-de-cataluna\\\/#listItem\",\"name\":\"Susana D\\u00edaz acusa a Rajoy de no liderar Espa\\u00f1a ante el conflicto de Catalu\\u00f1a\"},\"previousItem\":{\"@type\":\"ListItem\",\"@id\":\"https:\\\/\\\/www.eldigitaldeasturias.com\\\/noticias#listItem\",\"name\":\"Home\"}},{\"@type\":\"ListItem\",\"@id\":\"https:\\\/\\\/www.eldigitaldeasturias.com\\\/noticias\\\/susana-diaz-acusa-a-rajoy-de-no-liderar-espana-ante-el-conflicto-de-cataluna\\\/#listItem\",\"position\":3,\"name\":\"Susana D\\u00edaz acusa a Rajoy de no liderar Espa\\u00f1a ante el conflicto de Catalu\\u00f1a\",\"previousItem\":{\"@type\":\"ListItem\",\"@id\":\"https:\\\/\\\/www.eldigitaldeasturias.com\\\/noticias\\\/category\\\/actualidad\\\/#listItem\",\"name\":\"Actualidad\"}}]},{\"@type\":\"Organization\",\"@id\":\"https:\\\/\\\/www.eldigitaldeasturias.com\\\/noticias\\\/#organization\",\"name\":\"El Digital de Asturias\",\"description\":\"Hemeroteca\",\"url\":\"https:\\\/\\\/www.eldigitaldeasturias.com\\\/noticias\\\/\",\"email\":\"info@eldigitaldeasturias.com\",\"telephone\":\"+34652131393\",\"logo\":{\"@type\":\"ImageObject\",\"url\":\"https:\\\/\\\/www.eldigitaldeasturias.com\\\/noticias\\\/wp-content\\\/uploads\\\/2020\\\/12\\\/EDA.jpg\",\"@id\":\"https:\\\/\\\/www.eldigitaldeasturias.com\\\/noticias\\\/susana-diaz-acusa-a-rajoy-de-no-liderar-espana-ante-el-conflicto-de-cataluna\\\/#organizationLogo\"},\"image\":{\"@id\":\"https:\\\/\\\/www.eldigitaldeasturias.com\\\/noticias\\\/susana-diaz-acusa-a-rajoy-de-no-liderar-espana-ante-el-conflicto-de-cataluna\\\/#organizationLogo\"},\"sameAs\":[\"https:\\\/\\\/facebook.com\\\/eldigitaldeasturias\",\"https:\\\/\\\/www.youtube.com\\\/channel\\\/UCZP-2wLEB9Rv6erhFmqVnvg\"],\"address\":{\"@id\":\"https:\\\/\\\/www.eldigitaldeasturias.com\\\/noticias\\\/#postaladdress\",\"@type\":\"PostalAddress\",\"streetAddress\":\"san antonio 4\",\"postalCode\":\"33430\",\"addressLocality\":\"Cand\\u00e1s\",\"addressRegion\":\"Asturias\",\"addressCountry\":\"ES\"}},{\"@type\":\"Person\",\"@id\":\"https:\\\/\\\/www.eldigitaldeasturias.com\\\/noticias\\\/author\\\/admin\\\/#author\",\"url\":\"https:\\\/\\\/www.eldigitaldeasturias.com\\\/noticias\\\/author\\\/admin\\\/\",\"name\":\"El Digital de Asturias\",\"image\":{\"@type\":\"ImageObject\",\"@id\":\"https:\\\/\\\/www.eldigitaldeasturias.com\\\/noticias\\\/susana-diaz-acusa-a-rajoy-de-no-liderar-espana-ante-el-conflicto-de-cataluna\\\/#authorImage\",\"url\":\"https:\\\/\\\/secure.gravatar.com\\\/avatar\\\/df2aeffc32bcd13f8d26072ef8a91b623d677766deac7f97ca815868cd41bf5e?s=96&d=mm&r=g\",\"width\":96,\"height\":96,\"caption\":\"El Digital de Asturias\"}},{\"@type\":\"WebPage\",\"@id\":\"https:\\\/\\\/www.eldigitaldeasturias.com\\\/noticias\\\/susana-diaz-acusa-a-rajoy-de-no-liderar-espana-ante-el-conflicto-de-cataluna\\\/#webpage\",\"url\":\"https:\\\/\\\/www.eldigitaldeasturias.com\\\/noticias\\\/susana-diaz-acusa-a-rajoy-de-no-liderar-espana-ante-el-conflicto-de-cataluna\\\/\",\"name\":\"Susana D\\u00edaz acusa a Rajoy de no liderar Espa\\u00f1a ante el conflicto de Catalu\\u00f1a - El Digital de Asturias\",\"description\":\"San Sebasti\\u00e1n, 25 ene (EFE).- La presidenta de la Junta de Andaluc\\u00eda, Susana D\\u00edaz, ha acusado hoy al presidente del Gobierno, Mariano Rajoy, de \\\"no liderar el proyecto com\\u00fan\\\" de Espa\\u00f1a ante el \\\"grav\\u00edsimo\\\" conflicto de Catalu\\u00f1a y ha apelado al \\\"di\\u00e1logo\\\" ante el \\\"choque de trenes\\\" entre el PP y el independentismo. D\\u00edaz ha\",\"inLanguage\":\"es-ES\",\"isPartOf\":{\"@id\":\"https:\\\/\\\/www.eldigitaldeasturias.com\\\/noticias\\\/#website\"},\"breadcrumb\":{\"@id\":\"https:\\\/\\\/www.eldigitaldeasturias.com\\\/noticias\\\/susana-diaz-acusa-a-rajoy-de-no-liderar-espana-ante-el-conflicto-de-cataluna\\\/#breadcrumblist\"},\"author\":{\"@id\":\"https:\\\/\\\/www.eldigitaldeasturias.com\\\/noticias\\\/author\\\/admin\\\/#author\"},\"creator\":{\"@id\":\"https:\\\/\\\/www.eldigitaldeasturias.com\\\/noticias\\\/author\\\/admin\\\/#author\"},\"image\":{\"@type\":\"ImageObject\",\"url\":\"https:\\\/\\\/www.eldigitaldeasturias.com\\\/noticias\\\/wp-content\\\/uploads\\\/2026\\\/06\\\/Contenidos.jpg\",\"@id\":\"https:\\\/\\\/www.eldigitaldeasturias.com\\\/noticias\\\/susana-diaz-acusa-a-rajoy-de-no-liderar-espana-ante-el-conflicto-de-cataluna\\\/#mainImage\",\"width\":1265,\"height\":697,\"caption\":\"Contenidos\"},\"primaryImageOfPage\":{\"@id\":\"https:\\\/\\\/www.eldigitaldeasturias.com\\\/noticias\\\/susana-diaz-acusa-a-rajoy-de-no-liderar-espana-ante-el-conflicto-de-cataluna\\\/#mainImage\"},\"datePublished\":\"2014-01-25T20:10:26+01:00\",\"dateModified\":\"2014-01-25T20:10:26+01:00\"},{\"@type\":\"WebSite\",\"@id\":\"https:\\\/\\\/www.eldigitaldeasturias.com\\\/noticias\\\/#website\",\"url\":\"https:\\\/\\\/www.eldigitaldeasturias.com\\\/noticias\\\/\",\"name\":\"El Digital de Asturias - Diario de actualidad y noticias\",\"alternateName\":\"El Digital de Asturias - Diario de actualidad y noticias\",\"description\":\"Hemeroteca\",\"inLanguage\":\"es-ES\",\"publisher\":{\"@id\":\"https:\\\/\\\/www.eldigitaldeasturias.com\\\/noticias\\\/#organization\"}}]}\n\t\t<\/script>\n\t\t<!-- All in One SEO Pro -->\r\n\t\t<title>Susana D\u00edaz acusa a Rajoy de no liderar Espa\u00f1a ante el conflicto de Catalu\u00f1a - El Digital de Asturias<\/title>\n\n","aioseo_head_json":{"title":"Susana D\u00edaz acusa a Rajoy de no liderar Espa\u00f1a ante el conflicto de Catalu\u00f1a - El Digital de Asturias","description":"San Sebasti\u00e1n, 25 ene (EFE).- La presidenta de la Junta de Andaluc\u00eda, Susana D\u00edaz, ha acusado hoy al presidente del Gobierno, Mariano Rajoy, de \"no liderar el proyecto com\u00fan\" de Espa\u00f1a ante el \"grav\u00edsimo\" conflicto de Catalu\u00f1a y ha apelado al \"di\u00e1logo\" ante el \"choque de trenes\" entre el PP y el independentismo. D\u00edaz ha","canonical_url":"https:\/\/www.eldigitaldeasturias.com\/noticias\/susana-diaz-acusa-a-rajoy-de-no-liderar-espana-ante-el-conflicto-de-cataluna\/","robots":"max-image-preview:large","keywords":"actualidad","webmasterTools":{"google-site-verification":"UA-38556648-1","msvalidate.01":"7dfe9f3f1b24437ab69f4f2559babe99","miscellaneous":""},"schema":{"@context":"https:\/\/schema.org","@graph":[{"@type":"BlogPosting","@id":"https:\/\/www.eldigitaldeasturias.com\/noticias\/susana-diaz-acusa-a-rajoy-de-no-liderar-espana-ante-el-conflicto-de-cataluna\/#blogposting","name":"Susana D\u00edaz acusa a Rajoy de no liderar Espa\u00f1a ante el conflicto de Catalu\u00f1a - El Digital de Asturias","headline":"Susana D\u00edaz acusa a Rajoy de no liderar Espa\u00f1a ante el conflicto de Catalu\u00f1a","author":{"@id":"https:\/\/www.eldigitaldeasturias.com\/noticias\/author\/admin\/#author"},"publisher":{"@id":"https:\/\/www.eldigitaldeasturias.com\/noticias\/#organization"},"image":{"@type":"ImageObject","url":"https:\/\/www.eldigitaldeasturias.com\/noticias\/wp-content\/uploads\/2026\/06\/Contenidos.jpg","width":1265,"height":697,"caption":"Contenidos"},"datePublished":"2014-01-25T20:10:26+01:00","dateModified":"2014-01-25T20:10:26+01:00","inLanguage":"es-ES","mainEntityOfPage":{"@id":"https:\/\/www.eldigitaldeasturias.com\/noticias\/susana-diaz-acusa-a-rajoy-de-no-liderar-espana-ante-el-conflicto-de-cataluna\/#webpage"},"isPartOf":{"@id":"https:\/\/www.eldigitaldeasturias.com\/noticias\/susana-diaz-acusa-a-rajoy-de-no-liderar-espana-ante-el-conflicto-de-cataluna\/#webpage"},"articleSection":"Actualidad"},{"@type":"BreadcrumbList","@id":"https:\/\/www.eldigitaldeasturias.com\/noticias\/susana-diaz-acusa-a-rajoy-de-no-liderar-espana-ante-el-conflicto-de-cataluna\/#breadcrumblist","itemListElement":[{"@type":"ListItem","@id":"https:\/\/www.eldigitaldeasturias.com\/noticias#listItem","position":1,"name":"Home","item":"https:\/\/www.eldigitaldeasturias.com\/noticias","nextItem":{"@type":"ListItem","@id":"https:\/\/www.eldigitaldeasturias.com\/noticias\/category\/actualidad\/#listItem","name":"Actualidad"}},{"@type":"ListItem","@id":"https:\/\/www.eldigitaldeasturias.com\/noticias\/category\/actualidad\/#listItem","position":2,"name":"Actualidad","item":"https:\/\/www.eldigitaldeasturias.com\/noticias\/category\/actualidad\/","nextItem":{"@type":"ListItem","@id":"https:\/\/www.eldigitaldeasturias.com\/noticias\/susana-diaz-acusa-a-rajoy-de-no-liderar-espana-ante-el-conflicto-de-cataluna\/#listItem","name":"Susana D\u00edaz acusa a Rajoy de no liderar Espa\u00f1a ante el conflicto de Catalu\u00f1a"},"previousItem":{"@type":"ListItem","@id":"https:\/\/www.eldigitaldeasturias.com\/noticias#listItem","name":"Home"}},{"@type":"ListItem","@id":"https:\/\/www.eldigitaldeasturias.com\/noticias\/susana-diaz-acusa-a-rajoy-de-no-liderar-espana-ante-el-conflicto-de-cataluna\/#listItem","position":3,"name":"Susana D\u00edaz acusa a Rajoy de no liderar Espa\u00f1a ante el conflicto de Catalu\u00f1a","previousItem":{"@type":"ListItem","@id":"https:\/\/www.eldigitaldeasturias.com\/noticias\/category\/actualidad\/#listItem","name":"Actualidad"}}]},{"@type":"Organization","@id":"https:\/\/www.eldigitaldeasturias.com\/noticias\/#organization","name":"El Digital de Asturias","description":"Hemeroteca","url":"https:\/\/www.eldigitaldeasturias.com\/noticias\/","email":"info@eldigitaldeasturias.com","telephone":"+34652131393","logo":{"@type":"ImageObject","url":"https:\/\/www.eldigitaldeasturias.com\/noticias\/wp-content\/uploads\/2020\/12\/EDA.jpg","@id":"https:\/\/www.eldigitaldeasturias.com\/noticias\/susana-diaz-acusa-a-rajoy-de-no-liderar-espana-ante-el-conflicto-de-cataluna\/#organizationLogo"},"image":{"@id":"https:\/\/www.eldigitaldeasturias.com\/noticias\/susana-diaz-acusa-a-rajoy-de-no-liderar-espana-ante-el-conflicto-de-cataluna\/#organizationLogo"},"sameAs":["https:\/\/facebook.com\/eldigitaldeasturias","https:\/\/www.youtube.com\/channel\/UCZP-2wLEB9Rv6erhFmqVnvg"],"address":{"@id":"https:\/\/www.eldigitaldeasturias.com\/noticias\/#postaladdress","@type":"PostalAddress","streetAddress":"san antonio 4","postalCode":"33430","addressLocality":"Cand\u00e1s","addressRegion":"Asturias","addressCountry":"ES"}},{"@type":"Person","@id":"https:\/\/www.eldigitaldeasturias.com\/noticias\/author\/admin\/#author","url":"https:\/\/www.eldigitaldeasturias.com\/noticias\/author\/admin\/","name":"El Digital de Asturias","image":{"@type":"ImageObject","@id":"https:\/\/www.eldigitaldeasturias.com\/noticias\/susana-diaz-acusa-a-rajoy-de-no-liderar-espana-ante-el-conflicto-de-cataluna\/#authorImage","url":"https:\/\/secure.gravatar.com\/avatar\/df2aeffc32bcd13f8d26072ef8a91b623d677766deac7f97ca815868cd41bf5e?s=96&d=mm&r=g","width":96,"height":96,"caption":"El Digital de Asturias"}},{"@type":"WebPage","@id":"https:\/\/www.eldigitaldeasturias.com\/noticias\/susana-diaz-acusa-a-rajoy-de-no-liderar-espana-ante-el-conflicto-de-cataluna\/#webpage","url":"https:\/\/www.eldigitaldeasturias.com\/noticias\/susana-diaz-acusa-a-rajoy-de-no-liderar-espana-ante-el-conflicto-de-cataluna\/","name":"Susana D\u00edaz acusa a Rajoy de no liderar Espa\u00f1a ante el conflicto de Catalu\u00f1a - El Digital de Asturias","description":"San Sebasti\u00e1n, 25 ene (EFE).- La presidenta de la Junta de Andaluc\u00eda, Susana D\u00edaz, ha acusado hoy al presidente del Gobierno, Mariano Rajoy, de \"no liderar el proyecto com\u00fan\" de Espa\u00f1a ante el \"grav\u00edsimo\" conflicto de Catalu\u00f1a y ha apelado al \"di\u00e1logo\" ante el \"choque de trenes\" entre el PP y el independentismo. D\u00edaz ha","inLanguage":"es-ES","isPartOf":{"@id":"https:\/\/www.eldigitaldeasturias.com\/noticias\/#website"},"breadcrumb":{"@id":"https:\/\/www.eldigitaldeasturias.com\/noticias\/susana-diaz-acusa-a-rajoy-de-no-liderar-espana-ante-el-conflicto-de-cataluna\/#breadcrumblist"},"author":{"@id":"https:\/\/www.eldigitaldeasturias.com\/noticias\/author\/admin\/#author"},"creator":{"@id":"https:\/\/www.eldigitaldeasturias.com\/noticias\/author\/admin\/#author"},"image":{"@type":"ImageObject","url":"https:\/\/www.eldigitaldeasturias.com\/noticias\/wp-content\/uploads\/2026\/06\/Contenidos.jpg","@id":"https:\/\/www.eldigitaldeasturias.com\/noticias\/susana-diaz-acusa-a-rajoy-de-no-liderar-espana-ante-el-conflicto-de-cataluna\/#mainImage","width":1265,"height":697,"caption":"Contenidos"},"primaryImageOfPage":{"@id":"https:\/\/www.eldigitaldeasturias.com\/noticias\/susana-diaz-acusa-a-rajoy-de-no-liderar-espana-ante-el-conflicto-de-cataluna\/#mainImage"},"datePublished":"2014-01-25T20:10:26+01:00","dateModified":"2014-01-25T20:10:26+01:00"},{"@type":"WebSite","@id":"https:\/\/www.eldigitaldeasturias.com\/noticias\/#website","url":"https:\/\/www.eldigitaldeasturias.com\/noticias\/","name":"El Digital de Asturias - Diario de actualidad y noticias","alternateName":"El Digital de Asturias - Diario de actualidad y noticias","description":"Hemeroteca","inLanguage":"es-ES","publisher":{"@id":"https:\/\/www.eldigitaldeasturias.com\/noticias\/#organization"}}]},"og:locale":"es_ES","og:site_name":"El Digital de Asturias","og:type":"article","og:title":"Susana D\u00edaz acusa a Rajoy de no liderar Espa\u00f1a ante el conflicto de Catalu\u00f1a - El Digital de Asturias","og:description":"San Sebasti\u00e1n, 25 ene (EFE).- La presidenta de la Junta de Andaluc\u00eda, Susana D\u00edaz, ha acusado hoy al presidente del Gobierno, Mariano Rajoy, de &quot;no liderar el proyecto com\u00fan&quot; de Espa\u00f1a ante el &quot;grav\u00edsimo&quot; conflicto de Catalu\u00f1a y ha apelado al &quot;di\u00e1logo&quot; ante el &quot;choque de trenes&quot; entre el PP y el independentismo. D\u00edaz ha","og:url":"https:\/\/www.eldigitaldeasturias.com\/noticias\/susana-diaz-acusa-a-rajoy-de-no-liderar-espana-ante-el-conflicto-de-cataluna\/","og:image":"https:\/\/www.eldigitaldeasturias.com\/noticias\/wp-content\/uploads\/2026\/06\/Contenidos.jpg","og:image:secure_url":"https:\/\/www.eldigitaldeasturias.com\/noticias\/wp-content\/uploads\/2026\/06\/Contenidos.jpg","og:image:width":1265,"og:image:height":697,"article:tag":["actualidad"],"article:published_time":"2014-01-25T21:10:26+00:00","article:modified_time":"2014-01-25T21:10:26+00:00","article:publisher":"https:\/\/facebook.com\/eldigitaldeasturias","twitter:card":"summary_large_image","twitter:title":"Susana D\u00edaz acusa a Rajoy de no liderar Espa\u00f1a ante el conflicto de Catalu\u00f1a - El Digital de Asturias","twitter:description":"San Sebasti\u00e1n, 25 ene (EFE).- La presidenta de la Junta de Andaluc\u00eda, Susana D\u00edaz, ha acusado hoy al presidente del Gobierno, Mariano Rajoy, de &quot;no liderar el proyecto com\u00fan&quot; de Espa\u00f1a ante el &quot;grav\u00edsimo&quot; conflicto de Catalu\u00f1a y ha apelado al &quot;di\u00e1logo&quot; ante el &quot;choque de trenes&quot; entre el PP y el independentismo. D\u00edaz ha","twitter:image":"https:\/\/www.eldigitaldeasturias.com\/noticias\/wp-content\/uploads\/2026\/06\/Contenidos.jpg","twitter:label1":"Escrito por","twitter:data1":"El Digital de Asturias","twitter:label2":"Tiempo de lectura estimado","twitter:data2":"3 minutos"},"aioseo_meta_data":{"post_id":"478844","title":null,"description":null,"keywords":null,"keyphrases":null,"primary_term":null,"canonical_url":null,"og_title":null,"og_description":null,"og_object_type":"default","og_image_type":"default","og_image_url":null,"og_image_width":null,"og_image_height":null,"og_image_custom_url":null,"og_image_custom_fields":null,"og_video":null,"og_custom_url":null,"og_article_section":null,"og_article_tags":null,"twitter_use_og":true,"twitter_card":"default","twitter_image_type":"default","twitter_image_url":null,"twitter_image_custom_url":null,"twitter_image_custom_fields":null,"twitter_title":null,"twitter_description":null,"schema":{"blockGraphs":[],"customGraphs":[],"default":{"data":{"Article":[],"Course":[],"Dataset":[],"FAQPage":[],"Movie":[],"Person":[],"Product":[],"ProductReview":[],"Car":[],"Recipe":[],"Service":[],"SoftwareApplication":[],"WebPage":[]},"graphName":"","isEnabled":true},"graphs":[],"defaultGraph":"","defaultPostTypeGraph":""},"schema_type":null,"schema_type_options":null,"pillar_content":false,"robots_default":true,"robots_noindex":false,"robots_noarchive":false,"robots_nosnippet":false,"robots_nofollow":false,"robots_noimageindex":false,"robots_noodp":false,"robots_notranslate":false,"robots_max_snippet":null,"robots_max_videopreview":null,"robots_max_imagepreview":"none","priority":null,"frequency":null,"local_seo":null,"seo_analyzer_scan_date":"2026-06-01 22:44:49","breadcrumb_settings":null,"limit_modified_date":false,"open_ai":null,"ai":null,"created":"2020-11-14 22:53:58","updated":"2026-06-01 22:44:49","focus_keyword":null,"additional_keywords":null,"truseo_locale":null},"aioseo_breadcrumb":"<div class=\"aioseo-breadcrumbs\"><span class=\"aioseo-breadcrumb\">\n\t<a href=\"https:\/\/www.eldigitaldeasturias.com\/noticias\" title=\"Home\">Home<\/a>\n<\/span><span class=\"aioseo-breadcrumb-separator\">\u2013<\/span><span class=\"aioseo-breadcrumb\">\n\t<a href=\"https:\/\/www.eldigitaldeasturias.com\/noticias\/category\/actualidad\/\" title=\"Actualidad\">Actualidad<\/a>\n<\/span><span class=\"aioseo-breadcrumb-separator\">\u2013<\/span><span class=\"aioseo-breadcrumb\">\n\t<a href=\"https:\/\/www.eldigitaldeasturias.com\/noticias\/susana-diaz-acusa-a-rajoy-de-no-liderar-espana-ante-el-conflicto-de-cataluna\/\" title=\"Susana D\u00edaz acusa a Rajoy de no liderar Espa\u00f1a ante el conflicto de Catalu\u00f1a\">Susana D\u00edaz acusa a Rajoy de no liderar Espa\u00f1a ante el conflicto de Catalu\u00f1a<\/a>\n<\/span><\/div>","aioseo_breadcrumb_json":[{"label":"Home","link":"https:\/\/www.eldigitaldeasturias.com\/noticias"},{"label":"Actualidad","link":"https:\/\/www.eldigitaldeasturias.com\/noticias\/category\/actualidad\/"},{"label":"Susana D\u00edaz acusa a Rajoy de no liderar Espa\u00f1a ante el conflicto de Catalu\u00f1a","link":"https:\/\/www.eldigitaldeasturias.com\/noticias\/susana-diaz-acusa-a-rajoy-de-no-liderar-espana-ante-el-conflicto-de-cataluna\/"}],"_links":{"self":[{"href":"https:\/\/www.eldigitaldeasturias.com\/noticias\/wp-json\/wp\/v2\/posts\/478844","targetHints":{"allow":["GET"]}}],"collection":[{"href":"https:\/\/www.eldigitaldeasturias.com\/noticias\/wp-json\/wp\/v2\/posts"}],"about":[{"href":"https:\/\/www.eldigitaldeasturias.com\/noticias\/wp-json\/wp\/v2\/types\/post"}],"author":[{"embeddable":true,"href":"https:\/\/www.eldigitaldeasturias.com\/noticias\/wp-json\/wp\/v2\/users\/1"}],"replies":[{"embeddable":true,"href":"https:\/\/www.eldigitaldeasturias.com\/noticias\/wp-json\/wp\/v2\/comments?post=478844"}],"version-history":[{"count":0,"href":"https:\/\/www.eldigitaldeasturias.com\/noticias\/wp-json\/wp\/v2\/posts\/478844\/revisions"}],"wp:featuredmedia":[{"embeddable":true,"href":"https:\/\/www.eldigitaldeasturias.com\/noticias\/wp-json\/wp\/v2\/media\/1132184"}],"wp:attachment":[{"href":"https:\/\/www.eldigitaldeasturias.com\/noticias\/wp-json\/wp\/v2\/media?parent=478844"}],"wp:term":[{"taxonomy":"category","embeddable":true,"href":"https:\/\/www.eldigitaldeasturias.com\/noticias\/wp-json\/wp\/v2\/categories?post=478844"},{"taxonomy":"post_tag","embeddable":true,"href":"https:\/\/www.eldigitaldeasturias.com\/noticias\/wp-json\/wp\/v2\/tags?post=478844"}],"curies":[{"name":"wp","href":"https:\/\/api.w.org\/{rel}","templated":true}]}}