{"id":478832,"date":"2014-01-25T20:04:54","date_gmt":"2014-01-25T21:04:54","guid":{"rendered":"http:\/\/www.eldigitaldeasturias.com\/noticias\/?p=478832"},"modified":"2014-01-25T20:04:54","modified_gmt":"2014-01-25T21:04:54","slug":"el-presidente-de-freixenet-dice-que-es-tanta-la-relacion-que-sera-muy-dificil-dividirnos","status":"publish","type":"post","link":"https:\/\/www.eldigitaldeasturias.com\/noticias\/el-presidente-de-freixenet-dice-que-es-tanta-la-relacion-que-sera-muy-dificil-dividirnos\/","title":{"rendered":"El presidente de Freixenet dice que \u00abes tanta la relaci\u00f3n que ser\u00e1 muy dif\u00edcil dividirnos\u00bb"},"content":{"rendered":"<p><img loading=\"lazy\" decoding=\"async\" class=\"alignleft size-medium wp-image-478833\" alt=\"5876051w\" src=\"https:\/\/www.eldigitaldeasturias.com\/noticias\/wp-content\/uploads\/2014\/01\/5876051w-360x256.jpg\" width=\"360\" height=\"256\" \/>Barcelona, 25 ene (EFE).- El presidente de Freixenet, Jos\u00e9 Luis Bonet, ha afirmado hoy que no contempla una independencia de Catalu\u00f1a porque \u00abes tanta la relaci\u00f3n (con el resto de Espa\u00f1a) que ser\u00e1 muy dif\u00edcil dividirnos\u00bb.<\/p>\n<p>Bonet, que tambi\u00e9n preside la Feria de Barcelona, ha participado en un debate, coordinado por el secretario de Estado de Presidencia del Gobierno, Jorge Moragas, con motivo de la convenci\u00f3n del PP Catal\u00e1n que se clausura hoy en Barcelona.<\/p>\n<p>El presidente de Freixenet, preguntado sobre si el debate soberanista encierra riesgos para la recuperaci\u00f3n econ\u00f3mica, ha dicho que Catalu\u00f1a \u00abes una parte esencial de Espa\u00f1a\u00bb y ha destacado que la econom\u00eda y los mercados van \u00abhacia arriba\u00bb sin que les afecte el debate soberanista.<\/p>\n<p>Por su parte, el presidente del Consejo social de la Universidad Abad Oliva y del C\u00edrculo Ecuestre, Borja Garc\u00eda Nieto, ha afirmado que los retos de Espa\u00f1a son ahora Europa, la uni\u00f3n bancaria y que los bancos espa\u00f1oles pasen las pruebas de \u00abestr\u00e9s\u00bb de solvencia.<\/p>\n<p>Ha asegurado asimismo que siempre se puede hablar de los flujos econ\u00f3micos entre Espa\u00f1a y Catalu\u00f1a, incluso de mejorarlos si hace falta, pero ha subrayado que, para Catalu\u00f1a, \u00abla mejor forma de estar en el caballo europeo es estar en Espa\u00f1a\u00bb.<\/p>\n","protected":false},"excerpt":{"rendered":"<p>Barcelona, 25 ene (EFE).- El presidente de Freixenet, Jos\u00e9 Luis Bonet, ha afirmado hoy que no contempla una independencia de Catalu\u00f1a porque \u00abes tanta la relaci\u00f3n (con el resto de Espa\u00f1a) que ser\u00e1 muy dif\u00edcil dividirnos\u00bb. Bonet, que tambi\u00e9n preside la Feria de Barcelona, ha participado en un debate, coordinado por el secretario de Estado [&hellip;]<\/p>\n","protected":false},"author":1,"featured_media":1132184,"comment_status":"closed","ping_status":"open","sticky":false,"template":"","format":"standard","meta":{"footnotes":""},"categories":[1],"tags":[],"class_list":["post-478832","post","type-post","status-publish","format-standard","has-post-thumbnail","hentry","category-actualidad"],"aioseo_notices":[],"aioseo_head":"\n\t\t<!-- All in One SEO Pro 5.0.1 - aioseo.com -->\n\t<meta name=\"description\" content=\"Barcelona, 25 ene (EFE).- El presidente de Freixenet, Jos\u00e9 Luis Bonet, ha afirmado hoy que no contempla una independencia de Catalu\u00f1a porque &quot;es tanta la relaci\u00f3n (con el resto de Espa\u00f1a) que ser\u00e1 muy dif\u00edcil dividirnos&quot;. Bonet, que tambi\u00e9n preside la Feria de Barcelona, ha participado en un debate, coordinado por el secretario de Estado\" \/>\n\t<meta name=\"robots\" content=\"max-image-preview:large\" \/>\n\t<meta name=\"author\" content=\"El Digital de Asturias\"\/>\n\t<meta name=\"google-site-verification\" content=\"UA-38556648-1\" \/>\n\t<meta name=\"msvalidate.01\" content=\"7dfe9f3f1b24437ab69f4f2559babe99\" \/>\n\t<meta name=\"keywords\" content=\"actualidad\" \/>\n\t<link rel=\"canonical\" href=\"https:\/\/www.eldigitaldeasturias.com\/noticias\/el-presidente-de-freixenet-dice-que-es-tanta-la-relacion-que-sera-muy-dificil-dividirnos\/\" \/>\n\t<meta name=\"generator\" content=\"All in One SEO Pro (AIOSEO) 5.0.1\" \/>\n\t\t<meta property=\"og:locale\" content=\"es_ES\" \/>\n\t\t<meta property=\"og:site_name\" content=\"El Digital de Asturias\" \/>\n\t\t<meta property=\"og:type\" content=\"article\" \/>\n\t\t<meta property=\"og:title\" content=\"El presidente de Freixenet dice que \u00abes tanta la relaci\u00f3n que ser\u00e1 muy dif\u00edcil dividirnos\u00bb - El Digital de Asturias\" \/>\n\t\t<meta property=\"og:description\" content=\"Barcelona, 25 ene (EFE).- El presidente de Freixenet, Jos\u00e9 Luis Bonet, ha afirmado hoy que no contempla una independencia de Catalu\u00f1a porque &quot;es tanta la relaci\u00f3n (con el resto de Espa\u00f1a) que ser\u00e1 muy dif\u00edcil dividirnos&quot;. Bonet, que tambi\u00e9n preside la Feria de Barcelona, ha participado en un debate, coordinado por el secretario de Estado\" \/>\n\t\t<meta property=\"og:url\" content=\"https:\/\/www.eldigitaldeasturias.com\/noticias\/el-presidente-de-freixenet-dice-que-es-tanta-la-relacion-que-sera-muy-dificil-dividirnos\/\" \/>\n\t\t<meta property=\"og:image\" content=\"https:\/\/www.eldigitaldeasturias.com\/noticias\/wp-content\/uploads\/2026\/06\/Contenidos.jpg\" \/>\n\t\t<meta property=\"og:image:secure_url\" content=\"https:\/\/www.eldigitaldeasturias.com\/noticias\/wp-content\/uploads\/2026\/06\/Contenidos.jpg\" \/>\n\t\t<meta property=\"og:image:width\" content=\"1265\" \/>\n\t\t<meta property=\"og:image:height\" content=\"697\" \/>\n\t\t<meta property=\"article:tag\" content=\"actualidad\" \/>\n\t\t<meta property=\"article:published_time\" content=\"2014-01-25T21:04:54+00:00\" \/>\n\t\t<meta property=\"article:modified_time\" content=\"2014-01-25T21:04:54+00:00\" \/>\n\t\t<meta property=\"article:publisher\" content=\"https:\/\/facebook.com\/eldigitaldeasturias\" \/>\n\t\t<meta name=\"twitter:card\" content=\"summary_large_image\" \/>\n\t\t<meta name=\"twitter:title\" content=\"El presidente de Freixenet dice que \u00abes tanta la relaci\u00f3n que ser\u00e1 muy dif\u00edcil dividirnos\u00bb - El Digital de Asturias\" \/>\n\t\t<meta name=\"twitter:description\" content=\"Barcelona, 25 ene (EFE).- El presidente de Freixenet, Jos\u00e9 Luis Bonet, ha afirmado hoy que no contempla una independencia de Catalu\u00f1a porque &quot;es tanta la relaci\u00f3n (con el resto de Espa\u00f1a) que ser\u00e1 muy dif\u00edcil dividirnos&quot;. Bonet, que tambi\u00e9n preside la Feria de Barcelona, ha participado en un debate, coordinado por el secretario de Estado\" \/>\n\t\t<meta name=\"twitter:image\" content=\"https:\/\/www.eldigitaldeasturias.com\/noticias\/wp-content\/uploads\/2026\/06\/Contenidos.jpg\" \/>\n\t\t<meta name=\"twitter:label1\" content=\"Escrito por\" \/>\n\t\t<meta name=\"twitter:data1\" content=\"El Digital de Asturias\" \/>\n\t\t<meta name=\"twitter:label2\" content=\"Tiempo de lectura estimado\" \/>\n\t\t<meta name=\"twitter:data2\" content=\"1 minuto\" \/>\n\t\t<script type=\"application\/ld+json\" class=\"aioseo-schema\">\n\t\t\t{\"@context\":\"https:\\\/\\\/schema.org\",\"@graph\":[{\"@type\":\"BlogPosting\",\"@id\":\"https:\\\/\\\/www.eldigitaldeasturias.com\\\/noticias\\\/el-presidente-de-freixenet-dice-que-es-tanta-la-relacion-que-sera-muy-dificil-dividirnos\\\/#blogposting\",\"name\":\"El presidente de Freixenet dice que \\u00abes tanta la relaci\\u00f3n que ser\\u00e1 muy dif\\u00edcil dividirnos\\u00bb - El Digital de Asturias\",\"headline\":\"El presidente de Freixenet dice que \\u00abes tanta la relaci\\u00f3n que ser\\u00e1 muy dif\\u00edcil dividirnos\\u00bb\",\"author\":{\"@id\":\"https:\\\/\\\/www.eldigitaldeasturias.com\\\/noticias\\\/author\\\/admin\\\/#author\"},\"publisher\":{\"@id\":\"https:\\\/\\\/www.eldigitaldeasturias.com\\\/noticias\\\/#organization\"},\"image\":{\"@type\":\"ImageObject\",\"url\":\"https:\\\/\\\/www.eldigitaldeasturias.com\\\/noticias\\\/wp-content\\\/uploads\\\/2026\\\/06\\\/Contenidos.jpg\",\"width\":1265,\"height\":697,\"caption\":\"Contenidos\"},\"datePublished\":\"2014-01-25T20:04:54+01:00\",\"dateModified\":\"2014-01-25T20:04:54+01:00\",\"inLanguage\":\"es-ES\",\"mainEntityOfPage\":{\"@id\":\"https:\\\/\\\/www.eldigitaldeasturias.com\\\/noticias\\\/el-presidente-de-freixenet-dice-que-es-tanta-la-relacion-que-sera-muy-dificil-dividirnos\\\/#webpage\"},\"isPartOf\":{\"@id\":\"https:\\\/\\\/www.eldigitaldeasturias.com\\\/noticias\\\/el-presidente-de-freixenet-dice-que-es-tanta-la-relacion-que-sera-muy-dificil-dividirnos\\\/#webpage\"},\"articleSection\":\"Actualidad\"},{\"@type\":\"BreadcrumbList\",\"@id\":\"https:\\\/\\\/www.eldigitaldeasturias.com\\\/noticias\\\/el-presidente-de-freixenet-dice-que-es-tanta-la-relacion-que-sera-muy-dificil-dividirnos\\\/#breadcrumblist\",\"itemListElement\":[{\"@type\":\"ListItem\",\"@id\":\"https:\\\/\\\/www.eldigitaldeasturias.com\\\/noticias#listItem\",\"position\":1,\"name\":\"Home\",\"item\":\"https:\\\/\\\/www.eldigitaldeasturias.com\\\/noticias\",\"nextItem\":{\"@type\":\"ListItem\",\"@id\":\"https:\\\/\\\/www.eldigitaldeasturias.com\\\/noticias\\\/category\\\/actualidad\\\/#listItem\",\"name\":\"Actualidad\"}},{\"@type\":\"ListItem\",\"@id\":\"https:\\\/\\\/www.eldigitaldeasturias.com\\\/noticias\\\/category\\\/actualidad\\\/#listItem\",\"position\":2,\"name\":\"Actualidad\",\"item\":\"https:\\\/\\\/www.eldigitaldeasturias.com\\\/noticias\\\/category\\\/actualidad\\\/\",\"nextItem\":{\"@type\":\"ListItem\",\"@id\":\"https:\\\/\\\/www.eldigitaldeasturias.com\\\/noticias\\\/el-presidente-de-freixenet-dice-que-es-tanta-la-relacion-que-sera-muy-dificil-dividirnos\\\/#listItem\",\"name\":\"El presidente de Freixenet dice que \\u00abes tanta la relaci\\u00f3n que ser\\u00e1 muy dif\\u00edcil dividirnos\\u00bb\"},\"previousItem\":{\"@type\":\"ListItem\",\"@id\":\"https:\\\/\\\/www.eldigitaldeasturias.com\\\/noticias#listItem\",\"name\":\"Home\"}},{\"@type\":\"ListItem\",\"@id\":\"https:\\\/\\\/www.eldigitaldeasturias.com\\\/noticias\\\/el-presidente-de-freixenet-dice-que-es-tanta-la-relacion-que-sera-muy-dificil-dividirnos\\\/#listItem\",\"position\":3,\"name\":\"El presidente de Freixenet dice que \\u00abes tanta la relaci\\u00f3n que ser\\u00e1 muy dif\\u00edcil dividirnos\\u00bb\",\"previousItem\":{\"@type\":\"ListItem\",\"@id\":\"https:\\\/\\\/www.eldigitaldeasturias.com\\\/noticias\\\/category\\\/actualidad\\\/#listItem\",\"name\":\"Actualidad\"}}]},{\"@type\":\"Organization\",\"@id\":\"https:\\\/\\\/www.eldigitaldeasturias.com\\\/noticias\\\/#organization\",\"name\":\"El Digital de Asturias\",\"description\":\"Hemeroteca\",\"url\":\"https:\\\/\\\/www.eldigitaldeasturias.com\\\/noticias\\\/\",\"email\":\"info@eldigitaldeasturias.com\",\"telephone\":\"+34652131393\",\"logo\":{\"@type\":\"ImageObject\",\"url\":\"https:\\\/\\\/www.eldigitaldeasturias.com\\\/noticias\\\/wp-content\\\/uploads\\\/2020\\\/12\\\/EDA.jpg\",\"@id\":\"https:\\\/\\\/www.eldigitaldeasturias.com\\\/noticias\\\/el-presidente-de-freixenet-dice-que-es-tanta-la-relacion-que-sera-muy-dificil-dividirnos\\\/#organizationLogo\"},\"image\":{\"@id\":\"https:\\\/\\\/www.eldigitaldeasturias.com\\\/noticias\\\/el-presidente-de-freixenet-dice-que-es-tanta-la-relacion-que-sera-muy-dificil-dividirnos\\\/#organizationLogo\"},\"sameAs\":[\"https:\\\/\\\/facebook.com\\\/eldigitaldeasturias\",\"https:\\\/\\\/www.youtube.com\\\/channel\\\/UCZP-2wLEB9Rv6erhFmqVnvg\"],\"address\":{\"@id\":\"https:\\\/\\\/www.eldigitaldeasturias.com\\\/noticias\\\/#postaladdress\",\"@type\":\"PostalAddress\",\"streetAddress\":\"san antonio 4\",\"postalCode\":\"33430\",\"addressLocality\":\"Cand\\u00e1s\",\"addressRegion\":\"Asturias\",\"addressCountry\":\"ES\"}},{\"@type\":\"Person\",\"@id\":\"https:\\\/\\\/www.eldigitaldeasturias.com\\\/noticias\\\/author\\\/admin\\\/#author\",\"url\":\"https:\\\/\\\/www.eldigitaldeasturias.com\\\/noticias\\\/author\\\/admin\\\/\",\"name\":\"El Digital de Asturias\",\"image\":{\"@type\":\"ImageObject\",\"@id\":\"https:\\\/\\\/www.eldigitaldeasturias.com\\\/noticias\\\/el-presidente-de-freixenet-dice-que-es-tanta-la-relacion-que-sera-muy-dificil-dividirnos\\\/#authorImage\",\"url\":\"https:\\\/\\\/secure.gravatar.com\\\/avatar\\\/df2aeffc32bcd13f8d26072ef8a91b623d677766deac7f97ca815868cd41bf5e?s=96&d=mm&r=g\",\"width\":96,\"height\":96,\"caption\":\"El Digital de Asturias\"}},{\"@type\":\"WebPage\",\"@id\":\"https:\\\/\\\/www.eldigitaldeasturias.com\\\/noticias\\\/el-presidente-de-freixenet-dice-que-es-tanta-la-relacion-que-sera-muy-dificil-dividirnos\\\/#webpage\",\"url\":\"https:\\\/\\\/www.eldigitaldeasturias.com\\\/noticias\\\/el-presidente-de-freixenet-dice-que-es-tanta-la-relacion-que-sera-muy-dificil-dividirnos\\\/\",\"name\":\"El presidente de Freixenet dice que \\u00abes tanta la relaci\\u00f3n que ser\\u00e1 muy dif\\u00edcil dividirnos\\u00bb - El Digital de Asturias\",\"description\":\"Barcelona, 25 ene (EFE).- El presidente de Freixenet, Jos\\u00e9 Luis Bonet, ha afirmado hoy que no contempla una independencia de Catalu\\u00f1a porque \\\"es tanta la relaci\\u00f3n (con el resto de Espa\\u00f1a) que ser\\u00e1 muy dif\\u00edcil dividirnos\\\". Bonet, que tambi\\u00e9n preside la Feria de Barcelona, ha participado en un debate, coordinado por el secretario de Estado\",\"inLanguage\":\"es-ES\",\"isPartOf\":{\"@id\":\"https:\\\/\\\/www.eldigitaldeasturias.com\\\/noticias\\\/#website\"},\"breadcrumb\":{\"@id\":\"https:\\\/\\\/www.eldigitaldeasturias.com\\\/noticias\\\/el-presidente-de-freixenet-dice-que-es-tanta-la-relacion-que-sera-muy-dificil-dividirnos\\\/#breadcrumblist\"},\"author\":{\"@id\":\"https:\\\/\\\/www.eldigitaldeasturias.com\\\/noticias\\\/author\\\/admin\\\/#author\"},\"creator\":{\"@id\":\"https:\\\/\\\/www.eldigitaldeasturias.com\\\/noticias\\\/author\\\/admin\\\/#author\"},\"image\":{\"@type\":\"ImageObject\",\"url\":\"https:\\\/\\\/www.eldigitaldeasturias.com\\\/noticias\\\/wp-content\\\/uploads\\\/2026\\\/06\\\/Contenidos.jpg\",\"@id\":\"https:\\\/\\\/www.eldigitaldeasturias.com\\\/noticias\\\/el-presidente-de-freixenet-dice-que-es-tanta-la-relacion-que-sera-muy-dificil-dividirnos\\\/#mainImage\",\"width\":1265,\"height\":697,\"caption\":\"Contenidos\"},\"primaryImageOfPage\":{\"@id\":\"https:\\\/\\\/www.eldigitaldeasturias.com\\\/noticias\\\/el-presidente-de-freixenet-dice-que-es-tanta-la-relacion-que-sera-muy-dificil-dividirnos\\\/#mainImage\"},\"datePublished\":\"2014-01-25T20:04:54+01:00\",\"dateModified\":\"2014-01-25T20:04:54+01:00\"},{\"@type\":\"WebSite\",\"@id\":\"https:\\\/\\\/www.eldigitaldeasturias.com\\\/noticias\\\/#website\",\"url\":\"https:\\\/\\\/www.eldigitaldeasturias.com\\\/noticias\\\/\",\"name\":\"El Digital de Asturias - Diario de actualidad y noticias\",\"alternateName\":\"El Digital de Asturias - Diario de actualidad y noticias\",\"description\":\"Hemeroteca\",\"inLanguage\":\"es-ES\",\"publisher\":{\"@id\":\"https:\\\/\\\/www.eldigitaldeasturias.com\\\/noticias\\\/#organization\"}}]}\n\t\t<\/script>\n\t\t<!-- All in One SEO Pro -->\r\n\t\t<title>El presidente de Freixenet dice que \u00abes tanta la relaci\u00f3n que ser\u00e1 muy dif\u00edcil dividirnos\u00bb - El Digital de Asturias<\/title>\n\n","aioseo_head_json":{"title":"El presidente de Freixenet dice que \u00abes tanta la relaci\u00f3n que ser\u00e1 muy dif\u00edcil dividirnos\u00bb - El Digital de Asturias","description":"Barcelona, 25 ene (EFE).- El presidente de Freixenet, Jos\u00e9 Luis Bonet, ha afirmado hoy que no contempla una independencia de Catalu\u00f1a porque \"es tanta la relaci\u00f3n (con el resto de Espa\u00f1a) que ser\u00e1 muy dif\u00edcil dividirnos\". Bonet, que tambi\u00e9n preside la Feria de Barcelona, ha participado en un debate, coordinado por el secretario de Estado","canonical_url":"https:\/\/www.eldigitaldeasturias.com\/noticias\/el-presidente-de-freixenet-dice-que-es-tanta-la-relacion-que-sera-muy-dificil-dividirnos\/","robots":"max-image-preview:large","keywords":"actualidad","webmasterTools":{"google-site-verification":"UA-38556648-1","msvalidate.01":"7dfe9f3f1b24437ab69f4f2559babe99","miscellaneous":""},"schema":{"@context":"https:\/\/schema.org","@graph":[{"@type":"BlogPosting","@id":"https:\/\/www.eldigitaldeasturias.com\/noticias\/el-presidente-de-freixenet-dice-que-es-tanta-la-relacion-que-sera-muy-dificil-dividirnos\/#blogposting","name":"El presidente de Freixenet dice que \u00abes tanta la relaci\u00f3n que ser\u00e1 muy dif\u00edcil dividirnos\u00bb - El Digital de Asturias","headline":"El presidente de Freixenet dice que \u00abes tanta la relaci\u00f3n que ser\u00e1 muy dif\u00edcil dividirnos\u00bb","author":{"@id":"https:\/\/www.eldigitaldeasturias.com\/noticias\/author\/admin\/#author"},"publisher":{"@id":"https:\/\/www.eldigitaldeasturias.com\/noticias\/#organization"},"image":{"@type":"ImageObject","url":"https:\/\/www.eldigitaldeasturias.com\/noticias\/wp-content\/uploads\/2026\/06\/Contenidos.jpg","width":1265,"height":697,"caption":"Contenidos"},"datePublished":"2014-01-25T20:04:54+01:00","dateModified":"2014-01-25T20:04:54+01:00","inLanguage":"es-ES","mainEntityOfPage":{"@id":"https:\/\/www.eldigitaldeasturias.com\/noticias\/el-presidente-de-freixenet-dice-que-es-tanta-la-relacion-que-sera-muy-dificil-dividirnos\/#webpage"},"isPartOf":{"@id":"https:\/\/www.eldigitaldeasturias.com\/noticias\/el-presidente-de-freixenet-dice-que-es-tanta-la-relacion-que-sera-muy-dificil-dividirnos\/#webpage"},"articleSection":"Actualidad"},{"@type":"BreadcrumbList","@id":"https:\/\/www.eldigitaldeasturias.com\/noticias\/el-presidente-de-freixenet-dice-que-es-tanta-la-relacion-que-sera-muy-dificil-dividirnos\/#breadcrumblist","itemListElement":[{"@type":"ListItem","@id":"https:\/\/www.eldigitaldeasturias.com\/noticias#listItem","position":1,"name":"Home","item":"https:\/\/www.eldigitaldeasturias.com\/noticias","nextItem":{"@type":"ListItem","@id":"https:\/\/www.eldigitaldeasturias.com\/noticias\/category\/actualidad\/#listItem","name":"Actualidad"}},{"@type":"ListItem","@id":"https:\/\/www.eldigitaldeasturias.com\/noticias\/category\/actualidad\/#listItem","position":2,"name":"Actualidad","item":"https:\/\/www.eldigitaldeasturias.com\/noticias\/category\/actualidad\/","nextItem":{"@type":"ListItem","@id":"https:\/\/www.eldigitaldeasturias.com\/noticias\/el-presidente-de-freixenet-dice-que-es-tanta-la-relacion-que-sera-muy-dificil-dividirnos\/#listItem","name":"El presidente de Freixenet dice que \u00abes tanta la relaci\u00f3n que ser\u00e1 muy dif\u00edcil dividirnos\u00bb"},"previousItem":{"@type":"ListItem","@id":"https:\/\/www.eldigitaldeasturias.com\/noticias#listItem","name":"Home"}},{"@type":"ListItem","@id":"https:\/\/www.eldigitaldeasturias.com\/noticias\/el-presidente-de-freixenet-dice-que-es-tanta-la-relacion-que-sera-muy-dificil-dividirnos\/#listItem","position":3,"name":"El presidente de Freixenet dice que \u00abes tanta la relaci\u00f3n que ser\u00e1 muy dif\u00edcil dividirnos\u00bb","previousItem":{"@type":"ListItem","@id":"https:\/\/www.eldigitaldeasturias.com\/noticias\/category\/actualidad\/#listItem","name":"Actualidad"}}]},{"@type":"Organization","@id":"https:\/\/www.eldigitaldeasturias.com\/noticias\/#organization","name":"El Digital de Asturias","description":"Hemeroteca","url":"https:\/\/www.eldigitaldeasturias.com\/noticias\/","email":"info@eldigitaldeasturias.com","telephone":"+34652131393","logo":{"@type":"ImageObject","url":"https:\/\/www.eldigitaldeasturias.com\/noticias\/wp-content\/uploads\/2020\/12\/EDA.jpg","@id":"https:\/\/www.eldigitaldeasturias.com\/noticias\/el-presidente-de-freixenet-dice-que-es-tanta-la-relacion-que-sera-muy-dificil-dividirnos\/#organizationLogo"},"image":{"@id":"https:\/\/www.eldigitaldeasturias.com\/noticias\/el-presidente-de-freixenet-dice-que-es-tanta-la-relacion-que-sera-muy-dificil-dividirnos\/#organizationLogo"},"sameAs":["https:\/\/facebook.com\/eldigitaldeasturias","https:\/\/www.youtube.com\/channel\/UCZP-2wLEB9Rv6erhFmqVnvg"],"address":{"@id":"https:\/\/www.eldigitaldeasturias.com\/noticias\/#postaladdress","@type":"PostalAddress","streetAddress":"san antonio 4","postalCode":"33430","addressLocality":"Cand\u00e1s","addressRegion":"Asturias","addressCountry":"ES"}},{"@type":"Person","@id":"https:\/\/www.eldigitaldeasturias.com\/noticias\/author\/admin\/#author","url":"https:\/\/www.eldigitaldeasturias.com\/noticias\/author\/admin\/","name":"El Digital de Asturias","image":{"@type":"ImageObject","@id":"https:\/\/www.eldigitaldeasturias.com\/noticias\/el-presidente-de-freixenet-dice-que-es-tanta-la-relacion-que-sera-muy-dificil-dividirnos\/#authorImage","url":"https:\/\/secure.gravatar.com\/avatar\/df2aeffc32bcd13f8d26072ef8a91b623d677766deac7f97ca815868cd41bf5e?s=96&d=mm&r=g","width":96,"height":96,"caption":"El Digital de Asturias"}},{"@type":"WebPage","@id":"https:\/\/www.eldigitaldeasturias.com\/noticias\/el-presidente-de-freixenet-dice-que-es-tanta-la-relacion-que-sera-muy-dificil-dividirnos\/#webpage","url":"https:\/\/www.eldigitaldeasturias.com\/noticias\/el-presidente-de-freixenet-dice-que-es-tanta-la-relacion-que-sera-muy-dificil-dividirnos\/","name":"El presidente de Freixenet dice que \u00abes tanta la relaci\u00f3n que ser\u00e1 muy dif\u00edcil dividirnos\u00bb - El Digital de Asturias","description":"Barcelona, 25 ene (EFE).- El presidente de Freixenet, Jos\u00e9 Luis Bonet, ha afirmado hoy que no contempla una independencia de Catalu\u00f1a porque \"es tanta la relaci\u00f3n (con el resto de Espa\u00f1a) que ser\u00e1 muy dif\u00edcil dividirnos\". Bonet, que tambi\u00e9n preside la Feria de Barcelona, ha participado en un debate, coordinado por el secretario de Estado","inLanguage":"es-ES","isPartOf":{"@id":"https:\/\/www.eldigitaldeasturias.com\/noticias\/#website"},"breadcrumb":{"@id":"https:\/\/www.eldigitaldeasturias.com\/noticias\/el-presidente-de-freixenet-dice-que-es-tanta-la-relacion-que-sera-muy-dificil-dividirnos\/#breadcrumblist"},"author":{"@id":"https:\/\/www.eldigitaldeasturias.com\/noticias\/author\/admin\/#author"},"creator":{"@id":"https:\/\/www.eldigitaldeasturias.com\/noticias\/author\/admin\/#author"},"image":{"@type":"ImageObject","url":"https:\/\/www.eldigitaldeasturias.com\/noticias\/wp-content\/uploads\/2026\/06\/Contenidos.jpg","@id":"https:\/\/www.eldigitaldeasturias.com\/noticias\/el-presidente-de-freixenet-dice-que-es-tanta-la-relacion-que-sera-muy-dificil-dividirnos\/#mainImage","width":1265,"height":697,"caption":"Contenidos"},"primaryImageOfPage":{"@id":"https:\/\/www.eldigitaldeasturias.com\/noticias\/el-presidente-de-freixenet-dice-que-es-tanta-la-relacion-que-sera-muy-dificil-dividirnos\/#mainImage"},"datePublished":"2014-01-25T20:04:54+01:00","dateModified":"2014-01-25T20:04:54+01:00"},{"@type":"WebSite","@id":"https:\/\/www.eldigitaldeasturias.com\/noticias\/#website","url":"https:\/\/www.eldigitaldeasturias.com\/noticias\/","name":"El Digital de Asturias - Diario de actualidad y noticias","alternateName":"El Digital de Asturias - Diario de actualidad y noticias","description":"Hemeroteca","inLanguage":"es-ES","publisher":{"@id":"https:\/\/www.eldigitaldeasturias.com\/noticias\/#organization"}}]},"og:locale":"es_ES","og:site_name":"El Digital de Asturias","og:type":"article","og:title":"El presidente de Freixenet dice que \u00abes tanta la relaci\u00f3n que ser\u00e1 muy dif\u00edcil dividirnos\u00bb - El Digital de Asturias","og:description":"Barcelona, 25 ene (EFE).- El presidente de Freixenet, Jos\u00e9 Luis Bonet, ha afirmado hoy que no contempla una independencia de Catalu\u00f1a porque &quot;es tanta la relaci\u00f3n (con el resto de Espa\u00f1a) que ser\u00e1 muy dif\u00edcil dividirnos&quot;. Bonet, que tambi\u00e9n preside la Feria de Barcelona, ha participado en un debate, coordinado por el secretario de Estado","og:url":"https:\/\/www.eldigitaldeasturias.com\/noticias\/el-presidente-de-freixenet-dice-que-es-tanta-la-relacion-que-sera-muy-dificil-dividirnos\/","og:image":"https:\/\/www.eldigitaldeasturias.com\/noticias\/wp-content\/uploads\/2026\/06\/Contenidos.jpg","og:image:secure_url":"https:\/\/www.eldigitaldeasturias.com\/noticias\/wp-content\/uploads\/2026\/06\/Contenidos.jpg","og:image:width":1265,"og:image:height":697,"article:tag":["actualidad"],"article:published_time":"2014-01-25T21:04:54+00:00","article:modified_time":"2014-01-25T21:04:54+00:00","article:publisher":"https:\/\/facebook.com\/eldigitaldeasturias","twitter:card":"summary_large_image","twitter:title":"El presidente de Freixenet dice que \u00abes tanta la relaci\u00f3n que ser\u00e1 muy dif\u00edcil dividirnos\u00bb - El Digital de Asturias","twitter:description":"Barcelona, 25 ene (EFE).- El presidente de Freixenet, Jos\u00e9 Luis Bonet, ha afirmado hoy que no contempla una independencia de Catalu\u00f1a porque &quot;es tanta la relaci\u00f3n (con el resto de Espa\u00f1a) que ser\u00e1 muy dif\u00edcil dividirnos&quot;. Bonet, que tambi\u00e9n preside la Feria de Barcelona, ha participado en un debate, coordinado por el secretario de Estado","twitter:image":"https:\/\/www.eldigitaldeasturias.com\/noticias\/wp-content\/uploads\/2026\/06\/Contenidos.jpg","twitter:label1":"Escrito por","twitter:data1":"El Digital de Asturias","twitter:label2":"Tiempo de lectura estimado","twitter:data2":"1 minuto"},"aioseo_meta_data":{"post_id":"478832","title":null,"description":null,"keywords":null,"keyphrases":null,"primary_term":null,"canonical_url":null,"og_title":null,"og_description":null,"og_object_type":"default","og_image_type":"default","og_image_url":null,"og_image_width":null,"og_image_height":null,"og_image_custom_url":null,"og_image_custom_fields":null,"og_video":null,"og_custom_url":null,"og_article_section":null,"og_article_tags":null,"twitter_use_og":true,"twitter_card":"default","twitter_image_type":"default","twitter_image_url":null,"twitter_image_custom_url":null,"twitter_image_custom_fields":null,"twitter_title":null,"twitter_description":null,"schema":{"blockGraphs":[],"customGraphs":[],"default":{"data":{"Article":[],"Course":[],"Dataset":[],"FAQPage":[],"Movie":[],"Person":[],"Product":[],"ProductReview":[],"Car":[],"Recipe":[],"Service":[],"SoftwareApplication":[],"WebPage":[]},"graphName":"","isEnabled":true},"graphs":[],"defaultGraph":"","defaultPostTypeGraph":""},"schema_type":null,"schema_type_options":null,"pillar_content":false,"robots_default":true,"robots_noindex":false,"robots_noarchive":false,"robots_nosnippet":false,"robots_nofollow":false,"robots_noimageindex":false,"robots_noodp":false,"robots_notranslate":false,"robots_max_snippet":null,"robots_max_videopreview":null,"robots_max_imagepreview":"none","priority":null,"frequency":null,"local_seo":null,"seo_analyzer_scan_date":"2026-06-01 22:42:59","breadcrumb_settings":null,"limit_modified_date":false,"open_ai":null,"ai":null,"created":"2020-11-14 22:53:58","updated":"2026-06-01 22:42:59","focus_keyword":null,"additional_keywords":null,"truseo_locale":null},"aioseo_breadcrumb":"<div class=\"aioseo-breadcrumbs\"><span class=\"aioseo-breadcrumb\">\n\t<a href=\"https:\/\/www.eldigitaldeasturias.com\/noticias\" title=\"Home\">Home<\/a>\n<\/span><span class=\"aioseo-breadcrumb-separator\">\u2013<\/span><span class=\"aioseo-breadcrumb\">\n\t<a href=\"https:\/\/www.eldigitaldeasturias.com\/noticias\/category\/actualidad\/\" title=\"Actualidad\">Actualidad<\/a>\n<\/span><span class=\"aioseo-breadcrumb-separator\">\u2013<\/span><span class=\"aioseo-breadcrumb\">\n\t<a href=\"https:\/\/www.eldigitaldeasturias.com\/noticias\/el-presidente-de-freixenet-dice-que-es-tanta-la-relacion-que-sera-muy-dificil-dividirnos\/\" title=\"El presidente de Freixenet dice que \u00abes tanta la relaci\u00f3n que ser\u00e1 muy dif\u00edcil dividirnos\u00bb\">El presidente de Freixenet dice que \u00abes tanta la relaci\u00f3n que ser\u00e1 muy dif\u00edcil dividirnos\u00bb<\/a>\n<\/span><\/div>","aioseo_breadcrumb_json":[{"label":"Home","link":"https:\/\/www.eldigitaldeasturias.com\/noticias"},{"label":"Actualidad","link":"https:\/\/www.eldigitaldeasturias.com\/noticias\/category\/actualidad\/"},{"label":"El presidente de Freixenet dice que \u00abes tanta la relaci\u00f3n que ser\u00e1 muy dif\u00edcil dividirnos\u00bb","link":"https:\/\/www.eldigitaldeasturias.com\/noticias\/el-presidente-de-freixenet-dice-que-es-tanta-la-relacion-que-sera-muy-dificil-dividirnos\/"}],"_links":{"self":[{"href":"https:\/\/www.eldigitaldeasturias.com\/noticias\/wp-json\/wp\/v2\/posts\/478832","targetHints":{"allow":["GET"]}}],"collection":[{"href":"https:\/\/www.eldigitaldeasturias.com\/noticias\/wp-json\/wp\/v2\/posts"}],"about":[{"href":"https:\/\/www.eldigitaldeasturias.com\/noticias\/wp-json\/wp\/v2\/types\/post"}],"author":[{"embeddable":true,"href":"https:\/\/www.eldigitaldeasturias.com\/noticias\/wp-json\/wp\/v2\/users\/1"}],"replies":[{"embeddable":true,"href":"https:\/\/www.eldigitaldeasturias.com\/noticias\/wp-json\/wp\/v2\/comments?post=478832"}],"version-history":[{"count":0,"href":"https:\/\/www.eldigitaldeasturias.com\/noticias\/wp-json\/wp\/v2\/posts\/478832\/revisions"}],"wp:featuredmedia":[{"embeddable":true,"href":"https:\/\/www.eldigitaldeasturias.com\/noticias\/wp-json\/wp\/v2\/media\/1132184"}],"wp:attachment":[{"href":"https:\/\/www.eldigitaldeasturias.com\/noticias\/wp-json\/wp\/v2\/media?parent=478832"}],"wp:term":[{"taxonomy":"category","embeddable":true,"href":"https:\/\/www.eldigitaldeasturias.com\/noticias\/wp-json\/wp\/v2\/categories?post=478832"},{"taxonomy":"post_tag","embeddable":true,"href":"https:\/\/www.eldigitaldeasturias.com\/noticias\/wp-json\/wp\/v2\/tags?post=478832"}],"curies":[{"name":"wp","href":"https:\/\/api.w.org\/{rel}","templated":true}]}}