{"id":478807,"date":"2014-01-25T19:12:54","date_gmt":"2014-01-25T20:12:54","guid":{"rendered":"http:\/\/www.eldigitaldeasturias.com\/noticias\/?p=478807"},"modified":"2014-01-25T19:12:54","modified_gmt":"2014-01-25T20:12:54","slug":"almunia-asegura-que-se-ve-a-espana-con-optimismo-en-el-foro-economico-mundial-de-davos","status":"publish","type":"post","link":"https:\/\/www.eldigitaldeasturias.com\/noticias\/almunia-asegura-que-se-ve-a-espana-con-optimismo-en-el-foro-economico-mundial-de-davos\/","title":{"rendered":"Almunia asegura que se ve a Espa\u00f1a con optimismo en el Foro Econ\u00f3mico Mundial de Davos"},"content":{"rendered":"<p><img loading=\"lazy\" decoding=\"async\" class=\"alignleft size-medium wp-image-478808\" alt=\"5876006w\" src=\"https:\/\/www.eldigitaldeasturias.com\/noticias\/wp-content\/uploads\/2014\/01\/5876006w-360x240.jpg\" width=\"360\" height=\"240\" \/>Davos (Suiza) 25 ene (EFE).- El vicepresidente de la Comisi\u00f3n Europea (CE) y titular de Competencia, Joaqu\u00edn Almunia, dijo hoy en Davos que \u00abse ve a Espa\u00f1a con optimismo porque ha superado la recesi\u00f3n y ha vuelto a crecer\u00bb.<\/p>\n<p>En una declaraciones a medios espa\u00f1oles en el Foro Econ\u00f3mico Mundial, Almunia a\u00f1adi\u00f3 que las \u00faltimas cifras de paro y de empleo publicadas esta semana se\u00f1alan que se ha tocado fondo.<\/p>\n<p>No obstante, Almunia dijo que la inc\u00f3gnita es \u00abqu\u00e9 va a hacer Espa\u00f1a para absorber un 26 % de paro, para ofrecer expectativas de futuro, sobre todo a los j\u00f3venes.\u00bb<\/p>\n<p>\u00abHay claramente m\u00e1s optimismo con una sensaci\u00f3n bien argumentada de que hemos superado los problemas m\u00e1s graves de la crisis financiera, aunque todav\u00eda las consecuencias est\u00e1n con nosotros pero no hay la sensaci\u00f3n de que se puede dividir la zona del euro o que podemos entrar en una recesi\u00f3n\u00bb, dijo Almunia respecto al estado de \u00e1nimo en el Foro.<\/p>\n<p>Pero a\u00f1adi\u00f3 que \u00abhay que seguir haciendo reformas, el mayor error que podemos cometer es ignorar las razones por las que esta crisis estall\u00f3 y caer en la complacencia\u00bb.<\/p>\n<p>Almunia consider\u00f3 que \u00abhay que seguir haciendo muchas reformas, regulaciones del sistema financiero, reformas estructurales para aumentar nuestra capacidad de crecimiento, pol\u00edticas de empleo capaces de dar empleo a los millones de ciudadanos de Europa y otras partes del mundo que no tienen trabajo\u00bb.<\/p>\n<p>Asimismo, Almunia hizo hincapi\u00e9 en que \u00abhay que volver a recuperar la confianza en las instituciones nacionales o multilaterales y en el sistema financiero que ha perdido much\u00edsima de la confianza que ten\u00eda porque no hay que olvidar que fue el origen de la crisis\u00bb.<\/p>\n","protected":false},"excerpt":{"rendered":"<p>Davos (Suiza) 25 ene (EFE).- El vicepresidente de la Comisi\u00f3n Europea (CE) y titular de Competencia, Joaqu\u00edn Almunia, dijo hoy en Davos que \u00abse ve a Espa\u00f1a con optimismo porque ha superado la recesi\u00f3n y ha vuelto a crecer\u00bb. En una declaraciones a medios espa\u00f1oles en el Foro Econ\u00f3mico Mundial, Almunia a\u00f1adi\u00f3 que las \u00faltimas [&hellip;]<\/p>\n","protected":false},"author":1,"featured_media":1132184,"comment_status":"closed","ping_status":"open","sticky":false,"template":"","format":"standard","meta":{"footnotes":""},"categories":[1],"tags":[],"class_list":["post-478807","post","type-post","status-publish","format-standard","has-post-thumbnail","hentry","category-actualidad"],"aioseo_notices":[],"aioseo_head":"\n\t\t<!-- All in One SEO Pro 5.0.1 - aioseo.com -->\n\t<meta name=\"description\" content=\"Davos (Suiza) 25 ene (EFE).- El vicepresidente de la Comisi\u00f3n Europea (CE) y titular de Competencia, Joaqu\u00edn Almunia, dijo hoy en Davos que &quot;se ve a Espa\u00f1a con optimismo porque ha superado la recesi\u00f3n y ha vuelto a crecer&quot;. En una declaraciones a medios espa\u00f1oles en el Foro Econ\u00f3mico Mundial, Almunia a\u00f1adi\u00f3 que las \u00faltimas\" \/>\n\t<meta name=\"robots\" content=\"max-image-preview:large\" \/>\n\t<meta name=\"author\" content=\"El Digital de Asturias\"\/>\n\t<meta name=\"google-site-verification\" content=\"UA-38556648-1\" \/>\n\t<meta name=\"msvalidate.01\" content=\"7dfe9f3f1b24437ab69f4f2559babe99\" \/>\n\t<meta name=\"keywords\" content=\"actualidad\" \/>\n\t<link rel=\"canonical\" href=\"https:\/\/www.eldigitaldeasturias.com\/noticias\/almunia-asegura-que-se-ve-a-espana-con-optimismo-en-el-foro-economico-mundial-de-davos\/\" \/>\n\t<meta name=\"generator\" content=\"All in One SEO Pro (AIOSEO) 5.0.1\" \/>\n\t\t<meta property=\"og:locale\" content=\"es_ES\" \/>\n\t\t<meta property=\"og:site_name\" content=\"El Digital de Asturias\" \/>\n\t\t<meta property=\"og:type\" content=\"article\" \/>\n\t\t<meta property=\"og:title\" content=\"Almunia asegura que se ve a Espa\u00f1a con optimismo en el Foro Econ\u00f3mico Mundial de Davos - El Digital de Asturias\" \/>\n\t\t<meta property=\"og:description\" content=\"Davos (Suiza) 25 ene (EFE).- El vicepresidente de la Comisi\u00f3n Europea (CE) y titular de Competencia, Joaqu\u00edn Almunia, dijo hoy en Davos que &quot;se ve a Espa\u00f1a con optimismo porque ha superado la recesi\u00f3n y ha vuelto a crecer&quot;. En una declaraciones a medios espa\u00f1oles en el Foro Econ\u00f3mico Mundial, Almunia a\u00f1adi\u00f3 que las \u00faltimas\" \/>\n\t\t<meta property=\"og:url\" content=\"https:\/\/www.eldigitaldeasturias.com\/noticias\/almunia-asegura-que-se-ve-a-espana-con-optimismo-en-el-foro-economico-mundial-de-davos\/\" \/>\n\t\t<meta property=\"og:image\" content=\"https:\/\/www.eldigitaldeasturias.com\/noticias\/wp-content\/uploads\/2026\/06\/Contenidos.jpg\" \/>\n\t\t<meta property=\"og:image:secure_url\" content=\"https:\/\/www.eldigitaldeasturias.com\/noticias\/wp-content\/uploads\/2026\/06\/Contenidos.jpg\" \/>\n\t\t<meta property=\"og:image:width\" content=\"1265\" \/>\n\t\t<meta property=\"og:image:height\" content=\"697\" \/>\n\t\t<meta property=\"article:tag\" content=\"actualidad\" \/>\n\t\t<meta property=\"article:published_time\" content=\"2014-01-25T20:12:54+00:00\" \/>\n\t\t<meta property=\"article:modified_time\" content=\"2014-01-25T20:12:54+00:00\" \/>\n\t\t<meta property=\"article:publisher\" content=\"https:\/\/facebook.com\/eldigitaldeasturias\" \/>\n\t\t<meta name=\"twitter:card\" content=\"summary_large_image\" \/>\n\t\t<meta name=\"twitter:title\" content=\"Almunia asegura que se ve a Espa\u00f1a con optimismo en el Foro Econ\u00f3mico Mundial de Davos - El Digital de Asturias\" \/>\n\t\t<meta name=\"twitter:description\" content=\"Davos (Suiza) 25 ene (EFE).- El vicepresidente de la Comisi\u00f3n Europea (CE) y titular de Competencia, Joaqu\u00edn Almunia, dijo hoy en Davos que &quot;se ve a Espa\u00f1a con optimismo porque ha superado la recesi\u00f3n y ha vuelto a crecer&quot;. En una declaraciones a medios espa\u00f1oles en el Foro Econ\u00f3mico Mundial, Almunia a\u00f1adi\u00f3 que las \u00faltimas\" \/>\n\t\t<meta name=\"twitter:image\" content=\"https:\/\/www.eldigitaldeasturias.com\/noticias\/wp-content\/uploads\/2026\/06\/Contenidos.jpg\" \/>\n\t\t<meta name=\"twitter:label1\" content=\"Escrito por\" \/>\n\t\t<meta name=\"twitter:data1\" content=\"El Digital de Asturias\" \/>\n\t\t<meta name=\"twitter:label2\" content=\"Tiempo de lectura estimado\" \/>\n\t\t<meta name=\"twitter:data2\" content=\"1 minuto\" \/>\n\t\t<script type=\"application\/ld+json\" class=\"aioseo-schema\">\n\t\t\t{\"@context\":\"https:\\\/\\\/schema.org\",\"@graph\":[{\"@type\":\"BlogPosting\",\"@id\":\"https:\\\/\\\/www.eldigitaldeasturias.com\\\/noticias\\\/almunia-asegura-que-se-ve-a-espana-con-optimismo-en-el-foro-economico-mundial-de-davos\\\/#blogposting\",\"name\":\"Almunia asegura que se ve a Espa\\u00f1a con optimismo en el Foro Econ\\u00f3mico Mundial de Davos - El Digital de Asturias\",\"headline\":\"Almunia asegura que se ve a Espa\\u00f1a con optimismo en el Foro Econ\\u00f3mico Mundial de Davos\",\"author\":{\"@id\":\"https:\\\/\\\/www.eldigitaldeasturias.com\\\/noticias\\\/author\\\/admin\\\/#author\"},\"publisher\":{\"@id\":\"https:\\\/\\\/www.eldigitaldeasturias.com\\\/noticias\\\/#organization\"},\"image\":{\"@type\":\"ImageObject\",\"url\":\"https:\\\/\\\/www.eldigitaldeasturias.com\\\/noticias\\\/wp-content\\\/uploads\\\/2026\\\/06\\\/Contenidos.jpg\",\"width\":1265,\"height\":697,\"caption\":\"Contenidos\"},\"datePublished\":\"2014-01-25T19:12:54+01:00\",\"dateModified\":\"2014-01-25T19:12:54+01:00\",\"inLanguage\":\"es-ES\",\"mainEntityOfPage\":{\"@id\":\"https:\\\/\\\/www.eldigitaldeasturias.com\\\/noticias\\\/almunia-asegura-que-se-ve-a-espana-con-optimismo-en-el-foro-economico-mundial-de-davos\\\/#webpage\"},\"isPartOf\":{\"@id\":\"https:\\\/\\\/www.eldigitaldeasturias.com\\\/noticias\\\/almunia-asegura-que-se-ve-a-espana-con-optimismo-en-el-foro-economico-mundial-de-davos\\\/#webpage\"},\"articleSection\":\"Actualidad\"},{\"@type\":\"BreadcrumbList\",\"@id\":\"https:\\\/\\\/www.eldigitaldeasturias.com\\\/noticias\\\/almunia-asegura-que-se-ve-a-espana-con-optimismo-en-el-foro-economico-mundial-de-davos\\\/#breadcrumblist\",\"itemListElement\":[{\"@type\":\"ListItem\",\"@id\":\"https:\\\/\\\/www.eldigitaldeasturias.com\\\/noticias#listItem\",\"position\":1,\"name\":\"Home\",\"item\":\"https:\\\/\\\/www.eldigitaldeasturias.com\\\/noticias\",\"nextItem\":{\"@type\":\"ListItem\",\"@id\":\"https:\\\/\\\/www.eldigitaldeasturias.com\\\/noticias\\\/category\\\/actualidad\\\/#listItem\",\"name\":\"Actualidad\"}},{\"@type\":\"ListItem\",\"@id\":\"https:\\\/\\\/www.eldigitaldeasturias.com\\\/noticias\\\/category\\\/actualidad\\\/#listItem\",\"position\":2,\"name\":\"Actualidad\",\"item\":\"https:\\\/\\\/www.eldigitaldeasturias.com\\\/noticias\\\/category\\\/actualidad\\\/\",\"nextItem\":{\"@type\":\"ListItem\",\"@id\":\"https:\\\/\\\/www.eldigitaldeasturias.com\\\/noticias\\\/almunia-asegura-que-se-ve-a-espana-con-optimismo-en-el-foro-economico-mundial-de-davos\\\/#listItem\",\"name\":\"Almunia asegura que se ve a Espa\\u00f1a con optimismo en el Foro Econ\\u00f3mico Mundial de Davos\"},\"previousItem\":{\"@type\":\"ListItem\",\"@id\":\"https:\\\/\\\/www.eldigitaldeasturias.com\\\/noticias#listItem\",\"name\":\"Home\"}},{\"@type\":\"ListItem\",\"@id\":\"https:\\\/\\\/www.eldigitaldeasturias.com\\\/noticias\\\/almunia-asegura-que-se-ve-a-espana-con-optimismo-en-el-foro-economico-mundial-de-davos\\\/#listItem\",\"position\":3,\"name\":\"Almunia asegura que se ve a Espa\\u00f1a con optimismo en el Foro Econ\\u00f3mico Mundial de Davos\",\"previousItem\":{\"@type\":\"ListItem\",\"@id\":\"https:\\\/\\\/www.eldigitaldeasturias.com\\\/noticias\\\/category\\\/actualidad\\\/#listItem\",\"name\":\"Actualidad\"}}]},{\"@type\":\"Organization\",\"@id\":\"https:\\\/\\\/www.eldigitaldeasturias.com\\\/noticias\\\/#organization\",\"name\":\"El Digital de Asturias\",\"description\":\"Hemeroteca\",\"url\":\"https:\\\/\\\/www.eldigitaldeasturias.com\\\/noticias\\\/\",\"email\":\"info@eldigitaldeasturias.com\",\"telephone\":\"+34652131393\",\"logo\":{\"@type\":\"ImageObject\",\"url\":\"https:\\\/\\\/www.eldigitaldeasturias.com\\\/noticias\\\/wp-content\\\/uploads\\\/2020\\\/12\\\/EDA.jpg\",\"@id\":\"https:\\\/\\\/www.eldigitaldeasturias.com\\\/noticias\\\/almunia-asegura-que-se-ve-a-espana-con-optimismo-en-el-foro-economico-mundial-de-davos\\\/#organizationLogo\"},\"image\":{\"@id\":\"https:\\\/\\\/www.eldigitaldeasturias.com\\\/noticias\\\/almunia-asegura-que-se-ve-a-espana-con-optimismo-en-el-foro-economico-mundial-de-davos\\\/#organizationLogo\"},\"sameAs\":[\"https:\\\/\\\/facebook.com\\\/eldigitaldeasturias\",\"https:\\\/\\\/www.youtube.com\\\/channel\\\/UCZP-2wLEB9Rv6erhFmqVnvg\"],\"address\":{\"@id\":\"https:\\\/\\\/www.eldigitaldeasturias.com\\\/noticias\\\/#postaladdress\",\"@type\":\"PostalAddress\",\"streetAddress\":\"san antonio 4\",\"postalCode\":\"33430\",\"addressLocality\":\"Cand\\u00e1s\",\"addressRegion\":\"Asturias\",\"addressCountry\":\"ES\"}},{\"@type\":\"Person\",\"@id\":\"https:\\\/\\\/www.eldigitaldeasturias.com\\\/noticias\\\/author\\\/admin\\\/#author\",\"url\":\"https:\\\/\\\/www.eldigitaldeasturias.com\\\/noticias\\\/author\\\/admin\\\/\",\"name\":\"El Digital de Asturias\",\"image\":{\"@type\":\"ImageObject\",\"@id\":\"https:\\\/\\\/www.eldigitaldeasturias.com\\\/noticias\\\/almunia-asegura-que-se-ve-a-espana-con-optimismo-en-el-foro-economico-mundial-de-davos\\\/#authorImage\",\"url\":\"https:\\\/\\\/secure.gravatar.com\\\/avatar\\\/df2aeffc32bcd13f8d26072ef8a91b623d677766deac7f97ca815868cd41bf5e?s=96&d=mm&r=g\",\"width\":96,\"height\":96,\"caption\":\"El Digital de Asturias\"}},{\"@type\":\"WebPage\",\"@id\":\"https:\\\/\\\/www.eldigitaldeasturias.com\\\/noticias\\\/almunia-asegura-que-se-ve-a-espana-con-optimismo-en-el-foro-economico-mundial-de-davos\\\/#webpage\",\"url\":\"https:\\\/\\\/www.eldigitaldeasturias.com\\\/noticias\\\/almunia-asegura-que-se-ve-a-espana-con-optimismo-en-el-foro-economico-mundial-de-davos\\\/\",\"name\":\"Almunia asegura que se ve a Espa\\u00f1a con optimismo en el Foro Econ\\u00f3mico Mundial de Davos - El Digital de Asturias\",\"description\":\"Davos (Suiza) 25 ene (EFE).- El vicepresidente de la Comisi\\u00f3n Europea (CE) y titular de Competencia, Joaqu\\u00edn Almunia, dijo hoy en Davos que \\\"se ve a Espa\\u00f1a con optimismo porque ha superado la recesi\\u00f3n y ha vuelto a crecer\\\". En una declaraciones a medios espa\\u00f1oles en el Foro Econ\\u00f3mico Mundial, Almunia a\\u00f1adi\\u00f3 que las \\u00faltimas\",\"inLanguage\":\"es-ES\",\"isPartOf\":{\"@id\":\"https:\\\/\\\/www.eldigitaldeasturias.com\\\/noticias\\\/#website\"},\"breadcrumb\":{\"@id\":\"https:\\\/\\\/www.eldigitaldeasturias.com\\\/noticias\\\/almunia-asegura-que-se-ve-a-espana-con-optimismo-en-el-foro-economico-mundial-de-davos\\\/#breadcrumblist\"},\"author\":{\"@id\":\"https:\\\/\\\/www.eldigitaldeasturias.com\\\/noticias\\\/author\\\/admin\\\/#author\"},\"creator\":{\"@id\":\"https:\\\/\\\/www.eldigitaldeasturias.com\\\/noticias\\\/author\\\/admin\\\/#author\"},\"image\":{\"@type\":\"ImageObject\",\"url\":\"https:\\\/\\\/www.eldigitaldeasturias.com\\\/noticias\\\/wp-content\\\/uploads\\\/2026\\\/06\\\/Contenidos.jpg\",\"@id\":\"https:\\\/\\\/www.eldigitaldeasturias.com\\\/noticias\\\/almunia-asegura-que-se-ve-a-espana-con-optimismo-en-el-foro-economico-mundial-de-davos\\\/#mainImage\",\"width\":1265,\"height\":697,\"caption\":\"Contenidos\"},\"primaryImageOfPage\":{\"@id\":\"https:\\\/\\\/www.eldigitaldeasturias.com\\\/noticias\\\/almunia-asegura-que-se-ve-a-espana-con-optimismo-en-el-foro-economico-mundial-de-davos\\\/#mainImage\"},\"datePublished\":\"2014-01-25T19:12:54+01:00\",\"dateModified\":\"2014-01-25T19:12:54+01:00\"},{\"@type\":\"WebSite\",\"@id\":\"https:\\\/\\\/www.eldigitaldeasturias.com\\\/noticias\\\/#website\",\"url\":\"https:\\\/\\\/www.eldigitaldeasturias.com\\\/noticias\\\/\",\"name\":\"El Digital de Asturias - Diario de actualidad y noticias\",\"alternateName\":\"El Digital de Asturias - Diario de actualidad y noticias\",\"description\":\"Hemeroteca\",\"inLanguage\":\"es-ES\",\"publisher\":{\"@id\":\"https:\\\/\\\/www.eldigitaldeasturias.com\\\/noticias\\\/#organization\"}}]}\n\t\t<\/script>\n\t\t<!-- All in One SEO Pro -->\r\n\t\t<title>Almunia asegura que se ve a Espa\u00f1a con optimismo en el Foro Econ\u00f3mico Mundial de Davos - El Digital de Asturias<\/title>\n\n","aioseo_head_json":{"title":"Almunia asegura que se ve a Espa\u00f1a con optimismo en el Foro Econ\u00f3mico Mundial de Davos - El Digital de Asturias","description":"Davos (Suiza) 25 ene (EFE).- El vicepresidente de la Comisi\u00f3n Europea (CE) y titular de Competencia, Joaqu\u00edn Almunia, dijo hoy en Davos que \"se ve a Espa\u00f1a con optimismo porque ha superado la recesi\u00f3n y ha vuelto a crecer\". En una declaraciones a medios espa\u00f1oles en el Foro Econ\u00f3mico Mundial, Almunia a\u00f1adi\u00f3 que las \u00faltimas","canonical_url":"https:\/\/www.eldigitaldeasturias.com\/noticias\/almunia-asegura-que-se-ve-a-espana-con-optimismo-en-el-foro-economico-mundial-de-davos\/","robots":"max-image-preview:large","keywords":"actualidad","webmasterTools":{"google-site-verification":"UA-38556648-1","msvalidate.01":"7dfe9f3f1b24437ab69f4f2559babe99","miscellaneous":""},"schema":{"@context":"https:\/\/schema.org","@graph":[{"@type":"BlogPosting","@id":"https:\/\/www.eldigitaldeasturias.com\/noticias\/almunia-asegura-que-se-ve-a-espana-con-optimismo-en-el-foro-economico-mundial-de-davos\/#blogposting","name":"Almunia asegura que se ve a Espa\u00f1a con optimismo en el Foro Econ\u00f3mico Mundial de Davos - El Digital de Asturias","headline":"Almunia asegura que se ve a Espa\u00f1a con optimismo en el Foro Econ\u00f3mico Mundial de Davos","author":{"@id":"https:\/\/www.eldigitaldeasturias.com\/noticias\/author\/admin\/#author"},"publisher":{"@id":"https:\/\/www.eldigitaldeasturias.com\/noticias\/#organization"},"image":{"@type":"ImageObject","url":"https:\/\/www.eldigitaldeasturias.com\/noticias\/wp-content\/uploads\/2026\/06\/Contenidos.jpg","width":1265,"height":697,"caption":"Contenidos"},"datePublished":"2014-01-25T19:12:54+01:00","dateModified":"2014-01-25T19:12:54+01:00","inLanguage":"es-ES","mainEntityOfPage":{"@id":"https:\/\/www.eldigitaldeasturias.com\/noticias\/almunia-asegura-que-se-ve-a-espana-con-optimismo-en-el-foro-economico-mundial-de-davos\/#webpage"},"isPartOf":{"@id":"https:\/\/www.eldigitaldeasturias.com\/noticias\/almunia-asegura-que-se-ve-a-espana-con-optimismo-en-el-foro-economico-mundial-de-davos\/#webpage"},"articleSection":"Actualidad"},{"@type":"BreadcrumbList","@id":"https:\/\/www.eldigitaldeasturias.com\/noticias\/almunia-asegura-que-se-ve-a-espana-con-optimismo-en-el-foro-economico-mundial-de-davos\/#breadcrumblist","itemListElement":[{"@type":"ListItem","@id":"https:\/\/www.eldigitaldeasturias.com\/noticias#listItem","position":1,"name":"Home","item":"https:\/\/www.eldigitaldeasturias.com\/noticias","nextItem":{"@type":"ListItem","@id":"https:\/\/www.eldigitaldeasturias.com\/noticias\/category\/actualidad\/#listItem","name":"Actualidad"}},{"@type":"ListItem","@id":"https:\/\/www.eldigitaldeasturias.com\/noticias\/category\/actualidad\/#listItem","position":2,"name":"Actualidad","item":"https:\/\/www.eldigitaldeasturias.com\/noticias\/category\/actualidad\/","nextItem":{"@type":"ListItem","@id":"https:\/\/www.eldigitaldeasturias.com\/noticias\/almunia-asegura-que-se-ve-a-espana-con-optimismo-en-el-foro-economico-mundial-de-davos\/#listItem","name":"Almunia asegura que se ve a Espa\u00f1a con optimismo en el Foro Econ\u00f3mico Mundial de Davos"},"previousItem":{"@type":"ListItem","@id":"https:\/\/www.eldigitaldeasturias.com\/noticias#listItem","name":"Home"}},{"@type":"ListItem","@id":"https:\/\/www.eldigitaldeasturias.com\/noticias\/almunia-asegura-que-se-ve-a-espana-con-optimismo-en-el-foro-economico-mundial-de-davos\/#listItem","position":3,"name":"Almunia asegura que se ve a Espa\u00f1a con optimismo en el Foro Econ\u00f3mico Mundial de Davos","previousItem":{"@type":"ListItem","@id":"https:\/\/www.eldigitaldeasturias.com\/noticias\/category\/actualidad\/#listItem","name":"Actualidad"}}]},{"@type":"Organization","@id":"https:\/\/www.eldigitaldeasturias.com\/noticias\/#organization","name":"El Digital de Asturias","description":"Hemeroteca","url":"https:\/\/www.eldigitaldeasturias.com\/noticias\/","email":"info@eldigitaldeasturias.com","telephone":"+34652131393","logo":{"@type":"ImageObject","url":"https:\/\/www.eldigitaldeasturias.com\/noticias\/wp-content\/uploads\/2020\/12\/EDA.jpg","@id":"https:\/\/www.eldigitaldeasturias.com\/noticias\/almunia-asegura-que-se-ve-a-espana-con-optimismo-en-el-foro-economico-mundial-de-davos\/#organizationLogo"},"image":{"@id":"https:\/\/www.eldigitaldeasturias.com\/noticias\/almunia-asegura-que-se-ve-a-espana-con-optimismo-en-el-foro-economico-mundial-de-davos\/#organizationLogo"},"sameAs":["https:\/\/facebook.com\/eldigitaldeasturias","https:\/\/www.youtube.com\/channel\/UCZP-2wLEB9Rv6erhFmqVnvg"],"address":{"@id":"https:\/\/www.eldigitaldeasturias.com\/noticias\/#postaladdress","@type":"PostalAddress","streetAddress":"san antonio 4","postalCode":"33430","addressLocality":"Cand\u00e1s","addressRegion":"Asturias","addressCountry":"ES"}},{"@type":"Person","@id":"https:\/\/www.eldigitaldeasturias.com\/noticias\/author\/admin\/#author","url":"https:\/\/www.eldigitaldeasturias.com\/noticias\/author\/admin\/","name":"El Digital de Asturias","image":{"@type":"ImageObject","@id":"https:\/\/www.eldigitaldeasturias.com\/noticias\/almunia-asegura-que-se-ve-a-espana-con-optimismo-en-el-foro-economico-mundial-de-davos\/#authorImage","url":"https:\/\/secure.gravatar.com\/avatar\/df2aeffc32bcd13f8d26072ef8a91b623d677766deac7f97ca815868cd41bf5e?s=96&d=mm&r=g","width":96,"height":96,"caption":"El Digital de Asturias"}},{"@type":"WebPage","@id":"https:\/\/www.eldigitaldeasturias.com\/noticias\/almunia-asegura-que-se-ve-a-espana-con-optimismo-en-el-foro-economico-mundial-de-davos\/#webpage","url":"https:\/\/www.eldigitaldeasturias.com\/noticias\/almunia-asegura-que-se-ve-a-espana-con-optimismo-en-el-foro-economico-mundial-de-davos\/","name":"Almunia asegura que se ve a Espa\u00f1a con optimismo en el Foro Econ\u00f3mico Mundial de Davos - El Digital de Asturias","description":"Davos (Suiza) 25 ene (EFE).- El vicepresidente de la Comisi\u00f3n Europea (CE) y titular de Competencia, Joaqu\u00edn Almunia, dijo hoy en Davos que \"se ve a Espa\u00f1a con optimismo porque ha superado la recesi\u00f3n y ha vuelto a crecer\". En una declaraciones a medios espa\u00f1oles en el Foro Econ\u00f3mico Mundial, Almunia a\u00f1adi\u00f3 que las \u00faltimas","inLanguage":"es-ES","isPartOf":{"@id":"https:\/\/www.eldigitaldeasturias.com\/noticias\/#website"},"breadcrumb":{"@id":"https:\/\/www.eldigitaldeasturias.com\/noticias\/almunia-asegura-que-se-ve-a-espana-con-optimismo-en-el-foro-economico-mundial-de-davos\/#breadcrumblist"},"author":{"@id":"https:\/\/www.eldigitaldeasturias.com\/noticias\/author\/admin\/#author"},"creator":{"@id":"https:\/\/www.eldigitaldeasturias.com\/noticias\/author\/admin\/#author"},"image":{"@type":"ImageObject","url":"https:\/\/www.eldigitaldeasturias.com\/noticias\/wp-content\/uploads\/2026\/06\/Contenidos.jpg","@id":"https:\/\/www.eldigitaldeasturias.com\/noticias\/almunia-asegura-que-se-ve-a-espana-con-optimismo-en-el-foro-economico-mundial-de-davos\/#mainImage","width":1265,"height":697,"caption":"Contenidos"},"primaryImageOfPage":{"@id":"https:\/\/www.eldigitaldeasturias.com\/noticias\/almunia-asegura-que-se-ve-a-espana-con-optimismo-en-el-foro-economico-mundial-de-davos\/#mainImage"},"datePublished":"2014-01-25T19:12:54+01:00","dateModified":"2014-01-25T19:12:54+01:00"},{"@type":"WebSite","@id":"https:\/\/www.eldigitaldeasturias.com\/noticias\/#website","url":"https:\/\/www.eldigitaldeasturias.com\/noticias\/","name":"El Digital de Asturias - Diario de actualidad y noticias","alternateName":"El Digital de Asturias - Diario de actualidad y noticias","description":"Hemeroteca","inLanguage":"es-ES","publisher":{"@id":"https:\/\/www.eldigitaldeasturias.com\/noticias\/#organization"}}]},"og:locale":"es_ES","og:site_name":"El Digital de Asturias","og:type":"article","og:title":"Almunia asegura que se ve a Espa\u00f1a con optimismo en el Foro Econ\u00f3mico Mundial de Davos - El Digital de Asturias","og:description":"Davos (Suiza) 25 ene (EFE).- El vicepresidente de la Comisi\u00f3n Europea (CE) y titular de Competencia, Joaqu\u00edn Almunia, dijo hoy en Davos que &quot;se ve a Espa\u00f1a con optimismo porque ha superado la recesi\u00f3n y ha vuelto a crecer&quot;. En una declaraciones a medios espa\u00f1oles en el Foro Econ\u00f3mico Mundial, Almunia a\u00f1adi\u00f3 que las \u00faltimas","og:url":"https:\/\/www.eldigitaldeasturias.com\/noticias\/almunia-asegura-que-se-ve-a-espana-con-optimismo-en-el-foro-economico-mundial-de-davos\/","og:image":"https:\/\/www.eldigitaldeasturias.com\/noticias\/wp-content\/uploads\/2026\/06\/Contenidos.jpg","og:image:secure_url":"https:\/\/www.eldigitaldeasturias.com\/noticias\/wp-content\/uploads\/2026\/06\/Contenidos.jpg","og:image:width":1265,"og:image:height":697,"article:tag":["actualidad"],"article:published_time":"2014-01-25T20:12:54+00:00","article:modified_time":"2014-01-25T20:12:54+00:00","article:publisher":"https:\/\/facebook.com\/eldigitaldeasturias","twitter:card":"summary_large_image","twitter:title":"Almunia asegura que se ve a Espa\u00f1a con optimismo en el Foro Econ\u00f3mico Mundial de Davos - El Digital de Asturias","twitter:description":"Davos (Suiza) 25 ene (EFE).- El vicepresidente de la Comisi\u00f3n Europea (CE) y titular de Competencia, Joaqu\u00edn Almunia, dijo hoy en Davos que &quot;se ve a Espa\u00f1a con optimismo porque ha superado la recesi\u00f3n y ha vuelto a crecer&quot;. En una declaraciones a medios espa\u00f1oles en el Foro Econ\u00f3mico Mundial, Almunia a\u00f1adi\u00f3 que las \u00faltimas","twitter:image":"https:\/\/www.eldigitaldeasturias.com\/noticias\/wp-content\/uploads\/2026\/06\/Contenidos.jpg","twitter:label1":"Escrito por","twitter:data1":"El Digital de Asturias","twitter:label2":"Tiempo de lectura estimado","twitter:data2":"1 minuto"},"aioseo_meta_data":{"post_id":"478807","title":null,"description":null,"keywords":null,"keyphrases":null,"primary_term":null,"canonical_url":null,"og_title":null,"og_description":null,"og_object_type":"default","og_image_type":"default","og_image_url":null,"og_image_width":null,"og_image_height":null,"og_image_custom_url":null,"og_image_custom_fields":null,"og_video":null,"og_custom_url":null,"og_article_section":null,"og_article_tags":null,"twitter_use_og":true,"twitter_card":"default","twitter_image_type":"default","twitter_image_url":null,"twitter_image_custom_url":null,"twitter_image_custom_fields":null,"twitter_title":null,"twitter_description":null,"schema":{"blockGraphs":[],"customGraphs":[],"default":{"data":{"Article":[],"Course":[],"Dataset":[],"FAQPage":[],"Movie":[],"Person":[],"Product":[],"ProductReview":[],"Car":[],"Recipe":[],"Service":[],"SoftwareApplication":[],"WebPage":[]},"graphName":"","isEnabled":true},"graphs":[],"defaultGraph":"","defaultPostTypeGraph":""},"schema_type":null,"schema_type_options":null,"pillar_content":false,"robots_default":true,"robots_noindex":false,"robots_noarchive":false,"robots_nosnippet":false,"robots_nofollow":false,"robots_noimageindex":false,"robots_noodp":false,"robots_notranslate":false,"robots_max_snippet":null,"robots_max_videopreview":null,"robots_max_imagepreview":"none","priority":null,"frequency":null,"local_seo":null,"seo_analyzer_scan_date":"2026-06-01 22:39:00","breadcrumb_settings":null,"limit_modified_date":false,"open_ai":null,"ai":null,"created":"2020-11-14 22:53:57","updated":"2026-06-01 22:39:00","focus_keyword":null,"additional_keywords":null,"truseo_locale":null},"aioseo_breadcrumb":"<div class=\"aioseo-breadcrumbs\"><span class=\"aioseo-breadcrumb\">\n\t<a href=\"https:\/\/www.eldigitaldeasturias.com\/noticias\" title=\"Home\">Home<\/a>\n<\/span><span class=\"aioseo-breadcrumb-separator\">\u2013<\/span><span class=\"aioseo-breadcrumb\">\n\t<a href=\"https:\/\/www.eldigitaldeasturias.com\/noticias\/category\/actualidad\/\" title=\"Actualidad\">Actualidad<\/a>\n<\/span><span class=\"aioseo-breadcrumb-separator\">\u2013<\/span><span class=\"aioseo-breadcrumb\">\n\t<a href=\"https:\/\/www.eldigitaldeasturias.com\/noticias\/almunia-asegura-que-se-ve-a-espana-con-optimismo-en-el-foro-economico-mundial-de-davos\/\" title=\"Almunia asegura que se ve a Espa\u00f1a con optimismo en el Foro Econ\u00f3mico Mundial de Davos\">Almunia asegura que se ve a Espa\u00f1a con optimismo en el Foro Econ\u00f3mico Mundial de Davos<\/a>\n<\/span><\/div>","aioseo_breadcrumb_json":[{"label":"Home","link":"https:\/\/www.eldigitaldeasturias.com\/noticias"},{"label":"Actualidad","link":"https:\/\/www.eldigitaldeasturias.com\/noticias\/category\/actualidad\/"},{"label":"Almunia asegura que se ve a Espa\u00f1a con optimismo en el Foro Econ\u00f3mico Mundial de Davos","link":"https:\/\/www.eldigitaldeasturias.com\/noticias\/almunia-asegura-que-se-ve-a-espana-con-optimismo-en-el-foro-economico-mundial-de-davos\/"}],"_links":{"self":[{"href":"https:\/\/www.eldigitaldeasturias.com\/noticias\/wp-json\/wp\/v2\/posts\/478807","targetHints":{"allow":["GET"]}}],"collection":[{"href":"https:\/\/www.eldigitaldeasturias.com\/noticias\/wp-json\/wp\/v2\/posts"}],"about":[{"href":"https:\/\/www.eldigitaldeasturias.com\/noticias\/wp-json\/wp\/v2\/types\/post"}],"author":[{"embeddable":true,"href":"https:\/\/www.eldigitaldeasturias.com\/noticias\/wp-json\/wp\/v2\/users\/1"}],"replies":[{"embeddable":true,"href":"https:\/\/www.eldigitaldeasturias.com\/noticias\/wp-json\/wp\/v2\/comments?post=478807"}],"version-history":[{"count":0,"href":"https:\/\/www.eldigitaldeasturias.com\/noticias\/wp-json\/wp\/v2\/posts\/478807\/revisions"}],"wp:featuredmedia":[{"embeddable":true,"href":"https:\/\/www.eldigitaldeasturias.com\/noticias\/wp-json\/wp\/v2\/media\/1132184"}],"wp:attachment":[{"href":"https:\/\/www.eldigitaldeasturias.com\/noticias\/wp-json\/wp\/v2\/media?parent=478807"}],"wp:term":[{"taxonomy":"category","embeddable":true,"href":"https:\/\/www.eldigitaldeasturias.com\/noticias\/wp-json\/wp\/v2\/categories?post=478807"},{"taxonomy":"post_tag","embeddable":true,"href":"https:\/\/www.eldigitaldeasturias.com\/noticias\/wp-json\/wp\/v2\/tags?post=478807"}],"curies":[{"name":"wp","href":"https:\/\/api.w.org\/{rel}","templated":true}]}}