{"id":478804,"date":"2014-01-25T19:11:32","date_gmt":"2014-01-25T20:11:32","guid":{"rendered":"http:\/\/www.eldigitaldeasturias.com\/noticias\/?p=478804"},"modified":"2014-01-25T19:11:32","modified_gmt":"2014-01-25T20:11:32","slug":"el-fuenlabrada-sera-el-juez-de-la-copa-del-rey-ante-el-laboral-kutxa","status":"publish","type":"post","link":"https:\/\/www.eldigitaldeasturias.com\/noticias\/el-fuenlabrada-sera-el-juez-de-la-copa-del-rey-ante-el-laboral-kutxa\/","title":{"rendered":"El Fuenlabrada ser\u00e1 el juez de la Copa del Rey ante el Laboral Kutxa"},"content":{"rendered":"<p><img loading=\"lazy\" decoding=\"async\" class=\"alignleft size-medium wp-image-478805\" alt=\"5875997w\" src=\"https:\/\/www.eldigitaldeasturias.com\/noticias\/wp-content\/uploads\/2014\/01\/5875997w-360x247.jpg\" width=\"360\" height=\"247\" \/>Madrid, 25 ene (EFE).- El Baloncesto Fuenlabrada ser\u00e1 uno de los jueces que determinen el acceso a la Copa del Rey en el partido que disputar\u00e1 ma\u00f1ana en el Fernando Mart\u00edn ante el Laboral Kutxa, que estar\u00e1 clasificado para la cita de M\u00e1laga si obtiene la victoria en feudo madrile\u00f1o.<\/p>\n<p>Sin embargo, los de Sergio Scariolo tendr\u00e1n que v\u00e9rselas con un conjunto local que parece haber recuperado el \u00e1nimo despu\u00e9s de lograr su mayor victoria a domicilio ante Valladolid (83-107), tanto por la anotaci\u00f3n, como por la diferencia (24 puntos).<\/p>\n<p>Tras sufrir una racha de cinco derrotas consecutivas, la mayor\u00eda contra rivales de la parte alta de la tabla, como Real Madrid, Herbalife Gran Canaria, Unicaja o Barcelona; los pupilos de Chus Mateo esperan plantar cara a un Laboral Kutxa que se juega en acceso a la Copa del Rey, y al que una derrota pondr\u00eda en serios aprietos para obtener el pase, abriendo las posibilidades de otros equipos.<\/p>\n<p>Las armas del equipo madrile\u00f1o pasan, como viene siendo durante toda la temporada, por la capacidad del estadounidense Andy Panko para generar peligro, y su media de 17,2 puntos por encuentro, apartado en el que solo le mejora el montenegrino de Iberostar Tenerife Blagota Sekulic.<\/p>\n<p>Adem\u00e1s, el buen momento del joven base catal\u00e1n Dani P\u00e9rez, que ante Valladolid hizo 20 puntos y obtuvo 31 tantos de valoraci\u00f3n, permite a los fuenlabre\u00f1os confiar en que Carlos Cabezas tiene un compa\u00f1ero de garant\u00edas, que no solo puede completar la rotaci\u00f3n sino tomar la iniciativa, como hizo en el Pabell\u00f3n Pisuerga.<\/p>\n<p>El mismo P\u00e9rez confiaba, en declaraciones durante la semana, que su equipo pod\u00eda poner las cosas muy dif\u00edciles a un Laboral Kutxa que, pese a su inicio titubeante, ha tomado una senda de cuatro victorias consecutivas que les deja a las puertas de sellar el pasaporte a la Copa del Rey.<\/p>\n<p>Evitar la buena din\u00e1mica baskonista pasa por detener al p\u00edvot alem\u00e1n Tibor Pleiss, jugador m\u00e1s valorado de la \u00faltima jornada con 2 tantos de valoraci\u00f3n que, precisamente, Dani P\u00e9rez, y que acumula cuatro galardones semanales de este tipo, con una media de 14,1 puntos y 16 de valoraci\u00f3n por encuentro.<\/p>\n<p>El historial de intercambio entre ambos clubes es prol\u00edfico en ejemplos, como Velimir Perasovic, Jos\u00e9 Manuel Calder\u00f3n, Brad Oleson, Walter Herrmann o Esteban Batista. El \u00faltimo, que ha hecho el camino inverso, es el base malague\u00f1o Carlos Cabezas, que lleg\u00f3 este verano a Fuenlabrada despu\u00e9s de medio ejercicio en Vitoria.<\/p>\n<p>Desde 2010 no gana Fuenlabrada en el Fernando Mart\u00edn a Laboral Kutxa, en un duelo que habitualmente ha estado equilibrado en el pabell\u00f3n del sur de Madrid, con 8 victorias visitantes por 7 locales en 15 enfrentamientos.<\/p>\n","protected":false},"excerpt":{"rendered":"<p>Madrid, 25 ene (EFE).- El Baloncesto Fuenlabrada ser\u00e1 uno de los jueces que determinen el acceso a la Copa del Rey en el partido que disputar\u00e1 ma\u00f1ana en el Fernando Mart\u00edn ante el Laboral Kutxa, que estar\u00e1 clasificado para la cita de M\u00e1laga si obtiene la victoria en feudo madrile\u00f1o. Sin embargo, los de Sergio [&hellip;]<\/p>\n","protected":false},"author":1,"featured_media":1132184,"comment_status":"closed","ping_status":"open","sticky":false,"template":"","format":"standard","meta":{"footnotes":""},"categories":[1],"tags":[],"class_list":["post-478804","post","type-post","status-publish","format-standard","has-post-thumbnail","hentry","category-actualidad"],"aioseo_notices":[],"aioseo_head":"\n\t\t<!-- All in One SEO Pro 5.0.1 - aioseo.com -->\n\t<meta name=\"description\" content=\"Madrid, 25 ene (EFE).- El Baloncesto Fuenlabrada ser\u00e1 uno de los jueces que determinen el acceso a la Copa del Rey en el partido que disputar\u00e1 ma\u00f1ana en el Fernando Mart\u00edn ante el Laboral Kutxa, que estar\u00e1 clasificado para la cita de M\u00e1laga si obtiene la victoria en feudo madrile\u00f1o. Sin embargo, los de Sergio\" \/>\n\t<meta name=\"robots\" content=\"max-image-preview:large\" \/>\n\t<meta name=\"author\" content=\"El Digital de Asturias\"\/>\n\t<meta name=\"google-site-verification\" content=\"UA-38556648-1\" \/>\n\t<meta name=\"msvalidate.01\" content=\"7dfe9f3f1b24437ab69f4f2559babe99\" \/>\n\t<meta name=\"keywords\" content=\"actualidad\" \/>\n\t<link rel=\"canonical\" href=\"https:\/\/www.eldigitaldeasturias.com\/noticias\/el-fuenlabrada-sera-el-juez-de-la-copa-del-rey-ante-el-laboral-kutxa\/\" \/>\n\t<meta name=\"generator\" content=\"All in One SEO Pro (AIOSEO) 5.0.1\" \/>\n\t\t<meta property=\"og:locale\" content=\"es_ES\" \/>\n\t\t<meta property=\"og:site_name\" content=\"El Digital de Asturias\" \/>\n\t\t<meta property=\"og:type\" content=\"article\" \/>\n\t\t<meta property=\"og:title\" content=\"El Fuenlabrada ser\u00e1 el juez de la Copa del Rey ante el Laboral Kutxa - El Digital de Asturias\" \/>\n\t\t<meta property=\"og:description\" content=\"Madrid, 25 ene (EFE).- El Baloncesto Fuenlabrada ser\u00e1 uno de los jueces que determinen el acceso a la Copa del Rey en el partido que disputar\u00e1 ma\u00f1ana en el Fernando Mart\u00edn ante el Laboral Kutxa, que estar\u00e1 clasificado para la cita de M\u00e1laga si obtiene la victoria en feudo madrile\u00f1o. Sin embargo, los de Sergio\" \/>\n\t\t<meta property=\"og:url\" content=\"https:\/\/www.eldigitaldeasturias.com\/noticias\/el-fuenlabrada-sera-el-juez-de-la-copa-del-rey-ante-el-laboral-kutxa\/\" \/>\n\t\t<meta property=\"og:image\" content=\"https:\/\/www.eldigitaldeasturias.com\/noticias\/wp-content\/uploads\/2026\/06\/Contenidos.jpg\" \/>\n\t\t<meta property=\"og:image:secure_url\" content=\"https:\/\/www.eldigitaldeasturias.com\/noticias\/wp-content\/uploads\/2026\/06\/Contenidos.jpg\" \/>\n\t\t<meta property=\"og:image:width\" content=\"1265\" \/>\n\t\t<meta property=\"og:image:height\" content=\"697\" \/>\n\t\t<meta property=\"article:tag\" content=\"actualidad\" \/>\n\t\t<meta property=\"article:published_time\" content=\"2014-01-25T20:11:32+00:00\" \/>\n\t\t<meta property=\"article:modified_time\" content=\"2014-01-25T20:11:32+00:00\" \/>\n\t\t<meta property=\"article:publisher\" content=\"https:\/\/facebook.com\/eldigitaldeasturias\" \/>\n\t\t<meta name=\"twitter:card\" content=\"summary_large_image\" \/>\n\t\t<meta name=\"twitter:title\" content=\"El Fuenlabrada ser\u00e1 el juez de la Copa del Rey ante el Laboral Kutxa - El Digital de Asturias\" \/>\n\t\t<meta name=\"twitter:description\" content=\"Madrid, 25 ene (EFE).- El Baloncesto Fuenlabrada ser\u00e1 uno de los jueces que determinen el acceso a la Copa del Rey en el partido que disputar\u00e1 ma\u00f1ana en el Fernando Mart\u00edn ante el Laboral Kutxa, que estar\u00e1 clasificado para la cita de M\u00e1laga si obtiene la victoria en feudo madrile\u00f1o. Sin embargo, los de Sergio\" \/>\n\t\t<meta name=\"twitter:image\" content=\"https:\/\/www.eldigitaldeasturias.com\/noticias\/wp-content\/uploads\/2026\/06\/Contenidos.jpg\" \/>\n\t\t<meta name=\"twitter:label1\" content=\"Escrito por\" \/>\n\t\t<meta name=\"twitter:data1\" content=\"El Digital de Asturias\" \/>\n\t\t<meta name=\"twitter:label2\" content=\"Tiempo de lectura estimado\" \/>\n\t\t<meta name=\"twitter:data2\" content=\"2 minutos\" \/>\n\t\t<script type=\"application\/ld+json\" class=\"aioseo-schema\">\n\t\t\t{\"@context\":\"https:\\\/\\\/schema.org\",\"@graph\":[{\"@type\":\"BlogPosting\",\"@id\":\"https:\\\/\\\/www.eldigitaldeasturias.com\\\/noticias\\\/el-fuenlabrada-sera-el-juez-de-la-copa-del-rey-ante-el-laboral-kutxa\\\/#blogposting\",\"name\":\"El Fuenlabrada ser\\u00e1 el juez de la Copa del Rey ante el Laboral Kutxa - El Digital de Asturias\",\"headline\":\"El Fuenlabrada ser\\u00e1 el juez de la Copa del Rey ante el Laboral Kutxa\",\"author\":{\"@id\":\"https:\\\/\\\/www.eldigitaldeasturias.com\\\/noticias\\\/author\\\/admin\\\/#author\"},\"publisher\":{\"@id\":\"https:\\\/\\\/www.eldigitaldeasturias.com\\\/noticias\\\/#organization\"},\"image\":{\"@type\":\"ImageObject\",\"url\":\"https:\\\/\\\/www.eldigitaldeasturias.com\\\/noticias\\\/wp-content\\\/uploads\\\/2026\\\/06\\\/Contenidos.jpg\",\"width\":1265,\"height\":697,\"caption\":\"Contenidos\"},\"datePublished\":\"2014-01-25T19:11:32+01:00\",\"dateModified\":\"2014-01-25T19:11:32+01:00\",\"inLanguage\":\"es-ES\",\"mainEntityOfPage\":{\"@id\":\"https:\\\/\\\/www.eldigitaldeasturias.com\\\/noticias\\\/el-fuenlabrada-sera-el-juez-de-la-copa-del-rey-ante-el-laboral-kutxa\\\/#webpage\"},\"isPartOf\":{\"@id\":\"https:\\\/\\\/www.eldigitaldeasturias.com\\\/noticias\\\/el-fuenlabrada-sera-el-juez-de-la-copa-del-rey-ante-el-laboral-kutxa\\\/#webpage\"},\"articleSection\":\"Actualidad\"},{\"@type\":\"BreadcrumbList\",\"@id\":\"https:\\\/\\\/www.eldigitaldeasturias.com\\\/noticias\\\/el-fuenlabrada-sera-el-juez-de-la-copa-del-rey-ante-el-laboral-kutxa\\\/#breadcrumblist\",\"itemListElement\":[{\"@type\":\"ListItem\",\"@id\":\"https:\\\/\\\/www.eldigitaldeasturias.com\\\/noticias#listItem\",\"position\":1,\"name\":\"Home\",\"item\":\"https:\\\/\\\/www.eldigitaldeasturias.com\\\/noticias\",\"nextItem\":{\"@type\":\"ListItem\",\"@id\":\"https:\\\/\\\/www.eldigitaldeasturias.com\\\/noticias\\\/category\\\/actualidad\\\/#listItem\",\"name\":\"Actualidad\"}},{\"@type\":\"ListItem\",\"@id\":\"https:\\\/\\\/www.eldigitaldeasturias.com\\\/noticias\\\/category\\\/actualidad\\\/#listItem\",\"position\":2,\"name\":\"Actualidad\",\"item\":\"https:\\\/\\\/www.eldigitaldeasturias.com\\\/noticias\\\/category\\\/actualidad\\\/\",\"nextItem\":{\"@type\":\"ListItem\",\"@id\":\"https:\\\/\\\/www.eldigitaldeasturias.com\\\/noticias\\\/el-fuenlabrada-sera-el-juez-de-la-copa-del-rey-ante-el-laboral-kutxa\\\/#listItem\",\"name\":\"El Fuenlabrada ser\\u00e1 el juez de la Copa del Rey ante el Laboral Kutxa\"},\"previousItem\":{\"@type\":\"ListItem\",\"@id\":\"https:\\\/\\\/www.eldigitaldeasturias.com\\\/noticias#listItem\",\"name\":\"Home\"}},{\"@type\":\"ListItem\",\"@id\":\"https:\\\/\\\/www.eldigitaldeasturias.com\\\/noticias\\\/el-fuenlabrada-sera-el-juez-de-la-copa-del-rey-ante-el-laboral-kutxa\\\/#listItem\",\"position\":3,\"name\":\"El Fuenlabrada ser\\u00e1 el juez de la Copa del Rey ante el Laboral Kutxa\",\"previousItem\":{\"@type\":\"ListItem\",\"@id\":\"https:\\\/\\\/www.eldigitaldeasturias.com\\\/noticias\\\/category\\\/actualidad\\\/#listItem\",\"name\":\"Actualidad\"}}]},{\"@type\":\"Organization\",\"@id\":\"https:\\\/\\\/www.eldigitaldeasturias.com\\\/noticias\\\/#organization\",\"name\":\"El Digital de Asturias\",\"description\":\"Hemeroteca\",\"url\":\"https:\\\/\\\/www.eldigitaldeasturias.com\\\/noticias\\\/\",\"email\":\"info@eldigitaldeasturias.com\",\"telephone\":\"+34652131393\",\"logo\":{\"@type\":\"ImageObject\",\"url\":\"https:\\\/\\\/www.eldigitaldeasturias.com\\\/noticias\\\/wp-content\\\/uploads\\\/2020\\\/12\\\/EDA.jpg\",\"@id\":\"https:\\\/\\\/www.eldigitaldeasturias.com\\\/noticias\\\/el-fuenlabrada-sera-el-juez-de-la-copa-del-rey-ante-el-laboral-kutxa\\\/#organizationLogo\"},\"image\":{\"@id\":\"https:\\\/\\\/www.eldigitaldeasturias.com\\\/noticias\\\/el-fuenlabrada-sera-el-juez-de-la-copa-del-rey-ante-el-laboral-kutxa\\\/#organizationLogo\"},\"sameAs\":[\"https:\\\/\\\/facebook.com\\\/eldigitaldeasturias\",\"https:\\\/\\\/www.youtube.com\\\/channel\\\/UCZP-2wLEB9Rv6erhFmqVnvg\"],\"address\":{\"@id\":\"https:\\\/\\\/www.eldigitaldeasturias.com\\\/noticias\\\/#postaladdress\",\"@type\":\"PostalAddress\",\"streetAddress\":\"san antonio 4\",\"postalCode\":\"33430\",\"addressLocality\":\"Cand\\u00e1s\",\"addressRegion\":\"Asturias\",\"addressCountry\":\"ES\"}},{\"@type\":\"Person\",\"@id\":\"https:\\\/\\\/www.eldigitaldeasturias.com\\\/noticias\\\/author\\\/admin\\\/#author\",\"url\":\"https:\\\/\\\/www.eldigitaldeasturias.com\\\/noticias\\\/author\\\/admin\\\/\",\"name\":\"El Digital de Asturias\",\"image\":{\"@type\":\"ImageObject\",\"@id\":\"https:\\\/\\\/www.eldigitaldeasturias.com\\\/noticias\\\/el-fuenlabrada-sera-el-juez-de-la-copa-del-rey-ante-el-laboral-kutxa\\\/#authorImage\",\"url\":\"https:\\\/\\\/secure.gravatar.com\\\/avatar\\\/df2aeffc32bcd13f8d26072ef8a91b623d677766deac7f97ca815868cd41bf5e?s=96&d=mm&r=g\",\"width\":96,\"height\":96,\"caption\":\"El Digital de Asturias\"}},{\"@type\":\"WebPage\",\"@id\":\"https:\\\/\\\/www.eldigitaldeasturias.com\\\/noticias\\\/el-fuenlabrada-sera-el-juez-de-la-copa-del-rey-ante-el-laboral-kutxa\\\/#webpage\",\"url\":\"https:\\\/\\\/www.eldigitaldeasturias.com\\\/noticias\\\/el-fuenlabrada-sera-el-juez-de-la-copa-del-rey-ante-el-laboral-kutxa\\\/\",\"name\":\"El Fuenlabrada ser\\u00e1 el juez de la Copa del Rey ante el Laboral Kutxa - El Digital de Asturias\",\"description\":\"Madrid, 25 ene (EFE).- El Baloncesto Fuenlabrada ser\\u00e1 uno de los jueces que determinen el acceso a la Copa del Rey en el partido que disputar\\u00e1 ma\\u00f1ana en el Fernando Mart\\u00edn ante el Laboral Kutxa, que estar\\u00e1 clasificado para la cita de M\\u00e1laga si obtiene la victoria en feudo madrile\\u00f1o. Sin embargo, los de Sergio\",\"inLanguage\":\"es-ES\",\"isPartOf\":{\"@id\":\"https:\\\/\\\/www.eldigitaldeasturias.com\\\/noticias\\\/#website\"},\"breadcrumb\":{\"@id\":\"https:\\\/\\\/www.eldigitaldeasturias.com\\\/noticias\\\/el-fuenlabrada-sera-el-juez-de-la-copa-del-rey-ante-el-laboral-kutxa\\\/#breadcrumblist\"},\"author\":{\"@id\":\"https:\\\/\\\/www.eldigitaldeasturias.com\\\/noticias\\\/author\\\/admin\\\/#author\"},\"creator\":{\"@id\":\"https:\\\/\\\/www.eldigitaldeasturias.com\\\/noticias\\\/author\\\/admin\\\/#author\"},\"image\":{\"@type\":\"ImageObject\",\"url\":\"https:\\\/\\\/www.eldigitaldeasturias.com\\\/noticias\\\/wp-content\\\/uploads\\\/2026\\\/06\\\/Contenidos.jpg\",\"@id\":\"https:\\\/\\\/www.eldigitaldeasturias.com\\\/noticias\\\/el-fuenlabrada-sera-el-juez-de-la-copa-del-rey-ante-el-laboral-kutxa\\\/#mainImage\",\"width\":1265,\"height\":697,\"caption\":\"Contenidos\"},\"primaryImageOfPage\":{\"@id\":\"https:\\\/\\\/www.eldigitaldeasturias.com\\\/noticias\\\/el-fuenlabrada-sera-el-juez-de-la-copa-del-rey-ante-el-laboral-kutxa\\\/#mainImage\"},\"datePublished\":\"2014-01-25T19:11:32+01:00\",\"dateModified\":\"2014-01-25T19:11:32+01:00\"},{\"@type\":\"WebSite\",\"@id\":\"https:\\\/\\\/www.eldigitaldeasturias.com\\\/noticias\\\/#website\",\"url\":\"https:\\\/\\\/www.eldigitaldeasturias.com\\\/noticias\\\/\",\"name\":\"El Digital de Asturias - Diario de actualidad y noticias\",\"alternateName\":\"El Digital de Asturias - Diario de actualidad y noticias\",\"description\":\"Hemeroteca\",\"inLanguage\":\"es-ES\",\"publisher\":{\"@id\":\"https:\\\/\\\/www.eldigitaldeasturias.com\\\/noticias\\\/#organization\"}}]}\n\t\t<\/script>\n\t\t<!-- All in One SEO Pro -->\r\n\t\t<title>El Fuenlabrada ser\u00e1 el juez de la Copa del Rey ante el Laboral Kutxa - El Digital de Asturias<\/title>\n\n","aioseo_head_json":{"title":"El Fuenlabrada ser\u00e1 el juez de la Copa del Rey ante el Laboral Kutxa - El Digital de Asturias","description":"Madrid, 25 ene (EFE).- El Baloncesto Fuenlabrada ser\u00e1 uno de los jueces que determinen el acceso a la Copa del Rey en el partido que disputar\u00e1 ma\u00f1ana en el Fernando Mart\u00edn ante el Laboral Kutxa, que estar\u00e1 clasificado para la cita de M\u00e1laga si obtiene la victoria en feudo madrile\u00f1o. Sin embargo, los de Sergio","canonical_url":"https:\/\/www.eldigitaldeasturias.com\/noticias\/el-fuenlabrada-sera-el-juez-de-la-copa-del-rey-ante-el-laboral-kutxa\/","robots":"max-image-preview:large","keywords":"actualidad","webmasterTools":{"google-site-verification":"UA-38556648-1","msvalidate.01":"7dfe9f3f1b24437ab69f4f2559babe99","miscellaneous":""},"schema":{"@context":"https:\/\/schema.org","@graph":[{"@type":"BlogPosting","@id":"https:\/\/www.eldigitaldeasturias.com\/noticias\/el-fuenlabrada-sera-el-juez-de-la-copa-del-rey-ante-el-laboral-kutxa\/#blogposting","name":"El Fuenlabrada ser\u00e1 el juez de la Copa del Rey ante el Laboral Kutxa - El Digital de Asturias","headline":"El Fuenlabrada ser\u00e1 el juez de la Copa del Rey ante el Laboral Kutxa","author":{"@id":"https:\/\/www.eldigitaldeasturias.com\/noticias\/author\/admin\/#author"},"publisher":{"@id":"https:\/\/www.eldigitaldeasturias.com\/noticias\/#organization"},"image":{"@type":"ImageObject","url":"https:\/\/www.eldigitaldeasturias.com\/noticias\/wp-content\/uploads\/2026\/06\/Contenidos.jpg","width":1265,"height":697,"caption":"Contenidos"},"datePublished":"2014-01-25T19:11:32+01:00","dateModified":"2014-01-25T19:11:32+01:00","inLanguage":"es-ES","mainEntityOfPage":{"@id":"https:\/\/www.eldigitaldeasturias.com\/noticias\/el-fuenlabrada-sera-el-juez-de-la-copa-del-rey-ante-el-laboral-kutxa\/#webpage"},"isPartOf":{"@id":"https:\/\/www.eldigitaldeasturias.com\/noticias\/el-fuenlabrada-sera-el-juez-de-la-copa-del-rey-ante-el-laboral-kutxa\/#webpage"},"articleSection":"Actualidad"},{"@type":"BreadcrumbList","@id":"https:\/\/www.eldigitaldeasturias.com\/noticias\/el-fuenlabrada-sera-el-juez-de-la-copa-del-rey-ante-el-laboral-kutxa\/#breadcrumblist","itemListElement":[{"@type":"ListItem","@id":"https:\/\/www.eldigitaldeasturias.com\/noticias#listItem","position":1,"name":"Home","item":"https:\/\/www.eldigitaldeasturias.com\/noticias","nextItem":{"@type":"ListItem","@id":"https:\/\/www.eldigitaldeasturias.com\/noticias\/category\/actualidad\/#listItem","name":"Actualidad"}},{"@type":"ListItem","@id":"https:\/\/www.eldigitaldeasturias.com\/noticias\/category\/actualidad\/#listItem","position":2,"name":"Actualidad","item":"https:\/\/www.eldigitaldeasturias.com\/noticias\/category\/actualidad\/","nextItem":{"@type":"ListItem","@id":"https:\/\/www.eldigitaldeasturias.com\/noticias\/el-fuenlabrada-sera-el-juez-de-la-copa-del-rey-ante-el-laboral-kutxa\/#listItem","name":"El Fuenlabrada ser\u00e1 el juez de la Copa del Rey ante el Laboral Kutxa"},"previousItem":{"@type":"ListItem","@id":"https:\/\/www.eldigitaldeasturias.com\/noticias#listItem","name":"Home"}},{"@type":"ListItem","@id":"https:\/\/www.eldigitaldeasturias.com\/noticias\/el-fuenlabrada-sera-el-juez-de-la-copa-del-rey-ante-el-laboral-kutxa\/#listItem","position":3,"name":"El Fuenlabrada ser\u00e1 el juez de la Copa del Rey ante el Laboral Kutxa","previousItem":{"@type":"ListItem","@id":"https:\/\/www.eldigitaldeasturias.com\/noticias\/category\/actualidad\/#listItem","name":"Actualidad"}}]},{"@type":"Organization","@id":"https:\/\/www.eldigitaldeasturias.com\/noticias\/#organization","name":"El Digital de Asturias","description":"Hemeroteca","url":"https:\/\/www.eldigitaldeasturias.com\/noticias\/","email":"info@eldigitaldeasturias.com","telephone":"+34652131393","logo":{"@type":"ImageObject","url":"https:\/\/www.eldigitaldeasturias.com\/noticias\/wp-content\/uploads\/2020\/12\/EDA.jpg","@id":"https:\/\/www.eldigitaldeasturias.com\/noticias\/el-fuenlabrada-sera-el-juez-de-la-copa-del-rey-ante-el-laboral-kutxa\/#organizationLogo"},"image":{"@id":"https:\/\/www.eldigitaldeasturias.com\/noticias\/el-fuenlabrada-sera-el-juez-de-la-copa-del-rey-ante-el-laboral-kutxa\/#organizationLogo"},"sameAs":["https:\/\/facebook.com\/eldigitaldeasturias","https:\/\/www.youtube.com\/channel\/UCZP-2wLEB9Rv6erhFmqVnvg"],"address":{"@id":"https:\/\/www.eldigitaldeasturias.com\/noticias\/#postaladdress","@type":"PostalAddress","streetAddress":"san antonio 4","postalCode":"33430","addressLocality":"Cand\u00e1s","addressRegion":"Asturias","addressCountry":"ES"}},{"@type":"Person","@id":"https:\/\/www.eldigitaldeasturias.com\/noticias\/author\/admin\/#author","url":"https:\/\/www.eldigitaldeasturias.com\/noticias\/author\/admin\/","name":"El Digital de Asturias","image":{"@type":"ImageObject","@id":"https:\/\/www.eldigitaldeasturias.com\/noticias\/el-fuenlabrada-sera-el-juez-de-la-copa-del-rey-ante-el-laboral-kutxa\/#authorImage","url":"https:\/\/secure.gravatar.com\/avatar\/df2aeffc32bcd13f8d26072ef8a91b623d677766deac7f97ca815868cd41bf5e?s=96&d=mm&r=g","width":96,"height":96,"caption":"El Digital de Asturias"}},{"@type":"WebPage","@id":"https:\/\/www.eldigitaldeasturias.com\/noticias\/el-fuenlabrada-sera-el-juez-de-la-copa-del-rey-ante-el-laboral-kutxa\/#webpage","url":"https:\/\/www.eldigitaldeasturias.com\/noticias\/el-fuenlabrada-sera-el-juez-de-la-copa-del-rey-ante-el-laboral-kutxa\/","name":"El Fuenlabrada ser\u00e1 el juez de la Copa del Rey ante el Laboral Kutxa - El Digital de Asturias","description":"Madrid, 25 ene (EFE).- El Baloncesto Fuenlabrada ser\u00e1 uno de los jueces que determinen el acceso a la Copa del Rey en el partido que disputar\u00e1 ma\u00f1ana en el Fernando Mart\u00edn ante el Laboral Kutxa, que estar\u00e1 clasificado para la cita de M\u00e1laga si obtiene la victoria en feudo madrile\u00f1o. Sin embargo, los de Sergio","inLanguage":"es-ES","isPartOf":{"@id":"https:\/\/www.eldigitaldeasturias.com\/noticias\/#website"},"breadcrumb":{"@id":"https:\/\/www.eldigitaldeasturias.com\/noticias\/el-fuenlabrada-sera-el-juez-de-la-copa-del-rey-ante-el-laboral-kutxa\/#breadcrumblist"},"author":{"@id":"https:\/\/www.eldigitaldeasturias.com\/noticias\/author\/admin\/#author"},"creator":{"@id":"https:\/\/www.eldigitaldeasturias.com\/noticias\/author\/admin\/#author"},"image":{"@type":"ImageObject","url":"https:\/\/www.eldigitaldeasturias.com\/noticias\/wp-content\/uploads\/2026\/06\/Contenidos.jpg","@id":"https:\/\/www.eldigitaldeasturias.com\/noticias\/el-fuenlabrada-sera-el-juez-de-la-copa-del-rey-ante-el-laboral-kutxa\/#mainImage","width":1265,"height":697,"caption":"Contenidos"},"primaryImageOfPage":{"@id":"https:\/\/www.eldigitaldeasturias.com\/noticias\/el-fuenlabrada-sera-el-juez-de-la-copa-del-rey-ante-el-laboral-kutxa\/#mainImage"},"datePublished":"2014-01-25T19:11:32+01:00","dateModified":"2014-01-25T19:11:32+01:00"},{"@type":"WebSite","@id":"https:\/\/www.eldigitaldeasturias.com\/noticias\/#website","url":"https:\/\/www.eldigitaldeasturias.com\/noticias\/","name":"El Digital de Asturias - Diario de actualidad y noticias","alternateName":"El Digital de Asturias - Diario de actualidad y noticias","description":"Hemeroteca","inLanguage":"es-ES","publisher":{"@id":"https:\/\/www.eldigitaldeasturias.com\/noticias\/#organization"}}]},"og:locale":"es_ES","og:site_name":"El Digital de Asturias","og:type":"article","og:title":"El Fuenlabrada ser\u00e1 el juez de la Copa del Rey ante el Laboral Kutxa - El Digital de Asturias","og:description":"Madrid, 25 ene (EFE).- El Baloncesto Fuenlabrada ser\u00e1 uno de los jueces que determinen el acceso a la Copa del Rey en el partido que disputar\u00e1 ma\u00f1ana en el Fernando Mart\u00edn ante el Laboral Kutxa, que estar\u00e1 clasificado para la cita de M\u00e1laga si obtiene la victoria en feudo madrile\u00f1o. Sin embargo, los de Sergio","og:url":"https:\/\/www.eldigitaldeasturias.com\/noticias\/el-fuenlabrada-sera-el-juez-de-la-copa-del-rey-ante-el-laboral-kutxa\/","og:image":"https:\/\/www.eldigitaldeasturias.com\/noticias\/wp-content\/uploads\/2026\/06\/Contenidos.jpg","og:image:secure_url":"https:\/\/www.eldigitaldeasturias.com\/noticias\/wp-content\/uploads\/2026\/06\/Contenidos.jpg","og:image:width":1265,"og:image:height":697,"article:tag":["actualidad"],"article:published_time":"2014-01-25T20:11:32+00:00","article:modified_time":"2014-01-25T20:11:32+00:00","article:publisher":"https:\/\/facebook.com\/eldigitaldeasturias","twitter:card":"summary_large_image","twitter:title":"El Fuenlabrada ser\u00e1 el juez de la Copa del Rey ante el Laboral Kutxa - El Digital de Asturias","twitter:description":"Madrid, 25 ene (EFE).- El Baloncesto Fuenlabrada ser\u00e1 uno de los jueces que determinen el acceso a la Copa del Rey en el partido que disputar\u00e1 ma\u00f1ana en el Fernando Mart\u00edn ante el Laboral Kutxa, que estar\u00e1 clasificado para la cita de M\u00e1laga si obtiene la victoria en feudo madrile\u00f1o. Sin embargo, los de Sergio","twitter:image":"https:\/\/www.eldigitaldeasturias.com\/noticias\/wp-content\/uploads\/2026\/06\/Contenidos.jpg","twitter:label1":"Escrito por","twitter:data1":"El Digital de Asturias","twitter:label2":"Tiempo de lectura estimado","twitter:data2":"2 minutos"},"aioseo_meta_data":{"post_id":"478804","title":null,"description":null,"keywords":null,"keyphrases":null,"primary_term":null,"canonical_url":null,"og_title":null,"og_description":null,"og_object_type":"default","og_image_type":"default","og_image_url":null,"og_image_width":null,"og_image_height":null,"og_image_custom_url":null,"og_image_custom_fields":null,"og_video":null,"og_custom_url":null,"og_article_section":null,"og_article_tags":null,"twitter_use_og":true,"twitter_card":"default","twitter_image_type":"default","twitter_image_url":null,"twitter_image_custom_url":null,"twitter_image_custom_fields":null,"twitter_title":null,"twitter_description":null,"schema":{"blockGraphs":[],"customGraphs":[],"default":{"data":{"Article":[],"Course":[],"Dataset":[],"FAQPage":[],"Movie":[],"Person":[],"Product":[],"ProductReview":[],"Car":[],"Recipe":[],"Service":[],"SoftwareApplication":[],"WebPage":[]},"graphName":"","isEnabled":true},"graphs":[],"defaultGraph":"","defaultPostTypeGraph":""},"schema_type":null,"schema_type_options":null,"pillar_content":false,"robots_default":true,"robots_noindex":false,"robots_noarchive":false,"robots_nosnippet":false,"robots_nofollow":false,"robots_noimageindex":false,"robots_noodp":false,"robots_notranslate":false,"robots_max_snippet":null,"robots_max_videopreview":null,"robots_max_imagepreview":"none","priority":null,"frequency":null,"local_seo":null,"seo_analyzer_scan_date":"2026-06-01 22:36:46","breadcrumb_settings":null,"limit_modified_date":false,"open_ai":null,"ai":null,"created":"2020-11-14 22:53:57","updated":"2026-06-01 22:36:46","focus_keyword":null,"additional_keywords":null,"truseo_locale":null},"aioseo_breadcrumb":"<div class=\"aioseo-breadcrumbs\"><span class=\"aioseo-breadcrumb\">\n\t<a href=\"https:\/\/www.eldigitaldeasturias.com\/noticias\" title=\"Home\">Home<\/a>\n<\/span><span class=\"aioseo-breadcrumb-separator\">\u2013<\/span><span class=\"aioseo-breadcrumb\">\n\t<a href=\"https:\/\/www.eldigitaldeasturias.com\/noticias\/category\/actualidad\/\" title=\"Actualidad\">Actualidad<\/a>\n<\/span><span class=\"aioseo-breadcrumb-separator\">\u2013<\/span><span class=\"aioseo-breadcrumb\">\n\t<a href=\"https:\/\/www.eldigitaldeasturias.com\/noticias\/el-fuenlabrada-sera-el-juez-de-la-copa-del-rey-ante-el-laboral-kutxa\/\" title=\"El Fuenlabrada ser\u00e1 el juez de la Copa del Rey ante el Laboral Kutxa\">El Fuenlabrada ser\u00e1 el juez de la Copa del Rey ante el Laboral Kutxa<\/a>\n<\/span><\/div>","aioseo_breadcrumb_json":[{"label":"Home","link":"https:\/\/www.eldigitaldeasturias.com\/noticias"},{"label":"Actualidad","link":"https:\/\/www.eldigitaldeasturias.com\/noticias\/category\/actualidad\/"},{"label":"El Fuenlabrada ser\u00e1 el juez de la Copa del Rey ante el Laboral Kutxa","link":"https:\/\/www.eldigitaldeasturias.com\/noticias\/el-fuenlabrada-sera-el-juez-de-la-copa-del-rey-ante-el-laboral-kutxa\/"}],"_links":{"self":[{"href":"https:\/\/www.eldigitaldeasturias.com\/noticias\/wp-json\/wp\/v2\/posts\/478804","targetHints":{"allow":["GET"]}}],"collection":[{"href":"https:\/\/www.eldigitaldeasturias.com\/noticias\/wp-json\/wp\/v2\/posts"}],"about":[{"href":"https:\/\/www.eldigitaldeasturias.com\/noticias\/wp-json\/wp\/v2\/types\/post"}],"author":[{"embeddable":true,"href":"https:\/\/www.eldigitaldeasturias.com\/noticias\/wp-json\/wp\/v2\/users\/1"}],"replies":[{"embeddable":true,"href":"https:\/\/www.eldigitaldeasturias.com\/noticias\/wp-json\/wp\/v2\/comments?post=478804"}],"version-history":[{"count":0,"href":"https:\/\/www.eldigitaldeasturias.com\/noticias\/wp-json\/wp\/v2\/posts\/478804\/revisions"}],"wp:featuredmedia":[{"embeddable":true,"href":"https:\/\/www.eldigitaldeasturias.com\/noticias\/wp-json\/wp\/v2\/media\/1132184"}],"wp:attachment":[{"href":"https:\/\/www.eldigitaldeasturias.com\/noticias\/wp-json\/wp\/v2\/media?parent=478804"}],"wp:term":[{"taxonomy":"category","embeddable":true,"href":"https:\/\/www.eldigitaldeasturias.com\/noticias\/wp-json\/wp\/v2\/categories?post=478804"},{"taxonomy":"post_tag","embeddable":true,"href":"https:\/\/www.eldigitaldeasturias.com\/noticias\/wp-json\/wp\/v2\/tags?post=478804"}],"curies":[{"name":"wp","href":"https:\/\/api.w.org\/{rel}","templated":true}]}}