{"id":478795,"date":"2014-01-25T19:05:01","date_gmt":"2014-01-25T20:05:01","guid":{"rendered":"http:\/\/www.eldigitaldeasturias.com\/noticias\/?p=478795"},"modified":"2014-01-25T19:05:01","modified_gmt":"2014-01-25T20:05:01","slug":"el-pp-vasco-busca-reforzar-a-quiroga-y-la-linea-moderada-ante-los-descontentos","status":"publish","type":"post","link":"https:\/\/www.eldigitaldeasturias.com\/noticias\/el-pp-vasco-busca-reforzar-a-quiroga-y-la-linea-moderada-ante-los-descontentos\/","title":{"rendered":"El PP vasco busca reforzar a Quiroga y la l\u00ednea moderada ante los descontentos"},"content":{"rendered":"<p><img loading=\"lazy\" decoding=\"async\" class=\"alignleft size-medium wp-image-478796\" alt=\"5875961w\" src=\"https:\/\/www.eldigitaldeasturias.com\/noticias\/wp-content\/uploads\/2014\/01\/5875961w-360x264.jpg\" width=\"360\" height=\"264\" \/>Bilbao, 25 ene (EFE).- El Partido Popular del Pa\u00eds Vasco celebrar\u00e1 en la primera quincena de marzo un congreso en el que pretende reforzar el liderazgo de Arantza Quiroga y la l\u00ednea moderada del partido, frente a un sector descontento con la estrategia que se sigue en lo referido al final de terrorismo.<\/p>\n<p>La decisi\u00f3n de convocar el congreso parti\u00f3 de la propia Quiroga, que desde su elecci\u00f3n desea contar con la ratificaci\u00f3n por parte de la militancia del PP vasco, y no tiene que ver con las \u00faltimas diferencias con asociaciones de v\u00edctimas como Covite o AVT o con la creaci\u00f3n de un nuevo partido por el exparlamentario alav\u00e9s Santiago Abascal, seg\u00fan fuentes del PP vasco.<\/p>\n<p>Quiroga comunic\u00f3 su intenci\u00f3n de convocar el congreso a Mariano Rajoy en la reuni\u00f3n que mantuvieron en La Moncloa el pasado d\u00eda 15 y el presidente del PP y del Gobierno, que posiblemente ser\u00e1 quien clausure el c\u00f3nclave, le dio su visto bueno.<\/p>\n<p>La fractura en el PP vasco se inici\u00f3 en 2008, cuando en junio, la entonces presidenta, Mar\u00eda San Gil, anunci\u00f3 que abandonaba la pol\u00edtica porque discrepaba con la direcci\u00f3n nacional c\u00f3mo deb\u00eda enfrentarse con la \u00abdispersi\u00f3n de la idea nacional que permite a los nacionalistas vascos seguir avanzando hacia la autodeterminaci\u00f3n\u00bb.<\/p>\n<p>San Gil ya hab\u00eda abandonado poco antes la ponencia pol\u00edtica del XVI congreso nacional del PP por no estar de acuerdo con su postura sobre los nacionalistas.<\/p>\n<p>Hasta 2008, el PP hab\u00eda defendido en Euskadi, bajo las presidencias sucesivas de Jaime Mayor Oreja, Carlos Iturgaiz y Mar\u00eda San Gil, una pol\u00edtica de m\u00e1xima firmeza ante la izquierda abertzale y hab\u00eda roto toda relaci\u00f3n con el PNV a ra\u00edz de la declaraci\u00f3n de Estella y del posterior intento del entonces lehendakari, Juan Jos\u00e9 Ibarretxe, de sacar adelante un nuevo estatuto y una consulta soberanista.<\/p>\n<p>Un mes despu\u00e9s de la renuncia de San Gil, Antonio Basagoiti fue elegido presidente del PP vasco, con el 82,1 % de los votos, en un congreso en el que trat\u00f3 de superar la divisi\u00f3n manteniendo a dirigentes afines a San Gil, como Carmelo Barrio o Carlos Urquijo, aunque el n\u00facleo de su direcci\u00f3n lo integraron quienes defend\u00edan que el PP superara su aislamiento y recuperara la capacidad de acuerdo con el PNV y el PSE-EE.<\/p>\n<p>Basagoiti consolid\u00f3 la nueva estrategia gracias a que el PP se convirti\u00f3 en decisivo para convertir a Patxi L\u00f3pez en lehendakari y desalojar as\u00ed por primera vez al PNV del Gobierno Vasco, y fruto de ello fue reelegido presidente de los populares vascos en mayo de 2012 con el 92 % de los votos.<\/p>\n<p>Un a\u00f1o despu\u00e9s, y tras un nuevo retroceso en las elecciones vascas de octubre de 2012, Basagoiti anunci\u00f3 su abandono de la pol\u00edtica para irse a trabajar a M\u00e9xico y pact\u00f3 con los dirigentes del PP vasco una sucesi\u00f3n r\u00e1pida con Arantza Quiroga de presidenta.<\/p>\n<p>En menos de una semana, el nombramiento, refrendado antes por los tres comit\u00e9s provinciales del PP, fue aprobado por unanimidad por la Junta Directiva del PP vasco, el m\u00e1ximo \u00f3rgano entre congresos e integrado por 90 personas.<\/p>\n<p>Como la propia Quiroga lo admiti\u00f3, desde ese momento estaba pendiente la celebraci\u00f3n de un congreso regional que legitimara su nombramiento como presidenta, m\u00e1s all\u00e1 del apoyo de los dirigentes del partido.<\/p>\n<p>La celebraci\u00f3n del c\u00f3nclave regional fue demandada adem\u00e1s por el sector \u00abcr\u00edtico\u00bb y as\u00ed lo pidi\u00f3 p\u00fablicamente en agosto el eurodiputado Carlos Iturgaiz.<\/p>\n<p>Junto al reforzamiento del liderazgo de Quiroga, el congreso de marzo deber\u00e1 validar tambi\u00e9n el apoyo que tiene la actual l\u00ednea estrat\u00e9gica del PP vasco iniciada por Basagoiti, cada vez m\u00e1s cuestionada por un sector del partido que rechaza cualquier gesto hacia el mundo de la izquierda abertzale.<\/p>\n<p>El propio Iturgaiz ha sido el que ha puesto voz a este sector al reclamar al PP que opte entre \u00ablas dos almas\u00bb que existen en la formaci\u00f3n: la que defiende una m\u00ednima normalizaci\u00f3n de relaciones con la izquierda abertzale y la que est\u00e1 en contra de ello.<\/p>\n<p>En una entrevista que concedi\u00f3 a EFE, Iturgaiz sostuvo que \u00abla izquierda abertzale, que es el brazo pol\u00edtico de ETA, no es un partido m\u00e1s y no se puede ir a debates, a tomar un caf\u00e9 o hacerse fotos en plan coleguismo\u00bb, aunque una parte de sus compa\u00f1eros de partido defienda que \u00abhay que normalizar la relaci\u00f3n con ese mundo\u00bb.<\/p>\n<p>Iturgaiz ha recalcado que en su planteamiento \u00abno hay ruptura\u00bb del PP, algo que s\u00ed se ha producido por parte de otro antiguo miembro de este sector, el alav\u00e9s Santiago Abascal.<\/p>\n<p>La interrogante del congreso del PP vasco de marzo es si este sector, respaldado a nivel nacional por Jaime Mayor Oreja, Esperanza Aguirre y Jos\u00e9 Mar\u00eda Aznar, votar\u00e1 o no a Quiroga como presidenta y, por tanto, con que porcentaje saldr\u00e1 elegida.<\/p>\n<p>Por Mikel Folgueira<\/p>\n","protected":false},"excerpt":{"rendered":"<p>Bilbao, 25 ene (EFE).- El Partido Popular del Pa\u00eds Vasco celebrar\u00e1 en la primera quincena de marzo un congreso en el que pretende reforzar el liderazgo de Arantza Quiroga y la l\u00ednea moderada del partido, frente a un sector descontento con la estrategia que se sigue en lo referido al final de terrorismo. La decisi\u00f3n [&hellip;]<\/p>\n","protected":false},"author":1,"featured_media":1132184,"comment_status":"closed","ping_status":"open","sticky":false,"template":"","format":"standard","meta":{"footnotes":""},"categories":[1],"tags":[],"class_list":["post-478795","post","type-post","status-publish","format-standard","has-post-thumbnail","hentry","category-actualidad"],"aioseo_notices":[],"aioseo_head":"\n\t\t<!-- All in One SEO Pro 5.0.1 - aioseo.com -->\n\t<meta name=\"description\" content=\"Bilbao, 25 ene (EFE).- El Partido Popular del Pa\u00eds Vasco celebrar\u00e1 en la primera quincena de marzo un congreso en el que pretende reforzar el liderazgo de Arantza Quiroga y la l\u00ednea moderada del partido, frente a un sector descontento con la estrategia que se sigue en lo referido al final de terrorismo. La decisi\u00f3n\" \/>\n\t<meta name=\"robots\" content=\"max-image-preview:large\" \/>\n\t<meta name=\"author\" content=\"El Digital de Asturias\"\/>\n\t<meta name=\"google-site-verification\" content=\"UA-38556648-1\" \/>\n\t<meta name=\"msvalidate.01\" content=\"7dfe9f3f1b24437ab69f4f2559babe99\" \/>\n\t<meta name=\"keywords\" content=\"actualidad\" \/>\n\t<link rel=\"canonical\" href=\"https:\/\/www.eldigitaldeasturias.com\/noticias\/el-pp-vasco-busca-reforzar-a-quiroga-y-la-linea-moderada-ante-los-descontentos\/\" \/>\n\t<meta name=\"generator\" content=\"All in One SEO Pro (AIOSEO) 5.0.1\" \/>\n\t\t<meta property=\"og:locale\" content=\"es_ES\" \/>\n\t\t<meta property=\"og:site_name\" content=\"El Digital de Asturias\" \/>\n\t\t<meta property=\"og:type\" content=\"article\" \/>\n\t\t<meta property=\"og:title\" content=\"El PP vasco busca reforzar a Quiroga y la l\u00ednea moderada ante los descontentos - El Digital de Asturias\" \/>\n\t\t<meta property=\"og:description\" content=\"Bilbao, 25 ene (EFE).- El Partido Popular del Pa\u00eds Vasco celebrar\u00e1 en la primera quincena de marzo un congreso en el que pretende reforzar el liderazgo de Arantza Quiroga y la l\u00ednea moderada del partido, frente a un sector descontento con la estrategia que se sigue en lo referido al final de terrorismo. La decisi\u00f3n\" \/>\n\t\t<meta property=\"og:url\" content=\"https:\/\/www.eldigitaldeasturias.com\/noticias\/el-pp-vasco-busca-reforzar-a-quiroga-y-la-linea-moderada-ante-los-descontentos\/\" \/>\n\t\t<meta property=\"og:image\" content=\"https:\/\/www.eldigitaldeasturias.com\/noticias\/wp-content\/uploads\/2026\/06\/Contenidos.jpg\" \/>\n\t\t<meta property=\"og:image:secure_url\" content=\"https:\/\/www.eldigitaldeasturias.com\/noticias\/wp-content\/uploads\/2026\/06\/Contenidos.jpg\" \/>\n\t\t<meta property=\"og:image:width\" content=\"1265\" \/>\n\t\t<meta property=\"og:image:height\" content=\"697\" \/>\n\t\t<meta property=\"article:tag\" content=\"actualidad\" \/>\n\t\t<meta property=\"article:published_time\" content=\"2014-01-25T20:05:01+00:00\" \/>\n\t\t<meta property=\"article:modified_time\" content=\"2014-01-25T20:05:01+00:00\" \/>\n\t\t<meta property=\"article:publisher\" content=\"https:\/\/facebook.com\/eldigitaldeasturias\" \/>\n\t\t<meta name=\"twitter:card\" content=\"summary_large_image\" \/>\n\t\t<meta name=\"twitter:title\" content=\"El PP vasco busca reforzar a Quiroga y la l\u00ednea moderada ante los descontentos - El Digital de Asturias\" \/>\n\t\t<meta name=\"twitter:description\" content=\"Bilbao, 25 ene (EFE).- El Partido Popular del Pa\u00eds Vasco celebrar\u00e1 en la primera quincena de marzo un congreso en el que pretende reforzar el liderazgo de Arantza Quiroga y la l\u00ednea moderada del partido, frente a un sector descontento con la estrategia que se sigue en lo referido al final de terrorismo. La decisi\u00f3n\" \/>\n\t\t<meta name=\"twitter:image\" content=\"https:\/\/www.eldigitaldeasturias.com\/noticias\/wp-content\/uploads\/2026\/06\/Contenidos.jpg\" \/>\n\t\t<meta name=\"twitter:label1\" content=\"Escrito por\" \/>\n\t\t<meta name=\"twitter:data1\" content=\"El Digital de Asturias\" \/>\n\t\t<meta name=\"twitter:label2\" content=\"Tiempo de lectura estimado\" \/>\n\t\t<meta name=\"twitter:data2\" content=\"4 minutos\" \/>\n\t\t<script type=\"application\/ld+json\" class=\"aioseo-schema\">\n\t\t\t{\"@context\":\"https:\\\/\\\/schema.org\",\"@graph\":[{\"@type\":\"BlogPosting\",\"@id\":\"https:\\\/\\\/www.eldigitaldeasturias.com\\\/noticias\\\/el-pp-vasco-busca-reforzar-a-quiroga-y-la-linea-moderada-ante-los-descontentos\\\/#blogposting\",\"name\":\"El PP vasco busca reforzar a Quiroga y la l\\u00ednea moderada ante los descontentos - El Digital de Asturias\",\"headline\":\"El PP vasco busca reforzar a Quiroga y la l\\u00ednea moderada ante los descontentos\",\"author\":{\"@id\":\"https:\\\/\\\/www.eldigitaldeasturias.com\\\/noticias\\\/author\\\/admin\\\/#author\"},\"publisher\":{\"@id\":\"https:\\\/\\\/www.eldigitaldeasturias.com\\\/noticias\\\/#organization\"},\"image\":{\"@type\":\"ImageObject\",\"url\":\"https:\\\/\\\/www.eldigitaldeasturias.com\\\/noticias\\\/wp-content\\\/uploads\\\/2026\\\/06\\\/Contenidos.jpg\",\"width\":1265,\"height\":697,\"caption\":\"Contenidos\"},\"datePublished\":\"2014-01-25T19:05:01+01:00\",\"dateModified\":\"2014-01-25T19:05:01+01:00\",\"inLanguage\":\"es-ES\",\"mainEntityOfPage\":{\"@id\":\"https:\\\/\\\/www.eldigitaldeasturias.com\\\/noticias\\\/el-pp-vasco-busca-reforzar-a-quiroga-y-la-linea-moderada-ante-los-descontentos\\\/#webpage\"},\"isPartOf\":{\"@id\":\"https:\\\/\\\/www.eldigitaldeasturias.com\\\/noticias\\\/el-pp-vasco-busca-reforzar-a-quiroga-y-la-linea-moderada-ante-los-descontentos\\\/#webpage\"},\"articleSection\":\"Actualidad\"},{\"@type\":\"BreadcrumbList\",\"@id\":\"https:\\\/\\\/www.eldigitaldeasturias.com\\\/noticias\\\/el-pp-vasco-busca-reforzar-a-quiroga-y-la-linea-moderada-ante-los-descontentos\\\/#breadcrumblist\",\"itemListElement\":[{\"@type\":\"ListItem\",\"@id\":\"https:\\\/\\\/www.eldigitaldeasturias.com\\\/noticias#listItem\",\"position\":1,\"name\":\"Home\",\"item\":\"https:\\\/\\\/www.eldigitaldeasturias.com\\\/noticias\",\"nextItem\":{\"@type\":\"ListItem\",\"@id\":\"https:\\\/\\\/www.eldigitaldeasturias.com\\\/noticias\\\/category\\\/actualidad\\\/#listItem\",\"name\":\"Actualidad\"}},{\"@type\":\"ListItem\",\"@id\":\"https:\\\/\\\/www.eldigitaldeasturias.com\\\/noticias\\\/category\\\/actualidad\\\/#listItem\",\"position\":2,\"name\":\"Actualidad\",\"item\":\"https:\\\/\\\/www.eldigitaldeasturias.com\\\/noticias\\\/category\\\/actualidad\\\/\",\"nextItem\":{\"@type\":\"ListItem\",\"@id\":\"https:\\\/\\\/www.eldigitaldeasturias.com\\\/noticias\\\/el-pp-vasco-busca-reforzar-a-quiroga-y-la-linea-moderada-ante-los-descontentos\\\/#listItem\",\"name\":\"El PP vasco busca reforzar a Quiroga y la l\\u00ednea moderada ante los descontentos\"},\"previousItem\":{\"@type\":\"ListItem\",\"@id\":\"https:\\\/\\\/www.eldigitaldeasturias.com\\\/noticias#listItem\",\"name\":\"Home\"}},{\"@type\":\"ListItem\",\"@id\":\"https:\\\/\\\/www.eldigitaldeasturias.com\\\/noticias\\\/el-pp-vasco-busca-reforzar-a-quiroga-y-la-linea-moderada-ante-los-descontentos\\\/#listItem\",\"position\":3,\"name\":\"El PP vasco busca reforzar a Quiroga y la l\\u00ednea moderada ante los descontentos\",\"previousItem\":{\"@type\":\"ListItem\",\"@id\":\"https:\\\/\\\/www.eldigitaldeasturias.com\\\/noticias\\\/category\\\/actualidad\\\/#listItem\",\"name\":\"Actualidad\"}}]},{\"@type\":\"Organization\",\"@id\":\"https:\\\/\\\/www.eldigitaldeasturias.com\\\/noticias\\\/#organization\",\"name\":\"El Digital de Asturias\",\"description\":\"Hemeroteca\",\"url\":\"https:\\\/\\\/www.eldigitaldeasturias.com\\\/noticias\\\/\",\"email\":\"info@eldigitaldeasturias.com\",\"telephone\":\"+34652131393\",\"logo\":{\"@type\":\"ImageObject\",\"url\":\"https:\\\/\\\/www.eldigitaldeasturias.com\\\/noticias\\\/wp-content\\\/uploads\\\/2020\\\/12\\\/EDA.jpg\",\"@id\":\"https:\\\/\\\/www.eldigitaldeasturias.com\\\/noticias\\\/el-pp-vasco-busca-reforzar-a-quiroga-y-la-linea-moderada-ante-los-descontentos\\\/#organizationLogo\"},\"image\":{\"@id\":\"https:\\\/\\\/www.eldigitaldeasturias.com\\\/noticias\\\/el-pp-vasco-busca-reforzar-a-quiroga-y-la-linea-moderada-ante-los-descontentos\\\/#organizationLogo\"},\"sameAs\":[\"https:\\\/\\\/facebook.com\\\/eldigitaldeasturias\",\"https:\\\/\\\/www.youtube.com\\\/channel\\\/UCZP-2wLEB9Rv6erhFmqVnvg\"],\"address\":{\"@id\":\"https:\\\/\\\/www.eldigitaldeasturias.com\\\/noticias\\\/#postaladdress\",\"@type\":\"PostalAddress\",\"streetAddress\":\"san antonio 4\",\"postalCode\":\"33430\",\"addressLocality\":\"Cand\\u00e1s\",\"addressRegion\":\"Asturias\",\"addressCountry\":\"ES\"}},{\"@type\":\"Person\",\"@id\":\"https:\\\/\\\/www.eldigitaldeasturias.com\\\/noticias\\\/author\\\/admin\\\/#author\",\"url\":\"https:\\\/\\\/www.eldigitaldeasturias.com\\\/noticias\\\/author\\\/admin\\\/\",\"name\":\"El Digital de Asturias\",\"image\":{\"@type\":\"ImageObject\",\"@id\":\"https:\\\/\\\/www.eldigitaldeasturias.com\\\/noticias\\\/el-pp-vasco-busca-reforzar-a-quiroga-y-la-linea-moderada-ante-los-descontentos\\\/#authorImage\",\"url\":\"https:\\\/\\\/secure.gravatar.com\\\/avatar\\\/df2aeffc32bcd13f8d26072ef8a91b623d677766deac7f97ca815868cd41bf5e?s=96&d=mm&r=g\",\"width\":96,\"height\":96,\"caption\":\"El Digital de Asturias\"}},{\"@type\":\"WebPage\",\"@id\":\"https:\\\/\\\/www.eldigitaldeasturias.com\\\/noticias\\\/el-pp-vasco-busca-reforzar-a-quiroga-y-la-linea-moderada-ante-los-descontentos\\\/#webpage\",\"url\":\"https:\\\/\\\/www.eldigitaldeasturias.com\\\/noticias\\\/el-pp-vasco-busca-reforzar-a-quiroga-y-la-linea-moderada-ante-los-descontentos\\\/\",\"name\":\"El PP vasco busca reforzar a Quiroga y la l\\u00ednea moderada ante los descontentos - El Digital de Asturias\",\"description\":\"Bilbao, 25 ene (EFE).- El Partido Popular del Pa\\u00eds Vasco celebrar\\u00e1 en la primera quincena de marzo un congreso en el que pretende reforzar el liderazgo de Arantza Quiroga y la l\\u00ednea moderada del partido, frente a un sector descontento con la estrategia que se sigue en lo referido al final de terrorismo. La decisi\\u00f3n\",\"inLanguage\":\"es-ES\",\"isPartOf\":{\"@id\":\"https:\\\/\\\/www.eldigitaldeasturias.com\\\/noticias\\\/#website\"},\"breadcrumb\":{\"@id\":\"https:\\\/\\\/www.eldigitaldeasturias.com\\\/noticias\\\/el-pp-vasco-busca-reforzar-a-quiroga-y-la-linea-moderada-ante-los-descontentos\\\/#breadcrumblist\"},\"author\":{\"@id\":\"https:\\\/\\\/www.eldigitaldeasturias.com\\\/noticias\\\/author\\\/admin\\\/#author\"},\"creator\":{\"@id\":\"https:\\\/\\\/www.eldigitaldeasturias.com\\\/noticias\\\/author\\\/admin\\\/#author\"},\"image\":{\"@type\":\"ImageObject\",\"url\":\"https:\\\/\\\/www.eldigitaldeasturias.com\\\/noticias\\\/wp-content\\\/uploads\\\/2026\\\/06\\\/Contenidos.jpg\",\"@id\":\"https:\\\/\\\/www.eldigitaldeasturias.com\\\/noticias\\\/el-pp-vasco-busca-reforzar-a-quiroga-y-la-linea-moderada-ante-los-descontentos\\\/#mainImage\",\"width\":1265,\"height\":697,\"caption\":\"Contenidos\"},\"primaryImageOfPage\":{\"@id\":\"https:\\\/\\\/www.eldigitaldeasturias.com\\\/noticias\\\/el-pp-vasco-busca-reforzar-a-quiroga-y-la-linea-moderada-ante-los-descontentos\\\/#mainImage\"},\"datePublished\":\"2014-01-25T19:05:01+01:00\",\"dateModified\":\"2014-01-25T19:05:01+01:00\"},{\"@type\":\"WebSite\",\"@id\":\"https:\\\/\\\/www.eldigitaldeasturias.com\\\/noticias\\\/#website\",\"url\":\"https:\\\/\\\/www.eldigitaldeasturias.com\\\/noticias\\\/\",\"name\":\"El Digital de Asturias - Diario de actualidad y noticias\",\"alternateName\":\"El Digital de Asturias - Diario de actualidad y noticias\",\"description\":\"Hemeroteca\",\"inLanguage\":\"es-ES\",\"publisher\":{\"@id\":\"https:\\\/\\\/www.eldigitaldeasturias.com\\\/noticias\\\/#organization\"}}]}\n\t\t<\/script>\n\t\t<!-- All in One SEO Pro -->\r\n\t\t<title>El PP vasco busca reforzar a Quiroga y la l\u00ednea moderada ante los descontentos - El Digital de Asturias<\/title>\n\n","aioseo_head_json":{"title":"El PP vasco busca reforzar a Quiroga y la l\u00ednea moderada ante los descontentos - El Digital de Asturias","description":"Bilbao, 25 ene (EFE).- El Partido Popular del Pa\u00eds Vasco celebrar\u00e1 en la primera quincena de marzo un congreso en el que pretende reforzar el liderazgo de Arantza Quiroga y la l\u00ednea moderada del partido, frente a un sector descontento con la estrategia que se sigue en lo referido al final de terrorismo. La decisi\u00f3n","canonical_url":"https:\/\/www.eldigitaldeasturias.com\/noticias\/el-pp-vasco-busca-reforzar-a-quiroga-y-la-linea-moderada-ante-los-descontentos\/","robots":"max-image-preview:large","keywords":"actualidad","webmasterTools":{"google-site-verification":"UA-38556648-1","msvalidate.01":"7dfe9f3f1b24437ab69f4f2559babe99","miscellaneous":""},"schema":{"@context":"https:\/\/schema.org","@graph":[{"@type":"BlogPosting","@id":"https:\/\/www.eldigitaldeasturias.com\/noticias\/el-pp-vasco-busca-reforzar-a-quiroga-y-la-linea-moderada-ante-los-descontentos\/#blogposting","name":"El PP vasco busca reforzar a Quiroga y la l\u00ednea moderada ante los descontentos - El Digital de Asturias","headline":"El PP vasco busca reforzar a Quiroga y la l\u00ednea moderada ante los descontentos","author":{"@id":"https:\/\/www.eldigitaldeasturias.com\/noticias\/author\/admin\/#author"},"publisher":{"@id":"https:\/\/www.eldigitaldeasturias.com\/noticias\/#organization"},"image":{"@type":"ImageObject","url":"https:\/\/www.eldigitaldeasturias.com\/noticias\/wp-content\/uploads\/2026\/06\/Contenidos.jpg","width":1265,"height":697,"caption":"Contenidos"},"datePublished":"2014-01-25T19:05:01+01:00","dateModified":"2014-01-25T19:05:01+01:00","inLanguage":"es-ES","mainEntityOfPage":{"@id":"https:\/\/www.eldigitaldeasturias.com\/noticias\/el-pp-vasco-busca-reforzar-a-quiroga-y-la-linea-moderada-ante-los-descontentos\/#webpage"},"isPartOf":{"@id":"https:\/\/www.eldigitaldeasturias.com\/noticias\/el-pp-vasco-busca-reforzar-a-quiroga-y-la-linea-moderada-ante-los-descontentos\/#webpage"},"articleSection":"Actualidad"},{"@type":"BreadcrumbList","@id":"https:\/\/www.eldigitaldeasturias.com\/noticias\/el-pp-vasco-busca-reforzar-a-quiroga-y-la-linea-moderada-ante-los-descontentos\/#breadcrumblist","itemListElement":[{"@type":"ListItem","@id":"https:\/\/www.eldigitaldeasturias.com\/noticias#listItem","position":1,"name":"Home","item":"https:\/\/www.eldigitaldeasturias.com\/noticias","nextItem":{"@type":"ListItem","@id":"https:\/\/www.eldigitaldeasturias.com\/noticias\/category\/actualidad\/#listItem","name":"Actualidad"}},{"@type":"ListItem","@id":"https:\/\/www.eldigitaldeasturias.com\/noticias\/category\/actualidad\/#listItem","position":2,"name":"Actualidad","item":"https:\/\/www.eldigitaldeasturias.com\/noticias\/category\/actualidad\/","nextItem":{"@type":"ListItem","@id":"https:\/\/www.eldigitaldeasturias.com\/noticias\/el-pp-vasco-busca-reforzar-a-quiroga-y-la-linea-moderada-ante-los-descontentos\/#listItem","name":"El PP vasco busca reforzar a Quiroga y la l\u00ednea moderada ante los descontentos"},"previousItem":{"@type":"ListItem","@id":"https:\/\/www.eldigitaldeasturias.com\/noticias#listItem","name":"Home"}},{"@type":"ListItem","@id":"https:\/\/www.eldigitaldeasturias.com\/noticias\/el-pp-vasco-busca-reforzar-a-quiroga-y-la-linea-moderada-ante-los-descontentos\/#listItem","position":3,"name":"El PP vasco busca reforzar a Quiroga y la l\u00ednea moderada ante los descontentos","previousItem":{"@type":"ListItem","@id":"https:\/\/www.eldigitaldeasturias.com\/noticias\/category\/actualidad\/#listItem","name":"Actualidad"}}]},{"@type":"Organization","@id":"https:\/\/www.eldigitaldeasturias.com\/noticias\/#organization","name":"El Digital de Asturias","description":"Hemeroteca","url":"https:\/\/www.eldigitaldeasturias.com\/noticias\/","email":"info@eldigitaldeasturias.com","telephone":"+34652131393","logo":{"@type":"ImageObject","url":"https:\/\/www.eldigitaldeasturias.com\/noticias\/wp-content\/uploads\/2020\/12\/EDA.jpg","@id":"https:\/\/www.eldigitaldeasturias.com\/noticias\/el-pp-vasco-busca-reforzar-a-quiroga-y-la-linea-moderada-ante-los-descontentos\/#organizationLogo"},"image":{"@id":"https:\/\/www.eldigitaldeasturias.com\/noticias\/el-pp-vasco-busca-reforzar-a-quiroga-y-la-linea-moderada-ante-los-descontentos\/#organizationLogo"},"sameAs":["https:\/\/facebook.com\/eldigitaldeasturias","https:\/\/www.youtube.com\/channel\/UCZP-2wLEB9Rv6erhFmqVnvg"],"address":{"@id":"https:\/\/www.eldigitaldeasturias.com\/noticias\/#postaladdress","@type":"PostalAddress","streetAddress":"san antonio 4","postalCode":"33430","addressLocality":"Cand\u00e1s","addressRegion":"Asturias","addressCountry":"ES"}},{"@type":"Person","@id":"https:\/\/www.eldigitaldeasturias.com\/noticias\/author\/admin\/#author","url":"https:\/\/www.eldigitaldeasturias.com\/noticias\/author\/admin\/","name":"El Digital de Asturias","image":{"@type":"ImageObject","@id":"https:\/\/www.eldigitaldeasturias.com\/noticias\/el-pp-vasco-busca-reforzar-a-quiroga-y-la-linea-moderada-ante-los-descontentos\/#authorImage","url":"https:\/\/secure.gravatar.com\/avatar\/df2aeffc32bcd13f8d26072ef8a91b623d677766deac7f97ca815868cd41bf5e?s=96&d=mm&r=g","width":96,"height":96,"caption":"El Digital de Asturias"}},{"@type":"WebPage","@id":"https:\/\/www.eldigitaldeasturias.com\/noticias\/el-pp-vasco-busca-reforzar-a-quiroga-y-la-linea-moderada-ante-los-descontentos\/#webpage","url":"https:\/\/www.eldigitaldeasturias.com\/noticias\/el-pp-vasco-busca-reforzar-a-quiroga-y-la-linea-moderada-ante-los-descontentos\/","name":"El PP vasco busca reforzar a Quiroga y la l\u00ednea moderada ante los descontentos - El Digital de Asturias","description":"Bilbao, 25 ene (EFE).- El Partido Popular del Pa\u00eds Vasco celebrar\u00e1 en la primera quincena de marzo un congreso en el que pretende reforzar el liderazgo de Arantza Quiroga y la l\u00ednea moderada del partido, frente a un sector descontento con la estrategia que se sigue en lo referido al final de terrorismo. La decisi\u00f3n","inLanguage":"es-ES","isPartOf":{"@id":"https:\/\/www.eldigitaldeasturias.com\/noticias\/#website"},"breadcrumb":{"@id":"https:\/\/www.eldigitaldeasturias.com\/noticias\/el-pp-vasco-busca-reforzar-a-quiroga-y-la-linea-moderada-ante-los-descontentos\/#breadcrumblist"},"author":{"@id":"https:\/\/www.eldigitaldeasturias.com\/noticias\/author\/admin\/#author"},"creator":{"@id":"https:\/\/www.eldigitaldeasturias.com\/noticias\/author\/admin\/#author"},"image":{"@type":"ImageObject","url":"https:\/\/www.eldigitaldeasturias.com\/noticias\/wp-content\/uploads\/2026\/06\/Contenidos.jpg","@id":"https:\/\/www.eldigitaldeasturias.com\/noticias\/el-pp-vasco-busca-reforzar-a-quiroga-y-la-linea-moderada-ante-los-descontentos\/#mainImage","width":1265,"height":697,"caption":"Contenidos"},"primaryImageOfPage":{"@id":"https:\/\/www.eldigitaldeasturias.com\/noticias\/el-pp-vasco-busca-reforzar-a-quiroga-y-la-linea-moderada-ante-los-descontentos\/#mainImage"},"datePublished":"2014-01-25T19:05:01+01:00","dateModified":"2014-01-25T19:05:01+01:00"},{"@type":"WebSite","@id":"https:\/\/www.eldigitaldeasturias.com\/noticias\/#website","url":"https:\/\/www.eldigitaldeasturias.com\/noticias\/","name":"El Digital de Asturias - Diario de actualidad y noticias","alternateName":"El Digital de Asturias - Diario de actualidad y noticias","description":"Hemeroteca","inLanguage":"es-ES","publisher":{"@id":"https:\/\/www.eldigitaldeasturias.com\/noticias\/#organization"}}]},"og:locale":"es_ES","og:site_name":"El Digital de Asturias","og:type":"article","og:title":"El PP vasco busca reforzar a Quiroga y la l\u00ednea moderada ante los descontentos - El Digital de Asturias","og:description":"Bilbao, 25 ene (EFE).- El Partido Popular del Pa\u00eds Vasco celebrar\u00e1 en la primera quincena de marzo un congreso en el que pretende reforzar el liderazgo de Arantza Quiroga y la l\u00ednea moderada del partido, frente a un sector descontento con la estrategia que se sigue en lo referido al final de terrorismo. La decisi\u00f3n","og:url":"https:\/\/www.eldigitaldeasturias.com\/noticias\/el-pp-vasco-busca-reforzar-a-quiroga-y-la-linea-moderada-ante-los-descontentos\/","og:image":"https:\/\/www.eldigitaldeasturias.com\/noticias\/wp-content\/uploads\/2026\/06\/Contenidos.jpg","og:image:secure_url":"https:\/\/www.eldigitaldeasturias.com\/noticias\/wp-content\/uploads\/2026\/06\/Contenidos.jpg","og:image:width":1265,"og:image:height":697,"article:tag":["actualidad"],"article:published_time":"2014-01-25T20:05:01+00:00","article:modified_time":"2014-01-25T20:05:01+00:00","article:publisher":"https:\/\/facebook.com\/eldigitaldeasturias","twitter:card":"summary_large_image","twitter:title":"El PP vasco busca reforzar a Quiroga y la l\u00ednea moderada ante los descontentos - El Digital de Asturias","twitter:description":"Bilbao, 25 ene (EFE).- El Partido Popular del Pa\u00eds Vasco celebrar\u00e1 en la primera quincena de marzo un congreso en el que pretende reforzar el liderazgo de Arantza Quiroga y la l\u00ednea moderada del partido, frente a un sector descontento con la estrategia que se sigue en lo referido al final de terrorismo. La decisi\u00f3n","twitter:image":"https:\/\/www.eldigitaldeasturias.com\/noticias\/wp-content\/uploads\/2026\/06\/Contenidos.jpg","twitter:label1":"Escrito por","twitter:data1":"El Digital de Asturias","twitter:label2":"Tiempo de lectura estimado","twitter:data2":"4 minutos"},"aioseo_meta_data":{"post_id":"478795","title":null,"description":null,"keywords":null,"keyphrases":null,"primary_term":null,"canonical_url":null,"og_title":null,"og_description":null,"og_object_type":"default","og_image_type":"default","og_image_url":null,"og_image_width":null,"og_image_height":null,"og_image_custom_url":null,"og_image_custom_fields":null,"og_video":null,"og_custom_url":null,"og_article_section":null,"og_article_tags":null,"twitter_use_og":true,"twitter_card":"default","twitter_image_type":"default","twitter_image_url":null,"twitter_image_custom_url":null,"twitter_image_custom_fields":null,"twitter_title":null,"twitter_description":null,"schema":{"blockGraphs":[],"customGraphs":[],"default":{"data":{"Article":[],"Course":[],"Dataset":[],"FAQPage":[],"Movie":[],"Person":[],"Product":[],"ProductReview":[],"Car":[],"Recipe":[],"Service":[],"SoftwareApplication":[],"WebPage":[]},"graphName":"","isEnabled":true},"graphs":[],"defaultGraph":"","defaultPostTypeGraph":""},"schema_type":null,"schema_type_options":null,"pillar_content":false,"robots_default":true,"robots_noindex":false,"robots_noarchive":false,"robots_nosnippet":false,"robots_nofollow":false,"robots_noimageindex":false,"robots_noodp":false,"robots_notranslate":false,"robots_max_snippet":null,"robots_max_videopreview":null,"robots_max_imagepreview":"none","priority":null,"frequency":null,"local_seo":null,"seo_analyzer_scan_date":"2026-06-01 22:36:44","breadcrumb_settings":null,"limit_modified_date":false,"open_ai":null,"ai":null,"created":"2020-11-14 22:53:57","updated":"2026-06-01 22:36:44","focus_keyword":null,"additional_keywords":null,"truseo_locale":null},"aioseo_breadcrumb":"<div class=\"aioseo-breadcrumbs\"><span class=\"aioseo-breadcrumb\">\n\t<a href=\"https:\/\/www.eldigitaldeasturias.com\/noticias\" title=\"Home\">Home<\/a>\n<\/span><span class=\"aioseo-breadcrumb-separator\">\u2013<\/span><span class=\"aioseo-breadcrumb\">\n\t<a href=\"https:\/\/www.eldigitaldeasturias.com\/noticias\/category\/actualidad\/\" title=\"Actualidad\">Actualidad<\/a>\n<\/span><span class=\"aioseo-breadcrumb-separator\">\u2013<\/span><span class=\"aioseo-breadcrumb\">\n\t<a href=\"https:\/\/www.eldigitaldeasturias.com\/noticias\/el-pp-vasco-busca-reforzar-a-quiroga-y-la-linea-moderada-ante-los-descontentos\/\" title=\"El PP vasco busca reforzar a Quiroga y la l\u00ednea moderada ante los descontentos\">El PP vasco busca reforzar a Quiroga y la l\u00ednea moderada ante los descontentos<\/a>\n<\/span><\/div>","aioseo_breadcrumb_json":[{"label":"Home","link":"https:\/\/www.eldigitaldeasturias.com\/noticias"},{"label":"Actualidad","link":"https:\/\/www.eldigitaldeasturias.com\/noticias\/category\/actualidad\/"},{"label":"El PP vasco busca reforzar a Quiroga y la l\u00ednea moderada ante los descontentos","link":"https:\/\/www.eldigitaldeasturias.com\/noticias\/el-pp-vasco-busca-reforzar-a-quiroga-y-la-linea-moderada-ante-los-descontentos\/"}],"_links":{"self":[{"href":"https:\/\/www.eldigitaldeasturias.com\/noticias\/wp-json\/wp\/v2\/posts\/478795","targetHints":{"allow":["GET"]}}],"collection":[{"href":"https:\/\/www.eldigitaldeasturias.com\/noticias\/wp-json\/wp\/v2\/posts"}],"about":[{"href":"https:\/\/www.eldigitaldeasturias.com\/noticias\/wp-json\/wp\/v2\/types\/post"}],"author":[{"embeddable":true,"href":"https:\/\/www.eldigitaldeasturias.com\/noticias\/wp-json\/wp\/v2\/users\/1"}],"replies":[{"embeddable":true,"href":"https:\/\/www.eldigitaldeasturias.com\/noticias\/wp-json\/wp\/v2\/comments?post=478795"}],"version-history":[{"count":0,"href":"https:\/\/www.eldigitaldeasturias.com\/noticias\/wp-json\/wp\/v2\/posts\/478795\/revisions"}],"wp:featuredmedia":[{"embeddable":true,"href":"https:\/\/www.eldigitaldeasturias.com\/noticias\/wp-json\/wp\/v2\/media\/1132184"}],"wp:attachment":[{"href":"https:\/\/www.eldigitaldeasturias.com\/noticias\/wp-json\/wp\/v2\/media?parent=478795"}],"wp:term":[{"taxonomy":"category","embeddable":true,"href":"https:\/\/www.eldigitaldeasturias.com\/noticias\/wp-json\/wp\/v2\/categories?post=478795"},{"taxonomy":"post_tag","embeddable":true,"href":"https:\/\/www.eldigitaldeasturias.com\/noticias\/wp-json\/wp\/v2\/tags?post=478795"}],"curies":[{"name":"wp","href":"https:\/\/api.w.org\/{rel}","templated":true}]}}