{"id":478786,"date":"2014-01-25T18:48:37","date_gmt":"2014-01-25T19:48:37","guid":{"rendered":"http:\/\/www.eldigitaldeasturias.com\/noticias\/?p=478786"},"modified":"2014-01-25T18:48:37","modified_gmt":"2014-01-25T19:48:37","slug":"navarra-recupera-la-normalidad-tras-los-problemas-causados-por-la-lluvia","status":"publish","type":"post","link":"https:\/\/www.eldigitaldeasturias.com\/noticias\/navarra-recupera-la-normalidad-tras-los-problemas-causados-por-la-lluvia\/","title":{"rendered":"Navarra recupera la normalidad tras los problemas causados por la lluvia"},"content":{"rendered":"<p><img loading=\"lazy\" decoding=\"async\" class=\"alignleft size-medium wp-image-478787\" alt=\"5875948w\" src=\"https:\/\/www.eldigitaldeasturias.com\/noticias\/wp-content\/uploads\/2014\/01\/5875948w-360x255.jpg\" width=\"360\" height=\"255\" \/>Pamplona, 25 ene (EFE).- La situaci\u00f3n de las carreteras navarras es de normalidad tras los problemas provocados en las \u00faltimas horas por la lluvia, seg\u00fan informa el Gobierno de Navarra.<\/p>\n<p>A las 10.30 horas de hoy solo permanec\u00eda cortada, en la red principal, la NA-30, accesos a Landaben, en Pamplona, y en la red secundaria la NA-2410 (Barranca) en el kil\u00f3metro 13. El resto de v\u00edas, incluido el acceso a Orbaitzeta y Orbara, que ayer quedaron moment\u00e1neamente incomunicadas, no presentan restricciones al tr\u00e1fico.<\/p>\n<p>No obstante el Gobierno de Navarra mantiene la recomendaci\u00f3n de circular con precauci\u00f3n, por la red de carreteras de la Comunidad Foral, ante la posibilidad de que hoy se produzcan precipitaciones persistentes en el norte, nevadas en \u00e1reas de monta\u00f1a y vientos fuertes.<\/p>\n<p>A causa de la nieve y del riesgo de aludes se encuentra cerrada la carretera NA-137 (Burgui-Isaba-Francia) a partir del kil\u00f3metro 51 (El Refugio).<\/p>\n<p>El nivel de los r\u00edos tiende a descender o se encuentra estabilizado, seg\u00fan la citada fuente, que se\u00f1ala que el pico de la avenida ha pasado por Pamplona, confirmando las previsiones, hacia las dos de la madrugada con un caudal inferior al medido en enero de 2013 y sin afectar a los puntos de inundaci\u00f3n habituales.<\/p>\n<p>Tampoco se esperan incidencias importantes en las localidades de la Zona Media, aunque desde la Agencia Navarra de Emergencias se ha advertido a los ayuntamientos para que permanezcan atentos al nivel de los r\u00edos.<\/p>\n<p>La Polic\u00eda Foral no ha atendido ning\u00fan accidente de tr\u00e1fico debido a las adversas condiciones meteorol\u00f3gicas.<\/p>\n","protected":false},"excerpt":{"rendered":"<p>Pamplona, 25 ene (EFE).- La situaci\u00f3n de las carreteras navarras es de normalidad tras los problemas provocados en las \u00faltimas horas por la lluvia, seg\u00fan informa el Gobierno de Navarra. A las 10.30 horas de hoy solo permanec\u00eda cortada, en la red principal, la NA-30, accesos a Landaben, en Pamplona, y en la red secundaria [&hellip;]<\/p>\n","protected":false},"author":1,"featured_media":1132184,"comment_status":"closed","ping_status":"open","sticky":false,"template":"","format":"standard","meta":{"footnotes":""},"categories":[1],"tags":[],"class_list":["post-478786","post","type-post","status-publish","format-standard","has-post-thumbnail","hentry","category-actualidad"],"aioseo_notices":[],"aioseo_head":"\n\t\t<!-- All in One SEO Pro 5.0.1 - aioseo.com -->\n\t<meta name=\"description\" content=\"Pamplona, 25 ene (EFE).- La situaci\u00f3n de las carreteras navarras es de normalidad tras los problemas provocados en las \u00faltimas horas por la lluvia, seg\u00fan informa el Gobierno de Navarra. A las 10.30 horas de hoy solo permanec\u00eda cortada, en la red principal, la NA-30, accesos a Landaben, en Pamplona, y en la red secundaria\" \/>\n\t<meta name=\"robots\" content=\"max-image-preview:large\" \/>\n\t<meta name=\"author\" content=\"El Digital de Asturias\"\/>\n\t<meta name=\"google-site-verification\" content=\"UA-38556648-1\" \/>\n\t<meta name=\"msvalidate.01\" content=\"7dfe9f3f1b24437ab69f4f2559babe99\" \/>\n\t<meta name=\"keywords\" content=\"actualidad\" \/>\n\t<link rel=\"canonical\" href=\"https:\/\/www.eldigitaldeasturias.com\/noticias\/navarra-recupera-la-normalidad-tras-los-problemas-causados-por-la-lluvia\/\" \/>\n\t<meta name=\"generator\" content=\"All in One SEO Pro (AIOSEO) 5.0.1\" \/>\n\t\t<meta property=\"og:locale\" content=\"es_ES\" \/>\n\t\t<meta property=\"og:site_name\" content=\"El Digital de Asturias\" \/>\n\t\t<meta property=\"og:type\" content=\"article\" \/>\n\t\t<meta property=\"og:title\" content=\"Navarra recupera la normalidad tras los problemas causados por la lluvia - El Digital de Asturias\" \/>\n\t\t<meta property=\"og:description\" content=\"Pamplona, 25 ene (EFE).- La situaci\u00f3n de las carreteras navarras es de normalidad tras los problemas provocados en las \u00faltimas horas por la lluvia, seg\u00fan informa el Gobierno de Navarra. A las 10.30 horas de hoy solo permanec\u00eda cortada, en la red principal, la NA-30, accesos a Landaben, en Pamplona, y en la red secundaria\" \/>\n\t\t<meta property=\"og:url\" content=\"https:\/\/www.eldigitaldeasturias.com\/noticias\/navarra-recupera-la-normalidad-tras-los-problemas-causados-por-la-lluvia\/\" \/>\n\t\t<meta property=\"og:image\" content=\"https:\/\/www.eldigitaldeasturias.com\/noticias\/wp-content\/uploads\/2026\/06\/Contenidos.jpg\" \/>\n\t\t<meta property=\"og:image:secure_url\" content=\"https:\/\/www.eldigitaldeasturias.com\/noticias\/wp-content\/uploads\/2026\/06\/Contenidos.jpg\" \/>\n\t\t<meta property=\"og:image:width\" content=\"1265\" \/>\n\t\t<meta property=\"og:image:height\" content=\"697\" \/>\n\t\t<meta property=\"article:tag\" content=\"actualidad\" \/>\n\t\t<meta property=\"article:published_time\" content=\"2014-01-25T19:48:37+00:00\" \/>\n\t\t<meta property=\"article:modified_time\" content=\"2014-01-25T19:48:37+00:00\" \/>\n\t\t<meta property=\"article:publisher\" content=\"https:\/\/facebook.com\/eldigitaldeasturias\" \/>\n\t\t<meta name=\"twitter:card\" content=\"summary_large_image\" \/>\n\t\t<meta name=\"twitter:title\" content=\"Navarra recupera la normalidad tras los problemas causados por la lluvia - El Digital de Asturias\" \/>\n\t\t<meta name=\"twitter:description\" content=\"Pamplona, 25 ene (EFE).- La situaci\u00f3n de las carreteras navarras es de normalidad tras los problemas provocados en las \u00faltimas horas por la lluvia, seg\u00fan informa el Gobierno de Navarra. A las 10.30 horas de hoy solo permanec\u00eda cortada, en la red principal, la NA-30, accesos a Landaben, en Pamplona, y en la red secundaria\" \/>\n\t\t<meta name=\"twitter:image\" content=\"https:\/\/www.eldigitaldeasturias.com\/noticias\/wp-content\/uploads\/2026\/06\/Contenidos.jpg\" \/>\n\t\t<meta name=\"twitter:label1\" content=\"Escrito por\" \/>\n\t\t<meta name=\"twitter:data1\" content=\"El Digital de Asturias\" \/>\n\t\t<meta name=\"twitter:label2\" content=\"Tiempo de lectura estimado\" \/>\n\t\t<meta name=\"twitter:data2\" content=\"1 minuto\" \/>\n\t\t<script type=\"application\/ld+json\" class=\"aioseo-schema\">\n\t\t\t{\"@context\":\"https:\\\/\\\/schema.org\",\"@graph\":[{\"@type\":\"BlogPosting\",\"@id\":\"https:\\\/\\\/www.eldigitaldeasturias.com\\\/noticias\\\/navarra-recupera-la-normalidad-tras-los-problemas-causados-por-la-lluvia\\\/#blogposting\",\"name\":\"Navarra recupera la normalidad tras los problemas causados por la lluvia - El Digital de Asturias\",\"headline\":\"Navarra recupera la normalidad tras los problemas causados por la lluvia\",\"author\":{\"@id\":\"https:\\\/\\\/www.eldigitaldeasturias.com\\\/noticias\\\/author\\\/admin\\\/#author\"},\"publisher\":{\"@id\":\"https:\\\/\\\/www.eldigitaldeasturias.com\\\/noticias\\\/#organization\"},\"image\":{\"@type\":\"ImageObject\",\"url\":\"https:\\\/\\\/www.eldigitaldeasturias.com\\\/noticias\\\/wp-content\\\/uploads\\\/2026\\\/06\\\/Contenidos.jpg\",\"width\":1265,\"height\":697,\"caption\":\"Contenidos\"},\"datePublished\":\"2014-01-25T18:48:37+01:00\",\"dateModified\":\"2014-01-25T18:48:37+01:00\",\"inLanguage\":\"es-ES\",\"mainEntityOfPage\":{\"@id\":\"https:\\\/\\\/www.eldigitaldeasturias.com\\\/noticias\\\/navarra-recupera-la-normalidad-tras-los-problemas-causados-por-la-lluvia\\\/#webpage\"},\"isPartOf\":{\"@id\":\"https:\\\/\\\/www.eldigitaldeasturias.com\\\/noticias\\\/navarra-recupera-la-normalidad-tras-los-problemas-causados-por-la-lluvia\\\/#webpage\"},\"articleSection\":\"Actualidad\"},{\"@type\":\"BreadcrumbList\",\"@id\":\"https:\\\/\\\/www.eldigitaldeasturias.com\\\/noticias\\\/navarra-recupera-la-normalidad-tras-los-problemas-causados-por-la-lluvia\\\/#breadcrumblist\",\"itemListElement\":[{\"@type\":\"ListItem\",\"@id\":\"https:\\\/\\\/www.eldigitaldeasturias.com\\\/noticias#listItem\",\"position\":1,\"name\":\"Home\",\"item\":\"https:\\\/\\\/www.eldigitaldeasturias.com\\\/noticias\",\"nextItem\":{\"@type\":\"ListItem\",\"@id\":\"https:\\\/\\\/www.eldigitaldeasturias.com\\\/noticias\\\/category\\\/actualidad\\\/#listItem\",\"name\":\"Actualidad\"}},{\"@type\":\"ListItem\",\"@id\":\"https:\\\/\\\/www.eldigitaldeasturias.com\\\/noticias\\\/category\\\/actualidad\\\/#listItem\",\"position\":2,\"name\":\"Actualidad\",\"item\":\"https:\\\/\\\/www.eldigitaldeasturias.com\\\/noticias\\\/category\\\/actualidad\\\/\",\"nextItem\":{\"@type\":\"ListItem\",\"@id\":\"https:\\\/\\\/www.eldigitaldeasturias.com\\\/noticias\\\/navarra-recupera-la-normalidad-tras-los-problemas-causados-por-la-lluvia\\\/#listItem\",\"name\":\"Navarra recupera la normalidad tras los problemas causados por la lluvia\"},\"previousItem\":{\"@type\":\"ListItem\",\"@id\":\"https:\\\/\\\/www.eldigitaldeasturias.com\\\/noticias#listItem\",\"name\":\"Home\"}},{\"@type\":\"ListItem\",\"@id\":\"https:\\\/\\\/www.eldigitaldeasturias.com\\\/noticias\\\/navarra-recupera-la-normalidad-tras-los-problemas-causados-por-la-lluvia\\\/#listItem\",\"position\":3,\"name\":\"Navarra recupera la normalidad tras los problemas causados por la lluvia\",\"previousItem\":{\"@type\":\"ListItem\",\"@id\":\"https:\\\/\\\/www.eldigitaldeasturias.com\\\/noticias\\\/category\\\/actualidad\\\/#listItem\",\"name\":\"Actualidad\"}}]},{\"@type\":\"Organization\",\"@id\":\"https:\\\/\\\/www.eldigitaldeasturias.com\\\/noticias\\\/#organization\",\"name\":\"El Digital de Asturias\",\"description\":\"Hemeroteca\",\"url\":\"https:\\\/\\\/www.eldigitaldeasturias.com\\\/noticias\\\/\",\"email\":\"info@eldigitaldeasturias.com\",\"telephone\":\"+34652131393\",\"logo\":{\"@type\":\"ImageObject\",\"url\":\"https:\\\/\\\/www.eldigitaldeasturias.com\\\/noticias\\\/wp-content\\\/uploads\\\/2020\\\/12\\\/EDA.jpg\",\"@id\":\"https:\\\/\\\/www.eldigitaldeasturias.com\\\/noticias\\\/navarra-recupera-la-normalidad-tras-los-problemas-causados-por-la-lluvia\\\/#organizationLogo\"},\"image\":{\"@id\":\"https:\\\/\\\/www.eldigitaldeasturias.com\\\/noticias\\\/navarra-recupera-la-normalidad-tras-los-problemas-causados-por-la-lluvia\\\/#organizationLogo\"},\"sameAs\":[\"https:\\\/\\\/facebook.com\\\/eldigitaldeasturias\",\"https:\\\/\\\/www.youtube.com\\\/channel\\\/UCZP-2wLEB9Rv6erhFmqVnvg\"],\"address\":{\"@id\":\"https:\\\/\\\/www.eldigitaldeasturias.com\\\/noticias\\\/#postaladdress\",\"@type\":\"PostalAddress\",\"streetAddress\":\"san antonio 4\",\"postalCode\":\"33430\",\"addressLocality\":\"Cand\\u00e1s\",\"addressRegion\":\"Asturias\",\"addressCountry\":\"ES\"}},{\"@type\":\"Person\",\"@id\":\"https:\\\/\\\/www.eldigitaldeasturias.com\\\/noticias\\\/author\\\/admin\\\/#author\",\"url\":\"https:\\\/\\\/www.eldigitaldeasturias.com\\\/noticias\\\/author\\\/admin\\\/\",\"name\":\"El Digital de Asturias\",\"image\":{\"@type\":\"ImageObject\",\"@id\":\"https:\\\/\\\/www.eldigitaldeasturias.com\\\/noticias\\\/navarra-recupera-la-normalidad-tras-los-problemas-causados-por-la-lluvia\\\/#authorImage\",\"url\":\"https:\\\/\\\/secure.gravatar.com\\\/avatar\\\/df2aeffc32bcd13f8d26072ef8a91b623d677766deac7f97ca815868cd41bf5e?s=96&d=mm&r=g\",\"width\":96,\"height\":96,\"caption\":\"El Digital de Asturias\"}},{\"@type\":\"WebPage\",\"@id\":\"https:\\\/\\\/www.eldigitaldeasturias.com\\\/noticias\\\/navarra-recupera-la-normalidad-tras-los-problemas-causados-por-la-lluvia\\\/#webpage\",\"url\":\"https:\\\/\\\/www.eldigitaldeasturias.com\\\/noticias\\\/navarra-recupera-la-normalidad-tras-los-problemas-causados-por-la-lluvia\\\/\",\"name\":\"Navarra recupera la normalidad tras los problemas causados por la lluvia - El Digital de Asturias\",\"description\":\"Pamplona, 25 ene (EFE).- La situaci\\u00f3n de las carreteras navarras es de normalidad tras los problemas provocados en las \\u00faltimas horas por la lluvia, seg\\u00fan informa el Gobierno de Navarra. A las 10.30 horas de hoy solo permanec\\u00eda cortada, en la red principal, la NA-30, accesos a Landaben, en Pamplona, y en la red secundaria\",\"inLanguage\":\"es-ES\",\"isPartOf\":{\"@id\":\"https:\\\/\\\/www.eldigitaldeasturias.com\\\/noticias\\\/#website\"},\"breadcrumb\":{\"@id\":\"https:\\\/\\\/www.eldigitaldeasturias.com\\\/noticias\\\/navarra-recupera-la-normalidad-tras-los-problemas-causados-por-la-lluvia\\\/#breadcrumblist\"},\"author\":{\"@id\":\"https:\\\/\\\/www.eldigitaldeasturias.com\\\/noticias\\\/author\\\/admin\\\/#author\"},\"creator\":{\"@id\":\"https:\\\/\\\/www.eldigitaldeasturias.com\\\/noticias\\\/author\\\/admin\\\/#author\"},\"image\":{\"@type\":\"ImageObject\",\"url\":\"https:\\\/\\\/www.eldigitaldeasturias.com\\\/noticias\\\/wp-content\\\/uploads\\\/2026\\\/06\\\/Contenidos.jpg\",\"@id\":\"https:\\\/\\\/www.eldigitaldeasturias.com\\\/noticias\\\/navarra-recupera-la-normalidad-tras-los-problemas-causados-por-la-lluvia\\\/#mainImage\",\"width\":1265,\"height\":697,\"caption\":\"Contenidos\"},\"primaryImageOfPage\":{\"@id\":\"https:\\\/\\\/www.eldigitaldeasturias.com\\\/noticias\\\/navarra-recupera-la-normalidad-tras-los-problemas-causados-por-la-lluvia\\\/#mainImage\"},\"datePublished\":\"2014-01-25T18:48:37+01:00\",\"dateModified\":\"2014-01-25T18:48:37+01:00\"},{\"@type\":\"WebSite\",\"@id\":\"https:\\\/\\\/www.eldigitaldeasturias.com\\\/noticias\\\/#website\",\"url\":\"https:\\\/\\\/www.eldigitaldeasturias.com\\\/noticias\\\/\",\"name\":\"El Digital de Asturias - Diario de actualidad y noticias\",\"alternateName\":\"El Digital de Asturias - Diario de actualidad y noticias\",\"description\":\"Hemeroteca\",\"inLanguage\":\"es-ES\",\"publisher\":{\"@id\":\"https:\\\/\\\/www.eldigitaldeasturias.com\\\/noticias\\\/#organization\"}}]}\n\t\t<\/script>\n\t\t<!-- All in One SEO Pro -->\r\n\t\t<title>Navarra recupera la normalidad tras los problemas causados por la lluvia - El Digital de Asturias<\/title>\n\n","aioseo_head_json":{"title":"Navarra recupera la normalidad tras los problemas causados por la lluvia - El Digital de Asturias","description":"Pamplona, 25 ene (EFE).- La situaci\u00f3n de las carreteras navarras es de normalidad tras los problemas provocados en las \u00faltimas horas por la lluvia, seg\u00fan informa el Gobierno de Navarra. A las 10.30 horas de hoy solo permanec\u00eda cortada, en la red principal, la NA-30, accesos a Landaben, en Pamplona, y en la red secundaria","canonical_url":"https:\/\/www.eldigitaldeasturias.com\/noticias\/navarra-recupera-la-normalidad-tras-los-problemas-causados-por-la-lluvia\/","robots":"max-image-preview:large","keywords":"actualidad","webmasterTools":{"google-site-verification":"UA-38556648-1","msvalidate.01":"7dfe9f3f1b24437ab69f4f2559babe99","miscellaneous":""},"schema":{"@context":"https:\/\/schema.org","@graph":[{"@type":"BlogPosting","@id":"https:\/\/www.eldigitaldeasturias.com\/noticias\/navarra-recupera-la-normalidad-tras-los-problemas-causados-por-la-lluvia\/#blogposting","name":"Navarra recupera la normalidad tras los problemas causados por la lluvia - El Digital de Asturias","headline":"Navarra recupera la normalidad tras los problemas causados por la lluvia","author":{"@id":"https:\/\/www.eldigitaldeasturias.com\/noticias\/author\/admin\/#author"},"publisher":{"@id":"https:\/\/www.eldigitaldeasturias.com\/noticias\/#organization"},"image":{"@type":"ImageObject","url":"https:\/\/www.eldigitaldeasturias.com\/noticias\/wp-content\/uploads\/2026\/06\/Contenidos.jpg","width":1265,"height":697,"caption":"Contenidos"},"datePublished":"2014-01-25T18:48:37+01:00","dateModified":"2014-01-25T18:48:37+01:00","inLanguage":"es-ES","mainEntityOfPage":{"@id":"https:\/\/www.eldigitaldeasturias.com\/noticias\/navarra-recupera-la-normalidad-tras-los-problemas-causados-por-la-lluvia\/#webpage"},"isPartOf":{"@id":"https:\/\/www.eldigitaldeasturias.com\/noticias\/navarra-recupera-la-normalidad-tras-los-problemas-causados-por-la-lluvia\/#webpage"},"articleSection":"Actualidad"},{"@type":"BreadcrumbList","@id":"https:\/\/www.eldigitaldeasturias.com\/noticias\/navarra-recupera-la-normalidad-tras-los-problemas-causados-por-la-lluvia\/#breadcrumblist","itemListElement":[{"@type":"ListItem","@id":"https:\/\/www.eldigitaldeasturias.com\/noticias#listItem","position":1,"name":"Home","item":"https:\/\/www.eldigitaldeasturias.com\/noticias","nextItem":{"@type":"ListItem","@id":"https:\/\/www.eldigitaldeasturias.com\/noticias\/category\/actualidad\/#listItem","name":"Actualidad"}},{"@type":"ListItem","@id":"https:\/\/www.eldigitaldeasturias.com\/noticias\/category\/actualidad\/#listItem","position":2,"name":"Actualidad","item":"https:\/\/www.eldigitaldeasturias.com\/noticias\/category\/actualidad\/","nextItem":{"@type":"ListItem","@id":"https:\/\/www.eldigitaldeasturias.com\/noticias\/navarra-recupera-la-normalidad-tras-los-problemas-causados-por-la-lluvia\/#listItem","name":"Navarra recupera la normalidad tras los problemas causados por la lluvia"},"previousItem":{"@type":"ListItem","@id":"https:\/\/www.eldigitaldeasturias.com\/noticias#listItem","name":"Home"}},{"@type":"ListItem","@id":"https:\/\/www.eldigitaldeasturias.com\/noticias\/navarra-recupera-la-normalidad-tras-los-problemas-causados-por-la-lluvia\/#listItem","position":3,"name":"Navarra recupera la normalidad tras los problemas causados por la lluvia","previousItem":{"@type":"ListItem","@id":"https:\/\/www.eldigitaldeasturias.com\/noticias\/category\/actualidad\/#listItem","name":"Actualidad"}}]},{"@type":"Organization","@id":"https:\/\/www.eldigitaldeasturias.com\/noticias\/#organization","name":"El Digital de Asturias","description":"Hemeroteca","url":"https:\/\/www.eldigitaldeasturias.com\/noticias\/","email":"info@eldigitaldeasturias.com","telephone":"+34652131393","logo":{"@type":"ImageObject","url":"https:\/\/www.eldigitaldeasturias.com\/noticias\/wp-content\/uploads\/2020\/12\/EDA.jpg","@id":"https:\/\/www.eldigitaldeasturias.com\/noticias\/navarra-recupera-la-normalidad-tras-los-problemas-causados-por-la-lluvia\/#organizationLogo"},"image":{"@id":"https:\/\/www.eldigitaldeasturias.com\/noticias\/navarra-recupera-la-normalidad-tras-los-problemas-causados-por-la-lluvia\/#organizationLogo"},"sameAs":["https:\/\/facebook.com\/eldigitaldeasturias","https:\/\/www.youtube.com\/channel\/UCZP-2wLEB9Rv6erhFmqVnvg"],"address":{"@id":"https:\/\/www.eldigitaldeasturias.com\/noticias\/#postaladdress","@type":"PostalAddress","streetAddress":"san antonio 4","postalCode":"33430","addressLocality":"Cand\u00e1s","addressRegion":"Asturias","addressCountry":"ES"}},{"@type":"Person","@id":"https:\/\/www.eldigitaldeasturias.com\/noticias\/author\/admin\/#author","url":"https:\/\/www.eldigitaldeasturias.com\/noticias\/author\/admin\/","name":"El Digital de Asturias","image":{"@type":"ImageObject","@id":"https:\/\/www.eldigitaldeasturias.com\/noticias\/navarra-recupera-la-normalidad-tras-los-problemas-causados-por-la-lluvia\/#authorImage","url":"https:\/\/secure.gravatar.com\/avatar\/df2aeffc32bcd13f8d26072ef8a91b623d677766deac7f97ca815868cd41bf5e?s=96&d=mm&r=g","width":96,"height":96,"caption":"El Digital de Asturias"}},{"@type":"WebPage","@id":"https:\/\/www.eldigitaldeasturias.com\/noticias\/navarra-recupera-la-normalidad-tras-los-problemas-causados-por-la-lluvia\/#webpage","url":"https:\/\/www.eldigitaldeasturias.com\/noticias\/navarra-recupera-la-normalidad-tras-los-problemas-causados-por-la-lluvia\/","name":"Navarra recupera la normalidad tras los problemas causados por la lluvia - El Digital de Asturias","description":"Pamplona, 25 ene (EFE).- La situaci\u00f3n de las carreteras navarras es de normalidad tras los problemas provocados en las \u00faltimas horas por la lluvia, seg\u00fan informa el Gobierno de Navarra. A las 10.30 horas de hoy solo permanec\u00eda cortada, en la red principal, la NA-30, accesos a Landaben, en Pamplona, y en la red secundaria","inLanguage":"es-ES","isPartOf":{"@id":"https:\/\/www.eldigitaldeasturias.com\/noticias\/#website"},"breadcrumb":{"@id":"https:\/\/www.eldigitaldeasturias.com\/noticias\/navarra-recupera-la-normalidad-tras-los-problemas-causados-por-la-lluvia\/#breadcrumblist"},"author":{"@id":"https:\/\/www.eldigitaldeasturias.com\/noticias\/author\/admin\/#author"},"creator":{"@id":"https:\/\/www.eldigitaldeasturias.com\/noticias\/author\/admin\/#author"},"image":{"@type":"ImageObject","url":"https:\/\/www.eldigitaldeasturias.com\/noticias\/wp-content\/uploads\/2026\/06\/Contenidos.jpg","@id":"https:\/\/www.eldigitaldeasturias.com\/noticias\/navarra-recupera-la-normalidad-tras-los-problemas-causados-por-la-lluvia\/#mainImage","width":1265,"height":697,"caption":"Contenidos"},"primaryImageOfPage":{"@id":"https:\/\/www.eldigitaldeasturias.com\/noticias\/navarra-recupera-la-normalidad-tras-los-problemas-causados-por-la-lluvia\/#mainImage"},"datePublished":"2014-01-25T18:48:37+01:00","dateModified":"2014-01-25T18:48:37+01:00"},{"@type":"WebSite","@id":"https:\/\/www.eldigitaldeasturias.com\/noticias\/#website","url":"https:\/\/www.eldigitaldeasturias.com\/noticias\/","name":"El Digital de Asturias - Diario de actualidad y noticias","alternateName":"El Digital de Asturias - Diario de actualidad y noticias","description":"Hemeroteca","inLanguage":"es-ES","publisher":{"@id":"https:\/\/www.eldigitaldeasturias.com\/noticias\/#organization"}}]},"og:locale":"es_ES","og:site_name":"El Digital de Asturias","og:type":"article","og:title":"Navarra recupera la normalidad tras los problemas causados por la lluvia - El Digital de Asturias","og:description":"Pamplona, 25 ene (EFE).- La situaci\u00f3n de las carreteras navarras es de normalidad tras los problemas provocados en las \u00faltimas horas por la lluvia, seg\u00fan informa el Gobierno de Navarra. A las 10.30 horas de hoy solo permanec\u00eda cortada, en la red principal, la NA-30, accesos a Landaben, en Pamplona, y en la red secundaria","og:url":"https:\/\/www.eldigitaldeasturias.com\/noticias\/navarra-recupera-la-normalidad-tras-los-problemas-causados-por-la-lluvia\/","og:image":"https:\/\/www.eldigitaldeasturias.com\/noticias\/wp-content\/uploads\/2026\/06\/Contenidos.jpg","og:image:secure_url":"https:\/\/www.eldigitaldeasturias.com\/noticias\/wp-content\/uploads\/2026\/06\/Contenidos.jpg","og:image:width":1265,"og:image:height":697,"article:tag":["actualidad"],"article:published_time":"2014-01-25T19:48:37+00:00","article:modified_time":"2014-01-25T19:48:37+00:00","article:publisher":"https:\/\/facebook.com\/eldigitaldeasturias","twitter:card":"summary_large_image","twitter:title":"Navarra recupera la normalidad tras los problemas causados por la lluvia - El Digital de Asturias","twitter:description":"Pamplona, 25 ene (EFE).- La situaci\u00f3n de las carreteras navarras es de normalidad tras los problemas provocados en las \u00faltimas horas por la lluvia, seg\u00fan informa el Gobierno de Navarra. A las 10.30 horas de hoy solo permanec\u00eda cortada, en la red principal, la NA-30, accesos a Landaben, en Pamplona, y en la red secundaria","twitter:image":"https:\/\/www.eldigitaldeasturias.com\/noticias\/wp-content\/uploads\/2026\/06\/Contenidos.jpg","twitter:label1":"Escrito por","twitter:data1":"El Digital de Asturias","twitter:label2":"Tiempo de lectura estimado","twitter:data2":"1 minuto"},"aioseo_meta_data":{"post_id":"478786","title":null,"description":null,"keywords":null,"keyphrases":null,"primary_term":null,"canonical_url":null,"og_title":null,"og_description":null,"og_object_type":"default","og_image_type":"default","og_image_url":null,"og_image_width":null,"og_image_height":null,"og_image_custom_url":null,"og_image_custom_fields":null,"og_video":null,"og_custom_url":null,"og_article_section":null,"og_article_tags":null,"twitter_use_og":true,"twitter_card":"default","twitter_image_type":"default","twitter_image_url":null,"twitter_image_custom_url":null,"twitter_image_custom_fields":null,"twitter_title":null,"twitter_description":null,"schema":{"blockGraphs":[],"customGraphs":[],"default":{"data":{"Article":[],"Course":[],"Dataset":[],"FAQPage":[],"Movie":[],"Person":[],"Product":[],"ProductReview":[],"Car":[],"Recipe":[],"Service":[],"SoftwareApplication":[],"WebPage":[]},"graphName":"","isEnabled":true},"graphs":[],"defaultGraph":"","defaultPostTypeGraph":""},"schema_type":null,"schema_type_options":null,"pillar_content":false,"robots_default":true,"robots_noindex":false,"robots_noarchive":false,"robots_nosnippet":false,"robots_nofollow":false,"robots_noimageindex":false,"robots_noodp":false,"robots_notranslate":false,"robots_max_snippet":null,"robots_max_videopreview":null,"robots_max_imagepreview":"none","priority":null,"frequency":null,"local_seo":null,"seo_analyzer_scan_date":"2026-06-01 22:34:44","breadcrumb_settings":null,"limit_modified_date":false,"open_ai":null,"ai":null,"created":"2020-11-14 22:53:57","updated":"2026-06-01 22:34:44","focus_keyword":null,"additional_keywords":null,"truseo_locale":null},"aioseo_breadcrumb":"<div class=\"aioseo-breadcrumbs\"><span class=\"aioseo-breadcrumb\">\n\t<a href=\"https:\/\/www.eldigitaldeasturias.com\/noticias\" title=\"Home\">Home<\/a>\n<\/span><span class=\"aioseo-breadcrumb-separator\">\u2013<\/span><span class=\"aioseo-breadcrumb\">\n\t<a href=\"https:\/\/www.eldigitaldeasturias.com\/noticias\/category\/actualidad\/\" title=\"Actualidad\">Actualidad<\/a>\n<\/span><span class=\"aioseo-breadcrumb-separator\">\u2013<\/span><span class=\"aioseo-breadcrumb\">\n\t<a href=\"https:\/\/www.eldigitaldeasturias.com\/noticias\/navarra-recupera-la-normalidad-tras-los-problemas-causados-por-la-lluvia\/\" title=\"Navarra recupera la normalidad tras los problemas causados por la lluvia\">Navarra recupera la normalidad tras los problemas causados por la lluvia<\/a>\n<\/span><\/div>","aioseo_breadcrumb_json":[{"label":"Home","link":"https:\/\/www.eldigitaldeasturias.com\/noticias"},{"label":"Actualidad","link":"https:\/\/www.eldigitaldeasturias.com\/noticias\/category\/actualidad\/"},{"label":"Navarra recupera la normalidad tras los problemas causados por la lluvia","link":"https:\/\/www.eldigitaldeasturias.com\/noticias\/navarra-recupera-la-normalidad-tras-los-problemas-causados-por-la-lluvia\/"}],"_links":{"self":[{"href":"https:\/\/www.eldigitaldeasturias.com\/noticias\/wp-json\/wp\/v2\/posts\/478786","targetHints":{"allow":["GET"]}}],"collection":[{"href":"https:\/\/www.eldigitaldeasturias.com\/noticias\/wp-json\/wp\/v2\/posts"}],"about":[{"href":"https:\/\/www.eldigitaldeasturias.com\/noticias\/wp-json\/wp\/v2\/types\/post"}],"author":[{"embeddable":true,"href":"https:\/\/www.eldigitaldeasturias.com\/noticias\/wp-json\/wp\/v2\/users\/1"}],"replies":[{"embeddable":true,"href":"https:\/\/www.eldigitaldeasturias.com\/noticias\/wp-json\/wp\/v2\/comments?post=478786"}],"version-history":[{"count":0,"href":"https:\/\/www.eldigitaldeasturias.com\/noticias\/wp-json\/wp\/v2\/posts\/478786\/revisions"}],"wp:featuredmedia":[{"embeddable":true,"href":"https:\/\/www.eldigitaldeasturias.com\/noticias\/wp-json\/wp\/v2\/media\/1132184"}],"wp:attachment":[{"href":"https:\/\/www.eldigitaldeasturias.com\/noticias\/wp-json\/wp\/v2\/media?parent=478786"}],"wp:term":[{"taxonomy":"category","embeddable":true,"href":"https:\/\/www.eldigitaldeasturias.com\/noticias\/wp-json\/wp\/v2\/categories?post=478786"},{"taxonomy":"post_tag","embeddable":true,"href":"https:\/\/www.eldigitaldeasturias.com\/noticias\/wp-json\/wp\/v2\/tags?post=478786"}],"curies":[{"name":"wp","href":"https:\/\/api.w.org\/{rel}","templated":true}]}}