{"id":478783,"date":"2014-01-25T18:46:48","date_gmt":"2014-01-25T19:46:48","guid":{"rendered":"http:\/\/www.eldigitaldeasturias.com\/noticias\/?p=478783"},"modified":"2014-01-25T18:46:48","modified_gmt":"2014-01-25T19:46:48","slug":"coalicion-canaria-pide-no-usar-las-islas-para-misiones-militares-en-africa","status":"publish","type":"post","link":"https:\/\/www.eldigitaldeasturias.com\/noticias\/coalicion-canaria-pide-no-usar-las-islas-para-misiones-militares-en-africa\/","title":{"rendered":"Coalici\u00f3n Canaria pide no usar las islas para misiones militares en \u00c1frica"},"content":{"rendered":"<p><img loading=\"lazy\" decoding=\"async\" class=\"alignleft size-medium wp-image-478784\" alt=\"5875946w\" src=\"https:\/\/www.eldigitaldeasturias.com\/noticias\/wp-content\/uploads\/2014\/01\/5875946w-228x320.jpg\" width=\"228\" height=\"320\" \/>Madrid, 25 ene ( EFE).- Coalici\u00f3n Canaria-Nueva Canarias ha reclamado al Gobierno que las instalaciones de las Fuerzas Armadas en las islas tengan un exclusivo uso defensivo y no puedan ser empleadas para intervenciones militares en pa\u00edses africanos.<\/p>\n<p>En una proposici\u00f3n no de ley presentada en el Congreso, el diputado Pedro Quevedo muestra su preocupaci\u00f3n por las palabras del jefe del Mando Militar de Canarias el pasado 6 de enero durante la celebraci\u00f3n de la Pascua Militar, en las que asegur\u00f3 que las unidades militares destinadas en el Archipi\u00e9lago son la \u00abvanguardia avanzada\u00bb para las intervenciones en el continente africano.<\/p>\n<p>Quevedo insta al Gobierno a considerar a las islas Canarias como una plataforma de \u00abpaz y cooperaci\u00f3n con nuestros vecinos\u00bb y a que las unidades de las Fuerzas Armadas tengan un car\u00e1cter \u00abexclusivamente\u00bb defensivo.<\/p>\n<p>Para el diputado, que Canarias se convierta en \u00abvanguardia de intervenciones militares\u00bb en \u00c1frica, lejos de incrementar la seguridad en la islas, convierte el Archipi\u00e9lago \u00aben territorio enemigo\u00bb a ojos de los grupos o pa\u00edses \u00abque pudieran ser objeto de intervenci\u00f3n\u00bb espa\u00f1ola.<\/p>\n<p>\u00abNo debemos olvidar que uno de los grandes atractivos tur\u00edsticos de Canarias, junto con el clima, es la seguridad de la que gozan las islas\u00bb, remarca.<\/p>\n<p>En la exposici\u00f3n de motivos de la proposici\u00f3n no de ley, Coalici\u00f3n Canaria-Nueva Canarias recuerda tambi\u00e9n el voto contrario de los ciudadanos canarios a la integraci\u00f3n plena de Espa\u00f1a en la OTAN, expresada en el referendo celebrado en 1986.<\/p>\n<p>\u00abEste rechazo a la OTAN era un pronunciamiento a favor de hacer de las islas un territorio de paz y neutralidad\u00bb, destaca.<\/p>\n<p>Adem\u00e1s, subraya que el Gobierno canario lleva \u00abd\u00e9cadas\u00bb intentando hacer del Archipi\u00e9lago una \u00abplataforma de cooperaci\u00f3n y colaboraci\u00f3n con los pa\u00edses africanos\u00bb a la que no favorece este planteamiento de Canarias como la \u00abvanguardia\u00bb militar espa\u00f1ola en \u00c1frica.<\/p>\n","protected":false},"excerpt":{"rendered":"<p>Madrid, 25 ene ( EFE).- Coalici\u00f3n Canaria-Nueva Canarias ha reclamado al Gobierno que las instalaciones de las Fuerzas Armadas en las islas tengan un exclusivo uso defensivo y no puedan ser empleadas para intervenciones militares en pa\u00edses africanos. En una proposici\u00f3n no de ley presentada en el Congreso, el diputado Pedro Quevedo muestra su preocupaci\u00f3n [&hellip;]<\/p>\n","protected":false},"author":1,"featured_media":1132184,"comment_status":"closed","ping_status":"open","sticky":false,"template":"","format":"standard","meta":{"footnotes":""},"categories":[1],"tags":[],"class_list":["post-478783","post","type-post","status-publish","format-standard","has-post-thumbnail","hentry","category-actualidad"],"aioseo_notices":[],"aioseo_head":"\n\t\t<!-- All in One SEO Pro 5.0.1 - aioseo.com -->\n\t<meta name=\"description\" content=\"Madrid, 25 ene ( EFE).- Coalici\u00f3n Canaria-Nueva Canarias ha reclamado al Gobierno que las instalaciones de las Fuerzas Armadas en las islas tengan un exclusivo uso defensivo y no puedan ser empleadas para intervenciones militares en pa\u00edses africanos. En una proposici\u00f3n no de ley presentada en el Congreso, el diputado Pedro Quevedo muestra su preocupaci\u00f3n\" \/>\n\t<meta name=\"robots\" content=\"max-image-preview:large\" \/>\n\t<meta name=\"author\" content=\"El Digital de Asturias\"\/>\n\t<meta name=\"google-site-verification\" content=\"UA-38556648-1\" \/>\n\t<meta name=\"msvalidate.01\" content=\"7dfe9f3f1b24437ab69f4f2559babe99\" \/>\n\t<meta name=\"keywords\" content=\"actualidad\" \/>\n\t<link rel=\"canonical\" href=\"https:\/\/www.eldigitaldeasturias.com\/noticias\/coalicion-canaria-pide-no-usar-las-islas-para-misiones-militares-en-africa\/\" \/>\n\t<meta name=\"generator\" content=\"All in One SEO Pro (AIOSEO) 5.0.1\" \/>\n\t\t<meta property=\"og:locale\" content=\"es_ES\" \/>\n\t\t<meta property=\"og:site_name\" content=\"El Digital de Asturias\" \/>\n\t\t<meta property=\"og:type\" content=\"article\" \/>\n\t\t<meta property=\"og:title\" content=\"Coalici\u00f3n Canaria pide no usar las islas para misiones militares en \u00c1frica - El Digital de Asturias\" \/>\n\t\t<meta property=\"og:description\" content=\"Madrid, 25 ene ( EFE).- Coalici\u00f3n Canaria-Nueva Canarias ha reclamado al Gobierno que las instalaciones de las Fuerzas Armadas en las islas tengan un exclusivo uso defensivo y no puedan ser empleadas para intervenciones militares en pa\u00edses africanos. En una proposici\u00f3n no de ley presentada en el Congreso, el diputado Pedro Quevedo muestra su preocupaci\u00f3n\" \/>\n\t\t<meta property=\"og:url\" content=\"https:\/\/www.eldigitaldeasturias.com\/noticias\/coalicion-canaria-pide-no-usar-las-islas-para-misiones-militares-en-africa\/\" \/>\n\t\t<meta property=\"og:image\" content=\"https:\/\/www.eldigitaldeasturias.com\/noticias\/wp-content\/uploads\/2026\/06\/Contenidos.jpg\" \/>\n\t\t<meta property=\"og:image:secure_url\" content=\"https:\/\/www.eldigitaldeasturias.com\/noticias\/wp-content\/uploads\/2026\/06\/Contenidos.jpg\" \/>\n\t\t<meta property=\"og:image:width\" content=\"1265\" \/>\n\t\t<meta property=\"og:image:height\" content=\"697\" \/>\n\t\t<meta property=\"article:tag\" content=\"actualidad\" \/>\n\t\t<meta property=\"article:published_time\" content=\"2014-01-25T19:46:48+00:00\" \/>\n\t\t<meta property=\"article:modified_time\" content=\"2014-01-25T19:46:48+00:00\" \/>\n\t\t<meta property=\"article:publisher\" content=\"https:\/\/facebook.com\/eldigitaldeasturias\" \/>\n\t\t<meta name=\"twitter:card\" content=\"summary_large_image\" \/>\n\t\t<meta name=\"twitter:title\" content=\"Coalici\u00f3n Canaria pide no usar las islas para misiones militares en \u00c1frica - El Digital de Asturias\" \/>\n\t\t<meta name=\"twitter:description\" content=\"Madrid, 25 ene ( EFE).- Coalici\u00f3n Canaria-Nueva Canarias ha reclamado al Gobierno que las instalaciones de las Fuerzas Armadas en las islas tengan un exclusivo uso defensivo y no puedan ser empleadas para intervenciones militares en pa\u00edses africanos. En una proposici\u00f3n no de ley presentada en el Congreso, el diputado Pedro Quevedo muestra su preocupaci\u00f3n\" \/>\n\t\t<meta name=\"twitter:image\" content=\"https:\/\/www.eldigitaldeasturias.com\/noticias\/wp-content\/uploads\/2026\/06\/Contenidos.jpg\" \/>\n\t\t<meta name=\"twitter:label1\" content=\"Escrito por\" \/>\n\t\t<meta name=\"twitter:data1\" content=\"El Digital de Asturias\" \/>\n\t\t<meta name=\"twitter:label2\" content=\"Tiempo de lectura estimado\" \/>\n\t\t<meta name=\"twitter:data2\" content=\"2 minutos\" \/>\n\t\t<script type=\"application\/ld+json\" class=\"aioseo-schema\">\n\t\t\t{\"@context\":\"https:\\\/\\\/schema.org\",\"@graph\":[{\"@type\":\"BlogPosting\",\"@id\":\"https:\\\/\\\/www.eldigitaldeasturias.com\\\/noticias\\\/coalicion-canaria-pide-no-usar-las-islas-para-misiones-militares-en-africa\\\/#blogposting\",\"name\":\"Coalici\\u00f3n Canaria pide no usar las islas para misiones militares en \\u00c1frica - El Digital de Asturias\",\"headline\":\"Coalici\\u00f3n Canaria pide no usar las islas para misiones militares en \\u00c1frica\",\"author\":{\"@id\":\"https:\\\/\\\/www.eldigitaldeasturias.com\\\/noticias\\\/author\\\/admin\\\/#author\"},\"publisher\":{\"@id\":\"https:\\\/\\\/www.eldigitaldeasturias.com\\\/noticias\\\/#organization\"},\"image\":{\"@type\":\"ImageObject\",\"url\":\"https:\\\/\\\/www.eldigitaldeasturias.com\\\/noticias\\\/wp-content\\\/uploads\\\/2026\\\/06\\\/Contenidos.jpg\",\"width\":1265,\"height\":697,\"caption\":\"Contenidos\"},\"datePublished\":\"2014-01-25T18:46:48+01:00\",\"dateModified\":\"2014-01-25T18:46:48+01:00\",\"inLanguage\":\"es-ES\",\"mainEntityOfPage\":{\"@id\":\"https:\\\/\\\/www.eldigitaldeasturias.com\\\/noticias\\\/coalicion-canaria-pide-no-usar-las-islas-para-misiones-militares-en-africa\\\/#webpage\"},\"isPartOf\":{\"@id\":\"https:\\\/\\\/www.eldigitaldeasturias.com\\\/noticias\\\/coalicion-canaria-pide-no-usar-las-islas-para-misiones-militares-en-africa\\\/#webpage\"},\"articleSection\":\"Actualidad\"},{\"@type\":\"BreadcrumbList\",\"@id\":\"https:\\\/\\\/www.eldigitaldeasturias.com\\\/noticias\\\/coalicion-canaria-pide-no-usar-las-islas-para-misiones-militares-en-africa\\\/#breadcrumblist\",\"itemListElement\":[{\"@type\":\"ListItem\",\"@id\":\"https:\\\/\\\/www.eldigitaldeasturias.com\\\/noticias#listItem\",\"position\":1,\"name\":\"Home\",\"item\":\"https:\\\/\\\/www.eldigitaldeasturias.com\\\/noticias\",\"nextItem\":{\"@type\":\"ListItem\",\"@id\":\"https:\\\/\\\/www.eldigitaldeasturias.com\\\/noticias\\\/category\\\/actualidad\\\/#listItem\",\"name\":\"Actualidad\"}},{\"@type\":\"ListItem\",\"@id\":\"https:\\\/\\\/www.eldigitaldeasturias.com\\\/noticias\\\/category\\\/actualidad\\\/#listItem\",\"position\":2,\"name\":\"Actualidad\",\"item\":\"https:\\\/\\\/www.eldigitaldeasturias.com\\\/noticias\\\/category\\\/actualidad\\\/\",\"nextItem\":{\"@type\":\"ListItem\",\"@id\":\"https:\\\/\\\/www.eldigitaldeasturias.com\\\/noticias\\\/coalicion-canaria-pide-no-usar-las-islas-para-misiones-militares-en-africa\\\/#listItem\",\"name\":\"Coalici\\u00f3n Canaria pide no usar las islas para misiones militares en \\u00c1frica\"},\"previousItem\":{\"@type\":\"ListItem\",\"@id\":\"https:\\\/\\\/www.eldigitaldeasturias.com\\\/noticias#listItem\",\"name\":\"Home\"}},{\"@type\":\"ListItem\",\"@id\":\"https:\\\/\\\/www.eldigitaldeasturias.com\\\/noticias\\\/coalicion-canaria-pide-no-usar-las-islas-para-misiones-militares-en-africa\\\/#listItem\",\"position\":3,\"name\":\"Coalici\\u00f3n Canaria pide no usar las islas para misiones militares en \\u00c1frica\",\"previousItem\":{\"@type\":\"ListItem\",\"@id\":\"https:\\\/\\\/www.eldigitaldeasturias.com\\\/noticias\\\/category\\\/actualidad\\\/#listItem\",\"name\":\"Actualidad\"}}]},{\"@type\":\"Organization\",\"@id\":\"https:\\\/\\\/www.eldigitaldeasturias.com\\\/noticias\\\/#organization\",\"name\":\"El Digital de Asturias\",\"description\":\"Hemeroteca\",\"url\":\"https:\\\/\\\/www.eldigitaldeasturias.com\\\/noticias\\\/\",\"email\":\"info@eldigitaldeasturias.com\",\"telephone\":\"+34652131393\",\"logo\":{\"@type\":\"ImageObject\",\"url\":\"https:\\\/\\\/www.eldigitaldeasturias.com\\\/noticias\\\/wp-content\\\/uploads\\\/2020\\\/12\\\/EDA.jpg\",\"@id\":\"https:\\\/\\\/www.eldigitaldeasturias.com\\\/noticias\\\/coalicion-canaria-pide-no-usar-las-islas-para-misiones-militares-en-africa\\\/#organizationLogo\"},\"image\":{\"@id\":\"https:\\\/\\\/www.eldigitaldeasturias.com\\\/noticias\\\/coalicion-canaria-pide-no-usar-las-islas-para-misiones-militares-en-africa\\\/#organizationLogo\"},\"sameAs\":[\"https:\\\/\\\/facebook.com\\\/eldigitaldeasturias\",\"https:\\\/\\\/www.youtube.com\\\/channel\\\/UCZP-2wLEB9Rv6erhFmqVnvg\"],\"address\":{\"@id\":\"https:\\\/\\\/www.eldigitaldeasturias.com\\\/noticias\\\/#postaladdress\",\"@type\":\"PostalAddress\",\"streetAddress\":\"san antonio 4\",\"postalCode\":\"33430\",\"addressLocality\":\"Cand\\u00e1s\",\"addressRegion\":\"Asturias\",\"addressCountry\":\"ES\"}},{\"@type\":\"Person\",\"@id\":\"https:\\\/\\\/www.eldigitaldeasturias.com\\\/noticias\\\/author\\\/admin\\\/#author\",\"url\":\"https:\\\/\\\/www.eldigitaldeasturias.com\\\/noticias\\\/author\\\/admin\\\/\",\"name\":\"El Digital de Asturias\",\"image\":{\"@type\":\"ImageObject\",\"@id\":\"https:\\\/\\\/www.eldigitaldeasturias.com\\\/noticias\\\/coalicion-canaria-pide-no-usar-las-islas-para-misiones-militares-en-africa\\\/#authorImage\",\"url\":\"https:\\\/\\\/secure.gravatar.com\\\/avatar\\\/df2aeffc32bcd13f8d26072ef8a91b623d677766deac7f97ca815868cd41bf5e?s=96&d=mm&r=g\",\"width\":96,\"height\":96,\"caption\":\"El Digital de Asturias\"}},{\"@type\":\"WebPage\",\"@id\":\"https:\\\/\\\/www.eldigitaldeasturias.com\\\/noticias\\\/coalicion-canaria-pide-no-usar-las-islas-para-misiones-militares-en-africa\\\/#webpage\",\"url\":\"https:\\\/\\\/www.eldigitaldeasturias.com\\\/noticias\\\/coalicion-canaria-pide-no-usar-las-islas-para-misiones-militares-en-africa\\\/\",\"name\":\"Coalici\\u00f3n Canaria pide no usar las islas para misiones militares en \\u00c1frica - El Digital de Asturias\",\"description\":\"Madrid, 25 ene ( EFE).- Coalici\\u00f3n Canaria-Nueva Canarias ha reclamado al Gobierno que las instalaciones de las Fuerzas Armadas en las islas tengan un exclusivo uso defensivo y no puedan ser empleadas para intervenciones militares en pa\\u00edses africanos. En una proposici\\u00f3n no de ley presentada en el Congreso, el diputado Pedro Quevedo muestra su preocupaci\\u00f3n\",\"inLanguage\":\"es-ES\",\"isPartOf\":{\"@id\":\"https:\\\/\\\/www.eldigitaldeasturias.com\\\/noticias\\\/#website\"},\"breadcrumb\":{\"@id\":\"https:\\\/\\\/www.eldigitaldeasturias.com\\\/noticias\\\/coalicion-canaria-pide-no-usar-las-islas-para-misiones-militares-en-africa\\\/#breadcrumblist\"},\"author\":{\"@id\":\"https:\\\/\\\/www.eldigitaldeasturias.com\\\/noticias\\\/author\\\/admin\\\/#author\"},\"creator\":{\"@id\":\"https:\\\/\\\/www.eldigitaldeasturias.com\\\/noticias\\\/author\\\/admin\\\/#author\"},\"image\":{\"@type\":\"ImageObject\",\"url\":\"https:\\\/\\\/www.eldigitaldeasturias.com\\\/noticias\\\/wp-content\\\/uploads\\\/2026\\\/06\\\/Contenidos.jpg\",\"@id\":\"https:\\\/\\\/www.eldigitaldeasturias.com\\\/noticias\\\/coalicion-canaria-pide-no-usar-las-islas-para-misiones-militares-en-africa\\\/#mainImage\",\"width\":1265,\"height\":697,\"caption\":\"Contenidos\"},\"primaryImageOfPage\":{\"@id\":\"https:\\\/\\\/www.eldigitaldeasturias.com\\\/noticias\\\/coalicion-canaria-pide-no-usar-las-islas-para-misiones-militares-en-africa\\\/#mainImage\"},\"datePublished\":\"2014-01-25T18:46:48+01:00\",\"dateModified\":\"2014-01-25T18:46:48+01:00\"},{\"@type\":\"WebSite\",\"@id\":\"https:\\\/\\\/www.eldigitaldeasturias.com\\\/noticias\\\/#website\",\"url\":\"https:\\\/\\\/www.eldigitaldeasturias.com\\\/noticias\\\/\",\"name\":\"El Digital de Asturias - Diario de actualidad y noticias\",\"alternateName\":\"El Digital de Asturias - Diario de actualidad y noticias\",\"description\":\"Hemeroteca\",\"inLanguage\":\"es-ES\",\"publisher\":{\"@id\":\"https:\\\/\\\/www.eldigitaldeasturias.com\\\/noticias\\\/#organization\"}}]}\n\t\t<\/script>\n\t\t<!-- All in One SEO Pro -->\r\n\t\t<title>Coalici\u00f3n Canaria pide no usar las islas para misiones militares en \u00c1frica - El Digital de Asturias<\/title>\n\n","aioseo_head_json":{"title":"Coalici\u00f3n Canaria pide no usar las islas para misiones militares en \u00c1frica - El Digital de Asturias","description":"Madrid, 25 ene ( EFE).- Coalici\u00f3n Canaria-Nueva Canarias ha reclamado al Gobierno que las instalaciones de las Fuerzas Armadas en las islas tengan un exclusivo uso defensivo y no puedan ser empleadas para intervenciones militares en pa\u00edses africanos. En una proposici\u00f3n no de ley presentada en el Congreso, el diputado Pedro Quevedo muestra su preocupaci\u00f3n","canonical_url":"https:\/\/www.eldigitaldeasturias.com\/noticias\/coalicion-canaria-pide-no-usar-las-islas-para-misiones-militares-en-africa\/","robots":"max-image-preview:large","keywords":"actualidad","webmasterTools":{"google-site-verification":"UA-38556648-1","msvalidate.01":"7dfe9f3f1b24437ab69f4f2559babe99","miscellaneous":""},"schema":{"@context":"https:\/\/schema.org","@graph":[{"@type":"BlogPosting","@id":"https:\/\/www.eldigitaldeasturias.com\/noticias\/coalicion-canaria-pide-no-usar-las-islas-para-misiones-militares-en-africa\/#blogposting","name":"Coalici\u00f3n Canaria pide no usar las islas para misiones militares en \u00c1frica - El Digital de Asturias","headline":"Coalici\u00f3n Canaria pide no usar las islas para misiones militares en \u00c1frica","author":{"@id":"https:\/\/www.eldigitaldeasturias.com\/noticias\/author\/admin\/#author"},"publisher":{"@id":"https:\/\/www.eldigitaldeasturias.com\/noticias\/#organization"},"image":{"@type":"ImageObject","url":"https:\/\/www.eldigitaldeasturias.com\/noticias\/wp-content\/uploads\/2026\/06\/Contenidos.jpg","width":1265,"height":697,"caption":"Contenidos"},"datePublished":"2014-01-25T18:46:48+01:00","dateModified":"2014-01-25T18:46:48+01:00","inLanguage":"es-ES","mainEntityOfPage":{"@id":"https:\/\/www.eldigitaldeasturias.com\/noticias\/coalicion-canaria-pide-no-usar-las-islas-para-misiones-militares-en-africa\/#webpage"},"isPartOf":{"@id":"https:\/\/www.eldigitaldeasturias.com\/noticias\/coalicion-canaria-pide-no-usar-las-islas-para-misiones-militares-en-africa\/#webpage"},"articleSection":"Actualidad"},{"@type":"BreadcrumbList","@id":"https:\/\/www.eldigitaldeasturias.com\/noticias\/coalicion-canaria-pide-no-usar-las-islas-para-misiones-militares-en-africa\/#breadcrumblist","itemListElement":[{"@type":"ListItem","@id":"https:\/\/www.eldigitaldeasturias.com\/noticias#listItem","position":1,"name":"Home","item":"https:\/\/www.eldigitaldeasturias.com\/noticias","nextItem":{"@type":"ListItem","@id":"https:\/\/www.eldigitaldeasturias.com\/noticias\/category\/actualidad\/#listItem","name":"Actualidad"}},{"@type":"ListItem","@id":"https:\/\/www.eldigitaldeasturias.com\/noticias\/category\/actualidad\/#listItem","position":2,"name":"Actualidad","item":"https:\/\/www.eldigitaldeasturias.com\/noticias\/category\/actualidad\/","nextItem":{"@type":"ListItem","@id":"https:\/\/www.eldigitaldeasturias.com\/noticias\/coalicion-canaria-pide-no-usar-las-islas-para-misiones-militares-en-africa\/#listItem","name":"Coalici\u00f3n Canaria pide no usar las islas para misiones militares en \u00c1frica"},"previousItem":{"@type":"ListItem","@id":"https:\/\/www.eldigitaldeasturias.com\/noticias#listItem","name":"Home"}},{"@type":"ListItem","@id":"https:\/\/www.eldigitaldeasturias.com\/noticias\/coalicion-canaria-pide-no-usar-las-islas-para-misiones-militares-en-africa\/#listItem","position":3,"name":"Coalici\u00f3n Canaria pide no usar las islas para misiones militares en \u00c1frica","previousItem":{"@type":"ListItem","@id":"https:\/\/www.eldigitaldeasturias.com\/noticias\/category\/actualidad\/#listItem","name":"Actualidad"}}]},{"@type":"Organization","@id":"https:\/\/www.eldigitaldeasturias.com\/noticias\/#organization","name":"El Digital de Asturias","description":"Hemeroteca","url":"https:\/\/www.eldigitaldeasturias.com\/noticias\/","email":"info@eldigitaldeasturias.com","telephone":"+34652131393","logo":{"@type":"ImageObject","url":"https:\/\/www.eldigitaldeasturias.com\/noticias\/wp-content\/uploads\/2020\/12\/EDA.jpg","@id":"https:\/\/www.eldigitaldeasturias.com\/noticias\/coalicion-canaria-pide-no-usar-las-islas-para-misiones-militares-en-africa\/#organizationLogo"},"image":{"@id":"https:\/\/www.eldigitaldeasturias.com\/noticias\/coalicion-canaria-pide-no-usar-las-islas-para-misiones-militares-en-africa\/#organizationLogo"},"sameAs":["https:\/\/facebook.com\/eldigitaldeasturias","https:\/\/www.youtube.com\/channel\/UCZP-2wLEB9Rv6erhFmqVnvg"],"address":{"@id":"https:\/\/www.eldigitaldeasturias.com\/noticias\/#postaladdress","@type":"PostalAddress","streetAddress":"san antonio 4","postalCode":"33430","addressLocality":"Cand\u00e1s","addressRegion":"Asturias","addressCountry":"ES"}},{"@type":"Person","@id":"https:\/\/www.eldigitaldeasturias.com\/noticias\/author\/admin\/#author","url":"https:\/\/www.eldigitaldeasturias.com\/noticias\/author\/admin\/","name":"El Digital de Asturias","image":{"@type":"ImageObject","@id":"https:\/\/www.eldigitaldeasturias.com\/noticias\/coalicion-canaria-pide-no-usar-las-islas-para-misiones-militares-en-africa\/#authorImage","url":"https:\/\/secure.gravatar.com\/avatar\/df2aeffc32bcd13f8d26072ef8a91b623d677766deac7f97ca815868cd41bf5e?s=96&d=mm&r=g","width":96,"height":96,"caption":"El Digital de Asturias"}},{"@type":"WebPage","@id":"https:\/\/www.eldigitaldeasturias.com\/noticias\/coalicion-canaria-pide-no-usar-las-islas-para-misiones-militares-en-africa\/#webpage","url":"https:\/\/www.eldigitaldeasturias.com\/noticias\/coalicion-canaria-pide-no-usar-las-islas-para-misiones-militares-en-africa\/","name":"Coalici\u00f3n Canaria pide no usar las islas para misiones militares en \u00c1frica - El Digital de Asturias","description":"Madrid, 25 ene ( EFE).- Coalici\u00f3n Canaria-Nueva Canarias ha reclamado al Gobierno que las instalaciones de las Fuerzas Armadas en las islas tengan un exclusivo uso defensivo y no puedan ser empleadas para intervenciones militares en pa\u00edses africanos. En una proposici\u00f3n no de ley presentada en el Congreso, el diputado Pedro Quevedo muestra su preocupaci\u00f3n","inLanguage":"es-ES","isPartOf":{"@id":"https:\/\/www.eldigitaldeasturias.com\/noticias\/#website"},"breadcrumb":{"@id":"https:\/\/www.eldigitaldeasturias.com\/noticias\/coalicion-canaria-pide-no-usar-las-islas-para-misiones-militares-en-africa\/#breadcrumblist"},"author":{"@id":"https:\/\/www.eldigitaldeasturias.com\/noticias\/author\/admin\/#author"},"creator":{"@id":"https:\/\/www.eldigitaldeasturias.com\/noticias\/author\/admin\/#author"},"image":{"@type":"ImageObject","url":"https:\/\/www.eldigitaldeasturias.com\/noticias\/wp-content\/uploads\/2026\/06\/Contenidos.jpg","@id":"https:\/\/www.eldigitaldeasturias.com\/noticias\/coalicion-canaria-pide-no-usar-las-islas-para-misiones-militares-en-africa\/#mainImage","width":1265,"height":697,"caption":"Contenidos"},"primaryImageOfPage":{"@id":"https:\/\/www.eldigitaldeasturias.com\/noticias\/coalicion-canaria-pide-no-usar-las-islas-para-misiones-militares-en-africa\/#mainImage"},"datePublished":"2014-01-25T18:46:48+01:00","dateModified":"2014-01-25T18:46:48+01:00"},{"@type":"WebSite","@id":"https:\/\/www.eldigitaldeasturias.com\/noticias\/#website","url":"https:\/\/www.eldigitaldeasturias.com\/noticias\/","name":"El Digital de Asturias - Diario de actualidad y noticias","alternateName":"El Digital de Asturias - Diario de actualidad y noticias","description":"Hemeroteca","inLanguage":"es-ES","publisher":{"@id":"https:\/\/www.eldigitaldeasturias.com\/noticias\/#organization"}}]},"og:locale":"es_ES","og:site_name":"El Digital de Asturias","og:type":"article","og:title":"Coalici\u00f3n Canaria pide no usar las islas para misiones militares en \u00c1frica - El Digital de Asturias","og:description":"Madrid, 25 ene ( EFE).- Coalici\u00f3n Canaria-Nueva Canarias ha reclamado al Gobierno que las instalaciones de las Fuerzas Armadas en las islas tengan un exclusivo uso defensivo y no puedan ser empleadas para intervenciones militares en pa\u00edses africanos. En una proposici\u00f3n no de ley presentada en el Congreso, el diputado Pedro Quevedo muestra su preocupaci\u00f3n","og:url":"https:\/\/www.eldigitaldeasturias.com\/noticias\/coalicion-canaria-pide-no-usar-las-islas-para-misiones-militares-en-africa\/","og:image":"https:\/\/www.eldigitaldeasturias.com\/noticias\/wp-content\/uploads\/2026\/06\/Contenidos.jpg","og:image:secure_url":"https:\/\/www.eldigitaldeasturias.com\/noticias\/wp-content\/uploads\/2026\/06\/Contenidos.jpg","og:image:width":1265,"og:image:height":697,"article:tag":["actualidad"],"article:published_time":"2014-01-25T19:46:48+00:00","article:modified_time":"2014-01-25T19:46:48+00:00","article:publisher":"https:\/\/facebook.com\/eldigitaldeasturias","twitter:card":"summary_large_image","twitter:title":"Coalici\u00f3n Canaria pide no usar las islas para misiones militares en \u00c1frica - El Digital de Asturias","twitter:description":"Madrid, 25 ene ( EFE).- Coalici\u00f3n Canaria-Nueva Canarias ha reclamado al Gobierno que las instalaciones de las Fuerzas Armadas en las islas tengan un exclusivo uso defensivo y no puedan ser empleadas para intervenciones militares en pa\u00edses africanos. En una proposici\u00f3n no de ley presentada en el Congreso, el diputado Pedro Quevedo muestra su preocupaci\u00f3n","twitter:image":"https:\/\/www.eldigitaldeasturias.com\/noticias\/wp-content\/uploads\/2026\/06\/Contenidos.jpg","twitter:label1":"Escrito por","twitter:data1":"El Digital de Asturias","twitter:label2":"Tiempo de lectura estimado","twitter:data2":"2 minutos"},"aioseo_meta_data":{"post_id":"478783","title":null,"description":null,"keywords":null,"keyphrases":null,"primary_term":null,"canonical_url":null,"og_title":null,"og_description":null,"og_object_type":"default","og_image_type":"default","og_image_url":null,"og_image_width":null,"og_image_height":null,"og_image_custom_url":null,"og_image_custom_fields":null,"og_video":null,"og_custom_url":null,"og_article_section":null,"og_article_tags":null,"twitter_use_og":true,"twitter_card":"default","twitter_image_type":"default","twitter_image_url":null,"twitter_image_custom_url":null,"twitter_image_custom_fields":null,"twitter_title":null,"twitter_description":null,"schema":{"blockGraphs":[],"customGraphs":[],"default":{"data":{"Article":[],"Course":[],"Dataset":[],"FAQPage":[],"Movie":[],"Person":[],"Product":[],"ProductReview":[],"Car":[],"Recipe":[],"Service":[],"SoftwareApplication":[],"WebPage":[]},"graphName":"","isEnabled":true},"graphs":[],"defaultGraph":"","defaultPostTypeGraph":""},"schema_type":null,"schema_type_options":null,"pillar_content":false,"robots_default":true,"robots_noindex":false,"robots_noarchive":false,"robots_nosnippet":false,"robots_nofollow":false,"robots_noimageindex":false,"robots_noodp":false,"robots_notranslate":false,"robots_max_snippet":null,"robots_max_videopreview":null,"robots_max_imagepreview":"none","priority":null,"frequency":null,"local_seo":null,"seo_analyzer_scan_date":"2026-06-01 22:34:43","breadcrumb_settings":null,"limit_modified_date":false,"open_ai":null,"ai":null,"created":"2020-11-14 22:53:57","updated":"2026-06-01 22:34:43","focus_keyword":null,"additional_keywords":null,"truseo_locale":null},"aioseo_breadcrumb":"<div class=\"aioseo-breadcrumbs\"><span class=\"aioseo-breadcrumb\">\n\t<a href=\"https:\/\/www.eldigitaldeasturias.com\/noticias\" title=\"Home\">Home<\/a>\n<\/span><span class=\"aioseo-breadcrumb-separator\">\u2013<\/span><span class=\"aioseo-breadcrumb\">\n\t<a href=\"https:\/\/www.eldigitaldeasturias.com\/noticias\/category\/actualidad\/\" title=\"Actualidad\">Actualidad<\/a>\n<\/span><span class=\"aioseo-breadcrumb-separator\">\u2013<\/span><span class=\"aioseo-breadcrumb\">\n\t<a href=\"https:\/\/www.eldigitaldeasturias.com\/noticias\/coalicion-canaria-pide-no-usar-las-islas-para-misiones-militares-en-africa\/\" title=\"Coalici\u00f3n Canaria pide no usar las islas para misiones militares en \u00c1frica\">Coalici\u00f3n Canaria pide no usar las islas para misiones militares en \u00c1frica<\/a>\n<\/span><\/div>","aioseo_breadcrumb_json":[{"label":"Home","link":"https:\/\/www.eldigitaldeasturias.com\/noticias"},{"label":"Actualidad","link":"https:\/\/www.eldigitaldeasturias.com\/noticias\/category\/actualidad\/"},{"label":"Coalici\u00f3n Canaria pide no usar las islas para misiones militares en \u00c1frica","link":"https:\/\/www.eldigitaldeasturias.com\/noticias\/coalicion-canaria-pide-no-usar-las-islas-para-misiones-militares-en-africa\/"}],"_links":{"self":[{"href":"https:\/\/www.eldigitaldeasturias.com\/noticias\/wp-json\/wp\/v2\/posts\/478783","targetHints":{"allow":["GET"]}}],"collection":[{"href":"https:\/\/www.eldigitaldeasturias.com\/noticias\/wp-json\/wp\/v2\/posts"}],"about":[{"href":"https:\/\/www.eldigitaldeasturias.com\/noticias\/wp-json\/wp\/v2\/types\/post"}],"author":[{"embeddable":true,"href":"https:\/\/www.eldigitaldeasturias.com\/noticias\/wp-json\/wp\/v2\/users\/1"}],"replies":[{"embeddable":true,"href":"https:\/\/www.eldigitaldeasturias.com\/noticias\/wp-json\/wp\/v2\/comments?post=478783"}],"version-history":[{"count":0,"href":"https:\/\/www.eldigitaldeasturias.com\/noticias\/wp-json\/wp\/v2\/posts\/478783\/revisions"}],"wp:featuredmedia":[{"embeddable":true,"href":"https:\/\/www.eldigitaldeasturias.com\/noticias\/wp-json\/wp\/v2\/media\/1132184"}],"wp:attachment":[{"href":"https:\/\/www.eldigitaldeasturias.com\/noticias\/wp-json\/wp\/v2\/media?parent=478783"}],"wp:term":[{"taxonomy":"category","embeddable":true,"href":"https:\/\/www.eldigitaldeasturias.com\/noticias\/wp-json\/wp\/v2\/categories?post=478783"},{"taxonomy":"post_tag","embeddable":true,"href":"https:\/\/www.eldigitaldeasturias.com\/noticias\/wp-json\/wp\/v2\/tags?post=478783"}],"curies":[{"name":"wp","href":"https:\/\/api.w.org\/{rel}","templated":true}]}}