{"id":478780,"date":"2014-01-25T18:43:59","date_gmt":"2014-01-25T19:43:59","guid":{"rendered":"http:\/\/www.eldigitaldeasturias.com\/noticias\/?p=478780"},"modified":"2014-01-25T18:43:59","modified_gmt":"2014-01-25T19:43:59","slug":"diez-pide-a-rajoy-por-carta-que-examine-el-libro-de-upyd-sobre-la-unidad-de-espana","status":"publish","type":"post","link":"https:\/\/www.eldigitaldeasturias.com\/noticias\/diez-pide-a-rajoy-por-carta-que-examine-el-libro-de-upyd-sobre-la-unidad-de-espana\/","title":{"rendered":"D\u00edez pide a Rajoy por carta que examine el libro de UPyD sobre la unidad de Espa\u00f1a"},"content":{"rendered":"<p><img loading=\"lazy\" decoding=\"async\" class=\"alignleft size-medium wp-image-478781\" alt=\"5875902w\" src=\"https:\/\/www.eldigitaldeasturias.com\/noticias\/wp-content\/uploads\/2014\/01\/5875902w-360x265.jpg\" width=\"360\" height=\"265\" \/>Madrid, 25 ene (EFE).- La l\u00edder de UPyD, Rosa D\u00edez, ha pedido por carta al presidente del Gobierno, Mariano Rajoy, que tenga en consideraci\u00f3n el libro que su partido ha elaborado de manera \u00abrigurosa y argumentada\u00bb sobre las ventajas de que Espa\u00f1a permanezca unida y le ha enviado un ejemplar.<\/p>\n<p>En la carta enviada a Rajoy, a la que ha tenido acceso Efe, Rosa D\u00edez asegura que \u00abno desprecia\u00bb la capacidad del Gobierno para dar una respuesta \u00abcumplida y eficaz\u00bb a la deslealtad del Gobierno de Catalu\u00f1a, pero considera que, como el \u00abtiempo apremia\u00bb, la visi\u00f3n que da UPyD en este texto puede ser de su inter\u00e9s.<\/p>\n<p>No obstante, deja claro que le resulta \u00abincomprensible\u00bb que no se haya actuado antes para contrarrestar la campa\u00f1a \u00abdifamatoria\u00bb que la Generalitat ha puesto en marcha en todo el mundo contra la democracia espa\u00f1ola.<\/p>\n<p>A rengl\u00f3n seguido, Rosa D\u00edez celebra que el presidente del Gobierno haya decidido responder \u00aba tanta falsedad\u00bb y defender el buen nombre de Espa\u00f1a y el \u00abescrupuloso respeto\u00bb que tiene al orden constitucional y al Estado democr\u00e1tico.<\/p>\n<p>Y al saber que el Gobierno prepara una bater\u00eda de informes sobre las consecuencias que tendr\u00eda para los ciudadanos una hipot\u00e9tica ruptura de la naci\u00f3n, seg\u00fan explica en la misiva, decide mandarle el libro editado por la fundaci\u00f3n de su formaci\u00f3n, \u00abEl coste de la no Espa\u00f1a\u00bb, que aborda las desventajas que tendr\u00eda acabar con la unidad del pa\u00eds.<\/p>\n<p>Se trata de una obra dirigida por el fil\u00f3sofo Fernando Savater y en la que han colaborado -afirma D\u00edez- personas de reconocido prestigio que abordan esta cuesti\u00f3n desde la perspectiva hist\u00f3rica, econ\u00f3mica, cultural, psicosocial o ling\u00fc\u00edstica.<\/p>\n<p>Las aportaciones que hacen, se\u00f1ala, acreditan las \u00abmuchas e importantes razones\u00bb que existen para seguir defendiendo un proyecto com\u00fan en el que caben todos los territorios.<\/p>\n<p>Rosa D\u00edez espera que el texto sea de inter\u00e9s del presidente y lo considere \u00ab\u00fatil\u00bb en la defensa de un objetivo com\u00fan, que no es otro -recalca- \u00abque la defensa de la Espa\u00f1a democr\u00e1tica\u00bb.<\/p>\n<p>Tambi\u00e9n hace un par de meses y aprovechando que fue recibida en audiencia por el Rey, le entreg\u00f3 al monarca un ejemplar de este libro.<\/p>\n","protected":false},"excerpt":{"rendered":"<p>Madrid, 25 ene (EFE).- La l\u00edder de UPyD, Rosa D\u00edez, ha pedido por carta al presidente del Gobierno, Mariano Rajoy, que tenga en consideraci\u00f3n el libro que su partido ha elaborado de manera \u00abrigurosa y argumentada\u00bb sobre las ventajas de que Espa\u00f1a permanezca unida y le ha enviado un ejemplar. En la carta enviada a [&hellip;]<\/p>\n","protected":false},"author":1,"featured_media":1132184,"comment_status":"closed","ping_status":"open","sticky":false,"template":"","format":"standard","meta":{"footnotes":""},"categories":[1],"tags":[],"class_list":["post-478780","post","type-post","status-publish","format-standard","has-post-thumbnail","hentry","category-actualidad"],"aioseo_notices":[],"aioseo_head":"\n\t\t<!-- All in One SEO Pro 5.0.1 - aioseo.com -->\n\t<meta name=\"description\" content=\"Madrid, 25 ene (EFE).- La l\u00edder de UPyD, Rosa D\u00edez, ha pedido por carta al presidente del Gobierno, Mariano Rajoy, que tenga en consideraci\u00f3n el libro que su partido ha elaborado de manera &quot;rigurosa y argumentada&quot; sobre las ventajas de que Espa\u00f1a permanezca unida y le ha enviado un ejemplar. En la carta enviada a\" \/>\n\t<meta name=\"robots\" content=\"max-image-preview:large\" \/>\n\t<meta name=\"author\" content=\"El Digital de Asturias\"\/>\n\t<meta name=\"google-site-verification\" content=\"UA-38556648-1\" \/>\n\t<meta name=\"msvalidate.01\" content=\"7dfe9f3f1b24437ab69f4f2559babe99\" \/>\n\t<meta name=\"keywords\" content=\"actualidad\" \/>\n\t<link rel=\"canonical\" href=\"https:\/\/www.eldigitaldeasturias.com\/noticias\/diez-pide-a-rajoy-por-carta-que-examine-el-libro-de-upyd-sobre-la-unidad-de-espana\/\" \/>\n\t<meta name=\"generator\" content=\"All in One SEO Pro (AIOSEO) 5.0.1\" \/>\n\t\t<meta property=\"og:locale\" content=\"es_ES\" \/>\n\t\t<meta property=\"og:site_name\" content=\"El Digital de Asturias\" \/>\n\t\t<meta property=\"og:type\" content=\"article\" \/>\n\t\t<meta property=\"og:title\" content=\"D\u00edez pide a Rajoy por carta que examine el libro de UPyD sobre la unidad de Espa\u00f1a - El Digital de Asturias\" \/>\n\t\t<meta property=\"og:description\" content=\"Madrid, 25 ene (EFE).- La l\u00edder de UPyD, Rosa D\u00edez, ha pedido por carta al presidente del Gobierno, Mariano Rajoy, que tenga en consideraci\u00f3n el libro que su partido ha elaborado de manera &quot;rigurosa y argumentada&quot; sobre las ventajas de que Espa\u00f1a permanezca unida y le ha enviado un ejemplar. En la carta enviada a\" \/>\n\t\t<meta property=\"og:url\" content=\"https:\/\/www.eldigitaldeasturias.com\/noticias\/diez-pide-a-rajoy-por-carta-que-examine-el-libro-de-upyd-sobre-la-unidad-de-espana\/\" \/>\n\t\t<meta property=\"og:image\" content=\"https:\/\/www.eldigitaldeasturias.com\/noticias\/wp-content\/uploads\/2026\/06\/Contenidos.jpg\" \/>\n\t\t<meta property=\"og:image:secure_url\" content=\"https:\/\/www.eldigitaldeasturias.com\/noticias\/wp-content\/uploads\/2026\/06\/Contenidos.jpg\" \/>\n\t\t<meta property=\"og:image:width\" content=\"1265\" \/>\n\t\t<meta property=\"og:image:height\" content=\"697\" \/>\n\t\t<meta property=\"article:tag\" content=\"actualidad\" \/>\n\t\t<meta property=\"article:published_time\" content=\"2014-01-25T19:43:59+00:00\" \/>\n\t\t<meta property=\"article:modified_time\" content=\"2014-01-25T19:43:59+00:00\" \/>\n\t\t<meta property=\"article:publisher\" content=\"https:\/\/facebook.com\/eldigitaldeasturias\" \/>\n\t\t<meta name=\"twitter:card\" content=\"summary_large_image\" \/>\n\t\t<meta name=\"twitter:title\" content=\"D\u00edez pide a Rajoy por carta que examine el libro de UPyD sobre la unidad de Espa\u00f1a - El Digital de Asturias\" \/>\n\t\t<meta name=\"twitter:description\" content=\"Madrid, 25 ene (EFE).- La l\u00edder de UPyD, Rosa D\u00edez, ha pedido por carta al presidente del Gobierno, Mariano Rajoy, que tenga en consideraci\u00f3n el libro que su partido ha elaborado de manera &quot;rigurosa y argumentada&quot; sobre las ventajas de que Espa\u00f1a permanezca unida y le ha enviado un ejemplar. En la carta enviada a\" \/>\n\t\t<meta name=\"twitter:image\" content=\"https:\/\/www.eldigitaldeasturias.com\/noticias\/wp-content\/uploads\/2026\/06\/Contenidos.jpg\" \/>\n\t\t<meta name=\"twitter:label1\" content=\"Escrito por\" \/>\n\t\t<meta name=\"twitter:data1\" content=\"El Digital de Asturias\" \/>\n\t\t<meta name=\"twitter:label2\" content=\"Tiempo de lectura estimado\" \/>\n\t\t<meta name=\"twitter:data2\" content=\"2 minutos\" \/>\n\t\t<script type=\"application\/ld+json\" class=\"aioseo-schema\">\n\t\t\t{\"@context\":\"https:\\\/\\\/schema.org\",\"@graph\":[{\"@type\":\"BlogPosting\",\"@id\":\"https:\\\/\\\/www.eldigitaldeasturias.com\\\/noticias\\\/diez-pide-a-rajoy-por-carta-que-examine-el-libro-de-upyd-sobre-la-unidad-de-espana\\\/#blogposting\",\"name\":\"D\\u00edez pide a Rajoy por carta que examine el libro de UPyD sobre la unidad de Espa\\u00f1a - El Digital de Asturias\",\"headline\":\"D\\u00edez pide a Rajoy por carta que examine el libro de UPyD sobre la unidad de Espa\\u00f1a\",\"author\":{\"@id\":\"https:\\\/\\\/www.eldigitaldeasturias.com\\\/noticias\\\/author\\\/admin\\\/#author\"},\"publisher\":{\"@id\":\"https:\\\/\\\/www.eldigitaldeasturias.com\\\/noticias\\\/#organization\"},\"image\":{\"@type\":\"ImageObject\",\"url\":\"https:\\\/\\\/www.eldigitaldeasturias.com\\\/noticias\\\/wp-content\\\/uploads\\\/2026\\\/06\\\/Contenidos.jpg\",\"width\":1265,\"height\":697,\"caption\":\"Contenidos\"},\"datePublished\":\"2014-01-25T18:43:59+01:00\",\"dateModified\":\"2014-01-25T18:43:59+01:00\",\"inLanguage\":\"es-ES\",\"mainEntityOfPage\":{\"@id\":\"https:\\\/\\\/www.eldigitaldeasturias.com\\\/noticias\\\/diez-pide-a-rajoy-por-carta-que-examine-el-libro-de-upyd-sobre-la-unidad-de-espana\\\/#webpage\"},\"isPartOf\":{\"@id\":\"https:\\\/\\\/www.eldigitaldeasturias.com\\\/noticias\\\/diez-pide-a-rajoy-por-carta-que-examine-el-libro-de-upyd-sobre-la-unidad-de-espana\\\/#webpage\"},\"articleSection\":\"Actualidad\"},{\"@type\":\"BreadcrumbList\",\"@id\":\"https:\\\/\\\/www.eldigitaldeasturias.com\\\/noticias\\\/diez-pide-a-rajoy-por-carta-que-examine-el-libro-de-upyd-sobre-la-unidad-de-espana\\\/#breadcrumblist\",\"itemListElement\":[{\"@type\":\"ListItem\",\"@id\":\"https:\\\/\\\/www.eldigitaldeasturias.com\\\/noticias#listItem\",\"position\":1,\"name\":\"Home\",\"item\":\"https:\\\/\\\/www.eldigitaldeasturias.com\\\/noticias\",\"nextItem\":{\"@type\":\"ListItem\",\"@id\":\"https:\\\/\\\/www.eldigitaldeasturias.com\\\/noticias\\\/category\\\/actualidad\\\/#listItem\",\"name\":\"Actualidad\"}},{\"@type\":\"ListItem\",\"@id\":\"https:\\\/\\\/www.eldigitaldeasturias.com\\\/noticias\\\/category\\\/actualidad\\\/#listItem\",\"position\":2,\"name\":\"Actualidad\",\"item\":\"https:\\\/\\\/www.eldigitaldeasturias.com\\\/noticias\\\/category\\\/actualidad\\\/\",\"nextItem\":{\"@type\":\"ListItem\",\"@id\":\"https:\\\/\\\/www.eldigitaldeasturias.com\\\/noticias\\\/diez-pide-a-rajoy-por-carta-que-examine-el-libro-de-upyd-sobre-la-unidad-de-espana\\\/#listItem\",\"name\":\"D\\u00edez pide a Rajoy por carta que examine el libro de UPyD sobre la unidad de Espa\\u00f1a\"},\"previousItem\":{\"@type\":\"ListItem\",\"@id\":\"https:\\\/\\\/www.eldigitaldeasturias.com\\\/noticias#listItem\",\"name\":\"Home\"}},{\"@type\":\"ListItem\",\"@id\":\"https:\\\/\\\/www.eldigitaldeasturias.com\\\/noticias\\\/diez-pide-a-rajoy-por-carta-que-examine-el-libro-de-upyd-sobre-la-unidad-de-espana\\\/#listItem\",\"position\":3,\"name\":\"D\\u00edez pide a Rajoy por carta que examine el libro de UPyD sobre la unidad de Espa\\u00f1a\",\"previousItem\":{\"@type\":\"ListItem\",\"@id\":\"https:\\\/\\\/www.eldigitaldeasturias.com\\\/noticias\\\/category\\\/actualidad\\\/#listItem\",\"name\":\"Actualidad\"}}]},{\"@type\":\"Organization\",\"@id\":\"https:\\\/\\\/www.eldigitaldeasturias.com\\\/noticias\\\/#organization\",\"name\":\"El Digital de Asturias\",\"description\":\"Hemeroteca\",\"url\":\"https:\\\/\\\/www.eldigitaldeasturias.com\\\/noticias\\\/\",\"email\":\"info@eldigitaldeasturias.com\",\"telephone\":\"+34652131393\",\"logo\":{\"@type\":\"ImageObject\",\"url\":\"https:\\\/\\\/www.eldigitaldeasturias.com\\\/noticias\\\/wp-content\\\/uploads\\\/2020\\\/12\\\/EDA.jpg\",\"@id\":\"https:\\\/\\\/www.eldigitaldeasturias.com\\\/noticias\\\/diez-pide-a-rajoy-por-carta-que-examine-el-libro-de-upyd-sobre-la-unidad-de-espana\\\/#organizationLogo\"},\"image\":{\"@id\":\"https:\\\/\\\/www.eldigitaldeasturias.com\\\/noticias\\\/diez-pide-a-rajoy-por-carta-que-examine-el-libro-de-upyd-sobre-la-unidad-de-espana\\\/#organizationLogo\"},\"sameAs\":[\"https:\\\/\\\/facebook.com\\\/eldigitaldeasturias\",\"https:\\\/\\\/www.youtube.com\\\/channel\\\/UCZP-2wLEB9Rv6erhFmqVnvg\"],\"address\":{\"@id\":\"https:\\\/\\\/www.eldigitaldeasturias.com\\\/noticias\\\/#postaladdress\",\"@type\":\"PostalAddress\",\"streetAddress\":\"san antonio 4\",\"postalCode\":\"33430\",\"addressLocality\":\"Cand\\u00e1s\",\"addressRegion\":\"Asturias\",\"addressCountry\":\"ES\"}},{\"@type\":\"Person\",\"@id\":\"https:\\\/\\\/www.eldigitaldeasturias.com\\\/noticias\\\/author\\\/admin\\\/#author\",\"url\":\"https:\\\/\\\/www.eldigitaldeasturias.com\\\/noticias\\\/author\\\/admin\\\/\",\"name\":\"El Digital de Asturias\",\"image\":{\"@type\":\"ImageObject\",\"@id\":\"https:\\\/\\\/www.eldigitaldeasturias.com\\\/noticias\\\/diez-pide-a-rajoy-por-carta-que-examine-el-libro-de-upyd-sobre-la-unidad-de-espana\\\/#authorImage\",\"url\":\"https:\\\/\\\/secure.gravatar.com\\\/avatar\\\/df2aeffc32bcd13f8d26072ef8a91b623d677766deac7f97ca815868cd41bf5e?s=96&d=mm&r=g\",\"width\":96,\"height\":96,\"caption\":\"El Digital de Asturias\"}},{\"@type\":\"WebPage\",\"@id\":\"https:\\\/\\\/www.eldigitaldeasturias.com\\\/noticias\\\/diez-pide-a-rajoy-por-carta-que-examine-el-libro-de-upyd-sobre-la-unidad-de-espana\\\/#webpage\",\"url\":\"https:\\\/\\\/www.eldigitaldeasturias.com\\\/noticias\\\/diez-pide-a-rajoy-por-carta-que-examine-el-libro-de-upyd-sobre-la-unidad-de-espana\\\/\",\"name\":\"D\\u00edez pide a Rajoy por carta que examine el libro de UPyD sobre la unidad de Espa\\u00f1a - El Digital de Asturias\",\"description\":\"Madrid, 25 ene (EFE).- La l\\u00edder de UPyD, Rosa D\\u00edez, ha pedido por carta al presidente del Gobierno, Mariano Rajoy, que tenga en consideraci\\u00f3n el libro que su partido ha elaborado de manera \\\"rigurosa y argumentada\\\" sobre las ventajas de que Espa\\u00f1a permanezca unida y le ha enviado un ejemplar. En la carta enviada a\",\"inLanguage\":\"es-ES\",\"isPartOf\":{\"@id\":\"https:\\\/\\\/www.eldigitaldeasturias.com\\\/noticias\\\/#website\"},\"breadcrumb\":{\"@id\":\"https:\\\/\\\/www.eldigitaldeasturias.com\\\/noticias\\\/diez-pide-a-rajoy-por-carta-que-examine-el-libro-de-upyd-sobre-la-unidad-de-espana\\\/#breadcrumblist\"},\"author\":{\"@id\":\"https:\\\/\\\/www.eldigitaldeasturias.com\\\/noticias\\\/author\\\/admin\\\/#author\"},\"creator\":{\"@id\":\"https:\\\/\\\/www.eldigitaldeasturias.com\\\/noticias\\\/author\\\/admin\\\/#author\"},\"image\":{\"@type\":\"ImageObject\",\"url\":\"https:\\\/\\\/www.eldigitaldeasturias.com\\\/noticias\\\/wp-content\\\/uploads\\\/2026\\\/06\\\/Contenidos.jpg\",\"@id\":\"https:\\\/\\\/www.eldigitaldeasturias.com\\\/noticias\\\/diez-pide-a-rajoy-por-carta-que-examine-el-libro-de-upyd-sobre-la-unidad-de-espana\\\/#mainImage\",\"width\":1265,\"height\":697,\"caption\":\"Contenidos\"},\"primaryImageOfPage\":{\"@id\":\"https:\\\/\\\/www.eldigitaldeasturias.com\\\/noticias\\\/diez-pide-a-rajoy-por-carta-que-examine-el-libro-de-upyd-sobre-la-unidad-de-espana\\\/#mainImage\"},\"datePublished\":\"2014-01-25T18:43:59+01:00\",\"dateModified\":\"2014-01-25T18:43:59+01:00\"},{\"@type\":\"WebSite\",\"@id\":\"https:\\\/\\\/www.eldigitaldeasturias.com\\\/noticias\\\/#website\",\"url\":\"https:\\\/\\\/www.eldigitaldeasturias.com\\\/noticias\\\/\",\"name\":\"El Digital de Asturias - Diario de actualidad y noticias\",\"alternateName\":\"El Digital de Asturias - Diario de actualidad y noticias\",\"description\":\"Hemeroteca\",\"inLanguage\":\"es-ES\",\"publisher\":{\"@id\":\"https:\\\/\\\/www.eldigitaldeasturias.com\\\/noticias\\\/#organization\"}}]}\n\t\t<\/script>\n\t\t<!-- All in One SEO Pro -->\r\n\t\t<title>D\u00edez pide a Rajoy por carta que examine el libro de UPyD sobre la unidad de Espa\u00f1a - El Digital de Asturias<\/title>\n\n","aioseo_head_json":{"title":"D\u00edez pide a Rajoy por carta que examine el libro de UPyD sobre la unidad de Espa\u00f1a - El Digital de Asturias","description":"Madrid, 25 ene (EFE).- La l\u00edder de UPyD, Rosa D\u00edez, ha pedido por carta al presidente del Gobierno, Mariano Rajoy, que tenga en consideraci\u00f3n el libro que su partido ha elaborado de manera \"rigurosa y argumentada\" sobre las ventajas de que Espa\u00f1a permanezca unida y le ha enviado un ejemplar. En la carta enviada a","canonical_url":"https:\/\/www.eldigitaldeasturias.com\/noticias\/diez-pide-a-rajoy-por-carta-que-examine-el-libro-de-upyd-sobre-la-unidad-de-espana\/","robots":"max-image-preview:large","keywords":"actualidad","webmasterTools":{"google-site-verification":"UA-38556648-1","msvalidate.01":"7dfe9f3f1b24437ab69f4f2559babe99","miscellaneous":""},"schema":{"@context":"https:\/\/schema.org","@graph":[{"@type":"BlogPosting","@id":"https:\/\/www.eldigitaldeasturias.com\/noticias\/diez-pide-a-rajoy-por-carta-que-examine-el-libro-de-upyd-sobre-la-unidad-de-espana\/#blogposting","name":"D\u00edez pide a Rajoy por carta que examine el libro de UPyD sobre la unidad de Espa\u00f1a - El Digital de Asturias","headline":"D\u00edez pide a Rajoy por carta que examine el libro de UPyD sobre la unidad de Espa\u00f1a","author":{"@id":"https:\/\/www.eldigitaldeasturias.com\/noticias\/author\/admin\/#author"},"publisher":{"@id":"https:\/\/www.eldigitaldeasturias.com\/noticias\/#organization"},"image":{"@type":"ImageObject","url":"https:\/\/www.eldigitaldeasturias.com\/noticias\/wp-content\/uploads\/2026\/06\/Contenidos.jpg","width":1265,"height":697,"caption":"Contenidos"},"datePublished":"2014-01-25T18:43:59+01:00","dateModified":"2014-01-25T18:43:59+01:00","inLanguage":"es-ES","mainEntityOfPage":{"@id":"https:\/\/www.eldigitaldeasturias.com\/noticias\/diez-pide-a-rajoy-por-carta-que-examine-el-libro-de-upyd-sobre-la-unidad-de-espana\/#webpage"},"isPartOf":{"@id":"https:\/\/www.eldigitaldeasturias.com\/noticias\/diez-pide-a-rajoy-por-carta-que-examine-el-libro-de-upyd-sobre-la-unidad-de-espana\/#webpage"},"articleSection":"Actualidad"},{"@type":"BreadcrumbList","@id":"https:\/\/www.eldigitaldeasturias.com\/noticias\/diez-pide-a-rajoy-por-carta-que-examine-el-libro-de-upyd-sobre-la-unidad-de-espana\/#breadcrumblist","itemListElement":[{"@type":"ListItem","@id":"https:\/\/www.eldigitaldeasturias.com\/noticias#listItem","position":1,"name":"Home","item":"https:\/\/www.eldigitaldeasturias.com\/noticias","nextItem":{"@type":"ListItem","@id":"https:\/\/www.eldigitaldeasturias.com\/noticias\/category\/actualidad\/#listItem","name":"Actualidad"}},{"@type":"ListItem","@id":"https:\/\/www.eldigitaldeasturias.com\/noticias\/category\/actualidad\/#listItem","position":2,"name":"Actualidad","item":"https:\/\/www.eldigitaldeasturias.com\/noticias\/category\/actualidad\/","nextItem":{"@type":"ListItem","@id":"https:\/\/www.eldigitaldeasturias.com\/noticias\/diez-pide-a-rajoy-por-carta-que-examine-el-libro-de-upyd-sobre-la-unidad-de-espana\/#listItem","name":"D\u00edez pide a Rajoy por carta que examine el libro de UPyD sobre la unidad de Espa\u00f1a"},"previousItem":{"@type":"ListItem","@id":"https:\/\/www.eldigitaldeasturias.com\/noticias#listItem","name":"Home"}},{"@type":"ListItem","@id":"https:\/\/www.eldigitaldeasturias.com\/noticias\/diez-pide-a-rajoy-por-carta-que-examine-el-libro-de-upyd-sobre-la-unidad-de-espana\/#listItem","position":3,"name":"D\u00edez pide a Rajoy por carta que examine el libro de UPyD sobre la unidad de Espa\u00f1a","previousItem":{"@type":"ListItem","@id":"https:\/\/www.eldigitaldeasturias.com\/noticias\/category\/actualidad\/#listItem","name":"Actualidad"}}]},{"@type":"Organization","@id":"https:\/\/www.eldigitaldeasturias.com\/noticias\/#organization","name":"El Digital de Asturias","description":"Hemeroteca","url":"https:\/\/www.eldigitaldeasturias.com\/noticias\/","email":"info@eldigitaldeasturias.com","telephone":"+34652131393","logo":{"@type":"ImageObject","url":"https:\/\/www.eldigitaldeasturias.com\/noticias\/wp-content\/uploads\/2020\/12\/EDA.jpg","@id":"https:\/\/www.eldigitaldeasturias.com\/noticias\/diez-pide-a-rajoy-por-carta-que-examine-el-libro-de-upyd-sobre-la-unidad-de-espana\/#organizationLogo"},"image":{"@id":"https:\/\/www.eldigitaldeasturias.com\/noticias\/diez-pide-a-rajoy-por-carta-que-examine-el-libro-de-upyd-sobre-la-unidad-de-espana\/#organizationLogo"},"sameAs":["https:\/\/facebook.com\/eldigitaldeasturias","https:\/\/www.youtube.com\/channel\/UCZP-2wLEB9Rv6erhFmqVnvg"],"address":{"@id":"https:\/\/www.eldigitaldeasturias.com\/noticias\/#postaladdress","@type":"PostalAddress","streetAddress":"san antonio 4","postalCode":"33430","addressLocality":"Cand\u00e1s","addressRegion":"Asturias","addressCountry":"ES"}},{"@type":"Person","@id":"https:\/\/www.eldigitaldeasturias.com\/noticias\/author\/admin\/#author","url":"https:\/\/www.eldigitaldeasturias.com\/noticias\/author\/admin\/","name":"El Digital de Asturias","image":{"@type":"ImageObject","@id":"https:\/\/www.eldigitaldeasturias.com\/noticias\/diez-pide-a-rajoy-por-carta-que-examine-el-libro-de-upyd-sobre-la-unidad-de-espana\/#authorImage","url":"https:\/\/secure.gravatar.com\/avatar\/df2aeffc32bcd13f8d26072ef8a91b623d677766deac7f97ca815868cd41bf5e?s=96&d=mm&r=g","width":96,"height":96,"caption":"El Digital de Asturias"}},{"@type":"WebPage","@id":"https:\/\/www.eldigitaldeasturias.com\/noticias\/diez-pide-a-rajoy-por-carta-que-examine-el-libro-de-upyd-sobre-la-unidad-de-espana\/#webpage","url":"https:\/\/www.eldigitaldeasturias.com\/noticias\/diez-pide-a-rajoy-por-carta-que-examine-el-libro-de-upyd-sobre-la-unidad-de-espana\/","name":"D\u00edez pide a Rajoy por carta que examine el libro de UPyD sobre la unidad de Espa\u00f1a - El Digital de Asturias","description":"Madrid, 25 ene (EFE).- La l\u00edder de UPyD, Rosa D\u00edez, ha pedido por carta al presidente del Gobierno, Mariano Rajoy, que tenga en consideraci\u00f3n el libro que su partido ha elaborado de manera \"rigurosa y argumentada\" sobre las ventajas de que Espa\u00f1a permanezca unida y le ha enviado un ejemplar. En la carta enviada a","inLanguage":"es-ES","isPartOf":{"@id":"https:\/\/www.eldigitaldeasturias.com\/noticias\/#website"},"breadcrumb":{"@id":"https:\/\/www.eldigitaldeasturias.com\/noticias\/diez-pide-a-rajoy-por-carta-que-examine-el-libro-de-upyd-sobre-la-unidad-de-espana\/#breadcrumblist"},"author":{"@id":"https:\/\/www.eldigitaldeasturias.com\/noticias\/author\/admin\/#author"},"creator":{"@id":"https:\/\/www.eldigitaldeasturias.com\/noticias\/author\/admin\/#author"},"image":{"@type":"ImageObject","url":"https:\/\/www.eldigitaldeasturias.com\/noticias\/wp-content\/uploads\/2026\/06\/Contenidos.jpg","@id":"https:\/\/www.eldigitaldeasturias.com\/noticias\/diez-pide-a-rajoy-por-carta-que-examine-el-libro-de-upyd-sobre-la-unidad-de-espana\/#mainImage","width":1265,"height":697,"caption":"Contenidos"},"primaryImageOfPage":{"@id":"https:\/\/www.eldigitaldeasturias.com\/noticias\/diez-pide-a-rajoy-por-carta-que-examine-el-libro-de-upyd-sobre-la-unidad-de-espana\/#mainImage"},"datePublished":"2014-01-25T18:43:59+01:00","dateModified":"2014-01-25T18:43:59+01:00"},{"@type":"WebSite","@id":"https:\/\/www.eldigitaldeasturias.com\/noticias\/#website","url":"https:\/\/www.eldigitaldeasturias.com\/noticias\/","name":"El Digital de Asturias - Diario de actualidad y noticias","alternateName":"El Digital de Asturias - Diario de actualidad y noticias","description":"Hemeroteca","inLanguage":"es-ES","publisher":{"@id":"https:\/\/www.eldigitaldeasturias.com\/noticias\/#organization"}}]},"og:locale":"es_ES","og:site_name":"El Digital de Asturias","og:type":"article","og:title":"D\u00edez pide a Rajoy por carta que examine el libro de UPyD sobre la unidad de Espa\u00f1a - El Digital de Asturias","og:description":"Madrid, 25 ene (EFE).- La l\u00edder de UPyD, Rosa D\u00edez, ha pedido por carta al presidente del Gobierno, Mariano Rajoy, que tenga en consideraci\u00f3n el libro que su partido ha elaborado de manera &quot;rigurosa y argumentada&quot; sobre las ventajas de que Espa\u00f1a permanezca unida y le ha enviado un ejemplar. En la carta enviada a","og:url":"https:\/\/www.eldigitaldeasturias.com\/noticias\/diez-pide-a-rajoy-por-carta-que-examine-el-libro-de-upyd-sobre-la-unidad-de-espana\/","og:image":"https:\/\/www.eldigitaldeasturias.com\/noticias\/wp-content\/uploads\/2026\/06\/Contenidos.jpg","og:image:secure_url":"https:\/\/www.eldigitaldeasturias.com\/noticias\/wp-content\/uploads\/2026\/06\/Contenidos.jpg","og:image:width":1265,"og:image:height":697,"article:tag":["actualidad"],"article:published_time":"2014-01-25T19:43:59+00:00","article:modified_time":"2014-01-25T19:43:59+00:00","article:publisher":"https:\/\/facebook.com\/eldigitaldeasturias","twitter:card":"summary_large_image","twitter:title":"D\u00edez pide a Rajoy por carta que examine el libro de UPyD sobre la unidad de Espa\u00f1a - El Digital de Asturias","twitter:description":"Madrid, 25 ene (EFE).- La l\u00edder de UPyD, Rosa D\u00edez, ha pedido por carta al presidente del Gobierno, Mariano Rajoy, que tenga en consideraci\u00f3n el libro que su partido ha elaborado de manera &quot;rigurosa y argumentada&quot; sobre las ventajas de que Espa\u00f1a permanezca unida y le ha enviado un ejemplar. En la carta enviada a","twitter:image":"https:\/\/www.eldigitaldeasturias.com\/noticias\/wp-content\/uploads\/2026\/06\/Contenidos.jpg","twitter:label1":"Escrito por","twitter:data1":"El Digital de Asturias","twitter:label2":"Tiempo de lectura estimado","twitter:data2":"2 minutos"},"aioseo_meta_data":{"post_id":"478780","title":null,"description":null,"keywords":null,"keyphrases":null,"primary_term":null,"canonical_url":null,"og_title":null,"og_description":null,"og_object_type":"default","og_image_type":"default","og_image_url":null,"og_image_width":null,"og_image_height":null,"og_image_custom_url":null,"og_image_custom_fields":null,"og_video":null,"og_custom_url":null,"og_article_section":null,"og_article_tags":null,"twitter_use_og":true,"twitter_card":"default","twitter_image_type":"default","twitter_image_url":null,"twitter_image_custom_url":null,"twitter_image_custom_fields":null,"twitter_title":null,"twitter_description":null,"schema":{"blockGraphs":[],"customGraphs":[],"default":{"data":{"Article":[],"Course":[],"Dataset":[],"FAQPage":[],"Movie":[],"Person":[],"Product":[],"ProductReview":[],"Car":[],"Recipe":[],"Service":[],"SoftwareApplication":[],"WebPage":[]},"graphName":"","isEnabled":true},"graphs":[],"defaultGraph":"","defaultPostTypeGraph":""},"schema_type":null,"schema_type_options":null,"pillar_content":false,"robots_default":true,"robots_noindex":false,"robots_noarchive":false,"robots_nosnippet":false,"robots_nofollow":false,"robots_noimageindex":false,"robots_noodp":false,"robots_notranslate":false,"robots_max_snippet":null,"robots_max_videopreview":null,"robots_max_imagepreview":"none","priority":null,"frequency":null,"local_seo":null,"seo_analyzer_scan_date":"2026-06-01 22:32:54","breadcrumb_settings":null,"limit_modified_date":false,"open_ai":null,"ai":null,"created":"2020-11-14 22:53:57","updated":"2026-06-01 22:32:54","focus_keyword":null,"additional_keywords":null,"truseo_locale":null},"aioseo_breadcrumb":"<div class=\"aioseo-breadcrumbs\"><span class=\"aioseo-breadcrumb\">\n\t<a href=\"https:\/\/www.eldigitaldeasturias.com\/noticias\" title=\"Home\">Home<\/a>\n<\/span><span class=\"aioseo-breadcrumb-separator\">\u2013<\/span><span class=\"aioseo-breadcrumb\">\n\t<a href=\"https:\/\/www.eldigitaldeasturias.com\/noticias\/category\/actualidad\/\" title=\"Actualidad\">Actualidad<\/a>\n<\/span><span class=\"aioseo-breadcrumb-separator\">\u2013<\/span><span class=\"aioseo-breadcrumb\">\n\t<a href=\"https:\/\/www.eldigitaldeasturias.com\/noticias\/diez-pide-a-rajoy-por-carta-que-examine-el-libro-de-upyd-sobre-la-unidad-de-espana\/\" title=\"D\u00edez pide a Rajoy por carta que examine el libro de UPyD sobre la unidad de Espa\u00f1a\">D\u00edez pide a Rajoy por carta que examine el libro de UPyD sobre la unidad de Espa\u00f1a<\/a>\n<\/span><\/div>","aioseo_breadcrumb_json":[{"label":"Home","link":"https:\/\/www.eldigitaldeasturias.com\/noticias"},{"label":"Actualidad","link":"https:\/\/www.eldigitaldeasturias.com\/noticias\/category\/actualidad\/"},{"label":"D\u00edez pide a Rajoy por carta que examine el libro de UPyD sobre la unidad de Espa\u00f1a","link":"https:\/\/www.eldigitaldeasturias.com\/noticias\/diez-pide-a-rajoy-por-carta-que-examine-el-libro-de-upyd-sobre-la-unidad-de-espana\/"}],"_links":{"self":[{"href":"https:\/\/www.eldigitaldeasturias.com\/noticias\/wp-json\/wp\/v2\/posts\/478780","targetHints":{"allow":["GET"]}}],"collection":[{"href":"https:\/\/www.eldigitaldeasturias.com\/noticias\/wp-json\/wp\/v2\/posts"}],"about":[{"href":"https:\/\/www.eldigitaldeasturias.com\/noticias\/wp-json\/wp\/v2\/types\/post"}],"author":[{"embeddable":true,"href":"https:\/\/www.eldigitaldeasturias.com\/noticias\/wp-json\/wp\/v2\/users\/1"}],"replies":[{"embeddable":true,"href":"https:\/\/www.eldigitaldeasturias.com\/noticias\/wp-json\/wp\/v2\/comments?post=478780"}],"version-history":[{"count":0,"href":"https:\/\/www.eldigitaldeasturias.com\/noticias\/wp-json\/wp\/v2\/posts\/478780\/revisions"}],"wp:featuredmedia":[{"embeddable":true,"href":"https:\/\/www.eldigitaldeasturias.com\/noticias\/wp-json\/wp\/v2\/media\/1132184"}],"wp:attachment":[{"href":"https:\/\/www.eldigitaldeasturias.com\/noticias\/wp-json\/wp\/v2\/media?parent=478780"}],"wp:term":[{"taxonomy":"category","embeddable":true,"href":"https:\/\/www.eldigitaldeasturias.com\/noticias\/wp-json\/wp\/v2\/categories?post=478780"},{"taxonomy":"post_tag","embeddable":true,"href":"https:\/\/www.eldigitaldeasturias.com\/noticias\/wp-json\/wp\/v2\/tags?post=478780"}],"curies":[{"name":"wp","href":"https:\/\/api.w.org\/{rel}","templated":true}]}}