{"id":478731,"date":"2014-01-25T15:09:10","date_gmt":"2014-01-25T16:09:10","guid":{"rendered":"http:\/\/www.eldigitaldeasturias.com\/noticias\/?p=478731"},"modified":"2014-01-25T15:09:10","modified_gmt":"2014-01-25T16:09:10","slug":"moragas-reivindica-una-cataluna-cosmopolita-ante-quienes-buscan-un-pais-de-hobbits","status":"publish","type":"post","link":"https:\/\/www.eldigitaldeasturias.com\/noticias\/moragas-reivindica-una-cataluna-cosmopolita-ante-quienes-buscan-un-pais-de-hobbits\/","title":{"rendered":"Moragas reivindica una Catalu\u00f1a cosmopolita ante quienes buscan un \u00abpa\u00eds de hobbits\u00bb"},"content":{"rendered":"<p><img loading=\"lazy\" decoding=\"async\" class=\"alignleft size-medium wp-image-478732\" alt=\"5875937w\" src=\"https:\/\/www.eldigitaldeasturias.com\/noticias\/wp-content\/uploads\/2014\/01\/5875937w-211x320.jpg\" width=\"211\" height=\"320\" \/>Barcelona, 25 ene (EFE).- El director del Gabinete de la Presidencia del Gobierno, Jorge Moragas, ha reivindicado hoy el \u00abesp\u00edritu cosmopolita\u00bb de Catalu\u00f1a frente a los intentos de las fuerzas soberanistas de convertir a Catalu\u00f1a en un \u00abpa\u00eds de hobbits\u00bb.<\/p>\n<p>En un coloquio durante la Convenci\u00f3n del PP Catal\u00e1n en Barcelona, Moragas ha resaltado la importancia de \u00ababrirse\u00bb al extranjero y \u00abdesarrollar ese esp\u00edritu cosmopolita del que siempre Catalu\u00f1a se ha vanagloriado de tener, frente a esos intentos de convertirla en un pa\u00eds de hobbits\u00bb, en una alusi\u00f3n literaria a un pueblo de ficci\u00f3n que est\u00e1 cada vez m\u00e1s encerrado en su tierra.<\/p>\n<p>El jefe de Gabinete de Mariano Rajoy ha respondido as\u00ed al presidente de Freixenet, Jos\u00e9 Luis Bonet, quien en la charla ha aconsejado a los j\u00f3venes \u00abparados y desorientados\u00bb que \u00abse marchen\u00bb de Espa\u00f1a.<\/p>\n<p>\u00abNecesit\u00e1is tres a\u00f1os de mundo, para formaros, acabar vuestra formaci\u00f3n, aprender ingl\u00e9s y tener una visi\u00f3n del mundo universal, no localista. Cuando vuelvan, que volver\u00e1n, estar\u00e1n preparados para ponerse al servicio de las empresas y del pa\u00eds\u00bb, ha dicho Bonet.<\/p>\n<p>Ambos han participado en un coloquio junto al presidente del Consejo Social de la Universidad Abad Oliva y del C\u00edrculo Ecuestre, Borja Garc\u00eda Nieto, y el catedr\u00e1tico de Econom\u00eda Financiera en IESE, Eduardo Mart\u00ednez Abascal.<\/p>\n<p>Moragas se ha preguntado si \u00abel desaf\u00edo puede poner en riesgo el desaf\u00edo de la recuperaci\u00f3n econ\u00f3mica\u00bb y si la independencia ser\u00eda \u00abun buen negocio\u00bb para Catalu\u00f1a y Espa\u00f1a.<\/p>\n<p>Adem\u00e1s, ha recordado las \u00abdudas sobre la viabilidad de econom\u00eda espa\u00f1ola, el posible rescate y la propia pervivencia del euro\u00bb hace dos a\u00f1os, pero ha destacado que \u00abse han hecho reformas en este tiempo y hoy se puede decir que los n\u00fameros rojos han pasado a n\u00fameros negros. No todos, pero s\u00ed la mayor\u00eda\u00bb.<\/p>\n<p>\u00abPor eso -ha recalcado- decimos que Espa\u00f1a est\u00e1 en la buena direcci\u00f3n. Hemos dejado de decaer, lo que tiene un efecto psicol\u00f3gico importante, se han hecho reformas. Y me atrever\u00eda a decir que Espa\u00f1a se ha convertido en el pa\u00eds m\u00e1s reformista de la Uni\u00f3n Europea\u00bb.<\/p>\n<p>Sin dejar de lado la \u00abhumildad\u00bb, ha reconocido en todo caso que los datos \u00abdan derecho a la esperanza\u00bb.<\/p>\n<p>Bonet, por su parte, ha admitido que \u00abeste es el camino\u00bb y que aunque se est\u00e1 saliendo de la recesi\u00f3n, a\u00fan no de la crisis, algo que se har\u00e1 con \u00abinnovaci\u00f3n, internacionalizaci\u00f3n y creaci\u00f3n de marca, que es lo que tiene que transformar el pa\u00eds\u00bb.<\/p>\n<p>\u00abSoy optimista\u00bb, ha apuntado Mart\u00ednez Abascal. \u00abLa buena noticia es que las empresas espa\u00f1olas est\u00e1n saliendo mucho fuera y lo est\u00e1n haciendo bien. Pero de ah\u00ed a crear empleo lleva un tiempo\u00bb.<\/p>\n<p>Por \u00faltimo, Garc\u00eda-Nieto, que ha recordado que \u00abBarcelona y el Bar\u00e7a son tambi\u00e9n marca Espa\u00f1a\u00bb, ha opinado que \u00abse ha pasado la espiral negativa, donde todo nos llevaba a una situaci\u00f3n de v\u00e9rtigo que se corrigi\u00f3 por el esfuerzo de las medidas emprendidas por el Gobierno, y se ha pasado a una espiral positiva\u00bb.<\/p>\n","protected":false},"excerpt":{"rendered":"<p>Barcelona, 25 ene (EFE).- El director del Gabinete de la Presidencia del Gobierno, Jorge Moragas, ha reivindicado hoy el \u00abesp\u00edritu cosmopolita\u00bb de Catalu\u00f1a frente a los intentos de las fuerzas soberanistas de convertir a Catalu\u00f1a en un \u00abpa\u00eds de hobbits\u00bb. En un coloquio durante la Convenci\u00f3n del PP Catal\u00e1n en Barcelona, Moragas ha resaltado la [&hellip;]<\/p>\n","protected":false},"author":1,"featured_media":1132184,"comment_status":"closed","ping_status":"open","sticky":false,"template":"","format":"standard","meta":{"footnotes":""},"categories":[1],"tags":[],"class_list":["post-478731","post","type-post","status-publish","format-standard","has-post-thumbnail","hentry","category-actualidad"],"aioseo_notices":[],"aioseo_head":"\n\t\t<!-- All in One SEO Pro 5.0.1 - aioseo.com -->\n\t<meta name=\"description\" content=\"Barcelona, 25 ene (EFE).- El director del Gabinete de la Presidencia del Gobierno, Jorge Moragas, ha reivindicado hoy el &quot;esp\u00edritu cosmopolita&quot; de Catalu\u00f1a frente a los intentos de las fuerzas soberanistas de convertir a Catalu\u00f1a en un &quot;pa\u00eds de hobbits&quot;. En un coloquio durante la Convenci\u00f3n del PP Catal\u00e1n en Barcelona, Moragas ha resaltado la\" \/>\n\t<meta name=\"robots\" content=\"max-image-preview:large\" \/>\n\t<meta name=\"author\" content=\"El Digital de Asturias\"\/>\n\t<meta name=\"google-site-verification\" content=\"UA-38556648-1\" \/>\n\t<meta name=\"msvalidate.01\" content=\"7dfe9f3f1b24437ab69f4f2559babe99\" \/>\n\t<meta name=\"keywords\" content=\"actualidad\" \/>\n\t<link rel=\"canonical\" href=\"https:\/\/www.eldigitaldeasturias.com\/noticias\/moragas-reivindica-una-cataluna-cosmopolita-ante-quienes-buscan-un-pais-de-hobbits\/\" \/>\n\t<meta name=\"generator\" content=\"All in One SEO Pro (AIOSEO) 5.0.1\" \/>\n\t\t<meta property=\"og:locale\" content=\"es_ES\" \/>\n\t\t<meta property=\"og:site_name\" content=\"El Digital de Asturias\" \/>\n\t\t<meta property=\"og:type\" content=\"article\" \/>\n\t\t<meta property=\"og:title\" content=\"Moragas reivindica una Catalu\u00f1a cosmopolita ante quienes buscan un \u00abpa\u00eds de hobbits\u00bb - El Digital de Asturias\" \/>\n\t\t<meta property=\"og:description\" content=\"Barcelona, 25 ene (EFE).- El director del Gabinete de la Presidencia del Gobierno, Jorge Moragas, ha reivindicado hoy el &quot;esp\u00edritu cosmopolita&quot; de Catalu\u00f1a frente a los intentos de las fuerzas soberanistas de convertir a Catalu\u00f1a en un &quot;pa\u00eds de hobbits&quot;. En un coloquio durante la Convenci\u00f3n del PP Catal\u00e1n en Barcelona, Moragas ha resaltado la\" \/>\n\t\t<meta property=\"og:url\" content=\"https:\/\/www.eldigitaldeasturias.com\/noticias\/moragas-reivindica-una-cataluna-cosmopolita-ante-quienes-buscan-un-pais-de-hobbits\/\" \/>\n\t\t<meta property=\"og:image\" content=\"https:\/\/www.eldigitaldeasturias.com\/noticias\/wp-content\/uploads\/2026\/06\/Contenidos.jpg\" \/>\n\t\t<meta property=\"og:image:secure_url\" content=\"https:\/\/www.eldigitaldeasturias.com\/noticias\/wp-content\/uploads\/2026\/06\/Contenidos.jpg\" \/>\n\t\t<meta property=\"og:image:width\" content=\"1265\" \/>\n\t\t<meta property=\"og:image:height\" content=\"697\" \/>\n\t\t<meta property=\"article:tag\" content=\"actualidad\" \/>\n\t\t<meta property=\"article:published_time\" content=\"2014-01-25T16:09:10+00:00\" \/>\n\t\t<meta property=\"article:modified_time\" content=\"2014-01-25T16:09:10+00:00\" \/>\n\t\t<meta property=\"article:publisher\" content=\"https:\/\/facebook.com\/eldigitaldeasturias\" \/>\n\t\t<meta name=\"twitter:card\" content=\"summary_large_image\" \/>\n\t\t<meta name=\"twitter:title\" content=\"Moragas reivindica una Catalu\u00f1a cosmopolita ante quienes buscan un \u00abpa\u00eds de hobbits\u00bb - El Digital de Asturias\" \/>\n\t\t<meta name=\"twitter:description\" content=\"Barcelona, 25 ene (EFE).- El director del Gabinete de la Presidencia del Gobierno, Jorge Moragas, ha reivindicado hoy el &quot;esp\u00edritu cosmopolita&quot; de Catalu\u00f1a frente a los intentos de las fuerzas soberanistas de convertir a Catalu\u00f1a en un &quot;pa\u00eds de hobbits&quot;. En un coloquio durante la Convenci\u00f3n del PP Catal\u00e1n en Barcelona, Moragas ha resaltado la\" \/>\n\t\t<meta name=\"twitter:image\" content=\"https:\/\/www.eldigitaldeasturias.com\/noticias\/wp-content\/uploads\/2026\/06\/Contenidos.jpg\" \/>\n\t\t<meta name=\"twitter:label1\" content=\"Escrito por\" \/>\n\t\t<meta name=\"twitter:data1\" content=\"El Digital de Asturias\" \/>\n\t\t<meta name=\"twitter:label2\" content=\"Tiempo de lectura estimado\" \/>\n\t\t<meta name=\"twitter:data2\" content=\"3 minutos\" \/>\n\t\t<script type=\"application\/ld+json\" class=\"aioseo-schema\">\n\t\t\t{\"@context\":\"https:\\\/\\\/schema.org\",\"@graph\":[{\"@type\":\"BlogPosting\",\"@id\":\"https:\\\/\\\/www.eldigitaldeasturias.com\\\/noticias\\\/moragas-reivindica-una-cataluna-cosmopolita-ante-quienes-buscan-un-pais-de-hobbits\\\/#blogposting\",\"name\":\"Moragas reivindica una Catalu\\u00f1a cosmopolita ante quienes buscan un \\u00abpa\\u00eds de hobbits\\u00bb - El Digital de Asturias\",\"headline\":\"Moragas reivindica una Catalu\\u00f1a cosmopolita ante quienes buscan un \\u00abpa\\u00eds de hobbits\\u00bb\",\"author\":{\"@id\":\"https:\\\/\\\/www.eldigitaldeasturias.com\\\/noticias\\\/author\\\/admin\\\/#author\"},\"publisher\":{\"@id\":\"https:\\\/\\\/www.eldigitaldeasturias.com\\\/noticias\\\/#organization\"},\"image\":{\"@type\":\"ImageObject\",\"url\":\"https:\\\/\\\/www.eldigitaldeasturias.com\\\/noticias\\\/wp-content\\\/uploads\\\/2026\\\/06\\\/Contenidos.jpg\",\"width\":1265,\"height\":697,\"caption\":\"Contenidos\"},\"datePublished\":\"2014-01-25T15:09:10+01:00\",\"dateModified\":\"2014-01-25T15:09:10+01:00\",\"inLanguage\":\"es-ES\",\"mainEntityOfPage\":{\"@id\":\"https:\\\/\\\/www.eldigitaldeasturias.com\\\/noticias\\\/moragas-reivindica-una-cataluna-cosmopolita-ante-quienes-buscan-un-pais-de-hobbits\\\/#webpage\"},\"isPartOf\":{\"@id\":\"https:\\\/\\\/www.eldigitaldeasturias.com\\\/noticias\\\/moragas-reivindica-una-cataluna-cosmopolita-ante-quienes-buscan-un-pais-de-hobbits\\\/#webpage\"},\"articleSection\":\"Actualidad\"},{\"@type\":\"BreadcrumbList\",\"@id\":\"https:\\\/\\\/www.eldigitaldeasturias.com\\\/noticias\\\/moragas-reivindica-una-cataluna-cosmopolita-ante-quienes-buscan-un-pais-de-hobbits\\\/#breadcrumblist\",\"itemListElement\":[{\"@type\":\"ListItem\",\"@id\":\"https:\\\/\\\/www.eldigitaldeasturias.com\\\/noticias#listItem\",\"position\":1,\"name\":\"Home\",\"item\":\"https:\\\/\\\/www.eldigitaldeasturias.com\\\/noticias\",\"nextItem\":{\"@type\":\"ListItem\",\"@id\":\"https:\\\/\\\/www.eldigitaldeasturias.com\\\/noticias\\\/category\\\/actualidad\\\/#listItem\",\"name\":\"Actualidad\"}},{\"@type\":\"ListItem\",\"@id\":\"https:\\\/\\\/www.eldigitaldeasturias.com\\\/noticias\\\/category\\\/actualidad\\\/#listItem\",\"position\":2,\"name\":\"Actualidad\",\"item\":\"https:\\\/\\\/www.eldigitaldeasturias.com\\\/noticias\\\/category\\\/actualidad\\\/\",\"nextItem\":{\"@type\":\"ListItem\",\"@id\":\"https:\\\/\\\/www.eldigitaldeasturias.com\\\/noticias\\\/moragas-reivindica-una-cataluna-cosmopolita-ante-quienes-buscan-un-pais-de-hobbits\\\/#listItem\",\"name\":\"Moragas reivindica una Catalu\\u00f1a cosmopolita ante quienes buscan un \\u00abpa\\u00eds de hobbits\\u00bb\"},\"previousItem\":{\"@type\":\"ListItem\",\"@id\":\"https:\\\/\\\/www.eldigitaldeasturias.com\\\/noticias#listItem\",\"name\":\"Home\"}},{\"@type\":\"ListItem\",\"@id\":\"https:\\\/\\\/www.eldigitaldeasturias.com\\\/noticias\\\/moragas-reivindica-una-cataluna-cosmopolita-ante-quienes-buscan-un-pais-de-hobbits\\\/#listItem\",\"position\":3,\"name\":\"Moragas reivindica una Catalu\\u00f1a cosmopolita ante quienes buscan un \\u00abpa\\u00eds de hobbits\\u00bb\",\"previousItem\":{\"@type\":\"ListItem\",\"@id\":\"https:\\\/\\\/www.eldigitaldeasturias.com\\\/noticias\\\/category\\\/actualidad\\\/#listItem\",\"name\":\"Actualidad\"}}]},{\"@type\":\"Organization\",\"@id\":\"https:\\\/\\\/www.eldigitaldeasturias.com\\\/noticias\\\/#organization\",\"name\":\"El Digital de Asturias\",\"description\":\"Hemeroteca\",\"url\":\"https:\\\/\\\/www.eldigitaldeasturias.com\\\/noticias\\\/\",\"email\":\"info@eldigitaldeasturias.com\",\"telephone\":\"+34652131393\",\"logo\":{\"@type\":\"ImageObject\",\"url\":\"https:\\\/\\\/www.eldigitaldeasturias.com\\\/noticias\\\/wp-content\\\/uploads\\\/2020\\\/12\\\/EDA.jpg\",\"@id\":\"https:\\\/\\\/www.eldigitaldeasturias.com\\\/noticias\\\/moragas-reivindica-una-cataluna-cosmopolita-ante-quienes-buscan-un-pais-de-hobbits\\\/#organizationLogo\"},\"image\":{\"@id\":\"https:\\\/\\\/www.eldigitaldeasturias.com\\\/noticias\\\/moragas-reivindica-una-cataluna-cosmopolita-ante-quienes-buscan-un-pais-de-hobbits\\\/#organizationLogo\"},\"sameAs\":[\"https:\\\/\\\/facebook.com\\\/eldigitaldeasturias\",\"https:\\\/\\\/www.youtube.com\\\/channel\\\/UCZP-2wLEB9Rv6erhFmqVnvg\"],\"address\":{\"@id\":\"https:\\\/\\\/www.eldigitaldeasturias.com\\\/noticias\\\/#postaladdress\",\"@type\":\"PostalAddress\",\"streetAddress\":\"san antonio 4\",\"postalCode\":\"33430\",\"addressLocality\":\"Cand\\u00e1s\",\"addressRegion\":\"Asturias\",\"addressCountry\":\"ES\"}},{\"@type\":\"Person\",\"@id\":\"https:\\\/\\\/www.eldigitaldeasturias.com\\\/noticias\\\/author\\\/admin\\\/#author\",\"url\":\"https:\\\/\\\/www.eldigitaldeasturias.com\\\/noticias\\\/author\\\/admin\\\/\",\"name\":\"El Digital de Asturias\",\"image\":{\"@type\":\"ImageObject\",\"@id\":\"https:\\\/\\\/www.eldigitaldeasturias.com\\\/noticias\\\/moragas-reivindica-una-cataluna-cosmopolita-ante-quienes-buscan-un-pais-de-hobbits\\\/#authorImage\",\"url\":\"https:\\\/\\\/secure.gravatar.com\\\/avatar\\\/df2aeffc32bcd13f8d26072ef8a91b623d677766deac7f97ca815868cd41bf5e?s=96&d=mm&r=g\",\"width\":96,\"height\":96,\"caption\":\"El Digital de Asturias\"}},{\"@type\":\"WebPage\",\"@id\":\"https:\\\/\\\/www.eldigitaldeasturias.com\\\/noticias\\\/moragas-reivindica-una-cataluna-cosmopolita-ante-quienes-buscan-un-pais-de-hobbits\\\/#webpage\",\"url\":\"https:\\\/\\\/www.eldigitaldeasturias.com\\\/noticias\\\/moragas-reivindica-una-cataluna-cosmopolita-ante-quienes-buscan-un-pais-de-hobbits\\\/\",\"name\":\"Moragas reivindica una Catalu\\u00f1a cosmopolita ante quienes buscan un \\u00abpa\\u00eds de hobbits\\u00bb - El Digital de Asturias\",\"description\":\"Barcelona, 25 ene (EFE).- El director del Gabinete de la Presidencia del Gobierno, Jorge Moragas, ha reivindicado hoy el \\\"esp\\u00edritu cosmopolita\\\" de Catalu\\u00f1a frente a los intentos de las fuerzas soberanistas de convertir a Catalu\\u00f1a en un \\\"pa\\u00eds de hobbits\\\". En un coloquio durante la Convenci\\u00f3n del PP Catal\\u00e1n en Barcelona, Moragas ha resaltado la\",\"inLanguage\":\"es-ES\",\"isPartOf\":{\"@id\":\"https:\\\/\\\/www.eldigitaldeasturias.com\\\/noticias\\\/#website\"},\"breadcrumb\":{\"@id\":\"https:\\\/\\\/www.eldigitaldeasturias.com\\\/noticias\\\/moragas-reivindica-una-cataluna-cosmopolita-ante-quienes-buscan-un-pais-de-hobbits\\\/#breadcrumblist\"},\"author\":{\"@id\":\"https:\\\/\\\/www.eldigitaldeasturias.com\\\/noticias\\\/author\\\/admin\\\/#author\"},\"creator\":{\"@id\":\"https:\\\/\\\/www.eldigitaldeasturias.com\\\/noticias\\\/author\\\/admin\\\/#author\"},\"image\":{\"@type\":\"ImageObject\",\"url\":\"https:\\\/\\\/www.eldigitaldeasturias.com\\\/noticias\\\/wp-content\\\/uploads\\\/2026\\\/06\\\/Contenidos.jpg\",\"@id\":\"https:\\\/\\\/www.eldigitaldeasturias.com\\\/noticias\\\/moragas-reivindica-una-cataluna-cosmopolita-ante-quienes-buscan-un-pais-de-hobbits\\\/#mainImage\",\"width\":1265,\"height\":697,\"caption\":\"Contenidos\"},\"primaryImageOfPage\":{\"@id\":\"https:\\\/\\\/www.eldigitaldeasturias.com\\\/noticias\\\/moragas-reivindica-una-cataluna-cosmopolita-ante-quienes-buscan-un-pais-de-hobbits\\\/#mainImage\"},\"datePublished\":\"2014-01-25T15:09:10+01:00\",\"dateModified\":\"2014-01-25T15:09:10+01:00\"},{\"@type\":\"WebSite\",\"@id\":\"https:\\\/\\\/www.eldigitaldeasturias.com\\\/noticias\\\/#website\",\"url\":\"https:\\\/\\\/www.eldigitaldeasturias.com\\\/noticias\\\/\",\"name\":\"El Digital de Asturias - Diario de actualidad y noticias\",\"alternateName\":\"El Digital de Asturias - Diario de actualidad y noticias\",\"description\":\"Hemeroteca\",\"inLanguage\":\"es-ES\",\"publisher\":{\"@id\":\"https:\\\/\\\/www.eldigitaldeasturias.com\\\/noticias\\\/#organization\"}}]}\n\t\t<\/script>\n\t\t<!-- All in One SEO Pro -->\r\n\t\t<title>Moragas reivindica una Catalu\u00f1a cosmopolita ante quienes buscan un \u00abpa\u00eds de hobbits\u00bb - El Digital de Asturias<\/title>\n\n","aioseo_head_json":{"title":"Moragas reivindica una Catalu\u00f1a cosmopolita ante quienes buscan un \u00abpa\u00eds de hobbits\u00bb - El Digital de Asturias","description":"Barcelona, 25 ene (EFE).- El director del Gabinete de la Presidencia del Gobierno, Jorge Moragas, ha reivindicado hoy el \"esp\u00edritu cosmopolita\" de Catalu\u00f1a frente a los intentos de las fuerzas soberanistas de convertir a Catalu\u00f1a en un \"pa\u00eds de hobbits\". En un coloquio durante la Convenci\u00f3n del PP Catal\u00e1n en Barcelona, Moragas ha resaltado la","canonical_url":"https:\/\/www.eldigitaldeasturias.com\/noticias\/moragas-reivindica-una-cataluna-cosmopolita-ante-quienes-buscan-un-pais-de-hobbits\/","robots":"max-image-preview:large","keywords":"actualidad","webmasterTools":{"google-site-verification":"UA-38556648-1","msvalidate.01":"7dfe9f3f1b24437ab69f4f2559babe99","miscellaneous":""},"schema":{"@context":"https:\/\/schema.org","@graph":[{"@type":"BlogPosting","@id":"https:\/\/www.eldigitaldeasturias.com\/noticias\/moragas-reivindica-una-cataluna-cosmopolita-ante-quienes-buscan-un-pais-de-hobbits\/#blogposting","name":"Moragas reivindica una Catalu\u00f1a cosmopolita ante quienes buscan un \u00abpa\u00eds de hobbits\u00bb - El Digital de Asturias","headline":"Moragas reivindica una Catalu\u00f1a cosmopolita ante quienes buscan un \u00abpa\u00eds de hobbits\u00bb","author":{"@id":"https:\/\/www.eldigitaldeasturias.com\/noticias\/author\/admin\/#author"},"publisher":{"@id":"https:\/\/www.eldigitaldeasturias.com\/noticias\/#organization"},"image":{"@type":"ImageObject","url":"https:\/\/www.eldigitaldeasturias.com\/noticias\/wp-content\/uploads\/2026\/06\/Contenidos.jpg","width":1265,"height":697,"caption":"Contenidos"},"datePublished":"2014-01-25T15:09:10+01:00","dateModified":"2014-01-25T15:09:10+01:00","inLanguage":"es-ES","mainEntityOfPage":{"@id":"https:\/\/www.eldigitaldeasturias.com\/noticias\/moragas-reivindica-una-cataluna-cosmopolita-ante-quienes-buscan-un-pais-de-hobbits\/#webpage"},"isPartOf":{"@id":"https:\/\/www.eldigitaldeasturias.com\/noticias\/moragas-reivindica-una-cataluna-cosmopolita-ante-quienes-buscan-un-pais-de-hobbits\/#webpage"},"articleSection":"Actualidad"},{"@type":"BreadcrumbList","@id":"https:\/\/www.eldigitaldeasturias.com\/noticias\/moragas-reivindica-una-cataluna-cosmopolita-ante-quienes-buscan-un-pais-de-hobbits\/#breadcrumblist","itemListElement":[{"@type":"ListItem","@id":"https:\/\/www.eldigitaldeasturias.com\/noticias#listItem","position":1,"name":"Home","item":"https:\/\/www.eldigitaldeasturias.com\/noticias","nextItem":{"@type":"ListItem","@id":"https:\/\/www.eldigitaldeasturias.com\/noticias\/category\/actualidad\/#listItem","name":"Actualidad"}},{"@type":"ListItem","@id":"https:\/\/www.eldigitaldeasturias.com\/noticias\/category\/actualidad\/#listItem","position":2,"name":"Actualidad","item":"https:\/\/www.eldigitaldeasturias.com\/noticias\/category\/actualidad\/","nextItem":{"@type":"ListItem","@id":"https:\/\/www.eldigitaldeasturias.com\/noticias\/moragas-reivindica-una-cataluna-cosmopolita-ante-quienes-buscan-un-pais-de-hobbits\/#listItem","name":"Moragas reivindica una Catalu\u00f1a cosmopolita ante quienes buscan un \u00abpa\u00eds de hobbits\u00bb"},"previousItem":{"@type":"ListItem","@id":"https:\/\/www.eldigitaldeasturias.com\/noticias#listItem","name":"Home"}},{"@type":"ListItem","@id":"https:\/\/www.eldigitaldeasturias.com\/noticias\/moragas-reivindica-una-cataluna-cosmopolita-ante-quienes-buscan-un-pais-de-hobbits\/#listItem","position":3,"name":"Moragas reivindica una Catalu\u00f1a cosmopolita ante quienes buscan un \u00abpa\u00eds de hobbits\u00bb","previousItem":{"@type":"ListItem","@id":"https:\/\/www.eldigitaldeasturias.com\/noticias\/category\/actualidad\/#listItem","name":"Actualidad"}}]},{"@type":"Organization","@id":"https:\/\/www.eldigitaldeasturias.com\/noticias\/#organization","name":"El Digital de Asturias","description":"Hemeroteca","url":"https:\/\/www.eldigitaldeasturias.com\/noticias\/","email":"info@eldigitaldeasturias.com","telephone":"+34652131393","logo":{"@type":"ImageObject","url":"https:\/\/www.eldigitaldeasturias.com\/noticias\/wp-content\/uploads\/2020\/12\/EDA.jpg","@id":"https:\/\/www.eldigitaldeasturias.com\/noticias\/moragas-reivindica-una-cataluna-cosmopolita-ante-quienes-buscan-un-pais-de-hobbits\/#organizationLogo"},"image":{"@id":"https:\/\/www.eldigitaldeasturias.com\/noticias\/moragas-reivindica-una-cataluna-cosmopolita-ante-quienes-buscan-un-pais-de-hobbits\/#organizationLogo"},"sameAs":["https:\/\/facebook.com\/eldigitaldeasturias","https:\/\/www.youtube.com\/channel\/UCZP-2wLEB9Rv6erhFmqVnvg"],"address":{"@id":"https:\/\/www.eldigitaldeasturias.com\/noticias\/#postaladdress","@type":"PostalAddress","streetAddress":"san antonio 4","postalCode":"33430","addressLocality":"Cand\u00e1s","addressRegion":"Asturias","addressCountry":"ES"}},{"@type":"Person","@id":"https:\/\/www.eldigitaldeasturias.com\/noticias\/author\/admin\/#author","url":"https:\/\/www.eldigitaldeasturias.com\/noticias\/author\/admin\/","name":"El Digital de Asturias","image":{"@type":"ImageObject","@id":"https:\/\/www.eldigitaldeasturias.com\/noticias\/moragas-reivindica-una-cataluna-cosmopolita-ante-quienes-buscan-un-pais-de-hobbits\/#authorImage","url":"https:\/\/secure.gravatar.com\/avatar\/df2aeffc32bcd13f8d26072ef8a91b623d677766deac7f97ca815868cd41bf5e?s=96&d=mm&r=g","width":96,"height":96,"caption":"El Digital de Asturias"}},{"@type":"WebPage","@id":"https:\/\/www.eldigitaldeasturias.com\/noticias\/moragas-reivindica-una-cataluna-cosmopolita-ante-quienes-buscan-un-pais-de-hobbits\/#webpage","url":"https:\/\/www.eldigitaldeasturias.com\/noticias\/moragas-reivindica-una-cataluna-cosmopolita-ante-quienes-buscan-un-pais-de-hobbits\/","name":"Moragas reivindica una Catalu\u00f1a cosmopolita ante quienes buscan un \u00abpa\u00eds de hobbits\u00bb - El Digital de Asturias","description":"Barcelona, 25 ene (EFE).- El director del Gabinete de la Presidencia del Gobierno, Jorge Moragas, ha reivindicado hoy el \"esp\u00edritu cosmopolita\" de Catalu\u00f1a frente a los intentos de las fuerzas soberanistas de convertir a Catalu\u00f1a en un \"pa\u00eds de hobbits\". En un coloquio durante la Convenci\u00f3n del PP Catal\u00e1n en Barcelona, Moragas ha resaltado la","inLanguage":"es-ES","isPartOf":{"@id":"https:\/\/www.eldigitaldeasturias.com\/noticias\/#website"},"breadcrumb":{"@id":"https:\/\/www.eldigitaldeasturias.com\/noticias\/moragas-reivindica-una-cataluna-cosmopolita-ante-quienes-buscan-un-pais-de-hobbits\/#breadcrumblist"},"author":{"@id":"https:\/\/www.eldigitaldeasturias.com\/noticias\/author\/admin\/#author"},"creator":{"@id":"https:\/\/www.eldigitaldeasturias.com\/noticias\/author\/admin\/#author"},"image":{"@type":"ImageObject","url":"https:\/\/www.eldigitaldeasturias.com\/noticias\/wp-content\/uploads\/2026\/06\/Contenidos.jpg","@id":"https:\/\/www.eldigitaldeasturias.com\/noticias\/moragas-reivindica-una-cataluna-cosmopolita-ante-quienes-buscan-un-pais-de-hobbits\/#mainImage","width":1265,"height":697,"caption":"Contenidos"},"primaryImageOfPage":{"@id":"https:\/\/www.eldigitaldeasturias.com\/noticias\/moragas-reivindica-una-cataluna-cosmopolita-ante-quienes-buscan-un-pais-de-hobbits\/#mainImage"},"datePublished":"2014-01-25T15:09:10+01:00","dateModified":"2014-01-25T15:09:10+01:00"},{"@type":"WebSite","@id":"https:\/\/www.eldigitaldeasturias.com\/noticias\/#website","url":"https:\/\/www.eldigitaldeasturias.com\/noticias\/","name":"El Digital de Asturias - Diario de actualidad y noticias","alternateName":"El Digital de Asturias - Diario de actualidad y noticias","description":"Hemeroteca","inLanguage":"es-ES","publisher":{"@id":"https:\/\/www.eldigitaldeasturias.com\/noticias\/#organization"}}]},"og:locale":"es_ES","og:site_name":"El Digital de Asturias","og:type":"article","og:title":"Moragas reivindica una Catalu\u00f1a cosmopolita ante quienes buscan un \u00abpa\u00eds de hobbits\u00bb - El Digital de Asturias","og:description":"Barcelona, 25 ene (EFE).- El director del Gabinete de la Presidencia del Gobierno, Jorge Moragas, ha reivindicado hoy el &quot;esp\u00edritu cosmopolita&quot; de Catalu\u00f1a frente a los intentos de las fuerzas soberanistas de convertir a Catalu\u00f1a en un &quot;pa\u00eds de hobbits&quot;. En un coloquio durante la Convenci\u00f3n del PP Catal\u00e1n en Barcelona, Moragas ha resaltado la","og:url":"https:\/\/www.eldigitaldeasturias.com\/noticias\/moragas-reivindica-una-cataluna-cosmopolita-ante-quienes-buscan-un-pais-de-hobbits\/","og:image":"https:\/\/www.eldigitaldeasturias.com\/noticias\/wp-content\/uploads\/2026\/06\/Contenidos.jpg","og:image:secure_url":"https:\/\/www.eldigitaldeasturias.com\/noticias\/wp-content\/uploads\/2026\/06\/Contenidos.jpg","og:image:width":1265,"og:image:height":697,"article:tag":["actualidad"],"article:published_time":"2014-01-25T16:09:10+00:00","article:modified_time":"2014-01-25T16:09:10+00:00","article:publisher":"https:\/\/facebook.com\/eldigitaldeasturias","twitter:card":"summary_large_image","twitter:title":"Moragas reivindica una Catalu\u00f1a cosmopolita ante quienes buscan un \u00abpa\u00eds de hobbits\u00bb - El Digital de Asturias","twitter:description":"Barcelona, 25 ene (EFE).- El director del Gabinete de la Presidencia del Gobierno, Jorge Moragas, ha reivindicado hoy el &quot;esp\u00edritu cosmopolita&quot; de Catalu\u00f1a frente a los intentos de las fuerzas soberanistas de convertir a Catalu\u00f1a en un &quot;pa\u00eds de hobbits&quot;. En un coloquio durante la Convenci\u00f3n del PP Catal\u00e1n en Barcelona, Moragas ha resaltado la","twitter:image":"https:\/\/www.eldigitaldeasturias.com\/noticias\/wp-content\/uploads\/2026\/06\/Contenidos.jpg","twitter:label1":"Escrito por","twitter:data1":"El Digital de Asturias","twitter:label2":"Tiempo de lectura estimado","twitter:data2":"3 minutos"},"aioseo_meta_data":{"post_id":"478731","title":null,"description":null,"keywords":null,"keyphrases":null,"primary_term":null,"canonical_url":null,"og_title":null,"og_description":null,"og_object_type":"default","og_image_type":"default","og_image_url":null,"og_image_width":null,"og_image_height":null,"og_image_custom_url":null,"og_image_custom_fields":null,"og_video":null,"og_custom_url":null,"og_article_section":null,"og_article_tags":null,"twitter_use_og":true,"twitter_card":"default","twitter_image_type":"default","twitter_image_url":null,"twitter_image_custom_url":null,"twitter_image_custom_fields":null,"twitter_title":null,"twitter_description":null,"schema":{"blockGraphs":[],"customGraphs":[],"default":{"data":{"Article":[],"Course":[],"Dataset":[],"FAQPage":[],"Movie":[],"Person":[],"Product":[],"ProductReview":[],"Car":[],"Recipe":[],"Service":[],"SoftwareApplication":[],"WebPage":[]},"graphName":"","isEnabled":true},"graphs":[],"defaultGraph":"","defaultPostTypeGraph":""},"schema_type":null,"schema_type_options":null,"pillar_content":false,"robots_default":true,"robots_noindex":false,"robots_noarchive":false,"robots_nosnippet":false,"robots_nofollow":false,"robots_noimageindex":false,"robots_noodp":false,"robots_notranslate":false,"robots_max_snippet":null,"robots_max_videopreview":null,"robots_max_imagepreview":"none","priority":null,"frequency":null,"local_seo":null,"seo_analyzer_scan_date":"2026-06-01 22:23:11","breadcrumb_settings":null,"limit_modified_date":false,"open_ai":null,"ai":null,"created":"2020-11-14 22:53:57","updated":"2026-06-01 22:23:11","focus_keyword":null,"additional_keywords":null,"truseo_locale":null},"aioseo_breadcrumb":"<div class=\"aioseo-breadcrumbs\"><span class=\"aioseo-breadcrumb\">\n\t<a href=\"https:\/\/www.eldigitaldeasturias.com\/noticias\" title=\"Home\">Home<\/a>\n<\/span><span class=\"aioseo-breadcrumb-separator\">\u2013<\/span><span class=\"aioseo-breadcrumb\">\n\t<a href=\"https:\/\/www.eldigitaldeasturias.com\/noticias\/category\/actualidad\/\" title=\"Actualidad\">Actualidad<\/a>\n<\/span><span class=\"aioseo-breadcrumb-separator\">\u2013<\/span><span class=\"aioseo-breadcrumb\">\n\t<a href=\"https:\/\/www.eldigitaldeasturias.com\/noticias\/moragas-reivindica-una-cataluna-cosmopolita-ante-quienes-buscan-un-pais-de-hobbits\/\" title=\"Moragas reivindica una Catalu\u00f1a cosmopolita ante quienes buscan un \u00abpa\u00eds de hobbits\u00bb\">Moragas reivindica una Catalu\u00f1a cosmopolita ante quienes buscan un \u00abpa\u00eds de hobbits\u00bb<\/a>\n<\/span><\/div>","aioseo_breadcrumb_json":[{"label":"Home","link":"https:\/\/www.eldigitaldeasturias.com\/noticias"},{"label":"Actualidad","link":"https:\/\/www.eldigitaldeasturias.com\/noticias\/category\/actualidad\/"},{"label":"Moragas reivindica una Catalu\u00f1a cosmopolita ante quienes buscan un \u00abpa\u00eds de hobbits\u00bb","link":"https:\/\/www.eldigitaldeasturias.com\/noticias\/moragas-reivindica-una-cataluna-cosmopolita-ante-quienes-buscan-un-pais-de-hobbits\/"}],"_links":{"self":[{"href":"https:\/\/www.eldigitaldeasturias.com\/noticias\/wp-json\/wp\/v2\/posts\/478731","targetHints":{"allow":["GET"]}}],"collection":[{"href":"https:\/\/www.eldigitaldeasturias.com\/noticias\/wp-json\/wp\/v2\/posts"}],"about":[{"href":"https:\/\/www.eldigitaldeasturias.com\/noticias\/wp-json\/wp\/v2\/types\/post"}],"author":[{"embeddable":true,"href":"https:\/\/www.eldigitaldeasturias.com\/noticias\/wp-json\/wp\/v2\/users\/1"}],"replies":[{"embeddable":true,"href":"https:\/\/www.eldigitaldeasturias.com\/noticias\/wp-json\/wp\/v2\/comments?post=478731"}],"version-history":[{"count":0,"href":"https:\/\/www.eldigitaldeasturias.com\/noticias\/wp-json\/wp\/v2\/posts\/478731\/revisions"}],"wp:featuredmedia":[{"embeddable":true,"href":"https:\/\/www.eldigitaldeasturias.com\/noticias\/wp-json\/wp\/v2\/media\/1132184"}],"wp:attachment":[{"href":"https:\/\/www.eldigitaldeasturias.com\/noticias\/wp-json\/wp\/v2\/media?parent=478731"}],"wp:term":[{"taxonomy":"category","embeddable":true,"href":"https:\/\/www.eldigitaldeasturias.com\/noticias\/wp-json\/wp\/v2\/categories?post=478731"},{"taxonomy":"post_tag","embeddable":true,"href":"https:\/\/www.eldigitaldeasturias.com\/noticias\/wp-json\/wp\/v2\/tags?post=478731"}],"curies":[{"name":"wp","href":"https:\/\/api.w.org\/{rel}","templated":true}]}}