{"id":478725,"date":"2014-01-25T15:00:31","date_gmt":"2014-01-25T16:00:31","guid":{"rendered":"http:\/\/www.eldigitaldeasturias.com\/noticias\/?p=478725"},"modified":"2014-01-25T15:00:31","modified_gmt":"2014-01-25T16:00:31","slug":"bosch-de-erc-recrimina-al-pp-hacer-un-aquelarre-del-miedo-en-barcelona","status":"publish","type":"post","link":"https:\/\/www.eldigitaldeasturias.com\/noticias\/bosch-de-erc-recrimina-al-pp-hacer-un-aquelarre-del-miedo-en-barcelona\/","title":{"rendered":"Bosch, de ERC, recrimina al PP hacer \u00abun aquelarre del miedo\u00bb en Barcelona"},"content":{"rendered":"<p><img loading=\"lazy\" decoding=\"async\" class=\"alignleft size-medium wp-image-478726\" alt=\"5875933w\" src=\"https:\/\/www.eldigitaldeasturias.com\/noticias\/wp-content\/uploads\/2014\/01\/5875933w-360x231.jpg\" width=\"360\" height=\"231\" \/>Barcelona, 25 ene (EFE).- El portavoz de ERC en el Congreso de los Diputados, Alfred Bosch, ha acusado hoy al PP de hacer \u00abun aquelarre del miedo en Barcelona, en contra de la democracia\u00bb, con su convenci\u00f3n que celebra desde ayer y que hoy clausura Mariano Rajoy.<\/p>\n<p>El diputado de ERC, en declaraciones a los medios, considera que el PP \u00abtiene toda la libertad para venir a hacer un aquelarre del miedo en Barcelona y en contra de la democracia e invitar si quiere a los cuatro jinetes del apocalipsis\u00bb.<\/p>\n<p>\u00abPero nosotros -ha a\u00f1adido- tenemos toda la libertad del mundo de tirar adelante, de no sentirnos seducidos y continuar construyendo nuestro futuro\u00bb.<\/p>\n<p>Sobre el anuncio realizado ayer por el ministro Crist\u00f3bal Montoro de cambiar el m\u00e9todo de c\u00e1lculo de las balanzas fiscales, Bosch ha ironizado que el ministro de Hacienda \u00abdemuestra una vez m\u00e1s que es marxista de la rama de Groucho Marx\u00bb.<\/p>\n<p>El diputado catal\u00e1n ha propuesto que cuatro premios Nobel de econom\u00eda, \u00abgente de indudable prestigio\u00bb, sean los que avalen el sistema de c\u00e1lculo de las balanzas y \u00abtodos nos sometamos a lo que digan estos expertos, ya es suficiente de esta broma pesada de cambios los principios de c\u00e1lculo porque no le gustan los resultados al se\u00f1or Montoro\u00bb.<\/p>\n<p>Bosch tambi\u00e9n ha opinado sobre las informaciones de hoy relacionadas con Gibraltar y ha defendido las buenas relaciones de su partido con los gibraltare\u00f1os y ha anunciado que \u00abno defenderemos nunca el \u00fanico muro fronterizo que queda en Europa. Nosotros queremos que las l\u00edneas del mapa no separen a la gente, que sean l\u00edneas permeables de intercambio\u00bb.<\/p>\n","protected":false},"excerpt":{"rendered":"<p>Barcelona, 25 ene (EFE).- El portavoz de ERC en el Congreso de los Diputados, Alfred Bosch, ha acusado hoy al PP de hacer \u00abun aquelarre del miedo en Barcelona, en contra de la democracia\u00bb, con su convenci\u00f3n que celebra desde ayer y que hoy clausura Mariano Rajoy. El diputado de ERC, en declaraciones a los [&hellip;]<\/p>\n","protected":false},"author":1,"featured_media":1132184,"comment_status":"closed","ping_status":"open","sticky":false,"template":"","format":"standard","meta":{"footnotes":""},"categories":[1],"tags":[],"class_list":["post-478725","post","type-post","status-publish","format-standard","has-post-thumbnail","hentry","category-actualidad"],"aioseo_notices":[],"aioseo_head":"\n\t\t<!-- All in One SEO Pro 5.0.1 - aioseo.com -->\n\t<meta name=\"description\" content=\"Barcelona, 25 ene (EFE).- El portavoz de ERC en el Congreso de los Diputados, Alfred Bosch, ha acusado hoy al PP de hacer &quot;un aquelarre del miedo en Barcelona, en contra de la democracia&quot;, con su convenci\u00f3n que celebra desde ayer y que hoy clausura Mariano Rajoy. El diputado de ERC, en declaraciones a los\" \/>\n\t<meta name=\"robots\" content=\"max-image-preview:large\" \/>\n\t<meta name=\"author\" content=\"El Digital de Asturias\"\/>\n\t<meta name=\"google-site-verification\" content=\"UA-38556648-1\" \/>\n\t<meta name=\"msvalidate.01\" content=\"7dfe9f3f1b24437ab69f4f2559babe99\" \/>\n\t<meta name=\"keywords\" content=\"actualidad\" \/>\n\t<link rel=\"canonical\" href=\"https:\/\/www.eldigitaldeasturias.com\/noticias\/bosch-de-erc-recrimina-al-pp-hacer-un-aquelarre-del-miedo-en-barcelona\/\" \/>\n\t<meta name=\"generator\" content=\"All in One SEO Pro (AIOSEO) 5.0.1\" \/>\n\t\t<meta property=\"og:locale\" content=\"es_ES\" \/>\n\t\t<meta property=\"og:site_name\" content=\"El Digital de Asturias\" \/>\n\t\t<meta property=\"og:type\" content=\"article\" \/>\n\t\t<meta property=\"og:title\" content=\"Bosch, de ERC, recrimina al PP hacer \u00abun aquelarre del miedo\u00bb en Barcelona - El Digital de Asturias\" \/>\n\t\t<meta property=\"og:description\" content=\"Barcelona, 25 ene (EFE).- El portavoz de ERC en el Congreso de los Diputados, Alfred Bosch, ha acusado hoy al PP de hacer &quot;un aquelarre del miedo en Barcelona, en contra de la democracia&quot;, con su convenci\u00f3n que celebra desde ayer y que hoy clausura Mariano Rajoy. El diputado de ERC, en declaraciones a los\" \/>\n\t\t<meta property=\"og:url\" content=\"https:\/\/www.eldigitaldeasturias.com\/noticias\/bosch-de-erc-recrimina-al-pp-hacer-un-aquelarre-del-miedo-en-barcelona\/\" \/>\n\t\t<meta property=\"og:image\" content=\"https:\/\/www.eldigitaldeasturias.com\/noticias\/wp-content\/uploads\/2026\/06\/Contenidos.jpg\" \/>\n\t\t<meta property=\"og:image:secure_url\" content=\"https:\/\/www.eldigitaldeasturias.com\/noticias\/wp-content\/uploads\/2026\/06\/Contenidos.jpg\" \/>\n\t\t<meta property=\"og:image:width\" content=\"1265\" \/>\n\t\t<meta property=\"og:image:height\" content=\"697\" \/>\n\t\t<meta property=\"article:tag\" content=\"actualidad\" \/>\n\t\t<meta property=\"article:published_time\" content=\"2014-01-25T16:00:31+00:00\" \/>\n\t\t<meta property=\"article:modified_time\" content=\"2014-01-25T16:00:31+00:00\" \/>\n\t\t<meta property=\"article:publisher\" content=\"https:\/\/facebook.com\/eldigitaldeasturias\" \/>\n\t\t<meta name=\"twitter:card\" content=\"summary_large_image\" \/>\n\t\t<meta name=\"twitter:title\" content=\"Bosch, de ERC, recrimina al PP hacer \u00abun aquelarre del miedo\u00bb en Barcelona - El Digital de Asturias\" \/>\n\t\t<meta name=\"twitter:description\" content=\"Barcelona, 25 ene (EFE).- El portavoz de ERC en el Congreso de los Diputados, Alfred Bosch, ha acusado hoy al PP de hacer &quot;un aquelarre del miedo en Barcelona, en contra de la democracia&quot;, con su convenci\u00f3n que celebra desde ayer y que hoy clausura Mariano Rajoy. El diputado de ERC, en declaraciones a los\" \/>\n\t\t<meta name=\"twitter:image\" content=\"https:\/\/www.eldigitaldeasturias.com\/noticias\/wp-content\/uploads\/2026\/06\/Contenidos.jpg\" \/>\n\t\t<meta name=\"twitter:label1\" content=\"Escrito por\" \/>\n\t\t<meta name=\"twitter:data1\" content=\"El Digital de Asturias\" \/>\n\t\t<meta name=\"twitter:label2\" content=\"Tiempo de lectura estimado\" \/>\n\t\t<meta name=\"twitter:data2\" content=\"1 minuto\" \/>\n\t\t<script type=\"application\/ld+json\" class=\"aioseo-schema\">\n\t\t\t{\"@context\":\"https:\\\/\\\/schema.org\",\"@graph\":[{\"@type\":\"BlogPosting\",\"@id\":\"https:\\\/\\\/www.eldigitaldeasturias.com\\\/noticias\\\/bosch-de-erc-recrimina-al-pp-hacer-un-aquelarre-del-miedo-en-barcelona\\\/#blogposting\",\"name\":\"Bosch, de ERC, recrimina al PP hacer \\u00abun aquelarre del miedo\\u00bb en Barcelona - El Digital de Asturias\",\"headline\":\"Bosch, de ERC, recrimina al PP hacer \\u00abun aquelarre del miedo\\u00bb en Barcelona\",\"author\":{\"@id\":\"https:\\\/\\\/www.eldigitaldeasturias.com\\\/noticias\\\/author\\\/admin\\\/#author\"},\"publisher\":{\"@id\":\"https:\\\/\\\/www.eldigitaldeasturias.com\\\/noticias\\\/#organization\"},\"image\":{\"@type\":\"ImageObject\",\"url\":\"https:\\\/\\\/www.eldigitaldeasturias.com\\\/noticias\\\/wp-content\\\/uploads\\\/2026\\\/06\\\/Contenidos.jpg\",\"width\":1265,\"height\":697,\"caption\":\"Contenidos\"},\"datePublished\":\"2014-01-25T15:00:31+01:00\",\"dateModified\":\"2014-01-25T15:00:31+01:00\",\"inLanguage\":\"es-ES\",\"mainEntityOfPage\":{\"@id\":\"https:\\\/\\\/www.eldigitaldeasturias.com\\\/noticias\\\/bosch-de-erc-recrimina-al-pp-hacer-un-aquelarre-del-miedo-en-barcelona\\\/#webpage\"},\"isPartOf\":{\"@id\":\"https:\\\/\\\/www.eldigitaldeasturias.com\\\/noticias\\\/bosch-de-erc-recrimina-al-pp-hacer-un-aquelarre-del-miedo-en-barcelona\\\/#webpage\"},\"articleSection\":\"Actualidad\"},{\"@type\":\"BreadcrumbList\",\"@id\":\"https:\\\/\\\/www.eldigitaldeasturias.com\\\/noticias\\\/bosch-de-erc-recrimina-al-pp-hacer-un-aquelarre-del-miedo-en-barcelona\\\/#breadcrumblist\",\"itemListElement\":[{\"@type\":\"ListItem\",\"@id\":\"https:\\\/\\\/www.eldigitaldeasturias.com\\\/noticias#listItem\",\"position\":1,\"name\":\"Home\",\"item\":\"https:\\\/\\\/www.eldigitaldeasturias.com\\\/noticias\",\"nextItem\":{\"@type\":\"ListItem\",\"@id\":\"https:\\\/\\\/www.eldigitaldeasturias.com\\\/noticias\\\/category\\\/actualidad\\\/#listItem\",\"name\":\"Actualidad\"}},{\"@type\":\"ListItem\",\"@id\":\"https:\\\/\\\/www.eldigitaldeasturias.com\\\/noticias\\\/category\\\/actualidad\\\/#listItem\",\"position\":2,\"name\":\"Actualidad\",\"item\":\"https:\\\/\\\/www.eldigitaldeasturias.com\\\/noticias\\\/category\\\/actualidad\\\/\",\"nextItem\":{\"@type\":\"ListItem\",\"@id\":\"https:\\\/\\\/www.eldigitaldeasturias.com\\\/noticias\\\/bosch-de-erc-recrimina-al-pp-hacer-un-aquelarre-del-miedo-en-barcelona\\\/#listItem\",\"name\":\"Bosch, de ERC, recrimina al PP hacer \\u00abun aquelarre del miedo\\u00bb en Barcelona\"},\"previousItem\":{\"@type\":\"ListItem\",\"@id\":\"https:\\\/\\\/www.eldigitaldeasturias.com\\\/noticias#listItem\",\"name\":\"Home\"}},{\"@type\":\"ListItem\",\"@id\":\"https:\\\/\\\/www.eldigitaldeasturias.com\\\/noticias\\\/bosch-de-erc-recrimina-al-pp-hacer-un-aquelarre-del-miedo-en-barcelona\\\/#listItem\",\"position\":3,\"name\":\"Bosch, de ERC, recrimina al PP hacer \\u00abun aquelarre del miedo\\u00bb en Barcelona\",\"previousItem\":{\"@type\":\"ListItem\",\"@id\":\"https:\\\/\\\/www.eldigitaldeasturias.com\\\/noticias\\\/category\\\/actualidad\\\/#listItem\",\"name\":\"Actualidad\"}}]},{\"@type\":\"Organization\",\"@id\":\"https:\\\/\\\/www.eldigitaldeasturias.com\\\/noticias\\\/#organization\",\"name\":\"El Digital de Asturias\",\"description\":\"Hemeroteca\",\"url\":\"https:\\\/\\\/www.eldigitaldeasturias.com\\\/noticias\\\/\",\"email\":\"info@eldigitaldeasturias.com\",\"telephone\":\"+34652131393\",\"logo\":{\"@type\":\"ImageObject\",\"url\":\"https:\\\/\\\/www.eldigitaldeasturias.com\\\/noticias\\\/wp-content\\\/uploads\\\/2020\\\/12\\\/EDA.jpg\",\"@id\":\"https:\\\/\\\/www.eldigitaldeasturias.com\\\/noticias\\\/bosch-de-erc-recrimina-al-pp-hacer-un-aquelarre-del-miedo-en-barcelona\\\/#organizationLogo\"},\"image\":{\"@id\":\"https:\\\/\\\/www.eldigitaldeasturias.com\\\/noticias\\\/bosch-de-erc-recrimina-al-pp-hacer-un-aquelarre-del-miedo-en-barcelona\\\/#organizationLogo\"},\"sameAs\":[\"https:\\\/\\\/facebook.com\\\/eldigitaldeasturias\",\"https:\\\/\\\/www.youtube.com\\\/channel\\\/UCZP-2wLEB9Rv6erhFmqVnvg\"],\"address\":{\"@id\":\"https:\\\/\\\/www.eldigitaldeasturias.com\\\/noticias\\\/#postaladdress\",\"@type\":\"PostalAddress\",\"streetAddress\":\"san antonio 4\",\"postalCode\":\"33430\",\"addressLocality\":\"Cand\\u00e1s\",\"addressRegion\":\"Asturias\",\"addressCountry\":\"ES\"}},{\"@type\":\"Person\",\"@id\":\"https:\\\/\\\/www.eldigitaldeasturias.com\\\/noticias\\\/author\\\/admin\\\/#author\",\"url\":\"https:\\\/\\\/www.eldigitaldeasturias.com\\\/noticias\\\/author\\\/admin\\\/\",\"name\":\"El Digital de Asturias\",\"image\":{\"@type\":\"ImageObject\",\"@id\":\"https:\\\/\\\/www.eldigitaldeasturias.com\\\/noticias\\\/bosch-de-erc-recrimina-al-pp-hacer-un-aquelarre-del-miedo-en-barcelona\\\/#authorImage\",\"url\":\"https:\\\/\\\/secure.gravatar.com\\\/avatar\\\/df2aeffc32bcd13f8d26072ef8a91b623d677766deac7f97ca815868cd41bf5e?s=96&d=mm&r=g\",\"width\":96,\"height\":96,\"caption\":\"El Digital de Asturias\"}},{\"@type\":\"WebPage\",\"@id\":\"https:\\\/\\\/www.eldigitaldeasturias.com\\\/noticias\\\/bosch-de-erc-recrimina-al-pp-hacer-un-aquelarre-del-miedo-en-barcelona\\\/#webpage\",\"url\":\"https:\\\/\\\/www.eldigitaldeasturias.com\\\/noticias\\\/bosch-de-erc-recrimina-al-pp-hacer-un-aquelarre-del-miedo-en-barcelona\\\/\",\"name\":\"Bosch, de ERC, recrimina al PP hacer \\u00abun aquelarre del miedo\\u00bb en Barcelona - El Digital de Asturias\",\"description\":\"Barcelona, 25 ene (EFE).- El portavoz de ERC en el Congreso de los Diputados, Alfred Bosch, ha acusado hoy al PP de hacer \\\"un aquelarre del miedo en Barcelona, en contra de la democracia\\\", con su convenci\\u00f3n que celebra desde ayer y que hoy clausura Mariano Rajoy. El diputado de ERC, en declaraciones a los\",\"inLanguage\":\"es-ES\",\"isPartOf\":{\"@id\":\"https:\\\/\\\/www.eldigitaldeasturias.com\\\/noticias\\\/#website\"},\"breadcrumb\":{\"@id\":\"https:\\\/\\\/www.eldigitaldeasturias.com\\\/noticias\\\/bosch-de-erc-recrimina-al-pp-hacer-un-aquelarre-del-miedo-en-barcelona\\\/#breadcrumblist\"},\"author\":{\"@id\":\"https:\\\/\\\/www.eldigitaldeasturias.com\\\/noticias\\\/author\\\/admin\\\/#author\"},\"creator\":{\"@id\":\"https:\\\/\\\/www.eldigitaldeasturias.com\\\/noticias\\\/author\\\/admin\\\/#author\"},\"image\":{\"@type\":\"ImageObject\",\"url\":\"https:\\\/\\\/www.eldigitaldeasturias.com\\\/noticias\\\/wp-content\\\/uploads\\\/2026\\\/06\\\/Contenidos.jpg\",\"@id\":\"https:\\\/\\\/www.eldigitaldeasturias.com\\\/noticias\\\/bosch-de-erc-recrimina-al-pp-hacer-un-aquelarre-del-miedo-en-barcelona\\\/#mainImage\",\"width\":1265,\"height\":697,\"caption\":\"Contenidos\"},\"primaryImageOfPage\":{\"@id\":\"https:\\\/\\\/www.eldigitaldeasturias.com\\\/noticias\\\/bosch-de-erc-recrimina-al-pp-hacer-un-aquelarre-del-miedo-en-barcelona\\\/#mainImage\"},\"datePublished\":\"2014-01-25T15:00:31+01:00\",\"dateModified\":\"2014-01-25T15:00:31+01:00\"},{\"@type\":\"WebSite\",\"@id\":\"https:\\\/\\\/www.eldigitaldeasturias.com\\\/noticias\\\/#website\",\"url\":\"https:\\\/\\\/www.eldigitaldeasturias.com\\\/noticias\\\/\",\"name\":\"El Digital de Asturias - Diario de actualidad y noticias\",\"alternateName\":\"El Digital de Asturias - Diario de actualidad y noticias\",\"description\":\"Hemeroteca\",\"inLanguage\":\"es-ES\",\"publisher\":{\"@id\":\"https:\\\/\\\/www.eldigitaldeasturias.com\\\/noticias\\\/#organization\"}}]}\n\t\t<\/script>\n\t\t<!-- All in One SEO Pro -->\r\n\t\t<title>Bosch, de ERC, recrimina al PP hacer \u00abun aquelarre del miedo\u00bb en Barcelona - El Digital de Asturias<\/title>\n\n","aioseo_head_json":{"title":"Bosch, de ERC, recrimina al PP hacer \u00abun aquelarre del miedo\u00bb en Barcelona - El Digital de Asturias","description":"Barcelona, 25 ene (EFE).- El portavoz de ERC en el Congreso de los Diputados, Alfred Bosch, ha acusado hoy al PP de hacer \"un aquelarre del miedo en Barcelona, en contra de la democracia\", con su convenci\u00f3n que celebra desde ayer y que hoy clausura Mariano Rajoy. El diputado de ERC, en declaraciones a los","canonical_url":"https:\/\/www.eldigitaldeasturias.com\/noticias\/bosch-de-erc-recrimina-al-pp-hacer-un-aquelarre-del-miedo-en-barcelona\/","robots":"max-image-preview:large","keywords":"actualidad","webmasterTools":{"google-site-verification":"UA-38556648-1","msvalidate.01":"7dfe9f3f1b24437ab69f4f2559babe99","miscellaneous":""},"schema":{"@context":"https:\/\/schema.org","@graph":[{"@type":"BlogPosting","@id":"https:\/\/www.eldigitaldeasturias.com\/noticias\/bosch-de-erc-recrimina-al-pp-hacer-un-aquelarre-del-miedo-en-barcelona\/#blogposting","name":"Bosch, de ERC, recrimina al PP hacer \u00abun aquelarre del miedo\u00bb en Barcelona - El Digital de Asturias","headline":"Bosch, de ERC, recrimina al PP hacer \u00abun aquelarre del miedo\u00bb en Barcelona","author":{"@id":"https:\/\/www.eldigitaldeasturias.com\/noticias\/author\/admin\/#author"},"publisher":{"@id":"https:\/\/www.eldigitaldeasturias.com\/noticias\/#organization"},"image":{"@type":"ImageObject","url":"https:\/\/www.eldigitaldeasturias.com\/noticias\/wp-content\/uploads\/2026\/06\/Contenidos.jpg","width":1265,"height":697,"caption":"Contenidos"},"datePublished":"2014-01-25T15:00:31+01:00","dateModified":"2014-01-25T15:00:31+01:00","inLanguage":"es-ES","mainEntityOfPage":{"@id":"https:\/\/www.eldigitaldeasturias.com\/noticias\/bosch-de-erc-recrimina-al-pp-hacer-un-aquelarre-del-miedo-en-barcelona\/#webpage"},"isPartOf":{"@id":"https:\/\/www.eldigitaldeasturias.com\/noticias\/bosch-de-erc-recrimina-al-pp-hacer-un-aquelarre-del-miedo-en-barcelona\/#webpage"},"articleSection":"Actualidad"},{"@type":"BreadcrumbList","@id":"https:\/\/www.eldigitaldeasturias.com\/noticias\/bosch-de-erc-recrimina-al-pp-hacer-un-aquelarre-del-miedo-en-barcelona\/#breadcrumblist","itemListElement":[{"@type":"ListItem","@id":"https:\/\/www.eldigitaldeasturias.com\/noticias#listItem","position":1,"name":"Home","item":"https:\/\/www.eldigitaldeasturias.com\/noticias","nextItem":{"@type":"ListItem","@id":"https:\/\/www.eldigitaldeasturias.com\/noticias\/category\/actualidad\/#listItem","name":"Actualidad"}},{"@type":"ListItem","@id":"https:\/\/www.eldigitaldeasturias.com\/noticias\/category\/actualidad\/#listItem","position":2,"name":"Actualidad","item":"https:\/\/www.eldigitaldeasturias.com\/noticias\/category\/actualidad\/","nextItem":{"@type":"ListItem","@id":"https:\/\/www.eldigitaldeasturias.com\/noticias\/bosch-de-erc-recrimina-al-pp-hacer-un-aquelarre-del-miedo-en-barcelona\/#listItem","name":"Bosch, de ERC, recrimina al PP hacer \u00abun aquelarre del miedo\u00bb en Barcelona"},"previousItem":{"@type":"ListItem","@id":"https:\/\/www.eldigitaldeasturias.com\/noticias#listItem","name":"Home"}},{"@type":"ListItem","@id":"https:\/\/www.eldigitaldeasturias.com\/noticias\/bosch-de-erc-recrimina-al-pp-hacer-un-aquelarre-del-miedo-en-barcelona\/#listItem","position":3,"name":"Bosch, de ERC, recrimina al PP hacer \u00abun aquelarre del miedo\u00bb en Barcelona","previousItem":{"@type":"ListItem","@id":"https:\/\/www.eldigitaldeasturias.com\/noticias\/category\/actualidad\/#listItem","name":"Actualidad"}}]},{"@type":"Organization","@id":"https:\/\/www.eldigitaldeasturias.com\/noticias\/#organization","name":"El Digital de Asturias","description":"Hemeroteca","url":"https:\/\/www.eldigitaldeasturias.com\/noticias\/","email":"info@eldigitaldeasturias.com","telephone":"+34652131393","logo":{"@type":"ImageObject","url":"https:\/\/www.eldigitaldeasturias.com\/noticias\/wp-content\/uploads\/2020\/12\/EDA.jpg","@id":"https:\/\/www.eldigitaldeasturias.com\/noticias\/bosch-de-erc-recrimina-al-pp-hacer-un-aquelarre-del-miedo-en-barcelona\/#organizationLogo"},"image":{"@id":"https:\/\/www.eldigitaldeasturias.com\/noticias\/bosch-de-erc-recrimina-al-pp-hacer-un-aquelarre-del-miedo-en-barcelona\/#organizationLogo"},"sameAs":["https:\/\/facebook.com\/eldigitaldeasturias","https:\/\/www.youtube.com\/channel\/UCZP-2wLEB9Rv6erhFmqVnvg"],"address":{"@id":"https:\/\/www.eldigitaldeasturias.com\/noticias\/#postaladdress","@type":"PostalAddress","streetAddress":"san antonio 4","postalCode":"33430","addressLocality":"Cand\u00e1s","addressRegion":"Asturias","addressCountry":"ES"}},{"@type":"Person","@id":"https:\/\/www.eldigitaldeasturias.com\/noticias\/author\/admin\/#author","url":"https:\/\/www.eldigitaldeasturias.com\/noticias\/author\/admin\/","name":"El Digital de Asturias","image":{"@type":"ImageObject","@id":"https:\/\/www.eldigitaldeasturias.com\/noticias\/bosch-de-erc-recrimina-al-pp-hacer-un-aquelarre-del-miedo-en-barcelona\/#authorImage","url":"https:\/\/secure.gravatar.com\/avatar\/df2aeffc32bcd13f8d26072ef8a91b623d677766deac7f97ca815868cd41bf5e?s=96&d=mm&r=g","width":96,"height":96,"caption":"El Digital de Asturias"}},{"@type":"WebPage","@id":"https:\/\/www.eldigitaldeasturias.com\/noticias\/bosch-de-erc-recrimina-al-pp-hacer-un-aquelarre-del-miedo-en-barcelona\/#webpage","url":"https:\/\/www.eldigitaldeasturias.com\/noticias\/bosch-de-erc-recrimina-al-pp-hacer-un-aquelarre-del-miedo-en-barcelona\/","name":"Bosch, de ERC, recrimina al PP hacer \u00abun aquelarre del miedo\u00bb en Barcelona - El Digital de Asturias","description":"Barcelona, 25 ene (EFE).- El portavoz de ERC en el Congreso de los Diputados, Alfred Bosch, ha acusado hoy al PP de hacer \"un aquelarre del miedo en Barcelona, en contra de la democracia\", con su convenci\u00f3n que celebra desde ayer y que hoy clausura Mariano Rajoy. El diputado de ERC, en declaraciones a los","inLanguage":"es-ES","isPartOf":{"@id":"https:\/\/www.eldigitaldeasturias.com\/noticias\/#website"},"breadcrumb":{"@id":"https:\/\/www.eldigitaldeasturias.com\/noticias\/bosch-de-erc-recrimina-al-pp-hacer-un-aquelarre-del-miedo-en-barcelona\/#breadcrumblist"},"author":{"@id":"https:\/\/www.eldigitaldeasturias.com\/noticias\/author\/admin\/#author"},"creator":{"@id":"https:\/\/www.eldigitaldeasturias.com\/noticias\/author\/admin\/#author"},"image":{"@type":"ImageObject","url":"https:\/\/www.eldigitaldeasturias.com\/noticias\/wp-content\/uploads\/2026\/06\/Contenidos.jpg","@id":"https:\/\/www.eldigitaldeasturias.com\/noticias\/bosch-de-erc-recrimina-al-pp-hacer-un-aquelarre-del-miedo-en-barcelona\/#mainImage","width":1265,"height":697,"caption":"Contenidos"},"primaryImageOfPage":{"@id":"https:\/\/www.eldigitaldeasturias.com\/noticias\/bosch-de-erc-recrimina-al-pp-hacer-un-aquelarre-del-miedo-en-barcelona\/#mainImage"},"datePublished":"2014-01-25T15:00:31+01:00","dateModified":"2014-01-25T15:00:31+01:00"},{"@type":"WebSite","@id":"https:\/\/www.eldigitaldeasturias.com\/noticias\/#website","url":"https:\/\/www.eldigitaldeasturias.com\/noticias\/","name":"El Digital de Asturias - Diario de actualidad y noticias","alternateName":"El Digital de Asturias - Diario de actualidad y noticias","description":"Hemeroteca","inLanguage":"es-ES","publisher":{"@id":"https:\/\/www.eldigitaldeasturias.com\/noticias\/#organization"}}]},"og:locale":"es_ES","og:site_name":"El Digital de Asturias","og:type":"article","og:title":"Bosch, de ERC, recrimina al PP hacer \u00abun aquelarre del miedo\u00bb en Barcelona - El Digital de Asturias","og:description":"Barcelona, 25 ene (EFE).- El portavoz de ERC en el Congreso de los Diputados, Alfred Bosch, ha acusado hoy al PP de hacer &quot;un aquelarre del miedo en Barcelona, en contra de la democracia&quot;, con su convenci\u00f3n que celebra desde ayer y que hoy clausura Mariano Rajoy. El diputado de ERC, en declaraciones a los","og:url":"https:\/\/www.eldigitaldeasturias.com\/noticias\/bosch-de-erc-recrimina-al-pp-hacer-un-aquelarre-del-miedo-en-barcelona\/","og:image":"https:\/\/www.eldigitaldeasturias.com\/noticias\/wp-content\/uploads\/2026\/06\/Contenidos.jpg","og:image:secure_url":"https:\/\/www.eldigitaldeasturias.com\/noticias\/wp-content\/uploads\/2026\/06\/Contenidos.jpg","og:image:width":1265,"og:image:height":697,"article:tag":["actualidad"],"article:published_time":"2014-01-25T16:00:31+00:00","article:modified_time":"2014-01-25T16:00:31+00:00","article:publisher":"https:\/\/facebook.com\/eldigitaldeasturias","twitter:card":"summary_large_image","twitter:title":"Bosch, de ERC, recrimina al PP hacer \u00abun aquelarre del miedo\u00bb en Barcelona - El Digital de Asturias","twitter:description":"Barcelona, 25 ene (EFE).- El portavoz de ERC en el Congreso de los Diputados, Alfred Bosch, ha acusado hoy al PP de hacer &quot;un aquelarre del miedo en Barcelona, en contra de la democracia&quot;, con su convenci\u00f3n que celebra desde ayer y que hoy clausura Mariano Rajoy. El diputado de ERC, en declaraciones a los","twitter:image":"https:\/\/www.eldigitaldeasturias.com\/noticias\/wp-content\/uploads\/2026\/06\/Contenidos.jpg","twitter:label1":"Escrito por","twitter:data1":"El Digital de Asturias","twitter:label2":"Tiempo de lectura estimado","twitter:data2":"1 minuto"},"aioseo_meta_data":{"post_id":"478725","title":null,"description":null,"keywords":null,"keyphrases":null,"primary_term":null,"canonical_url":null,"og_title":null,"og_description":null,"og_object_type":"default","og_image_type":"default","og_image_url":null,"og_image_width":null,"og_image_height":null,"og_image_custom_url":null,"og_image_custom_fields":null,"og_video":null,"og_custom_url":null,"og_article_section":null,"og_article_tags":null,"twitter_use_og":true,"twitter_card":"default","twitter_image_type":"default","twitter_image_url":null,"twitter_image_custom_url":null,"twitter_image_custom_fields":null,"twitter_title":null,"twitter_description":null,"schema":{"blockGraphs":[],"customGraphs":[],"default":{"data":{"Article":[],"Course":[],"Dataset":[],"FAQPage":[],"Movie":[],"Person":[],"Product":[],"ProductReview":[],"Car":[],"Recipe":[],"Service":[],"SoftwareApplication":[],"WebPage":[]},"graphName":"","isEnabled":true},"graphs":[],"defaultGraph":"","defaultPostTypeGraph":""},"schema_type":null,"schema_type_options":null,"pillar_content":false,"robots_default":true,"robots_noindex":false,"robots_noarchive":false,"robots_nosnippet":false,"robots_nofollow":false,"robots_noimageindex":false,"robots_noodp":false,"robots_notranslate":false,"robots_max_snippet":null,"robots_max_videopreview":null,"robots_max_imagepreview":"none","priority":null,"frequency":null,"local_seo":null,"seo_analyzer_scan_date":"2026-06-01 22:23:09","breadcrumb_settings":null,"limit_modified_date":false,"open_ai":null,"ai":null,"created":"2020-11-14 22:53:57","updated":"2026-06-01 22:23:09","focus_keyword":null,"additional_keywords":null,"truseo_locale":null},"aioseo_breadcrumb":"<div class=\"aioseo-breadcrumbs\"><span class=\"aioseo-breadcrumb\">\n\t<a href=\"https:\/\/www.eldigitaldeasturias.com\/noticias\" title=\"Home\">Home<\/a>\n<\/span><span class=\"aioseo-breadcrumb-separator\">\u2013<\/span><span class=\"aioseo-breadcrumb\">\n\t<a href=\"https:\/\/www.eldigitaldeasturias.com\/noticias\/category\/actualidad\/\" title=\"Actualidad\">Actualidad<\/a>\n<\/span><span class=\"aioseo-breadcrumb-separator\">\u2013<\/span><span class=\"aioseo-breadcrumb\">\n\t<a href=\"https:\/\/www.eldigitaldeasturias.com\/noticias\/bosch-de-erc-recrimina-al-pp-hacer-un-aquelarre-del-miedo-en-barcelona\/\" title=\"Bosch, de ERC, recrimina al PP hacer \u00abun aquelarre del miedo\u00bb en Barcelona\">Bosch, de ERC, recrimina al PP hacer \u00abun aquelarre del miedo\u00bb en Barcelona<\/a>\n<\/span><\/div>","aioseo_breadcrumb_json":[{"label":"Home","link":"https:\/\/www.eldigitaldeasturias.com\/noticias"},{"label":"Actualidad","link":"https:\/\/www.eldigitaldeasturias.com\/noticias\/category\/actualidad\/"},{"label":"Bosch, de ERC, recrimina al PP hacer \u00abun aquelarre del miedo\u00bb en Barcelona","link":"https:\/\/www.eldigitaldeasturias.com\/noticias\/bosch-de-erc-recrimina-al-pp-hacer-un-aquelarre-del-miedo-en-barcelona\/"}],"_links":{"self":[{"href":"https:\/\/www.eldigitaldeasturias.com\/noticias\/wp-json\/wp\/v2\/posts\/478725","targetHints":{"allow":["GET"]}}],"collection":[{"href":"https:\/\/www.eldigitaldeasturias.com\/noticias\/wp-json\/wp\/v2\/posts"}],"about":[{"href":"https:\/\/www.eldigitaldeasturias.com\/noticias\/wp-json\/wp\/v2\/types\/post"}],"author":[{"embeddable":true,"href":"https:\/\/www.eldigitaldeasturias.com\/noticias\/wp-json\/wp\/v2\/users\/1"}],"replies":[{"embeddable":true,"href":"https:\/\/www.eldigitaldeasturias.com\/noticias\/wp-json\/wp\/v2\/comments?post=478725"}],"version-history":[{"count":0,"href":"https:\/\/www.eldigitaldeasturias.com\/noticias\/wp-json\/wp\/v2\/posts\/478725\/revisions"}],"wp:featuredmedia":[{"embeddable":true,"href":"https:\/\/www.eldigitaldeasturias.com\/noticias\/wp-json\/wp\/v2\/media\/1132184"}],"wp:attachment":[{"href":"https:\/\/www.eldigitaldeasturias.com\/noticias\/wp-json\/wp\/v2\/media?parent=478725"}],"wp:term":[{"taxonomy":"category","embeddable":true,"href":"https:\/\/www.eldigitaldeasturias.com\/noticias\/wp-json\/wp\/v2\/categories?post=478725"},{"taxonomy":"post_tag","embeddable":true,"href":"https:\/\/www.eldigitaldeasturias.com\/noticias\/wp-json\/wp\/v2\/tags?post=478725"}],"curies":[{"name":"wp","href":"https:\/\/api.w.org\/{rel}","templated":true}]}}