{"id":478694,"date":"2014-01-25T13:01:46","date_gmt":"2014-01-25T14:01:46","guid":{"rendered":"http:\/\/www.eldigitaldeasturias.com\/noticias\/?p=478694"},"modified":"2014-01-25T13:01:46","modified_gmt":"2014-01-25T14:01:46","slug":"los-manifestantes-toman-ministerio-de-energia-en-kiev-y-sede-oficial-en-vinnitsa","status":"publish","type":"post","link":"https:\/\/www.eldigitaldeasturias.com\/noticias\/los-manifestantes-toman-ministerio-de-energia-en-kiev-y-sede-oficial-en-vinnitsa\/","title":{"rendered":"Los manifestantes toman Ministerio de Energ\u00eda en Kiev y sede oficial en Vinnitsa"},"content":{"rendered":"<p><img loading=\"lazy\" decoding=\"async\" class=\"alignleft size-medium wp-image-478695\" alt=\"5875616wucrania\" src=\"https:\/\/www.eldigitaldeasturias.com\/noticias\/wp-content\/uploads\/2014\/01\/5875616w3-360x197.jpg\" width=\"360\" height=\"197\" \/>Kiev, 24 ene (EFE).- Un grupo de manifestantes tom\u00f3 hoy la sede del Ministerio de Energ\u00eda de Kiev, mientras que otros opositores asaltaron y se hicieron con el control de una sede oficial en la ciudad de Vinnitsa (centro de Ucrania), informaron medios locales.<\/p>\n<p>El asalto al Ministerio de Energ\u00eda fue llevado a cabo por militantes del movimiento c\u00edvico \u00abSpilna Sprava\u00bb (\u00abcausa com\u00fan\u00bb), seg\u00fan cuyo l\u00edder, Alexander Daniliuk, los guardias que custodiaban el edificio no ofrecieron resistencia a los asaltantes.<\/p>\n<p>Ayer, tambi\u00e9n fue tomado en Kiev por manifestantes el edificio del Ministerio de Pol\u00edtica Agraria, que se sum\u00f3 al Ayuntamiento y a la Casa de los Sindicatos, en manos de los opositores desde el pasado noviembre, cuando comenzaron las protestas contra el Gobierno del presidente, V\u00edktor Yanukovich.<\/p>\n<p>En Vinnitsa, manifestantes opositores asaltaron y tomaron la sede de la junta provincial de gobierno, sin que la polic\u00eda que lo custodiaba pudiera detener a la muchedumbre.<\/p>\n<p>Seg\u00fan inform\u00f3 en su cuenta de \u00abTwitter\u00bb el diputado opositor Andrei Shevchenko, del partido \u00abBatkivschina\u00bb (Patria), de la encarcelada exprimera ministra Yulia Timoshenko, unas 600 personas asaltaron el edificio, donde \u00abse escucharon explosiones\u00bb.<\/p>\n<p>El diputado reconoci\u00f3 que los responsables de la sede oficial fueron sacados del edificio a rastras por los manifestantes.<\/p>\n<p>En los \u00faltimos d\u00edas se est\u00e1 extendiendo la toma de edificios oficiales en otras ciudades de Ucrania.<\/p>\n","protected":false},"excerpt":{"rendered":"<p>Kiev, 24 ene (EFE).- Un grupo de manifestantes tom\u00f3 hoy la sede del Ministerio de Energ\u00eda de Kiev, mientras que otros opositores asaltaron y se hicieron con el control de una sede oficial en la ciudad de Vinnitsa (centro de Ucrania), informaron medios locales. El asalto al Ministerio de Energ\u00eda fue llevado a cabo por [&hellip;]<\/p>\n","protected":false},"author":1,"featured_media":1132184,"comment_status":"closed","ping_status":"open","sticky":false,"template":"","format":"standard","meta":{"footnotes":""},"categories":[1],"tags":[],"class_list":["post-478694","post","type-post","status-publish","format-standard","has-post-thumbnail","hentry","category-actualidad"],"aioseo_notices":[],"aioseo_head":"\n\t\t<!-- All in One SEO Pro 5.0.1 - aioseo.com -->\n\t<meta name=\"description\" content=\"Kiev, 24 ene (EFE).- Un grupo de manifestantes tom\u00f3 hoy la sede del Ministerio de Energ\u00eda de Kiev, mientras que otros opositores asaltaron y se hicieron con el control de una sede oficial en la ciudad de Vinnitsa (centro de Ucrania), informaron medios locales. El asalto al Ministerio de Energ\u00eda fue llevado a cabo por\" \/>\n\t<meta name=\"robots\" content=\"max-image-preview:large\" \/>\n\t<meta name=\"author\" content=\"El Digital de Asturias\"\/>\n\t<meta name=\"google-site-verification\" content=\"UA-38556648-1\" \/>\n\t<meta name=\"msvalidate.01\" content=\"7dfe9f3f1b24437ab69f4f2559babe99\" \/>\n\t<meta name=\"keywords\" content=\"actualidad\" \/>\n\t<link rel=\"canonical\" href=\"https:\/\/www.eldigitaldeasturias.com\/noticias\/los-manifestantes-toman-ministerio-de-energia-en-kiev-y-sede-oficial-en-vinnitsa\/\" \/>\n\t<meta name=\"generator\" content=\"All in One SEO Pro (AIOSEO) 5.0.1\" \/>\n\t\t<meta property=\"og:locale\" content=\"es_ES\" \/>\n\t\t<meta property=\"og:site_name\" content=\"El Digital de Asturias\" \/>\n\t\t<meta property=\"og:type\" content=\"article\" \/>\n\t\t<meta property=\"og:title\" content=\"Los manifestantes toman Ministerio de Energ\u00eda en Kiev y sede oficial en Vinnitsa - El Digital de Asturias\" \/>\n\t\t<meta property=\"og:description\" content=\"Kiev, 24 ene (EFE).- Un grupo de manifestantes tom\u00f3 hoy la sede del Ministerio de Energ\u00eda de Kiev, mientras que otros opositores asaltaron y se hicieron con el control de una sede oficial en la ciudad de Vinnitsa (centro de Ucrania), informaron medios locales. El asalto al Ministerio de Energ\u00eda fue llevado a cabo por\" \/>\n\t\t<meta property=\"og:url\" content=\"https:\/\/www.eldigitaldeasturias.com\/noticias\/los-manifestantes-toman-ministerio-de-energia-en-kiev-y-sede-oficial-en-vinnitsa\/\" \/>\n\t\t<meta property=\"og:image\" content=\"https:\/\/www.eldigitaldeasturias.com\/noticias\/wp-content\/uploads\/2026\/06\/Contenidos.jpg\" \/>\n\t\t<meta property=\"og:image:secure_url\" content=\"https:\/\/www.eldigitaldeasturias.com\/noticias\/wp-content\/uploads\/2026\/06\/Contenidos.jpg\" \/>\n\t\t<meta property=\"og:image:width\" content=\"1265\" \/>\n\t\t<meta property=\"og:image:height\" content=\"697\" \/>\n\t\t<meta property=\"article:tag\" content=\"actualidad\" \/>\n\t\t<meta property=\"article:published_time\" content=\"2014-01-25T14:01:46+00:00\" \/>\n\t\t<meta property=\"article:modified_time\" content=\"2014-01-25T14:01:46+00:00\" \/>\n\t\t<meta property=\"article:publisher\" content=\"https:\/\/facebook.com\/eldigitaldeasturias\" \/>\n\t\t<meta name=\"twitter:card\" content=\"summary_large_image\" \/>\n\t\t<meta name=\"twitter:title\" content=\"Los manifestantes toman Ministerio de Energ\u00eda en Kiev y sede oficial en Vinnitsa - El Digital de Asturias\" \/>\n\t\t<meta name=\"twitter:description\" content=\"Kiev, 24 ene (EFE).- Un grupo de manifestantes tom\u00f3 hoy la sede del Ministerio de Energ\u00eda de Kiev, mientras que otros opositores asaltaron y se hicieron con el control de una sede oficial en la ciudad de Vinnitsa (centro de Ucrania), informaron medios locales. El asalto al Ministerio de Energ\u00eda fue llevado a cabo por\" \/>\n\t\t<meta name=\"twitter:image\" content=\"https:\/\/www.eldigitaldeasturias.com\/noticias\/wp-content\/uploads\/2026\/06\/Contenidos.jpg\" \/>\n\t\t<meta name=\"twitter:label1\" content=\"Escrito por\" \/>\n\t\t<meta name=\"twitter:data1\" content=\"El Digital de Asturias\" \/>\n\t\t<meta name=\"twitter:label2\" content=\"Tiempo de lectura estimado\" \/>\n\t\t<meta name=\"twitter:data2\" content=\"1 minuto\" \/>\n\t\t<script type=\"application\/ld+json\" class=\"aioseo-schema\">\n\t\t\t{\"@context\":\"https:\\\/\\\/schema.org\",\"@graph\":[{\"@type\":\"BlogPosting\",\"@id\":\"https:\\\/\\\/www.eldigitaldeasturias.com\\\/noticias\\\/los-manifestantes-toman-ministerio-de-energia-en-kiev-y-sede-oficial-en-vinnitsa\\\/#blogposting\",\"name\":\"Los manifestantes toman Ministerio de Energ\\u00eda en Kiev y sede oficial en Vinnitsa - El Digital de Asturias\",\"headline\":\"Los manifestantes toman Ministerio de Energ\\u00eda en Kiev y sede oficial en Vinnitsa\",\"author\":{\"@id\":\"https:\\\/\\\/www.eldigitaldeasturias.com\\\/noticias\\\/author\\\/admin\\\/#author\"},\"publisher\":{\"@id\":\"https:\\\/\\\/www.eldigitaldeasturias.com\\\/noticias\\\/#organization\"},\"image\":{\"@type\":\"ImageObject\",\"url\":\"https:\\\/\\\/www.eldigitaldeasturias.com\\\/noticias\\\/wp-content\\\/uploads\\\/2026\\\/06\\\/Contenidos.jpg\",\"width\":1265,\"height\":697,\"caption\":\"Contenidos\"},\"datePublished\":\"2014-01-25T13:01:46+01:00\",\"dateModified\":\"2014-01-25T13:01:46+01:00\",\"inLanguage\":\"es-ES\",\"mainEntityOfPage\":{\"@id\":\"https:\\\/\\\/www.eldigitaldeasturias.com\\\/noticias\\\/los-manifestantes-toman-ministerio-de-energia-en-kiev-y-sede-oficial-en-vinnitsa\\\/#webpage\"},\"isPartOf\":{\"@id\":\"https:\\\/\\\/www.eldigitaldeasturias.com\\\/noticias\\\/los-manifestantes-toman-ministerio-de-energia-en-kiev-y-sede-oficial-en-vinnitsa\\\/#webpage\"},\"articleSection\":\"Actualidad\"},{\"@type\":\"BreadcrumbList\",\"@id\":\"https:\\\/\\\/www.eldigitaldeasturias.com\\\/noticias\\\/los-manifestantes-toman-ministerio-de-energia-en-kiev-y-sede-oficial-en-vinnitsa\\\/#breadcrumblist\",\"itemListElement\":[{\"@type\":\"ListItem\",\"@id\":\"https:\\\/\\\/www.eldigitaldeasturias.com\\\/noticias#listItem\",\"position\":1,\"name\":\"Home\",\"item\":\"https:\\\/\\\/www.eldigitaldeasturias.com\\\/noticias\",\"nextItem\":{\"@type\":\"ListItem\",\"@id\":\"https:\\\/\\\/www.eldigitaldeasturias.com\\\/noticias\\\/category\\\/actualidad\\\/#listItem\",\"name\":\"Actualidad\"}},{\"@type\":\"ListItem\",\"@id\":\"https:\\\/\\\/www.eldigitaldeasturias.com\\\/noticias\\\/category\\\/actualidad\\\/#listItem\",\"position\":2,\"name\":\"Actualidad\",\"item\":\"https:\\\/\\\/www.eldigitaldeasturias.com\\\/noticias\\\/category\\\/actualidad\\\/\",\"nextItem\":{\"@type\":\"ListItem\",\"@id\":\"https:\\\/\\\/www.eldigitaldeasturias.com\\\/noticias\\\/los-manifestantes-toman-ministerio-de-energia-en-kiev-y-sede-oficial-en-vinnitsa\\\/#listItem\",\"name\":\"Los manifestantes toman Ministerio de Energ\\u00eda en Kiev y sede oficial en Vinnitsa\"},\"previousItem\":{\"@type\":\"ListItem\",\"@id\":\"https:\\\/\\\/www.eldigitaldeasturias.com\\\/noticias#listItem\",\"name\":\"Home\"}},{\"@type\":\"ListItem\",\"@id\":\"https:\\\/\\\/www.eldigitaldeasturias.com\\\/noticias\\\/los-manifestantes-toman-ministerio-de-energia-en-kiev-y-sede-oficial-en-vinnitsa\\\/#listItem\",\"position\":3,\"name\":\"Los manifestantes toman Ministerio de Energ\\u00eda en Kiev y sede oficial en Vinnitsa\",\"previousItem\":{\"@type\":\"ListItem\",\"@id\":\"https:\\\/\\\/www.eldigitaldeasturias.com\\\/noticias\\\/category\\\/actualidad\\\/#listItem\",\"name\":\"Actualidad\"}}]},{\"@type\":\"Organization\",\"@id\":\"https:\\\/\\\/www.eldigitaldeasturias.com\\\/noticias\\\/#organization\",\"name\":\"El Digital de Asturias\",\"description\":\"Hemeroteca\",\"url\":\"https:\\\/\\\/www.eldigitaldeasturias.com\\\/noticias\\\/\",\"email\":\"info@eldigitaldeasturias.com\",\"telephone\":\"+34652131393\",\"logo\":{\"@type\":\"ImageObject\",\"url\":\"https:\\\/\\\/www.eldigitaldeasturias.com\\\/noticias\\\/wp-content\\\/uploads\\\/2020\\\/12\\\/EDA.jpg\",\"@id\":\"https:\\\/\\\/www.eldigitaldeasturias.com\\\/noticias\\\/los-manifestantes-toman-ministerio-de-energia-en-kiev-y-sede-oficial-en-vinnitsa\\\/#organizationLogo\"},\"image\":{\"@id\":\"https:\\\/\\\/www.eldigitaldeasturias.com\\\/noticias\\\/los-manifestantes-toman-ministerio-de-energia-en-kiev-y-sede-oficial-en-vinnitsa\\\/#organizationLogo\"},\"sameAs\":[\"https:\\\/\\\/facebook.com\\\/eldigitaldeasturias\",\"https:\\\/\\\/www.youtube.com\\\/channel\\\/UCZP-2wLEB9Rv6erhFmqVnvg\"],\"address\":{\"@id\":\"https:\\\/\\\/www.eldigitaldeasturias.com\\\/noticias\\\/#postaladdress\",\"@type\":\"PostalAddress\",\"streetAddress\":\"san antonio 4\",\"postalCode\":\"33430\",\"addressLocality\":\"Cand\\u00e1s\",\"addressRegion\":\"Asturias\",\"addressCountry\":\"ES\"}},{\"@type\":\"Person\",\"@id\":\"https:\\\/\\\/www.eldigitaldeasturias.com\\\/noticias\\\/author\\\/admin\\\/#author\",\"url\":\"https:\\\/\\\/www.eldigitaldeasturias.com\\\/noticias\\\/author\\\/admin\\\/\",\"name\":\"El Digital de Asturias\",\"image\":{\"@type\":\"ImageObject\",\"@id\":\"https:\\\/\\\/www.eldigitaldeasturias.com\\\/noticias\\\/los-manifestantes-toman-ministerio-de-energia-en-kiev-y-sede-oficial-en-vinnitsa\\\/#authorImage\",\"url\":\"https:\\\/\\\/secure.gravatar.com\\\/avatar\\\/df2aeffc32bcd13f8d26072ef8a91b623d677766deac7f97ca815868cd41bf5e?s=96&d=mm&r=g\",\"width\":96,\"height\":96,\"caption\":\"El Digital de Asturias\"}},{\"@type\":\"WebPage\",\"@id\":\"https:\\\/\\\/www.eldigitaldeasturias.com\\\/noticias\\\/los-manifestantes-toman-ministerio-de-energia-en-kiev-y-sede-oficial-en-vinnitsa\\\/#webpage\",\"url\":\"https:\\\/\\\/www.eldigitaldeasturias.com\\\/noticias\\\/los-manifestantes-toman-ministerio-de-energia-en-kiev-y-sede-oficial-en-vinnitsa\\\/\",\"name\":\"Los manifestantes toman Ministerio de Energ\\u00eda en Kiev y sede oficial en Vinnitsa - El Digital de Asturias\",\"description\":\"Kiev, 24 ene (EFE).- Un grupo de manifestantes tom\\u00f3 hoy la sede del Ministerio de Energ\\u00eda de Kiev, mientras que otros opositores asaltaron y se hicieron con el control de una sede oficial en la ciudad de Vinnitsa (centro de Ucrania), informaron medios locales. El asalto al Ministerio de Energ\\u00eda fue llevado a cabo por\",\"inLanguage\":\"es-ES\",\"isPartOf\":{\"@id\":\"https:\\\/\\\/www.eldigitaldeasturias.com\\\/noticias\\\/#website\"},\"breadcrumb\":{\"@id\":\"https:\\\/\\\/www.eldigitaldeasturias.com\\\/noticias\\\/los-manifestantes-toman-ministerio-de-energia-en-kiev-y-sede-oficial-en-vinnitsa\\\/#breadcrumblist\"},\"author\":{\"@id\":\"https:\\\/\\\/www.eldigitaldeasturias.com\\\/noticias\\\/author\\\/admin\\\/#author\"},\"creator\":{\"@id\":\"https:\\\/\\\/www.eldigitaldeasturias.com\\\/noticias\\\/author\\\/admin\\\/#author\"},\"image\":{\"@type\":\"ImageObject\",\"url\":\"https:\\\/\\\/www.eldigitaldeasturias.com\\\/noticias\\\/wp-content\\\/uploads\\\/2026\\\/06\\\/Contenidos.jpg\",\"@id\":\"https:\\\/\\\/www.eldigitaldeasturias.com\\\/noticias\\\/los-manifestantes-toman-ministerio-de-energia-en-kiev-y-sede-oficial-en-vinnitsa\\\/#mainImage\",\"width\":1265,\"height\":697,\"caption\":\"Contenidos\"},\"primaryImageOfPage\":{\"@id\":\"https:\\\/\\\/www.eldigitaldeasturias.com\\\/noticias\\\/los-manifestantes-toman-ministerio-de-energia-en-kiev-y-sede-oficial-en-vinnitsa\\\/#mainImage\"},\"datePublished\":\"2014-01-25T13:01:46+01:00\",\"dateModified\":\"2014-01-25T13:01:46+01:00\"},{\"@type\":\"WebSite\",\"@id\":\"https:\\\/\\\/www.eldigitaldeasturias.com\\\/noticias\\\/#website\",\"url\":\"https:\\\/\\\/www.eldigitaldeasturias.com\\\/noticias\\\/\",\"name\":\"El Digital de Asturias - Diario de actualidad y noticias\",\"alternateName\":\"El Digital de Asturias - Diario de actualidad y noticias\",\"description\":\"Hemeroteca\",\"inLanguage\":\"es-ES\",\"publisher\":{\"@id\":\"https:\\\/\\\/www.eldigitaldeasturias.com\\\/noticias\\\/#organization\"}}]}\n\t\t<\/script>\n\t\t<!-- All in One SEO Pro -->\r\n\t\t<title>Los manifestantes toman Ministerio de Energ\u00eda en Kiev y sede oficial en Vinnitsa - El Digital de Asturias<\/title>\n\n","aioseo_head_json":{"title":"Los manifestantes toman Ministerio de Energ\u00eda en Kiev y sede oficial en Vinnitsa - El Digital de Asturias","description":"Kiev, 24 ene (EFE).- Un grupo de manifestantes tom\u00f3 hoy la sede del Ministerio de Energ\u00eda de Kiev, mientras que otros opositores asaltaron y se hicieron con el control de una sede oficial en la ciudad de Vinnitsa (centro de Ucrania), informaron medios locales. El asalto al Ministerio de Energ\u00eda fue llevado a cabo por","canonical_url":"https:\/\/www.eldigitaldeasturias.com\/noticias\/los-manifestantes-toman-ministerio-de-energia-en-kiev-y-sede-oficial-en-vinnitsa\/","robots":"max-image-preview:large","keywords":"actualidad","webmasterTools":{"google-site-verification":"UA-38556648-1","msvalidate.01":"7dfe9f3f1b24437ab69f4f2559babe99","miscellaneous":""},"schema":{"@context":"https:\/\/schema.org","@graph":[{"@type":"BlogPosting","@id":"https:\/\/www.eldigitaldeasturias.com\/noticias\/los-manifestantes-toman-ministerio-de-energia-en-kiev-y-sede-oficial-en-vinnitsa\/#blogposting","name":"Los manifestantes toman Ministerio de Energ\u00eda en Kiev y sede oficial en Vinnitsa - El Digital de Asturias","headline":"Los manifestantes toman Ministerio de Energ\u00eda en Kiev y sede oficial en Vinnitsa","author":{"@id":"https:\/\/www.eldigitaldeasturias.com\/noticias\/author\/admin\/#author"},"publisher":{"@id":"https:\/\/www.eldigitaldeasturias.com\/noticias\/#organization"},"image":{"@type":"ImageObject","url":"https:\/\/www.eldigitaldeasturias.com\/noticias\/wp-content\/uploads\/2026\/06\/Contenidos.jpg","width":1265,"height":697,"caption":"Contenidos"},"datePublished":"2014-01-25T13:01:46+01:00","dateModified":"2014-01-25T13:01:46+01:00","inLanguage":"es-ES","mainEntityOfPage":{"@id":"https:\/\/www.eldigitaldeasturias.com\/noticias\/los-manifestantes-toman-ministerio-de-energia-en-kiev-y-sede-oficial-en-vinnitsa\/#webpage"},"isPartOf":{"@id":"https:\/\/www.eldigitaldeasturias.com\/noticias\/los-manifestantes-toman-ministerio-de-energia-en-kiev-y-sede-oficial-en-vinnitsa\/#webpage"},"articleSection":"Actualidad"},{"@type":"BreadcrumbList","@id":"https:\/\/www.eldigitaldeasturias.com\/noticias\/los-manifestantes-toman-ministerio-de-energia-en-kiev-y-sede-oficial-en-vinnitsa\/#breadcrumblist","itemListElement":[{"@type":"ListItem","@id":"https:\/\/www.eldigitaldeasturias.com\/noticias#listItem","position":1,"name":"Home","item":"https:\/\/www.eldigitaldeasturias.com\/noticias","nextItem":{"@type":"ListItem","@id":"https:\/\/www.eldigitaldeasturias.com\/noticias\/category\/actualidad\/#listItem","name":"Actualidad"}},{"@type":"ListItem","@id":"https:\/\/www.eldigitaldeasturias.com\/noticias\/category\/actualidad\/#listItem","position":2,"name":"Actualidad","item":"https:\/\/www.eldigitaldeasturias.com\/noticias\/category\/actualidad\/","nextItem":{"@type":"ListItem","@id":"https:\/\/www.eldigitaldeasturias.com\/noticias\/los-manifestantes-toman-ministerio-de-energia-en-kiev-y-sede-oficial-en-vinnitsa\/#listItem","name":"Los manifestantes toman Ministerio de Energ\u00eda en Kiev y sede oficial en Vinnitsa"},"previousItem":{"@type":"ListItem","@id":"https:\/\/www.eldigitaldeasturias.com\/noticias#listItem","name":"Home"}},{"@type":"ListItem","@id":"https:\/\/www.eldigitaldeasturias.com\/noticias\/los-manifestantes-toman-ministerio-de-energia-en-kiev-y-sede-oficial-en-vinnitsa\/#listItem","position":3,"name":"Los manifestantes toman Ministerio de Energ\u00eda en Kiev y sede oficial en Vinnitsa","previousItem":{"@type":"ListItem","@id":"https:\/\/www.eldigitaldeasturias.com\/noticias\/category\/actualidad\/#listItem","name":"Actualidad"}}]},{"@type":"Organization","@id":"https:\/\/www.eldigitaldeasturias.com\/noticias\/#organization","name":"El Digital de Asturias","description":"Hemeroteca","url":"https:\/\/www.eldigitaldeasturias.com\/noticias\/","email":"info@eldigitaldeasturias.com","telephone":"+34652131393","logo":{"@type":"ImageObject","url":"https:\/\/www.eldigitaldeasturias.com\/noticias\/wp-content\/uploads\/2020\/12\/EDA.jpg","@id":"https:\/\/www.eldigitaldeasturias.com\/noticias\/los-manifestantes-toman-ministerio-de-energia-en-kiev-y-sede-oficial-en-vinnitsa\/#organizationLogo"},"image":{"@id":"https:\/\/www.eldigitaldeasturias.com\/noticias\/los-manifestantes-toman-ministerio-de-energia-en-kiev-y-sede-oficial-en-vinnitsa\/#organizationLogo"},"sameAs":["https:\/\/facebook.com\/eldigitaldeasturias","https:\/\/www.youtube.com\/channel\/UCZP-2wLEB9Rv6erhFmqVnvg"],"address":{"@id":"https:\/\/www.eldigitaldeasturias.com\/noticias\/#postaladdress","@type":"PostalAddress","streetAddress":"san antonio 4","postalCode":"33430","addressLocality":"Cand\u00e1s","addressRegion":"Asturias","addressCountry":"ES"}},{"@type":"Person","@id":"https:\/\/www.eldigitaldeasturias.com\/noticias\/author\/admin\/#author","url":"https:\/\/www.eldigitaldeasturias.com\/noticias\/author\/admin\/","name":"El Digital de Asturias","image":{"@type":"ImageObject","@id":"https:\/\/www.eldigitaldeasturias.com\/noticias\/los-manifestantes-toman-ministerio-de-energia-en-kiev-y-sede-oficial-en-vinnitsa\/#authorImage","url":"https:\/\/secure.gravatar.com\/avatar\/df2aeffc32bcd13f8d26072ef8a91b623d677766deac7f97ca815868cd41bf5e?s=96&d=mm&r=g","width":96,"height":96,"caption":"El Digital de Asturias"}},{"@type":"WebPage","@id":"https:\/\/www.eldigitaldeasturias.com\/noticias\/los-manifestantes-toman-ministerio-de-energia-en-kiev-y-sede-oficial-en-vinnitsa\/#webpage","url":"https:\/\/www.eldigitaldeasturias.com\/noticias\/los-manifestantes-toman-ministerio-de-energia-en-kiev-y-sede-oficial-en-vinnitsa\/","name":"Los manifestantes toman Ministerio de Energ\u00eda en Kiev y sede oficial en Vinnitsa - El Digital de Asturias","description":"Kiev, 24 ene (EFE).- Un grupo de manifestantes tom\u00f3 hoy la sede del Ministerio de Energ\u00eda de Kiev, mientras que otros opositores asaltaron y se hicieron con el control de una sede oficial en la ciudad de Vinnitsa (centro de Ucrania), informaron medios locales. El asalto al Ministerio de Energ\u00eda fue llevado a cabo por","inLanguage":"es-ES","isPartOf":{"@id":"https:\/\/www.eldigitaldeasturias.com\/noticias\/#website"},"breadcrumb":{"@id":"https:\/\/www.eldigitaldeasturias.com\/noticias\/los-manifestantes-toman-ministerio-de-energia-en-kiev-y-sede-oficial-en-vinnitsa\/#breadcrumblist"},"author":{"@id":"https:\/\/www.eldigitaldeasturias.com\/noticias\/author\/admin\/#author"},"creator":{"@id":"https:\/\/www.eldigitaldeasturias.com\/noticias\/author\/admin\/#author"},"image":{"@type":"ImageObject","url":"https:\/\/www.eldigitaldeasturias.com\/noticias\/wp-content\/uploads\/2026\/06\/Contenidos.jpg","@id":"https:\/\/www.eldigitaldeasturias.com\/noticias\/los-manifestantes-toman-ministerio-de-energia-en-kiev-y-sede-oficial-en-vinnitsa\/#mainImage","width":1265,"height":697,"caption":"Contenidos"},"primaryImageOfPage":{"@id":"https:\/\/www.eldigitaldeasturias.com\/noticias\/los-manifestantes-toman-ministerio-de-energia-en-kiev-y-sede-oficial-en-vinnitsa\/#mainImage"},"datePublished":"2014-01-25T13:01:46+01:00","dateModified":"2014-01-25T13:01:46+01:00"},{"@type":"WebSite","@id":"https:\/\/www.eldigitaldeasturias.com\/noticias\/#website","url":"https:\/\/www.eldigitaldeasturias.com\/noticias\/","name":"El Digital de Asturias - Diario de actualidad y noticias","alternateName":"El Digital de Asturias - Diario de actualidad y noticias","description":"Hemeroteca","inLanguage":"es-ES","publisher":{"@id":"https:\/\/www.eldigitaldeasturias.com\/noticias\/#organization"}}]},"og:locale":"es_ES","og:site_name":"El Digital de Asturias","og:type":"article","og:title":"Los manifestantes toman Ministerio de Energ\u00eda en Kiev y sede oficial en Vinnitsa - El Digital de Asturias","og:description":"Kiev, 24 ene (EFE).- Un grupo de manifestantes tom\u00f3 hoy la sede del Ministerio de Energ\u00eda de Kiev, mientras que otros opositores asaltaron y se hicieron con el control de una sede oficial en la ciudad de Vinnitsa (centro de Ucrania), informaron medios locales. El asalto al Ministerio de Energ\u00eda fue llevado a cabo por","og:url":"https:\/\/www.eldigitaldeasturias.com\/noticias\/los-manifestantes-toman-ministerio-de-energia-en-kiev-y-sede-oficial-en-vinnitsa\/","og:image":"https:\/\/www.eldigitaldeasturias.com\/noticias\/wp-content\/uploads\/2026\/06\/Contenidos.jpg","og:image:secure_url":"https:\/\/www.eldigitaldeasturias.com\/noticias\/wp-content\/uploads\/2026\/06\/Contenidos.jpg","og:image:width":1265,"og:image:height":697,"article:tag":["actualidad"],"article:published_time":"2014-01-25T14:01:46+00:00","article:modified_time":"2014-01-25T14:01:46+00:00","article:publisher":"https:\/\/facebook.com\/eldigitaldeasturias","twitter:card":"summary_large_image","twitter:title":"Los manifestantes toman Ministerio de Energ\u00eda en Kiev y sede oficial en Vinnitsa - El Digital de Asturias","twitter:description":"Kiev, 24 ene (EFE).- Un grupo de manifestantes tom\u00f3 hoy la sede del Ministerio de Energ\u00eda de Kiev, mientras que otros opositores asaltaron y se hicieron con el control de una sede oficial en la ciudad de Vinnitsa (centro de Ucrania), informaron medios locales. El asalto al Ministerio de Energ\u00eda fue llevado a cabo por","twitter:image":"https:\/\/www.eldigitaldeasturias.com\/noticias\/wp-content\/uploads\/2026\/06\/Contenidos.jpg","twitter:label1":"Escrito por","twitter:data1":"El Digital de Asturias","twitter:label2":"Tiempo de lectura estimado","twitter:data2":"1 minuto"},"aioseo_meta_data":{"post_id":"478694","title":null,"description":null,"keywords":null,"keyphrases":null,"primary_term":null,"canonical_url":null,"og_title":null,"og_description":null,"og_object_type":"default","og_image_type":"default","og_image_url":null,"og_image_width":null,"og_image_height":null,"og_image_custom_url":null,"og_image_custom_fields":null,"og_video":null,"og_custom_url":null,"og_article_section":null,"og_article_tags":null,"twitter_use_og":true,"twitter_card":"default","twitter_image_type":"default","twitter_image_url":null,"twitter_image_custom_url":null,"twitter_image_custom_fields":null,"twitter_title":null,"twitter_description":null,"schema":{"blockGraphs":[],"customGraphs":[],"default":{"data":{"Article":[],"Course":[],"Dataset":[],"FAQPage":[],"Movie":[],"Person":[],"Product":[],"ProductReview":[],"Car":[],"Recipe":[],"Service":[],"SoftwareApplication":[],"WebPage":[]},"graphName":"","isEnabled":true},"graphs":[],"defaultGraph":"","defaultPostTypeGraph":""},"schema_type":null,"schema_type_options":null,"pillar_content":false,"robots_default":true,"robots_noindex":false,"robots_noarchive":false,"robots_nosnippet":false,"robots_nofollow":false,"robots_noimageindex":false,"robots_noodp":false,"robots_notranslate":false,"robots_max_snippet":null,"robots_max_videopreview":null,"robots_max_imagepreview":"none","priority":null,"frequency":null,"local_seo":null,"seo_analyzer_scan_date":"2026-06-01 22:17:03","breadcrumb_settings":null,"limit_modified_date":false,"open_ai":null,"ai":null,"created":"2020-11-14 22:53:57","updated":"2026-06-01 22:17:03","focus_keyword":null,"additional_keywords":null,"truseo_locale":null},"aioseo_breadcrumb":"<div class=\"aioseo-breadcrumbs\"><span class=\"aioseo-breadcrumb\">\n\t<a href=\"https:\/\/www.eldigitaldeasturias.com\/noticias\" title=\"Home\">Home<\/a>\n<\/span><span class=\"aioseo-breadcrumb-separator\">\u2013<\/span><span class=\"aioseo-breadcrumb\">\n\t<a href=\"https:\/\/www.eldigitaldeasturias.com\/noticias\/category\/actualidad\/\" title=\"Actualidad\">Actualidad<\/a>\n<\/span><span class=\"aioseo-breadcrumb-separator\">\u2013<\/span><span class=\"aioseo-breadcrumb\">\n\t<a href=\"https:\/\/www.eldigitaldeasturias.com\/noticias\/los-manifestantes-toman-ministerio-de-energia-en-kiev-y-sede-oficial-en-vinnitsa\/\" title=\"Los manifestantes toman Ministerio de Energ\u00eda en Kiev y sede oficial en Vinnitsa\">Los manifestantes toman Ministerio de Energ\u00eda en Kiev y sede oficial en Vinnitsa<\/a>\n<\/span><\/div>","aioseo_breadcrumb_json":[{"label":"Home","link":"https:\/\/www.eldigitaldeasturias.com\/noticias"},{"label":"Actualidad","link":"https:\/\/www.eldigitaldeasturias.com\/noticias\/category\/actualidad\/"},{"label":"Los manifestantes toman Ministerio de Energ\u00eda en Kiev y sede oficial en Vinnitsa","link":"https:\/\/www.eldigitaldeasturias.com\/noticias\/los-manifestantes-toman-ministerio-de-energia-en-kiev-y-sede-oficial-en-vinnitsa\/"}],"_links":{"self":[{"href":"https:\/\/www.eldigitaldeasturias.com\/noticias\/wp-json\/wp\/v2\/posts\/478694","targetHints":{"allow":["GET"]}}],"collection":[{"href":"https:\/\/www.eldigitaldeasturias.com\/noticias\/wp-json\/wp\/v2\/posts"}],"about":[{"href":"https:\/\/www.eldigitaldeasturias.com\/noticias\/wp-json\/wp\/v2\/types\/post"}],"author":[{"embeddable":true,"href":"https:\/\/www.eldigitaldeasturias.com\/noticias\/wp-json\/wp\/v2\/users\/1"}],"replies":[{"embeddable":true,"href":"https:\/\/www.eldigitaldeasturias.com\/noticias\/wp-json\/wp\/v2\/comments?post=478694"}],"version-history":[{"count":0,"href":"https:\/\/www.eldigitaldeasturias.com\/noticias\/wp-json\/wp\/v2\/posts\/478694\/revisions"}],"wp:featuredmedia":[{"embeddable":true,"href":"https:\/\/www.eldigitaldeasturias.com\/noticias\/wp-json\/wp\/v2\/media\/1132184"}],"wp:attachment":[{"href":"https:\/\/www.eldigitaldeasturias.com\/noticias\/wp-json\/wp\/v2\/media?parent=478694"}],"wp:term":[{"taxonomy":"category","embeddable":true,"href":"https:\/\/www.eldigitaldeasturias.com\/noticias\/wp-json\/wp\/v2\/categories?post=478694"},{"taxonomy":"post_tag","embeddable":true,"href":"https:\/\/www.eldigitaldeasturias.com\/noticias\/wp-json\/wp\/v2\/tags?post=478694"}],"curies":[{"name":"wp","href":"https:\/\/api.w.org\/{rel}","templated":true}]}}