{"id":478691,"date":"2014-01-25T12:59:40","date_gmt":"2014-01-25T13:59:40","guid":{"rendered":"http:\/\/www.eldigitaldeasturias.com\/noticias\/?p=478691"},"modified":"2014-01-25T12:59:40","modified_gmt":"2014-01-25T13:59:40","slug":"de-guindos-asegura-que-revertira-toda-la-subida-del-irpf-aprobada-en-2011","status":"publish","type":"post","link":"https:\/\/www.eldigitaldeasturias.com\/noticias\/de-guindos-asegura-que-revertira-toda-la-subida-del-irpf-aprobada-en-2011\/","title":{"rendered":"De Guindos asegura que revertir\u00e1 toda la subida del IRPF aprobada en 2011"},"content":{"rendered":"<p><img loading=\"lazy\" decoding=\"async\" class=\"alignleft size-medium wp-image-478692\" alt=\"5875869w\" src=\"https:\/\/www.eldigitaldeasturias.com\/noticias\/wp-content\/uploads\/2014\/01\/5875869w-243x320.jpg\" width=\"243\" height=\"320\" \/>Madrid, 25 ene (EFE).- El ministro de Econom\u00eda, Luis de Guindos, asegura que la reforma fiscal revertir\u00e1 para los contribuyentes toda la subida del IRPF aprobada en diciembre de 2011 y se\u00f1ala como objetivo del Gobierno rebajar la fiscalidad del ahorro.<\/p>\n<p>En tres entrevistas que publican hoy los diarios \u00abCinco D\u00edas\u00bb, \u00abExpansi\u00f3n\u00bb y \u00abEl economista\u00bb, tras un encuentro del ministro con diarios financieros, el titular de Econom\u00eda subraya que en el IRPF hay que facilitar el ahorro \u00abque ahora est\u00e1 bastante penalizado\u00bb, por lo que apuesta por cumplir con los compromisos del Gobierno en el Plan de Estabilidad y \u00abrevertir\u00bb toda la subida de tipos aprobada a finales de 2011.<\/p>\n<p>En \u00abCinco D\u00edas\u00bb, De Guindos asegura que tanto el presidente de Gobierno, Mariano Rajoy, como el ministro de Hacienda, Crist\u00f3bal Montoro, tienen \u00abmuy claro\u00bb que se va a \u00abrevertir\u00bb la subida pero tambi\u00e9n que \u00abhabr\u00e1 que mirar las deducciones que se pueden reconsiderar, sin hablar, por supuesto de la de vivienda\u00bb.<\/p>\n<p>En este diario, De Guindos se\u00f1ala que el sistema fiscal \u00abno es s\u00f3lo recaudar\u00bb y sostiene que el modelo actual \u00abno genera los incentivos correctos que aseguren el crecimiento a largo plazo\u00bb.<\/p>\n<p>El responsable de la pol\u00edtica econ\u00f3mica apuesta porque en 2014 contin\u00fae el proceso de desapalancamiento \u00aby que se concentre en los sectores donde el endeudamiento no fue adecuado\u00bb pero tambi\u00e9n porque el cr\u00e9dito bancario vuelva a crecer, al igual que la econom\u00eda y el empleo.<\/p>\n<p>En el diario \u00abExpansi\u00f3n\u00bb, De Guindos afirma que en el impuesto sobre sociedades se reducir\u00e1 el tipo nominal y subir\u00e1 el efectivo, quitando deducciones a las empresas.<\/p>\n<p>El ministro tambi\u00e9n se muestra confiado en la reactivaci\u00f3n del mercado laboral y afirma que la destrucci\u00f3n de empleo neto se ha estabilizado y por primera vez desde el inicio de la crisis ha crecido el empleo en t\u00e9rminos desestacionalizados.<\/p>\n<p>Tambi\u00e9n avanza que en abril el Gobierno enviar\u00e1 a Bruselas una mejora de las proyecciones econ\u00f3micas \u00abporque la situaci\u00f3n ha cambiado\u00bb.<\/p>\n<p>En \u00abEl economista\u00bb, el ministro defiende el contrato a tiempo parcial y se\u00f1ala que \u00abes mucho mejor el contrato a tiempo parcial que estar en paro, desde todos los puntos de vista\u00bb, pero adem\u00e1s \u00abpuede ser la puerta de entrada al contrato indefinido\u00bb.<\/p>\n<p>En relaci\u00f3n a Bankia, De Guindos dice que \u00abnadie ha dicho que este a\u00f1o\u00bb se vaya a privatizar Bankia y asegura que la obligaci\u00f3n del Gobierno es \u00abno dar nada por perdido\u00bb de lo inyectado en este banco.<\/p>\n","protected":false},"excerpt":{"rendered":"<p>Madrid, 25 ene (EFE).- El ministro de Econom\u00eda, Luis de Guindos, asegura que la reforma fiscal revertir\u00e1 para los contribuyentes toda la subida del IRPF aprobada en diciembre de 2011 y se\u00f1ala como objetivo del Gobierno rebajar la fiscalidad del ahorro. En tres entrevistas que publican hoy los diarios \u00abCinco D\u00edas\u00bb, \u00abExpansi\u00f3n\u00bb y \u00abEl economista\u00bb, [&hellip;]<\/p>\n","protected":false},"author":1,"featured_media":1132184,"comment_status":"closed","ping_status":"open","sticky":false,"template":"","format":"standard","meta":{"footnotes":""},"categories":[1],"tags":[],"class_list":["post-478691","post","type-post","status-publish","format-standard","has-post-thumbnail","hentry","category-actualidad"],"aioseo_notices":[],"aioseo_head":"\n\t\t<!-- All in One SEO Pro 5.0.1 - aioseo.com -->\n\t<meta name=\"description\" content=\"Madrid, 25 ene (EFE).- El ministro de Econom\u00eda, Luis de Guindos, asegura que la reforma fiscal revertir\u00e1 para los contribuyentes toda la subida del IRPF aprobada en diciembre de 2011 y se\u00f1ala como objetivo del Gobierno rebajar la fiscalidad del ahorro. En tres entrevistas que publican hoy los diarios &quot;Cinco D\u00edas&quot;, &quot;Expansi\u00f3n&quot; y &quot;El economista&quot;,\" \/>\n\t<meta name=\"robots\" content=\"max-image-preview:large\" \/>\n\t<meta name=\"author\" content=\"El Digital de Asturias\"\/>\n\t<meta name=\"google-site-verification\" content=\"UA-38556648-1\" \/>\n\t<meta name=\"msvalidate.01\" content=\"7dfe9f3f1b24437ab69f4f2559babe99\" \/>\n\t<meta name=\"keywords\" content=\"actualidad\" \/>\n\t<link rel=\"canonical\" href=\"https:\/\/www.eldigitaldeasturias.com\/noticias\/de-guindos-asegura-que-revertira-toda-la-subida-del-irpf-aprobada-en-2011\/\" \/>\n\t<meta name=\"generator\" content=\"All in One SEO Pro (AIOSEO) 5.0.1\" \/>\n\t\t<meta property=\"og:locale\" content=\"es_ES\" \/>\n\t\t<meta property=\"og:site_name\" content=\"El Digital de Asturias\" \/>\n\t\t<meta property=\"og:type\" content=\"article\" \/>\n\t\t<meta property=\"og:title\" content=\"De Guindos asegura que revertir\u00e1 toda la subida del IRPF aprobada en 2011 - El Digital de Asturias\" \/>\n\t\t<meta property=\"og:description\" content=\"Madrid, 25 ene (EFE).- El ministro de Econom\u00eda, Luis de Guindos, asegura que la reforma fiscal revertir\u00e1 para los contribuyentes toda la subida del IRPF aprobada en diciembre de 2011 y se\u00f1ala como objetivo del Gobierno rebajar la fiscalidad del ahorro. En tres entrevistas que publican hoy los diarios &quot;Cinco D\u00edas&quot;, &quot;Expansi\u00f3n&quot; y &quot;El economista&quot;,\" \/>\n\t\t<meta property=\"og:url\" content=\"https:\/\/www.eldigitaldeasturias.com\/noticias\/de-guindos-asegura-que-revertira-toda-la-subida-del-irpf-aprobada-en-2011\/\" \/>\n\t\t<meta property=\"og:image\" content=\"https:\/\/www.eldigitaldeasturias.com\/noticias\/wp-content\/uploads\/2026\/06\/Contenidos.jpg\" \/>\n\t\t<meta property=\"og:image:secure_url\" content=\"https:\/\/www.eldigitaldeasturias.com\/noticias\/wp-content\/uploads\/2026\/06\/Contenidos.jpg\" \/>\n\t\t<meta property=\"og:image:width\" content=\"1265\" \/>\n\t\t<meta property=\"og:image:height\" content=\"697\" \/>\n\t\t<meta property=\"article:tag\" content=\"actualidad\" \/>\n\t\t<meta property=\"article:published_time\" content=\"2014-01-25T13:59:40+00:00\" \/>\n\t\t<meta property=\"article:modified_time\" content=\"2014-01-25T13:59:40+00:00\" \/>\n\t\t<meta property=\"article:publisher\" content=\"https:\/\/facebook.com\/eldigitaldeasturias\" \/>\n\t\t<meta name=\"twitter:card\" content=\"summary_large_image\" \/>\n\t\t<meta name=\"twitter:title\" content=\"De Guindos asegura que revertir\u00e1 toda la subida del IRPF aprobada en 2011 - El Digital de Asturias\" \/>\n\t\t<meta name=\"twitter:description\" content=\"Madrid, 25 ene (EFE).- El ministro de Econom\u00eda, Luis de Guindos, asegura que la reforma fiscal revertir\u00e1 para los contribuyentes toda la subida del IRPF aprobada en diciembre de 2011 y se\u00f1ala como objetivo del Gobierno rebajar la fiscalidad del ahorro. En tres entrevistas que publican hoy los diarios &quot;Cinco D\u00edas&quot;, &quot;Expansi\u00f3n&quot; y &quot;El economista&quot;,\" \/>\n\t\t<meta name=\"twitter:image\" content=\"https:\/\/www.eldigitaldeasturias.com\/noticias\/wp-content\/uploads\/2026\/06\/Contenidos.jpg\" \/>\n\t\t<meta name=\"twitter:label1\" content=\"Escrito por\" \/>\n\t\t<meta name=\"twitter:data1\" content=\"El Digital de Asturias\" \/>\n\t\t<meta name=\"twitter:label2\" content=\"Tiempo de lectura estimado\" \/>\n\t\t<meta name=\"twitter:data2\" content=\"2 minutos\" \/>\n\t\t<script type=\"application\/ld+json\" class=\"aioseo-schema\">\n\t\t\t{\"@context\":\"https:\\\/\\\/schema.org\",\"@graph\":[{\"@type\":\"BlogPosting\",\"@id\":\"https:\\\/\\\/www.eldigitaldeasturias.com\\\/noticias\\\/de-guindos-asegura-que-revertira-toda-la-subida-del-irpf-aprobada-en-2011\\\/#blogposting\",\"name\":\"De Guindos asegura que revertir\\u00e1 toda la subida del IRPF aprobada en 2011 - El Digital de Asturias\",\"headline\":\"De Guindos asegura que revertir\\u00e1 toda la subida del IRPF aprobada en 2011\",\"author\":{\"@id\":\"https:\\\/\\\/www.eldigitaldeasturias.com\\\/noticias\\\/author\\\/admin\\\/#author\"},\"publisher\":{\"@id\":\"https:\\\/\\\/www.eldigitaldeasturias.com\\\/noticias\\\/#organization\"},\"image\":{\"@type\":\"ImageObject\",\"url\":\"https:\\\/\\\/www.eldigitaldeasturias.com\\\/noticias\\\/wp-content\\\/uploads\\\/2026\\\/06\\\/Contenidos.jpg\",\"width\":1265,\"height\":697,\"caption\":\"Contenidos\"},\"datePublished\":\"2014-01-25T12:59:40+01:00\",\"dateModified\":\"2014-01-25T12:59:40+01:00\",\"inLanguage\":\"es-ES\",\"mainEntityOfPage\":{\"@id\":\"https:\\\/\\\/www.eldigitaldeasturias.com\\\/noticias\\\/de-guindos-asegura-que-revertira-toda-la-subida-del-irpf-aprobada-en-2011\\\/#webpage\"},\"isPartOf\":{\"@id\":\"https:\\\/\\\/www.eldigitaldeasturias.com\\\/noticias\\\/de-guindos-asegura-que-revertira-toda-la-subida-del-irpf-aprobada-en-2011\\\/#webpage\"},\"articleSection\":\"Actualidad\"},{\"@type\":\"BreadcrumbList\",\"@id\":\"https:\\\/\\\/www.eldigitaldeasturias.com\\\/noticias\\\/de-guindos-asegura-que-revertira-toda-la-subida-del-irpf-aprobada-en-2011\\\/#breadcrumblist\",\"itemListElement\":[{\"@type\":\"ListItem\",\"@id\":\"https:\\\/\\\/www.eldigitaldeasturias.com\\\/noticias#listItem\",\"position\":1,\"name\":\"Home\",\"item\":\"https:\\\/\\\/www.eldigitaldeasturias.com\\\/noticias\",\"nextItem\":{\"@type\":\"ListItem\",\"@id\":\"https:\\\/\\\/www.eldigitaldeasturias.com\\\/noticias\\\/category\\\/actualidad\\\/#listItem\",\"name\":\"Actualidad\"}},{\"@type\":\"ListItem\",\"@id\":\"https:\\\/\\\/www.eldigitaldeasturias.com\\\/noticias\\\/category\\\/actualidad\\\/#listItem\",\"position\":2,\"name\":\"Actualidad\",\"item\":\"https:\\\/\\\/www.eldigitaldeasturias.com\\\/noticias\\\/category\\\/actualidad\\\/\",\"nextItem\":{\"@type\":\"ListItem\",\"@id\":\"https:\\\/\\\/www.eldigitaldeasturias.com\\\/noticias\\\/de-guindos-asegura-que-revertira-toda-la-subida-del-irpf-aprobada-en-2011\\\/#listItem\",\"name\":\"De Guindos asegura que revertir\\u00e1 toda la subida del IRPF aprobada en 2011\"},\"previousItem\":{\"@type\":\"ListItem\",\"@id\":\"https:\\\/\\\/www.eldigitaldeasturias.com\\\/noticias#listItem\",\"name\":\"Home\"}},{\"@type\":\"ListItem\",\"@id\":\"https:\\\/\\\/www.eldigitaldeasturias.com\\\/noticias\\\/de-guindos-asegura-que-revertira-toda-la-subida-del-irpf-aprobada-en-2011\\\/#listItem\",\"position\":3,\"name\":\"De Guindos asegura que revertir\\u00e1 toda la subida del IRPF aprobada en 2011\",\"previousItem\":{\"@type\":\"ListItem\",\"@id\":\"https:\\\/\\\/www.eldigitaldeasturias.com\\\/noticias\\\/category\\\/actualidad\\\/#listItem\",\"name\":\"Actualidad\"}}]},{\"@type\":\"Organization\",\"@id\":\"https:\\\/\\\/www.eldigitaldeasturias.com\\\/noticias\\\/#organization\",\"name\":\"El Digital de Asturias\",\"description\":\"Hemeroteca\",\"url\":\"https:\\\/\\\/www.eldigitaldeasturias.com\\\/noticias\\\/\",\"email\":\"info@eldigitaldeasturias.com\",\"telephone\":\"+34652131393\",\"logo\":{\"@type\":\"ImageObject\",\"url\":\"https:\\\/\\\/www.eldigitaldeasturias.com\\\/noticias\\\/wp-content\\\/uploads\\\/2020\\\/12\\\/EDA.jpg\",\"@id\":\"https:\\\/\\\/www.eldigitaldeasturias.com\\\/noticias\\\/de-guindos-asegura-que-revertira-toda-la-subida-del-irpf-aprobada-en-2011\\\/#organizationLogo\"},\"image\":{\"@id\":\"https:\\\/\\\/www.eldigitaldeasturias.com\\\/noticias\\\/de-guindos-asegura-que-revertira-toda-la-subida-del-irpf-aprobada-en-2011\\\/#organizationLogo\"},\"sameAs\":[\"https:\\\/\\\/facebook.com\\\/eldigitaldeasturias\",\"https:\\\/\\\/www.youtube.com\\\/channel\\\/UCZP-2wLEB9Rv6erhFmqVnvg\"],\"address\":{\"@id\":\"https:\\\/\\\/www.eldigitaldeasturias.com\\\/noticias\\\/#postaladdress\",\"@type\":\"PostalAddress\",\"streetAddress\":\"san antonio 4\",\"postalCode\":\"33430\",\"addressLocality\":\"Cand\\u00e1s\",\"addressRegion\":\"Asturias\",\"addressCountry\":\"ES\"}},{\"@type\":\"Person\",\"@id\":\"https:\\\/\\\/www.eldigitaldeasturias.com\\\/noticias\\\/author\\\/admin\\\/#author\",\"url\":\"https:\\\/\\\/www.eldigitaldeasturias.com\\\/noticias\\\/author\\\/admin\\\/\",\"name\":\"El Digital de Asturias\",\"image\":{\"@type\":\"ImageObject\",\"@id\":\"https:\\\/\\\/www.eldigitaldeasturias.com\\\/noticias\\\/de-guindos-asegura-que-revertira-toda-la-subida-del-irpf-aprobada-en-2011\\\/#authorImage\",\"url\":\"https:\\\/\\\/secure.gravatar.com\\\/avatar\\\/df2aeffc32bcd13f8d26072ef8a91b623d677766deac7f97ca815868cd41bf5e?s=96&d=mm&r=g\",\"width\":96,\"height\":96,\"caption\":\"El Digital de Asturias\"}},{\"@type\":\"WebPage\",\"@id\":\"https:\\\/\\\/www.eldigitaldeasturias.com\\\/noticias\\\/de-guindos-asegura-que-revertira-toda-la-subida-del-irpf-aprobada-en-2011\\\/#webpage\",\"url\":\"https:\\\/\\\/www.eldigitaldeasturias.com\\\/noticias\\\/de-guindos-asegura-que-revertira-toda-la-subida-del-irpf-aprobada-en-2011\\\/\",\"name\":\"De Guindos asegura que revertir\\u00e1 toda la subida del IRPF aprobada en 2011 - El Digital de Asturias\",\"description\":\"Madrid, 25 ene (EFE).- El ministro de Econom\\u00eda, Luis de Guindos, asegura que la reforma fiscal revertir\\u00e1 para los contribuyentes toda la subida del IRPF aprobada en diciembre de 2011 y se\\u00f1ala como objetivo del Gobierno rebajar la fiscalidad del ahorro. En tres entrevistas que publican hoy los diarios \\\"Cinco D\\u00edas\\\", \\\"Expansi\\u00f3n\\\" y \\\"El economista\\\",\",\"inLanguage\":\"es-ES\",\"isPartOf\":{\"@id\":\"https:\\\/\\\/www.eldigitaldeasturias.com\\\/noticias\\\/#website\"},\"breadcrumb\":{\"@id\":\"https:\\\/\\\/www.eldigitaldeasturias.com\\\/noticias\\\/de-guindos-asegura-que-revertira-toda-la-subida-del-irpf-aprobada-en-2011\\\/#breadcrumblist\"},\"author\":{\"@id\":\"https:\\\/\\\/www.eldigitaldeasturias.com\\\/noticias\\\/author\\\/admin\\\/#author\"},\"creator\":{\"@id\":\"https:\\\/\\\/www.eldigitaldeasturias.com\\\/noticias\\\/author\\\/admin\\\/#author\"},\"image\":{\"@type\":\"ImageObject\",\"url\":\"https:\\\/\\\/www.eldigitaldeasturias.com\\\/noticias\\\/wp-content\\\/uploads\\\/2026\\\/06\\\/Contenidos.jpg\",\"@id\":\"https:\\\/\\\/www.eldigitaldeasturias.com\\\/noticias\\\/de-guindos-asegura-que-revertira-toda-la-subida-del-irpf-aprobada-en-2011\\\/#mainImage\",\"width\":1265,\"height\":697,\"caption\":\"Contenidos\"},\"primaryImageOfPage\":{\"@id\":\"https:\\\/\\\/www.eldigitaldeasturias.com\\\/noticias\\\/de-guindos-asegura-que-revertira-toda-la-subida-del-irpf-aprobada-en-2011\\\/#mainImage\"},\"datePublished\":\"2014-01-25T12:59:40+01:00\",\"dateModified\":\"2014-01-25T12:59:40+01:00\"},{\"@type\":\"WebSite\",\"@id\":\"https:\\\/\\\/www.eldigitaldeasturias.com\\\/noticias\\\/#website\",\"url\":\"https:\\\/\\\/www.eldigitaldeasturias.com\\\/noticias\\\/\",\"name\":\"El Digital de Asturias - Diario de actualidad y noticias\",\"alternateName\":\"El Digital de Asturias - Diario de actualidad y noticias\",\"description\":\"Hemeroteca\",\"inLanguage\":\"es-ES\",\"publisher\":{\"@id\":\"https:\\\/\\\/www.eldigitaldeasturias.com\\\/noticias\\\/#organization\"}}]}\n\t\t<\/script>\n\t\t<!-- All in One SEO Pro -->\r\n\t\t<title>De Guindos asegura que revertir\u00e1 toda la subida del IRPF aprobada en 2011 - El Digital de Asturias<\/title>\n\n","aioseo_head_json":{"title":"De Guindos asegura que revertir\u00e1 toda la subida del IRPF aprobada en 2011 - El Digital de Asturias","description":"Madrid, 25 ene (EFE).- El ministro de Econom\u00eda, Luis de Guindos, asegura que la reforma fiscal revertir\u00e1 para los contribuyentes toda la subida del IRPF aprobada en diciembre de 2011 y se\u00f1ala como objetivo del Gobierno rebajar la fiscalidad del ahorro. En tres entrevistas que publican hoy los diarios \"Cinco D\u00edas\", \"Expansi\u00f3n\" y \"El economista\",","canonical_url":"https:\/\/www.eldigitaldeasturias.com\/noticias\/de-guindos-asegura-que-revertira-toda-la-subida-del-irpf-aprobada-en-2011\/","robots":"max-image-preview:large","keywords":"actualidad","webmasterTools":{"google-site-verification":"UA-38556648-1","msvalidate.01":"7dfe9f3f1b24437ab69f4f2559babe99","miscellaneous":""},"schema":{"@context":"https:\/\/schema.org","@graph":[{"@type":"BlogPosting","@id":"https:\/\/www.eldigitaldeasturias.com\/noticias\/de-guindos-asegura-que-revertira-toda-la-subida-del-irpf-aprobada-en-2011\/#blogposting","name":"De Guindos asegura que revertir\u00e1 toda la subida del IRPF aprobada en 2011 - El Digital de Asturias","headline":"De Guindos asegura que revertir\u00e1 toda la subida del IRPF aprobada en 2011","author":{"@id":"https:\/\/www.eldigitaldeasturias.com\/noticias\/author\/admin\/#author"},"publisher":{"@id":"https:\/\/www.eldigitaldeasturias.com\/noticias\/#organization"},"image":{"@type":"ImageObject","url":"https:\/\/www.eldigitaldeasturias.com\/noticias\/wp-content\/uploads\/2026\/06\/Contenidos.jpg","width":1265,"height":697,"caption":"Contenidos"},"datePublished":"2014-01-25T12:59:40+01:00","dateModified":"2014-01-25T12:59:40+01:00","inLanguage":"es-ES","mainEntityOfPage":{"@id":"https:\/\/www.eldigitaldeasturias.com\/noticias\/de-guindos-asegura-que-revertira-toda-la-subida-del-irpf-aprobada-en-2011\/#webpage"},"isPartOf":{"@id":"https:\/\/www.eldigitaldeasturias.com\/noticias\/de-guindos-asegura-que-revertira-toda-la-subida-del-irpf-aprobada-en-2011\/#webpage"},"articleSection":"Actualidad"},{"@type":"BreadcrumbList","@id":"https:\/\/www.eldigitaldeasturias.com\/noticias\/de-guindos-asegura-que-revertira-toda-la-subida-del-irpf-aprobada-en-2011\/#breadcrumblist","itemListElement":[{"@type":"ListItem","@id":"https:\/\/www.eldigitaldeasturias.com\/noticias#listItem","position":1,"name":"Home","item":"https:\/\/www.eldigitaldeasturias.com\/noticias","nextItem":{"@type":"ListItem","@id":"https:\/\/www.eldigitaldeasturias.com\/noticias\/category\/actualidad\/#listItem","name":"Actualidad"}},{"@type":"ListItem","@id":"https:\/\/www.eldigitaldeasturias.com\/noticias\/category\/actualidad\/#listItem","position":2,"name":"Actualidad","item":"https:\/\/www.eldigitaldeasturias.com\/noticias\/category\/actualidad\/","nextItem":{"@type":"ListItem","@id":"https:\/\/www.eldigitaldeasturias.com\/noticias\/de-guindos-asegura-que-revertira-toda-la-subida-del-irpf-aprobada-en-2011\/#listItem","name":"De Guindos asegura que revertir\u00e1 toda la subida del IRPF aprobada en 2011"},"previousItem":{"@type":"ListItem","@id":"https:\/\/www.eldigitaldeasturias.com\/noticias#listItem","name":"Home"}},{"@type":"ListItem","@id":"https:\/\/www.eldigitaldeasturias.com\/noticias\/de-guindos-asegura-que-revertira-toda-la-subida-del-irpf-aprobada-en-2011\/#listItem","position":3,"name":"De Guindos asegura que revertir\u00e1 toda la subida del IRPF aprobada en 2011","previousItem":{"@type":"ListItem","@id":"https:\/\/www.eldigitaldeasturias.com\/noticias\/category\/actualidad\/#listItem","name":"Actualidad"}}]},{"@type":"Organization","@id":"https:\/\/www.eldigitaldeasturias.com\/noticias\/#organization","name":"El Digital de Asturias","description":"Hemeroteca","url":"https:\/\/www.eldigitaldeasturias.com\/noticias\/","email":"info@eldigitaldeasturias.com","telephone":"+34652131393","logo":{"@type":"ImageObject","url":"https:\/\/www.eldigitaldeasturias.com\/noticias\/wp-content\/uploads\/2020\/12\/EDA.jpg","@id":"https:\/\/www.eldigitaldeasturias.com\/noticias\/de-guindos-asegura-que-revertira-toda-la-subida-del-irpf-aprobada-en-2011\/#organizationLogo"},"image":{"@id":"https:\/\/www.eldigitaldeasturias.com\/noticias\/de-guindos-asegura-que-revertira-toda-la-subida-del-irpf-aprobada-en-2011\/#organizationLogo"},"sameAs":["https:\/\/facebook.com\/eldigitaldeasturias","https:\/\/www.youtube.com\/channel\/UCZP-2wLEB9Rv6erhFmqVnvg"],"address":{"@id":"https:\/\/www.eldigitaldeasturias.com\/noticias\/#postaladdress","@type":"PostalAddress","streetAddress":"san antonio 4","postalCode":"33430","addressLocality":"Cand\u00e1s","addressRegion":"Asturias","addressCountry":"ES"}},{"@type":"Person","@id":"https:\/\/www.eldigitaldeasturias.com\/noticias\/author\/admin\/#author","url":"https:\/\/www.eldigitaldeasturias.com\/noticias\/author\/admin\/","name":"El Digital de Asturias","image":{"@type":"ImageObject","@id":"https:\/\/www.eldigitaldeasturias.com\/noticias\/de-guindos-asegura-que-revertira-toda-la-subida-del-irpf-aprobada-en-2011\/#authorImage","url":"https:\/\/secure.gravatar.com\/avatar\/df2aeffc32bcd13f8d26072ef8a91b623d677766deac7f97ca815868cd41bf5e?s=96&d=mm&r=g","width":96,"height":96,"caption":"El Digital de Asturias"}},{"@type":"WebPage","@id":"https:\/\/www.eldigitaldeasturias.com\/noticias\/de-guindos-asegura-que-revertira-toda-la-subida-del-irpf-aprobada-en-2011\/#webpage","url":"https:\/\/www.eldigitaldeasturias.com\/noticias\/de-guindos-asegura-que-revertira-toda-la-subida-del-irpf-aprobada-en-2011\/","name":"De Guindos asegura que revertir\u00e1 toda la subida del IRPF aprobada en 2011 - El Digital de Asturias","description":"Madrid, 25 ene (EFE).- El ministro de Econom\u00eda, Luis de Guindos, asegura que la reforma fiscal revertir\u00e1 para los contribuyentes toda la subida del IRPF aprobada en diciembre de 2011 y se\u00f1ala como objetivo del Gobierno rebajar la fiscalidad del ahorro. En tres entrevistas que publican hoy los diarios \"Cinco D\u00edas\", \"Expansi\u00f3n\" y \"El economista\",","inLanguage":"es-ES","isPartOf":{"@id":"https:\/\/www.eldigitaldeasturias.com\/noticias\/#website"},"breadcrumb":{"@id":"https:\/\/www.eldigitaldeasturias.com\/noticias\/de-guindos-asegura-que-revertira-toda-la-subida-del-irpf-aprobada-en-2011\/#breadcrumblist"},"author":{"@id":"https:\/\/www.eldigitaldeasturias.com\/noticias\/author\/admin\/#author"},"creator":{"@id":"https:\/\/www.eldigitaldeasturias.com\/noticias\/author\/admin\/#author"},"image":{"@type":"ImageObject","url":"https:\/\/www.eldigitaldeasturias.com\/noticias\/wp-content\/uploads\/2026\/06\/Contenidos.jpg","@id":"https:\/\/www.eldigitaldeasturias.com\/noticias\/de-guindos-asegura-que-revertira-toda-la-subida-del-irpf-aprobada-en-2011\/#mainImage","width":1265,"height":697,"caption":"Contenidos"},"primaryImageOfPage":{"@id":"https:\/\/www.eldigitaldeasturias.com\/noticias\/de-guindos-asegura-que-revertira-toda-la-subida-del-irpf-aprobada-en-2011\/#mainImage"},"datePublished":"2014-01-25T12:59:40+01:00","dateModified":"2014-01-25T12:59:40+01:00"},{"@type":"WebSite","@id":"https:\/\/www.eldigitaldeasturias.com\/noticias\/#website","url":"https:\/\/www.eldigitaldeasturias.com\/noticias\/","name":"El Digital de Asturias - Diario de actualidad y noticias","alternateName":"El Digital de Asturias - Diario de actualidad y noticias","description":"Hemeroteca","inLanguage":"es-ES","publisher":{"@id":"https:\/\/www.eldigitaldeasturias.com\/noticias\/#organization"}}]},"og:locale":"es_ES","og:site_name":"El Digital de Asturias","og:type":"article","og:title":"De Guindos asegura que revertir\u00e1 toda la subida del IRPF aprobada en 2011 - El Digital de Asturias","og:description":"Madrid, 25 ene (EFE).- El ministro de Econom\u00eda, Luis de Guindos, asegura que la reforma fiscal revertir\u00e1 para los contribuyentes toda la subida del IRPF aprobada en diciembre de 2011 y se\u00f1ala como objetivo del Gobierno rebajar la fiscalidad del ahorro. En tres entrevistas que publican hoy los diarios &quot;Cinco D\u00edas&quot;, &quot;Expansi\u00f3n&quot; y &quot;El economista&quot;,","og:url":"https:\/\/www.eldigitaldeasturias.com\/noticias\/de-guindos-asegura-que-revertira-toda-la-subida-del-irpf-aprobada-en-2011\/","og:image":"https:\/\/www.eldigitaldeasturias.com\/noticias\/wp-content\/uploads\/2026\/06\/Contenidos.jpg","og:image:secure_url":"https:\/\/www.eldigitaldeasturias.com\/noticias\/wp-content\/uploads\/2026\/06\/Contenidos.jpg","og:image:width":1265,"og:image:height":697,"article:tag":["actualidad"],"article:published_time":"2014-01-25T13:59:40+00:00","article:modified_time":"2014-01-25T13:59:40+00:00","article:publisher":"https:\/\/facebook.com\/eldigitaldeasturias","twitter:card":"summary_large_image","twitter:title":"De Guindos asegura que revertir\u00e1 toda la subida del IRPF aprobada en 2011 - El Digital de Asturias","twitter:description":"Madrid, 25 ene (EFE).- El ministro de Econom\u00eda, Luis de Guindos, asegura que la reforma fiscal revertir\u00e1 para los contribuyentes toda la subida del IRPF aprobada en diciembre de 2011 y se\u00f1ala como objetivo del Gobierno rebajar la fiscalidad del ahorro. En tres entrevistas que publican hoy los diarios &quot;Cinco D\u00edas&quot;, &quot;Expansi\u00f3n&quot; y &quot;El economista&quot;,","twitter:image":"https:\/\/www.eldigitaldeasturias.com\/noticias\/wp-content\/uploads\/2026\/06\/Contenidos.jpg","twitter:label1":"Escrito por","twitter:data1":"El Digital de Asturias","twitter:label2":"Tiempo de lectura estimado","twitter:data2":"2 minutos"},"aioseo_meta_data":{"post_id":"478691","title":null,"description":null,"keywords":null,"keyphrases":null,"primary_term":null,"canonical_url":null,"og_title":null,"og_description":null,"og_object_type":"default","og_image_type":"default","og_image_url":null,"og_image_width":null,"og_image_height":null,"og_image_custom_url":null,"og_image_custom_fields":null,"og_video":null,"og_custom_url":null,"og_article_section":null,"og_article_tags":null,"twitter_use_og":true,"twitter_card":"default","twitter_image_type":"default","twitter_image_url":null,"twitter_image_custom_url":null,"twitter_image_custom_fields":null,"twitter_title":null,"twitter_description":null,"schema":{"blockGraphs":[],"customGraphs":[],"default":{"data":{"Article":[],"Course":[],"Dataset":[],"FAQPage":[],"Movie":[],"Person":[],"Product":[],"ProductReview":[],"Car":[],"Recipe":[],"Service":[],"SoftwareApplication":[],"WebPage":[]},"graphName":"","isEnabled":true},"graphs":[],"defaultGraph":"","defaultPostTypeGraph":""},"schema_type":null,"schema_type_options":null,"pillar_content":false,"robots_default":true,"robots_noindex":false,"robots_noarchive":false,"robots_nosnippet":false,"robots_nofollow":false,"robots_noimageindex":false,"robots_noodp":false,"robots_notranslate":false,"robots_max_snippet":null,"robots_max_videopreview":null,"robots_max_imagepreview":"none","priority":null,"frequency":null,"local_seo":null,"seo_analyzer_scan_date":"2026-06-01 22:17:03","breadcrumb_settings":null,"limit_modified_date":false,"open_ai":null,"ai":null,"created":"2020-11-14 22:53:57","updated":"2026-06-01 22:17:03","focus_keyword":null,"additional_keywords":null,"truseo_locale":null},"aioseo_breadcrumb":"<div class=\"aioseo-breadcrumbs\"><span class=\"aioseo-breadcrumb\">\n\t<a href=\"https:\/\/www.eldigitaldeasturias.com\/noticias\" title=\"Home\">Home<\/a>\n<\/span><span class=\"aioseo-breadcrumb-separator\">\u2013<\/span><span class=\"aioseo-breadcrumb\">\n\t<a href=\"https:\/\/www.eldigitaldeasturias.com\/noticias\/category\/actualidad\/\" title=\"Actualidad\">Actualidad<\/a>\n<\/span><span class=\"aioseo-breadcrumb-separator\">\u2013<\/span><span class=\"aioseo-breadcrumb\">\n\t<a href=\"https:\/\/www.eldigitaldeasturias.com\/noticias\/de-guindos-asegura-que-revertira-toda-la-subida-del-irpf-aprobada-en-2011\/\" title=\"De Guindos asegura que revertir\u00e1 toda la subida del IRPF aprobada en 2011\">De Guindos asegura que revertir\u00e1 toda la subida del IRPF aprobada en 2011<\/a>\n<\/span><\/div>","aioseo_breadcrumb_json":[{"label":"Home","link":"https:\/\/www.eldigitaldeasturias.com\/noticias"},{"label":"Actualidad","link":"https:\/\/www.eldigitaldeasturias.com\/noticias\/category\/actualidad\/"},{"label":"De Guindos asegura que revertir\u00e1 toda la subida del IRPF aprobada en 2011","link":"https:\/\/www.eldigitaldeasturias.com\/noticias\/de-guindos-asegura-que-revertira-toda-la-subida-del-irpf-aprobada-en-2011\/"}],"_links":{"self":[{"href":"https:\/\/www.eldigitaldeasturias.com\/noticias\/wp-json\/wp\/v2\/posts\/478691","targetHints":{"allow":["GET"]}}],"collection":[{"href":"https:\/\/www.eldigitaldeasturias.com\/noticias\/wp-json\/wp\/v2\/posts"}],"about":[{"href":"https:\/\/www.eldigitaldeasturias.com\/noticias\/wp-json\/wp\/v2\/types\/post"}],"author":[{"embeddable":true,"href":"https:\/\/www.eldigitaldeasturias.com\/noticias\/wp-json\/wp\/v2\/users\/1"}],"replies":[{"embeddable":true,"href":"https:\/\/www.eldigitaldeasturias.com\/noticias\/wp-json\/wp\/v2\/comments?post=478691"}],"version-history":[{"count":0,"href":"https:\/\/www.eldigitaldeasturias.com\/noticias\/wp-json\/wp\/v2\/posts\/478691\/revisions"}],"wp:featuredmedia":[{"embeddable":true,"href":"https:\/\/www.eldigitaldeasturias.com\/noticias\/wp-json\/wp\/v2\/media\/1132184"}],"wp:attachment":[{"href":"https:\/\/www.eldigitaldeasturias.com\/noticias\/wp-json\/wp\/v2\/media?parent=478691"}],"wp:term":[{"taxonomy":"category","embeddable":true,"href":"https:\/\/www.eldigitaldeasturias.com\/noticias\/wp-json\/wp\/v2\/categories?post=478691"},{"taxonomy":"post_tag","embeddable":true,"href":"https:\/\/www.eldigitaldeasturias.com\/noticias\/wp-json\/wp\/v2\/tags?post=478691"}],"curies":[{"name":"wp","href":"https:\/\/api.w.org\/{rel}","templated":true}]}}