{"id":478683,"date":"2014-01-25T12:50:07","date_gmt":"2014-01-25T13:50:07","guid":{"rendered":"http:\/\/www.eldigitaldeasturias.com\/noticias\/?p=478683"},"modified":"2014-01-25T12:50:07","modified_gmt":"2014-01-25T13:50:07","slug":"guardianes-del-paraiso-la-campana-turistica-del-principado-triunfa-en-fitur","status":"publish","type":"post","link":"https:\/\/www.eldigitaldeasturias.com\/noticias\/guardianes-del-paraiso-la-campana-turistica-del-principado-triunfa-en-fitur\/","title":{"rendered":"\u201cGuardianes del Para\u00edso\u201d, la campa\u00f1a tur\u00edstica del Principado, triunfa en Fitur."},"content":{"rendered":"<p><img loading=\"lazy\" decoding=\"async\" class=\"alignleft size-medium wp-image-477436\" alt=\"2014_01_23 Fitur calendario deportivo 2\" src=\"https:\/\/www.eldigitaldeasturias.com\/noticias\/wp-content\/uploads\/2014\/01\/2014_01_23-Fitur-calendario-deportivo-2-360x217.jpg\" width=\"360\" height=\"217\" \/>Asturias particip\u00f3 en la tarde de ayer en la tercera edici\u00f3n del Social Media Sharing de Fitur, el encuentro de profesionales de la comunicaci\u00f3n y el marketing tur\u00edstico.<\/p>\n<p>La campa\u00f1a \u201cGuardianes del Para\u00edso\u201d, nacida en marzo de 2013, fue seleccionada por la organizaci\u00f3n de este evento profesional como caso de \u00e9xito en la integraci\u00f3n de medios on y off-line en el dise\u00f1o y ejecuci\u00f3n de una campa\u00f1a de promoci\u00f3n tur\u00edstica. Asturias comparti\u00f3 protagonismo con representantes de Paradores de Espa\u00f1a y Palladium Hoteles, que tambi\u00e9n obtuvieron el reconocimiento por parte de la organizaci\u00f3n.<\/p>\n<p>Asturias tuvo oportunidad de relatar durante el transcurso de la jornada su estrategia global de campa\u00f1a que tiene por objetivo convertir a todos los amantes de Asturias en prescriptores, anim\u00e1ndoles a compartir y multiplicar el mensaje de la campa\u00f1a que recoge los principales valores del turismo del Principado.<\/p>\n<p>Actualmente \u201cGuardianes del Para\u00edso\u201d cuenta con m\u00e1s de 8.000 seguidores en Facebook y 3.000 en Twitter. Adem\u00e1s dispone de una plataforma propia que ha permitido generar actividad a partir de la creaci\u00f3n de contenidos por todas aquellas personas que se sumaron a la iniciativa y se convirtieron en los aut\u00e9nticos protagonistas de la campa\u00f1a.<\/p>\n<p>\u201cGuardianes del Para\u00edso\u201d continuar\u00e1 siendo la campa\u00f1a de referencia para la promoci\u00f3n tur\u00edstica del Principado durante el presente a\u00f1o y su reto es seguir posicionando el destino tur\u00edstico Asturias en el mercado nacional.<\/p>\n","protected":false},"excerpt":{"rendered":"<p>Asturias particip\u00f3 en la tarde de ayer en la tercera edici\u00f3n del Social Media Sharing de Fitur, el encuentro de profesionales de la comunicaci\u00f3n y el marketing tur\u00edstico. La campa\u00f1a \u201cGuardianes del Para\u00edso\u201d, nacida en marzo de 2013, fue seleccionada por la organizaci\u00f3n de este evento profesional como caso de \u00e9xito en la integraci\u00f3n de [&hellip;]<\/p>\n","protected":false},"author":1,"featured_media":0,"comment_status":"closed","ping_status":"open","sticky":false,"template":"","format":"standard","meta":{"footnotes":""},"categories":[148],"tags":[],"class_list":["post-478683","post","type-post","status-publish","format-standard","hentry","category-turismo"],"aioseo_notices":[],"aioseo_head":"\n\t\t<!-- All in One SEO Pro 4.9.6.2 - aioseo.com -->\n\t<meta name=\"description\" content=\"Asturias particip\u00f3 en la tarde de ayer en la tercera edici\u00f3n del Social Media Sharing de Fitur, el encuentro de profesionales de la comunicaci\u00f3n y el marketing tur\u00edstico. La campa\u00f1a \u201cGuardianes del Para\u00edso\u201d, nacida en marzo de 2013, fue seleccionada por la organizaci\u00f3n de este evento profesional como caso de \u00e9xito en la integraci\u00f3n de\" \/>\n\t<meta name=\"robots\" content=\"max-image-preview:large\" \/>\n\t<meta name=\"author\" content=\"El Digital de Asturias\"\/>\n\t<meta name=\"google-site-verification\" content=\"UA-38556648-1\" \/>\n\t<meta name=\"msvalidate.01\" content=\"7dfe9f3f1b24437ab69f4f2559babe99\" \/>\n\t<meta name=\"keywords\" content=\"turismo\" \/>\n\t<link rel=\"canonical\" href=\"https:\/\/www.eldigitaldeasturias.com\/noticias\/guardianes-del-paraiso-la-campana-turistica-del-principado-triunfa-en-fitur\/\" \/>\n\t<meta name=\"generator\" content=\"All in One SEO Pro (AIOSEO) 4.9.6.2\" \/>\n\t\t<meta property=\"og:locale\" content=\"es_ES\" \/>\n\t\t<meta property=\"og:site_name\" content=\"El Digital de Asturias\" \/>\n\t\t<meta property=\"og:type\" content=\"article\" \/>\n\t\t<meta property=\"og:title\" content=\"\u201cGuardianes del Para\u00edso\u201d, la campa\u00f1a tur\u00edstica del Principado, triunfa en Fitur. - El Digital de Asturias\" \/>\n\t\t<meta property=\"og:description\" content=\"Asturias particip\u00f3 en la tarde de ayer en la tercera edici\u00f3n del Social Media Sharing de Fitur, el encuentro de profesionales de la comunicaci\u00f3n y el marketing tur\u00edstico. La campa\u00f1a \u201cGuardianes del Para\u00edso\u201d, nacida en marzo de 2013, fue seleccionada por la organizaci\u00f3n de este evento profesional como caso de \u00e9xito en la integraci\u00f3n de\" \/>\n\t\t<meta property=\"og:url\" content=\"https:\/\/www.eldigitaldeasturias.com\/noticias\/guardianes-del-paraiso-la-campana-turistica-del-principado-triunfa-en-fitur\/\" \/>\n\t\t<meta property=\"article:tag\" content=\"turismo\" \/>\n\t\t<meta property=\"article:published_time\" content=\"2014-01-25T13:50:07+00:00\" \/>\n\t\t<meta property=\"article:modified_time\" content=\"2014-01-25T13:50:07+00:00\" \/>\n\t\t<meta property=\"article:publisher\" content=\"https:\/\/facebook.com\/eldigitaldeasturias\" \/>\n\t\t<meta name=\"twitter:card\" content=\"summary_large_image\" \/>\n\t\t<meta name=\"twitter:title\" content=\"\u201cGuardianes del Para\u00edso\u201d, la campa\u00f1a tur\u00edstica del Principado, triunfa en Fitur. - El Digital de Asturias\" \/>\n\t\t<meta name=\"twitter:description\" content=\"Asturias particip\u00f3 en la tarde de ayer en la tercera edici\u00f3n del Social Media Sharing de Fitur, el encuentro de profesionales de la comunicaci\u00f3n y el marketing tur\u00edstico. La campa\u00f1a \u201cGuardianes del Para\u00edso\u201d, nacida en marzo de 2013, fue seleccionada por la organizaci\u00f3n de este evento profesional como caso de \u00e9xito en la integraci\u00f3n de\" \/>\n\t\t<meta name=\"twitter:label1\" content=\"Escrito por\" \/>\n\t\t<meta name=\"twitter:data1\" content=\"El Digital de Asturias\" \/>\n\t\t<meta name=\"twitter:label2\" content=\"Tiempo de lectura estimado\" \/>\n\t\t<meta name=\"twitter:data2\" content=\"1 minuto\" \/>\n\t\t<script type=\"application\/ld+json\" class=\"aioseo-schema\">\n\t\t\t{\"@context\":\"https:\\\/\\\/schema.org\",\"@graph\":[{\"@type\":\"BlogPosting\",\"@id\":\"https:\\\/\\\/www.eldigitaldeasturias.com\\\/noticias\\\/guardianes-del-paraiso-la-campana-turistica-del-principado-triunfa-en-fitur\\\/#blogposting\",\"name\":\"\\u201cGuardianes del Para\\u00edso\\u201d, la campa\\u00f1a tur\\u00edstica del Principado, triunfa en Fitur. - El Digital de Asturias\",\"headline\":\"\\u201cGuardianes del Para\\u00edso\\u201d, la campa\\u00f1a tur\\u00edstica del Principado, triunfa en Fitur.\",\"author\":{\"@id\":\"https:\\\/\\\/www.eldigitaldeasturias.com\\\/noticias\\\/author\\\/admin\\\/#author\"},\"publisher\":{\"@id\":\"https:\\\/\\\/www.eldigitaldeasturias.com\\\/noticias\\\/#organization\"},\"image\":{\"@type\":\"ImageObject\",\"url\":\"http:\\\/\\\/www.eldigitaldeasturias.com\\\/noticias\\\/wp-content\\\/uploads\\\/2014\\\/01\\\/2014_01_23-Fitur-calendario-deportivo-2-360x217.jpg\",\"@id\":\"https:\\\/\\\/www.eldigitaldeasturias.com\\\/noticias\\\/guardianes-del-paraiso-la-campana-turistica-del-principado-triunfa-en-fitur\\\/#articleImage\"},\"datePublished\":\"2014-01-25T12:50:07+01:00\",\"dateModified\":\"2014-01-25T12:50:07+01:00\",\"inLanguage\":\"es-ES\",\"mainEntityOfPage\":{\"@id\":\"https:\\\/\\\/www.eldigitaldeasturias.com\\\/noticias\\\/guardianes-del-paraiso-la-campana-turistica-del-principado-triunfa-en-fitur\\\/#webpage\"},\"isPartOf\":{\"@id\":\"https:\\\/\\\/www.eldigitaldeasturias.com\\\/noticias\\\/guardianes-del-paraiso-la-campana-turistica-del-principado-triunfa-en-fitur\\\/#webpage\"},\"articleSection\":\"Turismo\"},{\"@type\":\"BreadcrumbList\",\"@id\":\"https:\\\/\\\/www.eldigitaldeasturias.com\\\/noticias\\\/guardianes-del-paraiso-la-campana-turistica-del-principado-triunfa-en-fitur\\\/#breadcrumblist\",\"itemListElement\":[{\"@type\":\"ListItem\",\"@id\":\"https:\\\/\\\/www.eldigitaldeasturias.com\\\/noticias#listItem\",\"position\":1,\"name\":\"Home\",\"item\":\"https:\\\/\\\/www.eldigitaldeasturias.com\\\/noticias\",\"nextItem\":{\"@type\":\"ListItem\",\"@id\":\"https:\\\/\\\/www.eldigitaldeasturias.com\\\/noticias\\\/category\\\/turismo\\\/#listItem\",\"name\":\"Turismo\"}},{\"@type\":\"ListItem\",\"@id\":\"https:\\\/\\\/www.eldigitaldeasturias.com\\\/noticias\\\/category\\\/turismo\\\/#listItem\",\"position\":2,\"name\":\"Turismo\",\"item\":\"https:\\\/\\\/www.eldigitaldeasturias.com\\\/noticias\\\/category\\\/turismo\\\/\",\"nextItem\":{\"@type\":\"ListItem\",\"@id\":\"https:\\\/\\\/www.eldigitaldeasturias.com\\\/noticias\\\/guardianes-del-paraiso-la-campana-turistica-del-principado-triunfa-en-fitur\\\/#listItem\",\"name\":\"\\u201cGuardianes del Para\\u00edso\\u201d, la campa\\u00f1a tur\\u00edstica del Principado, triunfa en Fitur.\"},\"previousItem\":{\"@type\":\"ListItem\",\"@id\":\"https:\\\/\\\/www.eldigitaldeasturias.com\\\/noticias#listItem\",\"name\":\"Home\"}},{\"@type\":\"ListItem\",\"@id\":\"https:\\\/\\\/www.eldigitaldeasturias.com\\\/noticias\\\/guardianes-del-paraiso-la-campana-turistica-del-principado-triunfa-en-fitur\\\/#listItem\",\"position\":3,\"name\":\"\\u201cGuardianes del Para\\u00edso\\u201d, la campa\\u00f1a tur\\u00edstica del Principado, triunfa en Fitur.\",\"previousItem\":{\"@type\":\"ListItem\",\"@id\":\"https:\\\/\\\/www.eldigitaldeasturias.com\\\/noticias\\\/category\\\/turismo\\\/#listItem\",\"name\":\"Turismo\"}}]},{\"@type\":\"Organization\",\"@id\":\"https:\\\/\\\/www.eldigitaldeasturias.com\\\/noticias\\\/#organization\",\"name\":\"El Digital de Asturias\",\"description\":\"Hemeroteca\",\"url\":\"https:\\\/\\\/www.eldigitaldeasturias.com\\\/noticias\\\/\",\"email\":\"info@eldigitaldeasturias.com\",\"telephone\":\"+34652131393\",\"logo\":{\"@type\":\"ImageObject\",\"url\":\"https:\\\/\\\/www.eldigitaldeasturias.com\\\/noticias\\\/wp-content\\\/uploads\\\/2020\\\/12\\\/EDA.jpg\",\"@id\":\"https:\\\/\\\/www.eldigitaldeasturias.com\\\/noticias\\\/guardianes-del-paraiso-la-campana-turistica-del-principado-triunfa-en-fitur\\\/#organizationLogo\",\"width\":649,\"height\":297},\"image\":{\"@id\":\"https:\\\/\\\/www.eldigitaldeasturias.com\\\/noticias\\\/guardianes-del-paraiso-la-campana-turistica-del-principado-triunfa-en-fitur\\\/#organizationLogo\"},\"sameAs\":[\"https:\\\/\\\/facebook.com\\\/eldigitaldeasturias\",\"https:\\\/\\\/www.youtube.com\\\/channel\\\/UCZP-2wLEB9Rv6erhFmqVnvg\"],\"address\":{\"@id\":\"https:\\\/\\\/www.eldigitaldeasturias.com\\\/noticias\\\/#postaladdress\",\"@type\":\"PostalAddress\",\"streetAddress\":\"san antonio 4,\",\"postalCode\":\"33430\",\"addressLocality\":\"Cand\\u00e1s\",\"addressRegion\":\"Asturias\",\"addressCountry\":\"ES\"}},{\"@type\":\"Person\",\"@id\":\"https:\\\/\\\/www.eldigitaldeasturias.com\\\/noticias\\\/author\\\/admin\\\/#author\",\"url\":\"https:\\\/\\\/www.eldigitaldeasturias.com\\\/noticias\\\/author\\\/admin\\\/\",\"name\":\"El Digital de Asturias\",\"image\":{\"@type\":\"ImageObject\",\"@id\":\"https:\\\/\\\/www.eldigitaldeasturias.com\\\/noticias\\\/guardianes-del-paraiso-la-campana-turistica-del-principado-triunfa-en-fitur\\\/#authorImage\",\"url\":\"https:\\\/\\\/www.eldigitaldeasturias.com\\\/noticias\\\/wp-content\\\/litespeed\\\/avatar\\\/18677e78aa0546b92d9dbf31ec7d7668.jpg?ver=1776685526\",\"width\":96,\"height\":96,\"caption\":\"El Digital de Asturias\"}},{\"@type\":\"WebPage\",\"@id\":\"https:\\\/\\\/www.eldigitaldeasturias.com\\\/noticias\\\/guardianes-del-paraiso-la-campana-turistica-del-principado-triunfa-en-fitur\\\/#webpage\",\"url\":\"https:\\\/\\\/www.eldigitaldeasturias.com\\\/noticias\\\/guardianes-del-paraiso-la-campana-turistica-del-principado-triunfa-en-fitur\\\/\",\"name\":\"\\u201cGuardianes del Para\\u00edso\\u201d, la campa\\u00f1a tur\\u00edstica del Principado, triunfa en Fitur. - El Digital de Asturias\",\"description\":\"Asturias particip\\u00f3 en la tarde de ayer en la tercera edici\\u00f3n del Social Media Sharing de Fitur, el encuentro de profesionales de la comunicaci\\u00f3n y el marketing tur\\u00edstico. La campa\\u00f1a \\u201cGuardianes del Para\\u00edso\\u201d, nacida en marzo de 2013, fue seleccionada por la organizaci\\u00f3n de este evento profesional como caso de \\u00e9xito en la integraci\\u00f3n de\",\"inLanguage\":\"es-ES\",\"isPartOf\":{\"@id\":\"https:\\\/\\\/www.eldigitaldeasturias.com\\\/noticias\\\/#website\"},\"breadcrumb\":{\"@id\":\"https:\\\/\\\/www.eldigitaldeasturias.com\\\/noticias\\\/guardianes-del-paraiso-la-campana-turistica-del-principado-triunfa-en-fitur\\\/#breadcrumblist\"},\"author\":{\"@id\":\"https:\\\/\\\/www.eldigitaldeasturias.com\\\/noticias\\\/author\\\/admin\\\/#author\"},\"creator\":{\"@id\":\"https:\\\/\\\/www.eldigitaldeasturias.com\\\/noticias\\\/author\\\/admin\\\/#author\"},\"datePublished\":\"2014-01-25T12:50:07+01:00\",\"dateModified\":\"2014-01-25T12:50:07+01:00\"},{\"@type\":\"WebSite\",\"@id\":\"https:\\\/\\\/www.eldigitaldeasturias.com\\\/noticias\\\/#website\",\"url\":\"https:\\\/\\\/www.eldigitaldeasturias.com\\\/noticias\\\/\",\"name\":\"El Digital de Asturias - Diario de actualidad y noticias\",\"alternateName\":\"El Digital de Asturias - Diario de actualidad y noticias\",\"description\":\"Hemeroteca\",\"inLanguage\":\"es-ES\",\"publisher\":{\"@id\":\"https:\\\/\\\/www.eldigitaldeasturias.com\\\/noticias\\\/#organization\"}}]}\n\t\t<\/script>\n\t\t<!-- All in One SEO Pro -->\r\n\t\t<title>\u201cGuardianes del Para\u00edso\u201d, la campa\u00f1a tur\u00edstica del Principado, triunfa en Fitur. - El Digital de Asturias<\/title>\n\n","aioseo_head_json":{"title":"\u201cGuardianes del Para\u00edso\u201d, la campa\u00f1a tur\u00edstica del Principado, triunfa en Fitur. - El Digital de Asturias","description":"Asturias particip\u00f3 en la tarde de ayer en la tercera edici\u00f3n del Social Media Sharing de Fitur, el encuentro de profesionales de la comunicaci\u00f3n y el marketing tur\u00edstico. La campa\u00f1a \u201cGuardianes del Para\u00edso\u201d, nacida en marzo de 2013, fue seleccionada por la organizaci\u00f3n de este evento profesional como caso de \u00e9xito en la integraci\u00f3n de","canonical_url":"https:\/\/www.eldigitaldeasturias.com\/noticias\/guardianes-del-paraiso-la-campana-turistica-del-principado-triunfa-en-fitur\/","robots":"max-image-preview:large","keywords":"turismo","webmasterTools":{"google-site-verification":"UA-38556648-1","msvalidate.01":"7dfe9f3f1b24437ab69f4f2559babe99","miscellaneous":""},"schema":{"@context":"https:\/\/schema.org","@graph":[{"@type":"BlogPosting","@id":"https:\/\/www.eldigitaldeasturias.com\/noticias\/guardianes-del-paraiso-la-campana-turistica-del-principado-triunfa-en-fitur\/#blogposting","name":"\u201cGuardianes del Para\u00edso\u201d, la campa\u00f1a tur\u00edstica del Principado, triunfa en Fitur. - El Digital de Asturias","headline":"\u201cGuardianes del Para\u00edso\u201d, la campa\u00f1a tur\u00edstica del Principado, triunfa en Fitur.","author":{"@id":"https:\/\/www.eldigitaldeasturias.com\/noticias\/author\/admin\/#author"},"publisher":{"@id":"https:\/\/www.eldigitaldeasturias.com\/noticias\/#organization"},"image":{"@type":"ImageObject","url":"http:\/\/www.eldigitaldeasturias.com\/noticias\/wp-content\/uploads\/2014\/01\/2014_01_23-Fitur-calendario-deportivo-2-360x217.jpg","@id":"https:\/\/www.eldigitaldeasturias.com\/noticias\/guardianes-del-paraiso-la-campana-turistica-del-principado-triunfa-en-fitur\/#articleImage"},"datePublished":"2014-01-25T12:50:07+01:00","dateModified":"2014-01-25T12:50:07+01:00","inLanguage":"es-ES","mainEntityOfPage":{"@id":"https:\/\/www.eldigitaldeasturias.com\/noticias\/guardianes-del-paraiso-la-campana-turistica-del-principado-triunfa-en-fitur\/#webpage"},"isPartOf":{"@id":"https:\/\/www.eldigitaldeasturias.com\/noticias\/guardianes-del-paraiso-la-campana-turistica-del-principado-triunfa-en-fitur\/#webpage"},"articleSection":"Turismo"},{"@type":"BreadcrumbList","@id":"https:\/\/www.eldigitaldeasturias.com\/noticias\/guardianes-del-paraiso-la-campana-turistica-del-principado-triunfa-en-fitur\/#breadcrumblist","itemListElement":[{"@type":"ListItem","@id":"https:\/\/www.eldigitaldeasturias.com\/noticias#listItem","position":1,"name":"Home","item":"https:\/\/www.eldigitaldeasturias.com\/noticias","nextItem":{"@type":"ListItem","@id":"https:\/\/www.eldigitaldeasturias.com\/noticias\/category\/turismo\/#listItem","name":"Turismo"}},{"@type":"ListItem","@id":"https:\/\/www.eldigitaldeasturias.com\/noticias\/category\/turismo\/#listItem","position":2,"name":"Turismo","item":"https:\/\/www.eldigitaldeasturias.com\/noticias\/category\/turismo\/","nextItem":{"@type":"ListItem","@id":"https:\/\/www.eldigitaldeasturias.com\/noticias\/guardianes-del-paraiso-la-campana-turistica-del-principado-triunfa-en-fitur\/#listItem","name":"\u201cGuardianes del Para\u00edso\u201d, la campa\u00f1a tur\u00edstica del Principado, triunfa en Fitur."},"previousItem":{"@type":"ListItem","@id":"https:\/\/www.eldigitaldeasturias.com\/noticias#listItem","name":"Home"}},{"@type":"ListItem","@id":"https:\/\/www.eldigitaldeasturias.com\/noticias\/guardianes-del-paraiso-la-campana-turistica-del-principado-triunfa-en-fitur\/#listItem","position":3,"name":"\u201cGuardianes del Para\u00edso\u201d, la campa\u00f1a tur\u00edstica del Principado, triunfa en Fitur.","previousItem":{"@type":"ListItem","@id":"https:\/\/www.eldigitaldeasturias.com\/noticias\/category\/turismo\/#listItem","name":"Turismo"}}]},{"@type":"Organization","@id":"https:\/\/www.eldigitaldeasturias.com\/noticias\/#organization","name":"El Digital de Asturias","description":"Hemeroteca","url":"https:\/\/www.eldigitaldeasturias.com\/noticias\/","email":"info@eldigitaldeasturias.com","telephone":"+34652131393","logo":{"@type":"ImageObject","url":"https:\/\/www.eldigitaldeasturias.com\/noticias\/wp-content\/uploads\/2020\/12\/EDA.jpg","@id":"https:\/\/www.eldigitaldeasturias.com\/noticias\/guardianes-del-paraiso-la-campana-turistica-del-principado-triunfa-en-fitur\/#organizationLogo","width":649,"height":297},"image":{"@id":"https:\/\/www.eldigitaldeasturias.com\/noticias\/guardianes-del-paraiso-la-campana-turistica-del-principado-triunfa-en-fitur\/#organizationLogo"},"sameAs":["https:\/\/facebook.com\/eldigitaldeasturias","https:\/\/www.youtube.com\/channel\/UCZP-2wLEB9Rv6erhFmqVnvg"],"address":{"@id":"https:\/\/www.eldigitaldeasturias.com\/noticias\/#postaladdress","@type":"PostalAddress","streetAddress":"san antonio 4,","postalCode":"33430","addressLocality":"Cand\u00e1s","addressRegion":"Asturias","addressCountry":"ES"}},{"@type":"Person","@id":"https:\/\/www.eldigitaldeasturias.com\/noticias\/author\/admin\/#author","url":"https:\/\/www.eldigitaldeasturias.com\/noticias\/author\/admin\/","name":"El Digital de Asturias","image":{"@type":"ImageObject","@id":"https:\/\/www.eldigitaldeasturias.com\/noticias\/guardianes-del-paraiso-la-campana-turistica-del-principado-triunfa-en-fitur\/#authorImage","url":"https:\/\/www.eldigitaldeasturias.com\/noticias\/wp-content\/litespeed\/avatar\/18677e78aa0546b92d9dbf31ec7d7668.jpg?ver=1776685526","width":96,"height":96,"caption":"El Digital de Asturias"}},{"@type":"WebPage","@id":"https:\/\/www.eldigitaldeasturias.com\/noticias\/guardianes-del-paraiso-la-campana-turistica-del-principado-triunfa-en-fitur\/#webpage","url":"https:\/\/www.eldigitaldeasturias.com\/noticias\/guardianes-del-paraiso-la-campana-turistica-del-principado-triunfa-en-fitur\/","name":"\u201cGuardianes del Para\u00edso\u201d, la campa\u00f1a tur\u00edstica del Principado, triunfa en Fitur. - El Digital de Asturias","description":"Asturias particip\u00f3 en la tarde de ayer en la tercera edici\u00f3n del Social Media Sharing de Fitur, el encuentro de profesionales de la comunicaci\u00f3n y el marketing tur\u00edstico. La campa\u00f1a \u201cGuardianes del Para\u00edso\u201d, nacida en marzo de 2013, fue seleccionada por la organizaci\u00f3n de este evento profesional como caso de \u00e9xito en la integraci\u00f3n de","inLanguage":"es-ES","isPartOf":{"@id":"https:\/\/www.eldigitaldeasturias.com\/noticias\/#website"},"breadcrumb":{"@id":"https:\/\/www.eldigitaldeasturias.com\/noticias\/guardianes-del-paraiso-la-campana-turistica-del-principado-triunfa-en-fitur\/#breadcrumblist"},"author":{"@id":"https:\/\/www.eldigitaldeasturias.com\/noticias\/author\/admin\/#author"},"creator":{"@id":"https:\/\/www.eldigitaldeasturias.com\/noticias\/author\/admin\/#author"},"datePublished":"2014-01-25T12:50:07+01:00","dateModified":"2014-01-25T12:50:07+01:00"},{"@type":"WebSite","@id":"https:\/\/www.eldigitaldeasturias.com\/noticias\/#website","url":"https:\/\/www.eldigitaldeasturias.com\/noticias\/","name":"El Digital de Asturias - Diario de actualidad y noticias","alternateName":"El Digital de Asturias - Diario de actualidad y noticias","description":"Hemeroteca","inLanguage":"es-ES","publisher":{"@id":"https:\/\/www.eldigitaldeasturias.com\/noticias\/#organization"}}]},"og:locale":"es_ES","og:site_name":"El Digital de Asturias","og:type":"article","og:title":"\u201cGuardianes del Para\u00edso\u201d, la campa\u00f1a tur\u00edstica del Principado, triunfa en Fitur. - El Digital de Asturias","og:description":"Asturias particip\u00f3 en la tarde de ayer en la tercera edici\u00f3n del Social Media Sharing de Fitur, el encuentro de profesionales de la comunicaci\u00f3n y el marketing tur\u00edstico. La campa\u00f1a \u201cGuardianes del Para\u00edso\u201d, nacida en marzo de 2013, fue seleccionada por la organizaci\u00f3n de este evento profesional como caso de \u00e9xito en la integraci\u00f3n de","og:url":"https:\/\/www.eldigitaldeasturias.com\/noticias\/guardianes-del-paraiso-la-campana-turistica-del-principado-triunfa-en-fitur\/","article:tag":["turismo"],"article:published_time":"2014-01-25T13:50:07+00:00","article:modified_time":"2014-01-25T13:50:07+00:00","article:publisher":"https:\/\/facebook.com\/eldigitaldeasturias","twitter:card":"summary_large_image","twitter:title":"\u201cGuardianes del Para\u00edso\u201d, la campa\u00f1a tur\u00edstica del Principado, triunfa en Fitur. - El Digital de Asturias","twitter:description":"Asturias particip\u00f3 en la tarde de ayer en la tercera edici\u00f3n del Social Media Sharing de Fitur, el encuentro de profesionales de la comunicaci\u00f3n y el marketing tur\u00edstico. La campa\u00f1a \u201cGuardianes del Para\u00edso\u201d, nacida en marzo de 2013, fue seleccionada por la organizaci\u00f3n de este evento profesional como caso de \u00e9xito en la integraci\u00f3n de","twitter:label1":"Escrito por","twitter:data1":"El Digital de Asturias","twitter:label2":"Tiempo de lectura estimado","twitter:data2":"1 minuto"},"aioseo_meta_data":{"post_id":"478683","title":null,"description":null,"keywords":null,"keyphrases":null,"primary_term":null,"canonical_url":null,"og_title":null,"og_description":null,"og_object_type":"default","og_image_type":"default","og_image_url":null,"og_image_width":null,"og_image_height":null,"og_image_custom_url":null,"og_image_custom_fields":null,"og_video":null,"og_custom_url":null,"og_article_section":null,"og_article_tags":null,"twitter_use_og":true,"twitter_card":"default","twitter_image_type":"default","twitter_image_url":null,"twitter_image_custom_url":null,"twitter_image_custom_fields":null,"twitter_title":null,"twitter_description":null,"schema":{"blockGraphs":[],"customGraphs":[],"default":{"data":{"Article":[],"Course":[],"Dataset":[],"FAQPage":[],"Movie":[],"Person":[],"Product":[],"ProductReview":[],"Car":[],"Recipe":[],"Service":[],"SoftwareApplication":[],"WebPage":[]},"graphName":"","isEnabled":true},"graphs":[],"defaultGraph":"","defaultPostTypeGraph":""},"schema_type":null,"schema_type_options":null,"pillar_content":false,"robots_default":true,"robots_noindex":false,"robots_noarchive":false,"robots_nosnippet":false,"robots_nofollow":false,"robots_noimageindex":false,"robots_noodp":false,"robots_notranslate":false,"robots_max_snippet":null,"robots_max_videopreview":null,"robots_max_imagepreview":"none","priority":null,"frequency":null,"local_seo":null,"seo_analyzer_scan_date":"2025-08-26 04:21:52","breadcrumb_settings":null,"limit_modified_date":false,"open_ai":null,"ai":null,"created":"2020-11-14 22:53:57","updated":"2025-08-26 04:21:52"},"aioseo_breadcrumb":"<div class=\"aioseo-breadcrumbs\"><span class=\"aioseo-breadcrumb\">\n\t<a href=\"https:\/\/www.eldigitaldeasturias.com\/noticias\" title=\"Home\">Home<\/a>\n<\/span><span class=\"aioseo-breadcrumb-separator\">\u2013<\/span><span class=\"aioseo-breadcrumb\">\n\t<a href=\"https:\/\/www.eldigitaldeasturias.com\/noticias\/category\/turismo\/\" title=\"Turismo\">Turismo<\/a>\n<\/span><span class=\"aioseo-breadcrumb-separator\">\u2013<\/span><span class=\"aioseo-breadcrumb\">\n\t<a href=\"https:\/\/www.eldigitaldeasturias.com\/noticias\/guardianes-del-paraiso-la-campana-turistica-del-principado-triunfa-en-fitur\/\" title=\"\u201cGuardianes del Para\u00edso\u201d, la campa\u00f1a tur\u00edstica del Principado, triunfa en Fitur.\">\u201cGuardianes del Para\u00edso\u201d, la campa\u00f1a tur\u00edstica del Principado, triunfa en Fitur.<\/a>\n<\/span><\/div>","aioseo_breadcrumb_json":[{"label":"Home","link":"https:\/\/www.eldigitaldeasturias.com\/noticias"},{"label":"Turismo","link":"https:\/\/www.eldigitaldeasturias.com\/noticias\/category\/turismo\/"},{"label":"\u201cGuardianes del Para\u00edso\u201d, la campa\u00f1a tur\u00edstica del Principado, triunfa en Fitur.","link":"https:\/\/www.eldigitaldeasturias.com\/noticias\/guardianes-del-paraiso-la-campana-turistica-del-principado-triunfa-en-fitur\/"}],"_links":{"self":[{"href":"https:\/\/www.eldigitaldeasturias.com\/noticias\/wp-json\/wp\/v2\/posts\/478683","targetHints":{"allow":["GET"]}}],"collection":[{"href":"https:\/\/www.eldigitaldeasturias.com\/noticias\/wp-json\/wp\/v2\/posts"}],"about":[{"href":"https:\/\/www.eldigitaldeasturias.com\/noticias\/wp-json\/wp\/v2\/types\/post"}],"author":[{"embeddable":true,"href":"https:\/\/www.eldigitaldeasturias.com\/noticias\/wp-json\/wp\/v2\/users\/1"}],"replies":[{"embeddable":true,"href":"https:\/\/www.eldigitaldeasturias.com\/noticias\/wp-json\/wp\/v2\/comments?post=478683"}],"version-history":[{"count":0,"href":"https:\/\/www.eldigitaldeasturias.com\/noticias\/wp-json\/wp\/v2\/posts\/478683\/revisions"}],"wp:attachment":[{"href":"https:\/\/www.eldigitaldeasturias.com\/noticias\/wp-json\/wp\/v2\/media?parent=478683"}],"wp:term":[{"taxonomy":"category","embeddable":true,"href":"https:\/\/www.eldigitaldeasturias.com\/noticias\/wp-json\/wp\/v2\/categories?post=478683"},{"taxonomy":"post_tag","embeddable":true,"href":"https:\/\/www.eldigitaldeasturias.com\/noticias\/wp-json\/wp\/v2\/tags?post=478683"}],"curies":[{"name":"wp","href":"https:\/\/api.w.org\/{rel}","templated":true}]}}