{"id":478680,"date":"2014-01-25T12:47:40","date_gmt":"2014-01-25T13:47:40","guid":{"rendered":"http:\/\/www.eldigitaldeasturias.com\/noticias\/?p=478680"},"modified":"2014-01-25T12:47:40","modified_gmt":"2014-01-25T13:47:40","slug":"bruselas-alaba-el-fin-del-programa-espanol-pero-advierte-de-los-riesgos","status":"publish","type":"post","link":"https:\/\/www.eldigitaldeasturias.com\/noticias\/bruselas-alaba-el-fin-del-programa-espanol-pero-advierte-de-los-riesgos\/","title":{"rendered":"Bruselas alaba el fin del programa espa\u00f1ol, pero advierte de los riesgos"},"content":{"rendered":"<p><img loading=\"lazy\" decoding=\"async\" class=\"alignleft size-medium wp-image-478681\" alt=\"5875863w\" src=\"https:\/\/www.eldigitaldeasturias.com\/noticias\/wp-content\/uploads\/2014\/01\/5875863w-360x244.jpg\" width=\"360\" height=\"244\" \/>Bruselas, 25 ene (EFE).- Tras 18 meses de reformas y ajustes, Bruselas aplaude la salida de Espa\u00f1a del programa de asistencia dise\u00f1ado para sanear su banca, aunque advierte al pa\u00eds de que debe mantener el rumbo reformista y no caer en la complacencia para sortear los riesgos que persisten.<\/p>\n<p>\u00abHoy se puede concluir que el programa ha funcionado\u00bb, asegur\u00f3 el vicepresidente de la Comisi\u00f3n Europea, Olli Rehn, apenas unas horas antes de la medianoche del mi\u00e9rcoles, momento en que el programa espa\u00f1ol expir\u00f3 oficialmente.<\/p>\n<p>Los l\u00edderes de las principales instituciones europeas han coincidido en felicitar al pa\u00eds y en recalcar el \u00abduro trabajo\u00bb realizado en el marco del programa, en palabras del presidente de la Euroc\u00e1mara, Martin Schulz.<\/p>\n<p>El cierre del programa supone un punto y aparte en la historia de la crisis espa\u00f1ola, pero no un punto y final.<\/p>\n<p>Los l\u00edderes europeos y los socios del euro coinciden en recordar al pa\u00eds que a\u00fan existen importantes riesgos y que se deben proseguir las reformas para reducir el d\u00e9ficit y la deuda p\u00fablica, as\u00ed como para atajar desequilibrios como la alta tasa de desempleo.<\/p>\n<p>Existe un amplio consenso sobre el \u00e9xito del programa en tanto que ha permitido al pa\u00eds superar los \u00abgraves problemas\u00bb que hicieron tambalearse a buena parte de su sector bancario, seg\u00fan las conclusiones preliminares de la troika tras su \u00faltima visita a Espa\u00f1a en diciembre.<\/p>\n<p>\u00abEl Gobierno espa\u00f1ol ha hecho muchas cosas absolutamente correctas, pero hace falta resolver cuestiones en los \u00e1mbitos fiscal, financiero y de pol\u00edticas estructurales\u00bb, dijeron por su parte fuentes del Eurogrupo, que este lunes espera mostrar su \u00abfuerte respaldo\u00bb al fin del programa espa\u00f1ol.<\/p>\n<p>En el plano financiero, fuentes comunitarias recordaron que a\u00fan quedan por abordar tres cuestiones complejas: la venta de los bancos nacionalizados, el retorno del cr\u00e9dito a la econom\u00eda real y la venta de activos por parte de la Sociedad de Gesti\u00f3n de Activos procedentes de la Reestructuraci\u00f3n Financiera (Sareb), el conocido como \u00abbanco malo\u00bb.<\/p>\n<p>Adem\u00e1s, la fortaleza de la banca espa\u00f1ola ser\u00e1 examinada en las pruebas de resistencia y revisi\u00f3n de activos que el Banco Central Europeo llevar\u00e1 a cabo este a\u00f1o a los bancos de la zona del euro.<\/p>\n<p>Las autoridades espa\u00f1olas tambi\u00e9n tendr\u00e1n que seguir el camino de la reducci\u00f3n del d\u00e9ficit, para situarlo en 2016 por debajo del l\u00edmite del 3 % marcado por Bruselas, as\u00ed como tratar de invertir la escalada de la deuda p\u00fablica.<\/p>\n<p>El desempleo es uno de los problemas de mayor envergadura al que tendr\u00e1 que enfrentarse el pa\u00eds, que cerr\u00f3 2013 con la primera ca\u00edda del n\u00famero de parados desde 2007 hasta situarse en 5.896.300 personas, un 26,03 % de la poblaci\u00f3n activa, aunque en paralelo continu\u00f3 la destrucci\u00f3n de empleo.<\/p>\n<p>La Comisi\u00f3n Europea pide m\u00e1s \u00abesfuerzos\u00bb a Espa\u00f1a para reducir el desempleo, como reforzar las pol\u00edticas de empleo activas, mientras que las fuentes del Eurogrupo consideran que el paro no se reducir\u00e1 de manera significativa mientras el pa\u00eds no recupere tasas de crecimiento \u00abperceptibles\u00bb.<\/p>\n<p>En la recta final de 2013 el PIB aceler\u00f3 su ritmo de crecimiento con un alza del 0,3 %, si bien cerr\u00f3 el conjunto del a\u00f1o con una ca\u00edda del 1,2 % respecto a 2012, y el FMI acaba de alzar sus previsiones de crecimiento para Espa\u00f1a para 2014 (del 0,2 % al 0,6 %) y 2015 (del 0,5 % al 0,8 %).<\/p>\n<p>Aunque algunas voces se atreven a hablar de un despegue que lleve al pa\u00eds a convertirse en el \u00abpuntal\u00bb de Europa en tan solo un lustro -en palabras del responsable del MEDE, Klaus Regling-, desde la Comisi\u00f3n Europea, Olli Rehn llama a la prudencia.<\/p>\n<p>\u00abLos desaf\u00edos a los que se enfrenta Espa\u00f1a siguen siendo considerables, por lo que no debe caerse en la complacencia\u00bb, dijo Rehn, una postura compartida por el analista del centro de estudios Brueggel Zsolt Darvas, que recalc\u00f3 a Efe que el pa\u00eds tiene \u00abel potencial para salir de la crisis, pero sigue siendo vulnerable\u00bb.<\/p>\n<p>Espa\u00f1a seguir\u00e1 ahora el camino de reformas de manera independiente, pero continuar\u00e1 bajo la supervisi\u00f3n de Bruselas dentro de la conocida como \u00abvigilancia post-programa\u00bb en la jerga comunitaria.<\/p>\n<p>A\u00fan queda por definir c\u00f3mo se llevar\u00e1 a cabo este seguimiento, que ser\u00e1 m\u00e1s suave que el desplegado durante el programa, y que en cualquier caso no supondr\u00e1 la imposici\u00f3n de nuevas condiciones, explic\u00f3 un portavoz del Mecanismo de Estabilidad Europea (MEDE) a Efe.<\/p>\n<p>El seguimiento de la Comisi\u00f3n Europea se prolongar\u00e1 hasta que Espa\u00f1a devuelva el 75 % de los 41.300 millones de euros, mientras que del MEDE -tambi\u00e9n conocido como el fondo europeo de rescate permanente- proseguir\u00e1 sus visitas hasta que se recupere la totalidad del pr\u00e9stamo.<\/p>\n<p>Mar\u00eda Tejero Mart\u00edn<\/p>\n","protected":false},"excerpt":{"rendered":"<p>Bruselas, 25 ene (EFE).- Tras 18 meses de reformas y ajustes, Bruselas aplaude la salida de Espa\u00f1a del programa de asistencia dise\u00f1ado para sanear su banca, aunque advierte al pa\u00eds de que debe mantener el rumbo reformista y no caer en la complacencia para sortear los riesgos que persisten. \u00abHoy se puede concluir que el [&hellip;]<\/p>\n","protected":false},"author":1,"featured_media":1132184,"comment_status":"closed","ping_status":"open","sticky":false,"template":"","format":"standard","meta":{"footnotes":""},"categories":[1],"tags":[],"class_list":["post-478680","post","type-post","status-publish","format-standard","has-post-thumbnail","hentry","category-actualidad"],"aioseo_notices":[],"aioseo_head":"\n\t\t<!-- All in One SEO Pro 5.0.1 - aioseo.com -->\n\t<meta name=\"description\" content=\"Bruselas, 25 ene (EFE).- Tras 18 meses de reformas y ajustes, Bruselas aplaude la salida de Espa\u00f1a del programa de asistencia dise\u00f1ado para sanear su banca, aunque advierte al pa\u00eds de que debe mantener el rumbo reformista y no caer en la complacencia para sortear los riesgos que persisten. &quot;Hoy se puede concluir que el\" \/>\n\t<meta name=\"robots\" content=\"max-image-preview:large\" \/>\n\t<meta name=\"author\" content=\"El Digital de Asturias\"\/>\n\t<meta name=\"google-site-verification\" content=\"UA-38556648-1\" \/>\n\t<meta name=\"msvalidate.01\" content=\"7dfe9f3f1b24437ab69f4f2559babe99\" \/>\n\t<meta name=\"keywords\" content=\"actualidad\" \/>\n\t<link rel=\"canonical\" href=\"https:\/\/www.eldigitaldeasturias.com\/noticias\/bruselas-alaba-el-fin-del-programa-espanol-pero-advierte-de-los-riesgos\/\" \/>\n\t<meta name=\"generator\" content=\"All in One SEO Pro (AIOSEO) 5.0.1\" \/>\n\t\t<meta property=\"og:locale\" content=\"es_ES\" \/>\n\t\t<meta property=\"og:site_name\" content=\"El Digital de Asturias\" \/>\n\t\t<meta property=\"og:type\" content=\"article\" \/>\n\t\t<meta property=\"og:title\" content=\"Bruselas alaba el fin del programa espa\u00f1ol, pero advierte de los riesgos - El Digital de Asturias\" \/>\n\t\t<meta property=\"og:description\" content=\"Bruselas, 25 ene (EFE).- Tras 18 meses de reformas y ajustes, Bruselas aplaude la salida de Espa\u00f1a del programa de asistencia dise\u00f1ado para sanear su banca, aunque advierte al pa\u00eds de que debe mantener el rumbo reformista y no caer en la complacencia para sortear los riesgos que persisten. &quot;Hoy se puede concluir que el\" \/>\n\t\t<meta property=\"og:url\" content=\"https:\/\/www.eldigitaldeasturias.com\/noticias\/bruselas-alaba-el-fin-del-programa-espanol-pero-advierte-de-los-riesgos\/\" \/>\n\t\t<meta property=\"og:image\" content=\"https:\/\/www.eldigitaldeasturias.com\/noticias\/wp-content\/uploads\/2026\/06\/Contenidos.jpg\" \/>\n\t\t<meta property=\"og:image:secure_url\" content=\"https:\/\/www.eldigitaldeasturias.com\/noticias\/wp-content\/uploads\/2026\/06\/Contenidos.jpg\" \/>\n\t\t<meta property=\"og:image:width\" content=\"1265\" \/>\n\t\t<meta property=\"og:image:height\" content=\"697\" \/>\n\t\t<meta property=\"article:tag\" content=\"actualidad\" \/>\n\t\t<meta property=\"article:published_time\" content=\"2014-01-25T13:47:40+00:00\" \/>\n\t\t<meta property=\"article:modified_time\" content=\"2014-01-25T13:47:40+00:00\" \/>\n\t\t<meta property=\"article:publisher\" content=\"https:\/\/facebook.com\/eldigitaldeasturias\" \/>\n\t\t<meta name=\"twitter:card\" content=\"summary_large_image\" \/>\n\t\t<meta name=\"twitter:title\" content=\"Bruselas alaba el fin del programa espa\u00f1ol, pero advierte de los riesgos - El Digital de Asturias\" \/>\n\t\t<meta name=\"twitter:description\" content=\"Bruselas, 25 ene (EFE).- Tras 18 meses de reformas y ajustes, Bruselas aplaude la salida de Espa\u00f1a del programa de asistencia dise\u00f1ado para sanear su banca, aunque advierte al pa\u00eds de que debe mantener el rumbo reformista y no caer en la complacencia para sortear los riesgos que persisten. &quot;Hoy se puede concluir que el\" \/>\n\t\t<meta name=\"twitter:image\" content=\"https:\/\/www.eldigitaldeasturias.com\/noticias\/wp-content\/uploads\/2026\/06\/Contenidos.jpg\" \/>\n\t\t<meta name=\"twitter:label1\" content=\"Escrito por\" \/>\n\t\t<meta name=\"twitter:data1\" content=\"El Digital de Asturias\" \/>\n\t\t<meta name=\"twitter:label2\" content=\"Tiempo de lectura estimado\" \/>\n\t\t<meta name=\"twitter:data2\" content=\"4 minutos\" \/>\n\t\t<script type=\"application\/ld+json\" class=\"aioseo-schema\">\n\t\t\t{\"@context\":\"https:\\\/\\\/schema.org\",\"@graph\":[{\"@type\":\"BlogPosting\",\"@id\":\"https:\\\/\\\/www.eldigitaldeasturias.com\\\/noticias\\\/bruselas-alaba-el-fin-del-programa-espanol-pero-advierte-de-los-riesgos\\\/#blogposting\",\"name\":\"Bruselas alaba el fin del programa espa\\u00f1ol, pero advierte de los riesgos - El Digital de Asturias\",\"headline\":\"Bruselas alaba el fin del programa espa\\u00f1ol, pero advierte de los riesgos\",\"author\":{\"@id\":\"https:\\\/\\\/www.eldigitaldeasturias.com\\\/noticias\\\/author\\\/admin\\\/#author\"},\"publisher\":{\"@id\":\"https:\\\/\\\/www.eldigitaldeasturias.com\\\/noticias\\\/#organization\"},\"image\":{\"@type\":\"ImageObject\",\"url\":\"https:\\\/\\\/www.eldigitaldeasturias.com\\\/noticias\\\/wp-content\\\/uploads\\\/2026\\\/06\\\/Contenidos.jpg\",\"width\":1265,\"height\":697,\"caption\":\"Contenidos\"},\"datePublished\":\"2014-01-25T12:47:40+01:00\",\"dateModified\":\"2014-01-25T12:47:40+01:00\",\"inLanguage\":\"es-ES\",\"mainEntityOfPage\":{\"@id\":\"https:\\\/\\\/www.eldigitaldeasturias.com\\\/noticias\\\/bruselas-alaba-el-fin-del-programa-espanol-pero-advierte-de-los-riesgos\\\/#webpage\"},\"isPartOf\":{\"@id\":\"https:\\\/\\\/www.eldigitaldeasturias.com\\\/noticias\\\/bruselas-alaba-el-fin-del-programa-espanol-pero-advierte-de-los-riesgos\\\/#webpage\"},\"articleSection\":\"Actualidad\"},{\"@type\":\"BreadcrumbList\",\"@id\":\"https:\\\/\\\/www.eldigitaldeasturias.com\\\/noticias\\\/bruselas-alaba-el-fin-del-programa-espanol-pero-advierte-de-los-riesgos\\\/#breadcrumblist\",\"itemListElement\":[{\"@type\":\"ListItem\",\"@id\":\"https:\\\/\\\/www.eldigitaldeasturias.com\\\/noticias#listItem\",\"position\":1,\"name\":\"Home\",\"item\":\"https:\\\/\\\/www.eldigitaldeasturias.com\\\/noticias\",\"nextItem\":{\"@type\":\"ListItem\",\"@id\":\"https:\\\/\\\/www.eldigitaldeasturias.com\\\/noticias\\\/category\\\/actualidad\\\/#listItem\",\"name\":\"Actualidad\"}},{\"@type\":\"ListItem\",\"@id\":\"https:\\\/\\\/www.eldigitaldeasturias.com\\\/noticias\\\/category\\\/actualidad\\\/#listItem\",\"position\":2,\"name\":\"Actualidad\",\"item\":\"https:\\\/\\\/www.eldigitaldeasturias.com\\\/noticias\\\/category\\\/actualidad\\\/\",\"nextItem\":{\"@type\":\"ListItem\",\"@id\":\"https:\\\/\\\/www.eldigitaldeasturias.com\\\/noticias\\\/bruselas-alaba-el-fin-del-programa-espanol-pero-advierte-de-los-riesgos\\\/#listItem\",\"name\":\"Bruselas alaba el fin del programa espa\\u00f1ol, pero advierte de los riesgos\"},\"previousItem\":{\"@type\":\"ListItem\",\"@id\":\"https:\\\/\\\/www.eldigitaldeasturias.com\\\/noticias#listItem\",\"name\":\"Home\"}},{\"@type\":\"ListItem\",\"@id\":\"https:\\\/\\\/www.eldigitaldeasturias.com\\\/noticias\\\/bruselas-alaba-el-fin-del-programa-espanol-pero-advierte-de-los-riesgos\\\/#listItem\",\"position\":3,\"name\":\"Bruselas alaba el fin del programa espa\\u00f1ol, pero advierte de los riesgos\",\"previousItem\":{\"@type\":\"ListItem\",\"@id\":\"https:\\\/\\\/www.eldigitaldeasturias.com\\\/noticias\\\/category\\\/actualidad\\\/#listItem\",\"name\":\"Actualidad\"}}]},{\"@type\":\"Organization\",\"@id\":\"https:\\\/\\\/www.eldigitaldeasturias.com\\\/noticias\\\/#organization\",\"name\":\"El Digital de Asturias\",\"description\":\"Hemeroteca\",\"url\":\"https:\\\/\\\/www.eldigitaldeasturias.com\\\/noticias\\\/\",\"email\":\"info@eldigitaldeasturias.com\",\"telephone\":\"+34652131393\",\"logo\":{\"@type\":\"ImageObject\",\"url\":\"https:\\\/\\\/www.eldigitaldeasturias.com\\\/noticias\\\/wp-content\\\/uploads\\\/2020\\\/12\\\/EDA.jpg\",\"@id\":\"https:\\\/\\\/www.eldigitaldeasturias.com\\\/noticias\\\/bruselas-alaba-el-fin-del-programa-espanol-pero-advierte-de-los-riesgos\\\/#organizationLogo\"},\"image\":{\"@id\":\"https:\\\/\\\/www.eldigitaldeasturias.com\\\/noticias\\\/bruselas-alaba-el-fin-del-programa-espanol-pero-advierte-de-los-riesgos\\\/#organizationLogo\"},\"sameAs\":[\"https:\\\/\\\/facebook.com\\\/eldigitaldeasturias\",\"https:\\\/\\\/www.youtube.com\\\/channel\\\/UCZP-2wLEB9Rv6erhFmqVnvg\"],\"address\":{\"@id\":\"https:\\\/\\\/www.eldigitaldeasturias.com\\\/noticias\\\/#postaladdress\",\"@type\":\"PostalAddress\",\"streetAddress\":\"san antonio 4\",\"postalCode\":\"33430\",\"addressLocality\":\"Cand\\u00e1s\",\"addressRegion\":\"Asturias\",\"addressCountry\":\"ES\"}},{\"@type\":\"Person\",\"@id\":\"https:\\\/\\\/www.eldigitaldeasturias.com\\\/noticias\\\/author\\\/admin\\\/#author\",\"url\":\"https:\\\/\\\/www.eldigitaldeasturias.com\\\/noticias\\\/author\\\/admin\\\/\",\"name\":\"El Digital de Asturias\",\"image\":{\"@type\":\"ImageObject\",\"@id\":\"https:\\\/\\\/www.eldigitaldeasturias.com\\\/noticias\\\/bruselas-alaba-el-fin-del-programa-espanol-pero-advierte-de-los-riesgos\\\/#authorImage\",\"url\":\"https:\\\/\\\/secure.gravatar.com\\\/avatar\\\/df2aeffc32bcd13f8d26072ef8a91b623d677766deac7f97ca815868cd41bf5e?s=96&d=mm&r=g\",\"width\":96,\"height\":96,\"caption\":\"El Digital de Asturias\"}},{\"@type\":\"WebPage\",\"@id\":\"https:\\\/\\\/www.eldigitaldeasturias.com\\\/noticias\\\/bruselas-alaba-el-fin-del-programa-espanol-pero-advierte-de-los-riesgos\\\/#webpage\",\"url\":\"https:\\\/\\\/www.eldigitaldeasturias.com\\\/noticias\\\/bruselas-alaba-el-fin-del-programa-espanol-pero-advierte-de-los-riesgos\\\/\",\"name\":\"Bruselas alaba el fin del programa espa\\u00f1ol, pero advierte de los riesgos - El Digital de Asturias\",\"description\":\"Bruselas, 25 ene (EFE).- Tras 18 meses de reformas y ajustes, Bruselas aplaude la salida de Espa\\u00f1a del programa de asistencia dise\\u00f1ado para sanear su banca, aunque advierte al pa\\u00eds de que debe mantener el rumbo reformista y no caer en la complacencia para sortear los riesgos que persisten. \\\"Hoy se puede concluir que el\",\"inLanguage\":\"es-ES\",\"isPartOf\":{\"@id\":\"https:\\\/\\\/www.eldigitaldeasturias.com\\\/noticias\\\/#website\"},\"breadcrumb\":{\"@id\":\"https:\\\/\\\/www.eldigitaldeasturias.com\\\/noticias\\\/bruselas-alaba-el-fin-del-programa-espanol-pero-advierte-de-los-riesgos\\\/#breadcrumblist\"},\"author\":{\"@id\":\"https:\\\/\\\/www.eldigitaldeasturias.com\\\/noticias\\\/author\\\/admin\\\/#author\"},\"creator\":{\"@id\":\"https:\\\/\\\/www.eldigitaldeasturias.com\\\/noticias\\\/author\\\/admin\\\/#author\"},\"image\":{\"@type\":\"ImageObject\",\"url\":\"https:\\\/\\\/www.eldigitaldeasturias.com\\\/noticias\\\/wp-content\\\/uploads\\\/2026\\\/06\\\/Contenidos.jpg\",\"@id\":\"https:\\\/\\\/www.eldigitaldeasturias.com\\\/noticias\\\/bruselas-alaba-el-fin-del-programa-espanol-pero-advierte-de-los-riesgos\\\/#mainImage\",\"width\":1265,\"height\":697,\"caption\":\"Contenidos\"},\"primaryImageOfPage\":{\"@id\":\"https:\\\/\\\/www.eldigitaldeasturias.com\\\/noticias\\\/bruselas-alaba-el-fin-del-programa-espanol-pero-advierte-de-los-riesgos\\\/#mainImage\"},\"datePublished\":\"2014-01-25T12:47:40+01:00\",\"dateModified\":\"2014-01-25T12:47:40+01:00\"},{\"@type\":\"WebSite\",\"@id\":\"https:\\\/\\\/www.eldigitaldeasturias.com\\\/noticias\\\/#website\",\"url\":\"https:\\\/\\\/www.eldigitaldeasturias.com\\\/noticias\\\/\",\"name\":\"El Digital de Asturias - Diario de actualidad y noticias\",\"alternateName\":\"El Digital de Asturias - Diario de actualidad y noticias\",\"description\":\"Hemeroteca\",\"inLanguage\":\"es-ES\",\"publisher\":{\"@id\":\"https:\\\/\\\/www.eldigitaldeasturias.com\\\/noticias\\\/#organization\"}}]}\n\t\t<\/script>\n\t\t<!-- All in One SEO Pro -->\r\n\t\t<title>Bruselas alaba el fin del programa espa\u00f1ol, pero advierte de los riesgos - El Digital de Asturias<\/title>\n\n","aioseo_head_json":{"title":"Bruselas alaba el fin del programa espa\u00f1ol, pero advierte de los riesgos - El Digital de Asturias","description":"Bruselas, 25 ene (EFE).- Tras 18 meses de reformas y ajustes, Bruselas aplaude la salida de Espa\u00f1a del programa de asistencia dise\u00f1ado para sanear su banca, aunque advierte al pa\u00eds de que debe mantener el rumbo reformista y no caer en la complacencia para sortear los riesgos que persisten. \"Hoy se puede concluir que el","canonical_url":"https:\/\/www.eldigitaldeasturias.com\/noticias\/bruselas-alaba-el-fin-del-programa-espanol-pero-advierte-de-los-riesgos\/","robots":"max-image-preview:large","keywords":"actualidad","webmasterTools":{"google-site-verification":"UA-38556648-1","msvalidate.01":"7dfe9f3f1b24437ab69f4f2559babe99","miscellaneous":""},"schema":{"@context":"https:\/\/schema.org","@graph":[{"@type":"BlogPosting","@id":"https:\/\/www.eldigitaldeasturias.com\/noticias\/bruselas-alaba-el-fin-del-programa-espanol-pero-advierte-de-los-riesgos\/#blogposting","name":"Bruselas alaba el fin del programa espa\u00f1ol, pero advierte de los riesgos - El Digital de Asturias","headline":"Bruselas alaba el fin del programa espa\u00f1ol, pero advierte de los riesgos","author":{"@id":"https:\/\/www.eldigitaldeasturias.com\/noticias\/author\/admin\/#author"},"publisher":{"@id":"https:\/\/www.eldigitaldeasturias.com\/noticias\/#organization"},"image":{"@type":"ImageObject","url":"https:\/\/www.eldigitaldeasturias.com\/noticias\/wp-content\/uploads\/2026\/06\/Contenidos.jpg","width":1265,"height":697,"caption":"Contenidos"},"datePublished":"2014-01-25T12:47:40+01:00","dateModified":"2014-01-25T12:47:40+01:00","inLanguage":"es-ES","mainEntityOfPage":{"@id":"https:\/\/www.eldigitaldeasturias.com\/noticias\/bruselas-alaba-el-fin-del-programa-espanol-pero-advierte-de-los-riesgos\/#webpage"},"isPartOf":{"@id":"https:\/\/www.eldigitaldeasturias.com\/noticias\/bruselas-alaba-el-fin-del-programa-espanol-pero-advierte-de-los-riesgos\/#webpage"},"articleSection":"Actualidad"},{"@type":"BreadcrumbList","@id":"https:\/\/www.eldigitaldeasturias.com\/noticias\/bruselas-alaba-el-fin-del-programa-espanol-pero-advierte-de-los-riesgos\/#breadcrumblist","itemListElement":[{"@type":"ListItem","@id":"https:\/\/www.eldigitaldeasturias.com\/noticias#listItem","position":1,"name":"Home","item":"https:\/\/www.eldigitaldeasturias.com\/noticias","nextItem":{"@type":"ListItem","@id":"https:\/\/www.eldigitaldeasturias.com\/noticias\/category\/actualidad\/#listItem","name":"Actualidad"}},{"@type":"ListItem","@id":"https:\/\/www.eldigitaldeasturias.com\/noticias\/category\/actualidad\/#listItem","position":2,"name":"Actualidad","item":"https:\/\/www.eldigitaldeasturias.com\/noticias\/category\/actualidad\/","nextItem":{"@type":"ListItem","@id":"https:\/\/www.eldigitaldeasturias.com\/noticias\/bruselas-alaba-el-fin-del-programa-espanol-pero-advierte-de-los-riesgos\/#listItem","name":"Bruselas alaba el fin del programa espa\u00f1ol, pero advierte de los riesgos"},"previousItem":{"@type":"ListItem","@id":"https:\/\/www.eldigitaldeasturias.com\/noticias#listItem","name":"Home"}},{"@type":"ListItem","@id":"https:\/\/www.eldigitaldeasturias.com\/noticias\/bruselas-alaba-el-fin-del-programa-espanol-pero-advierte-de-los-riesgos\/#listItem","position":3,"name":"Bruselas alaba el fin del programa espa\u00f1ol, pero advierte de los riesgos","previousItem":{"@type":"ListItem","@id":"https:\/\/www.eldigitaldeasturias.com\/noticias\/category\/actualidad\/#listItem","name":"Actualidad"}}]},{"@type":"Organization","@id":"https:\/\/www.eldigitaldeasturias.com\/noticias\/#organization","name":"El Digital de Asturias","description":"Hemeroteca","url":"https:\/\/www.eldigitaldeasturias.com\/noticias\/","email":"info@eldigitaldeasturias.com","telephone":"+34652131393","logo":{"@type":"ImageObject","url":"https:\/\/www.eldigitaldeasturias.com\/noticias\/wp-content\/uploads\/2020\/12\/EDA.jpg","@id":"https:\/\/www.eldigitaldeasturias.com\/noticias\/bruselas-alaba-el-fin-del-programa-espanol-pero-advierte-de-los-riesgos\/#organizationLogo"},"image":{"@id":"https:\/\/www.eldigitaldeasturias.com\/noticias\/bruselas-alaba-el-fin-del-programa-espanol-pero-advierte-de-los-riesgos\/#organizationLogo"},"sameAs":["https:\/\/facebook.com\/eldigitaldeasturias","https:\/\/www.youtube.com\/channel\/UCZP-2wLEB9Rv6erhFmqVnvg"],"address":{"@id":"https:\/\/www.eldigitaldeasturias.com\/noticias\/#postaladdress","@type":"PostalAddress","streetAddress":"san antonio 4","postalCode":"33430","addressLocality":"Cand\u00e1s","addressRegion":"Asturias","addressCountry":"ES"}},{"@type":"Person","@id":"https:\/\/www.eldigitaldeasturias.com\/noticias\/author\/admin\/#author","url":"https:\/\/www.eldigitaldeasturias.com\/noticias\/author\/admin\/","name":"El Digital de Asturias","image":{"@type":"ImageObject","@id":"https:\/\/www.eldigitaldeasturias.com\/noticias\/bruselas-alaba-el-fin-del-programa-espanol-pero-advierte-de-los-riesgos\/#authorImage","url":"https:\/\/secure.gravatar.com\/avatar\/df2aeffc32bcd13f8d26072ef8a91b623d677766deac7f97ca815868cd41bf5e?s=96&d=mm&r=g","width":96,"height":96,"caption":"El Digital de Asturias"}},{"@type":"WebPage","@id":"https:\/\/www.eldigitaldeasturias.com\/noticias\/bruselas-alaba-el-fin-del-programa-espanol-pero-advierte-de-los-riesgos\/#webpage","url":"https:\/\/www.eldigitaldeasturias.com\/noticias\/bruselas-alaba-el-fin-del-programa-espanol-pero-advierte-de-los-riesgos\/","name":"Bruselas alaba el fin del programa espa\u00f1ol, pero advierte de los riesgos - El Digital de Asturias","description":"Bruselas, 25 ene (EFE).- Tras 18 meses de reformas y ajustes, Bruselas aplaude la salida de Espa\u00f1a del programa de asistencia dise\u00f1ado para sanear su banca, aunque advierte al pa\u00eds de que debe mantener el rumbo reformista y no caer en la complacencia para sortear los riesgos que persisten. \"Hoy se puede concluir que el","inLanguage":"es-ES","isPartOf":{"@id":"https:\/\/www.eldigitaldeasturias.com\/noticias\/#website"},"breadcrumb":{"@id":"https:\/\/www.eldigitaldeasturias.com\/noticias\/bruselas-alaba-el-fin-del-programa-espanol-pero-advierte-de-los-riesgos\/#breadcrumblist"},"author":{"@id":"https:\/\/www.eldigitaldeasturias.com\/noticias\/author\/admin\/#author"},"creator":{"@id":"https:\/\/www.eldigitaldeasturias.com\/noticias\/author\/admin\/#author"},"image":{"@type":"ImageObject","url":"https:\/\/www.eldigitaldeasturias.com\/noticias\/wp-content\/uploads\/2026\/06\/Contenidos.jpg","@id":"https:\/\/www.eldigitaldeasturias.com\/noticias\/bruselas-alaba-el-fin-del-programa-espanol-pero-advierte-de-los-riesgos\/#mainImage","width":1265,"height":697,"caption":"Contenidos"},"primaryImageOfPage":{"@id":"https:\/\/www.eldigitaldeasturias.com\/noticias\/bruselas-alaba-el-fin-del-programa-espanol-pero-advierte-de-los-riesgos\/#mainImage"},"datePublished":"2014-01-25T12:47:40+01:00","dateModified":"2014-01-25T12:47:40+01:00"},{"@type":"WebSite","@id":"https:\/\/www.eldigitaldeasturias.com\/noticias\/#website","url":"https:\/\/www.eldigitaldeasturias.com\/noticias\/","name":"El Digital de Asturias - Diario de actualidad y noticias","alternateName":"El Digital de Asturias - Diario de actualidad y noticias","description":"Hemeroteca","inLanguage":"es-ES","publisher":{"@id":"https:\/\/www.eldigitaldeasturias.com\/noticias\/#organization"}}]},"og:locale":"es_ES","og:site_name":"El Digital de Asturias","og:type":"article","og:title":"Bruselas alaba el fin del programa espa\u00f1ol, pero advierte de los riesgos - El Digital de Asturias","og:description":"Bruselas, 25 ene (EFE).- Tras 18 meses de reformas y ajustes, Bruselas aplaude la salida de Espa\u00f1a del programa de asistencia dise\u00f1ado para sanear su banca, aunque advierte al pa\u00eds de que debe mantener el rumbo reformista y no caer en la complacencia para sortear los riesgos que persisten. &quot;Hoy se puede concluir que el","og:url":"https:\/\/www.eldigitaldeasturias.com\/noticias\/bruselas-alaba-el-fin-del-programa-espanol-pero-advierte-de-los-riesgos\/","og:image":"https:\/\/www.eldigitaldeasturias.com\/noticias\/wp-content\/uploads\/2026\/06\/Contenidos.jpg","og:image:secure_url":"https:\/\/www.eldigitaldeasturias.com\/noticias\/wp-content\/uploads\/2026\/06\/Contenidos.jpg","og:image:width":1265,"og:image:height":697,"article:tag":["actualidad"],"article:published_time":"2014-01-25T13:47:40+00:00","article:modified_time":"2014-01-25T13:47:40+00:00","article:publisher":"https:\/\/facebook.com\/eldigitaldeasturias","twitter:card":"summary_large_image","twitter:title":"Bruselas alaba el fin del programa espa\u00f1ol, pero advierte de los riesgos - El Digital de Asturias","twitter:description":"Bruselas, 25 ene (EFE).- Tras 18 meses de reformas y ajustes, Bruselas aplaude la salida de Espa\u00f1a del programa de asistencia dise\u00f1ado para sanear su banca, aunque advierte al pa\u00eds de que debe mantener el rumbo reformista y no caer en la complacencia para sortear los riesgos que persisten. &quot;Hoy se puede concluir que el","twitter:image":"https:\/\/www.eldigitaldeasturias.com\/noticias\/wp-content\/uploads\/2026\/06\/Contenidos.jpg","twitter:label1":"Escrito por","twitter:data1":"El Digital de Asturias","twitter:label2":"Tiempo de lectura estimado","twitter:data2":"4 minutos"},"aioseo_meta_data":{"post_id":"478680","title":null,"description":null,"keywords":null,"keyphrases":null,"primary_term":null,"canonical_url":null,"og_title":null,"og_description":null,"og_object_type":"default","og_image_type":"default","og_image_url":null,"og_image_width":null,"og_image_height":null,"og_image_custom_url":null,"og_image_custom_fields":null,"og_video":null,"og_custom_url":null,"og_article_section":null,"og_article_tags":null,"twitter_use_og":true,"twitter_card":"default","twitter_image_type":"default","twitter_image_url":null,"twitter_image_custom_url":null,"twitter_image_custom_fields":null,"twitter_title":null,"twitter_description":null,"schema":{"blockGraphs":[],"customGraphs":[],"default":{"data":{"Article":[],"Course":[],"Dataset":[],"FAQPage":[],"Movie":[],"Person":[],"Product":[],"ProductReview":[],"Car":[],"Recipe":[],"Service":[],"SoftwareApplication":[],"WebPage":[]},"graphName":"","isEnabled":true},"graphs":[],"defaultGraph":"","defaultPostTypeGraph":""},"schema_type":null,"schema_type_options":null,"pillar_content":false,"robots_default":true,"robots_noindex":false,"robots_noarchive":false,"robots_nosnippet":false,"robots_nofollow":false,"robots_noimageindex":false,"robots_noodp":false,"robots_notranslate":false,"robots_max_snippet":null,"robots_max_videopreview":null,"robots_max_imagepreview":"none","priority":null,"frequency":null,"local_seo":null,"seo_analyzer_scan_date":"2026-06-01 22:15:03","breadcrumb_settings":null,"limit_modified_date":false,"open_ai":null,"ai":null,"created":"2020-11-14 22:53:57","updated":"2026-06-01 22:15:03","focus_keyword":null,"additional_keywords":null,"truseo_locale":null},"aioseo_breadcrumb":"<div class=\"aioseo-breadcrumbs\"><span class=\"aioseo-breadcrumb\">\n\t<a href=\"https:\/\/www.eldigitaldeasturias.com\/noticias\" title=\"Home\">Home<\/a>\n<\/span><span class=\"aioseo-breadcrumb-separator\">\u2013<\/span><span class=\"aioseo-breadcrumb\">\n\t<a href=\"https:\/\/www.eldigitaldeasturias.com\/noticias\/category\/actualidad\/\" title=\"Actualidad\">Actualidad<\/a>\n<\/span><span class=\"aioseo-breadcrumb-separator\">\u2013<\/span><span class=\"aioseo-breadcrumb\">\n\t<a href=\"https:\/\/www.eldigitaldeasturias.com\/noticias\/bruselas-alaba-el-fin-del-programa-espanol-pero-advierte-de-los-riesgos\/\" title=\"Bruselas alaba el fin del programa espa\u00f1ol, pero advierte de los riesgos\">Bruselas alaba el fin del programa espa\u00f1ol, pero advierte de los riesgos<\/a>\n<\/span><\/div>","aioseo_breadcrumb_json":[{"label":"Home","link":"https:\/\/www.eldigitaldeasturias.com\/noticias"},{"label":"Actualidad","link":"https:\/\/www.eldigitaldeasturias.com\/noticias\/category\/actualidad\/"},{"label":"Bruselas alaba el fin del programa espa\u00f1ol, pero advierte de los riesgos","link":"https:\/\/www.eldigitaldeasturias.com\/noticias\/bruselas-alaba-el-fin-del-programa-espanol-pero-advierte-de-los-riesgos\/"}],"_links":{"self":[{"href":"https:\/\/www.eldigitaldeasturias.com\/noticias\/wp-json\/wp\/v2\/posts\/478680","targetHints":{"allow":["GET"]}}],"collection":[{"href":"https:\/\/www.eldigitaldeasturias.com\/noticias\/wp-json\/wp\/v2\/posts"}],"about":[{"href":"https:\/\/www.eldigitaldeasturias.com\/noticias\/wp-json\/wp\/v2\/types\/post"}],"author":[{"embeddable":true,"href":"https:\/\/www.eldigitaldeasturias.com\/noticias\/wp-json\/wp\/v2\/users\/1"}],"replies":[{"embeddable":true,"href":"https:\/\/www.eldigitaldeasturias.com\/noticias\/wp-json\/wp\/v2\/comments?post=478680"}],"version-history":[{"count":0,"href":"https:\/\/www.eldigitaldeasturias.com\/noticias\/wp-json\/wp\/v2\/posts\/478680\/revisions"}],"wp:featuredmedia":[{"embeddable":true,"href":"https:\/\/www.eldigitaldeasturias.com\/noticias\/wp-json\/wp\/v2\/media\/1132184"}],"wp:attachment":[{"href":"https:\/\/www.eldigitaldeasturias.com\/noticias\/wp-json\/wp\/v2\/media?parent=478680"}],"wp:term":[{"taxonomy":"category","embeddable":true,"href":"https:\/\/www.eldigitaldeasturias.com\/noticias\/wp-json\/wp\/v2\/categories?post=478680"},{"taxonomy":"post_tag","embeddable":true,"href":"https:\/\/www.eldigitaldeasturias.com\/noticias\/wp-json\/wp\/v2\/tags?post=478680"}],"curies":[{"name":"wp","href":"https:\/\/api.w.org\/{rel}","templated":true}]}}