{"id":478662,"date":"2014-01-25T11:34:05","date_gmt":"2014-01-25T12:34:05","guid":{"rendered":"http:\/\/www.eldigitaldeasturias.com\/noticias\/?p=478662"},"modified":"2014-01-25T11:34:05","modified_gmt":"2014-01-25T12:34:05","slug":"las-delegaciones-de-la-oposicion-y-el-gobierno-sirios-no-hablaran-directamente-entre-ellas-en-ginebra","status":"publish","type":"post","link":"https:\/\/www.eldigitaldeasturias.com\/noticias\/las-delegaciones-de-la-oposicion-y-el-gobierno-sirios-no-hablaran-directamente-entre-ellas-en-ginebra\/","title":{"rendered":"Las delegaciones de la oposici\u00f3n y el gobierno sirios no hablar\u00e1n directamente entre ellas en Ginebra"},"content":{"rendered":"<p><img loading=\"lazy\" decoding=\"async\" class=\"alignleft size-medium wp-image-478663\" alt=\"5875765w\" src=\"https:\/\/www.eldigitaldeasturias.com\/noticias\/wp-content\/uploads\/2014\/01\/5875765w-360x239.jpg\" width=\"360\" height=\"239\" \/>Ginebra, 25 ene (EFE).- Las delegaciones sirias del Gobierno y la oposici\u00f3n se encuentran ya en la sede de la ONU en Ginebra para el segundo d\u00eda de negociaciones en las que, por primera vez, se sentar\u00e1n en la misma sala, aunque no hablar\u00e1n entre ellas.<\/p>\n<p>\u00abEn la primera sesi\u00f3n, (el mediador Lajdar) Brahimi ser\u00e1 el \u00fanico que tomar\u00e1 la palabra\u00bb, confirm\u00f3 a Efe Anas Abdeh, miembro de la delegaci\u00f3n opositora mientras \u00e9sta entraba a pie al recinto.<\/p>\n<p>\u00abBrahimi dirigir\u00e1 el proceso\u00bb, agreg\u00f3 Abdeh, miembro del comit\u00e9 pol\u00edtico de la Coalici\u00f3n Nacional Siria (CNFROS), que representa a la oposici\u00f3n siria en estas conversaciones de paz.<\/p>\n<p>Asimismo, dijo que el mediador asegur\u00f3 ayer que las dos partes se han comprometido a negociar sobre la base del Comunicado de Ginebra, un documento acordado por Rusia y Estados Unidos en junio de 2012 y que habla de la formaci\u00f3n de un gobierno transitorio en Siria.<\/p>\n<p>La delegaci\u00f3n del Gobierno sirio, presidida por su ministro de Asuntos Exteriores, Walid al Mualem, entr\u00f3 unos quince minutos antes a la ONU en autom\u00f3viles con placas diplom\u00e1ticas.<\/p>\n","protected":false},"excerpt":{"rendered":"<p>Ginebra, 25 ene (EFE).- Las delegaciones sirias del Gobierno y la oposici\u00f3n se encuentran ya en la sede de la ONU en Ginebra para el segundo d\u00eda de negociaciones en las que, por primera vez, se sentar\u00e1n en la misma sala, aunque no hablar\u00e1n entre ellas. \u00abEn la primera sesi\u00f3n, (el mediador Lajdar) Brahimi ser\u00e1 [&hellip;]<\/p>\n","protected":false},"author":1,"featured_media":1132184,"comment_status":"closed","ping_status":"open","sticky":false,"template":"","format":"standard","meta":{"footnotes":""},"categories":[1],"tags":[],"class_list":["post-478662","post","type-post","status-publish","format-standard","has-post-thumbnail","hentry","category-actualidad"],"aioseo_notices":[],"aioseo_head":"\n\t\t<!-- All in One SEO Pro 5.0.1 - aioseo.com -->\n\t<meta name=\"description\" content=\"Ginebra, 25 ene (EFE).- Las delegaciones sirias del Gobierno y la oposici\u00f3n se encuentran ya en la sede de la ONU en Ginebra para el segundo d\u00eda de negociaciones en las que, por primera vez, se sentar\u00e1n en la misma sala, aunque no hablar\u00e1n entre ellas. &quot;En la primera sesi\u00f3n, (el mediador Lajdar) Brahimi ser\u00e1\" \/>\n\t<meta name=\"robots\" content=\"max-image-preview:large\" \/>\n\t<meta name=\"author\" content=\"El Digital de Asturias\"\/>\n\t<meta name=\"google-site-verification\" content=\"UA-38556648-1\" \/>\n\t<meta name=\"msvalidate.01\" content=\"7dfe9f3f1b24437ab69f4f2559babe99\" \/>\n\t<meta name=\"keywords\" content=\"actualidad\" \/>\n\t<link rel=\"canonical\" href=\"https:\/\/www.eldigitaldeasturias.com\/noticias\/las-delegaciones-de-la-oposicion-y-el-gobierno-sirios-no-hablaran-directamente-entre-ellas-en-ginebra\/\" \/>\n\t<meta name=\"generator\" content=\"All in One SEO Pro (AIOSEO) 5.0.1\" \/>\n\t\t<meta property=\"og:locale\" content=\"es_ES\" \/>\n\t\t<meta property=\"og:site_name\" content=\"El Digital de Asturias\" \/>\n\t\t<meta property=\"og:type\" content=\"article\" \/>\n\t\t<meta property=\"og:title\" content=\"Las delegaciones de la oposici\u00f3n y el gobierno sirios no hablar\u00e1n directamente entre ellas en Ginebra - El Digital de Asturias\" \/>\n\t\t<meta property=\"og:description\" content=\"Ginebra, 25 ene (EFE).- Las delegaciones sirias del Gobierno y la oposici\u00f3n se encuentran ya en la sede de la ONU en Ginebra para el segundo d\u00eda de negociaciones en las que, por primera vez, se sentar\u00e1n en la misma sala, aunque no hablar\u00e1n entre ellas. &quot;En la primera sesi\u00f3n, (el mediador Lajdar) Brahimi ser\u00e1\" \/>\n\t\t<meta property=\"og:url\" content=\"https:\/\/www.eldigitaldeasturias.com\/noticias\/las-delegaciones-de-la-oposicion-y-el-gobierno-sirios-no-hablaran-directamente-entre-ellas-en-ginebra\/\" \/>\n\t\t<meta property=\"og:image\" content=\"https:\/\/www.eldigitaldeasturias.com\/noticias\/wp-content\/uploads\/2026\/06\/Contenidos.jpg\" \/>\n\t\t<meta property=\"og:image:secure_url\" content=\"https:\/\/www.eldigitaldeasturias.com\/noticias\/wp-content\/uploads\/2026\/06\/Contenidos.jpg\" \/>\n\t\t<meta property=\"og:image:width\" content=\"1265\" \/>\n\t\t<meta property=\"og:image:height\" content=\"697\" \/>\n\t\t<meta property=\"article:tag\" content=\"actualidad\" \/>\n\t\t<meta property=\"article:published_time\" content=\"2014-01-25T12:34:05+00:00\" \/>\n\t\t<meta property=\"article:modified_time\" content=\"2014-01-25T12:34:05+00:00\" \/>\n\t\t<meta property=\"article:publisher\" content=\"https:\/\/facebook.com\/eldigitaldeasturias\" \/>\n\t\t<meta name=\"twitter:card\" content=\"summary_large_image\" \/>\n\t\t<meta name=\"twitter:title\" content=\"Las delegaciones de la oposici\u00f3n y el gobierno sirios no hablar\u00e1n directamente entre ellas en Ginebra - El Digital de Asturias\" \/>\n\t\t<meta name=\"twitter:description\" content=\"Ginebra, 25 ene (EFE).- Las delegaciones sirias del Gobierno y la oposici\u00f3n se encuentran ya en la sede de la ONU en Ginebra para el segundo d\u00eda de negociaciones en las que, por primera vez, se sentar\u00e1n en la misma sala, aunque no hablar\u00e1n entre ellas. &quot;En la primera sesi\u00f3n, (el mediador Lajdar) Brahimi ser\u00e1\" \/>\n\t\t<meta name=\"twitter:image\" content=\"https:\/\/www.eldigitaldeasturias.com\/noticias\/wp-content\/uploads\/2026\/06\/Contenidos.jpg\" \/>\n\t\t<meta name=\"twitter:label1\" content=\"Escrito por\" \/>\n\t\t<meta name=\"twitter:data1\" content=\"El Digital de Asturias\" \/>\n\t\t<meta name=\"twitter:label2\" content=\"Tiempo de lectura estimado\" \/>\n\t\t<meta name=\"twitter:data2\" content=\"1 minuto\" \/>\n\t\t<script type=\"application\/ld+json\" class=\"aioseo-schema\">\n\t\t\t{\"@context\":\"https:\\\/\\\/schema.org\",\"@graph\":[{\"@type\":\"BlogPosting\",\"@id\":\"https:\\\/\\\/www.eldigitaldeasturias.com\\\/noticias\\\/las-delegaciones-de-la-oposicion-y-el-gobierno-sirios-no-hablaran-directamente-entre-ellas-en-ginebra\\\/#blogposting\",\"name\":\"Las delegaciones de la oposici\\u00f3n y el gobierno sirios no hablar\\u00e1n directamente entre ellas en Ginebra - El Digital de Asturias\",\"headline\":\"Las delegaciones de la oposici\\u00f3n y el gobierno sirios no hablar\\u00e1n directamente entre ellas en Ginebra\",\"author\":{\"@id\":\"https:\\\/\\\/www.eldigitaldeasturias.com\\\/noticias\\\/author\\\/admin\\\/#author\"},\"publisher\":{\"@id\":\"https:\\\/\\\/www.eldigitaldeasturias.com\\\/noticias\\\/#organization\"},\"image\":{\"@type\":\"ImageObject\",\"url\":\"https:\\\/\\\/www.eldigitaldeasturias.com\\\/noticias\\\/wp-content\\\/uploads\\\/2026\\\/06\\\/Contenidos.jpg\",\"width\":1265,\"height\":697,\"caption\":\"Contenidos\"},\"datePublished\":\"2014-01-25T11:34:05+01:00\",\"dateModified\":\"2014-01-25T11:34:05+01:00\",\"inLanguage\":\"es-ES\",\"mainEntityOfPage\":{\"@id\":\"https:\\\/\\\/www.eldigitaldeasturias.com\\\/noticias\\\/las-delegaciones-de-la-oposicion-y-el-gobierno-sirios-no-hablaran-directamente-entre-ellas-en-ginebra\\\/#webpage\"},\"isPartOf\":{\"@id\":\"https:\\\/\\\/www.eldigitaldeasturias.com\\\/noticias\\\/las-delegaciones-de-la-oposicion-y-el-gobierno-sirios-no-hablaran-directamente-entre-ellas-en-ginebra\\\/#webpage\"},\"articleSection\":\"Actualidad\"},{\"@type\":\"BreadcrumbList\",\"@id\":\"https:\\\/\\\/www.eldigitaldeasturias.com\\\/noticias\\\/las-delegaciones-de-la-oposicion-y-el-gobierno-sirios-no-hablaran-directamente-entre-ellas-en-ginebra\\\/#breadcrumblist\",\"itemListElement\":[{\"@type\":\"ListItem\",\"@id\":\"https:\\\/\\\/www.eldigitaldeasturias.com\\\/noticias#listItem\",\"position\":1,\"name\":\"Home\",\"item\":\"https:\\\/\\\/www.eldigitaldeasturias.com\\\/noticias\",\"nextItem\":{\"@type\":\"ListItem\",\"@id\":\"https:\\\/\\\/www.eldigitaldeasturias.com\\\/noticias\\\/category\\\/actualidad\\\/#listItem\",\"name\":\"Actualidad\"}},{\"@type\":\"ListItem\",\"@id\":\"https:\\\/\\\/www.eldigitaldeasturias.com\\\/noticias\\\/category\\\/actualidad\\\/#listItem\",\"position\":2,\"name\":\"Actualidad\",\"item\":\"https:\\\/\\\/www.eldigitaldeasturias.com\\\/noticias\\\/category\\\/actualidad\\\/\",\"nextItem\":{\"@type\":\"ListItem\",\"@id\":\"https:\\\/\\\/www.eldigitaldeasturias.com\\\/noticias\\\/las-delegaciones-de-la-oposicion-y-el-gobierno-sirios-no-hablaran-directamente-entre-ellas-en-ginebra\\\/#listItem\",\"name\":\"Las delegaciones de la oposici\\u00f3n y el gobierno sirios no hablar\\u00e1n directamente entre ellas en Ginebra\"},\"previousItem\":{\"@type\":\"ListItem\",\"@id\":\"https:\\\/\\\/www.eldigitaldeasturias.com\\\/noticias#listItem\",\"name\":\"Home\"}},{\"@type\":\"ListItem\",\"@id\":\"https:\\\/\\\/www.eldigitaldeasturias.com\\\/noticias\\\/las-delegaciones-de-la-oposicion-y-el-gobierno-sirios-no-hablaran-directamente-entre-ellas-en-ginebra\\\/#listItem\",\"position\":3,\"name\":\"Las delegaciones de la oposici\\u00f3n y el gobierno sirios no hablar\\u00e1n directamente entre ellas en Ginebra\",\"previousItem\":{\"@type\":\"ListItem\",\"@id\":\"https:\\\/\\\/www.eldigitaldeasturias.com\\\/noticias\\\/category\\\/actualidad\\\/#listItem\",\"name\":\"Actualidad\"}}]},{\"@type\":\"Organization\",\"@id\":\"https:\\\/\\\/www.eldigitaldeasturias.com\\\/noticias\\\/#organization\",\"name\":\"El Digital de Asturias\",\"description\":\"Hemeroteca\",\"url\":\"https:\\\/\\\/www.eldigitaldeasturias.com\\\/noticias\\\/\",\"email\":\"info@eldigitaldeasturias.com\",\"telephone\":\"+34652131393\",\"logo\":{\"@type\":\"ImageObject\",\"url\":\"https:\\\/\\\/www.eldigitaldeasturias.com\\\/noticias\\\/wp-content\\\/uploads\\\/2020\\\/12\\\/EDA.jpg\",\"@id\":\"https:\\\/\\\/www.eldigitaldeasturias.com\\\/noticias\\\/las-delegaciones-de-la-oposicion-y-el-gobierno-sirios-no-hablaran-directamente-entre-ellas-en-ginebra\\\/#organizationLogo\"},\"image\":{\"@id\":\"https:\\\/\\\/www.eldigitaldeasturias.com\\\/noticias\\\/las-delegaciones-de-la-oposicion-y-el-gobierno-sirios-no-hablaran-directamente-entre-ellas-en-ginebra\\\/#organizationLogo\"},\"sameAs\":[\"https:\\\/\\\/facebook.com\\\/eldigitaldeasturias\",\"https:\\\/\\\/www.youtube.com\\\/channel\\\/UCZP-2wLEB9Rv6erhFmqVnvg\"],\"address\":{\"@id\":\"https:\\\/\\\/www.eldigitaldeasturias.com\\\/noticias\\\/#postaladdress\",\"@type\":\"PostalAddress\",\"streetAddress\":\"san antonio 4\",\"postalCode\":\"33430\",\"addressLocality\":\"Cand\\u00e1s\",\"addressRegion\":\"Asturias\",\"addressCountry\":\"ES\"}},{\"@type\":\"Person\",\"@id\":\"https:\\\/\\\/www.eldigitaldeasturias.com\\\/noticias\\\/author\\\/admin\\\/#author\",\"url\":\"https:\\\/\\\/www.eldigitaldeasturias.com\\\/noticias\\\/author\\\/admin\\\/\",\"name\":\"El Digital de Asturias\",\"image\":{\"@type\":\"ImageObject\",\"@id\":\"https:\\\/\\\/www.eldigitaldeasturias.com\\\/noticias\\\/las-delegaciones-de-la-oposicion-y-el-gobierno-sirios-no-hablaran-directamente-entre-ellas-en-ginebra\\\/#authorImage\",\"url\":\"https:\\\/\\\/secure.gravatar.com\\\/avatar\\\/df2aeffc32bcd13f8d26072ef8a91b623d677766deac7f97ca815868cd41bf5e?s=96&d=mm&r=g\",\"width\":96,\"height\":96,\"caption\":\"El Digital de Asturias\"}},{\"@type\":\"WebPage\",\"@id\":\"https:\\\/\\\/www.eldigitaldeasturias.com\\\/noticias\\\/las-delegaciones-de-la-oposicion-y-el-gobierno-sirios-no-hablaran-directamente-entre-ellas-en-ginebra\\\/#webpage\",\"url\":\"https:\\\/\\\/www.eldigitaldeasturias.com\\\/noticias\\\/las-delegaciones-de-la-oposicion-y-el-gobierno-sirios-no-hablaran-directamente-entre-ellas-en-ginebra\\\/\",\"name\":\"Las delegaciones de la oposici\\u00f3n y el gobierno sirios no hablar\\u00e1n directamente entre ellas en Ginebra - El Digital de Asturias\",\"description\":\"Ginebra, 25 ene (EFE).- Las delegaciones sirias del Gobierno y la oposici\\u00f3n se encuentran ya en la sede de la ONU en Ginebra para el segundo d\\u00eda de negociaciones en las que, por primera vez, se sentar\\u00e1n en la misma sala, aunque no hablar\\u00e1n entre ellas. \\\"En la primera sesi\\u00f3n, (el mediador Lajdar) Brahimi ser\\u00e1\",\"inLanguage\":\"es-ES\",\"isPartOf\":{\"@id\":\"https:\\\/\\\/www.eldigitaldeasturias.com\\\/noticias\\\/#website\"},\"breadcrumb\":{\"@id\":\"https:\\\/\\\/www.eldigitaldeasturias.com\\\/noticias\\\/las-delegaciones-de-la-oposicion-y-el-gobierno-sirios-no-hablaran-directamente-entre-ellas-en-ginebra\\\/#breadcrumblist\"},\"author\":{\"@id\":\"https:\\\/\\\/www.eldigitaldeasturias.com\\\/noticias\\\/author\\\/admin\\\/#author\"},\"creator\":{\"@id\":\"https:\\\/\\\/www.eldigitaldeasturias.com\\\/noticias\\\/author\\\/admin\\\/#author\"},\"image\":{\"@type\":\"ImageObject\",\"url\":\"https:\\\/\\\/www.eldigitaldeasturias.com\\\/noticias\\\/wp-content\\\/uploads\\\/2026\\\/06\\\/Contenidos.jpg\",\"@id\":\"https:\\\/\\\/www.eldigitaldeasturias.com\\\/noticias\\\/las-delegaciones-de-la-oposicion-y-el-gobierno-sirios-no-hablaran-directamente-entre-ellas-en-ginebra\\\/#mainImage\",\"width\":1265,\"height\":697,\"caption\":\"Contenidos\"},\"primaryImageOfPage\":{\"@id\":\"https:\\\/\\\/www.eldigitaldeasturias.com\\\/noticias\\\/las-delegaciones-de-la-oposicion-y-el-gobierno-sirios-no-hablaran-directamente-entre-ellas-en-ginebra\\\/#mainImage\"},\"datePublished\":\"2014-01-25T11:34:05+01:00\",\"dateModified\":\"2014-01-25T11:34:05+01:00\"},{\"@type\":\"WebSite\",\"@id\":\"https:\\\/\\\/www.eldigitaldeasturias.com\\\/noticias\\\/#website\",\"url\":\"https:\\\/\\\/www.eldigitaldeasturias.com\\\/noticias\\\/\",\"name\":\"El Digital de Asturias - Diario de actualidad y noticias\",\"alternateName\":\"El Digital de Asturias - Diario de actualidad y noticias\",\"description\":\"Hemeroteca\",\"inLanguage\":\"es-ES\",\"publisher\":{\"@id\":\"https:\\\/\\\/www.eldigitaldeasturias.com\\\/noticias\\\/#organization\"}}]}\n\t\t<\/script>\n\t\t<!-- All in One SEO Pro -->\r\n\t\t<title>Las delegaciones de la oposici\u00f3n y el gobierno sirios no hablar\u00e1n directamente entre ellas en Ginebra - El Digital de Asturias<\/title>\n\n","aioseo_head_json":{"title":"Las delegaciones de la oposici\u00f3n y el gobierno sirios no hablar\u00e1n directamente entre ellas en Ginebra - El Digital de Asturias","description":"Ginebra, 25 ene (EFE).- Las delegaciones sirias del Gobierno y la oposici\u00f3n se encuentran ya en la sede de la ONU en Ginebra para el segundo d\u00eda de negociaciones en las que, por primera vez, se sentar\u00e1n en la misma sala, aunque no hablar\u00e1n entre ellas. \"En la primera sesi\u00f3n, (el mediador Lajdar) Brahimi ser\u00e1","canonical_url":"https:\/\/www.eldigitaldeasturias.com\/noticias\/las-delegaciones-de-la-oposicion-y-el-gobierno-sirios-no-hablaran-directamente-entre-ellas-en-ginebra\/","robots":"max-image-preview:large","keywords":"actualidad","webmasterTools":{"google-site-verification":"UA-38556648-1","msvalidate.01":"7dfe9f3f1b24437ab69f4f2559babe99","miscellaneous":""},"schema":{"@context":"https:\/\/schema.org","@graph":[{"@type":"BlogPosting","@id":"https:\/\/www.eldigitaldeasturias.com\/noticias\/las-delegaciones-de-la-oposicion-y-el-gobierno-sirios-no-hablaran-directamente-entre-ellas-en-ginebra\/#blogposting","name":"Las delegaciones de la oposici\u00f3n y el gobierno sirios no hablar\u00e1n directamente entre ellas en Ginebra - El Digital de Asturias","headline":"Las delegaciones de la oposici\u00f3n y el gobierno sirios no hablar\u00e1n directamente entre ellas en Ginebra","author":{"@id":"https:\/\/www.eldigitaldeasturias.com\/noticias\/author\/admin\/#author"},"publisher":{"@id":"https:\/\/www.eldigitaldeasturias.com\/noticias\/#organization"},"image":{"@type":"ImageObject","url":"https:\/\/www.eldigitaldeasturias.com\/noticias\/wp-content\/uploads\/2026\/06\/Contenidos.jpg","width":1265,"height":697,"caption":"Contenidos"},"datePublished":"2014-01-25T11:34:05+01:00","dateModified":"2014-01-25T11:34:05+01:00","inLanguage":"es-ES","mainEntityOfPage":{"@id":"https:\/\/www.eldigitaldeasturias.com\/noticias\/las-delegaciones-de-la-oposicion-y-el-gobierno-sirios-no-hablaran-directamente-entre-ellas-en-ginebra\/#webpage"},"isPartOf":{"@id":"https:\/\/www.eldigitaldeasturias.com\/noticias\/las-delegaciones-de-la-oposicion-y-el-gobierno-sirios-no-hablaran-directamente-entre-ellas-en-ginebra\/#webpage"},"articleSection":"Actualidad"},{"@type":"BreadcrumbList","@id":"https:\/\/www.eldigitaldeasturias.com\/noticias\/las-delegaciones-de-la-oposicion-y-el-gobierno-sirios-no-hablaran-directamente-entre-ellas-en-ginebra\/#breadcrumblist","itemListElement":[{"@type":"ListItem","@id":"https:\/\/www.eldigitaldeasturias.com\/noticias#listItem","position":1,"name":"Home","item":"https:\/\/www.eldigitaldeasturias.com\/noticias","nextItem":{"@type":"ListItem","@id":"https:\/\/www.eldigitaldeasturias.com\/noticias\/category\/actualidad\/#listItem","name":"Actualidad"}},{"@type":"ListItem","@id":"https:\/\/www.eldigitaldeasturias.com\/noticias\/category\/actualidad\/#listItem","position":2,"name":"Actualidad","item":"https:\/\/www.eldigitaldeasturias.com\/noticias\/category\/actualidad\/","nextItem":{"@type":"ListItem","@id":"https:\/\/www.eldigitaldeasturias.com\/noticias\/las-delegaciones-de-la-oposicion-y-el-gobierno-sirios-no-hablaran-directamente-entre-ellas-en-ginebra\/#listItem","name":"Las delegaciones de la oposici\u00f3n y el gobierno sirios no hablar\u00e1n directamente entre ellas en Ginebra"},"previousItem":{"@type":"ListItem","@id":"https:\/\/www.eldigitaldeasturias.com\/noticias#listItem","name":"Home"}},{"@type":"ListItem","@id":"https:\/\/www.eldigitaldeasturias.com\/noticias\/las-delegaciones-de-la-oposicion-y-el-gobierno-sirios-no-hablaran-directamente-entre-ellas-en-ginebra\/#listItem","position":3,"name":"Las delegaciones de la oposici\u00f3n y el gobierno sirios no hablar\u00e1n directamente entre ellas en Ginebra","previousItem":{"@type":"ListItem","@id":"https:\/\/www.eldigitaldeasturias.com\/noticias\/category\/actualidad\/#listItem","name":"Actualidad"}}]},{"@type":"Organization","@id":"https:\/\/www.eldigitaldeasturias.com\/noticias\/#organization","name":"El Digital de Asturias","description":"Hemeroteca","url":"https:\/\/www.eldigitaldeasturias.com\/noticias\/","email":"info@eldigitaldeasturias.com","telephone":"+34652131393","logo":{"@type":"ImageObject","url":"https:\/\/www.eldigitaldeasturias.com\/noticias\/wp-content\/uploads\/2020\/12\/EDA.jpg","@id":"https:\/\/www.eldigitaldeasturias.com\/noticias\/las-delegaciones-de-la-oposicion-y-el-gobierno-sirios-no-hablaran-directamente-entre-ellas-en-ginebra\/#organizationLogo"},"image":{"@id":"https:\/\/www.eldigitaldeasturias.com\/noticias\/las-delegaciones-de-la-oposicion-y-el-gobierno-sirios-no-hablaran-directamente-entre-ellas-en-ginebra\/#organizationLogo"},"sameAs":["https:\/\/facebook.com\/eldigitaldeasturias","https:\/\/www.youtube.com\/channel\/UCZP-2wLEB9Rv6erhFmqVnvg"],"address":{"@id":"https:\/\/www.eldigitaldeasturias.com\/noticias\/#postaladdress","@type":"PostalAddress","streetAddress":"san antonio 4","postalCode":"33430","addressLocality":"Cand\u00e1s","addressRegion":"Asturias","addressCountry":"ES"}},{"@type":"Person","@id":"https:\/\/www.eldigitaldeasturias.com\/noticias\/author\/admin\/#author","url":"https:\/\/www.eldigitaldeasturias.com\/noticias\/author\/admin\/","name":"El Digital de Asturias","image":{"@type":"ImageObject","@id":"https:\/\/www.eldigitaldeasturias.com\/noticias\/las-delegaciones-de-la-oposicion-y-el-gobierno-sirios-no-hablaran-directamente-entre-ellas-en-ginebra\/#authorImage","url":"https:\/\/secure.gravatar.com\/avatar\/df2aeffc32bcd13f8d26072ef8a91b623d677766deac7f97ca815868cd41bf5e?s=96&d=mm&r=g","width":96,"height":96,"caption":"El Digital de Asturias"}},{"@type":"WebPage","@id":"https:\/\/www.eldigitaldeasturias.com\/noticias\/las-delegaciones-de-la-oposicion-y-el-gobierno-sirios-no-hablaran-directamente-entre-ellas-en-ginebra\/#webpage","url":"https:\/\/www.eldigitaldeasturias.com\/noticias\/las-delegaciones-de-la-oposicion-y-el-gobierno-sirios-no-hablaran-directamente-entre-ellas-en-ginebra\/","name":"Las delegaciones de la oposici\u00f3n y el gobierno sirios no hablar\u00e1n directamente entre ellas en Ginebra - El Digital de Asturias","description":"Ginebra, 25 ene (EFE).- Las delegaciones sirias del Gobierno y la oposici\u00f3n se encuentran ya en la sede de la ONU en Ginebra para el segundo d\u00eda de negociaciones en las que, por primera vez, se sentar\u00e1n en la misma sala, aunque no hablar\u00e1n entre ellas. \"En la primera sesi\u00f3n, (el mediador Lajdar) Brahimi ser\u00e1","inLanguage":"es-ES","isPartOf":{"@id":"https:\/\/www.eldigitaldeasturias.com\/noticias\/#website"},"breadcrumb":{"@id":"https:\/\/www.eldigitaldeasturias.com\/noticias\/las-delegaciones-de-la-oposicion-y-el-gobierno-sirios-no-hablaran-directamente-entre-ellas-en-ginebra\/#breadcrumblist"},"author":{"@id":"https:\/\/www.eldigitaldeasturias.com\/noticias\/author\/admin\/#author"},"creator":{"@id":"https:\/\/www.eldigitaldeasturias.com\/noticias\/author\/admin\/#author"},"image":{"@type":"ImageObject","url":"https:\/\/www.eldigitaldeasturias.com\/noticias\/wp-content\/uploads\/2026\/06\/Contenidos.jpg","@id":"https:\/\/www.eldigitaldeasturias.com\/noticias\/las-delegaciones-de-la-oposicion-y-el-gobierno-sirios-no-hablaran-directamente-entre-ellas-en-ginebra\/#mainImage","width":1265,"height":697,"caption":"Contenidos"},"primaryImageOfPage":{"@id":"https:\/\/www.eldigitaldeasturias.com\/noticias\/las-delegaciones-de-la-oposicion-y-el-gobierno-sirios-no-hablaran-directamente-entre-ellas-en-ginebra\/#mainImage"},"datePublished":"2014-01-25T11:34:05+01:00","dateModified":"2014-01-25T11:34:05+01:00"},{"@type":"WebSite","@id":"https:\/\/www.eldigitaldeasturias.com\/noticias\/#website","url":"https:\/\/www.eldigitaldeasturias.com\/noticias\/","name":"El Digital de Asturias - Diario de actualidad y noticias","alternateName":"El Digital de Asturias - Diario de actualidad y noticias","description":"Hemeroteca","inLanguage":"es-ES","publisher":{"@id":"https:\/\/www.eldigitaldeasturias.com\/noticias\/#organization"}}]},"og:locale":"es_ES","og:site_name":"El Digital de Asturias","og:type":"article","og:title":"Las delegaciones de la oposici\u00f3n y el gobierno sirios no hablar\u00e1n directamente entre ellas en Ginebra - El Digital de Asturias","og:description":"Ginebra, 25 ene (EFE).- Las delegaciones sirias del Gobierno y la oposici\u00f3n se encuentran ya en la sede de la ONU en Ginebra para el segundo d\u00eda de negociaciones en las que, por primera vez, se sentar\u00e1n en la misma sala, aunque no hablar\u00e1n entre ellas. &quot;En la primera sesi\u00f3n, (el mediador Lajdar) Brahimi ser\u00e1","og:url":"https:\/\/www.eldigitaldeasturias.com\/noticias\/las-delegaciones-de-la-oposicion-y-el-gobierno-sirios-no-hablaran-directamente-entre-ellas-en-ginebra\/","og:image":"https:\/\/www.eldigitaldeasturias.com\/noticias\/wp-content\/uploads\/2026\/06\/Contenidos.jpg","og:image:secure_url":"https:\/\/www.eldigitaldeasturias.com\/noticias\/wp-content\/uploads\/2026\/06\/Contenidos.jpg","og:image:width":1265,"og:image:height":697,"article:tag":["actualidad"],"article:published_time":"2014-01-25T12:34:05+00:00","article:modified_time":"2014-01-25T12:34:05+00:00","article:publisher":"https:\/\/facebook.com\/eldigitaldeasturias","twitter:card":"summary_large_image","twitter:title":"Las delegaciones de la oposici\u00f3n y el gobierno sirios no hablar\u00e1n directamente entre ellas en Ginebra - El Digital de Asturias","twitter:description":"Ginebra, 25 ene (EFE).- Las delegaciones sirias del Gobierno y la oposici\u00f3n se encuentran ya en la sede de la ONU en Ginebra para el segundo d\u00eda de negociaciones en las que, por primera vez, se sentar\u00e1n en la misma sala, aunque no hablar\u00e1n entre ellas. &quot;En la primera sesi\u00f3n, (el mediador Lajdar) Brahimi ser\u00e1","twitter:image":"https:\/\/www.eldigitaldeasturias.com\/noticias\/wp-content\/uploads\/2026\/06\/Contenidos.jpg","twitter:label1":"Escrito por","twitter:data1":"El Digital de Asturias","twitter:label2":"Tiempo de lectura estimado","twitter:data2":"1 minuto"},"aioseo_meta_data":{"post_id":"478662","title":null,"description":null,"keywords":null,"keyphrases":null,"primary_term":null,"canonical_url":null,"og_title":null,"og_description":null,"og_object_type":"default","og_image_type":"default","og_image_url":null,"og_image_width":null,"og_image_height":null,"og_image_custom_url":null,"og_image_custom_fields":null,"og_video":null,"og_custom_url":null,"og_article_section":null,"og_article_tags":null,"twitter_use_og":true,"twitter_card":"default","twitter_image_type":"default","twitter_image_url":null,"twitter_image_custom_url":null,"twitter_image_custom_fields":null,"twitter_title":null,"twitter_description":null,"schema":{"blockGraphs":[],"customGraphs":[],"default":{"data":{"Article":[],"Course":[],"Dataset":[],"FAQPage":[],"Movie":[],"Person":[],"Product":[],"ProductReview":[],"Car":[],"Recipe":[],"Service":[],"SoftwareApplication":[],"WebPage":[]},"graphName":"","isEnabled":true},"graphs":[],"defaultGraph":"","defaultPostTypeGraph":""},"schema_type":null,"schema_type_options":null,"pillar_content":false,"robots_default":true,"robots_noindex":false,"robots_noarchive":false,"robots_nosnippet":false,"robots_nofollow":false,"robots_noimageindex":false,"robots_noodp":false,"robots_notranslate":false,"robots_max_snippet":null,"robots_max_videopreview":null,"robots_max_imagepreview":"none","priority":null,"frequency":null,"local_seo":null,"seo_analyzer_scan_date":"2026-06-01 22:10:58","breadcrumb_settings":null,"limit_modified_date":false,"open_ai":null,"ai":null,"created":"2020-11-14 22:53:57","updated":"2026-06-01 22:10:58","focus_keyword":null,"additional_keywords":null,"truseo_locale":null},"aioseo_breadcrumb":"<div class=\"aioseo-breadcrumbs\"><span class=\"aioseo-breadcrumb\">\n\t<a href=\"https:\/\/www.eldigitaldeasturias.com\/noticias\" title=\"Home\">Home<\/a>\n<\/span><span class=\"aioseo-breadcrumb-separator\">\u2013<\/span><span class=\"aioseo-breadcrumb\">\n\t<a href=\"https:\/\/www.eldigitaldeasturias.com\/noticias\/category\/actualidad\/\" title=\"Actualidad\">Actualidad<\/a>\n<\/span><span class=\"aioseo-breadcrumb-separator\">\u2013<\/span><span class=\"aioseo-breadcrumb\">\n\t<a href=\"https:\/\/www.eldigitaldeasturias.com\/noticias\/las-delegaciones-de-la-oposicion-y-el-gobierno-sirios-no-hablaran-directamente-entre-ellas-en-ginebra\/\" title=\"Las delegaciones de la oposici\u00f3n y el gobierno sirios no hablar\u00e1n directamente entre ellas en Ginebra\">Las delegaciones de la oposici\u00f3n y el gobierno sirios no hablar\u00e1n directamente entre ellas en Ginebra<\/a>\n<\/span><\/div>","aioseo_breadcrumb_json":[{"label":"Home","link":"https:\/\/www.eldigitaldeasturias.com\/noticias"},{"label":"Actualidad","link":"https:\/\/www.eldigitaldeasturias.com\/noticias\/category\/actualidad\/"},{"label":"Las delegaciones de la oposici\u00f3n y el gobierno sirios no hablar\u00e1n directamente entre ellas en Ginebra","link":"https:\/\/www.eldigitaldeasturias.com\/noticias\/las-delegaciones-de-la-oposicion-y-el-gobierno-sirios-no-hablaran-directamente-entre-ellas-en-ginebra\/"}],"_links":{"self":[{"href":"https:\/\/www.eldigitaldeasturias.com\/noticias\/wp-json\/wp\/v2\/posts\/478662","targetHints":{"allow":["GET"]}}],"collection":[{"href":"https:\/\/www.eldigitaldeasturias.com\/noticias\/wp-json\/wp\/v2\/posts"}],"about":[{"href":"https:\/\/www.eldigitaldeasturias.com\/noticias\/wp-json\/wp\/v2\/types\/post"}],"author":[{"embeddable":true,"href":"https:\/\/www.eldigitaldeasturias.com\/noticias\/wp-json\/wp\/v2\/users\/1"}],"replies":[{"embeddable":true,"href":"https:\/\/www.eldigitaldeasturias.com\/noticias\/wp-json\/wp\/v2\/comments?post=478662"}],"version-history":[{"count":0,"href":"https:\/\/www.eldigitaldeasturias.com\/noticias\/wp-json\/wp\/v2\/posts\/478662\/revisions"}],"wp:featuredmedia":[{"embeddable":true,"href":"https:\/\/www.eldigitaldeasturias.com\/noticias\/wp-json\/wp\/v2\/media\/1132184"}],"wp:attachment":[{"href":"https:\/\/www.eldigitaldeasturias.com\/noticias\/wp-json\/wp\/v2\/media?parent=478662"}],"wp:term":[{"taxonomy":"category","embeddable":true,"href":"https:\/\/www.eldigitaldeasturias.com\/noticias\/wp-json\/wp\/v2\/categories?post=478662"},{"taxonomy":"post_tag","embeddable":true,"href":"https:\/\/www.eldigitaldeasturias.com\/noticias\/wp-json\/wp\/v2\/tags?post=478662"}],"curies":[{"name":"wp","href":"https:\/\/api.w.org\/{rel}","templated":true}]}}