{"id":478659,"date":"2014-01-25T11:32:41","date_gmt":"2014-01-25T12:32:41","guid":{"rendered":"http:\/\/www.eldigitaldeasturias.com\/noticias\/?p=478659"},"modified":"2014-01-25T11:32:41","modified_gmt":"2014-01-25T12:32:41","slug":"las-autoridades-exigen-la-liberacion-de-dos-policias-ucranianos-capturados","status":"publish","type":"post","link":"https:\/\/www.eldigitaldeasturias.com\/noticias\/las-autoridades-exigen-la-liberacion-de-dos-policias-ucranianos-capturados\/","title":{"rendered":"Las autoridades exigen la liberaci\u00f3n de dos polic\u00edas ucranianos capturados"},"content":{"rendered":"<p><img loading=\"lazy\" decoding=\"async\" class=\"alignleft size-medium wp-image-478660\" alt=\"5875616w\" src=\"https:\/\/www.eldigitaldeasturias.com\/noticias\/wp-content\/uploads\/2014\/01\/5875616w1-360x197.jpg\" width=\"360\" height=\"197\" \/>Kiev, 25 ene (EFE).- El Ministerio del Interior de Ucrania exigi\u00f3 hoy la inmediata liberaci\u00f3n de dos polic\u00edas capturados la pasada noche en la plaza de la Independencia (Euromaid\u00e1n) de Kiev por los opositores all\u00ed congregados.<\/p>\n<p>\u00abTodav\u00eda mantienen a dos polic\u00edas en el edificio del Ayuntamiento. Toda la noche ha habido negociaciones de la polic\u00eda con la oposici\u00f3n, pero no se ha llegado a un acuerdo. No hay informaci\u00f3n sobre el estado de los secuestrados\u00bb, se\u00f1al\u00f3 el Ministerio en un comunicado en su p\u00e1gina web.<\/p>\n<p>Por su parte, una fuente policial citada por la agencia \u00abInterfax Ucrania\u00bb advirti\u00f3 de que las fuerzas de seguridad asaltar\u00e1n el edificio si los dos agentes no son liberados inmediatamente.<\/p>\n<p>\u00abSi los manifestantes no liberan en un breve plazo a los rehenes, la polic\u00eda asaltar\u00e1 el edificio\u00bb, se\u00f1al\u00f3 la fuente.<\/p>\n<p>La sede del Ayuntamiento de Kiev, situado en la c\u00e9ntrica avenida Kreschatik, a pocos metros de la plaza de la Independencia, fue tomada por los opositores el pasado noviembre, al comienzo de las protestas de los sectores europe\u00edstas que exigen la firma de un acuerdo de Asociaci\u00f3n con la Uni\u00f3n Europea y la dimisi\u00f3n del Gobierno.<\/p>\n<p>Anoche se inform\u00f3 de que un polic\u00eda fue asesinado de un disparo en la cabeza en Kiev cuanto regresaba a su domicilio.<\/p>\n<p>Adem\u00e1s, otro polic\u00eda fue herido con arma blanca en el Euromaid\u00e1n, mientras otros dos agentes del orden fueron apresados por los guardias que se encargan de la seguridad en el campamento opositor.<\/p>\n<p>El polic\u00eda herido fue liberado y se encuentra hospitalizado, mientras sus dos colegas siguen capturados.<\/p>\n<p>Esta ma\u00f1ana, en el centro de Kiev reina una relativa calma despu\u00e9s de que la pasada noche se rompiera la tregua alcanzada entre manifestantes y efectivos antidisturbios y se reanudasen los enfrentamientos en las inmediaciones del estadio del Dinamo de Kiev.<\/p>\n<p>Poco despu\u00e9s de que el presidente ucraniano, V\u00edktor Yanuk\u00f3vich, accediera a la reestructuraci\u00f3n del Gobierno y la revisi\u00f3n de las leyes \u00abdictatoriales\u00bb aprobadas la semana pasada, los manifestantes volvieron a lanzar c\u00f3cteles molotov y adoquines contra la polic\u00eda.<\/p>\n<p>Los manifestantes, que hab\u00edan fortificado durante los \u00faltimos dos d\u00edas con sacos de nieve las barricadas tras los autobuses calcinados, crearon una nueva cadena de fuego que alimentan con neum\u00e1ticos para mantener a raya a los antidisturbios.<\/p>\n<p>En respuesta, la polic\u00eda lanz\u00f3 granadas aturdidoras, chorros de agua para sofocar los incendios y grandes focos para deslumbrar a los manifestantes.<\/p>\n<p>Por la ma\u00f1ana, varios cientos de manifestantes siguen concentrados junto al cord\u00f3n policial en la calle Grushevski, calent\u00e1ndose al fuego de hogueras y gritando de vez en cuando \u00abViva Ucrania\u00bb y \u00abVivan los h\u00e9roes\u00bb.<\/p>\n","protected":false},"excerpt":{"rendered":"<p>Kiev, 25 ene (EFE).- El Ministerio del Interior de Ucrania exigi\u00f3 hoy la inmediata liberaci\u00f3n de dos polic\u00edas capturados la pasada noche en la plaza de la Independencia (Euromaid\u00e1n) de Kiev por los opositores all\u00ed congregados. \u00abTodav\u00eda mantienen a dos polic\u00edas en el edificio del Ayuntamiento. Toda la noche ha habido negociaciones de la polic\u00eda [&hellip;]<\/p>\n","protected":false},"author":1,"featured_media":1132184,"comment_status":"closed","ping_status":"open","sticky":false,"template":"","format":"standard","meta":{"footnotes":""},"categories":[1],"tags":[],"class_list":["post-478659","post","type-post","status-publish","format-standard","has-post-thumbnail","hentry","category-actualidad"],"aioseo_notices":[],"aioseo_head":"\n\t\t<!-- All in One SEO Pro 5.0.1 - aioseo.com -->\n\t<meta name=\"description\" content=\"Kiev, 25 ene (EFE).- El Ministerio del Interior de Ucrania exigi\u00f3 hoy la inmediata liberaci\u00f3n de dos polic\u00edas capturados la pasada noche en la plaza de la Independencia (Euromaid\u00e1n) de Kiev por los opositores all\u00ed congregados. &quot;Todav\u00eda mantienen a dos polic\u00edas en el edificio del Ayuntamiento. Toda la noche ha habido negociaciones de la polic\u00eda\" \/>\n\t<meta name=\"robots\" content=\"max-image-preview:large\" \/>\n\t<meta name=\"author\" content=\"El Digital de Asturias\"\/>\n\t<meta name=\"google-site-verification\" content=\"UA-38556648-1\" \/>\n\t<meta name=\"msvalidate.01\" content=\"7dfe9f3f1b24437ab69f4f2559babe99\" \/>\n\t<meta name=\"keywords\" content=\"actualidad\" \/>\n\t<link rel=\"canonical\" href=\"https:\/\/www.eldigitaldeasturias.com\/noticias\/las-autoridades-exigen-la-liberacion-de-dos-policias-ucranianos-capturados\/\" \/>\n\t<meta name=\"generator\" content=\"All in One SEO Pro (AIOSEO) 5.0.1\" \/>\n\t\t<meta property=\"og:locale\" content=\"es_ES\" \/>\n\t\t<meta property=\"og:site_name\" content=\"El Digital de Asturias\" \/>\n\t\t<meta property=\"og:type\" content=\"article\" \/>\n\t\t<meta property=\"og:title\" content=\"Las autoridades exigen la liberaci\u00f3n de dos polic\u00edas ucranianos capturados - El Digital de Asturias\" \/>\n\t\t<meta property=\"og:description\" content=\"Kiev, 25 ene (EFE).- El Ministerio del Interior de Ucrania exigi\u00f3 hoy la inmediata liberaci\u00f3n de dos polic\u00edas capturados la pasada noche en la plaza de la Independencia (Euromaid\u00e1n) de Kiev por los opositores all\u00ed congregados. &quot;Todav\u00eda mantienen a dos polic\u00edas en el edificio del Ayuntamiento. Toda la noche ha habido negociaciones de la polic\u00eda\" \/>\n\t\t<meta property=\"og:url\" content=\"https:\/\/www.eldigitaldeasturias.com\/noticias\/las-autoridades-exigen-la-liberacion-de-dos-policias-ucranianos-capturados\/\" \/>\n\t\t<meta property=\"og:image\" content=\"https:\/\/www.eldigitaldeasturias.com\/noticias\/wp-content\/uploads\/2026\/06\/Contenidos.jpg\" \/>\n\t\t<meta property=\"og:image:secure_url\" content=\"https:\/\/www.eldigitaldeasturias.com\/noticias\/wp-content\/uploads\/2026\/06\/Contenidos.jpg\" \/>\n\t\t<meta property=\"og:image:width\" content=\"1265\" \/>\n\t\t<meta property=\"og:image:height\" content=\"697\" \/>\n\t\t<meta property=\"article:tag\" content=\"actualidad\" \/>\n\t\t<meta property=\"article:published_time\" content=\"2014-01-25T12:32:41+00:00\" \/>\n\t\t<meta property=\"article:modified_time\" content=\"2014-01-25T12:32:41+00:00\" \/>\n\t\t<meta property=\"article:publisher\" content=\"https:\/\/facebook.com\/eldigitaldeasturias\" \/>\n\t\t<meta name=\"twitter:card\" content=\"summary_large_image\" \/>\n\t\t<meta name=\"twitter:title\" content=\"Las autoridades exigen la liberaci\u00f3n de dos polic\u00edas ucranianos capturados - El Digital de Asturias\" \/>\n\t\t<meta name=\"twitter:description\" content=\"Kiev, 25 ene (EFE).- El Ministerio del Interior de Ucrania exigi\u00f3 hoy la inmediata liberaci\u00f3n de dos polic\u00edas capturados la pasada noche en la plaza de la Independencia (Euromaid\u00e1n) de Kiev por los opositores all\u00ed congregados. &quot;Todav\u00eda mantienen a dos polic\u00edas en el edificio del Ayuntamiento. Toda la noche ha habido negociaciones de la polic\u00eda\" \/>\n\t\t<meta name=\"twitter:image\" content=\"https:\/\/www.eldigitaldeasturias.com\/noticias\/wp-content\/uploads\/2026\/06\/Contenidos.jpg\" \/>\n\t\t<meta name=\"twitter:label1\" content=\"Escrito por\" \/>\n\t\t<meta name=\"twitter:data1\" content=\"El Digital de Asturias\" \/>\n\t\t<meta name=\"twitter:label2\" content=\"Tiempo de lectura estimado\" \/>\n\t\t<meta name=\"twitter:data2\" content=\"2 minutos\" \/>\n\t\t<script type=\"application\/ld+json\" class=\"aioseo-schema\">\n\t\t\t{\"@context\":\"https:\\\/\\\/schema.org\",\"@graph\":[{\"@type\":\"BlogPosting\",\"@id\":\"https:\\\/\\\/www.eldigitaldeasturias.com\\\/noticias\\\/las-autoridades-exigen-la-liberacion-de-dos-policias-ucranianos-capturados\\\/#blogposting\",\"name\":\"Las autoridades exigen la liberaci\\u00f3n de dos polic\\u00edas ucranianos capturados - El Digital de Asturias\",\"headline\":\"Las autoridades exigen la liberaci\\u00f3n de dos polic\\u00edas ucranianos capturados\",\"author\":{\"@id\":\"https:\\\/\\\/www.eldigitaldeasturias.com\\\/noticias\\\/author\\\/admin\\\/#author\"},\"publisher\":{\"@id\":\"https:\\\/\\\/www.eldigitaldeasturias.com\\\/noticias\\\/#organization\"},\"image\":{\"@type\":\"ImageObject\",\"url\":\"https:\\\/\\\/www.eldigitaldeasturias.com\\\/noticias\\\/wp-content\\\/uploads\\\/2026\\\/06\\\/Contenidos.jpg\",\"width\":1265,\"height\":697,\"caption\":\"Contenidos\"},\"datePublished\":\"2014-01-25T11:32:41+01:00\",\"dateModified\":\"2014-01-25T11:32:41+01:00\",\"inLanguage\":\"es-ES\",\"mainEntityOfPage\":{\"@id\":\"https:\\\/\\\/www.eldigitaldeasturias.com\\\/noticias\\\/las-autoridades-exigen-la-liberacion-de-dos-policias-ucranianos-capturados\\\/#webpage\"},\"isPartOf\":{\"@id\":\"https:\\\/\\\/www.eldigitaldeasturias.com\\\/noticias\\\/las-autoridades-exigen-la-liberacion-de-dos-policias-ucranianos-capturados\\\/#webpage\"},\"articleSection\":\"Actualidad\"},{\"@type\":\"BreadcrumbList\",\"@id\":\"https:\\\/\\\/www.eldigitaldeasturias.com\\\/noticias\\\/las-autoridades-exigen-la-liberacion-de-dos-policias-ucranianos-capturados\\\/#breadcrumblist\",\"itemListElement\":[{\"@type\":\"ListItem\",\"@id\":\"https:\\\/\\\/www.eldigitaldeasturias.com\\\/noticias#listItem\",\"position\":1,\"name\":\"Home\",\"item\":\"https:\\\/\\\/www.eldigitaldeasturias.com\\\/noticias\",\"nextItem\":{\"@type\":\"ListItem\",\"@id\":\"https:\\\/\\\/www.eldigitaldeasturias.com\\\/noticias\\\/category\\\/actualidad\\\/#listItem\",\"name\":\"Actualidad\"}},{\"@type\":\"ListItem\",\"@id\":\"https:\\\/\\\/www.eldigitaldeasturias.com\\\/noticias\\\/category\\\/actualidad\\\/#listItem\",\"position\":2,\"name\":\"Actualidad\",\"item\":\"https:\\\/\\\/www.eldigitaldeasturias.com\\\/noticias\\\/category\\\/actualidad\\\/\",\"nextItem\":{\"@type\":\"ListItem\",\"@id\":\"https:\\\/\\\/www.eldigitaldeasturias.com\\\/noticias\\\/las-autoridades-exigen-la-liberacion-de-dos-policias-ucranianos-capturados\\\/#listItem\",\"name\":\"Las autoridades exigen la liberaci\\u00f3n de dos polic\\u00edas ucranianos capturados\"},\"previousItem\":{\"@type\":\"ListItem\",\"@id\":\"https:\\\/\\\/www.eldigitaldeasturias.com\\\/noticias#listItem\",\"name\":\"Home\"}},{\"@type\":\"ListItem\",\"@id\":\"https:\\\/\\\/www.eldigitaldeasturias.com\\\/noticias\\\/las-autoridades-exigen-la-liberacion-de-dos-policias-ucranianos-capturados\\\/#listItem\",\"position\":3,\"name\":\"Las autoridades exigen la liberaci\\u00f3n de dos polic\\u00edas ucranianos capturados\",\"previousItem\":{\"@type\":\"ListItem\",\"@id\":\"https:\\\/\\\/www.eldigitaldeasturias.com\\\/noticias\\\/category\\\/actualidad\\\/#listItem\",\"name\":\"Actualidad\"}}]},{\"@type\":\"Organization\",\"@id\":\"https:\\\/\\\/www.eldigitaldeasturias.com\\\/noticias\\\/#organization\",\"name\":\"El Digital de Asturias\",\"description\":\"Hemeroteca\",\"url\":\"https:\\\/\\\/www.eldigitaldeasturias.com\\\/noticias\\\/\",\"email\":\"info@eldigitaldeasturias.com\",\"telephone\":\"+34652131393\",\"logo\":{\"@type\":\"ImageObject\",\"url\":\"https:\\\/\\\/www.eldigitaldeasturias.com\\\/noticias\\\/wp-content\\\/uploads\\\/2020\\\/12\\\/EDA.jpg\",\"@id\":\"https:\\\/\\\/www.eldigitaldeasturias.com\\\/noticias\\\/las-autoridades-exigen-la-liberacion-de-dos-policias-ucranianos-capturados\\\/#organizationLogo\"},\"image\":{\"@id\":\"https:\\\/\\\/www.eldigitaldeasturias.com\\\/noticias\\\/las-autoridades-exigen-la-liberacion-de-dos-policias-ucranianos-capturados\\\/#organizationLogo\"},\"sameAs\":[\"https:\\\/\\\/facebook.com\\\/eldigitaldeasturias\",\"https:\\\/\\\/www.youtube.com\\\/channel\\\/UCZP-2wLEB9Rv6erhFmqVnvg\"],\"address\":{\"@id\":\"https:\\\/\\\/www.eldigitaldeasturias.com\\\/noticias\\\/#postaladdress\",\"@type\":\"PostalAddress\",\"streetAddress\":\"san antonio 4\",\"postalCode\":\"33430\",\"addressLocality\":\"Cand\\u00e1s\",\"addressRegion\":\"Asturias\",\"addressCountry\":\"ES\"}},{\"@type\":\"Person\",\"@id\":\"https:\\\/\\\/www.eldigitaldeasturias.com\\\/noticias\\\/author\\\/admin\\\/#author\",\"url\":\"https:\\\/\\\/www.eldigitaldeasturias.com\\\/noticias\\\/author\\\/admin\\\/\",\"name\":\"El Digital de Asturias\",\"image\":{\"@type\":\"ImageObject\",\"@id\":\"https:\\\/\\\/www.eldigitaldeasturias.com\\\/noticias\\\/las-autoridades-exigen-la-liberacion-de-dos-policias-ucranianos-capturados\\\/#authorImage\",\"url\":\"https:\\\/\\\/secure.gravatar.com\\\/avatar\\\/df2aeffc32bcd13f8d26072ef8a91b623d677766deac7f97ca815868cd41bf5e?s=96&d=mm&r=g\",\"width\":96,\"height\":96,\"caption\":\"El Digital de Asturias\"}},{\"@type\":\"WebPage\",\"@id\":\"https:\\\/\\\/www.eldigitaldeasturias.com\\\/noticias\\\/las-autoridades-exigen-la-liberacion-de-dos-policias-ucranianos-capturados\\\/#webpage\",\"url\":\"https:\\\/\\\/www.eldigitaldeasturias.com\\\/noticias\\\/las-autoridades-exigen-la-liberacion-de-dos-policias-ucranianos-capturados\\\/\",\"name\":\"Las autoridades exigen la liberaci\\u00f3n de dos polic\\u00edas ucranianos capturados - El Digital de Asturias\",\"description\":\"Kiev, 25 ene (EFE).- El Ministerio del Interior de Ucrania exigi\\u00f3 hoy la inmediata liberaci\\u00f3n de dos polic\\u00edas capturados la pasada noche en la plaza de la Independencia (Euromaid\\u00e1n) de Kiev por los opositores all\\u00ed congregados. \\\"Todav\\u00eda mantienen a dos polic\\u00edas en el edificio del Ayuntamiento. Toda la noche ha habido negociaciones de la polic\\u00eda\",\"inLanguage\":\"es-ES\",\"isPartOf\":{\"@id\":\"https:\\\/\\\/www.eldigitaldeasturias.com\\\/noticias\\\/#website\"},\"breadcrumb\":{\"@id\":\"https:\\\/\\\/www.eldigitaldeasturias.com\\\/noticias\\\/las-autoridades-exigen-la-liberacion-de-dos-policias-ucranianos-capturados\\\/#breadcrumblist\"},\"author\":{\"@id\":\"https:\\\/\\\/www.eldigitaldeasturias.com\\\/noticias\\\/author\\\/admin\\\/#author\"},\"creator\":{\"@id\":\"https:\\\/\\\/www.eldigitaldeasturias.com\\\/noticias\\\/author\\\/admin\\\/#author\"},\"image\":{\"@type\":\"ImageObject\",\"url\":\"https:\\\/\\\/www.eldigitaldeasturias.com\\\/noticias\\\/wp-content\\\/uploads\\\/2026\\\/06\\\/Contenidos.jpg\",\"@id\":\"https:\\\/\\\/www.eldigitaldeasturias.com\\\/noticias\\\/las-autoridades-exigen-la-liberacion-de-dos-policias-ucranianos-capturados\\\/#mainImage\",\"width\":1265,\"height\":697,\"caption\":\"Contenidos\"},\"primaryImageOfPage\":{\"@id\":\"https:\\\/\\\/www.eldigitaldeasturias.com\\\/noticias\\\/las-autoridades-exigen-la-liberacion-de-dos-policias-ucranianos-capturados\\\/#mainImage\"},\"datePublished\":\"2014-01-25T11:32:41+01:00\",\"dateModified\":\"2014-01-25T11:32:41+01:00\"},{\"@type\":\"WebSite\",\"@id\":\"https:\\\/\\\/www.eldigitaldeasturias.com\\\/noticias\\\/#website\",\"url\":\"https:\\\/\\\/www.eldigitaldeasturias.com\\\/noticias\\\/\",\"name\":\"El Digital de Asturias - Diario de actualidad y noticias\",\"alternateName\":\"El Digital de Asturias - Diario de actualidad y noticias\",\"description\":\"Hemeroteca\",\"inLanguage\":\"es-ES\",\"publisher\":{\"@id\":\"https:\\\/\\\/www.eldigitaldeasturias.com\\\/noticias\\\/#organization\"}}]}\n\t\t<\/script>\n\t\t<!-- All in One SEO Pro -->\r\n\t\t<title>Las autoridades exigen la liberaci\u00f3n de dos polic\u00edas ucranianos capturados - El Digital de Asturias<\/title>\n\n","aioseo_head_json":{"title":"Las autoridades exigen la liberaci\u00f3n de dos polic\u00edas ucranianos capturados - El Digital de Asturias","description":"Kiev, 25 ene (EFE).- El Ministerio del Interior de Ucrania exigi\u00f3 hoy la inmediata liberaci\u00f3n de dos polic\u00edas capturados la pasada noche en la plaza de la Independencia (Euromaid\u00e1n) de Kiev por los opositores all\u00ed congregados. \"Todav\u00eda mantienen a dos polic\u00edas en el edificio del Ayuntamiento. Toda la noche ha habido negociaciones de la polic\u00eda","canonical_url":"https:\/\/www.eldigitaldeasturias.com\/noticias\/las-autoridades-exigen-la-liberacion-de-dos-policias-ucranianos-capturados\/","robots":"max-image-preview:large","keywords":"actualidad","webmasterTools":{"google-site-verification":"UA-38556648-1","msvalidate.01":"7dfe9f3f1b24437ab69f4f2559babe99","miscellaneous":""},"schema":{"@context":"https:\/\/schema.org","@graph":[{"@type":"BlogPosting","@id":"https:\/\/www.eldigitaldeasturias.com\/noticias\/las-autoridades-exigen-la-liberacion-de-dos-policias-ucranianos-capturados\/#blogposting","name":"Las autoridades exigen la liberaci\u00f3n de dos polic\u00edas ucranianos capturados - El Digital de Asturias","headline":"Las autoridades exigen la liberaci\u00f3n de dos polic\u00edas ucranianos capturados","author":{"@id":"https:\/\/www.eldigitaldeasturias.com\/noticias\/author\/admin\/#author"},"publisher":{"@id":"https:\/\/www.eldigitaldeasturias.com\/noticias\/#organization"},"image":{"@type":"ImageObject","url":"https:\/\/www.eldigitaldeasturias.com\/noticias\/wp-content\/uploads\/2026\/06\/Contenidos.jpg","width":1265,"height":697,"caption":"Contenidos"},"datePublished":"2014-01-25T11:32:41+01:00","dateModified":"2014-01-25T11:32:41+01:00","inLanguage":"es-ES","mainEntityOfPage":{"@id":"https:\/\/www.eldigitaldeasturias.com\/noticias\/las-autoridades-exigen-la-liberacion-de-dos-policias-ucranianos-capturados\/#webpage"},"isPartOf":{"@id":"https:\/\/www.eldigitaldeasturias.com\/noticias\/las-autoridades-exigen-la-liberacion-de-dos-policias-ucranianos-capturados\/#webpage"},"articleSection":"Actualidad"},{"@type":"BreadcrumbList","@id":"https:\/\/www.eldigitaldeasturias.com\/noticias\/las-autoridades-exigen-la-liberacion-de-dos-policias-ucranianos-capturados\/#breadcrumblist","itemListElement":[{"@type":"ListItem","@id":"https:\/\/www.eldigitaldeasturias.com\/noticias#listItem","position":1,"name":"Home","item":"https:\/\/www.eldigitaldeasturias.com\/noticias","nextItem":{"@type":"ListItem","@id":"https:\/\/www.eldigitaldeasturias.com\/noticias\/category\/actualidad\/#listItem","name":"Actualidad"}},{"@type":"ListItem","@id":"https:\/\/www.eldigitaldeasturias.com\/noticias\/category\/actualidad\/#listItem","position":2,"name":"Actualidad","item":"https:\/\/www.eldigitaldeasturias.com\/noticias\/category\/actualidad\/","nextItem":{"@type":"ListItem","@id":"https:\/\/www.eldigitaldeasturias.com\/noticias\/las-autoridades-exigen-la-liberacion-de-dos-policias-ucranianos-capturados\/#listItem","name":"Las autoridades exigen la liberaci\u00f3n de dos polic\u00edas ucranianos capturados"},"previousItem":{"@type":"ListItem","@id":"https:\/\/www.eldigitaldeasturias.com\/noticias#listItem","name":"Home"}},{"@type":"ListItem","@id":"https:\/\/www.eldigitaldeasturias.com\/noticias\/las-autoridades-exigen-la-liberacion-de-dos-policias-ucranianos-capturados\/#listItem","position":3,"name":"Las autoridades exigen la liberaci\u00f3n de dos polic\u00edas ucranianos capturados","previousItem":{"@type":"ListItem","@id":"https:\/\/www.eldigitaldeasturias.com\/noticias\/category\/actualidad\/#listItem","name":"Actualidad"}}]},{"@type":"Organization","@id":"https:\/\/www.eldigitaldeasturias.com\/noticias\/#organization","name":"El Digital de Asturias","description":"Hemeroteca","url":"https:\/\/www.eldigitaldeasturias.com\/noticias\/","email":"info@eldigitaldeasturias.com","telephone":"+34652131393","logo":{"@type":"ImageObject","url":"https:\/\/www.eldigitaldeasturias.com\/noticias\/wp-content\/uploads\/2020\/12\/EDA.jpg","@id":"https:\/\/www.eldigitaldeasturias.com\/noticias\/las-autoridades-exigen-la-liberacion-de-dos-policias-ucranianos-capturados\/#organizationLogo"},"image":{"@id":"https:\/\/www.eldigitaldeasturias.com\/noticias\/las-autoridades-exigen-la-liberacion-de-dos-policias-ucranianos-capturados\/#organizationLogo"},"sameAs":["https:\/\/facebook.com\/eldigitaldeasturias","https:\/\/www.youtube.com\/channel\/UCZP-2wLEB9Rv6erhFmqVnvg"],"address":{"@id":"https:\/\/www.eldigitaldeasturias.com\/noticias\/#postaladdress","@type":"PostalAddress","streetAddress":"san antonio 4","postalCode":"33430","addressLocality":"Cand\u00e1s","addressRegion":"Asturias","addressCountry":"ES"}},{"@type":"Person","@id":"https:\/\/www.eldigitaldeasturias.com\/noticias\/author\/admin\/#author","url":"https:\/\/www.eldigitaldeasturias.com\/noticias\/author\/admin\/","name":"El Digital de Asturias","image":{"@type":"ImageObject","@id":"https:\/\/www.eldigitaldeasturias.com\/noticias\/las-autoridades-exigen-la-liberacion-de-dos-policias-ucranianos-capturados\/#authorImage","url":"https:\/\/secure.gravatar.com\/avatar\/df2aeffc32bcd13f8d26072ef8a91b623d677766deac7f97ca815868cd41bf5e?s=96&d=mm&r=g","width":96,"height":96,"caption":"El Digital de Asturias"}},{"@type":"WebPage","@id":"https:\/\/www.eldigitaldeasturias.com\/noticias\/las-autoridades-exigen-la-liberacion-de-dos-policias-ucranianos-capturados\/#webpage","url":"https:\/\/www.eldigitaldeasturias.com\/noticias\/las-autoridades-exigen-la-liberacion-de-dos-policias-ucranianos-capturados\/","name":"Las autoridades exigen la liberaci\u00f3n de dos polic\u00edas ucranianos capturados - El Digital de Asturias","description":"Kiev, 25 ene (EFE).- El Ministerio del Interior de Ucrania exigi\u00f3 hoy la inmediata liberaci\u00f3n de dos polic\u00edas capturados la pasada noche en la plaza de la Independencia (Euromaid\u00e1n) de Kiev por los opositores all\u00ed congregados. \"Todav\u00eda mantienen a dos polic\u00edas en el edificio del Ayuntamiento. Toda la noche ha habido negociaciones de la polic\u00eda","inLanguage":"es-ES","isPartOf":{"@id":"https:\/\/www.eldigitaldeasturias.com\/noticias\/#website"},"breadcrumb":{"@id":"https:\/\/www.eldigitaldeasturias.com\/noticias\/las-autoridades-exigen-la-liberacion-de-dos-policias-ucranianos-capturados\/#breadcrumblist"},"author":{"@id":"https:\/\/www.eldigitaldeasturias.com\/noticias\/author\/admin\/#author"},"creator":{"@id":"https:\/\/www.eldigitaldeasturias.com\/noticias\/author\/admin\/#author"},"image":{"@type":"ImageObject","url":"https:\/\/www.eldigitaldeasturias.com\/noticias\/wp-content\/uploads\/2026\/06\/Contenidos.jpg","@id":"https:\/\/www.eldigitaldeasturias.com\/noticias\/las-autoridades-exigen-la-liberacion-de-dos-policias-ucranianos-capturados\/#mainImage","width":1265,"height":697,"caption":"Contenidos"},"primaryImageOfPage":{"@id":"https:\/\/www.eldigitaldeasturias.com\/noticias\/las-autoridades-exigen-la-liberacion-de-dos-policias-ucranianos-capturados\/#mainImage"},"datePublished":"2014-01-25T11:32:41+01:00","dateModified":"2014-01-25T11:32:41+01:00"},{"@type":"WebSite","@id":"https:\/\/www.eldigitaldeasturias.com\/noticias\/#website","url":"https:\/\/www.eldigitaldeasturias.com\/noticias\/","name":"El Digital de Asturias - Diario de actualidad y noticias","alternateName":"El Digital de Asturias - Diario de actualidad y noticias","description":"Hemeroteca","inLanguage":"es-ES","publisher":{"@id":"https:\/\/www.eldigitaldeasturias.com\/noticias\/#organization"}}]},"og:locale":"es_ES","og:site_name":"El Digital de Asturias","og:type":"article","og:title":"Las autoridades exigen la liberaci\u00f3n de dos polic\u00edas ucranianos capturados - El Digital de Asturias","og:description":"Kiev, 25 ene (EFE).- El Ministerio del Interior de Ucrania exigi\u00f3 hoy la inmediata liberaci\u00f3n de dos polic\u00edas capturados la pasada noche en la plaza de la Independencia (Euromaid\u00e1n) de Kiev por los opositores all\u00ed congregados. &quot;Todav\u00eda mantienen a dos polic\u00edas en el edificio del Ayuntamiento. Toda la noche ha habido negociaciones de la polic\u00eda","og:url":"https:\/\/www.eldigitaldeasturias.com\/noticias\/las-autoridades-exigen-la-liberacion-de-dos-policias-ucranianos-capturados\/","og:image":"https:\/\/www.eldigitaldeasturias.com\/noticias\/wp-content\/uploads\/2026\/06\/Contenidos.jpg","og:image:secure_url":"https:\/\/www.eldigitaldeasturias.com\/noticias\/wp-content\/uploads\/2026\/06\/Contenidos.jpg","og:image:width":1265,"og:image:height":697,"article:tag":["actualidad"],"article:published_time":"2014-01-25T12:32:41+00:00","article:modified_time":"2014-01-25T12:32:41+00:00","article:publisher":"https:\/\/facebook.com\/eldigitaldeasturias","twitter:card":"summary_large_image","twitter:title":"Las autoridades exigen la liberaci\u00f3n de dos polic\u00edas ucranianos capturados - El Digital de Asturias","twitter:description":"Kiev, 25 ene (EFE).- El Ministerio del Interior de Ucrania exigi\u00f3 hoy la inmediata liberaci\u00f3n de dos polic\u00edas capturados la pasada noche en la plaza de la Independencia (Euromaid\u00e1n) de Kiev por los opositores all\u00ed congregados. &quot;Todav\u00eda mantienen a dos polic\u00edas en el edificio del Ayuntamiento. Toda la noche ha habido negociaciones de la polic\u00eda","twitter:image":"https:\/\/www.eldigitaldeasturias.com\/noticias\/wp-content\/uploads\/2026\/06\/Contenidos.jpg","twitter:label1":"Escrito por","twitter:data1":"El Digital de Asturias","twitter:label2":"Tiempo de lectura estimado","twitter:data2":"2 minutos"},"aioseo_meta_data":{"post_id":"478659","title":null,"description":null,"keywords":null,"keyphrases":null,"primary_term":null,"canonical_url":null,"og_title":null,"og_description":null,"og_object_type":"default","og_image_type":"default","og_image_url":null,"og_image_width":null,"og_image_height":null,"og_image_custom_url":null,"og_image_custom_fields":null,"og_video":null,"og_custom_url":null,"og_article_section":null,"og_article_tags":null,"twitter_use_og":true,"twitter_card":"default","twitter_image_type":"default","twitter_image_url":null,"twitter_image_custom_url":null,"twitter_image_custom_fields":null,"twitter_title":null,"twitter_description":null,"schema":{"blockGraphs":[],"customGraphs":[],"default":{"data":{"Article":[],"Course":[],"Dataset":[],"FAQPage":[],"Movie":[],"Person":[],"Product":[],"ProductReview":[],"Car":[],"Recipe":[],"Service":[],"SoftwareApplication":[],"WebPage":[]},"graphName":"","isEnabled":true},"graphs":[],"defaultGraph":"","defaultPostTypeGraph":""},"schema_type":null,"schema_type_options":null,"pillar_content":false,"robots_default":true,"robots_noindex":false,"robots_noarchive":false,"robots_nosnippet":false,"robots_nofollow":false,"robots_noimageindex":false,"robots_noodp":false,"robots_notranslate":false,"robots_max_snippet":null,"robots_max_videopreview":null,"robots_max_imagepreview":"none","priority":null,"frequency":null,"local_seo":null,"seo_analyzer_scan_date":"2026-06-01 22:10:58","breadcrumb_settings":null,"limit_modified_date":false,"open_ai":null,"ai":null,"created":"2020-11-14 22:53:57","updated":"2026-06-01 22:10:58","focus_keyword":null,"additional_keywords":null,"truseo_locale":null},"aioseo_breadcrumb":"<div class=\"aioseo-breadcrumbs\"><span class=\"aioseo-breadcrumb\">\n\t<a href=\"https:\/\/www.eldigitaldeasturias.com\/noticias\" title=\"Home\">Home<\/a>\n<\/span><span class=\"aioseo-breadcrumb-separator\">\u2013<\/span><span class=\"aioseo-breadcrumb\">\n\t<a href=\"https:\/\/www.eldigitaldeasturias.com\/noticias\/category\/actualidad\/\" title=\"Actualidad\">Actualidad<\/a>\n<\/span><span class=\"aioseo-breadcrumb-separator\">\u2013<\/span><span class=\"aioseo-breadcrumb\">\n\t<a href=\"https:\/\/www.eldigitaldeasturias.com\/noticias\/las-autoridades-exigen-la-liberacion-de-dos-policias-ucranianos-capturados\/\" title=\"Las autoridades exigen la liberaci\u00f3n de dos polic\u00edas ucranianos capturados\">Las autoridades exigen la liberaci\u00f3n de dos polic\u00edas ucranianos capturados<\/a>\n<\/span><\/div>","aioseo_breadcrumb_json":[{"label":"Home","link":"https:\/\/www.eldigitaldeasturias.com\/noticias"},{"label":"Actualidad","link":"https:\/\/www.eldigitaldeasturias.com\/noticias\/category\/actualidad\/"},{"label":"Las autoridades exigen la liberaci\u00f3n de dos polic\u00edas ucranianos capturados","link":"https:\/\/www.eldigitaldeasturias.com\/noticias\/las-autoridades-exigen-la-liberacion-de-dos-policias-ucranianos-capturados\/"}],"_links":{"self":[{"href":"https:\/\/www.eldigitaldeasturias.com\/noticias\/wp-json\/wp\/v2\/posts\/478659","targetHints":{"allow":["GET"]}}],"collection":[{"href":"https:\/\/www.eldigitaldeasturias.com\/noticias\/wp-json\/wp\/v2\/posts"}],"about":[{"href":"https:\/\/www.eldigitaldeasturias.com\/noticias\/wp-json\/wp\/v2\/types\/post"}],"author":[{"embeddable":true,"href":"https:\/\/www.eldigitaldeasturias.com\/noticias\/wp-json\/wp\/v2\/users\/1"}],"replies":[{"embeddable":true,"href":"https:\/\/www.eldigitaldeasturias.com\/noticias\/wp-json\/wp\/v2\/comments?post=478659"}],"version-history":[{"count":0,"href":"https:\/\/www.eldigitaldeasturias.com\/noticias\/wp-json\/wp\/v2\/posts\/478659\/revisions"}],"wp:featuredmedia":[{"embeddable":true,"href":"https:\/\/www.eldigitaldeasturias.com\/noticias\/wp-json\/wp\/v2\/media\/1132184"}],"wp:attachment":[{"href":"https:\/\/www.eldigitaldeasturias.com\/noticias\/wp-json\/wp\/v2\/media?parent=478659"}],"wp:term":[{"taxonomy":"category","embeddable":true,"href":"https:\/\/www.eldigitaldeasturias.com\/noticias\/wp-json\/wp\/v2\/categories?post=478659"},{"taxonomy":"post_tag","embeddable":true,"href":"https:\/\/www.eldigitaldeasturias.com\/noticias\/wp-json\/wp\/v2\/tags?post=478659"}],"curies":[{"name":"wp","href":"https:\/\/api.w.org\/{rel}","templated":true}]}}