{"id":478646,"date":"2014-01-25T10:58:08","date_gmt":"2014-01-25T11:58:08","guid":{"rendered":"http:\/\/www.eldigitaldeasturias.com\/noticias\/?p=478646"},"modified":"2014-01-25T10:58:08","modified_gmt":"2014-01-25T11:58:08","slug":"prueban-un-dron-para-medir-la-radiacion-en-fukushima","status":"publish","type":"post","link":"https:\/\/www.eldigitaldeasturias.com\/noticias\/prueban-un-dron-para-medir-la-radiacion-en-fukushima\/","title":{"rendered":"Prueban un dron para medir la radiaci\u00f3n en Fukushima"},"content":{"rendered":"<p><img loading=\"lazy\" decoding=\"async\" class=\"alignleft size-medium wp-image-478647\" alt=\"5875727w\" src=\"https:\/\/www.eldigitaldeasturias.com\/noticias\/wp-content\/uploads\/2014\/01\/5875727w-360x236.jpg\" width=\"360\" height=\"236\" \/>Tokio, 25 ene (EFE).- Un avi\u00f3n no tripulado dise\u00f1ado para medir con mayor precisi\u00f3n los niveles de radiaci\u00f3n en el suelo ha sido utilizado por primera vez en las cercan\u00edas de la accidentada planta nuclear de Fukushima, inform\u00f3 hoy la cadena p\u00fablica japonesa NHK.<\/p>\n<p>El dron, dirigido por control remoto, despeg\u00f3 de la ciudad de Namie, situada a apenas 6 kil\u00f3metros de la planta, y durante unos 30 minutos sobrevol\u00f3 la localidad y envi\u00f3 en tiempo real los niveles registrados.<\/p>\n<p>El aparato puede planear a una altura mucho menor que un avi\u00f3n tripulado (que debe mantener una altura m\u00ednima de 300 metros) y trazar un vuelo que se adapte al perfil topogr\u00e1fico del terreno, lo que permite medir con mayor precisi\u00f3n qu\u00e9 cantidad exacta de radiaci\u00f3n se registra en el suelo, seg\u00fan sus desarrolladores.<\/p>\n<p>El dispositivo ha sido concebido conjuntamente por la Agencia de la Energ\u00eda At\u00f3mica de Jap\u00f3n (JAEA) y la Agencia de Exploraci\u00f3n Espacial nipona (JAXA).<\/p>\n<p>El investigador del JAEA a cargo del proyecto, Tatsuo Torii, explic\u00f3 a NHK que el siguiente paso es medir la radiaci\u00f3n en los bosques que cubren gran parte de la prefectura de Fukushima, y que han absorbido gran parte de las emisiones radiactivas de la planta golpeada por el terremoto y tsunami del 11 de marzo de 2011.<\/p>\n<p>El equipo espera realizar varios vuelos de prueba m\u00e1s y tener operativo el dron para 2015.<\/p>\n","protected":false},"excerpt":{"rendered":"<p>Tokio, 25 ene (EFE).- Un avi\u00f3n no tripulado dise\u00f1ado para medir con mayor precisi\u00f3n los niveles de radiaci\u00f3n en el suelo ha sido utilizado por primera vez en las cercan\u00edas de la accidentada planta nuclear de Fukushima, inform\u00f3 hoy la cadena p\u00fablica japonesa NHK. El dron, dirigido por control remoto, despeg\u00f3 de la ciudad de [&hellip;]<\/p>\n","protected":false},"author":1,"featured_media":1132184,"comment_status":"closed","ping_status":"open","sticky":false,"template":"","format":"standard","meta":{"footnotes":""},"categories":[1],"tags":[],"class_list":["post-478646","post","type-post","status-publish","format-standard","has-post-thumbnail","hentry","category-actualidad"],"aioseo_notices":[],"aioseo_head":"\n\t\t<!-- All in One SEO Pro 5.0.1 - aioseo.com -->\n\t<meta name=\"description\" content=\"Tokio, 25 ene (EFE).- Un avi\u00f3n no tripulado dise\u00f1ado para medir con mayor precisi\u00f3n los niveles de radiaci\u00f3n en el suelo ha sido utilizado por primera vez en las cercan\u00edas de la accidentada planta nuclear de Fukushima, inform\u00f3 hoy la cadena p\u00fablica japonesa NHK. El dron, dirigido por control remoto, despeg\u00f3 de la ciudad de\" \/>\n\t<meta name=\"robots\" content=\"max-image-preview:large\" \/>\n\t<meta name=\"author\" content=\"El Digital de Asturias\"\/>\n\t<meta name=\"google-site-verification\" content=\"UA-38556648-1\" \/>\n\t<meta name=\"msvalidate.01\" content=\"7dfe9f3f1b24437ab69f4f2559babe99\" \/>\n\t<meta name=\"keywords\" content=\"actualidad\" \/>\n\t<link rel=\"canonical\" href=\"https:\/\/www.eldigitaldeasturias.com\/noticias\/prueban-un-dron-para-medir-la-radiacion-en-fukushima\/\" \/>\n\t<meta name=\"generator\" content=\"All in One SEO Pro (AIOSEO) 5.0.1\" \/>\n\t\t<meta property=\"og:locale\" content=\"es_ES\" \/>\n\t\t<meta property=\"og:site_name\" content=\"El Digital de Asturias\" \/>\n\t\t<meta property=\"og:type\" content=\"article\" \/>\n\t\t<meta property=\"og:title\" content=\"Prueban un dron para medir la radiaci\u00f3n en Fukushima - El Digital de Asturias\" \/>\n\t\t<meta property=\"og:description\" content=\"Tokio, 25 ene (EFE).- Un avi\u00f3n no tripulado dise\u00f1ado para medir con mayor precisi\u00f3n los niveles de radiaci\u00f3n en el suelo ha sido utilizado por primera vez en las cercan\u00edas de la accidentada planta nuclear de Fukushima, inform\u00f3 hoy la cadena p\u00fablica japonesa NHK. El dron, dirigido por control remoto, despeg\u00f3 de la ciudad de\" \/>\n\t\t<meta property=\"og:url\" content=\"https:\/\/www.eldigitaldeasturias.com\/noticias\/prueban-un-dron-para-medir-la-radiacion-en-fukushima\/\" \/>\n\t\t<meta property=\"og:image\" content=\"https:\/\/www.eldigitaldeasturias.com\/noticias\/wp-content\/uploads\/2026\/06\/Contenidos.jpg\" \/>\n\t\t<meta property=\"og:image:secure_url\" content=\"https:\/\/www.eldigitaldeasturias.com\/noticias\/wp-content\/uploads\/2026\/06\/Contenidos.jpg\" \/>\n\t\t<meta property=\"og:image:width\" content=\"1265\" \/>\n\t\t<meta property=\"og:image:height\" content=\"697\" \/>\n\t\t<meta property=\"article:tag\" content=\"actualidad\" \/>\n\t\t<meta property=\"article:published_time\" content=\"2014-01-25T11:58:08+00:00\" \/>\n\t\t<meta property=\"article:modified_time\" content=\"2014-01-25T11:58:08+00:00\" \/>\n\t\t<meta property=\"article:publisher\" content=\"https:\/\/facebook.com\/eldigitaldeasturias\" \/>\n\t\t<meta name=\"twitter:card\" content=\"summary_large_image\" \/>\n\t\t<meta name=\"twitter:title\" content=\"Prueban un dron para medir la radiaci\u00f3n en Fukushima - El Digital de Asturias\" \/>\n\t\t<meta name=\"twitter:description\" content=\"Tokio, 25 ene (EFE).- Un avi\u00f3n no tripulado dise\u00f1ado para medir con mayor precisi\u00f3n los niveles de radiaci\u00f3n en el suelo ha sido utilizado por primera vez en las cercan\u00edas de la accidentada planta nuclear de Fukushima, inform\u00f3 hoy la cadena p\u00fablica japonesa NHK. El dron, dirigido por control remoto, despeg\u00f3 de la ciudad de\" \/>\n\t\t<meta name=\"twitter:image\" content=\"https:\/\/www.eldigitaldeasturias.com\/noticias\/wp-content\/uploads\/2026\/06\/Contenidos.jpg\" \/>\n\t\t<meta name=\"twitter:label1\" content=\"Escrito por\" \/>\n\t\t<meta name=\"twitter:data1\" content=\"El Digital de Asturias\" \/>\n\t\t<meta name=\"twitter:label2\" content=\"Tiempo de lectura estimado\" \/>\n\t\t<meta name=\"twitter:data2\" content=\"1 minuto\" \/>\n\t\t<script type=\"application\/ld+json\" class=\"aioseo-schema\">\n\t\t\t{\"@context\":\"https:\\\/\\\/schema.org\",\"@graph\":[{\"@type\":\"BlogPosting\",\"@id\":\"https:\\\/\\\/www.eldigitaldeasturias.com\\\/noticias\\\/prueban-un-dron-para-medir-la-radiacion-en-fukushima\\\/#blogposting\",\"name\":\"Prueban un dron para medir la radiaci\\u00f3n en Fukushima - El Digital de Asturias\",\"headline\":\"Prueban un dron para medir la radiaci\\u00f3n en Fukushima\",\"author\":{\"@id\":\"https:\\\/\\\/www.eldigitaldeasturias.com\\\/noticias\\\/author\\\/admin\\\/#author\"},\"publisher\":{\"@id\":\"https:\\\/\\\/www.eldigitaldeasturias.com\\\/noticias\\\/#organization\"},\"image\":{\"@type\":\"ImageObject\",\"url\":\"https:\\\/\\\/www.eldigitaldeasturias.com\\\/noticias\\\/wp-content\\\/uploads\\\/2026\\\/06\\\/Contenidos.jpg\",\"width\":1265,\"height\":697,\"caption\":\"Contenidos\"},\"datePublished\":\"2014-01-25T10:58:08+01:00\",\"dateModified\":\"2014-01-25T10:58:08+01:00\",\"inLanguage\":\"es-ES\",\"mainEntityOfPage\":{\"@id\":\"https:\\\/\\\/www.eldigitaldeasturias.com\\\/noticias\\\/prueban-un-dron-para-medir-la-radiacion-en-fukushima\\\/#webpage\"},\"isPartOf\":{\"@id\":\"https:\\\/\\\/www.eldigitaldeasturias.com\\\/noticias\\\/prueban-un-dron-para-medir-la-radiacion-en-fukushima\\\/#webpage\"},\"articleSection\":\"Actualidad\"},{\"@type\":\"BreadcrumbList\",\"@id\":\"https:\\\/\\\/www.eldigitaldeasturias.com\\\/noticias\\\/prueban-un-dron-para-medir-la-radiacion-en-fukushima\\\/#breadcrumblist\",\"itemListElement\":[{\"@type\":\"ListItem\",\"@id\":\"https:\\\/\\\/www.eldigitaldeasturias.com\\\/noticias#listItem\",\"position\":1,\"name\":\"Home\",\"item\":\"https:\\\/\\\/www.eldigitaldeasturias.com\\\/noticias\",\"nextItem\":{\"@type\":\"ListItem\",\"@id\":\"https:\\\/\\\/www.eldigitaldeasturias.com\\\/noticias\\\/category\\\/actualidad\\\/#listItem\",\"name\":\"Actualidad\"}},{\"@type\":\"ListItem\",\"@id\":\"https:\\\/\\\/www.eldigitaldeasturias.com\\\/noticias\\\/category\\\/actualidad\\\/#listItem\",\"position\":2,\"name\":\"Actualidad\",\"item\":\"https:\\\/\\\/www.eldigitaldeasturias.com\\\/noticias\\\/category\\\/actualidad\\\/\",\"nextItem\":{\"@type\":\"ListItem\",\"@id\":\"https:\\\/\\\/www.eldigitaldeasturias.com\\\/noticias\\\/prueban-un-dron-para-medir-la-radiacion-en-fukushima\\\/#listItem\",\"name\":\"Prueban un dron para medir la radiaci\\u00f3n en Fukushima\"},\"previousItem\":{\"@type\":\"ListItem\",\"@id\":\"https:\\\/\\\/www.eldigitaldeasturias.com\\\/noticias#listItem\",\"name\":\"Home\"}},{\"@type\":\"ListItem\",\"@id\":\"https:\\\/\\\/www.eldigitaldeasturias.com\\\/noticias\\\/prueban-un-dron-para-medir-la-radiacion-en-fukushima\\\/#listItem\",\"position\":3,\"name\":\"Prueban un dron para medir la radiaci\\u00f3n en Fukushima\",\"previousItem\":{\"@type\":\"ListItem\",\"@id\":\"https:\\\/\\\/www.eldigitaldeasturias.com\\\/noticias\\\/category\\\/actualidad\\\/#listItem\",\"name\":\"Actualidad\"}}]},{\"@type\":\"Organization\",\"@id\":\"https:\\\/\\\/www.eldigitaldeasturias.com\\\/noticias\\\/#organization\",\"name\":\"El Digital de Asturias\",\"description\":\"Hemeroteca\",\"url\":\"https:\\\/\\\/www.eldigitaldeasturias.com\\\/noticias\\\/\",\"email\":\"info@eldigitaldeasturias.com\",\"telephone\":\"+34652131393\",\"logo\":{\"@type\":\"ImageObject\",\"url\":\"https:\\\/\\\/www.eldigitaldeasturias.com\\\/noticias\\\/wp-content\\\/uploads\\\/2020\\\/12\\\/EDA.jpg\",\"@id\":\"https:\\\/\\\/www.eldigitaldeasturias.com\\\/noticias\\\/prueban-un-dron-para-medir-la-radiacion-en-fukushima\\\/#organizationLogo\"},\"image\":{\"@id\":\"https:\\\/\\\/www.eldigitaldeasturias.com\\\/noticias\\\/prueban-un-dron-para-medir-la-radiacion-en-fukushima\\\/#organizationLogo\"},\"sameAs\":[\"https:\\\/\\\/facebook.com\\\/eldigitaldeasturias\",\"https:\\\/\\\/www.youtube.com\\\/channel\\\/UCZP-2wLEB9Rv6erhFmqVnvg\"],\"address\":{\"@id\":\"https:\\\/\\\/www.eldigitaldeasturias.com\\\/noticias\\\/#postaladdress\",\"@type\":\"PostalAddress\",\"streetAddress\":\"san antonio 4\",\"postalCode\":\"33430\",\"addressLocality\":\"Cand\\u00e1s\",\"addressRegion\":\"Asturias\",\"addressCountry\":\"ES\"}},{\"@type\":\"Person\",\"@id\":\"https:\\\/\\\/www.eldigitaldeasturias.com\\\/noticias\\\/author\\\/admin\\\/#author\",\"url\":\"https:\\\/\\\/www.eldigitaldeasturias.com\\\/noticias\\\/author\\\/admin\\\/\",\"name\":\"El Digital de Asturias\",\"image\":{\"@type\":\"ImageObject\",\"@id\":\"https:\\\/\\\/www.eldigitaldeasturias.com\\\/noticias\\\/prueban-un-dron-para-medir-la-radiacion-en-fukushima\\\/#authorImage\",\"url\":\"https:\\\/\\\/secure.gravatar.com\\\/avatar\\\/df2aeffc32bcd13f8d26072ef8a91b623d677766deac7f97ca815868cd41bf5e?s=96&d=mm&r=g\",\"width\":96,\"height\":96,\"caption\":\"El Digital de Asturias\"}},{\"@type\":\"WebPage\",\"@id\":\"https:\\\/\\\/www.eldigitaldeasturias.com\\\/noticias\\\/prueban-un-dron-para-medir-la-radiacion-en-fukushima\\\/#webpage\",\"url\":\"https:\\\/\\\/www.eldigitaldeasturias.com\\\/noticias\\\/prueban-un-dron-para-medir-la-radiacion-en-fukushima\\\/\",\"name\":\"Prueban un dron para medir la radiaci\\u00f3n en Fukushima - El Digital de Asturias\",\"description\":\"Tokio, 25 ene (EFE).- Un avi\\u00f3n no tripulado dise\\u00f1ado para medir con mayor precisi\\u00f3n los niveles de radiaci\\u00f3n en el suelo ha sido utilizado por primera vez en las cercan\\u00edas de la accidentada planta nuclear de Fukushima, inform\\u00f3 hoy la cadena p\\u00fablica japonesa NHK. El dron, dirigido por control remoto, despeg\\u00f3 de la ciudad de\",\"inLanguage\":\"es-ES\",\"isPartOf\":{\"@id\":\"https:\\\/\\\/www.eldigitaldeasturias.com\\\/noticias\\\/#website\"},\"breadcrumb\":{\"@id\":\"https:\\\/\\\/www.eldigitaldeasturias.com\\\/noticias\\\/prueban-un-dron-para-medir-la-radiacion-en-fukushima\\\/#breadcrumblist\"},\"author\":{\"@id\":\"https:\\\/\\\/www.eldigitaldeasturias.com\\\/noticias\\\/author\\\/admin\\\/#author\"},\"creator\":{\"@id\":\"https:\\\/\\\/www.eldigitaldeasturias.com\\\/noticias\\\/author\\\/admin\\\/#author\"},\"image\":{\"@type\":\"ImageObject\",\"url\":\"https:\\\/\\\/www.eldigitaldeasturias.com\\\/noticias\\\/wp-content\\\/uploads\\\/2026\\\/06\\\/Contenidos.jpg\",\"@id\":\"https:\\\/\\\/www.eldigitaldeasturias.com\\\/noticias\\\/prueban-un-dron-para-medir-la-radiacion-en-fukushima\\\/#mainImage\",\"width\":1265,\"height\":697,\"caption\":\"Contenidos\"},\"primaryImageOfPage\":{\"@id\":\"https:\\\/\\\/www.eldigitaldeasturias.com\\\/noticias\\\/prueban-un-dron-para-medir-la-radiacion-en-fukushima\\\/#mainImage\"},\"datePublished\":\"2014-01-25T10:58:08+01:00\",\"dateModified\":\"2014-01-25T10:58:08+01:00\"},{\"@type\":\"WebSite\",\"@id\":\"https:\\\/\\\/www.eldigitaldeasturias.com\\\/noticias\\\/#website\",\"url\":\"https:\\\/\\\/www.eldigitaldeasturias.com\\\/noticias\\\/\",\"name\":\"El Digital de Asturias - Diario de actualidad y noticias\",\"alternateName\":\"El Digital de Asturias - Diario de actualidad y noticias\",\"description\":\"Hemeroteca\",\"inLanguage\":\"es-ES\",\"publisher\":{\"@id\":\"https:\\\/\\\/www.eldigitaldeasturias.com\\\/noticias\\\/#organization\"}}]}\n\t\t<\/script>\n\t\t<!-- All in One SEO Pro -->\r\n\t\t<title>Prueban un dron para medir la radiaci\u00f3n en Fukushima - El Digital de Asturias<\/title>\n\n","aioseo_head_json":{"title":"Prueban un dron para medir la radiaci\u00f3n en Fukushima - El Digital de Asturias","description":"Tokio, 25 ene (EFE).- Un avi\u00f3n no tripulado dise\u00f1ado para medir con mayor precisi\u00f3n los niveles de radiaci\u00f3n en el suelo ha sido utilizado por primera vez en las cercan\u00edas de la accidentada planta nuclear de Fukushima, inform\u00f3 hoy la cadena p\u00fablica japonesa NHK. El dron, dirigido por control remoto, despeg\u00f3 de la ciudad de","canonical_url":"https:\/\/www.eldigitaldeasturias.com\/noticias\/prueban-un-dron-para-medir-la-radiacion-en-fukushima\/","robots":"max-image-preview:large","keywords":"actualidad","webmasterTools":{"google-site-verification":"UA-38556648-1","msvalidate.01":"7dfe9f3f1b24437ab69f4f2559babe99","miscellaneous":""},"schema":{"@context":"https:\/\/schema.org","@graph":[{"@type":"BlogPosting","@id":"https:\/\/www.eldigitaldeasturias.com\/noticias\/prueban-un-dron-para-medir-la-radiacion-en-fukushima\/#blogposting","name":"Prueban un dron para medir la radiaci\u00f3n en Fukushima - El Digital de Asturias","headline":"Prueban un dron para medir la radiaci\u00f3n en Fukushima","author":{"@id":"https:\/\/www.eldigitaldeasturias.com\/noticias\/author\/admin\/#author"},"publisher":{"@id":"https:\/\/www.eldigitaldeasturias.com\/noticias\/#organization"},"image":{"@type":"ImageObject","url":"https:\/\/www.eldigitaldeasturias.com\/noticias\/wp-content\/uploads\/2026\/06\/Contenidos.jpg","width":1265,"height":697,"caption":"Contenidos"},"datePublished":"2014-01-25T10:58:08+01:00","dateModified":"2014-01-25T10:58:08+01:00","inLanguage":"es-ES","mainEntityOfPage":{"@id":"https:\/\/www.eldigitaldeasturias.com\/noticias\/prueban-un-dron-para-medir-la-radiacion-en-fukushima\/#webpage"},"isPartOf":{"@id":"https:\/\/www.eldigitaldeasturias.com\/noticias\/prueban-un-dron-para-medir-la-radiacion-en-fukushima\/#webpage"},"articleSection":"Actualidad"},{"@type":"BreadcrumbList","@id":"https:\/\/www.eldigitaldeasturias.com\/noticias\/prueban-un-dron-para-medir-la-radiacion-en-fukushima\/#breadcrumblist","itemListElement":[{"@type":"ListItem","@id":"https:\/\/www.eldigitaldeasturias.com\/noticias#listItem","position":1,"name":"Home","item":"https:\/\/www.eldigitaldeasturias.com\/noticias","nextItem":{"@type":"ListItem","@id":"https:\/\/www.eldigitaldeasturias.com\/noticias\/category\/actualidad\/#listItem","name":"Actualidad"}},{"@type":"ListItem","@id":"https:\/\/www.eldigitaldeasturias.com\/noticias\/category\/actualidad\/#listItem","position":2,"name":"Actualidad","item":"https:\/\/www.eldigitaldeasturias.com\/noticias\/category\/actualidad\/","nextItem":{"@type":"ListItem","@id":"https:\/\/www.eldigitaldeasturias.com\/noticias\/prueban-un-dron-para-medir-la-radiacion-en-fukushima\/#listItem","name":"Prueban un dron para medir la radiaci\u00f3n en Fukushima"},"previousItem":{"@type":"ListItem","@id":"https:\/\/www.eldigitaldeasturias.com\/noticias#listItem","name":"Home"}},{"@type":"ListItem","@id":"https:\/\/www.eldigitaldeasturias.com\/noticias\/prueban-un-dron-para-medir-la-radiacion-en-fukushima\/#listItem","position":3,"name":"Prueban un dron para medir la radiaci\u00f3n en Fukushima","previousItem":{"@type":"ListItem","@id":"https:\/\/www.eldigitaldeasturias.com\/noticias\/category\/actualidad\/#listItem","name":"Actualidad"}}]},{"@type":"Organization","@id":"https:\/\/www.eldigitaldeasturias.com\/noticias\/#organization","name":"El Digital de Asturias","description":"Hemeroteca","url":"https:\/\/www.eldigitaldeasturias.com\/noticias\/","email":"info@eldigitaldeasturias.com","telephone":"+34652131393","logo":{"@type":"ImageObject","url":"https:\/\/www.eldigitaldeasturias.com\/noticias\/wp-content\/uploads\/2020\/12\/EDA.jpg","@id":"https:\/\/www.eldigitaldeasturias.com\/noticias\/prueban-un-dron-para-medir-la-radiacion-en-fukushima\/#organizationLogo"},"image":{"@id":"https:\/\/www.eldigitaldeasturias.com\/noticias\/prueban-un-dron-para-medir-la-radiacion-en-fukushima\/#organizationLogo"},"sameAs":["https:\/\/facebook.com\/eldigitaldeasturias","https:\/\/www.youtube.com\/channel\/UCZP-2wLEB9Rv6erhFmqVnvg"],"address":{"@id":"https:\/\/www.eldigitaldeasturias.com\/noticias\/#postaladdress","@type":"PostalAddress","streetAddress":"san antonio 4","postalCode":"33430","addressLocality":"Cand\u00e1s","addressRegion":"Asturias","addressCountry":"ES"}},{"@type":"Person","@id":"https:\/\/www.eldigitaldeasturias.com\/noticias\/author\/admin\/#author","url":"https:\/\/www.eldigitaldeasturias.com\/noticias\/author\/admin\/","name":"El Digital de Asturias","image":{"@type":"ImageObject","@id":"https:\/\/www.eldigitaldeasturias.com\/noticias\/prueban-un-dron-para-medir-la-radiacion-en-fukushima\/#authorImage","url":"https:\/\/secure.gravatar.com\/avatar\/df2aeffc32bcd13f8d26072ef8a91b623d677766deac7f97ca815868cd41bf5e?s=96&d=mm&r=g","width":96,"height":96,"caption":"El Digital de Asturias"}},{"@type":"WebPage","@id":"https:\/\/www.eldigitaldeasturias.com\/noticias\/prueban-un-dron-para-medir-la-radiacion-en-fukushima\/#webpage","url":"https:\/\/www.eldigitaldeasturias.com\/noticias\/prueban-un-dron-para-medir-la-radiacion-en-fukushima\/","name":"Prueban un dron para medir la radiaci\u00f3n en Fukushima - El Digital de Asturias","description":"Tokio, 25 ene (EFE).- Un avi\u00f3n no tripulado dise\u00f1ado para medir con mayor precisi\u00f3n los niveles de radiaci\u00f3n en el suelo ha sido utilizado por primera vez en las cercan\u00edas de la accidentada planta nuclear de Fukushima, inform\u00f3 hoy la cadena p\u00fablica japonesa NHK. El dron, dirigido por control remoto, despeg\u00f3 de la ciudad de","inLanguage":"es-ES","isPartOf":{"@id":"https:\/\/www.eldigitaldeasturias.com\/noticias\/#website"},"breadcrumb":{"@id":"https:\/\/www.eldigitaldeasturias.com\/noticias\/prueban-un-dron-para-medir-la-radiacion-en-fukushima\/#breadcrumblist"},"author":{"@id":"https:\/\/www.eldigitaldeasturias.com\/noticias\/author\/admin\/#author"},"creator":{"@id":"https:\/\/www.eldigitaldeasturias.com\/noticias\/author\/admin\/#author"},"image":{"@type":"ImageObject","url":"https:\/\/www.eldigitaldeasturias.com\/noticias\/wp-content\/uploads\/2026\/06\/Contenidos.jpg","@id":"https:\/\/www.eldigitaldeasturias.com\/noticias\/prueban-un-dron-para-medir-la-radiacion-en-fukushima\/#mainImage","width":1265,"height":697,"caption":"Contenidos"},"primaryImageOfPage":{"@id":"https:\/\/www.eldigitaldeasturias.com\/noticias\/prueban-un-dron-para-medir-la-radiacion-en-fukushima\/#mainImage"},"datePublished":"2014-01-25T10:58:08+01:00","dateModified":"2014-01-25T10:58:08+01:00"},{"@type":"WebSite","@id":"https:\/\/www.eldigitaldeasturias.com\/noticias\/#website","url":"https:\/\/www.eldigitaldeasturias.com\/noticias\/","name":"El Digital de Asturias - Diario de actualidad y noticias","alternateName":"El Digital de Asturias - Diario de actualidad y noticias","description":"Hemeroteca","inLanguage":"es-ES","publisher":{"@id":"https:\/\/www.eldigitaldeasturias.com\/noticias\/#organization"}}]},"og:locale":"es_ES","og:site_name":"El Digital de Asturias","og:type":"article","og:title":"Prueban un dron para medir la radiaci\u00f3n en Fukushima - El Digital de Asturias","og:description":"Tokio, 25 ene (EFE).- Un avi\u00f3n no tripulado dise\u00f1ado para medir con mayor precisi\u00f3n los niveles de radiaci\u00f3n en el suelo ha sido utilizado por primera vez en las cercan\u00edas de la accidentada planta nuclear de Fukushima, inform\u00f3 hoy la cadena p\u00fablica japonesa NHK. El dron, dirigido por control remoto, despeg\u00f3 de la ciudad de","og:url":"https:\/\/www.eldigitaldeasturias.com\/noticias\/prueban-un-dron-para-medir-la-radiacion-en-fukushima\/","og:image":"https:\/\/www.eldigitaldeasturias.com\/noticias\/wp-content\/uploads\/2026\/06\/Contenidos.jpg","og:image:secure_url":"https:\/\/www.eldigitaldeasturias.com\/noticias\/wp-content\/uploads\/2026\/06\/Contenidos.jpg","og:image:width":1265,"og:image:height":697,"article:tag":["actualidad"],"article:published_time":"2014-01-25T11:58:08+00:00","article:modified_time":"2014-01-25T11:58:08+00:00","article:publisher":"https:\/\/facebook.com\/eldigitaldeasturias","twitter:card":"summary_large_image","twitter:title":"Prueban un dron para medir la radiaci\u00f3n en Fukushima - El Digital de Asturias","twitter:description":"Tokio, 25 ene (EFE).- Un avi\u00f3n no tripulado dise\u00f1ado para medir con mayor precisi\u00f3n los niveles de radiaci\u00f3n en el suelo ha sido utilizado por primera vez en las cercan\u00edas de la accidentada planta nuclear de Fukushima, inform\u00f3 hoy la cadena p\u00fablica japonesa NHK. El dron, dirigido por control remoto, despeg\u00f3 de la ciudad de","twitter:image":"https:\/\/www.eldigitaldeasturias.com\/noticias\/wp-content\/uploads\/2026\/06\/Contenidos.jpg","twitter:label1":"Escrito por","twitter:data1":"El Digital de Asturias","twitter:label2":"Tiempo de lectura estimado","twitter:data2":"1 minuto"},"aioseo_meta_data":{"post_id":"478646","title":null,"description":null,"keywords":null,"keyphrases":null,"primary_term":null,"canonical_url":null,"og_title":null,"og_description":null,"og_object_type":"default","og_image_type":"default","og_image_url":null,"og_image_width":null,"og_image_height":null,"og_image_custom_url":null,"og_image_custom_fields":null,"og_video":null,"og_custom_url":null,"og_article_section":null,"og_article_tags":null,"twitter_use_og":true,"twitter_card":"default","twitter_image_type":"default","twitter_image_url":null,"twitter_image_custom_url":null,"twitter_image_custom_fields":null,"twitter_title":null,"twitter_description":null,"schema":{"blockGraphs":[],"customGraphs":[],"default":{"data":{"Article":[],"Course":[],"Dataset":[],"FAQPage":[],"Movie":[],"Person":[],"Product":[],"ProductReview":[],"Car":[],"Recipe":[],"Service":[],"SoftwareApplication":[],"WebPage":[]},"graphName":"","isEnabled":true},"graphs":[],"defaultGraph":"","defaultPostTypeGraph":""},"schema_type":null,"schema_type_options":null,"pillar_content":false,"robots_default":true,"robots_noindex":false,"robots_noarchive":false,"robots_nosnippet":false,"robots_nofollow":false,"robots_noimageindex":false,"robots_noodp":false,"robots_notranslate":false,"robots_max_snippet":null,"robots_max_videopreview":null,"robots_max_imagepreview":"none","priority":null,"frequency":null,"local_seo":null,"seo_analyzer_scan_date":"2026-06-01 22:08:54","breadcrumb_settings":null,"limit_modified_date":false,"open_ai":null,"ai":null,"created":"2020-11-14 22:53:57","updated":"2026-06-01 22:08:54","focus_keyword":null,"additional_keywords":null,"truseo_locale":null},"aioseo_breadcrumb":"<div class=\"aioseo-breadcrumbs\"><span class=\"aioseo-breadcrumb\">\n\t<a href=\"https:\/\/www.eldigitaldeasturias.com\/noticias\" title=\"Home\">Home<\/a>\n<\/span><span class=\"aioseo-breadcrumb-separator\">\u2013<\/span><span class=\"aioseo-breadcrumb\">\n\t<a href=\"https:\/\/www.eldigitaldeasturias.com\/noticias\/category\/actualidad\/\" title=\"Actualidad\">Actualidad<\/a>\n<\/span><span class=\"aioseo-breadcrumb-separator\">\u2013<\/span><span class=\"aioseo-breadcrumb\">\n\t<a href=\"https:\/\/www.eldigitaldeasturias.com\/noticias\/prueban-un-dron-para-medir-la-radiacion-en-fukushima\/\" title=\"Prueban un dron para medir la radiaci\u00f3n en Fukushima\">Prueban un dron para medir la radiaci\u00f3n en Fukushima<\/a>\n<\/span><\/div>","aioseo_breadcrumb_json":[{"label":"Home","link":"https:\/\/www.eldigitaldeasturias.com\/noticias"},{"label":"Actualidad","link":"https:\/\/www.eldigitaldeasturias.com\/noticias\/category\/actualidad\/"},{"label":"Prueban un dron para medir la radiaci\u00f3n en Fukushima","link":"https:\/\/www.eldigitaldeasturias.com\/noticias\/prueban-un-dron-para-medir-la-radiacion-en-fukushima\/"}],"_links":{"self":[{"href":"https:\/\/www.eldigitaldeasturias.com\/noticias\/wp-json\/wp\/v2\/posts\/478646","targetHints":{"allow":["GET"]}}],"collection":[{"href":"https:\/\/www.eldigitaldeasturias.com\/noticias\/wp-json\/wp\/v2\/posts"}],"about":[{"href":"https:\/\/www.eldigitaldeasturias.com\/noticias\/wp-json\/wp\/v2\/types\/post"}],"author":[{"embeddable":true,"href":"https:\/\/www.eldigitaldeasturias.com\/noticias\/wp-json\/wp\/v2\/users\/1"}],"replies":[{"embeddable":true,"href":"https:\/\/www.eldigitaldeasturias.com\/noticias\/wp-json\/wp\/v2\/comments?post=478646"}],"version-history":[{"count":0,"href":"https:\/\/www.eldigitaldeasturias.com\/noticias\/wp-json\/wp\/v2\/posts\/478646\/revisions"}],"wp:featuredmedia":[{"embeddable":true,"href":"https:\/\/www.eldigitaldeasturias.com\/noticias\/wp-json\/wp\/v2\/media\/1132184"}],"wp:attachment":[{"href":"https:\/\/www.eldigitaldeasturias.com\/noticias\/wp-json\/wp\/v2\/media?parent=478646"}],"wp:term":[{"taxonomy":"category","embeddable":true,"href":"https:\/\/www.eldigitaldeasturias.com\/noticias\/wp-json\/wp\/v2\/categories?post=478646"},{"taxonomy":"post_tag","embeddable":true,"href":"https:\/\/www.eldigitaldeasturias.com\/noticias\/wp-json\/wp\/v2\/tags?post=478646"}],"curies":[{"name":"wp","href":"https:\/\/api.w.org\/{rel}","templated":true}]}}