{"id":478643,"date":"2014-01-25T10:56:54","date_gmt":"2014-01-25T11:56:54","guid":{"rendered":"http:\/\/www.eldigitaldeasturias.com\/noticias\/?p=478643"},"modified":"2014-01-25T10:56:54","modified_gmt":"2014-01-25T11:56:54","slug":"el-santos-se-pronunciara-la-proxima-semana-por-el-caso-neymar","status":"publish","type":"post","link":"https:\/\/www.eldigitaldeasturias.com\/noticias\/el-santos-se-pronunciara-la-proxima-semana-por-el-caso-neymar\/","title":{"rendered":"El Santos se pronunciar\u00e1 la pr\u00f3xima semana por el caso Neymar"},"content":{"rendered":"<p><img loading=\"lazy\" decoding=\"async\" class=\"alignleft size-medium wp-image-478644\" alt=\"5875548w\" src=\"https:\/\/www.eldigitaldeasturias.com\/noticias\/wp-content\/uploads\/2014\/01\/5875548w-360x239.jpg\" width=\"360\" height=\"239\" \/>Sao Paulo, 25 ene (EFE).- El Santos brasile\u00f1o afirm\u00f3 que est\u00e1 \u00abacompa\u00f1ando atentamente\u00bb las informaciones divulgadas en Barcelona sobre el fichaje de Neymar y anunci\u00f3 que se manifestar\u00e1 sobre el caso la semana que viene.<\/p>\n<p>El club de origen de Neymar se pronunci\u00f3 as\u00ed este viernes, en un breve comunicado, sobre el desglose del fichaje del delantero brasile\u00f1o que fue explicado por el nuevo presidente del Barcelona, Josep Maria Bartomeu, y el director de f\u00fatbol del club, Ra\u00fal Sanlleh\u00ed.<\/p>\n<p>Esta semana el presidente del Santos, Od\u00edlio Rodrigues, afirm\u00f3 que estudiar\u00e1 la posibilidad de tomar medidas legales para reclamar m\u00e1s dinero al Barcelona por la transferencia de Neymar, en caso de confirmarse que el club catal\u00e1n pag\u00f3 una cuant\u00eda superior a lo que hab\u00eda sido anunciado.<\/p>\n<p>El costo del fichaje, como hab\u00eda sido divulgado por el Barcelona, ascendi\u00f3 a 57,1 millones de euros, de los que 17,1 millones corresponden al Santos y el resto a la empresa N&amp;N, del padre de Neymar.<\/p>\n<p>El acuerdo contempla muchas otras partidas que no hab\u00eda detallado hasta ahora y que incrementan considerablemente el montante de la operaci\u00f3n, cuyo costo total, sumando el traspaso y el salario del jugador en cinco a\u00f1os, alcanza los 132,2 millones de euros.<\/p>\n<p>Entre las cl\u00e1usulas adicionales al contrato hay varios acuerdos de colaboraci\u00f3n por 14,4 millones de euros, adem\u00e1s de un acuerdo entre los clubes para la celebraci\u00f3n de dos amistosos, uno de los cuales tuvo lugar el pasado agosto.<\/p>\n","protected":false},"excerpt":{"rendered":"<p>Sao Paulo, 25 ene (EFE).- El Santos brasile\u00f1o afirm\u00f3 que est\u00e1 \u00abacompa\u00f1ando atentamente\u00bb las informaciones divulgadas en Barcelona sobre el fichaje de Neymar y anunci\u00f3 que se manifestar\u00e1 sobre el caso la semana que viene. El club de origen de Neymar se pronunci\u00f3 as\u00ed este viernes, en un breve comunicado, sobre el desglose del fichaje [&hellip;]<\/p>\n","protected":false},"author":1,"featured_media":1132184,"comment_status":"closed","ping_status":"open","sticky":false,"template":"","format":"standard","meta":{"footnotes":""},"categories":[1],"tags":[],"class_list":["post-478643","post","type-post","status-publish","format-standard","has-post-thumbnail","hentry","category-actualidad"],"aioseo_notices":[],"aioseo_head":"\n\t\t<!-- All in One SEO Pro 5.0.1 - aioseo.com -->\n\t<meta name=\"description\" content=\"Sao Paulo, 25 ene (EFE).- El Santos brasile\u00f1o afirm\u00f3 que est\u00e1 &quot;acompa\u00f1ando atentamente&quot; las informaciones divulgadas en Barcelona sobre el fichaje de Neymar y anunci\u00f3 que se manifestar\u00e1 sobre el caso la semana que viene. El club de origen de Neymar se pronunci\u00f3 as\u00ed este viernes, en un breve comunicado, sobre el desglose del fichaje\" \/>\n\t<meta name=\"robots\" content=\"max-image-preview:large\" \/>\n\t<meta name=\"author\" content=\"El Digital de Asturias\"\/>\n\t<meta name=\"google-site-verification\" content=\"UA-38556648-1\" \/>\n\t<meta name=\"msvalidate.01\" content=\"7dfe9f3f1b24437ab69f4f2559babe99\" \/>\n\t<meta name=\"keywords\" content=\"actualidad\" \/>\n\t<link rel=\"canonical\" href=\"https:\/\/www.eldigitaldeasturias.com\/noticias\/el-santos-se-pronunciara-la-proxima-semana-por-el-caso-neymar\/\" \/>\n\t<meta name=\"generator\" content=\"All in One SEO Pro (AIOSEO) 5.0.1\" \/>\n\t\t<meta property=\"og:locale\" content=\"es_ES\" \/>\n\t\t<meta property=\"og:site_name\" content=\"El Digital de Asturias\" \/>\n\t\t<meta property=\"og:type\" content=\"article\" \/>\n\t\t<meta property=\"og:title\" content=\"El Santos se pronunciar\u00e1 la pr\u00f3xima semana por el caso Neymar - El Digital de Asturias\" \/>\n\t\t<meta property=\"og:description\" content=\"Sao Paulo, 25 ene (EFE).- El Santos brasile\u00f1o afirm\u00f3 que est\u00e1 &quot;acompa\u00f1ando atentamente&quot; las informaciones divulgadas en Barcelona sobre el fichaje de Neymar y anunci\u00f3 que se manifestar\u00e1 sobre el caso la semana que viene. El club de origen de Neymar se pronunci\u00f3 as\u00ed este viernes, en un breve comunicado, sobre el desglose del fichaje\" \/>\n\t\t<meta property=\"og:url\" content=\"https:\/\/www.eldigitaldeasturias.com\/noticias\/el-santos-se-pronunciara-la-proxima-semana-por-el-caso-neymar\/\" \/>\n\t\t<meta property=\"og:image\" content=\"https:\/\/www.eldigitaldeasturias.com\/noticias\/wp-content\/uploads\/2026\/06\/Contenidos.jpg\" \/>\n\t\t<meta property=\"og:image:secure_url\" content=\"https:\/\/www.eldigitaldeasturias.com\/noticias\/wp-content\/uploads\/2026\/06\/Contenidos.jpg\" \/>\n\t\t<meta property=\"og:image:width\" content=\"1265\" \/>\n\t\t<meta property=\"og:image:height\" content=\"697\" \/>\n\t\t<meta property=\"article:tag\" content=\"actualidad\" \/>\n\t\t<meta property=\"article:published_time\" content=\"2014-01-25T11:56:54+00:00\" \/>\n\t\t<meta property=\"article:modified_time\" content=\"2014-01-25T11:56:54+00:00\" \/>\n\t\t<meta property=\"article:publisher\" content=\"https:\/\/facebook.com\/eldigitaldeasturias\" \/>\n\t\t<meta name=\"twitter:card\" content=\"summary_large_image\" \/>\n\t\t<meta name=\"twitter:title\" content=\"El Santos se pronunciar\u00e1 la pr\u00f3xima semana por el caso Neymar - El Digital de Asturias\" \/>\n\t\t<meta name=\"twitter:description\" content=\"Sao Paulo, 25 ene (EFE).- El Santos brasile\u00f1o afirm\u00f3 que est\u00e1 &quot;acompa\u00f1ando atentamente&quot; las informaciones divulgadas en Barcelona sobre el fichaje de Neymar y anunci\u00f3 que se manifestar\u00e1 sobre el caso la semana que viene. El club de origen de Neymar se pronunci\u00f3 as\u00ed este viernes, en un breve comunicado, sobre el desglose del fichaje\" \/>\n\t\t<meta name=\"twitter:image\" content=\"https:\/\/www.eldigitaldeasturias.com\/noticias\/wp-content\/uploads\/2026\/06\/Contenidos.jpg\" \/>\n\t\t<meta name=\"twitter:label1\" content=\"Escrito por\" \/>\n\t\t<meta name=\"twitter:data1\" content=\"El Digital de Asturias\" \/>\n\t\t<meta name=\"twitter:label2\" content=\"Tiempo de lectura estimado\" \/>\n\t\t<meta name=\"twitter:data2\" content=\"1 minuto\" \/>\n\t\t<script type=\"application\/ld+json\" class=\"aioseo-schema\">\n\t\t\t{\"@context\":\"https:\\\/\\\/schema.org\",\"@graph\":[{\"@type\":\"BlogPosting\",\"@id\":\"https:\\\/\\\/www.eldigitaldeasturias.com\\\/noticias\\\/el-santos-se-pronunciara-la-proxima-semana-por-el-caso-neymar\\\/#blogposting\",\"name\":\"El Santos se pronunciar\\u00e1 la pr\\u00f3xima semana por el caso Neymar - El Digital de Asturias\",\"headline\":\"El Santos se pronunciar\\u00e1 la pr\\u00f3xima semana por el caso Neymar\",\"author\":{\"@id\":\"https:\\\/\\\/www.eldigitaldeasturias.com\\\/noticias\\\/author\\\/admin\\\/#author\"},\"publisher\":{\"@id\":\"https:\\\/\\\/www.eldigitaldeasturias.com\\\/noticias\\\/#organization\"},\"image\":{\"@type\":\"ImageObject\",\"url\":\"https:\\\/\\\/www.eldigitaldeasturias.com\\\/noticias\\\/wp-content\\\/uploads\\\/2026\\\/06\\\/Contenidos.jpg\",\"width\":1265,\"height\":697,\"caption\":\"Contenidos\"},\"datePublished\":\"2014-01-25T10:56:54+01:00\",\"dateModified\":\"2014-01-25T10:56:54+01:00\",\"inLanguage\":\"es-ES\",\"mainEntityOfPage\":{\"@id\":\"https:\\\/\\\/www.eldigitaldeasturias.com\\\/noticias\\\/el-santos-se-pronunciara-la-proxima-semana-por-el-caso-neymar\\\/#webpage\"},\"isPartOf\":{\"@id\":\"https:\\\/\\\/www.eldigitaldeasturias.com\\\/noticias\\\/el-santos-se-pronunciara-la-proxima-semana-por-el-caso-neymar\\\/#webpage\"},\"articleSection\":\"Actualidad\"},{\"@type\":\"BreadcrumbList\",\"@id\":\"https:\\\/\\\/www.eldigitaldeasturias.com\\\/noticias\\\/el-santos-se-pronunciara-la-proxima-semana-por-el-caso-neymar\\\/#breadcrumblist\",\"itemListElement\":[{\"@type\":\"ListItem\",\"@id\":\"https:\\\/\\\/www.eldigitaldeasturias.com\\\/noticias#listItem\",\"position\":1,\"name\":\"Home\",\"item\":\"https:\\\/\\\/www.eldigitaldeasturias.com\\\/noticias\",\"nextItem\":{\"@type\":\"ListItem\",\"@id\":\"https:\\\/\\\/www.eldigitaldeasturias.com\\\/noticias\\\/category\\\/actualidad\\\/#listItem\",\"name\":\"Actualidad\"}},{\"@type\":\"ListItem\",\"@id\":\"https:\\\/\\\/www.eldigitaldeasturias.com\\\/noticias\\\/category\\\/actualidad\\\/#listItem\",\"position\":2,\"name\":\"Actualidad\",\"item\":\"https:\\\/\\\/www.eldigitaldeasturias.com\\\/noticias\\\/category\\\/actualidad\\\/\",\"nextItem\":{\"@type\":\"ListItem\",\"@id\":\"https:\\\/\\\/www.eldigitaldeasturias.com\\\/noticias\\\/el-santos-se-pronunciara-la-proxima-semana-por-el-caso-neymar\\\/#listItem\",\"name\":\"El Santos se pronunciar\\u00e1 la pr\\u00f3xima semana por el caso Neymar\"},\"previousItem\":{\"@type\":\"ListItem\",\"@id\":\"https:\\\/\\\/www.eldigitaldeasturias.com\\\/noticias#listItem\",\"name\":\"Home\"}},{\"@type\":\"ListItem\",\"@id\":\"https:\\\/\\\/www.eldigitaldeasturias.com\\\/noticias\\\/el-santos-se-pronunciara-la-proxima-semana-por-el-caso-neymar\\\/#listItem\",\"position\":3,\"name\":\"El Santos se pronunciar\\u00e1 la pr\\u00f3xima semana por el caso Neymar\",\"previousItem\":{\"@type\":\"ListItem\",\"@id\":\"https:\\\/\\\/www.eldigitaldeasturias.com\\\/noticias\\\/category\\\/actualidad\\\/#listItem\",\"name\":\"Actualidad\"}}]},{\"@type\":\"Organization\",\"@id\":\"https:\\\/\\\/www.eldigitaldeasturias.com\\\/noticias\\\/#organization\",\"name\":\"El Digital de Asturias\",\"description\":\"Hemeroteca\",\"url\":\"https:\\\/\\\/www.eldigitaldeasturias.com\\\/noticias\\\/\",\"email\":\"info@eldigitaldeasturias.com\",\"telephone\":\"+34652131393\",\"logo\":{\"@type\":\"ImageObject\",\"url\":\"https:\\\/\\\/www.eldigitaldeasturias.com\\\/noticias\\\/wp-content\\\/uploads\\\/2020\\\/12\\\/EDA.jpg\",\"@id\":\"https:\\\/\\\/www.eldigitaldeasturias.com\\\/noticias\\\/el-santos-se-pronunciara-la-proxima-semana-por-el-caso-neymar\\\/#organizationLogo\"},\"image\":{\"@id\":\"https:\\\/\\\/www.eldigitaldeasturias.com\\\/noticias\\\/el-santos-se-pronunciara-la-proxima-semana-por-el-caso-neymar\\\/#organizationLogo\"},\"sameAs\":[\"https:\\\/\\\/facebook.com\\\/eldigitaldeasturias\",\"https:\\\/\\\/www.youtube.com\\\/channel\\\/UCZP-2wLEB9Rv6erhFmqVnvg\"],\"address\":{\"@id\":\"https:\\\/\\\/www.eldigitaldeasturias.com\\\/noticias\\\/#postaladdress\",\"@type\":\"PostalAddress\",\"streetAddress\":\"san antonio 4\",\"postalCode\":\"33430\",\"addressLocality\":\"Cand\\u00e1s\",\"addressRegion\":\"Asturias\",\"addressCountry\":\"ES\"}},{\"@type\":\"Person\",\"@id\":\"https:\\\/\\\/www.eldigitaldeasturias.com\\\/noticias\\\/author\\\/admin\\\/#author\",\"url\":\"https:\\\/\\\/www.eldigitaldeasturias.com\\\/noticias\\\/author\\\/admin\\\/\",\"name\":\"El Digital de Asturias\",\"image\":{\"@type\":\"ImageObject\",\"@id\":\"https:\\\/\\\/www.eldigitaldeasturias.com\\\/noticias\\\/el-santos-se-pronunciara-la-proxima-semana-por-el-caso-neymar\\\/#authorImage\",\"url\":\"https:\\\/\\\/secure.gravatar.com\\\/avatar\\\/df2aeffc32bcd13f8d26072ef8a91b623d677766deac7f97ca815868cd41bf5e?s=96&d=mm&r=g\",\"width\":96,\"height\":96,\"caption\":\"El Digital de Asturias\"}},{\"@type\":\"WebPage\",\"@id\":\"https:\\\/\\\/www.eldigitaldeasturias.com\\\/noticias\\\/el-santos-se-pronunciara-la-proxima-semana-por-el-caso-neymar\\\/#webpage\",\"url\":\"https:\\\/\\\/www.eldigitaldeasturias.com\\\/noticias\\\/el-santos-se-pronunciara-la-proxima-semana-por-el-caso-neymar\\\/\",\"name\":\"El Santos se pronunciar\\u00e1 la pr\\u00f3xima semana por el caso Neymar - El Digital de Asturias\",\"description\":\"Sao Paulo, 25 ene (EFE).- El Santos brasile\\u00f1o afirm\\u00f3 que est\\u00e1 \\\"acompa\\u00f1ando atentamente\\\" las informaciones divulgadas en Barcelona sobre el fichaje de Neymar y anunci\\u00f3 que se manifestar\\u00e1 sobre el caso la semana que viene. El club de origen de Neymar se pronunci\\u00f3 as\\u00ed este viernes, en un breve comunicado, sobre el desglose del fichaje\",\"inLanguage\":\"es-ES\",\"isPartOf\":{\"@id\":\"https:\\\/\\\/www.eldigitaldeasturias.com\\\/noticias\\\/#website\"},\"breadcrumb\":{\"@id\":\"https:\\\/\\\/www.eldigitaldeasturias.com\\\/noticias\\\/el-santos-se-pronunciara-la-proxima-semana-por-el-caso-neymar\\\/#breadcrumblist\"},\"author\":{\"@id\":\"https:\\\/\\\/www.eldigitaldeasturias.com\\\/noticias\\\/author\\\/admin\\\/#author\"},\"creator\":{\"@id\":\"https:\\\/\\\/www.eldigitaldeasturias.com\\\/noticias\\\/author\\\/admin\\\/#author\"},\"image\":{\"@type\":\"ImageObject\",\"url\":\"https:\\\/\\\/www.eldigitaldeasturias.com\\\/noticias\\\/wp-content\\\/uploads\\\/2026\\\/06\\\/Contenidos.jpg\",\"@id\":\"https:\\\/\\\/www.eldigitaldeasturias.com\\\/noticias\\\/el-santos-se-pronunciara-la-proxima-semana-por-el-caso-neymar\\\/#mainImage\",\"width\":1265,\"height\":697,\"caption\":\"Contenidos\"},\"primaryImageOfPage\":{\"@id\":\"https:\\\/\\\/www.eldigitaldeasturias.com\\\/noticias\\\/el-santos-se-pronunciara-la-proxima-semana-por-el-caso-neymar\\\/#mainImage\"},\"datePublished\":\"2014-01-25T10:56:54+01:00\",\"dateModified\":\"2014-01-25T10:56:54+01:00\"},{\"@type\":\"WebSite\",\"@id\":\"https:\\\/\\\/www.eldigitaldeasturias.com\\\/noticias\\\/#website\",\"url\":\"https:\\\/\\\/www.eldigitaldeasturias.com\\\/noticias\\\/\",\"name\":\"El Digital de Asturias - Diario de actualidad y noticias\",\"alternateName\":\"El Digital de Asturias - Diario de actualidad y noticias\",\"description\":\"Hemeroteca\",\"inLanguage\":\"es-ES\",\"publisher\":{\"@id\":\"https:\\\/\\\/www.eldigitaldeasturias.com\\\/noticias\\\/#organization\"}}]}\n\t\t<\/script>\n\t\t<!-- All in One SEO Pro -->\r\n\t\t<title>El Santos se pronunciar\u00e1 la pr\u00f3xima semana por el caso Neymar - El Digital de Asturias<\/title>\n\n","aioseo_head_json":{"title":"El Santos se pronunciar\u00e1 la pr\u00f3xima semana por el caso Neymar - El Digital de Asturias","description":"Sao Paulo, 25 ene (EFE).- El Santos brasile\u00f1o afirm\u00f3 que est\u00e1 \"acompa\u00f1ando atentamente\" las informaciones divulgadas en Barcelona sobre el fichaje de Neymar y anunci\u00f3 que se manifestar\u00e1 sobre el caso la semana que viene. El club de origen de Neymar se pronunci\u00f3 as\u00ed este viernes, en un breve comunicado, sobre el desglose del fichaje","canonical_url":"https:\/\/www.eldigitaldeasturias.com\/noticias\/el-santos-se-pronunciara-la-proxima-semana-por-el-caso-neymar\/","robots":"max-image-preview:large","keywords":"actualidad","webmasterTools":{"google-site-verification":"UA-38556648-1","msvalidate.01":"7dfe9f3f1b24437ab69f4f2559babe99","miscellaneous":""},"schema":{"@context":"https:\/\/schema.org","@graph":[{"@type":"BlogPosting","@id":"https:\/\/www.eldigitaldeasturias.com\/noticias\/el-santos-se-pronunciara-la-proxima-semana-por-el-caso-neymar\/#blogposting","name":"El Santos se pronunciar\u00e1 la pr\u00f3xima semana por el caso Neymar - El Digital de Asturias","headline":"El Santos se pronunciar\u00e1 la pr\u00f3xima semana por el caso Neymar","author":{"@id":"https:\/\/www.eldigitaldeasturias.com\/noticias\/author\/admin\/#author"},"publisher":{"@id":"https:\/\/www.eldigitaldeasturias.com\/noticias\/#organization"},"image":{"@type":"ImageObject","url":"https:\/\/www.eldigitaldeasturias.com\/noticias\/wp-content\/uploads\/2026\/06\/Contenidos.jpg","width":1265,"height":697,"caption":"Contenidos"},"datePublished":"2014-01-25T10:56:54+01:00","dateModified":"2014-01-25T10:56:54+01:00","inLanguage":"es-ES","mainEntityOfPage":{"@id":"https:\/\/www.eldigitaldeasturias.com\/noticias\/el-santos-se-pronunciara-la-proxima-semana-por-el-caso-neymar\/#webpage"},"isPartOf":{"@id":"https:\/\/www.eldigitaldeasturias.com\/noticias\/el-santos-se-pronunciara-la-proxima-semana-por-el-caso-neymar\/#webpage"},"articleSection":"Actualidad"},{"@type":"BreadcrumbList","@id":"https:\/\/www.eldigitaldeasturias.com\/noticias\/el-santos-se-pronunciara-la-proxima-semana-por-el-caso-neymar\/#breadcrumblist","itemListElement":[{"@type":"ListItem","@id":"https:\/\/www.eldigitaldeasturias.com\/noticias#listItem","position":1,"name":"Home","item":"https:\/\/www.eldigitaldeasturias.com\/noticias","nextItem":{"@type":"ListItem","@id":"https:\/\/www.eldigitaldeasturias.com\/noticias\/category\/actualidad\/#listItem","name":"Actualidad"}},{"@type":"ListItem","@id":"https:\/\/www.eldigitaldeasturias.com\/noticias\/category\/actualidad\/#listItem","position":2,"name":"Actualidad","item":"https:\/\/www.eldigitaldeasturias.com\/noticias\/category\/actualidad\/","nextItem":{"@type":"ListItem","@id":"https:\/\/www.eldigitaldeasturias.com\/noticias\/el-santos-se-pronunciara-la-proxima-semana-por-el-caso-neymar\/#listItem","name":"El Santos se pronunciar\u00e1 la pr\u00f3xima semana por el caso Neymar"},"previousItem":{"@type":"ListItem","@id":"https:\/\/www.eldigitaldeasturias.com\/noticias#listItem","name":"Home"}},{"@type":"ListItem","@id":"https:\/\/www.eldigitaldeasturias.com\/noticias\/el-santos-se-pronunciara-la-proxima-semana-por-el-caso-neymar\/#listItem","position":3,"name":"El Santos se pronunciar\u00e1 la pr\u00f3xima semana por el caso Neymar","previousItem":{"@type":"ListItem","@id":"https:\/\/www.eldigitaldeasturias.com\/noticias\/category\/actualidad\/#listItem","name":"Actualidad"}}]},{"@type":"Organization","@id":"https:\/\/www.eldigitaldeasturias.com\/noticias\/#organization","name":"El Digital de Asturias","description":"Hemeroteca","url":"https:\/\/www.eldigitaldeasturias.com\/noticias\/","email":"info@eldigitaldeasturias.com","telephone":"+34652131393","logo":{"@type":"ImageObject","url":"https:\/\/www.eldigitaldeasturias.com\/noticias\/wp-content\/uploads\/2020\/12\/EDA.jpg","@id":"https:\/\/www.eldigitaldeasturias.com\/noticias\/el-santos-se-pronunciara-la-proxima-semana-por-el-caso-neymar\/#organizationLogo"},"image":{"@id":"https:\/\/www.eldigitaldeasturias.com\/noticias\/el-santos-se-pronunciara-la-proxima-semana-por-el-caso-neymar\/#organizationLogo"},"sameAs":["https:\/\/facebook.com\/eldigitaldeasturias","https:\/\/www.youtube.com\/channel\/UCZP-2wLEB9Rv6erhFmqVnvg"],"address":{"@id":"https:\/\/www.eldigitaldeasturias.com\/noticias\/#postaladdress","@type":"PostalAddress","streetAddress":"san antonio 4","postalCode":"33430","addressLocality":"Cand\u00e1s","addressRegion":"Asturias","addressCountry":"ES"}},{"@type":"Person","@id":"https:\/\/www.eldigitaldeasturias.com\/noticias\/author\/admin\/#author","url":"https:\/\/www.eldigitaldeasturias.com\/noticias\/author\/admin\/","name":"El Digital de Asturias","image":{"@type":"ImageObject","@id":"https:\/\/www.eldigitaldeasturias.com\/noticias\/el-santos-se-pronunciara-la-proxima-semana-por-el-caso-neymar\/#authorImage","url":"https:\/\/secure.gravatar.com\/avatar\/df2aeffc32bcd13f8d26072ef8a91b623d677766deac7f97ca815868cd41bf5e?s=96&d=mm&r=g","width":96,"height":96,"caption":"El Digital de Asturias"}},{"@type":"WebPage","@id":"https:\/\/www.eldigitaldeasturias.com\/noticias\/el-santos-se-pronunciara-la-proxima-semana-por-el-caso-neymar\/#webpage","url":"https:\/\/www.eldigitaldeasturias.com\/noticias\/el-santos-se-pronunciara-la-proxima-semana-por-el-caso-neymar\/","name":"El Santos se pronunciar\u00e1 la pr\u00f3xima semana por el caso Neymar - El Digital de Asturias","description":"Sao Paulo, 25 ene (EFE).- El Santos brasile\u00f1o afirm\u00f3 que est\u00e1 \"acompa\u00f1ando atentamente\" las informaciones divulgadas en Barcelona sobre el fichaje de Neymar y anunci\u00f3 que se manifestar\u00e1 sobre el caso la semana que viene. El club de origen de Neymar se pronunci\u00f3 as\u00ed este viernes, en un breve comunicado, sobre el desglose del fichaje","inLanguage":"es-ES","isPartOf":{"@id":"https:\/\/www.eldigitaldeasturias.com\/noticias\/#website"},"breadcrumb":{"@id":"https:\/\/www.eldigitaldeasturias.com\/noticias\/el-santos-se-pronunciara-la-proxima-semana-por-el-caso-neymar\/#breadcrumblist"},"author":{"@id":"https:\/\/www.eldigitaldeasturias.com\/noticias\/author\/admin\/#author"},"creator":{"@id":"https:\/\/www.eldigitaldeasturias.com\/noticias\/author\/admin\/#author"},"image":{"@type":"ImageObject","url":"https:\/\/www.eldigitaldeasturias.com\/noticias\/wp-content\/uploads\/2026\/06\/Contenidos.jpg","@id":"https:\/\/www.eldigitaldeasturias.com\/noticias\/el-santos-se-pronunciara-la-proxima-semana-por-el-caso-neymar\/#mainImage","width":1265,"height":697,"caption":"Contenidos"},"primaryImageOfPage":{"@id":"https:\/\/www.eldigitaldeasturias.com\/noticias\/el-santos-se-pronunciara-la-proxima-semana-por-el-caso-neymar\/#mainImage"},"datePublished":"2014-01-25T10:56:54+01:00","dateModified":"2014-01-25T10:56:54+01:00"},{"@type":"WebSite","@id":"https:\/\/www.eldigitaldeasturias.com\/noticias\/#website","url":"https:\/\/www.eldigitaldeasturias.com\/noticias\/","name":"El Digital de Asturias - Diario de actualidad y noticias","alternateName":"El Digital de Asturias - Diario de actualidad y noticias","description":"Hemeroteca","inLanguage":"es-ES","publisher":{"@id":"https:\/\/www.eldigitaldeasturias.com\/noticias\/#organization"}}]},"og:locale":"es_ES","og:site_name":"El Digital de Asturias","og:type":"article","og:title":"El Santos se pronunciar\u00e1 la pr\u00f3xima semana por el caso Neymar - El Digital de Asturias","og:description":"Sao Paulo, 25 ene (EFE).- El Santos brasile\u00f1o afirm\u00f3 que est\u00e1 &quot;acompa\u00f1ando atentamente&quot; las informaciones divulgadas en Barcelona sobre el fichaje de Neymar y anunci\u00f3 que se manifestar\u00e1 sobre el caso la semana que viene. El club de origen de Neymar se pronunci\u00f3 as\u00ed este viernes, en un breve comunicado, sobre el desglose del fichaje","og:url":"https:\/\/www.eldigitaldeasturias.com\/noticias\/el-santos-se-pronunciara-la-proxima-semana-por-el-caso-neymar\/","og:image":"https:\/\/www.eldigitaldeasturias.com\/noticias\/wp-content\/uploads\/2026\/06\/Contenidos.jpg","og:image:secure_url":"https:\/\/www.eldigitaldeasturias.com\/noticias\/wp-content\/uploads\/2026\/06\/Contenidos.jpg","og:image:width":1265,"og:image:height":697,"article:tag":["actualidad"],"article:published_time":"2014-01-25T11:56:54+00:00","article:modified_time":"2014-01-25T11:56:54+00:00","article:publisher":"https:\/\/facebook.com\/eldigitaldeasturias","twitter:card":"summary_large_image","twitter:title":"El Santos se pronunciar\u00e1 la pr\u00f3xima semana por el caso Neymar - El Digital de Asturias","twitter:description":"Sao Paulo, 25 ene (EFE).- El Santos brasile\u00f1o afirm\u00f3 que est\u00e1 &quot;acompa\u00f1ando atentamente&quot; las informaciones divulgadas en Barcelona sobre el fichaje de Neymar y anunci\u00f3 que se manifestar\u00e1 sobre el caso la semana que viene. El club de origen de Neymar se pronunci\u00f3 as\u00ed este viernes, en un breve comunicado, sobre el desglose del fichaje","twitter:image":"https:\/\/www.eldigitaldeasturias.com\/noticias\/wp-content\/uploads\/2026\/06\/Contenidos.jpg","twitter:label1":"Escrito por","twitter:data1":"El Digital de Asturias","twitter:label2":"Tiempo de lectura estimado","twitter:data2":"1 minuto"},"aioseo_meta_data":{"post_id":"478643","title":null,"description":null,"keywords":null,"keyphrases":null,"primary_term":null,"canonical_url":null,"og_title":null,"og_description":null,"og_object_type":"default","og_image_type":"default","og_image_url":null,"og_image_width":null,"og_image_height":null,"og_image_custom_url":null,"og_image_custom_fields":null,"og_video":null,"og_custom_url":null,"og_article_section":null,"og_article_tags":null,"twitter_use_og":true,"twitter_card":"default","twitter_image_type":"default","twitter_image_url":null,"twitter_image_custom_url":null,"twitter_image_custom_fields":null,"twitter_title":null,"twitter_description":null,"schema":{"blockGraphs":[],"customGraphs":[],"default":{"data":{"Article":[],"Course":[],"Dataset":[],"FAQPage":[],"Movie":[],"Person":[],"Product":[],"ProductReview":[],"Car":[],"Recipe":[],"Service":[],"SoftwareApplication":[],"WebPage":[]},"graphName":"","isEnabled":true},"graphs":[],"defaultGraph":"","defaultPostTypeGraph":""},"schema_type":null,"schema_type_options":null,"pillar_content":false,"robots_default":true,"robots_noindex":false,"robots_noarchive":false,"robots_nosnippet":false,"robots_nofollow":false,"robots_noimageindex":false,"robots_noodp":false,"robots_notranslate":false,"robots_max_snippet":null,"robots_max_videopreview":null,"robots_max_imagepreview":"none","priority":null,"frequency":null,"local_seo":null,"seo_analyzer_scan_date":"2026-06-01 22:07:05","breadcrumb_settings":null,"limit_modified_date":false,"open_ai":null,"ai":null,"created":"2020-11-14 22:53:57","updated":"2026-06-01 22:07:05","focus_keyword":null,"additional_keywords":null,"truseo_locale":null},"aioseo_breadcrumb":"<div class=\"aioseo-breadcrumbs\"><span class=\"aioseo-breadcrumb\">\n\t<a href=\"https:\/\/www.eldigitaldeasturias.com\/noticias\" title=\"Home\">Home<\/a>\n<\/span><span class=\"aioseo-breadcrumb-separator\">\u2013<\/span><span class=\"aioseo-breadcrumb\">\n\t<a href=\"https:\/\/www.eldigitaldeasturias.com\/noticias\/category\/actualidad\/\" title=\"Actualidad\">Actualidad<\/a>\n<\/span><span class=\"aioseo-breadcrumb-separator\">\u2013<\/span><span class=\"aioseo-breadcrumb\">\n\t<a href=\"https:\/\/www.eldigitaldeasturias.com\/noticias\/el-santos-se-pronunciara-la-proxima-semana-por-el-caso-neymar\/\" title=\"El Santos se pronunciar\u00e1 la pr\u00f3xima semana por el caso Neymar\">El Santos se pronunciar\u00e1 la pr\u00f3xima semana por el caso Neymar<\/a>\n<\/span><\/div>","aioseo_breadcrumb_json":[{"label":"Home","link":"https:\/\/www.eldigitaldeasturias.com\/noticias"},{"label":"Actualidad","link":"https:\/\/www.eldigitaldeasturias.com\/noticias\/category\/actualidad\/"},{"label":"El Santos se pronunciar\u00e1 la pr\u00f3xima semana por el caso Neymar","link":"https:\/\/www.eldigitaldeasturias.com\/noticias\/el-santos-se-pronunciara-la-proxima-semana-por-el-caso-neymar\/"}],"_links":{"self":[{"href":"https:\/\/www.eldigitaldeasturias.com\/noticias\/wp-json\/wp\/v2\/posts\/478643","targetHints":{"allow":["GET"]}}],"collection":[{"href":"https:\/\/www.eldigitaldeasturias.com\/noticias\/wp-json\/wp\/v2\/posts"}],"about":[{"href":"https:\/\/www.eldigitaldeasturias.com\/noticias\/wp-json\/wp\/v2\/types\/post"}],"author":[{"embeddable":true,"href":"https:\/\/www.eldigitaldeasturias.com\/noticias\/wp-json\/wp\/v2\/users\/1"}],"replies":[{"embeddable":true,"href":"https:\/\/www.eldigitaldeasturias.com\/noticias\/wp-json\/wp\/v2\/comments?post=478643"}],"version-history":[{"count":0,"href":"https:\/\/www.eldigitaldeasturias.com\/noticias\/wp-json\/wp\/v2\/posts\/478643\/revisions"}],"wp:featuredmedia":[{"embeddable":true,"href":"https:\/\/www.eldigitaldeasturias.com\/noticias\/wp-json\/wp\/v2\/media\/1132184"}],"wp:attachment":[{"href":"https:\/\/www.eldigitaldeasturias.com\/noticias\/wp-json\/wp\/v2\/media?parent=478643"}],"wp:term":[{"taxonomy":"category","embeddable":true,"href":"https:\/\/www.eldigitaldeasturias.com\/noticias\/wp-json\/wp\/v2\/categories?post=478643"},{"taxonomy":"post_tag","embeddable":true,"href":"https:\/\/www.eldigitaldeasturias.com\/noticias\/wp-json\/wp\/v2\/tags?post=478643"}],"curies":[{"name":"wp","href":"https:\/\/api.w.org\/{rel}","templated":true}]}}