{"id":478604,"date":"2014-01-25T08:37:17","date_gmt":"2014-01-25T09:37:17","guid":{"rendered":"http:\/\/www.eldigitaldeasturias.com\/noticias\/?p=478604"},"modified":"2014-01-25T08:37:17","modified_gmt":"2014-01-25T09:37:17","slug":"manifestantes-y-antidisturbios-ponen-en-peligro-la-tregua-en-centro-de-kiev","status":"publish","type":"post","link":"https:\/\/www.eldigitaldeasturias.com\/noticias\/manifestantes-y-antidisturbios-ponen-en-peligro-la-tregua-en-centro-de-kiev\/","title":{"rendered":"Manifestantes y antidisturbios ponen en peligro la tregua en centro de Kiev"},"content":{"rendered":"<p><img loading=\"lazy\" decoding=\"async\" class=\"alignleft size-medium wp-image-478605\" alt=\"5875616w\" src=\"https:\/\/www.eldigitaldeasturias.com\/noticias\/wp-content\/uploads\/2014\/01\/5875616w-360x197.jpg\" width=\"360\" height=\"197\" \/>Kiev, 25 ene (EFE).- Manifestantes ucranianos y efectivos antidisturbios han puesto esta noche en peligro la tregua acordada el jueves entre Gobierno y oposici\u00f3n al reanudar los enfrentamientos en las inmediaciones del estadio del Dinamo Kiev.<\/p>\n<p>Poco despu\u00e9s de que el presidente ucraniano, V\u00edktor Yanuk\u00f3vich, accediera a la reestructuraci\u00f3n del Gobierno y la revisi\u00f3n de las leyes \u00abdictatoriales\u00bb, los manifestantes vuelven a lanzar c\u00f3cteles molotov y adoquines contra la polic\u00eda.<\/p>\n<p>Los manifestantes, que hab\u00edan fortificado durante los \u00faltimos dos d\u00edas con sacos de nieve las barricadas tras los autobuses calcinados, han creado una nueva cadena de fuego que alimentan con neum\u00e1ticos para mantener a raya a los antidisturbios.<\/p>\n<p>Ahora, menos de un millar de belicosos manifestantes se encuentran concentrados en la zona, a cuya espalda han instalado varias hogueras para soportar las baj\u00edsimas temperaturas que rondan los 15 grados bajo cero.<\/p>\n<p>En respuesta, la polic\u00eda ha reaccionado con el lanzamiento de granadas aturdidoras, chorros de agua para sofocar los incendios y grandes focos para deslumbrar a los manifestantes que osan acercarse a la vanguardia de la l\u00ednea de frente del estadio.<\/p>\n<p>Hasta ahora, ambas partes hab\u00edan respetado religiosamente el cese de las hostilidades que abri\u00f3 la puerta a la celebraci\u00f3n de negociaciones entre los l\u00edderes opositores y Yanuk\u00f3vich.<\/p>\n<p>Mientras, se inform\u00f3 de que hace unas horas un polic\u00eda fue asesinado de un disparo en la cabeza en Kiev cuanto regresaba a su domicilio.<\/p>\n<p>Adem\u00e1s, otro polic\u00eda fue herido con arma blanca en el Euromaid\u00e1n (\u00abmaid\u00e1n\u00bb, plaza en ucraniano), mientras otros dos agentes del orden han sido apresados por los guardias que se encargan de la seguridad en el campamento opositor.<\/p>\n<p>El polic\u00eda herido fue liberado y ya se encuentra hospitalizado, mientras se desconoce la suerte de sus dos colegas.<\/p>\n<p>El dirigente opositor, Vitali Klitschk\u00f3, se reuni\u00f3 esta tarde con el comisario de Ampliaci\u00f3n, Stephan F\u00fclle, que lleg\u00f3 hoy a la capital ucraniana y que tambi\u00e9n ten\u00eda previsto reunirse con representantes del Gobierno.<\/p>\n<p>\u00abAcabamos de discutir las v\u00edas de soluci\u00f3n pac\u00edfica de la crisis pol\u00edtica en la que se encuentra sumida Ucrania. La situaci\u00f3n es muy complicada. Hablamos del regreso a la Constituci\u00f3n de 2004 y de la convocatoria de elecciones anticipadas\u00bb, asegur\u00f3 Klitschk\u00f3.<\/p>\n<p>El opositor subray\u00f3 la importancia de la liberaci\u00f3n de los presos pol\u00edticos, tras lo que \u00e9l y F\u00fclle acudieron al tribunal de Kiev que estudia los casos abiertos contra los manifestantes detenidos.<\/p>\n<p>Yanuk\u00f3vich anunci\u00f3 hoy que todos los detenidos en los disturbios, \u00abque no hayan cometido delitos graves\u00bb, ser\u00e1n amnistiados y puestos en libertad.<\/p>\n<p>Aunque ya hay fecha para la sesi\u00f3n parlamentaria que abordar\u00e1 la reforma del Gobierno y la revisi\u00f3n de las controvertidas leyes (28 de enero), Klitschk\u00f3 asegur\u00f3 que las concesiones de Yanuk\u00f3vich no son suficientes.<\/p>\n<p>\u00abSi hace dos meses el Maid\u00e1n se hubiera dispersado con la dimisi\u00f3n del ministro del Interior, hace dos semanas se hubiera podido satisfacer a la gente con la renuncia del Gobierno. Ahora, la gente demanda la dimisi\u00f3n del presidente\u00bb, dijo.<\/p>\n","protected":false},"excerpt":{"rendered":"<p>Kiev, 25 ene (EFE).- Manifestantes ucranianos y efectivos antidisturbios han puesto esta noche en peligro la tregua acordada el jueves entre Gobierno y oposici\u00f3n al reanudar los enfrentamientos en las inmediaciones del estadio del Dinamo Kiev. Poco despu\u00e9s de que el presidente ucraniano, V\u00edktor Yanuk\u00f3vich, accediera a la reestructuraci\u00f3n del Gobierno y la revisi\u00f3n de [&hellip;]<\/p>\n","protected":false},"author":1,"featured_media":1132184,"comment_status":"closed","ping_status":"open","sticky":false,"template":"","format":"standard","meta":{"footnotes":""},"categories":[1],"tags":[],"class_list":["post-478604","post","type-post","status-publish","format-standard","has-post-thumbnail","hentry","category-actualidad"],"aioseo_notices":[],"aioseo_head":"\n\t\t<!-- All in One SEO Pro 5.0.1 - aioseo.com -->\n\t<meta name=\"description\" content=\"Kiev, 25 ene (EFE).- Manifestantes ucranianos y efectivos antidisturbios han puesto esta noche en peligro la tregua acordada el jueves entre Gobierno y oposici\u00f3n al reanudar los enfrentamientos en las inmediaciones del estadio del Dinamo Kiev. Poco despu\u00e9s de que el presidente ucraniano, V\u00edktor Yanuk\u00f3vich, accediera a la reestructuraci\u00f3n del Gobierno y la revisi\u00f3n de\" \/>\n\t<meta name=\"robots\" content=\"max-image-preview:large\" \/>\n\t<meta name=\"author\" content=\"El Digital de Asturias\"\/>\n\t<meta name=\"google-site-verification\" content=\"UA-38556648-1\" \/>\n\t<meta name=\"msvalidate.01\" content=\"7dfe9f3f1b24437ab69f4f2559babe99\" \/>\n\t<meta name=\"keywords\" content=\"actualidad\" \/>\n\t<link rel=\"canonical\" href=\"https:\/\/www.eldigitaldeasturias.com\/noticias\/manifestantes-y-antidisturbios-ponen-en-peligro-la-tregua-en-centro-de-kiev\/\" \/>\n\t<meta name=\"generator\" content=\"All in One SEO Pro (AIOSEO) 5.0.1\" \/>\n\t\t<meta property=\"og:locale\" content=\"es_ES\" \/>\n\t\t<meta property=\"og:site_name\" content=\"El Digital de Asturias\" \/>\n\t\t<meta property=\"og:type\" content=\"article\" \/>\n\t\t<meta property=\"og:title\" content=\"Manifestantes y antidisturbios ponen en peligro la tregua en centro de Kiev - El Digital de Asturias\" \/>\n\t\t<meta property=\"og:description\" content=\"Kiev, 25 ene (EFE).- Manifestantes ucranianos y efectivos antidisturbios han puesto esta noche en peligro la tregua acordada el jueves entre Gobierno y oposici\u00f3n al reanudar los enfrentamientos en las inmediaciones del estadio del Dinamo Kiev. Poco despu\u00e9s de que el presidente ucraniano, V\u00edktor Yanuk\u00f3vich, accediera a la reestructuraci\u00f3n del Gobierno y la revisi\u00f3n de\" \/>\n\t\t<meta property=\"og:url\" content=\"https:\/\/www.eldigitaldeasturias.com\/noticias\/manifestantes-y-antidisturbios-ponen-en-peligro-la-tregua-en-centro-de-kiev\/\" \/>\n\t\t<meta property=\"og:image\" content=\"https:\/\/www.eldigitaldeasturias.com\/noticias\/wp-content\/uploads\/2026\/06\/Contenidos.jpg\" \/>\n\t\t<meta property=\"og:image:secure_url\" content=\"https:\/\/www.eldigitaldeasturias.com\/noticias\/wp-content\/uploads\/2026\/06\/Contenidos.jpg\" \/>\n\t\t<meta property=\"og:image:width\" content=\"1265\" \/>\n\t\t<meta property=\"og:image:height\" content=\"697\" \/>\n\t\t<meta property=\"article:tag\" content=\"actualidad\" \/>\n\t\t<meta property=\"article:published_time\" content=\"2014-01-25T09:37:17+00:00\" \/>\n\t\t<meta property=\"article:modified_time\" content=\"2014-01-25T09:37:17+00:00\" \/>\n\t\t<meta property=\"article:publisher\" content=\"https:\/\/facebook.com\/eldigitaldeasturias\" \/>\n\t\t<meta name=\"twitter:card\" content=\"summary_large_image\" \/>\n\t\t<meta name=\"twitter:title\" content=\"Manifestantes y antidisturbios ponen en peligro la tregua en centro de Kiev - El Digital de Asturias\" \/>\n\t\t<meta name=\"twitter:description\" content=\"Kiev, 25 ene (EFE).- Manifestantes ucranianos y efectivos antidisturbios han puesto esta noche en peligro la tregua acordada el jueves entre Gobierno y oposici\u00f3n al reanudar los enfrentamientos en las inmediaciones del estadio del Dinamo Kiev. Poco despu\u00e9s de que el presidente ucraniano, V\u00edktor Yanuk\u00f3vich, accediera a la reestructuraci\u00f3n del Gobierno y la revisi\u00f3n de\" \/>\n\t\t<meta name=\"twitter:image\" content=\"https:\/\/www.eldigitaldeasturias.com\/noticias\/wp-content\/uploads\/2026\/06\/Contenidos.jpg\" \/>\n\t\t<meta name=\"twitter:label1\" content=\"Escrito por\" \/>\n\t\t<meta name=\"twitter:data1\" content=\"El Digital de Asturias\" \/>\n\t\t<meta name=\"twitter:label2\" content=\"Tiempo de lectura estimado\" \/>\n\t\t<meta name=\"twitter:data2\" content=\"3 minutos\" \/>\n\t\t<script type=\"application\/ld+json\" class=\"aioseo-schema\">\n\t\t\t{\"@context\":\"https:\\\/\\\/schema.org\",\"@graph\":[{\"@type\":\"BlogPosting\",\"@id\":\"https:\\\/\\\/www.eldigitaldeasturias.com\\\/noticias\\\/manifestantes-y-antidisturbios-ponen-en-peligro-la-tregua-en-centro-de-kiev\\\/#blogposting\",\"name\":\"Manifestantes y antidisturbios ponen en peligro la tregua en centro de Kiev - El Digital de Asturias\",\"headline\":\"Manifestantes y antidisturbios ponen en peligro la tregua en centro de Kiev\",\"author\":{\"@id\":\"https:\\\/\\\/www.eldigitaldeasturias.com\\\/noticias\\\/author\\\/admin\\\/#author\"},\"publisher\":{\"@id\":\"https:\\\/\\\/www.eldigitaldeasturias.com\\\/noticias\\\/#organization\"},\"image\":{\"@type\":\"ImageObject\",\"url\":\"https:\\\/\\\/www.eldigitaldeasturias.com\\\/noticias\\\/wp-content\\\/uploads\\\/2026\\\/06\\\/Contenidos.jpg\",\"width\":1265,\"height\":697,\"caption\":\"Contenidos\"},\"datePublished\":\"2014-01-25T08:37:17+01:00\",\"dateModified\":\"2014-01-25T08:37:17+01:00\",\"inLanguage\":\"es-ES\",\"mainEntityOfPage\":{\"@id\":\"https:\\\/\\\/www.eldigitaldeasturias.com\\\/noticias\\\/manifestantes-y-antidisturbios-ponen-en-peligro-la-tregua-en-centro-de-kiev\\\/#webpage\"},\"isPartOf\":{\"@id\":\"https:\\\/\\\/www.eldigitaldeasturias.com\\\/noticias\\\/manifestantes-y-antidisturbios-ponen-en-peligro-la-tregua-en-centro-de-kiev\\\/#webpage\"},\"articleSection\":\"Actualidad\"},{\"@type\":\"BreadcrumbList\",\"@id\":\"https:\\\/\\\/www.eldigitaldeasturias.com\\\/noticias\\\/manifestantes-y-antidisturbios-ponen-en-peligro-la-tregua-en-centro-de-kiev\\\/#breadcrumblist\",\"itemListElement\":[{\"@type\":\"ListItem\",\"@id\":\"https:\\\/\\\/www.eldigitaldeasturias.com\\\/noticias#listItem\",\"position\":1,\"name\":\"Home\",\"item\":\"https:\\\/\\\/www.eldigitaldeasturias.com\\\/noticias\",\"nextItem\":{\"@type\":\"ListItem\",\"@id\":\"https:\\\/\\\/www.eldigitaldeasturias.com\\\/noticias\\\/category\\\/actualidad\\\/#listItem\",\"name\":\"Actualidad\"}},{\"@type\":\"ListItem\",\"@id\":\"https:\\\/\\\/www.eldigitaldeasturias.com\\\/noticias\\\/category\\\/actualidad\\\/#listItem\",\"position\":2,\"name\":\"Actualidad\",\"item\":\"https:\\\/\\\/www.eldigitaldeasturias.com\\\/noticias\\\/category\\\/actualidad\\\/\",\"nextItem\":{\"@type\":\"ListItem\",\"@id\":\"https:\\\/\\\/www.eldigitaldeasturias.com\\\/noticias\\\/manifestantes-y-antidisturbios-ponen-en-peligro-la-tregua-en-centro-de-kiev\\\/#listItem\",\"name\":\"Manifestantes y antidisturbios ponen en peligro la tregua en centro de Kiev\"},\"previousItem\":{\"@type\":\"ListItem\",\"@id\":\"https:\\\/\\\/www.eldigitaldeasturias.com\\\/noticias#listItem\",\"name\":\"Home\"}},{\"@type\":\"ListItem\",\"@id\":\"https:\\\/\\\/www.eldigitaldeasturias.com\\\/noticias\\\/manifestantes-y-antidisturbios-ponen-en-peligro-la-tregua-en-centro-de-kiev\\\/#listItem\",\"position\":3,\"name\":\"Manifestantes y antidisturbios ponen en peligro la tregua en centro de Kiev\",\"previousItem\":{\"@type\":\"ListItem\",\"@id\":\"https:\\\/\\\/www.eldigitaldeasturias.com\\\/noticias\\\/category\\\/actualidad\\\/#listItem\",\"name\":\"Actualidad\"}}]},{\"@type\":\"Organization\",\"@id\":\"https:\\\/\\\/www.eldigitaldeasturias.com\\\/noticias\\\/#organization\",\"name\":\"El Digital de Asturias\",\"description\":\"Hemeroteca\",\"url\":\"https:\\\/\\\/www.eldigitaldeasturias.com\\\/noticias\\\/\",\"email\":\"info@eldigitaldeasturias.com\",\"telephone\":\"+34652131393\",\"logo\":{\"@type\":\"ImageObject\",\"url\":\"https:\\\/\\\/www.eldigitaldeasturias.com\\\/noticias\\\/wp-content\\\/uploads\\\/2020\\\/12\\\/EDA.jpg\",\"@id\":\"https:\\\/\\\/www.eldigitaldeasturias.com\\\/noticias\\\/manifestantes-y-antidisturbios-ponen-en-peligro-la-tregua-en-centro-de-kiev\\\/#organizationLogo\"},\"image\":{\"@id\":\"https:\\\/\\\/www.eldigitaldeasturias.com\\\/noticias\\\/manifestantes-y-antidisturbios-ponen-en-peligro-la-tregua-en-centro-de-kiev\\\/#organizationLogo\"},\"sameAs\":[\"https:\\\/\\\/facebook.com\\\/eldigitaldeasturias\",\"https:\\\/\\\/www.youtube.com\\\/channel\\\/UCZP-2wLEB9Rv6erhFmqVnvg\"],\"address\":{\"@id\":\"https:\\\/\\\/www.eldigitaldeasturias.com\\\/noticias\\\/#postaladdress\",\"@type\":\"PostalAddress\",\"streetAddress\":\"san antonio 4\",\"postalCode\":\"33430\",\"addressLocality\":\"Cand\\u00e1s\",\"addressRegion\":\"Asturias\",\"addressCountry\":\"ES\"}},{\"@type\":\"Person\",\"@id\":\"https:\\\/\\\/www.eldigitaldeasturias.com\\\/noticias\\\/author\\\/admin\\\/#author\",\"url\":\"https:\\\/\\\/www.eldigitaldeasturias.com\\\/noticias\\\/author\\\/admin\\\/\",\"name\":\"El Digital de Asturias\",\"image\":{\"@type\":\"ImageObject\",\"@id\":\"https:\\\/\\\/www.eldigitaldeasturias.com\\\/noticias\\\/manifestantes-y-antidisturbios-ponen-en-peligro-la-tregua-en-centro-de-kiev\\\/#authorImage\",\"url\":\"https:\\\/\\\/secure.gravatar.com\\\/avatar\\\/df2aeffc32bcd13f8d26072ef8a91b623d677766deac7f97ca815868cd41bf5e?s=96&d=mm&r=g\",\"width\":96,\"height\":96,\"caption\":\"El Digital de Asturias\"}},{\"@type\":\"WebPage\",\"@id\":\"https:\\\/\\\/www.eldigitaldeasturias.com\\\/noticias\\\/manifestantes-y-antidisturbios-ponen-en-peligro-la-tregua-en-centro-de-kiev\\\/#webpage\",\"url\":\"https:\\\/\\\/www.eldigitaldeasturias.com\\\/noticias\\\/manifestantes-y-antidisturbios-ponen-en-peligro-la-tregua-en-centro-de-kiev\\\/\",\"name\":\"Manifestantes y antidisturbios ponen en peligro la tregua en centro de Kiev - El Digital de Asturias\",\"description\":\"Kiev, 25 ene (EFE).- Manifestantes ucranianos y efectivos antidisturbios han puesto esta noche en peligro la tregua acordada el jueves entre Gobierno y oposici\\u00f3n al reanudar los enfrentamientos en las inmediaciones del estadio del Dinamo Kiev. Poco despu\\u00e9s de que el presidente ucraniano, V\\u00edktor Yanuk\\u00f3vich, accediera a la reestructuraci\\u00f3n del Gobierno y la revisi\\u00f3n de\",\"inLanguage\":\"es-ES\",\"isPartOf\":{\"@id\":\"https:\\\/\\\/www.eldigitaldeasturias.com\\\/noticias\\\/#website\"},\"breadcrumb\":{\"@id\":\"https:\\\/\\\/www.eldigitaldeasturias.com\\\/noticias\\\/manifestantes-y-antidisturbios-ponen-en-peligro-la-tregua-en-centro-de-kiev\\\/#breadcrumblist\"},\"author\":{\"@id\":\"https:\\\/\\\/www.eldigitaldeasturias.com\\\/noticias\\\/author\\\/admin\\\/#author\"},\"creator\":{\"@id\":\"https:\\\/\\\/www.eldigitaldeasturias.com\\\/noticias\\\/author\\\/admin\\\/#author\"},\"image\":{\"@type\":\"ImageObject\",\"url\":\"https:\\\/\\\/www.eldigitaldeasturias.com\\\/noticias\\\/wp-content\\\/uploads\\\/2026\\\/06\\\/Contenidos.jpg\",\"@id\":\"https:\\\/\\\/www.eldigitaldeasturias.com\\\/noticias\\\/manifestantes-y-antidisturbios-ponen-en-peligro-la-tregua-en-centro-de-kiev\\\/#mainImage\",\"width\":1265,\"height\":697,\"caption\":\"Contenidos\"},\"primaryImageOfPage\":{\"@id\":\"https:\\\/\\\/www.eldigitaldeasturias.com\\\/noticias\\\/manifestantes-y-antidisturbios-ponen-en-peligro-la-tregua-en-centro-de-kiev\\\/#mainImage\"},\"datePublished\":\"2014-01-25T08:37:17+01:00\",\"dateModified\":\"2014-01-25T08:37:17+01:00\"},{\"@type\":\"WebSite\",\"@id\":\"https:\\\/\\\/www.eldigitaldeasturias.com\\\/noticias\\\/#website\",\"url\":\"https:\\\/\\\/www.eldigitaldeasturias.com\\\/noticias\\\/\",\"name\":\"El Digital de Asturias - Diario de actualidad y noticias\",\"alternateName\":\"El Digital de Asturias - Diario de actualidad y noticias\",\"description\":\"Hemeroteca\",\"inLanguage\":\"es-ES\",\"publisher\":{\"@id\":\"https:\\\/\\\/www.eldigitaldeasturias.com\\\/noticias\\\/#organization\"}}]}\n\t\t<\/script>\n\t\t<!-- All in One SEO Pro -->\r\n\t\t<title>Manifestantes y antidisturbios ponen en peligro la tregua en centro de Kiev - El Digital de Asturias<\/title>\n\n","aioseo_head_json":{"title":"Manifestantes y antidisturbios ponen en peligro la tregua en centro de Kiev - El Digital de Asturias","description":"Kiev, 25 ene (EFE).- Manifestantes ucranianos y efectivos antidisturbios han puesto esta noche en peligro la tregua acordada el jueves entre Gobierno y oposici\u00f3n al reanudar los enfrentamientos en las inmediaciones del estadio del Dinamo Kiev. Poco despu\u00e9s de que el presidente ucraniano, V\u00edktor Yanuk\u00f3vich, accediera a la reestructuraci\u00f3n del Gobierno y la revisi\u00f3n de","canonical_url":"https:\/\/www.eldigitaldeasturias.com\/noticias\/manifestantes-y-antidisturbios-ponen-en-peligro-la-tregua-en-centro-de-kiev\/","robots":"max-image-preview:large","keywords":"actualidad","webmasterTools":{"google-site-verification":"UA-38556648-1","msvalidate.01":"7dfe9f3f1b24437ab69f4f2559babe99","miscellaneous":""},"schema":{"@context":"https:\/\/schema.org","@graph":[{"@type":"BlogPosting","@id":"https:\/\/www.eldigitaldeasturias.com\/noticias\/manifestantes-y-antidisturbios-ponen-en-peligro-la-tregua-en-centro-de-kiev\/#blogposting","name":"Manifestantes y antidisturbios ponen en peligro la tregua en centro de Kiev - El Digital de Asturias","headline":"Manifestantes y antidisturbios ponen en peligro la tregua en centro de Kiev","author":{"@id":"https:\/\/www.eldigitaldeasturias.com\/noticias\/author\/admin\/#author"},"publisher":{"@id":"https:\/\/www.eldigitaldeasturias.com\/noticias\/#organization"},"image":{"@type":"ImageObject","url":"https:\/\/www.eldigitaldeasturias.com\/noticias\/wp-content\/uploads\/2026\/06\/Contenidos.jpg","width":1265,"height":697,"caption":"Contenidos"},"datePublished":"2014-01-25T08:37:17+01:00","dateModified":"2014-01-25T08:37:17+01:00","inLanguage":"es-ES","mainEntityOfPage":{"@id":"https:\/\/www.eldigitaldeasturias.com\/noticias\/manifestantes-y-antidisturbios-ponen-en-peligro-la-tregua-en-centro-de-kiev\/#webpage"},"isPartOf":{"@id":"https:\/\/www.eldigitaldeasturias.com\/noticias\/manifestantes-y-antidisturbios-ponen-en-peligro-la-tregua-en-centro-de-kiev\/#webpage"},"articleSection":"Actualidad"},{"@type":"BreadcrumbList","@id":"https:\/\/www.eldigitaldeasturias.com\/noticias\/manifestantes-y-antidisturbios-ponen-en-peligro-la-tregua-en-centro-de-kiev\/#breadcrumblist","itemListElement":[{"@type":"ListItem","@id":"https:\/\/www.eldigitaldeasturias.com\/noticias#listItem","position":1,"name":"Home","item":"https:\/\/www.eldigitaldeasturias.com\/noticias","nextItem":{"@type":"ListItem","@id":"https:\/\/www.eldigitaldeasturias.com\/noticias\/category\/actualidad\/#listItem","name":"Actualidad"}},{"@type":"ListItem","@id":"https:\/\/www.eldigitaldeasturias.com\/noticias\/category\/actualidad\/#listItem","position":2,"name":"Actualidad","item":"https:\/\/www.eldigitaldeasturias.com\/noticias\/category\/actualidad\/","nextItem":{"@type":"ListItem","@id":"https:\/\/www.eldigitaldeasturias.com\/noticias\/manifestantes-y-antidisturbios-ponen-en-peligro-la-tregua-en-centro-de-kiev\/#listItem","name":"Manifestantes y antidisturbios ponen en peligro la tregua en centro de Kiev"},"previousItem":{"@type":"ListItem","@id":"https:\/\/www.eldigitaldeasturias.com\/noticias#listItem","name":"Home"}},{"@type":"ListItem","@id":"https:\/\/www.eldigitaldeasturias.com\/noticias\/manifestantes-y-antidisturbios-ponen-en-peligro-la-tregua-en-centro-de-kiev\/#listItem","position":3,"name":"Manifestantes y antidisturbios ponen en peligro la tregua en centro de Kiev","previousItem":{"@type":"ListItem","@id":"https:\/\/www.eldigitaldeasturias.com\/noticias\/category\/actualidad\/#listItem","name":"Actualidad"}}]},{"@type":"Organization","@id":"https:\/\/www.eldigitaldeasturias.com\/noticias\/#organization","name":"El Digital de Asturias","description":"Hemeroteca","url":"https:\/\/www.eldigitaldeasturias.com\/noticias\/","email":"info@eldigitaldeasturias.com","telephone":"+34652131393","logo":{"@type":"ImageObject","url":"https:\/\/www.eldigitaldeasturias.com\/noticias\/wp-content\/uploads\/2020\/12\/EDA.jpg","@id":"https:\/\/www.eldigitaldeasturias.com\/noticias\/manifestantes-y-antidisturbios-ponen-en-peligro-la-tregua-en-centro-de-kiev\/#organizationLogo"},"image":{"@id":"https:\/\/www.eldigitaldeasturias.com\/noticias\/manifestantes-y-antidisturbios-ponen-en-peligro-la-tregua-en-centro-de-kiev\/#organizationLogo"},"sameAs":["https:\/\/facebook.com\/eldigitaldeasturias","https:\/\/www.youtube.com\/channel\/UCZP-2wLEB9Rv6erhFmqVnvg"],"address":{"@id":"https:\/\/www.eldigitaldeasturias.com\/noticias\/#postaladdress","@type":"PostalAddress","streetAddress":"san antonio 4","postalCode":"33430","addressLocality":"Cand\u00e1s","addressRegion":"Asturias","addressCountry":"ES"}},{"@type":"Person","@id":"https:\/\/www.eldigitaldeasturias.com\/noticias\/author\/admin\/#author","url":"https:\/\/www.eldigitaldeasturias.com\/noticias\/author\/admin\/","name":"El Digital de Asturias","image":{"@type":"ImageObject","@id":"https:\/\/www.eldigitaldeasturias.com\/noticias\/manifestantes-y-antidisturbios-ponen-en-peligro-la-tregua-en-centro-de-kiev\/#authorImage","url":"https:\/\/secure.gravatar.com\/avatar\/df2aeffc32bcd13f8d26072ef8a91b623d677766deac7f97ca815868cd41bf5e?s=96&d=mm&r=g","width":96,"height":96,"caption":"El Digital de Asturias"}},{"@type":"WebPage","@id":"https:\/\/www.eldigitaldeasturias.com\/noticias\/manifestantes-y-antidisturbios-ponen-en-peligro-la-tregua-en-centro-de-kiev\/#webpage","url":"https:\/\/www.eldigitaldeasturias.com\/noticias\/manifestantes-y-antidisturbios-ponen-en-peligro-la-tregua-en-centro-de-kiev\/","name":"Manifestantes y antidisturbios ponen en peligro la tregua en centro de Kiev - El Digital de Asturias","description":"Kiev, 25 ene (EFE).- Manifestantes ucranianos y efectivos antidisturbios han puesto esta noche en peligro la tregua acordada el jueves entre Gobierno y oposici\u00f3n al reanudar los enfrentamientos en las inmediaciones del estadio del Dinamo Kiev. Poco despu\u00e9s de que el presidente ucraniano, V\u00edktor Yanuk\u00f3vich, accediera a la reestructuraci\u00f3n del Gobierno y la revisi\u00f3n de","inLanguage":"es-ES","isPartOf":{"@id":"https:\/\/www.eldigitaldeasturias.com\/noticias\/#website"},"breadcrumb":{"@id":"https:\/\/www.eldigitaldeasturias.com\/noticias\/manifestantes-y-antidisturbios-ponen-en-peligro-la-tregua-en-centro-de-kiev\/#breadcrumblist"},"author":{"@id":"https:\/\/www.eldigitaldeasturias.com\/noticias\/author\/admin\/#author"},"creator":{"@id":"https:\/\/www.eldigitaldeasturias.com\/noticias\/author\/admin\/#author"},"image":{"@type":"ImageObject","url":"https:\/\/www.eldigitaldeasturias.com\/noticias\/wp-content\/uploads\/2026\/06\/Contenidos.jpg","@id":"https:\/\/www.eldigitaldeasturias.com\/noticias\/manifestantes-y-antidisturbios-ponen-en-peligro-la-tregua-en-centro-de-kiev\/#mainImage","width":1265,"height":697,"caption":"Contenidos"},"primaryImageOfPage":{"@id":"https:\/\/www.eldigitaldeasturias.com\/noticias\/manifestantes-y-antidisturbios-ponen-en-peligro-la-tregua-en-centro-de-kiev\/#mainImage"},"datePublished":"2014-01-25T08:37:17+01:00","dateModified":"2014-01-25T08:37:17+01:00"},{"@type":"WebSite","@id":"https:\/\/www.eldigitaldeasturias.com\/noticias\/#website","url":"https:\/\/www.eldigitaldeasturias.com\/noticias\/","name":"El Digital de Asturias - Diario de actualidad y noticias","alternateName":"El Digital de Asturias - Diario de actualidad y noticias","description":"Hemeroteca","inLanguage":"es-ES","publisher":{"@id":"https:\/\/www.eldigitaldeasturias.com\/noticias\/#organization"}}]},"og:locale":"es_ES","og:site_name":"El Digital de Asturias","og:type":"article","og:title":"Manifestantes y antidisturbios ponen en peligro la tregua en centro de Kiev - El Digital de Asturias","og:description":"Kiev, 25 ene (EFE).- Manifestantes ucranianos y efectivos antidisturbios han puesto esta noche en peligro la tregua acordada el jueves entre Gobierno y oposici\u00f3n al reanudar los enfrentamientos en las inmediaciones del estadio del Dinamo Kiev. Poco despu\u00e9s de que el presidente ucraniano, V\u00edktor Yanuk\u00f3vich, accediera a la reestructuraci\u00f3n del Gobierno y la revisi\u00f3n de","og:url":"https:\/\/www.eldigitaldeasturias.com\/noticias\/manifestantes-y-antidisturbios-ponen-en-peligro-la-tregua-en-centro-de-kiev\/","og:image":"https:\/\/www.eldigitaldeasturias.com\/noticias\/wp-content\/uploads\/2026\/06\/Contenidos.jpg","og:image:secure_url":"https:\/\/www.eldigitaldeasturias.com\/noticias\/wp-content\/uploads\/2026\/06\/Contenidos.jpg","og:image:width":1265,"og:image:height":697,"article:tag":["actualidad"],"article:published_time":"2014-01-25T09:37:17+00:00","article:modified_time":"2014-01-25T09:37:17+00:00","article:publisher":"https:\/\/facebook.com\/eldigitaldeasturias","twitter:card":"summary_large_image","twitter:title":"Manifestantes y antidisturbios ponen en peligro la tregua en centro de Kiev - El Digital de Asturias","twitter:description":"Kiev, 25 ene (EFE).- Manifestantes ucranianos y efectivos antidisturbios han puesto esta noche en peligro la tregua acordada el jueves entre Gobierno y oposici\u00f3n al reanudar los enfrentamientos en las inmediaciones del estadio del Dinamo Kiev. Poco despu\u00e9s de que el presidente ucraniano, V\u00edktor Yanuk\u00f3vich, accediera a la reestructuraci\u00f3n del Gobierno y la revisi\u00f3n de","twitter:image":"https:\/\/www.eldigitaldeasturias.com\/noticias\/wp-content\/uploads\/2026\/06\/Contenidos.jpg","twitter:label1":"Escrito por","twitter:data1":"El Digital de Asturias","twitter:label2":"Tiempo de lectura estimado","twitter:data2":"3 minutos"},"aioseo_meta_data":{"post_id":"478604","title":null,"description":null,"keywords":null,"keyphrases":null,"primary_term":null,"canonical_url":null,"og_title":null,"og_description":null,"og_object_type":"default","og_image_type":"default","og_image_url":null,"og_image_width":null,"og_image_height":null,"og_image_custom_url":null,"og_image_custom_fields":null,"og_video":null,"og_custom_url":null,"og_article_section":null,"og_article_tags":null,"twitter_use_og":true,"twitter_card":"default","twitter_image_type":"default","twitter_image_url":null,"twitter_image_custom_url":null,"twitter_image_custom_fields":null,"twitter_title":null,"twitter_description":null,"schema":{"blockGraphs":[],"customGraphs":[],"default":{"data":{"Article":[],"Course":[],"Dataset":[],"FAQPage":[],"Movie":[],"Person":[],"Product":[],"ProductReview":[],"Car":[],"Recipe":[],"Service":[],"SoftwareApplication":[],"WebPage":[]},"graphName":"","isEnabled":true},"graphs":[],"defaultGraph":"","defaultPostTypeGraph":""},"schema_type":null,"schema_type_options":null,"pillar_content":false,"robots_default":true,"robots_noindex":false,"robots_noarchive":false,"robots_nosnippet":false,"robots_nofollow":false,"robots_noimageindex":false,"robots_noodp":false,"robots_notranslate":false,"robots_max_snippet":null,"robots_max_videopreview":null,"robots_max_imagepreview":"none","priority":null,"frequency":null,"local_seo":null,"seo_analyzer_scan_date":"2026-06-01 22:01:06","breadcrumb_settings":null,"limit_modified_date":false,"open_ai":null,"ai":null,"created":"2020-11-14 22:53:57","updated":"2026-06-01 22:01:06","focus_keyword":null,"additional_keywords":null,"truseo_locale":null},"aioseo_breadcrumb":"<div class=\"aioseo-breadcrumbs\"><span class=\"aioseo-breadcrumb\">\n\t<a href=\"https:\/\/www.eldigitaldeasturias.com\/noticias\" title=\"Home\">Home<\/a>\n<\/span><span class=\"aioseo-breadcrumb-separator\">\u2013<\/span><span class=\"aioseo-breadcrumb\">\n\t<a href=\"https:\/\/www.eldigitaldeasturias.com\/noticias\/category\/actualidad\/\" title=\"Actualidad\">Actualidad<\/a>\n<\/span><span class=\"aioseo-breadcrumb-separator\">\u2013<\/span><span class=\"aioseo-breadcrumb\">\n\t<a href=\"https:\/\/www.eldigitaldeasturias.com\/noticias\/manifestantes-y-antidisturbios-ponen-en-peligro-la-tregua-en-centro-de-kiev\/\" title=\"Manifestantes y antidisturbios ponen en peligro la tregua en centro de Kiev\">Manifestantes y antidisturbios ponen en peligro la tregua en centro de Kiev<\/a>\n<\/span><\/div>","aioseo_breadcrumb_json":[{"label":"Home","link":"https:\/\/www.eldigitaldeasturias.com\/noticias"},{"label":"Actualidad","link":"https:\/\/www.eldigitaldeasturias.com\/noticias\/category\/actualidad\/"},{"label":"Manifestantes y antidisturbios ponen en peligro la tregua en centro de Kiev","link":"https:\/\/www.eldigitaldeasturias.com\/noticias\/manifestantes-y-antidisturbios-ponen-en-peligro-la-tregua-en-centro-de-kiev\/"}],"_links":{"self":[{"href":"https:\/\/www.eldigitaldeasturias.com\/noticias\/wp-json\/wp\/v2\/posts\/478604","targetHints":{"allow":["GET"]}}],"collection":[{"href":"https:\/\/www.eldigitaldeasturias.com\/noticias\/wp-json\/wp\/v2\/posts"}],"about":[{"href":"https:\/\/www.eldigitaldeasturias.com\/noticias\/wp-json\/wp\/v2\/types\/post"}],"author":[{"embeddable":true,"href":"https:\/\/www.eldigitaldeasturias.com\/noticias\/wp-json\/wp\/v2\/users\/1"}],"replies":[{"embeddable":true,"href":"https:\/\/www.eldigitaldeasturias.com\/noticias\/wp-json\/wp\/v2\/comments?post=478604"}],"version-history":[{"count":0,"href":"https:\/\/www.eldigitaldeasturias.com\/noticias\/wp-json\/wp\/v2\/posts\/478604\/revisions"}],"wp:featuredmedia":[{"embeddable":true,"href":"https:\/\/www.eldigitaldeasturias.com\/noticias\/wp-json\/wp\/v2\/media\/1132184"}],"wp:attachment":[{"href":"https:\/\/www.eldigitaldeasturias.com\/noticias\/wp-json\/wp\/v2\/media?parent=478604"}],"wp:term":[{"taxonomy":"category","embeddable":true,"href":"https:\/\/www.eldigitaldeasturias.com\/noticias\/wp-json\/wp\/v2\/categories?post=478604"},{"taxonomy":"post_tag","embeddable":true,"href":"https:\/\/www.eldigitaldeasturias.com\/noticias\/wp-json\/wp\/v2\/tags?post=478604"}],"curies":[{"name":"wp","href":"https:\/\/api.w.org\/{rel}","templated":true}]}}