{"id":478598,"date":"2014-01-25T08:34:37","date_gmt":"2014-01-25T09:34:37","guid":{"rendered":"http:\/\/www.eldigitaldeasturias.com\/noticias\/?p=478598"},"modified":"2014-01-25T08:34:37","modified_gmt":"2014-01-25T09:34:37","slug":"el-foro-economico-mundial-concluye-con-la-publicacion-de-proyecciones","status":"publish","type":"post","link":"https:\/\/www.eldigitaldeasturias.com\/noticias\/el-foro-economico-mundial-concluye-con-la-publicacion-de-proyecciones\/","title":{"rendered":"El Foro Econ\u00f3mico Mundial concluye con la publicaci\u00f3n de proyecciones"},"content":{"rendered":"<p><img loading=\"lazy\" decoding=\"async\" class=\"alignleft size-medium wp-image-478599\" alt=\"5875610w\" src=\"https:\/\/www.eldigitaldeasturias.com\/noticias\/wp-content\/uploads\/2014\/01\/5875610w-360x239.jpg\" width=\"360\" height=\"239\" \/>Davos (Suiza), 25 ene (EFE).- El Foro Econ\u00f3mico Mundial, que se ha celebrado en Davos desde el pasado mi\u00e9rcoles, concluye hoy con la publicaci\u00f3n de proyecciones econ\u00f3micas de las diferentes regiones del mundo.<\/p>\n<p>En la recta final de este foro de l\u00edderes pol\u00edticos, econ\u00f3micos y financieros tambi\u00e9n se discutir\u00e1 sobre la reconstrucci\u00f3n del sistema bancario europeo.<\/p>\n<p>El presidente del Eurogrupo, Jeroen Dijsselbloem, y el vicepresidente de la Comisi\u00f3n Europea, Olli Rehn, debatir\u00e1n con el consejero delegado del banco italiano UniCredit, Federico Ghizzoni, sobre c\u00f3mo se deber\u00eda reformar el sistema bancario europeo.<\/p>\n<p>Tambi\u00e9n participar\u00e1n en este debate los ministros de Finanzas de Francia y Alemania, Pierre Moscovici y Wolfgang Sch\u00e4uble respectivamente.<\/p>\n<p>Posteriormente, el presidente del Banco Central Europeo (BCE), Mario Dragui; el gobernador del Banco de Jap\u00f3n (BoJ), Haruhiko Kuroda, y la directora gerente del Fondo Monetario Internacional (FMI), Christine Lagarde, presentar\u00e1n las perspectivas econ\u00f3micas mundiales para este a\u00f1o.<\/p>\n<p>El primer ministro de Hait\u00ed, Laurent Lamothe, participa en un debate sobre la situaci\u00f3n causada en su pa\u00eds por el temporal.<\/p>\n<p>Asimismo, se tratar\u00e1 sobre el incremento de costes sociales y financieros derivados del cambio clim\u00e1tico.<\/p>\n<p>Adem\u00e1s, los dirigentes hablar\u00e1n sobre c\u00f3mo se puede predecir y gestionar mejor las cat\u00e1strofes naturales.<\/p>\n","protected":false},"excerpt":{"rendered":"<p>Davos (Suiza), 25 ene (EFE).- El Foro Econ\u00f3mico Mundial, que se ha celebrado en Davos desde el pasado mi\u00e9rcoles, concluye hoy con la publicaci\u00f3n de proyecciones econ\u00f3micas de las diferentes regiones del mundo. En la recta final de este foro de l\u00edderes pol\u00edticos, econ\u00f3micos y financieros tambi\u00e9n se discutir\u00e1 sobre la reconstrucci\u00f3n del sistema bancario [&hellip;]<\/p>\n","protected":false},"author":1,"featured_media":1132184,"comment_status":"closed","ping_status":"open","sticky":false,"template":"","format":"standard","meta":{"footnotes":""},"categories":[1],"tags":[],"class_list":["post-478598","post","type-post","status-publish","format-standard","has-post-thumbnail","hentry","category-actualidad"],"aioseo_notices":[],"aioseo_head":"\n\t\t<!-- All in One SEO Pro 5.0.1 - aioseo.com -->\n\t<meta name=\"description\" content=\"Davos (Suiza), 25 ene (EFE).- El Foro Econ\u00f3mico Mundial, que se ha celebrado en Davos desde el pasado mi\u00e9rcoles, concluye hoy con la publicaci\u00f3n de proyecciones econ\u00f3micas de las diferentes regiones del mundo. En la recta final de este foro de l\u00edderes pol\u00edticos, econ\u00f3micos y financieros tambi\u00e9n se discutir\u00e1 sobre la reconstrucci\u00f3n del sistema bancario\" \/>\n\t<meta name=\"robots\" content=\"max-image-preview:large\" \/>\n\t<meta name=\"author\" content=\"El Digital de Asturias\"\/>\n\t<meta name=\"google-site-verification\" content=\"UA-38556648-1\" \/>\n\t<meta name=\"msvalidate.01\" content=\"7dfe9f3f1b24437ab69f4f2559babe99\" \/>\n\t<meta name=\"keywords\" content=\"actualidad\" \/>\n\t<link rel=\"canonical\" href=\"https:\/\/www.eldigitaldeasturias.com\/noticias\/el-foro-economico-mundial-concluye-con-la-publicacion-de-proyecciones\/\" \/>\n\t<meta name=\"generator\" content=\"All in One SEO Pro (AIOSEO) 5.0.1\" \/>\n\t\t<meta property=\"og:locale\" content=\"es_ES\" \/>\n\t\t<meta property=\"og:site_name\" content=\"El Digital de Asturias\" \/>\n\t\t<meta property=\"og:type\" content=\"article\" \/>\n\t\t<meta property=\"og:title\" content=\"El Foro Econ\u00f3mico Mundial concluye con la publicaci\u00f3n de proyecciones - El Digital de Asturias\" \/>\n\t\t<meta property=\"og:description\" content=\"Davos (Suiza), 25 ene (EFE).- El Foro Econ\u00f3mico Mundial, que se ha celebrado en Davos desde el pasado mi\u00e9rcoles, concluye hoy con la publicaci\u00f3n de proyecciones econ\u00f3micas de las diferentes regiones del mundo. En la recta final de este foro de l\u00edderes pol\u00edticos, econ\u00f3micos y financieros tambi\u00e9n se discutir\u00e1 sobre la reconstrucci\u00f3n del sistema bancario\" \/>\n\t\t<meta property=\"og:url\" content=\"https:\/\/www.eldigitaldeasturias.com\/noticias\/el-foro-economico-mundial-concluye-con-la-publicacion-de-proyecciones\/\" \/>\n\t\t<meta property=\"og:image\" content=\"https:\/\/www.eldigitaldeasturias.com\/noticias\/wp-content\/uploads\/2026\/06\/Contenidos.jpg\" \/>\n\t\t<meta property=\"og:image:secure_url\" content=\"https:\/\/www.eldigitaldeasturias.com\/noticias\/wp-content\/uploads\/2026\/06\/Contenidos.jpg\" \/>\n\t\t<meta property=\"og:image:width\" content=\"1265\" \/>\n\t\t<meta property=\"og:image:height\" content=\"697\" \/>\n\t\t<meta property=\"article:tag\" content=\"actualidad\" \/>\n\t\t<meta property=\"article:published_time\" content=\"2014-01-25T09:34:37+00:00\" \/>\n\t\t<meta property=\"article:modified_time\" content=\"2014-01-25T09:34:37+00:00\" \/>\n\t\t<meta property=\"article:publisher\" content=\"https:\/\/facebook.com\/eldigitaldeasturias\" \/>\n\t\t<meta name=\"twitter:card\" content=\"summary_large_image\" \/>\n\t\t<meta name=\"twitter:title\" content=\"El Foro Econ\u00f3mico Mundial concluye con la publicaci\u00f3n de proyecciones - El Digital de Asturias\" \/>\n\t\t<meta name=\"twitter:description\" content=\"Davos (Suiza), 25 ene (EFE).- El Foro Econ\u00f3mico Mundial, que se ha celebrado en Davos desde el pasado mi\u00e9rcoles, concluye hoy con la publicaci\u00f3n de proyecciones econ\u00f3micas de las diferentes regiones del mundo. En la recta final de este foro de l\u00edderes pol\u00edticos, econ\u00f3micos y financieros tambi\u00e9n se discutir\u00e1 sobre la reconstrucci\u00f3n del sistema bancario\" \/>\n\t\t<meta name=\"twitter:image\" content=\"https:\/\/www.eldigitaldeasturias.com\/noticias\/wp-content\/uploads\/2026\/06\/Contenidos.jpg\" \/>\n\t\t<meta name=\"twitter:label1\" content=\"Escrito por\" \/>\n\t\t<meta name=\"twitter:data1\" content=\"El Digital de Asturias\" \/>\n\t\t<meta name=\"twitter:label2\" content=\"Tiempo de lectura estimado\" \/>\n\t\t<meta name=\"twitter:data2\" content=\"1 minuto\" \/>\n\t\t<script type=\"application\/ld+json\" class=\"aioseo-schema\">\n\t\t\t{\"@context\":\"https:\\\/\\\/schema.org\",\"@graph\":[{\"@type\":\"BlogPosting\",\"@id\":\"https:\\\/\\\/www.eldigitaldeasturias.com\\\/noticias\\\/el-foro-economico-mundial-concluye-con-la-publicacion-de-proyecciones\\\/#blogposting\",\"name\":\"El Foro Econ\\u00f3mico Mundial concluye con la publicaci\\u00f3n de proyecciones - El Digital de Asturias\",\"headline\":\"El Foro Econ\\u00f3mico Mundial concluye con la publicaci\\u00f3n de proyecciones\",\"author\":{\"@id\":\"https:\\\/\\\/www.eldigitaldeasturias.com\\\/noticias\\\/author\\\/admin\\\/#author\"},\"publisher\":{\"@id\":\"https:\\\/\\\/www.eldigitaldeasturias.com\\\/noticias\\\/#organization\"},\"image\":{\"@type\":\"ImageObject\",\"url\":\"https:\\\/\\\/www.eldigitaldeasturias.com\\\/noticias\\\/wp-content\\\/uploads\\\/2026\\\/06\\\/Contenidos.jpg\",\"width\":1265,\"height\":697,\"caption\":\"Contenidos\"},\"datePublished\":\"2014-01-25T08:34:37+01:00\",\"dateModified\":\"2014-01-25T08:34:37+01:00\",\"inLanguage\":\"es-ES\",\"mainEntityOfPage\":{\"@id\":\"https:\\\/\\\/www.eldigitaldeasturias.com\\\/noticias\\\/el-foro-economico-mundial-concluye-con-la-publicacion-de-proyecciones\\\/#webpage\"},\"isPartOf\":{\"@id\":\"https:\\\/\\\/www.eldigitaldeasturias.com\\\/noticias\\\/el-foro-economico-mundial-concluye-con-la-publicacion-de-proyecciones\\\/#webpage\"},\"articleSection\":\"Actualidad\"},{\"@type\":\"BreadcrumbList\",\"@id\":\"https:\\\/\\\/www.eldigitaldeasturias.com\\\/noticias\\\/el-foro-economico-mundial-concluye-con-la-publicacion-de-proyecciones\\\/#breadcrumblist\",\"itemListElement\":[{\"@type\":\"ListItem\",\"@id\":\"https:\\\/\\\/www.eldigitaldeasturias.com\\\/noticias#listItem\",\"position\":1,\"name\":\"Home\",\"item\":\"https:\\\/\\\/www.eldigitaldeasturias.com\\\/noticias\",\"nextItem\":{\"@type\":\"ListItem\",\"@id\":\"https:\\\/\\\/www.eldigitaldeasturias.com\\\/noticias\\\/category\\\/actualidad\\\/#listItem\",\"name\":\"Actualidad\"}},{\"@type\":\"ListItem\",\"@id\":\"https:\\\/\\\/www.eldigitaldeasturias.com\\\/noticias\\\/category\\\/actualidad\\\/#listItem\",\"position\":2,\"name\":\"Actualidad\",\"item\":\"https:\\\/\\\/www.eldigitaldeasturias.com\\\/noticias\\\/category\\\/actualidad\\\/\",\"nextItem\":{\"@type\":\"ListItem\",\"@id\":\"https:\\\/\\\/www.eldigitaldeasturias.com\\\/noticias\\\/el-foro-economico-mundial-concluye-con-la-publicacion-de-proyecciones\\\/#listItem\",\"name\":\"El Foro Econ\\u00f3mico Mundial concluye con la publicaci\\u00f3n de proyecciones\"},\"previousItem\":{\"@type\":\"ListItem\",\"@id\":\"https:\\\/\\\/www.eldigitaldeasturias.com\\\/noticias#listItem\",\"name\":\"Home\"}},{\"@type\":\"ListItem\",\"@id\":\"https:\\\/\\\/www.eldigitaldeasturias.com\\\/noticias\\\/el-foro-economico-mundial-concluye-con-la-publicacion-de-proyecciones\\\/#listItem\",\"position\":3,\"name\":\"El Foro Econ\\u00f3mico Mundial concluye con la publicaci\\u00f3n de proyecciones\",\"previousItem\":{\"@type\":\"ListItem\",\"@id\":\"https:\\\/\\\/www.eldigitaldeasturias.com\\\/noticias\\\/category\\\/actualidad\\\/#listItem\",\"name\":\"Actualidad\"}}]},{\"@type\":\"Organization\",\"@id\":\"https:\\\/\\\/www.eldigitaldeasturias.com\\\/noticias\\\/#organization\",\"name\":\"El Digital de Asturias\",\"description\":\"Hemeroteca\",\"url\":\"https:\\\/\\\/www.eldigitaldeasturias.com\\\/noticias\\\/\",\"email\":\"info@eldigitaldeasturias.com\",\"telephone\":\"+34652131393\",\"logo\":{\"@type\":\"ImageObject\",\"url\":\"https:\\\/\\\/www.eldigitaldeasturias.com\\\/noticias\\\/wp-content\\\/uploads\\\/2020\\\/12\\\/EDA.jpg\",\"@id\":\"https:\\\/\\\/www.eldigitaldeasturias.com\\\/noticias\\\/el-foro-economico-mundial-concluye-con-la-publicacion-de-proyecciones\\\/#organizationLogo\"},\"image\":{\"@id\":\"https:\\\/\\\/www.eldigitaldeasturias.com\\\/noticias\\\/el-foro-economico-mundial-concluye-con-la-publicacion-de-proyecciones\\\/#organizationLogo\"},\"sameAs\":[\"https:\\\/\\\/facebook.com\\\/eldigitaldeasturias\",\"https:\\\/\\\/www.youtube.com\\\/channel\\\/UCZP-2wLEB9Rv6erhFmqVnvg\"],\"address\":{\"@id\":\"https:\\\/\\\/www.eldigitaldeasturias.com\\\/noticias\\\/#postaladdress\",\"@type\":\"PostalAddress\",\"streetAddress\":\"san antonio 4\",\"postalCode\":\"33430\",\"addressLocality\":\"Cand\\u00e1s\",\"addressRegion\":\"Asturias\",\"addressCountry\":\"ES\"}},{\"@type\":\"Person\",\"@id\":\"https:\\\/\\\/www.eldigitaldeasturias.com\\\/noticias\\\/author\\\/admin\\\/#author\",\"url\":\"https:\\\/\\\/www.eldigitaldeasturias.com\\\/noticias\\\/author\\\/admin\\\/\",\"name\":\"El Digital de Asturias\",\"image\":{\"@type\":\"ImageObject\",\"@id\":\"https:\\\/\\\/www.eldigitaldeasturias.com\\\/noticias\\\/el-foro-economico-mundial-concluye-con-la-publicacion-de-proyecciones\\\/#authorImage\",\"url\":\"https:\\\/\\\/secure.gravatar.com\\\/avatar\\\/df2aeffc32bcd13f8d26072ef8a91b623d677766deac7f97ca815868cd41bf5e?s=96&d=mm&r=g\",\"width\":96,\"height\":96,\"caption\":\"El Digital de Asturias\"}},{\"@type\":\"WebPage\",\"@id\":\"https:\\\/\\\/www.eldigitaldeasturias.com\\\/noticias\\\/el-foro-economico-mundial-concluye-con-la-publicacion-de-proyecciones\\\/#webpage\",\"url\":\"https:\\\/\\\/www.eldigitaldeasturias.com\\\/noticias\\\/el-foro-economico-mundial-concluye-con-la-publicacion-de-proyecciones\\\/\",\"name\":\"El Foro Econ\\u00f3mico Mundial concluye con la publicaci\\u00f3n de proyecciones - El Digital de Asturias\",\"description\":\"Davos (Suiza), 25 ene (EFE).- El Foro Econ\\u00f3mico Mundial, que se ha celebrado en Davos desde el pasado mi\\u00e9rcoles, concluye hoy con la publicaci\\u00f3n de proyecciones econ\\u00f3micas de las diferentes regiones del mundo. En la recta final de este foro de l\\u00edderes pol\\u00edticos, econ\\u00f3micos y financieros tambi\\u00e9n se discutir\\u00e1 sobre la reconstrucci\\u00f3n del sistema bancario\",\"inLanguage\":\"es-ES\",\"isPartOf\":{\"@id\":\"https:\\\/\\\/www.eldigitaldeasturias.com\\\/noticias\\\/#website\"},\"breadcrumb\":{\"@id\":\"https:\\\/\\\/www.eldigitaldeasturias.com\\\/noticias\\\/el-foro-economico-mundial-concluye-con-la-publicacion-de-proyecciones\\\/#breadcrumblist\"},\"author\":{\"@id\":\"https:\\\/\\\/www.eldigitaldeasturias.com\\\/noticias\\\/author\\\/admin\\\/#author\"},\"creator\":{\"@id\":\"https:\\\/\\\/www.eldigitaldeasturias.com\\\/noticias\\\/author\\\/admin\\\/#author\"},\"image\":{\"@type\":\"ImageObject\",\"url\":\"https:\\\/\\\/www.eldigitaldeasturias.com\\\/noticias\\\/wp-content\\\/uploads\\\/2026\\\/06\\\/Contenidos.jpg\",\"@id\":\"https:\\\/\\\/www.eldigitaldeasturias.com\\\/noticias\\\/el-foro-economico-mundial-concluye-con-la-publicacion-de-proyecciones\\\/#mainImage\",\"width\":1265,\"height\":697,\"caption\":\"Contenidos\"},\"primaryImageOfPage\":{\"@id\":\"https:\\\/\\\/www.eldigitaldeasturias.com\\\/noticias\\\/el-foro-economico-mundial-concluye-con-la-publicacion-de-proyecciones\\\/#mainImage\"},\"datePublished\":\"2014-01-25T08:34:37+01:00\",\"dateModified\":\"2014-01-25T08:34:37+01:00\"},{\"@type\":\"WebSite\",\"@id\":\"https:\\\/\\\/www.eldigitaldeasturias.com\\\/noticias\\\/#website\",\"url\":\"https:\\\/\\\/www.eldigitaldeasturias.com\\\/noticias\\\/\",\"name\":\"El Digital de Asturias - Diario de actualidad y noticias\",\"alternateName\":\"El Digital de Asturias - Diario de actualidad y noticias\",\"description\":\"Hemeroteca\",\"inLanguage\":\"es-ES\",\"publisher\":{\"@id\":\"https:\\\/\\\/www.eldigitaldeasturias.com\\\/noticias\\\/#organization\"}}]}\n\t\t<\/script>\n\t\t<!-- All in One SEO Pro -->\r\n\t\t<title>El Foro Econ\u00f3mico Mundial concluye con la publicaci\u00f3n de proyecciones - El Digital de Asturias<\/title>\n\n","aioseo_head_json":{"title":"El Foro Econ\u00f3mico Mundial concluye con la publicaci\u00f3n de proyecciones - El Digital de Asturias","description":"Davos (Suiza), 25 ene (EFE).- El Foro Econ\u00f3mico Mundial, que se ha celebrado en Davos desde el pasado mi\u00e9rcoles, concluye hoy con la publicaci\u00f3n de proyecciones econ\u00f3micas de las diferentes regiones del mundo. En la recta final de este foro de l\u00edderes pol\u00edticos, econ\u00f3micos y financieros tambi\u00e9n se discutir\u00e1 sobre la reconstrucci\u00f3n del sistema bancario","canonical_url":"https:\/\/www.eldigitaldeasturias.com\/noticias\/el-foro-economico-mundial-concluye-con-la-publicacion-de-proyecciones\/","robots":"max-image-preview:large","keywords":"actualidad","webmasterTools":{"google-site-verification":"UA-38556648-1","msvalidate.01":"7dfe9f3f1b24437ab69f4f2559babe99","miscellaneous":""},"schema":{"@context":"https:\/\/schema.org","@graph":[{"@type":"BlogPosting","@id":"https:\/\/www.eldigitaldeasturias.com\/noticias\/el-foro-economico-mundial-concluye-con-la-publicacion-de-proyecciones\/#blogposting","name":"El Foro Econ\u00f3mico Mundial concluye con la publicaci\u00f3n de proyecciones - El Digital de Asturias","headline":"El Foro Econ\u00f3mico Mundial concluye con la publicaci\u00f3n de proyecciones","author":{"@id":"https:\/\/www.eldigitaldeasturias.com\/noticias\/author\/admin\/#author"},"publisher":{"@id":"https:\/\/www.eldigitaldeasturias.com\/noticias\/#organization"},"image":{"@type":"ImageObject","url":"https:\/\/www.eldigitaldeasturias.com\/noticias\/wp-content\/uploads\/2026\/06\/Contenidos.jpg","width":1265,"height":697,"caption":"Contenidos"},"datePublished":"2014-01-25T08:34:37+01:00","dateModified":"2014-01-25T08:34:37+01:00","inLanguage":"es-ES","mainEntityOfPage":{"@id":"https:\/\/www.eldigitaldeasturias.com\/noticias\/el-foro-economico-mundial-concluye-con-la-publicacion-de-proyecciones\/#webpage"},"isPartOf":{"@id":"https:\/\/www.eldigitaldeasturias.com\/noticias\/el-foro-economico-mundial-concluye-con-la-publicacion-de-proyecciones\/#webpage"},"articleSection":"Actualidad"},{"@type":"BreadcrumbList","@id":"https:\/\/www.eldigitaldeasturias.com\/noticias\/el-foro-economico-mundial-concluye-con-la-publicacion-de-proyecciones\/#breadcrumblist","itemListElement":[{"@type":"ListItem","@id":"https:\/\/www.eldigitaldeasturias.com\/noticias#listItem","position":1,"name":"Home","item":"https:\/\/www.eldigitaldeasturias.com\/noticias","nextItem":{"@type":"ListItem","@id":"https:\/\/www.eldigitaldeasturias.com\/noticias\/category\/actualidad\/#listItem","name":"Actualidad"}},{"@type":"ListItem","@id":"https:\/\/www.eldigitaldeasturias.com\/noticias\/category\/actualidad\/#listItem","position":2,"name":"Actualidad","item":"https:\/\/www.eldigitaldeasturias.com\/noticias\/category\/actualidad\/","nextItem":{"@type":"ListItem","@id":"https:\/\/www.eldigitaldeasturias.com\/noticias\/el-foro-economico-mundial-concluye-con-la-publicacion-de-proyecciones\/#listItem","name":"El Foro Econ\u00f3mico Mundial concluye con la publicaci\u00f3n de proyecciones"},"previousItem":{"@type":"ListItem","@id":"https:\/\/www.eldigitaldeasturias.com\/noticias#listItem","name":"Home"}},{"@type":"ListItem","@id":"https:\/\/www.eldigitaldeasturias.com\/noticias\/el-foro-economico-mundial-concluye-con-la-publicacion-de-proyecciones\/#listItem","position":3,"name":"El Foro Econ\u00f3mico Mundial concluye con la publicaci\u00f3n de proyecciones","previousItem":{"@type":"ListItem","@id":"https:\/\/www.eldigitaldeasturias.com\/noticias\/category\/actualidad\/#listItem","name":"Actualidad"}}]},{"@type":"Organization","@id":"https:\/\/www.eldigitaldeasturias.com\/noticias\/#organization","name":"El Digital de Asturias","description":"Hemeroteca","url":"https:\/\/www.eldigitaldeasturias.com\/noticias\/","email":"info@eldigitaldeasturias.com","telephone":"+34652131393","logo":{"@type":"ImageObject","url":"https:\/\/www.eldigitaldeasturias.com\/noticias\/wp-content\/uploads\/2020\/12\/EDA.jpg","@id":"https:\/\/www.eldigitaldeasturias.com\/noticias\/el-foro-economico-mundial-concluye-con-la-publicacion-de-proyecciones\/#organizationLogo"},"image":{"@id":"https:\/\/www.eldigitaldeasturias.com\/noticias\/el-foro-economico-mundial-concluye-con-la-publicacion-de-proyecciones\/#organizationLogo"},"sameAs":["https:\/\/facebook.com\/eldigitaldeasturias","https:\/\/www.youtube.com\/channel\/UCZP-2wLEB9Rv6erhFmqVnvg"],"address":{"@id":"https:\/\/www.eldigitaldeasturias.com\/noticias\/#postaladdress","@type":"PostalAddress","streetAddress":"san antonio 4","postalCode":"33430","addressLocality":"Cand\u00e1s","addressRegion":"Asturias","addressCountry":"ES"}},{"@type":"Person","@id":"https:\/\/www.eldigitaldeasturias.com\/noticias\/author\/admin\/#author","url":"https:\/\/www.eldigitaldeasturias.com\/noticias\/author\/admin\/","name":"El Digital de Asturias","image":{"@type":"ImageObject","@id":"https:\/\/www.eldigitaldeasturias.com\/noticias\/el-foro-economico-mundial-concluye-con-la-publicacion-de-proyecciones\/#authorImage","url":"https:\/\/secure.gravatar.com\/avatar\/df2aeffc32bcd13f8d26072ef8a91b623d677766deac7f97ca815868cd41bf5e?s=96&d=mm&r=g","width":96,"height":96,"caption":"El Digital de Asturias"}},{"@type":"WebPage","@id":"https:\/\/www.eldigitaldeasturias.com\/noticias\/el-foro-economico-mundial-concluye-con-la-publicacion-de-proyecciones\/#webpage","url":"https:\/\/www.eldigitaldeasturias.com\/noticias\/el-foro-economico-mundial-concluye-con-la-publicacion-de-proyecciones\/","name":"El Foro Econ\u00f3mico Mundial concluye con la publicaci\u00f3n de proyecciones - El Digital de Asturias","description":"Davos (Suiza), 25 ene (EFE).- El Foro Econ\u00f3mico Mundial, que se ha celebrado en Davos desde el pasado mi\u00e9rcoles, concluye hoy con la publicaci\u00f3n de proyecciones econ\u00f3micas de las diferentes regiones del mundo. En la recta final de este foro de l\u00edderes pol\u00edticos, econ\u00f3micos y financieros tambi\u00e9n se discutir\u00e1 sobre la reconstrucci\u00f3n del sistema bancario","inLanguage":"es-ES","isPartOf":{"@id":"https:\/\/www.eldigitaldeasturias.com\/noticias\/#website"},"breadcrumb":{"@id":"https:\/\/www.eldigitaldeasturias.com\/noticias\/el-foro-economico-mundial-concluye-con-la-publicacion-de-proyecciones\/#breadcrumblist"},"author":{"@id":"https:\/\/www.eldigitaldeasturias.com\/noticias\/author\/admin\/#author"},"creator":{"@id":"https:\/\/www.eldigitaldeasturias.com\/noticias\/author\/admin\/#author"},"image":{"@type":"ImageObject","url":"https:\/\/www.eldigitaldeasturias.com\/noticias\/wp-content\/uploads\/2026\/06\/Contenidos.jpg","@id":"https:\/\/www.eldigitaldeasturias.com\/noticias\/el-foro-economico-mundial-concluye-con-la-publicacion-de-proyecciones\/#mainImage","width":1265,"height":697,"caption":"Contenidos"},"primaryImageOfPage":{"@id":"https:\/\/www.eldigitaldeasturias.com\/noticias\/el-foro-economico-mundial-concluye-con-la-publicacion-de-proyecciones\/#mainImage"},"datePublished":"2014-01-25T08:34:37+01:00","dateModified":"2014-01-25T08:34:37+01:00"},{"@type":"WebSite","@id":"https:\/\/www.eldigitaldeasturias.com\/noticias\/#website","url":"https:\/\/www.eldigitaldeasturias.com\/noticias\/","name":"El Digital de Asturias - Diario de actualidad y noticias","alternateName":"El Digital de Asturias - Diario de actualidad y noticias","description":"Hemeroteca","inLanguage":"es-ES","publisher":{"@id":"https:\/\/www.eldigitaldeasturias.com\/noticias\/#organization"}}]},"og:locale":"es_ES","og:site_name":"El Digital de Asturias","og:type":"article","og:title":"El Foro Econ\u00f3mico Mundial concluye con la publicaci\u00f3n de proyecciones - El Digital de Asturias","og:description":"Davos (Suiza), 25 ene (EFE).- El Foro Econ\u00f3mico Mundial, que se ha celebrado en Davos desde el pasado mi\u00e9rcoles, concluye hoy con la publicaci\u00f3n de proyecciones econ\u00f3micas de las diferentes regiones del mundo. En la recta final de este foro de l\u00edderes pol\u00edticos, econ\u00f3micos y financieros tambi\u00e9n se discutir\u00e1 sobre la reconstrucci\u00f3n del sistema bancario","og:url":"https:\/\/www.eldigitaldeasturias.com\/noticias\/el-foro-economico-mundial-concluye-con-la-publicacion-de-proyecciones\/","og:image":"https:\/\/www.eldigitaldeasturias.com\/noticias\/wp-content\/uploads\/2026\/06\/Contenidos.jpg","og:image:secure_url":"https:\/\/www.eldigitaldeasturias.com\/noticias\/wp-content\/uploads\/2026\/06\/Contenidos.jpg","og:image:width":1265,"og:image:height":697,"article:tag":["actualidad"],"article:published_time":"2014-01-25T09:34:37+00:00","article:modified_time":"2014-01-25T09:34:37+00:00","article:publisher":"https:\/\/facebook.com\/eldigitaldeasturias","twitter:card":"summary_large_image","twitter:title":"El Foro Econ\u00f3mico Mundial concluye con la publicaci\u00f3n de proyecciones - El Digital de Asturias","twitter:description":"Davos (Suiza), 25 ene (EFE).- El Foro Econ\u00f3mico Mundial, que se ha celebrado en Davos desde el pasado mi\u00e9rcoles, concluye hoy con la publicaci\u00f3n de proyecciones econ\u00f3micas de las diferentes regiones del mundo. En la recta final de este foro de l\u00edderes pol\u00edticos, econ\u00f3micos y financieros tambi\u00e9n se discutir\u00e1 sobre la reconstrucci\u00f3n del sistema bancario","twitter:image":"https:\/\/www.eldigitaldeasturias.com\/noticias\/wp-content\/uploads\/2026\/06\/Contenidos.jpg","twitter:label1":"Escrito por","twitter:data1":"El Digital de Asturias","twitter:label2":"Tiempo de lectura estimado","twitter:data2":"1 minuto"},"aioseo_meta_data":{"post_id":"478598","title":null,"description":null,"keywords":null,"keyphrases":null,"primary_term":null,"canonical_url":null,"og_title":null,"og_description":null,"og_object_type":"default","og_image_type":"default","og_image_url":null,"og_image_width":null,"og_image_height":null,"og_image_custom_url":null,"og_image_custom_fields":null,"og_video":null,"og_custom_url":null,"og_article_section":null,"og_article_tags":null,"twitter_use_og":true,"twitter_card":"default","twitter_image_type":"default","twitter_image_url":null,"twitter_image_custom_url":null,"twitter_image_custom_fields":null,"twitter_title":null,"twitter_description":null,"schema":{"blockGraphs":[],"customGraphs":[],"default":{"data":{"Article":[],"Course":[],"Dataset":[],"FAQPage":[],"Movie":[],"Person":[],"Product":[],"ProductReview":[],"Car":[],"Recipe":[],"Service":[],"SoftwareApplication":[],"WebPage":[]},"graphName":"","isEnabled":true},"graphs":[],"defaultGraph":"","defaultPostTypeGraph":""},"schema_type":null,"schema_type_options":null,"pillar_content":false,"robots_default":true,"robots_noindex":false,"robots_noarchive":false,"robots_nosnippet":false,"robots_nofollow":false,"robots_noimageindex":false,"robots_noodp":false,"robots_notranslate":false,"robots_max_snippet":null,"robots_max_videopreview":null,"robots_max_imagepreview":"none","priority":null,"frequency":null,"local_seo":null,"seo_analyzer_scan_date":"2026-06-01 22:01:04","breadcrumb_settings":null,"limit_modified_date":false,"open_ai":null,"ai":null,"created":"2020-11-14 22:53:57","updated":"2026-06-01 22:01:04","focus_keyword":null,"additional_keywords":null,"truseo_locale":null},"aioseo_breadcrumb":"<div class=\"aioseo-breadcrumbs\"><span class=\"aioseo-breadcrumb\">\n\t<a href=\"https:\/\/www.eldigitaldeasturias.com\/noticias\" title=\"Home\">Home<\/a>\n<\/span><span class=\"aioseo-breadcrumb-separator\">\u2013<\/span><span class=\"aioseo-breadcrumb\">\n\t<a href=\"https:\/\/www.eldigitaldeasturias.com\/noticias\/category\/actualidad\/\" title=\"Actualidad\">Actualidad<\/a>\n<\/span><span class=\"aioseo-breadcrumb-separator\">\u2013<\/span><span class=\"aioseo-breadcrumb\">\n\t<a href=\"https:\/\/www.eldigitaldeasturias.com\/noticias\/el-foro-economico-mundial-concluye-con-la-publicacion-de-proyecciones\/\" title=\"El Foro Econ\u00f3mico Mundial concluye con la publicaci\u00f3n de proyecciones\">El Foro Econ\u00f3mico Mundial concluye con la publicaci\u00f3n de proyecciones<\/a>\n<\/span><\/div>","aioseo_breadcrumb_json":[{"label":"Home","link":"https:\/\/www.eldigitaldeasturias.com\/noticias"},{"label":"Actualidad","link":"https:\/\/www.eldigitaldeasturias.com\/noticias\/category\/actualidad\/"},{"label":"El Foro Econ\u00f3mico Mundial concluye con la publicaci\u00f3n de proyecciones","link":"https:\/\/www.eldigitaldeasturias.com\/noticias\/el-foro-economico-mundial-concluye-con-la-publicacion-de-proyecciones\/"}],"_links":{"self":[{"href":"https:\/\/www.eldigitaldeasturias.com\/noticias\/wp-json\/wp\/v2\/posts\/478598","targetHints":{"allow":["GET"]}}],"collection":[{"href":"https:\/\/www.eldigitaldeasturias.com\/noticias\/wp-json\/wp\/v2\/posts"}],"about":[{"href":"https:\/\/www.eldigitaldeasturias.com\/noticias\/wp-json\/wp\/v2\/types\/post"}],"author":[{"embeddable":true,"href":"https:\/\/www.eldigitaldeasturias.com\/noticias\/wp-json\/wp\/v2\/users\/1"}],"replies":[{"embeddable":true,"href":"https:\/\/www.eldigitaldeasturias.com\/noticias\/wp-json\/wp\/v2\/comments?post=478598"}],"version-history":[{"count":0,"href":"https:\/\/www.eldigitaldeasturias.com\/noticias\/wp-json\/wp\/v2\/posts\/478598\/revisions"}],"wp:featuredmedia":[{"embeddable":true,"href":"https:\/\/www.eldigitaldeasturias.com\/noticias\/wp-json\/wp\/v2\/media\/1132184"}],"wp:attachment":[{"href":"https:\/\/www.eldigitaldeasturias.com\/noticias\/wp-json\/wp\/v2\/media?parent=478598"}],"wp:term":[{"taxonomy":"category","embeddable":true,"href":"https:\/\/www.eldigitaldeasturias.com\/noticias\/wp-json\/wp\/v2\/categories?post=478598"},{"taxonomy":"post_tag","embeddable":true,"href":"https:\/\/www.eldigitaldeasturias.com\/noticias\/wp-json\/wp\/v2\/tags?post=478598"}],"curies":[{"name":"wp","href":"https:\/\/api.w.org\/{rel}","templated":true}]}}