{"id":478595,"date":"2014-01-25T08:33:23","date_gmt":"2014-01-25T09:33:23","guid":{"rendered":"http:\/\/www.eldigitaldeasturias.com\/noticias\/?p=478595"},"modified":"2014-01-25T08:33:23","modified_gmt":"2014-01-25T09:33:23","slug":"rajoy-clausura-hoy-la-convencion-del-pp-para-frenar-el-separatismo-catalan","status":"publish","type":"post","link":"https:\/\/www.eldigitaldeasturias.com\/noticias\/rajoy-clausura-hoy-la-convencion-del-pp-para-frenar-el-separatismo-catalan\/","title":{"rendered":"Rajoy clausura hoy la convenci\u00f3n del PP para frenar el separatismo catal\u00e1n"},"content":{"rendered":"<p><img loading=\"lazy\" decoding=\"async\" class=\"alignleft size-medium wp-image-478596\" alt=\"5875609w\" src=\"https:\/\/www.eldigitaldeasturias.com\/noticias\/wp-content\/uploads\/2014\/01\/5875609w-360x272.jpg\" width=\"360\" height=\"272\" \/>Barcelona, 25 ene (EFE).- El presidente del Gobierno, Mariano Rajoy, clausurar\u00e1 este mediod\u00eda la convenci\u00f3n que el PP celebra en Barcelona, cuyo objetivo es frenar el separatismo catal\u00e1n y desmontar supuestos agravios, como el expolio fiscal.<\/p>\n<p>De hecho, ayer mismo el ministro de Hacienda, Crist\u00f3bal Montoro, anunci\u00f3 un cambio en la metodolog\u00eda de las balanzas fiscales, que permitir\u00e1 conocer las diferencias de coste de los servicios p\u00fablicos que reciben los ciudadanos en cada autonom\u00eda, cuesti\u00f3n que unos expertos detallar\u00e1n el pr\u00f3ximo marzo, en plena negociaci\u00f3n de la financiaci\u00f3n auton\u00f3mica.<\/p>\n<p>Tras las intervenciones del viernes de Montoro y otros ministros como Jorge Fern\u00e1ndez D\u00edaz, Rajoy participar\u00e1 este mediod\u00eda acompa\u00f1ado de la presidenta del PPC, Alicia S\u00e1nchez-Camacho.<\/p>\n<p>Rajoy ofrecer\u00e1 un discurso en el Palau de Congressos de Catalunya despu\u00e9s de que hace unos d\u00edas asegurase que tiene un plan para Catalu\u00f1a, del que la vicepresidenta del Gobierno, Soraya S\u00e1enz de Santamar\u00eda, asegur\u00f3 ayer que se basa en trabajar por el bienestar de los ciudadanos catalanes, como del resto de espa\u00f1oles, \u00aby contar e informar de la realidad de lo que hay\u00bb.<\/p>\n<p>Tras la clausura de la convenci\u00f3n del PP, tres ministros, diferentes dirigentes del PP como Esperanza Aguirre, empresarios catalanes, el presidente de la Generalitat, Artur Mas, y el l\u00edder del PSC, Pere Navarro, coincidir\u00e1n en un almuerzo de un acto ben\u00e9fico en la localidad ampurdanesa de Fonteta (Girona) organizado por el empresario y cazatalentos Luis Conde, seg\u00fan fuentes conocedoras del encuentro.<\/p>\n<p>Est\u00e1 prevista la asistencia de la presidenta del PP de Madrid, Esperanza Aguirre, as\u00ed como de los ministros de Interior, Jorge Fern\u00e1ndez D\u00edaz, el de Industria, Energ\u00eda y Turismo, Jos\u00e9 Manuel Soria, y la de Fomento, Ana Pastor, as\u00ed como el director del Gabinete de la Presidencia del Gobierno, Jorge Moragas.<\/p>\n","protected":false},"excerpt":{"rendered":"<p>Barcelona, 25 ene (EFE).- El presidente del Gobierno, Mariano Rajoy, clausurar\u00e1 este mediod\u00eda la convenci\u00f3n que el PP celebra en Barcelona, cuyo objetivo es frenar el separatismo catal\u00e1n y desmontar supuestos agravios, como el expolio fiscal. De hecho, ayer mismo el ministro de Hacienda, Crist\u00f3bal Montoro, anunci\u00f3 un cambio en la metodolog\u00eda de las balanzas [&hellip;]<\/p>\n","protected":false},"author":1,"featured_media":1132184,"comment_status":"closed","ping_status":"open","sticky":false,"template":"","format":"standard","meta":{"footnotes":""},"categories":[1],"tags":[],"class_list":["post-478595","post","type-post","status-publish","format-standard","has-post-thumbnail","hentry","category-actualidad"],"aioseo_notices":[],"aioseo_head":"\n\t\t<!-- All in One SEO Pro 5.0.1 - aioseo.com -->\n\t<meta name=\"description\" content=\"Barcelona, 25 ene (EFE).- El presidente del Gobierno, Mariano Rajoy, clausurar\u00e1 este mediod\u00eda la convenci\u00f3n que el PP celebra en Barcelona, cuyo objetivo es frenar el separatismo catal\u00e1n y desmontar supuestos agravios, como el expolio fiscal. De hecho, ayer mismo el ministro de Hacienda, Crist\u00f3bal Montoro, anunci\u00f3 un cambio en la metodolog\u00eda de las balanzas\" \/>\n\t<meta name=\"robots\" content=\"max-image-preview:large\" \/>\n\t<meta name=\"author\" content=\"El Digital de Asturias\"\/>\n\t<meta name=\"google-site-verification\" content=\"UA-38556648-1\" \/>\n\t<meta name=\"msvalidate.01\" content=\"7dfe9f3f1b24437ab69f4f2559babe99\" \/>\n\t<meta name=\"keywords\" content=\"actualidad\" \/>\n\t<link rel=\"canonical\" href=\"https:\/\/www.eldigitaldeasturias.com\/noticias\/rajoy-clausura-hoy-la-convencion-del-pp-para-frenar-el-separatismo-catalan\/\" \/>\n\t<meta name=\"generator\" content=\"All in One SEO Pro (AIOSEO) 5.0.1\" \/>\n\t\t<meta property=\"og:locale\" content=\"es_ES\" \/>\n\t\t<meta property=\"og:site_name\" content=\"El Digital de Asturias\" \/>\n\t\t<meta property=\"og:type\" content=\"article\" \/>\n\t\t<meta property=\"og:title\" content=\"Rajoy clausura hoy la convenci\u00f3n del PP para frenar el separatismo catal\u00e1n - El Digital de Asturias\" \/>\n\t\t<meta property=\"og:description\" content=\"Barcelona, 25 ene (EFE).- El presidente del Gobierno, Mariano Rajoy, clausurar\u00e1 este mediod\u00eda la convenci\u00f3n que el PP celebra en Barcelona, cuyo objetivo es frenar el separatismo catal\u00e1n y desmontar supuestos agravios, como el expolio fiscal. De hecho, ayer mismo el ministro de Hacienda, Crist\u00f3bal Montoro, anunci\u00f3 un cambio en la metodolog\u00eda de las balanzas\" \/>\n\t\t<meta property=\"og:url\" content=\"https:\/\/www.eldigitaldeasturias.com\/noticias\/rajoy-clausura-hoy-la-convencion-del-pp-para-frenar-el-separatismo-catalan\/\" \/>\n\t\t<meta property=\"og:image\" content=\"https:\/\/www.eldigitaldeasturias.com\/noticias\/wp-content\/uploads\/2026\/06\/Contenidos.jpg\" \/>\n\t\t<meta property=\"og:image:secure_url\" content=\"https:\/\/www.eldigitaldeasturias.com\/noticias\/wp-content\/uploads\/2026\/06\/Contenidos.jpg\" \/>\n\t\t<meta property=\"og:image:width\" content=\"1265\" \/>\n\t\t<meta property=\"og:image:height\" content=\"697\" \/>\n\t\t<meta property=\"article:tag\" content=\"actualidad\" \/>\n\t\t<meta property=\"article:published_time\" content=\"2014-01-25T09:33:23+00:00\" \/>\n\t\t<meta property=\"article:modified_time\" content=\"2014-01-25T09:33:23+00:00\" \/>\n\t\t<meta property=\"article:publisher\" content=\"https:\/\/facebook.com\/eldigitaldeasturias\" \/>\n\t\t<meta name=\"twitter:card\" content=\"summary_large_image\" \/>\n\t\t<meta name=\"twitter:title\" content=\"Rajoy clausura hoy la convenci\u00f3n del PP para frenar el separatismo catal\u00e1n - El Digital de Asturias\" \/>\n\t\t<meta name=\"twitter:description\" content=\"Barcelona, 25 ene (EFE).- El presidente del Gobierno, Mariano Rajoy, clausurar\u00e1 este mediod\u00eda la convenci\u00f3n que el PP celebra en Barcelona, cuyo objetivo es frenar el separatismo catal\u00e1n y desmontar supuestos agravios, como el expolio fiscal. De hecho, ayer mismo el ministro de Hacienda, Crist\u00f3bal Montoro, anunci\u00f3 un cambio en la metodolog\u00eda de las balanzas\" \/>\n\t\t<meta name=\"twitter:image\" content=\"https:\/\/www.eldigitaldeasturias.com\/noticias\/wp-content\/uploads\/2026\/06\/Contenidos.jpg\" \/>\n\t\t<meta name=\"twitter:label1\" content=\"Escrito por\" \/>\n\t\t<meta name=\"twitter:data1\" content=\"El Digital de Asturias\" \/>\n\t\t<meta name=\"twitter:label2\" content=\"Tiempo de lectura estimado\" \/>\n\t\t<meta name=\"twitter:data2\" content=\"2 minutos\" \/>\n\t\t<script type=\"application\/ld+json\" class=\"aioseo-schema\">\n\t\t\t{\"@context\":\"https:\\\/\\\/schema.org\",\"@graph\":[{\"@type\":\"BlogPosting\",\"@id\":\"https:\\\/\\\/www.eldigitaldeasturias.com\\\/noticias\\\/rajoy-clausura-hoy-la-convencion-del-pp-para-frenar-el-separatismo-catalan\\\/#blogposting\",\"name\":\"Rajoy clausura hoy la convenci\\u00f3n del PP para frenar el separatismo catal\\u00e1n - El Digital de Asturias\",\"headline\":\"Rajoy clausura hoy la convenci\\u00f3n del PP para frenar el separatismo catal\\u00e1n\",\"author\":{\"@id\":\"https:\\\/\\\/www.eldigitaldeasturias.com\\\/noticias\\\/author\\\/admin\\\/#author\"},\"publisher\":{\"@id\":\"https:\\\/\\\/www.eldigitaldeasturias.com\\\/noticias\\\/#organization\"},\"image\":{\"@type\":\"ImageObject\",\"url\":\"https:\\\/\\\/www.eldigitaldeasturias.com\\\/noticias\\\/wp-content\\\/uploads\\\/2026\\\/06\\\/Contenidos.jpg\",\"width\":1265,\"height\":697,\"caption\":\"Contenidos\"},\"datePublished\":\"2014-01-25T08:33:23+01:00\",\"dateModified\":\"2014-01-25T08:33:23+01:00\",\"inLanguage\":\"es-ES\",\"mainEntityOfPage\":{\"@id\":\"https:\\\/\\\/www.eldigitaldeasturias.com\\\/noticias\\\/rajoy-clausura-hoy-la-convencion-del-pp-para-frenar-el-separatismo-catalan\\\/#webpage\"},\"isPartOf\":{\"@id\":\"https:\\\/\\\/www.eldigitaldeasturias.com\\\/noticias\\\/rajoy-clausura-hoy-la-convencion-del-pp-para-frenar-el-separatismo-catalan\\\/#webpage\"},\"articleSection\":\"Actualidad\"},{\"@type\":\"BreadcrumbList\",\"@id\":\"https:\\\/\\\/www.eldigitaldeasturias.com\\\/noticias\\\/rajoy-clausura-hoy-la-convencion-del-pp-para-frenar-el-separatismo-catalan\\\/#breadcrumblist\",\"itemListElement\":[{\"@type\":\"ListItem\",\"@id\":\"https:\\\/\\\/www.eldigitaldeasturias.com\\\/noticias#listItem\",\"position\":1,\"name\":\"Home\",\"item\":\"https:\\\/\\\/www.eldigitaldeasturias.com\\\/noticias\",\"nextItem\":{\"@type\":\"ListItem\",\"@id\":\"https:\\\/\\\/www.eldigitaldeasturias.com\\\/noticias\\\/category\\\/actualidad\\\/#listItem\",\"name\":\"Actualidad\"}},{\"@type\":\"ListItem\",\"@id\":\"https:\\\/\\\/www.eldigitaldeasturias.com\\\/noticias\\\/category\\\/actualidad\\\/#listItem\",\"position\":2,\"name\":\"Actualidad\",\"item\":\"https:\\\/\\\/www.eldigitaldeasturias.com\\\/noticias\\\/category\\\/actualidad\\\/\",\"nextItem\":{\"@type\":\"ListItem\",\"@id\":\"https:\\\/\\\/www.eldigitaldeasturias.com\\\/noticias\\\/rajoy-clausura-hoy-la-convencion-del-pp-para-frenar-el-separatismo-catalan\\\/#listItem\",\"name\":\"Rajoy clausura hoy la convenci\\u00f3n del PP para frenar el separatismo catal\\u00e1n\"},\"previousItem\":{\"@type\":\"ListItem\",\"@id\":\"https:\\\/\\\/www.eldigitaldeasturias.com\\\/noticias#listItem\",\"name\":\"Home\"}},{\"@type\":\"ListItem\",\"@id\":\"https:\\\/\\\/www.eldigitaldeasturias.com\\\/noticias\\\/rajoy-clausura-hoy-la-convencion-del-pp-para-frenar-el-separatismo-catalan\\\/#listItem\",\"position\":3,\"name\":\"Rajoy clausura hoy la convenci\\u00f3n del PP para frenar el separatismo catal\\u00e1n\",\"previousItem\":{\"@type\":\"ListItem\",\"@id\":\"https:\\\/\\\/www.eldigitaldeasturias.com\\\/noticias\\\/category\\\/actualidad\\\/#listItem\",\"name\":\"Actualidad\"}}]},{\"@type\":\"Organization\",\"@id\":\"https:\\\/\\\/www.eldigitaldeasturias.com\\\/noticias\\\/#organization\",\"name\":\"El Digital de Asturias\",\"description\":\"Hemeroteca\",\"url\":\"https:\\\/\\\/www.eldigitaldeasturias.com\\\/noticias\\\/\",\"email\":\"info@eldigitaldeasturias.com\",\"telephone\":\"+34652131393\",\"logo\":{\"@type\":\"ImageObject\",\"url\":\"https:\\\/\\\/www.eldigitaldeasturias.com\\\/noticias\\\/wp-content\\\/uploads\\\/2020\\\/12\\\/EDA.jpg\",\"@id\":\"https:\\\/\\\/www.eldigitaldeasturias.com\\\/noticias\\\/rajoy-clausura-hoy-la-convencion-del-pp-para-frenar-el-separatismo-catalan\\\/#organizationLogo\"},\"image\":{\"@id\":\"https:\\\/\\\/www.eldigitaldeasturias.com\\\/noticias\\\/rajoy-clausura-hoy-la-convencion-del-pp-para-frenar-el-separatismo-catalan\\\/#organizationLogo\"},\"sameAs\":[\"https:\\\/\\\/facebook.com\\\/eldigitaldeasturias\",\"https:\\\/\\\/www.youtube.com\\\/channel\\\/UCZP-2wLEB9Rv6erhFmqVnvg\"],\"address\":{\"@id\":\"https:\\\/\\\/www.eldigitaldeasturias.com\\\/noticias\\\/#postaladdress\",\"@type\":\"PostalAddress\",\"streetAddress\":\"san antonio 4\",\"postalCode\":\"33430\",\"addressLocality\":\"Cand\\u00e1s\",\"addressRegion\":\"Asturias\",\"addressCountry\":\"ES\"}},{\"@type\":\"Person\",\"@id\":\"https:\\\/\\\/www.eldigitaldeasturias.com\\\/noticias\\\/author\\\/admin\\\/#author\",\"url\":\"https:\\\/\\\/www.eldigitaldeasturias.com\\\/noticias\\\/author\\\/admin\\\/\",\"name\":\"El Digital de Asturias\",\"image\":{\"@type\":\"ImageObject\",\"@id\":\"https:\\\/\\\/www.eldigitaldeasturias.com\\\/noticias\\\/rajoy-clausura-hoy-la-convencion-del-pp-para-frenar-el-separatismo-catalan\\\/#authorImage\",\"url\":\"https:\\\/\\\/secure.gravatar.com\\\/avatar\\\/df2aeffc32bcd13f8d26072ef8a91b623d677766deac7f97ca815868cd41bf5e?s=96&d=mm&r=g\",\"width\":96,\"height\":96,\"caption\":\"El Digital de Asturias\"}},{\"@type\":\"WebPage\",\"@id\":\"https:\\\/\\\/www.eldigitaldeasturias.com\\\/noticias\\\/rajoy-clausura-hoy-la-convencion-del-pp-para-frenar-el-separatismo-catalan\\\/#webpage\",\"url\":\"https:\\\/\\\/www.eldigitaldeasturias.com\\\/noticias\\\/rajoy-clausura-hoy-la-convencion-del-pp-para-frenar-el-separatismo-catalan\\\/\",\"name\":\"Rajoy clausura hoy la convenci\\u00f3n del PP para frenar el separatismo catal\\u00e1n - El Digital de Asturias\",\"description\":\"Barcelona, 25 ene (EFE).- El presidente del Gobierno, Mariano Rajoy, clausurar\\u00e1 este mediod\\u00eda la convenci\\u00f3n que el PP celebra en Barcelona, cuyo objetivo es frenar el separatismo catal\\u00e1n y desmontar supuestos agravios, como el expolio fiscal. De hecho, ayer mismo el ministro de Hacienda, Crist\\u00f3bal Montoro, anunci\\u00f3 un cambio en la metodolog\\u00eda de las balanzas\",\"inLanguage\":\"es-ES\",\"isPartOf\":{\"@id\":\"https:\\\/\\\/www.eldigitaldeasturias.com\\\/noticias\\\/#website\"},\"breadcrumb\":{\"@id\":\"https:\\\/\\\/www.eldigitaldeasturias.com\\\/noticias\\\/rajoy-clausura-hoy-la-convencion-del-pp-para-frenar-el-separatismo-catalan\\\/#breadcrumblist\"},\"author\":{\"@id\":\"https:\\\/\\\/www.eldigitaldeasturias.com\\\/noticias\\\/author\\\/admin\\\/#author\"},\"creator\":{\"@id\":\"https:\\\/\\\/www.eldigitaldeasturias.com\\\/noticias\\\/author\\\/admin\\\/#author\"},\"image\":{\"@type\":\"ImageObject\",\"url\":\"https:\\\/\\\/www.eldigitaldeasturias.com\\\/noticias\\\/wp-content\\\/uploads\\\/2026\\\/06\\\/Contenidos.jpg\",\"@id\":\"https:\\\/\\\/www.eldigitaldeasturias.com\\\/noticias\\\/rajoy-clausura-hoy-la-convencion-del-pp-para-frenar-el-separatismo-catalan\\\/#mainImage\",\"width\":1265,\"height\":697,\"caption\":\"Contenidos\"},\"primaryImageOfPage\":{\"@id\":\"https:\\\/\\\/www.eldigitaldeasturias.com\\\/noticias\\\/rajoy-clausura-hoy-la-convencion-del-pp-para-frenar-el-separatismo-catalan\\\/#mainImage\"},\"datePublished\":\"2014-01-25T08:33:23+01:00\",\"dateModified\":\"2014-01-25T08:33:23+01:00\"},{\"@type\":\"WebSite\",\"@id\":\"https:\\\/\\\/www.eldigitaldeasturias.com\\\/noticias\\\/#website\",\"url\":\"https:\\\/\\\/www.eldigitaldeasturias.com\\\/noticias\\\/\",\"name\":\"El Digital de Asturias - Diario de actualidad y noticias\",\"alternateName\":\"El Digital de Asturias - Diario de actualidad y noticias\",\"description\":\"Hemeroteca\",\"inLanguage\":\"es-ES\",\"publisher\":{\"@id\":\"https:\\\/\\\/www.eldigitaldeasturias.com\\\/noticias\\\/#organization\"}}]}\n\t\t<\/script>\n\t\t<!-- All in One SEO Pro -->\r\n\t\t<title>Rajoy clausura hoy la convenci\u00f3n del PP para frenar el separatismo catal\u00e1n - El Digital de Asturias<\/title>\n\n","aioseo_head_json":{"title":"Rajoy clausura hoy la convenci\u00f3n del PP para frenar el separatismo catal\u00e1n - El Digital de Asturias","description":"Barcelona, 25 ene (EFE).- El presidente del Gobierno, Mariano Rajoy, clausurar\u00e1 este mediod\u00eda la convenci\u00f3n que el PP celebra en Barcelona, cuyo objetivo es frenar el separatismo catal\u00e1n y desmontar supuestos agravios, como el expolio fiscal. De hecho, ayer mismo el ministro de Hacienda, Crist\u00f3bal Montoro, anunci\u00f3 un cambio en la metodolog\u00eda de las balanzas","canonical_url":"https:\/\/www.eldigitaldeasturias.com\/noticias\/rajoy-clausura-hoy-la-convencion-del-pp-para-frenar-el-separatismo-catalan\/","robots":"max-image-preview:large","keywords":"actualidad","webmasterTools":{"google-site-verification":"UA-38556648-1","msvalidate.01":"7dfe9f3f1b24437ab69f4f2559babe99","miscellaneous":""},"schema":{"@context":"https:\/\/schema.org","@graph":[{"@type":"BlogPosting","@id":"https:\/\/www.eldigitaldeasturias.com\/noticias\/rajoy-clausura-hoy-la-convencion-del-pp-para-frenar-el-separatismo-catalan\/#blogposting","name":"Rajoy clausura hoy la convenci\u00f3n del PP para frenar el separatismo catal\u00e1n - El Digital de Asturias","headline":"Rajoy clausura hoy la convenci\u00f3n del PP para frenar el separatismo catal\u00e1n","author":{"@id":"https:\/\/www.eldigitaldeasturias.com\/noticias\/author\/admin\/#author"},"publisher":{"@id":"https:\/\/www.eldigitaldeasturias.com\/noticias\/#organization"},"image":{"@type":"ImageObject","url":"https:\/\/www.eldigitaldeasturias.com\/noticias\/wp-content\/uploads\/2026\/06\/Contenidos.jpg","width":1265,"height":697,"caption":"Contenidos"},"datePublished":"2014-01-25T08:33:23+01:00","dateModified":"2014-01-25T08:33:23+01:00","inLanguage":"es-ES","mainEntityOfPage":{"@id":"https:\/\/www.eldigitaldeasturias.com\/noticias\/rajoy-clausura-hoy-la-convencion-del-pp-para-frenar-el-separatismo-catalan\/#webpage"},"isPartOf":{"@id":"https:\/\/www.eldigitaldeasturias.com\/noticias\/rajoy-clausura-hoy-la-convencion-del-pp-para-frenar-el-separatismo-catalan\/#webpage"},"articleSection":"Actualidad"},{"@type":"BreadcrumbList","@id":"https:\/\/www.eldigitaldeasturias.com\/noticias\/rajoy-clausura-hoy-la-convencion-del-pp-para-frenar-el-separatismo-catalan\/#breadcrumblist","itemListElement":[{"@type":"ListItem","@id":"https:\/\/www.eldigitaldeasturias.com\/noticias#listItem","position":1,"name":"Home","item":"https:\/\/www.eldigitaldeasturias.com\/noticias","nextItem":{"@type":"ListItem","@id":"https:\/\/www.eldigitaldeasturias.com\/noticias\/category\/actualidad\/#listItem","name":"Actualidad"}},{"@type":"ListItem","@id":"https:\/\/www.eldigitaldeasturias.com\/noticias\/category\/actualidad\/#listItem","position":2,"name":"Actualidad","item":"https:\/\/www.eldigitaldeasturias.com\/noticias\/category\/actualidad\/","nextItem":{"@type":"ListItem","@id":"https:\/\/www.eldigitaldeasturias.com\/noticias\/rajoy-clausura-hoy-la-convencion-del-pp-para-frenar-el-separatismo-catalan\/#listItem","name":"Rajoy clausura hoy la convenci\u00f3n del PP para frenar el separatismo catal\u00e1n"},"previousItem":{"@type":"ListItem","@id":"https:\/\/www.eldigitaldeasturias.com\/noticias#listItem","name":"Home"}},{"@type":"ListItem","@id":"https:\/\/www.eldigitaldeasturias.com\/noticias\/rajoy-clausura-hoy-la-convencion-del-pp-para-frenar-el-separatismo-catalan\/#listItem","position":3,"name":"Rajoy clausura hoy la convenci\u00f3n del PP para frenar el separatismo catal\u00e1n","previousItem":{"@type":"ListItem","@id":"https:\/\/www.eldigitaldeasturias.com\/noticias\/category\/actualidad\/#listItem","name":"Actualidad"}}]},{"@type":"Organization","@id":"https:\/\/www.eldigitaldeasturias.com\/noticias\/#organization","name":"El Digital de Asturias","description":"Hemeroteca","url":"https:\/\/www.eldigitaldeasturias.com\/noticias\/","email":"info@eldigitaldeasturias.com","telephone":"+34652131393","logo":{"@type":"ImageObject","url":"https:\/\/www.eldigitaldeasturias.com\/noticias\/wp-content\/uploads\/2020\/12\/EDA.jpg","@id":"https:\/\/www.eldigitaldeasturias.com\/noticias\/rajoy-clausura-hoy-la-convencion-del-pp-para-frenar-el-separatismo-catalan\/#organizationLogo"},"image":{"@id":"https:\/\/www.eldigitaldeasturias.com\/noticias\/rajoy-clausura-hoy-la-convencion-del-pp-para-frenar-el-separatismo-catalan\/#organizationLogo"},"sameAs":["https:\/\/facebook.com\/eldigitaldeasturias","https:\/\/www.youtube.com\/channel\/UCZP-2wLEB9Rv6erhFmqVnvg"],"address":{"@id":"https:\/\/www.eldigitaldeasturias.com\/noticias\/#postaladdress","@type":"PostalAddress","streetAddress":"san antonio 4","postalCode":"33430","addressLocality":"Cand\u00e1s","addressRegion":"Asturias","addressCountry":"ES"}},{"@type":"Person","@id":"https:\/\/www.eldigitaldeasturias.com\/noticias\/author\/admin\/#author","url":"https:\/\/www.eldigitaldeasturias.com\/noticias\/author\/admin\/","name":"El Digital de Asturias","image":{"@type":"ImageObject","@id":"https:\/\/www.eldigitaldeasturias.com\/noticias\/rajoy-clausura-hoy-la-convencion-del-pp-para-frenar-el-separatismo-catalan\/#authorImage","url":"https:\/\/secure.gravatar.com\/avatar\/df2aeffc32bcd13f8d26072ef8a91b623d677766deac7f97ca815868cd41bf5e?s=96&d=mm&r=g","width":96,"height":96,"caption":"El Digital de Asturias"}},{"@type":"WebPage","@id":"https:\/\/www.eldigitaldeasturias.com\/noticias\/rajoy-clausura-hoy-la-convencion-del-pp-para-frenar-el-separatismo-catalan\/#webpage","url":"https:\/\/www.eldigitaldeasturias.com\/noticias\/rajoy-clausura-hoy-la-convencion-del-pp-para-frenar-el-separatismo-catalan\/","name":"Rajoy clausura hoy la convenci\u00f3n del PP para frenar el separatismo catal\u00e1n - El Digital de Asturias","description":"Barcelona, 25 ene (EFE).- El presidente del Gobierno, Mariano Rajoy, clausurar\u00e1 este mediod\u00eda la convenci\u00f3n que el PP celebra en Barcelona, cuyo objetivo es frenar el separatismo catal\u00e1n y desmontar supuestos agravios, como el expolio fiscal. De hecho, ayer mismo el ministro de Hacienda, Crist\u00f3bal Montoro, anunci\u00f3 un cambio en la metodolog\u00eda de las balanzas","inLanguage":"es-ES","isPartOf":{"@id":"https:\/\/www.eldigitaldeasturias.com\/noticias\/#website"},"breadcrumb":{"@id":"https:\/\/www.eldigitaldeasturias.com\/noticias\/rajoy-clausura-hoy-la-convencion-del-pp-para-frenar-el-separatismo-catalan\/#breadcrumblist"},"author":{"@id":"https:\/\/www.eldigitaldeasturias.com\/noticias\/author\/admin\/#author"},"creator":{"@id":"https:\/\/www.eldigitaldeasturias.com\/noticias\/author\/admin\/#author"},"image":{"@type":"ImageObject","url":"https:\/\/www.eldigitaldeasturias.com\/noticias\/wp-content\/uploads\/2026\/06\/Contenidos.jpg","@id":"https:\/\/www.eldigitaldeasturias.com\/noticias\/rajoy-clausura-hoy-la-convencion-del-pp-para-frenar-el-separatismo-catalan\/#mainImage","width":1265,"height":697,"caption":"Contenidos"},"primaryImageOfPage":{"@id":"https:\/\/www.eldigitaldeasturias.com\/noticias\/rajoy-clausura-hoy-la-convencion-del-pp-para-frenar-el-separatismo-catalan\/#mainImage"},"datePublished":"2014-01-25T08:33:23+01:00","dateModified":"2014-01-25T08:33:23+01:00"},{"@type":"WebSite","@id":"https:\/\/www.eldigitaldeasturias.com\/noticias\/#website","url":"https:\/\/www.eldigitaldeasturias.com\/noticias\/","name":"El Digital de Asturias - Diario de actualidad y noticias","alternateName":"El Digital de Asturias - Diario de actualidad y noticias","description":"Hemeroteca","inLanguage":"es-ES","publisher":{"@id":"https:\/\/www.eldigitaldeasturias.com\/noticias\/#organization"}}]},"og:locale":"es_ES","og:site_name":"El Digital de Asturias","og:type":"article","og:title":"Rajoy clausura hoy la convenci\u00f3n del PP para frenar el separatismo catal\u00e1n - El Digital de Asturias","og:description":"Barcelona, 25 ene (EFE).- El presidente del Gobierno, Mariano Rajoy, clausurar\u00e1 este mediod\u00eda la convenci\u00f3n que el PP celebra en Barcelona, cuyo objetivo es frenar el separatismo catal\u00e1n y desmontar supuestos agravios, como el expolio fiscal. De hecho, ayer mismo el ministro de Hacienda, Crist\u00f3bal Montoro, anunci\u00f3 un cambio en la metodolog\u00eda de las balanzas","og:url":"https:\/\/www.eldigitaldeasturias.com\/noticias\/rajoy-clausura-hoy-la-convencion-del-pp-para-frenar-el-separatismo-catalan\/","og:image":"https:\/\/www.eldigitaldeasturias.com\/noticias\/wp-content\/uploads\/2026\/06\/Contenidos.jpg","og:image:secure_url":"https:\/\/www.eldigitaldeasturias.com\/noticias\/wp-content\/uploads\/2026\/06\/Contenidos.jpg","og:image:width":1265,"og:image:height":697,"article:tag":["actualidad"],"article:published_time":"2014-01-25T09:33:23+00:00","article:modified_time":"2014-01-25T09:33:23+00:00","article:publisher":"https:\/\/facebook.com\/eldigitaldeasturias","twitter:card":"summary_large_image","twitter:title":"Rajoy clausura hoy la convenci\u00f3n del PP para frenar el separatismo catal\u00e1n - El Digital de Asturias","twitter:description":"Barcelona, 25 ene (EFE).- El presidente del Gobierno, Mariano Rajoy, clausurar\u00e1 este mediod\u00eda la convenci\u00f3n que el PP celebra en Barcelona, cuyo objetivo es frenar el separatismo catal\u00e1n y desmontar supuestos agravios, como el expolio fiscal. De hecho, ayer mismo el ministro de Hacienda, Crist\u00f3bal Montoro, anunci\u00f3 un cambio en la metodolog\u00eda de las balanzas","twitter:image":"https:\/\/www.eldigitaldeasturias.com\/noticias\/wp-content\/uploads\/2026\/06\/Contenidos.jpg","twitter:label1":"Escrito por","twitter:data1":"El Digital de Asturias","twitter:label2":"Tiempo de lectura estimado","twitter:data2":"2 minutos"},"aioseo_meta_data":{"post_id":"478595","title":null,"description":null,"keywords":null,"keyphrases":null,"primary_term":null,"canonical_url":null,"og_title":null,"og_description":null,"og_object_type":"default","og_image_type":"default","og_image_url":null,"og_image_width":null,"og_image_height":null,"og_image_custom_url":null,"og_image_custom_fields":null,"og_video":null,"og_custom_url":null,"og_article_section":null,"og_article_tags":null,"twitter_use_og":true,"twitter_card":"default","twitter_image_type":"default","twitter_image_url":null,"twitter_image_custom_url":null,"twitter_image_custom_fields":null,"twitter_title":null,"twitter_description":null,"schema":{"blockGraphs":[],"customGraphs":[],"default":{"data":{"Article":[],"Course":[],"Dataset":[],"FAQPage":[],"Movie":[],"Person":[],"Product":[],"ProductReview":[],"Car":[],"Recipe":[],"Service":[],"SoftwareApplication":[],"WebPage":[]},"graphName":"","isEnabled":true},"graphs":[],"defaultGraph":"","defaultPostTypeGraph":""},"schema_type":null,"schema_type_options":null,"pillar_content":false,"robots_default":true,"robots_noindex":false,"robots_noarchive":false,"robots_nosnippet":false,"robots_nofollow":false,"robots_noimageindex":false,"robots_noodp":false,"robots_notranslate":false,"robots_max_snippet":null,"robots_max_videopreview":null,"robots_max_imagepreview":"none","priority":null,"frequency":null,"local_seo":null,"seo_analyzer_scan_date":"2026-06-01 21:58:55","breadcrumb_settings":null,"limit_modified_date":false,"open_ai":null,"ai":null,"created":"2020-11-14 22:53:57","updated":"2026-06-01 21:58:55","focus_keyword":null,"additional_keywords":null,"truseo_locale":null},"aioseo_breadcrumb":"<div class=\"aioseo-breadcrumbs\"><span class=\"aioseo-breadcrumb\">\n\t<a href=\"https:\/\/www.eldigitaldeasturias.com\/noticias\" title=\"Home\">Home<\/a>\n<\/span><span class=\"aioseo-breadcrumb-separator\">\u2013<\/span><span class=\"aioseo-breadcrumb\">\n\t<a href=\"https:\/\/www.eldigitaldeasturias.com\/noticias\/category\/actualidad\/\" title=\"Actualidad\">Actualidad<\/a>\n<\/span><span class=\"aioseo-breadcrumb-separator\">\u2013<\/span><span class=\"aioseo-breadcrumb\">\n\t<a href=\"https:\/\/www.eldigitaldeasturias.com\/noticias\/rajoy-clausura-hoy-la-convencion-del-pp-para-frenar-el-separatismo-catalan\/\" title=\"Rajoy clausura hoy la convenci\u00f3n del PP para frenar el separatismo catal\u00e1n\">Rajoy clausura hoy la convenci\u00f3n del PP para frenar el separatismo catal\u00e1n<\/a>\n<\/span><\/div>","aioseo_breadcrumb_json":[{"label":"Home","link":"https:\/\/www.eldigitaldeasturias.com\/noticias"},{"label":"Actualidad","link":"https:\/\/www.eldigitaldeasturias.com\/noticias\/category\/actualidad\/"},{"label":"Rajoy clausura hoy la convenci\u00f3n del PP para frenar el separatismo catal\u00e1n","link":"https:\/\/www.eldigitaldeasturias.com\/noticias\/rajoy-clausura-hoy-la-convencion-del-pp-para-frenar-el-separatismo-catalan\/"}],"_links":{"self":[{"href":"https:\/\/www.eldigitaldeasturias.com\/noticias\/wp-json\/wp\/v2\/posts\/478595","targetHints":{"allow":["GET"]}}],"collection":[{"href":"https:\/\/www.eldigitaldeasturias.com\/noticias\/wp-json\/wp\/v2\/posts"}],"about":[{"href":"https:\/\/www.eldigitaldeasturias.com\/noticias\/wp-json\/wp\/v2\/types\/post"}],"author":[{"embeddable":true,"href":"https:\/\/www.eldigitaldeasturias.com\/noticias\/wp-json\/wp\/v2\/users\/1"}],"replies":[{"embeddable":true,"href":"https:\/\/www.eldigitaldeasturias.com\/noticias\/wp-json\/wp\/v2\/comments?post=478595"}],"version-history":[{"count":0,"href":"https:\/\/www.eldigitaldeasturias.com\/noticias\/wp-json\/wp\/v2\/posts\/478595\/revisions"}],"wp:featuredmedia":[{"embeddable":true,"href":"https:\/\/www.eldigitaldeasturias.com\/noticias\/wp-json\/wp\/v2\/media\/1132184"}],"wp:attachment":[{"href":"https:\/\/www.eldigitaldeasturias.com\/noticias\/wp-json\/wp\/v2\/media?parent=478595"}],"wp:term":[{"taxonomy":"category","embeddable":true,"href":"https:\/\/www.eldigitaldeasturias.com\/noticias\/wp-json\/wp\/v2\/categories?post=478595"},{"taxonomy":"post_tag","embeddable":true,"href":"https:\/\/www.eldigitaldeasturias.com\/noticias\/wp-json\/wp\/v2\/tags?post=478595"}],"curies":[{"name":"wp","href":"https:\/\/api.w.org\/{rel}","templated":true}]}}