{"id":478589,"date":"2014-01-25T08:26:14","date_gmt":"2014-01-25T09:26:14","guid":{"rendered":"http:\/\/www.eldigitaldeasturias.com\/noticias\/?p=478589"},"modified":"2014-01-25T08:26:14","modified_gmt":"2014-01-25T09:26:14","slug":"obama-volvera-a-pedir-mas-oportunidades-para-la-clase-media-en-el-estado-de-la-union","status":"publish","type":"post","link":"https:\/\/www.eldigitaldeasturias.com\/noticias\/obama-volvera-a-pedir-mas-oportunidades-para-la-clase-media-en-el-estado-de-la-union\/","title":{"rendered":"Obama volver\u00e1 a pedir m\u00e1s oportunidades para la clase media en el Estado de la Uni\u00f3n"},"content":{"rendered":"<p><img loading=\"lazy\" decoding=\"async\" class=\"alignleft size-medium wp-image-478590\" alt=\"5875378w\" src=\"https:\/\/www.eldigitaldeasturias.com\/noticias\/wp-content\/uploads\/2014\/01\/5875378w-360x239.jpg\" width=\"360\" height=\"239\" \/>Washington, 24 ene (EFE).- El presidente de EE.UU., Barack Obama, usar\u00e1 su discurso sobre el Estado de la Uni\u00f3n ante el Congreso del pr\u00f3ximo martes para volver a pedir m\u00e1s oportunidades para la clase media, seg\u00fan adelant\u00f3 hoy el portavoz de la Casa Blanca, Jay Carney.<\/p>\n<p>\u00abSu m\u00e1xima prioridad ha sido siempre, desde que se postul\u00f3 para presidente, la necesidad de hacer crecer nuestra econom\u00eda de manera que el trabajo duro y la responsabilidad sean recompensados, y que la clase media est\u00e9 m\u00e1s segura\u00bb, indic\u00f3 Carney en su rueda de prensa diaria.<\/p>\n<p>El portavoz no dio detalles sobre cu\u00e1les ser\u00e1n los temas concretos que abordar\u00e1 Obama en su discurso, aunque se espera que dedique parte de su intervenci\u00f3n a la econom\u00eda y a alertar de la importancia de luchar contra la desigualdad y la pobreza, algo en lo que ha hecho \u00e9nfasis en las \u00faltimas semanas.<\/p>\n<p>Obama tambi\u00e9n ha insistido recientemente en que 2014 debe ser un \u00aba\u00f1o de acci\u00f3n\u00bb tras la escasez de logros de 2013, en parte por la extrema polarizaci\u00f3n entre dem\u00f3cratas y republicanos en el Congreso.<\/p>\n<p>En su discurso ante el Congreso, el presidente \u00abquiere volver a insistir\u00bb en la capacidad que tiene para \u00abavanzar\u00bb en su agenda mediante \u00abel uso de su autoridad ejecutiva\u00bb, coment\u00f3 hoy Carney.<\/p>\n<p>Seg\u00fan la Casa Blanca, el presidente est\u00e1 trabajando en su quinta intervenci\u00f3n anual sobre el Estado de la Uni\u00f3n especialmente por las noches y durante el d\u00eda repasa sus anotaciones e ideas con su director de discursos, Cody Keenan.<\/p>\n<p>Keenan empez\u00f3 a dejarse crecer la barba para la festividad de Acci\u00f3n de Gracias, a finales de noviembre, y prometi\u00f3 no afeitarse hasta despu\u00e9s del discurso sobre el Estado de la Uni\u00f3n.<\/p>\n<p>Hoy el fot\u00f3grafo oficial de Obama, Pete Souza, comparti\u00f3 fotos en Instagram en las que se ve al presidente preparando su discurso en compa\u00f1\u00eda de Keenan, su asesor Dan Pfeiffer y su consejero adjunto de Seguridad Nacional, Ben Rhodes.<\/p>\n<p>Como record\u00f3 hoy Carney, el discurso sobre el Estado de la Uni\u00f3n es cada a\u00f1o \u00abuna oportunidad \u00fanica\u00bb para que el presidente hable directamente \u00aba millones de estadounidenses\u00bb sobre sus prioridades y su agenda para hacer avanzar al pa\u00eds.<\/p>\n","protected":false},"excerpt":{"rendered":"<p>Washington, 24 ene (EFE).- El presidente de EE.UU., Barack Obama, usar\u00e1 su discurso sobre el Estado de la Uni\u00f3n ante el Congreso del pr\u00f3ximo martes para volver a pedir m\u00e1s oportunidades para la clase media, seg\u00fan adelant\u00f3 hoy el portavoz de la Casa Blanca, Jay Carney. \u00abSu m\u00e1xima prioridad ha sido siempre, desde que se [&hellip;]<\/p>\n","protected":false},"author":1,"featured_media":1132184,"comment_status":"closed","ping_status":"open","sticky":false,"template":"","format":"standard","meta":{"footnotes":""},"categories":[1],"tags":[],"class_list":["post-478589","post","type-post","status-publish","format-standard","has-post-thumbnail","hentry","category-actualidad"],"aioseo_notices":[],"aioseo_head":"\n\t\t<!-- All in One SEO Pro 5.0.1 - aioseo.com -->\n\t<meta name=\"description\" content=\"Washington, 24 ene (EFE).- El presidente de EE.UU., Barack Obama, usar\u00e1 su discurso sobre el Estado de la Uni\u00f3n ante el Congreso del pr\u00f3ximo martes para volver a pedir m\u00e1s oportunidades para la clase media, seg\u00fan adelant\u00f3 hoy el portavoz de la Casa Blanca, Jay Carney. &quot;Su m\u00e1xima prioridad ha sido siempre, desde que se\" \/>\n\t<meta name=\"robots\" content=\"max-image-preview:large\" \/>\n\t<meta name=\"author\" content=\"El Digital de Asturias\"\/>\n\t<meta name=\"google-site-verification\" content=\"UA-38556648-1\" \/>\n\t<meta name=\"msvalidate.01\" content=\"7dfe9f3f1b24437ab69f4f2559babe99\" \/>\n\t<meta name=\"keywords\" content=\"actualidad\" \/>\n\t<link rel=\"canonical\" href=\"https:\/\/www.eldigitaldeasturias.com\/noticias\/obama-volvera-a-pedir-mas-oportunidades-para-la-clase-media-en-el-estado-de-la-union\/\" \/>\n\t<meta name=\"generator\" content=\"All in One SEO Pro (AIOSEO) 5.0.1\" \/>\n\t\t<meta property=\"og:locale\" content=\"es_ES\" \/>\n\t\t<meta property=\"og:site_name\" content=\"El Digital de Asturias\" \/>\n\t\t<meta property=\"og:type\" content=\"article\" \/>\n\t\t<meta property=\"og:title\" content=\"Obama volver\u00e1 a pedir m\u00e1s oportunidades para la clase media en el Estado de la Uni\u00f3n - El Digital de Asturias\" \/>\n\t\t<meta property=\"og:description\" content=\"Washington, 24 ene (EFE).- El presidente de EE.UU., Barack Obama, usar\u00e1 su discurso sobre el Estado de la Uni\u00f3n ante el Congreso del pr\u00f3ximo martes para volver a pedir m\u00e1s oportunidades para la clase media, seg\u00fan adelant\u00f3 hoy el portavoz de la Casa Blanca, Jay Carney. &quot;Su m\u00e1xima prioridad ha sido siempre, desde que se\" \/>\n\t\t<meta property=\"og:url\" content=\"https:\/\/www.eldigitaldeasturias.com\/noticias\/obama-volvera-a-pedir-mas-oportunidades-para-la-clase-media-en-el-estado-de-la-union\/\" \/>\n\t\t<meta property=\"og:image\" content=\"https:\/\/www.eldigitaldeasturias.com\/noticias\/wp-content\/uploads\/2026\/06\/Contenidos.jpg\" \/>\n\t\t<meta property=\"og:image:secure_url\" content=\"https:\/\/www.eldigitaldeasturias.com\/noticias\/wp-content\/uploads\/2026\/06\/Contenidos.jpg\" \/>\n\t\t<meta property=\"og:image:width\" content=\"1265\" \/>\n\t\t<meta property=\"og:image:height\" content=\"697\" \/>\n\t\t<meta property=\"article:tag\" content=\"actualidad\" \/>\n\t\t<meta property=\"article:published_time\" content=\"2014-01-25T09:26:14+00:00\" \/>\n\t\t<meta property=\"article:modified_time\" content=\"2014-01-25T09:26:14+00:00\" \/>\n\t\t<meta property=\"article:publisher\" content=\"https:\/\/facebook.com\/eldigitaldeasturias\" \/>\n\t\t<meta name=\"twitter:card\" content=\"summary_large_image\" \/>\n\t\t<meta name=\"twitter:title\" content=\"Obama volver\u00e1 a pedir m\u00e1s oportunidades para la clase media en el Estado de la Uni\u00f3n - El Digital de Asturias\" \/>\n\t\t<meta name=\"twitter:description\" content=\"Washington, 24 ene (EFE).- El presidente de EE.UU., Barack Obama, usar\u00e1 su discurso sobre el Estado de la Uni\u00f3n ante el Congreso del pr\u00f3ximo martes para volver a pedir m\u00e1s oportunidades para la clase media, seg\u00fan adelant\u00f3 hoy el portavoz de la Casa Blanca, Jay Carney. &quot;Su m\u00e1xima prioridad ha sido siempre, desde que se\" \/>\n\t\t<meta name=\"twitter:image\" content=\"https:\/\/www.eldigitaldeasturias.com\/noticias\/wp-content\/uploads\/2026\/06\/Contenidos.jpg\" \/>\n\t\t<meta name=\"twitter:label1\" content=\"Escrito por\" \/>\n\t\t<meta name=\"twitter:data1\" content=\"El Digital de Asturias\" \/>\n\t\t<meta name=\"twitter:label2\" content=\"Tiempo de lectura estimado\" \/>\n\t\t<meta name=\"twitter:data2\" content=\"2 minutos\" \/>\n\t\t<script type=\"application\/ld+json\" class=\"aioseo-schema\">\n\t\t\t{\"@context\":\"https:\\\/\\\/schema.org\",\"@graph\":[{\"@type\":\"BlogPosting\",\"@id\":\"https:\\\/\\\/www.eldigitaldeasturias.com\\\/noticias\\\/obama-volvera-a-pedir-mas-oportunidades-para-la-clase-media-en-el-estado-de-la-union\\\/#blogposting\",\"name\":\"Obama volver\\u00e1 a pedir m\\u00e1s oportunidades para la clase media en el Estado de la Uni\\u00f3n - El Digital de Asturias\",\"headline\":\"Obama volver\\u00e1 a pedir m\\u00e1s oportunidades para la clase media en el Estado de la Uni\\u00f3n\",\"author\":{\"@id\":\"https:\\\/\\\/www.eldigitaldeasturias.com\\\/noticias\\\/author\\\/admin\\\/#author\"},\"publisher\":{\"@id\":\"https:\\\/\\\/www.eldigitaldeasturias.com\\\/noticias\\\/#organization\"},\"image\":{\"@type\":\"ImageObject\",\"url\":\"https:\\\/\\\/www.eldigitaldeasturias.com\\\/noticias\\\/wp-content\\\/uploads\\\/2026\\\/06\\\/Contenidos.jpg\",\"width\":1265,\"height\":697,\"caption\":\"Contenidos\"},\"datePublished\":\"2014-01-25T08:26:14+01:00\",\"dateModified\":\"2014-01-25T08:26:14+01:00\",\"inLanguage\":\"es-ES\",\"mainEntityOfPage\":{\"@id\":\"https:\\\/\\\/www.eldigitaldeasturias.com\\\/noticias\\\/obama-volvera-a-pedir-mas-oportunidades-para-la-clase-media-en-el-estado-de-la-union\\\/#webpage\"},\"isPartOf\":{\"@id\":\"https:\\\/\\\/www.eldigitaldeasturias.com\\\/noticias\\\/obama-volvera-a-pedir-mas-oportunidades-para-la-clase-media-en-el-estado-de-la-union\\\/#webpage\"},\"articleSection\":\"Actualidad\"},{\"@type\":\"BreadcrumbList\",\"@id\":\"https:\\\/\\\/www.eldigitaldeasturias.com\\\/noticias\\\/obama-volvera-a-pedir-mas-oportunidades-para-la-clase-media-en-el-estado-de-la-union\\\/#breadcrumblist\",\"itemListElement\":[{\"@type\":\"ListItem\",\"@id\":\"https:\\\/\\\/www.eldigitaldeasturias.com\\\/noticias#listItem\",\"position\":1,\"name\":\"Home\",\"item\":\"https:\\\/\\\/www.eldigitaldeasturias.com\\\/noticias\",\"nextItem\":{\"@type\":\"ListItem\",\"@id\":\"https:\\\/\\\/www.eldigitaldeasturias.com\\\/noticias\\\/category\\\/actualidad\\\/#listItem\",\"name\":\"Actualidad\"}},{\"@type\":\"ListItem\",\"@id\":\"https:\\\/\\\/www.eldigitaldeasturias.com\\\/noticias\\\/category\\\/actualidad\\\/#listItem\",\"position\":2,\"name\":\"Actualidad\",\"item\":\"https:\\\/\\\/www.eldigitaldeasturias.com\\\/noticias\\\/category\\\/actualidad\\\/\",\"nextItem\":{\"@type\":\"ListItem\",\"@id\":\"https:\\\/\\\/www.eldigitaldeasturias.com\\\/noticias\\\/obama-volvera-a-pedir-mas-oportunidades-para-la-clase-media-en-el-estado-de-la-union\\\/#listItem\",\"name\":\"Obama volver\\u00e1 a pedir m\\u00e1s oportunidades para la clase media en el Estado de la Uni\\u00f3n\"},\"previousItem\":{\"@type\":\"ListItem\",\"@id\":\"https:\\\/\\\/www.eldigitaldeasturias.com\\\/noticias#listItem\",\"name\":\"Home\"}},{\"@type\":\"ListItem\",\"@id\":\"https:\\\/\\\/www.eldigitaldeasturias.com\\\/noticias\\\/obama-volvera-a-pedir-mas-oportunidades-para-la-clase-media-en-el-estado-de-la-union\\\/#listItem\",\"position\":3,\"name\":\"Obama volver\\u00e1 a pedir m\\u00e1s oportunidades para la clase media en el Estado de la Uni\\u00f3n\",\"previousItem\":{\"@type\":\"ListItem\",\"@id\":\"https:\\\/\\\/www.eldigitaldeasturias.com\\\/noticias\\\/category\\\/actualidad\\\/#listItem\",\"name\":\"Actualidad\"}}]},{\"@type\":\"Organization\",\"@id\":\"https:\\\/\\\/www.eldigitaldeasturias.com\\\/noticias\\\/#organization\",\"name\":\"El Digital de Asturias\",\"description\":\"Hemeroteca\",\"url\":\"https:\\\/\\\/www.eldigitaldeasturias.com\\\/noticias\\\/\",\"email\":\"info@eldigitaldeasturias.com\",\"telephone\":\"+34652131393\",\"logo\":{\"@type\":\"ImageObject\",\"url\":\"https:\\\/\\\/www.eldigitaldeasturias.com\\\/noticias\\\/wp-content\\\/uploads\\\/2020\\\/12\\\/EDA.jpg\",\"@id\":\"https:\\\/\\\/www.eldigitaldeasturias.com\\\/noticias\\\/obama-volvera-a-pedir-mas-oportunidades-para-la-clase-media-en-el-estado-de-la-union\\\/#organizationLogo\"},\"image\":{\"@id\":\"https:\\\/\\\/www.eldigitaldeasturias.com\\\/noticias\\\/obama-volvera-a-pedir-mas-oportunidades-para-la-clase-media-en-el-estado-de-la-union\\\/#organizationLogo\"},\"sameAs\":[\"https:\\\/\\\/facebook.com\\\/eldigitaldeasturias\",\"https:\\\/\\\/www.youtube.com\\\/channel\\\/UCZP-2wLEB9Rv6erhFmqVnvg\"],\"address\":{\"@id\":\"https:\\\/\\\/www.eldigitaldeasturias.com\\\/noticias\\\/#postaladdress\",\"@type\":\"PostalAddress\",\"streetAddress\":\"san antonio 4\",\"postalCode\":\"33430\",\"addressLocality\":\"Cand\\u00e1s\",\"addressRegion\":\"Asturias\",\"addressCountry\":\"ES\"}},{\"@type\":\"Person\",\"@id\":\"https:\\\/\\\/www.eldigitaldeasturias.com\\\/noticias\\\/author\\\/admin\\\/#author\",\"url\":\"https:\\\/\\\/www.eldigitaldeasturias.com\\\/noticias\\\/author\\\/admin\\\/\",\"name\":\"El Digital de Asturias\",\"image\":{\"@type\":\"ImageObject\",\"@id\":\"https:\\\/\\\/www.eldigitaldeasturias.com\\\/noticias\\\/obama-volvera-a-pedir-mas-oportunidades-para-la-clase-media-en-el-estado-de-la-union\\\/#authorImage\",\"url\":\"https:\\\/\\\/secure.gravatar.com\\\/avatar\\\/df2aeffc32bcd13f8d26072ef8a91b623d677766deac7f97ca815868cd41bf5e?s=96&d=mm&r=g\",\"width\":96,\"height\":96,\"caption\":\"El Digital de Asturias\"}},{\"@type\":\"WebPage\",\"@id\":\"https:\\\/\\\/www.eldigitaldeasturias.com\\\/noticias\\\/obama-volvera-a-pedir-mas-oportunidades-para-la-clase-media-en-el-estado-de-la-union\\\/#webpage\",\"url\":\"https:\\\/\\\/www.eldigitaldeasturias.com\\\/noticias\\\/obama-volvera-a-pedir-mas-oportunidades-para-la-clase-media-en-el-estado-de-la-union\\\/\",\"name\":\"Obama volver\\u00e1 a pedir m\\u00e1s oportunidades para la clase media en el Estado de la Uni\\u00f3n - El Digital de Asturias\",\"description\":\"Washington, 24 ene (EFE).- El presidente de EE.UU., Barack Obama, usar\\u00e1 su discurso sobre el Estado de la Uni\\u00f3n ante el Congreso del pr\\u00f3ximo martes para volver a pedir m\\u00e1s oportunidades para la clase media, seg\\u00fan adelant\\u00f3 hoy el portavoz de la Casa Blanca, Jay Carney. \\\"Su m\\u00e1xima prioridad ha sido siempre, desde que se\",\"inLanguage\":\"es-ES\",\"isPartOf\":{\"@id\":\"https:\\\/\\\/www.eldigitaldeasturias.com\\\/noticias\\\/#website\"},\"breadcrumb\":{\"@id\":\"https:\\\/\\\/www.eldigitaldeasturias.com\\\/noticias\\\/obama-volvera-a-pedir-mas-oportunidades-para-la-clase-media-en-el-estado-de-la-union\\\/#breadcrumblist\"},\"author\":{\"@id\":\"https:\\\/\\\/www.eldigitaldeasturias.com\\\/noticias\\\/author\\\/admin\\\/#author\"},\"creator\":{\"@id\":\"https:\\\/\\\/www.eldigitaldeasturias.com\\\/noticias\\\/author\\\/admin\\\/#author\"},\"image\":{\"@type\":\"ImageObject\",\"url\":\"https:\\\/\\\/www.eldigitaldeasturias.com\\\/noticias\\\/wp-content\\\/uploads\\\/2026\\\/06\\\/Contenidos.jpg\",\"@id\":\"https:\\\/\\\/www.eldigitaldeasturias.com\\\/noticias\\\/obama-volvera-a-pedir-mas-oportunidades-para-la-clase-media-en-el-estado-de-la-union\\\/#mainImage\",\"width\":1265,\"height\":697,\"caption\":\"Contenidos\"},\"primaryImageOfPage\":{\"@id\":\"https:\\\/\\\/www.eldigitaldeasturias.com\\\/noticias\\\/obama-volvera-a-pedir-mas-oportunidades-para-la-clase-media-en-el-estado-de-la-union\\\/#mainImage\"},\"datePublished\":\"2014-01-25T08:26:14+01:00\",\"dateModified\":\"2014-01-25T08:26:14+01:00\"},{\"@type\":\"WebSite\",\"@id\":\"https:\\\/\\\/www.eldigitaldeasturias.com\\\/noticias\\\/#website\",\"url\":\"https:\\\/\\\/www.eldigitaldeasturias.com\\\/noticias\\\/\",\"name\":\"El Digital de Asturias - Diario de actualidad y noticias\",\"alternateName\":\"El Digital de Asturias - Diario de actualidad y noticias\",\"description\":\"Hemeroteca\",\"inLanguage\":\"es-ES\",\"publisher\":{\"@id\":\"https:\\\/\\\/www.eldigitaldeasturias.com\\\/noticias\\\/#organization\"}}]}\n\t\t<\/script>\n\t\t<!-- All in One SEO Pro -->\r\n\t\t<title>Obama volver\u00e1 a pedir m\u00e1s oportunidades para la clase media en el Estado de la Uni\u00f3n - El Digital de Asturias<\/title>\n\n","aioseo_head_json":{"title":"Obama volver\u00e1 a pedir m\u00e1s oportunidades para la clase media en el Estado de la Uni\u00f3n - El Digital de Asturias","description":"Washington, 24 ene (EFE).- El presidente de EE.UU., Barack Obama, usar\u00e1 su discurso sobre el Estado de la Uni\u00f3n ante el Congreso del pr\u00f3ximo martes para volver a pedir m\u00e1s oportunidades para la clase media, seg\u00fan adelant\u00f3 hoy el portavoz de la Casa Blanca, Jay Carney. \"Su m\u00e1xima prioridad ha sido siempre, desde que se","canonical_url":"https:\/\/www.eldigitaldeasturias.com\/noticias\/obama-volvera-a-pedir-mas-oportunidades-para-la-clase-media-en-el-estado-de-la-union\/","robots":"max-image-preview:large","keywords":"actualidad","webmasterTools":{"google-site-verification":"UA-38556648-1","msvalidate.01":"7dfe9f3f1b24437ab69f4f2559babe99","miscellaneous":""},"schema":{"@context":"https:\/\/schema.org","@graph":[{"@type":"BlogPosting","@id":"https:\/\/www.eldigitaldeasturias.com\/noticias\/obama-volvera-a-pedir-mas-oportunidades-para-la-clase-media-en-el-estado-de-la-union\/#blogposting","name":"Obama volver\u00e1 a pedir m\u00e1s oportunidades para la clase media en el Estado de la Uni\u00f3n - El Digital de Asturias","headline":"Obama volver\u00e1 a pedir m\u00e1s oportunidades para la clase media en el Estado de la Uni\u00f3n","author":{"@id":"https:\/\/www.eldigitaldeasturias.com\/noticias\/author\/admin\/#author"},"publisher":{"@id":"https:\/\/www.eldigitaldeasturias.com\/noticias\/#organization"},"image":{"@type":"ImageObject","url":"https:\/\/www.eldigitaldeasturias.com\/noticias\/wp-content\/uploads\/2026\/06\/Contenidos.jpg","width":1265,"height":697,"caption":"Contenidos"},"datePublished":"2014-01-25T08:26:14+01:00","dateModified":"2014-01-25T08:26:14+01:00","inLanguage":"es-ES","mainEntityOfPage":{"@id":"https:\/\/www.eldigitaldeasturias.com\/noticias\/obama-volvera-a-pedir-mas-oportunidades-para-la-clase-media-en-el-estado-de-la-union\/#webpage"},"isPartOf":{"@id":"https:\/\/www.eldigitaldeasturias.com\/noticias\/obama-volvera-a-pedir-mas-oportunidades-para-la-clase-media-en-el-estado-de-la-union\/#webpage"},"articleSection":"Actualidad"},{"@type":"BreadcrumbList","@id":"https:\/\/www.eldigitaldeasturias.com\/noticias\/obama-volvera-a-pedir-mas-oportunidades-para-la-clase-media-en-el-estado-de-la-union\/#breadcrumblist","itemListElement":[{"@type":"ListItem","@id":"https:\/\/www.eldigitaldeasturias.com\/noticias#listItem","position":1,"name":"Home","item":"https:\/\/www.eldigitaldeasturias.com\/noticias","nextItem":{"@type":"ListItem","@id":"https:\/\/www.eldigitaldeasturias.com\/noticias\/category\/actualidad\/#listItem","name":"Actualidad"}},{"@type":"ListItem","@id":"https:\/\/www.eldigitaldeasturias.com\/noticias\/category\/actualidad\/#listItem","position":2,"name":"Actualidad","item":"https:\/\/www.eldigitaldeasturias.com\/noticias\/category\/actualidad\/","nextItem":{"@type":"ListItem","@id":"https:\/\/www.eldigitaldeasturias.com\/noticias\/obama-volvera-a-pedir-mas-oportunidades-para-la-clase-media-en-el-estado-de-la-union\/#listItem","name":"Obama volver\u00e1 a pedir m\u00e1s oportunidades para la clase media en el Estado de la Uni\u00f3n"},"previousItem":{"@type":"ListItem","@id":"https:\/\/www.eldigitaldeasturias.com\/noticias#listItem","name":"Home"}},{"@type":"ListItem","@id":"https:\/\/www.eldigitaldeasturias.com\/noticias\/obama-volvera-a-pedir-mas-oportunidades-para-la-clase-media-en-el-estado-de-la-union\/#listItem","position":3,"name":"Obama volver\u00e1 a pedir m\u00e1s oportunidades para la clase media en el Estado de la Uni\u00f3n","previousItem":{"@type":"ListItem","@id":"https:\/\/www.eldigitaldeasturias.com\/noticias\/category\/actualidad\/#listItem","name":"Actualidad"}}]},{"@type":"Organization","@id":"https:\/\/www.eldigitaldeasturias.com\/noticias\/#organization","name":"El Digital de Asturias","description":"Hemeroteca","url":"https:\/\/www.eldigitaldeasturias.com\/noticias\/","email":"info@eldigitaldeasturias.com","telephone":"+34652131393","logo":{"@type":"ImageObject","url":"https:\/\/www.eldigitaldeasturias.com\/noticias\/wp-content\/uploads\/2020\/12\/EDA.jpg","@id":"https:\/\/www.eldigitaldeasturias.com\/noticias\/obama-volvera-a-pedir-mas-oportunidades-para-la-clase-media-en-el-estado-de-la-union\/#organizationLogo"},"image":{"@id":"https:\/\/www.eldigitaldeasturias.com\/noticias\/obama-volvera-a-pedir-mas-oportunidades-para-la-clase-media-en-el-estado-de-la-union\/#organizationLogo"},"sameAs":["https:\/\/facebook.com\/eldigitaldeasturias","https:\/\/www.youtube.com\/channel\/UCZP-2wLEB9Rv6erhFmqVnvg"],"address":{"@id":"https:\/\/www.eldigitaldeasturias.com\/noticias\/#postaladdress","@type":"PostalAddress","streetAddress":"san antonio 4","postalCode":"33430","addressLocality":"Cand\u00e1s","addressRegion":"Asturias","addressCountry":"ES"}},{"@type":"Person","@id":"https:\/\/www.eldigitaldeasturias.com\/noticias\/author\/admin\/#author","url":"https:\/\/www.eldigitaldeasturias.com\/noticias\/author\/admin\/","name":"El Digital de Asturias","image":{"@type":"ImageObject","@id":"https:\/\/www.eldigitaldeasturias.com\/noticias\/obama-volvera-a-pedir-mas-oportunidades-para-la-clase-media-en-el-estado-de-la-union\/#authorImage","url":"https:\/\/secure.gravatar.com\/avatar\/df2aeffc32bcd13f8d26072ef8a91b623d677766deac7f97ca815868cd41bf5e?s=96&d=mm&r=g","width":96,"height":96,"caption":"El Digital de Asturias"}},{"@type":"WebPage","@id":"https:\/\/www.eldigitaldeasturias.com\/noticias\/obama-volvera-a-pedir-mas-oportunidades-para-la-clase-media-en-el-estado-de-la-union\/#webpage","url":"https:\/\/www.eldigitaldeasturias.com\/noticias\/obama-volvera-a-pedir-mas-oportunidades-para-la-clase-media-en-el-estado-de-la-union\/","name":"Obama volver\u00e1 a pedir m\u00e1s oportunidades para la clase media en el Estado de la Uni\u00f3n - El Digital de Asturias","description":"Washington, 24 ene (EFE).- El presidente de EE.UU., Barack Obama, usar\u00e1 su discurso sobre el Estado de la Uni\u00f3n ante el Congreso del pr\u00f3ximo martes para volver a pedir m\u00e1s oportunidades para la clase media, seg\u00fan adelant\u00f3 hoy el portavoz de la Casa Blanca, Jay Carney. \"Su m\u00e1xima prioridad ha sido siempre, desde que se","inLanguage":"es-ES","isPartOf":{"@id":"https:\/\/www.eldigitaldeasturias.com\/noticias\/#website"},"breadcrumb":{"@id":"https:\/\/www.eldigitaldeasturias.com\/noticias\/obama-volvera-a-pedir-mas-oportunidades-para-la-clase-media-en-el-estado-de-la-union\/#breadcrumblist"},"author":{"@id":"https:\/\/www.eldigitaldeasturias.com\/noticias\/author\/admin\/#author"},"creator":{"@id":"https:\/\/www.eldigitaldeasturias.com\/noticias\/author\/admin\/#author"},"image":{"@type":"ImageObject","url":"https:\/\/www.eldigitaldeasturias.com\/noticias\/wp-content\/uploads\/2026\/06\/Contenidos.jpg","@id":"https:\/\/www.eldigitaldeasturias.com\/noticias\/obama-volvera-a-pedir-mas-oportunidades-para-la-clase-media-en-el-estado-de-la-union\/#mainImage","width":1265,"height":697,"caption":"Contenidos"},"primaryImageOfPage":{"@id":"https:\/\/www.eldigitaldeasturias.com\/noticias\/obama-volvera-a-pedir-mas-oportunidades-para-la-clase-media-en-el-estado-de-la-union\/#mainImage"},"datePublished":"2014-01-25T08:26:14+01:00","dateModified":"2014-01-25T08:26:14+01:00"},{"@type":"WebSite","@id":"https:\/\/www.eldigitaldeasturias.com\/noticias\/#website","url":"https:\/\/www.eldigitaldeasturias.com\/noticias\/","name":"El Digital de Asturias - Diario de actualidad y noticias","alternateName":"El Digital de Asturias - Diario de actualidad y noticias","description":"Hemeroteca","inLanguage":"es-ES","publisher":{"@id":"https:\/\/www.eldigitaldeasturias.com\/noticias\/#organization"}}]},"og:locale":"es_ES","og:site_name":"El Digital de Asturias","og:type":"article","og:title":"Obama volver\u00e1 a pedir m\u00e1s oportunidades para la clase media en el Estado de la Uni\u00f3n - El Digital de Asturias","og:description":"Washington, 24 ene (EFE).- El presidente de EE.UU., Barack Obama, usar\u00e1 su discurso sobre el Estado de la Uni\u00f3n ante el Congreso del pr\u00f3ximo martes para volver a pedir m\u00e1s oportunidades para la clase media, seg\u00fan adelant\u00f3 hoy el portavoz de la Casa Blanca, Jay Carney. &quot;Su m\u00e1xima prioridad ha sido siempre, desde que se","og:url":"https:\/\/www.eldigitaldeasturias.com\/noticias\/obama-volvera-a-pedir-mas-oportunidades-para-la-clase-media-en-el-estado-de-la-union\/","og:image":"https:\/\/www.eldigitaldeasturias.com\/noticias\/wp-content\/uploads\/2026\/06\/Contenidos.jpg","og:image:secure_url":"https:\/\/www.eldigitaldeasturias.com\/noticias\/wp-content\/uploads\/2026\/06\/Contenidos.jpg","og:image:width":1265,"og:image:height":697,"article:tag":["actualidad"],"article:published_time":"2014-01-25T09:26:14+00:00","article:modified_time":"2014-01-25T09:26:14+00:00","article:publisher":"https:\/\/facebook.com\/eldigitaldeasturias","twitter:card":"summary_large_image","twitter:title":"Obama volver\u00e1 a pedir m\u00e1s oportunidades para la clase media en el Estado de la Uni\u00f3n - El Digital de Asturias","twitter:description":"Washington, 24 ene (EFE).- El presidente de EE.UU., Barack Obama, usar\u00e1 su discurso sobre el Estado de la Uni\u00f3n ante el Congreso del pr\u00f3ximo martes para volver a pedir m\u00e1s oportunidades para la clase media, seg\u00fan adelant\u00f3 hoy el portavoz de la Casa Blanca, Jay Carney. &quot;Su m\u00e1xima prioridad ha sido siempre, desde que se","twitter:image":"https:\/\/www.eldigitaldeasturias.com\/noticias\/wp-content\/uploads\/2026\/06\/Contenidos.jpg","twitter:label1":"Escrito por","twitter:data1":"El Digital de Asturias","twitter:label2":"Tiempo de lectura estimado","twitter:data2":"2 minutos"},"aioseo_meta_data":{"post_id":"478589","title":null,"description":null,"keywords":null,"keyphrases":null,"primary_term":null,"canonical_url":null,"og_title":null,"og_description":null,"og_object_type":"default","og_image_type":"default","og_image_url":null,"og_image_width":null,"og_image_height":null,"og_image_custom_url":null,"og_image_custom_fields":null,"og_video":null,"og_custom_url":null,"og_article_section":null,"og_article_tags":null,"twitter_use_og":true,"twitter_card":"default","twitter_image_type":"default","twitter_image_url":null,"twitter_image_custom_url":null,"twitter_image_custom_fields":null,"twitter_title":null,"twitter_description":null,"schema":{"blockGraphs":[],"customGraphs":[],"default":{"data":{"Article":[],"Course":[],"Dataset":[],"FAQPage":[],"Movie":[],"Person":[],"Product":[],"ProductReview":[],"Car":[],"Recipe":[],"Service":[],"SoftwareApplication":[],"WebPage":[]},"graphName":"","isEnabled":true},"graphs":[],"defaultGraph":"","defaultPostTypeGraph":""},"schema_type":null,"schema_type_options":null,"pillar_content":false,"robots_default":true,"robots_noindex":false,"robots_noarchive":false,"robots_nosnippet":false,"robots_nofollow":false,"robots_noimageindex":false,"robots_noodp":false,"robots_notranslate":false,"robots_max_snippet":null,"robots_max_videopreview":null,"robots_max_imagepreview":"none","priority":null,"frequency":null,"local_seo":null,"seo_analyzer_scan_date":"2026-06-01 21:58:54","breadcrumb_settings":null,"limit_modified_date":false,"open_ai":null,"ai":null,"created":"2020-11-14 22:53:56","updated":"2026-06-01 21:58:54","focus_keyword":null,"additional_keywords":null,"truseo_locale":null},"aioseo_breadcrumb":"<div class=\"aioseo-breadcrumbs\"><span class=\"aioseo-breadcrumb\">\n\t<a href=\"https:\/\/www.eldigitaldeasturias.com\/noticias\" title=\"Home\">Home<\/a>\n<\/span><span class=\"aioseo-breadcrumb-separator\">\u2013<\/span><span class=\"aioseo-breadcrumb\">\n\t<a href=\"https:\/\/www.eldigitaldeasturias.com\/noticias\/category\/actualidad\/\" title=\"Actualidad\">Actualidad<\/a>\n<\/span><span class=\"aioseo-breadcrumb-separator\">\u2013<\/span><span class=\"aioseo-breadcrumb\">\n\t<a href=\"https:\/\/www.eldigitaldeasturias.com\/noticias\/obama-volvera-a-pedir-mas-oportunidades-para-la-clase-media-en-el-estado-de-la-union\/\" title=\"Obama volver\u00e1 a pedir m\u00e1s oportunidades para la clase media en el Estado de la Uni\u00f3n\">Obama volver\u00e1 a pedir m\u00e1s oportunidades para la clase media en el Estado de la Uni\u00f3n<\/a>\n<\/span><\/div>","aioseo_breadcrumb_json":[{"label":"Home","link":"https:\/\/www.eldigitaldeasturias.com\/noticias"},{"label":"Actualidad","link":"https:\/\/www.eldigitaldeasturias.com\/noticias\/category\/actualidad\/"},{"label":"Obama volver\u00e1 a pedir m\u00e1s oportunidades para la clase media en el Estado de la Uni\u00f3n","link":"https:\/\/www.eldigitaldeasturias.com\/noticias\/obama-volvera-a-pedir-mas-oportunidades-para-la-clase-media-en-el-estado-de-la-union\/"}],"_links":{"self":[{"href":"https:\/\/www.eldigitaldeasturias.com\/noticias\/wp-json\/wp\/v2\/posts\/478589","targetHints":{"allow":["GET"]}}],"collection":[{"href":"https:\/\/www.eldigitaldeasturias.com\/noticias\/wp-json\/wp\/v2\/posts"}],"about":[{"href":"https:\/\/www.eldigitaldeasturias.com\/noticias\/wp-json\/wp\/v2\/types\/post"}],"author":[{"embeddable":true,"href":"https:\/\/www.eldigitaldeasturias.com\/noticias\/wp-json\/wp\/v2\/users\/1"}],"replies":[{"embeddable":true,"href":"https:\/\/www.eldigitaldeasturias.com\/noticias\/wp-json\/wp\/v2\/comments?post=478589"}],"version-history":[{"count":0,"href":"https:\/\/www.eldigitaldeasturias.com\/noticias\/wp-json\/wp\/v2\/posts\/478589\/revisions"}],"wp:featuredmedia":[{"embeddable":true,"href":"https:\/\/www.eldigitaldeasturias.com\/noticias\/wp-json\/wp\/v2\/media\/1132184"}],"wp:attachment":[{"href":"https:\/\/www.eldigitaldeasturias.com\/noticias\/wp-json\/wp\/v2\/media?parent=478589"}],"wp:term":[{"taxonomy":"category","embeddable":true,"href":"https:\/\/www.eldigitaldeasturias.com\/noticias\/wp-json\/wp\/v2\/categories?post=478589"},{"taxonomy":"post_tag","embeddable":true,"href":"https:\/\/www.eldigitaldeasturias.com\/noticias\/wp-json\/wp\/v2\/tags?post=478589"}],"curies":[{"name":"wp","href":"https:\/\/api.w.org\/{rel}","templated":true}]}}