{"id":478586,"date":"2014-01-25T07:30:18","date_gmt":"2014-01-25T08:30:18","guid":{"rendered":"http:\/\/www.eldigitaldeasturias.com\/noticias\/?p=478586"},"modified":"2014-01-25T07:30:18","modified_gmt":"2014-01-25T08:30:18","slug":"el-sur-de-libia-nuevo-foco-de-inestabilidad-para-francia-y-ee-uu","status":"publish","type":"post","link":"https:\/\/www.eldigitaldeasturias.com\/noticias\/el-sur-de-libia-nuevo-foco-de-inestabilidad-para-francia-y-ee-uu\/","title":{"rendered":"El sur de Libia, nuevo foco de inestabilidad para Francia y EE.UU"},"content":{"rendered":"<p><img loading=\"lazy\" decoding=\"async\" class=\"alignleft size-medium wp-image-478587\" alt=\"5875527w\" src=\"https:\/\/www.eldigitaldeasturias.com\/noticias\/wp-content\/uploads\/2014\/01\/5875527w-360x239.jpg\" width=\"360\" height=\"239\" \/>Washington, 24 ene (EFE).- El ministro franc\u00e9s de Defensa, Jean-Yves Le Drian, y el secretario de Defensa de Estados Unidos, Chuck Hagel, trataron hoy la inestabilidad en el Sahara y el Sahel y se\u00f1alaron el sur de Libia como un nuevo foco de inestabilidad en la regi\u00f3n.<\/p>\n<p>Le Drian asegur\u00f3 que en el sur de Libia \u00abse concentran grupos terroristas\u00bb, algo que se ha incrementado desde la intervenci\u00f3n francesa del pasado a\u00f1o en Mali, especialmente en el norte de ese pa\u00eds, donde han conseguido expulsar a grupos armados islamistas.<\/p>\n<p>Francia y Estados Unidos est\u00e1n considerando planes para entrenar a tropas del gobierno libio surgido tras la ca\u00edda del r\u00e9gimen de Muamar al Gadafi, muerto a manos de los rebeldes el 20 de octubre de 2011.<\/p>\n<p>El ministro galo dijo que el des\u00e9rtico sur de Libia se ha convertido en \u00abuna autopista\u00bb para el tr\u00e1fico de personas, armas y drogas desde el Cuerno de \u00c1frica hasta el centro-oeste africano.<\/p>\n<p>Le Drian confi\u00f3 en que Libia avance hacia la democratizaci\u00f3n y consolide el control de sus fronteras con la ayuda de EE.UU. y la Uni\u00f3n Europea, aunque el pa\u00eds permanece en \u00abun estado muy fr\u00e1gil\u00bb.<\/p>\n<p>\u00abEn Libia hay milicias tan bien equipadas como la polic\u00eda o el Ej\u00e9rcito&#8230; y podr\u00eda haber una explosi\u00f3n de violencia\u00bb, en opini\u00f3n del ministro franc\u00e9s, que discuti\u00f3 con Hagel estas y otras cuestiones, como el conflicto en la Rep\u00fablica Centroafricana.<\/p>\n<p>En una conferencia previa a su reuni\u00f3n con el jefe del Pent\u00e1gono, Le Drian dijo que Estados Unidos es un \u00absocio indispensable\u00bb para Francia en \u00c1frica, donde la regi\u00f3n de Sahara-Sahel se ha convertido en un lugar \u00abdonde los terroristas circulan libremente y ponen nuestra seguridad en riesgo\u00bb.<\/p>\n<p>Francia anunci\u00f3 recientemente que va a redistribuir unos 3.000 soldados que tiene desplegados en el Sahel para controlar mejor las amenazas terroristas y a la estabilidad desde Mali hasta el Chad y responder a nuevas emergencias.<\/p>\n","protected":false},"excerpt":{"rendered":"<p>Washington, 24 ene (EFE).- El ministro franc\u00e9s de Defensa, Jean-Yves Le Drian, y el secretario de Defensa de Estados Unidos, Chuck Hagel, trataron hoy la inestabilidad en el Sahara y el Sahel y se\u00f1alaron el sur de Libia como un nuevo foco de inestabilidad en la regi\u00f3n. Le Drian asegur\u00f3 que en el sur de [&hellip;]<\/p>\n","protected":false},"author":1,"featured_media":1132184,"comment_status":"closed","ping_status":"open","sticky":false,"template":"","format":"standard","meta":{"footnotes":""},"categories":[1],"tags":[],"class_list":["post-478586","post","type-post","status-publish","format-standard","has-post-thumbnail","hentry","category-actualidad"],"aioseo_notices":[],"aioseo_head":"\n\t\t<!-- All in One SEO Pro 5.0.1 - aioseo.com -->\n\t<meta name=\"description\" content=\"Washington, 24 ene (EFE).- El ministro franc\u00e9s de Defensa, Jean-Yves Le Drian, y el secretario de Defensa de Estados Unidos, Chuck Hagel, trataron hoy la inestabilidad en el Sahara y el Sahel y se\u00f1alaron el sur de Libia como un nuevo foco de inestabilidad en la regi\u00f3n. Le Drian asegur\u00f3 que en el sur de\" \/>\n\t<meta name=\"robots\" content=\"max-image-preview:large\" \/>\n\t<meta name=\"author\" content=\"El Digital de Asturias\"\/>\n\t<meta name=\"google-site-verification\" content=\"UA-38556648-1\" \/>\n\t<meta name=\"msvalidate.01\" content=\"7dfe9f3f1b24437ab69f4f2559babe99\" \/>\n\t<meta name=\"keywords\" content=\"actualidad\" \/>\n\t<link rel=\"canonical\" href=\"https:\/\/www.eldigitaldeasturias.com\/noticias\/el-sur-de-libia-nuevo-foco-de-inestabilidad-para-francia-y-ee-uu\/\" \/>\n\t<meta name=\"generator\" content=\"All in One SEO Pro (AIOSEO) 5.0.1\" \/>\n\t\t<meta property=\"og:locale\" content=\"es_ES\" \/>\n\t\t<meta property=\"og:site_name\" content=\"El Digital de Asturias\" \/>\n\t\t<meta property=\"og:type\" content=\"article\" \/>\n\t\t<meta property=\"og:title\" content=\"El sur de Libia, nuevo foco de inestabilidad para Francia y EE.UU - El Digital de Asturias\" \/>\n\t\t<meta property=\"og:description\" content=\"Washington, 24 ene (EFE).- El ministro franc\u00e9s de Defensa, Jean-Yves Le Drian, y el secretario de Defensa de Estados Unidos, Chuck Hagel, trataron hoy la inestabilidad en el Sahara y el Sahel y se\u00f1alaron el sur de Libia como un nuevo foco de inestabilidad en la regi\u00f3n. Le Drian asegur\u00f3 que en el sur de\" \/>\n\t\t<meta property=\"og:url\" content=\"https:\/\/www.eldigitaldeasturias.com\/noticias\/el-sur-de-libia-nuevo-foco-de-inestabilidad-para-francia-y-ee-uu\/\" \/>\n\t\t<meta property=\"og:image\" content=\"https:\/\/www.eldigitaldeasturias.com\/noticias\/wp-content\/uploads\/2026\/06\/Contenidos.jpg\" \/>\n\t\t<meta property=\"og:image:secure_url\" content=\"https:\/\/www.eldigitaldeasturias.com\/noticias\/wp-content\/uploads\/2026\/06\/Contenidos.jpg\" \/>\n\t\t<meta property=\"og:image:width\" content=\"1265\" \/>\n\t\t<meta property=\"og:image:height\" content=\"697\" \/>\n\t\t<meta property=\"article:tag\" content=\"actualidad\" \/>\n\t\t<meta property=\"article:published_time\" content=\"2014-01-25T08:30:18+00:00\" \/>\n\t\t<meta property=\"article:modified_time\" content=\"2014-01-25T08:30:18+00:00\" \/>\n\t\t<meta property=\"article:publisher\" content=\"https:\/\/facebook.com\/eldigitaldeasturias\" \/>\n\t\t<meta name=\"twitter:card\" content=\"summary_large_image\" \/>\n\t\t<meta name=\"twitter:title\" content=\"El sur de Libia, nuevo foco de inestabilidad para Francia y EE.UU - El Digital de Asturias\" \/>\n\t\t<meta name=\"twitter:description\" content=\"Washington, 24 ene (EFE).- El ministro franc\u00e9s de Defensa, Jean-Yves Le Drian, y el secretario de Defensa de Estados Unidos, Chuck Hagel, trataron hoy la inestabilidad en el Sahara y el Sahel y se\u00f1alaron el sur de Libia como un nuevo foco de inestabilidad en la regi\u00f3n. Le Drian asegur\u00f3 que en el sur de\" \/>\n\t\t<meta name=\"twitter:image\" content=\"https:\/\/www.eldigitaldeasturias.com\/noticias\/wp-content\/uploads\/2026\/06\/Contenidos.jpg\" \/>\n\t\t<meta name=\"twitter:label1\" content=\"Escrito por\" \/>\n\t\t<meta name=\"twitter:data1\" content=\"El Digital de Asturias\" \/>\n\t\t<meta name=\"twitter:label2\" content=\"Tiempo de lectura estimado\" \/>\n\t\t<meta name=\"twitter:data2\" content=\"2 minutos\" \/>\n\t\t<script type=\"application\/ld+json\" class=\"aioseo-schema\">\n\t\t\t{\"@context\":\"https:\\\/\\\/schema.org\",\"@graph\":[{\"@type\":\"BlogPosting\",\"@id\":\"https:\\\/\\\/www.eldigitaldeasturias.com\\\/noticias\\\/el-sur-de-libia-nuevo-foco-de-inestabilidad-para-francia-y-ee-uu\\\/#blogposting\",\"name\":\"El sur de Libia, nuevo foco de inestabilidad para Francia y EE.UU - El Digital de Asturias\",\"headline\":\"El sur de Libia, nuevo foco de inestabilidad para Francia y EE.UU\",\"author\":{\"@id\":\"https:\\\/\\\/www.eldigitaldeasturias.com\\\/noticias\\\/author\\\/admin\\\/#author\"},\"publisher\":{\"@id\":\"https:\\\/\\\/www.eldigitaldeasturias.com\\\/noticias\\\/#organization\"},\"image\":{\"@type\":\"ImageObject\",\"url\":\"https:\\\/\\\/www.eldigitaldeasturias.com\\\/noticias\\\/wp-content\\\/uploads\\\/2026\\\/06\\\/Contenidos.jpg\",\"width\":1265,\"height\":697,\"caption\":\"Contenidos\"},\"datePublished\":\"2014-01-25T07:30:18+01:00\",\"dateModified\":\"2014-01-25T07:30:18+01:00\",\"inLanguage\":\"es-ES\",\"mainEntityOfPage\":{\"@id\":\"https:\\\/\\\/www.eldigitaldeasturias.com\\\/noticias\\\/el-sur-de-libia-nuevo-foco-de-inestabilidad-para-francia-y-ee-uu\\\/#webpage\"},\"isPartOf\":{\"@id\":\"https:\\\/\\\/www.eldigitaldeasturias.com\\\/noticias\\\/el-sur-de-libia-nuevo-foco-de-inestabilidad-para-francia-y-ee-uu\\\/#webpage\"},\"articleSection\":\"Actualidad\"},{\"@type\":\"BreadcrumbList\",\"@id\":\"https:\\\/\\\/www.eldigitaldeasturias.com\\\/noticias\\\/el-sur-de-libia-nuevo-foco-de-inestabilidad-para-francia-y-ee-uu\\\/#breadcrumblist\",\"itemListElement\":[{\"@type\":\"ListItem\",\"@id\":\"https:\\\/\\\/www.eldigitaldeasturias.com\\\/noticias#listItem\",\"position\":1,\"name\":\"Home\",\"item\":\"https:\\\/\\\/www.eldigitaldeasturias.com\\\/noticias\",\"nextItem\":{\"@type\":\"ListItem\",\"@id\":\"https:\\\/\\\/www.eldigitaldeasturias.com\\\/noticias\\\/category\\\/actualidad\\\/#listItem\",\"name\":\"Actualidad\"}},{\"@type\":\"ListItem\",\"@id\":\"https:\\\/\\\/www.eldigitaldeasturias.com\\\/noticias\\\/category\\\/actualidad\\\/#listItem\",\"position\":2,\"name\":\"Actualidad\",\"item\":\"https:\\\/\\\/www.eldigitaldeasturias.com\\\/noticias\\\/category\\\/actualidad\\\/\",\"nextItem\":{\"@type\":\"ListItem\",\"@id\":\"https:\\\/\\\/www.eldigitaldeasturias.com\\\/noticias\\\/el-sur-de-libia-nuevo-foco-de-inestabilidad-para-francia-y-ee-uu\\\/#listItem\",\"name\":\"El sur de Libia, nuevo foco de inestabilidad para Francia y EE.UU\"},\"previousItem\":{\"@type\":\"ListItem\",\"@id\":\"https:\\\/\\\/www.eldigitaldeasturias.com\\\/noticias#listItem\",\"name\":\"Home\"}},{\"@type\":\"ListItem\",\"@id\":\"https:\\\/\\\/www.eldigitaldeasturias.com\\\/noticias\\\/el-sur-de-libia-nuevo-foco-de-inestabilidad-para-francia-y-ee-uu\\\/#listItem\",\"position\":3,\"name\":\"El sur de Libia, nuevo foco de inestabilidad para Francia y EE.UU\",\"previousItem\":{\"@type\":\"ListItem\",\"@id\":\"https:\\\/\\\/www.eldigitaldeasturias.com\\\/noticias\\\/category\\\/actualidad\\\/#listItem\",\"name\":\"Actualidad\"}}]},{\"@type\":\"Organization\",\"@id\":\"https:\\\/\\\/www.eldigitaldeasturias.com\\\/noticias\\\/#organization\",\"name\":\"El Digital de Asturias\",\"description\":\"Hemeroteca\",\"url\":\"https:\\\/\\\/www.eldigitaldeasturias.com\\\/noticias\\\/\",\"email\":\"info@eldigitaldeasturias.com\",\"telephone\":\"+34652131393\",\"logo\":{\"@type\":\"ImageObject\",\"url\":\"https:\\\/\\\/www.eldigitaldeasturias.com\\\/noticias\\\/wp-content\\\/uploads\\\/2020\\\/12\\\/EDA.jpg\",\"@id\":\"https:\\\/\\\/www.eldigitaldeasturias.com\\\/noticias\\\/el-sur-de-libia-nuevo-foco-de-inestabilidad-para-francia-y-ee-uu\\\/#organizationLogo\"},\"image\":{\"@id\":\"https:\\\/\\\/www.eldigitaldeasturias.com\\\/noticias\\\/el-sur-de-libia-nuevo-foco-de-inestabilidad-para-francia-y-ee-uu\\\/#organizationLogo\"},\"sameAs\":[\"https:\\\/\\\/facebook.com\\\/eldigitaldeasturias\",\"https:\\\/\\\/www.youtube.com\\\/channel\\\/UCZP-2wLEB9Rv6erhFmqVnvg\"],\"address\":{\"@id\":\"https:\\\/\\\/www.eldigitaldeasturias.com\\\/noticias\\\/#postaladdress\",\"@type\":\"PostalAddress\",\"streetAddress\":\"san antonio 4\",\"postalCode\":\"33430\",\"addressLocality\":\"Cand\\u00e1s\",\"addressRegion\":\"Asturias\",\"addressCountry\":\"ES\"}},{\"@type\":\"Person\",\"@id\":\"https:\\\/\\\/www.eldigitaldeasturias.com\\\/noticias\\\/author\\\/admin\\\/#author\",\"url\":\"https:\\\/\\\/www.eldigitaldeasturias.com\\\/noticias\\\/author\\\/admin\\\/\",\"name\":\"El Digital de Asturias\",\"image\":{\"@type\":\"ImageObject\",\"@id\":\"https:\\\/\\\/www.eldigitaldeasturias.com\\\/noticias\\\/el-sur-de-libia-nuevo-foco-de-inestabilidad-para-francia-y-ee-uu\\\/#authorImage\",\"url\":\"https:\\\/\\\/secure.gravatar.com\\\/avatar\\\/df2aeffc32bcd13f8d26072ef8a91b623d677766deac7f97ca815868cd41bf5e?s=96&d=mm&r=g\",\"width\":96,\"height\":96,\"caption\":\"El Digital de Asturias\"}},{\"@type\":\"WebPage\",\"@id\":\"https:\\\/\\\/www.eldigitaldeasturias.com\\\/noticias\\\/el-sur-de-libia-nuevo-foco-de-inestabilidad-para-francia-y-ee-uu\\\/#webpage\",\"url\":\"https:\\\/\\\/www.eldigitaldeasturias.com\\\/noticias\\\/el-sur-de-libia-nuevo-foco-de-inestabilidad-para-francia-y-ee-uu\\\/\",\"name\":\"El sur de Libia, nuevo foco de inestabilidad para Francia y EE.UU - El Digital de Asturias\",\"description\":\"Washington, 24 ene (EFE).- El ministro franc\\u00e9s de Defensa, Jean-Yves Le Drian, y el secretario de Defensa de Estados Unidos, Chuck Hagel, trataron hoy la inestabilidad en el Sahara y el Sahel y se\\u00f1alaron el sur de Libia como un nuevo foco de inestabilidad en la regi\\u00f3n. Le Drian asegur\\u00f3 que en el sur de\",\"inLanguage\":\"es-ES\",\"isPartOf\":{\"@id\":\"https:\\\/\\\/www.eldigitaldeasturias.com\\\/noticias\\\/#website\"},\"breadcrumb\":{\"@id\":\"https:\\\/\\\/www.eldigitaldeasturias.com\\\/noticias\\\/el-sur-de-libia-nuevo-foco-de-inestabilidad-para-francia-y-ee-uu\\\/#breadcrumblist\"},\"author\":{\"@id\":\"https:\\\/\\\/www.eldigitaldeasturias.com\\\/noticias\\\/author\\\/admin\\\/#author\"},\"creator\":{\"@id\":\"https:\\\/\\\/www.eldigitaldeasturias.com\\\/noticias\\\/author\\\/admin\\\/#author\"},\"image\":{\"@type\":\"ImageObject\",\"url\":\"https:\\\/\\\/www.eldigitaldeasturias.com\\\/noticias\\\/wp-content\\\/uploads\\\/2026\\\/06\\\/Contenidos.jpg\",\"@id\":\"https:\\\/\\\/www.eldigitaldeasturias.com\\\/noticias\\\/el-sur-de-libia-nuevo-foco-de-inestabilidad-para-francia-y-ee-uu\\\/#mainImage\",\"width\":1265,\"height\":697,\"caption\":\"Contenidos\"},\"primaryImageOfPage\":{\"@id\":\"https:\\\/\\\/www.eldigitaldeasturias.com\\\/noticias\\\/el-sur-de-libia-nuevo-foco-de-inestabilidad-para-francia-y-ee-uu\\\/#mainImage\"},\"datePublished\":\"2014-01-25T07:30:18+01:00\",\"dateModified\":\"2014-01-25T07:30:18+01:00\"},{\"@type\":\"WebSite\",\"@id\":\"https:\\\/\\\/www.eldigitaldeasturias.com\\\/noticias\\\/#website\",\"url\":\"https:\\\/\\\/www.eldigitaldeasturias.com\\\/noticias\\\/\",\"name\":\"El Digital de Asturias - Diario de actualidad y noticias\",\"alternateName\":\"El Digital de Asturias - Diario de actualidad y noticias\",\"description\":\"Hemeroteca\",\"inLanguage\":\"es-ES\",\"publisher\":{\"@id\":\"https:\\\/\\\/www.eldigitaldeasturias.com\\\/noticias\\\/#organization\"}}]}\n\t\t<\/script>\n\t\t<!-- All in One SEO Pro -->\r\n\t\t<title>El sur de Libia, nuevo foco de inestabilidad para Francia y EE.UU - El Digital de Asturias<\/title>\n\n","aioseo_head_json":{"title":"El sur de Libia, nuevo foco de inestabilidad para Francia y EE.UU - El Digital de Asturias","description":"Washington, 24 ene (EFE).- El ministro franc\u00e9s de Defensa, Jean-Yves Le Drian, y el secretario de Defensa de Estados Unidos, Chuck Hagel, trataron hoy la inestabilidad en el Sahara y el Sahel y se\u00f1alaron el sur de Libia como un nuevo foco de inestabilidad en la regi\u00f3n. Le Drian asegur\u00f3 que en el sur de","canonical_url":"https:\/\/www.eldigitaldeasturias.com\/noticias\/el-sur-de-libia-nuevo-foco-de-inestabilidad-para-francia-y-ee-uu\/","robots":"max-image-preview:large","keywords":"actualidad","webmasterTools":{"google-site-verification":"UA-38556648-1","msvalidate.01":"7dfe9f3f1b24437ab69f4f2559babe99","miscellaneous":""},"schema":{"@context":"https:\/\/schema.org","@graph":[{"@type":"BlogPosting","@id":"https:\/\/www.eldigitaldeasturias.com\/noticias\/el-sur-de-libia-nuevo-foco-de-inestabilidad-para-francia-y-ee-uu\/#blogposting","name":"El sur de Libia, nuevo foco de inestabilidad para Francia y EE.UU - El Digital de Asturias","headline":"El sur de Libia, nuevo foco de inestabilidad para Francia y EE.UU","author":{"@id":"https:\/\/www.eldigitaldeasturias.com\/noticias\/author\/admin\/#author"},"publisher":{"@id":"https:\/\/www.eldigitaldeasturias.com\/noticias\/#organization"},"image":{"@type":"ImageObject","url":"https:\/\/www.eldigitaldeasturias.com\/noticias\/wp-content\/uploads\/2026\/06\/Contenidos.jpg","width":1265,"height":697,"caption":"Contenidos"},"datePublished":"2014-01-25T07:30:18+01:00","dateModified":"2014-01-25T07:30:18+01:00","inLanguage":"es-ES","mainEntityOfPage":{"@id":"https:\/\/www.eldigitaldeasturias.com\/noticias\/el-sur-de-libia-nuevo-foco-de-inestabilidad-para-francia-y-ee-uu\/#webpage"},"isPartOf":{"@id":"https:\/\/www.eldigitaldeasturias.com\/noticias\/el-sur-de-libia-nuevo-foco-de-inestabilidad-para-francia-y-ee-uu\/#webpage"},"articleSection":"Actualidad"},{"@type":"BreadcrumbList","@id":"https:\/\/www.eldigitaldeasturias.com\/noticias\/el-sur-de-libia-nuevo-foco-de-inestabilidad-para-francia-y-ee-uu\/#breadcrumblist","itemListElement":[{"@type":"ListItem","@id":"https:\/\/www.eldigitaldeasturias.com\/noticias#listItem","position":1,"name":"Home","item":"https:\/\/www.eldigitaldeasturias.com\/noticias","nextItem":{"@type":"ListItem","@id":"https:\/\/www.eldigitaldeasturias.com\/noticias\/category\/actualidad\/#listItem","name":"Actualidad"}},{"@type":"ListItem","@id":"https:\/\/www.eldigitaldeasturias.com\/noticias\/category\/actualidad\/#listItem","position":2,"name":"Actualidad","item":"https:\/\/www.eldigitaldeasturias.com\/noticias\/category\/actualidad\/","nextItem":{"@type":"ListItem","@id":"https:\/\/www.eldigitaldeasturias.com\/noticias\/el-sur-de-libia-nuevo-foco-de-inestabilidad-para-francia-y-ee-uu\/#listItem","name":"El sur de Libia, nuevo foco de inestabilidad para Francia y EE.UU"},"previousItem":{"@type":"ListItem","@id":"https:\/\/www.eldigitaldeasturias.com\/noticias#listItem","name":"Home"}},{"@type":"ListItem","@id":"https:\/\/www.eldigitaldeasturias.com\/noticias\/el-sur-de-libia-nuevo-foco-de-inestabilidad-para-francia-y-ee-uu\/#listItem","position":3,"name":"El sur de Libia, nuevo foco de inestabilidad para Francia y EE.UU","previousItem":{"@type":"ListItem","@id":"https:\/\/www.eldigitaldeasturias.com\/noticias\/category\/actualidad\/#listItem","name":"Actualidad"}}]},{"@type":"Organization","@id":"https:\/\/www.eldigitaldeasturias.com\/noticias\/#organization","name":"El Digital de Asturias","description":"Hemeroteca","url":"https:\/\/www.eldigitaldeasturias.com\/noticias\/","email":"info@eldigitaldeasturias.com","telephone":"+34652131393","logo":{"@type":"ImageObject","url":"https:\/\/www.eldigitaldeasturias.com\/noticias\/wp-content\/uploads\/2020\/12\/EDA.jpg","@id":"https:\/\/www.eldigitaldeasturias.com\/noticias\/el-sur-de-libia-nuevo-foco-de-inestabilidad-para-francia-y-ee-uu\/#organizationLogo"},"image":{"@id":"https:\/\/www.eldigitaldeasturias.com\/noticias\/el-sur-de-libia-nuevo-foco-de-inestabilidad-para-francia-y-ee-uu\/#organizationLogo"},"sameAs":["https:\/\/facebook.com\/eldigitaldeasturias","https:\/\/www.youtube.com\/channel\/UCZP-2wLEB9Rv6erhFmqVnvg"],"address":{"@id":"https:\/\/www.eldigitaldeasturias.com\/noticias\/#postaladdress","@type":"PostalAddress","streetAddress":"san antonio 4","postalCode":"33430","addressLocality":"Cand\u00e1s","addressRegion":"Asturias","addressCountry":"ES"}},{"@type":"Person","@id":"https:\/\/www.eldigitaldeasturias.com\/noticias\/author\/admin\/#author","url":"https:\/\/www.eldigitaldeasturias.com\/noticias\/author\/admin\/","name":"El Digital de Asturias","image":{"@type":"ImageObject","@id":"https:\/\/www.eldigitaldeasturias.com\/noticias\/el-sur-de-libia-nuevo-foco-de-inestabilidad-para-francia-y-ee-uu\/#authorImage","url":"https:\/\/secure.gravatar.com\/avatar\/df2aeffc32bcd13f8d26072ef8a91b623d677766deac7f97ca815868cd41bf5e?s=96&d=mm&r=g","width":96,"height":96,"caption":"El Digital de Asturias"}},{"@type":"WebPage","@id":"https:\/\/www.eldigitaldeasturias.com\/noticias\/el-sur-de-libia-nuevo-foco-de-inestabilidad-para-francia-y-ee-uu\/#webpage","url":"https:\/\/www.eldigitaldeasturias.com\/noticias\/el-sur-de-libia-nuevo-foco-de-inestabilidad-para-francia-y-ee-uu\/","name":"El sur de Libia, nuevo foco de inestabilidad para Francia y EE.UU - El Digital de Asturias","description":"Washington, 24 ene (EFE).- El ministro franc\u00e9s de Defensa, Jean-Yves Le Drian, y el secretario de Defensa de Estados Unidos, Chuck Hagel, trataron hoy la inestabilidad en el Sahara y el Sahel y se\u00f1alaron el sur de Libia como un nuevo foco de inestabilidad en la regi\u00f3n. Le Drian asegur\u00f3 que en el sur de","inLanguage":"es-ES","isPartOf":{"@id":"https:\/\/www.eldigitaldeasturias.com\/noticias\/#website"},"breadcrumb":{"@id":"https:\/\/www.eldigitaldeasturias.com\/noticias\/el-sur-de-libia-nuevo-foco-de-inestabilidad-para-francia-y-ee-uu\/#breadcrumblist"},"author":{"@id":"https:\/\/www.eldigitaldeasturias.com\/noticias\/author\/admin\/#author"},"creator":{"@id":"https:\/\/www.eldigitaldeasturias.com\/noticias\/author\/admin\/#author"},"image":{"@type":"ImageObject","url":"https:\/\/www.eldigitaldeasturias.com\/noticias\/wp-content\/uploads\/2026\/06\/Contenidos.jpg","@id":"https:\/\/www.eldigitaldeasturias.com\/noticias\/el-sur-de-libia-nuevo-foco-de-inestabilidad-para-francia-y-ee-uu\/#mainImage","width":1265,"height":697,"caption":"Contenidos"},"primaryImageOfPage":{"@id":"https:\/\/www.eldigitaldeasturias.com\/noticias\/el-sur-de-libia-nuevo-foco-de-inestabilidad-para-francia-y-ee-uu\/#mainImage"},"datePublished":"2014-01-25T07:30:18+01:00","dateModified":"2014-01-25T07:30:18+01:00"},{"@type":"WebSite","@id":"https:\/\/www.eldigitaldeasturias.com\/noticias\/#website","url":"https:\/\/www.eldigitaldeasturias.com\/noticias\/","name":"El Digital de Asturias - Diario de actualidad y noticias","alternateName":"El Digital de Asturias - Diario de actualidad y noticias","description":"Hemeroteca","inLanguage":"es-ES","publisher":{"@id":"https:\/\/www.eldigitaldeasturias.com\/noticias\/#organization"}}]},"og:locale":"es_ES","og:site_name":"El Digital de Asturias","og:type":"article","og:title":"El sur de Libia, nuevo foco de inestabilidad para Francia y EE.UU - El Digital de Asturias","og:description":"Washington, 24 ene (EFE).- El ministro franc\u00e9s de Defensa, Jean-Yves Le Drian, y el secretario de Defensa de Estados Unidos, Chuck Hagel, trataron hoy la inestabilidad en el Sahara y el Sahel y se\u00f1alaron el sur de Libia como un nuevo foco de inestabilidad en la regi\u00f3n. Le Drian asegur\u00f3 que en el sur de","og:url":"https:\/\/www.eldigitaldeasturias.com\/noticias\/el-sur-de-libia-nuevo-foco-de-inestabilidad-para-francia-y-ee-uu\/","og:image":"https:\/\/www.eldigitaldeasturias.com\/noticias\/wp-content\/uploads\/2026\/06\/Contenidos.jpg","og:image:secure_url":"https:\/\/www.eldigitaldeasturias.com\/noticias\/wp-content\/uploads\/2026\/06\/Contenidos.jpg","og:image:width":1265,"og:image:height":697,"article:tag":["actualidad"],"article:published_time":"2014-01-25T08:30:18+00:00","article:modified_time":"2014-01-25T08:30:18+00:00","article:publisher":"https:\/\/facebook.com\/eldigitaldeasturias","twitter:card":"summary_large_image","twitter:title":"El sur de Libia, nuevo foco de inestabilidad para Francia y EE.UU - El Digital de Asturias","twitter:description":"Washington, 24 ene (EFE).- El ministro franc\u00e9s de Defensa, Jean-Yves Le Drian, y el secretario de Defensa de Estados Unidos, Chuck Hagel, trataron hoy la inestabilidad en el Sahara y el Sahel y se\u00f1alaron el sur de Libia como un nuevo foco de inestabilidad en la regi\u00f3n. Le Drian asegur\u00f3 que en el sur de","twitter:image":"https:\/\/www.eldigitaldeasturias.com\/noticias\/wp-content\/uploads\/2026\/06\/Contenidos.jpg","twitter:label1":"Escrito por","twitter:data1":"El Digital de Asturias","twitter:label2":"Tiempo de lectura estimado","twitter:data2":"2 minutos"},"aioseo_meta_data":{"post_id":"478586","title":null,"description":null,"keywords":null,"keyphrases":null,"primary_term":null,"canonical_url":null,"og_title":null,"og_description":null,"og_object_type":"default","og_image_type":"default","og_image_url":null,"og_image_width":null,"og_image_height":null,"og_image_custom_url":null,"og_image_custom_fields":null,"og_video":null,"og_custom_url":null,"og_article_section":null,"og_article_tags":null,"twitter_use_og":true,"twitter_card":"default","twitter_image_type":"default","twitter_image_url":null,"twitter_image_custom_url":null,"twitter_image_custom_fields":null,"twitter_title":null,"twitter_description":null,"schema":{"blockGraphs":[],"customGraphs":[],"default":{"data":{"Article":[],"Course":[],"Dataset":[],"FAQPage":[],"Movie":[],"Person":[],"Product":[],"ProductReview":[],"Car":[],"Recipe":[],"Service":[],"SoftwareApplication":[],"WebPage":[]},"graphName":"","isEnabled":true},"graphs":[]},"schema_type":null,"schema_type_options":null,"pillar_content":false,"robots_default":true,"robots_noindex":false,"robots_noarchive":false,"robots_nosnippet":false,"robots_nofollow":false,"robots_noimageindex":false,"robots_noodp":false,"robots_notranslate":false,"robots_max_snippet":null,"robots_max_videopreview":null,"robots_max_imagepreview":"none","priority":null,"frequency":null,"local_seo":null,"seo_analyzer_scan_date":"2026-06-01 21:58:54","breadcrumb_settings":null,"limit_modified_date":false,"open_ai":null,"ai":null,"created":"2020-11-14 22:53:56","updated":"2026-06-01 21:58:54","focus_keyword":null,"additional_keywords":null,"truseo_locale":null},"aioseo_breadcrumb":"<div class=\"aioseo-breadcrumbs\"><span class=\"aioseo-breadcrumb\">\n\t<a href=\"https:\/\/www.eldigitaldeasturias.com\/noticias\" title=\"Home\">Home<\/a>\n<\/span><span class=\"aioseo-breadcrumb-separator\">\u2013<\/span><span class=\"aioseo-breadcrumb\">\n\t<a href=\"https:\/\/www.eldigitaldeasturias.com\/noticias\/category\/actualidad\/\" title=\"Actualidad\">Actualidad<\/a>\n<\/span><span class=\"aioseo-breadcrumb-separator\">\u2013<\/span><span class=\"aioseo-breadcrumb\">\n\t<a href=\"https:\/\/www.eldigitaldeasturias.com\/noticias\/el-sur-de-libia-nuevo-foco-de-inestabilidad-para-francia-y-ee-uu\/\" title=\"El sur de Libia, nuevo foco de inestabilidad para Francia y EE.UU\">El sur de Libia, nuevo foco de inestabilidad para Francia y EE.UU<\/a>\n<\/span><\/div>","aioseo_breadcrumb_json":[{"label":"Home","link":"https:\/\/www.eldigitaldeasturias.com\/noticias"},{"label":"Actualidad","link":"https:\/\/www.eldigitaldeasturias.com\/noticias\/category\/actualidad\/"},{"label":"El sur de Libia, nuevo foco de inestabilidad para Francia y EE.UU","link":"https:\/\/www.eldigitaldeasturias.com\/noticias\/el-sur-de-libia-nuevo-foco-de-inestabilidad-para-francia-y-ee-uu\/"}],"_links":{"self":[{"href":"https:\/\/www.eldigitaldeasturias.com\/noticias\/wp-json\/wp\/v2\/posts\/478586","targetHints":{"allow":["GET"]}}],"collection":[{"href":"https:\/\/www.eldigitaldeasturias.com\/noticias\/wp-json\/wp\/v2\/posts"}],"about":[{"href":"https:\/\/www.eldigitaldeasturias.com\/noticias\/wp-json\/wp\/v2\/types\/post"}],"author":[{"embeddable":true,"href":"https:\/\/www.eldigitaldeasturias.com\/noticias\/wp-json\/wp\/v2\/users\/1"}],"replies":[{"embeddable":true,"href":"https:\/\/www.eldigitaldeasturias.com\/noticias\/wp-json\/wp\/v2\/comments?post=478586"}],"version-history":[{"count":0,"href":"https:\/\/www.eldigitaldeasturias.com\/noticias\/wp-json\/wp\/v2\/posts\/478586\/revisions"}],"wp:featuredmedia":[{"embeddable":true,"href":"https:\/\/www.eldigitaldeasturias.com\/noticias\/wp-json\/wp\/v2\/media\/1132184"}],"wp:attachment":[{"href":"https:\/\/www.eldigitaldeasturias.com\/noticias\/wp-json\/wp\/v2\/media?parent=478586"}],"wp:term":[{"taxonomy":"category","embeddable":true,"href":"https:\/\/www.eldigitaldeasturias.com\/noticias\/wp-json\/wp\/v2\/categories?post=478586"},{"taxonomy":"post_tag","embeddable":true,"href":"https:\/\/www.eldigitaldeasturias.com\/noticias\/wp-json\/wp\/v2\/tags?post=478586"}],"curies":[{"name":"wp","href":"https:\/\/api.w.org\/{rel}","templated":true}]}}