{"id":478577,"date":"2014-01-25T07:26:12","date_gmt":"2014-01-25T08:26:12","guid":{"rendered":"http:\/\/www.eldigitaldeasturias.com\/noticias\/?p=478577"},"modified":"2014-01-25T07:26:12","modified_gmt":"2014-01-25T08:26:12","slug":"bachelet-suma-fuerzas-para-un-gobierno-que-debe-cumplir-un-ambicioso-programa","status":"publish","type":"post","link":"https:\/\/www.eldigitaldeasturias.com\/noticias\/bachelet-suma-fuerzas-para-un-gobierno-que-debe-cumplir-un-ambicioso-programa\/","title":{"rendered":"Bachelet suma fuerzas para un Gobierno que debe cumplir un ambicioso programa"},"content":{"rendered":"<p><img loading=\"lazy\" decoding=\"async\" class=\"alignleft size-medium wp-image-478578\" alt=\"5875469w\" src=\"https:\/\/www.eldigitaldeasturias.com\/noticias\/wp-content\/uploads\/2014\/01\/5875469w-360x239.jpg\" width=\"360\" height=\"239\" \/>Santiago de Chile, 24 ene (EFE).- La presidenta electa de Chile, Michelle Bachelet, present\u00f3 hoy los ministros que compondr\u00e1n el gabinete con el que inaugurar\u00e1 su segundo mandato en marzo pr\u00f3ximo y que conforman un equipo plural por su perfil t\u00e9cnico, pol\u00edtico y de genero.<\/p>\n<p>\u00abEs un equipo seleccionado con base en condiciones de liderazgo, t\u00e9cnica, compromiso con el programa y condiciones\u00bb, destac\u00f3 Bachelet, al anunciar a los 23 integrantes de su gabinete, en el que hay seis independientes y nueve mujeres.<\/p>\n<p>El nuevo gobierno ser\u00e1 el encargado de llevar adelante un programa con el que la presidenta electa pretende dotar al pa\u00eds de una nueva Constituci\u00f3n, reformar la educaci\u00f3n para que sea gratuita y de mayor calidad, y elevar los impuestos a las grandes empresas.<\/p>\n<p>Se trata de una tarea \u00abnada f\u00e1cil\u00bb, para la que Bachelet pidi\u00f3 a sus ministros \u00abtrabajo, trabajo y m\u00e1s trabajo\u00bb.<\/p>\n<p>\u00abNuestro programa recoge un Chile que cambi\u00f3 y que demanda mayor calidad de vida y la urgencia de enfrentar la desigualdad\u00bb, enfatiz\u00f3 Bachelet.<\/p>\n<p>\u00abLa lista de desaf\u00edos es larga y estamos conscientes de que no ser\u00e1 f\u00e1cil iniciar cambios que son resistidos por algunos sectores que ven amenazados sus intereses con la gratuidad de la educaci\u00f3n, mayores derechos laborales o el fortalecimiento de la salud p\u00fablica\u00bb, admiti\u00f3.<\/p>\n<p>Ninguno de los nuevos ministros ha participado en los anteriores gabinetes de Michelle Bachelet, quien ya gobern\u00f3 Chile entre 2006 y 2010.<\/p>\n<p>Entre los 23 miembros del gabinete hay seis militantes del Partido por la Democracia, cinco de la Democracia Cristiana, tres del Partido Socialista, dos del Partido Radical y uno del Partido Comunista.<\/p>\n<p>Precisamente, \u00e9sta es una de las principales novedades, ya que con el nombramiento de la soci\u00f3loga Claudia Pascal al frente del Servicio Nacional de la Mujer, los comunistas vuelven a formar parte de un gobierno desde que en 1971 Salvador Allende los integrara en su gabinete.<\/p>\n<p>La presencia de los comunistas, que mantienen influencia en organizaciones sindicales y parcialmente en las estudiantiles, puede ayudar a Bachelet en el di\u00e1logo con esos sectores, en lugar del choque frontal que ha caracterizado la administraci\u00f3n de Sebasti\u00e1n Pi\u00f1era.<\/p>\n<p>La presidenta electa anunci\u00f3 que la pr\u00f3xima semana, una vez que d\u00e9 a conocer tambi\u00e9n los nombres de los subsecretarios y de los intendentes regionales, celebrar\u00e1 una reuni\u00f3n con el equipo completo.<\/p>\n<p>\u00abSabemos que no hay tiempo que demorar, porque la gente est\u00e1 esperando mucho de nosotros\u00bb, recalc\u00f3 Bachelet, quien expres\u00f3 su convicci\u00f3n de que su gobierno cuenta \u00abcon el apoyo y la fuerza de la gran mayor\u00eda de los chilenos\u00bb para que dentro de cuatro a\u00f1os entregue un pa\u00eds mejor.<\/p>\n<p>Al frente del Ministerio del Interior, una de las carteras m\u00e1s importantes, estar\u00e1 Rodrigo Pe\u00f1ailillo, considerado el \u00abhombre fuerte\u00bb del bacheletismo, mientras que en Relaciones Exteriores Exteriores asumir\u00e1 el subsecretario general de la ONU, Heraldo Mu\u00f1oz, quien hasta ahora se desempe\u00f1aba como director regional del Programa de las Naciones Unidas para el Desarrollo.<\/p>\n<p>El jefe de programas del comando presidencial de la Nueva Mayor\u00eda, Alberto Arenas, ser\u00e1 el encargado en su condici\u00f3n de ministro de Hacienda de dise\u00f1ar la anunciada reforma tributaria.<\/p>\n<p>En tanto, la cartera de Educaci\u00f3n, una de las \u00e1reas m\u00e1s complejas a causa del conflicto estudiantil que se arrastra desde el a\u00f1o 2011, estar\u00e1 en manos del exdirector regional del FMI Nicol\u00e1s Eyzaguirre, quien fue ministro de Hacienda durante la presidencia de Ricardo Lagos (2000-2006)<\/p>\n<p>El portavoz (ministro secretario general de Gobierno) ser\u00e1 el abogado \u00c1lvaro Elizalde, quien durante la reciente campa\u00f1a electoral se desempe\u00f1\u00f3 como jefe de comunicaciones, mientras que Jorge Burgos, un pol\u00edtico democristiano de larga trayectoria en la Concertaci\u00f3n, se ocupar\u00e1 de la cartera de Defensa.<\/p>\n<p>Y aunque la presencia femenina alcanza el 40 por ciento del nuevo gabinete, Bachelet, que fue la primera directora de ONU Mujeres de la historia, reconoci\u00f3 que le hubiese gustado que su equipo fuese \u00abtotalmente paritario\u00bb.<\/p>\n<p>A diferencia de Sebasti\u00e1n Pi\u00f1era, Bachelet contar\u00e1 con una amplia y c\u00f3moda mayor\u00eda en el Parlamento, ya que en el Senado tiene 21 de los 38 esca\u00f1os, mientras que en la C\u00e1mara de Diputados la Nueva Mayor\u00eda est\u00e1 representada por 67 legisladores, de un total de 120, m\u00e1s otros cuatro de la oposici\u00f3n que apoyan al nuevo gobierno.<\/p>\n<p>Ello le permitir\u00e1 a la presidenta sacar adelante leyes que no requieren mayor\u00eda cualificada, pero tendr\u00e1 que negociar con la oposici\u00f3n si quiere poner en marcha proyectos de gran calado, como la elaboraci\u00f3n de una nueva Constituci\u00f3n.<\/p>\n<p>El anuncio del nuevo gobierno -que fue realizado tres d\u00edas antes de que se conozca el fallo de la Corte Internacional de Justicia de La Haya sobre la demanda peruana por la frontera mar\u00edtima- fue bien recibido en t\u00e9rminos generales por la futura oposici\u00f3n.<\/p>\n<p>Junto a las felicitaciones, el presidente de la Uni\u00f3n Dem\u00f3crata Independiente, Patricio Melero, dijo que esperaba que dialogara con la oposici\u00f3n y buscara la mayor cantidad de acuerdos, en tanto que el senador Francisco Chau\u00e1n, vicepresidente de Renovaci\u00f3n Nacional, anunci\u00f3 un gabinete alternativo, para fiscalizar la acci\u00f3n del nuevo gobierno.<\/p>\n<p>&nbsp;<\/p>\n<p>Manuel Fuentes<\/p>\n","protected":false},"excerpt":{"rendered":"<p>Santiago de Chile, 24 ene (EFE).- La presidenta electa de Chile, Michelle Bachelet, present\u00f3 hoy los ministros que compondr\u00e1n el gabinete con el que inaugurar\u00e1 su segundo mandato en marzo pr\u00f3ximo y que conforman un equipo plural por su perfil t\u00e9cnico, pol\u00edtico y de genero. \u00abEs un equipo seleccionado con base en condiciones de liderazgo, [&hellip;]<\/p>\n","protected":false},"author":1,"featured_media":1132184,"comment_status":"closed","ping_status":"open","sticky":false,"template":"","format":"standard","meta":{"footnotes":""},"categories":[1],"tags":[],"class_list":["post-478577","post","type-post","status-publish","format-standard","has-post-thumbnail","hentry","category-actualidad"],"aioseo_notices":[],"aioseo_head":"\n\t\t<!-- All in One SEO Pro 5.0.1 - aioseo.com -->\n\t<meta name=\"description\" content=\"Santiago de Chile, 24 ene (EFE).- La presidenta electa de Chile, Michelle Bachelet, present\u00f3 hoy los ministros que compondr\u00e1n el gabinete con el que inaugurar\u00e1 su segundo mandato en marzo pr\u00f3ximo y que conforman un equipo plural por su perfil t\u00e9cnico, pol\u00edtico y de genero. &quot;Es un equipo seleccionado con base en condiciones de liderazgo,\" \/>\n\t<meta name=\"robots\" content=\"max-image-preview:large\" \/>\n\t<meta name=\"author\" content=\"El Digital de Asturias\"\/>\n\t<meta name=\"google-site-verification\" content=\"UA-38556648-1\" \/>\n\t<meta name=\"msvalidate.01\" content=\"7dfe9f3f1b24437ab69f4f2559babe99\" \/>\n\t<meta name=\"keywords\" content=\"actualidad\" \/>\n\t<link rel=\"canonical\" href=\"https:\/\/www.eldigitaldeasturias.com\/noticias\/bachelet-suma-fuerzas-para-un-gobierno-que-debe-cumplir-un-ambicioso-programa\/\" \/>\n\t<meta name=\"generator\" content=\"All in One SEO Pro (AIOSEO) 5.0.1\" \/>\n\t\t<meta property=\"og:locale\" content=\"es_ES\" \/>\n\t\t<meta property=\"og:site_name\" content=\"El Digital de Asturias\" \/>\n\t\t<meta property=\"og:type\" content=\"article\" \/>\n\t\t<meta property=\"og:title\" content=\"Bachelet suma fuerzas para un Gobierno que debe cumplir un ambicioso programa - El Digital de Asturias\" \/>\n\t\t<meta property=\"og:description\" content=\"Santiago de Chile, 24 ene (EFE).- La presidenta electa de Chile, Michelle Bachelet, present\u00f3 hoy los ministros que compondr\u00e1n el gabinete con el que inaugurar\u00e1 su segundo mandato en marzo pr\u00f3ximo y que conforman un equipo plural por su perfil t\u00e9cnico, pol\u00edtico y de genero. &quot;Es un equipo seleccionado con base en condiciones de liderazgo,\" \/>\n\t\t<meta property=\"og:url\" content=\"https:\/\/www.eldigitaldeasturias.com\/noticias\/bachelet-suma-fuerzas-para-un-gobierno-que-debe-cumplir-un-ambicioso-programa\/\" \/>\n\t\t<meta property=\"og:image\" content=\"https:\/\/www.eldigitaldeasturias.com\/noticias\/wp-content\/uploads\/2026\/06\/Contenidos.jpg\" \/>\n\t\t<meta property=\"og:image:secure_url\" content=\"https:\/\/www.eldigitaldeasturias.com\/noticias\/wp-content\/uploads\/2026\/06\/Contenidos.jpg\" \/>\n\t\t<meta property=\"og:image:width\" content=\"1265\" \/>\n\t\t<meta property=\"og:image:height\" content=\"697\" \/>\n\t\t<meta property=\"article:tag\" content=\"actualidad\" \/>\n\t\t<meta property=\"article:published_time\" content=\"2014-01-25T08:26:12+00:00\" \/>\n\t\t<meta property=\"article:modified_time\" content=\"2014-01-25T08:26:12+00:00\" \/>\n\t\t<meta property=\"article:publisher\" content=\"https:\/\/facebook.com\/eldigitaldeasturias\" \/>\n\t\t<meta name=\"twitter:card\" content=\"summary_large_image\" \/>\n\t\t<meta name=\"twitter:title\" content=\"Bachelet suma fuerzas para un Gobierno que debe cumplir un ambicioso programa - El Digital de Asturias\" \/>\n\t\t<meta name=\"twitter:description\" content=\"Santiago de Chile, 24 ene (EFE).- La presidenta electa de Chile, Michelle Bachelet, present\u00f3 hoy los ministros que compondr\u00e1n el gabinete con el que inaugurar\u00e1 su segundo mandato en marzo pr\u00f3ximo y que conforman un equipo plural por su perfil t\u00e9cnico, pol\u00edtico y de genero. &quot;Es un equipo seleccionado con base en condiciones de liderazgo,\" \/>\n\t\t<meta name=\"twitter:image\" content=\"https:\/\/www.eldigitaldeasturias.com\/noticias\/wp-content\/uploads\/2026\/06\/Contenidos.jpg\" \/>\n\t\t<meta name=\"twitter:label1\" content=\"Escrito por\" \/>\n\t\t<meta name=\"twitter:data1\" content=\"El Digital de Asturias\" \/>\n\t\t<meta name=\"twitter:label2\" content=\"Tiempo de lectura estimado\" \/>\n\t\t<meta name=\"twitter:data2\" content=\"4 minutos\" \/>\n\t\t<script type=\"application\/ld+json\" class=\"aioseo-schema\">\n\t\t\t{\"@context\":\"https:\\\/\\\/schema.org\",\"@graph\":[{\"@type\":\"BlogPosting\",\"@id\":\"https:\\\/\\\/www.eldigitaldeasturias.com\\\/noticias\\\/bachelet-suma-fuerzas-para-un-gobierno-que-debe-cumplir-un-ambicioso-programa\\\/#blogposting\",\"name\":\"Bachelet suma fuerzas para un Gobierno que debe cumplir un ambicioso programa - El Digital de Asturias\",\"headline\":\"Bachelet suma fuerzas para un Gobierno que debe cumplir un ambicioso programa\",\"author\":{\"@id\":\"https:\\\/\\\/www.eldigitaldeasturias.com\\\/noticias\\\/author\\\/admin\\\/#author\"},\"publisher\":{\"@id\":\"https:\\\/\\\/www.eldigitaldeasturias.com\\\/noticias\\\/#organization\"},\"image\":{\"@type\":\"ImageObject\",\"url\":\"https:\\\/\\\/www.eldigitaldeasturias.com\\\/noticias\\\/wp-content\\\/uploads\\\/2026\\\/06\\\/Contenidos.jpg\",\"width\":1265,\"height\":697,\"caption\":\"Contenidos\"},\"datePublished\":\"2014-01-25T07:26:12+01:00\",\"dateModified\":\"2014-01-25T07:26:12+01:00\",\"inLanguage\":\"es-ES\",\"mainEntityOfPage\":{\"@id\":\"https:\\\/\\\/www.eldigitaldeasturias.com\\\/noticias\\\/bachelet-suma-fuerzas-para-un-gobierno-que-debe-cumplir-un-ambicioso-programa\\\/#webpage\"},\"isPartOf\":{\"@id\":\"https:\\\/\\\/www.eldigitaldeasturias.com\\\/noticias\\\/bachelet-suma-fuerzas-para-un-gobierno-que-debe-cumplir-un-ambicioso-programa\\\/#webpage\"},\"articleSection\":\"Actualidad\"},{\"@type\":\"BreadcrumbList\",\"@id\":\"https:\\\/\\\/www.eldigitaldeasturias.com\\\/noticias\\\/bachelet-suma-fuerzas-para-un-gobierno-que-debe-cumplir-un-ambicioso-programa\\\/#breadcrumblist\",\"itemListElement\":[{\"@type\":\"ListItem\",\"@id\":\"https:\\\/\\\/www.eldigitaldeasturias.com\\\/noticias#listItem\",\"position\":1,\"name\":\"Home\",\"item\":\"https:\\\/\\\/www.eldigitaldeasturias.com\\\/noticias\",\"nextItem\":{\"@type\":\"ListItem\",\"@id\":\"https:\\\/\\\/www.eldigitaldeasturias.com\\\/noticias\\\/category\\\/actualidad\\\/#listItem\",\"name\":\"Actualidad\"}},{\"@type\":\"ListItem\",\"@id\":\"https:\\\/\\\/www.eldigitaldeasturias.com\\\/noticias\\\/category\\\/actualidad\\\/#listItem\",\"position\":2,\"name\":\"Actualidad\",\"item\":\"https:\\\/\\\/www.eldigitaldeasturias.com\\\/noticias\\\/category\\\/actualidad\\\/\",\"nextItem\":{\"@type\":\"ListItem\",\"@id\":\"https:\\\/\\\/www.eldigitaldeasturias.com\\\/noticias\\\/bachelet-suma-fuerzas-para-un-gobierno-que-debe-cumplir-un-ambicioso-programa\\\/#listItem\",\"name\":\"Bachelet suma fuerzas para un Gobierno que debe cumplir un ambicioso programa\"},\"previousItem\":{\"@type\":\"ListItem\",\"@id\":\"https:\\\/\\\/www.eldigitaldeasturias.com\\\/noticias#listItem\",\"name\":\"Home\"}},{\"@type\":\"ListItem\",\"@id\":\"https:\\\/\\\/www.eldigitaldeasturias.com\\\/noticias\\\/bachelet-suma-fuerzas-para-un-gobierno-que-debe-cumplir-un-ambicioso-programa\\\/#listItem\",\"position\":3,\"name\":\"Bachelet suma fuerzas para un Gobierno que debe cumplir un ambicioso programa\",\"previousItem\":{\"@type\":\"ListItem\",\"@id\":\"https:\\\/\\\/www.eldigitaldeasturias.com\\\/noticias\\\/category\\\/actualidad\\\/#listItem\",\"name\":\"Actualidad\"}}]},{\"@type\":\"Organization\",\"@id\":\"https:\\\/\\\/www.eldigitaldeasturias.com\\\/noticias\\\/#organization\",\"name\":\"El Digital de Asturias\",\"description\":\"Hemeroteca\",\"url\":\"https:\\\/\\\/www.eldigitaldeasturias.com\\\/noticias\\\/\",\"email\":\"info@eldigitaldeasturias.com\",\"telephone\":\"+34652131393\",\"logo\":{\"@type\":\"ImageObject\",\"url\":\"https:\\\/\\\/www.eldigitaldeasturias.com\\\/noticias\\\/wp-content\\\/uploads\\\/2020\\\/12\\\/EDA.jpg\",\"@id\":\"https:\\\/\\\/www.eldigitaldeasturias.com\\\/noticias\\\/bachelet-suma-fuerzas-para-un-gobierno-que-debe-cumplir-un-ambicioso-programa\\\/#organizationLogo\"},\"image\":{\"@id\":\"https:\\\/\\\/www.eldigitaldeasturias.com\\\/noticias\\\/bachelet-suma-fuerzas-para-un-gobierno-que-debe-cumplir-un-ambicioso-programa\\\/#organizationLogo\"},\"sameAs\":[\"https:\\\/\\\/facebook.com\\\/eldigitaldeasturias\",\"https:\\\/\\\/www.youtube.com\\\/channel\\\/UCZP-2wLEB9Rv6erhFmqVnvg\"],\"address\":{\"@id\":\"https:\\\/\\\/www.eldigitaldeasturias.com\\\/noticias\\\/#postaladdress\",\"@type\":\"PostalAddress\",\"streetAddress\":\"san antonio 4\",\"postalCode\":\"33430\",\"addressLocality\":\"Cand\\u00e1s\",\"addressRegion\":\"Asturias\",\"addressCountry\":\"ES\"}},{\"@type\":\"Person\",\"@id\":\"https:\\\/\\\/www.eldigitaldeasturias.com\\\/noticias\\\/author\\\/admin\\\/#author\",\"url\":\"https:\\\/\\\/www.eldigitaldeasturias.com\\\/noticias\\\/author\\\/admin\\\/\",\"name\":\"El Digital de Asturias\",\"image\":{\"@type\":\"ImageObject\",\"@id\":\"https:\\\/\\\/www.eldigitaldeasturias.com\\\/noticias\\\/bachelet-suma-fuerzas-para-un-gobierno-que-debe-cumplir-un-ambicioso-programa\\\/#authorImage\",\"url\":\"https:\\\/\\\/secure.gravatar.com\\\/avatar\\\/df2aeffc32bcd13f8d26072ef8a91b623d677766deac7f97ca815868cd41bf5e?s=96&d=mm&r=g\",\"width\":96,\"height\":96,\"caption\":\"El Digital de Asturias\"}},{\"@type\":\"WebPage\",\"@id\":\"https:\\\/\\\/www.eldigitaldeasturias.com\\\/noticias\\\/bachelet-suma-fuerzas-para-un-gobierno-que-debe-cumplir-un-ambicioso-programa\\\/#webpage\",\"url\":\"https:\\\/\\\/www.eldigitaldeasturias.com\\\/noticias\\\/bachelet-suma-fuerzas-para-un-gobierno-que-debe-cumplir-un-ambicioso-programa\\\/\",\"name\":\"Bachelet suma fuerzas para un Gobierno que debe cumplir un ambicioso programa - El Digital de Asturias\",\"description\":\"Santiago de Chile, 24 ene (EFE).- La presidenta electa de Chile, Michelle Bachelet, present\\u00f3 hoy los ministros que compondr\\u00e1n el gabinete con el que inaugurar\\u00e1 su segundo mandato en marzo pr\\u00f3ximo y que conforman un equipo plural por su perfil t\\u00e9cnico, pol\\u00edtico y de genero. \\\"Es un equipo seleccionado con base en condiciones de liderazgo,\",\"inLanguage\":\"es-ES\",\"isPartOf\":{\"@id\":\"https:\\\/\\\/www.eldigitaldeasturias.com\\\/noticias\\\/#website\"},\"breadcrumb\":{\"@id\":\"https:\\\/\\\/www.eldigitaldeasturias.com\\\/noticias\\\/bachelet-suma-fuerzas-para-un-gobierno-que-debe-cumplir-un-ambicioso-programa\\\/#breadcrumblist\"},\"author\":{\"@id\":\"https:\\\/\\\/www.eldigitaldeasturias.com\\\/noticias\\\/author\\\/admin\\\/#author\"},\"creator\":{\"@id\":\"https:\\\/\\\/www.eldigitaldeasturias.com\\\/noticias\\\/author\\\/admin\\\/#author\"},\"image\":{\"@type\":\"ImageObject\",\"url\":\"https:\\\/\\\/www.eldigitaldeasturias.com\\\/noticias\\\/wp-content\\\/uploads\\\/2026\\\/06\\\/Contenidos.jpg\",\"@id\":\"https:\\\/\\\/www.eldigitaldeasturias.com\\\/noticias\\\/bachelet-suma-fuerzas-para-un-gobierno-que-debe-cumplir-un-ambicioso-programa\\\/#mainImage\",\"width\":1265,\"height\":697,\"caption\":\"Contenidos\"},\"primaryImageOfPage\":{\"@id\":\"https:\\\/\\\/www.eldigitaldeasturias.com\\\/noticias\\\/bachelet-suma-fuerzas-para-un-gobierno-que-debe-cumplir-un-ambicioso-programa\\\/#mainImage\"},\"datePublished\":\"2014-01-25T07:26:12+01:00\",\"dateModified\":\"2014-01-25T07:26:12+01:00\"},{\"@type\":\"WebSite\",\"@id\":\"https:\\\/\\\/www.eldigitaldeasturias.com\\\/noticias\\\/#website\",\"url\":\"https:\\\/\\\/www.eldigitaldeasturias.com\\\/noticias\\\/\",\"name\":\"El Digital de Asturias - Diario de actualidad y noticias\",\"alternateName\":\"El Digital de Asturias - Diario de actualidad y noticias\",\"description\":\"Hemeroteca\",\"inLanguage\":\"es-ES\",\"publisher\":{\"@id\":\"https:\\\/\\\/www.eldigitaldeasturias.com\\\/noticias\\\/#organization\"}}]}\n\t\t<\/script>\n\t\t<!-- All in One SEO Pro -->\r\n\t\t<title>Bachelet suma fuerzas para un Gobierno que debe cumplir un ambicioso programa - El Digital de Asturias<\/title>\n\n","aioseo_head_json":{"title":"Bachelet suma fuerzas para un Gobierno que debe cumplir un ambicioso programa - El Digital de Asturias","description":"Santiago de Chile, 24 ene (EFE).- La presidenta electa de Chile, Michelle Bachelet, present\u00f3 hoy los ministros que compondr\u00e1n el gabinete con el que inaugurar\u00e1 su segundo mandato en marzo pr\u00f3ximo y que conforman un equipo plural por su perfil t\u00e9cnico, pol\u00edtico y de genero. \"Es un equipo seleccionado con base en condiciones de liderazgo,","canonical_url":"https:\/\/www.eldigitaldeasturias.com\/noticias\/bachelet-suma-fuerzas-para-un-gobierno-que-debe-cumplir-un-ambicioso-programa\/","robots":"max-image-preview:large","keywords":"actualidad","webmasterTools":{"google-site-verification":"UA-38556648-1","msvalidate.01":"7dfe9f3f1b24437ab69f4f2559babe99","miscellaneous":""},"schema":{"@context":"https:\/\/schema.org","@graph":[{"@type":"BlogPosting","@id":"https:\/\/www.eldigitaldeasturias.com\/noticias\/bachelet-suma-fuerzas-para-un-gobierno-que-debe-cumplir-un-ambicioso-programa\/#blogposting","name":"Bachelet suma fuerzas para un Gobierno que debe cumplir un ambicioso programa - El Digital de Asturias","headline":"Bachelet suma fuerzas para un Gobierno que debe cumplir un ambicioso programa","author":{"@id":"https:\/\/www.eldigitaldeasturias.com\/noticias\/author\/admin\/#author"},"publisher":{"@id":"https:\/\/www.eldigitaldeasturias.com\/noticias\/#organization"},"image":{"@type":"ImageObject","url":"https:\/\/www.eldigitaldeasturias.com\/noticias\/wp-content\/uploads\/2026\/06\/Contenidos.jpg","width":1265,"height":697,"caption":"Contenidos"},"datePublished":"2014-01-25T07:26:12+01:00","dateModified":"2014-01-25T07:26:12+01:00","inLanguage":"es-ES","mainEntityOfPage":{"@id":"https:\/\/www.eldigitaldeasturias.com\/noticias\/bachelet-suma-fuerzas-para-un-gobierno-que-debe-cumplir-un-ambicioso-programa\/#webpage"},"isPartOf":{"@id":"https:\/\/www.eldigitaldeasturias.com\/noticias\/bachelet-suma-fuerzas-para-un-gobierno-que-debe-cumplir-un-ambicioso-programa\/#webpage"},"articleSection":"Actualidad"},{"@type":"BreadcrumbList","@id":"https:\/\/www.eldigitaldeasturias.com\/noticias\/bachelet-suma-fuerzas-para-un-gobierno-que-debe-cumplir-un-ambicioso-programa\/#breadcrumblist","itemListElement":[{"@type":"ListItem","@id":"https:\/\/www.eldigitaldeasturias.com\/noticias#listItem","position":1,"name":"Home","item":"https:\/\/www.eldigitaldeasturias.com\/noticias","nextItem":{"@type":"ListItem","@id":"https:\/\/www.eldigitaldeasturias.com\/noticias\/category\/actualidad\/#listItem","name":"Actualidad"}},{"@type":"ListItem","@id":"https:\/\/www.eldigitaldeasturias.com\/noticias\/category\/actualidad\/#listItem","position":2,"name":"Actualidad","item":"https:\/\/www.eldigitaldeasturias.com\/noticias\/category\/actualidad\/","nextItem":{"@type":"ListItem","@id":"https:\/\/www.eldigitaldeasturias.com\/noticias\/bachelet-suma-fuerzas-para-un-gobierno-que-debe-cumplir-un-ambicioso-programa\/#listItem","name":"Bachelet suma fuerzas para un Gobierno que debe cumplir un ambicioso programa"},"previousItem":{"@type":"ListItem","@id":"https:\/\/www.eldigitaldeasturias.com\/noticias#listItem","name":"Home"}},{"@type":"ListItem","@id":"https:\/\/www.eldigitaldeasturias.com\/noticias\/bachelet-suma-fuerzas-para-un-gobierno-que-debe-cumplir-un-ambicioso-programa\/#listItem","position":3,"name":"Bachelet suma fuerzas para un Gobierno que debe cumplir un ambicioso programa","previousItem":{"@type":"ListItem","@id":"https:\/\/www.eldigitaldeasturias.com\/noticias\/category\/actualidad\/#listItem","name":"Actualidad"}}]},{"@type":"Organization","@id":"https:\/\/www.eldigitaldeasturias.com\/noticias\/#organization","name":"El Digital de Asturias","description":"Hemeroteca","url":"https:\/\/www.eldigitaldeasturias.com\/noticias\/","email":"info@eldigitaldeasturias.com","telephone":"+34652131393","logo":{"@type":"ImageObject","url":"https:\/\/www.eldigitaldeasturias.com\/noticias\/wp-content\/uploads\/2020\/12\/EDA.jpg","@id":"https:\/\/www.eldigitaldeasturias.com\/noticias\/bachelet-suma-fuerzas-para-un-gobierno-que-debe-cumplir-un-ambicioso-programa\/#organizationLogo"},"image":{"@id":"https:\/\/www.eldigitaldeasturias.com\/noticias\/bachelet-suma-fuerzas-para-un-gobierno-que-debe-cumplir-un-ambicioso-programa\/#organizationLogo"},"sameAs":["https:\/\/facebook.com\/eldigitaldeasturias","https:\/\/www.youtube.com\/channel\/UCZP-2wLEB9Rv6erhFmqVnvg"],"address":{"@id":"https:\/\/www.eldigitaldeasturias.com\/noticias\/#postaladdress","@type":"PostalAddress","streetAddress":"san antonio 4","postalCode":"33430","addressLocality":"Cand\u00e1s","addressRegion":"Asturias","addressCountry":"ES"}},{"@type":"Person","@id":"https:\/\/www.eldigitaldeasturias.com\/noticias\/author\/admin\/#author","url":"https:\/\/www.eldigitaldeasturias.com\/noticias\/author\/admin\/","name":"El Digital de Asturias","image":{"@type":"ImageObject","@id":"https:\/\/www.eldigitaldeasturias.com\/noticias\/bachelet-suma-fuerzas-para-un-gobierno-que-debe-cumplir-un-ambicioso-programa\/#authorImage","url":"https:\/\/secure.gravatar.com\/avatar\/df2aeffc32bcd13f8d26072ef8a91b623d677766deac7f97ca815868cd41bf5e?s=96&d=mm&r=g","width":96,"height":96,"caption":"El Digital de Asturias"}},{"@type":"WebPage","@id":"https:\/\/www.eldigitaldeasturias.com\/noticias\/bachelet-suma-fuerzas-para-un-gobierno-que-debe-cumplir-un-ambicioso-programa\/#webpage","url":"https:\/\/www.eldigitaldeasturias.com\/noticias\/bachelet-suma-fuerzas-para-un-gobierno-que-debe-cumplir-un-ambicioso-programa\/","name":"Bachelet suma fuerzas para un Gobierno que debe cumplir un ambicioso programa - El Digital de Asturias","description":"Santiago de Chile, 24 ene (EFE).- La presidenta electa de Chile, Michelle Bachelet, present\u00f3 hoy los ministros que compondr\u00e1n el gabinete con el que inaugurar\u00e1 su segundo mandato en marzo pr\u00f3ximo y que conforman un equipo plural por su perfil t\u00e9cnico, pol\u00edtico y de genero. \"Es un equipo seleccionado con base en condiciones de liderazgo,","inLanguage":"es-ES","isPartOf":{"@id":"https:\/\/www.eldigitaldeasturias.com\/noticias\/#website"},"breadcrumb":{"@id":"https:\/\/www.eldigitaldeasturias.com\/noticias\/bachelet-suma-fuerzas-para-un-gobierno-que-debe-cumplir-un-ambicioso-programa\/#breadcrumblist"},"author":{"@id":"https:\/\/www.eldigitaldeasturias.com\/noticias\/author\/admin\/#author"},"creator":{"@id":"https:\/\/www.eldigitaldeasturias.com\/noticias\/author\/admin\/#author"},"image":{"@type":"ImageObject","url":"https:\/\/www.eldigitaldeasturias.com\/noticias\/wp-content\/uploads\/2026\/06\/Contenidos.jpg","@id":"https:\/\/www.eldigitaldeasturias.com\/noticias\/bachelet-suma-fuerzas-para-un-gobierno-que-debe-cumplir-un-ambicioso-programa\/#mainImage","width":1265,"height":697,"caption":"Contenidos"},"primaryImageOfPage":{"@id":"https:\/\/www.eldigitaldeasturias.com\/noticias\/bachelet-suma-fuerzas-para-un-gobierno-que-debe-cumplir-un-ambicioso-programa\/#mainImage"},"datePublished":"2014-01-25T07:26:12+01:00","dateModified":"2014-01-25T07:26:12+01:00"},{"@type":"WebSite","@id":"https:\/\/www.eldigitaldeasturias.com\/noticias\/#website","url":"https:\/\/www.eldigitaldeasturias.com\/noticias\/","name":"El Digital de Asturias - Diario de actualidad y noticias","alternateName":"El Digital de Asturias - Diario de actualidad y noticias","description":"Hemeroteca","inLanguage":"es-ES","publisher":{"@id":"https:\/\/www.eldigitaldeasturias.com\/noticias\/#organization"}}]},"og:locale":"es_ES","og:site_name":"El Digital de Asturias","og:type":"article","og:title":"Bachelet suma fuerzas para un Gobierno que debe cumplir un ambicioso programa - El Digital de Asturias","og:description":"Santiago de Chile, 24 ene (EFE).- La presidenta electa de Chile, Michelle Bachelet, present\u00f3 hoy los ministros que compondr\u00e1n el gabinete con el que inaugurar\u00e1 su segundo mandato en marzo pr\u00f3ximo y que conforman un equipo plural por su perfil t\u00e9cnico, pol\u00edtico y de genero. &quot;Es un equipo seleccionado con base en condiciones de liderazgo,","og:url":"https:\/\/www.eldigitaldeasturias.com\/noticias\/bachelet-suma-fuerzas-para-un-gobierno-que-debe-cumplir-un-ambicioso-programa\/","og:image":"https:\/\/www.eldigitaldeasturias.com\/noticias\/wp-content\/uploads\/2026\/06\/Contenidos.jpg","og:image:secure_url":"https:\/\/www.eldigitaldeasturias.com\/noticias\/wp-content\/uploads\/2026\/06\/Contenidos.jpg","og:image:width":1265,"og:image:height":697,"article:tag":["actualidad"],"article:published_time":"2014-01-25T08:26:12+00:00","article:modified_time":"2014-01-25T08:26:12+00:00","article:publisher":"https:\/\/facebook.com\/eldigitaldeasturias","twitter:card":"summary_large_image","twitter:title":"Bachelet suma fuerzas para un Gobierno que debe cumplir un ambicioso programa - El Digital de Asturias","twitter:description":"Santiago de Chile, 24 ene (EFE).- La presidenta electa de Chile, Michelle Bachelet, present\u00f3 hoy los ministros que compondr\u00e1n el gabinete con el que inaugurar\u00e1 su segundo mandato en marzo pr\u00f3ximo y que conforman un equipo plural por su perfil t\u00e9cnico, pol\u00edtico y de genero. &quot;Es un equipo seleccionado con base en condiciones de liderazgo,","twitter:image":"https:\/\/www.eldigitaldeasturias.com\/noticias\/wp-content\/uploads\/2026\/06\/Contenidos.jpg","twitter:label1":"Escrito por","twitter:data1":"El Digital de Asturias","twitter:label2":"Tiempo de lectura estimado","twitter:data2":"4 minutos"},"aioseo_meta_data":{"post_id":"478577","title":null,"description":null,"keywords":null,"keyphrases":null,"primary_term":null,"canonical_url":null,"og_title":null,"og_description":null,"og_object_type":"default","og_image_type":"default","og_image_url":null,"og_image_width":null,"og_image_height":null,"og_image_custom_url":null,"og_image_custom_fields":null,"og_video":null,"og_custom_url":null,"og_article_section":null,"og_article_tags":null,"twitter_use_og":true,"twitter_card":"default","twitter_image_type":"default","twitter_image_url":null,"twitter_image_custom_url":null,"twitter_image_custom_fields":null,"twitter_title":null,"twitter_description":null,"schema":{"blockGraphs":[],"customGraphs":[],"default":{"data":{"Article":[],"Course":[],"Dataset":[],"FAQPage":[],"Movie":[],"Person":[],"Product":[],"ProductReview":[],"Car":[],"Recipe":[],"Service":[],"SoftwareApplication":[],"WebPage":[]},"graphName":"","isEnabled":true},"graphs":[],"defaultGraph":"","defaultPostTypeGraph":""},"schema_type":null,"schema_type_options":null,"pillar_content":false,"robots_default":true,"robots_noindex":false,"robots_noarchive":false,"robots_nosnippet":false,"robots_nofollow":false,"robots_noimageindex":false,"robots_noodp":false,"robots_notranslate":false,"robots_max_snippet":null,"robots_max_videopreview":null,"robots_max_imagepreview":"none","priority":null,"frequency":null,"local_seo":null,"seo_analyzer_scan_date":"2026-06-01 21:56:51","breadcrumb_settings":null,"limit_modified_date":false,"open_ai":null,"ai":null,"created":"2020-11-14 22:53:56","updated":"2026-06-01 21:56:51","focus_keyword":null,"additional_keywords":null,"truseo_locale":null},"aioseo_breadcrumb":"<div class=\"aioseo-breadcrumbs\"><span class=\"aioseo-breadcrumb\">\n\t<a href=\"https:\/\/www.eldigitaldeasturias.com\/noticias\" title=\"Home\">Home<\/a>\n<\/span><span class=\"aioseo-breadcrumb-separator\">\u2013<\/span><span class=\"aioseo-breadcrumb\">\n\t<a href=\"https:\/\/www.eldigitaldeasturias.com\/noticias\/category\/actualidad\/\" title=\"Actualidad\">Actualidad<\/a>\n<\/span><span class=\"aioseo-breadcrumb-separator\">\u2013<\/span><span class=\"aioseo-breadcrumb\">\n\t<a href=\"https:\/\/www.eldigitaldeasturias.com\/noticias\/bachelet-suma-fuerzas-para-un-gobierno-que-debe-cumplir-un-ambicioso-programa\/\" title=\"Bachelet suma fuerzas para un Gobierno que debe cumplir un ambicioso programa\">Bachelet suma fuerzas para un Gobierno que debe cumplir un ambicioso programa<\/a>\n<\/span><\/div>","aioseo_breadcrumb_json":[{"label":"Home","link":"https:\/\/www.eldigitaldeasturias.com\/noticias"},{"label":"Actualidad","link":"https:\/\/www.eldigitaldeasturias.com\/noticias\/category\/actualidad\/"},{"label":"Bachelet suma fuerzas para un Gobierno que debe cumplir un ambicioso programa","link":"https:\/\/www.eldigitaldeasturias.com\/noticias\/bachelet-suma-fuerzas-para-un-gobierno-que-debe-cumplir-un-ambicioso-programa\/"}],"_links":{"self":[{"href":"https:\/\/www.eldigitaldeasturias.com\/noticias\/wp-json\/wp\/v2\/posts\/478577","targetHints":{"allow":["GET"]}}],"collection":[{"href":"https:\/\/www.eldigitaldeasturias.com\/noticias\/wp-json\/wp\/v2\/posts"}],"about":[{"href":"https:\/\/www.eldigitaldeasturias.com\/noticias\/wp-json\/wp\/v2\/types\/post"}],"author":[{"embeddable":true,"href":"https:\/\/www.eldigitaldeasturias.com\/noticias\/wp-json\/wp\/v2\/users\/1"}],"replies":[{"embeddable":true,"href":"https:\/\/www.eldigitaldeasturias.com\/noticias\/wp-json\/wp\/v2\/comments?post=478577"}],"version-history":[{"count":0,"href":"https:\/\/www.eldigitaldeasturias.com\/noticias\/wp-json\/wp\/v2\/posts\/478577\/revisions"}],"wp:featuredmedia":[{"embeddable":true,"href":"https:\/\/www.eldigitaldeasturias.com\/noticias\/wp-json\/wp\/v2\/media\/1132184"}],"wp:attachment":[{"href":"https:\/\/www.eldigitaldeasturias.com\/noticias\/wp-json\/wp\/v2\/media?parent=478577"}],"wp:term":[{"taxonomy":"category","embeddable":true,"href":"https:\/\/www.eldigitaldeasturias.com\/noticias\/wp-json\/wp\/v2\/categories?post=478577"},{"taxonomy":"post_tag","embeddable":true,"href":"https:\/\/www.eldigitaldeasturias.com\/noticias\/wp-json\/wp\/v2\/tags?post=478577"}],"curies":[{"name":"wp","href":"https:\/\/api.w.org\/{rel}","templated":true}]}}