{"id":478568,"date":"2014-01-25T07:22:18","date_gmt":"2014-01-25T08:22:18","guid":{"rendered":"http:\/\/www.eldigitaldeasturias.com\/noticias\/?p=478568"},"modified":"2014-01-25T07:22:18","modified_gmt":"2014-01-25T08:22:18","slug":"calderon-debuta-con-una-dura-derrota-y-el-betis-se-hunde","status":"publish","type":"post","link":"https:\/\/www.eldigitaldeasturias.com\/noticias\/calderon-debuta-con-una-dura-derrota-y-el-betis-se-hunde\/","title":{"rendered":"Calder\u00f3n debuta con una dura derrota y el Betis se hunde"},"content":{"rendered":"<p><img loading=\"lazy\" decoding=\"async\" class=\"alignleft size-medium wp-image-478569\" alt=\"5875372w\" src=\"https:\/\/www.eldigitaldeasturias.com\/noticias\/wp-content\/uploads\/2014\/01\/5875372w-360x295.jpg\" width=\"360\" height=\"295\" \/>Vigo, 24 ene (EFE).- El Betis est\u00e1 un poco m\u00e1s cerca de Segunda Divisi\u00f3n despu\u00e9s de perder ante el Celta de Vigo (4-2) en el debut como t\u00e9cnico verdiblanco del argentino Gabriel Calder\u00f3n, a quien le queda mucho trabajo por delante para obrar el milagro de evitar el descenso del conjunto sevillano.<\/p>\n<p>Se hunden los verdiblancos en el pozo y toma ox\u00edgeno el Celta, que se hace fuerte en Bala\u00eddos, donde no pierde desde el pasado nueve de noviembre, cuando el Rayo Vallecano destroz\u00f3 al equipo de Luis Enrique.<\/p>\n<p>Una vez m\u00e1s, los celestes, que dejan al Betis a once puntos m\u00e1s el \u00abgol-average\u00bb, tuvieron que remar contra corriente porque su rival, que firm\u00f3 un prometedor arranque, se logr\u00f3 adelantar con un tanto de Rub\u00e9n Castro, quien no desaprovech\u00f3 una magistral asistencia de Juanfran desde la banda derecha.<\/p>\n<p>El Celta estaba desdibujado, sin ideas, pero la fragilidad defensiva del equipo andaluz le dio aire, ya que logr\u00f3 empatar en su primera aproximaci\u00f3n al \u00e1rea rival, despu\u00e9s de un gran centro de Rafinha que cabece\u00f3 Orellana.<\/p>\n<p>Resucitaron entonces los locales. Primero recuperaron sus se\u00f1as de identidad -posesiones largas y mucho toque- y despu\u00e9s explotaron las carencias defensivas del Betis en el costado derecho para darle la vuelta al marcador, primero con un gol de Charles y despu\u00e9s con otro de Orellana.<\/p>\n<p>Desajustes defensivos que el Betis sigui\u00f3 cometiendo en la segunda parte y que Nolito, que llevaba cinco minutos en el terreno de juego, aprovech\u00f3 para sentenciar el duelo a falta de algo menos de veinte minutos para el final.<\/p>\n<p>Se relaj\u00f3 el Celta, un equipo tan fuerte en ataque como d\u00e9bil defensivamente, y cerca estuvo de llevarse un susto porque Rub\u00e9n Castro, que hab\u00eda hecho el 4-2, roz\u00f3 en los \u00faltimos minutos el \u00abhat-trick\u00bb.<\/p>\n<p>&#8211; Ficha t\u00e9cnica:<\/p>\n<p>4 &#8211; Celta de Vigo: Yoel Rodr\u00edguez; Hugo Mallo, David Costas, Font\u00e1s, Jonny; Borja Oubi\u00f1a, Alex L\u00f3pez (Nolito, min.67), Krohn-Dehli (Madinda, min.75); Rafinha, Orellana y Charles (Bermejo, min.90).<\/p>\n<p>2 &#8211; Betis: Sara, Juanfran, Paulao (Jordi Figueras, min.46), Amaya, Lolo Reyes; Nacho, Nono (Cedrick, min.68); Leo Baptistao (Jorge Molina, min.63), Verd\u00fa, Salva Sevilla; Rub\u00e9n Castro.<\/p>\n<p>Goles: 0-1 Rub\u00e9n Castro, min.17; 1-1 Orellana, min.17; 2-1 Charles, min.30; 3-1 Orellana, min.38; 4-1 Nolito, min.72; 4-2 Rub\u00e9n Castro, min.78<\/p>\n<p>\u00c1rbitro: Hern\u00e1ndez Hern\u00e1ndez (colegio canario). Expuls\u00f3 con tarjeta roja directa al visitante Cedrick (min.90). Adem\u00e1s, mostr\u00f3 tarjeta amarilla a Krohn-Dehli (min.59) y Orellana (min.86) por parte del Celta de Vigo, y Salva Sevilla (min.32) y Nono (min.64) por parte del Betis.<\/p>\n<p>Incidencias: Partido de la vigesimoprimera jornada de la liga BBVA disputado en el estadio municipal de Bala\u00eddos ante 18.957 espectadores, seg\u00fan anunci\u00f3 el club gallego.<\/p>\n","protected":false},"excerpt":{"rendered":"<p>Vigo, 24 ene (EFE).- El Betis est\u00e1 un poco m\u00e1s cerca de Segunda Divisi\u00f3n despu\u00e9s de perder ante el Celta de Vigo (4-2) en el debut como t\u00e9cnico verdiblanco del argentino Gabriel Calder\u00f3n, a quien le queda mucho trabajo por delante para obrar el milagro de evitar el descenso del conjunto sevillano. Se hunden los [&hellip;]<\/p>\n","protected":false},"author":1,"featured_media":1132184,"comment_status":"closed","ping_status":"open","sticky":false,"template":"","format":"standard","meta":{"footnotes":""},"categories":[1],"tags":[],"class_list":["post-478568","post","type-post","status-publish","format-standard","has-post-thumbnail","hentry","category-actualidad"],"aioseo_notices":[],"aioseo_head":"\n\t\t<!-- All in One SEO Pro 5.0.1 - aioseo.com -->\n\t<meta name=\"description\" content=\"Vigo, 24 ene (EFE).- El Betis est\u00e1 un poco m\u00e1s cerca de Segunda Divisi\u00f3n despu\u00e9s de perder ante el Celta de Vigo (4-2) en el debut como t\u00e9cnico verdiblanco del argentino Gabriel Calder\u00f3n, a quien le queda mucho trabajo por delante para obrar el milagro de evitar el descenso del conjunto sevillano. Se hunden los\" \/>\n\t<meta name=\"robots\" content=\"max-image-preview:large\" \/>\n\t<meta name=\"author\" content=\"El Digital de Asturias\"\/>\n\t<meta name=\"google-site-verification\" content=\"UA-38556648-1\" \/>\n\t<meta name=\"msvalidate.01\" content=\"7dfe9f3f1b24437ab69f4f2559babe99\" \/>\n\t<meta name=\"keywords\" content=\"actualidad\" \/>\n\t<link rel=\"canonical\" href=\"https:\/\/www.eldigitaldeasturias.com\/noticias\/calderon-debuta-con-una-dura-derrota-y-el-betis-se-hunde\/\" \/>\n\t<meta name=\"generator\" content=\"All in One SEO Pro (AIOSEO) 5.0.1\" \/>\n\t\t<meta property=\"og:locale\" content=\"es_ES\" \/>\n\t\t<meta property=\"og:site_name\" content=\"El Digital de Asturias\" \/>\n\t\t<meta property=\"og:type\" content=\"article\" \/>\n\t\t<meta property=\"og:title\" content=\"Calder\u00f3n debuta con una dura derrota y el Betis se hunde - El Digital de Asturias\" \/>\n\t\t<meta property=\"og:description\" content=\"Vigo, 24 ene (EFE).- El Betis est\u00e1 un poco m\u00e1s cerca de Segunda Divisi\u00f3n despu\u00e9s de perder ante el Celta de Vigo (4-2) en el debut como t\u00e9cnico verdiblanco del argentino Gabriel Calder\u00f3n, a quien le queda mucho trabajo por delante para obrar el milagro de evitar el descenso del conjunto sevillano. Se hunden los\" \/>\n\t\t<meta property=\"og:url\" content=\"https:\/\/www.eldigitaldeasturias.com\/noticias\/calderon-debuta-con-una-dura-derrota-y-el-betis-se-hunde\/\" \/>\n\t\t<meta property=\"og:image\" content=\"https:\/\/www.eldigitaldeasturias.com\/noticias\/wp-content\/uploads\/2026\/06\/Contenidos.jpg\" \/>\n\t\t<meta property=\"og:image:secure_url\" content=\"https:\/\/www.eldigitaldeasturias.com\/noticias\/wp-content\/uploads\/2026\/06\/Contenidos.jpg\" \/>\n\t\t<meta property=\"og:image:width\" content=\"1265\" \/>\n\t\t<meta property=\"og:image:height\" content=\"697\" \/>\n\t\t<meta property=\"article:tag\" content=\"actualidad\" \/>\n\t\t<meta property=\"article:published_time\" content=\"2014-01-25T08:22:18+00:00\" \/>\n\t\t<meta property=\"article:modified_time\" content=\"2014-01-25T08:22:18+00:00\" \/>\n\t\t<meta property=\"article:publisher\" content=\"https:\/\/facebook.com\/eldigitaldeasturias\" \/>\n\t\t<meta name=\"twitter:card\" content=\"summary_large_image\" \/>\n\t\t<meta name=\"twitter:title\" content=\"Calder\u00f3n debuta con una dura derrota y el Betis se hunde - El Digital de Asturias\" \/>\n\t\t<meta name=\"twitter:description\" content=\"Vigo, 24 ene (EFE).- El Betis est\u00e1 un poco m\u00e1s cerca de Segunda Divisi\u00f3n despu\u00e9s de perder ante el Celta de Vigo (4-2) en el debut como t\u00e9cnico verdiblanco del argentino Gabriel Calder\u00f3n, a quien le queda mucho trabajo por delante para obrar el milagro de evitar el descenso del conjunto sevillano. Se hunden los\" \/>\n\t\t<meta name=\"twitter:image\" content=\"https:\/\/www.eldigitaldeasturias.com\/noticias\/wp-content\/uploads\/2026\/06\/Contenidos.jpg\" \/>\n\t\t<meta name=\"twitter:label1\" content=\"Escrito por\" \/>\n\t\t<meta name=\"twitter:data1\" content=\"El Digital de Asturias\" \/>\n\t\t<meta name=\"twitter:label2\" content=\"Tiempo de lectura estimado\" \/>\n\t\t<meta name=\"twitter:data2\" content=\"2 minutos\" \/>\n\t\t<script type=\"application\/ld+json\" class=\"aioseo-schema\">\n\t\t\t{\"@context\":\"https:\\\/\\\/schema.org\",\"@graph\":[{\"@type\":\"BlogPosting\",\"@id\":\"https:\\\/\\\/www.eldigitaldeasturias.com\\\/noticias\\\/calderon-debuta-con-una-dura-derrota-y-el-betis-se-hunde\\\/#blogposting\",\"name\":\"Calder\\u00f3n debuta con una dura derrota y el Betis se hunde - El Digital de Asturias\",\"headline\":\"Calder\\u00f3n debuta con una dura derrota y el Betis se hunde\",\"author\":{\"@id\":\"https:\\\/\\\/www.eldigitaldeasturias.com\\\/noticias\\\/author\\\/admin\\\/#author\"},\"publisher\":{\"@id\":\"https:\\\/\\\/www.eldigitaldeasturias.com\\\/noticias\\\/#organization\"},\"image\":{\"@type\":\"ImageObject\",\"url\":\"https:\\\/\\\/www.eldigitaldeasturias.com\\\/noticias\\\/wp-content\\\/uploads\\\/2026\\\/06\\\/Contenidos.jpg\",\"width\":1265,\"height\":697,\"caption\":\"Contenidos\"},\"datePublished\":\"2014-01-25T07:22:18+01:00\",\"dateModified\":\"2014-01-25T07:22:18+01:00\",\"inLanguage\":\"es-ES\",\"mainEntityOfPage\":{\"@id\":\"https:\\\/\\\/www.eldigitaldeasturias.com\\\/noticias\\\/calderon-debuta-con-una-dura-derrota-y-el-betis-se-hunde\\\/#webpage\"},\"isPartOf\":{\"@id\":\"https:\\\/\\\/www.eldigitaldeasturias.com\\\/noticias\\\/calderon-debuta-con-una-dura-derrota-y-el-betis-se-hunde\\\/#webpage\"},\"articleSection\":\"Actualidad\"},{\"@type\":\"BreadcrumbList\",\"@id\":\"https:\\\/\\\/www.eldigitaldeasturias.com\\\/noticias\\\/calderon-debuta-con-una-dura-derrota-y-el-betis-se-hunde\\\/#breadcrumblist\",\"itemListElement\":[{\"@type\":\"ListItem\",\"@id\":\"https:\\\/\\\/www.eldigitaldeasturias.com\\\/noticias#listItem\",\"position\":1,\"name\":\"Home\",\"item\":\"https:\\\/\\\/www.eldigitaldeasturias.com\\\/noticias\",\"nextItem\":{\"@type\":\"ListItem\",\"@id\":\"https:\\\/\\\/www.eldigitaldeasturias.com\\\/noticias\\\/category\\\/actualidad\\\/#listItem\",\"name\":\"Actualidad\"}},{\"@type\":\"ListItem\",\"@id\":\"https:\\\/\\\/www.eldigitaldeasturias.com\\\/noticias\\\/category\\\/actualidad\\\/#listItem\",\"position\":2,\"name\":\"Actualidad\",\"item\":\"https:\\\/\\\/www.eldigitaldeasturias.com\\\/noticias\\\/category\\\/actualidad\\\/\",\"nextItem\":{\"@type\":\"ListItem\",\"@id\":\"https:\\\/\\\/www.eldigitaldeasturias.com\\\/noticias\\\/calderon-debuta-con-una-dura-derrota-y-el-betis-se-hunde\\\/#listItem\",\"name\":\"Calder\\u00f3n debuta con una dura derrota y el Betis se hunde\"},\"previousItem\":{\"@type\":\"ListItem\",\"@id\":\"https:\\\/\\\/www.eldigitaldeasturias.com\\\/noticias#listItem\",\"name\":\"Home\"}},{\"@type\":\"ListItem\",\"@id\":\"https:\\\/\\\/www.eldigitaldeasturias.com\\\/noticias\\\/calderon-debuta-con-una-dura-derrota-y-el-betis-se-hunde\\\/#listItem\",\"position\":3,\"name\":\"Calder\\u00f3n debuta con una dura derrota y el Betis se hunde\",\"previousItem\":{\"@type\":\"ListItem\",\"@id\":\"https:\\\/\\\/www.eldigitaldeasturias.com\\\/noticias\\\/category\\\/actualidad\\\/#listItem\",\"name\":\"Actualidad\"}}]},{\"@type\":\"Organization\",\"@id\":\"https:\\\/\\\/www.eldigitaldeasturias.com\\\/noticias\\\/#organization\",\"name\":\"El Digital de Asturias\",\"description\":\"Hemeroteca\",\"url\":\"https:\\\/\\\/www.eldigitaldeasturias.com\\\/noticias\\\/\",\"email\":\"info@eldigitaldeasturias.com\",\"telephone\":\"+34652131393\",\"logo\":{\"@type\":\"ImageObject\",\"url\":\"https:\\\/\\\/www.eldigitaldeasturias.com\\\/noticias\\\/wp-content\\\/uploads\\\/2020\\\/12\\\/EDA.jpg\",\"@id\":\"https:\\\/\\\/www.eldigitaldeasturias.com\\\/noticias\\\/calderon-debuta-con-una-dura-derrota-y-el-betis-se-hunde\\\/#organizationLogo\"},\"image\":{\"@id\":\"https:\\\/\\\/www.eldigitaldeasturias.com\\\/noticias\\\/calderon-debuta-con-una-dura-derrota-y-el-betis-se-hunde\\\/#organizationLogo\"},\"sameAs\":[\"https:\\\/\\\/facebook.com\\\/eldigitaldeasturias\",\"https:\\\/\\\/www.youtube.com\\\/channel\\\/UCZP-2wLEB9Rv6erhFmqVnvg\"],\"address\":{\"@id\":\"https:\\\/\\\/www.eldigitaldeasturias.com\\\/noticias\\\/#postaladdress\",\"@type\":\"PostalAddress\",\"streetAddress\":\"san antonio 4\",\"postalCode\":\"33430\",\"addressLocality\":\"Cand\\u00e1s\",\"addressRegion\":\"Asturias\",\"addressCountry\":\"ES\"}},{\"@type\":\"Person\",\"@id\":\"https:\\\/\\\/www.eldigitaldeasturias.com\\\/noticias\\\/author\\\/admin\\\/#author\",\"url\":\"https:\\\/\\\/www.eldigitaldeasturias.com\\\/noticias\\\/author\\\/admin\\\/\",\"name\":\"El Digital de Asturias\",\"image\":{\"@type\":\"ImageObject\",\"@id\":\"https:\\\/\\\/www.eldigitaldeasturias.com\\\/noticias\\\/calderon-debuta-con-una-dura-derrota-y-el-betis-se-hunde\\\/#authorImage\",\"url\":\"https:\\\/\\\/secure.gravatar.com\\\/avatar\\\/df2aeffc32bcd13f8d26072ef8a91b623d677766deac7f97ca815868cd41bf5e?s=96&d=mm&r=g\",\"width\":96,\"height\":96,\"caption\":\"El Digital de Asturias\"}},{\"@type\":\"WebPage\",\"@id\":\"https:\\\/\\\/www.eldigitaldeasturias.com\\\/noticias\\\/calderon-debuta-con-una-dura-derrota-y-el-betis-se-hunde\\\/#webpage\",\"url\":\"https:\\\/\\\/www.eldigitaldeasturias.com\\\/noticias\\\/calderon-debuta-con-una-dura-derrota-y-el-betis-se-hunde\\\/\",\"name\":\"Calder\\u00f3n debuta con una dura derrota y el Betis se hunde - El Digital de Asturias\",\"description\":\"Vigo, 24 ene (EFE).- El Betis est\\u00e1 un poco m\\u00e1s cerca de Segunda Divisi\\u00f3n despu\\u00e9s de perder ante el Celta de Vigo (4-2) en el debut como t\\u00e9cnico verdiblanco del argentino Gabriel Calder\\u00f3n, a quien le queda mucho trabajo por delante para obrar el milagro de evitar el descenso del conjunto sevillano. Se hunden los\",\"inLanguage\":\"es-ES\",\"isPartOf\":{\"@id\":\"https:\\\/\\\/www.eldigitaldeasturias.com\\\/noticias\\\/#website\"},\"breadcrumb\":{\"@id\":\"https:\\\/\\\/www.eldigitaldeasturias.com\\\/noticias\\\/calderon-debuta-con-una-dura-derrota-y-el-betis-se-hunde\\\/#breadcrumblist\"},\"author\":{\"@id\":\"https:\\\/\\\/www.eldigitaldeasturias.com\\\/noticias\\\/author\\\/admin\\\/#author\"},\"creator\":{\"@id\":\"https:\\\/\\\/www.eldigitaldeasturias.com\\\/noticias\\\/author\\\/admin\\\/#author\"},\"image\":{\"@type\":\"ImageObject\",\"url\":\"https:\\\/\\\/www.eldigitaldeasturias.com\\\/noticias\\\/wp-content\\\/uploads\\\/2026\\\/06\\\/Contenidos.jpg\",\"@id\":\"https:\\\/\\\/www.eldigitaldeasturias.com\\\/noticias\\\/calderon-debuta-con-una-dura-derrota-y-el-betis-se-hunde\\\/#mainImage\",\"width\":1265,\"height\":697,\"caption\":\"Contenidos\"},\"primaryImageOfPage\":{\"@id\":\"https:\\\/\\\/www.eldigitaldeasturias.com\\\/noticias\\\/calderon-debuta-con-una-dura-derrota-y-el-betis-se-hunde\\\/#mainImage\"},\"datePublished\":\"2014-01-25T07:22:18+01:00\",\"dateModified\":\"2014-01-25T07:22:18+01:00\"},{\"@type\":\"WebSite\",\"@id\":\"https:\\\/\\\/www.eldigitaldeasturias.com\\\/noticias\\\/#website\",\"url\":\"https:\\\/\\\/www.eldigitaldeasturias.com\\\/noticias\\\/\",\"name\":\"El Digital de Asturias - Diario de actualidad y noticias\",\"alternateName\":\"El Digital de Asturias - Diario de actualidad y noticias\",\"description\":\"Hemeroteca\",\"inLanguage\":\"es-ES\",\"publisher\":{\"@id\":\"https:\\\/\\\/www.eldigitaldeasturias.com\\\/noticias\\\/#organization\"}}]}\n\t\t<\/script>\n\t\t<!-- All in One SEO Pro -->\r\n\t\t<title>Calder\u00f3n debuta con una dura derrota y el Betis se hunde - El Digital de Asturias<\/title>\n\n","aioseo_head_json":{"title":"Calder\u00f3n debuta con una dura derrota y el Betis se hunde - El Digital de Asturias","description":"Vigo, 24 ene (EFE).- El Betis est\u00e1 un poco m\u00e1s cerca de Segunda Divisi\u00f3n despu\u00e9s de perder ante el Celta de Vigo (4-2) en el debut como t\u00e9cnico verdiblanco del argentino Gabriel Calder\u00f3n, a quien le queda mucho trabajo por delante para obrar el milagro de evitar el descenso del conjunto sevillano. Se hunden los","canonical_url":"https:\/\/www.eldigitaldeasturias.com\/noticias\/calderon-debuta-con-una-dura-derrota-y-el-betis-se-hunde\/","robots":"max-image-preview:large","keywords":"actualidad","webmasterTools":{"google-site-verification":"UA-38556648-1","msvalidate.01":"7dfe9f3f1b24437ab69f4f2559babe99","miscellaneous":""},"schema":{"@context":"https:\/\/schema.org","@graph":[{"@type":"BlogPosting","@id":"https:\/\/www.eldigitaldeasturias.com\/noticias\/calderon-debuta-con-una-dura-derrota-y-el-betis-se-hunde\/#blogposting","name":"Calder\u00f3n debuta con una dura derrota y el Betis se hunde - El Digital de Asturias","headline":"Calder\u00f3n debuta con una dura derrota y el Betis se hunde","author":{"@id":"https:\/\/www.eldigitaldeasturias.com\/noticias\/author\/admin\/#author"},"publisher":{"@id":"https:\/\/www.eldigitaldeasturias.com\/noticias\/#organization"},"image":{"@type":"ImageObject","url":"https:\/\/www.eldigitaldeasturias.com\/noticias\/wp-content\/uploads\/2026\/06\/Contenidos.jpg","width":1265,"height":697,"caption":"Contenidos"},"datePublished":"2014-01-25T07:22:18+01:00","dateModified":"2014-01-25T07:22:18+01:00","inLanguage":"es-ES","mainEntityOfPage":{"@id":"https:\/\/www.eldigitaldeasturias.com\/noticias\/calderon-debuta-con-una-dura-derrota-y-el-betis-se-hunde\/#webpage"},"isPartOf":{"@id":"https:\/\/www.eldigitaldeasturias.com\/noticias\/calderon-debuta-con-una-dura-derrota-y-el-betis-se-hunde\/#webpage"},"articleSection":"Actualidad"},{"@type":"BreadcrumbList","@id":"https:\/\/www.eldigitaldeasturias.com\/noticias\/calderon-debuta-con-una-dura-derrota-y-el-betis-se-hunde\/#breadcrumblist","itemListElement":[{"@type":"ListItem","@id":"https:\/\/www.eldigitaldeasturias.com\/noticias#listItem","position":1,"name":"Home","item":"https:\/\/www.eldigitaldeasturias.com\/noticias","nextItem":{"@type":"ListItem","@id":"https:\/\/www.eldigitaldeasturias.com\/noticias\/category\/actualidad\/#listItem","name":"Actualidad"}},{"@type":"ListItem","@id":"https:\/\/www.eldigitaldeasturias.com\/noticias\/category\/actualidad\/#listItem","position":2,"name":"Actualidad","item":"https:\/\/www.eldigitaldeasturias.com\/noticias\/category\/actualidad\/","nextItem":{"@type":"ListItem","@id":"https:\/\/www.eldigitaldeasturias.com\/noticias\/calderon-debuta-con-una-dura-derrota-y-el-betis-se-hunde\/#listItem","name":"Calder\u00f3n debuta con una dura derrota y el Betis se hunde"},"previousItem":{"@type":"ListItem","@id":"https:\/\/www.eldigitaldeasturias.com\/noticias#listItem","name":"Home"}},{"@type":"ListItem","@id":"https:\/\/www.eldigitaldeasturias.com\/noticias\/calderon-debuta-con-una-dura-derrota-y-el-betis-se-hunde\/#listItem","position":3,"name":"Calder\u00f3n debuta con una dura derrota y el Betis se hunde","previousItem":{"@type":"ListItem","@id":"https:\/\/www.eldigitaldeasturias.com\/noticias\/category\/actualidad\/#listItem","name":"Actualidad"}}]},{"@type":"Organization","@id":"https:\/\/www.eldigitaldeasturias.com\/noticias\/#organization","name":"El Digital de Asturias","description":"Hemeroteca","url":"https:\/\/www.eldigitaldeasturias.com\/noticias\/","email":"info@eldigitaldeasturias.com","telephone":"+34652131393","logo":{"@type":"ImageObject","url":"https:\/\/www.eldigitaldeasturias.com\/noticias\/wp-content\/uploads\/2020\/12\/EDA.jpg","@id":"https:\/\/www.eldigitaldeasturias.com\/noticias\/calderon-debuta-con-una-dura-derrota-y-el-betis-se-hunde\/#organizationLogo"},"image":{"@id":"https:\/\/www.eldigitaldeasturias.com\/noticias\/calderon-debuta-con-una-dura-derrota-y-el-betis-se-hunde\/#organizationLogo"},"sameAs":["https:\/\/facebook.com\/eldigitaldeasturias","https:\/\/www.youtube.com\/channel\/UCZP-2wLEB9Rv6erhFmqVnvg"],"address":{"@id":"https:\/\/www.eldigitaldeasturias.com\/noticias\/#postaladdress","@type":"PostalAddress","streetAddress":"san antonio 4","postalCode":"33430","addressLocality":"Cand\u00e1s","addressRegion":"Asturias","addressCountry":"ES"}},{"@type":"Person","@id":"https:\/\/www.eldigitaldeasturias.com\/noticias\/author\/admin\/#author","url":"https:\/\/www.eldigitaldeasturias.com\/noticias\/author\/admin\/","name":"El Digital de Asturias","image":{"@type":"ImageObject","@id":"https:\/\/www.eldigitaldeasturias.com\/noticias\/calderon-debuta-con-una-dura-derrota-y-el-betis-se-hunde\/#authorImage","url":"https:\/\/secure.gravatar.com\/avatar\/df2aeffc32bcd13f8d26072ef8a91b623d677766deac7f97ca815868cd41bf5e?s=96&d=mm&r=g","width":96,"height":96,"caption":"El Digital de Asturias"}},{"@type":"WebPage","@id":"https:\/\/www.eldigitaldeasturias.com\/noticias\/calderon-debuta-con-una-dura-derrota-y-el-betis-se-hunde\/#webpage","url":"https:\/\/www.eldigitaldeasturias.com\/noticias\/calderon-debuta-con-una-dura-derrota-y-el-betis-se-hunde\/","name":"Calder\u00f3n debuta con una dura derrota y el Betis se hunde - El Digital de Asturias","description":"Vigo, 24 ene (EFE).- El Betis est\u00e1 un poco m\u00e1s cerca de Segunda Divisi\u00f3n despu\u00e9s de perder ante el Celta de Vigo (4-2) en el debut como t\u00e9cnico verdiblanco del argentino Gabriel Calder\u00f3n, a quien le queda mucho trabajo por delante para obrar el milagro de evitar el descenso del conjunto sevillano. Se hunden los","inLanguage":"es-ES","isPartOf":{"@id":"https:\/\/www.eldigitaldeasturias.com\/noticias\/#website"},"breadcrumb":{"@id":"https:\/\/www.eldigitaldeasturias.com\/noticias\/calderon-debuta-con-una-dura-derrota-y-el-betis-se-hunde\/#breadcrumblist"},"author":{"@id":"https:\/\/www.eldigitaldeasturias.com\/noticias\/author\/admin\/#author"},"creator":{"@id":"https:\/\/www.eldigitaldeasturias.com\/noticias\/author\/admin\/#author"},"image":{"@type":"ImageObject","url":"https:\/\/www.eldigitaldeasturias.com\/noticias\/wp-content\/uploads\/2026\/06\/Contenidos.jpg","@id":"https:\/\/www.eldigitaldeasturias.com\/noticias\/calderon-debuta-con-una-dura-derrota-y-el-betis-se-hunde\/#mainImage","width":1265,"height":697,"caption":"Contenidos"},"primaryImageOfPage":{"@id":"https:\/\/www.eldigitaldeasturias.com\/noticias\/calderon-debuta-con-una-dura-derrota-y-el-betis-se-hunde\/#mainImage"},"datePublished":"2014-01-25T07:22:18+01:00","dateModified":"2014-01-25T07:22:18+01:00"},{"@type":"WebSite","@id":"https:\/\/www.eldigitaldeasturias.com\/noticias\/#website","url":"https:\/\/www.eldigitaldeasturias.com\/noticias\/","name":"El Digital de Asturias - Diario de actualidad y noticias","alternateName":"El Digital de Asturias - Diario de actualidad y noticias","description":"Hemeroteca","inLanguage":"es-ES","publisher":{"@id":"https:\/\/www.eldigitaldeasturias.com\/noticias\/#organization"}}]},"og:locale":"es_ES","og:site_name":"El Digital de Asturias","og:type":"article","og:title":"Calder\u00f3n debuta con una dura derrota y el Betis se hunde - El Digital de Asturias","og:description":"Vigo, 24 ene (EFE).- El Betis est\u00e1 un poco m\u00e1s cerca de Segunda Divisi\u00f3n despu\u00e9s de perder ante el Celta de Vigo (4-2) en el debut como t\u00e9cnico verdiblanco del argentino Gabriel Calder\u00f3n, a quien le queda mucho trabajo por delante para obrar el milagro de evitar el descenso del conjunto sevillano. Se hunden los","og:url":"https:\/\/www.eldigitaldeasturias.com\/noticias\/calderon-debuta-con-una-dura-derrota-y-el-betis-se-hunde\/","og:image":"https:\/\/www.eldigitaldeasturias.com\/noticias\/wp-content\/uploads\/2026\/06\/Contenidos.jpg","og:image:secure_url":"https:\/\/www.eldigitaldeasturias.com\/noticias\/wp-content\/uploads\/2026\/06\/Contenidos.jpg","og:image:width":1265,"og:image:height":697,"article:tag":["actualidad"],"article:published_time":"2014-01-25T08:22:18+00:00","article:modified_time":"2014-01-25T08:22:18+00:00","article:publisher":"https:\/\/facebook.com\/eldigitaldeasturias","twitter:card":"summary_large_image","twitter:title":"Calder\u00f3n debuta con una dura derrota y el Betis se hunde - El Digital de Asturias","twitter:description":"Vigo, 24 ene (EFE).- El Betis est\u00e1 un poco m\u00e1s cerca de Segunda Divisi\u00f3n despu\u00e9s de perder ante el Celta de Vigo (4-2) en el debut como t\u00e9cnico verdiblanco del argentino Gabriel Calder\u00f3n, a quien le queda mucho trabajo por delante para obrar el milagro de evitar el descenso del conjunto sevillano. Se hunden los","twitter:image":"https:\/\/www.eldigitaldeasturias.com\/noticias\/wp-content\/uploads\/2026\/06\/Contenidos.jpg","twitter:label1":"Escrito por","twitter:data1":"El Digital de Asturias","twitter:label2":"Tiempo de lectura estimado","twitter:data2":"2 minutos"},"aioseo_meta_data":{"post_id":"478568","title":null,"description":null,"keywords":null,"keyphrases":null,"primary_term":null,"canonical_url":null,"og_title":null,"og_description":null,"og_object_type":"default","og_image_type":"default","og_image_url":null,"og_image_width":null,"og_image_height":null,"og_image_custom_url":null,"og_image_custom_fields":null,"og_video":null,"og_custom_url":null,"og_article_section":null,"og_article_tags":null,"twitter_use_og":true,"twitter_card":"default","twitter_image_type":"default","twitter_image_url":null,"twitter_image_custom_url":null,"twitter_image_custom_fields":null,"twitter_title":null,"twitter_description":null,"schema":{"blockGraphs":[],"customGraphs":[],"default":{"data":{"Article":[],"Course":[],"Dataset":[],"FAQPage":[],"Movie":[],"Person":[],"Product":[],"ProductReview":[],"Car":[],"Recipe":[],"Service":[],"SoftwareApplication":[],"WebPage":[]},"graphName":"","isEnabled":true},"graphs":[]},"schema_type":null,"schema_type_options":null,"pillar_content":false,"robots_default":true,"robots_noindex":false,"robots_noarchive":false,"robots_nosnippet":false,"robots_nofollow":false,"robots_noimageindex":false,"robots_noodp":false,"robots_notranslate":false,"robots_max_snippet":null,"robots_max_videopreview":null,"robots_max_imagepreview":"none","priority":null,"frequency":null,"local_seo":null,"seo_analyzer_scan_date":"2026-06-01 21:54:54","breadcrumb_settings":null,"limit_modified_date":false,"open_ai":null,"ai":null,"created":"2020-11-14 22:53:56","updated":"2026-06-01 21:54:54","focus_keyword":null,"additional_keywords":null,"truseo_locale":null},"aioseo_breadcrumb":"<div class=\"aioseo-breadcrumbs\"><span class=\"aioseo-breadcrumb\">\n\t<a href=\"https:\/\/www.eldigitaldeasturias.com\/noticias\" title=\"Home\">Home<\/a>\n<\/span><span class=\"aioseo-breadcrumb-separator\">\u2013<\/span><span class=\"aioseo-breadcrumb\">\n\t<a href=\"https:\/\/www.eldigitaldeasturias.com\/noticias\/category\/actualidad\/\" title=\"Actualidad\">Actualidad<\/a>\n<\/span><span class=\"aioseo-breadcrumb-separator\">\u2013<\/span><span class=\"aioseo-breadcrumb\">\n\t<a href=\"https:\/\/www.eldigitaldeasturias.com\/noticias\/calderon-debuta-con-una-dura-derrota-y-el-betis-se-hunde\/\" title=\"Calder\u00f3n debuta con una dura derrota y el Betis se hunde\">Calder\u00f3n debuta con una dura derrota y el Betis se hunde<\/a>\n<\/span><\/div>","aioseo_breadcrumb_json":[{"label":"Home","link":"https:\/\/www.eldigitaldeasturias.com\/noticias"},{"label":"Actualidad","link":"https:\/\/www.eldigitaldeasturias.com\/noticias\/category\/actualidad\/"},{"label":"Calder\u00f3n debuta con una dura derrota y el Betis se hunde","link":"https:\/\/www.eldigitaldeasturias.com\/noticias\/calderon-debuta-con-una-dura-derrota-y-el-betis-se-hunde\/"}],"_links":{"self":[{"href":"https:\/\/www.eldigitaldeasturias.com\/noticias\/wp-json\/wp\/v2\/posts\/478568","targetHints":{"allow":["GET"]}}],"collection":[{"href":"https:\/\/www.eldigitaldeasturias.com\/noticias\/wp-json\/wp\/v2\/posts"}],"about":[{"href":"https:\/\/www.eldigitaldeasturias.com\/noticias\/wp-json\/wp\/v2\/types\/post"}],"author":[{"embeddable":true,"href":"https:\/\/www.eldigitaldeasturias.com\/noticias\/wp-json\/wp\/v2\/users\/1"}],"replies":[{"embeddable":true,"href":"https:\/\/www.eldigitaldeasturias.com\/noticias\/wp-json\/wp\/v2\/comments?post=478568"}],"version-history":[{"count":0,"href":"https:\/\/www.eldigitaldeasturias.com\/noticias\/wp-json\/wp\/v2\/posts\/478568\/revisions"}],"wp:featuredmedia":[{"embeddable":true,"href":"https:\/\/www.eldigitaldeasturias.com\/noticias\/wp-json\/wp\/v2\/media\/1132184"}],"wp:attachment":[{"href":"https:\/\/www.eldigitaldeasturias.com\/noticias\/wp-json\/wp\/v2\/media?parent=478568"}],"wp:term":[{"taxonomy":"category","embeddable":true,"href":"https:\/\/www.eldigitaldeasturias.com\/noticias\/wp-json\/wp\/v2\/categories?post=478568"},{"taxonomy":"post_tag","embeddable":true,"href":"https:\/\/www.eldigitaldeasturias.com\/noticias\/wp-json\/wp\/v2\/tags?post=478568"}],"curies":[{"name":"wp","href":"https:\/\/api.w.org\/{rel}","templated":true}]}}